{"id":1267,"date":"2012-05-07T21:14:54","date_gmt":"2012-05-07T21:14:54","guid":{"rendered":"http:\/\/www.norn.is\/kyndillinn\/?p=1267"},"modified":"2017-09-11T11:25:22","modified_gmt":"2017-09-11T11:25:22","slug":"bara-sleppa-thvi-ad-ljuga-takk","status":"publish","type":"post","link":"https:\/\/www.norn.is\/kyndillinn\/bara-sleppa-thvi-ad-ljuga-takk\/","title":{"rendered":"Bara sleppa \u00fev\u00ed a\u00f0 lj\u00faga takk"},"content":{"rendered":"<p><a href=\"http:\/\/www.norn.is\/kyndillinn\/wp-content\/uploads\/sites\/5\/2012\/05\/maxresdefault-1.jpg\"><img loading=\"lazy\" decoding=\"async\" class=\"alignleft size-full wp-image-2493\" src=\"http:\/\/www.norn.is\/kyndillinn\/wp-content\/uploads\/sites\/5\/2012\/05\/maxresdefault-1.jpg\" alt=\"maxresdefault (1)\" width=\"1280\" height=\"720\" srcset=\"https:\/\/www.norn.is\/kyndillinn\/wp-content\/uploads\/sites\/5\/2012\/05\/maxresdefault-1.jpg 1280w, https:\/\/www.norn.is\/kyndillinn\/wp-content\/uploads\/sites\/5\/2012\/05\/maxresdefault-1-300x169.jpg 300w, https:\/\/www.norn.is\/kyndillinn\/wp-content\/uploads\/sites\/5\/2012\/05\/maxresdefault-1-768x432.jpg 768w, https:\/\/www.norn.is\/kyndillinn\/wp-content\/uploads\/sites\/5\/2012\/05\/maxresdefault-1-1024x576.jpg 1024w, https:\/\/www.norn.is\/kyndillinn\/wp-content\/uploads\/sites\/5\/2012\/05\/maxresdefault-1-500x281.jpg 500w\" sizes=\"auto, (max-width: 1280px) 100vw, 1280px\" \/><\/a><\/p>\n<p>Kap\u00edtalisminn laug a\u00f0 okkur. Hann sag\u00f0i okkur a\u00f0 vi\u00f0 yr\u00f0um hamingjus\u00f6m af \u00fev\u00ed a\u00f0 drekka s\u00e6ta gosdrykki og g\u00falla \u00ed okkur fitu og sykri \u00ed \u00f3t\u00e6pilegu magni. Vi\u00f0 ur\u00f0um ekki rassgat hamingjus\u00f6m en m\u00f6rg okkar ur\u00f0u hinsvegar feit.<!--more--><\/p>\n<p>\u00deegar vi\u00f0 f\u00f3rum a\u00f0 sj\u00e1 \u00ed gegnum lygina kom kap\u00edtalisminn aftur og laug a\u00f0 okkur. \u00cd \u00feetta sinn \u00ed gervi heilbrig\u00f0is- og hollustu. Sag\u00f0i okkur a\u00f0 me\u00f0 \u00fev\u00ed a\u00f0 bor\u00f0a megrunarkex og dietallskonar og l\u00e9ttallskonar \u00ed sta\u00f0 \u00feess sem vi\u00f0 vorum v\u00f6n, yr\u00f0um vi\u00f0 ekki bara hamingjus\u00f6m, heldur b\u00e6\u00f0i gr\u00f6nn og hamingjus\u00f6m. En vi\u00f0 ur\u00f0um ekkert s\u00e9rstaklega hamingjus\u00f6m og h\u00e9ldum \u00e1fram a\u00f0 fitna. A\u00f0 lokum f\u00f3r a\u00f0 renna upp fyrir sumum okkar a\u00f0 \u00fatliti\u00f0 \u00e1 umb\u00fa\u00f0unum stemmdi ekki vi\u00f0 innihaldi\u00f0 og megrunarkaramellurnar veittu ekkert meiri fyllingu en salat.<\/p>\n<p><a href=\"http:\/\/www.norn.is\/kyndillinn\/wp-content\/uploads\/sites\/5\/2012\/05\/9e53602b8ca9ecd954a84e811eeb6b98.jpg\"><img loading=\"lazy\" decoding=\"async\" class=\"alignleft wp-image-2495 size-medium\" src=\"http:\/\/www.norn.is\/kyndillinn\/wp-content\/uploads\/sites\/5\/2012\/05\/9e53602b8ca9ecd954a84e811eeb6b98-200x300.jpg\" alt=\"9e53602b8ca9ecd954a84e811eeb6b98\" width=\"200\" height=\"300\" srcset=\"https:\/\/www.norn.is\/kyndillinn\/wp-content\/uploads\/sites\/5\/2012\/05\/9e53602b8ca9ecd954a84e811eeb6b98-200x300.jpg 200w, https:\/\/www.norn.is\/kyndillinn\/wp-content\/uploads\/sites\/5\/2012\/05\/9e53602b8ca9ecd954a84e811eeb6b98.jpg 500w\" sizes=\"auto, (max-width: 200px) 100vw, 200px\" \/><\/a>Og enn kom kap\u00edtalisminn og laug a\u00f0 okkur. Hann reisti l\u00edkamsr\u00e6ktarst\u00f6\u00f0var og sag\u00f0i okkur a\u00f0 me\u00f0 \u00feeim myndum vi\u00f0 losna vi\u00f0 spiki\u00f0. Hann n\u00e1\u00f0i l\u00edka \u00feeim sem ekki voru me\u00f0 aukak\u00edl\u00f3 me\u00f0 sk\u00fdrum skilabo\u00f0um um a\u00f0 \u00fea\u00f0 v\u00e6ri ekki n\u00f3g a\u00f0 vera grannur, \u00f3\u00fej\u00e1lfa\u00f0ur l\u00edkami v\u00e6ri forlj\u00f3tur. Vi\u00f0 f\u00e9llum fyrir lyginni um t\u00f6fram\u00e1tt v\u00f6\u00f0var\u00e6ktar, sum okkar st\u00f3\u00f0u ekki \u00ed \u00feessu og h\u00e9ldu \u00e1fram a\u00f0 vera dinglandi \u00e1 sundf\u00f6tum, \u00f6nnur f\u00f3ru a\u00f0 keppa vi\u00f0 s\u00faperm\u00f3del sem allir vita a\u00f0 eru f\u00f3t\u00f3sjoppu\u00f0 \u00ed druslur en eins og ein vinkona m\u00edn or\u00f0a\u00f0i \u00fea\u00f0; hversvegna \u00e6tti \u00e9g a\u00f0 vilja l\u00edta \u00fat eins og e\u00f0lileg kona? Og \u00fatlitsi\u00f0na\u00f0urinn gekk lengra og lengra, vi\u00f0 eigum a\u00f0 \u00e9ta pr\u00f3teinduft og orkustangir, vi\u00f0 getum ekki lengur hreyft okkur \u00e1 r\u00e9ttan h\u00e1tt nema hafa einka\u00fej\u00e1lfara og svo eigum vi\u00f0 au\u00f0vita\u00f0 l\u00edka a\u00f0 vera s\u00f3lbr\u00fan allt \u00e1ri\u00f0 og me\u00f0 fullkomi\u00f0 h\u00e1r og f\u00f6r\u00f0un; eigum vi\u00f0 a\u00f0 tala um fegrunara\u00f0ger\u00f0ir?<\/p>\n<p>M\u00e9r finnst \u00feetta \u00f3ge\u00f0slegt alltsaman. Ekki af \u00fev\u00ed a\u00f0 \u00e9g geti ekki unnt f\u00f3lki \u00feess a\u00f0 bor\u00f0a hamborgara, \u00fea\u00f0 geri \u00e9g i\u00f0ulega sj\u00e1lf. Ekki vegna \u00feess a\u00f0 m\u00e9r finnist eitthva\u00f0 a\u00f0 \u00fev\u00ed a\u00f0 eltast vi\u00f0 svokalla\u00f0ar heilsuv\u00f6rur, skil \u00fea\u00f0 alveg. Og j\u00fa m\u00e9r finnst \u00f3h\u00f3fleg v\u00f6\u00f0vas\u00f6fnun \u00f3ge\u00f0sleg og l\u00edka fegrunara\u00f0ger\u00f0ir sem mi\u00f0a a\u00f0 \u00fev\u00ed a\u00f0 l\u00e1ta f\u00f3lk l\u00edta \u00fat fyrir a\u00f0 vera \u00far plasti, en gagnr\u00fdni m\u00edn sn\u00fdst ekki um \u00fea\u00f0. F\u00f3lk m\u00e1 m\u00ednvegna safna v\u00f6\u00f0vum og grilla \u00e1 s\u00e9r h\u00fa\u00f0ina \u00fear til \u00fea\u00f0 l\u00edtur \u00fat eins og gamalt le\u00f0urs\u00f3fasett, l\u00e1ta skera sig \u00ed r\u00e6mur, fjarl\u00e6gja rifbein og l\u00e1ta fylla skrokkinn \u00e1 s\u00e9r af silikoni. En \u00fea\u00f0 sem \u00e9g \u00feoli ekki eru lygarnar \u00e1 bak vi\u00f0 \u00feetta allt. Lygin um a\u00f0 tilteki\u00f0 morgunkorn geri mann grannan, a\u00f0 enginn vilji manneskju me\u00f0 maga sem stendur fram fyrir belti\u00f0 og a\u00f0 l\u00fdtaa\u00f0ger\u00f0ir s\u00e9u n\u00e6sta \u00e1h\u00e6ttulausar. Einkum fer \u00fea\u00f0 fyrir brj\u00f3sti\u00f0 \u00e1 m\u00e9r \u00feegar lygin er dressu\u00f0 upp sem v\u00edsindi, hvort sem \u00fea\u00f0 er bull um a\u00f0 kart\u00f6flur s\u00e9u jafn \u00f3hollar og \u00e1fengi e\u00f0a a\u00f0 pillur s\u00e9u g\u00f3\u00f0 lei\u00f0 til a\u00f0 grennast.<\/p>\n<p>\u00c1 sama h\u00e1tt finnst m\u00e9r \u00fea\u00f0 beinl\u00ednis \u00f3ge\u00f0slegt \u00feegar einhverjir feitabollufeministar bj\u00f3\u00f0a upp \u00e1 enn eina lygina um matar\u00e6\u00f0i og holdafar, nefnilega \u00fe\u00e1 a\u00f0 offita s\u00e9 ekki heilbrig\u00f0isvandam\u00e1l. Ekki n\u00f3g me\u00f0 \u00fea\u00f0 heldur tala menn jafnvel um megrun eins og\u00a0<a href=\"http:\/\/www.knuz.is\/2012\/05\/hungurleikarnir.html\">hungur af v\u00f6ldum megrunar<\/a>\u00a0s\u00e9 v\u00ed\u00f0t\u00e6kt vandam\u00e1l \u00ed vestr\u00e6nu samf\u00e9lagi. Jafnvel \u00ed \u00edslensku samf\u00e9lagi \u00fear sem\u00a0<a href=\"http:\/\/www.laeknabladid.is\/tolublod\/2011\/02\/nr\/4100\">meira en 20% barna eru ofalin<\/a>\u00a0og\u00a0<a href=\"http:\/\/www.visir.is\/niu-daudsfoll-vegna-offitu-a-islandi\/article\/2011711149960\">f\u00f3lk deyr \u00e1rlega af v\u00f6ldum offitu<\/a>. Vi\u00f0 erum a\u00f0 tala um n\u00e6stfeitustu \u00fej\u00f3\u00f0 \u00ed heimi og skilabo\u00f0in eru \u00feau a\u00f0 vi\u00f0 eigum bara a\u00f0 h\u00e6tta a\u00f0 l\u00edta \u00e1 \u00fea\u00f0 sem vandam\u00e1l. Finnst ykkur \u00feetta \u00ed lagi?<\/p>\n<p><img loading=\"lazy\" decoding=\"async\" class=\"alignleft size-full wp-image-1269\" src=\"http:\/\/www.norn.is\/kyndillinn\/wp-content\/uploads\/sites\/5\/2014\/08\/feitur-drengur.jpg\" alt=\"feitur-drengur\" width=\"240\" height=\"160\" \/>\u00dear sem enginn \u00cdslendingur hefur m\u00f3tm\u00e6lt forr\u00e6\u00f0ishyggju f\u00f3rnarlambsfeminsta jafn \u00f6tullega og \u00e9g, hl\u00fdt \u00e9g a\u00f0 reikna me\u00f0 a\u00f0\u00a0<a href=\"http:\/\/www.knuz.is\/2012\/05\/kjarni-umrunnar.html\">\u00feessar dylgjur<\/a>\u00a0s\u00e9u m\u00e9r \u00e6tla\u00f0ar. H\u00e9r er veri\u00f0 a\u00f0 gera m\u00e9r upp sko\u00f0anir me\u00f0 \u00fat\u00farsn\u00faningum sem eru einkennandi fyrir alla r\u00f6kvillinga, ekki s\u00edst \u00ed h\u00f3pi feminista. \u00de\u00e1 sko\u00f0un a\u00f0 \u00e1st\u00e6\u00f0an fyrir \u00fev\u00ed a\u00f0 \u00e9g set spurningamerki vi\u00f0 feitabollufeminismann s\u00e9 s\u00fa a\u00f0 feitar konur s\u00e9u svo \u00f3ge\u00f0slegar. Vissulega finnst m\u00e9r yfirdrifin offita \u00f3ge\u00f0sleg. M\u00e9r finnst \u00f3ge\u00f0slegt a\u00f0 sj\u00e1 samf\u00e9lag sem b\u00fdr vi\u00f0 g\u00f3\u00f0a menntun og almenna velmegun fara svona me\u00f0 b\u00f6rn.<\/p>\n<p><img loading=\"lazy\" decoding=\"async\" class=\"size-full wp-image-555 aligncenter\" src=\"http:\/\/www.norn.is\/kyndillinn\/wp-content\/uploads\/sites\/5\/2014\/08\/111327NV5C0d7T.jpg\" alt=\"111327NV5C0d7T\" width=\"326\" height=\"303\" srcset=\"https:\/\/www.norn.is\/kyndillinn\/wp-content\/uploads\/sites\/5\/2014\/08\/111327NV5C0d7T.jpg 326w, https:\/\/www.norn.is\/kyndillinn\/wp-content\/uploads\/sites\/5\/2014\/08\/111327NV5C0d7T-300x278.jpg 300w\" sizes=\"auto, (max-width: 326px) 100vw, 326px\" \/><\/p>\n<p style=\"text-align: center;\"><strong>M\u00e9r finnst \u00feetta &#8230; \u00a0<\/strong><\/p>\n<p style=\"text-align: center;\"><strong><a href=\"http:\/\/www.norn.is\/kyndillinn\/wp-content\/uploads\/sites\/5\/2014\/08\/Screenshot-from-2014-08-25-223156.png\"><img loading=\"lazy\" decoding=\"async\" class=\"aligncenter wp-image-1273\" src=\"http:\/\/www.norn.is\/kyndillinn\/wp-content\/uploads\/sites\/5\/2014\/08\/Screenshot-from-2014-08-25-223156.png\" alt=\"Screenshot from 2014-08-25 22:31:56\" width=\"700\" height=\"305\" srcset=\"https:\/\/www.norn.is\/kyndillinn\/wp-content\/uploads\/sites\/5\/2014\/08\/Screenshot-from-2014-08-25-223156.png 748w, https:\/\/www.norn.is\/kyndillinn\/wp-content\/uploads\/sites\/5\/2014\/08\/Screenshot-from-2014-08-25-223156-300x130.png 300w\" sizes=\"auto, (max-width: 700px) 100vw, 700px\" \/><\/a><\/strong><\/p>\n<p>En eins og allir sem hafa lesi\u00f0 m\u00edn skrif um \u00feessi m\u00e1l vita \u00fe\u00e1 sn\u00fdst gagnr\u00fdni m\u00edn ekki um \u00f3ge\u00f0sleik offitu. \u00a0F\u00f3lk m\u00e1 m\u00edn vegna vera eins \u00f3ge\u00f0slegt og \u00fea\u00f0 bara vill. Og nei, \u00e9g \u00e6tla ekki a\u00f0 segja or\u00f0 um kostna\u00f0 samf\u00e9lagsins, \u00fea\u00f0 samf\u00e9lag sem hefur efni \u00e1 \u00fev\u00ed a\u00f0 leyfa matv\u00e6lai\u00f0na\u00f0inum, heilsui\u00f0na\u00f0inum og \u00fatlitsi\u00f0na\u00f0inum a\u00f0 lj\u00faga a\u00f0 okkur, getur bara drullast til a\u00f0 \u00fatvega feita f\u00f3lkinu hj\u00e1lpart\u00e6ki, l\u00e6knisa\u00f0sto\u00f0, \u00f6rorkub\u00e6tur og heimahj\u00fakrun, \u00feegar aflei\u00f0ingarnar koma \u00ed lj\u00f3s. \u00c9g er hinsvegar ekki til \u00ed a\u00f0 l\u00e1ta lj\u00faga \u00fev\u00ed a\u00f0 m\u00e9r og \u00f6\u00f0rum a\u00f0 \u00fea\u00f0 hafi engar aflei\u00f0ingar a\u00f0 fitna \u00far h\u00f3fi, a\u00f0 engin tengsl s\u00e9u milli ofeldis og heilsu e\u00f0a a\u00f0 spiks\u00f6fnun s\u00e9 einfaldlega \u00f3vi\u00f0r\u00e1\u00f0anleg. \u00deegar sl\u00edkum yfirl\u00fdsingum er haldi\u00f0 \u00e1 lofti \u00ed nafni v\u00edsinda, og \u00fea\u00f0 er einmitt \u00fea\u00f0 sem fat acceptance hreyfingin \u00ed Bandar\u00edkjunum og Bretlandi gerir, \u00fe\u00e1 er \u00fea\u00f0 ekkert sk\u00e1rra en lygar \u00feeirra sem blekkja okkur til a\u00f0 kaupa orkur\u00edkan mat undir merkjum hollustu. A\u00f0 halda \u00fev\u00ed svo \u00ed \u00feokkab\u00f3t \u00e1 lofti a\u00f0 einhver s\u00e9rst\u00f6k fegur\u00f0 s\u00e9 f\u00f3lgin \u00ed sj\u00fakleikanum, er ekki sk\u00f6mminni sk\u00e1rra en a\u00f0 halda a\u00f0 okkur \u00feeim vi\u00f0horfum a\u00f0 tiltekin f\u00e6\u00f0a geri okkur vins\u00e6l e\u00f0a a\u00f0 vi\u00f0 \u00feurfum a\u00f0 misbj\u00f3\u00f0a l\u00edkamanum til a\u00f0 standa undir \u00f3raunh\u00e6fum \u00fatliskr\u00f6fum.<\/p>\n<p>Svo k\u00e6ru feminstar og anna\u00f0 l\u00edkamsvir\u00f0ingarf\u00f3lk; hiki\u00f0 ekki vi\u00f0 a\u00f0 fitna ef \u00fea\u00f0 er \u00fea\u00f0 sem \u00fei\u00f0 vilji\u00f0. Sleppi\u00f0 \u00fev\u00ed bara vinsamlegast a\u00f0 lj\u00faga upp einhverjum v\u00edsindum til a\u00f0 r\u00e9ttl\u00e6ta \u00fea\u00f0, \u00fei\u00f0 \u00feurfi\u00f0 \u00feess ekki \u00fev\u00ed allir eiga r\u00e9tt \u00e1 \u00fev\u00ed a\u00f0 vera eins feitir og \u00feeim bara s\u00fdnist. Reyndar er spurning hvort f\u00f3lk \u00e1 r\u00e9tt \u00e1 a\u00f0 fita b\u00f6rnin s\u00edn en \u00fea\u00f0 er n\u00fa efni \u00ed annan pistil.<\/p>\n<p>Svo j\u00e1, \u00fea\u00f0 er n\u00fa bara \u00fea\u00f0 sem \u00e9g meina me\u00f0 \u00feessu; \u00e9g er ekki til \u00ed a\u00f0 l\u00e1ta kap\u00edtalismann lj\u00faga a\u00f0 m\u00e9r, \u00e9g er ekki til \u00ed a\u00f0 l\u00e1ta feitabollufeminismann gera \u00fea\u00f0 heldur.<\/p>\n","protected":false},"excerpt":{"rendered":"<p>Kap\u00edtalisminn laug a\u00f0 okkur. Hann sag\u00f0i okkur a\u00f0 vi\u00f0 yr\u00f0um hamingjus\u00f6m af \u00fev\u00ed a\u00f0 drekka s\u00e6ta gosdrykki og g\u00falla \u00ed okkur fitu og sykri \u00ed \u00f3t\u00e6pilegu magni. Vi\u00f0 ur\u00f0um ekki rassgat hamingjus\u00f6m en m\u00f6rg okkar ur\u00f0u hinsvegar feit.<\/p>\n","protected":false},"author":2,"featured_media":1268,"comment_status":"closed","ping_status":"closed","sticky":false,"template":"","format":"standard","meta":{"footnotes":""},"categories":[1],"tags":[320,134,89,321],"class_list":["post-1267","post","type-post","status-publish","format-standard","has-post-thumbnail","hentry","category-kyndillinn","tag-born","tag-feitabollufeminismi","tag-knuz-is","tag-likamsvirding"],"yoast_head":"<!-- This site is optimized with the Yoast SEO plugin v27.5 - https:\/\/yoast.com\/product\/yoast-seo-wordpress\/ -->\n<title>Bara sleppa \u00fev\u00ed a\u00f0 lj\u00faga takk - Kyndillinn<\/title>\n<meta name=\"robots\" content=\"index, follow, max-snippet:-1, max-image-preview:large, max-video-preview:-1\" \/>\n<link rel=\"canonical\" href=\"https:\/\/www.norn.is\/kyndillinn\/bara-sleppa-thvi-ad-ljuga-takk\/\" \/>\n<meta property=\"og:locale\" content=\"is_IS\" \/>\n<meta property=\"og:type\" content=\"article\" \/>\n<meta property=\"og:title\" content=\"Bara sleppa \u00fev\u00ed a\u00f0 lj\u00faga takk - Kyndillinn\" \/>\n<meta property=\"og:description\" content=\"Kap\u00edtalisminn laug a\u00f0 okkur. Hann sag\u00f0i okkur a\u00f0 vi\u00f0 yr\u00f0um hamingjus\u00f6m af \u00fev\u00ed a\u00f0 drekka s\u00e6ta gosdrykki og g\u00falla \u00ed okkur fitu og sykri \u00ed \u00f3t\u00e6pilegu magni. Vi\u00f0 ur\u00f0um ekki rassgat hamingjus\u00f6m en m\u00f6rg okkar ur\u00f0u hinsvegar feit.\" \/>\n<meta property=\"og:url\" content=\"https:\/\/www.norn.is\/kyndillinn\/bara-sleppa-thvi-ad-ljuga-takk\/\" \/>\n<meta property=\"og:site_name\" content=\"Kyndillinn\" \/>\n<meta property=\"article:published_time\" content=\"2012-05-07T21:14:54+00:00\" \/>\n<meta property=\"article:modified_time\" content=\"2017-09-11T11:25:22+00:00\" \/>\n<meta property=\"og:image\" content=\"https:\/\/www.norn.is\/kyndillinn\/wp-content\/uploads\/sites\/5\/2014\/08\/anorexia.jpg\" \/>\n\t<meta property=\"og:image:width\" content=\"243\" \/>\n\t<meta property=\"og:image:height\" content=\"207\" \/>\n\t<meta property=\"og:image:type\" content=\"image\/jpeg\" \/>\n<meta name=\"author\" content=\"Eva Hauksd\u00f3ttir\" \/>\n<meta name=\"twitter:card\" content=\"summary_large_image\" \/>\n<meta name=\"twitter:label1\" content=\"Written by\" \/>\n\t<meta name=\"twitter:data1\" content=\"\" \/>\n\t<meta name=\"twitter:label2\" content=\"Est. reading time\" \/>\n\t<meta name=\"twitter:data2\" content=\"6 minutes\" \/>\n<script type=\"application\/ld+json\" class=\"yoast-schema-graph\">{\"@context\":\"https:\\\/\\\/schema.org\",\"@graph\":[{\"@type\":\"Article\",\"@id\":\"https:\\\/\\\/www.norn.is\\\/kyndillinn\\\/bara-sleppa-thvi-ad-ljuga-takk\\\/#article\",\"isPartOf\":{\"@id\":\"https:\\\/\\\/www.norn.is\\\/kyndillinn\\\/bara-sleppa-thvi-ad-ljuga-takk\\\/\"},\"author\":{\"name\":\"Eva Hauksd\u00f3ttir\",\"@id\":\"https:\\\/\\\/www.norn.is\\\/kyndillinn\\\/#\\\/schema\\\/person\\\/2eb0fcae9e1ecc61987f7ed9c878531c\"},\"headline\":\"Bara sleppa \u00fev\u00ed a\u00f0 lj\u00faga takk\",\"datePublished\":\"2012-05-07T21:14:54+00:00\",\"dateModified\":\"2017-09-11T11:25:22+00:00\",\"mainEntityOfPage\":{\"@id\":\"https:\\\/\\\/www.norn.is\\\/kyndillinn\\\/bara-sleppa-thvi-ad-ljuga-takk\\\/\"},\"wordCount\":1174,\"image\":{\"@id\":\"https:\\\/\\\/www.norn.is\\\/kyndillinn\\\/bara-sleppa-thvi-ad-ljuga-takk\\\/#primaryimage\"},\"thumbnailUrl\":\"https:\\\/\\\/www.norn.is\\\/kyndillinn\\\/wp-content\\\/uploads\\\/sites\\\/5\\\/2014\\\/08\\\/anorexia.jpg\",\"keywords\":[\"B\u00f6rn\",\"Feitabollufem\u00ednismi\",\"Knuz.is\",\"L\u00edkamsvir\u00f0ing\"],\"articleSection\":[\"Kyndillinn\"],\"inLanguage\":\"is\"},{\"@type\":\"WebPage\",\"@id\":\"https:\\\/\\\/www.norn.is\\\/kyndillinn\\\/bara-sleppa-thvi-ad-ljuga-takk\\\/\",\"url\":\"https:\\\/\\\/www.norn.is\\\/kyndillinn\\\/bara-sleppa-thvi-ad-ljuga-takk\\\/\",\"name\":\"Bara sleppa \u00fev\u00ed a\u00f0 lj\u00faga takk - Kyndillinn\",\"isPartOf\":{\"@id\":\"https:\\\/\\\/www.norn.is\\\/kyndillinn\\\/#website\"},\"primaryImageOfPage\":{\"@id\":\"https:\\\/\\\/www.norn.is\\\/kyndillinn\\\/bara-sleppa-thvi-ad-ljuga-takk\\\/#primaryimage\"},\"image\":{\"@id\":\"https:\\\/\\\/www.norn.is\\\/kyndillinn\\\/bara-sleppa-thvi-ad-ljuga-takk\\\/#primaryimage\"},\"thumbnailUrl\":\"https:\\\/\\\/www.norn.is\\\/kyndillinn\\\/wp-content\\\/uploads\\\/sites\\\/5\\\/2014\\\/08\\\/anorexia.jpg\",\"datePublished\":\"2012-05-07T21:14:54+00:00\",\"dateModified\":\"2017-09-11T11:25:22+00:00\",\"author\":{\"@id\":\"https:\\\/\\\/www.norn.is\\\/kyndillinn\\\/#\\\/schema\\\/person\\\/2eb0fcae9e1ecc61987f7ed9c878531c\"},\"breadcrumb\":{\"@id\":\"https:\\\/\\\/www.norn.is\\\/kyndillinn\\\/bara-sleppa-thvi-ad-ljuga-takk\\\/#breadcrumb\"},\"inLanguage\":\"is\",\"potentialAction\":[{\"@type\":\"ReadAction\",\"target\":[\"https:\\\/\\\/www.norn.is\\\/kyndillinn\\\/bara-sleppa-thvi-ad-ljuga-takk\\\/\"]}]},{\"@type\":\"ImageObject\",\"inLanguage\":\"is\",\"@id\":\"https:\\\/\\\/www.norn.is\\\/kyndillinn\\\/bara-sleppa-thvi-ad-ljuga-takk\\\/#primaryimage\",\"url\":\"https:\\\/\\\/www.norn.is\\\/kyndillinn\\\/wp-content\\\/uploads\\\/sites\\\/5\\\/2014\\\/08\\\/anorexia.jpg\",\"contentUrl\":\"https:\\\/\\\/www.norn.is\\\/kyndillinn\\\/wp-content\\\/uploads\\\/sites\\\/5\\\/2014\\\/08\\\/anorexia.jpg\",\"width\":243,\"height\":207},{\"@type\":\"BreadcrumbList\",\"@id\":\"https:\\\/\\\/www.norn.is\\\/kyndillinn\\\/bara-sleppa-thvi-ad-ljuga-takk\\\/#breadcrumb\",\"itemListElement\":[{\"@type\":\"ListItem\",\"position\":1,\"name\":\"Home\",\"item\":\"https:\\\/\\\/www.norn.is\\\/kyndillinn\\\/\"},{\"@type\":\"ListItem\",\"position\":2,\"name\":\"Bara sleppa \u00fev\u00ed a\u00f0 lj\u00faga takk\"}]},{\"@type\":\"WebSite\",\"@id\":\"https:\\\/\\\/www.norn.is\\\/kyndillinn\\\/#website\",\"url\":\"https:\\\/\\\/www.norn.is\\\/kyndillinn\\\/\",\"name\":\"Kyndillinn\",\"description\":\"Eva um kyn og kl\u00e1m\",\"potentialAction\":[{\"@type\":\"SearchAction\",\"target\":{\"@type\":\"EntryPoint\",\"urlTemplate\":\"https:\\\/\\\/www.norn.is\\\/kyndillinn\\\/?s={search_term_string}\"},\"query-input\":{\"@type\":\"PropertyValueSpecification\",\"valueRequired\":true,\"valueName\":\"search_term_string\"}}],\"inLanguage\":\"is\"},{\"@type\":\"Person\",\"@id\":\"https:\\\/\\\/www.norn.is\\\/kyndillinn\\\/#\\\/schema\\\/person\\\/2eb0fcae9e1ecc61987f7ed9c878531c\",\"name\":\"Eva Hauksd\u00f3ttir\",\"sameAs\":[\"http:\\\/\\\/www.norn.is\"],\"url\":\"https:\\\/\\\/www.norn.is\\\/kyndillinn\\\/author\\\/eva\\\/\"}]}<\/script>\n<!-- \/ Yoast SEO plugin. -->","yoast_head_json":{"title":"Bara sleppa \u00fev\u00ed a\u00f0 lj\u00faga takk - Kyndillinn","robots":{"index":"index","follow":"follow","max-snippet":"max-snippet:-1","max-image-preview":"max-image-preview:large","max-video-preview":"max-video-preview:-1"},"canonical":"https:\/\/www.norn.is\/kyndillinn\/bara-sleppa-thvi-ad-ljuga-takk\/","og_locale":"is_IS","og_type":"article","og_title":"Bara sleppa \u00fev\u00ed a\u00f0 lj\u00faga takk - Kyndillinn","og_description":"Kap\u00edtalisminn laug a\u00f0 okkur. Hann sag\u00f0i okkur a\u00f0 vi\u00f0 yr\u00f0um hamingjus\u00f6m af \u00fev\u00ed a\u00f0 drekka s\u00e6ta gosdrykki og g\u00falla \u00ed okkur fitu og sykri \u00ed \u00f3t\u00e6pilegu magni. Vi\u00f0 ur\u00f0um ekki rassgat hamingjus\u00f6m en m\u00f6rg okkar ur\u00f0u hinsvegar feit.","og_url":"https:\/\/www.norn.is\/kyndillinn\/bara-sleppa-thvi-ad-ljuga-takk\/","og_site_name":"Kyndillinn","article_published_time":"2012-05-07T21:14:54+00:00","article_modified_time":"2017-09-11T11:25:22+00:00","og_image":[{"width":243,"height":207,"url":"https:\/\/www.norn.is\/kyndillinn\/wp-content\/uploads\/sites\/5\/2014\/08\/anorexia.jpg","type":"image\/jpeg"}],"author":"Eva Hauksd\u00f3ttir","twitter_card":"summary_large_image","twitter_misc":{"Written by":false,"Est. reading time":"6 minutes"},"schema":{"@context":"https:\/\/schema.org","@graph":[{"@type":"Article","@id":"https:\/\/www.norn.is\/kyndillinn\/bara-sleppa-thvi-ad-ljuga-takk\/#article","isPartOf":{"@id":"https:\/\/www.norn.is\/kyndillinn\/bara-sleppa-thvi-ad-ljuga-takk\/"},"author":{"name":"Eva Hauksd\u00f3ttir","@id":"https:\/\/www.norn.is\/kyndillinn\/#\/schema\/person\/2eb0fcae9e1ecc61987f7ed9c878531c"},"headline":"Bara sleppa \u00fev\u00ed a\u00f0 lj\u00faga takk","datePublished":"2012-05-07T21:14:54+00:00","dateModified":"2017-09-11T11:25:22+00:00","mainEntityOfPage":{"@id":"https:\/\/www.norn.is\/kyndillinn\/bara-sleppa-thvi-ad-ljuga-takk\/"},"wordCount":1174,"image":{"@id":"https:\/\/www.norn.is\/kyndillinn\/bara-sleppa-thvi-ad-ljuga-takk\/#primaryimage"},"thumbnailUrl":"https:\/\/www.norn.is\/kyndillinn\/wp-content\/uploads\/sites\/5\/2014\/08\/anorexia.jpg","keywords":["B\u00f6rn","Feitabollufem\u00ednismi","Knuz.is","L\u00edkamsvir\u00f0ing"],"articleSection":["Kyndillinn"],"inLanguage":"is"},{"@type":"WebPage","@id":"https:\/\/www.norn.is\/kyndillinn\/bara-sleppa-thvi-ad-ljuga-takk\/","url":"https:\/\/www.norn.is\/kyndillinn\/bara-sleppa-thvi-ad-ljuga-takk\/","name":"Bara sleppa \u00fev\u00ed a\u00f0 lj\u00faga takk - Kyndillinn","isPartOf":{"@id":"https:\/\/www.norn.is\/kyndillinn\/#website"},"primaryImageOfPage":{"@id":"https:\/\/www.norn.is\/kyndillinn\/bara-sleppa-thvi-ad-ljuga-takk\/#primaryimage"},"image":{"@id":"https:\/\/www.norn.is\/kyndillinn\/bara-sleppa-thvi-ad-ljuga-takk\/#primaryimage"},"thumbnailUrl":"https:\/\/www.norn.is\/kyndillinn\/wp-content\/uploads\/sites\/5\/2014\/08\/anorexia.jpg","datePublished":"2012-05-07T21:14:54+00:00","dateModified":"2017-09-11T11:25:22+00:00","author":{"@id":"https:\/\/www.norn.is\/kyndillinn\/#\/schema\/person\/2eb0fcae9e1ecc61987f7ed9c878531c"},"breadcrumb":{"@id":"https:\/\/www.norn.is\/kyndillinn\/bara-sleppa-thvi-ad-ljuga-takk\/#breadcrumb"},"inLanguage":"is","potentialAction":[{"@type":"ReadAction","target":["https:\/\/www.norn.is\/kyndillinn\/bara-sleppa-thvi-ad-ljuga-takk\/"]}]},{"@type":"ImageObject","inLanguage":"is","@id":"https:\/\/www.norn.is\/kyndillinn\/bara-sleppa-thvi-ad-ljuga-takk\/#primaryimage","url":"https:\/\/www.norn.is\/kyndillinn\/wp-content\/uploads\/sites\/5\/2014\/08\/anorexia.jpg","contentUrl":"https:\/\/www.norn.is\/kyndillinn\/wp-content\/uploads\/sites\/5\/2014\/08\/anorexia.jpg","width":243,"height":207},{"@type":"BreadcrumbList","@id":"https:\/\/www.norn.is\/kyndillinn\/bara-sleppa-thvi-ad-ljuga-takk\/#breadcrumb","itemListElement":[{"@type":"ListItem","position":1,"name":"Home","item":"https:\/\/www.norn.is\/kyndillinn\/"},{"@type":"ListItem","position":2,"name":"Bara sleppa \u00fev\u00ed a\u00f0 lj\u00faga takk"}]},{"@type":"WebSite","@id":"https:\/\/www.norn.is\/kyndillinn\/#website","url":"https:\/\/www.norn.is\/kyndillinn\/","name":"Kyndillinn","description":"Eva um kyn og kl\u00e1m","potentialAction":[{"@type":"SearchAction","target":{"@type":"EntryPoint","urlTemplate":"https:\/\/www.norn.is\/kyndillinn\/?s={search_term_string}"},"query-input":{"@type":"PropertyValueSpecification","valueRequired":true,"valueName":"search_term_string"}}],"inLanguage":"is"},{"@type":"Person","@id":"https:\/\/www.norn.is\/kyndillinn\/#\/schema\/person\/2eb0fcae9e1ecc61987f7ed9c878531c","name":"Eva Hauksd\u00f3ttir","sameAs":["http:\/\/www.norn.is"],"url":"https:\/\/www.norn.is\/kyndillinn\/author\/eva\/"}]}},"_links":{"self":[{"href":"https:\/\/www.norn.is\/kyndillinn\/wp-json\/wp\/v2\/posts\/1267","targetHints":{"allow":["GET"]}}],"collection":[{"href":"https:\/\/www.norn.is\/kyndillinn\/wp-json\/wp\/v2\/posts"}],"about":[{"href":"https:\/\/www.norn.is\/kyndillinn\/wp-json\/wp\/v2\/types\/post"}],"author":[{"embeddable":true,"href":"https:\/\/www.norn.is\/kyndillinn\/wp-json\/wp\/v2\/users\/2"}],"replies":[{"embeddable":true,"href":"https:\/\/www.norn.is\/kyndillinn\/wp-json\/wp\/v2\/comments?post=1267"}],"version-history":[{"count":5,"href":"https:\/\/www.norn.is\/kyndillinn\/wp-json\/wp\/v2\/posts\/1267\/revisions"}],"predecessor-version":[{"id":2496,"href":"https:\/\/www.norn.is\/kyndillinn\/wp-json\/wp\/v2\/posts\/1267\/revisions\/2496"}],"wp:featuredmedia":[{"embeddable":true,"href":"https:\/\/www.norn.is\/kyndillinn\/wp-json\/wp\/v2\/media\/1268"}],"wp:attachment":[{"href":"https:\/\/www.norn.is\/kyndillinn\/wp-json\/wp\/v2\/media?parent=1267"}],"wp:term":[{"taxonomy":"category","embeddable":true,"href":"https:\/\/www.norn.is\/kyndillinn\/wp-json\/wp\/v2\/categories?post=1267"},{"taxonomy":"post_tag","embeddable":true,"href":"https:\/\/www.norn.is\/kyndillinn\/wp-json\/wp\/v2\/tags?post=1267"}],"curies":[{"name":"wp","href":"https:\/\/api.w.org\/{rel}","templated":true}]}}