{"id":1234,"date":"2013-08-13T16:41:24","date_gmt":"2013-08-13T16:41:24","guid":{"rendered":"http:\/\/www.norn.is\/kyndillinn\/?p=1234"},"modified":"2018-08-25T10:12:16","modified_gmt":"2018-08-25T10:12:16","slug":"25-feminismi-einkennist-af-politiskum-retttrunadi","status":"publish","type":"post","link":"https:\/\/www.norn.is\/kyndillinn\/25-feminismi-einkennist-af-politiskum-retttrunadi\/","title":{"rendered":"25. Fem\u00ednismi einkennist af p\u00f3lit\u00edskum r\u00e9tttr\u00fana\u00f0i"},"content":{"rendered":"<p style=\"color: #222222;\"><a href=\"http:\/\/www.norn.is\/kyndillinn\/wp-content\/uploads\/sites\/5\/2014\/08\/211.jpg\"><img loading=\"lazy\" decoding=\"async\" class=\"aligncenter size-full wp-image-1221\" src=\"http:\/\/www.norn.is\/kyndillinn\/wp-content\/uploads\/sites\/5\/2014\/08\/211.jpg\" alt=\"25\" width=\"799\" height=\"388\" srcset=\"https:\/\/www.norn.is\/kyndillinn\/wp-content\/uploads\/sites\/5\/2014\/08\/211.jpg 799w, https:\/\/www.norn.is\/kyndillinn\/wp-content\/uploads\/sites\/5\/2014\/08\/211-300x145.jpg 300w\" sizes=\"auto, (max-width: 799px) 100vw, 799px\" \/><\/a><!--more-->Feminismi einkennist af\u00a0<a href=\"http:\/\/www.norn.is\/pistlar\/hvad-er-politiskur-retttrunadur\/\">p\u00f3lit\u00edskum r\u00e9tttr\u00fana\u00f0i<\/a>.\u00a0 \u00cd skj\u00f3li kennivalds s\u00edns s\u00fdna fem\u00ednistahreyfingar og einstaklingar sem tj\u00e1 sig undir merkjum feminsta oft\u00a0<a style=\"font-weight: inherit; font-style: inherit; color: #222222;\" href=\"http:\/\/blog.pressan.is\/evahauks\/2013\/01\/08\/nokkur-daemi-um-ofstaeki-feminista\/\">ofstopafull vi\u00f0br\u00f6g\u00f0<\/a>\u00a0af litlu tilefni.<\/p>\n<p style=\"color: #222222;\">P\u00f3lt\u00edskur r\u00e9tttr\u00fana\u00f0ur f\u00e6r g\u00f3\u00f0ar manneskjur til a\u00f0 gera illa hluti og f\u00f3lk sem stj\u00f3rnast af p\u00f3lit\u00edskri r\u00e9tthugsun er st\u00f3rh\u00e6ttulegt. \u00dea\u00f0 telur sko\u00f0anir s\u00ednar heilagar og v\u00edlar \u00feessvegna hvorki fyrir s\u00e9r a\u00f0 taka \u00fe\u00e1tt \u00ed\u00a0<a href=\"http:\/\/www.norn.is\/kyndillinn\/andfeminismi-og-nafnbirtingar\/\">mannor\u00f0smor\u00f0um<\/a>\u00a0e\u00f0a sty\u00f0ja fas\u00edskar hugmyndir. Hj\u00e1 feministum kemur p\u00f3lit\u00edskur r\u00e9tttr\u00fana\u00f0ur ekki s\u00edst fram \u00ed \u00feeirri hugmynd a\u00f0 \u00feegar kona ber sakir um ofbeldi \u00e1 karlmann eigi samf\u00e9lagi\u00f0 skilyr\u00f0islaust a\u00f0 standa me\u00f0 meintu f\u00f3rnarlambi, einnig \u00feegar frambur\u00f0ur konunnar er mj\u00f6g \u00f3tr\u00faver\u00f0ugur og engin \u00f6nnur g\u00f6gn sty\u00f0ja s\u00f6gu hennar heldur.<\/p>\n<p style=\"color: #222222;\">P\u00f3lit\u00edskur r\u00e9tttr\u00fana\u00f0ur ver\u00f0ur einnig til \u00feess a\u00f0 \u00e1kvar\u00f0anir geta sn\u00faist beint gegn \u00feeim hagsmunum sem \u00e6tlunin er a\u00f0 vernda, t.d. \u00feegar \u00e1herslan \u00e1 a\u00f0 koma konu \u00ed valdast\u00f6\u00f0u ver\u00f0ur til \u00feess a\u00f0 ska\u00f0a hagsmuni kvenna.<\/p>\n","protected":false},"excerpt":{"rendered":"","protected":false},"author":2,"featured_media":1221,"comment_status":"closed","ping_status":"open","sticky":false,"template":"","format":"standard","meta":{"footnotes":""},"categories":[1,193],"tags":[311,336,309],"class_list":["post-1234","post","type-post","status-publish","format-standard","has-post-thumbnail","hentry","category-kyndillinn","category-pistlarod-33-astaedur","tag-kennivald","tag-kvenhyggja","tag-politiskur-retttrunadur"],"yoast_head":"<!-- This site is optimized with the Yoast SEO plugin v27.4 - https:\/\/yoast.com\/product\/yoast-seo-wordpress\/ -->\n<title>25. Fem\u00ednismi einkennist af p\u00f3lit\u00edskum r\u00e9tttr\u00fana\u00f0i - Kyndillinn<\/title>\n<meta name=\"robots\" content=\"index, follow, max-snippet:-1, max-image-preview:large, max-video-preview:-1\" \/>\n<link rel=\"canonical\" href=\"https:\/\/www.norn.is\/kyndillinn\/25-feminismi-einkennist-af-politiskum-retttrunadi\/\" \/>\n<meta property=\"og:locale\" content=\"is_IS\" \/>\n<meta property=\"og:type\" content=\"article\" \/>\n<meta property=\"og:title\" content=\"25. Fem\u00ednismi einkennist af p\u00f3lit\u00edskum r\u00e9tttr\u00fana\u00f0i - Kyndillinn\" \/>\n<meta property=\"og:url\" content=\"https:\/\/www.norn.is\/kyndillinn\/25-feminismi-einkennist-af-politiskum-retttrunadi\/\" \/>\n<meta property=\"og:site_name\" content=\"Kyndillinn\" \/>\n<meta property=\"article:published_time\" content=\"2013-08-13T16:41:24+00:00\" \/>\n<meta property=\"article:modified_time\" content=\"2018-08-25T10:12:16+00:00\" \/>\n<meta property=\"og:image\" content=\"https:\/\/www.norn.is\/kyndillinn\/wp-content\/uploads\/sites\/5\/2014\/08\/211.jpg\" \/>\n\t<meta property=\"og:image:width\" content=\"799\" \/>\n\t<meta property=\"og:image:height\" content=\"388\" \/>\n\t<meta property=\"og:image:type\" content=\"image\/jpeg\" \/>\n<meta name=\"author\" content=\"Eva Hauksd\u00f3ttir\" \/>\n<meta name=\"twitter:card\" content=\"summary_large_image\" \/>\n<meta name=\"twitter:label1\" content=\"Written by\" \/>\n\t<meta name=\"twitter:data1\" content=\"\" \/>\n\t<meta name=\"twitter:label2\" content=\"Est. reading time\" \/>\n\t<meta name=\"twitter:data2\" content=\"1 minute\" \/>\n<script type=\"application\/ld+json\" class=\"yoast-schema-graph\">{\"@context\":\"https:\\\/\\\/schema.org\",\"@graph\":[{\"@type\":\"Article\",\"@id\":\"https:\\\/\\\/www.norn.is\\\/kyndillinn\\\/25-feminismi-einkennist-af-politiskum-retttrunadi\\\/#article\",\"isPartOf\":{\"@id\":\"https:\\\/\\\/www.norn.is\\\/kyndillinn\\\/25-feminismi-einkennist-af-politiskum-retttrunadi\\\/\"},\"author\":{\"name\":\"Eva Hauksd\u00f3ttir\",\"@id\":\"https:\\\/\\\/www.norn.is\\\/kyndillinn\\\/#\\\/schema\\\/person\\\/2eb0fcae9e1ecc61987f7ed9c878531c\"},\"headline\":\"25. Fem\u00ednismi einkennist af p\u00f3lit\u00edskum r\u00e9tttr\u00fana\u00f0i\",\"datePublished\":\"2013-08-13T16:41:24+00:00\",\"dateModified\":\"2018-08-25T10:12:16+00:00\",\"mainEntityOfPage\":{\"@id\":\"https:\\\/\\\/www.norn.is\\\/kyndillinn\\\/25-feminismi-einkennist-af-politiskum-retttrunadi\\\/\"},\"wordCount\":209,\"image\":{\"@id\":\"https:\\\/\\\/www.norn.is\\\/kyndillinn\\\/25-feminismi-einkennist-af-politiskum-retttrunadi\\\/#primaryimage\"},\"thumbnailUrl\":\"https:\\\/\\\/www.norn.is\\\/kyndillinn\\\/wp-content\\\/uploads\\\/sites\\\/5\\\/2014\\\/08\\\/211.jpg\",\"keywords\":[\"Kennivald\",\"Kvenhyggja\",\"P\u00f3lit\u00edskur r\u00e9tttr\u00fana\u00f0ur\"],\"articleSection\":[\"Kyndillinn\",\"Pistlar\u00f6\u00f0: 33 \u00e1st\u00e6\u00f0ur\"],\"inLanguage\":\"is\"},{\"@type\":\"WebPage\",\"@id\":\"https:\\\/\\\/www.norn.is\\\/kyndillinn\\\/25-feminismi-einkennist-af-politiskum-retttrunadi\\\/\",\"url\":\"https:\\\/\\\/www.norn.is\\\/kyndillinn\\\/25-feminismi-einkennist-af-politiskum-retttrunadi\\\/\",\"name\":\"25. Fem\u00ednismi einkennist af p\u00f3lit\u00edskum r\u00e9tttr\u00fana\u00f0i - Kyndillinn\",\"isPartOf\":{\"@id\":\"https:\\\/\\\/www.norn.is\\\/kyndillinn\\\/#website\"},\"primaryImageOfPage\":{\"@id\":\"https:\\\/\\\/www.norn.is\\\/kyndillinn\\\/25-feminismi-einkennist-af-politiskum-retttrunadi\\\/#primaryimage\"},\"image\":{\"@id\":\"https:\\\/\\\/www.norn.is\\\/kyndillinn\\\/25-feminismi-einkennist-af-politiskum-retttrunadi\\\/#primaryimage\"},\"thumbnailUrl\":\"https:\\\/\\\/www.norn.is\\\/kyndillinn\\\/wp-content\\\/uploads\\\/sites\\\/5\\\/2014\\\/08\\\/211.jpg\",\"datePublished\":\"2013-08-13T16:41:24+00:00\",\"dateModified\":\"2018-08-25T10:12:16+00:00\",\"author\":{\"@id\":\"https:\\\/\\\/www.norn.is\\\/kyndillinn\\\/#\\\/schema\\\/person\\\/2eb0fcae9e1ecc61987f7ed9c878531c\"},\"breadcrumb\":{\"@id\":\"https:\\\/\\\/www.norn.is\\\/kyndillinn\\\/25-feminismi-einkennist-af-politiskum-retttrunadi\\\/#breadcrumb\"},\"inLanguage\":\"is\",\"potentialAction\":[{\"@type\":\"ReadAction\",\"target\":[\"https:\\\/\\\/www.norn.is\\\/kyndillinn\\\/25-feminismi-einkennist-af-politiskum-retttrunadi\\\/\"]}]},{\"@type\":\"ImageObject\",\"inLanguage\":\"is\",\"@id\":\"https:\\\/\\\/www.norn.is\\\/kyndillinn\\\/25-feminismi-einkennist-af-politiskum-retttrunadi\\\/#primaryimage\",\"url\":\"https:\\\/\\\/www.norn.is\\\/kyndillinn\\\/wp-content\\\/uploads\\\/sites\\\/5\\\/2014\\\/08\\\/211.jpg\",\"contentUrl\":\"https:\\\/\\\/www.norn.is\\\/kyndillinn\\\/wp-content\\\/uploads\\\/sites\\\/5\\\/2014\\\/08\\\/211.jpg\",\"width\":799,\"height\":388},{\"@type\":\"BreadcrumbList\",\"@id\":\"https:\\\/\\\/www.norn.is\\\/kyndillinn\\\/25-feminismi-einkennist-af-politiskum-retttrunadi\\\/#breadcrumb\",\"itemListElement\":[{\"@type\":\"ListItem\",\"position\":1,\"name\":\"Home\",\"item\":\"https:\\\/\\\/www.norn.is\\\/kyndillinn\\\/\"},{\"@type\":\"ListItem\",\"position\":2,\"name\":\"25. Fem\u00ednismi einkennist af p\u00f3lit\u00edskum r\u00e9tttr\u00fana\u00f0i\"}]},{\"@type\":\"WebSite\",\"@id\":\"https:\\\/\\\/www.norn.is\\\/kyndillinn\\\/#website\",\"url\":\"https:\\\/\\\/www.norn.is\\\/kyndillinn\\\/\",\"name\":\"Kyndillinn\",\"description\":\"Eva um kyn og kl\u00e1m\",\"potentialAction\":[{\"@type\":\"SearchAction\",\"target\":{\"@type\":\"EntryPoint\",\"urlTemplate\":\"https:\\\/\\\/www.norn.is\\\/kyndillinn\\\/?s={search_term_string}\"},\"query-input\":{\"@type\":\"PropertyValueSpecification\",\"valueRequired\":true,\"valueName\":\"search_term_string\"}}],\"inLanguage\":\"is\"},{\"@type\":\"Person\",\"@id\":\"https:\\\/\\\/www.norn.is\\\/kyndillinn\\\/#\\\/schema\\\/person\\\/2eb0fcae9e1ecc61987f7ed9c878531c\",\"name\":\"Eva Hauksd\u00f3ttir\",\"sameAs\":[\"http:\\\/\\\/www.norn.is\"],\"url\":\"https:\\\/\\\/www.norn.is\\\/kyndillinn\\\/author\\\/eva\\\/\"}]}<\/script>\n<!-- \/ Yoast SEO plugin. -->","yoast_head_json":{"title":"25. Fem\u00ednismi einkennist af p\u00f3lit\u00edskum r\u00e9tttr\u00fana\u00f0i - Kyndillinn","robots":{"index":"index","follow":"follow","max-snippet":"max-snippet:-1","max-image-preview":"max-image-preview:large","max-video-preview":"max-video-preview:-1"},"canonical":"https:\/\/www.norn.is\/kyndillinn\/25-feminismi-einkennist-af-politiskum-retttrunadi\/","og_locale":"is_IS","og_type":"article","og_title":"25. Fem\u00ednismi einkennist af p\u00f3lit\u00edskum r\u00e9tttr\u00fana\u00f0i - Kyndillinn","og_url":"https:\/\/www.norn.is\/kyndillinn\/25-feminismi-einkennist-af-politiskum-retttrunadi\/","og_site_name":"Kyndillinn","article_published_time":"2013-08-13T16:41:24+00:00","article_modified_time":"2018-08-25T10:12:16+00:00","og_image":[{"width":799,"height":388,"url":"https:\/\/www.norn.is\/kyndillinn\/wp-content\/uploads\/sites\/5\/2014\/08\/211.jpg","type":"image\/jpeg"}],"author":"Eva Hauksd\u00f3ttir","twitter_card":"summary_large_image","twitter_misc":{"Written by":false,"Est. reading time":"1 minute"},"schema":{"@context":"https:\/\/schema.org","@graph":[{"@type":"Article","@id":"https:\/\/www.norn.is\/kyndillinn\/25-feminismi-einkennist-af-politiskum-retttrunadi\/#article","isPartOf":{"@id":"https:\/\/www.norn.is\/kyndillinn\/25-feminismi-einkennist-af-politiskum-retttrunadi\/"},"author":{"name":"Eva Hauksd\u00f3ttir","@id":"https:\/\/www.norn.is\/kyndillinn\/#\/schema\/person\/2eb0fcae9e1ecc61987f7ed9c878531c"},"headline":"25. Fem\u00ednismi einkennist af p\u00f3lit\u00edskum r\u00e9tttr\u00fana\u00f0i","datePublished":"2013-08-13T16:41:24+00:00","dateModified":"2018-08-25T10:12:16+00:00","mainEntityOfPage":{"@id":"https:\/\/www.norn.is\/kyndillinn\/25-feminismi-einkennist-af-politiskum-retttrunadi\/"},"wordCount":209,"image":{"@id":"https:\/\/www.norn.is\/kyndillinn\/25-feminismi-einkennist-af-politiskum-retttrunadi\/#primaryimage"},"thumbnailUrl":"https:\/\/www.norn.is\/kyndillinn\/wp-content\/uploads\/sites\/5\/2014\/08\/211.jpg","keywords":["Kennivald","Kvenhyggja","P\u00f3lit\u00edskur r\u00e9tttr\u00fana\u00f0ur"],"articleSection":["Kyndillinn","Pistlar\u00f6\u00f0: 33 \u00e1st\u00e6\u00f0ur"],"inLanguage":"is"},{"@type":"WebPage","@id":"https:\/\/www.norn.is\/kyndillinn\/25-feminismi-einkennist-af-politiskum-retttrunadi\/","url":"https:\/\/www.norn.is\/kyndillinn\/25-feminismi-einkennist-af-politiskum-retttrunadi\/","name":"25. Fem\u00ednismi einkennist af p\u00f3lit\u00edskum r\u00e9tttr\u00fana\u00f0i - Kyndillinn","isPartOf":{"@id":"https:\/\/www.norn.is\/kyndillinn\/#website"},"primaryImageOfPage":{"@id":"https:\/\/www.norn.is\/kyndillinn\/25-feminismi-einkennist-af-politiskum-retttrunadi\/#primaryimage"},"image":{"@id":"https:\/\/www.norn.is\/kyndillinn\/25-feminismi-einkennist-af-politiskum-retttrunadi\/#primaryimage"},"thumbnailUrl":"https:\/\/www.norn.is\/kyndillinn\/wp-content\/uploads\/sites\/5\/2014\/08\/211.jpg","datePublished":"2013-08-13T16:41:24+00:00","dateModified":"2018-08-25T10:12:16+00:00","author":{"@id":"https:\/\/www.norn.is\/kyndillinn\/#\/schema\/person\/2eb0fcae9e1ecc61987f7ed9c878531c"},"breadcrumb":{"@id":"https:\/\/www.norn.is\/kyndillinn\/25-feminismi-einkennist-af-politiskum-retttrunadi\/#breadcrumb"},"inLanguage":"is","potentialAction":[{"@type":"ReadAction","target":["https:\/\/www.norn.is\/kyndillinn\/25-feminismi-einkennist-af-politiskum-retttrunadi\/"]}]},{"@type":"ImageObject","inLanguage":"is","@id":"https:\/\/www.norn.is\/kyndillinn\/25-feminismi-einkennist-af-politiskum-retttrunadi\/#primaryimage","url":"https:\/\/www.norn.is\/kyndillinn\/wp-content\/uploads\/sites\/5\/2014\/08\/211.jpg","contentUrl":"https:\/\/www.norn.is\/kyndillinn\/wp-content\/uploads\/sites\/5\/2014\/08\/211.jpg","width":799,"height":388},{"@type":"BreadcrumbList","@id":"https:\/\/www.norn.is\/kyndillinn\/25-feminismi-einkennist-af-politiskum-retttrunadi\/#breadcrumb","itemListElement":[{"@type":"ListItem","position":1,"name":"Home","item":"https:\/\/www.norn.is\/kyndillinn\/"},{"@type":"ListItem","position":2,"name":"25. Fem\u00ednismi einkennist af p\u00f3lit\u00edskum r\u00e9tttr\u00fana\u00f0i"}]},{"@type":"WebSite","@id":"https:\/\/www.norn.is\/kyndillinn\/#website","url":"https:\/\/www.norn.is\/kyndillinn\/","name":"Kyndillinn","description":"Eva um kyn og kl\u00e1m","potentialAction":[{"@type":"SearchAction","target":{"@type":"EntryPoint","urlTemplate":"https:\/\/www.norn.is\/kyndillinn\/?s={search_term_string}"},"query-input":{"@type":"PropertyValueSpecification","valueRequired":true,"valueName":"search_term_string"}}],"inLanguage":"is"},{"@type":"Person","@id":"https:\/\/www.norn.is\/kyndillinn\/#\/schema\/person\/2eb0fcae9e1ecc61987f7ed9c878531c","name":"Eva Hauksd\u00f3ttir","sameAs":["http:\/\/www.norn.is"],"url":"https:\/\/www.norn.is\/kyndillinn\/author\/eva\/"}]}},"_links":{"self":[{"href":"https:\/\/www.norn.is\/kyndillinn\/wp-json\/wp\/v2\/posts\/1234","targetHints":{"allow":["GET"]}}],"collection":[{"href":"https:\/\/www.norn.is\/kyndillinn\/wp-json\/wp\/v2\/posts"}],"about":[{"href":"https:\/\/www.norn.is\/kyndillinn\/wp-json\/wp\/v2\/types\/post"}],"author":[{"embeddable":true,"href":"https:\/\/www.norn.is\/kyndillinn\/wp-json\/wp\/v2\/users\/2"}],"replies":[{"embeddable":true,"href":"https:\/\/www.norn.is\/kyndillinn\/wp-json\/wp\/v2\/comments?post=1234"}],"version-history":[{"count":6,"href":"https:\/\/www.norn.is\/kyndillinn\/wp-json\/wp\/v2\/posts\/1234\/revisions"}],"predecessor-version":[{"id":3421,"href":"https:\/\/www.norn.is\/kyndillinn\/wp-json\/wp\/v2\/posts\/1234\/revisions\/3421"}],"wp:featuredmedia":[{"embeddable":true,"href":"https:\/\/www.norn.is\/kyndillinn\/wp-json\/wp\/v2\/media\/1221"}],"wp:attachment":[{"href":"https:\/\/www.norn.is\/kyndillinn\/wp-json\/wp\/v2\/media?parent=1234"}],"wp:term":[{"taxonomy":"category","embeddable":true,"href":"https:\/\/www.norn.is\/kyndillinn\/wp-json\/wp\/v2\/categories?post=1234"},{"taxonomy":"post_tag","embeddable":true,"href":"https:\/\/www.norn.is\/kyndillinn\/wp-json\/wp\/v2\/tags?post=1234"}],"curies":[{"name":"wp","href":"https:\/\/api.w.org\/{rel}","templated":true}]}}