{"id":1210,"date":"2013-06-18T16:16:50","date_gmt":"2013-06-18T16:16:50","guid":{"rendered":"http:\/\/www.norn.is\/kyndillinn\/?p=1210"},"modified":"2017-09-11T09:52:27","modified_gmt":"2017-09-11T09:52:27","slug":"18-feminismi-er-ad-festa-sig-i-sessi-sem-kennivald","status":"publish","type":"post","link":"https:\/\/www.norn.is\/kyndillinn\/18-feminismi-er-ad-festa-sig-i-sessi-sem-kennivald\/","title":{"rendered":"18. Fem\u00ednismi er a\u00f0 festa sig \u00ed sessi sem kennivald"},"content":{"rendered":"<p><a href=\"http:\/\/www.norn.is\/kyndillinn\/wp-content\/uploads\/sites\/5\/2014\/08\/18.jpg\"><img loading=\"lazy\" decoding=\"async\" class=\"aligncenter size-full wp-image-1211\" src=\"http:\/\/www.norn.is\/kyndillinn\/wp-content\/uploads\/sites\/5\/2014\/08\/18.jpg\" alt=\"18\" width=\"800\" height=\"398\" srcset=\"https:\/\/www.norn.is\/kyndillinn\/wp-content\/uploads\/sites\/5\/2014\/08\/18.jpg 800w, https:\/\/www.norn.is\/kyndillinn\/wp-content\/uploads\/sites\/5\/2014\/08\/18-300x149.jpg 300w\" sizes=\"auto, (max-width: 800px) 100vw, 800px\" \/><\/a><!--more-->Feministahreyfingin hefur \u00e1 nokkrum \u00e1ratugum \u00f6\u00f0last\u00a0<a href=\"http:\/\/www.pistillinn.is\/?p=1948\">kennivald<\/a>\u00a0\u00e1 \u00fdmsum svi\u00f0um. Sk\u00fdrast kemur \u00feetta fram \u00ed umfj\u00f6llun fj\u00f6lmi\u00f0la um kynfer\u00f0isofbeldi, v\u00e6ndi og kl\u00e1m. Hugmyndir feminista um orsakir \u00feess, umfang og aflei\u00f0ingar eru sjaldan dregnar \u00ed efa og aldrei hef \u00e9g s\u00e9\u00f0 bla\u00f0amenn ganga eftir g\u00f6gnum um sta\u00f0h\u00e6fingar \u00feeirra, sama hversu vitlausar \u00fe\u00e6r eru.<\/p>\n<p>Kennivaldi\u00f0 birtist einnig \u00ed sk\u00f3lakerfinu, \u00fear sem feministar vilja f\u00e1 a\u00f0 stj\u00f3rna \u00fev\u00ed hva\u00f0 b\u00f6rnum er kennt um kynjamun og samskipti kynjanna. \u00dea\u00f0 birtist \u00ed menningarl\u00edfinu \u00ed endurt\u00falkun b\u00f3kmennta og annarra lista, st\u00fdringu \u00e1 \u00fev\u00ed hva\u00f0a menningu skuli teljast vi\u00f0eigandi a\u00f0 bj\u00f3\u00f0a b\u00f6rnum upp \u00e1 og\u00a0<a href=\"http:\/\/blog.pressan.is\/evahauks\/2012\/11\/24\/hugleikur\/\">hva\u00f0a listamenn megi n\u00ed\u00f0a og hverjum skuli hampa\u00f0<\/a>.<\/p>\n<p>\u00cd\u00a0<a href=\"http:\/\/knuz.is\/2013\/05\/29\/33-astaedur-fyrir-thvi-ad-vid-thurfum-feminisma\/\">\u00feessari vondu f\u00e6rslu<\/a>\u00a0s\u00e9st l\u00edka greinilega hvernig feministar byggja m\u00e1lflutning sinn \u00e1 \u00feeirri hugmynd a\u00f0 feminismi s\u00e9 grundv\u00f6llur si\u00f0fer\u00f0is. Hugmyndin er s\u00fa a\u00f0 vi\u00f0 \u00feurfum femnisma til a\u00f0 halda aftur af kvenfyrirlitningu og ofbeldi. \u00deetta er n\u00e1kv\u00e6mlega samskonar m\u00e1lflutningur og hj\u00e1 tr\u00fam\u00f6nnum sem halda \u00fev\u00ed fram a\u00f0 \u00e1n kristind\u00f3ms myndum vi\u00f0 \u00f6ll leggjast \u00ed \u00f3lifna\u00f0 og gl\u00e6pi.<\/p>\n","protected":false},"excerpt":{"rendered":"","protected":false},"author":2,"featured_media":1211,"comment_status":"closed","ping_status":"open","sticky":false,"template":"","format":"standard","meta":{"footnotes":""},"categories":[1,193],"tags":[311,89],"class_list":["post-1210","post","type-post","status-publish","format-standard","has-post-thumbnail","hentry","category-kyndillinn","category-pistlarod-33-astaedur","tag-kennivald","tag-knuz-is"],"yoast_head":"<!-- This site is optimized with the Yoast SEO plugin v27.5 - https:\/\/yoast.com\/product\/yoast-seo-wordpress\/ -->\n<title>18. Fem\u00ednismi er a\u00f0 festa sig \u00ed sessi sem kennivald - Kyndillinn<\/title>\n<meta name=\"robots\" content=\"index, follow, max-snippet:-1, max-image-preview:large, max-video-preview:-1\" \/>\n<link rel=\"canonical\" href=\"https:\/\/www.norn.is\/kyndillinn\/18-feminismi-er-ad-festa-sig-i-sessi-sem-kennivald\/\" \/>\n<meta property=\"og:locale\" content=\"is_IS\" \/>\n<meta property=\"og:type\" content=\"article\" \/>\n<meta property=\"og:title\" content=\"18. Fem\u00ednismi er a\u00f0 festa sig \u00ed sessi sem kennivald - Kyndillinn\" \/>\n<meta property=\"og:url\" content=\"https:\/\/www.norn.is\/kyndillinn\/18-feminismi-er-ad-festa-sig-i-sessi-sem-kennivald\/\" \/>\n<meta property=\"og:site_name\" content=\"Kyndillinn\" \/>\n<meta property=\"article:published_time\" content=\"2013-06-18T16:16:50+00:00\" \/>\n<meta property=\"article:modified_time\" content=\"2017-09-11T09:52:27+00:00\" \/>\n<meta property=\"og:image\" content=\"https:\/\/www.norn.is\/kyndillinn\/wp-content\/uploads\/sites\/5\/2014\/08\/18.jpg\" \/>\n\t<meta property=\"og:image:width\" content=\"800\" \/>\n\t<meta property=\"og:image:height\" content=\"398\" \/>\n\t<meta property=\"og:image:type\" content=\"image\/jpeg\" \/>\n<meta name=\"author\" content=\"Eva Hauksd\u00f3ttir\" \/>\n<meta name=\"twitter:card\" content=\"summary_large_image\" \/>\n<meta name=\"twitter:label1\" content=\"Written by\" \/>\n\t<meta name=\"twitter:data1\" content=\"\" \/>\n\t<meta name=\"twitter:label2\" content=\"Est. reading time\" \/>\n\t<meta name=\"twitter:data2\" content=\"1 minute\" \/>\n<script type=\"application\/ld+json\" class=\"yoast-schema-graph\">{\"@context\":\"https:\\\/\\\/schema.org\",\"@graph\":[{\"@type\":\"Article\",\"@id\":\"https:\\\/\\\/www.norn.is\\\/kyndillinn\\\/18-feminismi-er-ad-festa-sig-i-sessi-sem-kennivald\\\/#article\",\"isPartOf\":{\"@id\":\"https:\\\/\\\/www.norn.is\\\/kyndillinn\\\/18-feminismi-er-ad-festa-sig-i-sessi-sem-kennivald\\\/\"},\"author\":{\"name\":\"Eva Hauksd\u00f3ttir\",\"@id\":\"https:\\\/\\\/www.norn.is\\\/kyndillinn\\\/#\\\/schema\\\/person\\\/2eb0fcae9e1ecc61987f7ed9c878531c\"},\"headline\":\"18. Fem\u00ednismi er a\u00f0 festa sig \u00ed sessi sem kennivald\",\"datePublished\":\"2013-06-18T16:16:50+00:00\",\"dateModified\":\"2017-09-11T09:52:27+00:00\",\"mainEntityOfPage\":{\"@id\":\"https:\\\/\\\/www.norn.is\\\/kyndillinn\\\/18-feminismi-er-ad-festa-sig-i-sessi-sem-kennivald\\\/\"},\"wordCount\":201,\"image\":{\"@id\":\"https:\\\/\\\/www.norn.is\\\/kyndillinn\\\/18-feminismi-er-ad-festa-sig-i-sessi-sem-kennivald\\\/#primaryimage\"},\"thumbnailUrl\":\"https:\\\/\\\/www.norn.is\\\/kyndillinn\\\/wp-content\\\/uploads\\\/sites\\\/5\\\/2014\\\/08\\\/18.jpg\",\"keywords\":[\"Kennivald\",\"Knuz.is\"],\"articleSection\":[\"Kyndillinn\",\"Pistlar\u00f6\u00f0: 33 \u00e1st\u00e6\u00f0ur\"],\"inLanguage\":\"is\"},{\"@type\":\"WebPage\",\"@id\":\"https:\\\/\\\/www.norn.is\\\/kyndillinn\\\/18-feminismi-er-ad-festa-sig-i-sessi-sem-kennivald\\\/\",\"url\":\"https:\\\/\\\/www.norn.is\\\/kyndillinn\\\/18-feminismi-er-ad-festa-sig-i-sessi-sem-kennivald\\\/\",\"name\":\"18. Fem\u00ednismi er a\u00f0 festa sig \u00ed sessi sem kennivald - Kyndillinn\",\"isPartOf\":{\"@id\":\"https:\\\/\\\/www.norn.is\\\/kyndillinn\\\/#website\"},\"primaryImageOfPage\":{\"@id\":\"https:\\\/\\\/www.norn.is\\\/kyndillinn\\\/18-feminismi-er-ad-festa-sig-i-sessi-sem-kennivald\\\/#primaryimage\"},\"image\":{\"@id\":\"https:\\\/\\\/www.norn.is\\\/kyndillinn\\\/18-feminismi-er-ad-festa-sig-i-sessi-sem-kennivald\\\/#primaryimage\"},\"thumbnailUrl\":\"https:\\\/\\\/www.norn.is\\\/kyndillinn\\\/wp-content\\\/uploads\\\/sites\\\/5\\\/2014\\\/08\\\/18.jpg\",\"datePublished\":\"2013-06-18T16:16:50+00:00\",\"dateModified\":\"2017-09-11T09:52:27+00:00\",\"author\":{\"@id\":\"https:\\\/\\\/www.norn.is\\\/kyndillinn\\\/#\\\/schema\\\/person\\\/2eb0fcae9e1ecc61987f7ed9c878531c\"},\"breadcrumb\":{\"@id\":\"https:\\\/\\\/www.norn.is\\\/kyndillinn\\\/18-feminismi-er-ad-festa-sig-i-sessi-sem-kennivald\\\/#breadcrumb\"},\"inLanguage\":\"is\",\"potentialAction\":[{\"@type\":\"ReadAction\",\"target\":[\"https:\\\/\\\/www.norn.is\\\/kyndillinn\\\/18-feminismi-er-ad-festa-sig-i-sessi-sem-kennivald\\\/\"]}]},{\"@type\":\"ImageObject\",\"inLanguage\":\"is\",\"@id\":\"https:\\\/\\\/www.norn.is\\\/kyndillinn\\\/18-feminismi-er-ad-festa-sig-i-sessi-sem-kennivald\\\/#primaryimage\",\"url\":\"https:\\\/\\\/www.norn.is\\\/kyndillinn\\\/wp-content\\\/uploads\\\/sites\\\/5\\\/2014\\\/08\\\/18.jpg\",\"contentUrl\":\"https:\\\/\\\/www.norn.is\\\/kyndillinn\\\/wp-content\\\/uploads\\\/sites\\\/5\\\/2014\\\/08\\\/18.jpg\",\"width\":800,\"height\":398},{\"@type\":\"BreadcrumbList\",\"@id\":\"https:\\\/\\\/www.norn.is\\\/kyndillinn\\\/18-feminismi-er-ad-festa-sig-i-sessi-sem-kennivald\\\/#breadcrumb\",\"itemListElement\":[{\"@type\":\"ListItem\",\"position\":1,\"name\":\"Home\",\"item\":\"https:\\\/\\\/www.norn.is\\\/kyndillinn\\\/\"},{\"@type\":\"ListItem\",\"position\":2,\"name\":\"18. Fem\u00ednismi er a\u00f0 festa sig \u00ed sessi sem kennivald\"}]},{\"@type\":\"WebSite\",\"@id\":\"https:\\\/\\\/www.norn.is\\\/kyndillinn\\\/#website\",\"url\":\"https:\\\/\\\/www.norn.is\\\/kyndillinn\\\/\",\"name\":\"Kyndillinn\",\"description\":\"Eva um kyn og kl\u00e1m\",\"potentialAction\":[{\"@type\":\"SearchAction\",\"target\":{\"@type\":\"EntryPoint\",\"urlTemplate\":\"https:\\\/\\\/www.norn.is\\\/kyndillinn\\\/?s={search_term_string}\"},\"query-input\":{\"@type\":\"PropertyValueSpecification\",\"valueRequired\":true,\"valueName\":\"search_term_string\"}}],\"inLanguage\":\"is\"},{\"@type\":\"Person\",\"@id\":\"https:\\\/\\\/www.norn.is\\\/kyndillinn\\\/#\\\/schema\\\/person\\\/2eb0fcae9e1ecc61987f7ed9c878531c\",\"name\":\"Eva Hauksd\u00f3ttir\",\"sameAs\":[\"http:\\\/\\\/www.norn.is\"],\"url\":\"https:\\\/\\\/www.norn.is\\\/kyndillinn\\\/author\\\/eva\\\/\"}]}<\/script>\n<!-- \/ Yoast SEO plugin. -->","yoast_head_json":{"title":"18. Fem\u00ednismi er a\u00f0 festa sig \u00ed sessi sem kennivald - Kyndillinn","robots":{"index":"index","follow":"follow","max-snippet":"max-snippet:-1","max-image-preview":"max-image-preview:large","max-video-preview":"max-video-preview:-1"},"canonical":"https:\/\/www.norn.is\/kyndillinn\/18-feminismi-er-ad-festa-sig-i-sessi-sem-kennivald\/","og_locale":"is_IS","og_type":"article","og_title":"18. Fem\u00ednismi er a\u00f0 festa sig \u00ed sessi sem kennivald - Kyndillinn","og_url":"https:\/\/www.norn.is\/kyndillinn\/18-feminismi-er-ad-festa-sig-i-sessi-sem-kennivald\/","og_site_name":"Kyndillinn","article_published_time":"2013-06-18T16:16:50+00:00","article_modified_time":"2017-09-11T09:52:27+00:00","og_image":[{"width":800,"height":398,"url":"https:\/\/www.norn.is\/kyndillinn\/wp-content\/uploads\/sites\/5\/2014\/08\/18.jpg","type":"image\/jpeg"}],"author":"Eva Hauksd\u00f3ttir","twitter_card":"summary_large_image","twitter_misc":{"Written by":false,"Est. reading time":"1 minute"},"schema":{"@context":"https:\/\/schema.org","@graph":[{"@type":"Article","@id":"https:\/\/www.norn.is\/kyndillinn\/18-feminismi-er-ad-festa-sig-i-sessi-sem-kennivald\/#article","isPartOf":{"@id":"https:\/\/www.norn.is\/kyndillinn\/18-feminismi-er-ad-festa-sig-i-sessi-sem-kennivald\/"},"author":{"name":"Eva Hauksd\u00f3ttir","@id":"https:\/\/www.norn.is\/kyndillinn\/#\/schema\/person\/2eb0fcae9e1ecc61987f7ed9c878531c"},"headline":"18. Fem\u00ednismi er a\u00f0 festa sig \u00ed sessi sem kennivald","datePublished":"2013-06-18T16:16:50+00:00","dateModified":"2017-09-11T09:52:27+00:00","mainEntityOfPage":{"@id":"https:\/\/www.norn.is\/kyndillinn\/18-feminismi-er-ad-festa-sig-i-sessi-sem-kennivald\/"},"wordCount":201,"image":{"@id":"https:\/\/www.norn.is\/kyndillinn\/18-feminismi-er-ad-festa-sig-i-sessi-sem-kennivald\/#primaryimage"},"thumbnailUrl":"https:\/\/www.norn.is\/kyndillinn\/wp-content\/uploads\/sites\/5\/2014\/08\/18.jpg","keywords":["Kennivald","Knuz.is"],"articleSection":["Kyndillinn","Pistlar\u00f6\u00f0: 33 \u00e1st\u00e6\u00f0ur"],"inLanguage":"is"},{"@type":"WebPage","@id":"https:\/\/www.norn.is\/kyndillinn\/18-feminismi-er-ad-festa-sig-i-sessi-sem-kennivald\/","url":"https:\/\/www.norn.is\/kyndillinn\/18-feminismi-er-ad-festa-sig-i-sessi-sem-kennivald\/","name":"18. Fem\u00ednismi er a\u00f0 festa sig \u00ed sessi sem kennivald - Kyndillinn","isPartOf":{"@id":"https:\/\/www.norn.is\/kyndillinn\/#website"},"primaryImageOfPage":{"@id":"https:\/\/www.norn.is\/kyndillinn\/18-feminismi-er-ad-festa-sig-i-sessi-sem-kennivald\/#primaryimage"},"image":{"@id":"https:\/\/www.norn.is\/kyndillinn\/18-feminismi-er-ad-festa-sig-i-sessi-sem-kennivald\/#primaryimage"},"thumbnailUrl":"https:\/\/www.norn.is\/kyndillinn\/wp-content\/uploads\/sites\/5\/2014\/08\/18.jpg","datePublished":"2013-06-18T16:16:50+00:00","dateModified":"2017-09-11T09:52:27+00:00","author":{"@id":"https:\/\/www.norn.is\/kyndillinn\/#\/schema\/person\/2eb0fcae9e1ecc61987f7ed9c878531c"},"breadcrumb":{"@id":"https:\/\/www.norn.is\/kyndillinn\/18-feminismi-er-ad-festa-sig-i-sessi-sem-kennivald\/#breadcrumb"},"inLanguage":"is","potentialAction":[{"@type":"ReadAction","target":["https:\/\/www.norn.is\/kyndillinn\/18-feminismi-er-ad-festa-sig-i-sessi-sem-kennivald\/"]}]},{"@type":"ImageObject","inLanguage":"is","@id":"https:\/\/www.norn.is\/kyndillinn\/18-feminismi-er-ad-festa-sig-i-sessi-sem-kennivald\/#primaryimage","url":"https:\/\/www.norn.is\/kyndillinn\/wp-content\/uploads\/sites\/5\/2014\/08\/18.jpg","contentUrl":"https:\/\/www.norn.is\/kyndillinn\/wp-content\/uploads\/sites\/5\/2014\/08\/18.jpg","width":800,"height":398},{"@type":"BreadcrumbList","@id":"https:\/\/www.norn.is\/kyndillinn\/18-feminismi-er-ad-festa-sig-i-sessi-sem-kennivald\/#breadcrumb","itemListElement":[{"@type":"ListItem","position":1,"name":"Home","item":"https:\/\/www.norn.is\/kyndillinn\/"},{"@type":"ListItem","position":2,"name":"18. Fem\u00ednismi er a\u00f0 festa sig \u00ed sessi sem kennivald"}]},{"@type":"WebSite","@id":"https:\/\/www.norn.is\/kyndillinn\/#website","url":"https:\/\/www.norn.is\/kyndillinn\/","name":"Kyndillinn","description":"Eva um kyn og kl\u00e1m","potentialAction":[{"@type":"SearchAction","target":{"@type":"EntryPoint","urlTemplate":"https:\/\/www.norn.is\/kyndillinn\/?s={search_term_string}"},"query-input":{"@type":"PropertyValueSpecification","valueRequired":true,"valueName":"search_term_string"}}],"inLanguage":"is"},{"@type":"Person","@id":"https:\/\/www.norn.is\/kyndillinn\/#\/schema\/person\/2eb0fcae9e1ecc61987f7ed9c878531c","name":"Eva Hauksd\u00f3ttir","sameAs":["http:\/\/www.norn.is"],"url":"https:\/\/www.norn.is\/kyndillinn\/author\/eva\/"}]}},"_links":{"self":[{"href":"https:\/\/www.norn.is\/kyndillinn\/wp-json\/wp\/v2\/posts\/1210","targetHints":{"allow":["GET"]}}],"collection":[{"href":"https:\/\/www.norn.is\/kyndillinn\/wp-json\/wp\/v2\/posts"}],"about":[{"href":"https:\/\/www.norn.is\/kyndillinn\/wp-json\/wp\/v2\/types\/post"}],"author":[{"embeddable":true,"href":"https:\/\/www.norn.is\/kyndillinn\/wp-json\/wp\/v2\/users\/2"}],"replies":[{"embeddable":true,"href":"https:\/\/www.norn.is\/kyndillinn\/wp-json\/wp\/v2\/comments?post=1210"}],"version-history":[{"count":4,"href":"https:\/\/www.norn.is\/kyndillinn\/wp-json\/wp\/v2\/posts\/1210\/revisions"}],"predecessor-version":[{"id":2927,"href":"https:\/\/www.norn.is\/kyndillinn\/wp-json\/wp\/v2\/posts\/1210\/revisions\/2927"}],"wp:featuredmedia":[{"embeddable":true,"href":"https:\/\/www.norn.is\/kyndillinn\/wp-json\/wp\/v2\/media\/1211"}],"wp:attachment":[{"href":"https:\/\/www.norn.is\/kyndillinn\/wp-json\/wp\/v2\/media?parent=1210"}],"wp:term":[{"taxonomy":"category","embeddable":true,"href":"https:\/\/www.norn.is\/kyndillinn\/wp-json\/wp\/v2\/categories?post=1210"},{"taxonomy":"post_tag","embeddable":true,"href":"https:\/\/www.norn.is\/kyndillinn\/wp-json\/wp\/v2\/tags?post=1210"}],"curies":[{"name":"wp","href":"https:\/\/api.w.org\/{rel}","templated":true}]}}