{"id":1191,"date":"2013-06-12T16:06:05","date_gmt":"2013-06-12T16:06:05","guid":{"rendered":"http:\/\/www.norn.is\/kyndillinn\/?p=1191"},"modified":"2017-09-11T09:53:38","modified_gmt":"2017-09-11T09:53:38","slug":"12-feminismi-er-rikisstyrkt-valdanet","status":"publish","type":"post","link":"https:\/\/www.norn.is\/kyndillinn\/12-feminismi-er-rikisstyrkt-valdanet\/","title":{"rendered":"12. Fem\u00ednismi er r\u00edkisstyrkt valdanet"},"content":{"rendered":"<p><a href=\"http:\/\/www.norn.is\/kyndillinn\/wp-content\/uploads\/sites\/5\/2014\/08\/12.jpg\"><img loading=\"lazy\" decoding=\"async\" class=\"aligncenter size-full wp-image-1192\" src=\"http:\/\/www.norn.is\/kyndillinn\/wp-content\/uploads\/sites\/5\/2014\/08\/12.jpg\" alt=\"12\" width=\"800\" height=\"398\" srcset=\"https:\/\/www.norn.is\/kyndillinn\/wp-content\/uploads\/sites\/5\/2014\/08\/12.jpg 800w, https:\/\/www.norn.is\/kyndillinn\/wp-content\/uploads\/sites\/5\/2014\/08\/12-300x149.jpg 300w\" sizes=\"auto, (max-width: 800px) 100vw, 800px\" \/><\/a><\/p>\n<p><!--more--><\/p>\n<p>Feministar eru ekki a\u00f0eins \u00e1 launum hj\u00e1 h\u00e1sk\u00f3lum vi\u00f0 a\u00f0 stunda gerviranns\u00f3knir og brei\u00f0a \u00fat p\u00f3lit\u00edska hugmyndafr\u00e6\u00f0i, \u00feeir hafa l\u00edka komi\u00f0 s\u00e9r fyrir hj\u00e1 \u00fdmsum opinberum stofnunum, nefndum og r\u00e1\u00f0um.<\/p>\n<p>Margar stofnanir og starfsteymi \u00e1 vegum r\u00edkis og sveitarf\u00e9laga hafa femin\u00edsk markmi\u00f0 a\u00f0 lei\u00f0arlj\u00f3si.\u00a0 \u00deeim er t.d. \u00e6tla\u00f0 a\u00f0 \u00fathluta kynbundnum styrkjum og tryggja konum \u00f6nnur forr\u00e9ttindi, vitanlega undir yfirskyni jafnr\u00e9ttisstefnu.\u00a0 \u00deetta er f\u00f3lk sem hefur p\u00f3lit\u00edsk v\u00f6ld.\u00a0 F\u00f3lk sem er \u00e1 launum hj\u00e1 hinu opinbera vi\u00f0 a\u00f0 dreifa \u00e1r\u00f3\u00f0ri, styrkja sitt eigi\u00f0 tengslanet, b\u00faa til enn\u00fe\u00e1\u00a0<a href=\"http:\/\/blog.pressan.is\/evahauks\/2012\/12\/05\/latum-thad-gossa-i-laugina\/\">fleiri launu\u00f0 verkefni fyrir femnista\u00a0<\/a>og auka veg gerviv\u00edsinda.<\/p>\n<p>Feministahreyfingar reka kvennaathv\u00f6rf og a\u00f0ra f\u00e9lagslega \u00fej\u00f3nustu sem \u00e6tti a\u00f0 vera \u00ed h\u00f6ndum fagf\u00f3lks og \u00e1 \u00e1byrg\u00f0 hins opinbera.\u00a0 Sl\u00edkar hreyfingar f\u00e1 opinbera styrki og a\u00f0ra fyrirgrei\u00f0slu enda \u00fe\u00f3tt \u00fe\u00e6r s\u00e9u auglj\u00f3slega reknar \u00e1 grundvelli p\u00f3lit\u00edskrar hugmyndafr\u00e6\u00f0i (\u00feeirrar a\u00f0 \u00f6ll vandam\u00e1l kvenna megi rekja til ofbeldis karla gagnvart \u00feeim) en ekki faglegrar \u00feekkingar.<\/p>\n<p>\u00deessi \u00fej\u00f3nkun hins opinbera vi\u00f0 feminismann og femin\u00edskar valdakl\u00edkur hefur svo \u00e1hrif \u00fat \u00ed samf\u00e9lagi\u00f0. Bankar og \u00f6nnur fj\u00e1rsterk fyrirt\u00e6ki telja \u00edmynd sinni best borgi\u00f0 me\u00f0 \u00fev\u00ed a\u00f0 \u00e1stunda kynjamismunun, konum \u00ed hag, t.d. me\u00f0 s\u00e9rst\u00f6kum vi\u00f0urkenningum og styrkjum til kvenna, enda \u00fe\u00f3tt kynjamismunun s\u00e9 l\u00f6gbrot.<\/p>\n<p>&nbsp;<\/p>\n","protected":false},"excerpt":{"rendered":"","protected":false},"author":2,"featured_media":1192,"comment_status":"closed","ping_status":"open","sticky":false,"template":"","format":"standard","meta":{"footnotes":""},"categories":[1,193],"tags":[],"class_list":["post-1191","post","type-post","status-publish","format-standard","has-post-thumbnail","hentry","category-kyndillinn","category-pistlarod-33-astaedur"],"yoast_head":"<!-- This site is optimized with the Yoast SEO plugin v27.5 - https:\/\/yoast.com\/product\/yoast-seo-wordpress\/ -->\n<title>12. Fem\u00ednismi er r\u00edkisstyrkt valdanet - Kyndillinn<\/title>\n<meta name=\"robots\" content=\"index, follow, max-snippet:-1, max-image-preview:large, max-video-preview:-1\" \/>\n<link rel=\"canonical\" href=\"https:\/\/www.norn.is\/kyndillinn\/12-feminismi-er-rikisstyrkt-valdanet\/\" \/>\n<meta property=\"og:locale\" content=\"is_IS\" \/>\n<meta property=\"og:type\" content=\"article\" \/>\n<meta property=\"og:title\" content=\"12. Fem\u00ednismi er r\u00edkisstyrkt valdanet - Kyndillinn\" \/>\n<meta property=\"og:url\" content=\"https:\/\/www.norn.is\/kyndillinn\/12-feminismi-er-rikisstyrkt-valdanet\/\" \/>\n<meta property=\"og:site_name\" content=\"Kyndillinn\" \/>\n<meta property=\"article:published_time\" content=\"2013-06-12T16:06:05+00:00\" \/>\n<meta property=\"article:modified_time\" content=\"2017-09-11T09:53:38+00:00\" \/>\n<meta property=\"og:image\" content=\"https:\/\/www.norn.is\/kyndillinn\/wp-content\/uploads\/sites\/5\/2014\/08\/12.jpg\" \/>\n\t<meta property=\"og:image:width\" content=\"800\" \/>\n\t<meta property=\"og:image:height\" content=\"398\" \/>\n\t<meta property=\"og:image:type\" content=\"image\/jpeg\" \/>\n<meta name=\"author\" content=\"Eva Hauksd\u00f3ttir\" \/>\n<meta name=\"twitter:card\" content=\"summary_large_image\" \/>\n<meta name=\"twitter:label1\" content=\"Written by\" \/>\n\t<meta name=\"twitter:data1\" content=\"\" \/>\n\t<meta name=\"twitter:label2\" content=\"Est. reading time\" \/>\n\t<meta name=\"twitter:data2\" content=\"1 minute\" \/>\n<script type=\"application\/ld+json\" class=\"yoast-schema-graph\">{\"@context\":\"https:\\\/\\\/schema.org\",\"@graph\":[{\"@type\":\"Article\",\"@id\":\"https:\\\/\\\/www.norn.is\\\/kyndillinn\\\/12-feminismi-er-rikisstyrkt-valdanet\\\/#article\",\"isPartOf\":{\"@id\":\"https:\\\/\\\/www.norn.is\\\/kyndillinn\\\/12-feminismi-er-rikisstyrkt-valdanet\\\/\"},\"author\":{\"name\":\"Eva Hauksd\u00f3ttir\",\"@id\":\"https:\\\/\\\/www.norn.is\\\/kyndillinn\\\/#\\\/schema\\\/person\\\/2eb0fcae9e1ecc61987f7ed9c878531c\"},\"headline\":\"12. Fem\u00ednismi er r\u00edkisstyrkt valdanet\",\"datePublished\":\"2013-06-12T16:06:05+00:00\",\"dateModified\":\"2017-09-11T09:53:38+00:00\",\"mainEntityOfPage\":{\"@id\":\"https:\\\/\\\/www.norn.is\\\/kyndillinn\\\/12-feminismi-er-rikisstyrkt-valdanet\\\/\"},\"wordCount\":247,\"image\":{\"@id\":\"https:\\\/\\\/www.norn.is\\\/kyndillinn\\\/12-feminismi-er-rikisstyrkt-valdanet\\\/#primaryimage\"},\"thumbnailUrl\":\"https:\\\/\\\/www.norn.is\\\/kyndillinn\\\/wp-content\\\/uploads\\\/sites\\\/5\\\/2014\\\/08\\\/12.jpg\",\"articleSection\":[\"Kyndillinn\",\"Pistlar\u00f6\u00f0: 33 \u00e1st\u00e6\u00f0ur\"],\"inLanguage\":\"is\"},{\"@type\":\"WebPage\",\"@id\":\"https:\\\/\\\/www.norn.is\\\/kyndillinn\\\/12-feminismi-er-rikisstyrkt-valdanet\\\/\",\"url\":\"https:\\\/\\\/www.norn.is\\\/kyndillinn\\\/12-feminismi-er-rikisstyrkt-valdanet\\\/\",\"name\":\"12. Fem\u00ednismi er r\u00edkisstyrkt valdanet - Kyndillinn\",\"isPartOf\":{\"@id\":\"https:\\\/\\\/www.norn.is\\\/kyndillinn\\\/#website\"},\"primaryImageOfPage\":{\"@id\":\"https:\\\/\\\/www.norn.is\\\/kyndillinn\\\/12-feminismi-er-rikisstyrkt-valdanet\\\/#primaryimage\"},\"image\":{\"@id\":\"https:\\\/\\\/www.norn.is\\\/kyndillinn\\\/12-feminismi-er-rikisstyrkt-valdanet\\\/#primaryimage\"},\"thumbnailUrl\":\"https:\\\/\\\/www.norn.is\\\/kyndillinn\\\/wp-content\\\/uploads\\\/sites\\\/5\\\/2014\\\/08\\\/12.jpg\",\"datePublished\":\"2013-06-12T16:06:05+00:00\",\"dateModified\":\"2017-09-11T09:53:38+00:00\",\"author\":{\"@id\":\"https:\\\/\\\/www.norn.is\\\/kyndillinn\\\/#\\\/schema\\\/person\\\/2eb0fcae9e1ecc61987f7ed9c878531c\"},\"breadcrumb\":{\"@id\":\"https:\\\/\\\/www.norn.is\\\/kyndillinn\\\/12-feminismi-er-rikisstyrkt-valdanet\\\/#breadcrumb\"},\"inLanguage\":\"is\",\"potentialAction\":[{\"@type\":\"ReadAction\",\"target\":[\"https:\\\/\\\/www.norn.is\\\/kyndillinn\\\/12-feminismi-er-rikisstyrkt-valdanet\\\/\"]}]},{\"@type\":\"ImageObject\",\"inLanguage\":\"is\",\"@id\":\"https:\\\/\\\/www.norn.is\\\/kyndillinn\\\/12-feminismi-er-rikisstyrkt-valdanet\\\/#primaryimage\",\"url\":\"https:\\\/\\\/www.norn.is\\\/kyndillinn\\\/wp-content\\\/uploads\\\/sites\\\/5\\\/2014\\\/08\\\/12.jpg\",\"contentUrl\":\"https:\\\/\\\/www.norn.is\\\/kyndillinn\\\/wp-content\\\/uploads\\\/sites\\\/5\\\/2014\\\/08\\\/12.jpg\",\"width\":800,\"height\":398},{\"@type\":\"BreadcrumbList\",\"@id\":\"https:\\\/\\\/www.norn.is\\\/kyndillinn\\\/12-feminismi-er-rikisstyrkt-valdanet\\\/#breadcrumb\",\"itemListElement\":[{\"@type\":\"ListItem\",\"position\":1,\"name\":\"Home\",\"item\":\"https:\\\/\\\/www.norn.is\\\/kyndillinn\\\/\"},{\"@type\":\"ListItem\",\"position\":2,\"name\":\"12. Fem\u00ednismi er r\u00edkisstyrkt valdanet\"}]},{\"@type\":\"WebSite\",\"@id\":\"https:\\\/\\\/www.norn.is\\\/kyndillinn\\\/#website\",\"url\":\"https:\\\/\\\/www.norn.is\\\/kyndillinn\\\/\",\"name\":\"Kyndillinn\",\"description\":\"Eva um kyn og kl\u00e1m\",\"potentialAction\":[{\"@type\":\"SearchAction\",\"target\":{\"@type\":\"EntryPoint\",\"urlTemplate\":\"https:\\\/\\\/www.norn.is\\\/kyndillinn\\\/?s={search_term_string}\"},\"query-input\":{\"@type\":\"PropertyValueSpecification\",\"valueRequired\":true,\"valueName\":\"search_term_string\"}}],\"inLanguage\":\"is\"},{\"@type\":\"Person\",\"@id\":\"https:\\\/\\\/www.norn.is\\\/kyndillinn\\\/#\\\/schema\\\/person\\\/2eb0fcae9e1ecc61987f7ed9c878531c\",\"name\":\"Eva Hauksd\u00f3ttir\",\"sameAs\":[\"http:\\\/\\\/www.norn.is\"],\"url\":\"https:\\\/\\\/www.norn.is\\\/kyndillinn\\\/author\\\/eva\\\/\"}]}<\/script>\n<!-- \/ Yoast SEO plugin. -->","yoast_head_json":{"title":"12. Fem\u00ednismi er r\u00edkisstyrkt valdanet - Kyndillinn","robots":{"index":"index","follow":"follow","max-snippet":"max-snippet:-1","max-image-preview":"max-image-preview:large","max-video-preview":"max-video-preview:-1"},"canonical":"https:\/\/www.norn.is\/kyndillinn\/12-feminismi-er-rikisstyrkt-valdanet\/","og_locale":"is_IS","og_type":"article","og_title":"12. Fem\u00ednismi er r\u00edkisstyrkt valdanet - Kyndillinn","og_url":"https:\/\/www.norn.is\/kyndillinn\/12-feminismi-er-rikisstyrkt-valdanet\/","og_site_name":"Kyndillinn","article_published_time":"2013-06-12T16:06:05+00:00","article_modified_time":"2017-09-11T09:53:38+00:00","og_image":[{"width":800,"height":398,"url":"https:\/\/www.norn.is\/kyndillinn\/wp-content\/uploads\/sites\/5\/2014\/08\/12.jpg","type":"image\/jpeg"}],"author":"Eva Hauksd\u00f3ttir","twitter_card":"summary_large_image","twitter_misc":{"Written by":false,"Est. reading time":"1 minute"},"schema":{"@context":"https:\/\/schema.org","@graph":[{"@type":"Article","@id":"https:\/\/www.norn.is\/kyndillinn\/12-feminismi-er-rikisstyrkt-valdanet\/#article","isPartOf":{"@id":"https:\/\/www.norn.is\/kyndillinn\/12-feminismi-er-rikisstyrkt-valdanet\/"},"author":{"name":"Eva Hauksd\u00f3ttir","@id":"https:\/\/www.norn.is\/kyndillinn\/#\/schema\/person\/2eb0fcae9e1ecc61987f7ed9c878531c"},"headline":"12. Fem\u00ednismi er r\u00edkisstyrkt valdanet","datePublished":"2013-06-12T16:06:05+00:00","dateModified":"2017-09-11T09:53:38+00:00","mainEntityOfPage":{"@id":"https:\/\/www.norn.is\/kyndillinn\/12-feminismi-er-rikisstyrkt-valdanet\/"},"wordCount":247,"image":{"@id":"https:\/\/www.norn.is\/kyndillinn\/12-feminismi-er-rikisstyrkt-valdanet\/#primaryimage"},"thumbnailUrl":"https:\/\/www.norn.is\/kyndillinn\/wp-content\/uploads\/sites\/5\/2014\/08\/12.jpg","articleSection":["Kyndillinn","Pistlar\u00f6\u00f0: 33 \u00e1st\u00e6\u00f0ur"],"inLanguage":"is"},{"@type":"WebPage","@id":"https:\/\/www.norn.is\/kyndillinn\/12-feminismi-er-rikisstyrkt-valdanet\/","url":"https:\/\/www.norn.is\/kyndillinn\/12-feminismi-er-rikisstyrkt-valdanet\/","name":"12. Fem\u00ednismi er r\u00edkisstyrkt valdanet - Kyndillinn","isPartOf":{"@id":"https:\/\/www.norn.is\/kyndillinn\/#website"},"primaryImageOfPage":{"@id":"https:\/\/www.norn.is\/kyndillinn\/12-feminismi-er-rikisstyrkt-valdanet\/#primaryimage"},"image":{"@id":"https:\/\/www.norn.is\/kyndillinn\/12-feminismi-er-rikisstyrkt-valdanet\/#primaryimage"},"thumbnailUrl":"https:\/\/www.norn.is\/kyndillinn\/wp-content\/uploads\/sites\/5\/2014\/08\/12.jpg","datePublished":"2013-06-12T16:06:05+00:00","dateModified":"2017-09-11T09:53:38+00:00","author":{"@id":"https:\/\/www.norn.is\/kyndillinn\/#\/schema\/person\/2eb0fcae9e1ecc61987f7ed9c878531c"},"breadcrumb":{"@id":"https:\/\/www.norn.is\/kyndillinn\/12-feminismi-er-rikisstyrkt-valdanet\/#breadcrumb"},"inLanguage":"is","potentialAction":[{"@type":"ReadAction","target":["https:\/\/www.norn.is\/kyndillinn\/12-feminismi-er-rikisstyrkt-valdanet\/"]}]},{"@type":"ImageObject","inLanguage":"is","@id":"https:\/\/www.norn.is\/kyndillinn\/12-feminismi-er-rikisstyrkt-valdanet\/#primaryimage","url":"https:\/\/www.norn.is\/kyndillinn\/wp-content\/uploads\/sites\/5\/2014\/08\/12.jpg","contentUrl":"https:\/\/www.norn.is\/kyndillinn\/wp-content\/uploads\/sites\/5\/2014\/08\/12.jpg","width":800,"height":398},{"@type":"BreadcrumbList","@id":"https:\/\/www.norn.is\/kyndillinn\/12-feminismi-er-rikisstyrkt-valdanet\/#breadcrumb","itemListElement":[{"@type":"ListItem","position":1,"name":"Home","item":"https:\/\/www.norn.is\/kyndillinn\/"},{"@type":"ListItem","position":2,"name":"12. Fem\u00ednismi er r\u00edkisstyrkt valdanet"}]},{"@type":"WebSite","@id":"https:\/\/www.norn.is\/kyndillinn\/#website","url":"https:\/\/www.norn.is\/kyndillinn\/","name":"Kyndillinn","description":"Eva um kyn og kl\u00e1m","potentialAction":[{"@type":"SearchAction","target":{"@type":"EntryPoint","urlTemplate":"https:\/\/www.norn.is\/kyndillinn\/?s={search_term_string}"},"query-input":{"@type":"PropertyValueSpecification","valueRequired":true,"valueName":"search_term_string"}}],"inLanguage":"is"},{"@type":"Person","@id":"https:\/\/www.norn.is\/kyndillinn\/#\/schema\/person\/2eb0fcae9e1ecc61987f7ed9c878531c","name":"Eva Hauksd\u00f3ttir","sameAs":["http:\/\/www.norn.is"],"url":"https:\/\/www.norn.is\/kyndillinn\/author\/eva\/"}]}},"_links":{"self":[{"href":"https:\/\/www.norn.is\/kyndillinn\/wp-json\/wp\/v2\/posts\/1191","targetHints":{"allow":["GET"]}}],"collection":[{"href":"https:\/\/www.norn.is\/kyndillinn\/wp-json\/wp\/v2\/posts"}],"about":[{"href":"https:\/\/www.norn.is\/kyndillinn\/wp-json\/wp\/v2\/types\/post"}],"author":[{"embeddable":true,"href":"https:\/\/www.norn.is\/kyndillinn\/wp-json\/wp\/v2\/users\/2"}],"replies":[{"embeddable":true,"href":"https:\/\/www.norn.is\/kyndillinn\/wp-json\/wp\/v2\/comments?post=1191"}],"version-history":[{"count":4,"href":"https:\/\/www.norn.is\/kyndillinn\/wp-json\/wp\/v2\/posts\/1191\/revisions"}],"predecessor-version":[{"id":2931,"href":"https:\/\/www.norn.is\/kyndillinn\/wp-json\/wp\/v2\/posts\/1191\/revisions\/2931"}],"wp:featuredmedia":[{"embeddable":true,"href":"https:\/\/www.norn.is\/kyndillinn\/wp-json\/wp\/v2\/media\/1192"}],"wp:attachment":[{"href":"https:\/\/www.norn.is\/kyndillinn\/wp-json\/wp\/v2\/media?parent=1191"}],"wp:term":[{"taxonomy":"category","embeddable":true,"href":"https:\/\/www.norn.is\/kyndillinn\/wp-json\/wp\/v2\/categories?post=1191"},{"taxonomy":"post_tag","embeddable":true,"href":"https:\/\/www.norn.is\/kyndillinn\/wp-json\/wp\/v2\/tags?post=1191"}],"curies":[{"name":"wp","href":"https:\/\/api.w.org\/{rel}","templated":true}]}}