{"id":1170,"date":"2013-06-02T15:54:00","date_gmt":"2013-06-02T15:54:00","guid":{"rendered":"http:\/\/www.norn.is\/kyndillinn\/?p=1170"},"modified":"2017-09-11T09:56:02","modified_gmt":"2017-09-11T09:56:02","slug":"5-feminisminn-litur-a-konur-sem-fornarlomb","status":"publish","type":"post","link":"https:\/\/www.norn.is\/kyndillinn\/5-feminisminn-litur-a-konur-sem-fornarlomb\/","title":{"rendered":"5. Fem\u00ednisminn l\u00edtur \u00e1 konur sem f\u00f3rnarl\u00f6mb"},"content":{"rendered":"<p><a href=\"http:\/\/www.norn.is\/kyndillinn\/wp-content\/uploads\/sites\/5\/2014\/08\/51.jpg\"><img loading=\"lazy\" decoding=\"async\" class=\"aligncenter size-full wp-image-1171\" src=\"http:\/\/www.norn.is\/kyndillinn\/wp-content\/uploads\/sites\/5\/2014\/08\/51.jpg\" alt=\"5\" width=\"799\" height=\"392\" srcset=\"https:\/\/www.norn.is\/kyndillinn\/wp-content\/uploads\/sites\/5\/2014\/08\/51.jpg 799w, https:\/\/www.norn.is\/kyndillinn\/wp-content\/uploads\/sites\/5\/2014\/08\/51-300x147.jpg 300w\" sizes=\"auto, (max-width: 799px) 100vw, 799px\" \/><\/a><!--more-->Feminisminn l\u00edtur \u00e1 konur sem f\u00f3rnarl\u00f6mb sem feministar \u00feurfi a\u00f0 hafa vit fyrir, stj\u00f3rna og bjarga.<\/p>\n<p>\u00deetta birtist sk\u00fdrast \u00ed umr\u00e6\u00f0unni um kynl\u00edfsi\u00f0na\u00f0inn og sta\u00f0g\u00f6ngum\u00e6\u00f0run. L\u00f6g eru sett til \u00feess a\u00f0 vernda konur fr\u00e1 s\u00ednum eigin \u00e1kv\u00f6r\u00f0unum. Ekki m\u00e1 \u00fe\u00f3 refsa gle\u00f0ikonum og sta\u00f0g\u00f6ngum\u00e6\u00f0rum heldur \u00e1 a\u00f0 refsa vi\u00f0skiptavinum \u00feeirra.<\/p>\n<p>Svona l\u00edtum vi\u00f0 einmitt \u00e1 m\u00e1lin \u00feegar t\u00edu \u00e1ra barn t\u00e6lir \u00feriggja \u00e1ra til \u00feess a\u00f0 brj\u00f3ta gegn auglj\u00f3sum vilja foreldranna. Ef st\u00f3ra barni\u00f0 manar \u00fea\u00f0 litla til \u00feess a\u00f0 klifra upp \u00e1 \u00feak e\u00f0a stela sleikj\u00f3 \u00fe\u00e1 teljum vi\u00f0 st\u00f3ra barni\u00f0 \u00e1byrgt. Flest okkar l\u00edta \u00e1 konur sem fullor\u00f0i\u00f0 f\u00f3lk en \u00ed umr\u00e6\u00f0unni um kynl\u00edfsi\u00f0na\u00f0 og sta\u00f0g\u00f6ngum\u00e6\u00f0run afhj\u00fapast \u00fea\u00f0 feminiska vi\u00f0horf a\u00f0 konur s\u00e9u \u00f3vitar, handbendi vondra karla og r\u00edkra kvenna sem hafi samskonar vald yfir \u00feeim og st\u00e1lpa\u00f0 barn e\u00f0a fullor\u00f0inn hefur yfir sm\u00e1barni.<\/p>\n<p>Annar fl\u00f6tur \u00e1 f\u00f3rnarlambshyggjunni er s\u00fa sko\u00f0un a\u00f0 konur s\u00e9u svo mikilir vesalingar a\u00f0 \u00fe\u00e6r geti ekki sta\u00f0i\u00f0 karlm\u00f6nnum jafnf\u00e6tis \u00e1 eigin sp\u00fdtur og \u00feurfi \u00fev\u00ed a\u00f0 nj\u00f3ta forr\u00e9ttinda. \u00c9g kem n\u00e1nar a\u00f0 \u00fev\u00ed s\u00ed\u00f0ar.<\/p>\n","protected":false},"excerpt":{"rendered":"","protected":false},"author":2,"featured_media":1171,"comment_status":"closed","ping_status":"open","sticky":false,"template":"","format":"standard","meta":{"footnotes":""},"categories":[1,193],"tags":[246],"class_list":["post-1170","post","type-post","status-publish","format-standard","has-post-thumbnail","hentry","category-kyndillinn","category-pistlarod-33-astaedur","tag-fornarlambsfeminismi"],"yoast_head":"<!-- This site is optimized with the Yoast SEO plugin v27.5 - https:\/\/yoast.com\/product\/yoast-seo-wordpress\/ -->\n<title>5. Fem\u00ednisminn l\u00edtur \u00e1 konur sem f\u00f3rnarl\u00f6mb - Kyndillinn<\/title>\n<meta name=\"robots\" content=\"index, follow, max-snippet:-1, max-image-preview:large, max-video-preview:-1\" \/>\n<link rel=\"canonical\" href=\"https:\/\/www.norn.is\/kyndillinn\/5-feminisminn-litur-a-konur-sem-fornarlomb\/\" \/>\n<meta property=\"og:locale\" content=\"is_IS\" \/>\n<meta property=\"og:type\" content=\"article\" \/>\n<meta property=\"og:title\" content=\"5. Fem\u00ednisminn l\u00edtur \u00e1 konur sem f\u00f3rnarl\u00f6mb - Kyndillinn\" \/>\n<meta property=\"og:url\" content=\"https:\/\/www.norn.is\/kyndillinn\/5-feminisminn-litur-a-konur-sem-fornarlomb\/\" \/>\n<meta property=\"og:site_name\" content=\"Kyndillinn\" \/>\n<meta property=\"article:published_time\" content=\"2013-06-02T15:54:00+00:00\" \/>\n<meta property=\"article:modified_time\" content=\"2017-09-11T09:56:02+00:00\" \/>\n<meta property=\"og:image\" content=\"https:\/\/www.norn.is\/kyndillinn\/wp-content\/uploads\/sites\/5\/2014\/08\/51.jpg\" \/>\n\t<meta property=\"og:image:width\" content=\"799\" \/>\n\t<meta property=\"og:image:height\" content=\"392\" \/>\n\t<meta property=\"og:image:type\" content=\"image\/jpeg\" \/>\n<meta name=\"author\" content=\"Eva Hauksd\u00f3ttir\" \/>\n<meta name=\"twitter:card\" content=\"summary_large_image\" \/>\n<meta name=\"twitter:label1\" content=\"Written by\" \/>\n\t<meta name=\"twitter:data1\" content=\"\" \/>\n\t<meta name=\"twitter:label2\" content=\"Est. reading time\" \/>\n\t<meta name=\"twitter:data2\" content=\"1 minute\" \/>\n<script type=\"application\/ld+json\" class=\"yoast-schema-graph\">{\"@context\":\"https:\\\/\\\/schema.org\",\"@graph\":[{\"@type\":\"Article\",\"@id\":\"https:\\\/\\\/www.norn.is\\\/kyndillinn\\\/5-feminisminn-litur-a-konur-sem-fornarlomb\\\/#article\",\"isPartOf\":{\"@id\":\"https:\\\/\\\/www.norn.is\\\/kyndillinn\\\/5-feminisminn-litur-a-konur-sem-fornarlomb\\\/\"},\"author\":{\"name\":\"Eva Hauksd\u00f3ttir\",\"@id\":\"https:\\\/\\\/www.norn.is\\\/kyndillinn\\\/#\\\/schema\\\/person\\\/2eb0fcae9e1ecc61987f7ed9c878531c\"},\"headline\":\"5. Fem\u00ednisminn l\u00edtur \u00e1 konur sem f\u00f3rnarl\u00f6mb\",\"datePublished\":\"2013-06-02T15:54:00+00:00\",\"dateModified\":\"2017-09-11T09:56:02+00:00\",\"mainEntityOfPage\":{\"@id\":\"https:\\\/\\\/www.norn.is\\\/kyndillinn\\\/5-feminisminn-litur-a-konur-sem-fornarlomb\\\/\"},\"wordCount\":228,\"image\":{\"@id\":\"https:\\\/\\\/www.norn.is\\\/kyndillinn\\\/5-feminisminn-litur-a-konur-sem-fornarlomb\\\/#primaryimage\"},\"thumbnailUrl\":\"https:\\\/\\\/www.norn.is\\\/kyndillinn\\\/wp-content\\\/uploads\\\/sites\\\/5\\\/2014\\\/08\\\/51.jpg\",\"keywords\":[\"F\u00f3rnarlambsfem\u00ednismi\"],\"articleSection\":[\"Kyndillinn\",\"Pistlar\u00f6\u00f0: 33 \u00e1st\u00e6\u00f0ur\"],\"inLanguage\":\"is\"},{\"@type\":\"WebPage\",\"@id\":\"https:\\\/\\\/www.norn.is\\\/kyndillinn\\\/5-feminisminn-litur-a-konur-sem-fornarlomb\\\/\",\"url\":\"https:\\\/\\\/www.norn.is\\\/kyndillinn\\\/5-feminisminn-litur-a-konur-sem-fornarlomb\\\/\",\"name\":\"5. Fem\u00ednisminn l\u00edtur \u00e1 konur sem f\u00f3rnarl\u00f6mb - Kyndillinn\",\"isPartOf\":{\"@id\":\"https:\\\/\\\/www.norn.is\\\/kyndillinn\\\/#website\"},\"primaryImageOfPage\":{\"@id\":\"https:\\\/\\\/www.norn.is\\\/kyndillinn\\\/5-feminisminn-litur-a-konur-sem-fornarlomb\\\/#primaryimage\"},\"image\":{\"@id\":\"https:\\\/\\\/www.norn.is\\\/kyndillinn\\\/5-feminisminn-litur-a-konur-sem-fornarlomb\\\/#primaryimage\"},\"thumbnailUrl\":\"https:\\\/\\\/www.norn.is\\\/kyndillinn\\\/wp-content\\\/uploads\\\/sites\\\/5\\\/2014\\\/08\\\/51.jpg\",\"datePublished\":\"2013-06-02T15:54:00+00:00\",\"dateModified\":\"2017-09-11T09:56:02+00:00\",\"author\":{\"@id\":\"https:\\\/\\\/www.norn.is\\\/kyndillinn\\\/#\\\/schema\\\/person\\\/2eb0fcae9e1ecc61987f7ed9c878531c\"},\"breadcrumb\":{\"@id\":\"https:\\\/\\\/www.norn.is\\\/kyndillinn\\\/5-feminisminn-litur-a-konur-sem-fornarlomb\\\/#breadcrumb\"},\"inLanguage\":\"is\",\"potentialAction\":[{\"@type\":\"ReadAction\",\"target\":[\"https:\\\/\\\/www.norn.is\\\/kyndillinn\\\/5-feminisminn-litur-a-konur-sem-fornarlomb\\\/\"]}]},{\"@type\":\"ImageObject\",\"inLanguage\":\"is\",\"@id\":\"https:\\\/\\\/www.norn.is\\\/kyndillinn\\\/5-feminisminn-litur-a-konur-sem-fornarlomb\\\/#primaryimage\",\"url\":\"https:\\\/\\\/www.norn.is\\\/kyndillinn\\\/wp-content\\\/uploads\\\/sites\\\/5\\\/2014\\\/08\\\/51.jpg\",\"contentUrl\":\"https:\\\/\\\/www.norn.is\\\/kyndillinn\\\/wp-content\\\/uploads\\\/sites\\\/5\\\/2014\\\/08\\\/51.jpg\",\"width\":799,\"height\":392},{\"@type\":\"BreadcrumbList\",\"@id\":\"https:\\\/\\\/www.norn.is\\\/kyndillinn\\\/5-feminisminn-litur-a-konur-sem-fornarlomb\\\/#breadcrumb\",\"itemListElement\":[{\"@type\":\"ListItem\",\"position\":1,\"name\":\"Home\",\"item\":\"https:\\\/\\\/www.norn.is\\\/kyndillinn\\\/\"},{\"@type\":\"ListItem\",\"position\":2,\"name\":\"5. Fem\u00ednisminn l\u00edtur \u00e1 konur sem f\u00f3rnarl\u00f6mb\"}]},{\"@type\":\"WebSite\",\"@id\":\"https:\\\/\\\/www.norn.is\\\/kyndillinn\\\/#website\",\"url\":\"https:\\\/\\\/www.norn.is\\\/kyndillinn\\\/\",\"name\":\"Kyndillinn\",\"description\":\"Eva um kyn og kl\u00e1m\",\"potentialAction\":[{\"@type\":\"SearchAction\",\"target\":{\"@type\":\"EntryPoint\",\"urlTemplate\":\"https:\\\/\\\/www.norn.is\\\/kyndillinn\\\/?s={search_term_string}\"},\"query-input\":{\"@type\":\"PropertyValueSpecification\",\"valueRequired\":true,\"valueName\":\"search_term_string\"}}],\"inLanguage\":\"is\"},{\"@type\":\"Person\",\"@id\":\"https:\\\/\\\/www.norn.is\\\/kyndillinn\\\/#\\\/schema\\\/person\\\/2eb0fcae9e1ecc61987f7ed9c878531c\",\"name\":\"Eva Hauksd\u00f3ttir\",\"sameAs\":[\"http:\\\/\\\/www.norn.is\"],\"url\":\"https:\\\/\\\/www.norn.is\\\/kyndillinn\\\/author\\\/eva\\\/\"}]}<\/script>\n<!-- \/ Yoast SEO plugin. -->","yoast_head_json":{"title":"5. Fem\u00ednisminn l\u00edtur \u00e1 konur sem f\u00f3rnarl\u00f6mb - Kyndillinn","robots":{"index":"index","follow":"follow","max-snippet":"max-snippet:-1","max-image-preview":"max-image-preview:large","max-video-preview":"max-video-preview:-1"},"canonical":"https:\/\/www.norn.is\/kyndillinn\/5-feminisminn-litur-a-konur-sem-fornarlomb\/","og_locale":"is_IS","og_type":"article","og_title":"5. Fem\u00ednisminn l\u00edtur \u00e1 konur sem f\u00f3rnarl\u00f6mb - Kyndillinn","og_url":"https:\/\/www.norn.is\/kyndillinn\/5-feminisminn-litur-a-konur-sem-fornarlomb\/","og_site_name":"Kyndillinn","article_published_time":"2013-06-02T15:54:00+00:00","article_modified_time":"2017-09-11T09:56:02+00:00","og_image":[{"width":799,"height":392,"url":"https:\/\/www.norn.is\/kyndillinn\/wp-content\/uploads\/sites\/5\/2014\/08\/51.jpg","type":"image\/jpeg"}],"author":"Eva Hauksd\u00f3ttir","twitter_card":"summary_large_image","twitter_misc":{"Written by":false,"Est. reading time":"1 minute"},"schema":{"@context":"https:\/\/schema.org","@graph":[{"@type":"Article","@id":"https:\/\/www.norn.is\/kyndillinn\/5-feminisminn-litur-a-konur-sem-fornarlomb\/#article","isPartOf":{"@id":"https:\/\/www.norn.is\/kyndillinn\/5-feminisminn-litur-a-konur-sem-fornarlomb\/"},"author":{"name":"Eva Hauksd\u00f3ttir","@id":"https:\/\/www.norn.is\/kyndillinn\/#\/schema\/person\/2eb0fcae9e1ecc61987f7ed9c878531c"},"headline":"5. Fem\u00ednisminn l\u00edtur \u00e1 konur sem f\u00f3rnarl\u00f6mb","datePublished":"2013-06-02T15:54:00+00:00","dateModified":"2017-09-11T09:56:02+00:00","mainEntityOfPage":{"@id":"https:\/\/www.norn.is\/kyndillinn\/5-feminisminn-litur-a-konur-sem-fornarlomb\/"},"wordCount":228,"image":{"@id":"https:\/\/www.norn.is\/kyndillinn\/5-feminisminn-litur-a-konur-sem-fornarlomb\/#primaryimage"},"thumbnailUrl":"https:\/\/www.norn.is\/kyndillinn\/wp-content\/uploads\/sites\/5\/2014\/08\/51.jpg","keywords":["F\u00f3rnarlambsfem\u00ednismi"],"articleSection":["Kyndillinn","Pistlar\u00f6\u00f0: 33 \u00e1st\u00e6\u00f0ur"],"inLanguage":"is"},{"@type":"WebPage","@id":"https:\/\/www.norn.is\/kyndillinn\/5-feminisminn-litur-a-konur-sem-fornarlomb\/","url":"https:\/\/www.norn.is\/kyndillinn\/5-feminisminn-litur-a-konur-sem-fornarlomb\/","name":"5. Fem\u00ednisminn l\u00edtur \u00e1 konur sem f\u00f3rnarl\u00f6mb - Kyndillinn","isPartOf":{"@id":"https:\/\/www.norn.is\/kyndillinn\/#website"},"primaryImageOfPage":{"@id":"https:\/\/www.norn.is\/kyndillinn\/5-feminisminn-litur-a-konur-sem-fornarlomb\/#primaryimage"},"image":{"@id":"https:\/\/www.norn.is\/kyndillinn\/5-feminisminn-litur-a-konur-sem-fornarlomb\/#primaryimage"},"thumbnailUrl":"https:\/\/www.norn.is\/kyndillinn\/wp-content\/uploads\/sites\/5\/2014\/08\/51.jpg","datePublished":"2013-06-02T15:54:00+00:00","dateModified":"2017-09-11T09:56:02+00:00","author":{"@id":"https:\/\/www.norn.is\/kyndillinn\/#\/schema\/person\/2eb0fcae9e1ecc61987f7ed9c878531c"},"breadcrumb":{"@id":"https:\/\/www.norn.is\/kyndillinn\/5-feminisminn-litur-a-konur-sem-fornarlomb\/#breadcrumb"},"inLanguage":"is","potentialAction":[{"@type":"ReadAction","target":["https:\/\/www.norn.is\/kyndillinn\/5-feminisminn-litur-a-konur-sem-fornarlomb\/"]}]},{"@type":"ImageObject","inLanguage":"is","@id":"https:\/\/www.norn.is\/kyndillinn\/5-feminisminn-litur-a-konur-sem-fornarlomb\/#primaryimage","url":"https:\/\/www.norn.is\/kyndillinn\/wp-content\/uploads\/sites\/5\/2014\/08\/51.jpg","contentUrl":"https:\/\/www.norn.is\/kyndillinn\/wp-content\/uploads\/sites\/5\/2014\/08\/51.jpg","width":799,"height":392},{"@type":"BreadcrumbList","@id":"https:\/\/www.norn.is\/kyndillinn\/5-feminisminn-litur-a-konur-sem-fornarlomb\/#breadcrumb","itemListElement":[{"@type":"ListItem","position":1,"name":"Home","item":"https:\/\/www.norn.is\/kyndillinn\/"},{"@type":"ListItem","position":2,"name":"5. Fem\u00ednisminn l\u00edtur \u00e1 konur sem f\u00f3rnarl\u00f6mb"}]},{"@type":"WebSite","@id":"https:\/\/www.norn.is\/kyndillinn\/#website","url":"https:\/\/www.norn.is\/kyndillinn\/","name":"Kyndillinn","description":"Eva um kyn og kl\u00e1m","potentialAction":[{"@type":"SearchAction","target":{"@type":"EntryPoint","urlTemplate":"https:\/\/www.norn.is\/kyndillinn\/?s={search_term_string}"},"query-input":{"@type":"PropertyValueSpecification","valueRequired":true,"valueName":"search_term_string"}}],"inLanguage":"is"},{"@type":"Person","@id":"https:\/\/www.norn.is\/kyndillinn\/#\/schema\/person\/2eb0fcae9e1ecc61987f7ed9c878531c","name":"Eva Hauksd\u00f3ttir","sameAs":["http:\/\/www.norn.is"],"url":"https:\/\/www.norn.is\/kyndillinn\/author\/eva\/"}]}},"_links":{"self":[{"href":"https:\/\/www.norn.is\/kyndillinn\/wp-json\/wp\/v2\/posts\/1170","targetHints":{"allow":["GET"]}}],"collection":[{"href":"https:\/\/www.norn.is\/kyndillinn\/wp-json\/wp\/v2\/posts"}],"about":[{"href":"https:\/\/www.norn.is\/kyndillinn\/wp-json\/wp\/v2\/types\/post"}],"author":[{"embeddable":true,"href":"https:\/\/www.norn.is\/kyndillinn\/wp-json\/wp\/v2\/users\/2"}],"replies":[{"embeddable":true,"href":"https:\/\/www.norn.is\/kyndillinn\/wp-json\/wp\/v2\/comments?post=1170"}],"version-history":[{"count":4,"href":"https:\/\/www.norn.is\/kyndillinn\/wp-json\/wp\/v2\/posts\/1170\/revisions"}],"predecessor-version":[{"id":2935,"href":"https:\/\/www.norn.is\/kyndillinn\/wp-json\/wp\/v2\/posts\/1170\/revisions\/2935"}],"wp:featuredmedia":[{"embeddable":true,"href":"https:\/\/www.norn.is\/kyndillinn\/wp-json\/wp\/v2\/media\/1171"}],"wp:attachment":[{"href":"https:\/\/www.norn.is\/kyndillinn\/wp-json\/wp\/v2\/media?parent=1170"}],"wp:term":[{"taxonomy":"category","embeddable":true,"href":"https:\/\/www.norn.is\/kyndillinn\/wp-json\/wp\/v2\/categories?post=1170"},{"taxonomy":"post_tag","embeddable":true,"href":"https:\/\/www.norn.is\/kyndillinn\/wp-json\/wp\/v2\/tags?post=1170"}],"curies":[{"name":"wp","href":"https:\/\/api.w.org\/{rel}","templated":true}]}}