{"id":1118,"date":"2013-01-12T14:37:01","date_gmt":"2013-01-12T14:37:01","guid":{"rendered":"http:\/\/www.norn.is\/kyndillinn\/?p=1118"},"modified":"2018-02-11T00:07:45","modified_gmt":"2018-02-11T00:07:45","slug":"sjukir-en-fagrir","status":"publish","type":"post","link":"https:\/\/www.norn.is\/kyndillinn\/sjukir-en-fagrir\/","title":{"rendered":"&#8230; sj\u00fakir en fagrir"},"content":{"rendered":"<p><a href=\"http:\/\/www.norn.is\/kyndillinn\/wp-content\/uploads\/sites\/5\/2013\/01\/lauf.jpg\"><img loading=\"lazy\" decoding=\"async\" class=\"alignleft size-full wp-image-2166\" src=\"http:\/\/www.norn.is\/kyndillinn\/wp-content\/uploads\/sites\/5\/2013\/01\/lauf.jpg\" alt=\"lauf\" width=\"852\" height=\"480\" srcset=\"https:\/\/www.norn.is\/kyndillinn\/wp-content\/uploads\/sites\/5\/2013\/01\/lauf.jpg 852w, https:\/\/www.norn.is\/kyndillinn\/wp-content\/uploads\/sites\/5\/2013\/01\/lauf-300x169.jpg 300w, https:\/\/www.norn.is\/kyndillinn\/wp-content\/uploads\/sites\/5\/2013\/01\/lauf-768x433.jpg 768w, https:\/\/www.norn.is\/kyndillinn\/wp-content\/uploads\/sites\/5\/2013\/01\/lauf-500x282.jpg 500w\" sizes=\"auto, (max-width: 852px) 100vw, 852px\" \/><\/a><\/p>\n<p>J\u00e6ja, loksins hefur meintur feministi gert hei\u00f0arlega tilraun til a\u00f0\u00a0<a href=\"http:\/\/knuz.is\/2013\/01\/10\/laufblod-lastarans\/\" target=\"_blank\" rel=\"noopener\">svara gagnr\u00fdni minni<\/a>, \u00fe.e.a.s. \u00fev\u00ed sem \u00e9g hef sagt en ekki einhverju allt \u00f6\u00f0ru.<!--more--><\/p>\n<p>Me\u00f0 v\u00edsu Steingr\u00edms Thorsteinssonar sem G\u00edsli \u00c1sgeirsson notar sem inngang a\u00f0 pistli s\u00ednum, l\u00fdsir hann \u00feeirri afst\u00f6\u00f0u sinni a\u00f0 umfj\u00f6llun m\u00edn um ofst\u00e6ki feminista s\u00e9 ekkert nema \u201er\u00f3gur\u201c. R\u00f3gur er samkv\u00e6mt or\u00f0ab\u00f3karskilgreiningu \u201e\u00f3s\u00f6nn illm\u00e6li\u201c. G\u00edsli tekur \u00ed pistli s\u00ednum fj\u00f6gur af d\u00e6mum m\u00ednum um\u00a0<a href=\"http:\/\/www.norn.is\/kyndillinn\/nokkur-daemi-um-ofstaeki-feminista\/\" target=\"_blank\" rel=\"noopener\">ofst\u00e6ki feminista<\/a>, sem hann flokkar samkv\u00e6mt \u00feessu sem \u00f3s\u00f6nn illm\u00e6li. Vi\u00f0 G\u00edsli \u00a0ver\u00f0um v\u00edst seint samm\u00e1la um \u00fea\u00f0 hvort d\u00e6min sem \u00e9g tek eru \u00f3s\u00f6nn e\u00f0a ekki og \u00fev\u00ed er best a\u00f0 l\u00e1ta lesendum eftir a\u00f0 d\u00e6ma.<\/p>\n<h2><strong>D\u00e6min sem G\u00edsli flokkar sem r\u00f3gbur\u00f0<\/strong><\/h2>\n<p>F\u00e9lag um foreldrajafnr\u00e9tti hefur barist fyrir d\u00f3maraheimild til a\u00f0 d\u00e6ma foreldrum sameiginlegt forr\u00e6\u00f0i vi\u00f0 skilna\u00f0. Halla Gunnarsd\u00f3ttir lag\u00f0ist \u00e1 m\u00f3ti d\u00f3maraheimild. Me\u00f0al \u00feeirra raka sem h\u00fan f\u00e6r\u00f0i fyrir afst\u00f6\u00f0u sinni voru \u00feau a\u00f0 d\u00f3maraheimild bj\u00f3\u00f0i heim h\u00e6ttu \u00e1 a\u00f0 ofbeldisfullir foreldrar f\u00e1i of mikinn a\u00f0gang a\u00f0 b\u00f6rnum s\u00ednum. \u00cd\u00a0<a href=\"http:\/\/www.dv.is\/blogg\/heidab\/2012\/2\/5\/hollu-gunnarsdottur-svarad\/\" target=\"_blank\" rel=\"noopener\">\u00feessum pistli flettir Hei\u00f0a B Hei\u00f0ars ofan af nokkrum rangf\u00e6rslum H\u00f6llu<\/a>\u00a0um m\u00e1li\u00f0 og hvet \u00e9g lesendur til a\u00f0 kynna s\u00e9r greinina. S\u00e1 sem s\u00e9r d\u00f3maraheimild sem jafnr\u00e9ttism\u00e1l hl\u00fdtur um lei\u00f0 a\u00f0 sj\u00e1 frumvarp H\u00f6llu gegn henni sem markvissa bar\u00e1ttu gegn foreldrajafnr\u00e9tti. Hvort d\u00f3maraheimild er jafnr\u00e9ttism\u00e1l ver\u00f0ur hver a\u00f0 gera upp vi\u00f0 sj\u00e1lfan sig.<\/p>\n<p>\u00c9g tel ekki a\u00f0 \u00der\u00e1inn Bertelsson s\u00e9 kvenhatari \u00fe\u00f3tt hann flokki \u00fea\u00f0 sem \u00e6rumei\u00f0ingar a\u00f0 setja \u00f3smekkleg skrif til ungar st\u00falku \u00ed sama flokk og barnanau\u00f0gun. F\u00f3lk \u00fearf ekkert a\u00f0 vera samm\u00e1la \u00der\u00e1ni um a\u00f0 or\u00f0i\u00f0 \u201eheimilisb\u00f6l\u201c s\u00e9 vi\u00f0eigandi um atbur\u00f0i sem J\u00f3n Baldvin var einn \u00e1byrgur fyrir en m\u00e9r finnst ofst\u00e6kisfullt a\u00f0 kalla \u00fea\u00f0 \u201ekvenhatur\u201c. G\u00edsli l\u00edtur \u00e1 \u00fe\u00e1 afst\u00f6\u00f0u m\u00edna sem r\u00f3gbur\u00f0 \u00ed gar\u00f0 feminista. D\u00e6mi n\u00fa hver fyrir sig.<\/p>\n<p><a href=\"http:\/\/tiskublogg.blogspot.com\/\" target=\"_blank\" rel=\"noopener\">T\u00edskubloggi\u00f0<\/a>\u00a0er a\u00f0 mati G\u00edsli ekki til \u00feess \u00e6tla\u00f0 a\u00f0 h\u00e6\u00f0ast a\u00f0 st\u00falkum sem hafa \u00fatlit og t\u00edsku a\u00f0 \u00e1hugam\u00e1li (heldur bara \u00fev\u00ed sem \u00fe\u00e6r gera, segja og lesa.) \u00a0\u00c9g er ekki ein um a\u00f0 hafa misskili\u00f0 \u00feetta svona hrapalega \u00fev\u00ed ein af pjattr\u00f3funum\u00a0<a href=\"https:\/\/bland.is\/messageboard\/messageboard.aspx?advtype=52&amp;badvid=22242293&amp;showAdvid=22242293\" target=\"_blank\" rel=\"noopener\">svara\u00f0i fyrir<\/a>\u00a0sig og ger\u00f0i \u00fea\u00f0 vel. \u00cd pistlinum er einnig komi\u00f0 inn \u00e1 \u00fea\u00f0 hvernig jafnr\u00e9ttisbar\u00e1ttan var yfirtekin me\u00f0 p\u00f3lit\u00edskum r\u00e9tttr\u00fana\u00f0i og konur sem uppfylltu ekki \u00e1kve\u00f0na sta\u00f0almynd fl\u00e6mdar burt. Reyndar hef\u00f0i \u00e9g ekki \u00e1tt a\u00f0 flokka t\u00edskubloggi\u00f0 sem d\u00e6mi um ofst\u00e6ki, heldur tv\u00edskinnung, en lesendur d\u00e6ma sj\u00e1lfir um \u00fea\u00f0 hvort t\u00edskubloggarinn er a\u00f0 h\u00e6\u00f0ast a\u00f0 \u00feeim sem hafa \u00e1huga \u00e1 \u00fatliti og t\u00edsku e\u00f0a hvort \u00fea\u00f0 er bara r\u00f3gbur\u00f0ur af minni h\u00e1lfu.<\/p>\n<p>\u00cd pistlinum sem G\u00edsli v\u00edsar til, nefndi \u00e9g \u00fat\u00farsn\u00faning \u00e1 umfj\u00f6llun minni um h\u00e6ttuna \u00e1 vi\u00f0sn\u00faningi \u00e1 s\u00f6nnunarbyr\u00f0i og tengdi \u00e1\u00a0<a href=\"http:\/\/vegidurlaunsatri.blogspot.com\/2012\/12\/afstaa-er-aldrei-hlutlaus.html\" target=\"_blank\" rel=\"noopener\">\u00feessa steinsmugugrein<\/a>\u00a0sem d\u00e6mi. G\u00edsli telur \u00feetta d\u00e6mi um r\u00f3gbur\u00f0 minn gagnvart feministum \u00fear sem \u00feetta s\u00e9 a\u00f0eins eitt nafnlaust blogg og steinsmugan s\u00e9 ekki fulltr\u00fai feministahreyfingarinnar. Kommon G\u00edsli. \u00deetta er varla svaravert, \u00fea\u00f0 vita allir sem eitthva\u00f0 hafa fylgst me\u00f0 umr\u00e6\u00f0unni a\u00f0 \u00e9g er i\u00f0ulega afgreidd me\u00f0 fullyr\u00f0ingum um a\u00f0 \u00e9g s\u00e9 a\u00f0 verja nau\u00f0gara e\u00f0a gera l\u00edti\u00f0 \u00far \u00feolendum.<\/p>\n<p>&nbsp;<\/p>\n<h2><strong>Er krafan um \u00f6fuga s\u00f6nnunarbyr\u00f0i f\u00f6lna\u00f0 laufbla\u00f0?<\/strong><\/h2>\n<p>Og hversu mikil innist\u00e6\u00f0a er svo fyrir \u00fev\u00ed \u00e1liti m\u00ednu a\u00f0 markmi\u00f0i\u00f0 s\u00e9 a\u00f0 sn\u00faa s\u00f6nnunarbyr\u00f0inni vi\u00f0? G\u00edsli flokkar \u00fe\u00e1 umfj\u00f6llun einnig sem r\u00f3g en \u00e9g get nefnt m\u00f6rg d\u00e6mi:<\/p>\n<p><a href=\"http:\/\/vegidurlaunsatri.blogspot.com\/2007\/11\/fug-snnunarbyri-j-takk.html\" target=\"_blank\" rel=\"noopener\">\u00deetta f\u00f6lna\u00f0a laufbla\u00f0<\/a>\u00a0skrifar nafnlaust og segir hlutina umb\u00fa\u00f0alaust. \u00a0N\u00fa finnst G\u00edsla l\u00edti\u00f0 vera a\u00f0 marka nafnlaust blogg en hva\u00f0 segir hann um \u00feessi or\u00f0 sem Gu\u00f0r\u00fan hj\u00e1 St\u00edgam\u00f3tum l\u00e9t eitt sinn falla? (<a href=\"http:\/\/forrettindafeminismi.com\/2011\/12\/07\/sekur-sama-hvad\/\" target=\"_blank\" rel=\"noopener\">Myndin er tekin h\u00e9\u00f0an<\/a>.)<\/p>\n<p><a href=\"http:\/\/www.norn.is\/kyndillinn\/wp-content\/uploads\/sites\/5\/2013\/01\/saklaus-uns-sekt-er-sc3b6nnuc3b0.jpg\"><img loading=\"lazy\" decoding=\"async\" class=\"aligncenter wp-image-1543 size-full\" src=\"http:\/\/www.norn.is\/kyndillinn\/wp-content\/uploads\/sites\/5\/2013\/01\/saklaus-uns-sekt-er-sc3b6nnuc3b0.jpg\" alt=\"gu\u00f0r\u00fan\" width=\"600\" height=\"368\" srcset=\"https:\/\/www.norn.is\/kyndillinn\/wp-content\/uploads\/sites\/5\/2013\/01\/saklaus-uns-sekt-er-sc3b6nnuc3b0.jpg 600w, https:\/\/www.norn.is\/kyndillinn\/wp-content\/uploads\/sites\/5\/2013\/01\/saklaus-uns-sekt-er-sc3b6nnuc3b0-300x184.jpg 300w\" sizes=\"auto, (max-width: 600px) 100vw, 600px\" \/><\/a><\/p>\n<p>\u00c9g hef \u00e1\u00f0ur bent \u00e1 skrif \u00d6nnu Bent\u00ednu Hermansen og Mar\u00edu Lilju \u00derastard\u00f3ttur um\u00a0<a href=\"https:\/\/web.archive.org\/web\/20120121083145\/http:\/\/smugan.is\/2011\/12\/karlaegt-rettarkerfi-besti-vinur-naudgarans\/\" target=\"_blank\" rel=\"noopener\">karll\u00e6gni r\u00e9ttarkerfisins<\/a>\u00a0(sem er\u00a0<a href=\"http:\/\/www.pistillinn.is\/?p=1700\" target=\"_blank\" rel=\"noopener\">ekki n\u00e6rri eins kvenfjandsamlegt og \u00fe\u00e6r sta\u00f0h\u00e6fa<\/a>). \u00de\u00e6r st\u00f6llur segja m.a:<\/p>\n<blockquote><p>S\u00fa sko\u00f0un er \u00fev\u00ed r\u00edkjandi a\u00f0 f\u00f3rnarlambi nau\u00f0gunar eru settar \u00fe\u00e6r takmarkanir vi\u00f0 \u00e1k\u00e6ru a\u00f0 sanna beri fyrir l\u00f6gum, \u00e1setning \u00feess sem br\u00fdtur, framar \u00fev\u00ed a\u00f0 meintur nau\u00f0gari skuli \u00feurfa a\u00f0 s\u00fdna fram \u00e1 sakleysi sitt.<\/p><\/blockquote>\n<p>H\u00e9r m\u00e1 sj\u00e1 anna\u00f0 d\u00e6mi um \u00fea\u00f0 hvernig \u00feetta vi\u00f0horf birtist; \u00fea\u00f0 er einfaldlega ekki inni \u00ed myndinni a\u00f0 kona geti bori\u00f0 rangar sakir \u00e1 mann, \u00fer\u00e1tt fyrir m\u00fdm\u00f6rg d\u00e6mi um \u00fea\u00f0 fr\u00e1 n\u00e1grannal\u00f6ndnunum a\u00f0 meins\u00e6ri hafi sannast.<\/p>\n<p><a href=\"http:\/\/www.norn.is\/kyndillinn\/wp-content\/uploads\/sites\/5\/2013\/01\/Untitled.jpg\"><img loading=\"lazy\" decoding=\"async\" class=\"alignleft wp-image-1542 size-full\" src=\"http:\/\/www.norn.is\/kyndillinn\/wp-content\/uploads\/sites\/5\/2013\/01\/Untitled.jpg\" alt=\"Untitled\" width=\"548\" height=\"356\" srcset=\"https:\/\/www.norn.is\/kyndillinn\/wp-content\/uploads\/sites\/5\/2013\/01\/Untitled.jpg 548w, https:\/\/www.norn.is\/kyndillinn\/wp-content\/uploads\/sites\/5\/2013\/01\/Untitled-300x194.jpg 300w\" sizes=\"auto, (max-width: 548px) 100vw, 548px\" \/><\/a><\/p>\n<p>Da\u00f0ur vi\u00f0 \u00fe\u00e1 hugmynd a\u00f0 slaka \u00e1 s\u00f6nnunarkr\u00f6fum, e\u00f0a jafnvel a\u00f0 sn\u00faa s\u00f6nnunarbyr\u00f0inni vi\u00f0, birtist afar vel \u00ed umr\u00e6\u00f0unni um m\u00e1l Egils Einarssonar en \u00e9g nefndi einmitt nokkur d\u00e6mi\u00a0<a href=\"https:\/\/web.archive.org\/web\/20130111220035\/http:\/\/blogg.smugan.is\/drifa\/2011\/12\/02\/eg-heimta-opinbera-kaeru\/\" target=\"_blank\" rel=\"noopener\">um \u00fea\u00f0\u00a0<\/a>a(titli greinarinnar var s\u00ed\u00f0ar breytt en hann s\u00e9st enn \u00ed vefsl\u00f3\u00f0inni) af h\u00e1lfu\u00a0<a href=\"http:\/\/www.visir.is\/borgarfulltrui-vill-ad-rikissaksoknari-gefi-ut-akaeru-i-gillz-malinu\/article\/2012120118950\" target=\"_blank\" rel=\"noopener\">\u00feekktra feminsta<\/a>\u00a0\u00ed pistlinum sem G\u00edsli er a\u00f0 gagnr\u00fdna. \u00c9g get nefnt m\u00f6rg fleiri um sama m\u00e1l.<\/p>\n<p><a href=\"http:\/\/www.norn.is\/kyndillinn\/frumvarp-um-ofuga-sonnunarbyrdi-er-thegar-komid-fram\/\" target=\"_blank\" rel=\"noopener\">Lagafrumvarpi\u00f0 margr\u00e6dda<\/a>, (sem G\u00edsli telur \u00fdmist a\u00f0 s\u00e9 ekki d\u00e6mi um sj\u00f3narmi\u00f0 feminista e\u00f0a \u00fe\u00e1 a\u00f0 bo\u00f0i alls ekki vi\u00f0sn\u00faning \u00e1 s\u00f6nnunarbyr\u00f0i) var\u00f0 ekki til af einsk\u00e6rri tilviljun \u00ed h\u00f6f\u00f0i Atla G\u00edslasonar. Frumvarpi\u00f0 hef\u00f0i ekki or\u00f0i\u00f0 til nema vegna \u00feess a\u00f0 \u00feessi hugmynd hefur veri\u00f0 r\u00e6dd \u00ed samf\u00e9laginu \u00e1ratugum saman. S\u00fa umr\u00e6\u00f0a var\u00f0 fyrst \u00e1berandi me\u00f0 stofnun St\u00edgam\u00f3ta og \u00fea\u00f0 eru feministar sem hafa haldi\u00f0 \u00feeirri umr\u00e6\u00f0u uppi. Sem betur fer hefur frumvarpi\u00f0 enn ekki veri\u00f0 sam\u00feykkt.<\/p>\n<p>&nbsp;<\/p>\n<h2><strong>M\u00e1 \u00fe\u00e1 aldrei vi\u00f0urkenna sekt?<\/strong><\/h2>\n<p>\u00deessi klausa \u00ed ni\u00f0urlaginu \u00e1 pistli G\u00edsla er \u00ed meira lagi undarleg:<\/p>\n<blockquote><p>Nafngreindur ma\u00f0ur var og er saka\u00f0ur um barnan\u00ed\u00f0. \u00dear voru og eru engar sannanir fyrir hendi, a\u00f0eins or\u00f0 \u00feolenda og hugsanlega s\u00e1lfr\u00e6\u00f0ilegt mat \u00e1 andlegri l\u00ed\u00f0an\/\u00e1f\u00f6llum, sem pistilsh\u00f6fundur hefur hinga\u00f0 til gefi\u00f0 l\u00edti\u00f0 fyrir, enda ekki byggt \u00e1 v\u00edsindalegum sta\u00f0reyndum, heldur svonefndri \u201eupplifunarforsendu.\u201c Til a\u00f0 g\u00e6ta hlutleysis ver\u00f0ur a\u00f0 segja \u201emeintir \u00feolendur.<\/p><\/blockquote>\n<p>Um er a\u00f0 r\u00e6\u00f0a mann sem hefur j\u00e1ta\u00f0 afdr\u00e1ttarlaust, fyrir framan myndav\u00e9l, kynfer\u00f0isbrot gegn miklum fj\u00f6lda barna. Ma\u00f0urinn hefur veri\u00f0 d\u00e6mdur fyrir kynfer\u00f0isbrot, veri\u00f0 rekinn \u00far vinnu vegna kynfer\u00f0isbrota, vitni hafa beinl\u00ednis sta\u00f0i\u00f0 hann a\u00f0 verki og fj\u00f6lda \u00feolenda ber saman \u00ed l\u00fdsingum s\u00ednum \u00e1 a\u00f0f\u00f6rum hans. \u00dea\u00f0 er fr\u00e1leitt a\u00f0 bera sl\u00edkar sannanir saman vi\u00f0 \u00feau d\u00e6miger\u00f0u m\u00e1l sem v\u00edsa\u00f0 hefur veri\u00f0 d\u00f3mi fr\u00e1 vegna skorts \u00e1 s\u00f6nnunum. A\u00f0 sj\u00e1lfs\u00f6g\u00f0u eiga fj\u00f6lmi\u00f0lar a\u00f0 veita yfirv\u00f6ldum a\u00f0hald me\u00f0 ranns\u00f3knarbla\u00f0amennsku og \u00fe\u00f3tt grundvallarregla fj\u00f6lmi\u00f0la \u00e6tti a\u00f0 vera s\u00fa a\u00f0 l\u00edta \u00e1 f\u00f3lk sem saklaust uns sekt er s\u00f6nnu\u00f0, v\u00e6ri \u00fea\u00f0 vont d\u00e6mi um p\u00f3lit\u00edskan r\u00e9tttr\u00fana\u00f0, a\u00f0 halda svo fast vi\u00f0 \u00fe\u00e1 meginreglu a\u00f0 ekki megi greina fr\u00e1 himinhr\u00f3pandi s\u00f6nnunum. Fr\u00e1s\u00f6gn einnar manneskju e\u00f0a vottor\u00f0 um \u00e1fallastreitur\u00f6skun er ekki sl\u00edk s\u00f6nnun.<\/p>\n<p>&nbsp;<\/p>\n<h2><strong>Hvar er laufsk\u00f3gurinn \u00fe\u00e1?<\/strong><\/h2>\n<p>K\u00e6ri G\u00edsli<\/p>\n<p>Ef m\u00e1lflutningur kvenna \u00e1 bor\u00f0 vi\u00f0 H\u00f6llu Gunnarsd\u00f3ttir, Gu\u00f0r\u00fanu hj\u00e1 St\u00edgam\u00f3tum, Hildi Lilliendahl, S\u00f3leyju T\u00f3masd\u00f3ttur, \u00d6nnu Bent\u00ednu Hermansen, Mar\u00edu Lilju \u00derastard\u00f3ttur, Ingibj\u00f6rgu D\u00f6gg Kjartansd\u00f3ttur, Launs\u00e1tursbloggarann og Dr\u00edfu Sn\u00e6dal, er \u201ef\u00f6lnu\u00f0 laufbl\u00f6\u00f0\u201c feministahreyfingarinnar, hvar er \u00fe\u00e1 gr\u00f3andinn? Hverjir eru hinir brei\u00f0u stofnar sem \u00e1n \u00feess a\u00f0 \u00fatm\u00e1la konur sem f\u00f3rnarl\u00f6mb og karla sem sk\u00farka, bera uppi bar\u00e1ttu fyrir kynjajafnr\u00e9tti og stu\u00f0la a\u00f0 gagnkv\u00e6mum skilningi milli karla og kvenna?<\/p>\n<p>\u00c9g hef ekki or\u00f0i\u00f0 v\u00f6r vi\u00f0 lauf\u00feykkni uppbyggilegrar jafnr\u00e9ttisumr\u00e6\u00f0u en ef \u00fe\u00fa veist hvar \u00fea\u00f0 leynist m\u00e1ttu gjarnan benda \u00e1 nokkur laufbl\u00f6\u00f0 sem benda til s\u00e6milega heilbrig\u00f0ra vi\u00f0horfa. E\u00f0a er kvenhyggjan kannski l\u00edti\u00f0 anna\u00f0 en hrungj\u00f6rn lauf \u00ed haustsk\u00f3gi? F\u00f6gur or\u00f0 og \u00edmyndir, sem \u00feegar betur a\u00f0 er g\u00e1\u00f0, benda til helsj\u00fakra vi\u00f0horfa? \u00c9g held \u00fea\u00f0 og \u00feessvegna vona \u00e9g a\u00f0 hennar s\u00ed\u00f0ustu dagar s\u00e9u \u00ed n\u00e1nd.<\/p>\n","protected":false},"excerpt":{"rendered":"<p>J\u00e6ja, loksins hefur meintur feministi gert hei\u00f0arlega tilraun til a\u00f0\u00a0svara gagnr\u00fdni minni, \u00fe.e.a.s. \u00fev\u00ed sem \u00e9g hef sagt en ekki einhverju allt \u00f6\u00f0ru.<\/p>\n","protected":false},"author":2,"featured_media":1545,"comment_status":"closed","ping_status":"open","sticky":false,"template":"","format":"standard","meta":{"footnotes":""},"categories":[1,15],"tags":[206,208,89,207,209],"class_list":["post-1118","post","type-post","status-publish","format-standard","has-post-thumbnail","hentry","category-kyndillinn","category-ordraedan-og-umraedan","tag-gisli-asgeirsson","tag-gudrun-i-stigamotum","tag-knuz-is","tag-knuzid","tag-ofug-sonnunarbyrdi"],"yoast_head":"<!-- This site is optimized with the Yoast SEO plugin v27.4 - https:\/\/yoast.com\/product\/yoast-seo-wordpress\/ -->\n<title>... sj\u00fakir en fagrir - Kyndillinn<\/title>\n<meta name=\"robots\" content=\"index, follow, max-snippet:-1, max-image-preview:large, max-video-preview:-1\" \/>\n<link rel=\"canonical\" href=\"https:\/\/www.norn.is\/kyndillinn\/sjukir-en-fagrir\/\" \/>\n<meta property=\"og:locale\" content=\"is_IS\" \/>\n<meta property=\"og:type\" content=\"article\" \/>\n<meta property=\"og:title\" content=\"... sj\u00fakir en fagrir - Kyndillinn\" \/>\n<meta property=\"og:description\" content=\"J\u00e6ja, loksins hefur meintur feministi gert hei\u00f0arlega tilraun til a\u00f0\u00a0svara gagnr\u00fdni minni, \u00fe.e.a.s. \u00fev\u00ed sem \u00e9g hef sagt en ekki einhverju allt \u00f6\u00f0ru.\" \/>\n<meta property=\"og:url\" content=\"https:\/\/www.norn.is\/kyndillinn\/sjukir-en-fagrir\/\" \/>\n<meta property=\"og:site_name\" content=\"Kyndillinn\" \/>\n<meta property=\"article:published_time\" content=\"2013-01-12T14:37:01+00:00\" \/>\n<meta property=\"article:modified_time\" content=\"2018-02-11T00:07:45+00:00\" \/>\n<meta property=\"og:image\" content=\"https:\/\/www.norn.is\/kyndillinn\/wp-content\/uploads\/sites\/5\/2013\/01\/gudrun.png\" \/>\n\t<meta property=\"og:image:width\" content=\"800\" \/>\n\t<meta property=\"og:image:height\" content=\"363\" \/>\n\t<meta property=\"og:image:type\" content=\"image\/png\" \/>\n<meta name=\"author\" content=\"Eva Hauksd\u00f3ttir\" \/>\n<meta name=\"twitter:card\" content=\"summary_large_image\" \/>\n<meta name=\"twitter:label1\" content=\"Written by\" \/>\n\t<meta name=\"twitter:data1\" content=\"\" \/>\n\t<meta name=\"twitter:label2\" content=\"Est. reading time\" \/>\n\t<meta name=\"twitter:data2\" content=\"7 minutes\" \/>\n<script type=\"application\/ld+json\" class=\"yoast-schema-graph\">{\"@context\":\"https:\\\/\\\/schema.org\",\"@graph\":[{\"@type\":\"Article\",\"@id\":\"https:\\\/\\\/www.norn.is\\\/kyndillinn\\\/sjukir-en-fagrir\\\/#article\",\"isPartOf\":{\"@id\":\"https:\\\/\\\/www.norn.is\\\/kyndillinn\\\/sjukir-en-fagrir\\\/\"},\"author\":{\"name\":\"Eva Hauksd\u00f3ttir\",\"@id\":\"https:\\\/\\\/www.norn.is\\\/kyndillinn\\\/#\\\/schema\\\/person\\\/2eb0fcae9e1ecc61987f7ed9c878531c\"},\"headline\":\"&#8230; sj\u00fakir en fagrir\",\"datePublished\":\"2013-01-12T14:37:01+00:00\",\"dateModified\":\"2018-02-11T00:07:45+00:00\",\"mainEntityOfPage\":{\"@id\":\"https:\\\/\\\/www.norn.is\\\/kyndillinn\\\/sjukir-en-fagrir\\\/\"},\"wordCount\":1474,\"image\":{\"@id\":\"https:\\\/\\\/www.norn.is\\\/kyndillinn\\\/sjukir-en-fagrir\\\/#primaryimage\"},\"thumbnailUrl\":\"https:\\\/\\\/www.norn.is\\\/kyndillinn\\\/wp-content\\\/uploads\\\/sites\\\/5\\\/2013\\\/01\\\/gudrun.png\",\"keywords\":[\"G\u00edsli \u00c1sgeirsson\",\"Gu\u00f0r\u00fan \u00ed St\u00edgam\u00f3tum\",\"Knuz.is\",\"Kn\u00fazi\u00f0\",\"\u00d6fug s\u00f6nnunarbyr\u00f0i\"],\"articleSection\":[\"Kyndillinn\",\"Or\u00f0r\u00e6\u00f0an og umr\u00e6\u00f0an\"],\"inLanguage\":\"is\"},{\"@type\":\"WebPage\",\"@id\":\"https:\\\/\\\/www.norn.is\\\/kyndillinn\\\/sjukir-en-fagrir\\\/\",\"url\":\"https:\\\/\\\/www.norn.is\\\/kyndillinn\\\/sjukir-en-fagrir\\\/\",\"name\":\"... sj\u00fakir en fagrir - Kyndillinn\",\"isPartOf\":{\"@id\":\"https:\\\/\\\/www.norn.is\\\/kyndillinn\\\/#website\"},\"primaryImageOfPage\":{\"@id\":\"https:\\\/\\\/www.norn.is\\\/kyndillinn\\\/sjukir-en-fagrir\\\/#primaryimage\"},\"image\":{\"@id\":\"https:\\\/\\\/www.norn.is\\\/kyndillinn\\\/sjukir-en-fagrir\\\/#primaryimage\"},\"thumbnailUrl\":\"https:\\\/\\\/www.norn.is\\\/kyndillinn\\\/wp-content\\\/uploads\\\/sites\\\/5\\\/2013\\\/01\\\/gudrun.png\",\"datePublished\":\"2013-01-12T14:37:01+00:00\",\"dateModified\":\"2018-02-11T00:07:45+00:00\",\"author\":{\"@id\":\"https:\\\/\\\/www.norn.is\\\/kyndillinn\\\/#\\\/schema\\\/person\\\/2eb0fcae9e1ecc61987f7ed9c878531c\"},\"breadcrumb\":{\"@id\":\"https:\\\/\\\/www.norn.is\\\/kyndillinn\\\/sjukir-en-fagrir\\\/#breadcrumb\"},\"inLanguage\":\"is\",\"potentialAction\":[{\"@type\":\"ReadAction\",\"target\":[\"https:\\\/\\\/www.norn.is\\\/kyndillinn\\\/sjukir-en-fagrir\\\/\"]}]},{\"@type\":\"ImageObject\",\"inLanguage\":\"is\",\"@id\":\"https:\\\/\\\/www.norn.is\\\/kyndillinn\\\/sjukir-en-fagrir\\\/#primaryimage\",\"url\":\"https:\\\/\\\/www.norn.is\\\/kyndillinn\\\/wp-content\\\/uploads\\\/sites\\\/5\\\/2013\\\/01\\\/gudrun.png\",\"contentUrl\":\"https:\\\/\\\/www.norn.is\\\/kyndillinn\\\/wp-content\\\/uploads\\\/sites\\\/5\\\/2013\\\/01\\\/gudrun.png\",\"width\":800,\"height\":363},{\"@type\":\"BreadcrumbList\",\"@id\":\"https:\\\/\\\/www.norn.is\\\/kyndillinn\\\/sjukir-en-fagrir\\\/#breadcrumb\",\"itemListElement\":[{\"@type\":\"ListItem\",\"position\":1,\"name\":\"Home\",\"item\":\"https:\\\/\\\/www.norn.is\\\/kyndillinn\\\/\"},{\"@type\":\"ListItem\",\"position\":2,\"name\":\"&#8230; sj\u00fakir en fagrir\"}]},{\"@type\":\"WebSite\",\"@id\":\"https:\\\/\\\/www.norn.is\\\/kyndillinn\\\/#website\",\"url\":\"https:\\\/\\\/www.norn.is\\\/kyndillinn\\\/\",\"name\":\"Kyndillinn\",\"description\":\"Eva um kyn og kl\u00e1m\",\"potentialAction\":[{\"@type\":\"SearchAction\",\"target\":{\"@type\":\"EntryPoint\",\"urlTemplate\":\"https:\\\/\\\/www.norn.is\\\/kyndillinn\\\/?s={search_term_string}\"},\"query-input\":{\"@type\":\"PropertyValueSpecification\",\"valueRequired\":true,\"valueName\":\"search_term_string\"}}],\"inLanguage\":\"is\"},{\"@type\":\"Person\",\"@id\":\"https:\\\/\\\/www.norn.is\\\/kyndillinn\\\/#\\\/schema\\\/person\\\/2eb0fcae9e1ecc61987f7ed9c878531c\",\"name\":\"Eva Hauksd\u00f3ttir\",\"sameAs\":[\"http:\\\/\\\/www.norn.is\"],\"url\":\"https:\\\/\\\/www.norn.is\\\/kyndillinn\\\/author\\\/eva\\\/\"}]}<\/script>\n<!-- \/ Yoast SEO plugin. -->","yoast_head_json":{"title":"... sj\u00fakir en fagrir - Kyndillinn","robots":{"index":"index","follow":"follow","max-snippet":"max-snippet:-1","max-image-preview":"max-image-preview:large","max-video-preview":"max-video-preview:-1"},"canonical":"https:\/\/www.norn.is\/kyndillinn\/sjukir-en-fagrir\/","og_locale":"is_IS","og_type":"article","og_title":"... sj\u00fakir en fagrir - Kyndillinn","og_description":"J\u00e6ja, loksins hefur meintur feministi gert hei\u00f0arlega tilraun til a\u00f0\u00a0svara gagnr\u00fdni minni, \u00fe.e.a.s. \u00fev\u00ed sem \u00e9g hef sagt en ekki einhverju allt \u00f6\u00f0ru.","og_url":"https:\/\/www.norn.is\/kyndillinn\/sjukir-en-fagrir\/","og_site_name":"Kyndillinn","article_published_time":"2013-01-12T14:37:01+00:00","article_modified_time":"2018-02-11T00:07:45+00:00","og_image":[{"width":800,"height":363,"url":"https:\/\/www.norn.is\/kyndillinn\/wp-content\/uploads\/sites\/5\/2013\/01\/gudrun.png","type":"image\/png"}],"author":"Eva Hauksd\u00f3ttir","twitter_card":"summary_large_image","twitter_misc":{"Written by":false,"Est. reading time":"7 minutes"},"schema":{"@context":"https:\/\/schema.org","@graph":[{"@type":"Article","@id":"https:\/\/www.norn.is\/kyndillinn\/sjukir-en-fagrir\/#article","isPartOf":{"@id":"https:\/\/www.norn.is\/kyndillinn\/sjukir-en-fagrir\/"},"author":{"name":"Eva Hauksd\u00f3ttir","@id":"https:\/\/www.norn.is\/kyndillinn\/#\/schema\/person\/2eb0fcae9e1ecc61987f7ed9c878531c"},"headline":"&#8230; sj\u00fakir en fagrir","datePublished":"2013-01-12T14:37:01+00:00","dateModified":"2018-02-11T00:07:45+00:00","mainEntityOfPage":{"@id":"https:\/\/www.norn.is\/kyndillinn\/sjukir-en-fagrir\/"},"wordCount":1474,"image":{"@id":"https:\/\/www.norn.is\/kyndillinn\/sjukir-en-fagrir\/#primaryimage"},"thumbnailUrl":"https:\/\/www.norn.is\/kyndillinn\/wp-content\/uploads\/sites\/5\/2013\/01\/gudrun.png","keywords":["G\u00edsli \u00c1sgeirsson","Gu\u00f0r\u00fan \u00ed St\u00edgam\u00f3tum","Knuz.is","Kn\u00fazi\u00f0","\u00d6fug s\u00f6nnunarbyr\u00f0i"],"articleSection":["Kyndillinn","Or\u00f0r\u00e6\u00f0an og umr\u00e6\u00f0an"],"inLanguage":"is"},{"@type":"WebPage","@id":"https:\/\/www.norn.is\/kyndillinn\/sjukir-en-fagrir\/","url":"https:\/\/www.norn.is\/kyndillinn\/sjukir-en-fagrir\/","name":"... sj\u00fakir en fagrir - Kyndillinn","isPartOf":{"@id":"https:\/\/www.norn.is\/kyndillinn\/#website"},"primaryImageOfPage":{"@id":"https:\/\/www.norn.is\/kyndillinn\/sjukir-en-fagrir\/#primaryimage"},"image":{"@id":"https:\/\/www.norn.is\/kyndillinn\/sjukir-en-fagrir\/#primaryimage"},"thumbnailUrl":"https:\/\/www.norn.is\/kyndillinn\/wp-content\/uploads\/sites\/5\/2013\/01\/gudrun.png","datePublished":"2013-01-12T14:37:01+00:00","dateModified":"2018-02-11T00:07:45+00:00","author":{"@id":"https:\/\/www.norn.is\/kyndillinn\/#\/schema\/person\/2eb0fcae9e1ecc61987f7ed9c878531c"},"breadcrumb":{"@id":"https:\/\/www.norn.is\/kyndillinn\/sjukir-en-fagrir\/#breadcrumb"},"inLanguage":"is","potentialAction":[{"@type":"ReadAction","target":["https:\/\/www.norn.is\/kyndillinn\/sjukir-en-fagrir\/"]}]},{"@type":"ImageObject","inLanguage":"is","@id":"https:\/\/www.norn.is\/kyndillinn\/sjukir-en-fagrir\/#primaryimage","url":"https:\/\/www.norn.is\/kyndillinn\/wp-content\/uploads\/sites\/5\/2013\/01\/gudrun.png","contentUrl":"https:\/\/www.norn.is\/kyndillinn\/wp-content\/uploads\/sites\/5\/2013\/01\/gudrun.png","width":800,"height":363},{"@type":"BreadcrumbList","@id":"https:\/\/www.norn.is\/kyndillinn\/sjukir-en-fagrir\/#breadcrumb","itemListElement":[{"@type":"ListItem","position":1,"name":"Home","item":"https:\/\/www.norn.is\/kyndillinn\/"},{"@type":"ListItem","position":2,"name":"&#8230; sj\u00fakir en fagrir"}]},{"@type":"WebSite","@id":"https:\/\/www.norn.is\/kyndillinn\/#website","url":"https:\/\/www.norn.is\/kyndillinn\/","name":"Kyndillinn","description":"Eva um kyn og kl\u00e1m","potentialAction":[{"@type":"SearchAction","target":{"@type":"EntryPoint","urlTemplate":"https:\/\/www.norn.is\/kyndillinn\/?s={search_term_string}"},"query-input":{"@type":"PropertyValueSpecification","valueRequired":true,"valueName":"search_term_string"}}],"inLanguage":"is"},{"@type":"Person","@id":"https:\/\/www.norn.is\/kyndillinn\/#\/schema\/person\/2eb0fcae9e1ecc61987f7ed9c878531c","name":"Eva Hauksd\u00f3ttir","sameAs":["http:\/\/www.norn.is"],"url":"https:\/\/www.norn.is\/kyndillinn\/author\/eva\/"}]}},"_links":{"self":[{"href":"https:\/\/www.norn.is\/kyndillinn\/wp-json\/wp\/v2\/posts\/1118","targetHints":{"allow":["GET"]}}],"collection":[{"href":"https:\/\/www.norn.is\/kyndillinn\/wp-json\/wp\/v2\/posts"}],"about":[{"href":"https:\/\/www.norn.is\/kyndillinn\/wp-json\/wp\/v2\/types\/post"}],"author":[{"embeddable":true,"href":"https:\/\/www.norn.is\/kyndillinn\/wp-json\/wp\/v2\/users\/2"}],"replies":[{"embeddable":true,"href":"https:\/\/www.norn.is\/kyndillinn\/wp-json\/wp\/v2\/comments?post=1118"}],"version-history":[{"count":7,"href":"https:\/\/www.norn.is\/kyndillinn\/wp-json\/wp\/v2\/posts\/1118\/revisions"}],"predecessor-version":[{"id":3356,"href":"https:\/\/www.norn.is\/kyndillinn\/wp-json\/wp\/v2\/posts\/1118\/revisions\/3356"}],"wp:featuredmedia":[{"embeddable":true,"href":"https:\/\/www.norn.is\/kyndillinn\/wp-json\/wp\/v2\/media\/1545"}],"wp:attachment":[{"href":"https:\/\/www.norn.is\/kyndillinn\/wp-json\/wp\/v2\/media?parent=1118"}],"wp:term":[{"taxonomy":"category","embeddable":true,"href":"https:\/\/www.norn.is\/kyndillinn\/wp-json\/wp\/v2\/categories?post=1118"},{"taxonomy":"post_tag","embeddable":true,"href":"https:\/\/www.norn.is\/kyndillinn\/wp-json\/wp\/v2\/tags?post=1118"}],"curies":[{"name":"wp","href":"https:\/\/api.w.org\/{rel}","templated":true}]}}