{"id":1053,"date":"2012-02-22T11:38:13","date_gmt":"2012-02-22T11:38:13","guid":{"rendered":"http:\/\/www.norn.is\/kyndillinn\/?p=1053"},"modified":"2018-02-22T00:38:58","modified_gmt":"2018-02-22T00:38:58","slug":"klamenglar-og-donapukar","status":"publish","type":"post","link":"https:\/\/www.norn.is\/kyndillinn\/klamenglar-og-donapukar\/","title":{"rendered":"Kl\u00e1menglar og d\u00f3nap\u00fakar"},"content":{"rendered":"<p style=\"text-align: center;\"><a href=\"http:\/\/www.norn.is\/kyndillinn\/wp-content\/uploads\/sites\/5\/2014\/08\/pukar.png\"><img loading=\"lazy\" decoding=\"async\" class=\" size-full wp-image-1056 aligncenter\" src=\"http:\/\/www.norn.is\/kyndillinn\/wp-content\/uploads\/sites\/5\/2014\/08\/pukar.png\" alt=\"pukar\" width=\"353\" height=\"370\" srcset=\"https:\/\/www.norn.is\/kyndillinn\/wp-content\/uploads\/sites\/5\/2014\/08\/pukar.png 353w, https:\/\/www.norn.is\/kyndillinn\/wp-content\/uploads\/sites\/5\/2014\/08\/pukar-286x300.png 286w\" sizes=\"auto, (max-width: 353px) 100vw, 353px\" \/><\/a><br \/>\nNei, \u00e9g var ekki a\u00f0 gefa villandi mynd af kl\u00e1mv\u00e6\u00f0ingartalinu me\u00f0 \u00feessum samanbur\u00f0i.<\/p>\n<p style=\"text-align: left;\">\u00c9g f\u00e9kk \u00fe\u00e1 athugasemd vi\u00f0 s\u00ed\u00f0ustu f\u00e6rslu a\u00f0 \u00feessi p\u00fakab\u00faningur v\u00e6ri ekkert l\u00edkur \u00feeim b\u00faningum sem deilt hefur veri\u00f0 \u00e1 \u00ed fj\u00f6lmi\u00f0lum. \u00c9g hef\u00f0i au\u00f0vita\u00f0 \u00e1tt a\u00f0 \u00fatsk\u00fdra \u00ed hva\u00f0 \u00e9g var a\u00f0 v\u00edsa.<!--more--><\/p>\n<p>&nbsp;<\/p>\n<p><a href=\"http:\/\/www.norn.is\/kyndillinn\/wp-content\/uploads\/sites\/5\/2012\/02\/oskudags.png\"><img loading=\"lazy\" decoding=\"async\" class=\"aligncenter size-full wp-image-3368\" src=\"http:\/\/www.norn.is\/kyndillinn\/wp-content\/uploads\/sites\/5\/2012\/02\/oskudags.png\" alt=\"\" width=\"715\" height=\"977\" srcset=\"https:\/\/www.norn.is\/kyndillinn\/wp-content\/uploads\/sites\/5\/2012\/02\/oskudags.png 715w, https:\/\/www.norn.is\/kyndillinn\/wp-content\/uploads\/sites\/5\/2012\/02\/oskudags-220x300.png 220w\" sizes=\"auto, (max-width: 715px) 100vw, 715px\" \/><\/a><\/p>\n<p>&nbsp;<\/p>\n<p>&nbsp;<\/p>\n<p>\u00de\u00f3rd\u00eds Elva \u00deorvaldsd\u00f3ttir birti \u00feessar samanbur\u00f0armyndir \u00e1 fb veggnum s\u00ednum \u00ed g\u00e6r.\u00a0 \u00c9g \u00e1 einn b\u00faning sem var keyptur \u00ed er\u00f3t\u00edskri b\u00fa\u00f0, p\u00fakab\u00faninginn. Hann hef\u00f0i s\u00f3mt s\u00e9r vel \u00ed \u00feessum samanbur\u00f0i \u00e1samt litla stelpuskottinu sem er ekki a\u00f0 leika h\u00f3ru, ekki frekar en stelpurnar sem \u00de\u00f3rd\u00eds Elva \u00e1l\u00edtur a\u00f0 s\u00e9u \u00ed kl\u00e1mb\u00faningum.<\/p>\n<p>&nbsp;<\/p>\n<p><a href=\"http:\/\/www.norn.is\/kyndillinn\/wp-content\/uploads\/sites\/5\/2014\/08\/Screenshot-from-2014-08-25-124926.png\"><img loading=\"lazy\" decoding=\"async\" class=\"size-full wp-image-1061 aligncenter\" src=\"http:\/\/www.norn.is\/kyndillinn\/wp-content\/uploads\/sites\/5\/2014\/08\/Screenshot-from-2014-08-25-124926.png\" alt=\"Screenshot from 2014-08-25 12:49:26\" width=\"597\" height=\"285\" srcset=\"https:\/\/www.norn.is\/kyndillinn\/wp-content\/uploads\/sites\/5\/2014\/08\/Screenshot-from-2014-08-25-124926.png 597w, https:\/\/www.norn.is\/kyndillinn\/wp-content\/uploads\/sites\/5\/2014\/08\/Screenshot-from-2014-08-25-124926-300x143.png 300w\" sizes=\"auto, (max-width: 597px) 100vw, 597px\" \/><\/a><br \/>\n\u00dea\u00f0 er h\u00e6gt a\u00f0 kl\u00e1mgera hva\u00f0 sem er. Ef vi\u00f0 \u00e6tlum a\u00f0 horfa \u00e1 eitthva\u00f0 jafn sakleysislegt og bl\u00f3m\u00e1lfab\u00faninga me\u00f0 kl\u00e1mv\u00e6\u00f0ingargleraugum, \u00fe\u00e1 getum vi\u00f0 um lei\u00f0 afskrifa\u00f0 allar kvenkyns \u00e6vint\u00fdrapers\u00f3nur sem vi\u00f0eigandi \u00f6skudagsgervi. Vi\u00f0 hlj\u00f3tum \u00fe\u00e1 l\u00edka a\u00f0 banna b\u00f6rnum a\u00f0 horfa \u00e1 teiknimyndir og anna\u00f0 barnaefni, \u00fev\u00ed s\u00fa f\u00edg\u00fara finnst varla sem hefur ekki einhverssta\u00f0ar veri\u00f0 sett \u00ed kynfer\u00f0islegt samhengi. \u00dea\u00f0 \u00feykir af einhverjum \u00e1st\u00e6\u00f0um fyndi\u00f0 og a\u00f0 reyna a\u00f0 afkl\u00e6ma heiminn er svona \u00e1l\u00edka raunh\u00e6ft og a\u00f0 \u00fath\u00fdsa vondu skopskyni.<\/p>\n<p>\u00deegar er or\u00f0i\u00f0 d\u00f3nalegt a\u00f0 kl\u00e6\u00f0a sm\u00e1stelpur upp sem bl\u00f3m\u00e1lfa og engla \u00e1 \u00f6skudaginn, \u00feegar skv\u00edsuf\u00f6t eru or\u00f0in h\u00f3rub\u00faningar og leg\u00f3f\u00edg\u00farur me\u00f0 brj\u00f3st flokkast sem kl\u00e1m, \u00fe\u00e1 er \u00feessi kl\u00e1mv\u00e6\u00f0ingarf\u00f3b\u00eda \u00ed alv\u00f6ru tala\u00f0 komin \u00fat \u00ed rugl. Hugtaki\u00f0 kl\u00e1m missir merkingu s\u00edna, hugtaki\u00f0 barnakl\u00e1m l\u00edka. Er \u00fea\u00f0 virkilega ver\u00f0ugt takmark?<\/p>\n<p>&nbsp;<\/p>\n","protected":false},"excerpt":{"rendered":"<p>Nei, \u00e9g var ekki a\u00f0 gefa villandi mynd af kl\u00e1mv\u00e6\u00f0ingartalinu me\u00f0 \u00feessum samanbur\u00f0i. \u00c9g f\u00e9kk \u00fe\u00e1 athugasemd vi\u00f0 s\u00ed\u00f0ustu f\u00e6rslu a\u00f0 \u00feessi p\u00fakab\u00faningur v\u00e6ri ekkert l\u00edkur \u00feeim b\u00faningum sem deilt hefur veri\u00f0 \u00e1 \u00ed fj\u00f6lmi\u00f0lum. \u00c9g hef\u00f0i au\u00f0vita\u00f0 \u00e1tt a\u00f0 &hellip; <a href=\"https:\/\/www.norn.is\/kyndillinn\/klamenglar-og-donapukar\/\">Halda \u00e1fram a\u00f0 lesa <span class=\"meta-nav\">&rarr;<\/span><\/a><\/p>\n","protected":false},"author":2,"featured_media":1056,"comment_status":"closed","ping_status":"open","sticky":false,"template":"","format":"standard","meta":{"footnotes":""},"categories":[81,1],"tags":[320,301,247,234,233,235],"class_list":["post-1053","post","type-post","status-publish","format-standard","has-post-thumbnail","hentry","category-fasystur","category-kyndillinn","tag-born","tag-fanatikur","tag-klampostular","tag-oskudagsbuningar","tag-oskudagur","tag-thordis-elva-thorvaldsdottir"],"yoast_head":"<!-- This site is optimized with the Yoast SEO plugin v27.4 - https:\/\/yoast.com\/product\/yoast-seo-wordpress\/ -->\n<title>Kl\u00e1menglar og d\u00f3nap\u00fakar - Kyndillinn<\/title>\n<meta name=\"robots\" content=\"index, follow, max-snippet:-1, max-image-preview:large, max-video-preview:-1\" \/>\n<link rel=\"canonical\" href=\"https:\/\/www.norn.is\/kyndillinn\/klamenglar-og-donapukar\/\" \/>\n<meta property=\"og:locale\" content=\"is_IS\" \/>\n<meta property=\"og:type\" content=\"article\" \/>\n<meta property=\"og:title\" content=\"Kl\u00e1menglar og d\u00f3nap\u00fakar - Kyndillinn\" \/>\n<meta property=\"og:description\" content=\"Nei, \u00e9g var ekki a\u00f0 gefa villandi mynd af kl\u00e1mv\u00e6\u00f0ingartalinu me\u00f0 \u00feessum samanbur\u00f0i. \u00c9g f\u00e9kk \u00fe\u00e1 athugasemd vi\u00f0 s\u00ed\u00f0ustu f\u00e6rslu a\u00f0 \u00feessi p\u00fakab\u00faningur v\u00e6ri ekkert l\u00edkur \u00feeim b\u00faningum sem deilt hefur veri\u00f0 \u00e1 \u00ed fj\u00f6lmi\u00f0lum. \u00c9g hef\u00f0i au\u00f0vita\u00f0 \u00e1tt a\u00f0 &hellip; Halda \u00e1fram a\u00f0 lesa &rarr;\" \/>\n<meta property=\"og:url\" content=\"https:\/\/www.norn.is\/kyndillinn\/klamenglar-og-donapukar\/\" \/>\n<meta property=\"og:site_name\" content=\"Kyndillinn\" \/>\n<meta property=\"article:published_time\" content=\"2012-02-22T11:38:13+00:00\" \/>\n<meta property=\"article:modified_time\" content=\"2018-02-22T00:38:58+00:00\" \/>\n<meta property=\"og:image\" content=\"https:\/\/www.norn.is\/kyndillinn\/wp-content\/uploads\/sites\/5\/2014\/08\/pukar.png\" \/>\n\t<meta property=\"og:image:width\" content=\"353\" \/>\n\t<meta property=\"og:image:height\" content=\"370\" \/>\n\t<meta property=\"og:image:type\" content=\"image\/png\" \/>\n<meta name=\"author\" content=\"Eva Hauksd\u00f3ttir\" \/>\n<meta name=\"twitter:card\" content=\"summary_large_image\" \/>\n<meta name=\"twitter:label1\" content=\"Written by\" \/>\n\t<meta name=\"twitter:data1\" content=\"\" \/>\n\t<meta name=\"twitter:label2\" content=\"Est. reading time\" \/>\n\t<meta name=\"twitter:data2\" content=\"2 minutes\" \/>\n<script type=\"application\/ld+json\" class=\"yoast-schema-graph\">{\"@context\":\"https:\\\/\\\/schema.org\",\"@graph\":[{\"@type\":\"Article\",\"@id\":\"https:\\\/\\\/www.norn.is\\\/kyndillinn\\\/klamenglar-og-donapukar\\\/#article\",\"isPartOf\":{\"@id\":\"https:\\\/\\\/www.norn.is\\\/kyndillinn\\\/klamenglar-og-donapukar\\\/\"},\"author\":{\"name\":\"Eva Hauksd\u00f3ttir\",\"@id\":\"https:\\\/\\\/www.norn.is\\\/kyndillinn\\\/#\\\/schema\\\/person\\\/2eb0fcae9e1ecc61987f7ed9c878531c\"},\"headline\":\"Kl\u00e1menglar og d\u00f3nap\u00fakar\",\"datePublished\":\"2012-02-22T11:38:13+00:00\",\"dateModified\":\"2018-02-22T00:38:58+00:00\",\"mainEntityOfPage\":{\"@id\":\"https:\\\/\\\/www.norn.is\\\/kyndillinn\\\/klamenglar-og-donapukar\\\/\"},\"wordCount\":308,\"image\":{\"@id\":\"https:\\\/\\\/www.norn.is\\\/kyndillinn\\\/klamenglar-og-donapukar\\\/#primaryimage\"},\"thumbnailUrl\":\"https:\\\/\\\/www.norn.is\\\/kyndillinn\\\/wp-content\\\/uploads\\\/sites\\\/5\\\/2014\\\/08\\\/pukar.png\",\"keywords\":[\"B\u00f6rn\",\"Fanat\u00edkur\",\"Kl\u00e1mpostular\",\"\u00d6skudagsb\u00faningar\",\"\u00d6skudagur\",\"\u00de\u00f3rd\u00eds Elva \u00deorvaldsd\u00f3ttir\"],\"articleSection\":[\"Fasystur\",\"Kyndillinn\"],\"inLanguage\":\"is\"},{\"@type\":\"WebPage\",\"@id\":\"https:\\\/\\\/www.norn.is\\\/kyndillinn\\\/klamenglar-og-donapukar\\\/\",\"url\":\"https:\\\/\\\/www.norn.is\\\/kyndillinn\\\/klamenglar-og-donapukar\\\/\",\"name\":\"Kl\u00e1menglar og d\u00f3nap\u00fakar - Kyndillinn\",\"isPartOf\":{\"@id\":\"https:\\\/\\\/www.norn.is\\\/kyndillinn\\\/#website\"},\"primaryImageOfPage\":{\"@id\":\"https:\\\/\\\/www.norn.is\\\/kyndillinn\\\/klamenglar-og-donapukar\\\/#primaryimage\"},\"image\":{\"@id\":\"https:\\\/\\\/www.norn.is\\\/kyndillinn\\\/klamenglar-og-donapukar\\\/#primaryimage\"},\"thumbnailUrl\":\"https:\\\/\\\/www.norn.is\\\/kyndillinn\\\/wp-content\\\/uploads\\\/sites\\\/5\\\/2014\\\/08\\\/pukar.png\",\"datePublished\":\"2012-02-22T11:38:13+00:00\",\"dateModified\":\"2018-02-22T00:38:58+00:00\",\"author\":{\"@id\":\"https:\\\/\\\/www.norn.is\\\/kyndillinn\\\/#\\\/schema\\\/person\\\/2eb0fcae9e1ecc61987f7ed9c878531c\"},\"breadcrumb\":{\"@id\":\"https:\\\/\\\/www.norn.is\\\/kyndillinn\\\/klamenglar-og-donapukar\\\/#breadcrumb\"},\"inLanguage\":\"is\",\"potentialAction\":[{\"@type\":\"ReadAction\",\"target\":[\"https:\\\/\\\/www.norn.is\\\/kyndillinn\\\/klamenglar-og-donapukar\\\/\"]}]},{\"@type\":\"ImageObject\",\"inLanguage\":\"is\",\"@id\":\"https:\\\/\\\/www.norn.is\\\/kyndillinn\\\/klamenglar-og-donapukar\\\/#primaryimage\",\"url\":\"https:\\\/\\\/www.norn.is\\\/kyndillinn\\\/wp-content\\\/uploads\\\/sites\\\/5\\\/2014\\\/08\\\/pukar.png\",\"contentUrl\":\"https:\\\/\\\/www.norn.is\\\/kyndillinn\\\/wp-content\\\/uploads\\\/sites\\\/5\\\/2014\\\/08\\\/pukar.png\",\"width\":353,\"height\":370},{\"@type\":\"BreadcrumbList\",\"@id\":\"https:\\\/\\\/www.norn.is\\\/kyndillinn\\\/klamenglar-og-donapukar\\\/#breadcrumb\",\"itemListElement\":[{\"@type\":\"ListItem\",\"position\":1,\"name\":\"Home\",\"item\":\"https:\\\/\\\/www.norn.is\\\/kyndillinn\\\/\"},{\"@type\":\"ListItem\",\"position\":2,\"name\":\"Kl\u00e1menglar og d\u00f3nap\u00fakar\"}]},{\"@type\":\"WebSite\",\"@id\":\"https:\\\/\\\/www.norn.is\\\/kyndillinn\\\/#website\",\"url\":\"https:\\\/\\\/www.norn.is\\\/kyndillinn\\\/\",\"name\":\"Kyndillinn\",\"description\":\"Eva um kyn og kl\u00e1m\",\"potentialAction\":[{\"@type\":\"SearchAction\",\"target\":{\"@type\":\"EntryPoint\",\"urlTemplate\":\"https:\\\/\\\/www.norn.is\\\/kyndillinn\\\/?s={search_term_string}\"},\"query-input\":{\"@type\":\"PropertyValueSpecification\",\"valueRequired\":true,\"valueName\":\"search_term_string\"}}],\"inLanguage\":\"is\"},{\"@type\":\"Person\",\"@id\":\"https:\\\/\\\/www.norn.is\\\/kyndillinn\\\/#\\\/schema\\\/person\\\/2eb0fcae9e1ecc61987f7ed9c878531c\",\"name\":\"Eva Hauksd\u00f3ttir\",\"sameAs\":[\"http:\\\/\\\/www.norn.is\"],\"url\":\"https:\\\/\\\/www.norn.is\\\/kyndillinn\\\/author\\\/eva\\\/\"}]}<\/script>\n<!-- \/ Yoast SEO plugin. -->","yoast_head_json":{"title":"Kl\u00e1menglar og d\u00f3nap\u00fakar - Kyndillinn","robots":{"index":"index","follow":"follow","max-snippet":"max-snippet:-1","max-image-preview":"max-image-preview:large","max-video-preview":"max-video-preview:-1"},"canonical":"https:\/\/www.norn.is\/kyndillinn\/klamenglar-og-donapukar\/","og_locale":"is_IS","og_type":"article","og_title":"Kl\u00e1menglar og d\u00f3nap\u00fakar - Kyndillinn","og_description":"Nei, \u00e9g var ekki a\u00f0 gefa villandi mynd af kl\u00e1mv\u00e6\u00f0ingartalinu me\u00f0 \u00feessum samanbur\u00f0i. \u00c9g f\u00e9kk \u00fe\u00e1 athugasemd vi\u00f0 s\u00ed\u00f0ustu f\u00e6rslu a\u00f0 \u00feessi p\u00fakab\u00faningur v\u00e6ri ekkert l\u00edkur \u00feeim b\u00faningum sem deilt hefur veri\u00f0 \u00e1 \u00ed fj\u00f6lmi\u00f0lum. \u00c9g hef\u00f0i au\u00f0vita\u00f0 \u00e1tt a\u00f0 &hellip; Halda \u00e1fram a\u00f0 lesa &rarr;","og_url":"https:\/\/www.norn.is\/kyndillinn\/klamenglar-og-donapukar\/","og_site_name":"Kyndillinn","article_published_time":"2012-02-22T11:38:13+00:00","article_modified_time":"2018-02-22T00:38:58+00:00","og_image":[{"width":353,"height":370,"url":"https:\/\/www.norn.is\/kyndillinn\/wp-content\/uploads\/sites\/5\/2014\/08\/pukar.png","type":"image\/png"}],"author":"Eva Hauksd\u00f3ttir","twitter_card":"summary_large_image","twitter_misc":{"Written by":false,"Est. reading time":"2 minutes"},"schema":{"@context":"https:\/\/schema.org","@graph":[{"@type":"Article","@id":"https:\/\/www.norn.is\/kyndillinn\/klamenglar-og-donapukar\/#article","isPartOf":{"@id":"https:\/\/www.norn.is\/kyndillinn\/klamenglar-og-donapukar\/"},"author":{"name":"Eva Hauksd\u00f3ttir","@id":"https:\/\/www.norn.is\/kyndillinn\/#\/schema\/person\/2eb0fcae9e1ecc61987f7ed9c878531c"},"headline":"Kl\u00e1menglar og d\u00f3nap\u00fakar","datePublished":"2012-02-22T11:38:13+00:00","dateModified":"2018-02-22T00:38:58+00:00","mainEntityOfPage":{"@id":"https:\/\/www.norn.is\/kyndillinn\/klamenglar-og-donapukar\/"},"wordCount":308,"image":{"@id":"https:\/\/www.norn.is\/kyndillinn\/klamenglar-og-donapukar\/#primaryimage"},"thumbnailUrl":"https:\/\/www.norn.is\/kyndillinn\/wp-content\/uploads\/sites\/5\/2014\/08\/pukar.png","keywords":["B\u00f6rn","Fanat\u00edkur","Kl\u00e1mpostular","\u00d6skudagsb\u00faningar","\u00d6skudagur","\u00de\u00f3rd\u00eds Elva \u00deorvaldsd\u00f3ttir"],"articleSection":["Fasystur","Kyndillinn"],"inLanguage":"is"},{"@type":"WebPage","@id":"https:\/\/www.norn.is\/kyndillinn\/klamenglar-og-donapukar\/","url":"https:\/\/www.norn.is\/kyndillinn\/klamenglar-og-donapukar\/","name":"Kl\u00e1menglar og d\u00f3nap\u00fakar - Kyndillinn","isPartOf":{"@id":"https:\/\/www.norn.is\/kyndillinn\/#website"},"primaryImageOfPage":{"@id":"https:\/\/www.norn.is\/kyndillinn\/klamenglar-og-donapukar\/#primaryimage"},"image":{"@id":"https:\/\/www.norn.is\/kyndillinn\/klamenglar-og-donapukar\/#primaryimage"},"thumbnailUrl":"https:\/\/www.norn.is\/kyndillinn\/wp-content\/uploads\/sites\/5\/2014\/08\/pukar.png","datePublished":"2012-02-22T11:38:13+00:00","dateModified":"2018-02-22T00:38:58+00:00","author":{"@id":"https:\/\/www.norn.is\/kyndillinn\/#\/schema\/person\/2eb0fcae9e1ecc61987f7ed9c878531c"},"breadcrumb":{"@id":"https:\/\/www.norn.is\/kyndillinn\/klamenglar-og-donapukar\/#breadcrumb"},"inLanguage":"is","potentialAction":[{"@type":"ReadAction","target":["https:\/\/www.norn.is\/kyndillinn\/klamenglar-og-donapukar\/"]}]},{"@type":"ImageObject","inLanguage":"is","@id":"https:\/\/www.norn.is\/kyndillinn\/klamenglar-og-donapukar\/#primaryimage","url":"https:\/\/www.norn.is\/kyndillinn\/wp-content\/uploads\/sites\/5\/2014\/08\/pukar.png","contentUrl":"https:\/\/www.norn.is\/kyndillinn\/wp-content\/uploads\/sites\/5\/2014\/08\/pukar.png","width":353,"height":370},{"@type":"BreadcrumbList","@id":"https:\/\/www.norn.is\/kyndillinn\/klamenglar-og-donapukar\/#breadcrumb","itemListElement":[{"@type":"ListItem","position":1,"name":"Home","item":"https:\/\/www.norn.is\/kyndillinn\/"},{"@type":"ListItem","position":2,"name":"Kl\u00e1menglar og d\u00f3nap\u00fakar"}]},{"@type":"WebSite","@id":"https:\/\/www.norn.is\/kyndillinn\/#website","url":"https:\/\/www.norn.is\/kyndillinn\/","name":"Kyndillinn","description":"Eva um kyn og kl\u00e1m","potentialAction":[{"@type":"SearchAction","target":{"@type":"EntryPoint","urlTemplate":"https:\/\/www.norn.is\/kyndillinn\/?s={search_term_string}"},"query-input":{"@type":"PropertyValueSpecification","valueRequired":true,"valueName":"search_term_string"}}],"inLanguage":"is"},{"@type":"Person","@id":"https:\/\/www.norn.is\/kyndillinn\/#\/schema\/person\/2eb0fcae9e1ecc61987f7ed9c878531c","name":"Eva Hauksd\u00f3ttir","sameAs":["http:\/\/www.norn.is"],"url":"https:\/\/www.norn.is\/kyndillinn\/author\/eva\/"}]}},"_links":{"self":[{"href":"https:\/\/www.norn.is\/kyndillinn\/wp-json\/wp\/v2\/posts\/1053","targetHints":{"allow":["GET"]}}],"collection":[{"href":"https:\/\/www.norn.is\/kyndillinn\/wp-json\/wp\/v2\/posts"}],"about":[{"href":"https:\/\/www.norn.is\/kyndillinn\/wp-json\/wp\/v2\/types\/post"}],"author":[{"embeddable":true,"href":"https:\/\/www.norn.is\/kyndillinn\/wp-json\/wp\/v2\/users\/2"}],"replies":[{"embeddable":true,"href":"https:\/\/www.norn.is\/kyndillinn\/wp-json\/wp\/v2\/comments?post=1053"}],"version-history":[{"count":6,"href":"https:\/\/www.norn.is\/kyndillinn\/wp-json\/wp\/v2\/posts\/1053\/revisions"}],"predecessor-version":[{"id":3369,"href":"https:\/\/www.norn.is\/kyndillinn\/wp-json\/wp\/v2\/posts\/1053\/revisions\/3369"}],"wp:featuredmedia":[{"embeddable":true,"href":"https:\/\/www.norn.is\/kyndillinn\/wp-json\/wp\/v2\/media\/1056"}],"wp:attachment":[{"href":"https:\/\/www.norn.is\/kyndillinn\/wp-json\/wp\/v2\/media?parent=1053"}],"wp:term":[{"taxonomy":"category","embeddable":true,"href":"https:\/\/www.norn.is\/kyndillinn\/wp-json\/wp\/v2\/categories?post=1053"},{"taxonomy":"post_tag","embeddable":true,"href":"https:\/\/www.norn.is\/kyndillinn\/wp-json\/wp\/v2\/tags?post=1053"}],"curies":[{"name":"wp","href":"https:\/\/api.w.org\/{rel}","templated":true}]}}