{"id":1041,"date":"2012-04-26T10:55:15","date_gmt":"2012-04-26T10:55:15","guid":{"rendered":"http:\/\/www.norn.is\/kyndillinn\/?p=1041"},"modified":"2016-06-30T18:37:31","modified_gmt":"2016-06-30T18:37:31","slug":"glaepir-gegn-feminismanum","status":"publish","type":"post","link":"https:\/\/www.norn.is\/kyndillinn\/glaepir-gegn-feminismanum\/","title":{"rendered":"Gl\u00e6pir gegn feminismanum"},"content":{"rendered":"<p><a href=\"http:\/\/www.norn.is\/kyndillinn\/wp-content\/uploads\/sites\/5\/2007\/09\/images.jpeg\"><img loading=\"lazy\" decoding=\"async\" class=\"alignleft size-full wp-image-323\" src=\"http:\/\/www.norn.is\/kyndillinn\/wp-content\/uploads\/sites\/5\/2007\/09\/images.jpeg\" alt=\"p\u00edka2\" width=\"190\" height=\"265\" \/><\/a><\/p>\n<p>K\u00e6ri f\u00e9lagi, feminstakarl sem telur kynh\u00e1r vera merki kvennak\u00fagunar<\/p>\n<p>\u00c9g, f\u00e1v\u00eds kona, leita n\u00fa til \u00fe\u00edn \u00ed raunum m\u00ednum. \u00deannig er a\u00f0 \u00e9g hef \u00ed m\u00f6rg \u00e1r fjarl\u00e6gt kynh\u00e1r. M\u00e9r finnst \u00fea\u00f0 fallegt en m\u00e9r skilst a\u00f0 me\u00f0 \u00fev\u00ed a\u00f0 fjarl\u00e6gja kynh\u00e1r s\u00e9 \u00e9g a\u00f0 \u00fe\u00f3knast kap\u00edtal\u00edskum og kvenk\u00fagandi \u00fatlitskr\u00f6fum fe\u00f0raveldisins.<\/p>\n<p>N\u00fa er svo komi\u00f0 a\u00f0 \u00e9g er farin a\u00f0 b\u00faa me\u00f0 manni sem flokkast sem mi\u00f0aldra jakkafat og \u00fear me\u00f0 sem s\u00e9rlegur fulltr\u00fai fe\u00f0raveldisins. Nema hva\u00f0, hann er alveg \u00f3skaplega hrifinn af kynh\u00e1rum og finnst \u00fatliltskr\u00f6fur fe\u00f0raveldisins f\u00e1r\u00e1nlegar.<\/p>\n<p>Hvort er st\u00e6rri gl\u00e6pur gegn feminismanum a\u00f0 t\u00e6ta burt torfusnepilinn og ge\u00f0jast \u00fear me\u00f0 \u00fatlitskr\u00f6fum hins kap\u00edtal\u00edska fe\u00f0raveldis og sj\u00e1lfri m\u00e9r, e\u00f0a l\u00e1ta p\u00edkuh\u00e1rin spretta og ge\u00f0jast \u00feannig fulltr\u00faa fe\u00f0raveldisins \u00e1 heimilinu?<\/p>\n","protected":false},"excerpt":{"rendered":"<p>K\u00e6ri f\u00e9lagi, feminstakarl sem telur kynh\u00e1r vera merki kvennak\u00fagunar \u00c9g, f\u00e1v\u00eds kona, leita n\u00fa til \u00fe\u00edn \u00ed raunum m\u00ednum. \u00deannig er a\u00f0 \u00e9g hef \u00ed m\u00f6rg \u00e1r fjarl\u00e6gt kynh\u00e1r. M\u00e9r finnst \u00fea\u00f0 fallegt en m\u00e9r skilst a\u00f0 me\u00f0 \u00fev\u00ed a\u00f0 &hellip; <a href=\"https:\/\/www.norn.is\/kyndillinn\/glaepir-gegn-feminismanum\/\">Halda \u00e1fram a\u00f0 lesa <span class=\"meta-nav\">&rarr;<\/span><\/a><\/p>\n","protected":false},"author":2,"featured_media":0,"comment_status":"closed","ping_status":"closed","sticky":false,"template":"","format":"standard","meta":{"footnotes":""},"categories":[1],"tags":[52],"class_list":["post-1041","post","type-post","status-publish","format-standard","hentry","category-kyndillinn","tag-pikurakstur"],"yoast_head":"<!-- This site is optimized with the Yoast SEO plugin v27.5 - https:\/\/yoast.com\/product\/yoast-seo-wordpress\/ -->\n<title>Gl\u00e6pir gegn feminismanum - Kyndillinn<\/title>\n<meta name=\"robots\" content=\"index, follow, max-snippet:-1, max-image-preview:large, max-video-preview:-1\" \/>\n<link rel=\"canonical\" href=\"https:\/\/www.norn.is\/kyndillinn\/glaepir-gegn-feminismanum\/\" \/>\n<meta property=\"og:locale\" content=\"is_IS\" \/>\n<meta property=\"og:type\" content=\"article\" \/>\n<meta property=\"og:title\" content=\"Gl\u00e6pir gegn feminismanum - Kyndillinn\" \/>\n<meta property=\"og:description\" content=\"K\u00e6ri f\u00e9lagi, feminstakarl sem telur kynh\u00e1r vera merki kvennak\u00fagunar \u00c9g, f\u00e1v\u00eds kona, leita n\u00fa til \u00fe\u00edn \u00ed raunum m\u00ednum. \u00deannig er a\u00f0 \u00e9g hef \u00ed m\u00f6rg \u00e1r fjarl\u00e6gt kynh\u00e1r. M\u00e9r finnst \u00fea\u00f0 fallegt en m\u00e9r skilst a\u00f0 me\u00f0 \u00fev\u00ed a\u00f0 &hellip; Halda \u00e1fram a\u00f0 lesa &rarr;\" \/>\n<meta property=\"og:url\" content=\"https:\/\/www.norn.is\/kyndillinn\/glaepir-gegn-feminismanum\/\" \/>\n<meta property=\"og:site_name\" content=\"Kyndillinn\" \/>\n<meta property=\"article:published_time\" content=\"2012-04-26T10:55:15+00:00\" \/>\n<meta property=\"article:modified_time\" content=\"2016-06-30T18:37:31+00:00\" \/>\n<meta property=\"og:image\" content=\"http:\/\/www.norn.is\/kyndillinn\/wp-content\/uploads\/sites\/5\/2007\/09\/images.jpeg\" \/>\n<meta name=\"author\" content=\"Eva Hauksd\u00f3ttir\" \/>\n<meta name=\"twitter:card\" content=\"summary_large_image\" \/>\n<meta name=\"twitter:label1\" content=\"Written by\" \/>\n\t<meta name=\"twitter:data1\" content=\"\" \/>\n\t<meta name=\"twitter:label2\" content=\"Est. reading time\" \/>\n\t<meta name=\"twitter:data2\" content=\"1 minute\" \/>\n<script type=\"application\/ld+json\" class=\"yoast-schema-graph\">{\"@context\":\"https:\\\/\\\/schema.org\",\"@graph\":[{\"@type\":\"Article\",\"@id\":\"https:\\\/\\\/www.norn.is\\\/kyndillinn\\\/glaepir-gegn-feminismanum\\\/#article\",\"isPartOf\":{\"@id\":\"https:\\\/\\\/www.norn.is\\\/kyndillinn\\\/glaepir-gegn-feminismanum\\\/\"},\"author\":{\"name\":\"Eva Hauksd\u00f3ttir\",\"@id\":\"https:\\\/\\\/www.norn.is\\\/kyndillinn\\\/#\\\/schema\\\/person\\\/2eb0fcae9e1ecc61987f7ed9c878531c\"},\"headline\":\"Gl\u00e6pir gegn feminismanum\",\"datePublished\":\"2012-04-26T10:55:15+00:00\",\"dateModified\":\"2016-06-30T18:37:31+00:00\",\"mainEntityOfPage\":{\"@id\":\"https:\\\/\\\/www.norn.is\\\/kyndillinn\\\/glaepir-gegn-feminismanum\\\/\"},\"wordCount\":168,\"image\":{\"@id\":\"https:\\\/\\\/www.norn.is\\\/kyndillinn\\\/glaepir-gegn-feminismanum\\\/#primaryimage\"},\"thumbnailUrl\":\"http:\\\/\\\/www.norn.is\\\/kyndillinn\\\/wp-content\\\/uploads\\\/sites\\\/5\\\/2007\\\/09\\\/images.jpeg\",\"keywords\":[\"P\u00edkurakstur\"],\"articleSection\":[\"Kyndillinn\"],\"inLanguage\":\"is\"},{\"@type\":\"WebPage\",\"@id\":\"https:\\\/\\\/www.norn.is\\\/kyndillinn\\\/glaepir-gegn-feminismanum\\\/\",\"url\":\"https:\\\/\\\/www.norn.is\\\/kyndillinn\\\/glaepir-gegn-feminismanum\\\/\",\"name\":\"Gl\u00e6pir gegn feminismanum - Kyndillinn\",\"isPartOf\":{\"@id\":\"https:\\\/\\\/www.norn.is\\\/kyndillinn\\\/#website\"},\"primaryImageOfPage\":{\"@id\":\"https:\\\/\\\/www.norn.is\\\/kyndillinn\\\/glaepir-gegn-feminismanum\\\/#primaryimage\"},\"image\":{\"@id\":\"https:\\\/\\\/www.norn.is\\\/kyndillinn\\\/glaepir-gegn-feminismanum\\\/#primaryimage\"},\"thumbnailUrl\":\"http:\\\/\\\/www.norn.is\\\/kyndillinn\\\/wp-content\\\/uploads\\\/sites\\\/5\\\/2007\\\/09\\\/images.jpeg\",\"datePublished\":\"2012-04-26T10:55:15+00:00\",\"dateModified\":\"2016-06-30T18:37:31+00:00\",\"author\":{\"@id\":\"https:\\\/\\\/www.norn.is\\\/kyndillinn\\\/#\\\/schema\\\/person\\\/2eb0fcae9e1ecc61987f7ed9c878531c\"},\"breadcrumb\":{\"@id\":\"https:\\\/\\\/www.norn.is\\\/kyndillinn\\\/glaepir-gegn-feminismanum\\\/#breadcrumb\"},\"inLanguage\":\"is\",\"potentialAction\":[{\"@type\":\"ReadAction\",\"target\":[\"https:\\\/\\\/www.norn.is\\\/kyndillinn\\\/glaepir-gegn-feminismanum\\\/\"]}]},{\"@type\":\"ImageObject\",\"inLanguage\":\"is\",\"@id\":\"https:\\\/\\\/www.norn.is\\\/kyndillinn\\\/glaepir-gegn-feminismanum\\\/#primaryimage\",\"url\":\"http:\\\/\\\/www.norn.is\\\/kyndillinn\\\/wp-content\\\/uploads\\\/sites\\\/5\\\/2007\\\/09\\\/images.jpeg\",\"contentUrl\":\"http:\\\/\\\/www.norn.is\\\/kyndillinn\\\/wp-content\\\/uploads\\\/sites\\\/5\\\/2007\\\/09\\\/images.jpeg\"},{\"@type\":\"BreadcrumbList\",\"@id\":\"https:\\\/\\\/www.norn.is\\\/kyndillinn\\\/glaepir-gegn-feminismanum\\\/#breadcrumb\",\"itemListElement\":[{\"@type\":\"ListItem\",\"position\":1,\"name\":\"Home\",\"item\":\"https:\\\/\\\/www.norn.is\\\/kyndillinn\\\/\"},{\"@type\":\"ListItem\",\"position\":2,\"name\":\"Gl\u00e6pir gegn feminismanum\"}]},{\"@type\":\"WebSite\",\"@id\":\"https:\\\/\\\/www.norn.is\\\/kyndillinn\\\/#website\",\"url\":\"https:\\\/\\\/www.norn.is\\\/kyndillinn\\\/\",\"name\":\"Kyndillinn\",\"description\":\"Eva um kyn og kl\u00e1m\",\"potentialAction\":[{\"@type\":\"SearchAction\",\"target\":{\"@type\":\"EntryPoint\",\"urlTemplate\":\"https:\\\/\\\/www.norn.is\\\/kyndillinn\\\/?s={search_term_string}\"},\"query-input\":{\"@type\":\"PropertyValueSpecification\",\"valueRequired\":true,\"valueName\":\"search_term_string\"}}],\"inLanguage\":\"is\"},{\"@type\":\"Person\",\"@id\":\"https:\\\/\\\/www.norn.is\\\/kyndillinn\\\/#\\\/schema\\\/person\\\/2eb0fcae9e1ecc61987f7ed9c878531c\",\"name\":\"Eva Hauksd\u00f3ttir\",\"sameAs\":[\"http:\\\/\\\/www.norn.is\"],\"url\":\"https:\\\/\\\/www.norn.is\\\/kyndillinn\\\/author\\\/eva\\\/\"}]}<\/script>\n<!-- \/ Yoast SEO plugin. -->","yoast_head_json":{"title":"Gl\u00e6pir gegn feminismanum - Kyndillinn","robots":{"index":"index","follow":"follow","max-snippet":"max-snippet:-1","max-image-preview":"max-image-preview:large","max-video-preview":"max-video-preview:-1"},"canonical":"https:\/\/www.norn.is\/kyndillinn\/glaepir-gegn-feminismanum\/","og_locale":"is_IS","og_type":"article","og_title":"Gl\u00e6pir gegn feminismanum - Kyndillinn","og_description":"K\u00e6ri f\u00e9lagi, feminstakarl sem telur kynh\u00e1r vera merki kvennak\u00fagunar \u00c9g, f\u00e1v\u00eds kona, leita n\u00fa til \u00fe\u00edn \u00ed raunum m\u00ednum. \u00deannig er a\u00f0 \u00e9g hef \u00ed m\u00f6rg \u00e1r fjarl\u00e6gt kynh\u00e1r. M\u00e9r finnst \u00fea\u00f0 fallegt en m\u00e9r skilst a\u00f0 me\u00f0 \u00fev\u00ed a\u00f0 &hellip; Halda \u00e1fram a\u00f0 lesa &rarr;","og_url":"https:\/\/www.norn.is\/kyndillinn\/glaepir-gegn-feminismanum\/","og_site_name":"Kyndillinn","article_published_time":"2012-04-26T10:55:15+00:00","article_modified_time":"2016-06-30T18:37:31+00:00","og_image":[{"url":"http:\/\/www.norn.is\/kyndillinn\/wp-content\/uploads\/sites\/5\/2007\/09\/images.jpeg","type":"","width":"","height":""}],"author":"Eva Hauksd\u00f3ttir","twitter_card":"summary_large_image","twitter_misc":{"Written by":false,"Est. reading time":"1 minute"},"schema":{"@context":"https:\/\/schema.org","@graph":[{"@type":"Article","@id":"https:\/\/www.norn.is\/kyndillinn\/glaepir-gegn-feminismanum\/#article","isPartOf":{"@id":"https:\/\/www.norn.is\/kyndillinn\/glaepir-gegn-feminismanum\/"},"author":{"name":"Eva Hauksd\u00f3ttir","@id":"https:\/\/www.norn.is\/kyndillinn\/#\/schema\/person\/2eb0fcae9e1ecc61987f7ed9c878531c"},"headline":"Gl\u00e6pir gegn feminismanum","datePublished":"2012-04-26T10:55:15+00:00","dateModified":"2016-06-30T18:37:31+00:00","mainEntityOfPage":{"@id":"https:\/\/www.norn.is\/kyndillinn\/glaepir-gegn-feminismanum\/"},"wordCount":168,"image":{"@id":"https:\/\/www.norn.is\/kyndillinn\/glaepir-gegn-feminismanum\/#primaryimage"},"thumbnailUrl":"http:\/\/www.norn.is\/kyndillinn\/wp-content\/uploads\/sites\/5\/2007\/09\/images.jpeg","keywords":["P\u00edkurakstur"],"articleSection":["Kyndillinn"],"inLanguage":"is"},{"@type":"WebPage","@id":"https:\/\/www.norn.is\/kyndillinn\/glaepir-gegn-feminismanum\/","url":"https:\/\/www.norn.is\/kyndillinn\/glaepir-gegn-feminismanum\/","name":"Gl\u00e6pir gegn feminismanum - Kyndillinn","isPartOf":{"@id":"https:\/\/www.norn.is\/kyndillinn\/#website"},"primaryImageOfPage":{"@id":"https:\/\/www.norn.is\/kyndillinn\/glaepir-gegn-feminismanum\/#primaryimage"},"image":{"@id":"https:\/\/www.norn.is\/kyndillinn\/glaepir-gegn-feminismanum\/#primaryimage"},"thumbnailUrl":"http:\/\/www.norn.is\/kyndillinn\/wp-content\/uploads\/sites\/5\/2007\/09\/images.jpeg","datePublished":"2012-04-26T10:55:15+00:00","dateModified":"2016-06-30T18:37:31+00:00","author":{"@id":"https:\/\/www.norn.is\/kyndillinn\/#\/schema\/person\/2eb0fcae9e1ecc61987f7ed9c878531c"},"breadcrumb":{"@id":"https:\/\/www.norn.is\/kyndillinn\/glaepir-gegn-feminismanum\/#breadcrumb"},"inLanguage":"is","potentialAction":[{"@type":"ReadAction","target":["https:\/\/www.norn.is\/kyndillinn\/glaepir-gegn-feminismanum\/"]}]},{"@type":"ImageObject","inLanguage":"is","@id":"https:\/\/www.norn.is\/kyndillinn\/glaepir-gegn-feminismanum\/#primaryimage","url":"http:\/\/www.norn.is\/kyndillinn\/wp-content\/uploads\/sites\/5\/2007\/09\/images.jpeg","contentUrl":"http:\/\/www.norn.is\/kyndillinn\/wp-content\/uploads\/sites\/5\/2007\/09\/images.jpeg"},{"@type":"BreadcrumbList","@id":"https:\/\/www.norn.is\/kyndillinn\/glaepir-gegn-feminismanum\/#breadcrumb","itemListElement":[{"@type":"ListItem","position":1,"name":"Home","item":"https:\/\/www.norn.is\/kyndillinn\/"},{"@type":"ListItem","position":2,"name":"Gl\u00e6pir gegn feminismanum"}]},{"@type":"WebSite","@id":"https:\/\/www.norn.is\/kyndillinn\/#website","url":"https:\/\/www.norn.is\/kyndillinn\/","name":"Kyndillinn","description":"Eva um kyn og kl\u00e1m","potentialAction":[{"@type":"SearchAction","target":{"@type":"EntryPoint","urlTemplate":"https:\/\/www.norn.is\/kyndillinn\/?s={search_term_string}"},"query-input":{"@type":"PropertyValueSpecification","valueRequired":true,"valueName":"search_term_string"}}],"inLanguage":"is"},{"@type":"Person","@id":"https:\/\/www.norn.is\/kyndillinn\/#\/schema\/person\/2eb0fcae9e1ecc61987f7ed9c878531c","name":"Eva Hauksd\u00f3ttir","sameAs":["http:\/\/www.norn.is"],"url":"https:\/\/www.norn.is\/kyndillinn\/author\/eva\/"}]}},"_links":{"self":[{"href":"https:\/\/www.norn.is\/kyndillinn\/wp-json\/wp\/v2\/posts\/1041","targetHints":{"allow":["GET"]}}],"collection":[{"href":"https:\/\/www.norn.is\/kyndillinn\/wp-json\/wp\/v2\/posts"}],"about":[{"href":"https:\/\/www.norn.is\/kyndillinn\/wp-json\/wp\/v2\/types\/post"}],"author":[{"embeddable":true,"href":"https:\/\/www.norn.is\/kyndillinn\/wp-json\/wp\/v2\/users\/2"}],"replies":[{"embeddable":true,"href":"https:\/\/www.norn.is\/kyndillinn\/wp-json\/wp\/v2\/comments?post=1041"}],"version-history":[{"count":3,"href":"https:\/\/www.norn.is\/kyndillinn\/wp-json\/wp\/v2\/posts\/1041\/revisions"}],"predecessor-version":[{"id":2451,"href":"https:\/\/www.norn.is\/kyndillinn\/wp-json\/wp\/v2\/posts\/1041\/revisions\/2451"}],"wp:attachment":[{"href":"https:\/\/www.norn.is\/kyndillinn\/wp-json\/wp\/v2\/media?parent=1041"}],"wp:term":[{"taxonomy":"category","embeddable":true,"href":"https:\/\/www.norn.is\/kyndillinn\/wp-json\/wp\/v2\/categories?post=1041"},{"taxonomy":"post_tag","embeddable":true,"href":"https:\/\/www.norn.is\/kyndillinn\/wp-json\/wp\/v2\/tags?post=1041"}],"curies":[{"name":"wp","href":"https:\/\/api.w.org\/{rel}","templated":true}]}}