{"id":1022,"date":"2013-12-02T10:07:14","date_gmt":"2013-12-02T10:07:14","guid":{"rendered":"http:\/\/www.norn.is\/kyndillinn\/?p=1022"},"modified":"2017-09-11T11:13:04","modified_gmt":"2017-09-11T11:13:04","slug":"vidtal-vid-barnsfodur-hjordisar-svan","status":"publish","type":"post","link":"https:\/\/www.norn.is\/kyndillinn\/vidtal-vid-barnsfodur-hjordisar-svan\/","title":{"rendered":"Vi\u00f0tal vi\u00f0 barnsf\u00f6\u00f0ur Hj\u00f6rd\u00edsar Svan"},"content":{"rendered":"<p style=\"color: #222222;\"><img loading=\"lazy\" decoding=\"async\" class=\"size-full wp-image-1126\" src=\"http:\/\/www.norn.is\/pistlar\/wp-content\/uploads\/sites\/2\/2013\/12\/mynd-hj-svan-688x451.jpg\" alt=\"mynd-hj-svan-688x451\" width=\"688\" height=\"451\" \/><\/p>\n<p style=\"color: #222222;\">Forr\u00e6\u00f0ism\u00e1l Hj\u00f6rd\u00edsar Svan hefur veri\u00f0 \u00e1berandi \u00ed opinberri umr\u00e6\u00f0u s\u00ed\u00f0ustu \u00ferj\u00fa \u00e1rin. \u00deeir sem fylgjast me\u00f0 umr\u00e6\u00f0unni \u00ed fj\u00f6lmi\u00f0lum standa frammi fyrir \u00f3\u00fe\u00e6gilegri \u00fevers\u00f6gn. Vi\u00f0 h\u00f6fum ekki n\u00f3gu miklar uppl\u00fdsingar fr\u00e1 b\u00e1\u00f0um hli\u00f0um til \u00feess a\u00f0 mynda okkur uppl\u00fdsta sko\u00f0un en um lei\u00f0 er erfitt a\u00f0 komast hj\u00e1 \u00fev\u00ed a\u00f0 mynda s\u00e9r sko\u00f0un, einkum \u00feegar vi\u00f0 sj\u00e1um myndir af gr\u00e1tandi b\u00f6rnum og l\u00fdsingar m\u00f3\u00f0ur og barna \u00e1 ofbeldi og k\u00fagun.<!--more--><\/p>\n<p style=\"color: #222222;\">\u00dea\u00f0 gekk fram af m\u00e9r \u00feegar b\u00f6rnin voru slitin fr\u00e1 m\u00f3\u00f0ur sinni me\u00f0 valdi. \u00c9g tr\u00fai \u00fev\u00ed ekki a\u00f0 nau\u00f0synlegt s\u00e9 a\u00f0 beita \u00feessh\u00e1ttar a\u00f0fer\u00f0um \u00ed forsj\u00e1rdeilum. \u00c9g \u00e1l\u00edt heldur ekki a\u00f0 l\u00f6g s\u00e9u heil\u00f6g og \u00fe\u00f3tt \u00e9g teldi auglj\u00f3st a\u00f0 Hj\u00f6rd\u00eds hef\u00f0i beitt afar sl\u00e6mum bar\u00e1ttua\u00f0fer\u00f0um \u00ed \u00feessu m\u00e1li, \u00fe\u00e1 tr\u00fa\u00f0i \u00e9g \u00fev\u00ed l\u00edka a\u00f0 h\u00fan hlyti, me\u00f0 r\u00e9ttu e\u00f0a r\u00f6ngu, a\u00f0 vera raunverulega hr\u00e6dd um b\u00f6rnin.\u00a0<a style=\"font-weight: inherit; font-style: inherit; color: #ce2121;\" href=\"http:\/\/www.pistillinn.is\/?p=2778\">\u00c9g skrifa\u00f0i um m\u00e1l Hj\u00f6rd\u00edsar h\u00e9r<\/a>.<\/p>\n<p style=\"color: #222222;\">S\u00ed\u00f0an hafa komi\u00f0 fram \u00e1sakanir um kynfer\u00f0isofbeldi og enn veit ma\u00f0ur ekkert hverju ma\u00f0ur \u00e1 a\u00f0 tr\u00faa. Varla er nokkur a\u00f0 lj\u00faga upp svona lj\u00f3tri s\u00f6gu? En samt \u2026 \u00fea\u00f0 er ekki \u00f3\u00feekkt \u00ed t\u00e1lmunarm\u00e1lum a\u00f0 \u00e1sakanir ver\u00f0i safar\u00edkari eftir \u00fev\u00ed sem \u201e\u00f3vinurinn\u201c (hitt foreldri\u00f0) s\u00e6kir fastar a\u00f0 f\u00e1 a\u00f0 hitta barni\u00f0. Stundum eru b\u00f6rn \u00ed \u00feessari a\u00f0st\u00f6\u00f0u jafnframt m\u00f6tu\u00f0 \u00e1 hugmyndum um a\u00f0 hitt foreldri\u00f0 s\u00e9 sl\u00e6m manneskja og \u00fev\u00ed gefnar uppl\u00fdsingar sem \u00fea\u00f0 hefur ekkert me\u00f0 a\u00f0 gera og engan \u00feroska til a\u00f0 vinna \u00far. \u00deannig er barninu stundum sagt fr\u00e1 framhj\u00e1haldi, \u00f3\u00e1byrgri heg\u00f0un \u00ed fj\u00e1rm\u00e1lum, e\u00f0a \u00f6\u00f0ru neikv\u00e6\u00f0u sem \u00fea\u00f0 hefur engar forsendur til a\u00f0 leggja mat \u00e1.<\/p>\n<p style=\"color: #222222;\"><img loading=\"lazy\" decoding=\"async\" class=\"alignleft size-full wp-image-332\" src=\"http:\/\/www.norn.is\/kyndillinn\/wp-content\/uploads\/sites\/5\/2004\/01\/pabbi.jpeg\" alt=\"pabbi\" width=\"281\" height=\"180\" \/>\u00deegar ma\u00f0ur l\u00edtur til \u00feess hversu algengt er a\u00f0 foreldri sem t\u00e1lmar umgengi sverti hitt foreldri\u00f0 \u00ed augum barnsins og saki \u00fea\u00f0 um ofbeldi, hl\u00fdtur s\u00fa spurning a\u00f0 vakna hvort kunni a\u00f0 vera r\u00e9ttm\u00e6t \u00e1st\u00e6\u00f0a fyrir \u00fev\u00ed a\u00f0 d\u00f6nsk barnaverndaryfirv\u00f6ld taka \u00e1sakanir Hj\u00f6rd\u00edsar og hennar stu\u00f0ningsmanna ekki til greina. \u00dar \u00fev\u00ed ver\u00f0ur ekki skori\u00f0 h\u00e9r en \u00e9g undrast \u00fea\u00f0 hve margir vir\u00f0ast tilb\u00fanir til \u00feess a\u00f0 fella d\u00f3ma yfir f\u00f6\u00f0ur barnanna \u00e1n \u00feess a\u00f0 \u00feekkja hans hli\u00f0 \u00e1 m\u00e1linu.<\/p>\n<h2 style=\"color: #111111;\">En hefur kerfi\u00f0 ekki broti\u00f0 gegn r\u00e9tti Hj\u00f6rd\u00edsar og barnanna?<\/h2>\n<p style=\"color: #222222;\">Miki\u00f0 hefur veri\u00f0 tala\u00f0 um forkastanleg vinnubr\u00f6g\u00f0 b\u00e6\u00f0i \u00edslenskra og danskra barnaverndaryfirvalda \u00ed m\u00e1li Hj\u00f6rd\u00edsar og Kims. Samkv\u00e6mt\u00a0<a style=\"font-weight: inherit; font-style: inherit; color: #ce2121;\" href=\"http:\/\/forrettindafeminismi.com\/2013\/11\/23\/brottnams-og-talmunarmal-hjordisar-svan-adur-obirt-gogn\/\">\u00feeim g\u00f6gnum sem h\u00e9r eru birt<\/a>\u00a0hefur \u00fe\u00f3 hver d\u00f3murinn \u00e1 f\u00e6tur \u00f6\u00f0rum komist a\u00f0 \u00feeirri ni\u00f0urst\u00f6\u00f0u a\u00f0 engin \u00e1st\u00e6\u00f0a s\u00e9 til a\u00f0 koma \u00ed veg fyrir a\u00f0 b\u00f6rnin umgangist f\u00f6\u00f0ur sinn.<\/p>\n<p style=\"color: #222222;\">\u00dea\u00f0 er heldur ekki r\u00e9tt sem sumir halda a\u00f0 Evr\u00f3punefnd hafi fellt \u00farskur\u00f0 um a\u00f0 m\u00e1li\u00f0 s\u00e9 illa unni\u00f0 af h\u00e1lfu danskra yfirvalda.\u00a0Hi\u00f0 r\u00e9tta er a\u00f0 nefndin safna\u00f0i saman s\u00f6gum og saga Hj\u00f6rd\u00edsar er ein \u00feeirra. Tilgangurinn var s\u00e1 a\u00f0 gera stj\u00f3rnv\u00f6ldum grein fyrir \u00fev\u00ed a\u00f0 margir foreldrar \u00ed \u00feessari st\u00f6\u00f0u telji sig ekki hafa fengi\u00f0 \u00e1heyrn og sanngjarna me\u00f0fer\u00f0. Fr\u00e1sagnir foreldra sem telja \u00e1 s\u00e9r broti\u00f0 eru skr\u00e1\u00f0ar en sannleiksgildi \u00feeirra er ekki kanna\u00f0 en engin afsta\u00f0a tekin til \u00feess hvort umkvartanir s\u00e9u r\u00e9ttm\u00e6tar, enda er \u00fea\u00f0 ekki hlutverk nefndarinnar. \u00cd lok sk\u00fdrslunnar eru talin upp nokkur m\u00e1l \u00fear sem skora\u00f0 er \u00e1 stj\u00f3rnv\u00f6ld a\u00f0 endursko\u00f0a \u00farskur\u00f0i s\u00edna. M\u00e1l Hj\u00f6rd\u00edsar er ekki me\u00f0al \u00feeirra.\u00a0<a style=\"font-weight: inherit; font-style: inherit; color: #ce2121;\" href=\"http:\/\/www.europarl.europa.eu\/meetdocs\/2009_2014\/documents\/peti\/dt\/1003\/1003121\/1003121en.pdf\">H\u00e9r er sk\u00fdrslan<\/a>.<\/p>\n<p style=\"color: #222222;\">\u00dea\u00f0 m\u00e1 gagnr\u00fdna \u00fea\u00f0 hvernig sta\u00f0i\u00f0 var a\u00f0 \u00fev\u00ed a\u00f0 taka telpurnar \u00far umsj\u00e1 Hj\u00f6rd\u00edsar. \u00dea\u00f0 getur talist sl\u00e6m framkoma vi\u00f0 b\u00f6rnin. \u00de\u00f3 er varla h\u00e6gt a\u00f0 fullyr\u00f0a me\u00f0 neinni sanngirni a\u00f0 \u00edslensk yfirv\u00f6ld hafi beitt Hj\u00f6rd\u00edsi \u00f3r\u00e9tti. \u00devert \u00e1 m\u00f3ti hafa komi\u00f0 fram g\u00f6gn sem benda til \u00feess a\u00f0\u00a0<a style=\"font-weight: inherit; font-style: inherit; color: #ce2121;\" href=\"http:\/\/forrettindafeminismi.com\/2013\/11\/27\/brottnams-og-talmunarmal-hjordisar-svan-aetlar-innanrikisraduneytid-ad-fara-a-svig-vid-log\/\">Innanr\u00edkisr\u00e1\u00f0uneyti\u00f0 hafi fari\u00f0 \u00e1 svig vi\u00f0 fj\u00f6l\u00fej\u00f3\u00f0lega samninga<\/a>\u00a0til \u00feess a\u00f0 sty\u00f0ja hana \u00ed brottn\u00e1mi barnanna. S\u00e9 \u00fea\u00f0 r\u00e9tt er \u00fea\u00f0 h\u00e1alvarlegt m\u00e1l. \u00c9g hef sj\u00e1lf broti\u00f0 l\u00f6g til \u00feess a\u00f0 a\u00f0sto\u00f0a f\u00f3lk \u00ed vanda en ef r\u00e1\u00f0herra er a\u00f0 stunda akt\u00edvisma \u00ed vinnunni sinni, \u00fe\u00e1 er \u00fea\u00f0 ekki bara l\u00f6gbrot sem h\u00fan er pers\u00f3nulega \u00e1byrg fyrir, heldur v\u00edtaver\u00f0 misnotkun \u00e1 r\u00e1\u00f0herravaldi. \u00c9g hef sent r\u00e1\u00f0uneytinu fyrirspurn vegna \u00feessa m\u00e1ls og hvet a\u00f0ra til a\u00f0 gera hi\u00f0 sama.<\/p>\n<h2 style=\"color: #111111;\">Annar barnsfa\u00f0ir<\/h2>\n<p style=\"color: #222222;\">N\u00fa hefur Hj\u00f6rd\u00eds sagt opinberlega fr\u00e1 sambandinu vi\u00f0 hinn danska barnsf\u00f6\u00f0ur sinn. En Hj\u00f6rd\u00eds \u00e1 l\u00edka son fr\u00e1 fyrra sambandi. Fa\u00f0ir hans er \u00cdslendingur,\u00a0 \u00deorsteinn Eyfj\u00f6r\u00f0 Benediksson a\u00f0 nafni. Hann skildi vi\u00f0 Hj\u00f6rd\u00edsi \u00e1ri\u00f0 1997, \u00feegar sonur \u00feeirra var a\u00f0eins fj\u00f6gurra m\u00e1na\u00f0a. Einhverjum kann a\u00f0 \u00feykja \u00fea\u00f0 forvitnilegt a\u00f0 \u00deorsteinn hefur aldrei umgengist son sinn. \u00c9g n\u00e1\u00f0i tali af \u00deorsteini og spur\u00f0i hann um \u00e1st\u00e6\u00f0una fyrir \u00fev\u00ed.<\/p>\n<p style=\"color: #222222;\">****<\/p>\n<p style=\"color: #222222;\"><strong>\u00de\u00fa \u00e1tt son me\u00f0 Hj\u00f6rd\u00edsi Svan en hefur aldrei umgengist hann. Hvernig stendur \u00e1 \u00fev\u00ed?<br \/>\n<\/strong>Hj\u00f6rd\u00eds hefur komi\u00f0 \u00ed veg fyrir umgengni. \u00dea\u00f0 byrja\u00f0i um lei\u00f0 og vi\u00f0 skildum en barni\u00f0 var \u00fe\u00e1 4 m\u00e1na\u00f0a. \u00c9g f\u00f3r \u00ed rauninni fr\u00e1 henni og h\u00fan var mj\u00f6g \u00f3s\u00e1tt vi\u00f0 \u00fea\u00f0. \u00deegar \u00e9g f\u00f3r, \u00fe\u00e1 sag\u00f0i h\u00fan m\u00e9r hreint \u00fat a\u00f0 h\u00fan \u00e6tla\u00f0i a\u00f0 sj\u00e1 til \u00feess a\u00f0 \u00e9g hef\u00f0i ekkert af \u00feessu barni a\u00f0 segja framar.<\/p>\n<p style=\"color: #222222;\"><strong>Varla hefur\u00f0u bara teki\u00f0 \u00fev\u00ed \u00feegjandi?<br \/>\n<\/strong>Satt a\u00f0 segja \u00fe\u00e1 haf\u00f0i \u00e9g ekkert samband vi\u00f0 hana \u00ed \u00ferj\u00e1 m\u00e1nu\u00f0i. \u00c9g hef l\u00edti\u00f0 \u00fathald gagnvart lei\u00f0indum, var hvekktur og vildi bara komast burt fr\u00e1 \u00feessu sambandi. H\u00fan var mj\u00f6g \u00e1kve\u00f0in og \u00e9g vissi alveg a\u00f0 \u00fea\u00f0 yr\u00f0i bar\u00e1tta a\u00f0 f\u00e1 a\u00f0 sj\u00e1 drenginn og lengi lag\u00f0i \u00e9g bara ekki \u00ed meira vesen. En mig langa\u00f0i au\u00f0vita\u00f0 a\u00f0 sj\u00e1 barni\u00f0 og \u00e1 endanum haf\u00f0i \u00e9g samband. Sv\u00f6rin sem \u00e9g f\u00e9kk \u00fe\u00e1 voru \u00feau a\u00f0 h\u00fan \u00feyrfti meiri t\u00edma e\u00f0a \u00fe\u00e1 a\u00f0 einhver \u00far fj\u00f6lskyldunni svara\u00f0i og sag\u00f0i a\u00f0 h\u00fan v\u00e6ri ekki heima.<\/p>\n<p style=\"color: #222222;\"><strong>Leita\u00f0ir \u00fe\u00fa r\u00e9ttar \u00fe\u00edns hj\u00e1 s\u00fdslumanni?<br \/>\n<\/strong>Nei. Ekki \u00e1 \u00feeim t\u00edma. \u00c9g taldi l\u00edklegt a\u00f0 \u00fea\u00f0 myndi bara her\u00f0a hana \u00ed sinni afst\u00f6\u00f0u svo \u00e9g vildi ekki fara \u00ed hart fyrr en \u00ed lengstu l\u00f6g. Auk \u00feess var hann ungbarn og \u00e9g \u00e1 sj\u00f3 svo regluleg helgarumgengni var kannski ekki besta fyrirkomulagi\u00f0. \u00c9g reyndi af og til a\u00f0 n\u00e1 sambandi vi\u00f0 hana en h\u00fan var \u00f3hagganleg og l\u00e9t sjaldan n\u00e1 \u00ed sig.<\/p>\n<p style=\"color: #222222;\">Eva: En s\u00e9r\u00f0u einhverjar \u00e1st\u00e6\u00f0ur fyrir \u00fev\u00ed a\u00f0 h\u00fan vildi ekki a\u00f0 \u00fe\u00fa hittir barni\u00f0? Haf\u00f0i miki\u00f0 gengi\u00f0 \u00e1, slagsm\u00e1l, \u00f3regla e\u00f0a eitthva\u00f0 svolei\u00f0is?<\/p>\n<p style=\"color: #222222;\"><span style=\"font-weight: inherit; font-style: inherit;\">\u00deorsteinn:\u00a0<\/span>\u00deetta var stirt samband en \u00fea\u00f0 kom aldrei til \u00e1taka. \u00c9g vil bara r\u00f3legt heimilisl\u00edf og m\u00e9r fannst h\u00fan erfi\u00f0 \u00ed samb\u00fa\u00f0. \u00dea\u00f0 sem ger\u00f0i \u00fatslagi\u00f0 af minni h\u00e1lfu var \u00fea\u00f0 hva\u00f0 h\u00fan tala\u00f0i illa um\u00a0 fj\u00f6lskyldu m\u00edna. M\u00e9r \u00feykir v\u00e6nt um mitt f\u00f3lk og vildi ekki sitja undir \u00feessu \u00feegjandi en \u00fea\u00f0 var ekkert h\u00e6gt a\u00f0 svara henni nema fara \u00fat \u00ed rifrildi. En nei, \u00fea\u00f0 voru aldrei nein l\u00edkamleg \u00e1t\u00f6k.<\/p>\n<p style=\"color: #222222;\"><strong>\u00deannig a\u00f0 \u00fe\u00fa segir a\u00f0 h\u00fan hafi ekki haft \u00e1st\u00e6\u00f0u til a\u00f0 koma \u00ed veg fyrir samband, en hva\u00f0 sag\u00f0i h\u00fan sj\u00e1lf, taldi h\u00fan a\u00f0 \u00fe\u00fa v\u00e6rir ofbeldishneig\u00f0ur e\u00f0a myndir vanr\u00e6kja barni\u00f0?<br \/>\n<\/strong>Nei. Henni fannst \u00e9g koma illa fram me\u00f0 \u00fev\u00ed a\u00f0 fara fr\u00e1 henni en h\u00fan hefur ekki \u00e1saka\u00f0 mig um ofbeldi. En \u00e9g hef heldur ekki fari\u00f0 \u00ed hart vi\u00f0 hana. H\u00fan \u00e1sakar seinni barnsf\u00f6\u00f0ur sinn um ofbeldi. Ma\u00f0ur veit au\u00f0vita\u00f0 ekkert um \u00fea\u00f0 samband en h\u00fan er ofbo\u00f0slega \u00e1kve\u00f0in \u00ed a\u00f0 hafa sitt fram og \u00e9g held a\u00f0 \u00e9g hef\u00f0i bara lent \u00ed \u00fev\u00ed sama ef \u00e9g hef\u00f0i s\u00fdnt h\u00f6rku. \u00c9g reyndi a\u00f0 fara mj\u00faku lei\u00f0ina en \u00feetta gekk bara svona \u00ed fj\u00f6gur \u00e1r. \u00de\u00e1 s\u00e1 \u00e9g fram \u00e1 a\u00f0 \u00e9g myndi aldrei n\u00e1 neinu samstarfi vi\u00f0 hana svo \u00e9g f\u00f3r til s\u00fdslumanns til \u00feess a\u00f0 reyna a\u00f0 koma \u00e1 umgengni.<\/p>\n<p style=\"color: #222222;\"><strong>Hvernig fannst \u00fe\u00e9r kerfi\u00f0 taka \u00e1 m\u00e1linu?<br \/>\n<\/strong>\u00dea\u00f0 var vi\u00f0urkennt a\u00f0 \u00e9g \u00e6tti a\u00f0 f\u00e1 umgengnisr\u00e9tt vi\u00f0 barni\u00f0. Hj\u00f6rd\u00eds hafna\u00f0i kr\u00f6fu um umgengni \u00e1 \u00feeirri forsendu a\u00f0 drengurinn vildi ekki hitta mig. M\u00e9r finnst frekar skr\u00fdti\u00f0 a\u00f0 spyrja sm\u00e1barn hvort \u00fea\u00f0 hafi \u00e1huga \u00e1 a\u00f0 hitta pabba sinn. \u00c9g \u00e1 tv\u00f6 b\u00f6rn fr\u00e1 seinna sambandi og \u00feau hitta mig reglulega. \u00dea\u00f0 hefur aldrei veri\u00f0 r\u00e6tt sem neitt anna\u00f0 en e\u00f0lilegur hluti af l\u00edfinu og \u00fea\u00f0 er heldur ekkert vesen. En au\u00f0vita\u00f0 vill barn ekki hitta bl\u00e1\u00f3kunnugan mann sem mamma hans segir a\u00f0 s\u00e9 vondur.<\/p>\n<p style=\"color: #222222;\">\u00deessi r\u00f6k hennar Hj\u00f6rd\u00edsar voru heldur ekkert tekin gild og \u00fea\u00f0 n\u00e6sta sem gerist er a\u00f0 sonur minn er sendur \u00ed s\u00e1lfr\u00e6\u00f0imat. \u00dear segir hann, fj\u00f6gurra e\u00f0a fimm \u00e1ra gamalt barn, er a\u00f0 \u00e9g s\u00e9 vondur ma\u00f0ur og hann vilji ekki hitta mig. Hann \u00feekkti mig n\u00e1tt\u00farlega ekkert, haf\u00f0i aldrei s\u00e9\u00f0 mig, og hans sk\u00fdringar \u00e1 \u00feessu voru \u00fe\u00e6r a\u00f0 \u00e9g hef\u00f0i fari\u00f0 fr\u00e1 m\u00f6mmu hans. \u00deetta er kannski st\u00f3ra vandam\u00e1li\u00f0. \u00dea\u00f0 er h\u00e6gt a\u00f0 f\u00e1 \u00farskur\u00f0 en kerfi\u00f0 r\u00e6\u00f0ur ekkert vi\u00f0 \u00fea\u00f0 hvernig er tala\u00f0 vi\u00f0 b\u00f6rnin heima og ef m\u00f3\u00f0irin er jafn \u00f3sveigjanleg og Hj\u00f6rd\u00eds \u00fe\u00e1 er ekki h\u00e6gt a\u00f0 fylgja \u00farskur\u00f0i eftir nema me\u00f0 harkalegum \u00fevingunara\u00f0ger\u00f0um sem bitna \u00e1 b\u00f6rnunum.<\/p>\n<p style=\"color: #222222;\">\u00deetta f\u00f3r \u00feannig a\u00f0 \u00e9g f\u00e9kk a\u00f0 hitta son minn \u00ed eitt skipti. \u00c9g keypti snj\u00f3\u00feotu og vi\u00f0 \u00e1ttum g\u00f3\u00f0an dag saman, fyrst \u00fati og svo f\u00f3r \u00e9g me\u00f0 hann heim. \u00c9g skila\u00f0i honum \u00e1 ums\u00f6mdum t\u00edma og \u00e1tti a\u00f0 hitta hann aftur daginn eftir. En \u00fe\u00e1 n\u00e1\u00f0ist ekkert \u00ed Hj\u00f6rd\u00edsi. Enginn heima og enginn svarar s\u00edma. \u00deannig li\u00f0u nokkrar vikur, kannski tveir m\u00e1nu\u00f0ir, \u00feanga\u00f0 til \u00e9g fr\u00e9tti a\u00f0 h\u00fan v\u00e6ri flutt til Danmerkur.<\/p>\n<p style=\"color: #222222;\"><strong>En n\u00fa varstu kominn me\u00f0 umgengnis\u00farskur\u00f0. Hef\u00f0ir\u00f0u geta\u00f0 l\u00e1ti\u00f0 s\u00e6kja barni\u00f0 til Danmerkur?<br \/>\n<\/strong>\u00c9g reyndi \u00fea\u00f0 ekki. Ma\u00f0ur \u00fearf a\u00f0 meta hva\u00f0 er raunh\u00e6ft og hvort \u00fea\u00f0 s\u00e9 \u00feess vir\u00f0i a\u00f0 standa \u00ed str\u00ed\u00f0i. \u00c9g mat \u00fea\u00f0 svo a\u00f0 fyrst m\u00e9r hef\u00f0i ekki tekist a\u00f0 f\u00e1 Hj\u00f6rd\u00edsi til samstarfs \u00e1 me\u00f0an vi\u00f0 vorum b\u00e6\u00f0i \u00e1 \u00cdslandi, \u00fe\u00e1 yr\u00f0i vonlaust a\u00f0 standa \u00ed umgengnisdeilu vi\u00f0 hana \u00ed \u00f6\u00f0ru landi. \u00dea\u00f0 yr\u00f0u bara erfi\u00f0leikar, kostna\u00f0ur og fundir me\u00f0 l\u00f6gfr\u00e6\u00f0ingum en l\u00edtil von um \u00e1rangur. Svo \u00e9g ger\u00f0i ekkert \u00ed \u00fev\u00ed fyrr en h\u00fan kom heim aftur.<\/p>\n<p style=\"color: #222222;\">H\u00fan flutti aftur heim \u00feegar drengurinn var sj\u00f6 \u00e1ra. H\u00fan var \u00fe\u00e1 komin \u00ed samb\u00fa\u00f0 me\u00f0 Kim. Hann haf\u00f0i gengi\u00f0 syni m\u00ednum \u00ed f\u00f6\u00f0ursta\u00f0 og str\u00e1kurinn kalla\u00f0i hann pabba. \u00c9g f\u00e9kk ekkert a\u00f0 hitta drenginn \u00fe\u00f3tt \u00e9g hef\u00f0i \u00farskur\u00f0 um umgengni.<\/p>\n<p style=\"color: #222222;\">\u00c9g f\u00f3r aftur fram \u00e1 a\u00f0sto\u00f0 til a\u00f0 f\u00e1 a\u00f0 sj\u00e1 drenginn \u00e1ri\u00f0 2006. Vi\u00f0 \u00e1ttum fund me\u00f0 s\u00e1lfr\u00e6\u00f0ingi og Hj\u00f6rd\u00edsi var gefin vika til a\u00f0 koma \u00e1 umgengni. \u00c9g sendi henni t\u00f6lvup\u00f3st, sag\u00f0i a\u00f0 \u00e9g hef\u00f0i alveg skilning \u00e1 \u00fev\u00ed a\u00f0 \u00feetta \u00feyrfti a\u00f0 gerast r\u00f3lega og bau\u00f0st til a\u00f0 senda honum myndir af m\u00e9r og fj\u00f6lskyldunni. \u00c9g ba\u00f0 hana l\u00edka um uppl\u00fdsingar um \u00e1hugam\u00e1l hans og fatast\u00e6r\u00f0 og ba\u00f0 hana a\u00f0 gefa m\u00e9r hugmynd a\u00f0 gj\u00f6f handa drengnum \u00fev\u00ed \u00fea\u00f0 kom fram hj\u00e1 s\u00e1lfr\u00e6\u00f0ingnum a\u00f0 hann v\u00e6ri \u00f3\u00e1n\u00e6g\u00f0ur me\u00f0 gjafir sem \u00e9g hef\u00f0i sent honum. Sv\u00f6rin sem \u00e9g f\u00e9kk voru \u00feau a\u00f0 hann vildi ekki gjafir fr\u00e1 m\u00e9r, vildi ekki tala vi\u00f0 mig og yr\u00f0i kannski aldrei til \u00ed \u00fea\u00f0. \u00c9g ba\u00f0 um a\u00f0 f\u00e1 a.m.k. einhverjar fr\u00e9ttir af honum og kannski myndir en h\u00fan svara\u00f0i \u00fev\u00ed ekkert. \u00c9g bau\u00f0 henni a\u00f0 tala frekar vi\u00f0 systur m\u00edna en sv\u00f6rin voru bara \u00feau a\u00f0 h\u00fan vildi ekki \u00feurfa a\u00f0 segja okkur \u00ed hverjum m\u00e1nu\u00f0i a\u00f0 hann vildi ekkert vi\u00f0 okkur tala. Svo l\u00ed\u00f0a nokkrar vikur og \u00fe\u00e1 fer h\u00fan aftur til Danmerkur. \u00c9g hef\u00f0i geta\u00f0 mynda\u00f0 traust og e\u00f0lilegt samband vi\u00f0 str\u00e1kinn ef \u00fea\u00f0 hef\u00f0i veri\u00f0 samvinna \u00e1 milli okkar en \u00e9g gat ekki hugsa\u00f0 m\u00e9r a\u00f0 l\u00e1ta taka hann me\u00f0 valdi og \u00fev\u00e6la honum \u00e1 milli landa.<\/p>\n<p style=\"color: #222222;\"><strong>\u00deannig a\u00f0 \u00fe\u00fa f\u00e9kkst a\u00f0 hitta hann \u00ed \u00feetta eina skipti \u00feegar hann var 4 \u00e1ra og svo ekki meir?<br \/>\n<\/strong>J\u00e1. \u00dea\u00f0 var ekki fyrr en \u00e1 \u00feessu \u00e1ri sem \u00e9g hitti hann aftur. \u00de\u00e1 haf\u00f0i hann sj\u00e1lfur samband vi\u00f0 mig. \u00c9g haf\u00f0i skrifa\u00f0 br\u00e9f \u00fear sem \u00e9g l\u00fdsti \u00fev\u00ed a\u00f0 \u00e9g hef\u00f0i veri\u00f0 beittur umgengnist\u00e1lmunum og Kim lag\u00f0i \u00fea\u00f0 fram sem hluta af g\u00f6gnum \u00ed sinni forr\u00e6\u00f0isdeilu. Erindi str\u00e1ksins var a\u00f0 bi\u00f0ja mig a\u00f0 draga br\u00e9fi\u00f0 til baka. \u00de\u00e1 hitti \u00e9g hann \u00ed eitt skipti. \u00c9g ger\u00f0i \u00fea\u00f0 fyrir hans or\u00f0 a\u00f0 draga br\u00e9fi\u00f0 til baka af \u00fev\u00ed a\u00f0 \u00e9g vona\u00f0i a\u00f0 \u00feetta yr\u00f0i upphafi\u00f0 a\u00f0 samskiptum milli okkar en s\u00ed\u00f0an hefur hann ekkert vilja\u00f0 me\u00f0 mig hafa.<\/p>\n<p style=\"color: #222222;\"><strong>Hvernig f\u00f3r \u00e1 me\u00f0 ykkur \u00feegar \u00fei\u00f0 hittust?<br \/>\n<\/strong>Hann var \u00ed mikilli v\u00f6rn og vi\u00f0 n\u00e1\u00f0um engum tengslum. \u00deegar \u00e9g spur\u00f0i hvers vegna hann vildi ekki eiga samskipti vi\u00f0 mig kom hann me\u00f0 svona \u00e1st\u00e6\u00f0ur eins og a\u00f0 \u00e9g hef\u00f0i veri\u00f0 me\u00f0 of m\u00f6rgum konum og \u00e6tti b\u00f6rn \u00fati um allt. \u00c9g v\u00e6ri ekki \u00ed n\u00f3gu f\u00ednni vinnu og hef\u00f0i ekki n\u00f3gu g\u00f3\u00f0a menntun en mamma hans hef\u00f0i hins vegar loki\u00f0 h\u00e1sk\u00f3lapr\u00f3fi. Hann \u00feekkir mig ekkert svo hann hefur \u00feessar hugmyndir fr\u00e1 \u00f6\u00f0rum. \u00c9g lifi bara venjulegu l\u00edfi, er \u00ed fastri vinnu og hef gott og innilegt samband vi\u00f0 hin b\u00f6rnin m\u00edn og stj\u00fapb\u00f6rnin l\u00edka og \u00fea\u00f0 er n\u00fa hart ef ma\u00f0ur \u00fearf h\u00e1sk\u00f3lapr\u00f3f til \u00feess a\u00f0 vera almennilegur pabbi.<\/p>\n<p style=\"color: #222222;\"><strong>Heldur\u00f0u a\u00f0 s\u00e9u einhverjar l\u00edkur \u00e1 a\u00f0 \u00fe\u00fa eigir eftir a\u00f0 n\u00e1 sambandi vi\u00f0 hann?<br \/>\n<\/strong>\u00c9g vona \u00fea\u00f0. \u00c9g missti af \u00fev\u00ed a\u00f0 kynnast honum sem barni en \u00e9g vona a\u00f0 \u00e9g f\u00e1i a\u00f0 kynnast honum sem unglingi. \u00dea\u00f0 sem er lei\u00f0inlegast vi\u00f0 \u00feetta allt saman er \u00fea\u00f0 hva\u00f0a sko\u00f0un hann hefur \u00e1 m\u00e9r og \u00e9g get ekki lei\u00f0r\u00e9tt \u00fe\u00e1 \u00edmynd nema me\u00f0 \u00fev\u00ed a\u00f0 umgangast hann. \u00c9g er b\u00fainn a\u00f0 b\u00ed\u00f0a \u00ed 16 \u00e1r. \u00dea\u00f0 er langur t\u00edmi. \u00c9g vona a\u00f0 \u00fea\u00f0 komi a\u00f0 \u00fev\u00ed a\u00f0 hann vilji hitta mig en me\u00f0an sta\u00f0an er \u00feessi \u00fe\u00e1 held \u00e9g a\u00f0 \u00e9g geti ekki gert neitt anna\u00f0 en a\u00f0 b\u00ed\u00f0a.<\/p>\n<p style=\"color: #222222;\">&#8212;<\/p>\n<p style=\"color: #222222;\"><em style=\"font-weight: inherit;\">\u00deess m\u00e1 geta a\u00f0 \u00e9g hef undir h\u00f6ndum t\u00f6lvup\u00f3sta sem sta\u00f0festa a\u00f0 tilraunum \u00deorsteins til \u00feess a\u00f0 f\u00e1 a\u00f0 sj\u00e1 son sinn hefur veri\u00f0 svara\u00f0 me\u00f0 sta\u00f0h\u00e6fingum um a\u00f0 drengurinn vilji ekki hitta hann og muni kannski aldrei vilja \u00fea\u00f0. Barnsm\u00f3\u00f0ir \u00deorsteins, \u00c1sta S\u00f3ley S\u00f6lvad\u00f3ttir, sta\u00f0festir a\u00f0 b\u00f6rn \u00feeirra dvelji reglulega hj\u00e1 \u00deorsteini, hann s\u00e9 g\u00f3\u00f0ur vi\u00f0 \u00feau og \u00feeim \u00feyki gaman a\u00f0 fara til hans.<\/em><\/p>\n","protected":false},"excerpt":{"rendered":"<p>Forr\u00e6\u00f0ism\u00e1l Hj\u00f6rd\u00edsar Svan hefur veri\u00f0 \u00e1berandi \u00ed opinberri umr\u00e6\u00f0u s\u00ed\u00f0ustu \u00ferj\u00fa \u00e1rin. \u00deeir sem fylgjast me\u00f0 umr\u00e6\u00f0unni \u00ed fj\u00f6lmi\u00f0lum standa frammi fyrir \u00f3\u00fe\u00e6gilegri \u00fevers\u00f6gn. Vi\u00f0 h\u00f6fum ekki n\u00f3gu miklar uppl\u00fdsingar fr\u00e1 b\u00e1\u00f0um hli\u00f0um til \u00feess a\u00f0 mynda okkur uppl\u00fdsta sko\u00f0un &hellip; <a href=\"https:\/\/www.norn.is\/kyndillinn\/vidtal-vid-barnsfodur-hjordisar-svan\/\">Halda \u00e1fram a\u00f0 lesa <span class=\"meta-nav\">&rarr;<\/span><\/a><\/p>\n","protected":false},"author":2,"featured_media":332,"comment_status":"closed","ping_status":"open","sticky":false,"template":"","format":"standard","meta":{"footnotes":""},"categories":[1,6],"tags":[320,295,294,303,296],"class_list":["post-1022","post","type-post","status-publish","format-standard","has-post-thumbnail","hentry","category-kyndillinn","category-kynjaimyndir-og-mismunun","tag-born","tag-foreldrajafnretti","tag-hjordis-svan","tag-karlar-og-jafnretti","tag-umgengnistalmanir"],"yoast_head":"<!-- This site is optimized with the Yoast SEO plugin v27.5 - https:\/\/yoast.com\/product\/yoast-seo-wordpress\/ -->\n<title>Vi\u00f0tal vi\u00f0 barnsf\u00f6\u00f0ur Hj\u00f6rd\u00edsar Svan - Kyndillinn<\/title>\n<meta name=\"robots\" content=\"index, follow, max-snippet:-1, max-image-preview:large, max-video-preview:-1\" \/>\n<link rel=\"canonical\" href=\"https:\/\/www.norn.is\/kyndillinn\/vidtal-vid-barnsfodur-hjordisar-svan\/\" \/>\n<meta property=\"og:locale\" content=\"is_IS\" \/>\n<meta property=\"og:type\" content=\"article\" \/>\n<meta property=\"og:title\" content=\"Vi\u00f0tal vi\u00f0 barnsf\u00f6\u00f0ur Hj\u00f6rd\u00edsar Svan - Kyndillinn\" \/>\n<meta property=\"og:description\" content=\"Forr\u00e6\u00f0ism\u00e1l Hj\u00f6rd\u00edsar Svan hefur veri\u00f0 \u00e1berandi \u00ed opinberri umr\u00e6\u00f0u s\u00ed\u00f0ustu \u00ferj\u00fa \u00e1rin. \u00deeir sem fylgjast me\u00f0 umr\u00e6\u00f0unni \u00ed fj\u00f6lmi\u00f0lum standa frammi fyrir \u00f3\u00fe\u00e6gilegri \u00fevers\u00f6gn. Vi\u00f0 h\u00f6fum ekki n\u00f3gu miklar uppl\u00fdsingar fr\u00e1 b\u00e1\u00f0um hli\u00f0um til \u00feess a\u00f0 mynda okkur uppl\u00fdsta sko\u00f0un &hellip; Halda \u00e1fram a\u00f0 lesa &rarr;\" \/>\n<meta property=\"og:url\" content=\"https:\/\/www.norn.is\/kyndillinn\/vidtal-vid-barnsfodur-hjordisar-svan\/\" \/>\n<meta property=\"og:site_name\" content=\"Kyndillinn\" \/>\n<meta property=\"article:published_time\" content=\"2013-12-02T10:07:14+00:00\" \/>\n<meta property=\"article:modified_time\" content=\"2017-09-11T11:13:04+00:00\" \/>\n<meta property=\"og:image\" content=\"https:\/\/www.norn.is\/kyndillinn\/wp-content\/uploads\/sites\/5\/2004\/01\/pabbi.jpeg\" \/>\n\t<meta property=\"og:image:width\" content=\"281\" \/>\n\t<meta property=\"og:image:height\" content=\"180\" \/>\n\t<meta property=\"og:image:type\" content=\"image\/jpeg\" \/>\n<meta name=\"author\" content=\"Eva Hauksd\u00f3ttir\" \/>\n<meta name=\"twitter:card\" content=\"summary_large_image\" \/>\n<meta name=\"twitter:label1\" content=\"Written by\" \/>\n\t<meta name=\"twitter:data1\" content=\"\" \/>\n\t<meta name=\"twitter:label2\" content=\"Est. reading time\" \/>\n\t<meta name=\"twitter:data2\" content=\"13 minutes\" \/>\n<script type=\"application\/ld+json\" class=\"yoast-schema-graph\">{\"@context\":\"https:\\\/\\\/schema.org\",\"@graph\":[{\"@type\":\"Article\",\"@id\":\"https:\\\/\\\/www.norn.is\\\/kyndillinn\\\/vidtal-vid-barnsfodur-hjordisar-svan\\\/#article\",\"isPartOf\":{\"@id\":\"https:\\\/\\\/www.norn.is\\\/kyndillinn\\\/vidtal-vid-barnsfodur-hjordisar-svan\\\/\"},\"author\":{\"name\":\"Eva Hauksd\u00f3ttir\",\"@id\":\"https:\\\/\\\/www.norn.is\\\/kyndillinn\\\/#\\\/schema\\\/person\\\/2eb0fcae9e1ecc61987f7ed9c878531c\"},\"headline\":\"Vi\u00f0tal vi\u00f0 barnsf\u00f6\u00f0ur Hj\u00f6rd\u00edsar Svan\",\"datePublished\":\"2013-12-02T10:07:14+00:00\",\"dateModified\":\"2017-09-11T11:13:04+00:00\",\"mainEntityOfPage\":{\"@id\":\"https:\\\/\\\/www.norn.is\\\/kyndillinn\\\/vidtal-vid-barnsfodur-hjordisar-svan\\\/\"},\"wordCount\":2675,\"image\":{\"@id\":\"https:\\\/\\\/www.norn.is\\\/kyndillinn\\\/vidtal-vid-barnsfodur-hjordisar-svan\\\/#primaryimage\"},\"thumbnailUrl\":\"https:\\\/\\\/www.norn.is\\\/kyndillinn\\\/wp-content\\\/uploads\\\/sites\\\/5\\\/2004\\\/01\\\/pabbi.jpeg\",\"keywords\":[\"B\u00f6rn\",\"foreldrajafnr\u00e9tti\",\"Hj\u00f6rd\u00eds Svan\",\"Karlar og jafnr\u00e9tti\",\"Umgengnist\u00e1lmanir\"],\"articleSection\":[\"Kyndillinn\",\"Kynja\u00edmyndir og mismunun\"],\"inLanguage\":\"is\"},{\"@type\":\"WebPage\",\"@id\":\"https:\\\/\\\/www.norn.is\\\/kyndillinn\\\/vidtal-vid-barnsfodur-hjordisar-svan\\\/\",\"url\":\"https:\\\/\\\/www.norn.is\\\/kyndillinn\\\/vidtal-vid-barnsfodur-hjordisar-svan\\\/\",\"name\":\"Vi\u00f0tal vi\u00f0 barnsf\u00f6\u00f0ur Hj\u00f6rd\u00edsar Svan - Kyndillinn\",\"isPartOf\":{\"@id\":\"https:\\\/\\\/www.norn.is\\\/kyndillinn\\\/#website\"},\"primaryImageOfPage\":{\"@id\":\"https:\\\/\\\/www.norn.is\\\/kyndillinn\\\/vidtal-vid-barnsfodur-hjordisar-svan\\\/#primaryimage\"},\"image\":{\"@id\":\"https:\\\/\\\/www.norn.is\\\/kyndillinn\\\/vidtal-vid-barnsfodur-hjordisar-svan\\\/#primaryimage\"},\"thumbnailUrl\":\"https:\\\/\\\/www.norn.is\\\/kyndillinn\\\/wp-content\\\/uploads\\\/sites\\\/5\\\/2004\\\/01\\\/pabbi.jpeg\",\"datePublished\":\"2013-12-02T10:07:14+00:00\",\"dateModified\":\"2017-09-11T11:13:04+00:00\",\"author\":{\"@id\":\"https:\\\/\\\/www.norn.is\\\/kyndillinn\\\/#\\\/schema\\\/person\\\/2eb0fcae9e1ecc61987f7ed9c878531c\"},\"breadcrumb\":{\"@id\":\"https:\\\/\\\/www.norn.is\\\/kyndillinn\\\/vidtal-vid-barnsfodur-hjordisar-svan\\\/#breadcrumb\"},\"inLanguage\":\"is\",\"potentialAction\":[{\"@type\":\"ReadAction\",\"target\":[\"https:\\\/\\\/www.norn.is\\\/kyndillinn\\\/vidtal-vid-barnsfodur-hjordisar-svan\\\/\"]}]},{\"@type\":\"ImageObject\",\"inLanguage\":\"is\",\"@id\":\"https:\\\/\\\/www.norn.is\\\/kyndillinn\\\/vidtal-vid-barnsfodur-hjordisar-svan\\\/#primaryimage\",\"url\":\"https:\\\/\\\/www.norn.is\\\/kyndillinn\\\/wp-content\\\/uploads\\\/sites\\\/5\\\/2004\\\/01\\\/pabbi.jpeg\",\"contentUrl\":\"https:\\\/\\\/www.norn.is\\\/kyndillinn\\\/wp-content\\\/uploads\\\/sites\\\/5\\\/2004\\\/01\\\/pabbi.jpeg\",\"width\":281,\"height\":180},{\"@type\":\"BreadcrumbList\",\"@id\":\"https:\\\/\\\/www.norn.is\\\/kyndillinn\\\/vidtal-vid-barnsfodur-hjordisar-svan\\\/#breadcrumb\",\"itemListElement\":[{\"@type\":\"ListItem\",\"position\":1,\"name\":\"Home\",\"item\":\"https:\\\/\\\/www.norn.is\\\/kyndillinn\\\/\"},{\"@type\":\"ListItem\",\"position\":2,\"name\":\"Vi\u00f0tal vi\u00f0 barnsf\u00f6\u00f0ur Hj\u00f6rd\u00edsar Svan\"}]},{\"@type\":\"WebSite\",\"@id\":\"https:\\\/\\\/www.norn.is\\\/kyndillinn\\\/#website\",\"url\":\"https:\\\/\\\/www.norn.is\\\/kyndillinn\\\/\",\"name\":\"Kyndillinn\",\"description\":\"Eva um kyn og kl\u00e1m\",\"potentialAction\":[{\"@type\":\"SearchAction\",\"target\":{\"@type\":\"EntryPoint\",\"urlTemplate\":\"https:\\\/\\\/www.norn.is\\\/kyndillinn\\\/?s={search_term_string}\"},\"query-input\":{\"@type\":\"PropertyValueSpecification\",\"valueRequired\":true,\"valueName\":\"search_term_string\"}}],\"inLanguage\":\"is\"},{\"@type\":\"Person\",\"@id\":\"https:\\\/\\\/www.norn.is\\\/kyndillinn\\\/#\\\/schema\\\/person\\\/2eb0fcae9e1ecc61987f7ed9c878531c\",\"name\":\"Eva Hauksd\u00f3ttir\",\"sameAs\":[\"http:\\\/\\\/www.norn.is\"],\"url\":\"https:\\\/\\\/www.norn.is\\\/kyndillinn\\\/author\\\/eva\\\/\"}]}<\/script>\n<!-- \/ Yoast SEO plugin. -->","yoast_head_json":{"title":"Vi\u00f0tal vi\u00f0 barnsf\u00f6\u00f0ur Hj\u00f6rd\u00edsar Svan - Kyndillinn","robots":{"index":"index","follow":"follow","max-snippet":"max-snippet:-1","max-image-preview":"max-image-preview:large","max-video-preview":"max-video-preview:-1"},"canonical":"https:\/\/www.norn.is\/kyndillinn\/vidtal-vid-barnsfodur-hjordisar-svan\/","og_locale":"is_IS","og_type":"article","og_title":"Vi\u00f0tal vi\u00f0 barnsf\u00f6\u00f0ur Hj\u00f6rd\u00edsar Svan - Kyndillinn","og_description":"Forr\u00e6\u00f0ism\u00e1l Hj\u00f6rd\u00edsar Svan hefur veri\u00f0 \u00e1berandi \u00ed opinberri umr\u00e6\u00f0u s\u00ed\u00f0ustu \u00ferj\u00fa \u00e1rin. \u00deeir sem fylgjast me\u00f0 umr\u00e6\u00f0unni \u00ed fj\u00f6lmi\u00f0lum standa frammi fyrir \u00f3\u00fe\u00e6gilegri \u00fevers\u00f6gn. Vi\u00f0 h\u00f6fum ekki n\u00f3gu miklar uppl\u00fdsingar fr\u00e1 b\u00e1\u00f0um hli\u00f0um til \u00feess a\u00f0 mynda okkur uppl\u00fdsta sko\u00f0un &hellip; Halda \u00e1fram a\u00f0 lesa &rarr;","og_url":"https:\/\/www.norn.is\/kyndillinn\/vidtal-vid-barnsfodur-hjordisar-svan\/","og_site_name":"Kyndillinn","article_published_time":"2013-12-02T10:07:14+00:00","article_modified_time":"2017-09-11T11:13:04+00:00","og_image":[{"width":281,"height":180,"url":"https:\/\/www.norn.is\/kyndillinn\/wp-content\/uploads\/sites\/5\/2004\/01\/pabbi.jpeg","type":"image\/jpeg"}],"author":"Eva Hauksd\u00f3ttir","twitter_card":"summary_large_image","twitter_misc":{"Written by":false,"Est. reading time":"13 minutes"},"schema":{"@context":"https:\/\/schema.org","@graph":[{"@type":"Article","@id":"https:\/\/www.norn.is\/kyndillinn\/vidtal-vid-barnsfodur-hjordisar-svan\/#article","isPartOf":{"@id":"https:\/\/www.norn.is\/kyndillinn\/vidtal-vid-barnsfodur-hjordisar-svan\/"},"author":{"name":"Eva Hauksd\u00f3ttir","@id":"https:\/\/www.norn.is\/kyndillinn\/#\/schema\/person\/2eb0fcae9e1ecc61987f7ed9c878531c"},"headline":"Vi\u00f0tal vi\u00f0 barnsf\u00f6\u00f0ur Hj\u00f6rd\u00edsar Svan","datePublished":"2013-12-02T10:07:14+00:00","dateModified":"2017-09-11T11:13:04+00:00","mainEntityOfPage":{"@id":"https:\/\/www.norn.is\/kyndillinn\/vidtal-vid-barnsfodur-hjordisar-svan\/"},"wordCount":2675,"image":{"@id":"https:\/\/www.norn.is\/kyndillinn\/vidtal-vid-barnsfodur-hjordisar-svan\/#primaryimage"},"thumbnailUrl":"https:\/\/www.norn.is\/kyndillinn\/wp-content\/uploads\/sites\/5\/2004\/01\/pabbi.jpeg","keywords":["B\u00f6rn","foreldrajafnr\u00e9tti","Hj\u00f6rd\u00eds Svan","Karlar og jafnr\u00e9tti","Umgengnist\u00e1lmanir"],"articleSection":["Kyndillinn","Kynja\u00edmyndir og mismunun"],"inLanguage":"is"},{"@type":"WebPage","@id":"https:\/\/www.norn.is\/kyndillinn\/vidtal-vid-barnsfodur-hjordisar-svan\/","url":"https:\/\/www.norn.is\/kyndillinn\/vidtal-vid-barnsfodur-hjordisar-svan\/","name":"Vi\u00f0tal vi\u00f0 barnsf\u00f6\u00f0ur Hj\u00f6rd\u00edsar Svan - Kyndillinn","isPartOf":{"@id":"https:\/\/www.norn.is\/kyndillinn\/#website"},"primaryImageOfPage":{"@id":"https:\/\/www.norn.is\/kyndillinn\/vidtal-vid-barnsfodur-hjordisar-svan\/#primaryimage"},"image":{"@id":"https:\/\/www.norn.is\/kyndillinn\/vidtal-vid-barnsfodur-hjordisar-svan\/#primaryimage"},"thumbnailUrl":"https:\/\/www.norn.is\/kyndillinn\/wp-content\/uploads\/sites\/5\/2004\/01\/pabbi.jpeg","datePublished":"2013-12-02T10:07:14+00:00","dateModified":"2017-09-11T11:13:04+00:00","author":{"@id":"https:\/\/www.norn.is\/kyndillinn\/#\/schema\/person\/2eb0fcae9e1ecc61987f7ed9c878531c"},"breadcrumb":{"@id":"https:\/\/www.norn.is\/kyndillinn\/vidtal-vid-barnsfodur-hjordisar-svan\/#breadcrumb"},"inLanguage":"is","potentialAction":[{"@type":"ReadAction","target":["https:\/\/www.norn.is\/kyndillinn\/vidtal-vid-barnsfodur-hjordisar-svan\/"]}]},{"@type":"ImageObject","inLanguage":"is","@id":"https:\/\/www.norn.is\/kyndillinn\/vidtal-vid-barnsfodur-hjordisar-svan\/#primaryimage","url":"https:\/\/www.norn.is\/kyndillinn\/wp-content\/uploads\/sites\/5\/2004\/01\/pabbi.jpeg","contentUrl":"https:\/\/www.norn.is\/kyndillinn\/wp-content\/uploads\/sites\/5\/2004\/01\/pabbi.jpeg","width":281,"height":180},{"@type":"BreadcrumbList","@id":"https:\/\/www.norn.is\/kyndillinn\/vidtal-vid-barnsfodur-hjordisar-svan\/#breadcrumb","itemListElement":[{"@type":"ListItem","position":1,"name":"Home","item":"https:\/\/www.norn.is\/kyndillinn\/"},{"@type":"ListItem","position":2,"name":"Vi\u00f0tal vi\u00f0 barnsf\u00f6\u00f0ur Hj\u00f6rd\u00edsar Svan"}]},{"@type":"WebSite","@id":"https:\/\/www.norn.is\/kyndillinn\/#website","url":"https:\/\/www.norn.is\/kyndillinn\/","name":"Kyndillinn","description":"Eva um kyn og kl\u00e1m","potentialAction":[{"@type":"SearchAction","target":{"@type":"EntryPoint","urlTemplate":"https:\/\/www.norn.is\/kyndillinn\/?s={search_term_string}"},"query-input":{"@type":"PropertyValueSpecification","valueRequired":true,"valueName":"search_term_string"}}],"inLanguage":"is"},{"@type":"Person","@id":"https:\/\/www.norn.is\/kyndillinn\/#\/schema\/person\/2eb0fcae9e1ecc61987f7ed9c878531c","name":"Eva Hauksd\u00f3ttir","sameAs":["http:\/\/www.norn.is"],"url":"https:\/\/www.norn.is\/kyndillinn\/author\/eva\/"}]}},"_links":{"self":[{"href":"https:\/\/www.norn.is\/kyndillinn\/wp-json\/wp\/v2\/posts\/1022","targetHints":{"allow":["GET"]}}],"collection":[{"href":"https:\/\/www.norn.is\/kyndillinn\/wp-json\/wp\/v2\/posts"}],"about":[{"href":"https:\/\/www.norn.is\/kyndillinn\/wp-json\/wp\/v2\/types\/post"}],"author":[{"embeddable":true,"href":"https:\/\/www.norn.is\/kyndillinn\/wp-json\/wp\/v2\/users\/2"}],"replies":[{"embeddable":true,"href":"https:\/\/www.norn.is\/kyndillinn\/wp-json\/wp\/v2\/comments?post=1022"}],"version-history":[{"count":4,"href":"https:\/\/www.norn.is\/kyndillinn\/wp-json\/wp\/v2\/posts\/1022\/revisions"}],"predecessor-version":[{"id":2128,"href":"https:\/\/www.norn.is\/kyndillinn\/wp-json\/wp\/v2\/posts\/1022\/revisions\/2128"}],"wp:featuredmedia":[{"embeddable":true,"href":"https:\/\/www.norn.is\/kyndillinn\/wp-json\/wp\/v2\/media\/332"}],"wp:attachment":[{"href":"https:\/\/www.norn.is\/kyndillinn\/wp-json\/wp\/v2\/media?parent=1022"}],"wp:term":[{"taxonomy":"category","embeddable":true,"href":"https:\/\/www.norn.is\/kyndillinn\/wp-json\/wp\/v2\/categories?post=1022"},{"taxonomy":"post_tag","embeddable":true,"href":"https:\/\/www.norn.is\/kyndillinn\/wp-json\/wp\/v2\/tags?post=1022"}],"curies":[{"name":"wp","href":"https:\/\/api.w.org\/{rel}","templated":true}]}}