{"id":980,"date":"2019-01-27T11:32:07","date_gmt":"2019-01-27T11:32:07","guid":{"rendered":"http:\/\/www.norn.is\/haukur\/?p=980"},"modified":"2021-03-14T10:38:25","modified_gmt":"2021-03-14T10:38:25","slug":"fra-raqqah-til-afrin","status":"publish","type":"post","link":"https:\/\/www.norn.is\/haukur\/fra-raqqah-til-afrin\/","title":{"rendered":"Fr\u00e1 Raqqah til Afr\u00edn"},"content":{"rendered":"\n<p>Um \u00feetta leyti \u00ed fyrra \u00e1tti Haukur a\u00f0 vera \u00e1 lei\u00f0 fr\u00e1 Raqqah til Evr\u00f3pu. Hann \u00e6tla\u00f0i reyndar a\u00f0 fara fr\u00e1 Raqqah fyrstu vikuna \u00ed jan\u00faar en s\u00fa fer\u00f0 dr\u00f3st og dr\u00f3st. \u00c1r\u00e1sir Tyrkja \u00e1 Afr\u00edn ur\u00f0u til \u00feess a\u00f0 b\u00edlnum sem \u00e1tti a\u00f0 fara me\u00f0 hann og fleiri al\u00fej\u00f3\u00f0ali\u00f0a seinka\u00f0i um nokkrar vikur \u00ed vi\u00f0b\u00f3t. Frekar en a\u00f0 hanga yfir engu \u00ed Raqqah, \u00e1kva\u00f0 Haukur a\u00f0 fara til Afr\u00edn, \u00e1 vegum tyrkneskrar hreyfingar sem st<span class=\"text_exposed_show\">y\u00f0ur m\u00e1lsta\u00f0 K\u00farda. \u00deeir hafa l\u00edklega lagt af sta\u00f0 26. e\u00f0a 27. jan\u00faar. Gert var r\u00e1\u00f0 fyrir \u00fev\u00ed a\u00f0 \u00feeim yr\u00f0i komi\u00f0 fr\u00e1 Afr\u00edn til Evr\u00f3pu um mi\u00f0jan febr\u00faar.<\/span><\/p>\n\n\n\n<p>Til \u00feess a\u00f0 komast til Afr\u00edn \u00feurftu \u00feeir sem voru lj\u00f3sir yfirlitum a\u00f0 g\u00e6ta \u00feess a\u00f0 skera sig ekki \u00far. S\u00ed\u00f0an \u00feurftu \u00feeir a\u00f0 fer\u00f0ast langa og erfi\u00f0a kr\u00f3kalei\u00f0 og leynast \u00e1 lei\u00f0inni. S\u00fa fer\u00f0 t\u00f3k marga daga en tali\u00f0 er a\u00f0 \u00feeir hafi komi\u00f0 til Afr\u00ednborgar um m\u00e1na\u00f0am\u00f3t jan-feb. \u00dear var \u00feeim skipt upp og sendir hver \u00e1 sinn front. Haukur hefur l\u00edklega fari\u00f0 til Badina e\u00f0a Dumilya (hvort tveggja sm\u00e1\u00feorp sem tilheyra Afr\u00ednh\u00e9ra\u00f0i) 4. e\u00f0a 5. febr\u00faar.<\/p>\n\n\n\n<p>Markmi\u00f0i\u00f0 var a\u00f0 hj\u00e1lpa til vi\u00f0 a\u00f0 reyna a\u00f0 halda ISIS-li\u00f0um (sem voru gengnir til li\u00f0s vi\u00f0 Tyrki) fr\u00e1 sv\u00e6\u00f0inu \u00e1 me\u00f0an veri\u00f0 v\u00e6ri a\u00f0 b\u00ed\u00f0a eftir hj\u00e1lp fr\u00e1 al\u00fej\u00f3\u00f0asamf\u00e9laginu. S\u00fa hj\u00e1lp barst aldrei.<\/p>\n","protected":false},"excerpt":{"rendered":"<p>Um \u00feetta leyti \u00ed fyrra \u00e1tti Haukur a\u00f0 vera \u00e1 lei\u00f0 fr\u00e1 Raqqah til Evr\u00f3pu. Hann \u00e6tla\u00f0i reyndar a\u00f0 fara fr\u00e1 Raqqah fyrstu vikuna \u00ed jan\u00faar en s\u00fa fer\u00f0 dr\u00f3st og dr\u00f3st. \u00c1r\u00e1sir Tyrkja \u00e1 Afr\u00edn ur\u00f0u til \u00feess a\u00f0 b\u00edlnum sem \u00e1tti a\u00f0 fara me\u00f0 hann og fleiri al\u00fej\u00f3\u00f0ali\u00f0a seinka\u00f0i um nokkrar vikur \u00ed [&hellip;]<\/p>\n","protected":false},"author":7,"featured_media":981,"comment_status":"closed","ping_status":"closed","sticky":false,"template":"","format":"standard","meta":{"_et_pb_use_builder":"","_et_pb_old_content":"","_et_gb_content_width":"","footnotes":""},"categories":[1,40,248],"tags":[242,255],"class_list":["post-980","post","type-post","status-publish","format-standard","has-post-thumbnail","hentry","category-allt-efni","category-andof","category-kurdistan","tag-afrin-2","tag-raqqa","et-has-post-format-content","et_post_format-et-post-format-standard"],"yoast_head":"<!-- This site is optimized with the Yoast SEO plugin v27.5 - https:\/\/yoast.com\/product\/yoast-seo-wordpress\/ -->\n<title>Fr\u00e1 Raqqah til Afr\u00edn - Leikmenn \u00e1n landam\u00e6ra<\/title>\n<meta name=\"robots\" content=\"index, follow, max-snippet:-1, max-image-preview:large, max-video-preview:-1\" \/>\n<link rel=\"canonical\" href=\"https:\/\/www.norn.is\/haukur\/fra-raqqah-til-afrin\/\" \/>\n<meta property=\"og:locale\" content=\"is_IS\" \/>\n<meta property=\"og:type\" content=\"article\" \/>\n<meta property=\"og:title\" content=\"Fr\u00e1 Raqqah til Afr\u00edn - Leikmenn \u00e1n landam\u00e6ra\" \/>\n<meta property=\"og:description\" content=\"Um \u00feetta leyti \u00ed fyrra \u00e1tti Haukur a\u00f0 vera \u00e1 lei\u00f0 fr\u00e1 Raqqah til Evr\u00f3pu. Hann \u00e6tla\u00f0i reyndar a\u00f0 fara fr\u00e1 Raqqah fyrstu vikuna \u00ed jan\u00faar en s\u00fa fer\u00f0 dr\u00f3st og dr\u00f3st. \u00c1r\u00e1sir Tyrkja \u00e1 Afr\u00edn ur\u00f0u til \u00feess a\u00f0 b\u00edlnum sem \u00e1tti a\u00f0 fara me\u00f0 hann og fleiri al\u00fej\u00f3\u00f0ali\u00f0a seinka\u00f0i um nokkrar vikur \u00ed [&hellip;]\" \/>\n<meta property=\"og:url\" content=\"https:\/\/www.norn.is\/haukur\/fra-raqqah-til-afrin\/\" \/>\n<meta property=\"og:site_name\" content=\"Leikmenn \u00e1n landam\u00e6ra\" \/>\n<meta property=\"article:published_time\" content=\"2019-01-27T11:32:07+00:00\" \/>\n<meta property=\"article:modified_time\" content=\"2021-03-14T10:38:25+00:00\" \/>\n<meta property=\"og:image\" content=\"https:\/\/www.norn.is\/haukur\/wp-content\/uploads\/sites\/19\/2019\/01\/Prep.png\" \/>\n\t<meta property=\"og:image:width\" content=\"650\" \/>\n\t<meta property=\"og:image:height\" content=\"476\" \/>\n\t<meta property=\"og:image:type\" content=\"image\/png\" \/>\n<meta name=\"author\" content=\"Eva Hauksd\u00f3ttir\" \/>\n<meta name=\"twitter:card\" content=\"summary_large_image\" \/>\n<meta name=\"twitter:label1\" content=\"Written by\" \/>\n\t<meta name=\"twitter:data1\" content=\"Eva Hauksd\u00f3ttir\" \/>\n\t<meta name=\"twitter:label2\" content=\"Est. reading time\" \/>\n\t<meta name=\"twitter:data2\" content=\"1 minute\" \/>\n<script type=\"application\/ld+json\" class=\"yoast-schema-graph\">{\"@context\":\"https:\\\/\\\/schema.org\",\"@graph\":[{\"@type\":\"Article\",\"@id\":\"https:\\\/\\\/www.norn.is\\\/haukur\\\/fra-raqqah-til-afrin\\\/#article\",\"isPartOf\":{\"@id\":\"https:\\\/\\\/www.norn.is\\\/haukur\\\/fra-raqqah-til-afrin\\\/\"},\"author\":{\"name\":\"Eva Hauksd\u00f3ttir\",\"@id\":\"https:\\\/\\\/www.norn.is\\\/haukur\\\/#\\\/schema\\\/person\\\/1d9742389918a297671033a2b53d3d34\"},\"headline\":\"Fr\u00e1 Raqqah til Afr\u00edn\",\"datePublished\":\"2019-01-27T11:32:07+00:00\",\"dateModified\":\"2021-03-14T10:38:25+00:00\",\"mainEntityOfPage\":{\"@id\":\"https:\\\/\\\/www.norn.is\\\/haukur\\\/fra-raqqah-til-afrin\\\/\"},\"wordCount\":269,\"image\":{\"@id\":\"https:\\\/\\\/www.norn.is\\\/haukur\\\/fra-raqqah-til-afrin\\\/#primaryimage\"},\"thumbnailUrl\":\"https:\\\/\\\/www.norn.is\\\/haukur\\\/wp-content\\\/uploads\\\/sites\\\/19\\\/2019\\\/01\\\/Prep.png\",\"keywords\":[\"Afr\u00edn\",\"Raqqa\"],\"articleSection\":[\"Allt efni\",\"And\u00f3f &amp; yfirvald\",\"K\u00fardistan\"],\"inLanguage\":\"is\"},{\"@type\":\"WebPage\",\"@id\":\"https:\\\/\\\/www.norn.is\\\/haukur\\\/fra-raqqah-til-afrin\\\/\",\"url\":\"https:\\\/\\\/www.norn.is\\\/haukur\\\/fra-raqqah-til-afrin\\\/\",\"name\":\"Fr\u00e1 Raqqah til Afr\u00edn - Leikmenn \u00e1n landam\u00e6ra\",\"isPartOf\":{\"@id\":\"https:\\\/\\\/www.norn.is\\\/haukur\\\/#website\"},\"primaryImageOfPage\":{\"@id\":\"https:\\\/\\\/www.norn.is\\\/haukur\\\/fra-raqqah-til-afrin\\\/#primaryimage\"},\"image\":{\"@id\":\"https:\\\/\\\/www.norn.is\\\/haukur\\\/fra-raqqah-til-afrin\\\/#primaryimage\"},\"thumbnailUrl\":\"https:\\\/\\\/www.norn.is\\\/haukur\\\/wp-content\\\/uploads\\\/sites\\\/19\\\/2019\\\/01\\\/Prep.png\",\"datePublished\":\"2019-01-27T11:32:07+00:00\",\"dateModified\":\"2021-03-14T10:38:25+00:00\",\"author\":{\"@id\":\"https:\\\/\\\/www.norn.is\\\/haukur\\\/#\\\/schema\\\/person\\\/1d9742389918a297671033a2b53d3d34\"},\"breadcrumb\":{\"@id\":\"https:\\\/\\\/www.norn.is\\\/haukur\\\/fra-raqqah-til-afrin\\\/#breadcrumb\"},\"inLanguage\":\"is\",\"potentialAction\":[{\"@type\":\"ReadAction\",\"target\":[\"https:\\\/\\\/www.norn.is\\\/haukur\\\/fra-raqqah-til-afrin\\\/\"]}]},{\"@type\":\"ImageObject\",\"inLanguage\":\"is\",\"@id\":\"https:\\\/\\\/www.norn.is\\\/haukur\\\/fra-raqqah-til-afrin\\\/#primaryimage\",\"url\":\"https:\\\/\\\/www.norn.is\\\/haukur\\\/wp-content\\\/uploads\\\/sites\\\/19\\\/2019\\\/01\\\/Prep.png\",\"contentUrl\":\"https:\\\/\\\/www.norn.is\\\/haukur\\\/wp-content\\\/uploads\\\/sites\\\/19\\\/2019\\\/01\\\/Prep.png\",\"width\":650,\"height\":476},{\"@type\":\"BreadcrumbList\",\"@id\":\"https:\\\/\\\/www.norn.is\\\/haukur\\\/fra-raqqah-til-afrin\\\/#breadcrumb\",\"itemListElement\":[{\"@type\":\"ListItem\",\"position\":1,\"name\":\"Home\",\"item\":\"https:\\\/\\\/www.norn.is\\\/haukur\\\/\"},{\"@type\":\"ListItem\",\"position\":2,\"name\":\"Fr\u00e1 Raqqah til Afr\u00edn\"}]},{\"@type\":\"WebSite\",\"@id\":\"https:\\\/\\\/www.norn.is\\\/haukur\\\/#website\",\"url\":\"https:\\\/\\\/www.norn.is\\\/haukur\\\/\",\"name\":\"Leikmenn \u00e1n landam\u00e6ra\",\"description\":\"\",\"potentialAction\":[{\"@type\":\"SearchAction\",\"target\":{\"@type\":\"EntryPoint\",\"urlTemplate\":\"https:\\\/\\\/www.norn.is\\\/haukur\\\/?s={search_term_string}\"},\"query-input\":{\"@type\":\"PropertyValueSpecification\",\"valueRequired\":true,\"valueName\":\"search_term_string\"}}],\"inLanguage\":\"is\"},{\"@type\":\"Person\",\"@id\":\"https:\\\/\\\/www.norn.is\\\/haukur\\\/#\\\/schema\\\/person\\\/1d9742389918a297671033a2b53d3d34\",\"name\":\"Eva Hauksd\u00f3ttir\",\"url\":\"https:\\\/\\\/www.norn.is\\\/haukur\\\/author\\\/evahauks\\\/\"}]}<\/script>\n<!-- \/ Yoast SEO plugin. -->","yoast_head_json":{"title":"Fr\u00e1 Raqqah til Afr\u00edn - Leikmenn \u00e1n landam\u00e6ra","robots":{"index":"index","follow":"follow","max-snippet":"max-snippet:-1","max-image-preview":"max-image-preview:large","max-video-preview":"max-video-preview:-1"},"canonical":"https:\/\/www.norn.is\/haukur\/fra-raqqah-til-afrin\/","og_locale":"is_IS","og_type":"article","og_title":"Fr\u00e1 Raqqah til Afr\u00edn - Leikmenn \u00e1n landam\u00e6ra","og_description":"Um \u00feetta leyti \u00ed fyrra \u00e1tti Haukur a\u00f0 vera \u00e1 lei\u00f0 fr\u00e1 Raqqah til Evr\u00f3pu. Hann \u00e6tla\u00f0i reyndar a\u00f0 fara fr\u00e1 Raqqah fyrstu vikuna \u00ed jan\u00faar en s\u00fa fer\u00f0 dr\u00f3st og dr\u00f3st. \u00c1r\u00e1sir Tyrkja \u00e1 Afr\u00edn ur\u00f0u til \u00feess a\u00f0 b\u00edlnum sem \u00e1tti a\u00f0 fara me\u00f0 hann og fleiri al\u00fej\u00f3\u00f0ali\u00f0a seinka\u00f0i um nokkrar vikur \u00ed [&hellip;]","og_url":"https:\/\/www.norn.is\/haukur\/fra-raqqah-til-afrin\/","og_site_name":"Leikmenn \u00e1n landam\u00e6ra","article_published_time":"2019-01-27T11:32:07+00:00","article_modified_time":"2021-03-14T10:38:25+00:00","og_image":[{"width":650,"height":476,"url":"https:\/\/www.norn.is\/haukur\/wp-content\/uploads\/sites\/19\/2019\/01\/Prep.png","type":"image\/png"}],"author":"Eva Hauksd\u00f3ttir","twitter_card":"summary_large_image","twitter_misc":{"Written by":"Eva Hauksd\u00f3ttir","Est. reading time":"1 minute"},"schema":{"@context":"https:\/\/schema.org","@graph":[{"@type":"Article","@id":"https:\/\/www.norn.is\/haukur\/fra-raqqah-til-afrin\/#article","isPartOf":{"@id":"https:\/\/www.norn.is\/haukur\/fra-raqqah-til-afrin\/"},"author":{"name":"Eva Hauksd\u00f3ttir","@id":"https:\/\/www.norn.is\/haukur\/#\/schema\/person\/1d9742389918a297671033a2b53d3d34"},"headline":"Fr\u00e1 Raqqah til Afr\u00edn","datePublished":"2019-01-27T11:32:07+00:00","dateModified":"2021-03-14T10:38:25+00:00","mainEntityOfPage":{"@id":"https:\/\/www.norn.is\/haukur\/fra-raqqah-til-afrin\/"},"wordCount":269,"image":{"@id":"https:\/\/www.norn.is\/haukur\/fra-raqqah-til-afrin\/#primaryimage"},"thumbnailUrl":"https:\/\/www.norn.is\/haukur\/wp-content\/uploads\/sites\/19\/2019\/01\/Prep.png","keywords":["Afr\u00edn","Raqqa"],"articleSection":["Allt efni","And\u00f3f &amp; yfirvald","K\u00fardistan"],"inLanguage":"is"},{"@type":"WebPage","@id":"https:\/\/www.norn.is\/haukur\/fra-raqqah-til-afrin\/","url":"https:\/\/www.norn.is\/haukur\/fra-raqqah-til-afrin\/","name":"Fr\u00e1 Raqqah til Afr\u00edn - Leikmenn \u00e1n landam\u00e6ra","isPartOf":{"@id":"https:\/\/www.norn.is\/haukur\/#website"},"primaryImageOfPage":{"@id":"https:\/\/www.norn.is\/haukur\/fra-raqqah-til-afrin\/#primaryimage"},"image":{"@id":"https:\/\/www.norn.is\/haukur\/fra-raqqah-til-afrin\/#primaryimage"},"thumbnailUrl":"https:\/\/www.norn.is\/haukur\/wp-content\/uploads\/sites\/19\/2019\/01\/Prep.png","datePublished":"2019-01-27T11:32:07+00:00","dateModified":"2021-03-14T10:38:25+00:00","author":{"@id":"https:\/\/www.norn.is\/haukur\/#\/schema\/person\/1d9742389918a297671033a2b53d3d34"},"breadcrumb":{"@id":"https:\/\/www.norn.is\/haukur\/fra-raqqah-til-afrin\/#breadcrumb"},"inLanguage":"is","potentialAction":[{"@type":"ReadAction","target":["https:\/\/www.norn.is\/haukur\/fra-raqqah-til-afrin\/"]}]},{"@type":"ImageObject","inLanguage":"is","@id":"https:\/\/www.norn.is\/haukur\/fra-raqqah-til-afrin\/#primaryimage","url":"https:\/\/www.norn.is\/haukur\/wp-content\/uploads\/sites\/19\/2019\/01\/Prep.png","contentUrl":"https:\/\/www.norn.is\/haukur\/wp-content\/uploads\/sites\/19\/2019\/01\/Prep.png","width":650,"height":476},{"@type":"BreadcrumbList","@id":"https:\/\/www.norn.is\/haukur\/fra-raqqah-til-afrin\/#breadcrumb","itemListElement":[{"@type":"ListItem","position":1,"name":"Home","item":"https:\/\/www.norn.is\/haukur\/"},{"@type":"ListItem","position":2,"name":"Fr\u00e1 Raqqah til Afr\u00edn"}]},{"@type":"WebSite","@id":"https:\/\/www.norn.is\/haukur\/#website","url":"https:\/\/www.norn.is\/haukur\/","name":"Leikmenn \u00e1n landam\u00e6ra","description":"","potentialAction":[{"@type":"SearchAction","target":{"@type":"EntryPoint","urlTemplate":"https:\/\/www.norn.is\/haukur\/?s={search_term_string}"},"query-input":{"@type":"PropertyValueSpecification","valueRequired":true,"valueName":"search_term_string"}}],"inLanguage":"is"},{"@type":"Person","@id":"https:\/\/www.norn.is\/haukur\/#\/schema\/person\/1d9742389918a297671033a2b53d3d34","name":"Eva Hauksd\u00f3ttir","url":"https:\/\/www.norn.is\/haukur\/author\/evahauks\/"}]}},"_links":{"self":[{"href":"https:\/\/www.norn.is\/haukur\/wp-json\/wp\/v2\/posts\/980","targetHints":{"allow":["GET"]}}],"collection":[{"href":"https:\/\/www.norn.is\/haukur\/wp-json\/wp\/v2\/posts"}],"about":[{"href":"https:\/\/www.norn.is\/haukur\/wp-json\/wp\/v2\/types\/post"}],"author":[{"embeddable":true,"href":"https:\/\/www.norn.is\/haukur\/wp-json\/wp\/v2\/users\/7"}],"replies":[{"embeddable":true,"href":"https:\/\/www.norn.is\/haukur\/wp-json\/wp\/v2\/comments?post=980"}],"version-history":[{"count":2,"href":"https:\/\/www.norn.is\/haukur\/wp-json\/wp\/v2\/posts\/980\/revisions"}],"predecessor-version":[{"id":3103,"href":"https:\/\/www.norn.is\/haukur\/wp-json\/wp\/v2\/posts\/980\/revisions\/3103"}],"wp:featuredmedia":[{"embeddable":true,"href":"https:\/\/www.norn.is\/haukur\/wp-json\/wp\/v2\/media\/981"}],"wp:attachment":[{"href":"https:\/\/www.norn.is\/haukur\/wp-json\/wp\/v2\/media?parent=980"}],"wp:term":[{"taxonomy":"category","embeddable":true,"href":"https:\/\/www.norn.is\/haukur\/wp-json\/wp\/v2\/categories?post=980"},{"taxonomy":"post_tag","embeddable":true,"href":"https:\/\/www.norn.is\/haukur\/wp-json\/wp\/v2\/tags?post=980"}],"curies":[{"name":"wp","href":"https:\/\/api.w.org\/{rel}","templated":true}]}}