{"id":788,"date":"2018-03-24T18:17:37","date_gmt":"2018-03-24T18:17:37","guid":{"rendered":"http:\/\/www.norn.is\/haukur\/?p=788"},"modified":"2021-03-14T11:43:37","modified_gmt":"2021-03-14T11:43:37","slug":"788","status":"publish","type":"post","link":"https:\/\/www.norn.is\/haukur\/788\/","title":{"rendered":"Byltingarmenn geta ekki sofi\u00f0 \u00fat"},"content":{"rendered":"\n<p><a href=\"https:\/\/www.frettabladid.is\/lifid\/haukur-las-i-che-guevara-fyrir-felaga-sina-i-herdeildinni\" target=\"_blank\" rel=\"noreferrer noopener\">A\u00f0alhei\u00f0ur \u00c1mundad\u00f3ttir &#8211; Fr\u00e9ttabla\u00f0i\u00f0<\/a><\/p>\n\n\n\n<p class=\"has-medium-font-size\">F\u00e9lagar Hauks Hilmarssonar minnast li\u00f0\u00fej\u00e1lfa s\u00edns og segja fr\u00e1 Che Guevara b\u00f3kakl\u00fabbi, \u00e1herslu \u00e1 l\u00edkamsr\u00e6kt, vin\u00e1ttu, h\u00famor og l\u00e9ttleika \u00ed allri stj\u00f3rnun herdeildar Hauks.<\/p>\n\n\n\n<p class=\"has-background\" style=\"background-color:#f1f6f9\">&#8222;\u00cd desember h\u00f6f\u00f0um vi\u00f0 ekki \u00e1tta\u00f0 okkur \u00e1 a\u00f0 \u00e9g var \u00ed rauninni veikur. \u00c9g var alltaf \u00fereyttur og \u00e1tti erfitt me\u00f0 a\u00f0 fara fram \u00far \u00e1 morgnana. Vi\u00f0br\u00f6g\u00f0 \u00fe\u00edn vi\u00f0 \u00feessu sleni voru \u201emild agavi\u00f0url\u00f6g\u201c svo \u00e9g noti \u00fe\u00edn or\u00f0.&nbsp;\u00c1 fyrsta fundi&nbsp;f\u00f3rstu r\u00e6kilega yfir&nbsp;af hverju hverjum hermanni og byltingarmanni er nau\u00f0synlegt a\u00f0 komast fram \u00far \u00e1 morgnana. Vi\u00f0 hl\u00f3gum okkur eiginlega \u00ed gegnum \u00feennan fyrsta fund vegna n\u00e1lgunar \u00feinnar \u00e1 \u00feetta og \u00e1herslunnar \u00e1 mikilv\u00e6gi \u00feess sem \u00e6tti ekki a\u00f0 vefjast fyrir okkur sj\u00e1lfum, byltingarm\u00f6nnunum.<\/p>\n\n\n\n<p class=\"has-background\" style=\"background-color:#f1f6f9\">\u00deessi refsing \u00fer\u00f3a\u00f0ist svo yfir \u00ed eins konar b\u00f3kakl\u00fabb um rit Che Guevara, sk\u00e6ruherna\u00f0 og K\u00fabubyltinguna. \u00deessi agavi\u00f0url\u00f6g sem l\u00f6g\u00f0 voru \u00e1 mig af li\u00f0sforingja m\u00ednum, af \u00fev\u00ed \u00e9g komst ekki n\u00f3gu snemma \u00e1 f\u00e6tur, \u00fer\u00f3u\u00f0ust yfir \u00ed fr\u00e1b\u00e6rar stundir sem vi\u00f0 nutum allir, ekki s\u00edst fyrir eldm\u00f3\u00f0 \u00feinn og hrifningu \u00e1 Che og ritum hans.\u201c<\/p>\n\n\n\n<p>\u00deannig l\u00fdsir einn li\u00f0smanna f\u00e9laga Hauks Hilmarssonar, li\u00f0sforingja s\u00ednum, Sahin.<\/p>\n\n\n\n<p>Hauki er, af f\u00e9l\u00f6gum s\u00ednum, l\u00fdst sem mildum foringja, traustum vini og eldheitum hugsj\u00f3namanni. \u00deeir segja fr\u00e1 l\u00fd\u00f0r\u00e6\u00f0islegum stj\u00f3rnarh\u00e1ttum hans og hvernig hann hlusta\u00f0i \u00e1 \u00f3l\u00edk vi\u00f0horf og sj\u00f3narmi\u00f0 um fyrirliggjandi verkefni deildarinnar, hvernig hann sag\u00f0i fr\u00e1 sj\u00e1lfum s\u00e9r af mikilli h\u00f3gv\u00e6r\u00f0, hvernig hann nota\u00f0i h\u00famor og glettni til a\u00f0 hj\u00e1lpa f\u00e9l\u00f6gum s\u00ednum \u00ed gegnum erfi\u00f0 verkefni og \u00feeir&nbsp;l\u00fdsa samskiptum hans vi\u00f0 \u00f3breytta borgara \u00ed Rojava.<\/p>\n\n\n\n<p class=\"has-background\" style=\"background-color:#f1f6f9\">\u201eEftir frelsun Raqqa \u00e1tti herdeildin nokkurra vikna fri\u00f0s\u00e6lt og afslappa\u00f0 t\u00edmabil. Margir f\u00f3ru aftur heim til Evr\u00f3pu og Bandar\u00edkjanna og a\u00f0rir yfirg\u00e1fu herdeildina og f\u00f3ru a\u00f0 sinna borgaralegum st\u00f6rfum \u00ed Rojava. Sahin var einn f\u00e1rra sem ur\u00f0u eftir me\u00f0 herdeildinni. Hann h\u00e9lt l\u00edfi \u00ed henni og vi\u00f0h\u00e9lt hreysti deildarinnar me\u00f0 skipulag\u00f0ri stj\u00f3rnm\u00e1lafr\u00e6\u00f0slu og l\u00edkamsr\u00e6kt.\u201c<\/p>\n\n\n\n<p>Einn f\u00e9laganna l\u00fdsir s\u00ed\u00f0ustu samverustund sinni me\u00f0 Hauki en \u00feeir ur\u00f0u samfer\u00f0a yfir \u00f3vinasv\u00e6\u00f0i \u00e1 lei\u00f0 herdeildarinnar inn til Afrin. <\/p>\n\n\n\n<p class=\"has-background\" style=\"background-color:#f1f6f9\">\u201e\u00c9g hef upplifa\u00f0 f\u00e1tt meira streituvaldandi og \u00f3gnvekjandi en a\u00f0 vera smygla\u00f0 \u00ed gegnum yfirr\u00e1\u00f0asv\u00e6\u00f0i \u00f3vinanna en Sahin var me\u00f0 m\u00e9r allan t\u00edmann, grettandi sig og segjandi brandara alla lei\u00f0ina, \u00ed \u00feeim eina tilgangi a\u00f0 r\u00f3a mig ni\u00f0ur. Eftir nokkurra klukkut\u00edma bi\u00f0 \u00ed Aleppo, var Sahin settur \u00ed annan b\u00edl og eki\u00f0 burt. Nokkrar klukkustundir li\u00f0u og annar b\u00edll s\u00f3tti mig og \u00e9g var falinn undir t\u00f6skum og \u00f6\u00f0ru f\u00f3lki. Eftir spennu\u00ferungna fer\u00f0 \u00ed b\u00edlnum me\u00f0 tilheyrandi hjartsl\u00e6tti vi\u00f0 hverja var\u00f0st\u00f6\u00f0 komst \u00e9g loks yfir v\u00edgl\u00ednuna. Um lei\u00f0 og \u00e9g kom inn um hli\u00f0 fyrstu YPG-st\u00f6\u00f0varinnar kom Sahin hlaupandi \u00e1 m\u00f3ti m\u00e9r me\u00f0 brei\u00f0asta s\u00f3lskinsbrosi sem \u00e9g hef s\u00e9\u00f0 og \u00f3menga\u00f0a gle\u00f0i og hamingju \u00ed b\u00e1\u00f0um augum. N\u00e1kv\u00e6mlega \u00feannig mun \u00e9g alltaf minnast hans. \u00deegar \u00e9g heyri nafn hans nefnt, s\u00e9 \u00e9g alltaf fyrir m\u00e9r \u00feetta bros sem m\u00e6tti m\u00e9r \u00fe\u00e1.\u201c<\/p>\n\n\n\n<p>H\u00e9r fyrir ne\u00f0an m\u00e1 lesa minningar \u00feeirra Rustum og Nurhaks&nbsp;eins og \u00feeir \u00feekktu hann.<\/p>\n\n\n\n<figure class=\"wp-block-image size-large\"><a href=\"http:\/\/www.norn.is\/haukur\/wp-content\/uploads\/sites\/19\/2018\/03\/57494.min-800x600-1.jpg\"><img loading=\"lazy\" decoding=\"async\" width=\"899\" height=\"600\" src=\"http:\/\/www.norn.is\/haukur\/wp-content\/uploads\/sites\/19\/2018\/03\/57494.min-800x600-1.jpg\" alt=\"\" class=\"wp-image-3118\" srcset=\"https:\/\/www.norn.is\/haukur\/wp-content\/uploads\/sites\/19\/2018\/03\/57494.min-800x600-1.jpg 899w, https:\/\/www.norn.is\/haukur\/wp-content\/uploads\/sites\/19\/2018\/03\/57494.min-800x600-1-300x200.jpg 300w, https:\/\/www.norn.is\/haukur\/wp-content\/uploads\/sites\/19\/2018\/03\/57494.min-800x600-1-768x513.jpg 768w\" sizes=\"auto, (max-width: 899px) 100vw, 899px\" \/><\/a><figcaption>Haukur Hilmarsson (\u015eahin)<\/figcaption><\/figure>\n\n\n\n<p><\/p>\n\n\n\n<p class=\"has-background\" style=\"background-color:#f1f6f9\">&#8222;\u015eahin was a good friend and comrade of all the internationals who met him. Kind, funny and diciplined, as comader in the International Freedom Battalion he took in all oppinions, shared memories and told stories aswell aswell as securing the readyness and abilities of the tabur.<br><br>Both as comander and friend, \u015eahin was loyal, trustworthy and a person you could count on in any situation. As few he was a true revolutionary, if not in words then truly in deeds. His life and sacrifice will never be forgotten. Were ever the struggle continues Sahin is there with us, and through us he shall be victorious.<br><br>After the liberation of Raqqa a peacefull, relaxed perioud began; people began going back to Europe and Amerika or leaving the tabur to do civil work in Rojava. \u015eahin was one of the few people that stayed behind. He made sure the suvival and fitness of the tabur through organising political education and making sure we all did sports. On Christmas he eaven organized &#8222;Juletide stretches.<br><br>\u015eahin was the one who stopped us from reading fiction novels or obscure political theory, and made us read and discuss collectivly Che Guevarras&#8217; writings on Guerilla warfare.<br><br>\u015eahin would often come up when i was on guard duty and we would talk for two hours straight about everything big and small; our families and girlfriends, our homes, the war and our futures.<br><br>The last time i saw him was when we crossed the border in to Afrin. Being smuggled through regime territory was some of the moast stressful hours i have ever experienced, but \u015eahin\u00a0was there beside me making stupid faces and telling jokes and making sure i was calm.<br><br>After waiting some hours in Aleppo, \u015eahin was put into a different truck and driven away. Some hours passed and i too was put into truck, hidden under bags and people. After a stressfull drive, my heart stopping at every checkpoint, I finaly made it across the border.<br><br>I entered the gates of the first YPG point and there came \u015eahin running towards me with the biggest smile I have ever seen. Pure happiness shining from both eyes. That is how I will always remember him. I see his smiling face everytime I hear his name.&#8220;<br><br>-Rustem<\/p>\n\n\n\n<p><\/p>\n\n\n\n<figure class=\"wp-block-image size-large\"><a href=\"http:\/\/www.norn.is\/haukur\/wp-content\/uploads\/sites\/19\/2018\/03\/8e3ad26a-a4fe-4abe-91d2-6547894008fa-2.jpg\"><img loading=\"lazy\" decoding=\"async\" width=\"817\" height=\"613\" src=\"http:\/\/www.norn.is\/haukur\/wp-content\/uploads\/sites\/19\/2018\/03\/8e3ad26a-a4fe-4abe-91d2-6547894008fa-2.jpg\" alt=\"\" class=\"wp-image-2984\" srcset=\"https:\/\/www.norn.is\/haukur\/wp-content\/uploads\/sites\/19\/2018\/03\/8e3ad26a-a4fe-4abe-91d2-6547894008fa-2.jpg 817w, https:\/\/www.norn.is\/haukur\/wp-content\/uploads\/sites\/19\/2018\/03\/8e3ad26a-a4fe-4abe-91d2-6547894008fa-2-300x225.jpg 300w, https:\/\/www.norn.is\/haukur\/wp-content\/uploads\/sites\/19\/2018\/03\/8e3ad26a-a4fe-4abe-91d2-6547894008fa-2-768x576.jpg 768w\" sizes=\"auto, (max-width: 817px) 100vw, 817px\" \/><\/a><\/figure>\n\n\n\n<p class=\"has-background\" style=\"background-color:#f1f6f9\">Dear Haukur Hilmarsson<br><br>All of us here in Rojava who knew you as \u015eahin have suffered one of the biggest blows so far. We lost a true revolutionary comrade and an amazing, uplifting and most kind friend who we could always count on.<br><br>There is no words to describe the great times and inspiring memories i had with and have of you but I will try this anyway,\u00a0in your honor and remembrance, for your legacy and loved ones.<br><br>The first time I met you, you seemed very closed and serious about most things to me.\u00a0We were sitting in the back of a car and talked about Iceland and your likes of the scenery in Rojava. You told me you were tired of Iceland&#8217;s same repetitive nature and informed me on how much you loved the raw sights of a battle scarred environment and how much you admired the Kurdish people and their way of living.<br><br>You came to Kurdistan with an astounding past of activism, which few of us were aware off in the first months getting to know you better.<br><br>Discovering after you bravely sacrificed your life for the resistance of Afrin and the revolution of Rojava, we learned that the vastness of your deeds were way more impactful and heroic than we ever thought you hinted on. This humble characteristic was one of the great parts of you that drove us to looking up to you so much.<br><br>Remembering when we were together on your first operation in Raqqa, which eventually became a very exhausting and tough three day mission, clearing our way through streets and buildings full of mines, while being under sniper, mortar and anti-aircraftgun fire, I can not forget your energy that drove yourself and us other comrades through the fighting.<br><br>You were bound on staying focused at all times and it seemed like we had a longlife combat veteran along our side. When we finally secured our mission object, a big building layed with over 20 mines, we went on to defend that same point and attacked the fascist enemies from there for over 2 weeks. You ceelebrated the liberation of Raqqa with us in on the rooftop of that building. These moments I will forever keep caarying in my heart, as I still can see that unique big smile on your face when the news reached us Raqqa had been freed from daesh\u00a0(ISIS).<br><br>After the liberation of Raqqa we went on to live in and secure the city for over 2 months, while civilians were trying to return to their homes. One day, when most civilians from the street our base was located at already returned and started picking the pieces up of their old lives, we spoke together about all the trash and rubble there was in the street and how it would be nice to clean all of this up to show a good gesture to the civilian families.<br><br>We spent the entire day cleaning up the streets and after we were rewarded by a couple of families so happy and amazed about what we did. They invited us to drink tea with them, and we talked about small things in broken Arabic while the sun was setting over the Euphrates river.<\/p>\n\n\n\n<figure class=\"wp-block-image size-large\"><a href=\"http:\/\/www.norn.is\/haukur\/wp-content\/uploads\/sites\/19\/2018\/03\/a-godri-stund-i-Raqqah.png\"><img loading=\"lazy\" decoding=\"async\" width=\"1024\" height=\"652\" src=\"http:\/\/www.norn.is\/haukur\/wp-content\/uploads\/sites\/19\/2018\/03\/a-godri-stund-i-Raqqah-1024x652.png\" alt=\"\" class=\"wp-image-2986\" srcset=\"https:\/\/www.norn.is\/haukur\/wp-content\/uploads\/sites\/19\/2018\/03\/a-godri-stund-i-Raqqah-1024x652.png 1024w, https:\/\/www.norn.is\/haukur\/wp-content\/uploads\/sites\/19\/2018\/03\/a-godri-stund-i-Raqqah-300x191.png 300w, https:\/\/www.norn.is\/haukur\/wp-content\/uploads\/sites\/19\/2018\/03\/a-godri-stund-i-Raqqah-768x489.png 768w, https:\/\/www.norn.is\/haukur\/wp-content\/uploads\/sites\/19\/2018\/03\/a-godri-stund-i-Raqqah-1080x688.png 1080w, https:\/\/www.norn.is\/haukur\/wp-content\/uploads\/sites\/19\/2018\/03\/a-godri-stund-i-Raqqah.png 1415w\" sizes=\"auto, (max-width: 1024px) 100vw, 1024px\" \/><\/a><\/figure>\n\n\n\n<h2 class=\"wp-block-heading\">Che Guevara&#8217;s bookclub<\/h2>\n\n\n\n<p class=\"has-background\" style=\"background-color:#f1f6f9\">In December we were still unaware that I had gotten sick, I was tired a lot and had trouble getting out of bed. In response of this you organized a &#8220;soft-disciplinary&#8220; punishment as you liked to call this. In the first meeting you typed down a full writing on why it is important to get out of bed as a soldier and revolutionary, we went through this meeting mostly laughing with you because of the way you wrote this and emphasized on the important of the matter, as it shouldn&#8217;t even be an issue for us revolutionaries.<br><br>This &#8220;punishment&#8220; eventually evolved in a bookclub meeting on Che Guevara&#8217;s writings on guerilla warfare and the Cuban revolution. What started as a punishment for me because of not rising up early enough, given by you as my commander, ended up in an amazing time in how we all enjoyed, especially your enthusiasm on the life of Ch\u00e9 and his writings. This again showed the unique and sympathic ways of how you dealt with any given situation. Which all of us will always carry on in our hearts and minds while continuing the struggle against fascism and the fight for a free world.<br><br>\u015eahin, Haukur Hilmarsson we all lost a part of ourselves when faith decided you were not meant to be among us any longer. We will keep fighting for the ideals and principles you fought for, in honor of you and all others who sacrificed their lives in effort to free all peoples from tyranny and corruption. Your death will not be in vain.&#8220;<br><br>&#8211; Andok<\/p>\n","protected":false},"excerpt":{"rendered":"<p>A\u00f0alhei\u00f0ur \u00c1mundad\u00f3ttir &#8211; Fr\u00e9ttabla\u00f0i\u00f0 F\u00e9lagar Hauks Hilmarssonar minnast li\u00f0\u00fej\u00e1lfa s\u00edns og segja fr\u00e1 Che Guevara b\u00f3kakl\u00fabbi, \u00e1herslu \u00e1 l\u00edkamsr\u00e6kt, vin\u00e1ttu, h\u00famor og l\u00e9ttleika \u00ed allri stj\u00f3rnun herdeildar Hauks. &#8222;\u00cd desember h\u00f6f\u00f0um vi\u00f0 ekki \u00e1tta\u00f0 okkur \u00e1 a\u00f0 \u00e9g var \u00ed rauninni veikur. \u00c9g var alltaf \u00fereyttur og \u00e1tti erfitt me\u00f0 a\u00f0 fara fram \u00far \u00e1 [&hellip;]<\/p>\n","protected":false},"author":2,"featured_media":2986,"comment_status":"closed","ping_status":"closed","sticky":false,"template":"","format":"standard","meta":{"_et_pb_use_builder":"","_et_pb_old_content":"","_et_gb_content_width":"","footnotes":""},"categories":[1,6,248,249],"tags":[2],"class_list":["post-788","post","type-post","status-publish","format-standard","has-post-thumbnail","hentry","category-allt-efni","category-fjolmidlaumfjollun","category-kurdistan","category-minningar","tag-rojava","et-has-post-format-content","et_post_format-et-post-format-standard"],"yoast_head":"<!-- This site is optimized with the Yoast SEO plugin v27.5 - https:\/\/yoast.com\/product\/yoast-seo-wordpress\/ -->\n<title>Byltingarmenn geta ekki sofi\u00f0 \u00fat - Leikmenn \u00e1n landam\u00e6ra<\/title>\n<meta name=\"robots\" content=\"index, follow, max-snippet:-1, max-image-preview:large, max-video-preview:-1\" \/>\n<link rel=\"canonical\" href=\"https:\/\/www.norn.is\/haukur\/788\/\" \/>\n<meta property=\"og:locale\" content=\"is_IS\" \/>\n<meta property=\"og:type\" content=\"article\" \/>\n<meta property=\"og:title\" content=\"Byltingarmenn geta ekki sofi\u00f0 \u00fat - Leikmenn \u00e1n landam\u00e6ra\" \/>\n<meta property=\"og:description\" content=\"A\u00f0alhei\u00f0ur \u00c1mundad\u00f3ttir &#8211; Fr\u00e9ttabla\u00f0i\u00f0 F\u00e9lagar Hauks Hilmarssonar minnast li\u00f0\u00fej\u00e1lfa s\u00edns og segja fr\u00e1 Che Guevara b\u00f3kakl\u00fabbi, \u00e1herslu \u00e1 l\u00edkamsr\u00e6kt, vin\u00e1ttu, h\u00famor og l\u00e9ttleika \u00ed allri stj\u00f3rnun herdeildar Hauks. &#8222;\u00cd desember h\u00f6f\u00f0um vi\u00f0 ekki \u00e1tta\u00f0 okkur \u00e1 a\u00f0 \u00e9g var \u00ed rauninni veikur. \u00c9g var alltaf \u00fereyttur og \u00e1tti erfitt me\u00f0 a\u00f0 fara fram \u00far \u00e1 [&hellip;]\" \/>\n<meta property=\"og:url\" content=\"https:\/\/www.norn.is\/haukur\/788\/\" \/>\n<meta property=\"og:site_name\" content=\"Leikmenn \u00e1n landam\u00e6ra\" \/>\n<meta property=\"article:published_time\" content=\"2018-03-24T18:17:37+00:00\" \/>\n<meta property=\"article:modified_time\" content=\"2021-03-14T11:43:37+00:00\" \/>\n<meta property=\"og:image\" content=\"https:\/\/www.norn.is\/haukur\/wp-content\/uploads\/sites\/19\/2018\/03\/a-godri-stund-i-Raqqah.png\" \/>\n\t<meta property=\"og:image:width\" content=\"1415\" \/>\n\t<meta property=\"og:image:height\" content=\"901\" \/>\n\t<meta property=\"og:image:type\" content=\"image\/png\" \/>\n<meta name=\"author\" content=\"Eva Hauksd\u00f3ttir\" \/>\n<meta name=\"twitter:card\" content=\"summary_large_image\" \/>\n<meta name=\"twitter:label1\" content=\"Written by\" \/>\n\t<meta name=\"twitter:data1\" content=\"Eva Hauksd\u00f3ttir\" \/>\n\t<meta name=\"twitter:label2\" content=\"Est. reading time\" \/>\n\t<meta name=\"twitter:data2\" content=\"8 minutes\" \/>\n<script type=\"application\/ld+json\" class=\"yoast-schema-graph\">{\"@context\":\"https:\\\/\\\/schema.org\",\"@graph\":[{\"@type\":\"Article\",\"@id\":\"https:\\\/\\\/www.norn.is\\\/haukur\\\/788\\\/#article\",\"isPartOf\":{\"@id\":\"https:\\\/\\\/www.norn.is\\\/haukur\\\/788\\\/\"},\"author\":{\"name\":\"Eva Hauksd\u00f3ttir\",\"@id\":\"https:\\\/\\\/www.norn.is\\\/haukur\\\/#\\\/schema\\\/person\\\/2eb0fcae9e1ecc61987f7ed9c878531c\"},\"headline\":\"Byltingarmenn geta ekki sofi\u00f0 \u00fat\",\"datePublished\":\"2018-03-24T18:17:37+00:00\",\"dateModified\":\"2021-03-14T11:43:37+00:00\",\"mainEntityOfPage\":{\"@id\":\"https:\\\/\\\/www.norn.is\\\/haukur\\\/788\\\/\"},\"wordCount\":1796,\"image\":{\"@id\":\"https:\\\/\\\/www.norn.is\\\/haukur\\\/788\\\/#primaryimage\"},\"thumbnailUrl\":\"https:\\\/\\\/www.norn.is\\\/haukur\\\/wp-content\\\/uploads\\\/sites\\\/19\\\/2018\\\/03\\\/a-godri-stund-i-Raqqah.png\",\"keywords\":[\"Rojava\"],\"articleSection\":[\"Allt efni\",\"Fj\u00f6lmi\u00f0laumfj\u00f6llun\",\"K\u00fardistan\",\"Minningar\"],\"inLanguage\":\"is\"},{\"@type\":\"WebPage\",\"@id\":\"https:\\\/\\\/www.norn.is\\\/haukur\\\/788\\\/\",\"url\":\"https:\\\/\\\/www.norn.is\\\/haukur\\\/788\\\/\",\"name\":\"Byltingarmenn geta ekki sofi\u00f0 \u00fat - Leikmenn \u00e1n landam\u00e6ra\",\"isPartOf\":{\"@id\":\"https:\\\/\\\/www.norn.is\\\/haukur\\\/#website\"},\"primaryImageOfPage\":{\"@id\":\"https:\\\/\\\/www.norn.is\\\/haukur\\\/788\\\/#primaryimage\"},\"image\":{\"@id\":\"https:\\\/\\\/www.norn.is\\\/haukur\\\/788\\\/#primaryimage\"},\"thumbnailUrl\":\"https:\\\/\\\/www.norn.is\\\/haukur\\\/wp-content\\\/uploads\\\/sites\\\/19\\\/2018\\\/03\\\/a-godri-stund-i-Raqqah.png\",\"datePublished\":\"2018-03-24T18:17:37+00:00\",\"dateModified\":\"2021-03-14T11:43:37+00:00\",\"author\":{\"@id\":\"https:\\\/\\\/www.norn.is\\\/haukur\\\/#\\\/schema\\\/person\\\/2eb0fcae9e1ecc61987f7ed9c878531c\"},\"breadcrumb\":{\"@id\":\"https:\\\/\\\/www.norn.is\\\/haukur\\\/788\\\/#breadcrumb\"},\"inLanguage\":\"is\",\"potentialAction\":[{\"@type\":\"ReadAction\",\"target\":[\"https:\\\/\\\/www.norn.is\\\/haukur\\\/788\\\/\"]}]},{\"@type\":\"ImageObject\",\"inLanguage\":\"is\",\"@id\":\"https:\\\/\\\/www.norn.is\\\/haukur\\\/788\\\/#primaryimage\",\"url\":\"https:\\\/\\\/www.norn.is\\\/haukur\\\/wp-content\\\/uploads\\\/sites\\\/19\\\/2018\\\/03\\\/a-godri-stund-i-Raqqah.png\",\"contentUrl\":\"https:\\\/\\\/www.norn.is\\\/haukur\\\/wp-content\\\/uploads\\\/sites\\\/19\\\/2018\\\/03\\\/a-godri-stund-i-Raqqah.png\",\"width\":1415,\"height\":901},{\"@type\":\"BreadcrumbList\",\"@id\":\"https:\\\/\\\/www.norn.is\\\/haukur\\\/788\\\/#breadcrumb\",\"itemListElement\":[{\"@type\":\"ListItem\",\"position\":1,\"name\":\"Home\",\"item\":\"https:\\\/\\\/www.norn.is\\\/haukur\\\/\"},{\"@type\":\"ListItem\",\"position\":2,\"name\":\"Byltingarmenn geta ekki sofi\u00f0 \u00fat\"}]},{\"@type\":\"WebSite\",\"@id\":\"https:\\\/\\\/www.norn.is\\\/haukur\\\/#website\",\"url\":\"https:\\\/\\\/www.norn.is\\\/haukur\\\/\",\"name\":\"Leikmenn \u00e1n landam\u00e6ra\",\"description\":\"\",\"potentialAction\":[{\"@type\":\"SearchAction\",\"target\":{\"@type\":\"EntryPoint\",\"urlTemplate\":\"https:\\\/\\\/www.norn.is\\\/haukur\\\/?s={search_term_string}\"},\"query-input\":{\"@type\":\"PropertyValueSpecification\",\"valueRequired\":true,\"valueName\":\"search_term_string\"}}],\"inLanguage\":\"is\"},{\"@type\":\"Person\",\"@id\":\"https:\\\/\\\/www.norn.is\\\/haukur\\\/#\\\/schema\\\/person\\\/2eb0fcae9e1ecc61987f7ed9c878531c\",\"name\":\"Eva Hauksd\u00f3ttir\",\"sameAs\":[\"http:\\\/\\\/www.norn.is\"],\"url\":\"https:\\\/\\\/www.norn.is\\\/haukur\\\/author\\\/eva\\\/\"}]}<\/script>\n<!-- \/ Yoast SEO plugin. -->","yoast_head_json":{"title":"Byltingarmenn geta ekki sofi\u00f0 \u00fat - Leikmenn \u00e1n landam\u00e6ra","robots":{"index":"index","follow":"follow","max-snippet":"max-snippet:-1","max-image-preview":"max-image-preview:large","max-video-preview":"max-video-preview:-1"},"canonical":"https:\/\/www.norn.is\/haukur\/788\/","og_locale":"is_IS","og_type":"article","og_title":"Byltingarmenn geta ekki sofi\u00f0 \u00fat - Leikmenn \u00e1n landam\u00e6ra","og_description":"A\u00f0alhei\u00f0ur \u00c1mundad\u00f3ttir &#8211; Fr\u00e9ttabla\u00f0i\u00f0 F\u00e9lagar Hauks Hilmarssonar minnast li\u00f0\u00fej\u00e1lfa s\u00edns og segja fr\u00e1 Che Guevara b\u00f3kakl\u00fabbi, \u00e1herslu \u00e1 l\u00edkamsr\u00e6kt, vin\u00e1ttu, h\u00famor og l\u00e9ttleika \u00ed allri stj\u00f3rnun herdeildar Hauks. &#8222;\u00cd desember h\u00f6f\u00f0um vi\u00f0 ekki \u00e1tta\u00f0 okkur \u00e1 a\u00f0 \u00e9g var \u00ed rauninni veikur. \u00c9g var alltaf \u00fereyttur og \u00e1tti erfitt me\u00f0 a\u00f0 fara fram \u00far \u00e1 [&hellip;]","og_url":"https:\/\/www.norn.is\/haukur\/788\/","og_site_name":"Leikmenn \u00e1n landam\u00e6ra","article_published_time":"2018-03-24T18:17:37+00:00","article_modified_time":"2021-03-14T11:43:37+00:00","og_image":[{"width":1415,"height":901,"url":"https:\/\/www.norn.is\/haukur\/wp-content\/uploads\/sites\/19\/2018\/03\/a-godri-stund-i-Raqqah.png","type":"image\/png"}],"author":"Eva Hauksd\u00f3ttir","twitter_card":"summary_large_image","twitter_misc":{"Written by":"Eva Hauksd\u00f3ttir","Est. reading time":"8 minutes"},"schema":{"@context":"https:\/\/schema.org","@graph":[{"@type":"Article","@id":"https:\/\/www.norn.is\/haukur\/788\/#article","isPartOf":{"@id":"https:\/\/www.norn.is\/haukur\/788\/"},"author":{"name":"Eva Hauksd\u00f3ttir","@id":"https:\/\/www.norn.is\/haukur\/#\/schema\/person\/2eb0fcae9e1ecc61987f7ed9c878531c"},"headline":"Byltingarmenn geta ekki sofi\u00f0 \u00fat","datePublished":"2018-03-24T18:17:37+00:00","dateModified":"2021-03-14T11:43:37+00:00","mainEntityOfPage":{"@id":"https:\/\/www.norn.is\/haukur\/788\/"},"wordCount":1796,"image":{"@id":"https:\/\/www.norn.is\/haukur\/788\/#primaryimage"},"thumbnailUrl":"https:\/\/www.norn.is\/haukur\/wp-content\/uploads\/sites\/19\/2018\/03\/a-godri-stund-i-Raqqah.png","keywords":["Rojava"],"articleSection":["Allt efni","Fj\u00f6lmi\u00f0laumfj\u00f6llun","K\u00fardistan","Minningar"],"inLanguage":"is"},{"@type":"WebPage","@id":"https:\/\/www.norn.is\/haukur\/788\/","url":"https:\/\/www.norn.is\/haukur\/788\/","name":"Byltingarmenn geta ekki sofi\u00f0 \u00fat - Leikmenn \u00e1n landam\u00e6ra","isPartOf":{"@id":"https:\/\/www.norn.is\/haukur\/#website"},"primaryImageOfPage":{"@id":"https:\/\/www.norn.is\/haukur\/788\/#primaryimage"},"image":{"@id":"https:\/\/www.norn.is\/haukur\/788\/#primaryimage"},"thumbnailUrl":"https:\/\/www.norn.is\/haukur\/wp-content\/uploads\/sites\/19\/2018\/03\/a-godri-stund-i-Raqqah.png","datePublished":"2018-03-24T18:17:37+00:00","dateModified":"2021-03-14T11:43:37+00:00","author":{"@id":"https:\/\/www.norn.is\/haukur\/#\/schema\/person\/2eb0fcae9e1ecc61987f7ed9c878531c"},"breadcrumb":{"@id":"https:\/\/www.norn.is\/haukur\/788\/#breadcrumb"},"inLanguage":"is","potentialAction":[{"@type":"ReadAction","target":["https:\/\/www.norn.is\/haukur\/788\/"]}]},{"@type":"ImageObject","inLanguage":"is","@id":"https:\/\/www.norn.is\/haukur\/788\/#primaryimage","url":"https:\/\/www.norn.is\/haukur\/wp-content\/uploads\/sites\/19\/2018\/03\/a-godri-stund-i-Raqqah.png","contentUrl":"https:\/\/www.norn.is\/haukur\/wp-content\/uploads\/sites\/19\/2018\/03\/a-godri-stund-i-Raqqah.png","width":1415,"height":901},{"@type":"BreadcrumbList","@id":"https:\/\/www.norn.is\/haukur\/788\/#breadcrumb","itemListElement":[{"@type":"ListItem","position":1,"name":"Home","item":"https:\/\/www.norn.is\/haukur\/"},{"@type":"ListItem","position":2,"name":"Byltingarmenn geta ekki sofi\u00f0 \u00fat"}]},{"@type":"WebSite","@id":"https:\/\/www.norn.is\/haukur\/#website","url":"https:\/\/www.norn.is\/haukur\/","name":"Leikmenn \u00e1n landam\u00e6ra","description":"","potentialAction":[{"@type":"SearchAction","target":{"@type":"EntryPoint","urlTemplate":"https:\/\/www.norn.is\/haukur\/?s={search_term_string}"},"query-input":{"@type":"PropertyValueSpecification","valueRequired":true,"valueName":"search_term_string"}}],"inLanguage":"is"},{"@type":"Person","@id":"https:\/\/www.norn.is\/haukur\/#\/schema\/person\/2eb0fcae9e1ecc61987f7ed9c878531c","name":"Eva Hauksd\u00f3ttir","sameAs":["http:\/\/www.norn.is"],"url":"https:\/\/www.norn.is\/haukur\/author\/eva\/"}]}},"_links":{"self":[{"href":"https:\/\/www.norn.is\/haukur\/wp-json\/wp\/v2\/posts\/788","targetHints":{"allow":["GET"]}}],"collection":[{"href":"https:\/\/www.norn.is\/haukur\/wp-json\/wp\/v2\/posts"}],"about":[{"href":"https:\/\/www.norn.is\/haukur\/wp-json\/wp\/v2\/types\/post"}],"author":[{"embeddable":true,"href":"https:\/\/www.norn.is\/haukur\/wp-json\/wp\/v2\/users\/2"}],"replies":[{"embeddable":true,"href":"https:\/\/www.norn.is\/haukur\/wp-json\/wp\/v2\/comments?post=788"}],"version-history":[{"count":4,"href":"https:\/\/www.norn.is\/haukur\/wp-json\/wp\/v2\/posts\/788\/revisions"}],"predecessor-version":[{"id":3121,"href":"https:\/\/www.norn.is\/haukur\/wp-json\/wp\/v2\/posts\/788\/revisions\/3121"}],"wp:featuredmedia":[{"embeddable":true,"href":"https:\/\/www.norn.is\/haukur\/wp-json\/wp\/v2\/media\/2986"}],"wp:attachment":[{"href":"https:\/\/www.norn.is\/haukur\/wp-json\/wp\/v2\/media?parent=788"}],"wp:term":[{"taxonomy":"category","embeddable":true,"href":"https:\/\/www.norn.is\/haukur\/wp-json\/wp\/v2\/categories?post=788"},{"taxonomy":"post_tag","embeddable":true,"href":"https:\/\/www.norn.is\/haukur\/wp-json\/wp\/v2\/tags?post=788"}],"curies":[{"name":"wp","href":"https:\/\/api.w.org\/{rel}","templated":true}]}}