{"id":581,"date":"2018-03-19T12:40:20","date_gmt":"2018-03-19T12:40:20","guid":{"rendered":"http:\/\/www.norn.is\/haukur\/?p=581"},"modified":"2021-03-14T01:22:00","modified_gmt":"2021-03-14T01:22:00","slug":"eva-modir-hauks-piratar-eru-somu-hryggleysingjarnir-og-vinstri-graen","status":"publish","type":"post","link":"https:\/\/www.norn.is\/haukur\/eva-modir-hauks-piratar-eru-somu-hryggleysingjarnir-og-vinstri-graen\/","title":{"rendered":"Eva m\u00f3\u00f0ir Hauks: &#8222;P\u00edratar eru s\u00f6mu hryggleysingjarnir og Vinstri Gr\u00e6n&#8220;"},"content":{"rendered":"\n<p><a href=\"http:\/\/www.dv.is\/frettir\/2018\/3\/19\/eva-modir-hauks-segir-islenska-stjornmalamenn-gungur-piratar-eru-somu-hryggleysingjarnir-og-vinstri-graen\/\">Ritstj\u00f3rn DV<\/a><\/p>\n\n\n\n<p>Eva Hauksd\u00f3ttir, m\u00f3\u00f0ir Hauks Hilmarssonar, sem er sag\u00f0ur hafa falli\u00f0 \u00ed Afrin-h\u00e9ra\u00f0i \u00ed S\u00fdrlandi, ford\u00e6mir \u00edslenska stj\u00f3rnm\u00e1lamenn fyrir gunguskap. H\u00fan segir a\u00f0 \u00fe\u00f3 margir stj\u00f3rnm\u00e1lamenn hafi sent henni sam\u00fa\u00f0arkve\u00f0jur \u00fe\u00e1 hafi enginn, hvorki \u00ed stj\u00f3rn n\u00e9 stj\u00f3rnarandst\u00f6\u00f0u, ford\u00e6mt \u00e1r\u00e1sir Tyrkja.<\/p>\n\n\n\n<p>\u201e\u00dea\u00f0 versta er a\u00f0 vita ekki hvort \u00e9g \u00e1 frekar a\u00f0 \u00f3ska \u00feess a\u00f0 sonur minn hafi komist af e\u00f0a farist. \u00cd fyrradag vona\u00f0i \u00e9g a\u00f0 hann v\u00e6ri ekki hj\u00e1 Tyrkjum heldur hef\u00f0i komist af og v\u00e6ri hj\u00e1 K\u00fardum. L\u00edkurnar \u00e1 \u00fev\u00ed eru afskaplega litlar og \u00e9g segi ekki a\u00f0 \u00e9g hafi veri\u00f0 bjarts\u00fdn en m\u00f6guleikinn var \u00fe\u00f3 huggun. Eftir atbur\u00f0i g\u00e6rdagsins er s\u00e1 veiki m\u00f6guleiki hreint ekki \u00fe\u00e6gileg tilhugsun. \u00cd g\u00e6r f\u00e9ll fj\u00f6ldi \u00f3breyttra borgara \u00ed loft\u00e1r\u00e1sum Tyrkja og s\u00ed\u00f0ar gengu Jihadistar um g\u00f6turnar og sl\u00e1tru\u00f0u f\u00f3lki me\u00f0 sve\u00f0jum,\u201c segir Eva \u00e1&nbsp;<a href=\"http:\/\/www.norn.is\/\">bloggi s\u00ednu<\/a>.<\/p>\n\n\n\n<p>H\u00fan segir a\u00f0 \u00feau sem standa n\u00e6st Hauki s\u00e9u or\u00f0in \u00f6rv\u00e6ntingarfull. \u201eVi\u00f0 \u00f3ttumst um afdrif hans og finnst \u00f3b\u00e6rilegt a\u00f0 geta ekki fari\u00f0 \u00e1 sta\u00f0inn til a\u00f0 leita. En Haukur valdi \u00fe\u00f3 a\u00f0 minnsta kosti sj\u00e1lfur a\u00f0 stofna s\u00e9r \u00ed h\u00e6ttu. Millj\u00f3nir \u00f3breyttra borgara \u00ed Rojava hafa ekkert val. Og \u00fe\u00f3tt vi\u00f0 sveiflumst \u00e1 milli \u00f3tta og sorgar er vanl\u00ed\u00f0an okkar sm\u00e1r\u00e6\u00f0i \u00ed samanbur\u00f0i vi\u00f0 kvalr\u00e6\u00f0i \u00feeirra K\u00farda sem vegna framg\u00f6ngu \u201ebandamanna\u201c okkar \u00ed Nat\u00f3 hafa misst heimili s\u00edn og lifibrau\u00f0, sj\u00e1lfir \u00ed nagandi \u00f3vissu um afdrif sinna n\u00e1nustu og eru kannski st\u00f3rslasa\u00f0ir sj\u00e1lfir. Sumir \u00f6rkumla\u00f0ir til l\u00edfst\u00ed\u00f0ar og a\u00f0standendur \u00fdmist fallnir e\u00f0a fl\u00fanir,\u201c segir Eva.<\/p>\n\n\n\n<p>H\u00fan gagnr\u00fdnir enn fremur harkalega vi\u00f0br\u00f6g\u00f0 Gu\u00f0laugs \u00de\u00f3rs \u00de\u00f3r\u00f0arsonar. \u201eEnn hef \u00e9g ekki s\u00e9\u00f0 einn einasta \u00edslenskan stj\u00f3rnm\u00e1lamann ford\u00e6ma a\u00f0ger\u00f0ir stu\u00f0ningsmanna Assads \u00ed Rojava opinberlega. Enn hef \u00e9g ekki s\u00e9\u00f0 neinn \u00feeirra ford\u00e6ma innr\u00e1s Tyrkja \u00ed Afr\u00edn opinberlega \u00ed krafti st\u00f6\u00f0u sinnar e\u00f0a beita \u00e1hrifum s\u00ednum \u00e1 nokkurn h\u00e1tt gegn \u00feeim hryllingi sem \u00fear \u00e1 s\u00e9r sta\u00f0. Margir stj\u00f3rnm\u00e1lamenn hafa sent m\u00e9r sam\u00fa\u00f0arkve\u00f0ju og m\u00e9r skilst a\u00f0 nokkrir hafi m\u00e6tt \u00e1 samst\u00f6\u00f0ufundinn me\u00f0 Afr\u00edn&nbsp; \u00feann 17. mars en \u00fea\u00f0 er allt og sumt. Utanr\u00edkisr\u00e1\u00f0herra sag\u00f0i sj\u00e1lfur upp \u00ed opi\u00f0 ge\u00f0i\u00f0 \u00e1 m\u00e9r a\u00f0 innr\u00e1s Tyrkja \u00ed Afr\u00edn k\u00e6mi Nat\u00f3 ekkert vi\u00f0. \u00c1 sama t\u00edma og hann s\u00fdnir algert \u00e1hugaleysi \u00e1 \u00e1standinu \u00ed Afr\u00edn er hann dag eftir dag \u00ed fj\u00f6lmi\u00f0lum a\u00f0 tj\u00e1 sig um meinta manndr\u00e1pstilraun R\u00fassa \u00ed Bretlandi sem hann getur ekki vita\u00f0 neitt um,\u201c segir Eva.<\/p>\n\n\n\n<p>H\u00fan ber \u00feetta saman vi\u00f0 innr\u00e1sina \u00ed \u00cdrak \u00e1ri\u00f0 2003. \u201e\u00cd dag er 15 \u00e1ra afm\u00e6li innr\u00e1sarinnar \u00ed \u00cdrak. Sem \u00cdslendingar studdu. \u201eEkki \u00ed m\u00ednu nafni\u201c segja margir. J\u00fa, \u00ed \u00fe\u00ednu nafni. Og m\u00ednu. \u00dev\u00ed \u00fe\u00f3tt tveir drulluhalar hafi teki\u00f0 \u00fe\u00e1 \u00e1kv\u00f6r\u00f0un a\u00f0 skr\u00e1 okkur \u00ed \u00e1r\u00e1sarstr\u00ed\u00f0 gegn f\u00f3lki sem vi\u00f0 \u00e1ttum ekkert s\u00f6k\u00f3tt vi\u00f0, \u00fe\u00e1 l\u00e9tum vi\u00f0 \u00fea\u00f0 vi\u00f0gangast. Vi\u00f0 settum \u00fe\u00e1 ekki af. Vi\u00f0 l\u00f6g\u00f0um ekki ni\u00f0ur st\u00f6rf. Vi\u00f0 h\u00e6ttum ekki a\u00f0 borga af l\u00e1nunum okkar. Vi\u00f0 h\u00e6ttum ekki a\u00f0 kaupa drasl. Vi\u00f0 ger\u00f0um ekkert til a\u00f0 lama hj\u00f3l atvinnul\u00edfsins e\u00f0a nokku\u00f0 anna\u00f0 sem hef\u00f0i geta\u00f0 komi\u00f0 \u00feeim alvarlega \u00far jafnv\u00e6gi. Vi\u00f0 erum samsek. Vi\u00f0 h\u00f6fum \u00cdrak \u00e1 samviskunni. Vi\u00f0 getum heldur ekki \u00fevegi\u00f0 hendur okkar af ofs\u00f3knum gegn K\u00fardum. Vi\u00f0 erum samsek \u00e1 me\u00f0an vi\u00f0 t\u00f6kum ekki afst\u00f6\u00f0u.<\/p>\n\n\n\n<p>\u201eEinn \u00cdslendingur hefur teki\u00f0 sk\u00fdra afst\u00f6\u00f0u me\u00f0 K\u00fardum \u00ed Rojava. S\u00e1 ma\u00f0ur er Haukur Hilmarsson. Ekki fors\u00e6tisr\u00e1\u00f0herra \u00cdslands. Ekki utanr\u00edkisr\u00e1\u00f0herra \u00cdslands. Ekki forma\u00f0ur neins stj\u00f3rnm\u00e1laflokks. Meira a\u00f0 segja P\u00edratar eru s\u00f6mu hryggleysingjarnir og Vinstri Gr\u00e6n,\u201d segir Eva.<\/p>\n\n\n\n<p>H\u00fan segist ekki \u00e6tlast til \u00feess a\u00f0 neinn fari a\u00f0 berjast \u00ed S\u00fdrlandi: \u201e\u00c9g er ekki a\u00f0 bi\u00f0ja ykkur a\u00f0 fara til Rojava a\u00f0 berjast gegn Isis. \u00c9g er ekki a\u00f0 bi\u00f0ja ykkur a\u00f0 reyna a\u00f0 beita riffli gegn loftsprengjum. \u00c9g \u00e6tlast ekki til \u00feess af nokkrum manni a\u00f0 hann s\u00fdni raunverulegt hugrekki. En \u00fei\u00f0, \u00feingmenn, flokkslei\u00f0togar og anna\u00f0 \u00e1hrifaf\u00f3lk sem horfir \u00feegjandi upp \u00e1 \u00fe\u00e6r \u00fej\u00f3\u00f0ernishreinsanir sem eiga s\u00e9r sta\u00f0 \u00ed Rojava, \u00fea\u00f0 er eitthva\u00f0 alvarlegra en hugleysi sem hrj\u00e1ir ykkur. \u00dei\u00f0 hafi\u00f0 ekkert a\u00f0 \u00f3ttast. Tyrkir eru ekki a\u00f0 koma til \u00cdslands til \u00feess a\u00f0 varpa \u00e1 ykkur sprengjum og l\u00e1ta Isis-li\u00f0a h\u00e1lsh\u00f6ggva ykkur. \u00c9g efast ekki um a\u00f0 \u00fei\u00f0 s\u00e9u\u00f0 upp til h\u00f3pa gungur og aumingjar en \u00fea\u00f0 sk\u00fdrir ekki \u00feetta skeytingarleysi, \u00feessa \u00e6randi \u00fe\u00f6gn. \u00c1st\u00e6\u00f0an fyrir \u00fev\u00ed a\u00f0 \u00fei\u00f0 geri\u00f0 ekkert r\u00f3tt\u00e6kara en a\u00f0 r\u00f6lta \u00ed mi\u00f0b\u00e6inn og hlusta \u00e1 r\u00e6\u00f0ur \u2013 ef \u00fe\u00e1 einu sinni \u00fea\u00f0 \u2013 er einfaldlega s\u00fa a\u00f0 ykkur er sama.<\/p>\n\n\n\n<p>\u201eEf ykkur er ekki sama, andskotist \u00fe\u00e1 a\u00f0 minnsta kosti til \u00feess a\u00f0 ford\u00e6ma \u00e1r\u00e1sir Tyrkja \u00e1 \u00edb\u00faa Rojava. Ekki bara \u00e1 Facebook heldur \u00ed krafti st\u00f6\u00f0u ykkar. Lufsist til \u00feess a\u00f0 l\u00e1ta Erdo\u011fan heyra \u00fea\u00f0. Ef \u00fei\u00f0 geri\u00f0 \u00fea\u00f0 ekki, \u00fe\u00e1 hafi\u00f0 \u00fei\u00f0 afhj\u00fapa\u00f0 ykkur sem samskonar sk\u00edtsei\u00f0i og Halld\u00f3r \u00c1sgr\u00edmsson og Dav\u00ed\u00f0 Oddsson.\u201c<\/p>\n","protected":false},"excerpt":{"rendered":"<p>Ritstj\u00f3rn DV Eva Hauksd\u00f3ttir, m\u00f3\u00f0ir Hauks Hilmarssonar, sem er sag\u00f0ur hafa falli\u00f0 \u00ed Afrin-h\u00e9ra\u00f0i \u00ed S\u00fdrlandi, ford\u00e6mir \u00edslenska stj\u00f3rnm\u00e1lamenn fyrir gunguskap. H\u00fan segir a\u00f0 \u00fe\u00f3 margir stj\u00f3rnm\u00e1lamenn hafi sent henni sam\u00fa\u00f0arkve\u00f0jur \u00fe\u00e1 hafi enginn, hvorki \u00ed stj\u00f3rn n\u00e9 stj\u00f3rnarandst\u00f6\u00f0u, ford\u00e6mt \u00e1r\u00e1sir Tyrkja. \u201e\u00dea\u00f0 versta er a\u00f0 vita ekki hvort \u00e9g \u00e1 frekar a\u00f0 \u00f3ska \u00feess [&hellip;]<\/p>\n","protected":false},"author":9,"featured_media":3026,"comment_status":"closed","ping_status":"closed","sticky":false,"template":"","format":"standard","meta":{"_et_pb_use_builder":"","_et_pb_old_content":"","_et_gb_content_width":"","footnotes":""},"categories":[1,6,248],"tags":[],"class_list":["post-581","post","type-post","status-publish","format-standard","has-post-thumbnail","hentry","category-allt-efni","category-fjolmidlaumfjollun","category-kurdistan","et-has-post-format-content","et_post_format-et-post-format-standard"],"yoast_head":"<!-- This site is optimized with the Yoast SEO plugin v27.4 - https:\/\/yoast.com\/product\/yoast-seo-wordpress\/ -->\n<title>Eva m\u00f3\u00f0ir Hauks: &quot;P\u00edratar eru s\u00f6mu hryggleysingjarnir og Vinstri Gr\u00e6n&quot; - Leikmenn \u00e1n landam\u00e6ra<\/title>\n<meta name=\"robots\" content=\"index, follow, max-snippet:-1, max-image-preview:large, max-video-preview:-1\" \/>\n<link rel=\"canonical\" href=\"https:\/\/www.norn.is\/haukur\/eva-modir-hauks-piratar-eru-somu-hryggleysingjarnir-og-vinstri-graen\/\" \/>\n<meta property=\"og:locale\" content=\"is_IS\" \/>\n<meta property=\"og:type\" content=\"article\" \/>\n<meta property=\"og:title\" content=\"Eva m\u00f3\u00f0ir Hauks: &quot;P\u00edratar eru s\u00f6mu hryggleysingjarnir og Vinstri Gr\u00e6n&quot; - Leikmenn \u00e1n landam\u00e6ra\" \/>\n<meta property=\"og:description\" content=\"Ritstj\u00f3rn DV Eva Hauksd\u00f3ttir, m\u00f3\u00f0ir Hauks Hilmarssonar, sem er sag\u00f0ur hafa falli\u00f0 \u00ed Afrin-h\u00e9ra\u00f0i \u00ed S\u00fdrlandi, ford\u00e6mir \u00edslenska stj\u00f3rnm\u00e1lamenn fyrir gunguskap. H\u00fan segir a\u00f0 \u00fe\u00f3 margir stj\u00f3rnm\u00e1lamenn hafi sent henni sam\u00fa\u00f0arkve\u00f0jur \u00fe\u00e1 hafi enginn, hvorki \u00ed stj\u00f3rn n\u00e9 stj\u00f3rnarandst\u00f6\u00f0u, ford\u00e6mt \u00e1r\u00e1sir Tyrkja. \u201e\u00dea\u00f0 versta er a\u00f0 vita ekki hvort \u00e9g \u00e1 frekar a\u00f0 \u00f3ska \u00feess [&hellip;]\" \/>\n<meta property=\"og:url\" content=\"https:\/\/www.norn.is\/haukur\/eva-modir-hauks-piratar-eru-somu-hryggleysingjarnir-og-vinstri-graen\/\" \/>\n<meta property=\"og:site_name\" content=\"Leikmenn \u00e1n landam\u00e6ra\" \/>\n<meta property=\"article:published_time\" content=\"2018-03-19T12:40:20+00:00\" \/>\n<meta property=\"article:modified_time\" content=\"2021-03-14T01:22:00+00:00\" \/>\n<meta property=\"og:image\" content=\"https:\/\/www.norn.is\/haukur\/wp-content\/uploads\/sites\/19\/2018\/03\/Operation-Olive-Branch.jpg\" \/>\n\t<meta property=\"og:image:width\" content=\"1200\" \/>\n\t<meta property=\"og:image:height\" content=\"720\" \/>\n\t<meta property=\"og:image:type\" content=\"image\/jpeg\" \/>\n<meta name=\"author\" content=\"hulla\" \/>\n<meta name=\"twitter:card\" content=\"summary_large_image\" \/>\n<meta name=\"twitter:label1\" content=\"Written by\" \/>\n\t<meta name=\"twitter:data1\" content=\"hulla\" \/>\n\t<meta name=\"twitter:label2\" content=\"Est. reading time\" \/>\n\t<meta name=\"twitter:data2\" content=\"4 minutes\" \/>\n<script type=\"application\/ld+json\" class=\"yoast-schema-graph\">{\"@context\":\"https:\\\/\\\/schema.org\",\"@graph\":[{\"@type\":\"Article\",\"@id\":\"https:\\\/\\\/www.norn.is\\\/haukur\\\/eva-modir-hauks-piratar-eru-somu-hryggleysingjarnir-og-vinstri-graen\\\/#article\",\"isPartOf\":{\"@id\":\"https:\\\/\\\/www.norn.is\\\/haukur\\\/eva-modir-hauks-piratar-eru-somu-hryggleysingjarnir-og-vinstri-graen\\\/\"},\"author\":{\"name\":\"hulla\",\"@id\":\"https:\\\/\\\/www.norn.is\\\/haukur\\\/#\\\/schema\\\/person\\\/404de4e4192491c7c94aca95bfd71ea3\"},\"headline\":\"Eva m\u00f3\u00f0ir Hauks: &#8222;P\u00edratar eru s\u00f6mu hryggleysingjarnir og Vinstri Gr\u00e6n&#8220;\",\"datePublished\":\"2018-03-19T12:40:20+00:00\",\"dateModified\":\"2021-03-14T01:22:00+00:00\",\"mainEntityOfPage\":{\"@id\":\"https:\\\/\\\/www.norn.is\\\/haukur\\\/eva-modir-hauks-piratar-eru-somu-hryggleysingjarnir-og-vinstri-graen\\\/\"},\"wordCount\":917,\"image\":{\"@id\":\"https:\\\/\\\/www.norn.is\\\/haukur\\\/eva-modir-hauks-piratar-eru-somu-hryggleysingjarnir-og-vinstri-graen\\\/#primaryimage\"},\"thumbnailUrl\":\"https:\\\/\\\/www.norn.is\\\/haukur\\\/wp-content\\\/uploads\\\/sites\\\/19\\\/2018\\\/03\\\/Operation-Olive-Branch.jpg\",\"articleSection\":[\"Allt efni\",\"Fj\u00f6lmi\u00f0laumfj\u00f6llun\",\"K\u00fardistan\"],\"inLanguage\":\"is\"},{\"@type\":\"WebPage\",\"@id\":\"https:\\\/\\\/www.norn.is\\\/haukur\\\/eva-modir-hauks-piratar-eru-somu-hryggleysingjarnir-og-vinstri-graen\\\/\",\"url\":\"https:\\\/\\\/www.norn.is\\\/haukur\\\/eva-modir-hauks-piratar-eru-somu-hryggleysingjarnir-og-vinstri-graen\\\/\",\"name\":\"Eva m\u00f3\u00f0ir Hauks: \\\"P\u00edratar eru s\u00f6mu hryggleysingjarnir og Vinstri Gr\u00e6n\\\" - Leikmenn \u00e1n landam\u00e6ra\",\"isPartOf\":{\"@id\":\"https:\\\/\\\/www.norn.is\\\/haukur\\\/#website\"},\"primaryImageOfPage\":{\"@id\":\"https:\\\/\\\/www.norn.is\\\/haukur\\\/eva-modir-hauks-piratar-eru-somu-hryggleysingjarnir-og-vinstri-graen\\\/#primaryimage\"},\"image\":{\"@id\":\"https:\\\/\\\/www.norn.is\\\/haukur\\\/eva-modir-hauks-piratar-eru-somu-hryggleysingjarnir-og-vinstri-graen\\\/#primaryimage\"},\"thumbnailUrl\":\"https:\\\/\\\/www.norn.is\\\/haukur\\\/wp-content\\\/uploads\\\/sites\\\/19\\\/2018\\\/03\\\/Operation-Olive-Branch.jpg\",\"datePublished\":\"2018-03-19T12:40:20+00:00\",\"dateModified\":\"2021-03-14T01:22:00+00:00\",\"author\":{\"@id\":\"https:\\\/\\\/www.norn.is\\\/haukur\\\/#\\\/schema\\\/person\\\/404de4e4192491c7c94aca95bfd71ea3\"},\"breadcrumb\":{\"@id\":\"https:\\\/\\\/www.norn.is\\\/haukur\\\/eva-modir-hauks-piratar-eru-somu-hryggleysingjarnir-og-vinstri-graen\\\/#breadcrumb\"},\"inLanguage\":\"is\",\"potentialAction\":[{\"@type\":\"ReadAction\",\"target\":[\"https:\\\/\\\/www.norn.is\\\/haukur\\\/eva-modir-hauks-piratar-eru-somu-hryggleysingjarnir-og-vinstri-graen\\\/\"]}]},{\"@type\":\"ImageObject\",\"inLanguage\":\"is\",\"@id\":\"https:\\\/\\\/www.norn.is\\\/haukur\\\/eva-modir-hauks-piratar-eru-somu-hryggleysingjarnir-og-vinstri-graen\\\/#primaryimage\",\"url\":\"https:\\\/\\\/www.norn.is\\\/haukur\\\/wp-content\\\/uploads\\\/sites\\\/19\\\/2018\\\/03\\\/Operation-Olive-Branch.jpg\",\"contentUrl\":\"https:\\\/\\\/www.norn.is\\\/haukur\\\/wp-content\\\/uploads\\\/sites\\\/19\\\/2018\\\/03\\\/Operation-Olive-Branch.jpg\",\"width\":1200,\"height\":720},{\"@type\":\"BreadcrumbList\",\"@id\":\"https:\\\/\\\/www.norn.is\\\/haukur\\\/eva-modir-hauks-piratar-eru-somu-hryggleysingjarnir-og-vinstri-graen\\\/#breadcrumb\",\"itemListElement\":[{\"@type\":\"ListItem\",\"position\":1,\"name\":\"Home\",\"item\":\"https:\\\/\\\/www.norn.is\\\/haukur\\\/\"},{\"@type\":\"ListItem\",\"position\":2,\"name\":\"Eva m\u00f3\u00f0ir Hauks: &#8222;P\u00edratar eru s\u00f6mu hryggleysingjarnir og Vinstri Gr\u00e6n&#8220;\"}]},{\"@type\":\"WebSite\",\"@id\":\"https:\\\/\\\/www.norn.is\\\/haukur\\\/#website\",\"url\":\"https:\\\/\\\/www.norn.is\\\/haukur\\\/\",\"name\":\"Leikmenn \u00e1n landam\u00e6ra\",\"description\":\"\",\"potentialAction\":[{\"@type\":\"SearchAction\",\"target\":{\"@type\":\"EntryPoint\",\"urlTemplate\":\"https:\\\/\\\/www.norn.is\\\/haukur\\\/?s={search_term_string}\"},\"query-input\":{\"@type\":\"PropertyValueSpecification\",\"valueRequired\":true,\"valueName\":\"search_term_string\"}}],\"inLanguage\":\"is\"},{\"@type\":\"Person\",\"@id\":\"https:\\\/\\\/www.norn.is\\\/haukur\\\/#\\\/schema\\\/person\\\/404de4e4192491c7c94aca95bfd71ea3\",\"name\":\"hulla\",\"url\":\"https:\\\/\\\/www.norn.is\\\/haukur\\\/author\\\/hulla\\\/\"}]}<\/script>\n<!-- \/ Yoast SEO plugin. -->","yoast_head_json":{"title":"Eva m\u00f3\u00f0ir Hauks: \"P\u00edratar eru s\u00f6mu hryggleysingjarnir og Vinstri Gr\u00e6n\" - Leikmenn \u00e1n landam\u00e6ra","robots":{"index":"index","follow":"follow","max-snippet":"max-snippet:-1","max-image-preview":"max-image-preview:large","max-video-preview":"max-video-preview:-1"},"canonical":"https:\/\/www.norn.is\/haukur\/eva-modir-hauks-piratar-eru-somu-hryggleysingjarnir-og-vinstri-graen\/","og_locale":"is_IS","og_type":"article","og_title":"Eva m\u00f3\u00f0ir Hauks: \"P\u00edratar eru s\u00f6mu hryggleysingjarnir og Vinstri Gr\u00e6n\" - Leikmenn \u00e1n landam\u00e6ra","og_description":"Ritstj\u00f3rn DV Eva Hauksd\u00f3ttir, m\u00f3\u00f0ir Hauks Hilmarssonar, sem er sag\u00f0ur hafa falli\u00f0 \u00ed Afrin-h\u00e9ra\u00f0i \u00ed S\u00fdrlandi, ford\u00e6mir \u00edslenska stj\u00f3rnm\u00e1lamenn fyrir gunguskap. H\u00fan segir a\u00f0 \u00fe\u00f3 margir stj\u00f3rnm\u00e1lamenn hafi sent henni sam\u00fa\u00f0arkve\u00f0jur \u00fe\u00e1 hafi enginn, hvorki \u00ed stj\u00f3rn n\u00e9 stj\u00f3rnarandst\u00f6\u00f0u, ford\u00e6mt \u00e1r\u00e1sir Tyrkja. \u201e\u00dea\u00f0 versta er a\u00f0 vita ekki hvort \u00e9g \u00e1 frekar a\u00f0 \u00f3ska \u00feess [&hellip;]","og_url":"https:\/\/www.norn.is\/haukur\/eva-modir-hauks-piratar-eru-somu-hryggleysingjarnir-og-vinstri-graen\/","og_site_name":"Leikmenn \u00e1n landam\u00e6ra","article_published_time":"2018-03-19T12:40:20+00:00","article_modified_time":"2021-03-14T01:22:00+00:00","og_image":[{"width":1200,"height":720,"url":"https:\/\/www.norn.is\/haukur\/wp-content\/uploads\/sites\/19\/2018\/03\/Operation-Olive-Branch.jpg","type":"image\/jpeg"}],"author":"hulla","twitter_card":"summary_large_image","twitter_misc":{"Written by":"hulla","Est. reading time":"4 minutes"},"schema":{"@context":"https:\/\/schema.org","@graph":[{"@type":"Article","@id":"https:\/\/www.norn.is\/haukur\/eva-modir-hauks-piratar-eru-somu-hryggleysingjarnir-og-vinstri-graen\/#article","isPartOf":{"@id":"https:\/\/www.norn.is\/haukur\/eva-modir-hauks-piratar-eru-somu-hryggleysingjarnir-og-vinstri-graen\/"},"author":{"name":"hulla","@id":"https:\/\/www.norn.is\/haukur\/#\/schema\/person\/404de4e4192491c7c94aca95bfd71ea3"},"headline":"Eva m\u00f3\u00f0ir Hauks: &#8222;P\u00edratar eru s\u00f6mu hryggleysingjarnir og Vinstri Gr\u00e6n&#8220;","datePublished":"2018-03-19T12:40:20+00:00","dateModified":"2021-03-14T01:22:00+00:00","mainEntityOfPage":{"@id":"https:\/\/www.norn.is\/haukur\/eva-modir-hauks-piratar-eru-somu-hryggleysingjarnir-og-vinstri-graen\/"},"wordCount":917,"image":{"@id":"https:\/\/www.norn.is\/haukur\/eva-modir-hauks-piratar-eru-somu-hryggleysingjarnir-og-vinstri-graen\/#primaryimage"},"thumbnailUrl":"https:\/\/www.norn.is\/haukur\/wp-content\/uploads\/sites\/19\/2018\/03\/Operation-Olive-Branch.jpg","articleSection":["Allt efni","Fj\u00f6lmi\u00f0laumfj\u00f6llun","K\u00fardistan"],"inLanguage":"is"},{"@type":"WebPage","@id":"https:\/\/www.norn.is\/haukur\/eva-modir-hauks-piratar-eru-somu-hryggleysingjarnir-og-vinstri-graen\/","url":"https:\/\/www.norn.is\/haukur\/eva-modir-hauks-piratar-eru-somu-hryggleysingjarnir-og-vinstri-graen\/","name":"Eva m\u00f3\u00f0ir Hauks: \"P\u00edratar eru s\u00f6mu hryggleysingjarnir og Vinstri Gr\u00e6n\" - Leikmenn \u00e1n landam\u00e6ra","isPartOf":{"@id":"https:\/\/www.norn.is\/haukur\/#website"},"primaryImageOfPage":{"@id":"https:\/\/www.norn.is\/haukur\/eva-modir-hauks-piratar-eru-somu-hryggleysingjarnir-og-vinstri-graen\/#primaryimage"},"image":{"@id":"https:\/\/www.norn.is\/haukur\/eva-modir-hauks-piratar-eru-somu-hryggleysingjarnir-og-vinstri-graen\/#primaryimage"},"thumbnailUrl":"https:\/\/www.norn.is\/haukur\/wp-content\/uploads\/sites\/19\/2018\/03\/Operation-Olive-Branch.jpg","datePublished":"2018-03-19T12:40:20+00:00","dateModified":"2021-03-14T01:22:00+00:00","author":{"@id":"https:\/\/www.norn.is\/haukur\/#\/schema\/person\/404de4e4192491c7c94aca95bfd71ea3"},"breadcrumb":{"@id":"https:\/\/www.norn.is\/haukur\/eva-modir-hauks-piratar-eru-somu-hryggleysingjarnir-og-vinstri-graen\/#breadcrumb"},"inLanguage":"is","potentialAction":[{"@type":"ReadAction","target":["https:\/\/www.norn.is\/haukur\/eva-modir-hauks-piratar-eru-somu-hryggleysingjarnir-og-vinstri-graen\/"]}]},{"@type":"ImageObject","inLanguage":"is","@id":"https:\/\/www.norn.is\/haukur\/eva-modir-hauks-piratar-eru-somu-hryggleysingjarnir-og-vinstri-graen\/#primaryimage","url":"https:\/\/www.norn.is\/haukur\/wp-content\/uploads\/sites\/19\/2018\/03\/Operation-Olive-Branch.jpg","contentUrl":"https:\/\/www.norn.is\/haukur\/wp-content\/uploads\/sites\/19\/2018\/03\/Operation-Olive-Branch.jpg","width":1200,"height":720},{"@type":"BreadcrumbList","@id":"https:\/\/www.norn.is\/haukur\/eva-modir-hauks-piratar-eru-somu-hryggleysingjarnir-og-vinstri-graen\/#breadcrumb","itemListElement":[{"@type":"ListItem","position":1,"name":"Home","item":"https:\/\/www.norn.is\/haukur\/"},{"@type":"ListItem","position":2,"name":"Eva m\u00f3\u00f0ir Hauks: &#8222;P\u00edratar eru s\u00f6mu hryggleysingjarnir og Vinstri Gr\u00e6n&#8220;"}]},{"@type":"WebSite","@id":"https:\/\/www.norn.is\/haukur\/#website","url":"https:\/\/www.norn.is\/haukur\/","name":"Leikmenn \u00e1n landam\u00e6ra","description":"","potentialAction":[{"@type":"SearchAction","target":{"@type":"EntryPoint","urlTemplate":"https:\/\/www.norn.is\/haukur\/?s={search_term_string}"},"query-input":{"@type":"PropertyValueSpecification","valueRequired":true,"valueName":"search_term_string"}}],"inLanguage":"is"},{"@type":"Person","@id":"https:\/\/www.norn.is\/haukur\/#\/schema\/person\/404de4e4192491c7c94aca95bfd71ea3","name":"hulla","url":"https:\/\/www.norn.is\/haukur\/author\/hulla\/"}]}},"_links":{"self":[{"href":"https:\/\/www.norn.is\/haukur\/wp-json\/wp\/v2\/posts\/581","targetHints":{"allow":["GET"]}}],"collection":[{"href":"https:\/\/www.norn.is\/haukur\/wp-json\/wp\/v2\/posts"}],"about":[{"href":"https:\/\/www.norn.is\/haukur\/wp-json\/wp\/v2\/types\/post"}],"author":[{"embeddable":true,"href":"https:\/\/www.norn.is\/haukur\/wp-json\/wp\/v2\/users\/9"}],"replies":[{"embeddable":true,"href":"https:\/\/www.norn.is\/haukur\/wp-json\/wp\/v2\/comments?post=581"}],"version-history":[{"count":4,"href":"https:\/\/www.norn.is\/haukur\/wp-json\/wp\/v2\/posts\/581\/revisions"}],"predecessor-version":[{"id":3030,"href":"https:\/\/www.norn.is\/haukur\/wp-json\/wp\/v2\/posts\/581\/revisions\/3030"}],"wp:featuredmedia":[{"embeddable":true,"href":"https:\/\/www.norn.is\/haukur\/wp-json\/wp\/v2\/media\/3026"}],"wp:attachment":[{"href":"https:\/\/www.norn.is\/haukur\/wp-json\/wp\/v2\/media?parent=581"}],"wp:term":[{"taxonomy":"category","embeddable":true,"href":"https:\/\/www.norn.is\/haukur\/wp-json\/wp\/v2\/categories?post=581"},{"taxonomy":"post_tag","embeddable":true,"href":"https:\/\/www.norn.is\/haukur\/wp-json\/wp\/v2\/tags?post=581"}],"curies":[{"name":"wp","href":"https:\/\/api.w.org\/{rel}","templated":true}]}}