{"id":407,"date":"2018-03-10T18:28:28","date_gmt":"2018-03-10T18:28:28","guid":{"rendered":"http:\/\/www.norn.is\/haukur\/?p=407"},"modified":"2021-03-15T22:02:29","modified_gmt":"2021-03-15T22:02:29","slug":"benjamin-julian-skrifar","status":"publish","type":"post","link":"https:\/\/www.norn.is\/haukur\/benjamin-julian-skrifar\/","title":{"rendered":"Benjamin Julian skrifar"},"content":{"rendered":"\n<p><a href=\"https:\/\/www.facebook.com\/photo.php?fbid=2105733272786994&amp;set=a.744385772255091.1073741837.100000510252775&amp;type=3&amp;theater\" target=\"_blank\" rel=\"noreferrer noopener\">Benjamin\u00a0<\/a><\/p>\n\n\n\n<p>M\u00e9r finnst mj\u00f6g andstyggilegt a\u00f0 \u00d6gmundur J\u00f3nasson hafi \u00ed dag bo\u00f0i\u00f0 upp\u00e1 klukkut\u00edma lofr\u00e6\u00f0u um sta\u00f0festu s\u00fdrlenska r\u00edkisins og \u00f3r\u00e9ttl\u00e6ti\u00f0 sem Bashar al Assad hefur \u00feurft a\u00f0 l\u00ed\u00f0a. \u00dea\u00f0 hef\u00f0i veri\u00f0 fur\u00f0ulegur gj\u00f6rningur alla daga \u00e1rsins, enda er Assad \u00e1 l\u00edfi og vi\u00f0 hestaheilsu \u00e1 me\u00f0an uppreisnarmenn gegn einr\u00e6\u00f0i hans og almennir borgarar ver\u00f0a fyrir tunnubombum. En \u00e1 degi sem \u00feessum er \u00fea\u00f0 ekki fur\u00f0ulegt, heldur b\u00edr\u00e6fi\u00f0 og grimmt. Haukur Hilmarsson var drepinn \u00e1 v\u00edgl\u00ednu uppreisnarmanna, f\u00f3lks sem bar\u00f0ist gegn einr\u00e6\u00f0i, fasisma, \u00fej\u00f3\u00f0ernishyggju, karlrembu og heimsku. Hann d\u00f3 vi\u00f0 a\u00f0 verja heimav\u00edgi uppreisnarinnar \u00ed K\u00fardistan. Assad, \u00e1 hinn b\u00f3ginn, rembist vi\u00f0 a\u00f0 s\u00f6lsa undir sig restina af landinu sem hann \u00e1l\u00edtur s\u00edna pers\u00f3nulegu eign.<\/p>\n\n\n\n<p>Allir sem \u00feekktu Hauk hlj\u00f3ta a\u00f0 vita afst\u00f6\u00f0u hans gagnvart yfirm\u00f6nnum r\u00edkja, r\u00edkisvaldinu og l\u00f6greglunni, stofnununum sem Vanessa Beeley taldi upp eina \u00e1 eftir annarri og sag\u00f0i hafa s\u00fdnt svo mikla &#8222;sta\u00f0festu&#8220; gegn \u00e1s\u00f3kn uppreisnarmanna. H\u00fan sag\u00f0i arab\u00edska vori\u00f0 \u00ed S\u00fdrlandi vera lygi og uppreisnarmennina vera terrorista.<\/p>\n\n\n\n<p>Hersveitir YPG eru ekki terroristar og samf\u00e9lag \u00feeirra \u00ed Rojava, s\u00fdrlenska K\u00fardistan, er ekki eign Assad. \u00dear hefur or\u00f0i\u00f0 l\u00fd\u00f0r\u00e6\u00f0isbylting vi\u00f0 erfi\u00f0ustu a\u00f0st\u00e6\u00f0ur allt fr\u00e1 2012. R\u00edkjunum umhverfis finnst \u00feeim \u00f6gra\u00f0, og \u00feau \u00f3ttast svipa\u00f0ar uppreisnir minnihlutah\u00f3pa hj\u00e1 s\u00e9r. Tyrklandsforsetinn vill \u00fatr\u00fdma \u00feessari tilraun sunnanvi\u00f0 landam\u00e6rin. \u00cd dag sag\u00f0i hann a\u00f0 \u00feegar hann hef\u00f0i loki\u00f0 s\u00e9r af \u00ed Afrin myndi hann ganga fr\u00e1 hinum k\u00fard\u00edsku borgunum. Evr\u00f3pul\u00f6nd, sem borga Tyrklandi fyrir a\u00f0 halda fl\u00f3ttam\u00f6nnum \u00far \u00e1lfunni, hafa liti\u00f0 undan. Enginn hj\u00e1lpar K\u00fardum \u00feegar \u00fea\u00f0 ver\u00f0ur p\u00f3lit\u00edskt \u00f3heppilegt. Svolei\u00f0is hefur \u00fea\u00f0 veri\u00f0 gegnum aldanna r\u00e1s, enda er sagt \u00ed K\u00fardistan a\u00f0 &#8222;enginn er vinur nema fj\u00f6llin.&#8220; \u00d6ll spj\u00f3t standa \u00e1 \u00feeim.<\/p>\n\n\n\n<p>Kannski var \u00e1 einhverjum degi \u00e1rsins h\u00e6gt a\u00f0 hlusta \u00e1 m\u00e1lsta\u00f0 Assad \u00ed \u00feessu str\u00ed\u00f0i. Kannski var \u00e1 einhverjum degi h\u00e6gt a\u00f0 hlusta \u00e1 m\u00e1l Vanessu Beeley, sem kennir me\u00f0al annars George Soros um uppreisna \u00ed S\u00fdrlandi, og byrja\u00f0i fyrirlesturinn me\u00f0 mynd af fyrirs\u00f6gninni: &#8222;To save Syrians, let Assad win&#8220;. F\u00e1ni Assads h\u00e9kk \u00e1 p\u00faltinu og \u00feessi gl\u00e6ra var upp\u00e1 vegg, st\u00f3rum bj\u00f6rtum st\u00f6fum, \u00feegar nafn Hauks Hilmarssonar var dregi\u00f0 inn\u00ed \u00feennan \u00f6murlega gj\u00f6rning. Haukur, vinur minn, sem hata\u00f0i einr\u00e6\u00f0i og yfirvald og m\u00f3ralska uppgj\u00f6f.&nbsp;<\/p>\n\n\n\n<p><a href=\"https:\/\/www.facebook.com\/photo.php?fbid=2105733272786994&amp;set=a.744385772255091.1073741837.100000510252775&amp;type=3&amp;theater\">https:\/\/www.facebook.com\/photo.php?fbid=2105733272786994&amp;set=a.744385772255091.1073741837.100000510252775&amp;type=3&amp;theater<\/a><\/p>\n","protected":false},"excerpt":{"rendered":"<p>Benjamin\u00a0 M\u00e9r finnst mj\u00f6g andstyggilegt a\u00f0 \u00d6gmundur J\u00f3nasson hafi \u00ed dag bo\u00f0i\u00f0 upp\u00e1 klukkut\u00edma lofr\u00e6\u00f0u um sta\u00f0festu s\u00fdrlenska r\u00edkisins og \u00f3r\u00e9ttl\u00e6ti\u00f0 sem Bashar al Assad hefur \u00feurft a\u00f0 l\u00ed\u00f0a. \u00dea\u00f0 hef\u00f0i veri\u00f0 fur\u00f0ulegur gj\u00f6rningur alla daga \u00e1rsins, enda er Assad \u00e1 l\u00edfi og vi\u00f0 hestaheilsu \u00e1 me\u00f0an uppreisnarmenn gegn einr\u00e6\u00f0i hans og almennir borgarar ver\u00f0a [&hellip;]<\/p>\n","protected":false},"author":9,"featured_media":3252,"comment_status":"closed","ping_status":"open","sticky":false,"template":"","format":"standard","meta":{"_et_pb_use_builder":"","_et_pb_old_content":"","_et_gb_content_width":"","footnotes":""},"categories":[1,128,248],"tags":[],"class_list":["post-407","post","type-post","status-publish","format-standard","has-post-thumbnail","hentry","category-allt-efni","category-hvar-er-haukur","category-kurdistan","et-has-post-format-content","et_post_format-et-post-format-standard"],"yoast_head":"<!-- This site is optimized with the Yoast SEO plugin v27.4 - https:\/\/yoast.com\/product\/yoast-seo-wordpress\/ -->\n<title>Benjamin Julian skrifar - Leikmenn \u00e1n landam\u00e6ra<\/title>\n<meta name=\"robots\" content=\"index, follow, max-snippet:-1, max-image-preview:large, max-video-preview:-1\" \/>\n<link rel=\"canonical\" href=\"https:\/\/www.norn.is\/haukur\/benjamin-julian-skrifar\/\" \/>\n<meta property=\"og:locale\" content=\"is_IS\" \/>\n<meta property=\"og:type\" content=\"article\" \/>\n<meta property=\"og:title\" content=\"Benjamin Julian skrifar - Leikmenn \u00e1n landam\u00e6ra\" \/>\n<meta property=\"og:description\" content=\"Benjamin\u00a0 M\u00e9r finnst mj\u00f6g andstyggilegt a\u00f0 \u00d6gmundur J\u00f3nasson hafi \u00ed dag bo\u00f0i\u00f0 upp\u00e1 klukkut\u00edma lofr\u00e6\u00f0u um sta\u00f0festu s\u00fdrlenska r\u00edkisins og \u00f3r\u00e9ttl\u00e6ti\u00f0 sem Bashar al Assad hefur \u00feurft a\u00f0 l\u00ed\u00f0a. \u00dea\u00f0 hef\u00f0i veri\u00f0 fur\u00f0ulegur gj\u00f6rningur alla daga \u00e1rsins, enda er Assad \u00e1 l\u00edfi og vi\u00f0 hestaheilsu \u00e1 me\u00f0an uppreisnarmenn gegn einr\u00e6\u00f0i hans og almennir borgarar ver\u00f0a [&hellip;]\" \/>\n<meta property=\"og:url\" content=\"https:\/\/www.norn.is\/haukur\/benjamin-julian-skrifar\/\" \/>\n<meta property=\"og:site_name\" content=\"Leikmenn \u00e1n landam\u00e6ra\" \/>\n<meta property=\"article:published_time\" content=\"2018-03-10T18:28:28+00:00\" \/>\n<meta property=\"article:modified_time\" content=\"2021-03-15T22:02:29+00:00\" \/>\n<meta property=\"og:image\" content=\"https:\/\/www.norn.is\/haukur\/wp-content\/uploads\/sites\/19\/2018\/03\/IMG_2425-scaled.jpg\" \/>\n\t<meta property=\"og:image:width\" content=\"2560\" \/>\n\t<meta property=\"og:image:height\" content=\"1558\" \/>\n\t<meta property=\"og:image:type\" content=\"image\/jpeg\" \/>\n<meta name=\"author\" content=\"hulla\" \/>\n<meta name=\"twitter:card\" content=\"summary_large_image\" \/>\n<meta name=\"twitter:label1\" content=\"Written by\" \/>\n\t<meta name=\"twitter:data1\" content=\"hulla\" \/>\n\t<meta name=\"twitter:label2\" content=\"Est. reading time\" \/>\n\t<meta name=\"twitter:data2\" content=\"2 minutes\" \/>\n<script type=\"application\/ld+json\" class=\"yoast-schema-graph\">{\"@context\":\"https:\\\/\\\/schema.org\",\"@graph\":[{\"@type\":\"Article\",\"@id\":\"https:\\\/\\\/www.norn.is\\\/haukur\\\/benjamin-julian-skrifar\\\/#article\",\"isPartOf\":{\"@id\":\"https:\\\/\\\/www.norn.is\\\/haukur\\\/benjamin-julian-skrifar\\\/\"},\"author\":{\"name\":\"hulla\",\"@id\":\"https:\\\/\\\/www.norn.is\\\/haukur\\\/#\\\/schema\\\/person\\\/404de4e4192491c7c94aca95bfd71ea3\"},\"headline\":\"Benjamin Julian skrifar\",\"datePublished\":\"2018-03-10T18:28:28+00:00\",\"dateModified\":\"2021-03-15T22:02:29+00:00\",\"mainEntityOfPage\":{\"@id\":\"https:\\\/\\\/www.norn.is\\\/haukur\\\/benjamin-julian-skrifar\\\/\"},\"wordCount\":457,\"image\":{\"@id\":\"https:\\\/\\\/www.norn.is\\\/haukur\\\/benjamin-julian-skrifar\\\/#primaryimage\"},\"thumbnailUrl\":\"https:\\\/\\\/www.norn.is\\\/haukur\\\/wp-content\\\/uploads\\\/sites\\\/19\\\/2018\\\/03\\\/IMG_2425-scaled.jpg\",\"articleSection\":[\"Allt efni\",\"Hvar er Haukur?\",\"K\u00fardistan\"],\"inLanguage\":\"is\"},{\"@type\":\"WebPage\",\"@id\":\"https:\\\/\\\/www.norn.is\\\/haukur\\\/benjamin-julian-skrifar\\\/\",\"url\":\"https:\\\/\\\/www.norn.is\\\/haukur\\\/benjamin-julian-skrifar\\\/\",\"name\":\"Benjamin Julian skrifar - Leikmenn \u00e1n landam\u00e6ra\",\"isPartOf\":{\"@id\":\"https:\\\/\\\/www.norn.is\\\/haukur\\\/#website\"},\"primaryImageOfPage\":{\"@id\":\"https:\\\/\\\/www.norn.is\\\/haukur\\\/benjamin-julian-skrifar\\\/#primaryimage\"},\"image\":{\"@id\":\"https:\\\/\\\/www.norn.is\\\/haukur\\\/benjamin-julian-skrifar\\\/#primaryimage\"},\"thumbnailUrl\":\"https:\\\/\\\/www.norn.is\\\/haukur\\\/wp-content\\\/uploads\\\/sites\\\/19\\\/2018\\\/03\\\/IMG_2425-scaled.jpg\",\"datePublished\":\"2018-03-10T18:28:28+00:00\",\"dateModified\":\"2021-03-15T22:02:29+00:00\",\"author\":{\"@id\":\"https:\\\/\\\/www.norn.is\\\/haukur\\\/#\\\/schema\\\/person\\\/404de4e4192491c7c94aca95bfd71ea3\"},\"breadcrumb\":{\"@id\":\"https:\\\/\\\/www.norn.is\\\/haukur\\\/benjamin-julian-skrifar\\\/#breadcrumb\"},\"inLanguage\":\"is\",\"potentialAction\":[{\"@type\":\"ReadAction\",\"target\":[\"https:\\\/\\\/www.norn.is\\\/haukur\\\/benjamin-julian-skrifar\\\/\"]}]},{\"@type\":\"ImageObject\",\"inLanguage\":\"is\",\"@id\":\"https:\\\/\\\/www.norn.is\\\/haukur\\\/benjamin-julian-skrifar\\\/#primaryimage\",\"url\":\"https:\\\/\\\/www.norn.is\\\/haukur\\\/wp-content\\\/uploads\\\/sites\\\/19\\\/2018\\\/03\\\/IMG_2425-scaled.jpg\",\"contentUrl\":\"https:\\\/\\\/www.norn.is\\\/haukur\\\/wp-content\\\/uploads\\\/sites\\\/19\\\/2018\\\/03\\\/IMG_2425-scaled.jpg\",\"width\":2560,\"height\":1558},{\"@type\":\"BreadcrumbList\",\"@id\":\"https:\\\/\\\/www.norn.is\\\/haukur\\\/benjamin-julian-skrifar\\\/#breadcrumb\",\"itemListElement\":[{\"@type\":\"ListItem\",\"position\":1,\"name\":\"Home\",\"item\":\"https:\\\/\\\/www.norn.is\\\/haukur\\\/\"},{\"@type\":\"ListItem\",\"position\":2,\"name\":\"Benjamin Julian skrifar\"}]},{\"@type\":\"WebSite\",\"@id\":\"https:\\\/\\\/www.norn.is\\\/haukur\\\/#website\",\"url\":\"https:\\\/\\\/www.norn.is\\\/haukur\\\/\",\"name\":\"Leikmenn \u00e1n landam\u00e6ra\",\"description\":\"\",\"potentialAction\":[{\"@type\":\"SearchAction\",\"target\":{\"@type\":\"EntryPoint\",\"urlTemplate\":\"https:\\\/\\\/www.norn.is\\\/haukur\\\/?s={search_term_string}\"},\"query-input\":{\"@type\":\"PropertyValueSpecification\",\"valueRequired\":true,\"valueName\":\"search_term_string\"}}],\"inLanguage\":\"is\"},{\"@type\":\"Person\",\"@id\":\"https:\\\/\\\/www.norn.is\\\/haukur\\\/#\\\/schema\\\/person\\\/404de4e4192491c7c94aca95bfd71ea3\",\"name\":\"hulla\",\"url\":\"https:\\\/\\\/www.norn.is\\\/haukur\\\/author\\\/hulla\\\/\"}]}<\/script>\n<!-- \/ Yoast SEO plugin. -->","yoast_head_json":{"title":"Benjamin Julian skrifar - Leikmenn \u00e1n landam\u00e6ra","robots":{"index":"index","follow":"follow","max-snippet":"max-snippet:-1","max-image-preview":"max-image-preview:large","max-video-preview":"max-video-preview:-1"},"canonical":"https:\/\/www.norn.is\/haukur\/benjamin-julian-skrifar\/","og_locale":"is_IS","og_type":"article","og_title":"Benjamin Julian skrifar - Leikmenn \u00e1n landam\u00e6ra","og_description":"Benjamin\u00a0 M\u00e9r finnst mj\u00f6g andstyggilegt a\u00f0 \u00d6gmundur J\u00f3nasson hafi \u00ed dag bo\u00f0i\u00f0 upp\u00e1 klukkut\u00edma lofr\u00e6\u00f0u um sta\u00f0festu s\u00fdrlenska r\u00edkisins og \u00f3r\u00e9ttl\u00e6ti\u00f0 sem Bashar al Assad hefur \u00feurft a\u00f0 l\u00ed\u00f0a. \u00dea\u00f0 hef\u00f0i veri\u00f0 fur\u00f0ulegur gj\u00f6rningur alla daga \u00e1rsins, enda er Assad \u00e1 l\u00edfi og vi\u00f0 hestaheilsu \u00e1 me\u00f0an uppreisnarmenn gegn einr\u00e6\u00f0i hans og almennir borgarar ver\u00f0a [&hellip;]","og_url":"https:\/\/www.norn.is\/haukur\/benjamin-julian-skrifar\/","og_site_name":"Leikmenn \u00e1n landam\u00e6ra","article_published_time":"2018-03-10T18:28:28+00:00","article_modified_time":"2021-03-15T22:02:29+00:00","og_image":[{"width":2560,"height":1558,"url":"https:\/\/www.norn.is\/haukur\/wp-content\/uploads\/sites\/19\/2018\/03\/IMG_2425-scaled.jpg","type":"image\/jpeg"}],"author":"hulla","twitter_card":"summary_large_image","twitter_misc":{"Written by":"hulla","Est. reading time":"2 minutes"},"schema":{"@context":"https:\/\/schema.org","@graph":[{"@type":"Article","@id":"https:\/\/www.norn.is\/haukur\/benjamin-julian-skrifar\/#article","isPartOf":{"@id":"https:\/\/www.norn.is\/haukur\/benjamin-julian-skrifar\/"},"author":{"name":"hulla","@id":"https:\/\/www.norn.is\/haukur\/#\/schema\/person\/404de4e4192491c7c94aca95bfd71ea3"},"headline":"Benjamin Julian skrifar","datePublished":"2018-03-10T18:28:28+00:00","dateModified":"2021-03-15T22:02:29+00:00","mainEntityOfPage":{"@id":"https:\/\/www.norn.is\/haukur\/benjamin-julian-skrifar\/"},"wordCount":457,"image":{"@id":"https:\/\/www.norn.is\/haukur\/benjamin-julian-skrifar\/#primaryimage"},"thumbnailUrl":"https:\/\/www.norn.is\/haukur\/wp-content\/uploads\/sites\/19\/2018\/03\/IMG_2425-scaled.jpg","articleSection":["Allt efni","Hvar er Haukur?","K\u00fardistan"],"inLanguage":"is"},{"@type":"WebPage","@id":"https:\/\/www.norn.is\/haukur\/benjamin-julian-skrifar\/","url":"https:\/\/www.norn.is\/haukur\/benjamin-julian-skrifar\/","name":"Benjamin Julian skrifar - Leikmenn \u00e1n landam\u00e6ra","isPartOf":{"@id":"https:\/\/www.norn.is\/haukur\/#website"},"primaryImageOfPage":{"@id":"https:\/\/www.norn.is\/haukur\/benjamin-julian-skrifar\/#primaryimage"},"image":{"@id":"https:\/\/www.norn.is\/haukur\/benjamin-julian-skrifar\/#primaryimage"},"thumbnailUrl":"https:\/\/www.norn.is\/haukur\/wp-content\/uploads\/sites\/19\/2018\/03\/IMG_2425-scaled.jpg","datePublished":"2018-03-10T18:28:28+00:00","dateModified":"2021-03-15T22:02:29+00:00","author":{"@id":"https:\/\/www.norn.is\/haukur\/#\/schema\/person\/404de4e4192491c7c94aca95bfd71ea3"},"breadcrumb":{"@id":"https:\/\/www.norn.is\/haukur\/benjamin-julian-skrifar\/#breadcrumb"},"inLanguage":"is","potentialAction":[{"@type":"ReadAction","target":["https:\/\/www.norn.is\/haukur\/benjamin-julian-skrifar\/"]}]},{"@type":"ImageObject","inLanguage":"is","@id":"https:\/\/www.norn.is\/haukur\/benjamin-julian-skrifar\/#primaryimage","url":"https:\/\/www.norn.is\/haukur\/wp-content\/uploads\/sites\/19\/2018\/03\/IMG_2425-scaled.jpg","contentUrl":"https:\/\/www.norn.is\/haukur\/wp-content\/uploads\/sites\/19\/2018\/03\/IMG_2425-scaled.jpg","width":2560,"height":1558},{"@type":"BreadcrumbList","@id":"https:\/\/www.norn.is\/haukur\/benjamin-julian-skrifar\/#breadcrumb","itemListElement":[{"@type":"ListItem","position":1,"name":"Home","item":"https:\/\/www.norn.is\/haukur\/"},{"@type":"ListItem","position":2,"name":"Benjamin Julian skrifar"}]},{"@type":"WebSite","@id":"https:\/\/www.norn.is\/haukur\/#website","url":"https:\/\/www.norn.is\/haukur\/","name":"Leikmenn \u00e1n landam\u00e6ra","description":"","potentialAction":[{"@type":"SearchAction","target":{"@type":"EntryPoint","urlTemplate":"https:\/\/www.norn.is\/haukur\/?s={search_term_string}"},"query-input":{"@type":"PropertyValueSpecification","valueRequired":true,"valueName":"search_term_string"}}],"inLanguage":"is"},{"@type":"Person","@id":"https:\/\/www.norn.is\/haukur\/#\/schema\/person\/404de4e4192491c7c94aca95bfd71ea3","name":"hulla","url":"https:\/\/www.norn.is\/haukur\/author\/hulla\/"}]}},"_links":{"self":[{"href":"https:\/\/www.norn.is\/haukur\/wp-json\/wp\/v2\/posts\/407","targetHints":{"allow":["GET"]}}],"collection":[{"href":"https:\/\/www.norn.is\/haukur\/wp-json\/wp\/v2\/posts"}],"about":[{"href":"https:\/\/www.norn.is\/haukur\/wp-json\/wp\/v2\/types\/post"}],"author":[{"embeddable":true,"href":"https:\/\/www.norn.is\/haukur\/wp-json\/wp\/v2\/users\/9"}],"replies":[{"embeddable":true,"href":"https:\/\/www.norn.is\/haukur\/wp-json\/wp\/v2\/comments?post=407"}],"version-history":[{"count":2,"href":"https:\/\/www.norn.is\/haukur\/wp-json\/wp\/v2\/posts\/407\/revisions"}],"predecessor-version":[{"id":3253,"href":"https:\/\/www.norn.is\/haukur\/wp-json\/wp\/v2\/posts\/407\/revisions\/3253"}],"wp:featuredmedia":[{"embeddable":true,"href":"https:\/\/www.norn.is\/haukur\/wp-json\/wp\/v2\/media\/3252"}],"wp:attachment":[{"href":"https:\/\/www.norn.is\/haukur\/wp-json\/wp\/v2\/media?parent=407"}],"wp:term":[{"taxonomy":"category","embeddable":true,"href":"https:\/\/www.norn.is\/haukur\/wp-json\/wp\/v2\/categories?post=407"},{"taxonomy":"post_tag","embeddable":true,"href":"https:\/\/www.norn.is\/haukur\/wp-json\/wp\/v2\/tags?post=407"}],"curies":[{"name":"wp","href":"https:\/\/api.w.org\/{rel}","templated":true}]}}