{"id":294,"date":"2018-03-10T13:00:43","date_gmt":"2018-03-10T13:00:43","guid":{"rendered":"http:\/\/www.norn.is\/haukur\/?p=294"},"modified":"2021-03-10T21:27:55","modified_gmt":"2021-03-10T21:27:55","slug":"uppreisnarmadur-minnist-hauks-sem-hetju-sem-bjargadi-bornum-og-flutti-svo-ljod-eg-gat-treyst-a-hann-ad-halda-andrumsloftinu-godu","status":"publish","type":"post","link":"https:\/\/www.norn.is\/haukur\/uppreisnarmadur-minnist-hauks-sem-hetju-sem-bjargadi-bornum-og-flutti-svo-ljod-eg-gat-treyst-a-hann-ad-halda-andrumsloftinu-godu\/","title":{"rendered":"Uppreisnarma\u00f0ur minnist Hauks sem hetju sem bjarga\u00f0i b\u00f6rnum og flutti svo lj\u00f3\u00f0: \u201e\u00c9g gat treyst \u00e1 hann a\u00f0 halda andr\u00famsloftinu g\u00f3\u00f0u\u201c"},"content":{"rendered":"\n<p><a href=\"https:\/\/www.dv.is\/frettir\/2018\/3\/10\/uppreisnarmadur-minnist-hauks-sem-hetju-sem-bjargadi-bornum-og-flutti-svo-ljod-eg-gat-treyst-honum-ad-halda-andrumsloftinu-godu\/\">Hj\u00e1lmar Fri\u00f0riksson<\/a>&nbsp;skrifar<\/p>\n\n\n\n<p>Hauki Hilmarssyni, sem sag\u00f0ur er hafa falli\u00f0 \u00ed \u00e1t\u00f6kum \u00ed Afrin \u00ed S\u00fdrlandi \u00ed febr\u00faar, er l\u00fdst af samherja sem hugr\u00f6kkum, skipul\u00f6g\u00f0um og m\u00fas\u00edk\u00f6lskum. J\u00eahat Bir\u00fbsk, uppreisnarma\u00f0ur \u00e1 bandi K\u00farda, segist hafa starfa\u00f0 n\u00e1i\u00f0 me\u00f0 Hauki og minnist hans \u00e1\u00a0<a href=\"https:\/\/www.instagram.com\/p\/BgATon6AozP\/?taken-by=omnomnomdeguerre\">Instagram-s\u00ed\u00f0u sinni.<\/a><\/p>\n\n\n\n<p>Bir\u00fbsk segir me\u00f0al annars a\u00f0 Haukur hafi s\u00fdnt miki\u00f0 hetjud\u00e1\u00f0 \u00feegar hann bjarga\u00f0i b\u00f6rnum fr\u00e1 sprengju og flutti lj\u00f3\u00f0 strax \u00ed kj\u00f6lfari\u00f0. \u201e\u00de\u00e6r hr\u00e6\u00f0ilegu fr\u00e9ttir b\u00e1rust m\u00e9r um helgina og \u00e9g vona\u00f0i innilega a\u00f0 \u00feetta reyndist ekki satt, en \u00ed dag hefur YPG sta\u00f0fest \u00fea\u00f0 a\u00f0 en annar vinur f\u00e9ll \u00ed Afrin. Haukur var ein \u00e1hugaver\u00f0asta manneskja sem \u00e9g hef nokkurn t\u00edman kynnst, \u00f3tr\u00falega vel a\u00f0 m\u00e1li farin, \u00feannig f\u00f3lk h\u00e9lt a\u00f0 hann v\u00e6ri betri \u00ed ensku en \u00e9g. Hann var fyndinn, \u00feegar \u00fea\u00f0 \u00e1tti vi\u00f0, gr\u00edna\u00f0ist me\u00f0 a\u00f0 10 pr\u00f3sent \u00edslenskra anarkista v\u00e6ru n\u00fa sj\u00e1lfbo\u00f0ali\u00f0ar \u00ed Rojava\u2026 af \u00fev\u00ed hann v\u00e6ri \u00ed Rojava. Hann \u00e1tti \u00fea\u00f0 til a\u00f0 gretta sig og gera s\u00e9rst\u00f6k hlj\u00f3\u00f0 en var samt oft hlj\u00f3\u00f0l\u00e1tur og r\u00f3legur,\u201c segir Bir\u00fbsk.<\/p>\n\n\n\n<p>Hann segist hafa veri\u00f0 yfirma\u00f0ur Hauks og \u00fea\u00f0 hafi \u00e1vallt veri\u00f0 h\u00e6gt a\u00f0 treysta \u00e1 hann. \u201e\u00c9g var fur\u00f0u lostinn \u00feegar Haukur sag\u00f0ir m\u00e9r hva\u00f0 hann v\u00e6ri gamall, \u00e9g h\u00e9lt a\u00f0 hann v\u00e6ri kannski 21 \u00e1rs, en hann var jafn gamall og \u00e9g. Hann var ungur \u00ed anda og haf\u00f0i dugna\u00f0 og \u00e1str\u00ed\u00f0u sem \u00e9g mislas sem und\u00f3m. \u00deegar \u00e9g var li\u00f0sforingi var hann undirli\u00f0foringinn og kletturinn minn; \u00e9g gat treyst \u00e1 hann skrifa upp og breyta herna\u00f0ar\u00e1\u00e6tlunum jafn \u00f3\u00f0um og a\u00f0st\u00e6\u00f0ur breyttust. \u00c9g gat treyst \u00e1 honum a\u00f0 halda andr\u00famsloftinu g\u00f3\u00f0u me\u00f0al al\u00fej\u00f3\u00f0legu sj\u00e1lfbo\u00f0ali\u00f0ina \u00feegar a\u00f0st\u00e6\u00f0ur ur\u00f0u erfi\u00f0ar, en fyrst og fremst treysti \u00e9g honum til a\u00f0 hj\u00e1lpa m\u00e9r a\u00f0 halda ge\u00f0heilsunni \u00feegar \u00e1hyggjurnar voru a\u00f0 buga mig,\u201c segir Bir\u00fbsk.<\/p>\n\n\n\n<div class=\"wp-block-image\"><figure class=\"aligncenter\"><a href=\"http:\/\/www.norn.is\/haukur\/wp-content\/uploads\/sites\/19\/2018\/03\/ba591b5923b18c4430b31c84ccc6c431.jpg\"><img loading=\"lazy\" decoding=\"async\" width=\"640\" height=\"546\" src=\"http:\/\/www.norn.is\/haukur\/wp-content\/uploads\/sites\/19\/2018\/03\/ba591b5923b18c4430b31c84ccc6c431.jpg\" alt=\"\" class=\"wp-image-311\" srcset=\"https:\/\/www.norn.is\/haukur\/wp-content\/uploads\/sites\/19\/2018\/03\/ba591b5923b18c4430b31c84ccc6c431.jpg 640w, https:\/\/www.norn.is\/haukur\/wp-content\/uploads\/sites\/19\/2018\/03\/ba591b5923b18c4430b31c84ccc6c431-300x256.jpg 300w, https:\/\/www.norn.is\/haukur\/wp-content\/uploads\/sites\/19\/2018\/03\/ba591b5923b18c4430b31c84ccc6c431-352x300.jpg 352w\" sizes=\"auto, (max-width: 640px) 100vw, 640px\" \/><\/a><\/figure><\/div>\n\n\n\n<p><em>Mynd: Instagram\/Jehad Birusk<\/em><\/p>\n\n\n\n<p>Bir\u00fbsk segist aldrei muna gleyma \u00fev\u00ed \u00feegar Haukur spila\u00f0i \u00e1 nikkuna hinn r\u00f3legasti eftir a\u00f0 uppreisnarmenn h\u00f6f\u00f0u n\u00e1\u00f0 t\u00f6kum \u00e1 Raqqa, \u00e1\u00f0ur h\u00f6fu\u00f0v\u00edgi ISIS. \u201e\u00c9g aldrei gleyma \u00fev\u00ed \u00feegar Haukur hlj\u00f3p ni\u00f0ur g\u00f6tu til a\u00f0 bjarga tveimur b\u00f6rnum sem h\u00f6f\u00f0u fundi\u00f0 b\u00edlasprengju og voru a\u00f0 reyna a\u00f0 bera hana \u00ed burtu (gu\u00f0 einn veit hva\u00f0 \u00feau h\u00e9ldu eiginlega a\u00f0 \u00feetta v\u00e6ri), n\u00e9 mun \u00e9g gleyma \u00feegar hann las allt ,,Hum Bom!\u201d eftir Ginsberg \u00ed \u00f3\u00fe\u00f6kk allra \u00ed kring me\u00f0an hann naut s\u00edn yfir kaldh\u00e6\u00f0ninni. \u00c9g gleymi \u00fev\u00ed heldur aldrei a\u00f0 sj\u00e1 hann r\u00f6ltandi \u00ed Raqqa eftir sigur okkar, spilandi hugsi \u00e1 harmonikkuna sem Arab\u00edska QSD deildin haf\u00f0i gefi\u00f0 okkur,\u201c segir Bir\u00fbsk.<\/p>\n\n\n\n<p>Hann l\u00fdsir Hauki sem p\u00edslavotti, \u00fe\u00f3 ekki \u00ed tr\u00faarlegum skilningi, heldur fremur hvernig gj\u00f6r\u00f0ir hans hafi gert hann \u00f3dau\u00f0legan: \u201eFyrst og fremst gleymi \u00e9g aldrei a\u00f0 hann haf\u00f0i gefi\u00f0 m\u00e9r skj\u00f6l\/verk sem hann var a\u00f0 vinna a\u00f0, var\u00f0andi skipulagningu frekari uppgang anarkisma. Kann n\u00e1\u00f0i aldrei a\u00f0 kl\u00e1ra verki\u00f0 og m\u00f6gulega er \u00e9g eina manneskja sem hefur f\u00e6ri \u00e1 a\u00f0 kl\u00e1ra \u00fea\u00f0.<\/p>\n\n\n\n<p>\u00deegar vi\u00f0 t\u00f6lum um a\u00f0 p\u00edslarvottar s\u00e9u \u00f3dau\u00f0legir, \u00fe\u00fd\u00f0ir \u00fea\u00f0 a\u00f0 hugsj\u00f3narverk \u00feeirra s\u00e9u \u00f3kl\u00e1ru\u00f0. Vinir okkar, \u00feau sem g\u00e1fu sig \u00ed a\u00f0 heyja bar\u00e1ttuna, deyja ekki fyrr en vi\u00f0 h\u00e6ttum a\u00f0 sj\u00e1lf.\u201c<\/p>\n","protected":false},"excerpt":{"rendered":"<p>Hj\u00e1lmar Fri\u00f0riksson&nbsp;skrifar Hauki Hilmarssyni, sem sag\u00f0ur er hafa falli\u00f0 \u00ed \u00e1t\u00f6kum \u00ed Afrin \u00ed S\u00fdrlandi \u00ed febr\u00faar, er l\u00fdst af samherja sem hugr\u00f6kkum, skipul\u00f6g\u00f0um og m\u00fas\u00edk\u00f6lskum. J\u00eahat Bir\u00fbsk, uppreisnarma\u00f0ur \u00e1 bandi K\u00farda, segist hafa starfa\u00f0 n\u00e1i\u00f0 me\u00f0 Hauki og minnist hans \u00e1\u00a0Instagram-s\u00ed\u00f0u sinni. Bir\u00fbsk segir me\u00f0al annars a\u00f0 Haukur hafi s\u00fdnt miki\u00f0 hetjud\u00e1\u00f0 \u00feegar hann [&hellip;]<\/p>\n","protected":false},"author":9,"featured_media":2367,"comment_status":"closed","ping_status":"closed","sticky":false,"template":"","format":"standard","meta":{"_et_pb_use_builder":"","_et_pb_old_content":"","_et_gb_content_width":"","footnotes":""},"categories":[1,40,6,248],"tags":[33],"class_list":["post-294","post","type-post","status-publish","format-standard","has-post-thumbnail","hentry","category-allt-efni","category-andof","category-fjolmidlaumfjollun","category-kurdistan","tag-eftirmaeli","et-has-post-format-content","et_post_format-et-post-format-standard"],"yoast_head":"<!-- This site is optimized with the Yoast SEO plugin v27.4 - https:\/\/yoast.com\/product\/yoast-seo-wordpress\/ -->\n<title>Uppreisnarma\u00f0ur minnist Hauks sem hetju sem bjarga\u00f0i b\u00f6rnum og flutti svo lj\u00f3\u00f0: \u201e\u00c9g gat treyst \u00e1 hann a\u00f0 halda andr\u00famsloftinu g\u00f3\u00f0u\u201c - Leikmenn \u00e1n landam\u00e6ra<\/title>\n<meta name=\"robots\" content=\"index, follow, max-snippet:-1, max-image-preview:large, max-video-preview:-1\" \/>\n<link rel=\"canonical\" href=\"https:\/\/www.norn.is\/haukur\/uppreisnarmadur-minnist-hauks-sem-hetju-sem-bjargadi-bornum-og-flutti-svo-ljod-eg-gat-treyst-a-hann-ad-halda-andrumsloftinu-godu\/\" \/>\n<meta property=\"og:locale\" content=\"is_IS\" \/>\n<meta property=\"og:type\" content=\"article\" \/>\n<meta property=\"og:title\" content=\"Uppreisnarma\u00f0ur minnist Hauks sem hetju sem bjarga\u00f0i b\u00f6rnum og flutti svo lj\u00f3\u00f0: \u201e\u00c9g gat treyst \u00e1 hann a\u00f0 halda andr\u00famsloftinu g\u00f3\u00f0u\u201c - Leikmenn \u00e1n landam\u00e6ra\" \/>\n<meta property=\"og:description\" content=\"Hj\u00e1lmar Fri\u00f0riksson&nbsp;skrifar Hauki Hilmarssyni, sem sag\u00f0ur er hafa falli\u00f0 \u00ed \u00e1t\u00f6kum \u00ed Afrin \u00ed S\u00fdrlandi \u00ed febr\u00faar, er l\u00fdst af samherja sem hugr\u00f6kkum, skipul\u00f6g\u00f0um og m\u00fas\u00edk\u00f6lskum. J\u00eahat Bir\u00fbsk, uppreisnarma\u00f0ur \u00e1 bandi K\u00farda, segist hafa starfa\u00f0 n\u00e1i\u00f0 me\u00f0 Hauki og minnist hans \u00e1\u00a0Instagram-s\u00ed\u00f0u sinni. Bir\u00fbsk segir me\u00f0al annars a\u00f0 Haukur hafi s\u00fdnt miki\u00f0 hetjud\u00e1\u00f0 \u00feegar hann [&hellip;]\" \/>\n<meta property=\"og:url\" content=\"https:\/\/www.norn.is\/haukur\/uppreisnarmadur-minnist-hauks-sem-hetju-sem-bjargadi-bornum-og-flutti-svo-ljod-eg-gat-treyst-a-hann-ad-halda-andrumsloftinu-godu\/\" \/>\n<meta property=\"og:site_name\" content=\"Leikmenn \u00e1n landam\u00e6ra\" \/>\n<meta property=\"article:published_time\" content=\"2018-03-10T13:00:43+00:00\" \/>\n<meta property=\"article:modified_time\" content=\"2021-03-10T21:27:55+00:00\" \/>\n<meta property=\"og:image\" content=\"https:\/\/www.norn.is\/haukur\/wp-content\/uploads\/sites\/19\/2018\/03\/Haukur_2017.jpg\" \/>\n\t<meta property=\"og:image:width\" content=\"1362\" \/>\n\t<meta property=\"og:image:height\" content=\"927\" \/>\n\t<meta property=\"og:image:type\" content=\"image\/jpeg\" \/>\n<meta name=\"author\" content=\"hulla\" \/>\n<meta name=\"twitter:card\" content=\"summary_large_image\" \/>\n<meta name=\"twitter:label1\" content=\"Written by\" \/>\n\t<meta name=\"twitter:data1\" content=\"hulla\" \/>\n\t<meta name=\"twitter:label2\" content=\"Est. reading time\" \/>\n\t<meta name=\"twitter:data2\" content=\"3 minutes\" \/>\n<script type=\"application\/ld+json\" class=\"yoast-schema-graph\">{\"@context\":\"https:\\\/\\\/schema.org\",\"@graph\":[{\"@type\":\"Article\",\"@id\":\"https:\\\/\\\/www.norn.is\\\/haukur\\\/uppreisnarmadur-minnist-hauks-sem-hetju-sem-bjargadi-bornum-og-flutti-svo-ljod-eg-gat-treyst-a-hann-ad-halda-andrumsloftinu-godu\\\/#article\",\"isPartOf\":{\"@id\":\"https:\\\/\\\/www.norn.is\\\/haukur\\\/uppreisnarmadur-minnist-hauks-sem-hetju-sem-bjargadi-bornum-og-flutti-svo-ljod-eg-gat-treyst-a-hann-ad-halda-andrumsloftinu-godu\\\/\"},\"author\":{\"name\":\"hulla\",\"@id\":\"https:\\\/\\\/www.norn.is\\\/haukur\\\/#\\\/schema\\\/person\\\/404de4e4192491c7c94aca95bfd71ea3\"},\"headline\":\"Uppreisnarma\u00f0ur minnist Hauks sem hetju sem bjarga\u00f0i b\u00f6rnum og flutti svo lj\u00f3\u00f0: \u201e\u00c9g gat treyst \u00e1 hann a\u00f0 halda andr\u00famsloftinu g\u00f3\u00f0u\u201c\",\"datePublished\":\"2018-03-10T13:00:43+00:00\",\"dateModified\":\"2021-03-10T21:27:55+00:00\",\"mainEntityOfPage\":{\"@id\":\"https:\\\/\\\/www.norn.is\\\/haukur\\\/uppreisnarmadur-minnist-hauks-sem-hetju-sem-bjargadi-bornum-og-flutti-svo-ljod-eg-gat-treyst-a-hann-ad-halda-andrumsloftinu-godu\\\/\"},\"wordCount\":634,\"image\":{\"@id\":\"https:\\\/\\\/www.norn.is\\\/haukur\\\/uppreisnarmadur-minnist-hauks-sem-hetju-sem-bjargadi-bornum-og-flutti-svo-ljod-eg-gat-treyst-a-hann-ad-halda-andrumsloftinu-godu\\\/#primaryimage\"},\"thumbnailUrl\":\"https:\\\/\\\/www.norn.is\\\/haukur\\\/wp-content\\\/uploads\\\/sites\\\/19\\\/2018\\\/03\\\/Haukur_2017.jpg\",\"keywords\":[\"eftirm\u00e6li\"],\"articleSection\":[\"Allt efni\",\"And\u00f3f &amp; yfirvald\",\"Fj\u00f6lmi\u00f0laumfj\u00f6llun\",\"K\u00fardistan\"],\"inLanguage\":\"is\"},{\"@type\":\"WebPage\",\"@id\":\"https:\\\/\\\/www.norn.is\\\/haukur\\\/uppreisnarmadur-minnist-hauks-sem-hetju-sem-bjargadi-bornum-og-flutti-svo-ljod-eg-gat-treyst-a-hann-ad-halda-andrumsloftinu-godu\\\/\",\"url\":\"https:\\\/\\\/www.norn.is\\\/haukur\\\/uppreisnarmadur-minnist-hauks-sem-hetju-sem-bjargadi-bornum-og-flutti-svo-ljod-eg-gat-treyst-a-hann-ad-halda-andrumsloftinu-godu\\\/\",\"name\":\"Uppreisnarma\u00f0ur minnist Hauks sem hetju sem bjarga\u00f0i b\u00f6rnum og flutti svo lj\u00f3\u00f0: \u201e\u00c9g gat treyst \u00e1 hann a\u00f0 halda andr\u00famsloftinu g\u00f3\u00f0u\u201c - Leikmenn \u00e1n landam\u00e6ra\",\"isPartOf\":{\"@id\":\"https:\\\/\\\/www.norn.is\\\/haukur\\\/#website\"},\"primaryImageOfPage\":{\"@id\":\"https:\\\/\\\/www.norn.is\\\/haukur\\\/uppreisnarmadur-minnist-hauks-sem-hetju-sem-bjargadi-bornum-og-flutti-svo-ljod-eg-gat-treyst-a-hann-ad-halda-andrumsloftinu-godu\\\/#primaryimage\"},\"image\":{\"@id\":\"https:\\\/\\\/www.norn.is\\\/haukur\\\/uppreisnarmadur-minnist-hauks-sem-hetju-sem-bjargadi-bornum-og-flutti-svo-ljod-eg-gat-treyst-a-hann-ad-halda-andrumsloftinu-godu\\\/#primaryimage\"},\"thumbnailUrl\":\"https:\\\/\\\/www.norn.is\\\/haukur\\\/wp-content\\\/uploads\\\/sites\\\/19\\\/2018\\\/03\\\/Haukur_2017.jpg\",\"datePublished\":\"2018-03-10T13:00:43+00:00\",\"dateModified\":\"2021-03-10T21:27:55+00:00\",\"author\":{\"@id\":\"https:\\\/\\\/www.norn.is\\\/haukur\\\/#\\\/schema\\\/person\\\/404de4e4192491c7c94aca95bfd71ea3\"},\"breadcrumb\":{\"@id\":\"https:\\\/\\\/www.norn.is\\\/haukur\\\/uppreisnarmadur-minnist-hauks-sem-hetju-sem-bjargadi-bornum-og-flutti-svo-ljod-eg-gat-treyst-a-hann-ad-halda-andrumsloftinu-godu\\\/#breadcrumb\"},\"inLanguage\":\"is\",\"potentialAction\":[{\"@type\":\"ReadAction\",\"target\":[\"https:\\\/\\\/www.norn.is\\\/haukur\\\/uppreisnarmadur-minnist-hauks-sem-hetju-sem-bjargadi-bornum-og-flutti-svo-ljod-eg-gat-treyst-a-hann-ad-halda-andrumsloftinu-godu\\\/\"]}]},{\"@type\":\"ImageObject\",\"inLanguage\":\"is\",\"@id\":\"https:\\\/\\\/www.norn.is\\\/haukur\\\/uppreisnarmadur-minnist-hauks-sem-hetju-sem-bjargadi-bornum-og-flutti-svo-ljod-eg-gat-treyst-a-hann-ad-halda-andrumsloftinu-godu\\\/#primaryimage\",\"url\":\"https:\\\/\\\/www.norn.is\\\/haukur\\\/wp-content\\\/uploads\\\/sites\\\/19\\\/2018\\\/03\\\/Haukur_2017.jpg\",\"contentUrl\":\"https:\\\/\\\/www.norn.is\\\/haukur\\\/wp-content\\\/uploads\\\/sites\\\/19\\\/2018\\\/03\\\/Haukur_2017.jpg\",\"width\":1362,\"height\":927},{\"@type\":\"BreadcrumbList\",\"@id\":\"https:\\\/\\\/www.norn.is\\\/haukur\\\/uppreisnarmadur-minnist-hauks-sem-hetju-sem-bjargadi-bornum-og-flutti-svo-ljod-eg-gat-treyst-a-hann-ad-halda-andrumsloftinu-godu\\\/#breadcrumb\",\"itemListElement\":[{\"@type\":\"ListItem\",\"position\":1,\"name\":\"Home\",\"item\":\"https:\\\/\\\/www.norn.is\\\/haukur\\\/\"},{\"@type\":\"ListItem\",\"position\":2,\"name\":\"Uppreisnarma\u00f0ur minnist Hauks sem hetju sem bjarga\u00f0i b\u00f6rnum og flutti svo lj\u00f3\u00f0: \u201e\u00c9g gat treyst \u00e1 hann a\u00f0 halda andr\u00famsloftinu g\u00f3\u00f0u\u201c\"}]},{\"@type\":\"WebSite\",\"@id\":\"https:\\\/\\\/www.norn.is\\\/haukur\\\/#website\",\"url\":\"https:\\\/\\\/www.norn.is\\\/haukur\\\/\",\"name\":\"Leikmenn \u00e1n landam\u00e6ra\",\"description\":\"\",\"potentialAction\":[{\"@type\":\"SearchAction\",\"target\":{\"@type\":\"EntryPoint\",\"urlTemplate\":\"https:\\\/\\\/www.norn.is\\\/haukur\\\/?s={search_term_string}\"},\"query-input\":{\"@type\":\"PropertyValueSpecification\",\"valueRequired\":true,\"valueName\":\"search_term_string\"}}],\"inLanguage\":\"is\"},{\"@type\":\"Person\",\"@id\":\"https:\\\/\\\/www.norn.is\\\/haukur\\\/#\\\/schema\\\/person\\\/404de4e4192491c7c94aca95bfd71ea3\",\"name\":\"hulla\",\"url\":\"https:\\\/\\\/www.norn.is\\\/haukur\\\/author\\\/hulla\\\/\"}]}<\/script>\n<!-- \/ Yoast SEO plugin. -->","yoast_head_json":{"title":"Uppreisnarma\u00f0ur minnist Hauks sem hetju sem bjarga\u00f0i b\u00f6rnum og flutti svo lj\u00f3\u00f0: \u201e\u00c9g gat treyst \u00e1 hann a\u00f0 halda andr\u00famsloftinu g\u00f3\u00f0u\u201c - Leikmenn \u00e1n landam\u00e6ra","robots":{"index":"index","follow":"follow","max-snippet":"max-snippet:-1","max-image-preview":"max-image-preview:large","max-video-preview":"max-video-preview:-1"},"canonical":"https:\/\/www.norn.is\/haukur\/uppreisnarmadur-minnist-hauks-sem-hetju-sem-bjargadi-bornum-og-flutti-svo-ljod-eg-gat-treyst-a-hann-ad-halda-andrumsloftinu-godu\/","og_locale":"is_IS","og_type":"article","og_title":"Uppreisnarma\u00f0ur minnist Hauks sem hetju sem bjarga\u00f0i b\u00f6rnum og flutti svo lj\u00f3\u00f0: \u201e\u00c9g gat treyst \u00e1 hann a\u00f0 halda andr\u00famsloftinu g\u00f3\u00f0u\u201c - Leikmenn \u00e1n landam\u00e6ra","og_description":"Hj\u00e1lmar Fri\u00f0riksson&nbsp;skrifar Hauki Hilmarssyni, sem sag\u00f0ur er hafa falli\u00f0 \u00ed \u00e1t\u00f6kum \u00ed Afrin \u00ed S\u00fdrlandi \u00ed febr\u00faar, er l\u00fdst af samherja sem hugr\u00f6kkum, skipul\u00f6g\u00f0um og m\u00fas\u00edk\u00f6lskum. J\u00eahat Bir\u00fbsk, uppreisnarma\u00f0ur \u00e1 bandi K\u00farda, segist hafa starfa\u00f0 n\u00e1i\u00f0 me\u00f0 Hauki og minnist hans \u00e1\u00a0Instagram-s\u00ed\u00f0u sinni. Bir\u00fbsk segir me\u00f0al annars a\u00f0 Haukur hafi s\u00fdnt miki\u00f0 hetjud\u00e1\u00f0 \u00feegar hann [&hellip;]","og_url":"https:\/\/www.norn.is\/haukur\/uppreisnarmadur-minnist-hauks-sem-hetju-sem-bjargadi-bornum-og-flutti-svo-ljod-eg-gat-treyst-a-hann-ad-halda-andrumsloftinu-godu\/","og_site_name":"Leikmenn \u00e1n landam\u00e6ra","article_published_time":"2018-03-10T13:00:43+00:00","article_modified_time":"2021-03-10T21:27:55+00:00","og_image":[{"width":1362,"height":927,"url":"https:\/\/www.norn.is\/haukur\/wp-content\/uploads\/sites\/19\/2018\/03\/Haukur_2017.jpg","type":"image\/jpeg"}],"author":"hulla","twitter_card":"summary_large_image","twitter_misc":{"Written by":"hulla","Est. reading time":"3 minutes"},"schema":{"@context":"https:\/\/schema.org","@graph":[{"@type":"Article","@id":"https:\/\/www.norn.is\/haukur\/uppreisnarmadur-minnist-hauks-sem-hetju-sem-bjargadi-bornum-og-flutti-svo-ljod-eg-gat-treyst-a-hann-ad-halda-andrumsloftinu-godu\/#article","isPartOf":{"@id":"https:\/\/www.norn.is\/haukur\/uppreisnarmadur-minnist-hauks-sem-hetju-sem-bjargadi-bornum-og-flutti-svo-ljod-eg-gat-treyst-a-hann-ad-halda-andrumsloftinu-godu\/"},"author":{"name":"hulla","@id":"https:\/\/www.norn.is\/haukur\/#\/schema\/person\/404de4e4192491c7c94aca95bfd71ea3"},"headline":"Uppreisnarma\u00f0ur minnist Hauks sem hetju sem bjarga\u00f0i b\u00f6rnum og flutti svo lj\u00f3\u00f0: \u201e\u00c9g gat treyst \u00e1 hann a\u00f0 halda andr\u00famsloftinu g\u00f3\u00f0u\u201c","datePublished":"2018-03-10T13:00:43+00:00","dateModified":"2021-03-10T21:27:55+00:00","mainEntityOfPage":{"@id":"https:\/\/www.norn.is\/haukur\/uppreisnarmadur-minnist-hauks-sem-hetju-sem-bjargadi-bornum-og-flutti-svo-ljod-eg-gat-treyst-a-hann-ad-halda-andrumsloftinu-godu\/"},"wordCount":634,"image":{"@id":"https:\/\/www.norn.is\/haukur\/uppreisnarmadur-minnist-hauks-sem-hetju-sem-bjargadi-bornum-og-flutti-svo-ljod-eg-gat-treyst-a-hann-ad-halda-andrumsloftinu-godu\/#primaryimage"},"thumbnailUrl":"https:\/\/www.norn.is\/haukur\/wp-content\/uploads\/sites\/19\/2018\/03\/Haukur_2017.jpg","keywords":["eftirm\u00e6li"],"articleSection":["Allt efni","And\u00f3f &amp; yfirvald","Fj\u00f6lmi\u00f0laumfj\u00f6llun","K\u00fardistan"],"inLanguage":"is"},{"@type":"WebPage","@id":"https:\/\/www.norn.is\/haukur\/uppreisnarmadur-minnist-hauks-sem-hetju-sem-bjargadi-bornum-og-flutti-svo-ljod-eg-gat-treyst-a-hann-ad-halda-andrumsloftinu-godu\/","url":"https:\/\/www.norn.is\/haukur\/uppreisnarmadur-minnist-hauks-sem-hetju-sem-bjargadi-bornum-og-flutti-svo-ljod-eg-gat-treyst-a-hann-ad-halda-andrumsloftinu-godu\/","name":"Uppreisnarma\u00f0ur minnist Hauks sem hetju sem bjarga\u00f0i b\u00f6rnum og flutti svo lj\u00f3\u00f0: \u201e\u00c9g gat treyst \u00e1 hann a\u00f0 halda andr\u00famsloftinu g\u00f3\u00f0u\u201c - Leikmenn \u00e1n landam\u00e6ra","isPartOf":{"@id":"https:\/\/www.norn.is\/haukur\/#website"},"primaryImageOfPage":{"@id":"https:\/\/www.norn.is\/haukur\/uppreisnarmadur-minnist-hauks-sem-hetju-sem-bjargadi-bornum-og-flutti-svo-ljod-eg-gat-treyst-a-hann-ad-halda-andrumsloftinu-godu\/#primaryimage"},"image":{"@id":"https:\/\/www.norn.is\/haukur\/uppreisnarmadur-minnist-hauks-sem-hetju-sem-bjargadi-bornum-og-flutti-svo-ljod-eg-gat-treyst-a-hann-ad-halda-andrumsloftinu-godu\/#primaryimage"},"thumbnailUrl":"https:\/\/www.norn.is\/haukur\/wp-content\/uploads\/sites\/19\/2018\/03\/Haukur_2017.jpg","datePublished":"2018-03-10T13:00:43+00:00","dateModified":"2021-03-10T21:27:55+00:00","author":{"@id":"https:\/\/www.norn.is\/haukur\/#\/schema\/person\/404de4e4192491c7c94aca95bfd71ea3"},"breadcrumb":{"@id":"https:\/\/www.norn.is\/haukur\/uppreisnarmadur-minnist-hauks-sem-hetju-sem-bjargadi-bornum-og-flutti-svo-ljod-eg-gat-treyst-a-hann-ad-halda-andrumsloftinu-godu\/#breadcrumb"},"inLanguage":"is","potentialAction":[{"@type":"ReadAction","target":["https:\/\/www.norn.is\/haukur\/uppreisnarmadur-minnist-hauks-sem-hetju-sem-bjargadi-bornum-og-flutti-svo-ljod-eg-gat-treyst-a-hann-ad-halda-andrumsloftinu-godu\/"]}]},{"@type":"ImageObject","inLanguage":"is","@id":"https:\/\/www.norn.is\/haukur\/uppreisnarmadur-minnist-hauks-sem-hetju-sem-bjargadi-bornum-og-flutti-svo-ljod-eg-gat-treyst-a-hann-ad-halda-andrumsloftinu-godu\/#primaryimage","url":"https:\/\/www.norn.is\/haukur\/wp-content\/uploads\/sites\/19\/2018\/03\/Haukur_2017.jpg","contentUrl":"https:\/\/www.norn.is\/haukur\/wp-content\/uploads\/sites\/19\/2018\/03\/Haukur_2017.jpg","width":1362,"height":927},{"@type":"BreadcrumbList","@id":"https:\/\/www.norn.is\/haukur\/uppreisnarmadur-minnist-hauks-sem-hetju-sem-bjargadi-bornum-og-flutti-svo-ljod-eg-gat-treyst-a-hann-ad-halda-andrumsloftinu-godu\/#breadcrumb","itemListElement":[{"@type":"ListItem","position":1,"name":"Home","item":"https:\/\/www.norn.is\/haukur\/"},{"@type":"ListItem","position":2,"name":"Uppreisnarma\u00f0ur minnist Hauks sem hetju sem bjarga\u00f0i b\u00f6rnum og flutti svo lj\u00f3\u00f0: \u201e\u00c9g gat treyst \u00e1 hann a\u00f0 halda andr\u00famsloftinu g\u00f3\u00f0u\u201c"}]},{"@type":"WebSite","@id":"https:\/\/www.norn.is\/haukur\/#website","url":"https:\/\/www.norn.is\/haukur\/","name":"Leikmenn \u00e1n landam\u00e6ra","description":"","potentialAction":[{"@type":"SearchAction","target":{"@type":"EntryPoint","urlTemplate":"https:\/\/www.norn.is\/haukur\/?s={search_term_string}"},"query-input":{"@type":"PropertyValueSpecification","valueRequired":true,"valueName":"search_term_string"}}],"inLanguage":"is"},{"@type":"Person","@id":"https:\/\/www.norn.is\/haukur\/#\/schema\/person\/404de4e4192491c7c94aca95bfd71ea3","name":"hulla","url":"https:\/\/www.norn.is\/haukur\/author\/hulla\/"}]}},"_links":{"self":[{"href":"https:\/\/www.norn.is\/haukur\/wp-json\/wp\/v2\/posts\/294","targetHints":{"allow":["GET"]}}],"collection":[{"href":"https:\/\/www.norn.is\/haukur\/wp-json\/wp\/v2\/posts"}],"about":[{"href":"https:\/\/www.norn.is\/haukur\/wp-json\/wp\/v2\/types\/post"}],"author":[{"embeddable":true,"href":"https:\/\/www.norn.is\/haukur\/wp-json\/wp\/v2\/users\/9"}],"replies":[{"embeddable":true,"href":"https:\/\/www.norn.is\/haukur\/wp-json\/wp\/v2\/comments?post=294"}],"version-history":[{"count":7,"href":"https:\/\/www.norn.is\/haukur\/wp-json\/wp\/v2\/posts\/294\/revisions"}],"predecessor-version":[{"id":2368,"href":"https:\/\/www.norn.is\/haukur\/wp-json\/wp\/v2\/posts\/294\/revisions\/2368"}],"wp:featuredmedia":[{"embeddable":true,"href":"https:\/\/www.norn.is\/haukur\/wp-json\/wp\/v2\/media\/2367"}],"wp:attachment":[{"href":"https:\/\/www.norn.is\/haukur\/wp-json\/wp\/v2\/media?parent=294"}],"wp:term":[{"taxonomy":"category","embeddable":true,"href":"https:\/\/www.norn.is\/haukur\/wp-json\/wp\/v2\/categories?post=294"},{"taxonomy":"post_tag","embeddable":true,"href":"https:\/\/www.norn.is\/haukur\/wp-json\/wp\/v2\/tags?post=294"}],"curies":[{"name":"wp","href":"https:\/\/api.w.org\/{rel}","templated":true}]}}