{"id":2422,"date":"2018-06-07T13:21:00","date_gmt":"2018-06-07T13:21:00","guid":{"rendered":"http:\/\/www.norn.is\/haukur\/?p=2422"},"modified":"2021-03-11T16:00:35","modified_gmt":"2021-03-11T16:00:35","slug":"heimssamband-verkafolks","status":"publish","type":"post","link":"https:\/\/www.norn.is\/haukur\/heimssamband-verkafolks\/","title":{"rendered":"Heimssamband verkaf\u00f3lks"},"content":{"rendered":"\n<p>IWW stendur fyrir Industrial Workers of the World,e\u00f0a Heimssamband verkaf\u00f3lks. Samt\u00f6kin voru stofnu\u00f0&nbsp;\u00ed Bandar\u00edkjunum 1905 og skiptu sk\u00f6pum fyrir verkal\u00fd\u00f0sf\u00e9lagav\u00e6\u00f0ingu 20. aldar. Enn \u00ed dag er Heimssamband verkaf\u00f3lks starfandi \u00ed m\u00f6rgum l\u00f6ndum,&nbsp;<a href=\"http:\/\/iwwisland.org\/\">\u00fear \u00e1 me\u00f0al \u00e1 \u00cdslandi<\/a>.<\/p>\n\n\n\n<p>Samt\u00f6kin byggja \u00e1 \u00fe\u00e1ttt\u00f6kul\u00fd\u00f0r\u00e6\u00f0i og&nbsp;eru rekin af f\u00e9lagsm\u00f6nnum en ekki af launu\u00f0u starfsf\u00f3lki e\u00f0a verkal\u00fd\u00f0sforingjum. Li\u00f0smenn hreyfingarinnar telja hlutverk verkal\u00fd\u00f0sf\u00e9lags ekki vera \u00fea\u00f0 a\u00f0 koma til bjargar eftir a\u00f0 broti\u00f0 hefur veri\u00f0 \u00e1 starfsf\u00f3lki heldur a\u00f0 koma \u00ed veg fyrir a\u00f0 \u00fea\u00f0 gerist. Samt\u00f6kin skipuleggja starf sitt \u00feessvegna inni \u00e1 vinnusta\u00f0num. Engir utana\u00f0komandi geta teki\u00f0 \u00e1kvar\u00f0anir um \u00fea\u00f0 hven\u00e6r \u00e1 a\u00f0 fara \u00ed verkfall, lj\u00faka verkfalli, e\u00f0a gr\u00edpa til nokkurra annarra a\u00f0ger\u00f0a \u00e1 vinnusta\u00f0. Heimssamband verkaf\u00f3lks er eina verkal\u00fd\u00f0sf\u00e9lagi\u00f0 \u00e1 \u00cdslandi sem hefur \u00fea\u00f0 a\u00f0 markmi\u00f0i s\u00ednu a\u00f0 uppr\u00e6ta kap\u00edtalisma.<\/p>\n\n\n\n<p>Haukur haf\u00f0i mikinn \u00e1huga \u00e1 \u00fev\u00ed a\u00f0 koma \u00e1 alv\u00f6ru verkal\u00fd\u00f0shreyfingu \u00e1 \u00cdslandi. Starfsf\u00f3lk veitingah\u00fasa og h\u00f3tela er st\u00f3r af h\u00f3pur sem n\u00fdtur takmarka\u00f0ra r\u00e9ttinda og auk \u00feess \u00e1 h\u00e1tt hlutfall \u00feeirra fl\u00f3ttamanna sem eru fyrst og fremst a\u00f0 fl\u00fdja \u00f3b\u00e6rilegt efnahags\u00e1stand helst kost \u00e1 sl\u00edkri vinnu. Haukur reyndi a\u00f0 n\u00e1 til \u00feessa h\u00f3ps me\u00f0 \u00fev\u00ed a\u00f0 r\u00e1\u00f0a sig \u00ed vinnu \u00e1 veitingah\u00fasum. Hann var\u00f0 fyrir miklum vonbrig\u00f0um \u00fev\u00ed verkal\u00fd\u00f0urinn vildi frekar hanga \u00ed snjalls\u00edmanum \u00ed p\u00e1sum en a\u00f0 r\u00e6\u00f0a st\u00e9ttabar\u00e1ttu. \u00dea\u00f0 er leitt a\u00f0 Haukur skuli ekki hafa lifa\u00f0 \u00fea\u00f0 a\u00f0 sj\u00e1 \u00fea\u00f0 umr\u00f3t sem hefur \u00e1tt s\u00e9r sta\u00f0 innan verkal\u00fd\u00f0shreyfingarinnar \u00e1 \u00cdslandi s\u00ed\u00f0asta \u00e1ri\u00f0.<\/p>\n\n\n\n<p><em>Myndin er fr\u00e1 verkfallsfundi rakara \u00ed New York 1913<\/em><\/p>\n","protected":false},"excerpt":{"rendered":"<p>IWW stendur fyrir Industrial Workers of the World,e\u00f0a Heimssamband verkaf\u00f3lks. Samt\u00f6kin voru stofnu\u00f0&nbsp;\u00ed Bandar\u00edkjunum 1905 og skiptu sk\u00f6pum fyrir verkal\u00fd\u00f0sf\u00e9lagav\u00e6\u00f0ingu 20. aldar. Enn \u00ed dag er Heimssamband verkaf\u00f3lks starfandi \u00ed m\u00f6rgum l\u00f6ndum,&nbsp;\u00fear \u00e1 me\u00f0al \u00e1 \u00cdslandi. Samt\u00f6kin byggja \u00e1 \u00fe\u00e1ttt\u00f6kul\u00fd\u00f0r\u00e6\u00f0i og&nbsp;eru rekin af f\u00e9lagsm\u00f6nnum en ekki af launu\u00f0u starfsf\u00f3lki e\u00f0a verkal\u00fd\u00f0sforingjum. Li\u00f0smenn hreyfingarinnar telja hlutverk [&hellip;]<\/p>\n","protected":false},"author":7,"featured_media":1277,"comment_status":"closed","ping_status":"open","sticky":false,"template":"","format":"standard","meta":{"_et_pb_use_builder":"","_et_pb_old_content":"","_et_gb_content_width":"","footnotes":""},"categories":[220],"tags":[226,121],"class_list":["post-2422","post","type-post","status-publish","format-standard","has-post-thumbnail","hentry","category-hver-var-haukur","tag-heimssamband-verkafolks","tag-iww","et-has-post-format-content","et_post_format-et-post-format-standard"],"yoast_head":"<!-- This site is optimized with the Yoast SEO plugin v27.5 - https:\/\/yoast.com\/product\/yoast-seo-wordpress\/ -->\n<title>Heimssamband verkaf\u00f3lks - Leikmenn \u00e1n landam\u00e6ra<\/title>\n<meta name=\"robots\" content=\"index, follow, max-snippet:-1, max-image-preview:large, max-video-preview:-1\" \/>\n<link rel=\"canonical\" href=\"https:\/\/www.norn.is\/haukur\/heimssamband-verkafolks\/\" \/>\n<meta property=\"og:locale\" content=\"is_IS\" \/>\n<meta property=\"og:type\" content=\"article\" \/>\n<meta property=\"og:title\" content=\"Heimssamband verkaf\u00f3lks - Leikmenn \u00e1n landam\u00e6ra\" \/>\n<meta property=\"og:description\" content=\"IWW stendur fyrir Industrial Workers of the World,e\u00f0a Heimssamband verkaf\u00f3lks. Samt\u00f6kin voru stofnu\u00f0&nbsp;\u00ed Bandar\u00edkjunum 1905 og skiptu sk\u00f6pum fyrir verkal\u00fd\u00f0sf\u00e9lagav\u00e6\u00f0ingu 20. aldar. Enn \u00ed dag er Heimssamband verkaf\u00f3lks starfandi \u00ed m\u00f6rgum l\u00f6ndum,&nbsp;\u00fear \u00e1 me\u00f0al \u00e1 \u00cdslandi. Samt\u00f6kin byggja \u00e1 \u00fe\u00e1ttt\u00f6kul\u00fd\u00f0r\u00e6\u00f0i og&nbsp;eru rekin af f\u00e9lagsm\u00f6nnum en ekki af launu\u00f0u starfsf\u00f3lki e\u00f0a verkal\u00fd\u00f0sforingjum. Li\u00f0smenn hreyfingarinnar telja hlutverk [&hellip;]\" \/>\n<meta property=\"og:url\" content=\"https:\/\/www.norn.is\/haukur\/heimssamband-verkafolks\/\" \/>\n<meta property=\"og:site_name\" content=\"Leikmenn \u00e1n landam\u00e6ra\" \/>\n<meta property=\"article:published_time\" content=\"2018-06-07T13:21:00+00:00\" \/>\n<meta property=\"article:modified_time\" content=\"2021-03-11T16:00:35+00:00\" \/>\n<meta property=\"og:image\" content=\"https:\/\/www.norn.is\/haukur\/wp-content\/uploads\/sites\/19\/2019\/04\/1200px-Ettor_IWW_barbers_strike.jpg\" \/>\n\t<meta property=\"og:image:width\" content=\"1200\" \/>\n\t<meta property=\"og:image:height\" content=\"730\" \/>\n\t<meta property=\"og:image:type\" content=\"image\/jpeg\" \/>\n<meta name=\"author\" content=\"Eva Hauksd\u00f3ttir\" \/>\n<meta name=\"twitter:card\" content=\"summary_large_image\" \/>\n<meta name=\"twitter:label1\" content=\"Written by\" \/>\n\t<meta name=\"twitter:data1\" content=\"Eva Hauksd\u00f3ttir\" \/>\n\t<meta name=\"twitter:label2\" content=\"Est. reading time\" \/>\n\t<meta name=\"twitter:data2\" content=\"2 minutes\" \/>\n<script type=\"application\/ld+json\" class=\"yoast-schema-graph\">{\"@context\":\"https:\\\/\\\/schema.org\",\"@graph\":[{\"@type\":\"Article\",\"@id\":\"https:\\\/\\\/www.norn.is\\\/haukur\\\/heimssamband-verkafolks\\\/#article\",\"isPartOf\":{\"@id\":\"https:\\\/\\\/www.norn.is\\\/haukur\\\/heimssamband-verkafolks\\\/\"},\"author\":{\"name\":\"Eva Hauksd\u00f3ttir\",\"@id\":\"https:\\\/\\\/www.norn.is\\\/haukur\\\/#\\\/schema\\\/person\\\/1d9742389918a297671033a2b53d3d34\"},\"headline\":\"Heimssamband verkaf\u00f3lks\",\"datePublished\":\"2018-06-07T13:21:00+00:00\",\"dateModified\":\"2021-03-11T16:00:35+00:00\",\"mainEntityOfPage\":{\"@id\":\"https:\\\/\\\/www.norn.is\\\/haukur\\\/heimssamband-verkafolks\\\/\"},\"wordCount\":298,\"image\":{\"@id\":\"https:\\\/\\\/www.norn.is\\\/haukur\\\/heimssamband-verkafolks\\\/#primaryimage\"},\"thumbnailUrl\":\"https:\\\/\\\/www.norn.is\\\/haukur\\\/wp-content\\\/uploads\\\/sites\\\/19\\\/2019\\\/04\\\/1200px-Ettor_IWW_barbers_strike.jpg\",\"keywords\":[\"Heimssamband verkaf\u00f3lks\",\"IWW\"],\"articleSection\":[\"Hver var Haukur?\"],\"inLanguage\":\"is\"},{\"@type\":\"WebPage\",\"@id\":\"https:\\\/\\\/www.norn.is\\\/haukur\\\/heimssamband-verkafolks\\\/\",\"url\":\"https:\\\/\\\/www.norn.is\\\/haukur\\\/heimssamband-verkafolks\\\/\",\"name\":\"Heimssamband verkaf\u00f3lks - Leikmenn \u00e1n landam\u00e6ra\",\"isPartOf\":{\"@id\":\"https:\\\/\\\/www.norn.is\\\/haukur\\\/#website\"},\"primaryImageOfPage\":{\"@id\":\"https:\\\/\\\/www.norn.is\\\/haukur\\\/heimssamband-verkafolks\\\/#primaryimage\"},\"image\":{\"@id\":\"https:\\\/\\\/www.norn.is\\\/haukur\\\/heimssamband-verkafolks\\\/#primaryimage\"},\"thumbnailUrl\":\"https:\\\/\\\/www.norn.is\\\/haukur\\\/wp-content\\\/uploads\\\/sites\\\/19\\\/2019\\\/04\\\/1200px-Ettor_IWW_barbers_strike.jpg\",\"datePublished\":\"2018-06-07T13:21:00+00:00\",\"dateModified\":\"2021-03-11T16:00:35+00:00\",\"author\":{\"@id\":\"https:\\\/\\\/www.norn.is\\\/haukur\\\/#\\\/schema\\\/person\\\/1d9742389918a297671033a2b53d3d34\"},\"breadcrumb\":{\"@id\":\"https:\\\/\\\/www.norn.is\\\/haukur\\\/heimssamband-verkafolks\\\/#breadcrumb\"},\"inLanguage\":\"is\",\"potentialAction\":[{\"@type\":\"ReadAction\",\"target\":[\"https:\\\/\\\/www.norn.is\\\/haukur\\\/heimssamband-verkafolks\\\/\"]}]},{\"@type\":\"ImageObject\",\"inLanguage\":\"is\",\"@id\":\"https:\\\/\\\/www.norn.is\\\/haukur\\\/heimssamband-verkafolks\\\/#primaryimage\",\"url\":\"https:\\\/\\\/www.norn.is\\\/haukur\\\/wp-content\\\/uploads\\\/sites\\\/19\\\/2019\\\/04\\\/1200px-Ettor_IWW_barbers_strike.jpg\",\"contentUrl\":\"https:\\\/\\\/www.norn.is\\\/haukur\\\/wp-content\\\/uploads\\\/sites\\\/19\\\/2019\\\/04\\\/1200px-Ettor_IWW_barbers_strike.jpg\",\"width\":1200,\"height\":730},{\"@type\":\"BreadcrumbList\",\"@id\":\"https:\\\/\\\/www.norn.is\\\/haukur\\\/heimssamband-verkafolks\\\/#breadcrumb\",\"itemListElement\":[{\"@type\":\"ListItem\",\"position\":1,\"name\":\"Home\",\"item\":\"https:\\\/\\\/www.norn.is\\\/haukur\\\/\"},{\"@type\":\"ListItem\",\"position\":2,\"name\":\"Heimssamband verkaf\u00f3lks\"}]},{\"@type\":\"WebSite\",\"@id\":\"https:\\\/\\\/www.norn.is\\\/haukur\\\/#website\",\"url\":\"https:\\\/\\\/www.norn.is\\\/haukur\\\/\",\"name\":\"Leikmenn \u00e1n landam\u00e6ra\",\"description\":\"\",\"potentialAction\":[{\"@type\":\"SearchAction\",\"target\":{\"@type\":\"EntryPoint\",\"urlTemplate\":\"https:\\\/\\\/www.norn.is\\\/haukur\\\/?s={search_term_string}\"},\"query-input\":{\"@type\":\"PropertyValueSpecification\",\"valueRequired\":true,\"valueName\":\"search_term_string\"}}],\"inLanguage\":\"is\"},{\"@type\":\"Person\",\"@id\":\"https:\\\/\\\/www.norn.is\\\/haukur\\\/#\\\/schema\\\/person\\\/1d9742389918a297671033a2b53d3d34\",\"name\":\"Eva Hauksd\u00f3ttir\",\"url\":\"https:\\\/\\\/www.norn.is\\\/haukur\\\/author\\\/evahauks\\\/\"}]}<\/script>\n<!-- \/ Yoast SEO plugin. -->","yoast_head_json":{"title":"Heimssamband verkaf\u00f3lks - Leikmenn \u00e1n landam\u00e6ra","robots":{"index":"index","follow":"follow","max-snippet":"max-snippet:-1","max-image-preview":"max-image-preview:large","max-video-preview":"max-video-preview:-1"},"canonical":"https:\/\/www.norn.is\/haukur\/heimssamband-verkafolks\/","og_locale":"is_IS","og_type":"article","og_title":"Heimssamband verkaf\u00f3lks - Leikmenn \u00e1n landam\u00e6ra","og_description":"IWW stendur fyrir Industrial Workers of the World,e\u00f0a Heimssamband verkaf\u00f3lks. Samt\u00f6kin voru stofnu\u00f0&nbsp;\u00ed Bandar\u00edkjunum 1905 og skiptu sk\u00f6pum fyrir verkal\u00fd\u00f0sf\u00e9lagav\u00e6\u00f0ingu 20. aldar. Enn \u00ed dag er Heimssamband verkaf\u00f3lks starfandi \u00ed m\u00f6rgum l\u00f6ndum,&nbsp;\u00fear \u00e1 me\u00f0al \u00e1 \u00cdslandi. Samt\u00f6kin byggja \u00e1 \u00fe\u00e1ttt\u00f6kul\u00fd\u00f0r\u00e6\u00f0i og&nbsp;eru rekin af f\u00e9lagsm\u00f6nnum en ekki af launu\u00f0u starfsf\u00f3lki e\u00f0a verkal\u00fd\u00f0sforingjum. Li\u00f0smenn hreyfingarinnar telja hlutverk [&hellip;]","og_url":"https:\/\/www.norn.is\/haukur\/heimssamband-verkafolks\/","og_site_name":"Leikmenn \u00e1n landam\u00e6ra","article_published_time":"2018-06-07T13:21:00+00:00","article_modified_time":"2021-03-11T16:00:35+00:00","og_image":[{"width":1200,"height":730,"url":"https:\/\/www.norn.is\/haukur\/wp-content\/uploads\/sites\/19\/2019\/04\/1200px-Ettor_IWW_barbers_strike.jpg","type":"image\/jpeg"}],"author":"Eva Hauksd\u00f3ttir","twitter_card":"summary_large_image","twitter_misc":{"Written by":"Eva Hauksd\u00f3ttir","Est. reading time":"2 minutes"},"schema":{"@context":"https:\/\/schema.org","@graph":[{"@type":"Article","@id":"https:\/\/www.norn.is\/haukur\/heimssamband-verkafolks\/#article","isPartOf":{"@id":"https:\/\/www.norn.is\/haukur\/heimssamband-verkafolks\/"},"author":{"name":"Eva Hauksd\u00f3ttir","@id":"https:\/\/www.norn.is\/haukur\/#\/schema\/person\/1d9742389918a297671033a2b53d3d34"},"headline":"Heimssamband verkaf\u00f3lks","datePublished":"2018-06-07T13:21:00+00:00","dateModified":"2021-03-11T16:00:35+00:00","mainEntityOfPage":{"@id":"https:\/\/www.norn.is\/haukur\/heimssamband-verkafolks\/"},"wordCount":298,"image":{"@id":"https:\/\/www.norn.is\/haukur\/heimssamband-verkafolks\/#primaryimage"},"thumbnailUrl":"https:\/\/www.norn.is\/haukur\/wp-content\/uploads\/sites\/19\/2019\/04\/1200px-Ettor_IWW_barbers_strike.jpg","keywords":["Heimssamband verkaf\u00f3lks","IWW"],"articleSection":["Hver var Haukur?"],"inLanguage":"is"},{"@type":"WebPage","@id":"https:\/\/www.norn.is\/haukur\/heimssamband-verkafolks\/","url":"https:\/\/www.norn.is\/haukur\/heimssamband-verkafolks\/","name":"Heimssamband verkaf\u00f3lks - Leikmenn \u00e1n landam\u00e6ra","isPartOf":{"@id":"https:\/\/www.norn.is\/haukur\/#website"},"primaryImageOfPage":{"@id":"https:\/\/www.norn.is\/haukur\/heimssamband-verkafolks\/#primaryimage"},"image":{"@id":"https:\/\/www.norn.is\/haukur\/heimssamband-verkafolks\/#primaryimage"},"thumbnailUrl":"https:\/\/www.norn.is\/haukur\/wp-content\/uploads\/sites\/19\/2019\/04\/1200px-Ettor_IWW_barbers_strike.jpg","datePublished":"2018-06-07T13:21:00+00:00","dateModified":"2021-03-11T16:00:35+00:00","author":{"@id":"https:\/\/www.norn.is\/haukur\/#\/schema\/person\/1d9742389918a297671033a2b53d3d34"},"breadcrumb":{"@id":"https:\/\/www.norn.is\/haukur\/heimssamband-verkafolks\/#breadcrumb"},"inLanguage":"is","potentialAction":[{"@type":"ReadAction","target":["https:\/\/www.norn.is\/haukur\/heimssamband-verkafolks\/"]}]},{"@type":"ImageObject","inLanguage":"is","@id":"https:\/\/www.norn.is\/haukur\/heimssamband-verkafolks\/#primaryimage","url":"https:\/\/www.norn.is\/haukur\/wp-content\/uploads\/sites\/19\/2019\/04\/1200px-Ettor_IWW_barbers_strike.jpg","contentUrl":"https:\/\/www.norn.is\/haukur\/wp-content\/uploads\/sites\/19\/2019\/04\/1200px-Ettor_IWW_barbers_strike.jpg","width":1200,"height":730},{"@type":"BreadcrumbList","@id":"https:\/\/www.norn.is\/haukur\/heimssamband-verkafolks\/#breadcrumb","itemListElement":[{"@type":"ListItem","position":1,"name":"Home","item":"https:\/\/www.norn.is\/haukur\/"},{"@type":"ListItem","position":2,"name":"Heimssamband verkaf\u00f3lks"}]},{"@type":"WebSite","@id":"https:\/\/www.norn.is\/haukur\/#website","url":"https:\/\/www.norn.is\/haukur\/","name":"Leikmenn \u00e1n landam\u00e6ra","description":"","potentialAction":[{"@type":"SearchAction","target":{"@type":"EntryPoint","urlTemplate":"https:\/\/www.norn.is\/haukur\/?s={search_term_string}"},"query-input":{"@type":"PropertyValueSpecification","valueRequired":true,"valueName":"search_term_string"}}],"inLanguage":"is"},{"@type":"Person","@id":"https:\/\/www.norn.is\/haukur\/#\/schema\/person\/1d9742389918a297671033a2b53d3d34","name":"Eva Hauksd\u00f3ttir","url":"https:\/\/www.norn.is\/haukur\/author\/evahauks\/"}]}},"_links":{"self":[{"href":"https:\/\/www.norn.is\/haukur\/wp-json\/wp\/v2\/posts\/2422","targetHints":{"allow":["GET"]}}],"collection":[{"href":"https:\/\/www.norn.is\/haukur\/wp-json\/wp\/v2\/posts"}],"about":[{"href":"https:\/\/www.norn.is\/haukur\/wp-json\/wp\/v2\/types\/post"}],"author":[{"embeddable":true,"href":"https:\/\/www.norn.is\/haukur\/wp-json\/wp\/v2\/users\/7"}],"replies":[{"embeddable":true,"href":"https:\/\/www.norn.is\/haukur\/wp-json\/wp\/v2\/comments?post=2422"}],"version-history":[{"count":2,"href":"https:\/\/www.norn.is\/haukur\/wp-json\/wp\/v2\/posts\/2422\/revisions"}],"predecessor-version":[{"id":2603,"href":"https:\/\/www.norn.is\/haukur\/wp-json\/wp\/v2\/posts\/2422\/revisions\/2603"}],"wp:featuredmedia":[{"embeddable":true,"href":"https:\/\/www.norn.is\/haukur\/wp-json\/wp\/v2\/media\/1277"}],"wp:attachment":[{"href":"https:\/\/www.norn.is\/haukur\/wp-json\/wp\/v2\/media?parent=2422"}],"wp:term":[{"taxonomy":"category","embeddable":true,"href":"https:\/\/www.norn.is\/haukur\/wp-json\/wp\/v2\/categories?post=2422"},{"taxonomy":"post_tag","embeddable":true,"href":"https:\/\/www.norn.is\/haukur\/wp-json\/wp\/v2\/tags?post=2422"}],"curies":[{"name":"wp","href":"https:\/\/api.w.org\/{rel}","templated":true}]}}