{"id":225,"date":"2017-06-20T11:06:35","date_gmt":"2017-06-20T11:06:35","guid":{"rendered":"http:\/\/www.norn.is\/haukur\/?p=225"},"modified":"2021-03-09T22:55:31","modified_gmt":"2021-03-09T22:55:31","slug":"ad-gera-illt-verra-um-adgerdir-samtaka-hernadarandstaedinga-gegn-vopnaburdi-logreglu","status":"publish","type":"post","link":"https:\/\/www.norn.is\/haukur\/ad-gera-illt-verra-um-adgerdir-samtaka-hernadarandstaedinga-gegn-vopnaburdi-logreglu\/","title":{"rendered":"A\u00f0 gera illt verra"},"content":{"rendered":"\n<p>UM A\u00d0GER\u00d0IR SAMTAKA HERNA\u00d0ARANDST\u00c6\u00d0INGA GEGN VOPNABUR\u00d0I L\u00d6GREGLU<\/p>\n\n\n\n<p>\u00deegar \u00e9g var leitandi unglingur ger\u00f0i \u00e9g n\u00e6stum \u00fev\u00ed \u00fea\u00f0 glappaskot a\u00f0 ganga \u00ed Samt\u00f6k herna\u00f0arandst\u00e6\u00f0inga (SHA). \u00dea\u00f0 hef\u00f0u veri\u00f0 skiljanleg mist\u00f6k \u00ed lj\u00f3si \u00feess a\u00f0 varla var annan vettvang a\u00f0 finna fyrir and\u00f3f gegn NATO og str\u00ed\u00f0srekstri (str\u00ed\u00f0in \u00ed Afghanistan og \u00cdrak voru \u00fe\u00e1 n\u00fdhafin) \u2013 e\u00f0a stigvaxandi greddu \u00edslenska r\u00edkisins gagnvart herna\u00f0arhyggju.<\/p>\n\n\n\n<p>\u00cd gegnum t\u00ed\u00f0ina hef \u00e9g margoft s\u00f3tt m\u00f3tm\u00e6li samtakanna og innan \u00feeirra \u00e1 \u00e9g \u00e1g\u00e6tis kunningja, enda e\u00f0lilegt a\u00f0 \u00ed litlu landi ver\u00f0i samt\u00f6k sem helga sig afm\u00f6rku\u00f0um m\u00e1lsta\u00f0 lei\u00f0andi \u00ed almennum fj\u00f6ldasamkomum sem tengjast honum. \u00deetta eru yfirleitt fyrirfer\u00f0alitlar samkomur \u00fear sem gamlir vinstri sinnar \u00fejappa s\u00e9r saman um einfaldan m\u00e1lsta\u00f0, hlusta \u00e1 lei\u00f0toga sinn segja eitthva\u00f0 mann\u00fa\u00f0legt og fara heim \u201eme\u00f0 eplakinnar og g\u00f3\u00f0a samvisku\u201c eins og f\u00e9lagi \u00ed samt\u00f6kunum hefur or\u00f0a\u00f0 \u00fea\u00f0.<\/p>\n\n\n\n<p>Minna fer fyrir \u00feeirri r\u00f3tt\u00e6kni sem samt\u00f6kin ur\u00f0u upphaflega \u00feekkt fyrir. Ekki svo a\u00f0 skilja a\u00f0 \u00fea\u00f0 komi m\u00e9r beinl\u00ednis \u00e1 \u00f3vart. Vonbrig\u00f0i m\u00edn me\u00f0 SHA voru helsta \u00e1st\u00e6\u00f0a \u00feess a\u00f0 \u00e9g a\u00f0 gekk aldrei til li\u00f0s vi\u00f0 \u00feau og \u00ed sannleika sagt hefur umb\u00f3tasinnu\u00f0 og l\u00f6ghl\u00fd\u00f0in forysta \u00feeirra \u00feegar verst l\u00e6tur beinl\u00ednis teki\u00f0 \u00fe\u00e1tt \u00ed ofbeldi r\u00edkisins gegn fri\u00f0arakt\u00edfistum. Besta d\u00e6mi\u00f0 er hv\u00edt\u00fevottur \u00fe\u00e1verandi formanns SHA, Stef\u00e1ns P\u00e1lsonar \u00e1 l\u00f6greglunni eftir handt\u00f6kur og l\u00f6gregluofbeldi sem \u00e1tti s\u00e9r sta\u00f0 \u00ed m\u00f3tm\u00e6lum samtakanna gegn veislu fyrir gesti NATO-\u00feingsins, vi\u00f0 H\u00f3tel Nordica \u00feann 28. jan\u00faar 2009. \u00c1 sama augnabliki og forma\u00f0urinn kom fram \u00ed fj\u00f6lmi\u00f0lum og tala\u00f0i um m\u00f3tm\u00e6lin sem vel heppna\u00f0a a\u00f0ger\u00f0 var l\u00f6greglan a\u00f0 \u00fej\u00f6snast \u00e1 a\u00f0ger\u00f0arsinnum vi\u00f0 H\u00f3tel Nordica. S\u00ed\u00f0ar l\u00fdsti hinn sami forma\u00f0ur ofbeldinu sem aulaskap l\u00f6greglumanna sem v\u00e6ru yfirkeyr\u00f0ir af \u00fereytu. (N\u00e1nari l\u00fdsingu \u00e1 framg\u00f6ngu herna\u00f0arandst\u00e6\u00f0inga \u00ed \u00feeim m\u00f3tm\u00e6lum m\u00e1 lesa \u00e1 bls. 10-11 \u00ed Dagfara, 2. tbl. 2009.)<\/p>\n\n\n\n<p>Skortur samtakanna \u00e1 r\u00f3tt\u00e6kni og viljaleysi \u00feeirra til beinna a\u00f0ger\u00f0a hefur alla t\u00ed\u00f0 angra\u00f0 mig, s\u00e9rstaklega \u00ed lj\u00f3si \u00feess a\u00f0 f\u00e9lagsmenn eru duglegir vi\u00f0 a\u00f0 rifja upp forna fr\u00e6g\u00f0; Keflav\u00edkurg\u00f6ngur, innr\u00e1sir \u00ed herst\u00f6\u00f0ina og \u00f3eir\u00f0ir \u00e1 Austurvelli.<\/p>\n\n\n\n<p>Engu a\u00f0 s\u00ed\u00f0ur hefur asninn hann \u00e9g aldrei alveg l\u00e1ti\u00f0 af samskiptum m\u00ednum vi\u00f0 samt\u00f6kin og einhvern t\u00edmann asna\u00f0ist \u00e9g meira a\u00f0 segja til \u00feess a\u00f0 skr\u00e1 mig \u00e1 p\u00f3stlista \u00feeirra. \u00c6 s\u00ed\u00f0an hef \u00e9g m\u00e1tt hafa mig allan vi\u00f0 a\u00f0 ey\u00f0a tilkynningum \u00feeirra \u00far p\u00f3sth\u00f3lfinu, en fyrirfer\u00f0amestar eru augl\u00fdsingar um fj\u00e1r\u00f6flunarkv\u00f6ldver\u00f0i og a\u00f0rar huggulegheitasamkomur, sem vir\u00f0ast a\u00f0 mestu hafa leyst af h\u00f3lmi p\u00f3lit\u00edskt starf \u00feeirra.<\/p>\n\n\n\n<p>\u00dea\u00f0 var ekki fyrr en \u00feann 16. j\u00fan\u00ed s\u00ed\u00f0astli\u00f0inn a\u00f0 m\u00e9r ofbau\u00f0 endanlega \u00feegar m\u00e9r barst eftirfarandi tilkynningu \u00ed t\u00f6lvup\u00f3sti:<\/p>\n\n\n\n<p class=\"has-text-color has-background has-medium-font-size\" style=\"background-color:#e9ecef;color:#063c53\"><em>K\u00e6ri herna\u00f0arandst\u00e6\u00f0ingur<\/em><br><br><em>Vegna umr\u00e6\u00f0u um vopnabur\u00f0 l\u00f6greglu \u00e1 fj\u00f6lmennum samkomum l\u00fdsa Samt\u00f6k herna\u00f0arandst\u00e6\u00f0inga yfir stofnun vopnlauss sv\u00e6\u00f0is a\u00f0 Su\u00f0urg\u00f6tu 3 (h\u00fasn\u00e6\u00f0i Samtakanna 78) a\u00f0 morgni \u00fej\u00f3\u00f0h\u00e1t\u00ed\u00f0ardagsins.<\/em><br><br><em>Bar\u00e1ttukonan Birna \u00de\u00f3r\u00f0ard\u00f3ttir og \u00feingkonurnar Steinunn \u00de\u00f3ra \u00c1rnad\u00f3ttir og \u00de\u00f3rhildur Sunna \u00c6varsd\u00f3ttir flytja stutt \u00e1v\u00f6rp.<\/em><br><br><em>Svavar Kn\u00fatur tekur lagi\u00f0.<\/em><br><br><em>Heitt \u00e1 k\u00f6nnunni. Barmmerkjasmi\u00f0ja og \u00f6nnur skemmtiatri\u00f0i.<\/em><\/p>\n\n\n\n<p><\/p>\n\n\n\n<h3 class=\"wp-block-heading\">Svar mitt vi\u00f0 skemmtidagskr\u00e1nni<\/h3>\n\n\n\n<p>\u00dear sem \u00e9g er staddur erlendis haf\u00f0i \u00e9g engin t\u00e6kif\u00e6ri til \u00feess a\u00f0 m\u00e6ta \u00e1 sv\u00e6\u00f0i\u00f0 og gagnr\u00fdna \u00feessi \u00f6murlegu vi\u00f0br\u00f6g\u00f0 vi\u00f0 vopnv\u00e6\u00f0ingu r\u00edkisvaldsins af h\u00e1lfu samtaka sem bera p\u00f3lit\u00edska \u00e1byrg\u00f0 sem lei\u00f0andi afl \u00ed andst\u00f6\u00f0u vi\u00f0 herna\u00f0 \u00e1 \u00cdslandi.&nbsp; \u00c9g skrifa\u00f0i \u00fev\u00ed svarbr\u00e9f sem \u00e9g vona\u00f0ist til a\u00f0 yr\u00f0i lesi\u00f0 upp \u00e1 samkomunni en \u00fear sem \u00e9g hef engin vi\u00f0br\u00f6g\u00f0 fengi\u00f0 fr\u00e1 SHA finnst m\u00e9r r\u00e9tt a\u00f0 koma gagnr\u00fdni minni \u00e1 framf\u00e6ri \u00e1 opinberum vettvangi. Svar mitt var \u00e1 \u00feessa lei\u00f0:<\/p>\n\n\n\n<p>Leyfist m\u00e9r a\u00f0 spyrja hvers vegna \u00fei\u00f0 l\u00e1ti\u00f0 \u00feetta yfir ykkur ganga \u00ed sta\u00f0 \u00feess a\u00f0 gr\u00edpa til a\u00f0ger\u00f0a? Finnst ykkur \u00ed alv\u00f6ru formandi a\u00f0 horfa upp \u00e1 \u00feessa \u00fer\u00f3un \u00e1n \u00feess a\u00f0 hefja rasskinnarnar upp af kaffiblettu\u00f0um h\u00e6gindast\u00f3lnum og \u00feurka meinleysislegt SHA glotti\u00f0 af smettinu? \u00dea\u00f0 hl\u00fdtur a\u00f0 teljast l\u00e1gmark a\u00f0 fri\u00f0arhreyfing \u00ed herlausu landi beiti s\u00e9r a\u00f0eins \u00feegar vopnu\u00f0 l\u00f6gregla (r\u00e9ttl\u00e6tt me\u00f0 rasisma) er kynnt til leiks sem e\u00f0lilegur hluti af fj\u00f6lskylduskemmtun \u00ed mi\u00f0b\u00e6num.<\/p>\n\n\n\n<p>Stundum er sagt a\u00f0 hvert l\u00edti\u00f0 telji, en a\u00f0 leyfa s\u00e9r a\u00f0 bj\u00f3\u00f0a \u00e1standinu ekki byrginn me\u00f0 neinum h\u00e6tti (\u00fe\u00f3tt ekki v\u00e6ri nema me\u00f0 hef\u00f0bundnum, l\u00edtilfj\u00f6rlegum og t\u00e1knr\u00e6num a\u00f0ger\u00f0um) hl\u00fdtur a\u00f0 vinna gegn markmi\u00f0um fri\u00f0arhreyfingarinnar en ekki me\u00f0 \u00feeim.<\/p>\n\n\n\n<p>\u00deegar r\u00edkisvaldi\u00f0 hefur efnt til vopna\u00f0s eftirlits \u00e1 g\u00f6tum \u00fati ver\u00f0ur hreyfingin a\u00f0 \u00fatv\u00edkka skilning sinn \u00e1 \u00fev\u00ed hva\u00f0 teljist fri\u00f0samlegt og hva\u00f0 teljist til l\u00e1gmarks p\u00f3lit\u00edskrar \u00fe\u00e1ttt\u00f6ku. \u00dea\u00f0 v\u00e6ri t.d. fullkomlega fri\u00f0samleg a\u00f0ger\u00f0 a\u00f0 b\u00eda valdn\u00ed\u00f0ingana \u00fat \u00ed gr\u00fat og \u00f6\u00f0rum vi\u00f0bj\u00f3\u00f0i, jafnvel \u00fe\u00f3tt ekki v\u00e6ri til annars en a\u00f0 f\u00f3lk hef\u00f0i betri tilfinningu fyrir \u00fev\u00ed hvar \u00feeir v\u00e6ru staddir og g\u00e6ti vara\u00f0 sig \u00e1 \u00feeim.<\/p>\n\n\n\n<div class=\"wp-block-image\"><figure class=\"aligncenter\"><a href=\"http:\/\/www.norn.is\/haukur\/wp-content\/uploads\/sites\/19\/2017\/06\/suurgata-3.png\"><img loading=\"lazy\" decoding=\"async\" width=\"754\" height=\"456\" src=\"http:\/\/www.norn.is\/haukur\/wp-content\/uploads\/sites\/19\/2017\/06\/suurgata-3.png\" alt=\"\" class=\"wp-image-300\" srcset=\"https:\/\/www.norn.is\/haukur\/wp-content\/uploads\/sites\/19\/2017\/06\/suurgata-3.png 754w, https:\/\/www.norn.is\/haukur\/wp-content\/uploads\/sites\/19\/2017\/06\/suurgata-3-300x181.png 300w, https:\/\/www.norn.is\/haukur\/wp-content\/uploads\/sites\/19\/2017\/06\/suurgata-3-496x300.png 496w\" sizes=\"auto, (max-width: 754px) 100vw, 754px\" \/><\/a><figcaption>A\u00f0ger\u00f0ir Samtaka herna\u00f0arandst\u00e6\u00f0inga gegn vopnv\u00e6\u00f0ingu l\u00f6greglu f\u00f3lust \u00ed vopnlausu sv\u00e6\u00f0i \u00e1 Su\u00f0urg\u00f6tunni<\/figcaption><\/figure><\/div>\n\n\n\n<p>Einnig m\u00e6tti gera hr\u00f3p a\u00f0 \u00feeim, \u00e1skilja s\u00e9r r\u00e9tt til a\u00f0 bera sj\u00e1lfur vopn, efna til kr\u00f6ftugra m\u00f3tm\u00e6la, yfirtaka stj\u00f3rns\u00fdslubyggingar, storma l\u00f6greglust\u00f6\u00f0ina, veitast a\u00f0 r\u00edkisstj\u00f3rninni e\u00f0a me\u00f0 einhverjum h\u00e6tti s\u00fdna \u00fea\u00f0 \u00ed verki a\u00f0 \u00feetta s\u00e9 ekki \u00ed bo\u00f0i. Ekkert af \u00feessu er s\u00e9rlega frumlegt e\u00f0a st\u00f3rkostlegt, en allt er \u00feetta betur til \u00feess falli\u00f0 a\u00f0 breg\u00f0ast me\u00f0 sk\u00fdrum h\u00e6tti vi\u00f0 \u00feessari n\u00fdju \u00fer\u00f3un heldur en a\u00f0 halda enn&nbsp;eitt jarmandi kaffisams\u00e6ti\u00f0.<\/p>\n\n\n\n<p>Ekki koma aftur me\u00f0 g\u00f6mlu \u00feuluna um a\u00f0 \u00fea\u00f0 s\u00e9 \u00f3m\u00f6gulegt a\u00f0 taka \u00f3spektir alvarlega og a\u00f0 alv\u00f6ru akt\u00edfismi krefjist yfirvegunar. Allir \u00feekkja bl\u00e6ti SHA fyrir \u00feeim f\u00e1u \u00e1t\u00f6kum sem aldnir f\u00e9lagar ykkar \u00fe\u00f3 t\u00f3ku \u00fe\u00e1tt \u00ed \u00e1\u00f0ur en hryggjarstykki\u00f0 ko\u00f0na\u00f0i ni\u00f0ur af notkunarleysi og r\u00f3tt\u00e6kni tungunnar var\u00f0 a\u00f0 hj\u00e1k\u00e1tlegum aulabrandara.<\/p>\n\n\n\n<p>\u00der\u00e6larnir ver\u00f0a komnir me\u00f0 v\u00e9lbyssur \u00e1 hvert rei\u00f0hj\u00f3l \u00e1\u00f0ur en \u00fei\u00f0 l\u00e1ti\u00f0 ykkur detta \u00ed hug \u00edbyggi\u00f0, beint inngrip og safni\u00f0 kjarki til a\u00f0 l\u00e1ta va\u00f0a.<\/p>\n\n\n\n<p>\u00dea\u00f0 er \u00f6murlegt a\u00f0 fylgjast me\u00f0 v\u00e6ruk\u00e6r\u00f0 og m\u00e1ttleysi \u00feessara \u00e1g\u00e6tu samtaka og leitun a\u00f0 veiklulegri vi\u00f0br\u00f6g\u00f0um en a\u00f0 draga sig bara inn \u00ed f\u00e9lagsmi\u00f0st\u00f6\u00f0 til \u00feess a\u00f0 hlusta \u00e1 kr\u00fattlegt g\u00edtarspil. Ekki veit \u00e9g hvort n\u00e6r s\u00e9 a\u00f0 skrifa \u00feessi vi\u00f0br\u00f6g\u00f0 \u00e1 heigulsh\u00e1tt, hugmyndaskort e\u00f0a hreinr\u00e6kta\u00f0a \u00fej\u00f3\u00f0ernishyggju en v\u00edst er a\u00f0 SHA eru \u00f3f\u00e6r um a\u00f0 s\u00fdna m\u00f3tspyrnu, hva\u00f0 \u00fe\u00e1 a\u00f0 \u00edmynda s\u00e9r e\u00f0a benda \u00e1 tr\u00faver\u00f0uga valm\u00f6guleika vi\u00f0 r\u00edkjandi og versnandi \u00e1stand \u00ed fri\u00f0ar- og valdn\u00ed\u00f0slum\u00e1lum.<\/p>\n\n\n\n<p>\u00dej\u00f3\u00f0h\u00e1t\u00ed\u00f0ardagurinn er afm\u00e6lisdagur \u00edslenska r\u00edkisins \u00ed n\u00faverandi mynd og l\u00f6greglan er framv\u00f6r\u00f0ur \u00feess r\u00edkis. Henni er a\u00f0 sj\u00e1lfs\u00f6g\u00f0u \u00ed sj\u00e1lfvald sett hvernig h\u00fan gengur fram og ekkert anna\u00f0 en st\u00f6\u00f0ugur \u00fer\u00fdstingur utan stj\u00f3rnkerfisins getur haldi\u00f0 henni \u00e1 mottunni.<\/p>\n\n\n\n<p>Elstu m\u00f3tm\u00e6lahreyfingar landsins hlj\u00f3ta a\u00f0 taka \u00e1byrg\u00f0 \u00e1 \u00fev\u00ed a\u00f0 hafa leyft \u00e1standinu a\u00f0 \u00fer\u00f3ast \u00ed \u00fe\u00e1 \u00e1tt sem \u00fea\u00f0 hefur gert. S\u00e9rstaklega me\u00f0 hli\u00f0sj\u00f3n af \u00fev\u00ed a\u00f0 \u00fe\u00e6r hafa, \u00ed samanbur\u00f0i vi\u00f0 \u00fe\u00e6r \u00fej\u00f3\u00f0ir og hreyfingar sem \u00fe\u00e6r l\u00fdsa samst\u00f6\u00f0u me\u00f0, hvorki m\u00e1tt \u00feola \u00e1reitni n\u00e9 f\u00e6rt teljandi f\u00f3rnir til \u00feess a\u00f0 b\u00faa vi\u00f0 \u00fe\u00e6gilegasta \u00e1stand sem \u201er\u00f3tt\u00e6kt vinstri\u201c hefur \u00feekkt fr\u00e1 upphafi vega. \u00deeim ber a\u00f0 vi\u00f0urkenna vanh\u00e6fni s\u00edna og \u00e1hugaleysi \u2013&nbsp;og sleppa \u00fev\u00ed a\u00f0 taka, \u00e1 sinn fyrirlitlega h\u00e1tt, virkan \u00fe\u00e1tt \u00ed fas\u00edskasta h\u00e1t\u00ed\u00f0ardegi \u00e1rsins. S\u00e9u samt\u00f6kin \u00feess ekki megnug, eiga \u00feau a\u00f0 sj\u00e1 s\u00f3ma sinn \u00ed \u00fev\u00ed a\u00f0 \u00feegja.<\/p>\n\n\n\n<p>\u00cd samhengi morgundagsins er kump\u00e1nleg k\u00f3s\u00edsamkoma fyrir fri\u00f0arsinna verri en ekki neitt, \u00fear sem h\u00fan hreinlega \u00fatv\u00edkkar m\u00f6guleika&nbsp;vinstrisins \u00e1 \u00fev\u00ed a\u00f0 s\u00e6tta sig vi\u00f0 \u00e1standi\u00f0 og l\u00e1ta eins og \u00fea\u00f0 beri enga \u00e1byrg\u00f0.<\/p>\n\n\n\n<p>Vei \u00feeim sem sni\u00f0u \u00feessa \u00e1\u00e6tlun og hafi gestir \u00feeirra sk\u00f6mm fyrir a\u00f0 l\u00e1ta sj\u00e1 sig \u00ed h\u00fasakynnum Samtakanna 78 \u00feann 17. j\u00fan\u00ed.<\/p>\n\n\n\n<p>\u00c9g fer \u00feess \u00e1 leit a\u00f0 \u00feetta erindi ver\u00f0i lesi\u00f0 upph\u00e1tt fyrir h\u00e1t\u00ed\u00f0argesti, t.d. \u00e1 milli \u00feess sem \u00feingkonurnar tala og tr\u00fabadorinn syngur. A\u00f0 lokum \u00f3ska \u00e9g \u00cdslendingum til hamingju me\u00f0 a\u00f0 vera einu skrefi n\u00e6r \u00fev\u00ed a\u00f0 b\u00faa \u00ed n\u00fat\u00edmalegu, vopnu\u00f0u l\u00f6greglur\u00edki \u2013&nbsp;til \u00feess hafa \u00feeir svo sannarlega unni\u00f0.<\/p>\n\n\n\n<p>Kve\u00f0ja<br>Haukur<\/p>\n\n\n\n<p class=\"has-text-align-right\"><em>Fyrst birt \u00e1 Kvennabla\u00f0inu<\/em><\/p>\n","protected":false},"excerpt":{"rendered":"<p>UM A\u00d0GER\u00d0IR SAMTAKA HERNA\u00d0ARANDST\u00c6\u00d0INGA GEGN VOPNABUR\u00d0I L\u00d6GREGLU \u00deegar \u00e9g var leitandi unglingur ger\u00f0i \u00e9g n\u00e6stum \u00fev\u00ed \u00fea\u00f0 glappaskot a\u00f0 ganga \u00ed Samt\u00f6k herna\u00f0arandst\u00e6\u00f0inga (SHA). \u00dea\u00f0 hef\u00f0u veri\u00f0 skiljanleg mist\u00f6k \u00ed lj\u00f3si \u00feess a\u00f0 varla var annan vettvang a\u00f0 finna fyrir and\u00f3f gegn NATO og str\u00ed\u00f0srekstri (str\u00ed\u00f0in \u00ed Afghanistan og \u00cdrak voru \u00fe\u00e1 n\u00fdhafin) \u2013 e\u00f0a [&hellip;]<\/p>\n","protected":false},"author":9,"featured_media":298,"comment_status":"closed","ping_status":"closed","sticky":false,"template":"","format":"standard","meta":{"_et_pb_use_builder":"","_et_pb_old_content":"","_et_gb_content_width":"","footnotes":""},"categories":[1,17,5],"tags":[21,30,31],"class_list":["post-225","post","type-post","status-publish","format-standard","has-post-thumbnail","hentry","category-allt-efni","category-greinar","category-skrif-hauks","tag-kvennabladid","tag-samtok-hernadarandstaedinga","tag-vopnvaeding-logreglu","et-has-post-format-content","et_post_format-et-post-format-standard"],"yoast_head":"<!-- This site is optimized with the Yoast SEO plugin v27.5 - https:\/\/yoast.com\/product\/yoast-seo-wordpress\/ -->\n<title>A\u00f0 gera illt verra - Leikmenn \u00e1n landam\u00e6ra<\/title>\n<meta name=\"robots\" content=\"index, follow, max-snippet:-1, max-image-preview:large, max-video-preview:-1\" \/>\n<link rel=\"canonical\" href=\"https:\/\/www.norn.is\/haukur\/ad-gera-illt-verra-um-adgerdir-samtaka-hernadarandstaedinga-gegn-vopnaburdi-logreglu\/\" \/>\n<meta property=\"og:locale\" content=\"is_IS\" \/>\n<meta property=\"og:type\" content=\"article\" \/>\n<meta property=\"og:title\" content=\"A\u00f0 gera illt verra - Leikmenn \u00e1n landam\u00e6ra\" \/>\n<meta property=\"og:description\" content=\"UM A\u00d0GER\u00d0IR SAMTAKA HERNA\u00d0ARANDST\u00c6\u00d0INGA GEGN VOPNABUR\u00d0I L\u00d6GREGLU \u00deegar \u00e9g var leitandi unglingur ger\u00f0i \u00e9g n\u00e6stum \u00fev\u00ed \u00fea\u00f0 glappaskot a\u00f0 ganga \u00ed Samt\u00f6k herna\u00f0arandst\u00e6\u00f0inga (SHA). \u00dea\u00f0 hef\u00f0u veri\u00f0 skiljanleg mist\u00f6k \u00ed lj\u00f3si \u00feess a\u00f0 varla var annan vettvang a\u00f0 finna fyrir and\u00f3f gegn NATO og str\u00ed\u00f0srekstri (str\u00ed\u00f0in \u00ed Afghanistan og \u00cdrak voru \u00fe\u00e1 n\u00fdhafin) \u2013 e\u00f0a [&hellip;]\" \/>\n<meta property=\"og:url\" content=\"https:\/\/www.norn.is\/haukur\/ad-gera-illt-verra-um-adgerdir-samtaka-hernadarandstaedinga-gegn-vopnaburdi-logreglu\/\" \/>\n<meta property=\"og:site_name\" content=\"Leikmenn \u00e1n landam\u00e6ra\" \/>\n<meta property=\"article:published_time\" content=\"2017-06-20T11:06:35+00:00\" \/>\n<meta property=\"article:modified_time\" content=\"2021-03-09T22:55:31+00:00\" \/>\n<meta property=\"og:image\" content=\"https:\/\/www.norn.is\/haukur\/wp-content\/uploads\/sites\/19\/2017\/06\/sh-skemmtiatrii-688x451.png\" \/>\n\t<meta property=\"og:image:width\" content=\"688\" \/>\n\t<meta property=\"og:image:height\" content=\"451\" \/>\n\t<meta property=\"og:image:type\" content=\"image\/png\" \/>\n<meta name=\"author\" content=\"hulla\" \/>\n<meta name=\"twitter:card\" content=\"summary_large_image\" \/>\n<meta name=\"twitter:label1\" content=\"Written by\" \/>\n\t<meta name=\"twitter:data1\" content=\"hulla\" \/>\n\t<meta name=\"twitter:label2\" content=\"Est. reading time\" \/>\n\t<meta name=\"twitter:data2\" content=\"6 minutes\" \/>\n<script type=\"application\/ld+json\" class=\"yoast-schema-graph\">{\"@context\":\"https:\\\/\\\/schema.org\",\"@graph\":[{\"@type\":\"Article\",\"@id\":\"https:\\\/\\\/www.norn.is\\\/haukur\\\/ad-gera-illt-verra-um-adgerdir-samtaka-hernadarandstaedinga-gegn-vopnaburdi-logreglu\\\/#article\",\"isPartOf\":{\"@id\":\"https:\\\/\\\/www.norn.is\\\/haukur\\\/ad-gera-illt-verra-um-adgerdir-samtaka-hernadarandstaedinga-gegn-vopnaburdi-logreglu\\\/\"},\"author\":{\"name\":\"hulla\",\"@id\":\"https:\\\/\\\/www.norn.is\\\/haukur\\\/#\\\/schema\\\/person\\\/404de4e4192491c7c94aca95bfd71ea3\"},\"headline\":\"A\u00f0 gera illt verra\",\"datePublished\":\"2017-06-20T11:06:35+00:00\",\"dateModified\":\"2021-03-09T22:55:31+00:00\",\"mainEntityOfPage\":{\"@id\":\"https:\\\/\\\/www.norn.is\\\/haukur\\\/ad-gera-illt-verra-um-adgerdir-samtaka-hernadarandstaedinga-gegn-vopnaburdi-logreglu\\\/\"},\"wordCount\":1570,\"image\":{\"@id\":\"https:\\\/\\\/www.norn.is\\\/haukur\\\/ad-gera-illt-verra-um-adgerdir-samtaka-hernadarandstaedinga-gegn-vopnaburdi-logreglu\\\/#primaryimage\"},\"thumbnailUrl\":\"https:\\\/\\\/www.norn.is\\\/haukur\\\/wp-content\\\/uploads\\\/sites\\\/19\\\/2017\\\/06\\\/sh-skemmtiatrii-688x451.png\",\"keywords\":[\"Kvennabla\u00f0i\u00f0\",\"Samt\u00f6k Herna\u00f0arandst\u00e6\u00f0inga\",\"vopnv\u00e6\u00f0ing l\u00f6greglu\"],\"articleSection\":[\"Allt efni\",\"Greinar\",\"Skrif Hauks\"],\"inLanguage\":\"is\"},{\"@type\":\"WebPage\",\"@id\":\"https:\\\/\\\/www.norn.is\\\/haukur\\\/ad-gera-illt-verra-um-adgerdir-samtaka-hernadarandstaedinga-gegn-vopnaburdi-logreglu\\\/\",\"url\":\"https:\\\/\\\/www.norn.is\\\/haukur\\\/ad-gera-illt-verra-um-adgerdir-samtaka-hernadarandstaedinga-gegn-vopnaburdi-logreglu\\\/\",\"name\":\"A\u00f0 gera illt verra - Leikmenn \u00e1n landam\u00e6ra\",\"isPartOf\":{\"@id\":\"https:\\\/\\\/www.norn.is\\\/haukur\\\/#website\"},\"primaryImageOfPage\":{\"@id\":\"https:\\\/\\\/www.norn.is\\\/haukur\\\/ad-gera-illt-verra-um-adgerdir-samtaka-hernadarandstaedinga-gegn-vopnaburdi-logreglu\\\/#primaryimage\"},\"image\":{\"@id\":\"https:\\\/\\\/www.norn.is\\\/haukur\\\/ad-gera-illt-verra-um-adgerdir-samtaka-hernadarandstaedinga-gegn-vopnaburdi-logreglu\\\/#primaryimage\"},\"thumbnailUrl\":\"https:\\\/\\\/www.norn.is\\\/haukur\\\/wp-content\\\/uploads\\\/sites\\\/19\\\/2017\\\/06\\\/sh-skemmtiatrii-688x451.png\",\"datePublished\":\"2017-06-20T11:06:35+00:00\",\"dateModified\":\"2021-03-09T22:55:31+00:00\",\"author\":{\"@id\":\"https:\\\/\\\/www.norn.is\\\/haukur\\\/#\\\/schema\\\/person\\\/404de4e4192491c7c94aca95bfd71ea3\"},\"breadcrumb\":{\"@id\":\"https:\\\/\\\/www.norn.is\\\/haukur\\\/ad-gera-illt-verra-um-adgerdir-samtaka-hernadarandstaedinga-gegn-vopnaburdi-logreglu\\\/#breadcrumb\"},\"inLanguage\":\"is\",\"potentialAction\":[{\"@type\":\"ReadAction\",\"target\":[\"https:\\\/\\\/www.norn.is\\\/haukur\\\/ad-gera-illt-verra-um-adgerdir-samtaka-hernadarandstaedinga-gegn-vopnaburdi-logreglu\\\/\"]}]},{\"@type\":\"ImageObject\",\"inLanguage\":\"is\",\"@id\":\"https:\\\/\\\/www.norn.is\\\/haukur\\\/ad-gera-illt-verra-um-adgerdir-samtaka-hernadarandstaedinga-gegn-vopnaburdi-logreglu\\\/#primaryimage\",\"url\":\"https:\\\/\\\/www.norn.is\\\/haukur\\\/wp-content\\\/uploads\\\/sites\\\/19\\\/2017\\\/06\\\/sh-skemmtiatrii-688x451.png\",\"contentUrl\":\"https:\\\/\\\/www.norn.is\\\/haukur\\\/wp-content\\\/uploads\\\/sites\\\/19\\\/2017\\\/06\\\/sh-skemmtiatrii-688x451.png\",\"width\":688,\"height\":451},{\"@type\":\"BreadcrumbList\",\"@id\":\"https:\\\/\\\/www.norn.is\\\/haukur\\\/ad-gera-illt-verra-um-adgerdir-samtaka-hernadarandstaedinga-gegn-vopnaburdi-logreglu\\\/#breadcrumb\",\"itemListElement\":[{\"@type\":\"ListItem\",\"position\":1,\"name\":\"Home\",\"item\":\"https:\\\/\\\/www.norn.is\\\/haukur\\\/\"},{\"@type\":\"ListItem\",\"position\":2,\"name\":\"A\u00f0 gera illt verra\"}]},{\"@type\":\"WebSite\",\"@id\":\"https:\\\/\\\/www.norn.is\\\/haukur\\\/#website\",\"url\":\"https:\\\/\\\/www.norn.is\\\/haukur\\\/\",\"name\":\"Leikmenn \u00e1n landam\u00e6ra\",\"description\":\"\",\"potentialAction\":[{\"@type\":\"SearchAction\",\"target\":{\"@type\":\"EntryPoint\",\"urlTemplate\":\"https:\\\/\\\/www.norn.is\\\/haukur\\\/?s={search_term_string}\"},\"query-input\":{\"@type\":\"PropertyValueSpecification\",\"valueRequired\":true,\"valueName\":\"search_term_string\"}}],\"inLanguage\":\"is\"},{\"@type\":\"Person\",\"@id\":\"https:\\\/\\\/www.norn.is\\\/haukur\\\/#\\\/schema\\\/person\\\/404de4e4192491c7c94aca95bfd71ea3\",\"name\":\"hulla\",\"url\":\"https:\\\/\\\/www.norn.is\\\/haukur\\\/author\\\/hulla\\\/\"}]}<\/script>\n<!-- \/ Yoast SEO plugin. -->","yoast_head_json":{"title":"A\u00f0 gera illt verra - Leikmenn \u00e1n landam\u00e6ra","robots":{"index":"index","follow":"follow","max-snippet":"max-snippet:-1","max-image-preview":"max-image-preview:large","max-video-preview":"max-video-preview:-1"},"canonical":"https:\/\/www.norn.is\/haukur\/ad-gera-illt-verra-um-adgerdir-samtaka-hernadarandstaedinga-gegn-vopnaburdi-logreglu\/","og_locale":"is_IS","og_type":"article","og_title":"A\u00f0 gera illt verra - Leikmenn \u00e1n landam\u00e6ra","og_description":"UM A\u00d0GER\u00d0IR SAMTAKA HERNA\u00d0ARANDST\u00c6\u00d0INGA GEGN VOPNABUR\u00d0I L\u00d6GREGLU \u00deegar \u00e9g var leitandi unglingur ger\u00f0i \u00e9g n\u00e6stum \u00fev\u00ed \u00fea\u00f0 glappaskot a\u00f0 ganga \u00ed Samt\u00f6k herna\u00f0arandst\u00e6\u00f0inga (SHA). \u00dea\u00f0 hef\u00f0u veri\u00f0 skiljanleg mist\u00f6k \u00ed lj\u00f3si \u00feess a\u00f0 varla var annan vettvang a\u00f0 finna fyrir and\u00f3f gegn NATO og str\u00ed\u00f0srekstri (str\u00ed\u00f0in \u00ed Afghanistan og \u00cdrak voru \u00fe\u00e1 n\u00fdhafin) \u2013 e\u00f0a [&hellip;]","og_url":"https:\/\/www.norn.is\/haukur\/ad-gera-illt-verra-um-adgerdir-samtaka-hernadarandstaedinga-gegn-vopnaburdi-logreglu\/","og_site_name":"Leikmenn \u00e1n landam\u00e6ra","article_published_time":"2017-06-20T11:06:35+00:00","article_modified_time":"2021-03-09T22:55:31+00:00","og_image":[{"width":688,"height":451,"url":"https:\/\/www.norn.is\/haukur\/wp-content\/uploads\/sites\/19\/2017\/06\/sh-skemmtiatrii-688x451.png","type":"image\/png"}],"author":"hulla","twitter_card":"summary_large_image","twitter_misc":{"Written by":"hulla","Est. reading time":"6 minutes"},"schema":{"@context":"https:\/\/schema.org","@graph":[{"@type":"Article","@id":"https:\/\/www.norn.is\/haukur\/ad-gera-illt-verra-um-adgerdir-samtaka-hernadarandstaedinga-gegn-vopnaburdi-logreglu\/#article","isPartOf":{"@id":"https:\/\/www.norn.is\/haukur\/ad-gera-illt-verra-um-adgerdir-samtaka-hernadarandstaedinga-gegn-vopnaburdi-logreglu\/"},"author":{"name":"hulla","@id":"https:\/\/www.norn.is\/haukur\/#\/schema\/person\/404de4e4192491c7c94aca95bfd71ea3"},"headline":"A\u00f0 gera illt verra","datePublished":"2017-06-20T11:06:35+00:00","dateModified":"2021-03-09T22:55:31+00:00","mainEntityOfPage":{"@id":"https:\/\/www.norn.is\/haukur\/ad-gera-illt-verra-um-adgerdir-samtaka-hernadarandstaedinga-gegn-vopnaburdi-logreglu\/"},"wordCount":1570,"image":{"@id":"https:\/\/www.norn.is\/haukur\/ad-gera-illt-verra-um-adgerdir-samtaka-hernadarandstaedinga-gegn-vopnaburdi-logreglu\/#primaryimage"},"thumbnailUrl":"https:\/\/www.norn.is\/haukur\/wp-content\/uploads\/sites\/19\/2017\/06\/sh-skemmtiatrii-688x451.png","keywords":["Kvennabla\u00f0i\u00f0","Samt\u00f6k Herna\u00f0arandst\u00e6\u00f0inga","vopnv\u00e6\u00f0ing l\u00f6greglu"],"articleSection":["Allt efni","Greinar","Skrif Hauks"],"inLanguage":"is"},{"@type":"WebPage","@id":"https:\/\/www.norn.is\/haukur\/ad-gera-illt-verra-um-adgerdir-samtaka-hernadarandstaedinga-gegn-vopnaburdi-logreglu\/","url":"https:\/\/www.norn.is\/haukur\/ad-gera-illt-verra-um-adgerdir-samtaka-hernadarandstaedinga-gegn-vopnaburdi-logreglu\/","name":"A\u00f0 gera illt verra - Leikmenn \u00e1n landam\u00e6ra","isPartOf":{"@id":"https:\/\/www.norn.is\/haukur\/#website"},"primaryImageOfPage":{"@id":"https:\/\/www.norn.is\/haukur\/ad-gera-illt-verra-um-adgerdir-samtaka-hernadarandstaedinga-gegn-vopnaburdi-logreglu\/#primaryimage"},"image":{"@id":"https:\/\/www.norn.is\/haukur\/ad-gera-illt-verra-um-adgerdir-samtaka-hernadarandstaedinga-gegn-vopnaburdi-logreglu\/#primaryimage"},"thumbnailUrl":"https:\/\/www.norn.is\/haukur\/wp-content\/uploads\/sites\/19\/2017\/06\/sh-skemmtiatrii-688x451.png","datePublished":"2017-06-20T11:06:35+00:00","dateModified":"2021-03-09T22:55:31+00:00","author":{"@id":"https:\/\/www.norn.is\/haukur\/#\/schema\/person\/404de4e4192491c7c94aca95bfd71ea3"},"breadcrumb":{"@id":"https:\/\/www.norn.is\/haukur\/ad-gera-illt-verra-um-adgerdir-samtaka-hernadarandstaedinga-gegn-vopnaburdi-logreglu\/#breadcrumb"},"inLanguage":"is","potentialAction":[{"@type":"ReadAction","target":["https:\/\/www.norn.is\/haukur\/ad-gera-illt-verra-um-adgerdir-samtaka-hernadarandstaedinga-gegn-vopnaburdi-logreglu\/"]}]},{"@type":"ImageObject","inLanguage":"is","@id":"https:\/\/www.norn.is\/haukur\/ad-gera-illt-verra-um-adgerdir-samtaka-hernadarandstaedinga-gegn-vopnaburdi-logreglu\/#primaryimage","url":"https:\/\/www.norn.is\/haukur\/wp-content\/uploads\/sites\/19\/2017\/06\/sh-skemmtiatrii-688x451.png","contentUrl":"https:\/\/www.norn.is\/haukur\/wp-content\/uploads\/sites\/19\/2017\/06\/sh-skemmtiatrii-688x451.png","width":688,"height":451},{"@type":"BreadcrumbList","@id":"https:\/\/www.norn.is\/haukur\/ad-gera-illt-verra-um-adgerdir-samtaka-hernadarandstaedinga-gegn-vopnaburdi-logreglu\/#breadcrumb","itemListElement":[{"@type":"ListItem","position":1,"name":"Home","item":"https:\/\/www.norn.is\/haukur\/"},{"@type":"ListItem","position":2,"name":"A\u00f0 gera illt verra"}]},{"@type":"WebSite","@id":"https:\/\/www.norn.is\/haukur\/#website","url":"https:\/\/www.norn.is\/haukur\/","name":"Leikmenn \u00e1n landam\u00e6ra","description":"","potentialAction":[{"@type":"SearchAction","target":{"@type":"EntryPoint","urlTemplate":"https:\/\/www.norn.is\/haukur\/?s={search_term_string}"},"query-input":{"@type":"PropertyValueSpecification","valueRequired":true,"valueName":"search_term_string"}}],"inLanguage":"is"},{"@type":"Person","@id":"https:\/\/www.norn.is\/haukur\/#\/schema\/person\/404de4e4192491c7c94aca95bfd71ea3","name":"hulla","url":"https:\/\/www.norn.is\/haukur\/author\/hulla\/"}]}},"_links":{"self":[{"href":"https:\/\/www.norn.is\/haukur\/wp-json\/wp\/v2\/posts\/225","targetHints":{"allow":["GET"]}}],"collection":[{"href":"https:\/\/www.norn.is\/haukur\/wp-json\/wp\/v2\/posts"}],"about":[{"href":"https:\/\/www.norn.is\/haukur\/wp-json\/wp\/v2\/types\/post"}],"author":[{"embeddable":true,"href":"https:\/\/www.norn.is\/haukur\/wp-json\/wp\/v2\/users\/9"}],"replies":[{"embeddable":true,"href":"https:\/\/www.norn.is\/haukur\/wp-json\/wp\/v2\/comments?post=225"}],"version-history":[{"count":7,"href":"https:\/\/www.norn.is\/haukur\/wp-json\/wp\/v2\/posts\/225\/revisions"}],"predecessor-version":[{"id":2644,"href":"https:\/\/www.norn.is\/haukur\/wp-json\/wp\/v2\/posts\/225\/revisions\/2644"}],"wp:featuredmedia":[{"embeddable":true,"href":"https:\/\/www.norn.is\/haukur\/wp-json\/wp\/v2\/media\/298"}],"wp:attachment":[{"href":"https:\/\/www.norn.is\/haukur\/wp-json\/wp\/v2\/media?parent=225"}],"wp:term":[{"taxonomy":"category","embeddable":true,"href":"https:\/\/www.norn.is\/haukur\/wp-json\/wp\/v2\/categories?post=225"},{"taxonomy":"post_tag","embeddable":true,"href":"https:\/\/www.norn.is\/haukur\/wp-json\/wp\/v2\/tags?post=225"}],"curies":[{"name":"wp","href":"https:\/\/api.w.org\/{rel}","templated":true}]}}