{"id":1706,"date":"2019-04-30T15:59:24","date_gmt":"2019-04-30T15:59:24","guid":{"rendered":"http:\/\/www.norn.is\/haukur\/?p=1706"},"modified":"2021-03-08T23:46:50","modified_gmt":"2021-03-08T23:46:50","slug":"thegar-madur-er-enginn-serfraedingur-i-ensku","status":"publish","type":"post","link":"https:\/\/www.norn.is\/haukur\/thegar-madur-er-enginn-serfraedingur-i-ensku\/","title":{"rendered":"\u00deegar ma\u00f0ur er enginn s\u00e9rfr\u00e6\u00f0ingur \u00ed ensku &#8230;"},"content":{"rendered":"\n<p>\u00dea\u00f0 f\u00f3r n\u00fa aldrei svo a\u00f0 vi\u00f0 fengjum ekki <a href=\"https:\/\/stundin.is\/grein\/8893\/\">tr\u00faver\u00f0ugar sk\u00fdringar<\/a> \u00e1 upp\u00e1komunni \u00ed K\u00f3pavogi \u00e1 d\u00f6gunum. Sj\u00e1lfst\u00e6\u00f0isma\u00f0urinn sem kynnti sig sem l\u00f6greglumann og h\u00f3ta\u00f0i a\u00f0 henda h\u00e6lisleitendum \u00fat hefur n\u00fa \u00fatsk\u00fdrt hva\u00f0 ger\u00f0ist. Hann \u00e6tla\u00f0i s\u00e9r a\u00f0 segja; &#8222;I was a policeman\u201c en \u00fear sem hann er ekki s\u00e9rfr\u00e6\u00f0ingur \u00ed ensku var\u00f0 honum \u00fea\u00f0 \u00e1 a\u00f0 nota n\u00fat\u00ed\u00f0armynd sagnarinnar a\u00f0 vera.<\/p>\n\n\n\n<div class=\"wp-block-image\"><figure class=\"alignleft\"><a href=\"http:\/\/www.norn.is\/haukur\/wp-content\/uploads\/sites\/19\/2019\/04\/chalk-board.jpg\"><img loading=\"lazy\" decoding=\"async\" width=\"300\" height=\"168\" src=\"http:\/\/www.norn.is\/haukur\/wp-content\/uploads\/sites\/19\/2019\/04\/chalk-board.jpg\" alt=\"\" class=\"wp-image-1711\"\/><\/a><\/figure><\/div>\n\n\n\n<p>A\u00f0 v\u00edsu er s\u00f6gnin a\u00f0 vera me\u00f0 \u00fev\u00ed allra fyrsta sem b\u00f6rnum er kennt \u00feegar \u00feau hefja enskun\u00e1m \u00ed grunnsk\u00f3la og enska hefur veri\u00f0 skyldun\u00e1msgrein fr\u00e1 \u00e1rinu 1946. Sk\u00fdringin g\u00e6ti veri\u00f0 s\u00fa a\u00f0 umr\u00e6ddur Sj\u00e1lfst\u00e6\u00f0isma\u00f0ur er kominn \u00e1 eftirlaun og hefur l\u00edklega hafi\u00f0 st\u00f6rf hj\u00e1 l\u00f6greglunni \u00e1\u00f0ur en fari\u00f0 var a\u00f0 gera \u00fe\u00e1 kr\u00f6fu a\u00f0 l\u00f6greglumenn hef\u00f0u a\u00f0 baki grunnsk\u00f3lag\u00f6ngu.<\/p>\n\n\n\n<p>H\u00e9r sannast a\u00f0 hlutirnir eru alls ekki alltaf eins og \u00feeir l\u00edta \u00fat fyrir a\u00f0 vera. Samkv\u00e6mt <b>116. gr.<\/b> almennra hegningarlaga var\u00f0ar \u00fea\u00f0 refsingu a\u00f0 taka s\u00e9r opinbert vald. N\u00fa vitum vi\u00f0 a\u00f0 \u00fea\u00f0 var alls ekki \u00fea\u00f0 sem vakti fyrir hinum borgaralega fri\u00f0arstilli, heldur fann hann a\u00f0eins hj\u00e1 s\u00e9r \u00fe\u00f6rf til a\u00f0 r\u00e6\u00f0a ferilsk\u00e1 s\u00edna. \u00dea\u00f0 ver\u00f0ur a\u00f0 teljast tr\u00faleg sk\u00fdring enda hefur Dale Carnegy bent \u00e1 a\u00f0 flest f\u00f3lk telji starfsferil sinn einhverja \u00e1hugaver\u00f0urstu s\u00f6gu sem s\u00f6g\u00f0 hefur veri\u00f0. Hver hefur ekki lent \u00ed \u00fev\u00ed a\u00f0 h\u00f3ta f\u00f3lki valdbeitingu me\u00f0 or\u00f0unum: \u201e\u00e9g var einu sinni flugfreyja&#8220; e\u00f0a \u201e\u00e9g var einu sinni byggingaverkama\u00f0ur&#8220;? \u00dea\u00f0 er ekki nema von a\u00f0 ma\u00f0ur sem ekki er s\u00e9rfr\u00e6\u00f0ingur \u00ed ensku klikki \u00e1 \u00fe\u00e1t\u00ed\u00f0inni \u00feegar fr\u00e1sagnargle\u00f0in gr\u00edpur hann.<\/p>\n\n\n\n<p>Hi\u00f0 n\u00fdja or\u00f0atilt\u00e6ki sem b\u00e6jarstj\u00f3ri K\u00f3pavogs t\u00f3k upp \u00e1 sama fundi vir\u00f0ist \u00fe\u00f3 ekki eiga s\u00e9r r\u00e6tur \u00ed takmarka\u00f0ri tungum\u00e1lakunn\u00e1ttu. A\u00f0 eigin s\u00f6gn orti b\u00e6jarstj\u00f3ri or\u00f0atilt\u00e6ki\u00f0 &#8222;\u00ed hita leiksins&#8220;. N\u00e1nar tlteki\u00f0 sag\u00f0i b\u00e6jarstj\u00f3ri; &#8222;\u00feessir tveir herramenn h\u00e9rna eru l\u00f6greglan, svo vi\u00f0 munum bara nota \u00fe\u00e1\u201c. Ef ekki v\u00e6ri h\u00e9r um or\u00f0atilt\u00e6ki a\u00f0 r\u00e6\u00f0a, m\u00e6tti \u00e6tla a\u00f0 me\u00f0 \u00feessu hafi b\u00e6jarst\u00f3ri gefi\u00f0 til kynna a\u00f0 hann myndi hvetja fyrrverandi l\u00f6greglumenn til \u00feess a\u00f0 taka s\u00e9r opinbert vald. \u00dea\u00f0 er refsivert sbr. <b>121. gr. <\/b>almennra hegningarlaga:<\/p>\n\n\n\n<blockquote class=\"wp-block-quote is-layout-flow wp-block-quote-is-layout-flow\"><p>Hver, sem opinberlega hvetur menn til refsiver\u00f0ra verka, skal s\u00e6ta \u2026 <sup>1)<\/sup>&nbsp;fangelsi allt a\u00f0 2 \u00e1rum, e\u00f0a sektum, ef m\u00e1lsb\u00e6tur eru, nema brot hans var\u00f0i \u00feyngri refsingu a\u00f0 l\u00f6gum.<\/p><\/blockquote>\n\n\n\n<p>Til allrar g\u00e6fu var alls ekkert sl\u00edkt sem vakti fyrir b\u00e6jarstj\u00f3ra, hann t\u00f3k bara svona til or\u00f0a.<\/p>\n","protected":false},"excerpt":{"rendered":"<p>\u00dea\u00f0 f\u00f3r n\u00fa aldrei svo a\u00f0 vi\u00f0 fengjum ekki tr\u00faver\u00f0ugar sk\u00fdringar \u00e1 upp\u00e1komunni \u00ed K\u00f3pavogi \u00e1 d\u00f6gunum. Sj\u00e1lfst\u00e6\u00f0isma\u00f0urinn sem kynnti sig sem l\u00f6greglumann og h\u00f3ta\u00f0i a\u00f0 henda h\u00e6lisleitendum \u00fat hefur n\u00fa \u00fatsk\u00fdrt hva\u00f0 ger\u00f0ist. Hann \u00e6tla\u00f0i s\u00e9r a\u00f0 segja; &#8222;I was a policeman\u201c en \u00fear sem hann er ekki s\u00e9rfr\u00e6\u00f0ingur \u00ed ensku var\u00f0 honum \u00fea\u00f0 [&hellip;]<\/p>\n","protected":false},"author":7,"featured_media":2551,"comment_status":"closed","ping_status":"closed","sticky":false,"template":"","format":"standard","meta":{"_et_pb_use_builder":"","_et_pb_old_content":"","_et_gb_content_width":"","footnotes":""},"categories":[1,40],"tags":[160,153,19],"class_list":["post-1706","post","type-post","status-publish","format-standard","has-post-thumbnail","hentry","category-allt-efni","category-andof","tag-armann-kr-olafsson","tag-flottafolk","tag-logreglan","et-has-post-format-content","et_post_format-et-post-format-standard"],"yoast_head":"<!-- This site is optimized with the Yoast SEO plugin v27.5 - https:\/\/yoast.com\/product\/yoast-seo-wordpress\/ -->\n<title>\u00deegar ma\u00f0ur er enginn s\u00e9rfr\u00e6\u00f0ingur \u00ed ensku ... - Leikmenn \u00e1n landam\u00e6ra<\/title>\n<meta name=\"robots\" content=\"index, follow, max-snippet:-1, max-image-preview:large, max-video-preview:-1\" \/>\n<link rel=\"canonical\" href=\"https:\/\/www.norn.is\/haukur\/thegar-madur-er-enginn-serfraedingur-i-ensku\/\" \/>\n<meta property=\"og:locale\" content=\"is_IS\" \/>\n<meta property=\"og:type\" content=\"article\" \/>\n<meta property=\"og:title\" content=\"\u00deegar ma\u00f0ur er enginn s\u00e9rfr\u00e6\u00f0ingur \u00ed ensku ... - Leikmenn \u00e1n landam\u00e6ra\" \/>\n<meta property=\"og:description\" content=\"\u00dea\u00f0 f\u00f3r n\u00fa aldrei svo a\u00f0 vi\u00f0 fengjum ekki tr\u00faver\u00f0ugar sk\u00fdringar \u00e1 upp\u00e1komunni \u00ed K\u00f3pavogi \u00e1 d\u00f6gunum. Sj\u00e1lfst\u00e6\u00f0isma\u00f0urinn sem kynnti sig sem l\u00f6greglumann og h\u00f3ta\u00f0i a\u00f0 henda h\u00e6lisleitendum \u00fat hefur n\u00fa \u00fatsk\u00fdrt hva\u00f0 ger\u00f0ist. Hann \u00e6tla\u00f0i s\u00e9r a\u00f0 segja; &#8222;I was a policeman\u201c en \u00fear sem hann er ekki s\u00e9rfr\u00e6\u00f0ingur \u00ed ensku var\u00f0 honum \u00fea\u00f0 [&hellip;]\" \/>\n<meta property=\"og:url\" content=\"https:\/\/www.norn.is\/haukur\/thegar-madur-er-enginn-serfraedingur-i-ensku\/\" \/>\n<meta property=\"og:site_name\" content=\"Leikmenn \u00e1n landam\u00e6ra\" \/>\n<meta property=\"article:published_time\" content=\"2019-04-30T15:59:24+00:00\" \/>\n<meta property=\"article:modified_time\" content=\"2021-03-08T23:46:50+00:00\" \/>\n<meta property=\"og:image\" content=\"https:\/\/www.norn.is\/haukur\/wp-content\/uploads\/sites\/19\/2019\/04\/cain-and-abel.png\" \/>\n\t<meta property=\"og:image:width\" content=\"1597\" \/>\n\t<meta property=\"og:image:height\" content=\"959\" \/>\n\t<meta property=\"og:image:type\" content=\"image\/png\" \/>\n<meta name=\"author\" content=\"Eva Hauksd\u00f3ttir\" \/>\n<meta name=\"twitter:card\" content=\"summary_large_image\" \/>\n<meta name=\"twitter:label1\" content=\"Written by\" \/>\n\t<meta name=\"twitter:data1\" content=\"Eva Hauksd\u00f3ttir\" \/>\n\t<meta name=\"twitter:label2\" content=\"Est. reading time\" \/>\n\t<meta name=\"twitter:data2\" content=\"2 minutes\" \/>\n<script type=\"application\/ld+json\" class=\"yoast-schema-graph\">{\"@context\":\"https:\\\/\\\/schema.org\",\"@graph\":[{\"@type\":\"Article\",\"@id\":\"https:\\\/\\\/www.norn.is\\\/haukur\\\/thegar-madur-er-enginn-serfraedingur-i-ensku\\\/#article\",\"isPartOf\":{\"@id\":\"https:\\\/\\\/www.norn.is\\\/haukur\\\/thegar-madur-er-enginn-serfraedingur-i-ensku\\\/\"},\"author\":{\"name\":\"Eva Hauksd\u00f3ttir\",\"@id\":\"https:\\\/\\\/www.norn.is\\\/haukur\\\/#\\\/schema\\\/person\\\/1d9742389918a297671033a2b53d3d34\"},\"headline\":\"\u00deegar ma\u00f0ur er enginn s\u00e9rfr\u00e6\u00f0ingur \u00ed ensku &#8230;\",\"datePublished\":\"2019-04-30T15:59:24+00:00\",\"dateModified\":\"2021-03-08T23:46:50+00:00\",\"mainEntityOfPage\":{\"@id\":\"https:\\\/\\\/www.norn.is\\\/haukur\\\/thegar-madur-er-enginn-serfraedingur-i-ensku\\\/\"},\"wordCount\":482,\"image\":{\"@id\":\"https:\\\/\\\/www.norn.is\\\/haukur\\\/thegar-madur-er-enginn-serfraedingur-i-ensku\\\/#primaryimage\"},\"thumbnailUrl\":\"https:\\\/\\\/www.norn.is\\\/haukur\\\/wp-content\\\/uploads\\\/sites\\\/19\\\/2019\\\/04\\\/cain-and-abel.png\",\"keywords\":[\"\u00c1rmann Kr. \u00d3lafsson\",\"fl\u00f3ttaf\u00f3lk\",\"l\u00f6greglan\"],\"articleSection\":[\"Allt efni\",\"And\u00f3f &amp; yfirvald\"],\"inLanguage\":\"is\"},{\"@type\":\"WebPage\",\"@id\":\"https:\\\/\\\/www.norn.is\\\/haukur\\\/thegar-madur-er-enginn-serfraedingur-i-ensku\\\/\",\"url\":\"https:\\\/\\\/www.norn.is\\\/haukur\\\/thegar-madur-er-enginn-serfraedingur-i-ensku\\\/\",\"name\":\"\u00deegar ma\u00f0ur er enginn s\u00e9rfr\u00e6\u00f0ingur \u00ed ensku ... - Leikmenn \u00e1n landam\u00e6ra\",\"isPartOf\":{\"@id\":\"https:\\\/\\\/www.norn.is\\\/haukur\\\/#website\"},\"primaryImageOfPage\":{\"@id\":\"https:\\\/\\\/www.norn.is\\\/haukur\\\/thegar-madur-er-enginn-serfraedingur-i-ensku\\\/#primaryimage\"},\"image\":{\"@id\":\"https:\\\/\\\/www.norn.is\\\/haukur\\\/thegar-madur-er-enginn-serfraedingur-i-ensku\\\/#primaryimage\"},\"thumbnailUrl\":\"https:\\\/\\\/www.norn.is\\\/haukur\\\/wp-content\\\/uploads\\\/sites\\\/19\\\/2019\\\/04\\\/cain-and-abel.png\",\"datePublished\":\"2019-04-30T15:59:24+00:00\",\"dateModified\":\"2021-03-08T23:46:50+00:00\",\"author\":{\"@id\":\"https:\\\/\\\/www.norn.is\\\/haukur\\\/#\\\/schema\\\/person\\\/1d9742389918a297671033a2b53d3d34\"},\"breadcrumb\":{\"@id\":\"https:\\\/\\\/www.norn.is\\\/haukur\\\/thegar-madur-er-enginn-serfraedingur-i-ensku\\\/#breadcrumb\"},\"inLanguage\":\"is\",\"potentialAction\":[{\"@type\":\"ReadAction\",\"target\":[\"https:\\\/\\\/www.norn.is\\\/haukur\\\/thegar-madur-er-enginn-serfraedingur-i-ensku\\\/\"]}]},{\"@type\":\"ImageObject\",\"inLanguage\":\"is\",\"@id\":\"https:\\\/\\\/www.norn.is\\\/haukur\\\/thegar-madur-er-enginn-serfraedingur-i-ensku\\\/#primaryimage\",\"url\":\"https:\\\/\\\/www.norn.is\\\/haukur\\\/wp-content\\\/uploads\\\/sites\\\/19\\\/2019\\\/04\\\/cain-and-abel.png\",\"contentUrl\":\"https:\\\/\\\/www.norn.is\\\/haukur\\\/wp-content\\\/uploads\\\/sites\\\/19\\\/2019\\\/04\\\/cain-and-abel.png\",\"width\":1597,\"height\":959},{\"@type\":\"BreadcrumbList\",\"@id\":\"https:\\\/\\\/www.norn.is\\\/haukur\\\/thegar-madur-er-enginn-serfraedingur-i-ensku\\\/#breadcrumb\",\"itemListElement\":[{\"@type\":\"ListItem\",\"position\":1,\"name\":\"Home\",\"item\":\"https:\\\/\\\/www.norn.is\\\/haukur\\\/\"},{\"@type\":\"ListItem\",\"position\":2,\"name\":\"\u00deegar ma\u00f0ur er enginn s\u00e9rfr\u00e6\u00f0ingur \u00ed ensku &#8230;\"}]},{\"@type\":\"WebSite\",\"@id\":\"https:\\\/\\\/www.norn.is\\\/haukur\\\/#website\",\"url\":\"https:\\\/\\\/www.norn.is\\\/haukur\\\/\",\"name\":\"Leikmenn \u00e1n landam\u00e6ra\",\"description\":\"\",\"potentialAction\":[{\"@type\":\"SearchAction\",\"target\":{\"@type\":\"EntryPoint\",\"urlTemplate\":\"https:\\\/\\\/www.norn.is\\\/haukur\\\/?s={search_term_string}\"},\"query-input\":{\"@type\":\"PropertyValueSpecification\",\"valueRequired\":true,\"valueName\":\"search_term_string\"}}],\"inLanguage\":\"is\"},{\"@type\":\"Person\",\"@id\":\"https:\\\/\\\/www.norn.is\\\/haukur\\\/#\\\/schema\\\/person\\\/1d9742389918a297671033a2b53d3d34\",\"name\":\"Eva Hauksd\u00f3ttir\",\"url\":\"https:\\\/\\\/www.norn.is\\\/haukur\\\/author\\\/evahauks\\\/\"}]}<\/script>\n<!-- \/ Yoast SEO plugin. -->","yoast_head_json":{"title":"\u00deegar ma\u00f0ur er enginn s\u00e9rfr\u00e6\u00f0ingur \u00ed ensku ... - Leikmenn \u00e1n landam\u00e6ra","robots":{"index":"index","follow":"follow","max-snippet":"max-snippet:-1","max-image-preview":"max-image-preview:large","max-video-preview":"max-video-preview:-1"},"canonical":"https:\/\/www.norn.is\/haukur\/thegar-madur-er-enginn-serfraedingur-i-ensku\/","og_locale":"is_IS","og_type":"article","og_title":"\u00deegar ma\u00f0ur er enginn s\u00e9rfr\u00e6\u00f0ingur \u00ed ensku ... - Leikmenn \u00e1n landam\u00e6ra","og_description":"\u00dea\u00f0 f\u00f3r n\u00fa aldrei svo a\u00f0 vi\u00f0 fengjum ekki tr\u00faver\u00f0ugar sk\u00fdringar \u00e1 upp\u00e1komunni \u00ed K\u00f3pavogi \u00e1 d\u00f6gunum. Sj\u00e1lfst\u00e6\u00f0isma\u00f0urinn sem kynnti sig sem l\u00f6greglumann og h\u00f3ta\u00f0i a\u00f0 henda h\u00e6lisleitendum \u00fat hefur n\u00fa \u00fatsk\u00fdrt hva\u00f0 ger\u00f0ist. Hann \u00e6tla\u00f0i s\u00e9r a\u00f0 segja; &#8222;I was a policeman\u201c en \u00fear sem hann er ekki s\u00e9rfr\u00e6\u00f0ingur \u00ed ensku var\u00f0 honum \u00fea\u00f0 [&hellip;]","og_url":"https:\/\/www.norn.is\/haukur\/thegar-madur-er-enginn-serfraedingur-i-ensku\/","og_site_name":"Leikmenn \u00e1n landam\u00e6ra","article_published_time":"2019-04-30T15:59:24+00:00","article_modified_time":"2021-03-08T23:46:50+00:00","og_image":[{"width":1597,"height":959,"url":"https:\/\/www.norn.is\/haukur\/wp-content\/uploads\/sites\/19\/2019\/04\/cain-and-abel.png","type":"image\/png"}],"author":"Eva Hauksd\u00f3ttir","twitter_card":"summary_large_image","twitter_misc":{"Written by":"Eva Hauksd\u00f3ttir","Est. reading time":"2 minutes"},"schema":{"@context":"https:\/\/schema.org","@graph":[{"@type":"Article","@id":"https:\/\/www.norn.is\/haukur\/thegar-madur-er-enginn-serfraedingur-i-ensku\/#article","isPartOf":{"@id":"https:\/\/www.norn.is\/haukur\/thegar-madur-er-enginn-serfraedingur-i-ensku\/"},"author":{"name":"Eva Hauksd\u00f3ttir","@id":"https:\/\/www.norn.is\/haukur\/#\/schema\/person\/1d9742389918a297671033a2b53d3d34"},"headline":"\u00deegar ma\u00f0ur er enginn s\u00e9rfr\u00e6\u00f0ingur \u00ed ensku &#8230;","datePublished":"2019-04-30T15:59:24+00:00","dateModified":"2021-03-08T23:46:50+00:00","mainEntityOfPage":{"@id":"https:\/\/www.norn.is\/haukur\/thegar-madur-er-enginn-serfraedingur-i-ensku\/"},"wordCount":482,"image":{"@id":"https:\/\/www.norn.is\/haukur\/thegar-madur-er-enginn-serfraedingur-i-ensku\/#primaryimage"},"thumbnailUrl":"https:\/\/www.norn.is\/haukur\/wp-content\/uploads\/sites\/19\/2019\/04\/cain-and-abel.png","keywords":["\u00c1rmann Kr. \u00d3lafsson","fl\u00f3ttaf\u00f3lk","l\u00f6greglan"],"articleSection":["Allt efni","And\u00f3f &amp; yfirvald"],"inLanguage":"is"},{"@type":"WebPage","@id":"https:\/\/www.norn.is\/haukur\/thegar-madur-er-enginn-serfraedingur-i-ensku\/","url":"https:\/\/www.norn.is\/haukur\/thegar-madur-er-enginn-serfraedingur-i-ensku\/","name":"\u00deegar ma\u00f0ur er enginn s\u00e9rfr\u00e6\u00f0ingur \u00ed ensku ... - Leikmenn \u00e1n landam\u00e6ra","isPartOf":{"@id":"https:\/\/www.norn.is\/haukur\/#website"},"primaryImageOfPage":{"@id":"https:\/\/www.norn.is\/haukur\/thegar-madur-er-enginn-serfraedingur-i-ensku\/#primaryimage"},"image":{"@id":"https:\/\/www.norn.is\/haukur\/thegar-madur-er-enginn-serfraedingur-i-ensku\/#primaryimage"},"thumbnailUrl":"https:\/\/www.norn.is\/haukur\/wp-content\/uploads\/sites\/19\/2019\/04\/cain-and-abel.png","datePublished":"2019-04-30T15:59:24+00:00","dateModified":"2021-03-08T23:46:50+00:00","author":{"@id":"https:\/\/www.norn.is\/haukur\/#\/schema\/person\/1d9742389918a297671033a2b53d3d34"},"breadcrumb":{"@id":"https:\/\/www.norn.is\/haukur\/thegar-madur-er-enginn-serfraedingur-i-ensku\/#breadcrumb"},"inLanguage":"is","potentialAction":[{"@type":"ReadAction","target":["https:\/\/www.norn.is\/haukur\/thegar-madur-er-enginn-serfraedingur-i-ensku\/"]}]},{"@type":"ImageObject","inLanguage":"is","@id":"https:\/\/www.norn.is\/haukur\/thegar-madur-er-enginn-serfraedingur-i-ensku\/#primaryimage","url":"https:\/\/www.norn.is\/haukur\/wp-content\/uploads\/sites\/19\/2019\/04\/cain-and-abel.png","contentUrl":"https:\/\/www.norn.is\/haukur\/wp-content\/uploads\/sites\/19\/2019\/04\/cain-and-abel.png","width":1597,"height":959},{"@type":"BreadcrumbList","@id":"https:\/\/www.norn.is\/haukur\/thegar-madur-er-enginn-serfraedingur-i-ensku\/#breadcrumb","itemListElement":[{"@type":"ListItem","position":1,"name":"Home","item":"https:\/\/www.norn.is\/haukur\/"},{"@type":"ListItem","position":2,"name":"\u00deegar ma\u00f0ur er enginn s\u00e9rfr\u00e6\u00f0ingur \u00ed ensku &#8230;"}]},{"@type":"WebSite","@id":"https:\/\/www.norn.is\/haukur\/#website","url":"https:\/\/www.norn.is\/haukur\/","name":"Leikmenn \u00e1n landam\u00e6ra","description":"","potentialAction":[{"@type":"SearchAction","target":{"@type":"EntryPoint","urlTemplate":"https:\/\/www.norn.is\/haukur\/?s={search_term_string}"},"query-input":{"@type":"PropertyValueSpecification","valueRequired":true,"valueName":"search_term_string"}}],"inLanguage":"is"},{"@type":"Person","@id":"https:\/\/www.norn.is\/haukur\/#\/schema\/person\/1d9742389918a297671033a2b53d3d34","name":"Eva Hauksd\u00f3ttir","url":"https:\/\/www.norn.is\/haukur\/author\/evahauks\/"}]}},"_links":{"self":[{"href":"https:\/\/www.norn.is\/haukur\/wp-json\/wp\/v2\/posts\/1706","targetHints":{"allow":["GET"]}}],"collection":[{"href":"https:\/\/www.norn.is\/haukur\/wp-json\/wp\/v2\/posts"}],"about":[{"href":"https:\/\/www.norn.is\/haukur\/wp-json\/wp\/v2\/types\/post"}],"author":[{"embeddable":true,"href":"https:\/\/www.norn.is\/haukur\/wp-json\/wp\/v2\/users\/7"}],"replies":[{"embeddable":true,"href":"https:\/\/www.norn.is\/haukur\/wp-json\/wp\/v2\/comments?post=1706"}],"version-history":[{"count":9,"href":"https:\/\/www.norn.is\/haukur\/wp-json\/wp\/v2\/posts\/1706\/revisions"}],"predecessor-version":[{"id":2549,"href":"https:\/\/www.norn.is\/haukur\/wp-json\/wp\/v2\/posts\/1706\/revisions\/2549"}],"wp:featuredmedia":[{"embeddable":true,"href":"https:\/\/www.norn.is\/haukur\/wp-json\/wp\/v2\/media\/2551"}],"wp:attachment":[{"href":"https:\/\/www.norn.is\/haukur\/wp-json\/wp\/v2\/media?parent=1706"}],"wp:term":[{"taxonomy":"category","embeddable":true,"href":"https:\/\/www.norn.is\/haukur\/wp-json\/wp\/v2\/categories?post=1706"},{"taxonomy":"post_tag","embeddable":true,"href":"https:\/\/www.norn.is\/haukur\/wp-json\/wp\/v2\/tags?post=1706"}],"curies":[{"name":"wp","href":"https:\/\/api.w.org\/{rel}","templated":true}]}}