{"id":1394,"date":"2019-04-23T14:29:40","date_gmt":"2019-04-23T14:29:40","guid":{"rendered":"http:\/\/www.norn.is\/haukur\/?p=1394"},"modified":"2021-03-08T18:51:42","modified_gmt":"2021-03-08T18:51:42","slug":"hvad-rak-hauk-til-kurdistan-eva-hauksdottir","status":"publish","type":"post","link":"https:\/\/www.norn.is\/haukur\/hvad-rak-hauk-til-kurdistan-eva-hauksdottir\/","title":{"rendered":"Hva\u00f0 rak Hauk til K\u00fardistan? &#8211; Eva Hauksd\u00f3ttir"},"content":{"rendered":"\n<p><br>Eva er m\u00f3\u00f0ir Hauks. H\u00fan hefur stutt p\u00f3lit\u00edskar a\u00f0ger\u00f0ir hans fr\u00e1 \u00fev\u00ed a\u00f0 hann var unglingur og teki\u00f0 \u00fe\u00e1tt \u00ed sumum \u00feeirra. \u00cd erindi s\u00ednu mun Eva rekja p\u00f3lit\u00edskan \u00feroskaferil Hauks og sk\u00fdra \u00fe\u00e1 hugmyndafr\u00e6\u00f0i og reynslu sem l\u00e1 a\u00f0 baki \u00e1kv\u00f6r\u00f0un sonar hennar um a\u00f0 ganga til li\u00f0s vi\u00f0 vopna\u00f0ar andspyrnuhreyfingar K\u00farda.<\/p>\n\n\n\n<p>\u00de\u00f3tt auglj\u00f3st s\u00e9 a\u00f0 Haukur vildi sty\u00f0ja K\u00farda \u00ed \u00fev\u00ed a\u00f0 koma \u00e1 l\u00fd\u00f0r\u00e6\u00f0i \u00e1n r\u00edkisvalds og verjast grimmdarverkum Islamska r\u00edkisins telur Eva a\u00f0 mun marg\u00fe\u00e6ttari og fl\u00f3knari \u00e1st\u00e6\u00f0ur hafi legi\u00f0 a\u00f0 baki \u00e1kv\u00f6r\u00f0un hans. \u00cd erindi s\u00ednu sk\u00fdrir h\u00fan hvernig hugmyndafr\u00e6\u00f0i og a\u00f0farir Islamska r\u00edkisins tengjast flestum ef ekki \u00f6llum \u00feeim valdakerfum sem Haukur bar\u00f0ist gegn.<\/p>\n\n\n\n<div class=\"wp-block-image\"><figure class=\"aligncenter\"><a href=\"http:\/\/www.norn.is\/haukur\/wp-content\/uploads\/sites\/19\/2019\/04\/8f43af8645ca6c962ab98b96262495b5.jpg\"><img loading=\"lazy\" decoding=\"async\" width=\"800\" height=\"451\" src=\"http:\/\/www.norn.is\/haukur\/wp-content\/uploads\/sites\/19\/2019\/04\/8f43af8645ca6c962ab98b96262495b5.jpg\" alt=\"\" class=\"wp-image-1362\" srcset=\"https:\/\/www.norn.is\/haukur\/wp-content\/uploads\/sites\/19\/2019\/04\/8f43af8645ca6c962ab98b96262495b5.jpg 800w, https:\/\/www.norn.is\/haukur\/wp-content\/uploads\/sites\/19\/2019\/04\/8f43af8645ca6c962ab98b96262495b5-300x169.jpg 300w, https:\/\/www.norn.is\/haukur\/wp-content\/uploads\/sites\/19\/2019\/04\/8f43af8645ca6c962ab98b96262495b5-768x433.jpg 768w, https:\/\/www.norn.is\/haukur\/wp-content\/uploads\/sites\/19\/2019\/04\/8f43af8645ca6c962ab98b96262495b5-600x338.jpg 600w\" sizes=\"auto, (max-width: 800px) 100vw, 800px\" \/><\/a><\/figure><\/div>\n\n\n\n<p><em>K\u00fard\u00edskir fl\u00f3ttamenn \u00ed b\u00fa\u00f0um vi\u00f0 Tyrknesku landam\u00e6rin. (Mynd: Wikipedia)<\/em><\/p>\n\n\n\n<div class=\"wp-block-image\"><figure class=\"aligncenter\"><a href=\"http:\/\/www.norn.is\/haukur\/wp-content\/uploads\/sites\/19\/2019\/04\/9df3ffc5fbd3b87e4de4a5f0df325cda.jpg\"><img loading=\"lazy\" decoding=\"async\" width=\"800\" height=\"495\" src=\"http:\/\/www.norn.is\/haukur\/wp-content\/uploads\/sites\/19\/2019\/04\/9df3ffc5fbd3b87e4de4a5f0df325cda.jpg\" alt=\"\" class=\"wp-image-1395\" srcset=\"https:\/\/www.norn.is\/haukur\/wp-content\/uploads\/sites\/19\/2019\/04\/9df3ffc5fbd3b87e4de4a5f0df325cda.jpg 800w, https:\/\/www.norn.is\/haukur\/wp-content\/uploads\/sites\/19\/2019\/04\/9df3ffc5fbd3b87e4de4a5f0df325cda-300x186.jpg 300w, https:\/\/www.norn.is\/haukur\/wp-content\/uploads\/sites\/19\/2019\/04\/9df3ffc5fbd3b87e4de4a5f0df325cda-768x475.jpg 768w, https:\/\/www.norn.is\/haukur\/wp-content\/uploads\/sites\/19\/2019\/04\/9df3ffc5fbd3b87e4de4a5f0df325cda-600x371.jpg 600w\" sizes=\"auto, (max-width: 800px) 100vw, 800px\" \/><\/a><\/figure><\/div>\n\n\n\n<p><a href=\"https:\/\/www.karolinafund.com\/project\/view\/2346\">N\u00e1nari uppl\u00fdsingar um m\u00e1l\u00feingi\u00f0 og verkefnasj\u00f3\u00f0 Leikmanna \u00e1n landam\u00e6ra.<\/a><\/p>\n\n\n\n<p>S\u00f6fnunarreikningur: 528-14-530 &#8211; kt 010973-3179<\/p>\n","protected":false},"excerpt":{"rendered":"<p>Eva er m\u00f3\u00f0ir Hauks. H\u00fan hefur stutt p\u00f3lit\u00edskar a\u00f0ger\u00f0ir hans fr\u00e1 \u00fev\u00ed a\u00f0 hann var unglingur og teki\u00f0 \u00fe\u00e1tt \u00ed sumum \u00feeirra. \u00cd erindi s\u00ednu mun Eva rekja p\u00f3lit\u00edskan \u00feroskaferil Hauks og sk\u00fdra \u00fe\u00e1 hugmyndafr\u00e6\u00f0i og reynslu sem l\u00e1 a\u00f0 baki \u00e1kv\u00f6r\u00f0un sonar hennar um a\u00f0 ganga til li\u00f0s vi\u00f0 vopna\u00f0ar andspyrnuhreyfingar K\u00farda. \u00de\u00f3tt auglj\u00f3st [&hellip;]<\/p>\n","protected":false},"author":7,"featured_media":1560,"comment_status":"open","ping_status":"closed","sticky":false,"template":"","format":"standard","meta":{"_et_pb_use_builder":"","_et_pb_old_content":"","_et_gb_content_width":"","footnotes":""},"categories":[104,116],"tags":[25,149],"class_list":["post-1394","post","type-post","status-publish","format-standard","has-post-thumbnail","hentry","category-malthing","category-raedumenn","tag-hugmyndafraedi","tag-vopnud-andspyrna","et-has-post-format-content","et_post_format-et-post-format-standard"],"yoast_head":"<!-- This site is optimized with the Yoast SEO plugin v27.5 - https:\/\/yoast.com\/product\/yoast-seo-wordpress\/ -->\n<title>Hva\u00f0 rak Hauk til K\u00fardistan? - Eva Hauksd\u00f3ttir - Leikmenn \u00e1n landam\u00e6ra<\/title>\n<meta name=\"robots\" content=\"index, follow, max-snippet:-1, max-image-preview:large, max-video-preview:-1\" \/>\n<link rel=\"canonical\" href=\"https:\/\/www.norn.is\/haukur\/hvad-rak-hauk-til-kurdistan-eva-hauksdottir\/\" \/>\n<meta property=\"og:locale\" content=\"is_IS\" \/>\n<meta property=\"og:type\" content=\"article\" \/>\n<meta property=\"og:title\" content=\"Hva\u00f0 rak Hauk til K\u00fardistan? - Eva Hauksd\u00f3ttir - Leikmenn \u00e1n landam\u00e6ra\" \/>\n<meta property=\"og:description\" content=\"Eva er m\u00f3\u00f0ir Hauks. H\u00fan hefur stutt p\u00f3lit\u00edskar a\u00f0ger\u00f0ir hans fr\u00e1 \u00fev\u00ed a\u00f0 hann var unglingur og teki\u00f0 \u00fe\u00e1tt \u00ed sumum \u00feeirra. \u00cd erindi s\u00ednu mun Eva rekja p\u00f3lit\u00edskan \u00feroskaferil Hauks og sk\u00fdra \u00fe\u00e1 hugmyndafr\u00e6\u00f0i og reynslu sem l\u00e1 a\u00f0 baki \u00e1kv\u00f6r\u00f0un sonar hennar um a\u00f0 ganga til li\u00f0s vi\u00f0 vopna\u00f0ar andspyrnuhreyfingar K\u00farda. \u00de\u00f3tt auglj\u00f3st [&hellip;]\" \/>\n<meta property=\"og:url\" content=\"https:\/\/www.norn.is\/haukur\/hvad-rak-hauk-til-kurdistan-eva-hauksdottir\/\" \/>\n<meta property=\"og:site_name\" content=\"Leikmenn \u00e1n landam\u00e6ra\" \/>\n<meta property=\"article:published_time\" content=\"2019-04-23T14:29:40+00:00\" \/>\n<meta property=\"article:modified_time\" content=\"2021-03-08T18:51:42+00:00\" \/>\n<meta property=\"og:image\" content=\"https:\/\/www.norn.is\/haukur\/wp-content\/uploads\/sites\/19\/2019\/04\/DSCF3583-1-1024x683.jpg\" \/>\n\t<meta property=\"og:image:width\" content=\"1024\" \/>\n\t<meta property=\"og:image:height\" content=\"683\" \/>\n\t<meta property=\"og:image:type\" content=\"image\/jpeg\" \/>\n<meta name=\"author\" content=\"Eva Hauksd\u00f3ttir\" \/>\n<meta name=\"twitter:card\" content=\"summary_large_image\" \/>\n<meta name=\"twitter:label1\" content=\"Written by\" \/>\n\t<meta name=\"twitter:data1\" content=\"Eva Hauksd\u00f3ttir\" \/>\n\t<meta name=\"twitter:label2\" content=\"Est. reading time\" \/>\n\t<meta name=\"twitter:data2\" content=\"1 minute\" \/>\n<script type=\"application\/ld+json\" class=\"yoast-schema-graph\">{\"@context\":\"https:\\\/\\\/schema.org\",\"@graph\":[{\"@type\":\"Article\",\"@id\":\"https:\\\/\\\/www.norn.is\\\/haukur\\\/hvad-rak-hauk-til-kurdistan-eva-hauksdottir\\\/#article\",\"isPartOf\":{\"@id\":\"https:\\\/\\\/www.norn.is\\\/haukur\\\/hvad-rak-hauk-til-kurdistan-eva-hauksdottir\\\/\"},\"author\":{\"name\":\"Eva Hauksd\u00f3ttir\",\"@id\":\"https:\\\/\\\/www.norn.is\\\/haukur\\\/#\\\/schema\\\/person\\\/1d9742389918a297671033a2b53d3d34\"},\"headline\":\"Hva\u00f0 rak Hauk til K\u00fardistan? &#8211; Eva Hauksd\u00f3ttir\",\"datePublished\":\"2019-04-23T14:29:40+00:00\",\"dateModified\":\"2021-03-08T18:51:42+00:00\",\"mainEntityOfPage\":{\"@id\":\"https:\\\/\\\/www.norn.is\\\/haukur\\\/hvad-rak-hauk-til-kurdistan-eva-hauksdottir\\\/\"},\"wordCount\":183,\"commentCount\":0,\"image\":{\"@id\":\"https:\\\/\\\/www.norn.is\\\/haukur\\\/hvad-rak-hauk-til-kurdistan-eva-hauksdottir\\\/#primaryimage\"},\"thumbnailUrl\":\"https:\\\/\\\/www.norn.is\\\/haukur\\\/wp-content\\\/uploads\\\/sites\\\/19\\\/2019\\\/04\\\/DSCF3583-1.jpg\",\"keywords\":[\"hugmyndafr\u00e6\u00f0i\",\"vopnu\u00f0 andspyrna\"],\"articleSection\":[\"M\u00e1l\u00feing\",\"R\u00e6\u00f0umenn\"],\"inLanguage\":\"is\",\"potentialAction\":[{\"@type\":\"CommentAction\",\"name\":\"Comment\",\"target\":[\"https:\\\/\\\/www.norn.is\\\/haukur\\\/hvad-rak-hauk-til-kurdistan-eva-hauksdottir\\\/#respond\"]}]},{\"@type\":\"WebPage\",\"@id\":\"https:\\\/\\\/www.norn.is\\\/haukur\\\/hvad-rak-hauk-til-kurdistan-eva-hauksdottir\\\/\",\"url\":\"https:\\\/\\\/www.norn.is\\\/haukur\\\/hvad-rak-hauk-til-kurdistan-eva-hauksdottir\\\/\",\"name\":\"Hva\u00f0 rak Hauk til K\u00fardistan? - Eva Hauksd\u00f3ttir - Leikmenn \u00e1n landam\u00e6ra\",\"isPartOf\":{\"@id\":\"https:\\\/\\\/www.norn.is\\\/haukur\\\/#website\"},\"primaryImageOfPage\":{\"@id\":\"https:\\\/\\\/www.norn.is\\\/haukur\\\/hvad-rak-hauk-til-kurdistan-eva-hauksdottir\\\/#primaryimage\"},\"image\":{\"@id\":\"https:\\\/\\\/www.norn.is\\\/haukur\\\/hvad-rak-hauk-til-kurdistan-eva-hauksdottir\\\/#primaryimage\"},\"thumbnailUrl\":\"https:\\\/\\\/www.norn.is\\\/haukur\\\/wp-content\\\/uploads\\\/sites\\\/19\\\/2019\\\/04\\\/DSCF3583-1.jpg\",\"datePublished\":\"2019-04-23T14:29:40+00:00\",\"dateModified\":\"2021-03-08T18:51:42+00:00\",\"author\":{\"@id\":\"https:\\\/\\\/www.norn.is\\\/haukur\\\/#\\\/schema\\\/person\\\/1d9742389918a297671033a2b53d3d34\"},\"breadcrumb\":{\"@id\":\"https:\\\/\\\/www.norn.is\\\/haukur\\\/hvad-rak-hauk-til-kurdistan-eva-hauksdottir\\\/#breadcrumb\"},\"inLanguage\":\"is\",\"potentialAction\":[{\"@type\":\"ReadAction\",\"target\":[\"https:\\\/\\\/www.norn.is\\\/haukur\\\/hvad-rak-hauk-til-kurdistan-eva-hauksdottir\\\/\"]}]},{\"@type\":\"ImageObject\",\"inLanguage\":\"is\",\"@id\":\"https:\\\/\\\/www.norn.is\\\/haukur\\\/hvad-rak-hauk-til-kurdistan-eva-hauksdottir\\\/#primaryimage\",\"url\":\"https:\\\/\\\/www.norn.is\\\/haukur\\\/wp-content\\\/uploads\\\/sites\\\/19\\\/2019\\\/04\\\/DSCF3583-1.jpg\",\"contentUrl\":\"https:\\\/\\\/www.norn.is\\\/haukur\\\/wp-content\\\/uploads\\\/sites\\\/19\\\/2019\\\/04\\\/DSCF3583-1.jpg\",\"width\":6000,\"height\":4000},{\"@type\":\"BreadcrumbList\",\"@id\":\"https:\\\/\\\/www.norn.is\\\/haukur\\\/hvad-rak-hauk-til-kurdistan-eva-hauksdottir\\\/#breadcrumb\",\"itemListElement\":[{\"@type\":\"ListItem\",\"position\":1,\"name\":\"Home\",\"item\":\"https:\\\/\\\/www.norn.is\\\/haukur\\\/\"},{\"@type\":\"ListItem\",\"position\":2,\"name\":\"Hva\u00f0 rak Hauk til K\u00fardistan? &#8211; Eva Hauksd\u00f3ttir\"}]},{\"@type\":\"WebSite\",\"@id\":\"https:\\\/\\\/www.norn.is\\\/haukur\\\/#website\",\"url\":\"https:\\\/\\\/www.norn.is\\\/haukur\\\/\",\"name\":\"Leikmenn \u00e1n landam\u00e6ra\",\"description\":\"\",\"potentialAction\":[{\"@type\":\"SearchAction\",\"target\":{\"@type\":\"EntryPoint\",\"urlTemplate\":\"https:\\\/\\\/www.norn.is\\\/haukur\\\/?s={search_term_string}\"},\"query-input\":{\"@type\":\"PropertyValueSpecification\",\"valueRequired\":true,\"valueName\":\"search_term_string\"}}],\"inLanguage\":\"is\"},{\"@type\":\"Person\",\"@id\":\"https:\\\/\\\/www.norn.is\\\/haukur\\\/#\\\/schema\\\/person\\\/1d9742389918a297671033a2b53d3d34\",\"name\":\"Eva Hauksd\u00f3ttir\",\"url\":\"https:\\\/\\\/www.norn.is\\\/haukur\\\/author\\\/evahauks\\\/\"}]}<\/script>\n<!-- \/ Yoast SEO plugin. -->","yoast_head_json":{"title":"Hva\u00f0 rak Hauk til K\u00fardistan? - Eva Hauksd\u00f3ttir - Leikmenn \u00e1n landam\u00e6ra","robots":{"index":"index","follow":"follow","max-snippet":"max-snippet:-1","max-image-preview":"max-image-preview:large","max-video-preview":"max-video-preview:-1"},"canonical":"https:\/\/www.norn.is\/haukur\/hvad-rak-hauk-til-kurdistan-eva-hauksdottir\/","og_locale":"is_IS","og_type":"article","og_title":"Hva\u00f0 rak Hauk til K\u00fardistan? - Eva Hauksd\u00f3ttir - Leikmenn \u00e1n landam\u00e6ra","og_description":"Eva er m\u00f3\u00f0ir Hauks. H\u00fan hefur stutt p\u00f3lit\u00edskar a\u00f0ger\u00f0ir hans fr\u00e1 \u00fev\u00ed a\u00f0 hann var unglingur og teki\u00f0 \u00fe\u00e1tt \u00ed sumum \u00feeirra. \u00cd erindi s\u00ednu mun Eva rekja p\u00f3lit\u00edskan \u00feroskaferil Hauks og sk\u00fdra \u00fe\u00e1 hugmyndafr\u00e6\u00f0i og reynslu sem l\u00e1 a\u00f0 baki \u00e1kv\u00f6r\u00f0un sonar hennar um a\u00f0 ganga til li\u00f0s vi\u00f0 vopna\u00f0ar andspyrnuhreyfingar K\u00farda. \u00de\u00f3tt auglj\u00f3st [&hellip;]","og_url":"https:\/\/www.norn.is\/haukur\/hvad-rak-hauk-til-kurdistan-eva-hauksdottir\/","og_site_name":"Leikmenn \u00e1n landam\u00e6ra","article_published_time":"2019-04-23T14:29:40+00:00","article_modified_time":"2021-03-08T18:51:42+00:00","og_image":[{"width":1024,"height":683,"url":"https:\/\/www.norn.is\/haukur\/wp-content\/uploads\/sites\/19\/2019\/04\/DSCF3583-1-1024x683.jpg","type":"image\/jpeg"}],"author":"Eva Hauksd\u00f3ttir","twitter_card":"summary_large_image","twitter_misc":{"Written by":"Eva Hauksd\u00f3ttir","Est. reading time":"1 minute"},"schema":{"@context":"https:\/\/schema.org","@graph":[{"@type":"Article","@id":"https:\/\/www.norn.is\/haukur\/hvad-rak-hauk-til-kurdistan-eva-hauksdottir\/#article","isPartOf":{"@id":"https:\/\/www.norn.is\/haukur\/hvad-rak-hauk-til-kurdistan-eva-hauksdottir\/"},"author":{"name":"Eva Hauksd\u00f3ttir","@id":"https:\/\/www.norn.is\/haukur\/#\/schema\/person\/1d9742389918a297671033a2b53d3d34"},"headline":"Hva\u00f0 rak Hauk til K\u00fardistan? &#8211; Eva Hauksd\u00f3ttir","datePublished":"2019-04-23T14:29:40+00:00","dateModified":"2021-03-08T18:51:42+00:00","mainEntityOfPage":{"@id":"https:\/\/www.norn.is\/haukur\/hvad-rak-hauk-til-kurdistan-eva-hauksdottir\/"},"wordCount":183,"commentCount":0,"image":{"@id":"https:\/\/www.norn.is\/haukur\/hvad-rak-hauk-til-kurdistan-eva-hauksdottir\/#primaryimage"},"thumbnailUrl":"https:\/\/www.norn.is\/haukur\/wp-content\/uploads\/sites\/19\/2019\/04\/DSCF3583-1.jpg","keywords":["hugmyndafr\u00e6\u00f0i","vopnu\u00f0 andspyrna"],"articleSection":["M\u00e1l\u00feing","R\u00e6\u00f0umenn"],"inLanguage":"is","potentialAction":[{"@type":"CommentAction","name":"Comment","target":["https:\/\/www.norn.is\/haukur\/hvad-rak-hauk-til-kurdistan-eva-hauksdottir\/#respond"]}]},{"@type":"WebPage","@id":"https:\/\/www.norn.is\/haukur\/hvad-rak-hauk-til-kurdistan-eva-hauksdottir\/","url":"https:\/\/www.norn.is\/haukur\/hvad-rak-hauk-til-kurdistan-eva-hauksdottir\/","name":"Hva\u00f0 rak Hauk til K\u00fardistan? - Eva Hauksd\u00f3ttir - Leikmenn \u00e1n landam\u00e6ra","isPartOf":{"@id":"https:\/\/www.norn.is\/haukur\/#website"},"primaryImageOfPage":{"@id":"https:\/\/www.norn.is\/haukur\/hvad-rak-hauk-til-kurdistan-eva-hauksdottir\/#primaryimage"},"image":{"@id":"https:\/\/www.norn.is\/haukur\/hvad-rak-hauk-til-kurdistan-eva-hauksdottir\/#primaryimage"},"thumbnailUrl":"https:\/\/www.norn.is\/haukur\/wp-content\/uploads\/sites\/19\/2019\/04\/DSCF3583-1.jpg","datePublished":"2019-04-23T14:29:40+00:00","dateModified":"2021-03-08T18:51:42+00:00","author":{"@id":"https:\/\/www.norn.is\/haukur\/#\/schema\/person\/1d9742389918a297671033a2b53d3d34"},"breadcrumb":{"@id":"https:\/\/www.norn.is\/haukur\/hvad-rak-hauk-til-kurdistan-eva-hauksdottir\/#breadcrumb"},"inLanguage":"is","potentialAction":[{"@type":"ReadAction","target":["https:\/\/www.norn.is\/haukur\/hvad-rak-hauk-til-kurdistan-eva-hauksdottir\/"]}]},{"@type":"ImageObject","inLanguage":"is","@id":"https:\/\/www.norn.is\/haukur\/hvad-rak-hauk-til-kurdistan-eva-hauksdottir\/#primaryimage","url":"https:\/\/www.norn.is\/haukur\/wp-content\/uploads\/sites\/19\/2019\/04\/DSCF3583-1.jpg","contentUrl":"https:\/\/www.norn.is\/haukur\/wp-content\/uploads\/sites\/19\/2019\/04\/DSCF3583-1.jpg","width":6000,"height":4000},{"@type":"BreadcrumbList","@id":"https:\/\/www.norn.is\/haukur\/hvad-rak-hauk-til-kurdistan-eva-hauksdottir\/#breadcrumb","itemListElement":[{"@type":"ListItem","position":1,"name":"Home","item":"https:\/\/www.norn.is\/haukur\/"},{"@type":"ListItem","position":2,"name":"Hva\u00f0 rak Hauk til K\u00fardistan? &#8211; Eva Hauksd\u00f3ttir"}]},{"@type":"WebSite","@id":"https:\/\/www.norn.is\/haukur\/#website","url":"https:\/\/www.norn.is\/haukur\/","name":"Leikmenn \u00e1n landam\u00e6ra","description":"","potentialAction":[{"@type":"SearchAction","target":{"@type":"EntryPoint","urlTemplate":"https:\/\/www.norn.is\/haukur\/?s={search_term_string}"},"query-input":{"@type":"PropertyValueSpecification","valueRequired":true,"valueName":"search_term_string"}}],"inLanguage":"is"},{"@type":"Person","@id":"https:\/\/www.norn.is\/haukur\/#\/schema\/person\/1d9742389918a297671033a2b53d3d34","name":"Eva Hauksd\u00f3ttir","url":"https:\/\/www.norn.is\/haukur\/author\/evahauks\/"}]}},"_links":{"self":[{"href":"https:\/\/www.norn.is\/haukur\/wp-json\/wp\/v2\/posts\/1394","targetHints":{"allow":["GET"]}}],"collection":[{"href":"https:\/\/www.norn.is\/haukur\/wp-json\/wp\/v2\/posts"}],"about":[{"href":"https:\/\/www.norn.is\/haukur\/wp-json\/wp\/v2\/types\/post"}],"author":[{"embeddable":true,"href":"https:\/\/www.norn.is\/haukur\/wp-json\/wp\/v2\/users\/7"}],"replies":[{"embeddable":true,"href":"https:\/\/www.norn.is\/haukur\/wp-json\/wp\/v2\/comments?post=1394"}],"version-history":[{"count":13,"href":"https:\/\/www.norn.is\/haukur\/wp-json\/wp\/v2\/posts\/1394\/revisions"}],"predecessor-version":[{"id":2554,"href":"https:\/\/www.norn.is\/haukur\/wp-json\/wp\/v2\/posts\/1394\/revisions\/2554"}],"wp:featuredmedia":[{"embeddable":true,"href":"https:\/\/www.norn.is\/haukur\/wp-json\/wp\/v2\/media\/1560"}],"wp:attachment":[{"href":"https:\/\/www.norn.is\/haukur\/wp-json\/wp\/v2\/media?parent=1394"}],"wp:term":[{"taxonomy":"category","embeddable":true,"href":"https:\/\/www.norn.is\/haukur\/wp-json\/wp\/v2\/categories?post=1394"},{"taxonomy":"post_tag","embeddable":true,"href":"https:\/\/www.norn.is\/haukur\/wp-json\/wp\/v2\/tags?post=1394"}],"curies":[{"name":"wp","href":"https:\/\/api.w.org\/{rel}","templated":true}]}}