{"id":135,"date":"2019-04-23T12:22:45","date_gmt":"2019-04-23T12:22:45","guid":{"rendered":"http:\/\/www.norn.is\/haukur\/?p=135"},"modified":"2021-03-09T21:15:02","modified_gmt":"2021-03-09T21:15:02","slug":"i-dag","status":"publish","type":"post","link":"https:\/\/www.norn.is\/haukur\/i-dag\/","title":{"rendered":"Dagb\u00f3karf\u00e6rsla fr\u00e1 mars 2006"},"content":{"rendered":"\n<p class=\"has-text-align-right\"><strong>21. mars 2006<\/strong><\/p>\n\n\n\n<p><em>\u00c9g vakna\u00f0i upp fr\u00e1 p\u00f3lit\u00edsku draumam\u00f3ki vi\u00f0 \u00fea\u00f0 a\u00f0 mamma g\u00f3la\u00f0i upp yfir sig a\u00f0 vi\u00f0 YR\u00d0UM A\u00d0 FARA!!!\u201c<\/em><\/p>\n\n\n\n<p><em>\u00c9g p\u00edndi mig hetjulega \u00ed e\u00f0lisfr\u00e6\u00f0i og s\u00e1lfr\u00e6\u00f0i en slapp vi\u00f0 sp\u00e6nsku vegna \u00feess a\u00f0 \u00ed dag f\u00f3r fyrsti h\u00f3purinn \u00ed skelfilegt munnlegt pr\u00f3f. Hr\u00e6\u00f0ilegu fr\u00e9ttirnar eru a\u00f0 \u00e1 morgun kemur a\u00f0 m\u00e9r.<\/em><\/p>\n\n\n\n<p><em>Eftir sk\u00f3la f\u00f3r \u00e9g \u00ed \u00dej\u00f3\u00f0leikh\u00fasi\u00f0 og s\u00f3tti mi\u00f0a. \u00cd n\u00e6stu viku ver\u00f0ur \u00f6rleikrit eftir mig flutt af leiklistarnemum me\u00f0al annara verka.<\/em><\/p>\n\n\n\n<p><em>Svo \u00e9g segi a\u00f0eins fr\u00e1 m\u00f3tm\u00e6lunum \u00e1 laugardaginn, \u00fe\u00e1 voru \u00feau f\u00e1menn og l\u00e1gv\u00e6r, enda ekki nema von \u00feegar minnst er sm\u00e1r\u00e6\u00f0i eins og yfirl\u00fdsingu \u00e1r\u00e1sarstr\u00ed\u00f0 \u00cdslands \u00e1 hendur \u00fej\u00f3\u00f0 sem ekki \u00f3gnar \u00cdslandi.<\/em><\/p>\n\n\n\n<p class=\"has-text-align-center\">***<\/p>\n\n\n\n<h4 class=\"wp-block-heading\">Huglei\u00f0ingar Evu<\/h4>\n\n\n\n<p>F\u00e6rslan h\u00e9r a\u00f0 ofan er elsta dagb\u00f3karbrot Hauks sem \u00e9g hef var\u00f0veitt. V\u00e6ntingar Hauks um \u00fe\u00e1tt\u00f6ku \u00ed m\u00f3tm\u00e6lum gegn \u00cdraksstr\u00ed\u00f0inu sem og mat hans \u00e1 \u00fev\u00ed hvernig til t\u00f3kst voru <a href=\"https:\/\/fridur.is\/velheppnadir-fundir-gegn-iraksstridinu-i-reykjavik\/\" target=\"_blank\" rel=\"noreferrer noopener\">ekki \u00ed neinum takti vi\u00f0 raunveruleikann<\/a> en \u00feessi umm\u00e6li hans varpa d\u00e1litlu lj\u00f3si \u00e1 karakter hans og hugarheim. Hann skildi bara ekkert \u00ed \u00fev\u00ed a\u00f0 f\u00f3lk g\u00e6ti veri\u00f0 v\u00e6ruk\u00e6rt gagnvart heimsvaldastefnu og a\u00f0 \u00fea\u00f0 teldi kurteisleg m\u00f3tm\u00e6li l\u00edkleg til \u00e1rangurs.<\/p>\n\n\n\n<p>\u00d6rleikriti\u00f0 sem hann nefnir var eitt af fimm verkum sem fengu vi\u00f0urkenningu \u00ed <a href=\"https:\/\/leiklist.is\/leikritasamkeppni-framhaldsskema\/\">\u00f6rleikritasamkeppni framhaldssk\u00f3lanna 2006<\/a>. Ef \u00e9g man r\u00e9tt f\u00e9kk Haukur \u00feri\u00f0ju ver\u00f0laun. \u00dev\u00ed mi\u00f0ur er leikriti\u00f0 hans t\u00fdnt. \u00dea\u00f0 er mikill ska\u00f0i \u00fev\u00ed efni og efnist\u00f6k varpa lj\u00f3si \u00e1 s\u00ed\u00f0ustu daga hans, 12 \u00e1rum s\u00ed\u00f0ar. \u00deetta er einr\u00e6\u00f0a byltingarforingja \u00e1 fl\u00f3tta. Hann rekur \u00e1st\u00e6\u00f0ur \u00feess a\u00f0 nau\u00f0synlegt var a\u00f0 gera byltingu, segir fr\u00e1 hugmyndafr\u00e6\u00f0inni og hugsj\u00f3nunum a\u00f0 baki og hvernig hreyfingin hans n\u00e1\u00f0i a\u00f0 f\u00f3ta sig. En hugsj\u00f3nirnar v\u00edkja flj\u00f3tt og hann l\u00fdsir grimmdarverkum sem hann og menn hans fr\u00f6mdu. Hann reynir a\u00f0 r\u00e9ttl\u00e6ta \u00feau en vi\u00f0 vitum a\u00f0 hann veit betur. Vopnin sn\u00faast svo \u00ed h\u00f6ndunum \u00e1 honum og hann les fr\u00e9ttir af leitinni a\u00f0 s\u00e9r \u00ed bl\u00f6\u00f0unum. \u00dea\u00f0 var&nbsp;Bjarni Sn\u00e6bj\u00f6rnsson sem f\u00e9kk hlutverk byltingarforingjans og f\u00f3r g\u00edfurlega vel me\u00f0 hlutverki\u00f0.<\/p>\n\n\n\n<p>\u00dea\u00f0 er mj\u00f6g \u00f3l\u00edkegt a\u00f0 handritin s\u00e9u til hj\u00e1 \u00dej\u00f3\u00f0leikh\u00fasinu. Leikstj\u00f3rinn, Ingibj\u00f6rg \u00de\u00f3risd\u00f3ttir man eftir \u00feessu og hefur reynt a\u00f0 hafa upp \u00e1 textanum. \u00dea\u00f0 hefur ekki bori\u00f0 \u00e1rangur enn\u00fe\u00e1. Ef svo \u00f3l\u00edklega vill til a\u00f0 einhver hafi var\u00f0veitt handriti\u00f0 \u00fe\u00e1 yr\u00f0i \u00e9g \u00f3endalega \u00feakkl\u00e1t fyrir uppl\u00fdsingar.<\/p>\n\n\n\n<p>\u00deetta er eina umfj\u00f6llunin um \u00feessa keppni sem \u00e9g hef fundi\u00f0 og Haukur er ekki nefndur \u00fear. H\u00fan birtist \u00ed <a href=\"http:\/\/timarit.is\/view_page_init.jsp?issId=284290&amp;pageId=4126613&amp;lang=is&amp;q=%D6rleikritasamkeppni\">Mogganum 29. mars 2006<\/a>.<\/p>\n\n\n\n<div class=\"wp-block-image\"><figure class=\"aligncenter\"><a href=\"http:\/\/www.norn.is\/haukur\/wp-content\/uploads\/sites\/19\/2006\/03\/\u00f6rleikrit.png\"><img loading=\"lazy\" decoding=\"async\" width=\"761\" height=\"721\" src=\"http:\/\/www.norn.is\/haukur\/wp-content\/uploads\/sites\/19\/2006\/03\/\u00f6rleikrit.png\" alt=\"\" class=\"wp-image-1189\" srcset=\"https:\/\/www.norn.is\/haukur\/wp-content\/uploads\/sites\/19\/2006\/03\/\u00f6rleikrit.png 761w, https:\/\/www.norn.is\/haukur\/wp-content\/uploads\/sites\/19\/2006\/03\/\u00f6rleikrit-300x284.png 300w, https:\/\/www.norn.is\/haukur\/wp-content\/uploads\/sites\/19\/2006\/03\/\u00f6rleikrit-600x568.png 600w\" sizes=\"auto, (max-width: 761px) 100vw, 761px\" \/><\/a><\/figure><\/div>\n","protected":false},"excerpt":{"rendered":"<p>21. mars 2006 \u00c9g vakna\u00f0i upp fr\u00e1 p\u00f3lit\u00edsku draumam\u00f3ki vi\u00f0 \u00fea\u00f0 a\u00f0 mamma g\u00f3la\u00f0i upp yfir sig a\u00f0 vi\u00f0 YR\u00d0UM A\u00d0 FARA!!!\u201c \u00c9g p\u00edndi mig hetjulega \u00ed e\u00f0lisfr\u00e6\u00f0i og s\u00e1lfr\u00e6\u00f0i en slapp vi\u00f0 sp\u00e6nsku vegna \u00feess a\u00f0 \u00ed dag f\u00f3r fyrsti h\u00f3purinn \u00ed skelfilegt munnlegt pr\u00f3f. Hr\u00e6\u00f0ilegu fr\u00e9ttirnar eru a\u00f0 \u00e1 morgun kemur a\u00f0 m\u00e9r. [&hellip;]<\/p>\n","protected":false},"author":2,"featured_media":1199,"comment_status":"open","ping_status":"closed","sticky":false,"template":"","format":"standard","meta":{"_et_pb_use_builder":"","_et_pb_old_content":"","_et_gb_content_width":"","footnotes":""},"categories":[1,7,5],"tags":[74,30],"class_list":["post-135","post","type-post","status-publish","format-standard","has-post-thumbnail","hentry","category-allt-efni","category-dagbaekur-bref","category-skrif-hauks","tag-orleikrit","tag-samtok-hernadarandstaedinga","et-has-post-format-content","et_post_format-et-post-format-standard"],"yoast_head":"<!-- This site is optimized with the Yoast SEO plugin v27.5 - https:\/\/yoast.com\/product\/yoast-seo-wordpress\/ -->\n<title>Dagb\u00f3karf\u00e6rsla fr\u00e1 mars 2006 - Leikmenn \u00e1n landam\u00e6ra<\/title>\n<meta name=\"robots\" content=\"index, follow, max-snippet:-1, max-image-preview:large, max-video-preview:-1\" \/>\n<link rel=\"canonical\" href=\"https:\/\/www.norn.is\/haukur\/i-dag\/\" \/>\n<meta property=\"og:locale\" content=\"is_IS\" \/>\n<meta property=\"og:type\" content=\"article\" \/>\n<meta property=\"og:title\" content=\"Dagb\u00f3karf\u00e6rsla fr\u00e1 mars 2006 - Leikmenn \u00e1n landam\u00e6ra\" \/>\n<meta property=\"og:description\" content=\"21. mars 2006 \u00c9g vakna\u00f0i upp fr\u00e1 p\u00f3lit\u00edsku draumam\u00f3ki vi\u00f0 \u00fea\u00f0 a\u00f0 mamma g\u00f3la\u00f0i upp yfir sig a\u00f0 vi\u00f0 YR\u00d0UM A\u00d0 FARA!!!\u201c \u00c9g p\u00edndi mig hetjulega \u00ed e\u00f0lisfr\u00e6\u00f0i og s\u00e1lfr\u00e6\u00f0i en slapp vi\u00f0 sp\u00e6nsku vegna \u00feess a\u00f0 \u00ed dag f\u00f3r fyrsti h\u00f3purinn \u00ed skelfilegt munnlegt pr\u00f3f. Hr\u00e6\u00f0ilegu fr\u00e9ttirnar eru a\u00f0 \u00e1 morgun kemur a\u00f0 m\u00e9r. [&hellip;]\" \/>\n<meta property=\"og:url\" content=\"https:\/\/www.norn.is\/haukur\/i-dag\/\" \/>\n<meta property=\"og:site_name\" content=\"Leikmenn \u00e1n landam\u00e6ra\" \/>\n<meta property=\"article:published_time\" content=\"2019-04-23T12:22:45+00:00\" \/>\n<meta property=\"article:modified_time\" content=\"2021-03-09T21:15:02+00:00\" \/>\n<meta property=\"og:image\" content=\"https:\/\/www.norn.is\/haukur\/wp-content\/uploads\/sites\/19\/2019\/04\/17feature.png\" \/>\n\t<meta property=\"og:image:width\" content=\"1408\" \/>\n\t<meta property=\"og:image:height\" content=\"677\" \/>\n\t<meta property=\"og:image:type\" content=\"image\/png\" \/>\n<meta name=\"author\" content=\"Eva Hauksd\u00f3ttir\" \/>\n<meta name=\"twitter:card\" content=\"summary_large_image\" \/>\n<meta name=\"twitter:label1\" content=\"Written by\" \/>\n\t<meta name=\"twitter:data1\" content=\"Eva Hauksd\u00f3ttir\" \/>\n\t<meta name=\"twitter:label2\" content=\"Est. reading time\" \/>\n\t<meta name=\"twitter:data2\" content=\"2 minutes\" \/>\n<script type=\"application\/ld+json\" class=\"yoast-schema-graph\">{\"@context\":\"https:\\\/\\\/schema.org\",\"@graph\":[{\"@type\":\"Article\",\"@id\":\"https:\\\/\\\/www.norn.is\\\/haukur\\\/i-dag\\\/#article\",\"isPartOf\":{\"@id\":\"https:\\\/\\\/www.norn.is\\\/haukur\\\/i-dag\\\/\"},\"author\":{\"name\":\"Eva Hauksd\u00f3ttir\",\"@id\":\"https:\\\/\\\/www.norn.is\\\/haukur\\\/#\\\/schema\\\/person\\\/2eb0fcae9e1ecc61987f7ed9c878531c\"},\"headline\":\"Dagb\u00f3karf\u00e6rsla fr\u00e1 mars 2006\",\"datePublished\":\"2019-04-23T12:22:45+00:00\",\"dateModified\":\"2021-03-09T21:15:02+00:00\",\"mainEntityOfPage\":{\"@id\":\"https:\\\/\\\/www.norn.is\\\/haukur\\\/i-dag\\\/\"},\"wordCount\":478,\"commentCount\":0,\"image\":{\"@id\":\"https:\\\/\\\/www.norn.is\\\/haukur\\\/i-dag\\\/#primaryimage\"},\"thumbnailUrl\":\"https:\\\/\\\/www.norn.is\\\/haukur\\\/wp-content\\\/uploads\\\/sites\\\/19\\\/2019\\\/04\\\/17feature.png\",\"keywords\":[\"\u00f6rleikrit\",\"Samt\u00f6k Herna\u00f0arandst\u00e6\u00f0inga\"],\"articleSection\":[\"Allt efni\",\"Dagb\u00e6kur &amp; br\u00e9f\",\"Skrif Hauks\"],\"inLanguage\":\"is\",\"potentialAction\":[{\"@type\":\"CommentAction\",\"name\":\"Comment\",\"target\":[\"https:\\\/\\\/www.norn.is\\\/haukur\\\/i-dag\\\/#respond\"]}]},{\"@type\":\"WebPage\",\"@id\":\"https:\\\/\\\/www.norn.is\\\/haukur\\\/i-dag\\\/\",\"url\":\"https:\\\/\\\/www.norn.is\\\/haukur\\\/i-dag\\\/\",\"name\":\"Dagb\u00f3karf\u00e6rsla fr\u00e1 mars 2006 - Leikmenn \u00e1n landam\u00e6ra\",\"isPartOf\":{\"@id\":\"https:\\\/\\\/www.norn.is\\\/haukur\\\/#website\"},\"primaryImageOfPage\":{\"@id\":\"https:\\\/\\\/www.norn.is\\\/haukur\\\/i-dag\\\/#primaryimage\"},\"image\":{\"@id\":\"https:\\\/\\\/www.norn.is\\\/haukur\\\/i-dag\\\/#primaryimage\"},\"thumbnailUrl\":\"https:\\\/\\\/www.norn.is\\\/haukur\\\/wp-content\\\/uploads\\\/sites\\\/19\\\/2019\\\/04\\\/17feature.png\",\"datePublished\":\"2019-04-23T12:22:45+00:00\",\"dateModified\":\"2021-03-09T21:15:02+00:00\",\"author\":{\"@id\":\"https:\\\/\\\/www.norn.is\\\/haukur\\\/#\\\/schema\\\/person\\\/2eb0fcae9e1ecc61987f7ed9c878531c\"},\"breadcrumb\":{\"@id\":\"https:\\\/\\\/www.norn.is\\\/haukur\\\/i-dag\\\/#breadcrumb\"},\"inLanguage\":\"is\",\"potentialAction\":[{\"@type\":\"ReadAction\",\"target\":[\"https:\\\/\\\/www.norn.is\\\/haukur\\\/i-dag\\\/\"]}]},{\"@type\":\"ImageObject\",\"inLanguage\":\"is\",\"@id\":\"https:\\\/\\\/www.norn.is\\\/haukur\\\/i-dag\\\/#primaryimage\",\"url\":\"https:\\\/\\\/www.norn.is\\\/haukur\\\/wp-content\\\/uploads\\\/sites\\\/19\\\/2019\\\/04\\\/17feature.png\",\"contentUrl\":\"https:\\\/\\\/www.norn.is\\\/haukur\\\/wp-content\\\/uploads\\\/sites\\\/19\\\/2019\\\/04\\\/17feature.png\",\"width\":1408,\"height\":677},{\"@type\":\"BreadcrumbList\",\"@id\":\"https:\\\/\\\/www.norn.is\\\/haukur\\\/i-dag\\\/#breadcrumb\",\"itemListElement\":[{\"@type\":\"ListItem\",\"position\":1,\"name\":\"Home\",\"item\":\"https:\\\/\\\/www.norn.is\\\/haukur\\\/\"},{\"@type\":\"ListItem\",\"position\":2,\"name\":\"Dagb\u00f3karf\u00e6rsla fr\u00e1 mars 2006\"}]},{\"@type\":\"WebSite\",\"@id\":\"https:\\\/\\\/www.norn.is\\\/haukur\\\/#website\",\"url\":\"https:\\\/\\\/www.norn.is\\\/haukur\\\/\",\"name\":\"Leikmenn \u00e1n landam\u00e6ra\",\"description\":\"\",\"potentialAction\":[{\"@type\":\"SearchAction\",\"target\":{\"@type\":\"EntryPoint\",\"urlTemplate\":\"https:\\\/\\\/www.norn.is\\\/haukur\\\/?s={search_term_string}\"},\"query-input\":{\"@type\":\"PropertyValueSpecification\",\"valueRequired\":true,\"valueName\":\"search_term_string\"}}],\"inLanguage\":\"is\"},{\"@type\":\"Person\",\"@id\":\"https:\\\/\\\/www.norn.is\\\/haukur\\\/#\\\/schema\\\/person\\\/2eb0fcae9e1ecc61987f7ed9c878531c\",\"name\":\"Eva Hauksd\u00f3ttir\",\"sameAs\":[\"http:\\\/\\\/www.norn.is\"],\"url\":\"https:\\\/\\\/www.norn.is\\\/haukur\\\/author\\\/eva\\\/\"}]}<\/script>\n<!-- \/ Yoast SEO plugin. -->","yoast_head_json":{"title":"Dagb\u00f3karf\u00e6rsla fr\u00e1 mars 2006 - Leikmenn \u00e1n landam\u00e6ra","robots":{"index":"index","follow":"follow","max-snippet":"max-snippet:-1","max-image-preview":"max-image-preview:large","max-video-preview":"max-video-preview:-1"},"canonical":"https:\/\/www.norn.is\/haukur\/i-dag\/","og_locale":"is_IS","og_type":"article","og_title":"Dagb\u00f3karf\u00e6rsla fr\u00e1 mars 2006 - Leikmenn \u00e1n landam\u00e6ra","og_description":"21. mars 2006 \u00c9g vakna\u00f0i upp fr\u00e1 p\u00f3lit\u00edsku draumam\u00f3ki vi\u00f0 \u00fea\u00f0 a\u00f0 mamma g\u00f3la\u00f0i upp yfir sig a\u00f0 vi\u00f0 YR\u00d0UM A\u00d0 FARA!!!\u201c \u00c9g p\u00edndi mig hetjulega \u00ed e\u00f0lisfr\u00e6\u00f0i og s\u00e1lfr\u00e6\u00f0i en slapp vi\u00f0 sp\u00e6nsku vegna \u00feess a\u00f0 \u00ed dag f\u00f3r fyrsti h\u00f3purinn \u00ed skelfilegt munnlegt pr\u00f3f. Hr\u00e6\u00f0ilegu fr\u00e9ttirnar eru a\u00f0 \u00e1 morgun kemur a\u00f0 m\u00e9r. [&hellip;]","og_url":"https:\/\/www.norn.is\/haukur\/i-dag\/","og_site_name":"Leikmenn \u00e1n landam\u00e6ra","article_published_time":"2019-04-23T12:22:45+00:00","article_modified_time":"2021-03-09T21:15:02+00:00","og_image":[{"width":1408,"height":677,"url":"https:\/\/www.norn.is\/haukur\/wp-content\/uploads\/sites\/19\/2019\/04\/17feature.png","type":"image\/png"}],"author":"Eva Hauksd\u00f3ttir","twitter_card":"summary_large_image","twitter_misc":{"Written by":"Eva Hauksd\u00f3ttir","Est. reading time":"2 minutes"},"schema":{"@context":"https:\/\/schema.org","@graph":[{"@type":"Article","@id":"https:\/\/www.norn.is\/haukur\/i-dag\/#article","isPartOf":{"@id":"https:\/\/www.norn.is\/haukur\/i-dag\/"},"author":{"name":"Eva Hauksd\u00f3ttir","@id":"https:\/\/www.norn.is\/haukur\/#\/schema\/person\/2eb0fcae9e1ecc61987f7ed9c878531c"},"headline":"Dagb\u00f3karf\u00e6rsla fr\u00e1 mars 2006","datePublished":"2019-04-23T12:22:45+00:00","dateModified":"2021-03-09T21:15:02+00:00","mainEntityOfPage":{"@id":"https:\/\/www.norn.is\/haukur\/i-dag\/"},"wordCount":478,"commentCount":0,"image":{"@id":"https:\/\/www.norn.is\/haukur\/i-dag\/#primaryimage"},"thumbnailUrl":"https:\/\/www.norn.is\/haukur\/wp-content\/uploads\/sites\/19\/2019\/04\/17feature.png","keywords":["\u00f6rleikrit","Samt\u00f6k Herna\u00f0arandst\u00e6\u00f0inga"],"articleSection":["Allt efni","Dagb\u00e6kur &amp; br\u00e9f","Skrif Hauks"],"inLanguage":"is","potentialAction":[{"@type":"CommentAction","name":"Comment","target":["https:\/\/www.norn.is\/haukur\/i-dag\/#respond"]}]},{"@type":"WebPage","@id":"https:\/\/www.norn.is\/haukur\/i-dag\/","url":"https:\/\/www.norn.is\/haukur\/i-dag\/","name":"Dagb\u00f3karf\u00e6rsla fr\u00e1 mars 2006 - Leikmenn \u00e1n landam\u00e6ra","isPartOf":{"@id":"https:\/\/www.norn.is\/haukur\/#website"},"primaryImageOfPage":{"@id":"https:\/\/www.norn.is\/haukur\/i-dag\/#primaryimage"},"image":{"@id":"https:\/\/www.norn.is\/haukur\/i-dag\/#primaryimage"},"thumbnailUrl":"https:\/\/www.norn.is\/haukur\/wp-content\/uploads\/sites\/19\/2019\/04\/17feature.png","datePublished":"2019-04-23T12:22:45+00:00","dateModified":"2021-03-09T21:15:02+00:00","author":{"@id":"https:\/\/www.norn.is\/haukur\/#\/schema\/person\/2eb0fcae9e1ecc61987f7ed9c878531c"},"breadcrumb":{"@id":"https:\/\/www.norn.is\/haukur\/i-dag\/#breadcrumb"},"inLanguage":"is","potentialAction":[{"@type":"ReadAction","target":["https:\/\/www.norn.is\/haukur\/i-dag\/"]}]},{"@type":"ImageObject","inLanguage":"is","@id":"https:\/\/www.norn.is\/haukur\/i-dag\/#primaryimage","url":"https:\/\/www.norn.is\/haukur\/wp-content\/uploads\/sites\/19\/2019\/04\/17feature.png","contentUrl":"https:\/\/www.norn.is\/haukur\/wp-content\/uploads\/sites\/19\/2019\/04\/17feature.png","width":1408,"height":677},{"@type":"BreadcrumbList","@id":"https:\/\/www.norn.is\/haukur\/i-dag\/#breadcrumb","itemListElement":[{"@type":"ListItem","position":1,"name":"Home","item":"https:\/\/www.norn.is\/haukur\/"},{"@type":"ListItem","position":2,"name":"Dagb\u00f3karf\u00e6rsla fr\u00e1 mars 2006"}]},{"@type":"WebSite","@id":"https:\/\/www.norn.is\/haukur\/#website","url":"https:\/\/www.norn.is\/haukur\/","name":"Leikmenn \u00e1n landam\u00e6ra","description":"","potentialAction":[{"@type":"SearchAction","target":{"@type":"EntryPoint","urlTemplate":"https:\/\/www.norn.is\/haukur\/?s={search_term_string}"},"query-input":{"@type":"PropertyValueSpecification","valueRequired":true,"valueName":"search_term_string"}}],"inLanguage":"is"},{"@type":"Person","@id":"https:\/\/www.norn.is\/haukur\/#\/schema\/person\/2eb0fcae9e1ecc61987f7ed9c878531c","name":"Eva Hauksd\u00f3ttir","sameAs":["http:\/\/www.norn.is"],"url":"https:\/\/www.norn.is\/haukur\/author\/eva\/"}]}},"_links":{"self":[{"href":"https:\/\/www.norn.is\/haukur\/wp-json\/wp\/v2\/posts\/135","targetHints":{"allow":["GET"]}}],"collection":[{"href":"https:\/\/www.norn.is\/haukur\/wp-json\/wp\/v2\/posts"}],"about":[{"href":"https:\/\/www.norn.is\/haukur\/wp-json\/wp\/v2\/types\/post"}],"author":[{"embeddable":true,"href":"https:\/\/www.norn.is\/haukur\/wp-json\/wp\/v2\/users\/2"}],"replies":[{"embeddable":true,"href":"https:\/\/www.norn.is\/haukur\/wp-json\/wp\/v2\/comments?post=135"}],"version-history":[{"count":10,"href":"https:\/\/www.norn.is\/haukur\/wp-json\/wp\/v2\/posts\/135\/revisions"}],"predecessor-version":[{"id":2631,"href":"https:\/\/www.norn.is\/haukur\/wp-json\/wp\/v2\/posts\/135\/revisions\/2631"}],"wp:featuredmedia":[{"embeddable":true,"href":"https:\/\/www.norn.is\/haukur\/wp-json\/wp\/v2\/media\/1199"}],"wp:attachment":[{"href":"https:\/\/www.norn.is\/haukur\/wp-json\/wp\/v2\/media?parent=135"}],"wp:term":[{"taxonomy":"category","embeddable":true,"href":"https:\/\/www.norn.is\/haukur\/wp-json\/wp\/v2\/categories?post=135"},{"taxonomy":"post_tag","embeddable":true,"href":"https:\/\/www.norn.is\/haukur\/wp-json\/wp\/v2\/tags?post=135"}],"curies":[{"name":"wp","href":"https:\/\/api.w.org\/{rel}","templated":true}]}}