{"id":862,"date":"2013-02-26T21:28:11","date_gmt":"2013-02-26T21:28:11","guid":{"rendered":"http:\/\/www.norn.is\/eva\/?p=862"},"modified":"2020-06-01T21:37:32","modified_gmt":"2020-06-01T21:37:32","slug":"tharf-rikissaksoknari-ad-saeta-abyrgd","status":"publish","type":"post","link":"https:\/\/www.norn.is\/eva\/2013\/02\/26\/tharf-rikissaksoknari-ad-saeta-abyrgd\/","title":{"rendered":"\u00dearf r\u00edkissaks\u00f3knari a\u00f0 s\u00e6ta \u00e1byrg\u00f0?"},"content":{"rendered":"\n<p><a href=\"http:\/\/www.ruv.is\/frett\/beidnir-um-hlerun-naer-alltaf-samthykktar\">\u00c1rlega f\u00e6r l\u00f6greglan 175 hleranaheimildir<\/a>. \u00dea\u00f0 merkir n\u00fd hlerunarheimild n\u00e6stum \u00fev\u00ed annan hvern dag. Heimildir hafa gilt \u00ed allt a\u00f0 110 daga. Hversu lengi \u00e6tli hleranaheimildir gildi a\u00f0 me\u00f0altali? Hversu margir hlerunardagar eru \u00feetta samanlagt?<\/p>\n\n\n\n<p>Ekkert eftirlit<\/p>\n\n\n\n<p>Enn veit almenningur ekkert hvort eftirlit me\u00f0 hlerunum er yfirh\u00f6fu\u00f0 vi\u00f0haft. R\u00edkissaks\u00f3knari getur engu svara\u00f0 og v\u00edsar \u00e1 einhverja a\u00f0ra en n\u00fa er allavega sta\u00f0fest a\u00f0 \u00feeir sem s\u00e6ta hlerunum geta ekki reikna\u00f0 me\u00f0 a\u00f0 vera l\u00e1tnir vita af \u00fev\u00ed s\u00ed\u00f0ar. L\u00f6greglunni tekst sko ekki a\u00f0 hafa uppi \u00e1 \u00feeim! Halda yfirv\u00f6ld a\u00f0 almennir borgarar s\u00e9u kjagandi bj\u00e1nakeppir? Vilji\u00f0i pl\u00eds bj\u00f3\u00f0a upp \u00e1 a\u00f0eins metna\u00f0arfyllri afs\u00f6kun n\u00e6st.<\/p>\n\n\n\n<p>Innanr\u00edkisr\u00e1\u00f0uneyti\u00f0 ber \u00e1byrg\u00f0 \u00e1 r\u00edkissaks\u00f3knara. Kanna\u00f0i innanr\u00edkisr\u00e1\u00f0herra hvernig sta\u00f0i\u00f0 er a\u00f0 eftirliti me\u00f0 hlerunum \u00e1\u00f0ur en hann h\u00f3f a\u00f0 bo\u00f0a fagna\u00f0arerindi sitt um forvirkar ranns\u00f3knarheimilidir? Hafi hann gert \u00fea\u00f0 \u00fe\u00e1 hefur hann \u00feaga\u00f0 yfir ni\u00f0urst\u00f6\u00f0unni. \u00dea\u00f0 var Bjarni Ben sem s\u00e1 til \u00feess a\u00f0 draga \u00feetta hneyksli upp \u00e1 yfirbor\u00f0i\u00f0. Ma\u00f0ur hef\u00f0i kannski frekar b\u00faist vi\u00f0 \u00fev\u00ed a\u00f0 meintir vinstri menn l\u00e9tu sig \u00feessi m\u00e1l var\u00f0a.<\/p>\n\n\n\n<p>Vald \u00e1n \u00e1byrg\u00f0ar<\/p>\n\n\n\n<p>\u00c1 sumum st\u00f6\u00f0um \u00ed \u00cdsrael er herinn me\u00f0 bunka af undirritu\u00f0um t\u00e1lmunarheimildum \u00ed b\u00edlunum. \u00deegar herm\u00f6nnum dettur \u00ed hug a\u00f0 loka einhverju sv\u00e6\u00f0i, \u00fearf ekkert a\u00f0 hafa samband vi\u00f0 yfirmenn, heldur m\u00e1 draga fram dagsetningarstimpil og reka svo br\u00e9fi\u00f0 upp \u00ed nefi\u00f0 \u00e1 \u00feeim sem vill komast lei\u00f0ar sinnar. \u00deetta m\u00e6tti kalla forvirkar t\u00e1lmunarheimilidir.<\/p>\n\n\n\n<p>\u00deetta fyrirkomulag er vi\u00f0haft vegna \u00feess a\u00f0 yfirmenn treysta s\u00ednu f\u00f3lki til a\u00f0 taka \u00e1kvar\u00f0anir um t\u00e1lmanir og \u00feetta sparar t\u00edma og umstang. \u00deetta hlj\u00f3mar kannski ekki eins og mikil breyting \u00fev\u00ed lokunarheimild f\u00e6st oftast hvort sem er. M\u00e1li\u00f0 er a\u00f0 \u00feegar b\u00fai\u00f0 a\u00f0 flytja valdi\u00f0 fr\u00e1 \u00feeim sem ber \u00e1byrg\u00f0ina og yfir til einhvers sem aldrei mun \u00feurfa a\u00f0 s\u00e6ta \u00e1byrg\u00f0, eru l\u00edtil takm\u00f6rk fyrir \u00fev\u00ed \u00e1 hversu heimskulegum forsendum m\u00f6nnum dettur \u00ed hug a\u00f0 loka vegum. Menn hika vi\u00f0 a\u00f0 hringja \u00ed yfirmann og segja \u201eh\u00e9r er &nbsp;ma\u00f0ur sem fer \u00ed taugarnar \u00e1 m\u00e9r og mig langar a\u00f0 b\u00f6gga hann. Getur\u00f0u \u00fatb\u00fai\u00f0 heimilid til a\u00f0 loka veginum og sent b\u00edl til m\u00edn me\u00f0 hana \u00ed hvelli?\u201c \u00dea\u00f0 er hinsvegar au\u00f0velt a\u00f0 stimpla bla\u00f0 og sk\u00e1lda svo upp sk\u00fdringu eftir \u00e1 ef \u00feess gerist \u00fe\u00f6rf.<\/p>\n\n\n\n<p>Hver mun bera \u00e1byrg\u00f0 \u00e1 forvirkum nj\u00f3snaheimildum?<\/p>\n\n\n\n<p>Munu forvirkar ranns\u00f3knarheimilidir virka \u00e1 sama h\u00e1tt? Ver\u00f0ur valdi\u00f0 f\u00e6rt fr\u00e1 \u00feeim sem ber \u00e1byrg\u00f0 til einhvers sem \u00fearf ekki a\u00f0 \u00f3ttast aflei\u00f0ingar gj\u00f6r\u00f0a sinna?<\/p>\n\n\n\n<p>R\u00f6k \u00d6gmundar fyrir \u00fev\u00ed a\u00f0 ekki \u00feurfi a\u00f0 \u00f3ttast misnotkun \u00e1 forvirkum nj\u00f3snaheimildum eru \u00feau a\u00f0 eftirlit muni koma \u00ed veg fyrir \u00fea\u00f0. En v\u00e6ri ekki r\u00e9tt a\u00f0 koma fyrst \u00e1 eftirliti me\u00f0 \u00feeim heimildum sem \u00feegar eru til sta\u00f0ar?<\/p>\n\n\n\n<p>R\u00edkissaks\u00f3knari veit bara ekkert \u00ed sinn haus. Hva\u00f0 \u00e6tlar innanr\u00edkisr\u00e1\u00f0uneyti\u00f0 a\u00f0 gera \u00ed \u00fev\u00ed? Ver\u00f0ur r\u00edkissaks\u00f3knari l\u00e1tinn s\u00e6ta \u00e1byrg\u00f0? \u00c9g \u00e6tla r\u00e9tt a\u00f0 vona a\u00f0 \u00edslenskir bla\u00f0amenn krefji innanr\u00edkisr\u00e1\u00f0herra svara vi\u00f0 \u00feeirri spurningu. \u00c9g vona jafnframt a\u00f0 \u00feeir hafi r\u00e6nu \u00e1 \u00fev\u00ed a\u00f0 spyrja hvar \u00e1byrg\u00f0in muni liggja \u00feegar &nbsp;forvirkar nj\u00f3snaheimildir ver\u00f0i misnota\u00f0ar og hvernig n\u00e1kv\u00e6mlega menn ver\u00f0i l\u00e1tnir axla \u00fe\u00e1 \u00e1byrg\u00f0.<\/p>\n","protected":false},"excerpt":{"rendered":"<p>\u00c1rlega f\u00e6r l\u00f6greglan 175 hleranaheimildir. \u00dea\u00f0 merkir n\u00fd hlerunarheimild n\u00e6stum \u00fev\u00ed annan hvern dag. Heimildir hafa gilt \u00ed allt a\u00f0 110 daga. Hversu lengi \u00e6tli hleranaheimildir gildi a\u00f0 me\u00f0altali? Hversu margir hlerunardagar eru \u00feetta samanlagt? Ekkert eftirlit Enn veit almenningur ekkert hvort eftirlit me\u00f0 hlerunum er yfirh\u00f6fu\u00f0 vi\u00f0haft. R\u00edkissaks\u00f3knari getur engu svara\u00f0 og v\u00edsar \u00e1 [&hellip;]<\/p>\n","protected":false},"author":7,"featured_media":864,"comment_status":"closed","ping_status":"open","sticky":false,"template":"","format":"standard","meta":{"_et_pb_use_builder":"off","_et_pb_old_content":"","_et_gb_content_width":"","footnotes":""},"categories":[201],"tags":[233,230,231,234],"class_list":["post-862","post","type-post","status-publish","format-standard","has-post-thumbnail","hentry","category-andof-yfirvald","tag-forvirkar-rannsoknarheimildir","tag-fridhelgi-einkalifs","tag-hleranir","tag-rikissaksoknari","et-has-post-format-content","et_post_format-et-post-format-standard"],"yoast_head":"<!-- This site is optimized with the Yoast SEO plugin v27.5 - https:\/\/yoast.com\/product\/yoast-seo-wordpress\/ -->\n<title>\u00dearf r\u00edkissaks\u00f3knari a\u00f0 s\u00e6ta \u00e1byrg\u00f0? - Eva Hauksd\u00f3ttir<\/title>\n<meta name=\"robots\" content=\"index, follow, max-snippet:-1, max-image-preview:large, max-video-preview:-1\" \/>\n<link rel=\"canonical\" href=\"https:\/\/www.norn.is\/eva\/2013\/02\/26\/tharf-rikissaksoknari-ad-saeta-abyrgd\/\" \/>\n<meta property=\"og:locale\" content=\"is_IS\" \/>\n<meta property=\"og:type\" content=\"article\" \/>\n<meta property=\"og:title\" content=\"\u00dearf r\u00edkissaks\u00f3knari a\u00f0 s\u00e6ta \u00e1byrg\u00f0? - Eva Hauksd\u00f3ttir\" \/>\n<meta property=\"og:description\" content=\"\u00c1rlega f\u00e6r l\u00f6greglan 175 hleranaheimildir. \u00dea\u00f0 merkir n\u00fd hlerunarheimild n\u00e6stum \u00fev\u00ed annan hvern dag. Heimildir hafa gilt \u00ed allt a\u00f0 110 daga. Hversu lengi \u00e6tli hleranaheimildir gildi a\u00f0 me\u00f0altali? Hversu margir hlerunardagar eru \u00feetta samanlagt? Ekkert eftirlit Enn veit almenningur ekkert hvort eftirlit me\u00f0 hlerunum er yfirh\u00f6fu\u00f0 vi\u00f0haft. R\u00edkissaks\u00f3knari getur engu svara\u00f0 og v\u00edsar \u00e1 [&hellip;]\" \/>\n<meta property=\"og:url\" content=\"https:\/\/www.norn.is\/eva\/2013\/02\/26\/tharf-rikissaksoknari-ad-saeta-abyrgd\/\" \/>\n<meta property=\"og:site_name\" content=\"Eva Hauksd\u00f3ttir\" \/>\n<meta property=\"article:published_time\" content=\"2013-02-26T21:28:11+00:00\" \/>\n<meta property=\"article:modified_time\" content=\"2020-06-01T21:37:32+00:00\" \/>\n<meta property=\"og:image\" content=\"https:\/\/www.norn.is\/eva\/wp-content\/uploads\/sites\/36\/2013\/02\/mobile-phone-monitoring.jpg\" \/>\n\t<meta property=\"og:image:width\" content=\"600\" \/>\n\t<meta property=\"og:image:height\" content=\"337\" \/>\n\t<meta property=\"og:image:type\" content=\"image\/jpeg\" \/>\n<meta name=\"author\" content=\"Eva Hauksd\u00f3ttir\" \/>\n<meta name=\"twitter:card\" content=\"summary_large_image\" \/>\n<meta name=\"twitter:label1\" content=\"Written by\" \/>\n\t<meta name=\"twitter:data1\" content=\"\" \/>\n\t<meta name=\"twitter:label2\" content=\"Est. reading time\" \/>\n\t<meta name=\"twitter:data2\" content=\"3 minutes\" \/>\n<script type=\"application\/ld+json\" class=\"yoast-schema-graph\">{\"@context\":\"https:\\\/\\\/schema.org\",\"@graph\":[{\"@type\":\"Article\",\"@id\":\"https:\\\/\\\/www.norn.is\\\/eva\\\/2013\\\/02\\\/26\\\/tharf-rikissaksoknari-ad-saeta-abyrgd\\\/#article\",\"isPartOf\":{\"@id\":\"https:\\\/\\\/www.norn.is\\\/eva\\\/2013\\\/02\\\/26\\\/tharf-rikissaksoknari-ad-saeta-abyrgd\\\/\"},\"author\":{\"name\":\"Eva Hauksd\u00f3ttir\",\"@id\":\"https:\\\/\\\/www.norn.is\\\/eva\\\/#\\\/schema\\\/person\\\/1d9742389918a297671033a2b53d3d34\"},\"headline\":\"\u00dearf r\u00edkissaks\u00f3knari a\u00f0 s\u00e6ta \u00e1byrg\u00f0?\",\"datePublished\":\"2013-02-26T21:28:11+00:00\",\"dateModified\":\"2020-06-01T21:37:32+00:00\",\"mainEntityOfPage\":{\"@id\":\"https:\\\/\\\/www.norn.is\\\/eva\\\/2013\\\/02\\\/26\\\/tharf-rikissaksoknari-ad-saeta-abyrgd\\\/\"},\"wordCount\":594,\"image\":{\"@id\":\"https:\\\/\\\/www.norn.is\\\/eva\\\/2013\\\/02\\\/26\\\/tharf-rikissaksoknari-ad-saeta-abyrgd\\\/#primaryimage\"},\"thumbnailUrl\":\"https:\\\/\\\/www.norn.is\\\/eva\\\/wp-content\\\/uploads\\\/sites\\\/36\\\/2013\\\/02\\\/mobile-phone-monitoring.jpg\",\"keywords\":[\"forvirkar ranns\u00f3knarheimildir\",\"fri\u00f0helgi einkal\u00edfs\",\"hleranir\",\"r\u00edkissaks\u00f3knari\"],\"articleSection\":[\"And\u00f3f &amp; yfirvald\"],\"inLanguage\":\"is\"},{\"@type\":\"WebPage\",\"@id\":\"https:\\\/\\\/www.norn.is\\\/eva\\\/2013\\\/02\\\/26\\\/tharf-rikissaksoknari-ad-saeta-abyrgd\\\/\",\"url\":\"https:\\\/\\\/www.norn.is\\\/eva\\\/2013\\\/02\\\/26\\\/tharf-rikissaksoknari-ad-saeta-abyrgd\\\/\",\"name\":\"\u00dearf r\u00edkissaks\u00f3knari a\u00f0 s\u00e6ta \u00e1byrg\u00f0? - Eva Hauksd\u00f3ttir\",\"isPartOf\":{\"@id\":\"https:\\\/\\\/www.norn.is\\\/eva\\\/#website\"},\"primaryImageOfPage\":{\"@id\":\"https:\\\/\\\/www.norn.is\\\/eva\\\/2013\\\/02\\\/26\\\/tharf-rikissaksoknari-ad-saeta-abyrgd\\\/#primaryimage\"},\"image\":{\"@id\":\"https:\\\/\\\/www.norn.is\\\/eva\\\/2013\\\/02\\\/26\\\/tharf-rikissaksoknari-ad-saeta-abyrgd\\\/#primaryimage\"},\"thumbnailUrl\":\"https:\\\/\\\/www.norn.is\\\/eva\\\/wp-content\\\/uploads\\\/sites\\\/36\\\/2013\\\/02\\\/mobile-phone-monitoring.jpg\",\"datePublished\":\"2013-02-26T21:28:11+00:00\",\"dateModified\":\"2020-06-01T21:37:32+00:00\",\"author\":{\"@id\":\"https:\\\/\\\/www.norn.is\\\/eva\\\/#\\\/schema\\\/person\\\/1d9742389918a297671033a2b53d3d34\"},\"breadcrumb\":{\"@id\":\"https:\\\/\\\/www.norn.is\\\/eva\\\/2013\\\/02\\\/26\\\/tharf-rikissaksoknari-ad-saeta-abyrgd\\\/#breadcrumb\"},\"inLanguage\":\"is\",\"potentialAction\":[{\"@type\":\"ReadAction\",\"target\":[\"https:\\\/\\\/www.norn.is\\\/eva\\\/2013\\\/02\\\/26\\\/tharf-rikissaksoknari-ad-saeta-abyrgd\\\/\"]}]},{\"@type\":\"ImageObject\",\"inLanguage\":\"is\",\"@id\":\"https:\\\/\\\/www.norn.is\\\/eva\\\/2013\\\/02\\\/26\\\/tharf-rikissaksoknari-ad-saeta-abyrgd\\\/#primaryimage\",\"url\":\"https:\\\/\\\/www.norn.is\\\/eva\\\/wp-content\\\/uploads\\\/sites\\\/36\\\/2013\\\/02\\\/mobile-phone-monitoring.jpg\",\"contentUrl\":\"https:\\\/\\\/www.norn.is\\\/eva\\\/wp-content\\\/uploads\\\/sites\\\/36\\\/2013\\\/02\\\/mobile-phone-monitoring.jpg\",\"width\":600,\"height\":337},{\"@type\":\"BreadcrumbList\",\"@id\":\"https:\\\/\\\/www.norn.is\\\/eva\\\/2013\\\/02\\\/26\\\/tharf-rikissaksoknari-ad-saeta-abyrgd\\\/#breadcrumb\",\"itemListElement\":[{\"@type\":\"ListItem\",\"position\":1,\"name\":\"Home\",\"item\":\"https:\\\/\\\/www.norn.is\\\/eva\\\/\"},{\"@type\":\"ListItem\",\"position\":2,\"name\":\"\u00dearf r\u00edkissaks\u00f3knari a\u00f0 s\u00e6ta \u00e1byrg\u00f0?\"}]},{\"@type\":\"WebSite\",\"@id\":\"https:\\\/\\\/www.norn.is\\\/eva\\\/#website\",\"url\":\"https:\\\/\\\/www.norn.is\\\/eva\\\/\",\"name\":\"Eva Hauksd\u00f3ttir\",\"description\":\"Evu blogg\",\"potentialAction\":[{\"@type\":\"SearchAction\",\"target\":{\"@type\":\"EntryPoint\",\"urlTemplate\":\"https:\\\/\\\/www.norn.is\\\/eva\\\/?s={search_term_string}\"},\"query-input\":{\"@type\":\"PropertyValueSpecification\",\"valueRequired\":true,\"valueName\":\"search_term_string\"}}],\"inLanguage\":\"is\"},{\"@type\":\"Person\",\"@id\":\"https:\\\/\\\/www.norn.is\\\/eva\\\/#\\\/schema\\\/person\\\/1d9742389918a297671033a2b53d3d34\",\"name\":\"Eva Hauksd\u00f3ttir\",\"image\":{\"@type\":\"ImageObject\",\"inLanguage\":\"is\",\"@id\":\"https:\\\/\\\/secure.gravatar.com\\\/avatar\\\/3690cd9ff7436a8a5d80acdc8fcb1046fbb9e002d4b532c85080d1bcbede84ce?s=96&d=mm&r=g\",\"url\":\"https:\\\/\\\/secure.gravatar.com\\\/avatar\\\/3690cd9ff7436a8a5d80acdc8fcb1046fbb9e002d4b532c85080d1bcbede84ce?s=96&d=mm&r=g\",\"contentUrl\":\"https:\\\/\\\/secure.gravatar.com\\\/avatar\\\/3690cd9ff7436a8a5d80acdc8fcb1046fbb9e002d4b532c85080d1bcbede84ce?s=96&d=mm&r=g\",\"caption\":\"Eva Hauksd\u00f3ttir\"},\"url\":\"https:\\\/\\\/www.norn.is\\\/eva\\\/author\\\/evahauks\\\/\"}]}<\/script>\n<!-- \/ Yoast SEO plugin. -->","yoast_head_json":{"title":"\u00dearf r\u00edkissaks\u00f3knari a\u00f0 s\u00e6ta \u00e1byrg\u00f0? - Eva Hauksd\u00f3ttir","robots":{"index":"index","follow":"follow","max-snippet":"max-snippet:-1","max-image-preview":"max-image-preview:large","max-video-preview":"max-video-preview:-1"},"canonical":"https:\/\/www.norn.is\/eva\/2013\/02\/26\/tharf-rikissaksoknari-ad-saeta-abyrgd\/","og_locale":"is_IS","og_type":"article","og_title":"\u00dearf r\u00edkissaks\u00f3knari a\u00f0 s\u00e6ta \u00e1byrg\u00f0? - Eva Hauksd\u00f3ttir","og_description":"\u00c1rlega f\u00e6r l\u00f6greglan 175 hleranaheimildir. \u00dea\u00f0 merkir n\u00fd hlerunarheimild n\u00e6stum \u00fev\u00ed annan hvern dag. Heimildir hafa gilt \u00ed allt a\u00f0 110 daga. Hversu lengi \u00e6tli hleranaheimildir gildi a\u00f0 me\u00f0altali? Hversu margir hlerunardagar eru \u00feetta samanlagt? Ekkert eftirlit Enn veit almenningur ekkert hvort eftirlit me\u00f0 hlerunum er yfirh\u00f6fu\u00f0 vi\u00f0haft. R\u00edkissaks\u00f3knari getur engu svara\u00f0 og v\u00edsar \u00e1 [&hellip;]","og_url":"https:\/\/www.norn.is\/eva\/2013\/02\/26\/tharf-rikissaksoknari-ad-saeta-abyrgd\/","og_site_name":"Eva Hauksd\u00f3ttir","article_published_time":"2013-02-26T21:28:11+00:00","article_modified_time":"2020-06-01T21:37:32+00:00","og_image":[{"width":600,"height":337,"url":"https:\/\/www.norn.is\/eva\/wp-content\/uploads\/sites\/36\/2013\/02\/mobile-phone-monitoring.jpg","type":"image\/jpeg"}],"author":"Eva Hauksd\u00f3ttir","twitter_card":"summary_large_image","twitter_misc":{"Written by":false,"Est. reading time":"3 minutes"},"schema":{"@context":"https:\/\/schema.org","@graph":[{"@type":"Article","@id":"https:\/\/www.norn.is\/eva\/2013\/02\/26\/tharf-rikissaksoknari-ad-saeta-abyrgd\/#article","isPartOf":{"@id":"https:\/\/www.norn.is\/eva\/2013\/02\/26\/tharf-rikissaksoknari-ad-saeta-abyrgd\/"},"author":{"name":"Eva Hauksd\u00f3ttir","@id":"https:\/\/www.norn.is\/eva\/#\/schema\/person\/1d9742389918a297671033a2b53d3d34"},"headline":"\u00dearf r\u00edkissaks\u00f3knari a\u00f0 s\u00e6ta \u00e1byrg\u00f0?","datePublished":"2013-02-26T21:28:11+00:00","dateModified":"2020-06-01T21:37:32+00:00","mainEntityOfPage":{"@id":"https:\/\/www.norn.is\/eva\/2013\/02\/26\/tharf-rikissaksoknari-ad-saeta-abyrgd\/"},"wordCount":594,"image":{"@id":"https:\/\/www.norn.is\/eva\/2013\/02\/26\/tharf-rikissaksoknari-ad-saeta-abyrgd\/#primaryimage"},"thumbnailUrl":"https:\/\/www.norn.is\/eva\/wp-content\/uploads\/sites\/36\/2013\/02\/mobile-phone-monitoring.jpg","keywords":["forvirkar ranns\u00f3knarheimildir","fri\u00f0helgi einkal\u00edfs","hleranir","r\u00edkissaks\u00f3knari"],"articleSection":["And\u00f3f &amp; yfirvald"],"inLanguage":"is"},{"@type":"WebPage","@id":"https:\/\/www.norn.is\/eva\/2013\/02\/26\/tharf-rikissaksoknari-ad-saeta-abyrgd\/","url":"https:\/\/www.norn.is\/eva\/2013\/02\/26\/tharf-rikissaksoknari-ad-saeta-abyrgd\/","name":"\u00dearf r\u00edkissaks\u00f3knari a\u00f0 s\u00e6ta \u00e1byrg\u00f0? - Eva Hauksd\u00f3ttir","isPartOf":{"@id":"https:\/\/www.norn.is\/eva\/#website"},"primaryImageOfPage":{"@id":"https:\/\/www.norn.is\/eva\/2013\/02\/26\/tharf-rikissaksoknari-ad-saeta-abyrgd\/#primaryimage"},"image":{"@id":"https:\/\/www.norn.is\/eva\/2013\/02\/26\/tharf-rikissaksoknari-ad-saeta-abyrgd\/#primaryimage"},"thumbnailUrl":"https:\/\/www.norn.is\/eva\/wp-content\/uploads\/sites\/36\/2013\/02\/mobile-phone-monitoring.jpg","datePublished":"2013-02-26T21:28:11+00:00","dateModified":"2020-06-01T21:37:32+00:00","author":{"@id":"https:\/\/www.norn.is\/eva\/#\/schema\/person\/1d9742389918a297671033a2b53d3d34"},"breadcrumb":{"@id":"https:\/\/www.norn.is\/eva\/2013\/02\/26\/tharf-rikissaksoknari-ad-saeta-abyrgd\/#breadcrumb"},"inLanguage":"is","potentialAction":[{"@type":"ReadAction","target":["https:\/\/www.norn.is\/eva\/2013\/02\/26\/tharf-rikissaksoknari-ad-saeta-abyrgd\/"]}]},{"@type":"ImageObject","inLanguage":"is","@id":"https:\/\/www.norn.is\/eva\/2013\/02\/26\/tharf-rikissaksoknari-ad-saeta-abyrgd\/#primaryimage","url":"https:\/\/www.norn.is\/eva\/wp-content\/uploads\/sites\/36\/2013\/02\/mobile-phone-monitoring.jpg","contentUrl":"https:\/\/www.norn.is\/eva\/wp-content\/uploads\/sites\/36\/2013\/02\/mobile-phone-monitoring.jpg","width":600,"height":337},{"@type":"BreadcrumbList","@id":"https:\/\/www.norn.is\/eva\/2013\/02\/26\/tharf-rikissaksoknari-ad-saeta-abyrgd\/#breadcrumb","itemListElement":[{"@type":"ListItem","position":1,"name":"Home","item":"https:\/\/www.norn.is\/eva\/"},{"@type":"ListItem","position":2,"name":"\u00dearf r\u00edkissaks\u00f3knari a\u00f0 s\u00e6ta \u00e1byrg\u00f0?"}]},{"@type":"WebSite","@id":"https:\/\/www.norn.is\/eva\/#website","url":"https:\/\/www.norn.is\/eva\/","name":"Eva Hauksd\u00f3ttir","description":"Evu blogg","potentialAction":[{"@type":"SearchAction","target":{"@type":"EntryPoint","urlTemplate":"https:\/\/www.norn.is\/eva\/?s={search_term_string}"},"query-input":{"@type":"PropertyValueSpecification","valueRequired":true,"valueName":"search_term_string"}}],"inLanguage":"is"},{"@type":"Person","@id":"https:\/\/www.norn.is\/eva\/#\/schema\/person\/1d9742389918a297671033a2b53d3d34","name":"Eva Hauksd\u00f3ttir","image":{"@type":"ImageObject","inLanguage":"is","@id":"https:\/\/secure.gravatar.com\/avatar\/3690cd9ff7436a8a5d80acdc8fcb1046fbb9e002d4b532c85080d1bcbede84ce?s=96&d=mm&r=g","url":"https:\/\/secure.gravatar.com\/avatar\/3690cd9ff7436a8a5d80acdc8fcb1046fbb9e002d4b532c85080d1bcbede84ce?s=96&d=mm&r=g","contentUrl":"https:\/\/secure.gravatar.com\/avatar\/3690cd9ff7436a8a5d80acdc8fcb1046fbb9e002d4b532c85080d1bcbede84ce?s=96&d=mm&r=g","caption":"Eva Hauksd\u00f3ttir"},"url":"https:\/\/www.norn.is\/eva\/author\/evahauks\/"}]}},"_links":{"self":[{"href":"https:\/\/www.norn.is\/eva\/wp-json\/wp\/v2\/posts\/862","targetHints":{"allow":["GET"]}}],"collection":[{"href":"https:\/\/www.norn.is\/eva\/wp-json\/wp\/v2\/posts"}],"about":[{"href":"https:\/\/www.norn.is\/eva\/wp-json\/wp\/v2\/types\/post"}],"author":[{"embeddable":true,"href":"https:\/\/www.norn.is\/eva\/wp-json\/wp\/v2\/users\/7"}],"replies":[{"embeddable":true,"href":"https:\/\/www.norn.is\/eva\/wp-json\/wp\/v2\/comments?post=862"}],"version-history":[{"count":1,"href":"https:\/\/www.norn.is\/eva\/wp-json\/wp\/v2\/posts\/862\/revisions"}],"predecessor-version":[{"id":863,"href":"https:\/\/www.norn.is\/eva\/wp-json\/wp\/v2\/posts\/862\/revisions\/863"}],"wp:featuredmedia":[{"embeddable":true,"href":"https:\/\/www.norn.is\/eva\/wp-json\/wp\/v2\/media\/864"}],"wp:attachment":[{"href":"https:\/\/www.norn.is\/eva\/wp-json\/wp\/v2\/media?parent=862"}],"wp:term":[{"taxonomy":"category","embeddable":true,"href":"https:\/\/www.norn.is\/eva\/wp-json\/wp\/v2\/categories?post=862"},{"taxonomy":"post_tag","embeddable":true,"href":"https:\/\/www.norn.is\/eva\/wp-json\/wp\/v2\/tags?post=862"}],"curies":[{"name":"wp","href":"https:\/\/api.w.org\/{rel}","templated":true}]}}