{"id":777,"date":"2019-05-06T23:39:00","date_gmt":"2019-05-06T23:39:00","guid":{"rendered":"http:\/\/www.norn.is\/eva\/?p=777"},"modified":"2021-12-04T05:38:34","modified_gmt":"2021-12-04T05:38:34","slug":"ad-klaemast-a-saensku","status":"publish","type":"post","link":"https:\/\/www.norn.is\/eva\/2019\/05\/06\/ad-klaemast-a-saensku\/","title":{"rendered":"A\u00f0 kl\u00e6mast \u00e1 s\u00e6nsku"},"content":{"rendered":"\n<p>\u00c9g man n\u00fa ekki hvernig \u00fea\u00f0 kom til en \u00ed g\u00e6r f\u00f3r \u00e9g a\u00f0 velta \u00fev\u00ed fyrir m\u00e9r hvort v\u00e6ri h\u00e6gt a\u00f0 kl\u00e6mast \u00e1 s\u00e6nsku e\u00f0a hvort \u00fea\u00f0 yr\u00f0i alltaf frekar hall\u00e6rislegt. Enn hefur enginn kl\u00e6mst vi\u00f0 mig \u00e1 Nor\u00f0urlandam\u00e1lum en norr\u00e6nar kl\u00e1mmyndir heita \u201eHopsasa p<em>\u00e5<\/em>&nbsp;sengekanten\u201c e\u00f0a eitthva\u00f0 \u00ed \u00fe\u00e1 veru. \u00dea\u00f0 er mj\u00f6g erfitt a\u00f0 taka sl\u00edkt alvarlega.<\/p>\n\n\n\n<p>Eynar fullyrti a\u00f0 s\u00e6nskan f\u00e6ri lj\u00f3mandi vel vi\u00f0 hvers kyns faller\u00ed en ekki gaf hann m\u00e9r \u00fe\u00f3 neitt d\u00e6mi \u00fev\u00ed til stu\u00f0nings. \u00c9g gekk heldur ekki eftir \u00fev\u00ed. Eynar bj\u00f3 \u00ed Sv\u00ed\u00fej\u00f3\u00f0 \u00ed 15 \u00e1r og er me\u00f0 mj\u00f6g vafasamar hugmyndir um notagildi tungum\u00e1lsins eftir \u00fe\u00e1 reynslu. \u00c9g er ekki viss um a\u00f0 mig langi a\u00f0 heyra hann kl\u00e6mast \u00e1 s\u00e6nsku. Mig langar hinsvegar a\u00f0 komast a\u00f0 \u00fev\u00ed hvort hann hefur r\u00e9tt fyrir s\u00e9r svo \u00e9g bar vandam\u00e1li\u00f0 undir \u00fej\u00f3\u00f0ars\u00e1lina \u00e1 facebook.<\/p>\n\n\n\n<p>N\u00fa er \u00e9g ekki sleip \u00ed s\u00e6nsku og alls ekkert inni \u00ed kl\u00e1mi, hva\u00f0 \u00fe\u00e1 s\u00e6nsku kl\u00e1mi, en af \u00fev\u00ed sem netverjar l\u00f6g\u00f0u til umr\u00e6\u00f0unnar reiknast m\u00e9r a\u00f0 \u00fea\u00f0 sem telst gjaldgengt d\u00f3natal \u00ed r\u00edki Sv\u00eda s\u00e9 eitthva\u00f0 \u00e1 bor\u00f0 vi\u00f0:&nbsp;<em>Jag \u00e4r k\u00e5t, s\u00e5 jag vill knulla din glittrande fitta med min stora kuk.<\/em><\/p>\n\n\n\n<p>\u00c9g tengi n\u00fa k\u00e1t\u00ednu ekki beinl\u00ednis vi\u00f0 losta en ef ma\u00f0ur er fyrir \u201ehopsasa p\u00e5 sengekanten\u201c er vi\u00f0eigandi a\u00f0 leika \u00e1 als oddi. \u00deeir eru miklir gle\u00f0ipinnar, \u00feessir Skand\u00ednavar. \u201eGlittrande fitta\u201c er alveg \u00ed st\u00edl. Hlj\u00f3mar eins og daman hafi hellt glimmer yfir d\u00fdr\u00f0ina \u00e1 s\u00e9r og vantar bara nokkur laufl\u00e9tt j\u00f3lal\u00f6g til a\u00f0 fullkomna stemninguna. \u00dea\u00f0 hl\u00fdtur a\u00f0 vera til s\u00e6nsk \u00fatg\u00e1fa af&nbsp;<em>Jingle Bells<\/em>. \u201eKnulla\u201c hlj\u00f3mar l\u00edka frekar frekar h\u00fdrlega \u2013 \u00e1ram\u00f3ta knall er \u00fea\u00f0 fyrsta sem m\u00e9r dettur \u00ed hug. M\u00e6tti kannski syngja&nbsp;<em>Knulla mig<\/em>&nbsp;\u00ed sta\u00f0&nbsp;<em>Jingle Bells<\/em>. K\u00e1t\u00ednan er \u00fe\u00f3 ekki \u00fea\u00f0 eina sem stendur \u00ed \u00fej\u00f3\u00f0ars\u00e1linni. Sumum netverja finnst \u201ekuk\u201c vera fr\u00e1hrindandi af allt annarri \u00e1st\u00e6\u00f0u en \u00feeirri a\u00f0 j\u00f3laballsstemningin s\u00e9 yfir\u00feyrmandi.<\/p>\n\n\n\n<p>Google translate r\u00e6\u00f0ur ekki vi\u00f0 almennilegt kl\u00e1m \u00e1 bor\u00f0 vi\u00f0:&nbsp;<em>Lof m\u00e9r a\u00f0 brynna fola m\u00ednum \u00ed \u00f6lkeldu \u00feinni.<\/em>&nbsp;\u00dea\u00f0 er mikill ska\u00f0i \u00fev\u00ed auk \u00feess a\u00f0 r\u00e1\u00f0a yfir f\u00f6grum hlj\u00f3mi og myndm\u00e1li var B\u00f3si greinilega b\u00fainn a\u00f0 l\u00e6ra f\u00e1\u00f0u-j\u00e1-regluna, sem ver\u00f0ur a\u00f0 teljast alger nau\u00f0syn \u00ed gjaldgengu d\u00f3natali \u00feessi \u00e1rin. Or\u00f0i\u00f0 \u201efoli\u201c er \u00e1l\u00edka heppilegt \u00ed \u00feessu samhengi \u00fev\u00ed \u00fe\u00f3tt \u00fea\u00f0 hafi kannski v\u00edsa\u00f0 til gra\u00f0hests \u00e1 t\u00edmum B\u00f3sa vekur or\u00f0i\u00f0 \u00f6llu kr\u00fattlegri hugrenningartengsl \u00e1 okkar t\u00edmum. En \u00feegar G\u00faggull vinur minn bregst \u00fe\u00e1 reynir ma\u00f0ur bara sj\u00e1lfur. Ef ma\u00f0ur kann ekki baun \u00ed s\u00e6nsku og markmi\u00f0i\u00f0 er a\u00f0 for\u00f0ast kn\u00f6ll og k\u00e1t\u00ednu, glitrandi f\u00edttur og kuk ver\u00f0ur \u00fatkoman \u00feessi;&nbsp;<em>Jag er lustfyllda, s\u00e5 var nu s\u00e5 sn\u00e4lla att till\u00e5ta mig att vatna min k\u00e4ra lilla pony i din \u00f6lk\u00e4lla<\/em>.<\/p>\n\n\n\n<p>Hversu sex\u00fd er \u00fea\u00f0?<\/p>\n","protected":false},"excerpt":{"rendered":"<p>\u00c9g man n\u00fa ekki hvernig \u00fea\u00f0 kom til en \u00ed g\u00e6r f\u00f3r \u00e9g a\u00f0 velta \u00fev\u00ed fyrir m\u00e9r hvort v\u00e6ri h\u00e6gt a\u00f0 kl\u00e6mast \u00e1 s\u00e6nsku e\u00f0a hvort \u00fea\u00f0 yr\u00f0i alltaf frekar hall\u00e6rislegt. Enn hefur enginn kl\u00e6mst vi\u00f0 mig \u00e1 Nor\u00f0urlandam\u00e1lum en norr\u00e6nar kl\u00e1mmyndir heita \u201eHopsasa p\u00e5&nbsp;sengekanten\u201c e\u00f0a eitthva\u00f0 \u00ed \u00fe\u00e1 veru. \u00dea\u00f0 er mj\u00f6g erfitt [&hellip;]<\/p>\n","protected":false},"author":7,"featured_media":778,"comment_status":"closed","ping_status":"open","sticky":false,"template":"","format":"standard","meta":{"_et_pb_use_builder":"off","_et_pb_old_content":"","_et_gb_content_width":"","footnotes":""},"categories":[119,149],"tags":[198,12],"class_list":["post-777","post","type-post","status-publish","format-standard","has-post-thumbnail","hentry","category-lettmeti","category-list-lettmeti","tag-bosa-saga","tag-klam","et-has-post-format-content","et_post_format-et-post-format-standard"],"yoast_head":"<!-- This site is optimized with the Yoast SEO plugin v27.4 - https:\/\/yoast.com\/product\/yoast-seo-wordpress\/ -->\n<title>A\u00f0 kl\u00e6mast \u00e1 s\u00e6nsku - Eva Hauksd\u00f3ttir<\/title>\n<meta name=\"robots\" content=\"index, follow, max-snippet:-1, max-image-preview:large, max-video-preview:-1\" \/>\n<link rel=\"canonical\" href=\"https:\/\/www.norn.is\/eva\/2019\/05\/06\/ad-klaemast-a-saensku\/\" \/>\n<meta property=\"og:locale\" content=\"is_IS\" \/>\n<meta property=\"og:type\" content=\"article\" \/>\n<meta property=\"og:title\" content=\"A\u00f0 kl\u00e6mast \u00e1 s\u00e6nsku - Eva Hauksd\u00f3ttir\" \/>\n<meta property=\"og:description\" content=\"\u00c9g man n\u00fa ekki hvernig \u00fea\u00f0 kom til en \u00ed g\u00e6r f\u00f3r \u00e9g a\u00f0 velta \u00fev\u00ed fyrir m\u00e9r hvort v\u00e6ri h\u00e6gt a\u00f0 kl\u00e6mast \u00e1 s\u00e6nsku e\u00f0a hvort \u00fea\u00f0 yr\u00f0i alltaf frekar hall\u00e6rislegt. Enn hefur enginn kl\u00e6mst vi\u00f0 mig \u00e1 Nor\u00f0urlandam\u00e1lum en norr\u00e6nar kl\u00e1mmyndir heita \u201eHopsasa p\u00e5&nbsp;sengekanten\u201c e\u00f0a eitthva\u00f0 \u00ed \u00fe\u00e1 veru. \u00dea\u00f0 er mj\u00f6g erfitt [&hellip;]\" \/>\n<meta property=\"og:url\" content=\"https:\/\/www.norn.is\/eva\/2019\/05\/06\/ad-klaemast-a-saensku\/\" \/>\n<meta property=\"og:site_name\" content=\"Eva Hauksd\u00f3ttir\" \/>\n<meta property=\"article:published_time\" content=\"2019-05-06T23:39:00+00:00\" \/>\n<meta property=\"article:modified_time\" content=\"2021-12-04T05:38:34+00:00\" \/>\n<meta property=\"og:image\" content=\"https:\/\/www.norn.is\/eva\/wp-content\/uploads\/sites\/36\/2020\/05\/kuk-slovenia.jpg\" \/>\n\t<meta property=\"og:image:width\" content=\"564\" \/>\n\t<meta property=\"og:image:height\" content=\"310\" \/>\n\t<meta property=\"og:image:type\" content=\"image\/jpeg\" \/>\n<meta name=\"author\" content=\"Eva Hauksd\u00f3ttir\" \/>\n<meta name=\"twitter:card\" content=\"summary_large_image\" \/>\n<meta name=\"twitter:label1\" content=\"Written by\" \/>\n\t<meta name=\"twitter:data1\" content=\"\" \/>\n\t<meta name=\"twitter:label2\" content=\"Est. reading time\" \/>\n\t<meta name=\"twitter:data2\" content=\"2 minutes\" \/>\n<script type=\"application\/ld+json\" class=\"yoast-schema-graph\">{\"@context\":\"https:\\\/\\\/schema.org\",\"@graph\":[{\"@type\":\"Article\",\"@id\":\"https:\\\/\\\/www.norn.is\\\/eva\\\/2019\\\/05\\\/06\\\/ad-klaemast-a-saensku\\\/#article\",\"isPartOf\":{\"@id\":\"https:\\\/\\\/www.norn.is\\\/eva\\\/2019\\\/05\\\/06\\\/ad-klaemast-a-saensku\\\/\"},\"author\":{\"name\":\"Eva Hauksd\u00f3ttir\",\"@id\":\"https:\\\/\\\/www.norn.is\\\/eva\\\/#\\\/schema\\\/person\\\/1d9742389918a297671033a2b53d3d34\"},\"headline\":\"A\u00f0 kl\u00e6mast \u00e1 s\u00e6nsku\",\"datePublished\":\"2019-05-06T23:39:00+00:00\",\"dateModified\":\"2021-12-04T05:38:34+00:00\",\"mainEntityOfPage\":{\"@id\":\"https:\\\/\\\/www.norn.is\\\/eva\\\/2019\\\/05\\\/06\\\/ad-klaemast-a-saensku\\\/\"},\"wordCount\":551,\"image\":{\"@id\":\"https:\\\/\\\/www.norn.is\\\/eva\\\/2019\\\/05\\\/06\\\/ad-klaemast-a-saensku\\\/#primaryimage\"},\"thumbnailUrl\":\"https:\\\/\\\/www.norn.is\\\/eva\\\/wp-content\\\/uploads\\\/sites\\\/36\\\/2020\\\/05\\\/kuk-slovenia.jpg\",\"keywords\":[\"B\u00f3sa saga\",\"kl\u00e1m\"],\"articleSection\":[\"L\u00e9ttmeti\",\"List &amp; l\u00e9ttmeti\"],\"inLanguage\":\"is\"},{\"@type\":\"WebPage\",\"@id\":\"https:\\\/\\\/www.norn.is\\\/eva\\\/2019\\\/05\\\/06\\\/ad-klaemast-a-saensku\\\/\",\"url\":\"https:\\\/\\\/www.norn.is\\\/eva\\\/2019\\\/05\\\/06\\\/ad-klaemast-a-saensku\\\/\",\"name\":\"A\u00f0 kl\u00e6mast \u00e1 s\u00e6nsku - Eva Hauksd\u00f3ttir\",\"isPartOf\":{\"@id\":\"https:\\\/\\\/www.norn.is\\\/eva\\\/#website\"},\"primaryImageOfPage\":{\"@id\":\"https:\\\/\\\/www.norn.is\\\/eva\\\/2019\\\/05\\\/06\\\/ad-klaemast-a-saensku\\\/#primaryimage\"},\"image\":{\"@id\":\"https:\\\/\\\/www.norn.is\\\/eva\\\/2019\\\/05\\\/06\\\/ad-klaemast-a-saensku\\\/#primaryimage\"},\"thumbnailUrl\":\"https:\\\/\\\/www.norn.is\\\/eva\\\/wp-content\\\/uploads\\\/sites\\\/36\\\/2020\\\/05\\\/kuk-slovenia.jpg\",\"datePublished\":\"2019-05-06T23:39:00+00:00\",\"dateModified\":\"2021-12-04T05:38:34+00:00\",\"author\":{\"@id\":\"https:\\\/\\\/www.norn.is\\\/eva\\\/#\\\/schema\\\/person\\\/1d9742389918a297671033a2b53d3d34\"},\"breadcrumb\":{\"@id\":\"https:\\\/\\\/www.norn.is\\\/eva\\\/2019\\\/05\\\/06\\\/ad-klaemast-a-saensku\\\/#breadcrumb\"},\"inLanguage\":\"is\",\"potentialAction\":[{\"@type\":\"ReadAction\",\"target\":[\"https:\\\/\\\/www.norn.is\\\/eva\\\/2019\\\/05\\\/06\\\/ad-klaemast-a-saensku\\\/\"]}]},{\"@type\":\"ImageObject\",\"inLanguage\":\"is\",\"@id\":\"https:\\\/\\\/www.norn.is\\\/eva\\\/2019\\\/05\\\/06\\\/ad-klaemast-a-saensku\\\/#primaryimage\",\"url\":\"https:\\\/\\\/www.norn.is\\\/eva\\\/wp-content\\\/uploads\\\/sites\\\/36\\\/2020\\\/05\\\/kuk-slovenia.jpg\",\"contentUrl\":\"https:\\\/\\\/www.norn.is\\\/eva\\\/wp-content\\\/uploads\\\/sites\\\/36\\\/2020\\\/05\\\/kuk-slovenia.jpg\",\"width\":564,\"height\":310},{\"@type\":\"BreadcrumbList\",\"@id\":\"https:\\\/\\\/www.norn.is\\\/eva\\\/2019\\\/05\\\/06\\\/ad-klaemast-a-saensku\\\/#breadcrumb\",\"itemListElement\":[{\"@type\":\"ListItem\",\"position\":1,\"name\":\"Home\",\"item\":\"https:\\\/\\\/www.norn.is\\\/eva\\\/\"},{\"@type\":\"ListItem\",\"position\":2,\"name\":\"A\u00f0 kl\u00e6mast \u00e1 s\u00e6nsku\"}]},{\"@type\":\"WebSite\",\"@id\":\"https:\\\/\\\/www.norn.is\\\/eva\\\/#website\",\"url\":\"https:\\\/\\\/www.norn.is\\\/eva\\\/\",\"name\":\"Eva Hauksd\u00f3ttir\",\"description\":\"Evu blogg\",\"potentialAction\":[{\"@type\":\"SearchAction\",\"target\":{\"@type\":\"EntryPoint\",\"urlTemplate\":\"https:\\\/\\\/www.norn.is\\\/eva\\\/?s={search_term_string}\"},\"query-input\":{\"@type\":\"PropertyValueSpecification\",\"valueRequired\":true,\"valueName\":\"search_term_string\"}}],\"inLanguage\":\"is\"},{\"@type\":\"Person\",\"@id\":\"https:\\\/\\\/www.norn.is\\\/eva\\\/#\\\/schema\\\/person\\\/1d9742389918a297671033a2b53d3d34\",\"name\":\"Eva Hauksd\u00f3ttir\",\"image\":{\"@type\":\"ImageObject\",\"inLanguage\":\"is\",\"@id\":\"https:\\\/\\\/secure.gravatar.com\\\/avatar\\\/3690cd9ff7436a8a5d80acdc8fcb1046fbb9e002d4b532c85080d1bcbede84ce?s=96&d=mm&r=g\",\"url\":\"https:\\\/\\\/secure.gravatar.com\\\/avatar\\\/3690cd9ff7436a8a5d80acdc8fcb1046fbb9e002d4b532c85080d1bcbede84ce?s=96&d=mm&r=g\",\"contentUrl\":\"https:\\\/\\\/secure.gravatar.com\\\/avatar\\\/3690cd9ff7436a8a5d80acdc8fcb1046fbb9e002d4b532c85080d1bcbede84ce?s=96&d=mm&r=g\",\"caption\":\"Eva Hauksd\u00f3ttir\"},\"url\":\"https:\\\/\\\/www.norn.is\\\/eva\\\/author\\\/evahauks\\\/\"}]}<\/script>\n<!-- \/ Yoast SEO plugin. -->","yoast_head_json":{"title":"A\u00f0 kl\u00e6mast \u00e1 s\u00e6nsku - Eva Hauksd\u00f3ttir","robots":{"index":"index","follow":"follow","max-snippet":"max-snippet:-1","max-image-preview":"max-image-preview:large","max-video-preview":"max-video-preview:-1"},"canonical":"https:\/\/www.norn.is\/eva\/2019\/05\/06\/ad-klaemast-a-saensku\/","og_locale":"is_IS","og_type":"article","og_title":"A\u00f0 kl\u00e6mast \u00e1 s\u00e6nsku - Eva Hauksd\u00f3ttir","og_description":"\u00c9g man n\u00fa ekki hvernig \u00fea\u00f0 kom til en \u00ed g\u00e6r f\u00f3r \u00e9g a\u00f0 velta \u00fev\u00ed fyrir m\u00e9r hvort v\u00e6ri h\u00e6gt a\u00f0 kl\u00e6mast \u00e1 s\u00e6nsku e\u00f0a hvort \u00fea\u00f0 yr\u00f0i alltaf frekar hall\u00e6rislegt. Enn hefur enginn kl\u00e6mst vi\u00f0 mig \u00e1 Nor\u00f0urlandam\u00e1lum en norr\u00e6nar kl\u00e1mmyndir heita \u201eHopsasa p\u00e5&nbsp;sengekanten\u201c e\u00f0a eitthva\u00f0 \u00ed \u00fe\u00e1 veru. \u00dea\u00f0 er mj\u00f6g erfitt [&hellip;]","og_url":"https:\/\/www.norn.is\/eva\/2019\/05\/06\/ad-klaemast-a-saensku\/","og_site_name":"Eva Hauksd\u00f3ttir","article_published_time":"2019-05-06T23:39:00+00:00","article_modified_time":"2021-12-04T05:38:34+00:00","og_image":[{"width":564,"height":310,"url":"https:\/\/www.norn.is\/eva\/wp-content\/uploads\/sites\/36\/2020\/05\/kuk-slovenia.jpg","type":"image\/jpeg"}],"author":"Eva Hauksd\u00f3ttir","twitter_card":"summary_large_image","twitter_misc":{"Written by":false,"Est. reading time":"2 minutes"},"schema":{"@context":"https:\/\/schema.org","@graph":[{"@type":"Article","@id":"https:\/\/www.norn.is\/eva\/2019\/05\/06\/ad-klaemast-a-saensku\/#article","isPartOf":{"@id":"https:\/\/www.norn.is\/eva\/2019\/05\/06\/ad-klaemast-a-saensku\/"},"author":{"name":"Eva Hauksd\u00f3ttir","@id":"https:\/\/www.norn.is\/eva\/#\/schema\/person\/1d9742389918a297671033a2b53d3d34"},"headline":"A\u00f0 kl\u00e6mast \u00e1 s\u00e6nsku","datePublished":"2019-05-06T23:39:00+00:00","dateModified":"2021-12-04T05:38:34+00:00","mainEntityOfPage":{"@id":"https:\/\/www.norn.is\/eva\/2019\/05\/06\/ad-klaemast-a-saensku\/"},"wordCount":551,"image":{"@id":"https:\/\/www.norn.is\/eva\/2019\/05\/06\/ad-klaemast-a-saensku\/#primaryimage"},"thumbnailUrl":"https:\/\/www.norn.is\/eva\/wp-content\/uploads\/sites\/36\/2020\/05\/kuk-slovenia.jpg","keywords":["B\u00f3sa saga","kl\u00e1m"],"articleSection":["L\u00e9ttmeti","List &amp; l\u00e9ttmeti"],"inLanguage":"is"},{"@type":"WebPage","@id":"https:\/\/www.norn.is\/eva\/2019\/05\/06\/ad-klaemast-a-saensku\/","url":"https:\/\/www.norn.is\/eva\/2019\/05\/06\/ad-klaemast-a-saensku\/","name":"A\u00f0 kl\u00e6mast \u00e1 s\u00e6nsku - Eva Hauksd\u00f3ttir","isPartOf":{"@id":"https:\/\/www.norn.is\/eva\/#website"},"primaryImageOfPage":{"@id":"https:\/\/www.norn.is\/eva\/2019\/05\/06\/ad-klaemast-a-saensku\/#primaryimage"},"image":{"@id":"https:\/\/www.norn.is\/eva\/2019\/05\/06\/ad-klaemast-a-saensku\/#primaryimage"},"thumbnailUrl":"https:\/\/www.norn.is\/eva\/wp-content\/uploads\/sites\/36\/2020\/05\/kuk-slovenia.jpg","datePublished":"2019-05-06T23:39:00+00:00","dateModified":"2021-12-04T05:38:34+00:00","author":{"@id":"https:\/\/www.norn.is\/eva\/#\/schema\/person\/1d9742389918a297671033a2b53d3d34"},"breadcrumb":{"@id":"https:\/\/www.norn.is\/eva\/2019\/05\/06\/ad-klaemast-a-saensku\/#breadcrumb"},"inLanguage":"is","potentialAction":[{"@type":"ReadAction","target":["https:\/\/www.norn.is\/eva\/2019\/05\/06\/ad-klaemast-a-saensku\/"]}]},{"@type":"ImageObject","inLanguage":"is","@id":"https:\/\/www.norn.is\/eva\/2019\/05\/06\/ad-klaemast-a-saensku\/#primaryimage","url":"https:\/\/www.norn.is\/eva\/wp-content\/uploads\/sites\/36\/2020\/05\/kuk-slovenia.jpg","contentUrl":"https:\/\/www.norn.is\/eva\/wp-content\/uploads\/sites\/36\/2020\/05\/kuk-slovenia.jpg","width":564,"height":310},{"@type":"BreadcrumbList","@id":"https:\/\/www.norn.is\/eva\/2019\/05\/06\/ad-klaemast-a-saensku\/#breadcrumb","itemListElement":[{"@type":"ListItem","position":1,"name":"Home","item":"https:\/\/www.norn.is\/eva\/"},{"@type":"ListItem","position":2,"name":"A\u00f0 kl\u00e6mast \u00e1 s\u00e6nsku"}]},{"@type":"WebSite","@id":"https:\/\/www.norn.is\/eva\/#website","url":"https:\/\/www.norn.is\/eva\/","name":"Eva Hauksd\u00f3ttir","description":"Evu blogg","potentialAction":[{"@type":"SearchAction","target":{"@type":"EntryPoint","urlTemplate":"https:\/\/www.norn.is\/eva\/?s={search_term_string}"},"query-input":{"@type":"PropertyValueSpecification","valueRequired":true,"valueName":"search_term_string"}}],"inLanguage":"is"},{"@type":"Person","@id":"https:\/\/www.norn.is\/eva\/#\/schema\/person\/1d9742389918a297671033a2b53d3d34","name":"Eva Hauksd\u00f3ttir","image":{"@type":"ImageObject","inLanguage":"is","@id":"https:\/\/secure.gravatar.com\/avatar\/3690cd9ff7436a8a5d80acdc8fcb1046fbb9e002d4b532c85080d1bcbede84ce?s=96&d=mm&r=g","url":"https:\/\/secure.gravatar.com\/avatar\/3690cd9ff7436a8a5d80acdc8fcb1046fbb9e002d4b532c85080d1bcbede84ce?s=96&d=mm&r=g","contentUrl":"https:\/\/secure.gravatar.com\/avatar\/3690cd9ff7436a8a5d80acdc8fcb1046fbb9e002d4b532c85080d1bcbede84ce?s=96&d=mm&r=g","caption":"Eva Hauksd\u00f3ttir"},"url":"https:\/\/www.norn.is\/eva\/author\/evahauks\/"}]}},"_links":{"self":[{"href":"https:\/\/www.norn.is\/eva\/wp-json\/wp\/v2\/posts\/777","targetHints":{"allow":["GET"]}}],"collection":[{"href":"https:\/\/www.norn.is\/eva\/wp-json\/wp\/v2\/posts"}],"about":[{"href":"https:\/\/www.norn.is\/eva\/wp-json\/wp\/v2\/types\/post"}],"author":[{"embeddable":true,"href":"https:\/\/www.norn.is\/eva\/wp-json\/wp\/v2\/users\/7"}],"replies":[{"embeddable":true,"href":"https:\/\/www.norn.is\/eva\/wp-json\/wp\/v2\/comments?post=777"}],"version-history":[{"count":2,"href":"https:\/\/www.norn.is\/eva\/wp-json\/wp\/v2\/posts\/777\/revisions"}],"predecessor-version":[{"id":6816,"href":"https:\/\/www.norn.is\/eva\/wp-json\/wp\/v2\/posts\/777\/revisions\/6816"}],"wp:featuredmedia":[{"embeddable":true,"href":"https:\/\/www.norn.is\/eva\/wp-json\/wp\/v2\/media\/778"}],"wp:attachment":[{"href":"https:\/\/www.norn.is\/eva\/wp-json\/wp\/v2\/media?parent=777"}],"wp:term":[{"taxonomy":"category","embeddable":true,"href":"https:\/\/www.norn.is\/eva\/wp-json\/wp\/v2\/categories?post=777"},{"taxonomy":"post_tag","embeddable":true,"href":"https:\/\/www.norn.is\/eva\/wp-json\/wp\/v2\/tags?post=777"}],"curies":[{"name":"wp","href":"https:\/\/api.w.org\/{rel}","templated":true}]}}