{"id":692,"date":"2006-03-04T09:20:23","date_gmt":"2006-03-04T09:20:23","guid":{"rendered":"http:\/\/www.norn.is\/eva\/?p=692"},"modified":"2020-05-31T03:47:17","modified_gmt":"2020-05-31T03:47:17","slug":"malfarsfasismi-dagsins","status":"publish","type":"post","link":"https:\/\/www.norn.is\/eva\/2006\/03\/04\/malfarsfasismi-dagsins\/","title":{"rendered":"M\u00e1lfarsfasismi dagsins"},"content":{"rendered":"\n<p>\u00c9g er or\u00f0in hundlei\u00f0 \u00e1 m\u00e1lfarsfastisum sem heimta a\u00f0 f\u00f3lk ey\u00f0i \u00f3m\u00e6ldum t\u00edma \u00ed a\u00f0 l\u00e6ra fl\u00f3kin og forneskjuleg m\u00e1lkerfi \u00ed sta\u00f0 \u00feess a\u00f0 s\u00e6tta sig vi\u00f0 e\u00f0lilega \u00fer\u00f3un tungum\u00e1lsins.<\/p>\n\n\n\n<div class=\"wp-block-image\"><figure class=\"alignleft size-large\"><img loading=\"lazy\" decoding=\"async\" width=\"240\" height=\"184\" src=\"http:\/\/www.norn.is\/eva\/wp-content\/uploads\/sites\/36\/2020\/05\/stafsetning.jpg\" alt=\"\" class=\"wp-image-693\"\/><\/figure><\/div>\n\n\n\n<p>\u00dea\u00f0 er t\u00edmafrekt a\u00f0 vera \u00cdslendingur \u00ed dag. Fyrir utan fulla vinnu \u00fearf ma\u00f0ur a\u00f0 horfa \u00e1 5-6 raunveruleika\u00fe\u00e6tti \u00e1 viku, til a\u00f0 vera vi\u00f0r\u00e6\u00f0uh\u00e6fur um \u00fea\u00f0 sem er a\u00f0 gerast \u00ed samf\u00e9laginu. Svo \u00fearf a\u00f0 fara \u00ed r\u00e6ktina til a\u00f0 sporna gegn \u00feeirri offitu sem e\u00f0lilega fylgir aukinni velmegun og fram\u00fer\u00f3un \u00ed t\u00e6kni og v\u00edsindum.&nbsp;\u00dea\u00f0 er fr\u00e1leitt a\u00f0 \u00e6tlast til \u00feess a\u00f0 venjulegur \u00cdslendingur hafi t\u00edma til a\u00f0 eltast vi\u00f0 tittlingask\u00edt eins og bera fram&nbsp;<em>\u00f0<\/em>&nbsp;\u00ed&nbsp;<em>\u00f3ge\u00f0slega ge\u00f0veikt<\/em>&nbsp;e\u00f0a segja&nbsp;<em>\u00f3lst upp<\/em>, \u00feegar er miklu einfaldara a\u00f0 segja&nbsp;<em>aldist upp<\/em>.<\/p>\n\n\n\n<p>M\u00e1lfasistar leggja \u00e1 sig gr\u00ed\u00f0arlega vinnu til a\u00f0 finna upp n\u00fdyr\u00f0i og or\u00f0alag sem f\u00e1ir skilja og enginn notar. M\u00f6rg d\u00e6mi tengjast t\u00f6lvum og netnotkun. Hvort er t.d. \u00fe\u00e6gilegra \u00ed beygingu, gegns\u00e6rra og hlj\u00f3mar e\u00f0lilegar; url e\u00f0a sl\u00f3\u00f0? Hv\u00ed \u00e6tti nokkur ma\u00f0ur a\u00f0 leggja \u00e1 sig vinnuna vi\u00f0 a\u00f0 segja&nbsp;<em>gef\u00f0u m\u00e9r sl\u00f3\u00f0ina<\/em>, \u00feegar hann getur allt eins sagt&nbsp;<em>ka\u00b4r\u00b4addna urli\u00f0?<\/em><\/p>\n\n\n\n<p>Tengisnobbi\u00f0 er kap\u00edtuli \u00fat af fyrir sig. Fasistali\u00f0i\u00f0 gengur svo langt a\u00f0 vera me\u00f0&nbsp;<em>tengla<\/em>&nbsp;\u00e1 vefb\u00f3kunum s\u00ednum \u00ed sta\u00f0&nbsp;<em>linka<\/em>&nbsp;eins og venjulegt f\u00f3lk. Um daginn hitti \u00e9g m\u00e1lfarsfasista sem sag\u00f0i;&nbsp;<em>\u00c9g er me\u00f0 netfangi\u00f0 \u00feitt. M\u00e1 \u00e9g ekki tengja \u00feig vi\u00f0 spjallr\u00e1sina m\u00edna?<\/em><\/p>\n\n\n\n<p>\u00dev\u00ed mi\u00f0ur er \u00feessi ma\u00f0ur ekkert s\u00e1 eini sem s\u00f3ar t\u00edma s\u00ednum \u00e1 \u00feennan h\u00e1tt. \u00cd sta\u00f0 \u00feess a\u00f0 nota hi\u00f0 \u00fej\u00e1la og einfalda or\u00f0&nbsp;<em>e-mail<\/em>, ver hann \u00f3m\u00e6ldri orku \u00ed uppskr\u00fafa\u00f0a snobbyr\u00f0i\u00f0&nbsp;<em>netfang<\/em>. \u00cd sta\u00f0 \u00feess lipra og flj\u00f3tlega or\u00f0alags a\u00f0&nbsp;<em>adda \u00fe\u00e9r \u00e1 msni\u00f0<\/em>, notar tengifasistinn illskiljanlegan b\u00f3kmenntafrasa.<\/p>\n\n\n\n<p>Einf\u00f6ldun m\u00e1lsins er br\u00fdnt m\u00e1l og nau\u00f0synlegt. Vi\u00f0 m\u00e1l\u00fer\u00f3unarsinnar h\u00f6fum \u00fe\u00f3 engu a\u00f0 kv\u00ed\u00f0a. Fram\u00fer\u00f3unin ver\u00f0ur ekki st\u00f6\u00f0vu\u00f0.<\/p>\n","protected":false},"excerpt":{"rendered":"<p>\u00c9g er or\u00f0in hundlei\u00f0 \u00e1 m\u00e1lfarsfastisum sem heimta a\u00f0 f\u00f3lk ey\u00f0i \u00f3m\u00e6ldum t\u00edma \u00ed a\u00f0 l\u00e6ra fl\u00f3kin og forneskjuleg m\u00e1lkerfi \u00ed sta\u00f0 \u00feess a\u00f0 s\u00e6tta sig vi\u00f0 e\u00f0lilega \u00fer\u00f3un tungum\u00e1lsins. \u00dea\u00f0 er t\u00edmafrekt a\u00f0 vera \u00cdslendingur \u00ed dag. Fyrir utan fulla vinnu \u00fearf ma\u00f0ur a\u00f0 horfa \u00e1 5-6 raunveruleika\u00fe\u00e6tti \u00e1 viku, til a\u00f0 vera vi\u00f0r\u00e6\u00f0uh\u00e6fur [&hellip;]<\/p>\n","protected":false},"author":7,"featured_media":694,"comment_status":"closed","ping_status":"open","sticky":false,"template":"","format":"standard","meta":{"_et_pb_use_builder":"off","_et_pb_old_content":"","_et_gb_content_width":"","footnotes":""},"categories":[183],"tags":[185],"class_list":["post-692","post","type-post","status-publish","format-standard","has-post-thumbnail","hentry","category-islenskt-mal","tag-nyyrdi","et-has-post-format-content","et_post_format-et-post-format-standard"],"yoast_head":"<!-- This site is optimized with the Yoast SEO plugin v27.4 - https:\/\/yoast.com\/product\/yoast-seo-wordpress\/ -->\n<title>M\u00e1lfarsfasismi dagsins - Eva Hauksd\u00f3ttir<\/title>\n<meta name=\"robots\" content=\"index, follow, max-snippet:-1, max-image-preview:large, max-video-preview:-1\" \/>\n<link rel=\"canonical\" href=\"https:\/\/www.norn.is\/eva\/2006\/03\/04\/malfarsfasismi-dagsins\/\" \/>\n<meta property=\"og:locale\" content=\"is_IS\" \/>\n<meta property=\"og:type\" content=\"article\" \/>\n<meta property=\"og:title\" content=\"M\u00e1lfarsfasismi dagsins - Eva Hauksd\u00f3ttir\" \/>\n<meta property=\"og:description\" content=\"\u00c9g er or\u00f0in hundlei\u00f0 \u00e1 m\u00e1lfarsfastisum sem heimta a\u00f0 f\u00f3lk ey\u00f0i \u00f3m\u00e6ldum t\u00edma \u00ed a\u00f0 l\u00e6ra fl\u00f3kin og forneskjuleg m\u00e1lkerfi \u00ed sta\u00f0 \u00feess a\u00f0 s\u00e6tta sig vi\u00f0 e\u00f0lilega \u00fer\u00f3un tungum\u00e1lsins. \u00dea\u00f0 er t\u00edmafrekt a\u00f0 vera \u00cdslendingur \u00ed dag. Fyrir utan fulla vinnu \u00fearf ma\u00f0ur a\u00f0 horfa \u00e1 5-6 raunveruleika\u00fe\u00e6tti \u00e1 viku, til a\u00f0 vera vi\u00f0r\u00e6\u00f0uh\u00e6fur [&hellip;]\" \/>\n<meta property=\"og:url\" content=\"https:\/\/www.norn.is\/eva\/2006\/03\/04\/malfarsfasismi-dagsins\/\" \/>\n<meta property=\"og:site_name\" content=\"Eva Hauksd\u00f3ttir\" \/>\n<meta property=\"article:published_time\" content=\"2006-03-04T09:20:23+00:00\" \/>\n<meta property=\"article:modified_time\" content=\"2020-05-31T03:47:17+00:00\" \/>\n<meta property=\"og:image\" content=\"https:\/\/www.norn.is\/eva\/wp-content\/uploads\/sites\/36\/2020\/05\/ear-hand-listen-760.jpg\" \/>\n\t<meta property=\"og:image:width\" content=\"760\" \/>\n\t<meta property=\"og:image:height\" content=\"440\" \/>\n\t<meta property=\"og:image:type\" content=\"image\/jpeg\" \/>\n<meta name=\"author\" content=\"Eva Hauksd\u00f3ttir\" \/>\n<meta name=\"twitter:card\" content=\"summary_large_image\" \/>\n<meta name=\"twitter:label1\" content=\"Written by\" \/>\n\t<meta name=\"twitter:data1\" content=\"\" \/>\n\t<meta name=\"twitter:label2\" content=\"Est. reading time\" \/>\n\t<meta name=\"twitter:data2\" content=\"2 minutes\" \/>\n<script type=\"application\/ld+json\" class=\"yoast-schema-graph\">{\"@context\":\"https:\\\/\\\/schema.org\",\"@graph\":[{\"@type\":\"Article\",\"@id\":\"https:\\\/\\\/www.norn.is\\\/eva\\\/2006\\\/03\\\/04\\\/malfarsfasismi-dagsins\\\/#article\",\"isPartOf\":{\"@id\":\"https:\\\/\\\/www.norn.is\\\/eva\\\/2006\\\/03\\\/04\\\/malfarsfasismi-dagsins\\\/\"},\"author\":{\"name\":\"Eva Hauksd\u00f3ttir\",\"@id\":\"https:\\\/\\\/www.norn.is\\\/eva\\\/#\\\/schema\\\/person\\\/1d9742389918a297671033a2b53d3d34\"},\"headline\":\"M\u00e1lfarsfasismi dagsins\",\"datePublished\":\"2006-03-04T09:20:23+00:00\",\"dateModified\":\"2020-05-31T03:47:17+00:00\",\"mainEntityOfPage\":{\"@id\":\"https:\\\/\\\/www.norn.is\\\/eva\\\/2006\\\/03\\\/04\\\/malfarsfasismi-dagsins\\\/\"},\"wordCount\":384,\"image\":{\"@id\":\"https:\\\/\\\/www.norn.is\\\/eva\\\/2006\\\/03\\\/04\\\/malfarsfasismi-dagsins\\\/#primaryimage\"},\"thumbnailUrl\":\"https:\\\/\\\/www.norn.is\\\/eva\\\/wp-content\\\/uploads\\\/sites\\\/36\\\/2020\\\/05\\\/ear-hand-listen-760.jpg\",\"keywords\":[\"n\u00fdyr\u00f0i\"],\"articleSection\":[\"\u00cdslenskt m\u00e1l\"],\"inLanguage\":\"is\"},{\"@type\":\"WebPage\",\"@id\":\"https:\\\/\\\/www.norn.is\\\/eva\\\/2006\\\/03\\\/04\\\/malfarsfasismi-dagsins\\\/\",\"url\":\"https:\\\/\\\/www.norn.is\\\/eva\\\/2006\\\/03\\\/04\\\/malfarsfasismi-dagsins\\\/\",\"name\":\"M\u00e1lfarsfasismi dagsins - Eva Hauksd\u00f3ttir\",\"isPartOf\":{\"@id\":\"https:\\\/\\\/www.norn.is\\\/eva\\\/#website\"},\"primaryImageOfPage\":{\"@id\":\"https:\\\/\\\/www.norn.is\\\/eva\\\/2006\\\/03\\\/04\\\/malfarsfasismi-dagsins\\\/#primaryimage\"},\"image\":{\"@id\":\"https:\\\/\\\/www.norn.is\\\/eva\\\/2006\\\/03\\\/04\\\/malfarsfasismi-dagsins\\\/#primaryimage\"},\"thumbnailUrl\":\"https:\\\/\\\/www.norn.is\\\/eva\\\/wp-content\\\/uploads\\\/sites\\\/36\\\/2020\\\/05\\\/ear-hand-listen-760.jpg\",\"datePublished\":\"2006-03-04T09:20:23+00:00\",\"dateModified\":\"2020-05-31T03:47:17+00:00\",\"author\":{\"@id\":\"https:\\\/\\\/www.norn.is\\\/eva\\\/#\\\/schema\\\/person\\\/1d9742389918a297671033a2b53d3d34\"},\"breadcrumb\":{\"@id\":\"https:\\\/\\\/www.norn.is\\\/eva\\\/2006\\\/03\\\/04\\\/malfarsfasismi-dagsins\\\/#breadcrumb\"},\"inLanguage\":\"is\",\"potentialAction\":[{\"@type\":\"ReadAction\",\"target\":[\"https:\\\/\\\/www.norn.is\\\/eva\\\/2006\\\/03\\\/04\\\/malfarsfasismi-dagsins\\\/\"]}]},{\"@type\":\"ImageObject\",\"inLanguage\":\"is\",\"@id\":\"https:\\\/\\\/www.norn.is\\\/eva\\\/2006\\\/03\\\/04\\\/malfarsfasismi-dagsins\\\/#primaryimage\",\"url\":\"https:\\\/\\\/www.norn.is\\\/eva\\\/wp-content\\\/uploads\\\/sites\\\/36\\\/2020\\\/05\\\/ear-hand-listen-760.jpg\",\"contentUrl\":\"https:\\\/\\\/www.norn.is\\\/eva\\\/wp-content\\\/uploads\\\/sites\\\/36\\\/2020\\\/05\\\/ear-hand-listen-760.jpg\",\"width\":760,\"height\":440},{\"@type\":\"BreadcrumbList\",\"@id\":\"https:\\\/\\\/www.norn.is\\\/eva\\\/2006\\\/03\\\/04\\\/malfarsfasismi-dagsins\\\/#breadcrumb\",\"itemListElement\":[{\"@type\":\"ListItem\",\"position\":1,\"name\":\"Home\",\"item\":\"https:\\\/\\\/www.norn.is\\\/eva\\\/\"},{\"@type\":\"ListItem\",\"position\":2,\"name\":\"M\u00e1lfarsfasismi dagsins\"}]},{\"@type\":\"WebSite\",\"@id\":\"https:\\\/\\\/www.norn.is\\\/eva\\\/#website\",\"url\":\"https:\\\/\\\/www.norn.is\\\/eva\\\/\",\"name\":\"Eva Hauksd\u00f3ttir\",\"description\":\"Evu blogg\",\"potentialAction\":[{\"@type\":\"SearchAction\",\"target\":{\"@type\":\"EntryPoint\",\"urlTemplate\":\"https:\\\/\\\/www.norn.is\\\/eva\\\/?s={search_term_string}\"},\"query-input\":{\"@type\":\"PropertyValueSpecification\",\"valueRequired\":true,\"valueName\":\"search_term_string\"}}],\"inLanguage\":\"is\"},{\"@type\":\"Person\",\"@id\":\"https:\\\/\\\/www.norn.is\\\/eva\\\/#\\\/schema\\\/person\\\/1d9742389918a297671033a2b53d3d34\",\"name\":\"Eva Hauksd\u00f3ttir\",\"image\":{\"@type\":\"ImageObject\",\"inLanguage\":\"is\",\"@id\":\"https:\\\/\\\/secure.gravatar.com\\\/avatar\\\/3690cd9ff7436a8a5d80acdc8fcb1046fbb9e002d4b532c85080d1bcbede84ce?s=96&d=mm&r=g\",\"url\":\"https:\\\/\\\/secure.gravatar.com\\\/avatar\\\/3690cd9ff7436a8a5d80acdc8fcb1046fbb9e002d4b532c85080d1bcbede84ce?s=96&d=mm&r=g\",\"contentUrl\":\"https:\\\/\\\/secure.gravatar.com\\\/avatar\\\/3690cd9ff7436a8a5d80acdc8fcb1046fbb9e002d4b532c85080d1bcbede84ce?s=96&d=mm&r=g\",\"caption\":\"Eva Hauksd\u00f3ttir\"},\"url\":\"https:\\\/\\\/www.norn.is\\\/eva\\\/author\\\/evahauks\\\/\"}]}<\/script>\n<!-- \/ Yoast SEO plugin. -->","yoast_head_json":{"title":"M\u00e1lfarsfasismi dagsins - Eva Hauksd\u00f3ttir","robots":{"index":"index","follow":"follow","max-snippet":"max-snippet:-1","max-image-preview":"max-image-preview:large","max-video-preview":"max-video-preview:-1"},"canonical":"https:\/\/www.norn.is\/eva\/2006\/03\/04\/malfarsfasismi-dagsins\/","og_locale":"is_IS","og_type":"article","og_title":"M\u00e1lfarsfasismi dagsins - Eva Hauksd\u00f3ttir","og_description":"\u00c9g er or\u00f0in hundlei\u00f0 \u00e1 m\u00e1lfarsfastisum sem heimta a\u00f0 f\u00f3lk ey\u00f0i \u00f3m\u00e6ldum t\u00edma \u00ed a\u00f0 l\u00e6ra fl\u00f3kin og forneskjuleg m\u00e1lkerfi \u00ed sta\u00f0 \u00feess a\u00f0 s\u00e6tta sig vi\u00f0 e\u00f0lilega \u00fer\u00f3un tungum\u00e1lsins. \u00dea\u00f0 er t\u00edmafrekt a\u00f0 vera \u00cdslendingur \u00ed dag. Fyrir utan fulla vinnu \u00fearf ma\u00f0ur a\u00f0 horfa \u00e1 5-6 raunveruleika\u00fe\u00e6tti \u00e1 viku, til a\u00f0 vera vi\u00f0r\u00e6\u00f0uh\u00e6fur [&hellip;]","og_url":"https:\/\/www.norn.is\/eva\/2006\/03\/04\/malfarsfasismi-dagsins\/","og_site_name":"Eva Hauksd\u00f3ttir","article_published_time":"2006-03-04T09:20:23+00:00","article_modified_time":"2020-05-31T03:47:17+00:00","og_image":[{"width":760,"height":440,"url":"https:\/\/www.norn.is\/eva\/wp-content\/uploads\/sites\/36\/2020\/05\/ear-hand-listen-760.jpg","type":"image\/jpeg"}],"author":"Eva Hauksd\u00f3ttir","twitter_card":"summary_large_image","twitter_misc":{"Written by":false,"Est. reading time":"2 minutes"},"schema":{"@context":"https:\/\/schema.org","@graph":[{"@type":"Article","@id":"https:\/\/www.norn.is\/eva\/2006\/03\/04\/malfarsfasismi-dagsins\/#article","isPartOf":{"@id":"https:\/\/www.norn.is\/eva\/2006\/03\/04\/malfarsfasismi-dagsins\/"},"author":{"name":"Eva Hauksd\u00f3ttir","@id":"https:\/\/www.norn.is\/eva\/#\/schema\/person\/1d9742389918a297671033a2b53d3d34"},"headline":"M\u00e1lfarsfasismi dagsins","datePublished":"2006-03-04T09:20:23+00:00","dateModified":"2020-05-31T03:47:17+00:00","mainEntityOfPage":{"@id":"https:\/\/www.norn.is\/eva\/2006\/03\/04\/malfarsfasismi-dagsins\/"},"wordCount":384,"image":{"@id":"https:\/\/www.norn.is\/eva\/2006\/03\/04\/malfarsfasismi-dagsins\/#primaryimage"},"thumbnailUrl":"https:\/\/www.norn.is\/eva\/wp-content\/uploads\/sites\/36\/2020\/05\/ear-hand-listen-760.jpg","keywords":["n\u00fdyr\u00f0i"],"articleSection":["\u00cdslenskt m\u00e1l"],"inLanguage":"is"},{"@type":"WebPage","@id":"https:\/\/www.norn.is\/eva\/2006\/03\/04\/malfarsfasismi-dagsins\/","url":"https:\/\/www.norn.is\/eva\/2006\/03\/04\/malfarsfasismi-dagsins\/","name":"M\u00e1lfarsfasismi dagsins - Eva Hauksd\u00f3ttir","isPartOf":{"@id":"https:\/\/www.norn.is\/eva\/#website"},"primaryImageOfPage":{"@id":"https:\/\/www.norn.is\/eva\/2006\/03\/04\/malfarsfasismi-dagsins\/#primaryimage"},"image":{"@id":"https:\/\/www.norn.is\/eva\/2006\/03\/04\/malfarsfasismi-dagsins\/#primaryimage"},"thumbnailUrl":"https:\/\/www.norn.is\/eva\/wp-content\/uploads\/sites\/36\/2020\/05\/ear-hand-listen-760.jpg","datePublished":"2006-03-04T09:20:23+00:00","dateModified":"2020-05-31T03:47:17+00:00","author":{"@id":"https:\/\/www.norn.is\/eva\/#\/schema\/person\/1d9742389918a297671033a2b53d3d34"},"breadcrumb":{"@id":"https:\/\/www.norn.is\/eva\/2006\/03\/04\/malfarsfasismi-dagsins\/#breadcrumb"},"inLanguage":"is","potentialAction":[{"@type":"ReadAction","target":["https:\/\/www.norn.is\/eva\/2006\/03\/04\/malfarsfasismi-dagsins\/"]}]},{"@type":"ImageObject","inLanguage":"is","@id":"https:\/\/www.norn.is\/eva\/2006\/03\/04\/malfarsfasismi-dagsins\/#primaryimage","url":"https:\/\/www.norn.is\/eva\/wp-content\/uploads\/sites\/36\/2020\/05\/ear-hand-listen-760.jpg","contentUrl":"https:\/\/www.norn.is\/eva\/wp-content\/uploads\/sites\/36\/2020\/05\/ear-hand-listen-760.jpg","width":760,"height":440},{"@type":"BreadcrumbList","@id":"https:\/\/www.norn.is\/eva\/2006\/03\/04\/malfarsfasismi-dagsins\/#breadcrumb","itemListElement":[{"@type":"ListItem","position":1,"name":"Home","item":"https:\/\/www.norn.is\/eva\/"},{"@type":"ListItem","position":2,"name":"M\u00e1lfarsfasismi dagsins"}]},{"@type":"WebSite","@id":"https:\/\/www.norn.is\/eva\/#website","url":"https:\/\/www.norn.is\/eva\/","name":"Eva Hauksd\u00f3ttir","description":"Evu blogg","potentialAction":[{"@type":"SearchAction","target":{"@type":"EntryPoint","urlTemplate":"https:\/\/www.norn.is\/eva\/?s={search_term_string}"},"query-input":{"@type":"PropertyValueSpecification","valueRequired":true,"valueName":"search_term_string"}}],"inLanguage":"is"},{"@type":"Person","@id":"https:\/\/www.norn.is\/eva\/#\/schema\/person\/1d9742389918a297671033a2b53d3d34","name":"Eva Hauksd\u00f3ttir","image":{"@type":"ImageObject","inLanguage":"is","@id":"https:\/\/secure.gravatar.com\/avatar\/3690cd9ff7436a8a5d80acdc8fcb1046fbb9e002d4b532c85080d1bcbede84ce?s=96&d=mm&r=g","url":"https:\/\/secure.gravatar.com\/avatar\/3690cd9ff7436a8a5d80acdc8fcb1046fbb9e002d4b532c85080d1bcbede84ce?s=96&d=mm&r=g","contentUrl":"https:\/\/secure.gravatar.com\/avatar\/3690cd9ff7436a8a5d80acdc8fcb1046fbb9e002d4b532c85080d1bcbede84ce?s=96&d=mm&r=g","caption":"Eva Hauksd\u00f3ttir"},"url":"https:\/\/www.norn.is\/eva\/author\/evahauks\/"}]}},"_links":{"self":[{"href":"https:\/\/www.norn.is\/eva\/wp-json\/wp\/v2\/posts\/692","targetHints":{"allow":["GET"]}}],"collection":[{"href":"https:\/\/www.norn.is\/eva\/wp-json\/wp\/v2\/posts"}],"about":[{"href":"https:\/\/www.norn.is\/eva\/wp-json\/wp\/v2\/types\/post"}],"author":[{"embeddable":true,"href":"https:\/\/www.norn.is\/eva\/wp-json\/wp\/v2\/users\/7"}],"replies":[{"embeddable":true,"href":"https:\/\/www.norn.is\/eva\/wp-json\/wp\/v2\/comments?post=692"}],"version-history":[{"count":1,"href":"https:\/\/www.norn.is\/eva\/wp-json\/wp\/v2\/posts\/692\/revisions"}],"predecessor-version":[{"id":695,"href":"https:\/\/www.norn.is\/eva\/wp-json\/wp\/v2\/posts\/692\/revisions\/695"}],"wp:featuredmedia":[{"embeddable":true,"href":"https:\/\/www.norn.is\/eva\/wp-json\/wp\/v2\/media\/694"}],"wp:attachment":[{"href":"https:\/\/www.norn.is\/eva\/wp-json\/wp\/v2\/media?parent=692"}],"wp:term":[{"taxonomy":"category","embeddable":true,"href":"https:\/\/www.norn.is\/eva\/wp-json\/wp\/v2\/categories?post=692"},{"taxonomy":"post_tag","embeddable":true,"href":"https:\/\/www.norn.is\/eva\/wp-json\/wp\/v2\/tags?post=692"}],"curies":[{"name":"wp","href":"https:\/\/api.w.org\/{rel}","templated":true}]}}