{"id":681,"date":"2018-02-18T12:33:36","date_gmt":"2018-02-18T12:33:36","guid":{"rendered":"http:\/\/www.norn.is\/eva\/?p=681"},"modified":"2020-07-16T20:39:20","modified_gmt":"2020-07-16T20:39:20","slug":"skilgreinir-facebook-helgiathafnir-sem-barnaklam","status":"publish","type":"post","link":"https:\/\/www.norn.is\/eva\/2018\/02\/18\/skilgreinir-facebook-helgiathafnir-sem-barnaklam\/","title":{"rendered":"Skilgreinir Facebook helgiathafnir sem barnakl\u00e1m?"},"content":{"rendered":"\n<p>Svo vir\u00f0ist sem Facebook skilgreini helgiathafnir sem barnakl\u00e1m. \u00c9g p\u00f3sta\u00f0i mynd af tr\u00faarath\u00f6fn \u00e1 Facebook \u00ed morgun, \u00ed tilefni af umr\u00e6\u00f0unni um forh\u00fa\u00f0arfrumvarpi\u00f0.&nbsp;\u00c9g n\u00e1\u00f0i reyndar ekki einu sinni a\u00f0 p\u00f3sta henni \u00fev\u00ed \u00e1\u00f0ur en h\u00fan birtist f\u00e9kk \u00e9g \u00feessa tilkynningu:<\/p>\n\n\n\n<div class=\"wp-block-image\"><figure class=\"aligncenter size-large\"><img loading=\"lazy\" decoding=\"async\" width=\"732\" height=\"299\" src=\"http:\/\/www.norn.is\/eva\/wp-content\/uploads\/sites\/36\/2020\/05\/blocked.png\" alt=\"\" class=\"wp-image-683\" srcset=\"https:\/\/www.norn.is\/eva\/wp-content\/uploads\/sites\/36\/2020\/05\/blocked.png 732w, https:\/\/www.norn.is\/eva\/wp-content\/uploads\/sites\/36\/2020\/05\/blocked-300x123.png 300w\" sizes=\"auto, (max-width: 732px) 100vw, 732px\" \/><\/figure><\/div>\n\n\n\n<p>Ekki hef \u00e9g tr\u00fa \u00e1 \u00fev\u00ed a\u00f0 \u00feetta sn\u00faist um h\u00f6fundarr\u00e9tt enda er Facebook full af myndum sem einhverjir a\u00f0rir en r\u00e9tthafar birta. \u00c6tli \u00fea\u00f0 s\u00e9 ekki frekar myndefni\u00f0 sj\u00e1lft sem \u00feykir \u00f3s\u00e6milegt.&nbsp;Samt s\u00e9st h\u00e9r engin nekt.<\/p>\n\n\n\n<p>\u00c9g hef a\u00f0 minnsta kosti \u00ferisvar sinnum or\u00f0i\u00f0 fyrir \u00fev\u00ed a\u00f0 efni sem \u00e9g hef p\u00f3sta\u00f0 \u00e1 Facebook hefur veri\u00f0 fjarl\u00e6gt, alltaf \u00e1 \u00feeirri forsendu a\u00f0 nekt s\u00e9 d\u00f3naleg.&nbsp; Einu sinni var \u00fea\u00f0 l\u00e6knisfr\u00e6\u00f0ileg mynd af brj\u00f3stum og \u00ed anna\u00f0 sinn r\u00f6\u00f0 af listr\u00e6num lj\u00f3smyndum af karlm\u00f6nnum me\u00f0 \u00f3l\u00e9ttubumbu sem var tilkynnt sem kl\u00e1m. Einu sinni&nbsp;<a href=\"http:\/\/www.norn.is\/dindilhosan\/jesubarnid-tosar-tillann\/\">mynd af g\u00f6mlu m\u00e1lverki.<\/a>&nbsp;\u00c9g minnist \u00feess \u00fe\u00f3 hvorki a\u00f0 \u00feetta hafi gerst \u00e1n \u00feess a\u00f0 einhver hafi tilkynnt efni\u00f0 n\u00e9 a\u00f0 m\u00e9r hafi \u00e1\u00f0ur veri\u00f0 meina\u00f0 a\u00f0 birta f\u00e6rslur, setja inn athugasemdir hj\u00e1 \u00f6\u00f0rum e\u00f0a \u201el\u00e6ka\u201c f\u00e6rslur.<\/p>\n\n\n\n<p>En j\u00e6ja, \u00feetta hef\u00f0i geta\u00f0 gerst \u00e1 \u00f3hentugri t\u00edma. \u00c9g er \u00e1 kafi \u00ed verkefnavinnu og vi\u00f0 eigum von \u00e1 g\u00f3\u00f0um gesti um helgina svo mig langar a\u00f0 vera \u00ed fr\u00edi \u00fe\u00e1. Og \u00fea\u00f0 er \u00fat af fyrir sig j\u00e1kv\u00e6tt a\u00f0 Sykurbergi finnist \u00feessi helgiath\u00f6fn \u00f3smekkleg. \u00c9g er \u00fev\u00ed hjartanlega samm\u00e1la.<\/p>\n\n\n\n<h4 class=\"has-text-color wp-block-heading\" style=\"color:#dcbb4c\">\u00deessu tengt:<\/h4>\n\n\n<div class=\"vlp-link-container vlp-layout-basic wp-block-visual-link-preview-link\"><a href=\"https:\/\/www.norn.is\/eva\/2013\/12\/06\/jesubarnid-tosar-i-tillann\/\" class=\"vlp-link\" title=\"Jes\u00fabarni\u00f0 tosar \u00ed tillann\"><\/a><div class=\"vlp-layout-zone-side\"><div class=\"vlp-block-2 vlp-link-image\"><img loading=\"lazy\" decoding=\"async\" style=\"max-width: 150px;\" width=\"150\" height=\"123\" src=\"https:\/\/www.norn.is\/eva\/wp-content\/uploads\/sites\/36\/2020\/07\/jesubarn.jpg\" class=\"attachment-150x999 size-150x999\" alt=\"\" srcset=\"https:\/\/www.norn.is\/eva\/wp-content\/uploads\/sites\/36\/2020\/07\/jesubarn.jpg 500w, https:\/\/www.norn.is\/eva\/wp-content\/uploads\/sites\/36\/2020\/07\/jesubarn-300x245.jpg 300w\" sizes=\"auto, (max-width: 150px) 100vw, 150px\" \/><\/div><\/div><div class=\"vlp-layout-zone-main\"><div class=\"vlp-block-0 vlp-link-title\">Jes\u00fabarni\u00f0 tosar \u00ed tillann<\/div><div class=\"vlp-block-1 vlp-link-summary\">F\u00f3rum \u00e1 safn \u00ed dag og s\u00e1um urmul af hrikalega \u00f3fr\u00ed\u00f0um englum, heil\u00f6gum meyjum og \u00f6\u00f0ru f\u00f3lki sem hef\u00f0i \u00feurft \u00e1 f\u00f3t\u00f3sjoppu a\u00f0 halda.&nbsp;\u00dea\u00f0 eftirminnilegasta er \u00feessi mynd. \u00c9g minnist \u00feess ekki a\u00f0 hafa \u00e1\u00f0ur s\u00e9\u00f0 mynd af J\u00e9s\u00fabarninu toga \u00ed tillann \u00e1 s\u00e9r. [&hellip;]<\/div><\/div><\/div>\n\n<div class=\"vlp-link-container vlp-layout-basic wp-block-visual-link-preview-link\"><a href=\"https:\/\/www.norn.is\/eva\/2014\/06\/18\/umskurdur-kvenna-er-ekki-islamskur-sidur\/\" class=\"vlp-link\" title=\"Umskur\u00f0ur kvenna er ekki \u00edslamskur si\u00f0ur\"><\/a><div class=\"vlp-layout-zone-side\"><div class=\"vlp-block-2 vlp-link-image\"><img loading=\"lazy\" decoding=\"async\" style=\"max-width: 150px;\" width=\"150\" height=\"98\" src=\"https:\/\/www.norn.is\/eva\/wp-content\/uploads\/sites\/36\/2020\/07\/e58d1171-52ee-439f-bff7-9cae3d61d6e7-1024x667-1.jpg\" class=\"attachment-150x999 size-150x999\" alt=\"\" srcset=\"https:\/\/www.norn.is\/eva\/wp-content\/uploads\/sites\/36\/2020\/07\/e58d1171-52ee-439f-bff7-9cae3d61d6e7-1024x667-1.jpg 1024w, https:\/\/www.norn.is\/eva\/wp-content\/uploads\/sites\/36\/2020\/07\/e58d1171-52ee-439f-bff7-9cae3d61d6e7-1024x667-1-300x195.jpg 300w, https:\/\/www.norn.is\/eva\/wp-content\/uploads\/sites\/36\/2020\/07\/e58d1171-52ee-439f-bff7-9cae3d61d6e7-1024x667-1-768x500.jpg 768w\" sizes=\"auto, (max-width: 150px) 100vw, 150px\" \/><\/div><\/div><div class=\"vlp-layout-zone-main\"><div class=\"vlp-block-0 vlp-link-title\">Umskur\u00f0ur kvenna er ekki \u00edslamskur si\u00f0ur<\/div><div class=\"vlp-block-1 vlp-link-summary\">\u00cd umr\u00e6\u00f0unni um innflytjendur ber nokku\u00f0 \u00e1 \u00f3tta um a\u00f0 f\u00f3lk me\u00f0 annan menningarbakgrunn taki me\u00f0 s\u00e9r si\u00f0i sem samr\u00e6mast ekki hugmyndum vestr\u00e6nna \u00fej\u00f3\u00f0a um mannr\u00e9ttindi og sj\u00e1lfs\u00e1kv\u00f6r\u00f0unarr\u00e9tt. [&hellip;]<\/div><\/div><\/div>","protected":false},"excerpt":{"rendered":"<p>Svo vir\u00f0ist sem Facebook skilgreini helgiathafnir sem barnakl\u00e1m. \u00c9g p\u00f3sta\u00f0i mynd af tr\u00faarath\u00f6fn \u00e1 Facebook \u00ed morgun, \u00ed tilefni af umr\u00e6\u00f0unni um forh\u00fa\u00f0arfrumvarpi\u00f0.&nbsp;\u00c9g n\u00e1\u00f0i reyndar ekki einu sinni a\u00f0 p\u00f3sta henni \u00fev\u00ed \u00e1\u00f0ur en h\u00fan birtist f\u00e9kk \u00e9g \u00feessa tilkynningu: Ekki hef \u00e9g tr\u00fa \u00e1 \u00fev\u00ed a\u00f0 \u00feetta sn\u00faist um h\u00f6fundarr\u00e9tt enda er Facebook full [&hellip;]<\/p>\n","protected":false},"author":7,"featured_media":682,"comment_status":"closed","ping_status":"open","sticky":false,"template":"","format":"standard","meta":{"_et_pb_use_builder":"off","_et_pb_old_content":"","_et_gb_content_width":"","footnotes":""},"categories":[494,25,449],"tags":[174,175,469,13,442],"class_list":["post-681","post","type-post","status-publish","format-standard","has-post-thumbnail","hentry","category-fjolmidlar","category-tru-hugmyndafraedi","category-truarbrogd","tag-gydingdomur","tag-helgiathafnir","tag-samfelagsmidlar","tag-umskurdur","tag-upplysingafrelsi","et-has-post-format-content","et_post_format-et-post-format-standard"],"yoast_head":"<!-- This site is optimized with the Yoast SEO plugin v27.5 - https:\/\/yoast.com\/product\/yoast-seo-wordpress\/ -->\n<title>Skilgreinir Facebook helgiathafnir sem barnakl\u00e1m? - Eva Hauksd\u00f3ttir<\/title>\n<meta name=\"robots\" content=\"index, follow, max-snippet:-1, max-image-preview:large, max-video-preview:-1\" \/>\n<link rel=\"canonical\" href=\"https:\/\/www.norn.is\/eva\/2018\/02\/18\/skilgreinir-facebook-helgiathafnir-sem-barnaklam\/\" \/>\n<meta property=\"og:locale\" content=\"is_IS\" \/>\n<meta property=\"og:type\" content=\"article\" \/>\n<meta property=\"og:title\" content=\"Skilgreinir Facebook helgiathafnir sem barnakl\u00e1m? - Eva Hauksd\u00f3ttir\" \/>\n<meta property=\"og:description\" content=\"Svo vir\u00f0ist sem Facebook skilgreini helgiathafnir sem barnakl\u00e1m. \u00c9g p\u00f3sta\u00f0i mynd af tr\u00faarath\u00f6fn \u00e1 Facebook \u00ed morgun, \u00ed tilefni af umr\u00e6\u00f0unni um forh\u00fa\u00f0arfrumvarpi\u00f0.&nbsp;\u00c9g n\u00e1\u00f0i reyndar ekki einu sinni a\u00f0 p\u00f3sta henni \u00fev\u00ed \u00e1\u00f0ur en h\u00fan birtist f\u00e9kk \u00e9g \u00feessa tilkynningu: Ekki hef \u00e9g tr\u00fa \u00e1 \u00fev\u00ed a\u00f0 \u00feetta sn\u00faist um h\u00f6fundarr\u00e9tt enda er Facebook full [&hellip;]\" \/>\n<meta property=\"og:url\" content=\"https:\/\/www.norn.is\/eva\/2018\/02\/18\/skilgreinir-facebook-helgiathafnir-sem-barnaklam\/\" \/>\n<meta property=\"og:site_name\" content=\"Eva Hauksd\u00f3ttir\" \/>\n<meta property=\"article:published_time\" content=\"2018-02-18T12:33:36+00:00\" \/>\n<meta property=\"article:modified_time\" content=\"2020-07-16T20:39:20+00:00\" \/>\n<meta property=\"og:image\" content=\"https:\/\/www.norn.is\/eva\/wp-content\/uploads\/sites\/36\/2020\/05\/ritual.png\" \/>\n\t<meta property=\"og:image:width\" content=\"608\" \/>\n\t<meta property=\"og:image:height\" content=\"444\" \/>\n\t<meta property=\"og:image:type\" content=\"image\/png\" \/>\n<meta name=\"author\" content=\"Eva Hauksd\u00f3ttir\" \/>\n<meta name=\"twitter:card\" content=\"summary_large_image\" \/>\n<meta name=\"twitter:label1\" content=\"Written by\" \/>\n\t<meta name=\"twitter:data1\" content=\"\" \/>\n\t<meta name=\"twitter:label2\" content=\"Est. reading time\" \/>\n\t<meta name=\"twitter:data2\" content=\"2 minutes\" \/>\n<script type=\"application\/ld+json\" class=\"yoast-schema-graph\">{\"@context\":\"https:\\\/\\\/schema.org\",\"@graph\":[{\"@type\":\"Article\",\"@id\":\"https:\\\/\\\/www.norn.is\\\/eva\\\/2018\\\/02\\\/18\\\/skilgreinir-facebook-helgiathafnir-sem-barnaklam\\\/#article\",\"isPartOf\":{\"@id\":\"https:\\\/\\\/www.norn.is\\\/eva\\\/2018\\\/02\\\/18\\\/skilgreinir-facebook-helgiathafnir-sem-barnaklam\\\/\"},\"author\":{\"name\":\"Eva Hauksd\u00f3ttir\",\"@id\":\"https:\\\/\\\/www.norn.is\\\/eva\\\/#\\\/schema\\\/person\\\/1d9742389918a297671033a2b53d3d34\"},\"headline\":\"Skilgreinir Facebook helgiathafnir sem barnakl\u00e1m?\",\"datePublished\":\"2018-02-18T12:33:36+00:00\",\"dateModified\":\"2020-07-16T20:39:20+00:00\",\"mainEntityOfPage\":{\"@id\":\"https:\\\/\\\/www.norn.is\\\/eva\\\/2018\\\/02\\\/18\\\/skilgreinir-facebook-helgiathafnir-sem-barnaklam\\\/\"},\"wordCount\":377,\"image\":{\"@id\":\"https:\\\/\\\/www.norn.is\\\/eva\\\/2018\\\/02\\\/18\\\/skilgreinir-facebook-helgiathafnir-sem-barnaklam\\\/#primaryimage\"},\"thumbnailUrl\":\"https:\\\/\\\/www.norn.is\\\/eva\\\/wp-content\\\/uploads\\\/sites\\\/36\\\/2020\\\/05\\\/ritual.png\",\"keywords\":[\"Gy\u00f0ingd\u00f3mur\",\"helgiathafnir\",\"samf\u00e9lagsmi\u00f0lar\",\"umskur\u00f0ur\",\"uppl\u00fdsingafrelsi\"],\"articleSection\":[\"Fj\u00f6lmi\u00f0lar\",\"Tr\u00fa &amp; hugmyndafr\u00e6\u00f0i\",\"Tr\u00faarbr\u00f6g\u00f0\"],\"inLanguage\":\"is\"},{\"@type\":\"WebPage\",\"@id\":\"https:\\\/\\\/www.norn.is\\\/eva\\\/2018\\\/02\\\/18\\\/skilgreinir-facebook-helgiathafnir-sem-barnaklam\\\/\",\"url\":\"https:\\\/\\\/www.norn.is\\\/eva\\\/2018\\\/02\\\/18\\\/skilgreinir-facebook-helgiathafnir-sem-barnaklam\\\/\",\"name\":\"Skilgreinir Facebook helgiathafnir sem barnakl\u00e1m? - Eva Hauksd\u00f3ttir\",\"isPartOf\":{\"@id\":\"https:\\\/\\\/www.norn.is\\\/eva\\\/#website\"},\"primaryImageOfPage\":{\"@id\":\"https:\\\/\\\/www.norn.is\\\/eva\\\/2018\\\/02\\\/18\\\/skilgreinir-facebook-helgiathafnir-sem-barnaklam\\\/#primaryimage\"},\"image\":{\"@id\":\"https:\\\/\\\/www.norn.is\\\/eva\\\/2018\\\/02\\\/18\\\/skilgreinir-facebook-helgiathafnir-sem-barnaklam\\\/#primaryimage\"},\"thumbnailUrl\":\"https:\\\/\\\/www.norn.is\\\/eva\\\/wp-content\\\/uploads\\\/sites\\\/36\\\/2020\\\/05\\\/ritual.png\",\"datePublished\":\"2018-02-18T12:33:36+00:00\",\"dateModified\":\"2020-07-16T20:39:20+00:00\",\"author\":{\"@id\":\"https:\\\/\\\/www.norn.is\\\/eva\\\/#\\\/schema\\\/person\\\/1d9742389918a297671033a2b53d3d34\"},\"breadcrumb\":{\"@id\":\"https:\\\/\\\/www.norn.is\\\/eva\\\/2018\\\/02\\\/18\\\/skilgreinir-facebook-helgiathafnir-sem-barnaklam\\\/#breadcrumb\"},\"inLanguage\":\"is\",\"potentialAction\":[{\"@type\":\"ReadAction\",\"target\":[\"https:\\\/\\\/www.norn.is\\\/eva\\\/2018\\\/02\\\/18\\\/skilgreinir-facebook-helgiathafnir-sem-barnaklam\\\/\"]}]},{\"@type\":\"ImageObject\",\"inLanguage\":\"is\",\"@id\":\"https:\\\/\\\/www.norn.is\\\/eva\\\/2018\\\/02\\\/18\\\/skilgreinir-facebook-helgiathafnir-sem-barnaklam\\\/#primaryimage\",\"url\":\"https:\\\/\\\/www.norn.is\\\/eva\\\/wp-content\\\/uploads\\\/sites\\\/36\\\/2020\\\/05\\\/ritual.png\",\"contentUrl\":\"https:\\\/\\\/www.norn.is\\\/eva\\\/wp-content\\\/uploads\\\/sites\\\/36\\\/2020\\\/05\\\/ritual.png\",\"width\":608,\"height\":444},{\"@type\":\"BreadcrumbList\",\"@id\":\"https:\\\/\\\/www.norn.is\\\/eva\\\/2018\\\/02\\\/18\\\/skilgreinir-facebook-helgiathafnir-sem-barnaklam\\\/#breadcrumb\",\"itemListElement\":[{\"@type\":\"ListItem\",\"position\":1,\"name\":\"Home\",\"item\":\"https:\\\/\\\/www.norn.is\\\/eva\\\/\"},{\"@type\":\"ListItem\",\"position\":2,\"name\":\"Skilgreinir Facebook helgiathafnir sem barnakl\u00e1m?\"}]},{\"@type\":\"WebSite\",\"@id\":\"https:\\\/\\\/www.norn.is\\\/eva\\\/#website\",\"url\":\"https:\\\/\\\/www.norn.is\\\/eva\\\/\",\"name\":\"Eva Hauksd\u00f3ttir\",\"description\":\"Evu blogg\",\"potentialAction\":[{\"@type\":\"SearchAction\",\"target\":{\"@type\":\"EntryPoint\",\"urlTemplate\":\"https:\\\/\\\/www.norn.is\\\/eva\\\/?s={search_term_string}\"},\"query-input\":{\"@type\":\"PropertyValueSpecification\",\"valueRequired\":true,\"valueName\":\"search_term_string\"}}],\"inLanguage\":\"is\"},{\"@type\":\"Person\",\"@id\":\"https:\\\/\\\/www.norn.is\\\/eva\\\/#\\\/schema\\\/person\\\/1d9742389918a297671033a2b53d3d34\",\"name\":\"Eva Hauksd\u00f3ttir\",\"image\":{\"@type\":\"ImageObject\",\"inLanguage\":\"is\",\"@id\":\"https:\\\/\\\/secure.gravatar.com\\\/avatar\\\/3690cd9ff7436a8a5d80acdc8fcb1046fbb9e002d4b532c85080d1bcbede84ce?s=96&d=mm&r=g\",\"url\":\"https:\\\/\\\/secure.gravatar.com\\\/avatar\\\/3690cd9ff7436a8a5d80acdc8fcb1046fbb9e002d4b532c85080d1bcbede84ce?s=96&d=mm&r=g\",\"contentUrl\":\"https:\\\/\\\/secure.gravatar.com\\\/avatar\\\/3690cd9ff7436a8a5d80acdc8fcb1046fbb9e002d4b532c85080d1bcbede84ce?s=96&d=mm&r=g\",\"caption\":\"Eva Hauksd\u00f3ttir\"},\"url\":\"https:\\\/\\\/www.norn.is\\\/eva\\\/author\\\/evahauks\\\/\"}]}<\/script>\n<!-- \/ Yoast SEO plugin. -->","yoast_head_json":{"title":"Skilgreinir Facebook helgiathafnir sem barnakl\u00e1m? - Eva Hauksd\u00f3ttir","robots":{"index":"index","follow":"follow","max-snippet":"max-snippet:-1","max-image-preview":"max-image-preview:large","max-video-preview":"max-video-preview:-1"},"canonical":"https:\/\/www.norn.is\/eva\/2018\/02\/18\/skilgreinir-facebook-helgiathafnir-sem-barnaklam\/","og_locale":"is_IS","og_type":"article","og_title":"Skilgreinir Facebook helgiathafnir sem barnakl\u00e1m? - Eva Hauksd\u00f3ttir","og_description":"Svo vir\u00f0ist sem Facebook skilgreini helgiathafnir sem barnakl\u00e1m. \u00c9g p\u00f3sta\u00f0i mynd af tr\u00faarath\u00f6fn \u00e1 Facebook \u00ed morgun, \u00ed tilefni af umr\u00e6\u00f0unni um forh\u00fa\u00f0arfrumvarpi\u00f0.&nbsp;\u00c9g n\u00e1\u00f0i reyndar ekki einu sinni a\u00f0 p\u00f3sta henni \u00fev\u00ed \u00e1\u00f0ur en h\u00fan birtist f\u00e9kk \u00e9g \u00feessa tilkynningu: Ekki hef \u00e9g tr\u00fa \u00e1 \u00fev\u00ed a\u00f0 \u00feetta sn\u00faist um h\u00f6fundarr\u00e9tt enda er Facebook full [&hellip;]","og_url":"https:\/\/www.norn.is\/eva\/2018\/02\/18\/skilgreinir-facebook-helgiathafnir-sem-barnaklam\/","og_site_name":"Eva Hauksd\u00f3ttir","article_published_time":"2018-02-18T12:33:36+00:00","article_modified_time":"2020-07-16T20:39:20+00:00","og_image":[{"width":608,"height":444,"url":"https:\/\/www.norn.is\/eva\/wp-content\/uploads\/sites\/36\/2020\/05\/ritual.png","type":"image\/png"}],"author":"Eva Hauksd\u00f3ttir","twitter_card":"summary_large_image","twitter_misc":{"Written by":false,"Est. reading time":"2 minutes"},"schema":{"@context":"https:\/\/schema.org","@graph":[{"@type":"Article","@id":"https:\/\/www.norn.is\/eva\/2018\/02\/18\/skilgreinir-facebook-helgiathafnir-sem-barnaklam\/#article","isPartOf":{"@id":"https:\/\/www.norn.is\/eva\/2018\/02\/18\/skilgreinir-facebook-helgiathafnir-sem-barnaklam\/"},"author":{"name":"Eva Hauksd\u00f3ttir","@id":"https:\/\/www.norn.is\/eva\/#\/schema\/person\/1d9742389918a297671033a2b53d3d34"},"headline":"Skilgreinir Facebook helgiathafnir sem barnakl\u00e1m?","datePublished":"2018-02-18T12:33:36+00:00","dateModified":"2020-07-16T20:39:20+00:00","mainEntityOfPage":{"@id":"https:\/\/www.norn.is\/eva\/2018\/02\/18\/skilgreinir-facebook-helgiathafnir-sem-barnaklam\/"},"wordCount":377,"image":{"@id":"https:\/\/www.norn.is\/eva\/2018\/02\/18\/skilgreinir-facebook-helgiathafnir-sem-barnaklam\/#primaryimage"},"thumbnailUrl":"https:\/\/www.norn.is\/eva\/wp-content\/uploads\/sites\/36\/2020\/05\/ritual.png","keywords":["Gy\u00f0ingd\u00f3mur","helgiathafnir","samf\u00e9lagsmi\u00f0lar","umskur\u00f0ur","uppl\u00fdsingafrelsi"],"articleSection":["Fj\u00f6lmi\u00f0lar","Tr\u00fa &amp; hugmyndafr\u00e6\u00f0i","Tr\u00faarbr\u00f6g\u00f0"],"inLanguage":"is"},{"@type":"WebPage","@id":"https:\/\/www.norn.is\/eva\/2018\/02\/18\/skilgreinir-facebook-helgiathafnir-sem-barnaklam\/","url":"https:\/\/www.norn.is\/eva\/2018\/02\/18\/skilgreinir-facebook-helgiathafnir-sem-barnaklam\/","name":"Skilgreinir Facebook helgiathafnir sem barnakl\u00e1m? - Eva Hauksd\u00f3ttir","isPartOf":{"@id":"https:\/\/www.norn.is\/eva\/#website"},"primaryImageOfPage":{"@id":"https:\/\/www.norn.is\/eva\/2018\/02\/18\/skilgreinir-facebook-helgiathafnir-sem-barnaklam\/#primaryimage"},"image":{"@id":"https:\/\/www.norn.is\/eva\/2018\/02\/18\/skilgreinir-facebook-helgiathafnir-sem-barnaklam\/#primaryimage"},"thumbnailUrl":"https:\/\/www.norn.is\/eva\/wp-content\/uploads\/sites\/36\/2020\/05\/ritual.png","datePublished":"2018-02-18T12:33:36+00:00","dateModified":"2020-07-16T20:39:20+00:00","author":{"@id":"https:\/\/www.norn.is\/eva\/#\/schema\/person\/1d9742389918a297671033a2b53d3d34"},"breadcrumb":{"@id":"https:\/\/www.norn.is\/eva\/2018\/02\/18\/skilgreinir-facebook-helgiathafnir-sem-barnaklam\/#breadcrumb"},"inLanguage":"is","potentialAction":[{"@type":"ReadAction","target":["https:\/\/www.norn.is\/eva\/2018\/02\/18\/skilgreinir-facebook-helgiathafnir-sem-barnaklam\/"]}]},{"@type":"ImageObject","inLanguage":"is","@id":"https:\/\/www.norn.is\/eva\/2018\/02\/18\/skilgreinir-facebook-helgiathafnir-sem-barnaklam\/#primaryimage","url":"https:\/\/www.norn.is\/eva\/wp-content\/uploads\/sites\/36\/2020\/05\/ritual.png","contentUrl":"https:\/\/www.norn.is\/eva\/wp-content\/uploads\/sites\/36\/2020\/05\/ritual.png","width":608,"height":444},{"@type":"BreadcrumbList","@id":"https:\/\/www.norn.is\/eva\/2018\/02\/18\/skilgreinir-facebook-helgiathafnir-sem-barnaklam\/#breadcrumb","itemListElement":[{"@type":"ListItem","position":1,"name":"Home","item":"https:\/\/www.norn.is\/eva\/"},{"@type":"ListItem","position":2,"name":"Skilgreinir Facebook helgiathafnir sem barnakl\u00e1m?"}]},{"@type":"WebSite","@id":"https:\/\/www.norn.is\/eva\/#website","url":"https:\/\/www.norn.is\/eva\/","name":"Eva Hauksd\u00f3ttir","description":"Evu blogg","potentialAction":[{"@type":"SearchAction","target":{"@type":"EntryPoint","urlTemplate":"https:\/\/www.norn.is\/eva\/?s={search_term_string}"},"query-input":{"@type":"PropertyValueSpecification","valueRequired":true,"valueName":"search_term_string"}}],"inLanguage":"is"},{"@type":"Person","@id":"https:\/\/www.norn.is\/eva\/#\/schema\/person\/1d9742389918a297671033a2b53d3d34","name":"Eva Hauksd\u00f3ttir","image":{"@type":"ImageObject","inLanguage":"is","@id":"https:\/\/secure.gravatar.com\/avatar\/3690cd9ff7436a8a5d80acdc8fcb1046fbb9e002d4b532c85080d1bcbede84ce?s=96&d=mm&r=g","url":"https:\/\/secure.gravatar.com\/avatar\/3690cd9ff7436a8a5d80acdc8fcb1046fbb9e002d4b532c85080d1bcbede84ce?s=96&d=mm&r=g","contentUrl":"https:\/\/secure.gravatar.com\/avatar\/3690cd9ff7436a8a5d80acdc8fcb1046fbb9e002d4b532c85080d1bcbede84ce?s=96&d=mm&r=g","caption":"Eva Hauksd\u00f3ttir"},"url":"https:\/\/www.norn.is\/eva\/author\/evahauks\/"}]}},"_links":{"self":[{"href":"https:\/\/www.norn.is\/eva\/wp-json\/wp\/v2\/posts\/681","targetHints":{"allow":["GET"]}}],"collection":[{"href":"https:\/\/www.norn.is\/eva\/wp-json\/wp\/v2\/posts"}],"about":[{"href":"https:\/\/www.norn.is\/eva\/wp-json\/wp\/v2\/types\/post"}],"author":[{"embeddable":true,"href":"https:\/\/www.norn.is\/eva\/wp-json\/wp\/v2\/users\/7"}],"replies":[{"embeddable":true,"href":"https:\/\/www.norn.is\/eva\/wp-json\/wp\/v2\/comments?post=681"}],"version-history":[{"count":5,"href":"https:\/\/www.norn.is\/eva\/wp-json\/wp\/v2\/posts\/681\/revisions"}],"predecessor-version":[{"id":2230,"href":"https:\/\/www.norn.is\/eva\/wp-json\/wp\/v2\/posts\/681\/revisions\/2230"}],"wp:featuredmedia":[{"embeddable":true,"href":"https:\/\/www.norn.is\/eva\/wp-json\/wp\/v2\/media\/682"}],"wp:attachment":[{"href":"https:\/\/www.norn.is\/eva\/wp-json\/wp\/v2\/media?parent=681"}],"wp:term":[{"taxonomy":"category","embeddable":true,"href":"https:\/\/www.norn.is\/eva\/wp-json\/wp\/v2\/categories?post=681"},{"taxonomy":"post_tag","embeddable":true,"href":"https:\/\/www.norn.is\/eva\/wp-json\/wp\/v2\/tags?post=681"}],"curies":[{"name":"wp","href":"https:\/\/api.w.org\/{rel}","templated":true}]}}