{"id":6664,"date":"2013-01-12T06:35:00","date_gmt":"2013-01-12T06:35:00","guid":{"rendered":"http:\/\/www.norn.is\/eva\/?p=6664"},"modified":"2021-10-28T06:51:21","modified_gmt":"2021-10-28T06:51:21","slug":"sjukir-en-fagrir","status":"publish","type":"post","link":"https:\/\/www.norn.is\/eva\/2013\/01\/12\/sjukir-en-fagrir\/","title":{"rendered":"\u2026 sj\u00fakir en fagrir"},"content":{"rendered":"\n<p>J\u00e6ja, loksins hefur meintur feministi gert hei\u00f0arlega tilraun til a\u00f0\u00a0<a href=\"http:\/\/knuz.is\/2013\/01\/10\/laufblod-lastarans\/\" target=\"_blank\" rel=\"noreferrer noopener\">svara gagnr\u00fdni minni<\/a>, \u00fe.e.a.s. \u00fev\u00ed sem \u00e9g hef sagt en ekki einhverju allt \u00f6\u00f0ru.<\/p>\n\n\n<div class=\"vlp-link-container vlp-layout-basic wp-block-visual-link-preview-link\"><a href=\"https:\/\/www.norn.is\/eva\/2013\/01\/08\/nokkur-daemi-um-ofstaeki-feminista\/\" class=\"vlp-link\" title=\"Nokkur d\u00e6mi um ofst\u00e6ki fem\u00ednista\" target=\"_blank\"><\/a><div class=\"vlp-layout-zone-side\"><div class=\"vlp-block-2 vlp-link-image\"><img loading=\"lazy\" decoding=\"async\" style=\"max-width: 150px;\" width=\"150\" height=\"65\" src=\"https:\/\/www.norn.is\/eva\/wp-content\/uploads\/sites\/36\/2021\/10\/dolgur.png\" class=\"attachment-150x999 size-150x999\" alt=\"\" srcset=\"https:\/\/www.norn.is\/eva\/wp-content\/uploads\/sites\/36\/2021\/10\/dolgur.png 800w, https:\/\/www.norn.is\/eva\/wp-content\/uploads\/sites\/36\/2021\/10\/dolgur-300x131.png 300w, https:\/\/www.norn.is\/eva\/wp-content\/uploads\/sites\/36\/2021\/10\/dolgur-768x334.png 768w\" sizes=\"auto, (max-width: 150px) 100vw, 150px\" \/><\/div><\/div><div class=\"vlp-layout-zone-main\"><div class=\"vlp-block-0 vlp-link-title\">Nokkur d\u00e6mi um ofst\u00e6ki fem\u00ednista<\/div><div class=\"vlp-block-1 vlp-link-summary\">Hatri\u00f0 \u00ed gar\u00f0 feminista hefur ekki fari\u00f0 fram hj\u00e1 neinum sem fylgist me\u00f0 umr\u00e6\u00f0unni. F\u00fakyr\u00f0aflaumur og ofbeldis\u00f3rar virka a\u00f0 v\u00edsu ekki vel til \u00feess a\u00f0 breyta sko\u00f0unum neins en \u00feetta virkar hinsvegar pr\u00fd\u00f0isvel til \u00feess a\u00f0 draga athyglina fr\u00e1 \u00fev\u00ed sem \u00feessar konur segja og a\u00f0 \u00fev\u00ed hatursfulla sk\u00edtkasti sem \u00fe\u00e6r sitja undir. Sem er [&hellip;]<\/div><\/div><\/div>\n\n\n<p>Me\u00f0 v\u00edsu Steingr\u00edms Thorsteinssonar sem G\u00edsli \u00c1sgeirsson notar sem inngang a\u00f0 pistli s\u00ednum, l\u00fdsir hann \u00feeirri afst\u00f6\u00f0u sinni a\u00f0 umfj\u00f6llun m\u00edn um ofst\u00e6ki feminista s\u00e9 ekkert nema \u201er\u00f3gur\u201c. R\u00f3gur er samkv\u00e6mt or\u00f0ab\u00f3karskilgreiningu \u201e\u00f3s\u00f6nn illm\u00e6li\u201c. G\u00edsli tekur \u00ed pistli s\u00ednum fj\u00f6gur af d\u00e6mum m\u00ednum um\u00a0ofst\u00e6ki feminista, sem hann flokkar samkv\u00e6mt \u00feessu sem \u00f3s\u00f6nn illm\u00e6li. Vi\u00f0 G\u00edsli \u00a0ver\u00f0um v\u00edst seint samm\u00e1la um \u00fea\u00f0 hvort d\u00e6min sem \u00e9g tek eru \u00f3s\u00f6nn e\u00f0a ekki og \u00fev\u00ed er best a\u00f0 l\u00e1ta lesendum eftir a\u00f0 d\u00e6ma.<\/p>\n\n\n\n<p><\/p>\n\n\n\n<h2 class=\"wp-block-heading\"><strong>D\u00e6min sem G\u00edsli flokkar sem r\u00f3gbur\u00f0<\/strong><\/h2>\n\n\n\n<p>F\u00e9lag um foreldrajafnr\u00e9tti hefur barist fyrir d\u00f3maraheimild til a\u00f0 d\u00e6ma foreldrum sameiginlegt forr\u00e6\u00f0i vi\u00f0 skilna\u00f0. Halla Gunnarsd\u00f3ttir lag\u00f0ist \u00e1 m\u00f3ti d\u00f3maraheimild. Me\u00f0al \u00feeirra raka sem h\u00fan f\u00e6r\u00f0i fyrir afst\u00f6\u00f0u sinni voru \u00feau a\u00f0 d\u00f3maraheimild bj\u00f3\u00f0i heim h\u00e6ttu \u00e1 a\u00f0 ofbeldisfullir foreldrar f\u00e1i of mikinn a\u00f0gang a\u00f0 b\u00f6rnum s\u00ednum. \u00cd&nbsp;<a href=\"http:\/\/www.dv.is\/blogg\/heidab\/2012\/2\/5\/hollu-gunnarsdottur-svarad\/\" target=\"_blank\" rel=\"noreferrer noopener\">\u00feessum pistli flettir Hei\u00f0a B Hei\u00f0ars ofan af nokkrum rangf\u00e6rslum H\u00f6llu<\/a>&nbsp;um m\u00e1li\u00f0 og hvet \u00e9g lesendur til a\u00f0 kynna s\u00e9r greinina. S\u00e1 sem s\u00e9r d\u00f3maraheimild sem jafnr\u00e9ttism\u00e1l hl\u00fdtur um lei\u00f0 a\u00f0 sj\u00e1 frumvarp H\u00f6llu gegn henni sem markvissa bar\u00e1ttu gegn foreldrajafnr\u00e9tti. Hvort d\u00f3maraheimild er jafnr\u00e9ttism\u00e1l ver\u00f0ur hver a\u00f0 gera upp vi\u00f0 sj\u00e1lfan sig.<\/p>\n\n\n\n<p>\u00c9g tel ekki a\u00f0 \u00der\u00e1inn Bertelsson s\u00e9 kvenhatari \u00fe\u00f3tt hann flokki \u00fea\u00f0 sem \u00e6rumei\u00f0ingar a\u00f0 setja \u00f3smekkleg skrif til ungrar st\u00falku \u00ed sama flokk og barnanau\u00f0gun. F\u00f3lk \u00fearf ekkert a\u00f0 vera samm\u00e1la \u00der\u00e1ni um a\u00f0 or\u00f0i\u00f0 \u201eheimilisb\u00f6l\u201c s\u00e9 vi\u00f0eigandi um atbur\u00f0i sem J\u00f3n Baldvin var einn \u00e1byrgur fyrir en m\u00e9r finnst ofst\u00e6kisfullt a\u00f0 kalla \u00fea\u00f0 \u201ekvenhatur\u201c. G\u00edsli l\u00edtur \u00e1 \u00fe\u00e1 afst\u00f6\u00f0u m\u00edna sem r\u00f3gbur\u00f0 \u00ed gar\u00f0 feminista. D\u00e6mi n\u00fa hver fyrir sig.<\/p>\n\n\n\n<p><a href=\"http:\/\/tiskublogg.blogspot.com\/\" target=\"_blank\" rel=\"noreferrer noopener\">T\u00edskubloggi\u00f0<\/a>&nbsp;er a\u00f0 mati G\u00edsli ekki til \u00feess \u00e6tla\u00f0 a\u00f0 h\u00e6\u00f0ast a\u00f0 st\u00falkum sem hafa \u00fatlit og t\u00edsku a\u00f0 \u00e1hugam\u00e1li (heldur bara \u00fev\u00ed sem \u00fe\u00e6r gera, segja og lesa.) &nbsp;\u00c9g er ekki ein um a\u00f0 hafa misskili\u00f0 \u00feetta svona hrapalega \u00fev\u00ed ein af pjattr\u00f3funum&nbsp;<a href=\"https:\/\/bland.is\/messageboard\/messageboard.aspx?advtype=52&amp;badvid=22242293&amp;showAdvid=22242293\" target=\"_blank\" rel=\"noreferrer noopener\">svara\u00f0i fyrir<\/a>&nbsp;sig og ger\u00f0i \u00fea\u00f0 vel. \u00cd pistlinum er einnig komi\u00f0 inn \u00e1 \u00fea\u00f0 hvernig jafnr\u00e9ttisbar\u00e1ttan var yfirtekin me\u00f0 p\u00f3lit\u00edskum r\u00e9tttr\u00fana\u00f0i og konur sem uppfylltu ekki \u00e1kve\u00f0na sta\u00f0almynd fl\u00e6mdar burt. Reyndar hef\u00f0i \u00e9g ekki \u00e1tt a\u00f0 flokka t\u00edskubloggi\u00f0 sem d\u00e6mi um ofst\u00e6ki, heldur tv\u00edskinnung, en lesendur d\u00e6ma sj\u00e1lfir um \u00fea\u00f0 hvort t\u00edskubloggarinn er a\u00f0 h\u00e6\u00f0ast a\u00f0 \u00feeim sem hafa \u00e1huga \u00e1 \u00fatliti og t\u00edsku e\u00f0a hvort \u00fea\u00f0 er bara r\u00f3gbur\u00f0ur af minni h\u00e1lfu.<\/p>\n\n\n\n<p>\u00cd pistlinum sem G\u00edsli v\u00edsar til, nefndi \u00e9g \u00fat\u00farsn\u00faning \u00e1 umfj\u00f6llun minni um h\u00e6ttuna \u00e1 vi\u00f0sn\u00faningi \u00e1 s\u00f6nnunarbyr\u00f0i og tengdi \u00e1\u00a0<a href=\"http:\/\/vegidurlaunsatri.blogspot.com\/2012\/12\/afstaa-er-aldrei-hlutlaus.html\" target=\"_blank\" rel=\"noreferrer noopener\">\u00feessa steinsmugugrein<\/a>\u00a0sem d\u00e6mi. G\u00edsli telur \u00feetta d\u00e6mi um r\u00f3gbur\u00f0 minn gagnvart feministum \u00fear sem \u00feetta s\u00e9 a\u00f0eins eitt nafnlaust blogg og steinsmugan s\u00e9 ekki fulltr\u00fai feministahreyfingarinnar. Kommon G\u00edsli. \u00deetta er varla svaravert, \u00fea\u00f0 vita allir sem eitthva\u00f0 hafa fylgst me\u00f0 umr\u00e6\u00f0unni a\u00f0 \u00e9g er i\u00f0ulega afgreidd me\u00f0 fullyr\u00f0ingum um a\u00f0 \u00e9g s\u00e9 a\u00f0 verja nau\u00f0gara e\u00f0a gera l\u00edti\u00f0 \u00far \u00feolendum.<\/p>\n\n\n\n<p><\/p>\n\n\n\n<h2 class=\"wp-block-heading\"><strong>Er krafan um \u00f6fuga s\u00f6nnunarbyr\u00f0i f\u00f6lna\u00f0 laufbla\u00f0?<\/strong><\/h2>\n\n\n\n<p>Og hversu mikil innist\u00e6\u00f0a er svo fyrir \u00fev\u00ed \u00e1liti m\u00ednu a\u00f0 markmi\u00f0i\u00f0 s\u00e9 a\u00f0 sn\u00faa s\u00f6nnunarbyr\u00f0inni vi\u00f0? G\u00edsli flokkar \u00fe\u00e1 umfj\u00f6llun einnig sem r\u00f3g en \u00e9g get nefnt m\u00f6rg d\u00e6mi:<\/p>\n\n\n\n<p><a href=\"http:\/\/vegidurlaunsatri.blogspot.com\/2007\/11\/fug-snnunarbyri-j-takk.html\" target=\"_blank\" rel=\"noreferrer noopener\">\u00deetta f\u00f6lna\u00f0a laufbla\u00f0<\/a>\u00a0skrifar nafnlaust og segir hlutina umb\u00fa\u00f0alaust. \u00a0N\u00fa finnst G\u00edsla l\u00edti\u00f0 vera a\u00f0 marka nafnlaust blogg en hva\u00f0 segir hann um \u00feessi or\u00f0 sem Gu\u00f0r\u00fan hj\u00e1 St\u00edgam\u00f3tum l\u00e9t eitt sinn falla? (<a href=\"http:\/\/forrettindafeminismi.com\/2011\/12\/07\/sekur-sama-hvad\/\" target=\"_blank\" rel=\"noreferrer noopener\">Myndin er tekin h\u00e9\u00f0an<\/a>.)<\/p>\n\n\n\n<div class=\"wp-block-image\"><figure class=\"aligncenter size-full\"><img loading=\"lazy\" decoding=\"async\" width=\"600\" height=\"368\" src=\"http:\/\/www.norn.is\/eva\/wp-content\/uploads\/sites\/36\/2021\/10\/saklaus-uns-sekt-er-sc3b6nnuc3b0.jpg\" alt=\"\" class=\"wp-image-6301\" srcset=\"https:\/\/www.norn.is\/eva\/wp-content\/uploads\/sites\/36\/2021\/10\/saklaus-uns-sekt-er-sc3b6nnuc3b0.jpg 600w, https:\/\/www.norn.is\/eva\/wp-content\/uploads\/sites\/36\/2021\/10\/saklaus-uns-sekt-er-sc3b6nnuc3b0-300x184.jpg 300w\" sizes=\"auto, (max-width: 600px) 100vw, 600px\" \/><\/figure><\/div>\n\n\n\n<p>\u00c9g hef \u00e1\u00f0ur bent \u00e1 skrif \u00d6nnu Bent\u00ednu Hermansen og Mar\u00edu Lilju \u00derastard\u00f3ttur um&nbsp;<a href=\"https:\/\/web.archive.org\/web\/20120121083145\/http:\/\/smugan.is\/2011\/12\/karlaegt-rettarkerfi-besti-vinur-naudgarans\/\" target=\"_blank\" rel=\"noreferrer noopener\">karll\u00e6gni r\u00e9ttarkerfisins<\/a>&nbsp;(sem er&nbsp;<a href=\"http:\/\/www.pistillinn.is\/?p=1700\" target=\"_blank\" rel=\"noreferrer noopener\">ekki n\u00e6rri eins kvenfjandsamlegt og \u00fe\u00e6r sta\u00f0h\u00e6fa<\/a>). \u00de\u00e6r st\u00f6llur segja m.a:<\/p>\n\n\n\n<blockquote class=\"wp-block-quote is-layout-flow wp-block-quote-is-layout-flow\"><p>S\u00fa sko\u00f0un er \u00fev\u00ed r\u00edkjandi a\u00f0 f\u00f3rnarlambi nau\u00f0gunar eru settar \u00fe\u00e6r takmarkanir vi\u00f0 \u00e1k\u00e6ru a\u00f0 sanna beri fyrir l\u00f6gum, \u00e1setning \u00feess sem br\u00fdtur, framar \u00fev\u00ed a\u00f0 meintur nau\u00f0gari skuli \u00feurfa a\u00f0 s\u00fdna fram \u00e1 sakleysi sitt.<\/p><\/blockquote>\n\n\n\n<p>H\u00e9r m\u00e1 sj\u00e1 anna\u00f0 d\u00e6mi um \u00fea\u00f0 hvernig \u00feetta vi\u00f0horf birtist; \u00fea\u00f0 er einfaldlega ekki inni \u00ed myndinni a\u00f0 kona geti bori\u00f0 rangar sakir \u00e1 mann, \u00fer\u00e1tt fyrir m\u00fdm\u00f6rg d\u00e6mi um \u00fea\u00f0 fr\u00e1 n\u00e1grannal\u00f6ndnunum a\u00f0 meins\u00e6ri hafi sannast.<\/p>\n\n\n\n<div class=\"wp-block-image\"><figure class=\"alignleft size-full is-resized\"><img loading=\"lazy\" decoding=\"async\" src=\"http:\/\/www.norn.is\/eva\/wp-content\/uploads\/sites\/36\/2021\/10\/sonnunarbyrdi.jpg\" alt=\"\" class=\"wp-image-6665\" width=\"486\" height=\"316\" srcset=\"https:\/\/www.norn.is\/eva\/wp-content\/uploads\/sites\/36\/2021\/10\/sonnunarbyrdi.jpg 548w, https:\/\/www.norn.is\/eva\/wp-content\/uploads\/sites\/36\/2021\/10\/sonnunarbyrdi-300x195.jpg 300w\" sizes=\"auto, (max-width: 486px) 100vw, 486px\" \/><\/figure><\/div>\n\n\n\n<p>Da\u00f0ur vi\u00f0 \u00fe\u00e1 hugmynd a\u00f0 slaka \u00e1 s\u00f6nnunarkr\u00f6fum, e\u00f0a jafnvel a\u00f0 sn\u00faa s\u00f6nnunarbyr\u00f0inni vi\u00f0, birtist afar vel \u00ed umr\u00e6\u00f0unni um m\u00e1l Egils Einarssonar en \u00e9g nefndi einmitt nokkur d\u00e6mi\u00a0<a href=\"https:\/\/web.archive.org\/web\/20130111220035\/http:\/\/blogg.smugan.is\/drifa\/2011\/12\/02\/eg-heimta-opinbera-kaeru\/\" target=\"_blank\" rel=\"noreferrer noopener\">um \u00fea\u00f0\u00a0<\/a> a(titli greinarinnar var s\u00ed\u00f0ar breytt en hann s\u00e9st enn \u00ed vefsl\u00f3\u00f0inni) af h\u00e1lfu\u00a0<a href=\"http:\/\/www.visir.is\/borgarfulltrui-vill-ad-rikissaksoknari-gefi-ut-akaeru-i-gillz-malinu\/article\/2012120118950\" target=\"_blank\" rel=\"noreferrer noopener\">\u00feekktra feminsta<\/a>\u00a0\u00ed pistlinum sem G\u00edsli er a\u00f0 gagnr\u00fdna. \u00c9g get nefnt m\u00f6rg fleiri um sama m\u00e1l.<\/p>\n\n\n\n<p><a href=\"http:\/\/www.norn.is\/kyndillinn\/frumvarp-um-ofuga-sonnunarbyrdi-er-thegar-komid-fram\/\" target=\"_blank\" rel=\"noreferrer noopener\">Lagafrumvarpi\u00f0 margr\u00e6dda<\/a>, (sem G\u00edsli telur \u00fdmist a\u00f0 s\u00e9 ekki d\u00e6mi um sj\u00f3narmi\u00f0 feminista e\u00f0a \u00fe\u00e1 a\u00f0 bo\u00f0i alls ekki vi\u00f0sn\u00faning \u00e1 s\u00f6nnunarbyr\u00f0i) var\u00f0 ekki til af einsk\u00e6rri tilviljun \u00ed h\u00f6f\u00f0i Atla G\u00edslasonar. Frumvarpi\u00f0 hef\u00f0i ekki or\u00f0i\u00f0 til nema vegna \u00feess a\u00f0 \u00feessi hugmynd hefur veri\u00f0 r\u00e6dd \u00ed samf\u00e9laginu \u00e1ratugum saman. S\u00fa umr\u00e6\u00f0a var\u00f0 fyrst \u00e1berandi me\u00f0 stofnun St\u00edgam\u00f3ta og \u00fea\u00f0 eru feministar sem hafa haldi\u00f0 \u00feeirri umr\u00e6\u00f0u uppi. Sem betur fer hefur frumvarpi\u00f0 enn ekki veri\u00f0 sam\u00feykkt.<\/p>\n\n\n\n<p><\/p>\n\n\n\n<h2 class=\"wp-block-heading\"><strong>M\u00e1 \u00fe\u00e1 aldrei vi\u00f0urkenna sekt?<\/strong><\/h2>\n\n\n\n<p>\u00deessi klausa \u00ed ni\u00f0urlaginu \u00e1 pistli G\u00edsla er \u00ed meira lagi undarleg:<\/p>\n\n\n\n<blockquote class=\"wp-block-quote is-layout-flow wp-block-quote-is-layout-flow\"><p>Nafngreindur ma\u00f0ur var og er saka\u00f0ur um barnan\u00ed\u00f0. \u00dear voru og eru engar sannanir fyrir hendi, a\u00f0eins or\u00f0 \u00feolenda og hugsanlega s\u00e1lfr\u00e6\u00f0ilegt mat \u00e1 andlegri l\u00ed\u00f0an\/\u00e1f\u00f6llum, sem pistilsh\u00f6fundur hefur hinga\u00f0 til gefi\u00f0 l\u00edti\u00f0 fyrir, enda ekki byggt \u00e1 v\u00edsindalegum sta\u00f0reyndum, heldur svonefndri \u201eupplifunarforsendu.\u201c Til a\u00f0 g\u00e6ta hlutleysis ver\u00f0ur a\u00f0 segja \u201emeintir \u00feolendur.<\/p><\/blockquote>\n\n\n\n<p>Um er a\u00f0 r\u00e6\u00f0a mann sem hefur j\u00e1ta\u00f0 afdr\u00e1ttarlaust, fyrir framan myndav\u00e9l, kynfer\u00f0isbrot gegn miklum fj\u00f6lda barna. Ma\u00f0urinn hefur veri\u00f0 d\u00e6mdur fyrir kynfer\u00f0isbrot, veri\u00f0 rekinn \u00far vinnu vegna kynfer\u00f0isbrota, vitni hafa beinl\u00ednis sta\u00f0i\u00f0 hann a\u00f0 verki og fj\u00f6lda \u00feolenda ber saman \u00ed l\u00fdsingum s\u00ednum \u00e1 a\u00f0f\u00f6rum hans. \u00dea\u00f0 er fr\u00e1leitt a\u00f0 bera sl\u00edkar sannanir saman vi\u00f0 \u00feau d\u00e6miger\u00f0u m\u00e1l sem v\u00edsa\u00f0 hefur veri\u00f0 d\u00f3mi fr\u00e1 vegna skorts \u00e1 s\u00f6nnunum. A\u00f0 sj\u00e1lfs\u00f6g\u00f0u eiga fj\u00f6lmi\u00f0lar a\u00f0 veita yfirv\u00f6ldum a\u00f0hald me\u00f0 ranns\u00f3knarbla\u00f0amennsku og \u00fe\u00f3tt grundvallarregla fj\u00f6lmi\u00f0la \u00e6tti a\u00f0 vera s\u00fa a\u00f0 l\u00edta \u00e1 f\u00f3lk sem saklaust uns sekt er s\u00f6nnu\u00f0, v\u00e6ri \u00fea\u00f0 vont d\u00e6mi um p\u00f3lit\u00edskan r\u00e9tttr\u00fana\u00f0, a\u00f0 halda svo fast vi\u00f0 \u00fe\u00e1 meginreglu a\u00f0 ekki megi greina fr\u00e1 himinhr\u00f3pandi s\u00f6nnunum. Fr\u00e1s\u00f6gn einnar manneskju e\u00f0a vottor\u00f0 um \u00e1fallastreitur\u00f6skun er ekki sl\u00edk s\u00f6nnun.<\/p>\n\n\n\n<p>H\u00f6fu\u00f0mynd: <a href=\"https:\/\/pixabay.com\/users\/publicdomainpictures-14\/?utm_source=link-attribution&amp;utm_medium=referral&amp;utm_campaign=image&amp;utm_content=83761\">PublicDomainPictures<\/a>, <a href=\"https:\/\/pixabay.com\/?utm_source=link-attribution&amp;utm_medium=referral&amp;utm_campaign=image&amp;utm_content=83761\">Pixabay<\/a><\/p>\n\n\n<div class=\"vlp-link-container vlp-layout-basic wp-block-visual-link-preview-link\"><a href=\"https:\/\/www.norn.is\/eva\/?p=6319\" class=\"vlp-link\" title=\"\u00c1fallastreitur\u00f6skun sannar ekki kynfer\u00f0isbrot\" target=\"_blank\"><\/a><div class=\"vlp-layout-zone-side\"><div class=\"vlp-block-2 vlp-link-image\"><img loading=\"lazy\" decoding=\"async\" style=\"max-width: 150px;\" width=\"150\" height=\"97\" src=\"https:\/\/www.norn.is\/eva\/wp-content\/uploads\/sites\/36\/2012\/03\/ptsd.jpg\" class=\"attachment-150x999 size-150x999\" alt=\"\" srcset=\"https:\/\/www.norn.is\/eva\/wp-content\/uploads\/sites\/36\/2012\/03\/ptsd.jpg 2153w, https:\/\/www.norn.is\/eva\/wp-content\/uploads\/sites\/36\/2012\/03\/ptsd-300x194.jpg 300w, https:\/\/www.norn.is\/eva\/wp-content\/uploads\/sites\/36\/2012\/03\/ptsd-1024x662.jpg 1024w, https:\/\/www.norn.is\/eva\/wp-content\/uploads\/sites\/36\/2012\/03\/ptsd-768x497.jpg 768w, https:\/\/www.norn.is\/eva\/wp-content\/uploads\/sites\/36\/2012\/03\/ptsd-1536x993.jpg 1536w, https:\/\/www.norn.is\/eva\/wp-content\/uploads\/sites\/36\/2012\/03\/ptsd-2048x1324.jpg 2048w, https:\/\/www.norn.is\/eva\/wp-content\/uploads\/sites\/36\/2012\/03\/ptsd-1080x698.jpg 1080w\" sizes=\"auto, (max-width: 150px) 100vw, 150px\" \/><\/div><\/div><div class=\"vlp-layout-zone-main\"><div class=\"vlp-block-0 vlp-link-title\">\u00c1fallastreitur\u00f6skun sannar ekki kynfer\u00f0isbrot<\/div><div class=\"vlp-block-1 vlp-link-summary\">\u00deeir sem gagnr\u00fdndu fyrsta pistil minn \u00ed \u00feessari r\u00f6\u00f0, hafa \u00fdmist afneita\u00f0 \u00fev\u00ed a\u00f0 nokkur h\u00e6tta s\u00e9 \u00e1 a\u00f0 \u00cdslendingar f\u00e6ri s\u00f6nnunarbyr\u00f0ina yfir \u00e1 sakborning, e\u00f0a bori\u00f0 \u00fev\u00ed vi\u00f0 a\u00f0 \u00fe\u00e6r a\u00f0fer\u00f0ir sem veri\u00f0 er a\u00f0 innlei\u00f0a \u00ed \u00fev\u00ed skyni, s\u00e9u e\u00f0illegar og sj\u00e1lfsag\u00f0ar.&nbsp;\u00dear ber h\u00e6st vilja til a\u00f0 gefa frambur\u00f0i meints brota\u00feola \u00feyngra v\u00e6gi [&hellip;]<\/div><\/div><\/div>","protected":false},"excerpt":{"rendered":"<p>J\u00e6ja, loksins hefur meintur feministi gert hei\u00f0arlega tilraun til a\u00f0\u00a0svara gagnr\u00fdni minni, \u00fe.e.a.s. \u00fev\u00ed sem \u00e9g hef sagt en ekki einhverju allt \u00f6\u00f0ru. Me\u00f0 v\u00edsu Steingr\u00edms Thorsteinssonar sem G\u00edsli \u00c1sgeirsson notar sem inngang a\u00f0 pistli s\u00ednum, l\u00fdsir hann \u00feeirri afst\u00f6\u00f0u sinni a\u00f0 umfj\u00f6llun m\u00edn um ofst\u00e6ki feminista s\u00e9 ekkert nema \u201er\u00f3gur\u201c. R\u00f3gur er samkv\u00e6mt or\u00f0ab\u00f3karskilgreiningu [&hellip;]<\/p>\n","protected":false},"author":7,"featured_media":6666,"comment_status":"closed","ping_status":"closed","sticky":false,"template":"","format":"standard","meta":{"_et_pb_use_builder":"off","_et_pb_old_content":"","_et_gb_content_width":"","footnotes":""},"categories":[200,5],"tags":[1196,1195,404,405,1057],"class_list":["post-6664","post","type-post","status-publish","format-standard","has-post-thumbnail","hentry","category-fasystur","category-kyn-klam","tag-dolgafeminismi","tag-gisli-asgeirsson","tag-ofgar","tag-ofstaeki","tag-ordraedan","et-has-post-format-content","et_post_format-et-post-format-standard"],"yoast_head":"<!-- This site is optimized with the Yoast SEO plugin v27.5 - https:\/\/yoast.com\/product\/yoast-seo-wordpress\/ -->\n<title>\u2026 sj\u00fakir en fagrir - Eva Hauksd\u00f3ttir<\/title>\n<meta name=\"robots\" content=\"index, follow, max-snippet:-1, max-image-preview:large, max-video-preview:-1\" \/>\n<link rel=\"canonical\" href=\"https:\/\/www.norn.is\/eva\/2013\/01\/12\/sjukir-en-fagrir\/\" \/>\n<meta property=\"og:locale\" content=\"is_IS\" \/>\n<meta property=\"og:type\" content=\"article\" \/>\n<meta property=\"og:title\" content=\"\u2026 sj\u00fakir en fagrir - Eva Hauksd\u00f3ttir\" \/>\n<meta property=\"og:description\" content=\"J\u00e6ja, loksins hefur meintur feministi gert hei\u00f0arlega tilraun til a\u00f0\u00a0svara gagnr\u00fdni minni, \u00fe.e.a.s. \u00fev\u00ed sem \u00e9g hef sagt en ekki einhverju allt \u00f6\u00f0ru. Me\u00f0 v\u00edsu Steingr\u00edms Thorsteinssonar sem G\u00edsli \u00c1sgeirsson notar sem inngang a\u00f0 pistli s\u00ednum, l\u00fdsir hann \u00feeirri afst\u00f6\u00f0u sinni a\u00f0 umfj\u00f6llun m\u00edn um ofst\u00e6ki feminista s\u00e9 ekkert nema \u201er\u00f3gur\u201c. R\u00f3gur er samkv\u00e6mt or\u00f0ab\u00f3karskilgreiningu [&hellip;]\" \/>\n<meta property=\"og:url\" content=\"https:\/\/www.norn.is\/eva\/2013\/01\/12\/sjukir-en-fagrir\/\" \/>\n<meta property=\"og:site_name\" content=\"Eva Hauksd\u00f3ttir\" \/>\n<meta property=\"article:published_time\" content=\"2013-01-12T06:35:00+00:00\" \/>\n<meta property=\"article:modified_time\" content=\"2021-10-28T06:51:21+00:00\" \/>\n<meta property=\"og:image\" content=\"https:\/\/www.norn.is\/eva\/wp-content\/uploads\/sites\/36\/2021\/10\/autumn-83761_1280.jpg\" \/>\n\t<meta property=\"og:image:width\" content=\"1280\" \/>\n\t<meta property=\"og:image:height\" content=\"853\" \/>\n\t<meta property=\"og:image:type\" content=\"image\/jpeg\" \/>\n<meta name=\"author\" content=\"Eva Hauksd\u00f3ttir\" \/>\n<meta name=\"twitter:card\" content=\"summary_large_image\" \/>\n<meta name=\"twitter:label1\" content=\"Written by\" \/>\n\t<meta name=\"twitter:data1\" content=\"\" \/>\n\t<meta name=\"twitter:label2\" content=\"Est. reading time\" \/>\n\t<meta name=\"twitter:data2\" content=\"6 minutes\" \/>\n<script type=\"application\/ld+json\" class=\"yoast-schema-graph\">{\"@context\":\"https:\\\/\\\/schema.org\",\"@graph\":[{\"@type\":\"Article\",\"@id\":\"https:\\\/\\\/www.norn.is\\\/eva\\\/2013\\\/01\\\/12\\\/sjukir-en-fagrir\\\/#article\",\"isPartOf\":{\"@id\":\"https:\\\/\\\/www.norn.is\\\/eva\\\/2013\\\/01\\\/12\\\/sjukir-en-fagrir\\\/\"},\"author\":{\"name\":\"Eva Hauksd\u00f3ttir\",\"@id\":\"https:\\\/\\\/www.norn.is\\\/eva\\\/#\\\/schema\\\/person\\\/1d9742389918a297671033a2b53d3d34\"},\"headline\":\"\u2026 sj\u00fakir en fagrir\",\"datePublished\":\"2013-01-12T06:35:00+00:00\",\"dateModified\":\"2021-10-28T06:51:21+00:00\",\"mainEntityOfPage\":{\"@id\":\"https:\\\/\\\/www.norn.is\\\/eva\\\/2013\\\/01\\\/12\\\/sjukir-en-fagrir\\\/\"},\"wordCount\":1448,\"image\":{\"@id\":\"https:\\\/\\\/www.norn.is\\\/eva\\\/2013\\\/01\\\/12\\\/sjukir-en-fagrir\\\/#primaryimage\"},\"thumbnailUrl\":\"https:\\\/\\\/www.norn.is\\\/eva\\\/wp-content\\\/uploads\\\/sites\\\/36\\\/2021\\\/10\\\/autumn-83761_1280.jpg\",\"keywords\":[\"d\u00f3lgafem\u00ednismi\",\"G\u00edsli \u00c1sgeirsson\",\"\u00f6fgar\",\"ofst\u00e6ki\",\"or\u00f0r\u00e6\u00f0an\"],\"articleSection\":[\"Fasystur\",\"Kyn &amp; kl\u00e1m\"],\"inLanguage\":\"is\"},{\"@type\":\"WebPage\",\"@id\":\"https:\\\/\\\/www.norn.is\\\/eva\\\/2013\\\/01\\\/12\\\/sjukir-en-fagrir\\\/\",\"url\":\"https:\\\/\\\/www.norn.is\\\/eva\\\/2013\\\/01\\\/12\\\/sjukir-en-fagrir\\\/\",\"name\":\"\u2026 sj\u00fakir en fagrir - Eva Hauksd\u00f3ttir\",\"isPartOf\":{\"@id\":\"https:\\\/\\\/www.norn.is\\\/eva\\\/#website\"},\"primaryImageOfPage\":{\"@id\":\"https:\\\/\\\/www.norn.is\\\/eva\\\/2013\\\/01\\\/12\\\/sjukir-en-fagrir\\\/#primaryimage\"},\"image\":{\"@id\":\"https:\\\/\\\/www.norn.is\\\/eva\\\/2013\\\/01\\\/12\\\/sjukir-en-fagrir\\\/#primaryimage\"},\"thumbnailUrl\":\"https:\\\/\\\/www.norn.is\\\/eva\\\/wp-content\\\/uploads\\\/sites\\\/36\\\/2021\\\/10\\\/autumn-83761_1280.jpg\",\"datePublished\":\"2013-01-12T06:35:00+00:00\",\"dateModified\":\"2021-10-28T06:51:21+00:00\",\"author\":{\"@id\":\"https:\\\/\\\/www.norn.is\\\/eva\\\/#\\\/schema\\\/person\\\/1d9742389918a297671033a2b53d3d34\"},\"breadcrumb\":{\"@id\":\"https:\\\/\\\/www.norn.is\\\/eva\\\/2013\\\/01\\\/12\\\/sjukir-en-fagrir\\\/#breadcrumb\"},\"inLanguage\":\"is\",\"potentialAction\":[{\"@type\":\"ReadAction\",\"target\":[\"https:\\\/\\\/www.norn.is\\\/eva\\\/2013\\\/01\\\/12\\\/sjukir-en-fagrir\\\/\"]}]},{\"@type\":\"ImageObject\",\"inLanguage\":\"is\",\"@id\":\"https:\\\/\\\/www.norn.is\\\/eva\\\/2013\\\/01\\\/12\\\/sjukir-en-fagrir\\\/#primaryimage\",\"url\":\"https:\\\/\\\/www.norn.is\\\/eva\\\/wp-content\\\/uploads\\\/sites\\\/36\\\/2021\\\/10\\\/autumn-83761_1280.jpg\",\"contentUrl\":\"https:\\\/\\\/www.norn.is\\\/eva\\\/wp-content\\\/uploads\\\/sites\\\/36\\\/2021\\\/10\\\/autumn-83761_1280.jpg\",\"width\":1280,\"height\":853,\"caption\":\"Image by PublicDomainPictures from Pixabay\"},{\"@type\":\"BreadcrumbList\",\"@id\":\"https:\\\/\\\/www.norn.is\\\/eva\\\/2013\\\/01\\\/12\\\/sjukir-en-fagrir\\\/#breadcrumb\",\"itemListElement\":[{\"@type\":\"ListItem\",\"position\":1,\"name\":\"Home\",\"item\":\"https:\\\/\\\/www.norn.is\\\/eva\\\/\"},{\"@type\":\"ListItem\",\"position\":2,\"name\":\"\u2026 sj\u00fakir en fagrir\"}]},{\"@type\":\"WebSite\",\"@id\":\"https:\\\/\\\/www.norn.is\\\/eva\\\/#website\",\"url\":\"https:\\\/\\\/www.norn.is\\\/eva\\\/\",\"name\":\"Eva Hauksd\u00f3ttir\",\"description\":\"Evu blogg\",\"potentialAction\":[{\"@type\":\"SearchAction\",\"target\":{\"@type\":\"EntryPoint\",\"urlTemplate\":\"https:\\\/\\\/www.norn.is\\\/eva\\\/?s={search_term_string}\"},\"query-input\":{\"@type\":\"PropertyValueSpecification\",\"valueRequired\":true,\"valueName\":\"search_term_string\"}}],\"inLanguage\":\"is\"},{\"@type\":\"Person\",\"@id\":\"https:\\\/\\\/www.norn.is\\\/eva\\\/#\\\/schema\\\/person\\\/1d9742389918a297671033a2b53d3d34\",\"name\":\"Eva Hauksd\u00f3ttir\",\"image\":{\"@type\":\"ImageObject\",\"inLanguage\":\"is\",\"@id\":\"https:\\\/\\\/secure.gravatar.com\\\/avatar\\\/3690cd9ff7436a8a5d80acdc8fcb1046fbb9e002d4b532c85080d1bcbede84ce?s=96&d=mm&r=g\",\"url\":\"https:\\\/\\\/secure.gravatar.com\\\/avatar\\\/3690cd9ff7436a8a5d80acdc8fcb1046fbb9e002d4b532c85080d1bcbede84ce?s=96&d=mm&r=g\",\"contentUrl\":\"https:\\\/\\\/secure.gravatar.com\\\/avatar\\\/3690cd9ff7436a8a5d80acdc8fcb1046fbb9e002d4b532c85080d1bcbede84ce?s=96&d=mm&r=g\",\"caption\":\"Eva Hauksd\u00f3ttir\"},\"url\":\"https:\\\/\\\/www.norn.is\\\/eva\\\/author\\\/evahauks\\\/\"}]}<\/script>\n<!-- \/ Yoast SEO plugin. -->","yoast_head_json":{"title":"\u2026 sj\u00fakir en fagrir - Eva Hauksd\u00f3ttir","robots":{"index":"index","follow":"follow","max-snippet":"max-snippet:-1","max-image-preview":"max-image-preview:large","max-video-preview":"max-video-preview:-1"},"canonical":"https:\/\/www.norn.is\/eva\/2013\/01\/12\/sjukir-en-fagrir\/","og_locale":"is_IS","og_type":"article","og_title":"\u2026 sj\u00fakir en fagrir - Eva Hauksd\u00f3ttir","og_description":"J\u00e6ja, loksins hefur meintur feministi gert hei\u00f0arlega tilraun til a\u00f0\u00a0svara gagnr\u00fdni minni, \u00fe.e.a.s. \u00fev\u00ed sem \u00e9g hef sagt en ekki einhverju allt \u00f6\u00f0ru. Me\u00f0 v\u00edsu Steingr\u00edms Thorsteinssonar sem G\u00edsli \u00c1sgeirsson notar sem inngang a\u00f0 pistli s\u00ednum, l\u00fdsir hann \u00feeirri afst\u00f6\u00f0u sinni a\u00f0 umfj\u00f6llun m\u00edn um ofst\u00e6ki feminista s\u00e9 ekkert nema \u201er\u00f3gur\u201c. R\u00f3gur er samkv\u00e6mt or\u00f0ab\u00f3karskilgreiningu [&hellip;]","og_url":"https:\/\/www.norn.is\/eva\/2013\/01\/12\/sjukir-en-fagrir\/","og_site_name":"Eva Hauksd\u00f3ttir","article_published_time":"2013-01-12T06:35:00+00:00","article_modified_time":"2021-10-28T06:51:21+00:00","og_image":[{"width":1280,"height":853,"url":"https:\/\/www.norn.is\/eva\/wp-content\/uploads\/sites\/36\/2021\/10\/autumn-83761_1280.jpg","type":"image\/jpeg"}],"author":"Eva Hauksd\u00f3ttir","twitter_card":"summary_large_image","twitter_misc":{"Written by":false,"Est. reading time":"6 minutes"},"schema":{"@context":"https:\/\/schema.org","@graph":[{"@type":"Article","@id":"https:\/\/www.norn.is\/eva\/2013\/01\/12\/sjukir-en-fagrir\/#article","isPartOf":{"@id":"https:\/\/www.norn.is\/eva\/2013\/01\/12\/sjukir-en-fagrir\/"},"author":{"name":"Eva Hauksd\u00f3ttir","@id":"https:\/\/www.norn.is\/eva\/#\/schema\/person\/1d9742389918a297671033a2b53d3d34"},"headline":"\u2026 sj\u00fakir en fagrir","datePublished":"2013-01-12T06:35:00+00:00","dateModified":"2021-10-28T06:51:21+00:00","mainEntityOfPage":{"@id":"https:\/\/www.norn.is\/eva\/2013\/01\/12\/sjukir-en-fagrir\/"},"wordCount":1448,"image":{"@id":"https:\/\/www.norn.is\/eva\/2013\/01\/12\/sjukir-en-fagrir\/#primaryimage"},"thumbnailUrl":"https:\/\/www.norn.is\/eva\/wp-content\/uploads\/sites\/36\/2021\/10\/autumn-83761_1280.jpg","keywords":["d\u00f3lgafem\u00ednismi","G\u00edsli \u00c1sgeirsson","\u00f6fgar","ofst\u00e6ki","or\u00f0r\u00e6\u00f0an"],"articleSection":["Fasystur","Kyn &amp; kl\u00e1m"],"inLanguage":"is"},{"@type":"WebPage","@id":"https:\/\/www.norn.is\/eva\/2013\/01\/12\/sjukir-en-fagrir\/","url":"https:\/\/www.norn.is\/eva\/2013\/01\/12\/sjukir-en-fagrir\/","name":"\u2026 sj\u00fakir en fagrir - Eva Hauksd\u00f3ttir","isPartOf":{"@id":"https:\/\/www.norn.is\/eva\/#website"},"primaryImageOfPage":{"@id":"https:\/\/www.norn.is\/eva\/2013\/01\/12\/sjukir-en-fagrir\/#primaryimage"},"image":{"@id":"https:\/\/www.norn.is\/eva\/2013\/01\/12\/sjukir-en-fagrir\/#primaryimage"},"thumbnailUrl":"https:\/\/www.norn.is\/eva\/wp-content\/uploads\/sites\/36\/2021\/10\/autumn-83761_1280.jpg","datePublished":"2013-01-12T06:35:00+00:00","dateModified":"2021-10-28T06:51:21+00:00","author":{"@id":"https:\/\/www.norn.is\/eva\/#\/schema\/person\/1d9742389918a297671033a2b53d3d34"},"breadcrumb":{"@id":"https:\/\/www.norn.is\/eva\/2013\/01\/12\/sjukir-en-fagrir\/#breadcrumb"},"inLanguage":"is","potentialAction":[{"@type":"ReadAction","target":["https:\/\/www.norn.is\/eva\/2013\/01\/12\/sjukir-en-fagrir\/"]}]},{"@type":"ImageObject","inLanguage":"is","@id":"https:\/\/www.norn.is\/eva\/2013\/01\/12\/sjukir-en-fagrir\/#primaryimage","url":"https:\/\/www.norn.is\/eva\/wp-content\/uploads\/sites\/36\/2021\/10\/autumn-83761_1280.jpg","contentUrl":"https:\/\/www.norn.is\/eva\/wp-content\/uploads\/sites\/36\/2021\/10\/autumn-83761_1280.jpg","width":1280,"height":853,"caption":"Image by PublicDomainPictures from Pixabay"},{"@type":"BreadcrumbList","@id":"https:\/\/www.norn.is\/eva\/2013\/01\/12\/sjukir-en-fagrir\/#breadcrumb","itemListElement":[{"@type":"ListItem","position":1,"name":"Home","item":"https:\/\/www.norn.is\/eva\/"},{"@type":"ListItem","position":2,"name":"\u2026 sj\u00fakir en fagrir"}]},{"@type":"WebSite","@id":"https:\/\/www.norn.is\/eva\/#website","url":"https:\/\/www.norn.is\/eva\/","name":"Eva Hauksd\u00f3ttir","description":"Evu blogg","potentialAction":[{"@type":"SearchAction","target":{"@type":"EntryPoint","urlTemplate":"https:\/\/www.norn.is\/eva\/?s={search_term_string}"},"query-input":{"@type":"PropertyValueSpecification","valueRequired":true,"valueName":"search_term_string"}}],"inLanguage":"is"},{"@type":"Person","@id":"https:\/\/www.norn.is\/eva\/#\/schema\/person\/1d9742389918a297671033a2b53d3d34","name":"Eva Hauksd\u00f3ttir","image":{"@type":"ImageObject","inLanguage":"is","@id":"https:\/\/secure.gravatar.com\/avatar\/3690cd9ff7436a8a5d80acdc8fcb1046fbb9e002d4b532c85080d1bcbede84ce?s=96&d=mm&r=g","url":"https:\/\/secure.gravatar.com\/avatar\/3690cd9ff7436a8a5d80acdc8fcb1046fbb9e002d4b532c85080d1bcbede84ce?s=96&d=mm&r=g","contentUrl":"https:\/\/secure.gravatar.com\/avatar\/3690cd9ff7436a8a5d80acdc8fcb1046fbb9e002d4b532c85080d1bcbede84ce?s=96&d=mm&r=g","caption":"Eva Hauksd\u00f3ttir"},"url":"https:\/\/www.norn.is\/eva\/author\/evahauks\/"}]}},"_links":{"self":[{"href":"https:\/\/www.norn.is\/eva\/wp-json\/wp\/v2\/posts\/6664","targetHints":{"allow":["GET"]}}],"collection":[{"href":"https:\/\/www.norn.is\/eva\/wp-json\/wp\/v2\/posts"}],"about":[{"href":"https:\/\/www.norn.is\/eva\/wp-json\/wp\/v2\/types\/post"}],"author":[{"embeddable":true,"href":"https:\/\/www.norn.is\/eva\/wp-json\/wp\/v2\/users\/7"}],"replies":[{"embeddable":true,"href":"https:\/\/www.norn.is\/eva\/wp-json\/wp\/v2\/comments?post=6664"}],"version-history":[{"count":1,"href":"https:\/\/www.norn.is\/eva\/wp-json\/wp\/v2\/posts\/6664\/revisions"}],"predecessor-version":[{"id":6667,"href":"https:\/\/www.norn.is\/eva\/wp-json\/wp\/v2\/posts\/6664\/revisions\/6667"}],"wp:featuredmedia":[{"embeddable":true,"href":"https:\/\/www.norn.is\/eva\/wp-json\/wp\/v2\/media\/6666"}],"wp:attachment":[{"href":"https:\/\/www.norn.is\/eva\/wp-json\/wp\/v2\/media?parent=6664"}],"wp:term":[{"taxonomy":"category","embeddable":true,"href":"https:\/\/www.norn.is\/eva\/wp-json\/wp\/v2\/categories?post=6664"},{"taxonomy":"post_tag","embeddable":true,"href":"https:\/\/www.norn.is\/eva\/wp-json\/wp\/v2\/tags?post=6664"}],"curies":[{"name":"wp","href":"https:\/\/api.w.org\/{rel}","templated":true}]}}