{"id":6587,"date":"2012-11-29T12:18:00","date_gmt":"2012-11-29T12:18:00","guid":{"rendered":"http:\/\/www.norn.is\/eva\/?p=6587"},"modified":"2021-10-27T12:27:37","modified_gmt":"2021-10-27T12:27:37","slug":"sjodandi-fysur-sleppa-ef-madur-spilar-med-rettu-lidi","status":"publish","type":"post","link":"https:\/\/www.norn.is\/eva\/2012\/11\/29\/sjodandi-fysur-sleppa-ef-madur-spilar-med-rettu-lidi\/","title":{"rendered":"Sj\u00f3\u00f0andi f\u00fdsur sleppa \u2013 ef ma\u00f0ur spilar me\u00f0 r\u00e9ttu li\u00f0i"},"content":{"rendered":"\n<p>\u00deegar \u00e9g s\u00e1 \u00feetta myndband \u00e1tti \u00e9g von \u00e1 \u00fev\u00ed a\u00f0 feminstar myndu brenna Erp Eyvindarson \u00e1 b\u00e1li.<\/p>\n\n\n\n<figure class=\"wp-block-embed is-type-video is-provider-youtube wp-block-embed-youtube wp-embed-aspect-16-9 wp-has-aspect-ratio\"><div class=\"wp-block-embed__wrapper\">\n<iframe loading=\"lazy\" title=\"ASTR\u00d3P\u00cdA \u00cd SKEMMTINEFND\" width=\"1080\" height=\"608\" src=\"https:\/\/www.youtube.com\/embed\/4PlazCInGtc?feature=oembed\" frameborder=\"0\" allow=\"accelerometer; autoplay; clipboard-write; encrypted-media; gyroscope; picture-in-picture\" allowfullscreen><\/iframe>\n<\/div><\/figure>\n\n\n\n<p>Erpur flokkast sem fyrirmynd og \u00fearna kemur hann fram, fullor\u00f0inn t\u00f3nlistarma\u00f0ur, eins og hani \u00ed h\u00e6snah\u00f3p, me\u00f0 h\u00f3p af framhaldssk\u00f3lastelpum \u00ed heita pottinum. Hann talar svo um \u00fe\u00e6r sem \u201ef\u00fdsur\u201c og segist hafa skr\u00e1\u00f0 sig \u00ed fjarn\u00e1m \u00ed sk\u00f3lanum \u00feeirra af \u00fev\u00ed a\u00f0 f\u00e9lagsl\u00edfi\u00f0 s\u00e9 svo \u00e6\u00f0islegt og stelpurnar svo \u201elj\u00f3nhar\u00f0ar a\u00f0 \u00fea\u00f0 b\u00f3kstaflega s\u00fd\u00f0ur \u00e1 draslinu \u00e1 \u00feeim\u201c.&nbsp;Ma\u00f0ur hef\u00f0i haldi\u00f0 a\u00f0 \u00feetta v\u00e6ri sannkalla\u00f0 j\u00f3lahla\u00f0bor\u00f0 fyrir feminista en \u00e9g s\u00e1 \u00feetta aldrei gagnr\u00fdnt.<\/p>\n\n\n\n<p>\u00c9g er ekki a\u00f0 skrifa \u00feennan pistil \u00ed \u00feeim tilgangi a\u00f0 messa yfir Erpi e\u00f0a kr\u00f6kkunum sem ger\u00f0u myndbandi\u00f0. \u00c9g tel enga \u00e1st\u00e6\u00f0u til \u00feess a\u00f0 reyna a\u00f0 hafa vit fyrir framhaldssk\u00f3lanemum; mikill \u00e1hugi \u00e1 djammi og kynl\u00edfi \u00e1samt \u00f3smekklegum h\u00famor einkennir \u00feennan aldur og \u00e9g hef engar \u00e1hyggjur af \u00fev\u00ed a\u00f0 \u00fea\u00f0 hafi \u00f3gnv\u00e6nlegar aflei\u00f0ingar. \u00dea\u00f0 sem vekur \u00e1huga minn h\u00e9r eru ekki \u201eskilabo\u00f0\u201c Erps (en samkv\u00e6mt feminiskum r\u00e9tttr\u00fana\u00f0i notar ekki nokkur ma\u00f0ur kynfer\u00f0islegar sk\u00edrskotanir nema til \u00feess a\u00f0 koma einhverjum s\u00e9rst\u00f6kum \u201eskilabo\u00f0um\u201c \u00e1lei\u00f0is) heldur \u00e1st\u00e6\u00f0urnar fyrir \u00fev\u00ed a\u00f0 hann skuli ekki hafa fengi\u00f0 \u00e1 sig neina gagnr\u00fdni fr\u00e1 \u00feeim sem eru me\u00f0 kl\u00e1m og kvenfyrirlitningu \u00e1 heilanum. Og \u00fea\u00f0 er best a\u00f0 \u00e9g taki \u00fea\u00f0 sk\u00fdrt fram a\u00f0 \u00e9g \u00e6tlast ekki til \u00feess af femnistum e\u00f0a neinum \u00f6\u00f0rum a\u00f0 \u00feeir gagnr\u00fdni anna\u00f0 en \u00fea\u00f0 sem \u00feeim sj\u00e1lfum s\u00fdnist en engu a\u00f0 s\u00ed\u00f0ur er \u00e1hugavert a\u00f0 sko\u00f0a hverjir \u00fea\u00f0 eru sem nj\u00f3ta fri\u00f0helgi og hverjir eru brenndir.<\/p>\n\n\n\n<p>J\u00fa Erpur hefur veri\u00f0 gagnr\u00fdndur eitthva\u00f0 sm\u00e1vegis en ekki \u00ed neinu hlutfalli vi\u00f0 \u00fea\u00f0 sem ruddalegir textar hans gefa tilefni til. H\u00e9r eru nokkur d\u00e6mi:<\/p>\n\n\n\n<blockquote class=\"wp-block-quote is-layout-flow wp-block-quote-is-layout-flow\"><p>Blaz Roca er halinn sem<br>b\u00f6rnin \u00fe\u00edn f\u00edla, \u00fev\u00ed a\u00f0,<br>\u00e9g kenni \u00feeim a\u00f0 r\u00ed\u00f0a,<br>f\u00fdra og dett\u2019\u00ed\u00f0a<br>Fj\u00f3rfingra \u00feig f\u00edsa, fyrir<br>kynsl\u00f3\u00f0ina m\u00edna<br>\u00c9g er Blaz Roca b\u00edaaa,<br>\u00e9tum krakkana \u00fe\u00edna.<\/p><p>H\u00fan er \u00e1 mara\u00feon t\u00far<br>og r\u00fasta heilli \u00edb\u00fa\u00f0<br>en \u00e9g sver upp \u00e1 \u00feennan p\u00fang<br>a\u00f0 \u00e9g hef alltaf veri\u00f0 tr\u00far<\/p><\/blockquote>\n\n\n\n<p>Mig r\u00e1mar reyndar \u00ed gagnr\u00fdni \u00e1 XXX Rottweilerhunda en \u00ed flj\u00f3tu brag\u00f0i finn \u00e9g ekkert \u00ed heykv\u00edslast\u00edlnum,\u00a0<a href=\"http:\/\/www.mbl.is\/greinasafn\/grein\/652758\/\" target=\"_blank\" rel=\"noreferrer noopener\">bara \u00feetta<\/a>\u00a0sem ver\u00f0ur a\u00f0 teljast h\u00f3fsamleg og sanngj\u00f6rn gagnr\u00fdni. Erpur f\u00f3r \u00fe\u00f3\u00a0<a href=\"http:\/\/www.visir.is\/kvortunum-rignir-yfir-fm-957-vegna-mellulags-erps\/article\/2010153241854\" target=\"_blank\" rel=\"noreferrer noopener\">yfir \u00feolm\u00f6rk einhverra<\/a>\u00a0sumari\u00f0 2010 me\u00f0 mellulaginu s\u00ednu. H\u00e9r er s\u00fdnishorn \u00far textanum:<\/p>\n\n\n\n<blockquote class=\"wp-block-quote is-layout-flow wp-block-quote-is-layout-flow\"><p>Kv\u00f3talaus \u00e1 mi\u00f0unum<br>hangi me\u00f0 li\u00f0inu,<br>hala\u00f0ir \u00e1 prikinum<br>skinkur n\u00fdfallar og volgar \u00far Byrginu<br>mella er m\u00edn kapella<br>Hnakka sl\u00f6ttt,<br>sem pakkar skott<br>og \u00feannig er \u2018etta<br>fokkum \u00ed h\u00f3rum<br>h\u00f3m\u00ed, vi\u00f0 l\u00f3kum<br>mitt geim er d\u00f6rt\u00ed<br>eins og p\u00f3lskur d\u00f3lgur.<\/p><\/blockquote>\n\n\n\n<p>J\u00fa einhverjum ofbau\u00f0. \u00c9g minnist \u00feess \u00fe\u00f3 ekki a\u00f0 hafa s\u00e9\u00f0 neinn tala um Erp sem \u201e\u00feroskaskertan reginh\u00e1lfvita\u201c en \u00fea\u00f0 var s\u00fa einkunn sem\u00a0<a href=\"http:\/\/blog.pressan.is\/freedomfries\/2011\/07\/09\/gillzeneggering-islenskra-karlmanna\/\" target=\"_blank\" rel=\"noreferrer noopener\">alfa male feministinn Magn\u00fas Sveinn Helgason<\/a>\u00a0gaf J\u00f3nsa \u00ed sv\u00f6rtum f\u00f6tum fyrir \u00f3s\u00e6mileg umm\u00e6li um konur.\u00a0Athyglisvert er einnig a\u00f0 \u00ed \u00feessum pistli \u00fear sem J\u00f3nsi er tekinn \u00ed gegn er gefi\u00f0 til kynna a\u00f0 einn ma\u00f0ur beri \u00e1byrg\u00f0 \u00e1 d\u00f3naskap heillar kynsl\u00f3\u00f0ar \u00fe\u00f3tt au\u00f0vita\u00f0 s\u00e9 \u00fea\u00f0\u00a0<a href=\"http:\/\/www.pistillinn.is\/?p=4357\" target=\"_blank\" rel=\"noreferrer noopener\">ekkert n\u00fdtt<\/a>\u00a0a\u00f0 \u00ed d\u00e6gurlagatextum s\u00e9u konur \u00ed hlutverki kynfer\u00f0islegs \u201evi\u00f0fangs\u201c og karlar \u00ed hlutverki kvennab\u00f3sans. Og \u00feetta var svosem hvorki \u00ed fyrsta n\u00e9 s\u00ed\u00f0asta sinn sem Gillzenegger hefur veri\u00f0 kennt um si\u00f0spillingu ungd\u00f3msins.<\/p>\n\n\n\n<p>Af hverju m\u00e1 Erpur \u00fea\u00f0 sem J\u00f3nsi m\u00e1 ekki? Getur veri\u00f0 a\u00f0 \u00fea\u00f0 hafi eitthva\u00f0 me\u00f0 p\u00f3lit\u00edk a\u00f0 gera? Nokkrum m\u00e1nu\u00f0um \u00e1\u00f0ur en J\u00f3nsi kl\u00fa\u00f0ra\u00f0i or\u00f0spori s\u00ednu me\u00f0 \u00fev\u00ed a\u00f0 kalla t\u00f3nleikagesti s\u00edna h\u00f3rur l\u00fdsti Erpur \u00fev\u00ed yfir opinberlega a\u00f0\u00a0<a href=\"http:\/\/bleikt.pressan.is\/lesa\/erpuregerfeministi\/\" target=\"_blank\" rel=\"noreferrer noopener\">hann v\u00e6ri feministi<\/a>. Og \u00e1\u00f0ur en hann l\u00fdsti \u00fev\u00ed yfir, studdi hann starf ungli\u00f0ahreyfingar VG og\u00a0<a href=\"http:\/\/www.frequency.com\/video\/ung-vinstri-grn\/27821712\" target=\"_blank\" rel=\"noreferrer noopener\">lj\u00e1\u00f0i \u00feeim m.a.s. r\u00f6dd s\u00edna<\/a>.<\/p>\n\n\n\n<p>\u00dea\u00f0 skyldi \u00fe\u00f3 ekki vera a\u00f0 p\u00f3lit\u00edk r\u00e1\u00f0i \u00fev\u00ed a\u00f0 Erpur hefur sloppi\u00f0 \u00feokkalega vel fr\u00e1 meintum sni\u00f0ugheitum sem a\u00f0rir popparar hef\u00f0u veri\u00f0 jar\u00f0a\u00f0ir fyrir a\u00f0 l\u00e1ta fr\u00e1 s\u00e9r? \u00c9g hef allavega ekki heyrt tr\u00faver\u00f0ugri sk\u00fdringu.<\/p>\n\n\n<div class=\"vlp-link-container vlp-layout-basic wp-block-visual-link-preview-link\"><a href=\"https:\/\/www.norn.is\/eva\/2012\/11\/23\/storveldid-monitor-og-kennivald-kvenhyggjunnar\/\" class=\"vlp-link\" title=\"St\u00f3rveldi\u00f0, Monitor og kennivald kvenhyggjunnar\"><\/a><div class=\"vlp-layout-zone-side\"><div class=\"vlp-block-2 vlp-link-image\"><img loading=\"lazy\" decoding=\"async\" style=\"max-width: 150px;\" width=\"150\" height=\"92\" src=\"https:\/\/www.norn.is\/eva\/wp-content\/uploads\/sites\/36\/2012\/11\/mannasidir-Gillz.png\" class=\"attachment-150x999 size-150x999\" alt=\"\" srcset=\"https:\/\/www.norn.is\/eva\/wp-content\/uploads\/sites\/36\/2012\/11\/mannasidir-Gillz.png 745w, https:\/\/www.norn.is\/eva\/wp-content\/uploads\/sites\/36\/2012\/11\/mannasidir-Gillz-300x184.png 300w\" sizes=\"auto, (max-width: 150px) 100vw, 150px\" \/><\/div><\/div><div class=\"vlp-layout-zone-main\"><div class=\"vlp-block-0 vlp-link-title\">St\u00f3rveldi\u00f0, Monitor og kennivald kvenhyggjunnar<\/div><div class=\"vlp-block-1 vlp-link-summary\">Hreyfing sem stefnir a\u00f0 \u00fev\u00ed a\u00f0 koma \u00e1 kennivaldi, gerir s\u00e9r far um a\u00f0 yfirtaka alla umr\u00e6\u00f0u sem snertir \u00e1hugasvi\u00f0 hennar. Einn mikilv\u00e6gasti \u00e1fanginn \u00e1 \u00feeirri vegfer\u00f0 er s\u00e1 a\u00f0 yfirtaka fj\u00f6lmi\u00f0laumfj\u00f6llun og \u00fear hafa \u00edslenskir feministar n\u00e1\u00f0 pr\u00fd\u00f0ilegum \u00e1rangri.&nbsp;Fj\u00f6lmi\u00f0laumfj\u00f6llun um kynjam\u00e1l er svo til eing\u00f6ngu \u00e1 feminiskum forsendum, \u00fea\u00f0 er helst a\u00f0 \u00f6nnur sj\u00f3narhorn [&hellip;]<\/div><\/div><\/div>","protected":false},"excerpt":{"rendered":"<p>\u00deegar \u00e9g s\u00e1 \u00feetta myndband \u00e1tti \u00e9g von \u00e1 \u00fev\u00ed a\u00f0 feminstar myndu brenna Erp Eyvindarson \u00e1 b\u00e1li. Erpur flokkast sem fyrirmynd og \u00fearna kemur hann fram, fullor\u00f0inn t\u00f3nlistarma\u00f0ur, eins og hani \u00ed h\u00e6snah\u00f3p, me\u00f0 h\u00f3p af framhaldssk\u00f3lastelpum \u00ed heita pottinum. Hann talar svo um \u00fe\u00e6r sem \u201ef\u00fdsur\u201c og segist hafa skr\u00e1\u00f0 sig \u00ed fjarn\u00e1m [&hellip;]<\/p>\n","protected":false},"author":7,"featured_media":6588,"comment_status":"closed","ping_status":"closed","sticky":false,"template":"","format":"standard","meta":{"_et_pb_use_builder":"off","_et_pb_old_content":"","_et_gb_content_width":"","footnotes":""},"categories":[5],"tags":[1177,1176,1096],"class_list":["post-6587","post","type-post","status-publish","format-standard","has-post-thumbnail","hentry","category-kyn-klam","tag-blaz-rocha","tag-erpur-eyvindarson","tag-klamvaeding","et-has-post-format-content","et_post_format-et-post-format-standard"],"yoast_head":"<!-- This site is optimized with the Yoast SEO plugin v27.4 - https:\/\/yoast.com\/product\/yoast-seo-wordpress\/ -->\n<title>Sj\u00f3\u00f0andi f\u00fdsur sleppa \u2013 ef ma\u00f0ur spilar me\u00f0 r\u00e9ttu li\u00f0i - Eva Hauksd\u00f3ttir<\/title>\n<meta name=\"robots\" content=\"index, follow, max-snippet:-1, max-image-preview:large, max-video-preview:-1\" \/>\n<link rel=\"canonical\" href=\"https:\/\/www.norn.is\/eva\/2012\/11\/29\/sjodandi-fysur-sleppa-ef-madur-spilar-med-rettu-lidi\/\" \/>\n<meta property=\"og:locale\" content=\"is_IS\" \/>\n<meta property=\"og:type\" content=\"article\" \/>\n<meta property=\"og:title\" content=\"Sj\u00f3\u00f0andi f\u00fdsur sleppa \u2013 ef ma\u00f0ur spilar me\u00f0 r\u00e9ttu li\u00f0i - Eva Hauksd\u00f3ttir\" \/>\n<meta property=\"og:description\" content=\"\u00deegar \u00e9g s\u00e1 \u00feetta myndband \u00e1tti \u00e9g von \u00e1 \u00fev\u00ed a\u00f0 feminstar myndu brenna Erp Eyvindarson \u00e1 b\u00e1li. Erpur flokkast sem fyrirmynd og \u00fearna kemur hann fram, fullor\u00f0inn t\u00f3nlistarma\u00f0ur, eins og hani \u00ed h\u00e6snah\u00f3p, me\u00f0 h\u00f3p af framhaldssk\u00f3lastelpum \u00ed heita pottinum. Hann talar svo um \u00fe\u00e6r sem \u201ef\u00fdsur\u201c og segist hafa skr\u00e1\u00f0 sig \u00ed fjarn\u00e1m [&hellip;]\" \/>\n<meta property=\"og:url\" content=\"https:\/\/www.norn.is\/eva\/2012\/11\/29\/sjodandi-fysur-sleppa-ef-madur-spilar-med-rettu-lidi\/\" \/>\n<meta property=\"og:site_name\" content=\"Eva Hauksd\u00f3ttir\" \/>\n<meta property=\"article:published_time\" content=\"2012-11-29T12:18:00+00:00\" \/>\n<meta property=\"article:modified_time\" content=\"2021-10-27T12:27:37+00:00\" \/>\n<meta property=\"og:image\" content=\"https:\/\/www.norn.is\/eva\/wp-content\/uploads\/sites\/36\/2021\/10\/Blaz-Rocha.png\" \/>\n\t<meta property=\"og:image:width\" content=\"1137\" \/>\n\t<meta property=\"og:image:height\" content=\"571\" \/>\n\t<meta property=\"og:image:type\" content=\"image\/png\" \/>\n<meta name=\"author\" content=\"Eva Hauksd\u00f3ttir\" \/>\n<meta name=\"twitter:card\" content=\"summary_large_image\" \/>\n<meta name=\"twitter:label1\" content=\"Written by\" \/>\n\t<meta name=\"twitter:data1\" content=\"\" \/>\n\t<meta name=\"twitter:label2\" content=\"Est. reading time\" \/>\n\t<meta name=\"twitter:data2\" content=\"4 minutes\" \/>\n<script type=\"application\/ld+json\" class=\"yoast-schema-graph\">{\"@context\":\"https:\\\/\\\/schema.org\",\"@graph\":[{\"@type\":\"Article\",\"@id\":\"https:\\\/\\\/www.norn.is\\\/eva\\\/2012\\\/11\\\/29\\\/sjodandi-fysur-sleppa-ef-madur-spilar-med-rettu-lidi\\\/#article\",\"isPartOf\":{\"@id\":\"https:\\\/\\\/www.norn.is\\\/eva\\\/2012\\\/11\\\/29\\\/sjodandi-fysur-sleppa-ef-madur-spilar-med-rettu-lidi\\\/\"},\"author\":{\"name\":\"Eva Hauksd\u00f3ttir\",\"@id\":\"https:\\\/\\\/www.norn.is\\\/eva\\\/#\\\/schema\\\/person\\\/1d9742389918a297671033a2b53d3d34\"},\"headline\":\"Sj\u00f3\u00f0andi f\u00fdsur sleppa \u2013 ef ma\u00f0ur spilar me\u00f0 r\u00e9ttu li\u00f0i\",\"datePublished\":\"2012-11-29T12:18:00+00:00\",\"dateModified\":\"2021-10-27T12:27:37+00:00\",\"mainEntityOfPage\":{\"@id\":\"https:\\\/\\\/www.norn.is\\\/eva\\\/2012\\\/11\\\/29\\\/sjodandi-fysur-sleppa-ef-madur-spilar-med-rettu-lidi\\\/\"},\"wordCount\":826,\"image\":{\"@id\":\"https:\\\/\\\/www.norn.is\\\/eva\\\/2012\\\/11\\\/29\\\/sjodandi-fysur-sleppa-ef-madur-spilar-med-rettu-lidi\\\/#primaryimage\"},\"thumbnailUrl\":\"https:\\\/\\\/www.norn.is\\\/eva\\\/wp-content\\\/uploads\\\/sites\\\/36\\\/2021\\\/10\\\/Blaz-Rocha.png\",\"keywords\":[\"Blaz Rocha\",\"Erpur Eyvindarson\",\"kl\u00e1mv\u00e6\u00f0ing\"],\"articleSection\":[\"Kyn &amp; kl\u00e1m\"],\"inLanguage\":\"is\"},{\"@type\":\"WebPage\",\"@id\":\"https:\\\/\\\/www.norn.is\\\/eva\\\/2012\\\/11\\\/29\\\/sjodandi-fysur-sleppa-ef-madur-spilar-med-rettu-lidi\\\/\",\"url\":\"https:\\\/\\\/www.norn.is\\\/eva\\\/2012\\\/11\\\/29\\\/sjodandi-fysur-sleppa-ef-madur-spilar-med-rettu-lidi\\\/\",\"name\":\"Sj\u00f3\u00f0andi f\u00fdsur sleppa \u2013 ef ma\u00f0ur spilar me\u00f0 r\u00e9ttu li\u00f0i - Eva Hauksd\u00f3ttir\",\"isPartOf\":{\"@id\":\"https:\\\/\\\/www.norn.is\\\/eva\\\/#website\"},\"primaryImageOfPage\":{\"@id\":\"https:\\\/\\\/www.norn.is\\\/eva\\\/2012\\\/11\\\/29\\\/sjodandi-fysur-sleppa-ef-madur-spilar-med-rettu-lidi\\\/#primaryimage\"},\"image\":{\"@id\":\"https:\\\/\\\/www.norn.is\\\/eva\\\/2012\\\/11\\\/29\\\/sjodandi-fysur-sleppa-ef-madur-spilar-med-rettu-lidi\\\/#primaryimage\"},\"thumbnailUrl\":\"https:\\\/\\\/www.norn.is\\\/eva\\\/wp-content\\\/uploads\\\/sites\\\/36\\\/2021\\\/10\\\/Blaz-Rocha.png\",\"datePublished\":\"2012-11-29T12:18:00+00:00\",\"dateModified\":\"2021-10-27T12:27:37+00:00\",\"author\":{\"@id\":\"https:\\\/\\\/www.norn.is\\\/eva\\\/#\\\/schema\\\/person\\\/1d9742389918a297671033a2b53d3d34\"},\"breadcrumb\":{\"@id\":\"https:\\\/\\\/www.norn.is\\\/eva\\\/2012\\\/11\\\/29\\\/sjodandi-fysur-sleppa-ef-madur-spilar-med-rettu-lidi\\\/#breadcrumb\"},\"inLanguage\":\"is\",\"potentialAction\":[{\"@type\":\"ReadAction\",\"target\":[\"https:\\\/\\\/www.norn.is\\\/eva\\\/2012\\\/11\\\/29\\\/sjodandi-fysur-sleppa-ef-madur-spilar-med-rettu-lidi\\\/\"]}]},{\"@type\":\"ImageObject\",\"inLanguage\":\"is\",\"@id\":\"https:\\\/\\\/www.norn.is\\\/eva\\\/2012\\\/11\\\/29\\\/sjodandi-fysur-sleppa-ef-madur-spilar-med-rettu-lidi\\\/#primaryimage\",\"url\":\"https:\\\/\\\/www.norn.is\\\/eva\\\/wp-content\\\/uploads\\\/sites\\\/36\\\/2021\\\/10\\\/Blaz-Rocha.png\",\"contentUrl\":\"https:\\\/\\\/www.norn.is\\\/eva\\\/wp-content\\\/uploads\\\/sites\\\/36\\\/2021\\\/10\\\/Blaz-Rocha.png\",\"width\":1137,\"height\":571},{\"@type\":\"BreadcrumbList\",\"@id\":\"https:\\\/\\\/www.norn.is\\\/eva\\\/2012\\\/11\\\/29\\\/sjodandi-fysur-sleppa-ef-madur-spilar-med-rettu-lidi\\\/#breadcrumb\",\"itemListElement\":[{\"@type\":\"ListItem\",\"position\":1,\"name\":\"Home\",\"item\":\"https:\\\/\\\/www.norn.is\\\/eva\\\/\"},{\"@type\":\"ListItem\",\"position\":2,\"name\":\"Sj\u00f3\u00f0andi f\u00fdsur sleppa \u2013 ef ma\u00f0ur spilar me\u00f0 r\u00e9ttu li\u00f0i\"}]},{\"@type\":\"WebSite\",\"@id\":\"https:\\\/\\\/www.norn.is\\\/eva\\\/#website\",\"url\":\"https:\\\/\\\/www.norn.is\\\/eva\\\/\",\"name\":\"Eva Hauksd\u00f3ttir\",\"description\":\"Evu blogg\",\"potentialAction\":[{\"@type\":\"SearchAction\",\"target\":{\"@type\":\"EntryPoint\",\"urlTemplate\":\"https:\\\/\\\/www.norn.is\\\/eva\\\/?s={search_term_string}\"},\"query-input\":{\"@type\":\"PropertyValueSpecification\",\"valueRequired\":true,\"valueName\":\"search_term_string\"}}],\"inLanguage\":\"is\"},{\"@type\":\"Person\",\"@id\":\"https:\\\/\\\/www.norn.is\\\/eva\\\/#\\\/schema\\\/person\\\/1d9742389918a297671033a2b53d3d34\",\"name\":\"Eva Hauksd\u00f3ttir\",\"image\":{\"@type\":\"ImageObject\",\"inLanguage\":\"is\",\"@id\":\"https:\\\/\\\/secure.gravatar.com\\\/avatar\\\/3690cd9ff7436a8a5d80acdc8fcb1046fbb9e002d4b532c85080d1bcbede84ce?s=96&d=mm&r=g\",\"url\":\"https:\\\/\\\/secure.gravatar.com\\\/avatar\\\/3690cd9ff7436a8a5d80acdc8fcb1046fbb9e002d4b532c85080d1bcbede84ce?s=96&d=mm&r=g\",\"contentUrl\":\"https:\\\/\\\/secure.gravatar.com\\\/avatar\\\/3690cd9ff7436a8a5d80acdc8fcb1046fbb9e002d4b532c85080d1bcbede84ce?s=96&d=mm&r=g\",\"caption\":\"Eva Hauksd\u00f3ttir\"},\"url\":\"https:\\\/\\\/www.norn.is\\\/eva\\\/author\\\/evahauks\\\/\"}]}<\/script>\n<!-- \/ Yoast SEO plugin. -->","yoast_head_json":{"title":"Sj\u00f3\u00f0andi f\u00fdsur sleppa \u2013 ef ma\u00f0ur spilar me\u00f0 r\u00e9ttu li\u00f0i - Eva Hauksd\u00f3ttir","robots":{"index":"index","follow":"follow","max-snippet":"max-snippet:-1","max-image-preview":"max-image-preview:large","max-video-preview":"max-video-preview:-1"},"canonical":"https:\/\/www.norn.is\/eva\/2012\/11\/29\/sjodandi-fysur-sleppa-ef-madur-spilar-med-rettu-lidi\/","og_locale":"is_IS","og_type":"article","og_title":"Sj\u00f3\u00f0andi f\u00fdsur sleppa \u2013 ef ma\u00f0ur spilar me\u00f0 r\u00e9ttu li\u00f0i - Eva Hauksd\u00f3ttir","og_description":"\u00deegar \u00e9g s\u00e1 \u00feetta myndband \u00e1tti \u00e9g von \u00e1 \u00fev\u00ed a\u00f0 feminstar myndu brenna Erp Eyvindarson \u00e1 b\u00e1li. Erpur flokkast sem fyrirmynd og \u00fearna kemur hann fram, fullor\u00f0inn t\u00f3nlistarma\u00f0ur, eins og hani \u00ed h\u00e6snah\u00f3p, me\u00f0 h\u00f3p af framhaldssk\u00f3lastelpum \u00ed heita pottinum. Hann talar svo um \u00fe\u00e6r sem \u201ef\u00fdsur\u201c og segist hafa skr\u00e1\u00f0 sig \u00ed fjarn\u00e1m [&hellip;]","og_url":"https:\/\/www.norn.is\/eva\/2012\/11\/29\/sjodandi-fysur-sleppa-ef-madur-spilar-med-rettu-lidi\/","og_site_name":"Eva Hauksd\u00f3ttir","article_published_time":"2012-11-29T12:18:00+00:00","article_modified_time":"2021-10-27T12:27:37+00:00","og_image":[{"width":1137,"height":571,"url":"https:\/\/www.norn.is\/eva\/wp-content\/uploads\/sites\/36\/2021\/10\/Blaz-Rocha.png","type":"image\/png"}],"author":"Eva Hauksd\u00f3ttir","twitter_card":"summary_large_image","twitter_misc":{"Written by":false,"Est. reading time":"4 minutes"},"schema":{"@context":"https:\/\/schema.org","@graph":[{"@type":"Article","@id":"https:\/\/www.norn.is\/eva\/2012\/11\/29\/sjodandi-fysur-sleppa-ef-madur-spilar-med-rettu-lidi\/#article","isPartOf":{"@id":"https:\/\/www.norn.is\/eva\/2012\/11\/29\/sjodandi-fysur-sleppa-ef-madur-spilar-med-rettu-lidi\/"},"author":{"name":"Eva Hauksd\u00f3ttir","@id":"https:\/\/www.norn.is\/eva\/#\/schema\/person\/1d9742389918a297671033a2b53d3d34"},"headline":"Sj\u00f3\u00f0andi f\u00fdsur sleppa \u2013 ef ma\u00f0ur spilar me\u00f0 r\u00e9ttu li\u00f0i","datePublished":"2012-11-29T12:18:00+00:00","dateModified":"2021-10-27T12:27:37+00:00","mainEntityOfPage":{"@id":"https:\/\/www.norn.is\/eva\/2012\/11\/29\/sjodandi-fysur-sleppa-ef-madur-spilar-med-rettu-lidi\/"},"wordCount":826,"image":{"@id":"https:\/\/www.norn.is\/eva\/2012\/11\/29\/sjodandi-fysur-sleppa-ef-madur-spilar-med-rettu-lidi\/#primaryimage"},"thumbnailUrl":"https:\/\/www.norn.is\/eva\/wp-content\/uploads\/sites\/36\/2021\/10\/Blaz-Rocha.png","keywords":["Blaz Rocha","Erpur Eyvindarson","kl\u00e1mv\u00e6\u00f0ing"],"articleSection":["Kyn &amp; kl\u00e1m"],"inLanguage":"is"},{"@type":"WebPage","@id":"https:\/\/www.norn.is\/eva\/2012\/11\/29\/sjodandi-fysur-sleppa-ef-madur-spilar-med-rettu-lidi\/","url":"https:\/\/www.norn.is\/eva\/2012\/11\/29\/sjodandi-fysur-sleppa-ef-madur-spilar-med-rettu-lidi\/","name":"Sj\u00f3\u00f0andi f\u00fdsur sleppa \u2013 ef ma\u00f0ur spilar me\u00f0 r\u00e9ttu li\u00f0i - Eva Hauksd\u00f3ttir","isPartOf":{"@id":"https:\/\/www.norn.is\/eva\/#website"},"primaryImageOfPage":{"@id":"https:\/\/www.norn.is\/eva\/2012\/11\/29\/sjodandi-fysur-sleppa-ef-madur-spilar-med-rettu-lidi\/#primaryimage"},"image":{"@id":"https:\/\/www.norn.is\/eva\/2012\/11\/29\/sjodandi-fysur-sleppa-ef-madur-spilar-med-rettu-lidi\/#primaryimage"},"thumbnailUrl":"https:\/\/www.norn.is\/eva\/wp-content\/uploads\/sites\/36\/2021\/10\/Blaz-Rocha.png","datePublished":"2012-11-29T12:18:00+00:00","dateModified":"2021-10-27T12:27:37+00:00","author":{"@id":"https:\/\/www.norn.is\/eva\/#\/schema\/person\/1d9742389918a297671033a2b53d3d34"},"breadcrumb":{"@id":"https:\/\/www.norn.is\/eva\/2012\/11\/29\/sjodandi-fysur-sleppa-ef-madur-spilar-med-rettu-lidi\/#breadcrumb"},"inLanguage":"is","potentialAction":[{"@type":"ReadAction","target":["https:\/\/www.norn.is\/eva\/2012\/11\/29\/sjodandi-fysur-sleppa-ef-madur-spilar-med-rettu-lidi\/"]}]},{"@type":"ImageObject","inLanguage":"is","@id":"https:\/\/www.norn.is\/eva\/2012\/11\/29\/sjodandi-fysur-sleppa-ef-madur-spilar-med-rettu-lidi\/#primaryimage","url":"https:\/\/www.norn.is\/eva\/wp-content\/uploads\/sites\/36\/2021\/10\/Blaz-Rocha.png","contentUrl":"https:\/\/www.norn.is\/eva\/wp-content\/uploads\/sites\/36\/2021\/10\/Blaz-Rocha.png","width":1137,"height":571},{"@type":"BreadcrumbList","@id":"https:\/\/www.norn.is\/eva\/2012\/11\/29\/sjodandi-fysur-sleppa-ef-madur-spilar-med-rettu-lidi\/#breadcrumb","itemListElement":[{"@type":"ListItem","position":1,"name":"Home","item":"https:\/\/www.norn.is\/eva\/"},{"@type":"ListItem","position":2,"name":"Sj\u00f3\u00f0andi f\u00fdsur sleppa \u2013 ef ma\u00f0ur spilar me\u00f0 r\u00e9ttu li\u00f0i"}]},{"@type":"WebSite","@id":"https:\/\/www.norn.is\/eva\/#website","url":"https:\/\/www.norn.is\/eva\/","name":"Eva Hauksd\u00f3ttir","description":"Evu blogg","potentialAction":[{"@type":"SearchAction","target":{"@type":"EntryPoint","urlTemplate":"https:\/\/www.norn.is\/eva\/?s={search_term_string}"},"query-input":{"@type":"PropertyValueSpecification","valueRequired":true,"valueName":"search_term_string"}}],"inLanguage":"is"},{"@type":"Person","@id":"https:\/\/www.norn.is\/eva\/#\/schema\/person\/1d9742389918a297671033a2b53d3d34","name":"Eva Hauksd\u00f3ttir","image":{"@type":"ImageObject","inLanguage":"is","@id":"https:\/\/secure.gravatar.com\/avatar\/3690cd9ff7436a8a5d80acdc8fcb1046fbb9e002d4b532c85080d1bcbede84ce?s=96&d=mm&r=g","url":"https:\/\/secure.gravatar.com\/avatar\/3690cd9ff7436a8a5d80acdc8fcb1046fbb9e002d4b532c85080d1bcbede84ce?s=96&d=mm&r=g","contentUrl":"https:\/\/secure.gravatar.com\/avatar\/3690cd9ff7436a8a5d80acdc8fcb1046fbb9e002d4b532c85080d1bcbede84ce?s=96&d=mm&r=g","caption":"Eva Hauksd\u00f3ttir"},"url":"https:\/\/www.norn.is\/eva\/author\/evahauks\/"}]}},"_links":{"self":[{"href":"https:\/\/www.norn.is\/eva\/wp-json\/wp\/v2\/posts\/6587","targetHints":{"allow":["GET"]}}],"collection":[{"href":"https:\/\/www.norn.is\/eva\/wp-json\/wp\/v2\/posts"}],"about":[{"href":"https:\/\/www.norn.is\/eva\/wp-json\/wp\/v2\/types\/post"}],"author":[{"embeddable":true,"href":"https:\/\/www.norn.is\/eva\/wp-json\/wp\/v2\/users\/7"}],"replies":[{"embeddable":true,"href":"https:\/\/www.norn.is\/eva\/wp-json\/wp\/v2\/comments?post=6587"}],"version-history":[{"count":1,"href":"https:\/\/www.norn.is\/eva\/wp-json\/wp\/v2\/posts\/6587\/revisions"}],"predecessor-version":[{"id":6589,"href":"https:\/\/www.norn.is\/eva\/wp-json\/wp\/v2\/posts\/6587\/revisions\/6589"}],"wp:featuredmedia":[{"embeddable":true,"href":"https:\/\/www.norn.is\/eva\/wp-json\/wp\/v2\/media\/6588"}],"wp:attachment":[{"href":"https:\/\/www.norn.is\/eva\/wp-json\/wp\/v2\/media?parent=6587"}],"wp:term":[{"taxonomy":"category","embeddable":true,"href":"https:\/\/www.norn.is\/eva\/wp-json\/wp\/v2\/categories?post=6587"},{"taxonomy":"post_tag","embeddable":true,"href":"https:\/\/www.norn.is\/eva\/wp-json\/wp\/v2\/tags?post=6587"}],"curies":[{"name":"wp","href":"https:\/\/api.w.org\/{rel}","templated":true}]}}