{"id":6477,"date":"2012-06-28T14:43:00","date_gmt":"2012-06-28T14:43:00","guid":{"rendered":"http:\/\/www.norn.is\/eva\/?p=6477"},"modified":"2021-10-26T14:53:36","modified_gmt":"2021-10-26T14:53:36","slug":"vid-vitum-ekkert-hvad-rikissaksoknari-sagdi-raunverulega","status":"publish","type":"post","link":"https:\/\/www.norn.is\/eva\/2012\/06\/28\/vid-vitum-ekkert-hvad-rikissaksoknari-sagdi-raunverulega\/","title":{"rendered":"Vi\u00f0 vitum ekkert hva\u00f0 r\u00edkissaks\u00f3knari sag\u00f0i raunverulega"},"content":{"rendered":"\n<p>Umr\u00e6\u00f0an um m\u00e1l Egils Einarssonar hefur veri\u00f0 \u00e1hugaver\u00f0, m.a. fyrir \u00fe\u00e6r sakir a\u00f0 h\u00fan afhj\u00fapar \u00ed senn kr\u00f6funa um \u00f6fuga s\u00f6nnunarbyr\u00f0i \u00ed kynfer\u00f0isbrotam\u00e1lum, langr\u00e6kni, heift og hefnigirni og mikinn vilja til \u00feess a\u00f0 \u00e6tla nafntogu\u00f0u f\u00f3lki allan \u00feann sk\u00edth\u00e6lsh\u00e1tt sem hugsast getur.&nbsp;Skynsamt f\u00f3lk sem venjulega s\u00e9r hlutina fr\u00e1 fleiri en einu sj\u00f3narhorni hefur, \u00ed hollustu sinni vi\u00f0 \u00feolendur kynfer\u00f0isbrota, falli\u00f0 \u00ed \u00fe\u00e1 gryfju a\u00f0 gera ekki einu sinni r\u00e1\u00f0 fyrir \u00feeim m\u00f6guleika a\u00f0 ma\u00f0urinn s\u00e9 saklaus.<\/p>\n\n\n\n<p>R\u00edkissaks\u00f3knari metur m\u00e1li\u00f0 svo a\u00f0 enginn grundv\u00f6llur s\u00e9 fyrir \u00e1k\u00e6ru og \u00fev\u00ed var m\u00e1linu v\u00edsa\u00f0 fr\u00e1. \u00dea\u00f0 finnst m\u00f6rgum \u00e1kaflega \u00f3r\u00e9ttl\u00e1tt \u00e1kv\u00f6r\u00f0un og vilja a\u00f0 hugsanlegir nau\u00f0garar&nbsp; ver\u00f0i \u00e1k\u00e6r\u00f0ir \u00e1n&nbsp;<del>s\u00f6nnunargagna<\/del>&nbsp;t\u00e6kra v\u00edsbendinga um sekt.&nbsp; St\u00falkan sag\u00f0i a\u00f0 Egill og Gu\u00f0r\u00ed\u00f0ur hef\u00f0u nau\u00f0ga\u00f0 s\u00e9r og s\u00e1 frambur\u00f0ur \u00e6tti a\u00f0 mati \u00feeirra sem t\u00f3ku undir&nbsp;<a href=\"http:\/\/blogg.smugan.is\/drifa\/2011\/12\/02\/eg-heimta-opinbera-kaeru\/\" target=\"_blank\" rel=\"noreferrer noopener\">kr\u00f6fu Dr\u00edfu Sn\u00e6dal um opinbera \u00e1k\u00e6ru&nbsp;<\/a>(greinin bar fyrst \u00feann titil sem s\u00e9st enn \u00ed vefsl\u00f3\u00f0arglugganum) a\u00f0 duga til \u00feess a\u00f0 m\u00e1li\u00f0 fari fyrir d\u00f3mst\u00f3la. N\u00e6sta skref er v\u00e6ntanlega a\u00f0 krefjast \u00feess a\u00f0 menn ver\u00f0i sakfelldir \u00e1n s\u00f6nnunargagna og reyndar er greinilegt a\u00f0 sumum finnst a\u00f0 frambur\u00f0ur st\u00falkunnar \u00e6tti a\u00f0 duga til \u00feess a\u00f0 f\u00e1 Egil d\u00e6mdan fyrir nau\u00f0gun (Gu\u00f0r\u00ed\u00f0ur er afar sjaldan nefnd \u00ed \u00feessum umr\u00e6\u00f0um) enda \u00fe\u00f3tt \u00feeir viti ekkert um frambur\u00f0 hennar nema \u00fea\u00f0 sem haft var eftir vinkonu hennar \u00ed \u00e1kaflega \u00f3vanda\u00f0ri umfj\u00f6llun Ingibjargar Daggar \u00ed DV \u00ed des. sl.<\/p>\n\n\n\n<p>S\u00fa afsta\u00f0a a\u00f0 Egill s\u00e9 \u00f3umdeilanlega nau\u00f0gari sk\u00edn allssta\u00f0ar \u00ed gegnum umr\u00e6\u00f0una. Fyrir nokkrum m\u00e1nu\u00f0um benti mi\u00f0aldra me\u00f0alj\u00f3n \u00e1 a\u00f0 da\u00f0ur vi\u00f0 \u00f6fuga s\u00f6nnunarbyr\u00f0i v\u00e6ri greinanlegt \u00ed umr\u00e6\u00f0unni og var hann umsvifalaust \u00fathr\u00f3pa\u00f0ur sem kvenhatari fyrir viki\u00f0. Litlu breytir \u00fe\u00f3tt m\u00e1li\u00f0 hafi veri\u00f0 fellt ni\u00f0ur. \u00cd umr\u00e6\u00f0um um yfirl\u00fdsingu Egils um r\u00f6k r\u00edkissaks\u00f3knara s\u00e1 \u00e9g t.d. h\u00e1\u00f0sk umm\u00e6li \u00e1 Snj\u00e1ldrinu;&nbsp; \u201e\u2026hjarta\u00f0 mitt fer samt a\u00f0allega til \u00feeirra nau\u00f0gara sem hafa veri\u00f0 d\u00e6mdir fyrir brot s\u00edn! \u00dev\u00edl\u00edk \u00f3heppni\u201c&nbsp; \u00deetta komment \u00fe\u00f3tti hin mesta snilld og auglj\u00f3slega fleiri sem \u00fer\u00e1tt fyrir \u00farskur\u00f0 hins karll\u00e6ga r\u00edkissaks\u00f3knara (<a href=\"http:\/\/www.rikissaksoknari.is\/um-embaettid\/starfsmenn\/\" target=\"_blank\" rel=\"noreferrer noopener\">h\u00e9r m\u00e1 sj\u00e1 hvernig saks\u00f3knaraemb\u00e6tti skiptast milli kynja<\/a>) sj\u00e1 enga \u00e1st\u00e6\u00f0u til a\u00f0 efast um sekt Egils. \u00c1 \u00f6\u00f0rum sta\u00f0 s\u00e1 \u00e9g \u00fev\u00ed haldi\u00f0 fram a\u00f0 Egill hef\u00f0i ekki l\u00fdst yfir sakleysi s\u00ednu \u00ed yfirl\u00fdsingunni \u00ed Fr\u00e9ttat\u00edmanum, heldur a\u00f0eins sagt a\u00f0 engar sannanir l\u00e6gju fyrir. \u00c9g sko\u00f0a\u00f0i yfirl\u00fdsinguna og taldi fimm sta\u00f0i \u00fear sem hann \u00edtrekar sakleysi sitt. Umr\u00e6ddur lesandi hefur \u00fev\u00ed greinilega veri\u00f0 me\u00f0 kynjagleraugun \u00e1 nefinu \u00feegar hann las.<\/p>\n\n\n\n<p><\/p>\n\n\n\n<h2 class=\"wp-block-heading\">Allir lj\u00faga?<\/h2>\n\n\n\n<p>L\u00edklega hefur Egill vona\u00f0 a\u00f0 r\u00f6k r\u00edkissaks\u00f3knara fyrir fr\u00e1v\u00edsuninni myndu hreinsa hann af \u00e1bur\u00f0inum en ekki stendur \u00e1 svari; Egill getur n\u00e1tt\u00farulega veri\u00f0 a\u00f0 lj\u00faga \u00fev\u00ed a\u00f0 r\u00edkissaks\u00f3knari taki fram a\u00f0 g\u00f6gn m\u00e1lsins s\u00e9u hinum k\u00e6r\u00f0u \u00ed hag og a\u00f0 st\u00falkan sem ber \u00feau s\u00f6kum s\u00e9 sj\u00e1lfri s\u00e9r \u00f3samkv\u00e6m. J\u00e1 og l\u00f6gma\u00f0urinn l\u00fdgur me\u00f0 honum, allavega hef \u00e9g s\u00e9\u00f0 nokkra hengja sig&nbsp; \u00ed \u00fea\u00f0 or\u00f0alag a\u00f0 fr\u00e1v\u00edsunin merki \u00fe\u00e1 a\u00f0 \u201ekannski\u201c hafi engin nau\u00f0gun \u00e1tt s\u00e9r sta\u00f0. \u00deetta t\u00falka sanntr\u00faa\u00f0ir \u00e1 \u00feann veg a\u00f0 l\u00f6gma\u00f0urinn efist um sakleysi skj\u00f3lst\u00e6\u00f0ings s\u00edns. Hef\u00f0i Brynjar fullyrt a\u00f0 engin nau\u00f0gun hef\u00f0i \u00e1tt s\u00e9r sta\u00f0 v\u00e6ri hann a\u00f0 setja sig \u00e1 t\u00f6luvert h\u00e1an hest \u00fev\u00ed \u00feegar allt kemur til alls hefur konan heldur ekki veri\u00f0 sakfelld fyrir rangar sakargiftir en \u00fea\u00f0 er alveg sama hvernig hlutirnir eru or\u00f0a\u00f0ir; Egill SKAL vera nau\u00f0gari og Brynjar \u00fear me\u00f0 nau\u00f0garavinur.<\/p>\n\n\n\n<p>J\u00faj\u00fa, \u00fea\u00f0 er au\u00f0vita\u00f0 alltaf m\u00f6guleiki a\u00f0 Egill Einarsson s\u00e9 svo v\u00ed\u00f0\u00e1ttuvitlaus a\u00f0 freistast til \u00feess a\u00f0 hafa rangt eftir r\u00edkissaks\u00f3knara. A\u00f0 hann hafi birt yfirl\u00fdsingu \u00e1n samr\u00e1\u00f0s vi\u00f0 l\u00f6gmann sinn e\u00f0a \u00fe\u00e1 a\u00f0 l\u00f6gma\u00f0urinn s\u00e9 l\u00edka n\u00f3gu vitlaus til a\u00f0 r\u00e1\u00f0leggja honum a\u00f0 lj\u00faga opinberlega um skrifleg g\u00f6gn.<\/p>\n\n\n\n<p>\u00dea\u00f0 er einnig hugsanlegt a\u00f0 m\u00e1lsg\u00f6gnin sty\u00f0ji ekki frambur\u00f0 Egils og unnustu hans heldur s\u00e9 starfsma\u00f0ur r\u00edkissaks\u00f3knara,&nbsp;Hulda Elsa Bj\u00f6rgvinsd\u00f3ttir, nau\u00f0garavinur e\u00f0a \u00ed sk\u00e1rsta falli karll\u00e6gur fulltr\u00fai fe\u00f0raveldisins, haldin sty\u00f0jandi kvenleika og karlsleikjuh\u00e6tti og vilji endilega tryggja \u201er\u00e9tt\u201c nau\u00f0gara til a\u00f0 nau\u00f0ga sem flestum konum. Ekki k\u00e6mi \u00fea\u00f0 \u00e1 \u00f3vart \u00ed samf\u00e9lagi sem er \u201egegns\u00fdrt af hamslausu kvenhatri\u201c eins og einn feministinn or\u00f0a\u00f0i \u00fea\u00f0 \u00e1 d\u00f6gunum.<\/p>\n\n\n\n<p>Og ef Egill er n\u00fa ekki a\u00f0 lj\u00faga og ekki Hulda Elsa heldur \u00fe\u00e1 er \u00ed&nbsp;\u00fea\u00f0 minnsta hugsanlegt a\u00f0 leigub\u00edlstj\u00f3rinn s\u00e9 me\u00f0virkur nau\u00f0garavinur sem vill ekki tr\u00faa neinu \u00f3hreinu upp \u00e1 Gillzeneggerinn. \u00dea\u00f0 er hugsanlegt a\u00f0 l\u00e6knar \u00e1 Ney\u00f0arm\u00f3tt\u00f6ku s\u00e9u nau\u00f0garavinir sem gefa rangan frambur\u00f0 \u00ed von um a\u00f0 gulldrengurinn f\u00e1i a\u00f0 halda \u00e1fram a\u00f0 nau\u00f0ga konum \u00f3\u00e1reittur, \u00feetta f\u00f3lk hefur n\u00e1tt\u00farulega atvinnu af \u00fev\u00ed a\u00f0 taka \u00e1 m\u00f3ti f\u00f3rnarl\u00f6mbum kynfer\u00f0isbrotamanna.<\/p>\n\n\n\n<p>\u00dea\u00f0 er hugsanlegt j\u00e1 en afskaplega \u00f3tr\u00falegt. L\u00edklegast er a\u00f0 hlutirnir s\u00e9u n\u00e1kv\u00e6mlega eins og \u00feeir l\u00edta \u00fat fyrir a\u00f0 vera, \u00fe.e.a.s. a\u00f0 pari\u00f0 hafi veri\u00f0 k\u00e6rt \u00e1 grundvelli upplifunar en ekki sta\u00f0reynda. En sk\u00edtt me\u00f0 fr\u00e1v\u00edsun, sk\u00edtt me\u00f0 s\u00f6nnunarg\u00f6gn, sk\u00edtt me\u00f0 sta\u00f0reyndir. \u00dea\u00f0 er \u201eupplifun f\u00f3rnarlambsins\u201c sem skiptir m\u00e1li, ekki \u00fea\u00f0 sem raunverulega ger\u00f0ist.<\/p>\n\n\n\n<p>Er \u00feetta virkilega sko\u00f0un \u00feeirra sem hr\u00f3pa h\u00farra fyrir hverjum \u00feeim sem aftekur \u00feann m\u00f6guleika a\u00f0 ma\u00f0urinn s\u00e9 saklaus? Ekki held \u00e9g a\u00f0 tr\u00fain \u00e1 \u201eupplifun\u201c sem m\u00e6likvar\u00f0a \u00e1 s\u00f6nnunargildi kynfer\u00f0isbrots gangi svo langt. \u00c9g held a\u00f0 flest \u00feetta f\u00f3lk sem n\u00fa heldur \u00e1 lofti \u00feeirri kenningu a\u00f0 Egill Einarsson lj\u00fagi til um \u00farskur\u00f0 r\u00edkissaks\u00f3knara, langi bara alveg ofbo\u00f0slega miki\u00f0 til a\u00f0 sj\u00e1 honum refsa\u00f0 me\u00f0 margra \u00e1ra fangelsisd\u00f3mi. Ekki af \u00fev\u00ed a\u00f0 hann hafi nau\u00f0ga\u00f0 st\u00falku, heldur af \u00fev\u00ed a\u00f0 hann var d\u00f3nalegur vi\u00f0 feminista.<\/p>\n\n\n<div class=\"vlp-link-container vlp-layout-basic wp-block-visual-link-preview-link\"><a href=\"https:\/\/www.norn.is\/eva\/2012\/06\/25\/nu-er-skrattanum-skemmt\/\" class=\"vlp-link\" title=\"N\u00fa er skrattanum skemmt\"><\/a><div class=\"vlp-layout-zone-side\"><div class=\"vlp-block-2 vlp-link-image\"><img loading=\"lazy\" decoding=\"async\" style=\"max-width: 150px;\" width=\"150\" height=\"84\" src=\"https:\/\/www.norn.is\/eva\/wp-content\/uploads\/sites\/36\/2021\/10\/Satan.jpg\" class=\"attachment-150x999 size-150x999\" alt=\"\" srcset=\"https:\/\/www.norn.is\/eva\/wp-content\/uploads\/sites\/36\/2021\/10\/Satan.jpg 1200w, https:\/\/www.norn.is\/eva\/wp-content\/uploads\/sites\/36\/2021\/10\/Satan-300x169.jpg 300w, https:\/\/www.norn.is\/eva\/wp-content\/uploads\/sites\/36\/2021\/10\/Satan-1024x576.jpg 1024w, https:\/\/www.norn.is\/eva\/wp-content\/uploads\/sites\/36\/2021\/10\/Satan-768x432.jpg 768w, https:\/\/www.norn.is\/eva\/wp-content\/uploads\/sites\/36\/2021\/10\/Satan-1080x608.jpg 1080w\" sizes=\"auto, (max-width: 150px) 100vw, 150px\" \/><\/div><\/div><div class=\"vlp-layout-zone-main\"><div class=\"vlp-block-0 vlp-link-title\">N\u00fa er skrattanum skemmt<\/div><div class=\"vlp-block-1 vlp-link-summary\">Samband mitt vi\u00f0 Dj\u00f6fulinn hefur veri\u00f0 stormasamt \u00e1 k\u00f6flum. Mig langar a\u00f0 vera snillingur. Mig langar a\u00f0 skrifa eitthva\u00f0 svo \u00ferusugott a\u00f0 f\u00f3lk l\u00e6ri \u00fea\u00f0 utanb\u00f3kar \u00e1n \u00feess a\u00f0 vita hver \u00e9g er.&nbsp;Kannski huglj\u00faft kv\u00e6\u00f0i sem b\u00e6jarstarfsma\u00f0ur raular \u00e1 lei\u00f0 \u00ed vinnuna e\u00f0a eitthva\u00f0 svona g\u00e1fulegt sem snj\u00e1ldurverjar eigna Einstein e\u00f0a Dalai Lama og kl\u00edstra [&hellip;]<\/div><\/div><\/div>","protected":false},"excerpt":{"rendered":"<p>Umr\u00e6\u00f0an um m\u00e1l Egils Einarssonar hefur veri\u00f0 \u00e1hugaver\u00f0, m.a. fyrir \u00fe\u00e6r sakir a\u00f0 h\u00fan afhj\u00fapar \u00ed senn kr\u00f6funa um \u00f6fuga s\u00f6nnunarbyr\u00f0i \u00ed kynfer\u00f0isbrotam\u00e1lum, langr\u00e6kni, heift og hefnigirni og mikinn vilja til \u00feess a\u00f0 \u00e6tla nafntogu\u00f0u f\u00f3lki allan \u00feann sk\u00edth\u00e6lsh\u00e1tt sem hugsast getur.&nbsp;Skynsamt f\u00f3lk sem venjulega s\u00e9r hlutina fr\u00e1 fleiri en einu sj\u00f3narhorni hefur, \u00ed hollustu [&hellip;]<\/p>\n","protected":false},"author":7,"featured_media":6459,"comment_status":"closed","ping_status":"closed","sticky":false,"template":"","format":"standard","meta":{"_et_pb_use_builder":"off","_et_pb_old_content":"","_et_gb_content_width":"","footnotes":""},"categories":[5,1041],"tags":[264,888,663,1114,1113],"class_list":["post-6477","post","type-post","status-publish","format-standard","has-post-thumbnail","hentry","category-kyn-klam","category-kyn-ofbeldi","tag-egill-einarsson","tag-gillz","tag-naudgun","tag-ofug-sonnunarbyrdi","tag-rangar-sakargiftir","et-has-post-format-content","et_post_format-et-post-format-standard"],"yoast_head":"<!-- This site is optimized with the Yoast SEO plugin v27.5 - https:\/\/yoast.com\/product\/yoast-seo-wordpress\/ -->\n<title>Vi\u00f0 vitum ekkert hva\u00f0 r\u00edkissaks\u00f3knari sag\u00f0i raunverulega - Eva Hauksd\u00f3ttir<\/title>\n<meta name=\"robots\" content=\"index, follow, max-snippet:-1, max-image-preview:large, max-video-preview:-1\" \/>\n<link rel=\"canonical\" href=\"https:\/\/www.norn.is\/eva\/2012\/06\/28\/vid-vitum-ekkert-hvad-rikissaksoknari-sagdi-raunverulega\/\" \/>\n<meta property=\"og:locale\" content=\"is_IS\" \/>\n<meta property=\"og:type\" content=\"article\" \/>\n<meta property=\"og:title\" content=\"Vi\u00f0 vitum ekkert hva\u00f0 r\u00edkissaks\u00f3knari sag\u00f0i raunverulega - Eva Hauksd\u00f3ttir\" \/>\n<meta property=\"og:description\" content=\"Umr\u00e6\u00f0an um m\u00e1l Egils Einarssonar hefur veri\u00f0 \u00e1hugaver\u00f0, m.a. fyrir \u00fe\u00e6r sakir a\u00f0 h\u00fan afhj\u00fapar \u00ed senn kr\u00f6funa um \u00f6fuga s\u00f6nnunarbyr\u00f0i \u00ed kynfer\u00f0isbrotam\u00e1lum, langr\u00e6kni, heift og hefnigirni og mikinn vilja til \u00feess a\u00f0 \u00e6tla nafntogu\u00f0u f\u00f3lki allan \u00feann sk\u00edth\u00e6lsh\u00e1tt sem hugsast getur.&nbsp;Skynsamt f\u00f3lk sem venjulega s\u00e9r hlutina fr\u00e1 fleiri en einu sj\u00f3narhorni hefur, \u00ed hollustu [&hellip;]\" \/>\n<meta property=\"og:url\" content=\"https:\/\/www.norn.is\/eva\/2012\/06\/28\/vid-vitum-ekkert-hvad-rikissaksoknari-sagdi-raunverulega\/\" \/>\n<meta property=\"og:site_name\" content=\"Eva Hauksd\u00f3ttir\" \/>\n<meta property=\"article:published_time\" content=\"2012-06-28T14:43:00+00:00\" \/>\n<meta property=\"article:modified_time\" content=\"2021-10-26T14:53:36+00:00\" \/>\n<meta property=\"og:image\" content=\"https:\/\/www.norn.is\/eva\/wp-content\/uploads\/sites\/36\/2021\/10\/simaskra-Gillz.jpg\" \/>\n\t<meta property=\"og:image:width\" content=\"805\" \/>\n\t<meta property=\"og:image:height\" content=\"535\" \/>\n\t<meta property=\"og:image:type\" content=\"image\/jpeg\" \/>\n<meta name=\"author\" content=\"Eva Hauksd\u00f3ttir\" \/>\n<meta name=\"twitter:card\" content=\"summary_large_image\" \/>\n<meta name=\"twitter:label1\" content=\"Written by\" \/>\n\t<meta name=\"twitter:data1\" content=\"\" \/>\n\t<meta name=\"twitter:label2\" content=\"Est. reading time\" \/>\n\t<meta name=\"twitter:data2\" content=\"5 minutes\" \/>\n<script type=\"application\/ld+json\" class=\"yoast-schema-graph\">{\"@context\":\"https:\\\/\\\/schema.org\",\"@graph\":[{\"@type\":\"Article\",\"@id\":\"https:\\\/\\\/www.norn.is\\\/eva\\\/2012\\\/06\\\/28\\\/vid-vitum-ekkert-hvad-rikissaksoknari-sagdi-raunverulega\\\/#article\",\"isPartOf\":{\"@id\":\"https:\\\/\\\/www.norn.is\\\/eva\\\/2012\\\/06\\\/28\\\/vid-vitum-ekkert-hvad-rikissaksoknari-sagdi-raunverulega\\\/\"},\"author\":{\"name\":\"Eva Hauksd\u00f3ttir\",\"@id\":\"https:\\\/\\\/www.norn.is\\\/eva\\\/#\\\/schema\\\/person\\\/1d9742389918a297671033a2b53d3d34\"},\"headline\":\"Vi\u00f0 vitum ekkert hva\u00f0 r\u00edkissaks\u00f3knari sag\u00f0i raunverulega\",\"datePublished\":\"2012-06-28T14:43:00+00:00\",\"dateModified\":\"2021-10-26T14:53:36+00:00\",\"mainEntityOfPage\":{\"@id\":\"https:\\\/\\\/www.norn.is\\\/eva\\\/2012\\\/06\\\/28\\\/vid-vitum-ekkert-hvad-rikissaksoknari-sagdi-raunverulega\\\/\"},\"wordCount\":1197,\"image\":{\"@id\":\"https:\\\/\\\/www.norn.is\\\/eva\\\/2012\\\/06\\\/28\\\/vid-vitum-ekkert-hvad-rikissaksoknari-sagdi-raunverulega\\\/#primaryimage\"},\"thumbnailUrl\":\"https:\\\/\\\/www.norn.is\\\/eva\\\/wp-content\\\/uploads\\\/sites\\\/36\\\/2021\\\/10\\\/simaskra-Gillz.jpg\",\"keywords\":[\"Egill Einarsson\",\"Gillz\",\"nau\u00f0gun\",\"\u00f6fug s\u00f6nnunarbyr\u00f0i\",\"rangar sakargiftir\"],\"articleSection\":[\"Kyn &amp; kl\u00e1m\",\"Kyn &amp; ofbeldi\"],\"inLanguage\":\"is\"},{\"@type\":\"WebPage\",\"@id\":\"https:\\\/\\\/www.norn.is\\\/eva\\\/2012\\\/06\\\/28\\\/vid-vitum-ekkert-hvad-rikissaksoknari-sagdi-raunverulega\\\/\",\"url\":\"https:\\\/\\\/www.norn.is\\\/eva\\\/2012\\\/06\\\/28\\\/vid-vitum-ekkert-hvad-rikissaksoknari-sagdi-raunverulega\\\/\",\"name\":\"Vi\u00f0 vitum ekkert hva\u00f0 r\u00edkissaks\u00f3knari sag\u00f0i raunverulega - Eva Hauksd\u00f3ttir\",\"isPartOf\":{\"@id\":\"https:\\\/\\\/www.norn.is\\\/eva\\\/#website\"},\"primaryImageOfPage\":{\"@id\":\"https:\\\/\\\/www.norn.is\\\/eva\\\/2012\\\/06\\\/28\\\/vid-vitum-ekkert-hvad-rikissaksoknari-sagdi-raunverulega\\\/#primaryimage\"},\"image\":{\"@id\":\"https:\\\/\\\/www.norn.is\\\/eva\\\/2012\\\/06\\\/28\\\/vid-vitum-ekkert-hvad-rikissaksoknari-sagdi-raunverulega\\\/#primaryimage\"},\"thumbnailUrl\":\"https:\\\/\\\/www.norn.is\\\/eva\\\/wp-content\\\/uploads\\\/sites\\\/36\\\/2021\\\/10\\\/simaskra-Gillz.jpg\",\"datePublished\":\"2012-06-28T14:43:00+00:00\",\"dateModified\":\"2021-10-26T14:53:36+00:00\",\"author\":{\"@id\":\"https:\\\/\\\/www.norn.is\\\/eva\\\/#\\\/schema\\\/person\\\/1d9742389918a297671033a2b53d3d34\"},\"breadcrumb\":{\"@id\":\"https:\\\/\\\/www.norn.is\\\/eva\\\/2012\\\/06\\\/28\\\/vid-vitum-ekkert-hvad-rikissaksoknari-sagdi-raunverulega\\\/#breadcrumb\"},\"inLanguage\":\"is\",\"potentialAction\":[{\"@type\":\"ReadAction\",\"target\":[\"https:\\\/\\\/www.norn.is\\\/eva\\\/2012\\\/06\\\/28\\\/vid-vitum-ekkert-hvad-rikissaksoknari-sagdi-raunverulega\\\/\"]}]},{\"@type\":\"ImageObject\",\"inLanguage\":\"is\",\"@id\":\"https:\\\/\\\/www.norn.is\\\/eva\\\/2012\\\/06\\\/28\\\/vid-vitum-ekkert-hvad-rikissaksoknari-sagdi-raunverulega\\\/#primaryimage\",\"url\":\"https:\\\/\\\/www.norn.is\\\/eva\\\/wp-content\\\/uploads\\\/sites\\\/36\\\/2021\\\/10\\\/simaskra-Gillz.jpg\",\"contentUrl\":\"https:\\\/\\\/www.norn.is\\\/eva\\\/wp-content\\\/uploads\\\/sites\\\/36\\\/2021\\\/10\\\/simaskra-Gillz.jpg\",\"width\":805,\"height\":535},{\"@type\":\"BreadcrumbList\",\"@id\":\"https:\\\/\\\/www.norn.is\\\/eva\\\/2012\\\/06\\\/28\\\/vid-vitum-ekkert-hvad-rikissaksoknari-sagdi-raunverulega\\\/#breadcrumb\",\"itemListElement\":[{\"@type\":\"ListItem\",\"position\":1,\"name\":\"Home\",\"item\":\"https:\\\/\\\/www.norn.is\\\/eva\\\/\"},{\"@type\":\"ListItem\",\"position\":2,\"name\":\"Vi\u00f0 vitum ekkert hva\u00f0 r\u00edkissaks\u00f3knari sag\u00f0i raunverulega\"}]},{\"@type\":\"WebSite\",\"@id\":\"https:\\\/\\\/www.norn.is\\\/eva\\\/#website\",\"url\":\"https:\\\/\\\/www.norn.is\\\/eva\\\/\",\"name\":\"Eva Hauksd\u00f3ttir\",\"description\":\"Evu blogg\",\"potentialAction\":[{\"@type\":\"SearchAction\",\"target\":{\"@type\":\"EntryPoint\",\"urlTemplate\":\"https:\\\/\\\/www.norn.is\\\/eva\\\/?s={search_term_string}\"},\"query-input\":{\"@type\":\"PropertyValueSpecification\",\"valueRequired\":true,\"valueName\":\"search_term_string\"}}],\"inLanguage\":\"is\"},{\"@type\":\"Person\",\"@id\":\"https:\\\/\\\/www.norn.is\\\/eva\\\/#\\\/schema\\\/person\\\/1d9742389918a297671033a2b53d3d34\",\"name\":\"Eva Hauksd\u00f3ttir\",\"image\":{\"@type\":\"ImageObject\",\"inLanguage\":\"is\",\"@id\":\"https:\\\/\\\/secure.gravatar.com\\\/avatar\\\/3690cd9ff7436a8a5d80acdc8fcb1046fbb9e002d4b532c85080d1bcbede84ce?s=96&d=mm&r=g\",\"url\":\"https:\\\/\\\/secure.gravatar.com\\\/avatar\\\/3690cd9ff7436a8a5d80acdc8fcb1046fbb9e002d4b532c85080d1bcbede84ce?s=96&d=mm&r=g\",\"contentUrl\":\"https:\\\/\\\/secure.gravatar.com\\\/avatar\\\/3690cd9ff7436a8a5d80acdc8fcb1046fbb9e002d4b532c85080d1bcbede84ce?s=96&d=mm&r=g\",\"caption\":\"Eva Hauksd\u00f3ttir\"},\"url\":\"https:\\\/\\\/www.norn.is\\\/eva\\\/author\\\/evahauks\\\/\"}]}<\/script>\n<!-- \/ Yoast SEO plugin. -->","yoast_head_json":{"title":"Vi\u00f0 vitum ekkert hva\u00f0 r\u00edkissaks\u00f3knari sag\u00f0i raunverulega - Eva Hauksd\u00f3ttir","robots":{"index":"index","follow":"follow","max-snippet":"max-snippet:-1","max-image-preview":"max-image-preview:large","max-video-preview":"max-video-preview:-1"},"canonical":"https:\/\/www.norn.is\/eva\/2012\/06\/28\/vid-vitum-ekkert-hvad-rikissaksoknari-sagdi-raunverulega\/","og_locale":"is_IS","og_type":"article","og_title":"Vi\u00f0 vitum ekkert hva\u00f0 r\u00edkissaks\u00f3knari sag\u00f0i raunverulega - Eva Hauksd\u00f3ttir","og_description":"Umr\u00e6\u00f0an um m\u00e1l Egils Einarssonar hefur veri\u00f0 \u00e1hugaver\u00f0, m.a. fyrir \u00fe\u00e6r sakir a\u00f0 h\u00fan afhj\u00fapar \u00ed senn kr\u00f6funa um \u00f6fuga s\u00f6nnunarbyr\u00f0i \u00ed kynfer\u00f0isbrotam\u00e1lum, langr\u00e6kni, heift og hefnigirni og mikinn vilja til \u00feess a\u00f0 \u00e6tla nafntogu\u00f0u f\u00f3lki allan \u00feann sk\u00edth\u00e6lsh\u00e1tt sem hugsast getur.&nbsp;Skynsamt f\u00f3lk sem venjulega s\u00e9r hlutina fr\u00e1 fleiri en einu sj\u00f3narhorni hefur, \u00ed hollustu [&hellip;]","og_url":"https:\/\/www.norn.is\/eva\/2012\/06\/28\/vid-vitum-ekkert-hvad-rikissaksoknari-sagdi-raunverulega\/","og_site_name":"Eva Hauksd\u00f3ttir","article_published_time":"2012-06-28T14:43:00+00:00","article_modified_time":"2021-10-26T14:53:36+00:00","og_image":[{"width":805,"height":535,"url":"https:\/\/www.norn.is\/eva\/wp-content\/uploads\/sites\/36\/2021\/10\/simaskra-Gillz.jpg","type":"image\/jpeg"}],"author":"Eva Hauksd\u00f3ttir","twitter_card":"summary_large_image","twitter_misc":{"Written by":false,"Est. reading time":"5 minutes"},"schema":{"@context":"https:\/\/schema.org","@graph":[{"@type":"Article","@id":"https:\/\/www.norn.is\/eva\/2012\/06\/28\/vid-vitum-ekkert-hvad-rikissaksoknari-sagdi-raunverulega\/#article","isPartOf":{"@id":"https:\/\/www.norn.is\/eva\/2012\/06\/28\/vid-vitum-ekkert-hvad-rikissaksoknari-sagdi-raunverulega\/"},"author":{"name":"Eva Hauksd\u00f3ttir","@id":"https:\/\/www.norn.is\/eva\/#\/schema\/person\/1d9742389918a297671033a2b53d3d34"},"headline":"Vi\u00f0 vitum ekkert hva\u00f0 r\u00edkissaks\u00f3knari sag\u00f0i raunverulega","datePublished":"2012-06-28T14:43:00+00:00","dateModified":"2021-10-26T14:53:36+00:00","mainEntityOfPage":{"@id":"https:\/\/www.norn.is\/eva\/2012\/06\/28\/vid-vitum-ekkert-hvad-rikissaksoknari-sagdi-raunverulega\/"},"wordCount":1197,"image":{"@id":"https:\/\/www.norn.is\/eva\/2012\/06\/28\/vid-vitum-ekkert-hvad-rikissaksoknari-sagdi-raunverulega\/#primaryimage"},"thumbnailUrl":"https:\/\/www.norn.is\/eva\/wp-content\/uploads\/sites\/36\/2021\/10\/simaskra-Gillz.jpg","keywords":["Egill Einarsson","Gillz","nau\u00f0gun","\u00f6fug s\u00f6nnunarbyr\u00f0i","rangar sakargiftir"],"articleSection":["Kyn &amp; kl\u00e1m","Kyn &amp; ofbeldi"],"inLanguage":"is"},{"@type":"WebPage","@id":"https:\/\/www.norn.is\/eva\/2012\/06\/28\/vid-vitum-ekkert-hvad-rikissaksoknari-sagdi-raunverulega\/","url":"https:\/\/www.norn.is\/eva\/2012\/06\/28\/vid-vitum-ekkert-hvad-rikissaksoknari-sagdi-raunverulega\/","name":"Vi\u00f0 vitum ekkert hva\u00f0 r\u00edkissaks\u00f3knari sag\u00f0i raunverulega - Eva Hauksd\u00f3ttir","isPartOf":{"@id":"https:\/\/www.norn.is\/eva\/#website"},"primaryImageOfPage":{"@id":"https:\/\/www.norn.is\/eva\/2012\/06\/28\/vid-vitum-ekkert-hvad-rikissaksoknari-sagdi-raunverulega\/#primaryimage"},"image":{"@id":"https:\/\/www.norn.is\/eva\/2012\/06\/28\/vid-vitum-ekkert-hvad-rikissaksoknari-sagdi-raunverulega\/#primaryimage"},"thumbnailUrl":"https:\/\/www.norn.is\/eva\/wp-content\/uploads\/sites\/36\/2021\/10\/simaskra-Gillz.jpg","datePublished":"2012-06-28T14:43:00+00:00","dateModified":"2021-10-26T14:53:36+00:00","author":{"@id":"https:\/\/www.norn.is\/eva\/#\/schema\/person\/1d9742389918a297671033a2b53d3d34"},"breadcrumb":{"@id":"https:\/\/www.norn.is\/eva\/2012\/06\/28\/vid-vitum-ekkert-hvad-rikissaksoknari-sagdi-raunverulega\/#breadcrumb"},"inLanguage":"is","potentialAction":[{"@type":"ReadAction","target":["https:\/\/www.norn.is\/eva\/2012\/06\/28\/vid-vitum-ekkert-hvad-rikissaksoknari-sagdi-raunverulega\/"]}]},{"@type":"ImageObject","inLanguage":"is","@id":"https:\/\/www.norn.is\/eva\/2012\/06\/28\/vid-vitum-ekkert-hvad-rikissaksoknari-sagdi-raunverulega\/#primaryimage","url":"https:\/\/www.norn.is\/eva\/wp-content\/uploads\/sites\/36\/2021\/10\/simaskra-Gillz.jpg","contentUrl":"https:\/\/www.norn.is\/eva\/wp-content\/uploads\/sites\/36\/2021\/10\/simaskra-Gillz.jpg","width":805,"height":535},{"@type":"BreadcrumbList","@id":"https:\/\/www.norn.is\/eva\/2012\/06\/28\/vid-vitum-ekkert-hvad-rikissaksoknari-sagdi-raunverulega\/#breadcrumb","itemListElement":[{"@type":"ListItem","position":1,"name":"Home","item":"https:\/\/www.norn.is\/eva\/"},{"@type":"ListItem","position":2,"name":"Vi\u00f0 vitum ekkert hva\u00f0 r\u00edkissaks\u00f3knari sag\u00f0i raunverulega"}]},{"@type":"WebSite","@id":"https:\/\/www.norn.is\/eva\/#website","url":"https:\/\/www.norn.is\/eva\/","name":"Eva Hauksd\u00f3ttir","description":"Evu blogg","potentialAction":[{"@type":"SearchAction","target":{"@type":"EntryPoint","urlTemplate":"https:\/\/www.norn.is\/eva\/?s={search_term_string}"},"query-input":{"@type":"PropertyValueSpecification","valueRequired":true,"valueName":"search_term_string"}}],"inLanguage":"is"},{"@type":"Person","@id":"https:\/\/www.norn.is\/eva\/#\/schema\/person\/1d9742389918a297671033a2b53d3d34","name":"Eva Hauksd\u00f3ttir","image":{"@type":"ImageObject","inLanguage":"is","@id":"https:\/\/secure.gravatar.com\/avatar\/3690cd9ff7436a8a5d80acdc8fcb1046fbb9e002d4b532c85080d1bcbede84ce?s=96&d=mm&r=g","url":"https:\/\/secure.gravatar.com\/avatar\/3690cd9ff7436a8a5d80acdc8fcb1046fbb9e002d4b532c85080d1bcbede84ce?s=96&d=mm&r=g","contentUrl":"https:\/\/secure.gravatar.com\/avatar\/3690cd9ff7436a8a5d80acdc8fcb1046fbb9e002d4b532c85080d1bcbede84ce?s=96&d=mm&r=g","caption":"Eva Hauksd\u00f3ttir"},"url":"https:\/\/www.norn.is\/eva\/author\/evahauks\/"}]}},"_links":{"self":[{"href":"https:\/\/www.norn.is\/eva\/wp-json\/wp\/v2\/posts\/6477","targetHints":{"allow":["GET"]}}],"collection":[{"href":"https:\/\/www.norn.is\/eva\/wp-json\/wp\/v2\/posts"}],"about":[{"href":"https:\/\/www.norn.is\/eva\/wp-json\/wp\/v2\/types\/post"}],"author":[{"embeddable":true,"href":"https:\/\/www.norn.is\/eva\/wp-json\/wp\/v2\/users\/7"}],"replies":[{"embeddable":true,"href":"https:\/\/www.norn.is\/eva\/wp-json\/wp\/v2\/comments?post=6477"}],"version-history":[{"count":2,"href":"https:\/\/www.norn.is\/eva\/wp-json\/wp\/v2\/posts\/6477\/revisions"}],"predecessor-version":[{"id":6479,"href":"https:\/\/www.norn.is\/eva\/wp-json\/wp\/v2\/posts\/6477\/revisions\/6479"}],"wp:featuredmedia":[{"embeddable":true,"href":"https:\/\/www.norn.is\/eva\/wp-json\/wp\/v2\/media\/6459"}],"wp:attachment":[{"href":"https:\/\/www.norn.is\/eva\/wp-json\/wp\/v2\/media?parent=6477"}],"wp:term":[{"taxonomy":"category","embeddable":true,"href":"https:\/\/www.norn.is\/eva\/wp-json\/wp\/v2\/categories?post=6477"},{"taxonomy":"post_tag","embeddable":true,"href":"https:\/\/www.norn.is\/eva\/wp-json\/wp\/v2\/tags?post=6477"}],"curies":[{"name":"wp","href":"https:\/\/api.w.org\/{rel}","templated":true}]}}