{"id":6413,"date":"2012-04-26T08:39:00","date_gmt":"2012-04-26T08:39:00","guid":{"rendered":"http:\/\/www.norn.is\/eva\/?p=6413"},"modified":"2021-10-26T08:44:46","modified_gmt":"2021-10-26T08:44:46","slug":"fleiri-glaepir-gegn-feminismanum","status":"publish","type":"post","link":"https:\/\/www.norn.is\/eva\/2012\/04\/26\/fleiri-glaepir-gegn-feminismanum\/","title":{"rendered":"Fleiri gl\u00e6pir gegn feminismanum"},"content":{"rendered":"\n<p>K\u00e6ri f\u00e9lagi, feminstakarl sem telur kynh\u00e1r vera merki kvennak\u00fagunar<\/p>\n\n\n\n<p>\u00c9g, f\u00e1v\u00eds kona, leita n\u00fa til \u00fe\u00edn \u00ed raunum m\u00ednum. \u00deannig er a\u00f0 \u00e9g hef \u00ed m\u00f6rg \u00e1r fjarl\u00e6gt kynh\u00e1r. M\u00e9r finnst \u00fea\u00f0 fallegt en m\u00e9r skilst a\u00f0 me\u00f0 \u00fev\u00ed a\u00f0 fjarl\u00e6gja kynh\u00e1r s\u00e9 \u00e9g a\u00f0 \u00fe\u00f3knast kap\u00edtal\u00edskum og kvenk\u00fagandi \u00fatlitskr\u00f6fum fe\u00f0raveldisins.<\/p>\n\n\n\n<p>N\u00fa er svo komi\u00f0 a\u00f0 \u00e9g er farin a\u00f0 b\u00faa me\u00f0 manni sem flokkast sem mi\u00f0aldra jakkafat og \u00fear me\u00f0 sem s\u00e9rlegur fulltr\u00fai fe\u00f0raveldisins. Nema hva\u00f0, hann er alveg \u00f3skaplega hrifinn af kynh\u00e1rum og finnst \u00fatliltskr\u00f6fur fe\u00f0raveldisins f\u00e1r\u00e1nlegar.<\/p>\n\n\n\n<p>Hvort er st\u00e6rri gl\u00e6pur gegn feminismanum a\u00f0 t\u00e6ta burt torfusnepilinn og ge\u00f0jast \u00fear me\u00f0 \u00fatlitskr\u00f6fum hins kap\u00edtal\u00edska fe\u00f0raveldis og sj\u00e1lfri m\u00e9r, e\u00f0a l\u00e1ta p\u00edkuh\u00e1rin spretta og ge\u00f0jast \u00feannig fulltr\u00faa fe\u00f0raveldisins \u00e1 heimilinu?<\/p>\n\n\n<div class=\"vlp-link-container vlp-layout-basic wp-block-visual-link-preview-link\"><a href=\"https:\/\/www.norn.is\/eva\/2012\/04\/12\/glaepur-gegn-feminismanum\/\" class=\"vlp-link\" title=\"Gl\u00e6pur gegn fem\u00ednismanum\" target=\"_blank\"><\/a><div class=\"vlp-layout-zone-side\"><div class=\"vlp-block-2 vlp-link-image\"><img loading=\"lazy\" decoding=\"async\" style=\"max-width: 150px;\" width=\"150\" height=\"100\" src=\"https:\/\/www.norn.is\/eva\/wp-content\/uploads\/sites\/36\/2021\/10\/sexual.jpg\" class=\"attachment-150x999 size-150x999\" alt=\"\" srcset=\"https:\/\/www.norn.is\/eva\/wp-content\/uploads\/sites\/36\/2021\/10\/sexual.jpg 2121w, https:\/\/www.norn.is\/eva\/wp-content\/uploads\/sites\/36\/2021\/10\/sexual-300x200.jpg 300w, https:\/\/www.norn.is\/eva\/wp-content\/uploads\/sites\/36\/2021\/10\/sexual-1024x683.jpg 1024w, https:\/\/www.norn.is\/eva\/wp-content\/uploads\/sites\/36\/2021\/10\/sexual-768x512.jpg 768w, https:\/\/www.norn.is\/eva\/wp-content\/uploads\/sites\/36\/2021\/10\/sexual-1536x1024.jpg 1536w, https:\/\/www.norn.is\/eva\/wp-content\/uploads\/sites\/36\/2021\/10\/sexual-2048x1365.jpg 2048w, https:\/\/www.norn.is\/eva\/wp-content\/uploads\/sites\/36\/2021\/10\/sexual-1080x720.jpg 1080w\" sizes=\"auto, (max-width: 150px) 100vw, 150px\" \/><\/div><\/div><div class=\"vlp-layout-zone-main\"><div class=\"vlp-block-0 vlp-link-title\">Gl\u00e6pur gegn fem\u00ednismanum<\/div><div class=\"vlp-block-1 vlp-link-summary\">\u00c1lfhei\u00f0ur Ingad\u00f3ttir\u00a0vill l\u00e1ta birta n\u00f6fn v\u00e6ndisk\u00fanna. H\u00fan er svosem ekkert s\u00fa fyrsta sem vi\u00f0rar \u00fe\u00e1 sko\u00f0un og vi\u00f0 fyrstu s\u00fdn er \u00fea\u00f0 undarleg \u00e1kv\u00f6r\u00f0un a\u00f0 leyna n\u00f6fnum brotamanna \u00ed einum og mj\u00f6g afm\u00f6rku\u00f0um m\u00e1laflokki. N\u00fa hafa f\u00e1ir d\u00f3mar falli\u00f0 \u00ed v\u00e6ndiskaupam\u00e1lum \u00e1 \u00cdslandi og einu d\u00f3marnir sem \u00e9g hef fundi\u00f0 \u00fear sem m\u00e1li\u00f0 sn\u00fdst a\u00f0eins [&hellip;]<\/div><\/div><\/div>","protected":false},"excerpt":{"rendered":"<p>K\u00e6ri f\u00e9lagi, feminstakarl sem telur kynh\u00e1r vera merki kvennak\u00fagunar \u00c9g, f\u00e1v\u00eds kona, leita n\u00fa til \u00fe\u00edn \u00ed raunum m\u00ednum. \u00deannig er a\u00f0 \u00e9g hef \u00ed m\u00f6rg \u00e1r fjarl\u00e6gt kynh\u00e1r. M\u00e9r finnst \u00fea\u00f0 fallegt en m\u00e9r skilst a\u00f0 me\u00f0 \u00fev\u00ed a\u00f0 fjarl\u00e6gja kynh\u00e1r s\u00e9 \u00e9g a\u00f0 \u00fe\u00f3knast kap\u00edtal\u00edskum og kvenk\u00fagandi \u00fatlitskr\u00f6fum fe\u00f0raveldisins. N\u00fa er svo komi\u00f0 [&hellip;]<\/p>\n","protected":false},"author":7,"featured_media":6415,"comment_status":"closed","ping_status":"open","sticky":false,"template":"","format":"standard","meta":{"_et_pb_use_builder":"off","_et_pb_old_content":"","_et_gb_content_width":"","footnotes":""},"categories":[5],"tags":[920,922],"class_list":["post-6413","post","type-post","status-publish","format-standard","has-post-thumbnail","hentry","category-kyn-klam","tag-kynhar","tag-pikurakstur","et-has-post-format-content","et_post_format-et-post-format-standard"],"yoast_head":"<!-- This site is optimized with the Yoast SEO plugin v27.5 - https:\/\/yoast.com\/product\/yoast-seo-wordpress\/ -->\n<title>Fleiri gl\u00e6pir gegn feminismanum - Eva Hauksd\u00f3ttir<\/title>\n<meta name=\"robots\" content=\"index, follow, max-snippet:-1, max-image-preview:large, max-video-preview:-1\" \/>\n<link rel=\"canonical\" href=\"https:\/\/www.norn.is\/eva\/2012\/04\/26\/fleiri-glaepir-gegn-feminismanum\/\" \/>\n<meta property=\"og:locale\" content=\"is_IS\" \/>\n<meta property=\"og:type\" content=\"article\" \/>\n<meta property=\"og:title\" content=\"Fleiri gl\u00e6pir gegn feminismanum - Eva Hauksd\u00f3ttir\" \/>\n<meta property=\"og:description\" content=\"K\u00e6ri f\u00e9lagi, feminstakarl sem telur kynh\u00e1r vera merki kvennak\u00fagunar \u00c9g, f\u00e1v\u00eds kona, leita n\u00fa til \u00fe\u00edn \u00ed raunum m\u00ednum. \u00deannig er a\u00f0 \u00e9g hef \u00ed m\u00f6rg \u00e1r fjarl\u00e6gt kynh\u00e1r. M\u00e9r finnst \u00fea\u00f0 fallegt en m\u00e9r skilst a\u00f0 me\u00f0 \u00fev\u00ed a\u00f0 fjarl\u00e6gja kynh\u00e1r s\u00e9 \u00e9g a\u00f0 \u00fe\u00f3knast kap\u00edtal\u00edskum og kvenk\u00fagandi \u00fatlitskr\u00f6fum fe\u00f0raveldisins. N\u00fa er svo komi\u00f0 [&hellip;]\" \/>\n<meta property=\"og:url\" content=\"https:\/\/www.norn.is\/eva\/2012\/04\/26\/fleiri-glaepir-gegn-feminismanum\/\" \/>\n<meta property=\"og:site_name\" content=\"Eva Hauksd\u00f3ttir\" \/>\n<meta property=\"article:published_time\" content=\"2012-04-26T08:39:00+00:00\" \/>\n<meta property=\"article:modified_time\" content=\"2021-10-26T08:44:46+00:00\" \/>\n<meta property=\"og:image\" content=\"https:\/\/www.norn.is\/eva\/wp-content\/uploads\/sites\/36\/2012\/04\/pussycat.jpg\" \/>\n\t<meta property=\"og:image:width\" content=\"564\" \/>\n\t<meta property=\"og:image:height\" content=\"437\" \/>\n\t<meta property=\"og:image:type\" content=\"image\/jpeg\" \/>\n<meta name=\"author\" content=\"Eva Hauksd\u00f3ttir\" \/>\n<meta name=\"twitter:card\" content=\"summary_large_image\" \/>\n<meta name=\"twitter:label1\" content=\"Written by\" \/>\n\t<meta name=\"twitter:data1\" content=\"\" \/>\n\t<meta name=\"twitter:label2\" content=\"Est. reading time\" \/>\n\t<meta name=\"twitter:data2\" content=\"1 minute\" \/>\n<script type=\"application\/ld+json\" class=\"yoast-schema-graph\">{\"@context\":\"https:\\\/\\\/schema.org\",\"@graph\":[{\"@type\":\"Article\",\"@id\":\"https:\\\/\\\/www.norn.is\\\/eva\\\/2012\\\/04\\\/26\\\/fleiri-glaepir-gegn-feminismanum\\\/#article\",\"isPartOf\":{\"@id\":\"https:\\\/\\\/www.norn.is\\\/eva\\\/2012\\\/04\\\/26\\\/fleiri-glaepir-gegn-feminismanum\\\/\"},\"author\":{\"name\":\"Eva Hauksd\u00f3ttir\",\"@id\":\"https:\\\/\\\/www.norn.is\\\/eva\\\/#\\\/schema\\\/person\\\/1d9742389918a297671033a2b53d3d34\"},\"headline\":\"Fleiri gl\u00e6pir gegn feminismanum\",\"datePublished\":\"2012-04-26T08:39:00+00:00\",\"dateModified\":\"2021-10-26T08:44:46+00:00\",\"mainEntityOfPage\":{\"@id\":\"https:\\\/\\\/www.norn.is\\\/eva\\\/2012\\\/04\\\/26\\\/fleiri-glaepir-gegn-feminismanum\\\/\"},\"wordCount\":252,\"image\":{\"@id\":\"https:\\\/\\\/www.norn.is\\\/eva\\\/2012\\\/04\\\/26\\\/fleiri-glaepir-gegn-feminismanum\\\/#primaryimage\"},\"thumbnailUrl\":\"https:\\\/\\\/www.norn.is\\\/eva\\\/wp-content\\\/uploads\\\/sites\\\/36\\\/2012\\\/04\\\/pussycat.jpg\",\"keywords\":[\"kynh\u00e1r\",\"p\u00edkurakstur\"],\"articleSection\":[\"Kyn &amp; kl\u00e1m\"],\"inLanguage\":\"is\"},{\"@type\":\"WebPage\",\"@id\":\"https:\\\/\\\/www.norn.is\\\/eva\\\/2012\\\/04\\\/26\\\/fleiri-glaepir-gegn-feminismanum\\\/\",\"url\":\"https:\\\/\\\/www.norn.is\\\/eva\\\/2012\\\/04\\\/26\\\/fleiri-glaepir-gegn-feminismanum\\\/\",\"name\":\"Fleiri gl\u00e6pir gegn feminismanum - Eva Hauksd\u00f3ttir\",\"isPartOf\":{\"@id\":\"https:\\\/\\\/www.norn.is\\\/eva\\\/#website\"},\"primaryImageOfPage\":{\"@id\":\"https:\\\/\\\/www.norn.is\\\/eva\\\/2012\\\/04\\\/26\\\/fleiri-glaepir-gegn-feminismanum\\\/#primaryimage\"},\"image\":{\"@id\":\"https:\\\/\\\/www.norn.is\\\/eva\\\/2012\\\/04\\\/26\\\/fleiri-glaepir-gegn-feminismanum\\\/#primaryimage\"},\"thumbnailUrl\":\"https:\\\/\\\/www.norn.is\\\/eva\\\/wp-content\\\/uploads\\\/sites\\\/36\\\/2012\\\/04\\\/pussycat.jpg\",\"datePublished\":\"2012-04-26T08:39:00+00:00\",\"dateModified\":\"2021-10-26T08:44:46+00:00\",\"author\":{\"@id\":\"https:\\\/\\\/www.norn.is\\\/eva\\\/#\\\/schema\\\/person\\\/1d9742389918a297671033a2b53d3d34\"},\"breadcrumb\":{\"@id\":\"https:\\\/\\\/www.norn.is\\\/eva\\\/2012\\\/04\\\/26\\\/fleiri-glaepir-gegn-feminismanum\\\/#breadcrumb\"},\"inLanguage\":\"is\",\"potentialAction\":[{\"@type\":\"ReadAction\",\"target\":[\"https:\\\/\\\/www.norn.is\\\/eva\\\/2012\\\/04\\\/26\\\/fleiri-glaepir-gegn-feminismanum\\\/\"]}]},{\"@type\":\"ImageObject\",\"inLanguage\":\"is\",\"@id\":\"https:\\\/\\\/www.norn.is\\\/eva\\\/2012\\\/04\\\/26\\\/fleiri-glaepir-gegn-feminismanum\\\/#primaryimage\",\"url\":\"https:\\\/\\\/www.norn.is\\\/eva\\\/wp-content\\\/uploads\\\/sites\\\/36\\\/2012\\\/04\\\/pussycat.jpg\",\"contentUrl\":\"https:\\\/\\\/www.norn.is\\\/eva\\\/wp-content\\\/uploads\\\/sites\\\/36\\\/2012\\\/04\\\/pussycat.jpg\",\"width\":564,\"height\":437},{\"@type\":\"BreadcrumbList\",\"@id\":\"https:\\\/\\\/www.norn.is\\\/eva\\\/2012\\\/04\\\/26\\\/fleiri-glaepir-gegn-feminismanum\\\/#breadcrumb\",\"itemListElement\":[{\"@type\":\"ListItem\",\"position\":1,\"name\":\"Home\",\"item\":\"https:\\\/\\\/www.norn.is\\\/eva\\\/\"},{\"@type\":\"ListItem\",\"position\":2,\"name\":\"Fleiri gl\u00e6pir gegn feminismanum\"}]},{\"@type\":\"WebSite\",\"@id\":\"https:\\\/\\\/www.norn.is\\\/eva\\\/#website\",\"url\":\"https:\\\/\\\/www.norn.is\\\/eva\\\/\",\"name\":\"Eva Hauksd\u00f3ttir\",\"description\":\"Evu blogg\",\"potentialAction\":[{\"@type\":\"SearchAction\",\"target\":{\"@type\":\"EntryPoint\",\"urlTemplate\":\"https:\\\/\\\/www.norn.is\\\/eva\\\/?s={search_term_string}\"},\"query-input\":{\"@type\":\"PropertyValueSpecification\",\"valueRequired\":true,\"valueName\":\"search_term_string\"}}],\"inLanguage\":\"is\"},{\"@type\":\"Person\",\"@id\":\"https:\\\/\\\/www.norn.is\\\/eva\\\/#\\\/schema\\\/person\\\/1d9742389918a297671033a2b53d3d34\",\"name\":\"Eva Hauksd\u00f3ttir\",\"image\":{\"@type\":\"ImageObject\",\"inLanguage\":\"is\",\"@id\":\"https:\\\/\\\/secure.gravatar.com\\\/avatar\\\/3690cd9ff7436a8a5d80acdc8fcb1046fbb9e002d4b532c85080d1bcbede84ce?s=96&d=mm&r=g\",\"url\":\"https:\\\/\\\/secure.gravatar.com\\\/avatar\\\/3690cd9ff7436a8a5d80acdc8fcb1046fbb9e002d4b532c85080d1bcbede84ce?s=96&d=mm&r=g\",\"contentUrl\":\"https:\\\/\\\/secure.gravatar.com\\\/avatar\\\/3690cd9ff7436a8a5d80acdc8fcb1046fbb9e002d4b532c85080d1bcbede84ce?s=96&d=mm&r=g\",\"caption\":\"Eva Hauksd\u00f3ttir\"},\"url\":\"https:\\\/\\\/www.norn.is\\\/eva\\\/author\\\/evahauks\\\/\"}]}<\/script>\n<!-- \/ Yoast SEO plugin. -->","yoast_head_json":{"title":"Fleiri gl\u00e6pir gegn feminismanum - Eva Hauksd\u00f3ttir","robots":{"index":"index","follow":"follow","max-snippet":"max-snippet:-1","max-image-preview":"max-image-preview:large","max-video-preview":"max-video-preview:-1"},"canonical":"https:\/\/www.norn.is\/eva\/2012\/04\/26\/fleiri-glaepir-gegn-feminismanum\/","og_locale":"is_IS","og_type":"article","og_title":"Fleiri gl\u00e6pir gegn feminismanum - Eva Hauksd\u00f3ttir","og_description":"K\u00e6ri f\u00e9lagi, feminstakarl sem telur kynh\u00e1r vera merki kvennak\u00fagunar \u00c9g, f\u00e1v\u00eds kona, leita n\u00fa til \u00fe\u00edn \u00ed raunum m\u00ednum. \u00deannig er a\u00f0 \u00e9g hef \u00ed m\u00f6rg \u00e1r fjarl\u00e6gt kynh\u00e1r. M\u00e9r finnst \u00fea\u00f0 fallegt en m\u00e9r skilst a\u00f0 me\u00f0 \u00fev\u00ed a\u00f0 fjarl\u00e6gja kynh\u00e1r s\u00e9 \u00e9g a\u00f0 \u00fe\u00f3knast kap\u00edtal\u00edskum og kvenk\u00fagandi \u00fatlitskr\u00f6fum fe\u00f0raveldisins. N\u00fa er svo komi\u00f0 [&hellip;]","og_url":"https:\/\/www.norn.is\/eva\/2012\/04\/26\/fleiri-glaepir-gegn-feminismanum\/","og_site_name":"Eva Hauksd\u00f3ttir","article_published_time":"2012-04-26T08:39:00+00:00","article_modified_time":"2021-10-26T08:44:46+00:00","og_image":[{"width":564,"height":437,"url":"https:\/\/www.norn.is\/eva\/wp-content\/uploads\/sites\/36\/2012\/04\/pussycat.jpg","type":"image\/jpeg"}],"author":"Eva Hauksd\u00f3ttir","twitter_card":"summary_large_image","twitter_misc":{"Written by":false,"Est. reading time":"1 minute"},"schema":{"@context":"https:\/\/schema.org","@graph":[{"@type":"Article","@id":"https:\/\/www.norn.is\/eva\/2012\/04\/26\/fleiri-glaepir-gegn-feminismanum\/#article","isPartOf":{"@id":"https:\/\/www.norn.is\/eva\/2012\/04\/26\/fleiri-glaepir-gegn-feminismanum\/"},"author":{"name":"Eva Hauksd\u00f3ttir","@id":"https:\/\/www.norn.is\/eva\/#\/schema\/person\/1d9742389918a297671033a2b53d3d34"},"headline":"Fleiri gl\u00e6pir gegn feminismanum","datePublished":"2012-04-26T08:39:00+00:00","dateModified":"2021-10-26T08:44:46+00:00","mainEntityOfPage":{"@id":"https:\/\/www.norn.is\/eva\/2012\/04\/26\/fleiri-glaepir-gegn-feminismanum\/"},"wordCount":252,"image":{"@id":"https:\/\/www.norn.is\/eva\/2012\/04\/26\/fleiri-glaepir-gegn-feminismanum\/#primaryimage"},"thumbnailUrl":"https:\/\/www.norn.is\/eva\/wp-content\/uploads\/sites\/36\/2012\/04\/pussycat.jpg","keywords":["kynh\u00e1r","p\u00edkurakstur"],"articleSection":["Kyn &amp; kl\u00e1m"],"inLanguage":"is"},{"@type":"WebPage","@id":"https:\/\/www.norn.is\/eva\/2012\/04\/26\/fleiri-glaepir-gegn-feminismanum\/","url":"https:\/\/www.norn.is\/eva\/2012\/04\/26\/fleiri-glaepir-gegn-feminismanum\/","name":"Fleiri gl\u00e6pir gegn feminismanum - Eva Hauksd\u00f3ttir","isPartOf":{"@id":"https:\/\/www.norn.is\/eva\/#website"},"primaryImageOfPage":{"@id":"https:\/\/www.norn.is\/eva\/2012\/04\/26\/fleiri-glaepir-gegn-feminismanum\/#primaryimage"},"image":{"@id":"https:\/\/www.norn.is\/eva\/2012\/04\/26\/fleiri-glaepir-gegn-feminismanum\/#primaryimage"},"thumbnailUrl":"https:\/\/www.norn.is\/eva\/wp-content\/uploads\/sites\/36\/2012\/04\/pussycat.jpg","datePublished":"2012-04-26T08:39:00+00:00","dateModified":"2021-10-26T08:44:46+00:00","author":{"@id":"https:\/\/www.norn.is\/eva\/#\/schema\/person\/1d9742389918a297671033a2b53d3d34"},"breadcrumb":{"@id":"https:\/\/www.norn.is\/eva\/2012\/04\/26\/fleiri-glaepir-gegn-feminismanum\/#breadcrumb"},"inLanguage":"is","potentialAction":[{"@type":"ReadAction","target":["https:\/\/www.norn.is\/eva\/2012\/04\/26\/fleiri-glaepir-gegn-feminismanum\/"]}]},{"@type":"ImageObject","inLanguage":"is","@id":"https:\/\/www.norn.is\/eva\/2012\/04\/26\/fleiri-glaepir-gegn-feminismanum\/#primaryimage","url":"https:\/\/www.norn.is\/eva\/wp-content\/uploads\/sites\/36\/2012\/04\/pussycat.jpg","contentUrl":"https:\/\/www.norn.is\/eva\/wp-content\/uploads\/sites\/36\/2012\/04\/pussycat.jpg","width":564,"height":437},{"@type":"BreadcrumbList","@id":"https:\/\/www.norn.is\/eva\/2012\/04\/26\/fleiri-glaepir-gegn-feminismanum\/#breadcrumb","itemListElement":[{"@type":"ListItem","position":1,"name":"Home","item":"https:\/\/www.norn.is\/eva\/"},{"@type":"ListItem","position":2,"name":"Fleiri gl\u00e6pir gegn feminismanum"}]},{"@type":"WebSite","@id":"https:\/\/www.norn.is\/eva\/#website","url":"https:\/\/www.norn.is\/eva\/","name":"Eva Hauksd\u00f3ttir","description":"Evu blogg","potentialAction":[{"@type":"SearchAction","target":{"@type":"EntryPoint","urlTemplate":"https:\/\/www.norn.is\/eva\/?s={search_term_string}"},"query-input":{"@type":"PropertyValueSpecification","valueRequired":true,"valueName":"search_term_string"}}],"inLanguage":"is"},{"@type":"Person","@id":"https:\/\/www.norn.is\/eva\/#\/schema\/person\/1d9742389918a297671033a2b53d3d34","name":"Eva Hauksd\u00f3ttir","image":{"@type":"ImageObject","inLanguage":"is","@id":"https:\/\/secure.gravatar.com\/avatar\/3690cd9ff7436a8a5d80acdc8fcb1046fbb9e002d4b532c85080d1bcbede84ce?s=96&d=mm&r=g","url":"https:\/\/secure.gravatar.com\/avatar\/3690cd9ff7436a8a5d80acdc8fcb1046fbb9e002d4b532c85080d1bcbede84ce?s=96&d=mm&r=g","contentUrl":"https:\/\/secure.gravatar.com\/avatar\/3690cd9ff7436a8a5d80acdc8fcb1046fbb9e002d4b532c85080d1bcbede84ce?s=96&d=mm&r=g","caption":"Eva Hauksd\u00f3ttir"},"url":"https:\/\/www.norn.is\/eva\/author\/evahauks\/"}]}},"_links":{"self":[{"href":"https:\/\/www.norn.is\/eva\/wp-json\/wp\/v2\/posts\/6413","targetHints":{"allow":["GET"]}}],"collection":[{"href":"https:\/\/www.norn.is\/eva\/wp-json\/wp\/v2\/posts"}],"about":[{"href":"https:\/\/www.norn.is\/eva\/wp-json\/wp\/v2\/types\/post"}],"author":[{"embeddable":true,"href":"https:\/\/www.norn.is\/eva\/wp-json\/wp\/v2\/users\/7"}],"replies":[{"embeddable":true,"href":"https:\/\/www.norn.is\/eva\/wp-json\/wp\/v2\/comments?post=6413"}],"version-history":[{"count":1,"href":"https:\/\/www.norn.is\/eva\/wp-json\/wp\/v2\/posts\/6413\/revisions"}],"predecessor-version":[{"id":6414,"href":"https:\/\/www.norn.is\/eva\/wp-json\/wp\/v2\/posts\/6413\/revisions\/6414"}],"wp:featuredmedia":[{"embeddable":true,"href":"https:\/\/www.norn.is\/eva\/wp-json\/wp\/v2\/media\/6415"}],"wp:attachment":[{"href":"https:\/\/www.norn.is\/eva\/wp-json\/wp\/v2\/media?parent=6413"}],"wp:term":[{"taxonomy":"category","embeddable":true,"href":"https:\/\/www.norn.is\/eva\/wp-json\/wp\/v2\/categories?post=6413"},{"taxonomy":"post_tag","embeddable":true,"href":"https:\/\/www.norn.is\/eva\/wp-json\/wp\/v2\/tags?post=6413"}],"curies":[{"name":"wp","href":"https:\/\/api.w.org\/{rel}","templated":true}]}}