{"id":5821,"date":"2011-09-24T09:09:00","date_gmt":"2011-09-24T09:09:00","guid":{"rendered":"http:\/\/www.norn.is\/eva\/?p=5821"},"modified":"2021-07-11T10:40:31","modified_gmt":"2021-07-11T10:40:31","slug":"dolgalogin-og-afleidingar-theirra","status":"publish","type":"post","link":"https:\/\/www.norn.is\/eva\/2011\/09\/24\/dolgalogin-og-afleidingar-theirra\/","title":{"rendered":"D\u00f3lgal\u00f6gin og aflei\u00f0ingar \u00feeirra"},"content":{"rendered":"\n<p>\u00cd s\u00ed\u00f0ustu viku velti&nbsp;<a href=\"https:\/\/www.facebook.com\/eliashalldor\">El\u00edas Halld\u00f3r \u00c1g\u00fastsson<\/a>&nbsp;upp \u00feessari spurningu \u00e1 snj\u00e1ldurs\u00ed\u00f0u sinni:<\/p>\n\n\n\n<p>1) &nbsp; ef v\u00e6ndi ver\u00f0ur a\u00f0 fullu l\u00f6gleg starfsgrein og<br>2)&nbsp; &nbsp;ef atvinnuleysisb\u00e6tur ver\u00f0a ekki borga\u00f0ar \u00feeim sem [ekki] tekur st\u00f6rf \u00ed bo\u00f0i;<br>hl\u00fdtur hi\u00f0 opinbera \u00fe\u00e1 ekki a\u00f0 ney\u00f0a f\u00f3lk \u00ed v\u00e6ndi?&nbsp;S\u00ed\u00f0ustu tv\u00f6 \u00e1rin hef \u00e9g b\u00fai\u00f0 \u00ed Danm\u00f6rku \u00fear sem v\u00e6ndi er l\u00f6glegt (enda \u00fe\u00f3tt v\u00e6ndiskonur \u00fear kvarti mj\u00f6g undan \u00e1gangi sj\u00e1lfskipa\u00f0ra bjargv\u00e6tta sem vir\u00f0ast hafa f\u00e9lagslegt sam\u00feykki fyrir \u00fev\u00ed a\u00f0 angra f\u00f3lk sem vill ekkert me\u00f0 \u00fe\u00e6r hafa.) \u00c9g \u00feekki f\u00f3lk sem \u00e1rum saman hefur veri\u00f0 \u00e1 atvinnuleysib\u00f3tum e\u00f0a f\u00e9lagsm\u00e1lastyrk \u00ed Danm\u00f6rku. \u00ddmislegt er gert til a\u00f0 reyna a\u00f0 hj\u00e1lpa \u00feessu f\u00f3lki \u00fat \u00e1 atvinnumarka\u00f0inn og \u00fer\u00fdsta \u00e1 \u00fea\u00f0 a\u00f0 pr\u00f3fa st\u00f6rf sem \u00fea\u00f0 \u00feekkir ekki. Ekki hef \u00e9g \u00fe\u00f3 heyrt af \u00fev\u00ed a\u00f0 neinum hafi veri\u00f0 bo\u00f0i\u00f0 starf \u00e1 v\u00e6ndish\u00fasi, hva\u00f0 \u00fe\u00e1 a\u00f0 nokkur hafi veri\u00f0 \u00fevinga\u00f0ur til a\u00f0 taka sl\u00edku starfi. \u00c9g hef heldur ekki heyrt a\u00f0 neinn sem ekki hefur \u00e1huga \u00e1 \u00feungarokkst\u00f3nlist hafi veri\u00f0 \u00fevinga\u00f0ur til a\u00f0 taka a\u00f0 vinnu \u00fear sem sl\u00edk t\u00f3nlist glymur \u00ed eyrum e\u00f0a a\u00f0 f\u00f3lk sem \u00feolir ekki a\u00f0 sj\u00e1 bl\u00f3\u00f0 s\u00e9 \u00fevinga\u00f0 til a\u00f0 vinna \u00ed sl\u00e1turh\u00fasi. Sj\u00e1lf leita\u00f0i \u00e9g til atvinnumi\u00f0lunar og var spur\u00f0 hva\u00f0a st\u00f6rf \u00e9g g\u00e6ti EKKI unni\u00f0. Sag\u00f0ist helst vilja komast hj\u00e1 \u00fev\u00ed a\u00f0 aka leigub\u00edl \u00fear sem \u00e9g \u00e1 mj\u00f6g erfitt me\u00f0 a\u00f0 rata og er b\u00edlhr\u00e6dd og \u00fea\u00f0 var g\u00f3\u00f0f\u00faslega teki\u00f0 til greina. Si\u00f0menntu\u00f0 samf\u00e9l\u00f6g ney\u00f0a f\u00f3lk ekki til a\u00f0 taka vinnu sem \u00fev\u00ed l\u00ed\u00f0ur illa \u00ed, svo \u00e9g hef engar \u00e1hyggjur af \u00fev\u00ed a\u00f0 El\u00edas \u00feyrfti a\u00f0 kveikja \u00ed f\u00e9lagsm\u00e1lar\u00e1\u00f0uneytinu enda \u00fe\u00f3tt \u00cdslendingar h\u00e6ttu a\u00f0 l\u00edta \u00e1 v\u00e6ndiskonur sem ge\u00f0sj\u00faklinga sem helst \u00e6tti a\u00f0 svipta sj\u00e1lfsforr\u00e6\u00f0i.<\/p>\n\n\n\n<div class=\"wp-block-image\"><figure class=\"aligncenter size-large\"><img loading=\"lazy\" decoding=\"async\" width=\"620\" height=\"450\" src=\"http:\/\/www.norn.is\/eva\/wp-content\/uploads\/sites\/36\/2021\/07\/sexworkers-DK.jpg\" alt=\"\" class=\"wp-image-5822\" srcset=\"https:\/\/www.norn.is\/eva\/wp-content\/uploads\/sites\/36\/2021\/07\/sexworkers-DK.jpg 620w, https:\/\/www.norn.is\/eva\/wp-content\/uploads\/sites\/36\/2021\/07\/sexworkers-DK-300x218.jpg 300w\" sizes=\"auto, (max-width: 620px) 100vw, 620px\" \/><\/figure><\/div>\n\n\n\n<p class=\"has-text-align-center\"><em>H\u00e9r m\u00e1 sj\u00e1 g\u00edfurlegt \u00feakkl\u00e6ti danskra v\u00e6ndiskvenna \u00ed gar\u00f0 feminstanna sem \u00e6tla a\u00f0 hafa vit fyrir \u00feeim. \u00deess m\u00e1 geta a\u00f0 s\u00ed\u00f0ar um daginn var stafsetningarvillan lei\u00f0r\u00e9tt enda f\u00e9kk h\u00fan t\u00f6luvert meiri athygli en \u00fea\u00f0 sem m\u00e1li\u00f0 snerist um.<\/em><\/p>\n\n\n\n<p>Svo sem v\u00e6nta m\u00e1 \u00feegar kyn og kl\u00e1m er annarsvegar, haf\u00f0i spurningin \u00ed f\u00f6r me\u00f0 s\u00e9r umr\u00e6\u00f0ur og eitt af \u00fev\u00ed sem kom til tals voru \u00f3r\u00f6kstuddar fullyr\u00f0ingar um v\u00e6ndismarka\u00f0inn svo sem a\u00f0 langflestum v\u00e6ndiskonum s\u00e9 nau\u00f0ga\u00f0, \u00fe\u00e6r s\u00e9u n\u00e1nast allar f\u00edkniefnaneytendur o.s.frv. Kona nokkur benti m\u00e9r \u00e1 \u201eranns\u00f3knir\u201c sem eiga a\u00f0 s\u00fdna fram \u00e1 \u00feetta, ranns\u00f3knir unnar af \u00feeim sem standa a\u00f0&nbsp;<a href=\"http:\/\/www.prostitutionresearch.com\/prostitution_research\/000020.html\" target=\"_blank\" rel=\"noreferrer noopener\">\u00feessari s\u00ed\u00f0u<\/a>&nbsp;og ranns\u00f3knir sem byggja \u00e1 speki \u00feeirra kvenna sem halda henni \u00fati. \u00c9g hef t\u00f6luvert vi\u00f0 a\u00f0fer\u00f0afr\u00e6\u00f0i \u00feessara \u201ev\u00edsindamanna\u201c a\u00f0 athuga og reikna\u00f0i \u00ed fyrstu me\u00f0 a\u00f0 \u00feurfa a\u00f0 skrifa langa ritger\u00f0 til a\u00f0 fletta ofan af bullinu \u00ed \u00feeim en var svo heppin a\u00f0 rekast \u00e1&nbsp;<a href=\"http:\/\/web.archive.org\/web\/20060111065947\/http:\/\/www.woodhullfoundation.org\/content\/otherpublications\/WeitzerVAW-1.pdf\" target=\"_blank\" rel=\"noreferrer noopener\">\u00feessa \u00e1g\u00e6tu grein<\/a>&nbsp;eftir Ronald Weitzer. (H\u00fan birtist \u00ed t\u00edmaritinu \u201eViolence Against Women\u201c 11. \u00e1rg. 7. tbl. j\u00fal\u00ed 2005, bls:934-949.)<\/p>\n\n\n\n<div class=\"wp-block-image\"><figure class=\"aligncenter size-large\"><img loading=\"lazy\" decoding=\"async\" width=\"688\" height=\"451\" src=\"http:\/\/www.norn.is\/eva\/wp-content\/uploads\/sites\/36\/2021\/07\/sex_workers4-688x451-1.jpg\" alt=\"\" class=\"wp-image-5823\" srcset=\"https:\/\/www.norn.is\/eva\/wp-content\/uploads\/sites\/36\/2021\/07\/sex_workers4-688x451-1.jpg 688w, https:\/\/www.norn.is\/eva\/wp-content\/uploads\/sites\/36\/2021\/07\/sex_workers4-688x451-1-300x197.jpg 300w\" sizes=\"auto, (max-width: 688px) 100vw, 688px\" \/><\/figure><\/div>\n\n\n\n<p>Helstu ni\u00f0urst\u00f6\u00f0ur Weitzers eru \u00fe\u00e6r a\u00f0;<br>-Melissa Farley, samstarfsf\u00f3lk hennar og sporg\u00f6ngumenn n\u00e1lgist vi\u00f0fangsefni s\u00edn beinl\u00ednis \u00fat fr\u00e1 \u00feeirri hugmynd a\u00f0 \u00fea\u00f0 s\u00e9 \u00f3umdeilanlegt a\u00f0 v\u00e6ndi s\u00e9 \u00ed \u00f6llum tilvikum k\u00fagun karla \u00e1 konum.<br>-Or\u00f0r\u00e6\u00f0a \u00feeirra beri vott um a\u00f0 ranns\u00f3knum \u00feeirra s\u00e9 fremur \u00e6tla\u00f0 a\u00f0 afla sko\u00f0unum \u00feeirra fylgis en a\u00f0 gefa raunh\u00e6fa mynd af veruleikanum.<br>-A\u00f0fer\u00f0ir \u00feeirra standist engan veginn v\u00edsindalegar kr\u00f6fur og \u00fear me\u00f0 s\u00e9u ni\u00f0urst\u00f6\u00f0urnar ekki markt\u00e6kar.<br>-T\u00falkun ni\u00f0ursta\u00f0na s\u00e9 s\u00f6mulei\u00f0is vafas\u00f6m.<br>M.\u00f6.o. \u00feessar konur eru f\u00faskarar og \u201eranns\u00f3knir\u201c \u00feeirra eiga meira skylt vi\u00f0 sk\u00e1ldskap en v\u00edsindi.<\/p>\n\n\n\n<p>\u00dea\u00f0 skal teki\u00f0 fram a\u00f0 Ronald Weitzer er ekki neinn s\u00e9rlegur bar\u00e1ttuma\u00f0ur fyrir l\u00f6glei\u00f0ingu kl\u00e1ms og v\u00e6ndis, hann hefur einnig gagnr\u00fdnt \u00f3vanda\u00f0ar ranns\u00f3knir \u00fear sem dregin er upp glansmynd af \u00feessum \u00fe\u00e1ttum menningarinnar. Hann er fyrst og fremst fr\u00e6\u00f0ima\u00f0ur sem gerir \u00fe\u00e1 kr\u00f6fu til f\u00f3lks sem heldur einhverju fram sem v\u00edsindum a\u00f0 \u00fea\u00f0 vinni eins og v\u00edsindamenn en ekki grunnsk\u00f3lanemar.<\/p>\n\n\n\n<p>N\u00fa eru \u00feessar konur (sem \u00fer\u00e1tt fyrir a\u00f0 vera ekkert anna\u00f0 en f\u00faskarar, nj\u00f3ta \u00f3skiljanlegrar vir\u00f0ingar me\u00f0al d\u00f3lgafeminista,) ekkert a\u00f0 reyna a\u00f0 fela \u00e1setning sinn. \u00de\u00e6r taka sj\u00e1lfar fram a\u00f0 \u00fe\u00e6r vinni \u00fat fr\u00e1 feminisku sj\u00f3narhorni og \u00fea\u00f0 er \u00ed sj\u00e1lfu s\u00e9r allt \u00ed lagi. \u00c9g held a\u00f0 hlutlaus v\u00edsindama\u00f0ur s\u00e9 ekki til. \u00c1st\u00e6\u00f0an fyrir \u00fev\u00ed a\u00f0 menn vilja rannsaka tilteki\u00f0 efni er s\u00fa a\u00f0 \u00feeim finnst \u00fea\u00f0 \u00e1hugavert, hafa kynnt s\u00e9r \u00fea\u00f0 og eru me\u00f0 tilg\u00e1tu \u00ed huga. \u00dea\u00f0 er ekkert leyndarm\u00e1l og bara gott m\u00e1l a\u00f0 \u00fea\u00f0 komi fram. En \u00fea\u00f0 a\u00f0 menn hafi \u00e1kve\u00f0na tilg\u00e1tu \u00ed huga, gefur \u00feeim hinsvegar ekki leyfi til a\u00f0 sni\u00f0ganga v\u00edsindalegar a\u00f0fer\u00f0ir en kynna samt ni\u00f0urst\u00f6\u00f0ur s\u00ednar sem v\u00edsindi.<\/p>\n\n\n\n<div class=\"wp-block-image\"><figure class=\"alignleft size-large\"><img loading=\"lazy\" decoding=\"async\" width=\"275\" height=\"183\" src=\"http:\/\/www.norn.is\/eva\/wp-content\/uploads\/sites\/36\/2021\/07\/Liv-Jessen.jpg\" alt=\"\" class=\"wp-image-5824\"\/><\/figure><\/div>\n\n\n\n<p>\u00c9g hafna a\u00f0 sj\u00e1lfs\u00f6g\u00f0u \u201eranns\u00f3knum\u201c \u00e1 bor\u00f0 vi\u00f0<a href=\"http:\/\/www.prostitutionresearch.com\/prostitution_research\/000020.html\" target=\"_blank\" rel=\"noreferrer noopener\">&nbsp;\u00feessar<\/a>&nbsp;en s\u00fa sem m\u00e6lir me\u00f0 \u00feessu lesefni, benti m\u00e9r einnig \u00e1<a href=\"http:\/\/www.psupress.org\/books\/titles\/0-271-00877-6.html\" target=\"_blank\" rel=\"noreferrer noopener\">&nbsp;norska ranns\u00f3kn<\/a>&nbsp;sem Cecilie H\u00f8ig\u00e5rd og Liv Finstad unnu og kom fyrst \u00far 1986. \u00c9g hef ekki fundi\u00f0 neitt um ranns\u00f3knir Cecilie H\u00f8ig\u00e5rd og Liv Finstad \u00e1 netinu fyrir utan \u00f6rf\u00e1ar tilvitnanir \u00ed b\u00f3kina. \u00dea\u00f0 a\u00f0 s\u00f6mu konur og Ronald Weitzer gagnr\u00fdnir, skuli lofa b\u00f3kina \u00ed h\u00e1stert, vekur \u00fe\u00f3 grun a\u00f0 h\u00e9r s\u00e9u jafnvel \u00e1 fer\u00f0inni \u00e1l\u00edka vanda\u00f0ir fr\u00e6\u00f0imenn og enn styrkist s\u00e1 grunur \u00feegar \u00ed lj\u00f3s kemur a\u00f0&nbsp;<a href=\"http:\/\/www.walnet.org\/csis\/groups\/icrse\/brussels-2005\/SWRights-HumanRights.pdf\" target=\"_blank\" rel=\"noreferrer noopener\">Liv Jessen<\/a>&nbsp;hefur gagnr\u00fdnt hana.<\/p>\n\n\n\n<p>Liv Jessen var \u00ed bjargv\u00e6ttali\u00f0inu. Afsta\u00f0a hennar gerbreyttist \u00feegar h\u00fan f\u00f3r a\u00f0 hlusta \u00e1 konur \u00ed kynl\u00edfs\u00fej\u00f3nustu og \u00e1tta\u00f0i sig \u00e1 \u00fev\u00ed a\u00f0 \u00feeirra reynsla var ekki \u00ed neinu samr\u00e6mi vi\u00f0 \u00edmynd r\u00f3tt\u00e6kra feminsta. \u00c1ri\u00f0 2004 hlaut h\u00fan mannr\u00e9ttindaver\u00f0laun Amnesty fyrir bar\u00e1ttu s\u00edna fyrir r\u00e9ttindum v\u00e6ndiskvenna. \u00deetta var \u00ed fyrsta sinn sem Amnesty vi\u00f0urkennir mannr\u00e9ttindi v\u00e6ndiskvenna \u00e1 \u00feann h\u00e1tt.<\/p>\n\n\n\n<p><\/p>\n","protected":false},"excerpt":{"rendered":"<p>\u00cd s\u00ed\u00f0ustu viku velti&nbsp;El\u00edas Halld\u00f3r \u00c1g\u00fastsson&nbsp;upp \u00feessari spurningu \u00e1 snj\u00e1ldurs\u00ed\u00f0u sinni: 1) &nbsp; ef v\u00e6ndi ver\u00f0ur a\u00f0 fullu l\u00f6gleg starfsgrein og2)&nbsp; &nbsp;ef atvinnuleysisb\u00e6tur ver\u00f0a ekki borga\u00f0ar \u00feeim sem [ekki] tekur st\u00f6rf \u00ed bo\u00f0i;hl\u00fdtur hi\u00f0 opinbera \u00fe\u00e1 ekki a\u00f0 ney\u00f0a f\u00f3lk \u00ed v\u00e6ndi?&nbsp;S\u00ed\u00f0ustu tv\u00f6 \u00e1rin hef \u00e9g b\u00fai\u00f0 \u00ed Danm\u00f6rku \u00fear sem v\u00e6ndi er l\u00f6glegt (enda [&hellip;]<\/p>\n","protected":false},"author":7,"featured_media":5827,"comment_status":"closed","ping_status":"open","sticky":false,"template":"","format":"standard","meta":{"_et_pb_use_builder":"off","_et_pb_old_content":"","_et_gb_content_width":"","footnotes":""},"categories":[5,1042],"tags":[214,216,131],"class_list":["post-5821","post","type-post","status-publish","format-standard","has-post-thumbnail","hentry","category-kyn-klam","category-kynlifsidnadur","tag-gervivisindi","tag-kynlifsthjonusta","tag-saenska-leidin","et-has-post-format-content","et_post_format-et-post-format-standard"],"yoast_head":"<!-- This site is optimized with the Yoast SEO plugin v27.5 - https:\/\/yoast.com\/product\/yoast-seo-wordpress\/ -->\n<title>D\u00f3lgal\u00f6gin og aflei\u00f0ingar \u00feeirra - Eva Hauksd\u00f3ttir<\/title>\n<meta name=\"robots\" content=\"index, follow, max-snippet:-1, max-image-preview:large, max-video-preview:-1\" \/>\n<link rel=\"canonical\" href=\"https:\/\/www.norn.is\/eva\/2011\/09\/24\/dolgalogin-og-afleidingar-theirra\/\" \/>\n<meta property=\"og:locale\" content=\"is_IS\" \/>\n<meta property=\"og:type\" content=\"article\" \/>\n<meta property=\"og:title\" content=\"D\u00f3lgal\u00f6gin og aflei\u00f0ingar \u00feeirra - Eva Hauksd\u00f3ttir\" \/>\n<meta property=\"og:description\" content=\"\u00cd s\u00ed\u00f0ustu viku velti&nbsp;El\u00edas Halld\u00f3r \u00c1g\u00fastsson&nbsp;upp \u00feessari spurningu \u00e1 snj\u00e1ldurs\u00ed\u00f0u sinni: 1) &nbsp; ef v\u00e6ndi ver\u00f0ur a\u00f0 fullu l\u00f6gleg starfsgrein og2)&nbsp; &nbsp;ef atvinnuleysisb\u00e6tur ver\u00f0a ekki borga\u00f0ar \u00feeim sem [ekki] tekur st\u00f6rf \u00ed bo\u00f0i;hl\u00fdtur hi\u00f0 opinbera \u00fe\u00e1 ekki a\u00f0 ney\u00f0a f\u00f3lk \u00ed v\u00e6ndi?&nbsp;S\u00ed\u00f0ustu tv\u00f6 \u00e1rin hef \u00e9g b\u00fai\u00f0 \u00ed Danm\u00f6rku \u00fear sem v\u00e6ndi er l\u00f6glegt (enda [&hellip;]\" \/>\n<meta property=\"og:url\" content=\"https:\/\/www.norn.is\/eva\/2011\/09\/24\/dolgalogin-og-afleidingar-theirra\/\" \/>\n<meta property=\"og:site_name\" content=\"Eva Hauksd\u00f3ttir\" \/>\n<meta property=\"article:published_time\" content=\"2011-09-24T09:09:00+00:00\" \/>\n<meta property=\"article:modified_time\" content=\"2021-07-11T10:40:31+00:00\" \/>\n<meta property=\"og:image\" content=\"https:\/\/www.norn.is\/eva\/wp-content\/uploads\/sites\/36\/2011\/09\/turn-off-the-blue-light-1-scaled.jpg\" \/>\n\t<meta property=\"og:image:width\" content=\"2560\" \/>\n\t<meta property=\"og:image:height\" content=\"1440\" \/>\n\t<meta property=\"og:image:type\" content=\"image\/jpeg\" \/>\n<meta name=\"author\" content=\"Eva Hauksd\u00f3ttir\" \/>\n<meta name=\"twitter:card\" content=\"summary_large_image\" \/>\n<meta name=\"twitter:label1\" content=\"Written by\" \/>\n\t<meta name=\"twitter:data1\" content=\"\" \/>\n\t<meta name=\"twitter:label2\" content=\"Est. reading time\" \/>\n\t<meta name=\"twitter:data2\" content=\"5 minutes\" \/>\n<script type=\"application\/ld+json\" class=\"yoast-schema-graph\">{\"@context\":\"https:\\\/\\\/schema.org\",\"@graph\":[{\"@type\":\"Article\",\"@id\":\"https:\\\/\\\/www.norn.is\\\/eva\\\/2011\\\/09\\\/24\\\/dolgalogin-og-afleidingar-theirra\\\/#article\",\"isPartOf\":{\"@id\":\"https:\\\/\\\/www.norn.is\\\/eva\\\/2011\\\/09\\\/24\\\/dolgalogin-og-afleidingar-theirra\\\/\"},\"author\":{\"name\":\"Eva Hauksd\u00f3ttir\",\"@id\":\"https:\\\/\\\/www.norn.is\\\/eva\\\/#\\\/schema\\\/person\\\/1d9742389918a297671033a2b53d3d34\"},\"headline\":\"D\u00f3lgal\u00f6gin og aflei\u00f0ingar \u00feeirra\",\"datePublished\":\"2011-09-24T09:09:00+00:00\",\"dateModified\":\"2021-07-11T10:40:31+00:00\",\"mainEntityOfPage\":{\"@id\":\"https:\\\/\\\/www.norn.is\\\/eva\\\/2011\\\/09\\\/24\\\/dolgalogin-og-afleidingar-theirra\\\/\"},\"wordCount\":1095,\"image\":{\"@id\":\"https:\\\/\\\/www.norn.is\\\/eva\\\/2011\\\/09\\\/24\\\/dolgalogin-og-afleidingar-theirra\\\/#primaryimage\"},\"thumbnailUrl\":\"https:\\\/\\\/www.norn.is\\\/eva\\\/wp-content\\\/uploads\\\/sites\\\/36\\\/2011\\\/09\\\/turn-off-the-blue-light-1-scaled.jpg\",\"keywords\":[\"gerviv\u00edsindi\",\"kynl\u00edfs\u00fej\u00f3nusta\",\"s\u00e6nska lei\u00f0in\"],\"articleSection\":[\"Kyn &amp; kl\u00e1m\",\"Kynl\u00edfsi\u00f0na\u00f0ur\"],\"inLanguage\":\"is\"},{\"@type\":\"WebPage\",\"@id\":\"https:\\\/\\\/www.norn.is\\\/eva\\\/2011\\\/09\\\/24\\\/dolgalogin-og-afleidingar-theirra\\\/\",\"url\":\"https:\\\/\\\/www.norn.is\\\/eva\\\/2011\\\/09\\\/24\\\/dolgalogin-og-afleidingar-theirra\\\/\",\"name\":\"D\u00f3lgal\u00f6gin og aflei\u00f0ingar \u00feeirra - Eva Hauksd\u00f3ttir\",\"isPartOf\":{\"@id\":\"https:\\\/\\\/www.norn.is\\\/eva\\\/#website\"},\"primaryImageOfPage\":{\"@id\":\"https:\\\/\\\/www.norn.is\\\/eva\\\/2011\\\/09\\\/24\\\/dolgalogin-og-afleidingar-theirra\\\/#primaryimage\"},\"image\":{\"@id\":\"https:\\\/\\\/www.norn.is\\\/eva\\\/2011\\\/09\\\/24\\\/dolgalogin-og-afleidingar-theirra\\\/#primaryimage\"},\"thumbnailUrl\":\"https:\\\/\\\/www.norn.is\\\/eva\\\/wp-content\\\/uploads\\\/sites\\\/36\\\/2011\\\/09\\\/turn-off-the-blue-light-1-scaled.jpg\",\"datePublished\":\"2011-09-24T09:09:00+00:00\",\"dateModified\":\"2021-07-11T10:40:31+00:00\",\"author\":{\"@id\":\"https:\\\/\\\/www.norn.is\\\/eva\\\/#\\\/schema\\\/person\\\/1d9742389918a297671033a2b53d3d34\"},\"breadcrumb\":{\"@id\":\"https:\\\/\\\/www.norn.is\\\/eva\\\/2011\\\/09\\\/24\\\/dolgalogin-og-afleidingar-theirra\\\/#breadcrumb\"},\"inLanguage\":\"is\",\"potentialAction\":[{\"@type\":\"ReadAction\",\"target\":[\"https:\\\/\\\/www.norn.is\\\/eva\\\/2011\\\/09\\\/24\\\/dolgalogin-og-afleidingar-theirra\\\/\"]}]},{\"@type\":\"ImageObject\",\"inLanguage\":\"is\",\"@id\":\"https:\\\/\\\/www.norn.is\\\/eva\\\/2011\\\/09\\\/24\\\/dolgalogin-og-afleidingar-theirra\\\/#primaryimage\",\"url\":\"https:\\\/\\\/www.norn.is\\\/eva\\\/wp-content\\\/uploads\\\/sites\\\/36\\\/2011\\\/09\\\/turn-off-the-blue-light-1-scaled.jpg\",\"contentUrl\":\"https:\\\/\\\/www.norn.is\\\/eva\\\/wp-content\\\/uploads\\\/sites\\\/36\\\/2011\\\/09\\\/turn-off-the-blue-light-1-scaled.jpg\",\"width\":2560,\"height\":1440},{\"@type\":\"BreadcrumbList\",\"@id\":\"https:\\\/\\\/www.norn.is\\\/eva\\\/2011\\\/09\\\/24\\\/dolgalogin-og-afleidingar-theirra\\\/#breadcrumb\",\"itemListElement\":[{\"@type\":\"ListItem\",\"position\":1,\"name\":\"Home\",\"item\":\"https:\\\/\\\/www.norn.is\\\/eva\\\/\"},{\"@type\":\"ListItem\",\"position\":2,\"name\":\"D\u00f3lgal\u00f6gin og aflei\u00f0ingar \u00feeirra\"}]},{\"@type\":\"WebSite\",\"@id\":\"https:\\\/\\\/www.norn.is\\\/eva\\\/#website\",\"url\":\"https:\\\/\\\/www.norn.is\\\/eva\\\/\",\"name\":\"Eva Hauksd\u00f3ttir\",\"description\":\"Evu blogg\",\"potentialAction\":[{\"@type\":\"SearchAction\",\"target\":{\"@type\":\"EntryPoint\",\"urlTemplate\":\"https:\\\/\\\/www.norn.is\\\/eva\\\/?s={search_term_string}\"},\"query-input\":{\"@type\":\"PropertyValueSpecification\",\"valueRequired\":true,\"valueName\":\"search_term_string\"}}],\"inLanguage\":\"is\"},{\"@type\":\"Person\",\"@id\":\"https:\\\/\\\/www.norn.is\\\/eva\\\/#\\\/schema\\\/person\\\/1d9742389918a297671033a2b53d3d34\",\"name\":\"Eva Hauksd\u00f3ttir\",\"image\":{\"@type\":\"ImageObject\",\"inLanguage\":\"is\",\"@id\":\"https:\\\/\\\/secure.gravatar.com\\\/avatar\\\/3690cd9ff7436a8a5d80acdc8fcb1046fbb9e002d4b532c85080d1bcbede84ce?s=96&d=mm&r=g\",\"url\":\"https:\\\/\\\/secure.gravatar.com\\\/avatar\\\/3690cd9ff7436a8a5d80acdc8fcb1046fbb9e002d4b532c85080d1bcbede84ce?s=96&d=mm&r=g\",\"contentUrl\":\"https:\\\/\\\/secure.gravatar.com\\\/avatar\\\/3690cd9ff7436a8a5d80acdc8fcb1046fbb9e002d4b532c85080d1bcbede84ce?s=96&d=mm&r=g\",\"caption\":\"Eva Hauksd\u00f3ttir\"},\"url\":\"https:\\\/\\\/www.norn.is\\\/eva\\\/author\\\/evahauks\\\/\"}]}<\/script>\n<!-- \/ Yoast SEO plugin. -->","yoast_head_json":{"title":"D\u00f3lgal\u00f6gin og aflei\u00f0ingar \u00feeirra - Eva Hauksd\u00f3ttir","robots":{"index":"index","follow":"follow","max-snippet":"max-snippet:-1","max-image-preview":"max-image-preview:large","max-video-preview":"max-video-preview:-1"},"canonical":"https:\/\/www.norn.is\/eva\/2011\/09\/24\/dolgalogin-og-afleidingar-theirra\/","og_locale":"is_IS","og_type":"article","og_title":"D\u00f3lgal\u00f6gin og aflei\u00f0ingar \u00feeirra - Eva Hauksd\u00f3ttir","og_description":"\u00cd s\u00ed\u00f0ustu viku velti&nbsp;El\u00edas Halld\u00f3r \u00c1g\u00fastsson&nbsp;upp \u00feessari spurningu \u00e1 snj\u00e1ldurs\u00ed\u00f0u sinni: 1) &nbsp; ef v\u00e6ndi ver\u00f0ur a\u00f0 fullu l\u00f6gleg starfsgrein og2)&nbsp; &nbsp;ef atvinnuleysisb\u00e6tur ver\u00f0a ekki borga\u00f0ar \u00feeim sem [ekki] tekur st\u00f6rf \u00ed bo\u00f0i;hl\u00fdtur hi\u00f0 opinbera \u00fe\u00e1 ekki a\u00f0 ney\u00f0a f\u00f3lk \u00ed v\u00e6ndi?&nbsp;S\u00ed\u00f0ustu tv\u00f6 \u00e1rin hef \u00e9g b\u00fai\u00f0 \u00ed Danm\u00f6rku \u00fear sem v\u00e6ndi er l\u00f6glegt (enda [&hellip;]","og_url":"https:\/\/www.norn.is\/eva\/2011\/09\/24\/dolgalogin-og-afleidingar-theirra\/","og_site_name":"Eva Hauksd\u00f3ttir","article_published_time":"2011-09-24T09:09:00+00:00","article_modified_time":"2021-07-11T10:40:31+00:00","og_image":[{"width":2560,"height":1440,"url":"https:\/\/www.norn.is\/eva\/wp-content\/uploads\/sites\/36\/2011\/09\/turn-off-the-blue-light-1-scaled.jpg","type":"image\/jpeg"}],"author":"Eva Hauksd\u00f3ttir","twitter_card":"summary_large_image","twitter_misc":{"Written by":false,"Est. reading time":"5 minutes"},"schema":{"@context":"https:\/\/schema.org","@graph":[{"@type":"Article","@id":"https:\/\/www.norn.is\/eva\/2011\/09\/24\/dolgalogin-og-afleidingar-theirra\/#article","isPartOf":{"@id":"https:\/\/www.norn.is\/eva\/2011\/09\/24\/dolgalogin-og-afleidingar-theirra\/"},"author":{"name":"Eva Hauksd\u00f3ttir","@id":"https:\/\/www.norn.is\/eva\/#\/schema\/person\/1d9742389918a297671033a2b53d3d34"},"headline":"D\u00f3lgal\u00f6gin og aflei\u00f0ingar \u00feeirra","datePublished":"2011-09-24T09:09:00+00:00","dateModified":"2021-07-11T10:40:31+00:00","mainEntityOfPage":{"@id":"https:\/\/www.norn.is\/eva\/2011\/09\/24\/dolgalogin-og-afleidingar-theirra\/"},"wordCount":1095,"image":{"@id":"https:\/\/www.norn.is\/eva\/2011\/09\/24\/dolgalogin-og-afleidingar-theirra\/#primaryimage"},"thumbnailUrl":"https:\/\/www.norn.is\/eva\/wp-content\/uploads\/sites\/36\/2011\/09\/turn-off-the-blue-light-1-scaled.jpg","keywords":["gerviv\u00edsindi","kynl\u00edfs\u00fej\u00f3nusta","s\u00e6nska lei\u00f0in"],"articleSection":["Kyn &amp; kl\u00e1m","Kynl\u00edfsi\u00f0na\u00f0ur"],"inLanguage":"is"},{"@type":"WebPage","@id":"https:\/\/www.norn.is\/eva\/2011\/09\/24\/dolgalogin-og-afleidingar-theirra\/","url":"https:\/\/www.norn.is\/eva\/2011\/09\/24\/dolgalogin-og-afleidingar-theirra\/","name":"D\u00f3lgal\u00f6gin og aflei\u00f0ingar \u00feeirra - Eva Hauksd\u00f3ttir","isPartOf":{"@id":"https:\/\/www.norn.is\/eva\/#website"},"primaryImageOfPage":{"@id":"https:\/\/www.norn.is\/eva\/2011\/09\/24\/dolgalogin-og-afleidingar-theirra\/#primaryimage"},"image":{"@id":"https:\/\/www.norn.is\/eva\/2011\/09\/24\/dolgalogin-og-afleidingar-theirra\/#primaryimage"},"thumbnailUrl":"https:\/\/www.norn.is\/eva\/wp-content\/uploads\/sites\/36\/2011\/09\/turn-off-the-blue-light-1-scaled.jpg","datePublished":"2011-09-24T09:09:00+00:00","dateModified":"2021-07-11T10:40:31+00:00","author":{"@id":"https:\/\/www.norn.is\/eva\/#\/schema\/person\/1d9742389918a297671033a2b53d3d34"},"breadcrumb":{"@id":"https:\/\/www.norn.is\/eva\/2011\/09\/24\/dolgalogin-og-afleidingar-theirra\/#breadcrumb"},"inLanguage":"is","potentialAction":[{"@type":"ReadAction","target":["https:\/\/www.norn.is\/eva\/2011\/09\/24\/dolgalogin-og-afleidingar-theirra\/"]}]},{"@type":"ImageObject","inLanguage":"is","@id":"https:\/\/www.norn.is\/eva\/2011\/09\/24\/dolgalogin-og-afleidingar-theirra\/#primaryimage","url":"https:\/\/www.norn.is\/eva\/wp-content\/uploads\/sites\/36\/2011\/09\/turn-off-the-blue-light-1-scaled.jpg","contentUrl":"https:\/\/www.norn.is\/eva\/wp-content\/uploads\/sites\/36\/2011\/09\/turn-off-the-blue-light-1-scaled.jpg","width":2560,"height":1440},{"@type":"BreadcrumbList","@id":"https:\/\/www.norn.is\/eva\/2011\/09\/24\/dolgalogin-og-afleidingar-theirra\/#breadcrumb","itemListElement":[{"@type":"ListItem","position":1,"name":"Home","item":"https:\/\/www.norn.is\/eva\/"},{"@type":"ListItem","position":2,"name":"D\u00f3lgal\u00f6gin og aflei\u00f0ingar \u00feeirra"}]},{"@type":"WebSite","@id":"https:\/\/www.norn.is\/eva\/#website","url":"https:\/\/www.norn.is\/eva\/","name":"Eva Hauksd\u00f3ttir","description":"Evu blogg","potentialAction":[{"@type":"SearchAction","target":{"@type":"EntryPoint","urlTemplate":"https:\/\/www.norn.is\/eva\/?s={search_term_string}"},"query-input":{"@type":"PropertyValueSpecification","valueRequired":true,"valueName":"search_term_string"}}],"inLanguage":"is"},{"@type":"Person","@id":"https:\/\/www.norn.is\/eva\/#\/schema\/person\/1d9742389918a297671033a2b53d3d34","name":"Eva Hauksd\u00f3ttir","image":{"@type":"ImageObject","inLanguage":"is","@id":"https:\/\/secure.gravatar.com\/avatar\/3690cd9ff7436a8a5d80acdc8fcb1046fbb9e002d4b532c85080d1bcbede84ce?s=96&d=mm&r=g","url":"https:\/\/secure.gravatar.com\/avatar\/3690cd9ff7436a8a5d80acdc8fcb1046fbb9e002d4b532c85080d1bcbede84ce?s=96&d=mm&r=g","contentUrl":"https:\/\/secure.gravatar.com\/avatar\/3690cd9ff7436a8a5d80acdc8fcb1046fbb9e002d4b532c85080d1bcbede84ce?s=96&d=mm&r=g","caption":"Eva Hauksd\u00f3ttir"},"url":"https:\/\/www.norn.is\/eva\/author\/evahauks\/"}]}},"_links":{"self":[{"href":"https:\/\/www.norn.is\/eva\/wp-json\/wp\/v2\/posts\/5821","targetHints":{"allow":["GET"]}}],"collection":[{"href":"https:\/\/www.norn.is\/eva\/wp-json\/wp\/v2\/posts"}],"about":[{"href":"https:\/\/www.norn.is\/eva\/wp-json\/wp\/v2\/types\/post"}],"author":[{"embeddable":true,"href":"https:\/\/www.norn.is\/eva\/wp-json\/wp\/v2\/users\/7"}],"replies":[{"embeddable":true,"href":"https:\/\/www.norn.is\/eva\/wp-json\/wp\/v2\/comments?post=5821"}],"version-history":[{"count":2,"href":"https:\/\/www.norn.is\/eva\/wp-json\/wp\/v2\/posts\/5821\/revisions"}],"predecessor-version":[{"id":5828,"href":"https:\/\/www.norn.is\/eva\/wp-json\/wp\/v2\/posts\/5821\/revisions\/5828"}],"wp:featuredmedia":[{"embeddable":true,"href":"https:\/\/www.norn.is\/eva\/wp-json\/wp\/v2\/media\/5827"}],"wp:attachment":[{"href":"https:\/\/www.norn.is\/eva\/wp-json\/wp\/v2\/media?parent=5821"}],"wp:term":[{"taxonomy":"category","embeddable":true,"href":"https:\/\/www.norn.is\/eva\/wp-json\/wp\/v2\/categories?post=5821"},{"taxonomy":"post_tag","embeddable":true,"href":"https:\/\/www.norn.is\/eva\/wp-json\/wp\/v2\/tags?post=5821"}],"curies":[{"name":"wp","href":"https:\/\/api.w.org\/{rel}","templated":true}]}}