{"id":5588,"date":"2011-03-27T07:02:00","date_gmt":"2011-03-27T07:02:00","guid":{"rendered":"http:\/\/www.norn.is\/eva\/?p=5588"},"modified":"2021-07-11T14:52:59","modified_gmt":"2021-07-11T14:52:59","slug":"og-ef-vid-skodum-onnur-netskrif-en-politisk","status":"publish","type":"post","link":"https:\/\/www.norn.is\/eva\/2011\/03\/27\/og-ef-vid-skodum-onnur-netskrif-en-politisk\/","title":{"rendered":"Og ef vi\u00f0 sko\u00f0um \u00f6nnur netskrif en p\u00f3lit\u00edsk \u2026"},"content":{"rendered":"\n<p>\u00de\u00e1tttaka kvenna \u00ed skrifum og umr\u00e6\u00f0um \u00e1 p\u00f3lit\u00edskum netmi\u00f0lum segir l\u00edklega eitthva\u00f0 um \u00e1huga kvenna \u00e1 p\u00f3lit\u00edk. \u00deeir gefa hinsvegar ekki g\u00f3\u00f0a mynd af skrifum kvenna almennt. \u00c9g velti \u00fev\u00ed fyrir m\u00e9r hvort skrifandi konur v\u00e6ru kannski \u00fer\u00e1tt fyrir allt jafn margar k\u00f6rkunum, svona ef ma\u00f0ur sko\u00f0a\u00f0i a\u00f0ra mi\u00f0la en \u00fe\u00e1 p\u00f3lit\u00edsku.&nbsp;Kannski \u00e6ttu \u00fatgefendur og fj\u00f6lmi\u00f0lar eftir allt saman s\u00f6k \u00e1 \u00fev\u00ed a\u00f0 \u00fatgefin verk karla eru \u00ed meirihluta.<\/p>\n\n\n\n<p>\u00c9g leit \u00e1 Pressuna. Taldi 66 konur \u00e1 m\u00f3ti 89 k\u00f6rlum. Sums\u00e9 42% konur. Reyndar hefur meirihluti Pressupenna veri\u00f0 \u00f3virkur e\u00f0a l\u00edtt virkur allt \u00feetta \u00e1r og \u00e9g fann ekki yfirlit yfir virka penna. \u00dea\u00f0 hef\u00f0i or\u00f0i\u00f0 dagsverk a\u00f0 flokka alla penna eftir virkni og n\u00fdjustu bloggin sem v\u00edsa\u00f0 er \u00ed \u00e1 fors\u00ed\u00f0unni segja kannski ekki n\u00f3gu miki\u00f0 en \u00fear eru 2 eftir konur, 6 eftir karla.<\/p>\n\n\n\n<p>Eyjan: Arg, \u00fea\u00f0 er n\u00fa ekki alveg a\u00f0 marka. \u00dea\u00f0 voru svo margar konur sem f\u00f3ru \u00fea\u00f0an vi\u00f0 eigendaskiptin. En ef ma\u00f0ur sko\u00f0ar virka penna s\u00ed\u00f0ustu 6 m\u00e1nu\u00f0i s\u00e9st a\u00f0 konur hafa veri\u00f0 um 37% virkra penna \u00e1 \u00feessum t\u00edma.<\/p>\n\n\n\n<div class=\"wp-block-image\"><figure class=\"alignleft size-large\"><img loading=\"lazy\" decoding=\"async\" width=\"490\" height=\"266\" src=\"http:\/\/www.norn.is\/eva\/wp-content\/uploads\/sites\/36\/2021\/07\/fornarlamb2.png\" alt=\"\" class=\"wp-image-5589\" srcset=\"https:\/\/www.norn.is\/eva\/wp-content\/uploads\/sites\/36\/2021\/07\/fornarlamb2.png 490w, https:\/\/www.norn.is\/eva\/wp-content\/uploads\/sites\/36\/2021\/07\/fornarlamb2-300x163.png 300w\" sizes=\"auto, (max-width: 490px) 100vw, 490px\" \/><\/figure><\/div>\n\n\n\n<p>Bloggg\u00e1ttin: Kannski segir vins\u00e6ldalistinn ekki miki\u00f0 um fj\u00f6lda kvenna svo ef ma\u00f0ur sko\u00f0ar bara birtar f\u00e6rslur, \u00fe\u00e1 l\u00edtur dagurinn \u00ed dag \u00feannig \u00fat (ef \u00e9g tek eing\u00f6ngu \u00feau blogg \u00fear sem nafn h\u00f6fundar kemur fram \u00e1 g\u00e1ttinni) a\u00f0 karlar eru 35 \u00e1 m\u00f3ti 7 konum. 8 ef vi\u00f0 sl\u00e1um \u00fev\u00ed f\u00f6stu a\u00f0 konur skrifi fyrir Pjattr\u00f3furnar. \u00deetta er bara einn dagur og gefur ekki g\u00f3\u00f0a mynd en \u00fe\u00f3 v\u00edsbendingu um a\u00f0 konur s\u00e9u \u00ed greinilegum minnihluta. Ef vi\u00f0 sko\u00f0um fj\u00f6lda f\u00e6rslna (sumir birta margar \u00e1 dag) koma konur enn verr \u00fat.<\/p>\n\n\n\n<p>Hlutfall \u00feeirra kvenna sem blogga \u00e1 mi\u00f0lum sem ekki kenna sig s\u00e9rstaklega vi\u00f0 p\u00f3lit\u00edk e\u00f0a grasr\u00f3tarstarf, vir\u00f0ist \u00fev\u00ed \u00ed flj\u00f3tu brag\u00f0i vera svipa\u00f0, ef ekki l\u00e6gra en hlutfall \u00feeirra kvenna sem gefa \u00fat b\u00e6kur. \u00c9g leyfi m\u00e9r \u00fev\u00ed a\u00f0 setja fram \u00fe\u00e1 tilg\u00e1tu a\u00f0 konur anna\u00f0hvort skrifi minna en karlar e\u00f0a s\u00e9u \u00f3l\u00edklegri til a\u00f0 birta skrif s\u00edn opinberlega.<\/p>\n\n\n\n<p>Sk\u00fdringanna \u00e1 l\u00e1gu hlutfalli kvenna \u00ed samf\u00e9lagsumr\u00e6\u00f0u er ekki a\u00f0 leita \u00ed a\u00f0gengi a\u00f0 fj\u00f6lmi\u00f0lum. Sk\u00fdringanna \u00e1 l\u00e1gu hlutfalli \u00fatgefinna verka eftir konur er heldur ekki a\u00f0 leita \u00ed a\u00f0gengi a\u00f0 fj\u00f6lmi\u00f0lum og \u00f3l\u00edklega \u00ed karlrembu b\u00f3ka\u00fatgefenda. Varla eru konur h\u00e6fileikalausari en karlar.<\/p>\n\n\n\n<p>M\u00edn kenning er s\u00fa a\u00f0 konur hafi einfaldlega minni \u00e1huga \u00e1 a\u00f0 birta verk s\u00edn, jafnvel minni \u00e1huga \u00e1 a\u00f0 skrifa en karlar. \u00c9g er ekkert sannf\u00e6r\u00f0 um a\u00f0 \u00fea\u00f0 s\u00e9 vandam\u00e1l en athyglisvert er \u00fea\u00f0 og mig langar a\u00f0 vita hversvegna.<\/p>\n\n\n<div class=\"vlp-link-container vlp-layout-basic wp-block-visual-link-preview-link\"><a href=\"https:\/\/www.norn.is\/eva\/2011\/03\/23\/hver-meinar-konum-ad-tja-sig-a-netinu\/\" class=\"vlp-link\" title=\"Hver meinar konum a\u00f0 tj\u00e1 sig \u00e1 netinu?\"><\/a><div class=\"vlp-layout-zone-side\"><div class=\"vlp-block-2 vlp-link-image\"><img loading=\"lazy\" decoding=\"async\" style=\"max-width: 150px;\" width=\"150\" height=\"100\" src=\"https:\/\/www.norn.is\/eva\/wp-content\/uploads\/sites\/36\/2011\/03\/student-849825_1920.jpg\" class=\"attachment-150x999 size-150x999\" alt=\"\" srcset=\"https:\/\/www.norn.is\/eva\/wp-content\/uploads\/sites\/36\/2011\/03\/student-849825_1920.jpg 1920w, https:\/\/www.norn.is\/eva\/wp-content\/uploads\/sites\/36\/2011\/03\/student-849825_1920-300x200.jpg 300w, https:\/\/www.norn.is\/eva\/wp-content\/uploads\/sites\/36\/2011\/03\/student-849825_1920-1024x683.jpg 1024w, https:\/\/www.norn.is\/eva\/wp-content\/uploads\/sites\/36\/2011\/03\/student-849825_1920-768x512.jpg 768w, https:\/\/www.norn.is\/eva\/wp-content\/uploads\/sites\/36\/2011\/03\/student-849825_1920-1536x1024.jpg 1536w, https:\/\/www.norn.is\/eva\/wp-content\/uploads\/sites\/36\/2011\/03\/student-849825_1920-1080x720.jpg 1080w\" sizes=\"auto, (max-width: 150px) 100vw, 150px\" \/><\/div><\/div><div class=\"vlp-layout-zone-main\"><div class=\"vlp-block-0 vlp-link-title\">Hver meinar konum a\u00f0 tj\u00e1 sig \u00e1 netinu?<\/div><div class=\"vlp-block-1 vlp-link-summary\">\u00c9g er a\u00f0 ver\u00f0a ponkul\u00edti\u00f0 lei\u00f0 \u00e1 \u00feeirri go\u00f0s\u00f6gn a\u00f0 konur hafi sl\u00e6mt a\u00f0gengi a\u00f0 fj\u00f6lmi\u00f0lum. \u00c9g dreg l\u00edka \u00ed efa a\u00f0 kvennak\u00fagun og yfirgangur karla s\u00e9 st\u00f3ra sk\u00fdringin \u00e1 minni p\u00f3lit\u00edskri \u00fe\u00e1ttt\u00f6ku kvenna en karla.Ef konum v\u00e6ri \u00e1 einhvern h\u00e1tt meinu\u00f0 stj\u00f3rnm\u00e1la\u00fe\u00e1ttaka og a\u00f0gengi a\u00f0 fj\u00f6lmi\u00f0lum e\u00f0a allavega gert erfitt fyrir, \u00fe\u00e1 hlyti hlutfall [&hellip;]<\/div><\/div><\/div>","protected":false},"excerpt":{"rendered":"<p>\u00de\u00e1tttaka kvenna \u00ed skrifum og umr\u00e6\u00f0um \u00e1 p\u00f3lit\u00edskum netmi\u00f0lum segir l\u00edklega eitthva\u00f0 um \u00e1huga kvenna \u00e1 p\u00f3lit\u00edk. \u00deeir gefa hinsvegar ekki g\u00f3\u00f0a mynd af skrifum kvenna almennt. \u00c9g velti \u00fev\u00ed fyrir m\u00e9r hvort skrifandi konur v\u00e6ru kannski \u00fer\u00e1tt fyrir allt jafn margar k\u00f6rkunum, svona ef ma\u00f0ur sko\u00f0a\u00f0i a\u00f0ra mi\u00f0la en \u00fe\u00e1 p\u00f3lit\u00edsku.&nbsp;Kannski \u00e6ttu \u00fatgefendur og [&hellip;]<\/p>\n","protected":false},"author":7,"featured_media":5590,"comment_status":"closed","ping_status":"open","sticky":false,"template":"","format":"standard","meta":{"_et_pb_use_builder":"off","_et_pb_old_content":"","_et_gb_content_width":"","footnotes":""},"categories":[670,5,1050],"tags":[611,983,655],"class_list":["post-5588","post","type-post","status-publish","format-standard","has-post-thumbnail","hentry","category-fornarlambsfeminismi","category-kyn-klam","category-kynjamismunun","tag-fornarlambshyggja","tag-hjalparleysi","tag-kynjahlutfall","et-has-post-format-content","et_post_format-et-post-format-standard"],"yoast_head":"<!-- This site is optimized with the Yoast SEO plugin v27.5 - https:\/\/yoast.com\/product\/yoast-seo-wordpress\/ -->\n<title>Og ef vi\u00f0 sko\u00f0um \u00f6nnur netskrif en p\u00f3lit\u00edsk \u2026 - Eva Hauksd\u00f3ttir<\/title>\n<meta name=\"robots\" content=\"index, follow, max-snippet:-1, max-image-preview:large, max-video-preview:-1\" \/>\n<link rel=\"canonical\" href=\"https:\/\/www.norn.is\/eva\/2011\/03\/27\/og-ef-vid-skodum-onnur-netskrif-en-politisk\/\" \/>\n<meta property=\"og:locale\" content=\"is_IS\" \/>\n<meta property=\"og:type\" content=\"article\" \/>\n<meta property=\"og:title\" content=\"Og ef vi\u00f0 sko\u00f0um \u00f6nnur netskrif en p\u00f3lit\u00edsk \u2026 - Eva Hauksd\u00f3ttir\" \/>\n<meta property=\"og:description\" content=\"\u00de\u00e1tttaka kvenna \u00ed skrifum og umr\u00e6\u00f0um \u00e1 p\u00f3lit\u00edskum netmi\u00f0lum segir l\u00edklega eitthva\u00f0 um \u00e1huga kvenna \u00e1 p\u00f3lit\u00edk. \u00deeir gefa hinsvegar ekki g\u00f3\u00f0a mynd af skrifum kvenna almennt. \u00c9g velti \u00fev\u00ed fyrir m\u00e9r hvort skrifandi konur v\u00e6ru kannski \u00fer\u00e1tt fyrir allt jafn margar k\u00f6rkunum, svona ef ma\u00f0ur sko\u00f0a\u00f0i a\u00f0ra mi\u00f0la en \u00fe\u00e1 p\u00f3lit\u00edsku.&nbsp;Kannski \u00e6ttu \u00fatgefendur og [&hellip;]\" \/>\n<meta property=\"og:url\" content=\"https:\/\/www.norn.is\/eva\/2011\/03\/27\/og-ef-vid-skodum-onnur-netskrif-en-politisk\/\" \/>\n<meta property=\"og:site_name\" content=\"Eva Hauksd\u00f3ttir\" \/>\n<meta property=\"article:published_time\" content=\"2011-03-27T07:02:00+00:00\" \/>\n<meta property=\"article:modified_time\" content=\"2021-07-11T14:52:59+00:00\" \/>\n<meta property=\"og:image\" content=\"https:\/\/www.norn.is\/eva\/wp-content\/uploads\/sites\/36\/2021\/07\/helpless.jpg\" \/>\n\t<meta property=\"og:image:width\" content=\"1540\" \/>\n\t<meta property=\"og:image:height\" content=\"866\" \/>\n\t<meta property=\"og:image:type\" content=\"image\/jpeg\" \/>\n<meta name=\"author\" content=\"Eva Hauksd\u00f3ttir\" \/>\n<meta name=\"twitter:card\" content=\"summary_large_image\" \/>\n<meta name=\"twitter:label1\" content=\"Written by\" \/>\n\t<meta name=\"twitter:data1\" content=\"\" \/>\n\t<meta name=\"twitter:label2\" content=\"Est. reading time\" \/>\n\t<meta name=\"twitter:data2\" content=\"3 minutes\" \/>\n<script type=\"application\/ld+json\" class=\"yoast-schema-graph\">{\"@context\":\"https:\\\/\\\/schema.org\",\"@graph\":[{\"@type\":\"Article\",\"@id\":\"https:\\\/\\\/www.norn.is\\\/eva\\\/2011\\\/03\\\/27\\\/og-ef-vid-skodum-onnur-netskrif-en-politisk\\\/#article\",\"isPartOf\":{\"@id\":\"https:\\\/\\\/www.norn.is\\\/eva\\\/2011\\\/03\\\/27\\\/og-ef-vid-skodum-onnur-netskrif-en-politisk\\\/\"},\"author\":{\"name\":\"Eva Hauksd\u00f3ttir\",\"@id\":\"https:\\\/\\\/www.norn.is\\\/eva\\\/#\\\/schema\\\/person\\\/1d9742389918a297671033a2b53d3d34\"},\"headline\":\"Og ef vi\u00f0 sko\u00f0um \u00f6nnur netskrif en p\u00f3lit\u00edsk \u2026\",\"datePublished\":\"2011-03-27T07:02:00+00:00\",\"dateModified\":\"2021-07-11T14:52:59+00:00\",\"mainEntityOfPage\":{\"@id\":\"https:\\\/\\\/www.norn.is\\\/eva\\\/2011\\\/03\\\/27\\\/og-ef-vid-skodum-onnur-netskrif-en-politisk\\\/\"},\"wordCount\":567,\"image\":{\"@id\":\"https:\\\/\\\/www.norn.is\\\/eva\\\/2011\\\/03\\\/27\\\/og-ef-vid-skodum-onnur-netskrif-en-politisk\\\/#primaryimage\"},\"thumbnailUrl\":\"https:\\\/\\\/www.norn.is\\\/eva\\\/wp-content\\\/uploads\\\/sites\\\/36\\\/2021\\\/07\\\/helpless.jpg\",\"keywords\":[\"f\u00f3rnarlambshyggja\",\"hj\u00e1lparleysi\",\"kynjahlutfall\"],\"articleSection\":[\"F\u00f3rnarlambsfem\u00ednismi\",\"Kyn &amp; kl\u00e1m\",\"Kynjamismunun\"],\"inLanguage\":\"is\"},{\"@type\":\"WebPage\",\"@id\":\"https:\\\/\\\/www.norn.is\\\/eva\\\/2011\\\/03\\\/27\\\/og-ef-vid-skodum-onnur-netskrif-en-politisk\\\/\",\"url\":\"https:\\\/\\\/www.norn.is\\\/eva\\\/2011\\\/03\\\/27\\\/og-ef-vid-skodum-onnur-netskrif-en-politisk\\\/\",\"name\":\"Og ef vi\u00f0 sko\u00f0um \u00f6nnur netskrif en p\u00f3lit\u00edsk \u2026 - Eva Hauksd\u00f3ttir\",\"isPartOf\":{\"@id\":\"https:\\\/\\\/www.norn.is\\\/eva\\\/#website\"},\"primaryImageOfPage\":{\"@id\":\"https:\\\/\\\/www.norn.is\\\/eva\\\/2011\\\/03\\\/27\\\/og-ef-vid-skodum-onnur-netskrif-en-politisk\\\/#primaryimage\"},\"image\":{\"@id\":\"https:\\\/\\\/www.norn.is\\\/eva\\\/2011\\\/03\\\/27\\\/og-ef-vid-skodum-onnur-netskrif-en-politisk\\\/#primaryimage\"},\"thumbnailUrl\":\"https:\\\/\\\/www.norn.is\\\/eva\\\/wp-content\\\/uploads\\\/sites\\\/36\\\/2021\\\/07\\\/helpless.jpg\",\"datePublished\":\"2011-03-27T07:02:00+00:00\",\"dateModified\":\"2021-07-11T14:52:59+00:00\",\"author\":{\"@id\":\"https:\\\/\\\/www.norn.is\\\/eva\\\/#\\\/schema\\\/person\\\/1d9742389918a297671033a2b53d3d34\"},\"breadcrumb\":{\"@id\":\"https:\\\/\\\/www.norn.is\\\/eva\\\/2011\\\/03\\\/27\\\/og-ef-vid-skodum-onnur-netskrif-en-politisk\\\/#breadcrumb\"},\"inLanguage\":\"is\",\"potentialAction\":[{\"@type\":\"ReadAction\",\"target\":[\"https:\\\/\\\/www.norn.is\\\/eva\\\/2011\\\/03\\\/27\\\/og-ef-vid-skodum-onnur-netskrif-en-politisk\\\/\"]}]},{\"@type\":\"ImageObject\",\"inLanguage\":\"is\",\"@id\":\"https:\\\/\\\/www.norn.is\\\/eva\\\/2011\\\/03\\\/27\\\/og-ef-vid-skodum-onnur-netskrif-en-politisk\\\/#primaryimage\",\"url\":\"https:\\\/\\\/www.norn.is\\\/eva\\\/wp-content\\\/uploads\\\/sites\\\/36\\\/2021\\\/07\\\/helpless.jpg\",\"contentUrl\":\"https:\\\/\\\/www.norn.is\\\/eva\\\/wp-content\\\/uploads\\\/sites\\\/36\\\/2021\\\/07\\\/helpless.jpg\",\"width\":1540,\"height\":866},{\"@type\":\"BreadcrumbList\",\"@id\":\"https:\\\/\\\/www.norn.is\\\/eva\\\/2011\\\/03\\\/27\\\/og-ef-vid-skodum-onnur-netskrif-en-politisk\\\/#breadcrumb\",\"itemListElement\":[{\"@type\":\"ListItem\",\"position\":1,\"name\":\"Home\",\"item\":\"https:\\\/\\\/www.norn.is\\\/eva\\\/\"},{\"@type\":\"ListItem\",\"position\":2,\"name\":\"Og ef vi\u00f0 sko\u00f0um \u00f6nnur netskrif en p\u00f3lit\u00edsk \u2026\"}]},{\"@type\":\"WebSite\",\"@id\":\"https:\\\/\\\/www.norn.is\\\/eva\\\/#website\",\"url\":\"https:\\\/\\\/www.norn.is\\\/eva\\\/\",\"name\":\"Eva Hauksd\u00f3ttir\",\"description\":\"Evu blogg\",\"potentialAction\":[{\"@type\":\"SearchAction\",\"target\":{\"@type\":\"EntryPoint\",\"urlTemplate\":\"https:\\\/\\\/www.norn.is\\\/eva\\\/?s={search_term_string}\"},\"query-input\":{\"@type\":\"PropertyValueSpecification\",\"valueRequired\":true,\"valueName\":\"search_term_string\"}}],\"inLanguage\":\"is\"},{\"@type\":\"Person\",\"@id\":\"https:\\\/\\\/www.norn.is\\\/eva\\\/#\\\/schema\\\/person\\\/1d9742389918a297671033a2b53d3d34\",\"name\":\"Eva Hauksd\u00f3ttir\",\"image\":{\"@type\":\"ImageObject\",\"inLanguage\":\"is\",\"@id\":\"https:\\\/\\\/secure.gravatar.com\\\/avatar\\\/3690cd9ff7436a8a5d80acdc8fcb1046fbb9e002d4b532c85080d1bcbede84ce?s=96&d=mm&r=g\",\"url\":\"https:\\\/\\\/secure.gravatar.com\\\/avatar\\\/3690cd9ff7436a8a5d80acdc8fcb1046fbb9e002d4b532c85080d1bcbede84ce?s=96&d=mm&r=g\",\"contentUrl\":\"https:\\\/\\\/secure.gravatar.com\\\/avatar\\\/3690cd9ff7436a8a5d80acdc8fcb1046fbb9e002d4b532c85080d1bcbede84ce?s=96&d=mm&r=g\",\"caption\":\"Eva Hauksd\u00f3ttir\"},\"url\":\"https:\\\/\\\/www.norn.is\\\/eva\\\/author\\\/evahauks\\\/\"}]}<\/script>\n<!-- \/ Yoast SEO plugin. -->","yoast_head_json":{"title":"Og ef vi\u00f0 sko\u00f0um \u00f6nnur netskrif en p\u00f3lit\u00edsk \u2026 - Eva Hauksd\u00f3ttir","robots":{"index":"index","follow":"follow","max-snippet":"max-snippet:-1","max-image-preview":"max-image-preview:large","max-video-preview":"max-video-preview:-1"},"canonical":"https:\/\/www.norn.is\/eva\/2011\/03\/27\/og-ef-vid-skodum-onnur-netskrif-en-politisk\/","og_locale":"is_IS","og_type":"article","og_title":"Og ef vi\u00f0 sko\u00f0um \u00f6nnur netskrif en p\u00f3lit\u00edsk \u2026 - Eva Hauksd\u00f3ttir","og_description":"\u00de\u00e1tttaka kvenna \u00ed skrifum og umr\u00e6\u00f0um \u00e1 p\u00f3lit\u00edskum netmi\u00f0lum segir l\u00edklega eitthva\u00f0 um \u00e1huga kvenna \u00e1 p\u00f3lit\u00edk. \u00deeir gefa hinsvegar ekki g\u00f3\u00f0a mynd af skrifum kvenna almennt. \u00c9g velti \u00fev\u00ed fyrir m\u00e9r hvort skrifandi konur v\u00e6ru kannski \u00fer\u00e1tt fyrir allt jafn margar k\u00f6rkunum, svona ef ma\u00f0ur sko\u00f0a\u00f0i a\u00f0ra mi\u00f0la en \u00fe\u00e1 p\u00f3lit\u00edsku.&nbsp;Kannski \u00e6ttu \u00fatgefendur og [&hellip;]","og_url":"https:\/\/www.norn.is\/eva\/2011\/03\/27\/og-ef-vid-skodum-onnur-netskrif-en-politisk\/","og_site_name":"Eva Hauksd\u00f3ttir","article_published_time":"2011-03-27T07:02:00+00:00","article_modified_time":"2021-07-11T14:52:59+00:00","og_image":[{"width":1540,"height":866,"url":"https:\/\/www.norn.is\/eva\/wp-content\/uploads\/sites\/36\/2021\/07\/helpless.jpg","type":"image\/jpeg"}],"author":"Eva Hauksd\u00f3ttir","twitter_card":"summary_large_image","twitter_misc":{"Written by":false,"Est. reading time":"3 minutes"},"schema":{"@context":"https:\/\/schema.org","@graph":[{"@type":"Article","@id":"https:\/\/www.norn.is\/eva\/2011\/03\/27\/og-ef-vid-skodum-onnur-netskrif-en-politisk\/#article","isPartOf":{"@id":"https:\/\/www.norn.is\/eva\/2011\/03\/27\/og-ef-vid-skodum-onnur-netskrif-en-politisk\/"},"author":{"name":"Eva Hauksd\u00f3ttir","@id":"https:\/\/www.norn.is\/eva\/#\/schema\/person\/1d9742389918a297671033a2b53d3d34"},"headline":"Og ef vi\u00f0 sko\u00f0um \u00f6nnur netskrif en p\u00f3lit\u00edsk \u2026","datePublished":"2011-03-27T07:02:00+00:00","dateModified":"2021-07-11T14:52:59+00:00","mainEntityOfPage":{"@id":"https:\/\/www.norn.is\/eva\/2011\/03\/27\/og-ef-vid-skodum-onnur-netskrif-en-politisk\/"},"wordCount":567,"image":{"@id":"https:\/\/www.norn.is\/eva\/2011\/03\/27\/og-ef-vid-skodum-onnur-netskrif-en-politisk\/#primaryimage"},"thumbnailUrl":"https:\/\/www.norn.is\/eva\/wp-content\/uploads\/sites\/36\/2021\/07\/helpless.jpg","keywords":["f\u00f3rnarlambshyggja","hj\u00e1lparleysi","kynjahlutfall"],"articleSection":["F\u00f3rnarlambsfem\u00ednismi","Kyn &amp; kl\u00e1m","Kynjamismunun"],"inLanguage":"is"},{"@type":"WebPage","@id":"https:\/\/www.norn.is\/eva\/2011\/03\/27\/og-ef-vid-skodum-onnur-netskrif-en-politisk\/","url":"https:\/\/www.norn.is\/eva\/2011\/03\/27\/og-ef-vid-skodum-onnur-netskrif-en-politisk\/","name":"Og ef vi\u00f0 sko\u00f0um \u00f6nnur netskrif en p\u00f3lit\u00edsk \u2026 - Eva Hauksd\u00f3ttir","isPartOf":{"@id":"https:\/\/www.norn.is\/eva\/#website"},"primaryImageOfPage":{"@id":"https:\/\/www.norn.is\/eva\/2011\/03\/27\/og-ef-vid-skodum-onnur-netskrif-en-politisk\/#primaryimage"},"image":{"@id":"https:\/\/www.norn.is\/eva\/2011\/03\/27\/og-ef-vid-skodum-onnur-netskrif-en-politisk\/#primaryimage"},"thumbnailUrl":"https:\/\/www.norn.is\/eva\/wp-content\/uploads\/sites\/36\/2021\/07\/helpless.jpg","datePublished":"2011-03-27T07:02:00+00:00","dateModified":"2021-07-11T14:52:59+00:00","author":{"@id":"https:\/\/www.norn.is\/eva\/#\/schema\/person\/1d9742389918a297671033a2b53d3d34"},"breadcrumb":{"@id":"https:\/\/www.norn.is\/eva\/2011\/03\/27\/og-ef-vid-skodum-onnur-netskrif-en-politisk\/#breadcrumb"},"inLanguage":"is","potentialAction":[{"@type":"ReadAction","target":["https:\/\/www.norn.is\/eva\/2011\/03\/27\/og-ef-vid-skodum-onnur-netskrif-en-politisk\/"]}]},{"@type":"ImageObject","inLanguage":"is","@id":"https:\/\/www.norn.is\/eva\/2011\/03\/27\/og-ef-vid-skodum-onnur-netskrif-en-politisk\/#primaryimage","url":"https:\/\/www.norn.is\/eva\/wp-content\/uploads\/sites\/36\/2021\/07\/helpless.jpg","contentUrl":"https:\/\/www.norn.is\/eva\/wp-content\/uploads\/sites\/36\/2021\/07\/helpless.jpg","width":1540,"height":866},{"@type":"BreadcrumbList","@id":"https:\/\/www.norn.is\/eva\/2011\/03\/27\/og-ef-vid-skodum-onnur-netskrif-en-politisk\/#breadcrumb","itemListElement":[{"@type":"ListItem","position":1,"name":"Home","item":"https:\/\/www.norn.is\/eva\/"},{"@type":"ListItem","position":2,"name":"Og ef vi\u00f0 sko\u00f0um \u00f6nnur netskrif en p\u00f3lit\u00edsk \u2026"}]},{"@type":"WebSite","@id":"https:\/\/www.norn.is\/eva\/#website","url":"https:\/\/www.norn.is\/eva\/","name":"Eva Hauksd\u00f3ttir","description":"Evu blogg","potentialAction":[{"@type":"SearchAction","target":{"@type":"EntryPoint","urlTemplate":"https:\/\/www.norn.is\/eva\/?s={search_term_string}"},"query-input":{"@type":"PropertyValueSpecification","valueRequired":true,"valueName":"search_term_string"}}],"inLanguage":"is"},{"@type":"Person","@id":"https:\/\/www.norn.is\/eva\/#\/schema\/person\/1d9742389918a297671033a2b53d3d34","name":"Eva Hauksd\u00f3ttir","image":{"@type":"ImageObject","inLanguage":"is","@id":"https:\/\/secure.gravatar.com\/avatar\/3690cd9ff7436a8a5d80acdc8fcb1046fbb9e002d4b532c85080d1bcbede84ce?s=96&d=mm&r=g","url":"https:\/\/secure.gravatar.com\/avatar\/3690cd9ff7436a8a5d80acdc8fcb1046fbb9e002d4b532c85080d1bcbede84ce?s=96&d=mm&r=g","contentUrl":"https:\/\/secure.gravatar.com\/avatar\/3690cd9ff7436a8a5d80acdc8fcb1046fbb9e002d4b532c85080d1bcbede84ce?s=96&d=mm&r=g","caption":"Eva Hauksd\u00f3ttir"},"url":"https:\/\/www.norn.is\/eva\/author\/evahauks\/"}]}},"_links":{"self":[{"href":"https:\/\/www.norn.is\/eva\/wp-json\/wp\/v2\/posts\/5588","targetHints":{"allow":["GET"]}}],"collection":[{"href":"https:\/\/www.norn.is\/eva\/wp-json\/wp\/v2\/posts"}],"about":[{"href":"https:\/\/www.norn.is\/eva\/wp-json\/wp\/v2\/types\/post"}],"author":[{"embeddable":true,"href":"https:\/\/www.norn.is\/eva\/wp-json\/wp\/v2\/users\/7"}],"replies":[{"embeddable":true,"href":"https:\/\/www.norn.is\/eva\/wp-json\/wp\/v2\/comments?post=5588"}],"version-history":[{"count":1,"href":"https:\/\/www.norn.is\/eva\/wp-json\/wp\/v2\/posts\/5588\/revisions"}],"predecessor-version":[{"id":5591,"href":"https:\/\/www.norn.is\/eva\/wp-json\/wp\/v2\/posts\/5588\/revisions\/5591"}],"wp:featuredmedia":[{"embeddable":true,"href":"https:\/\/www.norn.is\/eva\/wp-json\/wp\/v2\/media\/5590"}],"wp:attachment":[{"href":"https:\/\/www.norn.is\/eva\/wp-json\/wp\/v2\/media?parent=5588"}],"wp:term":[{"taxonomy":"category","embeddable":true,"href":"https:\/\/www.norn.is\/eva\/wp-json\/wp\/v2\/categories?post=5588"},{"taxonomy":"post_tag","embeddable":true,"href":"https:\/\/www.norn.is\/eva\/wp-json\/wp\/v2\/tags?post=5588"}],"curies":[{"name":"wp","href":"https:\/\/api.w.org\/{rel}","templated":true}]}}