{"id":5581,"date":"2011-03-26T06:49:00","date_gmt":"2011-03-26T06:49:00","guid":{"rendered":"http:\/\/www.norn.is\/eva\/?p=5581"},"modified":"2021-07-11T14:52:59","modified_gmt":"2021-07-11T14:52:59","slug":"eiga-konur-bara-ad-bida","status":"publish","type":"post","link":"https:\/\/www.norn.is\/eva\/2011\/03\/26\/eiga-konur-bara-ad-bida\/","title":{"rendered":"Eiga konur bara a\u00f0 b\u00ed\u00f0a?"},"content":{"rendered":"\n<p>Umr\u00e6\u00f0an um Kiljuna og karlrembuna hefur ekkert veri\u00f0 s\u00e9rlega \u00e1hugaver\u00f0. Vi\u00f0 h\u00f6fum eytt meira p\u00fa\u00f0ri \u00ed a\u00f0 \u00ferasa um t\u00f6lfr\u00e6\u00f0i en finna sv\u00f6r vi\u00f0 mun \u00e1hugaver\u00f0ari spurningu;<em>hversvegna birtist minna af skrifum kvenna en karla?&nbsp;<\/em>Hermann Stef\u00e1nsson veltir upp nokkrum spurningum \u00fear a\u00f0 l\u00fatandi \u00ed&nbsp;umr\u00e6\u00f0ukerfinu&nbsp;m\u00ednu: og eins og kemur fram \u00ed&nbsp;\u00feessum pistli&nbsp;vir\u00f0ist sk\u00fdringa ekki a\u00f0 leita \u00ed sl\u00e6mu a\u00f0gengi kvenna a\u00f0 fj\u00f6lmi\u00f0lum.<\/p>\n\n\n<div class=\"vlp-link-container vlp-layout-basic wp-block-visual-link-preview-link\"><a href=\"https:\/\/www.norn.is\/eva\/2011\/03\/23\/hver-meinar-konum-ad-tja-sig-a-netinu\/\" class=\"vlp-link\" title=\"Hver meinar konum a\u00f0 tj\u00e1 sig \u00e1 netinu?\"><\/a><div class=\"vlp-layout-zone-side\"><div class=\"vlp-block-2 vlp-link-image\"><img loading=\"lazy\" decoding=\"async\" style=\"max-width: 150px;\" width=\"150\" height=\"100\" src=\"https:\/\/www.norn.is\/eva\/wp-content\/uploads\/sites\/36\/2011\/03\/student-849825_1920.jpg\" class=\"attachment-150x999 size-150x999\" alt=\"\" srcset=\"https:\/\/www.norn.is\/eva\/wp-content\/uploads\/sites\/36\/2011\/03\/student-849825_1920.jpg 1920w, https:\/\/www.norn.is\/eva\/wp-content\/uploads\/sites\/36\/2011\/03\/student-849825_1920-300x200.jpg 300w, https:\/\/www.norn.is\/eva\/wp-content\/uploads\/sites\/36\/2011\/03\/student-849825_1920-1024x683.jpg 1024w, https:\/\/www.norn.is\/eva\/wp-content\/uploads\/sites\/36\/2011\/03\/student-849825_1920-768x512.jpg 768w, https:\/\/www.norn.is\/eva\/wp-content\/uploads\/sites\/36\/2011\/03\/student-849825_1920-1536x1024.jpg 1536w, https:\/\/www.norn.is\/eva\/wp-content\/uploads\/sites\/36\/2011\/03\/student-849825_1920-1080x720.jpg 1080w\" sizes=\"auto, (max-width: 150px) 100vw, 150px\" \/><\/div><\/div><div class=\"vlp-layout-zone-main\"><div class=\"vlp-block-0 vlp-link-title\">Hver meinar konum a\u00f0 tj\u00e1 sig \u00e1 netinu?<\/div><div class=\"vlp-block-1 vlp-link-summary\">\u00c9g er a\u00f0 ver\u00f0a ponkul\u00edti\u00f0 lei\u00f0 \u00e1 \u00feeirri go\u00f0s\u00f6gn a\u00f0 konur hafi sl\u00e6mt a\u00f0gengi a\u00f0 fj\u00f6lmi\u00f0lum. \u00c9g dreg l\u00edka \u00ed efa a\u00f0 kvennak\u00fagun og yfirgangur karla s\u00e9 st\u00f3ra sk\u00fdringin \u00e1 minni p\u00f3lit\u00edskri \u00fe\u00e1ttt\u00f6ku kvenna en karla.Ef konum v\u00e6ri \u00e1 einhvern h\u00e1tt meinu\u00f0 stj\u00f3rnm\u00e1la\u00fe\u00e1ttaka og a\u00f0gengi a\u00f0 fj\u00f6lmi\u00f0lum e\u00f0a allavega gert erfitt fyrir, \u00fe\u00e1 hlyti hlutfall [&hellip;]<\/div><\/div><\/div>\n\n\n<p>\u00c9g vildi gjarnan a\u00f0 veruleikinn v\u00e6ri annar en hann er, a\u00f0 konur v\u00e6ru jafn afkastamiklir pennar og karlar. \u00c9g v\u00e6ri alveg til \u00ed a\u00f0 verk fyrri t\u00ed\u00f0a sk\u00e1ldkvenna v\u00e6ru vins\u00e6lli (e\u00f0a n\u00fat\u00edma sk\u00e1ldkvenna ef \u00fev\u00ed er a\u00f0 skipta, \u00e9g \u00e1 t.d. sj\u00e1lf marga tugi \u00e1g\u00e6tra og s\u00f6ngh\u00e6fra kv\u00e6\u00f0a sem enginn starfandi t\u00f3nlistarma\u00f0ur l\u00edtur vi\u00f0) en sta\u00f0reyndin er s\u00fa a\u00f0 vi\u00f0 eigum EINA sk\u00e1ldkonu sem almenningur \u00feekkir eitthva\u00f0 a\u00f0 r\u00e1\u00f0i. \u00dea\u00f0 er Margr\u00e9t J\u00f3nsd\u00f3ttir og eina \u00e1st\u00e6\u00f0an fyrir \u00fev\u00ed a\u00f0 h\u00fan \u00f6\u00f0la\u00f0ist vins\u00e6ldir, er s\u00fa a\u00f0 kv\u00e6\u00f0i hennar voru og eru sungin (vi\u00f0 l\u00f6g eftir karla.)<\/p>\n\n\n\n<p>Svo er eitt sem rek mig \u00e1 \u00ed \u00feessari umr\u00e6\u00f0u allri. Bent er \u00e1 a\u00f0 konum s\u00e9 ekki bo\u00f0i\u00f0 \u00ed \u00fe\u00e1ttinn. Tv\u00e6r hafa veri\u00f0 nefndar og hvorug \u00feeirra hefur veri\u00f0 starfandi rith\u00f6fundur \u00e1 \u00feeim t\u00edma sem Kiljan hefur veri\u00f0 \u00e1 skj\u00e1num. \u00c9g var svo \u2018heppin\u2019 a\u00f0 f\u00e1 umfj\u00f6llun \u00ed \u00fe\u00e6ttinum. En viti\u00f0i hva\u00f0? \u00c9g bei\u00f0 ekki eftir a\u00f0 m\u00e9r yr\u00f0i bo\u00f0i\u00f0. Vi\u00f0 Ing\u00f3lfur f\u00f3rum sj\u00e1lf \u00e1 st\u00fafana og s\u00fdndum fj\u00f6lmi\u00f0lam\u00f6nnum b\u00f3kina \u00ed von um a\u00f0 einhver fengi \u00e1huga \u00e1 henni. Og \u00e9g skal bara alveg vi\u00f0urkenna a\u00f0 m\u00e9r fannst \u00fea\u00f0 mj\u00f6g \u00f3\u00fe\u00e6gilegt, \u00fe\u00f3tt \u00e9g s\u00e9 ekkert \u00f3framf\u00e6rin. \u00c9g haf\u00f0i m.a.s. svo miklar efasemdir um r\u00e9ttm\u00e6ti \u00feess a\u00f0 trana m\u00e9r fram a\u00f0 \u00e9g byrja\u00f0i daginn \u00e1 \u00fev\u00ed a\u00f0 kasta upp af kv\u00ed\u00f0a, ekki af \u00fev\u00ed a\u00f0 \u00e9g \u00f3tta\u00f0ist h\u00f6fnun, heldur af \u00fev\u00ed \u00e9g var h\u00e6dd um a\u00f0 vera \u00e1ltin frek. Ing\u00f3 efa\u00f0ist hinsvegar aldrei um a\u00f0 \u00feetta v\u00e6ri sj\u00e1lfsagt og l\u00edklega hef\u00f0i \u00e9g ekkert gert \u00feetta \u00e1n hans, heldur be\u00f0i\u00f0 eftir a\u00f0 fj\u00f6lmi\u00f0lar hef\u00f0u samband a\u00f0 fyrra brag\u00f0i. Hef\u00f0i Kiljan fjalla\u00f0 um b\u00f3kina \u00e1n \u00e1bendingar? \u00dea\u00f0 er \u00e9g ekkert viss um. \u00c9g er hinsvegar viss um a\u00f0 \u00e9g er ekki eini rith\u00f6fundurinn sem hefur haft samband vi\u00f0 fj\u00f6lmi\u00f0la a\u00f0 fyrra brag\u00f0i og \u00e9g er l\u00edka viss um a\u00f0 \u00fear eru karlar \u00ed meirihluta.<\/p>\n\n\n\n<p>Getur veri\u00f0 a\u00f0 konur hafi r\u00edkari tilhneigingu en karlar til \u00feess a\u00f0 sitja penar og pr\u00fa\u00f0ar og b\u00ed\u00f0a \u00feess a\u00f0 \u00feeim s\u00e9 bo\u00f0i\u00f0 til umr\u00e6\u00f0unnar? Getur veri\u00f0 a\u00f0 \u00fea\u00f0 s\u00e9 st\u00e6rra vandam\u00e1l en karlremba fj\u00f6lmi\u00f0lamanna?<\/p>\n\n\n\n<p><em>Mynd: <a href=\"https:\/\/pixabay.com\/users\/ryanmcguire-123690\/?utm_source=link-attribution&amp;utm_medium=referral&amp;utm_campaign=image&amp;utm_content=413690\" target=\"_blank\" rel=\"noreferrer noopener\">Ryan McGuire<\/a>, <a href=\"https:\/\/pixabay.com\/?utm_source=link-attribution&amp;utm_medium=referral&amp;utm_campaign=image&amp;utm_content=413690\" target=\"_blank\" rel=\"noreferrer noopener\">Pixabay<\/a><\/em><\/p>\n\n\n<div class=\"vlp-link-container vlp-layout-basic wp-block-visual-link-preview-link\"><a href=\"https:\/\/www.norn.is\/eva\/2011\/03\/23\/af-karlrembu-egils-helgasonar\/\" class=\"vlp-link\" title=\"Af karlrembu Egils Helgasonar\"><\/a><div class=\"vlp-layout-zone-side\"><div class=\"vlp-block-2 vlp-link-image\"><img loading=\"lazy\" decoding=\"async\" style=\"max-width: 150px;\" width=\"150\" height=\"100\" src=\"https:\/\/www.norn.is\/eva\/wp-content\/uploads\/sites\/36\/2021\/07\/literatures_gender_gap.jpg\" class=\"attachment-150x999 size-150x999\" alt=\"\" srcset=\"https:\/\/www.norn.is\/eva\/wp-content\/uploads\/sites\/36\/2021\/07\/literatures_gender_gap.jpg 600w, https:\/\/www.norn.is\/eva\/wp-content\/uploads\/sites\/36\/2021\/07\/literatures_gender_gap-300x200.jpg 300w\" sizes=\"auto, (max-width: 150px) 100vw, 150px\" \/><\/div><\/div><div class=\"vlp-layout-zone-main\"><div class=\"vlp-block-0 vlp-link-title\">Af karlrembu Egils Helgasonar<\/div><div class=\"vlp-block-1 vlp-link-summary\">Fyrir r\u00famri viku s\u00e1 \u00e9g \u00fev\u00ed fleygt \u00e1 spjall\u00fer\u00e6\u00f0i \u00e1 netinu a\u00f0 hlutf\u00f6ll kynjanna \u00ed sj\u00f3nvarps\u00fe\u00e1ttum Egils Helgasonar, Kiljunni, v\u00e6ru 85 karlar \u00e1 m\u00f3ti 15 konum.&nbsp;\u00deetta reyndust rangf\u00e6rslur en me\u00f0 \u00fev\u00ed a\u00f0 telja saman alla rith\u00f6funda og \u00fe\u00e1 sem fjalla\u00f0 er um \u00ed fr\u00e6\u00f0iritum og \u00e6vis\u00f6gum, hvort sem um er a\u00f0 r\u00e6\u00f0a n\u00fdjar sk\u00e1lds\u00f6gur e\u00f0a [&hellip;]<\/div><\/div><\/div>","protected":false},"excerpt":{"rendered":"<p>Umr\u00e6\u00f0an um Kiljuna og karlrembuna hefur ekkert veri\u00f0 s\u00e9rlega \u00e1hugaver\u00f0. Vi\u00f0 h\u00f6fum eytt meira p\u00fa\u00f0ri \u00ed a\u00f0 \u00ferasa um t\u00f6lfr\u00e6\u00f0i en finna sv\u00f6r vi\u00f0 mun \u00e1hugaver\u00f0ari spurningu;hversvegna birtist minna af skrifum kvenna en karla?&nbsp;Hermann Stef\u00e1nsson veltir upp nokkrum spurningum \u00fear a\u00f0 l\u00fatandi \u00ed&nbsp;umr\u00e6\u00f0ukerfinu&nbsp;m\u00ednu: og eins og kemur fram \u00ed&nbsp;\u00feessum pistli&nbsp;vir\u00f0ist sk\u00fdringa ekki a\u00f0 leita \u00ed [&hellip;]<\/p>\n","protected":false},"author":7,"featured_media":5585,"comment_status":"closed","ping_status":"open","sticky":false,"template":"","format":"standard","meta":{"_et_pb_use_builder":"off","_et_pb_old_content":"","_et_gb_content_width":"","footnotes":""},"categories":[670,5,1050],"tags":[979,655,980],"class_list":["post-5581","post","type-post","status-publish","format-standard","has-post-thumbnail","hentry","category-fornarlambsfeminismi","category-kyn-klam","category-kynjamismunun","tag-kiljan","tag-kynjahlutfall","tag-rithofundar","et-has-post-format-content","et_post_format-et-post-format-standard"],"yoast_head":"<!-- This site is optimized with the Yoast SEO plugin v27.4 - https:\/\/yoast.com\/product\/yoast-seo-wordpress\/ -->\n<title>Eiga konur bara a\u00f0 b\u00ed\u00f0a? - Eva Hauksd\u00f3ttir<\/title>\n<meta name=\"robots\" content=\"index, follow, max-snippet:-1, max-image-preview:large, max-video-preview:-1\" \/>\n<link rel=\"canonical\" href=\"https:\/\/www.norn.is\/eva\/2011\/03\/26\/eiga-konur-bara-ad-bida\/\" \/>\n<meta property=\"og:locale\" content=\"is_IS\" \/>\n<meta property=\"og:type\" content=\"article\" \/>\n<meta property=\"og:title\" content=\"Eiga konur bara a\u00f0 b\u00ed\u00f0a? - Eva Hauksd\u00f3ttir\" \/>\n<meta property=\"og:description\" content=\"Umr\u00e6\u00f0an um Kiljuna og karlrembuna hefur ekkert veri\u00f0 s\u00e9rlega \u00e1hugaver\u00f0. Vi\u00f0 h\u00f6fum eytt meira p\u00fa\u00f0ri \u00ed a\u00f0 \u00ferasa um t\u00f6lfr\u00e6\u00f0i en finna sv\u00f6r vi\u00f0 mun \u00e1hugaver\u00f0ari spurningu;hversvegna birtist minna af skrifum kvenna en karla?&nbsp;Hermann Stef\u00e1nsson veltir upp nokkrum spurningum \u00fear a\u00f0 l\u00fatandi \u00ed&nbsp;umr\u00e6\u00f0ukerfinu&nbsp;m\u00ednu: og eins og kemur fram \u00ed&nbsp;\u00feessum pistli&nbsp;vir\u00f0ist sk\u00fdringa ekki a\u00f0 leita \u00ed [&hellip;]\" \/>\n<meta property=\"og:url\" content=\"https:\/\/www.norn.is\/eva\/2011\/03\/26\/eiga-konur-bara-ad-bida\/\" \/>\n<meta property=\"og:site_name\" content=\"Eva Hauksd\u00f3ttir\" \/>\n<meta property=\"article:published_time\" content=\"2011-03-26T06:49:00+00:00\" \/>\n<meta property=\"article:modified_time\" content=\"2021-07-11T14:52:59+00:00\" \/>\n<meta property=\"og:image\" content=\"https:\/\/www.norn.is\/eva\/wp-content\/uploads\/sites\/36\/2011\/03\/woman-waiting-1.jpg\" \/>\n\t<meta property=\"og:image:width\" content=\"1917\" \/>\n\t<meta property=\"og:image:height\" content=\"1079\" \/>\n\t<meta property=\"og:image:type\" content=\"image\/jpeg\" \/>\n<meta name=\"author\" content=\"Eva Hauksd\u00f3ttir\" \/>\n<meta name=\"twitter:card\" content=\"summary_large_image\" \/>\n<meta name=\"twitter:label1\" content=\"Written by\" \/>\n\t<meta name=\"twitter:data1\" content=\"\" \/>\n\t<meta name=\"twitter:label2\" content=\"Est. reading time\" \/>\n\t<meta name=\"twitter:data2\" content=\"3 minutes\" \/>\n<script type=\"application\/ld+json\" class=\"yoast-schema-graph\">{\"@context\":\"https:\\\/\\\/schema.org\",\"@graph\":[{\"@type\":\"Article\",\"@id\":\"https:\\\/\\\/www.norn.is\\\/eva\\\/2011\\\/03\\\/26\\\/eiga-konur-bara-ad-bida\\\/#article\",\"isPartOf\":{\"@id\":\"https:\\\/\\\/www.norn.is\\\/eva\\\/2011\\\/03\\\/26\\\/eiga-konur-bara-ad-bida\\\/\"},\"author\":{\"name\":\"Eva Hauksd\u00f3ttir\",\"@id\":\"https:\\\/\\\/www.norn.is\\\/eva\\\/#\\\/schema\\\/person\\\/1d9742389918a297671033a2b53d3d34\"},\"headline\":\"Eiga konur bara a\u00f0 b\u00ed\u00f0a?\",\"datePublished\":\"2011-03-26T06:49:00+00:00\",\"dateModified\":\"2021-07-11T14:52:59+00:00\",\"mainEntityOfPage\":{\"@id\":\"https:\\\/\\\/www.norn.is\\\/eva\\\/2011\\\/03\\\/26\\\/eiga-konur-bara-ad-bida\\\/\"},\"wordCount\":670,\"image\":{\"@id\":\"https:\\\/\\\/www.norn.is\\\/eva\\\/2011\\\/03\\\/26\\\/eiga-konur-bara-ad-bida\\\/#primaryimage\"},\"thumbnailUrl\":\"https:\\\/\\\/www.norn.is\\\/eva\\\/wp-content\\\/uploads\\\/sites\\\/36\\\/2011\\\/03\\\/woman-waiting-1.jpg\",\"keywords\":[\"Kiljan\",\"kynjahlutfall\",\"rith\u00f6fundar\"],\"articleSection\":[\"F\u00f3rnarlambsfem\u00ednismi\",\"Kyn &amp; kl\u00e1m\",\"Kynjamismunun\"],\"inLanguage\":\"is\"},{\"@type\":\"WebPage\",\"@id\":\"https:\\\/\\\/www.norn.is\\\/eva\\\/2011\\\/03\\\/26\\\/eiga-konur-bara-ad-bida\\\/\",\"url\":\"https:\\\/\\\/www.norn.is\\\/eva\\\/2011\\\/03\\\/26\\\/eiga-konur-bara-ad-bida\\\/\",\"name\":\"Eiga konur bara a\u00f0 b\u00ed\u00f0a? - Eva Hauksd\u00f3ttir\",\"isPartOf\":{\"@id\":\"https:\\\/\\\/www.norn.is\\\/eva\\\/#website\"},\"primaryImageOfPage\":{\"@id\":\"https:\\\/\\\/www.norn.is\\\/eva\\\/2011\\\/03\\\/26\\\/eiga-konur-bara-ad-bida\\\/#primaryimage\"},\"image\":{\"@id\":\"https:\\\/\\\/www.norn.is\\\/eva\\\/2011\\\/03\\\/26\\\/eiga-konur-bara-ad-bida\\\/#primaryimage\"},\"thumbnailUrl\":\"https:\\\/\\\/www.norn.is\\\/eva\\\/wp-content\\\/uploads\\\/sites\\\/36\\\/2011\\\/03\\\/woman-waiting-1.jpg\",\"datePublished\":\"2011-03-26T06:49:00+00:00\",\"dateModified\":\"2021-07-11T14:52:59+00:00\",\"author\":{\"@id\":\"https:\\\/\\\/www.norn.is\\\/eva\\\/#\\\/schema\\\/person\\\/1d9742389918a297671033a2b53d3d34\"},\"breadcrumb\":{\"@id\":\"https:\\\/\\\/www.norn.is\\\/eva\\\/2011\\\/03\\\/26\\\/eiga-konur-bara-ad-bida\\\/#breadcrumb\"},\"inLanguage\":\"is\",\"potentialAction\":[{\"@type\":\"ReadAction\",\"target\":[\"https:\\\/\\\/www.norn.is\\\/eva\\\/2011\\\/03\\\/26\\\/eiga-konur-bara-ad-bida\\\/\"]}]},{\"@type\":\"ImageObject\",\"inLanguage\":\"is\",\"@id\":\"https:\\\/\\\/www.norn.is\\\/eva\\\/2011\\\/03\\\/26\\\/eiga-konur-bara-ad-bida\\\/#primaryimage\",\"url\":\"https:\\\/\\\/www.norn.is\\\/eva\\\/wp-content\\\/uploads\\\/sites\\\/36\\\/2011\\\/03\\\/woman-waiting-1.jpg\",\"contentUrl\":\"https:\\\/\\\/www.norn.is\\\/eva\\\/wp-content\\\/uploads\\\/sites\\\/36\\\/2011\\\/03\\\/woman-waiting-1.jpg\",\"width\":1917,\"height\":1079,\"caption\":\"https:\\\/\\\/pixabay.com\\\/photos\\\/worried-girl-woman-waiting-sitting-413690\\\/\"},{\"@type\":\"BreadcrumbList\",\"@id\":\"https:\\\/\\\/www.norn.is\\\/eva\\\/2011\\\/03\\\/26\\\/eiga-konur-bara-ad-bida\\\/#breadcrumb\",\"itemListElement\":[{\"@type\":\"ListItem\",\"position\":1,\"name\":\"Home\",\"item\":\"https:\\\/\\\/www.norn.is\\\/eva\\\/\"},{\"@type\":\"ListItem\",\"position\":2,\"name\":\"Eiga konur bara a\u00f0 b\u00ed\u00f0a?\"}]},{\"@type\":\"WebSite\",\"@id\":\"https:\\\/\\\/www.norn.is\\\/eva\\\/#website\",\"url\":\"https:\\\/\\\/www.norn.is\\\/eva\\\/\",\"name\":\"Eva Hauksd\u00f3ttir\",\"description\":\"Evu blogg\",\"potentialAction\":[{\"@type\":\"SearchAction\",\"target\":{\"@type\":\"EntryPoint\",\"urlTemplate\":\"https:\\\/\\\/www.norn.is\\\/eva\\\/?s={search_term_string}\"},\"query-input\":{\"@type\":\"PropertyValueSpecification\",\"valueRequired\":true,\"valueName\":\"search_term_string\"}}],\"inLanguage\":\"is\"},{\"@type\":\"Person\",\"@id\":\"https:\\\/\\\/www.norn.is\\\/eva\\\/#\\\/schema\\\/person\\\/1d9742389918a297671033a2b53d3d34\",\"name\":\"Eva Hauksd\u00f3ttir\",\"image\":{\"@type\":\"ImageObject\",\"inLanguage\":\"is\",\"@id\":\"https:\\\/\\\/secure.gravatar.com\\\/avatar\\\/3690cd9ff7436a8a5d80acdc8fcb1046fbb9e002d4b532c85080d1bcbede84ce?s=96&d=mm&r=g\",\"url\":\"https:\\\/\\\/secure.gravatar.com\\\/avatar\\\/3690cd9ff7436a8a5d80acdc8fcb1046fbb9e002d4b532c85080d1bcbede84ce?s=96&d=mm&r=g\",\"contentUrl\":\"https:\\\/\\\/secure.gravatar.com\\\/avatar\\\/3690cd9ff7436a8a5d80acdc8fcb1046fbb9e002d4b532c85080d1bcbede84ce?s=96&d=mm&r=g\",\"caption\":\"Eva Hauksd\u00f3ttir\"},\"url\":\"https:\\\/\\\/www.norn.is\\\/eva\\\/author\\\/evahauks\\\/\"}]}<\/script>\n<!-- \/ Yoast SEO plugin. -->","yoast_head_json":{"title":"Eiga konur bara a\u00f0 b\u00ed\u00f0a? - Eva Hauksd\u00f3ttir","robots":{"index":"index","follow":"follow","max-snippet":"max-snippet:-1","max-image-preview":"max-image-preview:large","max-video-preview":"max-video-preview:-1"},"canonical":"https:\/\/www.norn.is\/eva\/2011\/03\/26\/eiga-konur-bara-ad-bida\/","og_locale":"is_IS","og_type":"article","og_title":"Eiga konur bara a\u00f0 b\u00ed\u00f0a? - Eva Hauksd\u00f3ttir","og_description":"Umr\u00e6\u00f0an um Kiljuna og karlrembuna hefur ekkert veri\u00f0 s\u00e9rlega \u00e1hugaver\u00f0. Vi\u00f0 h\u00f6fum eytt meira p\u00fa\u00f0ri \u00ed a\u00f0 \u00ferasa um t\u00f6lfr\u00e6\u00f0i en finna sv\u00f6r vi\u00f0 mun \u00e1hugaver\u00f0ari spurningu;hversvegna birtist minna af skrifum kvenna en karla?&nbsp;Hermann Stef\u00e1nsson veltir upp nokkrum spurningum \u00fear a\u00f0 l\u00fatandi \u00ed&nbsp;umr\u00e6\u00f0ukerfinu&nbsp;m\u00ednu: og eins og kemur fram \u00ed&nbsp;\u00feessum pistli&nbsp;vir\u00f0ist sk\u00fdringa ekki a\u00f0 leita \u00ed [&hellip;]","og_url":"https:\/\/www.norn.is\/eva\/2011\/03\/26\/eiga-konur-bara-ad-bida\/","og_site_name":"Eva Hauksd\u00f3ttir","article_published_time":"2011-03-26T06:49:00+00:00","article_modified_time":"2021-07-11T14:52:59+00:00","og_image":[{"width":1917,"height":1079,"url":"https:\/\/www.norn.is\/eva\/wp-content\/uploads\/sites\/36\/2011\/03\/woman-waiting-1.jpg","type":"image\/jpeg"}],"author":"Eva Hauksd\u00f3ttir","twitter_card":"summary_large_image","twitter_misc":{"Written by":false,"Est. reading time":"3 minutes"},"schema":{"@context":"https:\/\/schema.org","@graph":[{"@type":"Article","@id":"https:\/\/www.norn.is\/eva\/2011\/03\/26\/eiga-konur-bara-ad-bida\/#article","isPartOf":{"@id":"https:\/\/www.norn.is\/eva\/2011\/03\/26\/eiga-konur-bara-ad-bida\/"},"author":{"name":"Eva Hauksd\u00f3ttir","@id":"https:\/\/www.norn.is\/eva\/#\/schema\/person\/1d9742389918a297671033a2b53d3d34"},"headline":"Eiga konur bara a\u00f0 b\u00ed\u00f0a?","datePublished":"2011-03-26T06:49:00+00:00","dateModified":"2021-07-11T14:52:59+00:00","mainEntityOfPage":{"@id":"https:\/\/www.norn.is\/eva\/2011\/03\/26\/eiga-konur-bara-ad-bida\/"},"wordCount":670,"image":{"@id":"https:\/\/www.norn.is\/eva\/2011\/03\/26\/eiga-konur-bara-ad-bida\/#primaryimage"},"thumbnailUrl":"https:\/\/www.norn.is\/eva\/wp-content\/uploads\/sites\/36\/2011\/03\/woman-waiting-1.jpg","keywords":["Kiljan","kynjahlutfall","rith\u00f6fundar"],"articleSection":["F\u00f3rnarlambsfem\u00ednismi","Kyn &amp; kl\u00e1m","Kynjamismunun"],"inLanguage":"is"},{"@type":"WebPage","@id":"https:\/\/www.norn.is\/eva\/2011\/03\/26\/eiga-konur-bara-ad-bida\/","url":"https:\/\/www.norn.is\/eva\/2011\/03\/26\/eiga-konur-bara-ad-bida\/","name":"Eiga konur bara a\u00f0 b\u00ed\u00f0a? - Eva Hauksd\u00f3ttir","isPartOf":{"@id":"https:\/\/www.norn.is\/eva\/#website"},"primaryImageOfPage":{"@id":"https:\/\/www.norn.is\/eva\/2011\/03\/26\/eiga-konur-bara-ad-bida\/#primaryimage"},"image":{"@id":"https:\/\/www.norn.is\/eva\/2011\/03\/26\/eiga-konur-bara-ad-bida\/#primaryimage"},"thumbnailUrl":"https:\/\/www.norn.is\/eva\/wp-content\/uploads\/sites\/36\/2011\/03\/woman-waiting-1.jpg","datePublished":"2011-03-26T06:49:00+00:00","dateModified":"2021-07-11T14:52:59+00:00","author":{"@id":"https:\/\/www.norn.is\/eva\/#\/schema\/person\/1d9742389918a297671033a2b53d3d34"},"breadcrumb":{"@id":"https:\/\/www.norn.is\/eva\/2011\/03\/26\/eiga-konur-bara-ad-bida\/#breadcrumb"},"inLanguage":"is","potentialAction":[{"@type":"ReadAction","target":["https:\/\/www.norn.is\/eva\/2011\/03\/26\/eiga-konur-bara-ad-bida\/"]}]},{"@type":"ImageObject","inLanguage":"is","@id":"https:\/\/www.norn.is\/eva\/2011\/03\/26\/eiga-konur-bara-ad-bida\/#primaryimage","url":"https:\/\/www.norn.is\/eva\/wp-content\/uploads\/sites\/36\/2011\/03\/woman-waiting-1.jpg","contentUrl":"https:\/\/www.norn.is\/eva\/wp-content\/uploads\/sites\/36\/2011\/03\/woman-waiting-1.jpg","width":1917,"height":1079,"caption":"https:\/\/pixabay.com\/photos\/worried-girl-woman-waiting-sitting-413690\/"},{"@type":"BreadcrumbList","@id":"https:\/\/www.norn.is\/eva\/2011\/03\/26\/eiga-konur-bara-ad-bida\/#breadcrumb","itemListElement":[{"@type":"ListItem","position":1,"name":"Home","item":"https:\/\/www.norn.is\/eva\/"},{"@type":"ListItem","position":2,"name":"Eiga konur bara a\u00f0 b\u00ed\u00f0a?"}]},{"@type":"WebSite","@id":"https:\/\/www.norn.is\/eva\/#website","url":"https:\/\/www.norn.is\/eva\/","name":"Eva Hauksd\u00f3ttir","description":"Evu blogg","potentialAction":[{"@type":"SearchAction","target":{"@type":"EntryPoint","urlTemplate":"https:\/\/www.norn.is\/eva\/?s={search_term_string}"},"query-input":{"@type":"PropertyValueSpecification","valueRequired":true,"valueName":"search_term_string"}}],"inLanguage":"is"},{"@type":"Person","@id":"https:\/\/www.norn.is\/eva\/#\/schema\/person\/1d9742389918a297671033a2b53d3d34","name":"Eva Hauksd\u00f3ttir","image":{"@type":"ImageObject","inLanguage":"is","@id":"https:\/\/secure.gravatar.com\/avatar\/3690cd9ff7436a8a5d80acdc8fcb1046fbb9e002d4b532c85080d1bcbede84ce?s=96&d=mm&r=g","url":"https:\/\/secure.gravatar.com\/avatar\/3690cd9ff7436a8a5d80acdc8fcb1046fbb9e002d4b532c85080d1bcbede84ce?s=96&d=mm&r=g","contentUrl":"https:\/\/secure.gravatar.com\/avatar\/3690cd9ff7436a8a5d80acdc8fcb1046fbb9e002d4b532c85080d1bcbede84ce?s=96&d=mm&r=g","caption":"Eva Hauksd\u00f3ttir"},"url":"https:\/\/www.norn.is\/eva\/author\/evahauks\/"}]}},"_links":{"self":[{"href":"https:\/\/www.norn.is\/eva\/wp-json\/wp\/v2\/posts\/5581","targetHints":{"allow":["GET"]}}],"collection":[{"href":"https:\/\/www.norn.is\/eva\/wp-json\/wp\/v2\/posts"}],"about":[{"href":"https:\/\/www.norn.is\/eva\/wp-json\/wp\/v2\/types\/post"}],"author":[{"embeddable":true,"href":"https:\/\/www.norn.is\/eva\/wp-json\/wp\/v2\/users\/7"}],"replies":[{"embeddable":true,"href":"https:\/\/www.norn.is\/eva\/wp-json\/wp\/v2\/comments?post=5581"}],"version-history":[{"count":3,"href":"https:\/\/www.norn.is\/eva\/wp-json\/wp\/v2\/posts\/5581\/revisions"}],"predecessor-version":[{"id":5587,"href":"https:\/\/www.norn.is\/eva\/wp-json\/wp\/v2\/posts\/5581\/revisions\/5587"}],"wp:featuredmedia":[{"embeddable":true,"href":"https:\/\/www.norn.is\/eva\/wp-json\/wp\/v2\/media\/5585"}],"wp:attachment":[{"href":"https:\/\/www.norn.is\/eva\/wp-json\/wp\/v2\/media?parent=5581"}],"wp:term":[{"taxonomy":"category","embeddable":true,"href":"https:\/\/www.norn.is\/eva\/wp-json\/wp\/v2\/categories?post=5581"},{"taxonomy":"post_tag","embeddable":true,"href":"https:\/\/www.norn.is\/eva\/wp-json\/wp\/v2\/tags?post=5581"}],"curies":[{"name":"wp","href":"https:\/\/api.w.org\/{rel}","templated":true}]}}