{"id":5407,"date":"2009-07-22T17:46:00","date_gmt":"2009-07-22T17:46:00","guid":{"rendered":"http:\/\/www.norn.is\/eva\/?p=5407"},"modified":"2021-06-27T17:52:03","modified_gmt":"2021-06-27T17:52:03","slug":"fornarlambsfeminisminn-vidheldur-ofbeldinu","status":"publish","type":"post","link":"https:\/\/www.norn.is\/eva\/2009\/07\/22\/fornarlambsfeminisminn-vidheldur-ofbeldinu\/","title":{"rendered":"F\u00f3rnarlambsfem\u00ednisminn vi\u00f0heldur ofbeldinu"},"content":{"rendered":"\n<p>Og hven\u00e6r kemur&nbsp;<a href=\"http:\/\/www.domstolar.is\/domaleit\/nanar\/?ID=S200900195&amp;Domur=4&amp;type=1&amp;Serial=1&amp;Words=\">mamman&nbsp;<\/a>fyrir d\u00f3m vegna vanr\u00e6kslu og yfirhylmingar? E\u00f0a er h\u00fan kannski f\u00f3rnarlamb en ekki samsek? Er h\u00fan kannski f\u00f3rnarlamb af \u00fev\u00ed a\u00f0 h\u00fan er ekki me\u00f0 dindil framan \u00e1 s\u00e9r?<\/p>\n\n\n\n<p>Man einhver eftir d\u00e6mi um a\u00f0 fa\u00f0ir e\u00f0a stj\u00fapfa\u00f0ir hafi sk\u00fdrt fr\u00e1 \u00fev\u00ed hj\u00e1 l\u00f6greglu e\u00f0a fyrir d\u00f3mi a\u00f0 hann hafi horft a\u00f0ger\u00f0alaus upp \u00e1 einhvern k\u00e1fa \u00e1 barninu s\u00ednu e\u00f0a hlusta\u00f0 \u00e1 kvartanir barna yfir sl\u00edku \u00e1n \u00feess a\u00f0 gera neitt \u00ed m\u00e1linu? Hva\u00f0 \u00fe\u00e6tti okkur um sl\u00edka heg\u00f0un ef karlma\u00f0ur \u00e6tti \u00ed hlut? Getur veri\u00f0 a\u00f0 ef hann \u00e6tti hagsmuna a\u00f0 g\u00e6ta, t.d. ef s\u00e1 sem framdi broti\u00f0 s\u00e6i fyrir honum, a\u00f0 einhverjir myndu l\u00edta svo \u00e1 a\u00f0 hann hef\u00f0i \u00f3beint selt a\u00f0gang a\u00f0 barninu s\u00ednu?<\/p>\n\n\n\n<p>\u00c9g a\u00f0hyllist r\u00e9tt hverrar manneskju til a\u00f0 f\u00e1 a\u00f0 lifa \u00fev\u00ed l\u00edfi sem henni s\u00fdnist (me\u00f0 \u00feeim takm\u00f6rkunum a\u00f0 ekki s\u00e9 gengi\u00f0 \u00e1 r\u00e9tt annarra a\u00f0 sj\u00e1lfs\u00f6g\u00f0u.) A\u00f0 \u00fev\u00ed leyti hefur halla\u00f0 \u00e1 konur og gerir enn. Vi\u00f0 eigum \u00feeim konum miki\u00f0 a\u00f0 \u00feakka sem hafa barist fyrir r\u00e9tti kvenna til menntunar, starfa, jafnra launa, sko\u00f0ana, tj\u00e1ningar o.s.frv. M\u00e9r b\u00fd\u00f0ur hinsvegar vi\u00f0 \u00feeirri kvenfrelsisbar\u00e1ttu sem sn\u00fdst fyrst og fremst um \u00fea\u00f0 a\u00f0 koma konum \u00ed valdast\u00f6\u00f0ur enda skiptir engu andskotans m\u00e1li hvort s\u00e1 sem r\u00e1\u00f0skast me\u00f0 umhverfi manns og samf\u00e9lag heitir J\u00f3hanna e\u00f0a Geir. Enn meiri andstygg\u00f0 hef \u00e9g \u00fe\u00f3 \u00e1 \u00feeirri grein feminismans sem l\u00edtur \u00e1 konur sem \u00e1byrg\u00f0arlaus f\u00f3rnarl\u00f6mb \u00ed \u00f6llum m\u00e1lum. \u00c9g held reyndar a\u00f0 \u00feetta tvennt s\u00e9 til lengri t\u00edma dragb\u00edtur \u00e1 sj\u00e1lfst\u00e6\u00f0i og frelsi kvenna. Klofh\u00e1rafeminisminn, \u00fe.e. tilhneigingin til a\u00f0 sj\u00e1 kvenfyrirlitningu \u00ed \u00f3merkilegustu fyrirb\u00e6rum menningarinnar, er svo bara hl\u00e6gilegur.<\/p>\n\n\n\n<p>Konur n\u00e1\u00f0u fram kosningar\u00e9tti me\u00f0 \u00fev\u00ed a\u00f0 brenna kirkjur, ekki me\u00f0 \u00fev\u00ed a\u00f0 v\u00e6la yfir yfirgangi karlanna. Konur hafa n\u00e1\u00f0 fram vi\u00f0urkenningu \u00e1 \u00fev\u00ed a\u00f0 launajafnr\u00e9tti \u00e6tti a\u00f0 r\u00edkja (\u00fe\u00f3tt \u00fea\u00f0 markmi\u00f0 hafi ekki n\u00e1\u00f0st enn) me\u00f0 \u00fev\u00ed a\u00f0 tileinka s\u00e9r \u00feekkingu, gera sig \u00f3missandi \u00e1 vinnumarka\u00f0num og halda kr\u00f6fum s\u00ednum fram af h\u00f6rku en ekki me\u00f0 \u00fev\u00ed a\u00f0 sitja og tu\u00f0a. Kvenfrelsisbar\u00e1ttan \u00e6tti a\u00f0 sn\u00faast um r\u00e9tt kvenna til a\u00f0 stj\u00f3rna l\u00edfi s\u00ednu sj\u00e1lfar, vera \u00e1byrgar, hafa \u00e1hrif \u00e1 umhverfi sitt og samf\u00e9lag. \u00dea\u00f0 eru au\u00f0vita\u00f0 a\u00f0rar a\u00f0st\u00e6\u00f0ur \u00ed l\u00f6ndum \u00fear sem heimilisofbeldi er vi\u00f0urkennt og konur hafa l\u00edtinn lagalegan r\u00e9tt til a\u00f0 verja sig, en \u00e1 \u00cdslandi hafa k\u00faga\u00f0ar konur \u00e1g\u00e6tan a\u00f0gang a\u00f0 a\u00f0sto\u00f0 og r\u00e1\u00f0gj\u00f6f og \u00fea\u00f0 er gr\u00f3f m\u00f3g\u00f0un vi\u00f0 \u00fe\u00e6r konur sem l\u00f6g\u00f0u alla s\u00edna krafta \u00ed kvenfrelsisbar\u00e1ttuna a\u00f0 l\u00e1ta sem konur sem beita ofbeldi e\u00f0a l\u00e1ta ofbeldi afskiptalaust, s\u00e9u f\u00f3rnarl\u00f6mb.<\/p>\n\n\n\n<p>\u00dea\u00f0 er alveg hugsanlegt a\u00f0 \u00ed \u00feessu einstaka d\u00e6mi hafi m\u00f3\u00f0irin einhverja afs\u00f6kun. H\u00fan kemur fr\u00e1 menningarsamf\u00e9lagi \u00fear sem allt \u00f6nnur gildi r\u00edkja gagnvart sl\u00edkum m\u00e1lum og ekki tali\u00f0 jafn sj\u00e1lfsagt og h\u00e9r a\u00f0 konur r\u00edfi kjaft (og ef \u00fat \u00ed \u00fea\u00f0 er fari\u00f0 er svosem l\u00edka hugsanlegt a\u00f0 pabbinn s\u00e9 \u00b4einhverjum skilningi f\u00f3rnarlamb l\u00edka) \u00dea\u00f0 er hinsvegar regla fremur en undantekning a\u00f0 \u00feegar b\u00f6rn ver\u00f0a fyrir ofbeldi e\u00f0a misnotkun, komi fram \u00ed d\u00f3mnum a\u00f0 m\u00f3\u00f0irin hafi vita\u00f0 hva\u00f0 var a\u00f0 ske, stutt gerandann og hylmt yfir me\u00f0 honum. \u00dea\u00f0 er \u00f3tr\u00falegt a\u00f0 allar \u00feessar konur s\u00e9u hreinr\u00e6ktu\u00f0 f\u00f3rnarl\u00f6mb, svo hverju er afskiptaleysi m\u00e6\u00f0ra tali\u00f0 \u00e1s\u00e6ttanlegt?<\/p>\n","protected":false},"excerpt":{"rendered":"<p>Og hven\u00e6r kemur&nbsp;mamman&nbsp;fyrir d\u00f3m vegna vanr\u00e6kslu og yfirhylmingar? E\u00f0a er h\u00fan kannski f\u00f3rnarlamb en ekki samsek? Er h\u00fan kannski f\u00f3rnarlamb af \u00fev\u00ed a\u00f0 h\u00fan er ekki me\u00f0 dindil framan \u00e1 s\u00e9r? Man einhver eftir d\u00e6mi um a\u00f0 fa\u00f0ir e\u00f0a stj\u00fapfa\u00f0ir hafi sk\u00fdrt fr\u00e1 \u00fev\u00ed hj\u00e1 l\u00f6greglu e\u00f0a fyrir d\u00f3mi a\u00f0 hann hafi horft a\u00f0ger\u00f0alaus upp [&hellip;]<\/p>\n","protected":false},"author":7,"featured_media":5408,"comment_status":"closed","ping_status":"open","sticky":false,"template":"","format":"standard","meta":{"_et_pb_use_builder":"off","_et_pb_old_content":"","_et_gb_content_width":"","footnotes":""},"categories":[670,5],"tags":[941,942],"class_list":["post-5407","post","type-post","status-publish","format-standard","has-post-thumbnail","hentry","category-fornarlambsfeminismi","category-kyn-klam","tag-hin-heilaga-modir","tag-medvirkni","et-has-post-format-content","et_post_format-et-post-format-standard"],"yoast_head":"<!-- This site is optimized with the Yoast SEO plugin v27.5 - https:\/\/yoast.com\/product\/yoast-seo-wordpress\/ -->\n<title>F\u00f3rnarlambsfem\u00ednisminn vi\u00f0heldur ofbeldinu - Eva Hauksd\u00f3ttir<\/title>\n<meta name=\"robots\" content=\"index, follow, max-snippet:-1, max-image-preview:large, max-video-preview:-1\" \/>\n<link rel=\"canonical\" href=\"https:\/\/www.norn.is\/eva\/2009\/07\/22\/fornarlambsfeminisminn-vidheldur-ofbeldinu\/\" \/>\n<meta property=\"og:locale\" content=\"is_IS\" \/>\n<meta property=\"og:type\" content=\"article\" \/>\n<meta property=\"og:title\" content=\"F\u00f3rnarlambsfem\u00ednisminn vi\u00f0heldur ofbeldinu - Eva Hauksd\u00f3ttir\" \/>\n<meta property=\"og:description\" content=\"Og hven\u00e6r kemur&nbsp;mamman&nbsp;fyrir d\u00f3m vegna vanr\u00e6kslu og yfirhylmingar? E\u00f0a er h\u00fan kannski f\u00f3rnarlamb en ekki samsek? Er h\u00fan kannski f\u00f3rnarlamb af \u00fev\u00ed a\u00f0 h\u00fan er ekki me\u00f0 dindil framan \u00e1 s\u00e9r? Man einhver eftir d\u00e6mi um a\u00f0 fa\u00f0ir e\u00f0a stj\u00fapfa\u00f0ir hafi sk\u00fdrt fr\u00e1 \u00fev\u00ed hj\u00e1 l\u00f6greglu e\u00f0a fyrir d\u00f3mi a\u00f0 hann hafi horft a\u00f0ger\u00f0alaus upp [&hellip;]\" \/>\n<meta property=\"og:url\" content=\"https:\/\/www.norn.is\/eva\/2009\/07\/22\/fornarlambsfeminisminn-vidheldur-ofbeldinu\/\" \/>\n<meta property=\"og:site_name\" content=\"Eva Hauksd\u00f3ttir\" \/>\n<meta property=\"article:published_time\" content=\"2009-07-22T17:46:00+00:00\" \/>\n<meta property=\"article:modified_time\" content=\"2021-06-27T17:52:03+00:00\" \/>\n<meta property=\"og:image\" content=\"https:\/\/www.norn.is\/eva\/wp-content\/uploads\/sites\/36\/2021\/06\/mary-and-jesus.jpg\" \/>\n\t<meta property=\"og:image:width\" content=\"1024\" \/>\n\t<meta property=\"og:image:height\" content=\"768\" \/>\n\t<meta property=\"og:image:type\" content=\"image\/jpeg\" \/>\n<meta name=\"author\" content=\"Eva Hauksd\u00f3ttir\" \/>\n<meta name=\"twitter:card\" content=\"summary_large_image\" \/>\n<meta name=\"twitter:label1\" content=\"Written by\" \/>\n\t<meta name=\"twitter:data1\" content=\"\" \/>\n\t<meta name=\"twitter:label2\" content=\"Est. reading time\" \/>\n\t<meta name=\"twitter:data2\" content=\"3 minutes\" \/>\n<script type=\"application\/ld+json\" class=\"yoast-schema-graph\">{\"@context\":\"https:\\\/\\\/schema.org\",\"@graph\":[{\"@type\":\"Article\",\"@id\":\"https:\\\/\\\/www.norn.is\\\/eva\\\/2009\\\/07\\\/22\\\/fornarlambsfeminisminn-vidheldur-ofbeldinu\\\/#article\",\"isPartOf\":{\"@id\":\"https:\\\/\\\/www.norn.is\\\/eva\\\/2009\\\/07\\\/22\\\/fornarlambsfeminisminn-vidheldur-ofbeldinu\\\/\"},\"author\":{\"name\":\"Eva Hauksd\u00f3ttir\",\"@id\":\"https:\\\/\\\/www.norn.is\\\/eva\\\/#\\\/schema\\\/person\\\/1d9742389918a297671033a2b53d3d34\"},\"headline\":\"F\u00f3rnarlambsfem\u00ednisminn vi\u00f0heldur ofbeldinu\",\"datePublished\":\"2009-07-22T17:46:00+00:00\",\"dateModified\":\"2021-06-27T17:52:03+00:00\",\"mainEntityOfPage\":{\"@id\":\"https:\\\/\\\/www.norn.is\\\/eva\\\/2009\\\/07\\\/22\\\/fornarlambsfeminisminn-vidheldur-ofbeldinu\\\/\"},\"wordCount\":648,\"image\":{\"@id\":\"https:\\\/\\\/www.norn.is\\\/eva\\\/2009\\\/07\\\/22\\\/fornarlambsfeminisminn-vidheldur-ofbeldinu\\\/#primaryimage\"},\"thumbnailUrl\":\"https:\\\/\\\/www.norn.is\\\/eva\\\/wp-content\\\/uploads\\\/sites\\\/36\\\/2021\\\/06\\\/mary-and-jesus.jpg\",\"keywords\":[\"hin heilaga m\u00f3\u00f0ir\",\"me\u00f0virkni\"],\"articleSection\":[\"F\u00f3rnarlambsfem\u00ednismi\",\"Kyn &amp; kl\u00e1m\"],\"inLanguage\":\"is\"},{\"@type\":\"WebPage\",\"@id\":\"https:\\\/\\\/www.norn.is\\\/eva\\\/2009\\\/07\\\/22\\\/fornarlambsfeminisminn-vidheldur-ofbeldinu\\\/\",\"url\":\"https:\\\/\\\/www.norn.is\\\/eva\\\/2009\\\/07\\\/22\\\/fornarlambsfeminisminn-vidheldur-ofbeldinu\\\/\",\"name\":\"F\u00f3rnarlambsfem\u00ednisminn vi\u00f0heldur ofbeldinu - Eva Hauksd\u00f3ttir\",\"isPartOf\":{\"@id\":\"https:\\\/\\\/www.norn.is\\\/eva\\\/#website\"},\"primaryImageOfPage\":{\"@id\":\"https:\\\/\\\/www.norn.is\\\/eva\\\/2009\\\/07\\\/22\\\/fornarlambsfeminisminn-vidheldur-ofbeldinu\\\/#primaryimage\"},\"image\":{\"@id\":\"https:\\\/\\\/www.norn.is\\\/eva\\\/2009\\\/07\\\/22\\\/fornarlambsfeminisminn-vidheldur-ofbeldinu\\\/#primaryimage\"},\"thumbnailUrl\":\"https:\\\/\\\/www.norn.is\\\/eva\\\/wp-content\\\/uploads\\\/sites\\\/36\\\/2021\\\/06\\\/mary-and-jesus.jpg\",\"datePublished\":\"2009-07-22T17:46:00+00:00\",\"dateModified\":\"2021-06-27T17:52:03+00:00\",\"author\":{\"@id\":\"https:\\\/\\\/www.norn.is\\\/eva\\\/#\\\/schema\\\/person\\\/1d9742389918a297671033a2b53d3d34\"},\"breadcrumb\":{\"@id\":\"https:\\\/\\\/www.norn.is\\\/eva\\\/2009\\\/07\\\/22\\\/fornarlambsfeminisminn-vidheldur-ofbeldinu\\\/#breadcrumb\"},\"inLanguage\":\"is\",\"potentialAction\":[{\"@type\":\"ReadAction\",\"target\":[\"https:\\\/\\\/www.norn.is\\\/eva\\\/2009\\\/07\\\/22\\\/fornarlambsfeminisminn-vidheldur-ofbeldinu\\\/\"]}]},{\"@type\":\"ImageObject\",\"inLanguage\":\"is\",\"@id\":\"https:\\\/\\\/www.norn.is\\\/eva\\\/2009\\\/07\\\/22\\\/fornarlambsfeminisminn-vidheldur-ofbeldinu\\\/#primaryimage\",\"url\":\"https:\\\/\\\/www.norn.is\\\/eva\\\/wp-content\\\/uploads\\\/sites\\\/36\\\/2021\\\/06\\\/mary-and-jesus.jpg\",\"contentUrl\":\"https:\\\/\\\/www.norn.is\\\/eva\\\/wp-content\\\/uploads\\\/sites\\\/36\\\/2021\\\/06\\\/mary-and-jesus.jpg\",\"width\":1024,\"height\":768},{\"@type\":\"BreadcrumbList\",\"@id\":\"https:\\\/\\\/www.norn.is\\\/eva\\\/2009\\\/07\\\/22\\\/fornarlambsfeminisminn-vidheldur-ofbeldinu\\\/#breadcrumb\",\"itemListElement\":[{\"@type\":\"ListItem\",\"position\":1,\"name\":\"Home\",\"item\":\"https:\\\/\\\/www.norn.is\\\/eva\\\/\"},{\"@type\":\"ListItem\",\"position\":2,\"name\":\"F\u00f3rnarlambsfem\u00ednisminn vi\u00f0heldur ofbeldinu\"}]},{\"@type\":\"WebSite\",\"@id\":\"https:\\\/\\\/www.norn.is\\\/eva\\\/#website\",\"url\":\"https:\\\/\\\/www.norn.is\\\/eva\\\/\",\"name\":\"Eva Hauksd\u00f3ttir\",\"description\":\"Evu blogg\",\"potentialAction\":[{\"@type\":\"SearchAction\",\"target\":{\"@type\":\"EntryPoint\",\"urlTemplate\":\"https:\\\/\\\/www.norn.is\\\/eva\\\/?s={search_term_string}\"},\"query-input\":{\"@type\":\"PropertyValueSpecification\",\"valueRequired\":true,\"valueName\":\"search_term_string\"}}],\"inLanguage\":\"is\"},{\"@type\":\"Person\",\"@id\":\"https:\\\/\\\/www.norn.is\\\/eva\\\/#\\\/schema\\\/person\\\/1d9742389918a297671033a2b53d3d34\",\"name\":\"Eva Hauksd\u00f3ttir\",\"image\":{\"@type\":\"ImageObject\",\"inLanguage\":\"is\",\"@id\":\"https:\\\/\\\/secure.gravatar.com\\\/avatar\\\/3690cd9ff7436a8a5d80acdc8fcb1046fbb9e002d4b532c85080d1bcbede84ce?s=96&d=mm&r=g\",\"url\":\"https:\\\/\\\/secure.gravatar.com\\\/avatar\\\/3690cd9ff7436a8a5d80acdc8fcb1046fbb9e002d4b532c85080d1bcbede84ce?s=96&d=mm&r=g\",\"contentUrl\":\"https:\\\/\\\/secure.gravatar.com\\\/avatar\\\/3690cd9ff7436a8a5d80acdc8fcb1046fbb9e002d4b532c85080d1bcbede84ce?s=96&d=mm&r=g\",\"caption\":\"Eva Hauksd\u00f3ttir\"},\"url\":\"https:\\\/\\\/www.norn.is\\\/eva\\\/author\\\/evahauks\\\/\"}]}<\/script>\n<!-- \/ Yoast SEO plugin. -->","yoast_head_json":{"title":"F\u00f3rnarlambsfem\u00ednisminn vi\u00f0heldur ofbeldinu - Eva Hauksd\u00f3ttir","robots":{"index":"index","follow":"follow","max-snippet":"max-snippet:-1","max-image-preview":"max-image-preview:large","max-video-preview":"max-video-preview:-1"},"canonical":"https:\/\/www.norn.is\/eva\/2009\/07\/22\/fornarlambsfeminisminn-vidheldur-ofbeldinu\/","og_locale":"is_IS","og_type":"article","og_title":"F\u00f3rnarlambsfem\u00ednisminn vi\u00f0heldur ofbeldinu - Eva Hauksd\u00f3ttir","og_description":"Og hven\u00e6r kemur&nbsp;mamman&nbsp;fyrir d\u00f3m vegna vanr\u00e6kslu og yfirhylmingar? E\u00f0a er h\u00fan kannski f\u00f3rnarlamb en ekki samsek? Er h\u00fan kannski f\u00f3rnarlamb af \u00fev\u00ed a\u00f0 h\u00fan er ekki me\u00f0 dindil framan \u00e1 s\u00e9r? Man einhver eftir d\u00e6mi um a\u00f0 fa\u00f0ir e\u00f0a stj\u00fapfa\u00f0ir hafi sk\u00fdrt fr\u00e1 \u00fev\u00ed hj\u00e1 l\u00f6greglu e\u00f0a fyrir d\u00f3mi a\u00f0 hann hafi horft a\u00f0ger\u00f0alaus upp [&hellip;]","og_url":"https:\/\/www.norn.is\/eva\/2009\/07\/22\/fornarlambsfeminisminn-vidheldur-ofbeldinu\/","og_site_name":"Eva Hauksd\u00f3ttir","article_published_time":"2009-07-22T17:46:00+00:00","article_modified_time":"2021-06-27T17:52:03+00:00","og_image":[{"width":1024,"height":768,"url":"https:\/\/www.norn.is\/eva\/wp-content\/uploads\/sites\/36\/2021\/06\/mary-and-jesus.jpg","type":"image\/jpeg"}],"author":"Eva Hauksd\u00f3ttir","twitter_card":"summary_large_image","twitter_misc":{"Written by":false,"Est. reading time":"3 minutes"},"schema":{"@context":"https:\/\/schema.org","@graph":[{"@type":"Article","@id":"https:\/\/www.norn.is\/eva\/2009\/07\/22\/fornarlambsfeminisminn-vidheldur-ofbeldinu\/#article","isPartOf":{"@id":"https:\/\/www.norn.is\/eva\/2009\/07\/22\/fornarlambsfeminisminn-vidheldur-ofbeldinu\/"},"author":{"name":"Eva Hauksd\u00f3ttir","@id":"https:\/\/www.norn.is\/eva\/#\/schema\/person\/1d9742389918a297671033a2b53d3d34"},"headline":"F\u00f3rnarlambsfem\u00ednisminn vi\u00f0heldur ofbeldinu","datePublished":"2009-07-22T17:46:00+00:00","dateModified":"2021-06-27T17:52:03+00:00","mainEntityOfPage":{"@id":"https:\/\/www.norn.is\/eva\/2009\/07\/22\/fornarlambsfeminisminn-vidheldur-ofbeldinu\/"},"wordCount":648,"image":{"@id":"https:\/\/www.norn.is\/eva\/2009\/07\/22\/fornarlambsfeminisminn-vidheldur-ofbeldinu\/#primaryimage"},"thumbnailUrl":"https:\/\/www.norn.is\/eva\/wp-content\/uploads\/sites\/36\/2021\/06\/mary-and-jesus.jpg","keywords":["hin heilaga m\u00f3\u00f0ir","me\u00f0virkni"],"articleSection":["F\u00f3rnarlambsfem\u00ednismi","Kyn &amp; kl\u00e1m"],"inLanguage":"is"},{"@type":"WebPage","@id":"https:\/\/www.norn.is\/eva\/2009\/07\/22\/fornarlambsfeminisminn-vidheldur-ofbeldinu\/","url":"https:\/\/www.norn.is\/eva\/2009\/07\/22\/fornarlambsfeminisminn-vidheldur-ofbeldinu\/","name":"F\u00f3rnarlambsfem\u00ednisminn vi\u00f0heldur ofbeldinu - Eva Hauksd\u00f3ttir","isPartOf":{"@id":"https:\/\/www.norn.is\/eva\/#website"},"primaryImageOfPage":{"@id":"https:\/\/www.norn.is\/eva\/2009\/07\/22\/fornarlambsfeminisminn-vidheldur-ofbeldinu\/#primaryimage"},"image":{"@id":"https:\/\/www.norn.is\/eva\/2009\/07\/22\/fornarlambsfeminisminn-vidheldur-ofbeldinu\/#primaryimage"},"thumbnailUrl":"https:\/\/www.norn.is\/eva\/wp-content\/uploads\/sites\/36\/2021\/06\/mary-and-jesus.jpg","datePublished":"2009-07-22T17:46:00+00:00","dateModified":"2021-06-27T17:52:03+00:00","author":{"@id":"https:\/\/www.norn.is\/eva\/#\/schema\/person\/1d9742389918a297671033a2b53d3d34"},"breadcrumb":{"@id":"https:\/\/www.norn.is\/eva\/2009\/07\/22\/fornarlambsfeminisminn-vidheldur-ofbeldinu\/#breadcrumb"},"inLanguage":"is","potentialAction":[{"@type":"ReadAction","target":["https:\/\/www.norn.is\/eva\/2009\/07\/22\/fornarlambsfeminisminn-vidheldur-ofbeldinu\/"]}]},{"@type":"ImageObject","inLanguage":"is","@id":"https:\/\/www.norn.is\/eva\/2009\/07\/22\/fornarlambsfeminisminn-vidheldur-ofbeldinu\/#primaryimage","url":"https:\/\/www.norn.is\/eva\/wp-content\/uploads\/sites\/36\/2021\/06\/mary-and-jesus.jpg","contentUrl":"https:\/\/www.norn.is\/eva\/wp-content\/uploads\/sites\/36\/2021\/06\/mary-and-jesus.jpg","width":1024,"height":768},{"@type":"BreadcrumbList","@id":"https:\/\/www.norn.is\/eva\/2009\/07\/22\/fornarlambsfeminisminn-vidheldur-ofbeldinu\/#breadcrumb","itemListElement":[{"@type":"ListItem","position":1,"name":"Home","item":"https:\/\/www.norn.is\/eva\/"},{"@type":"ListItem","position":2,"name":"F\u00f3rnarlambsfem\u00ednisminn vi\u00f0heldur ofbeldinu"}]},{"@type":"WebSite","@id":"https:\/\/www.norn.is\/eva\/#website","url":"https:\/\/www.norn.is\/eva\/","name":"Eva Hauksd\u00f3ttir","description":"Evu blogg","potentialAction":[{"@type":"SearchAction","target":{"@type":"EntryPoint","urlTemplate":"https:\/\/www.norn.is\/eva\/?s={search_term_string}"},"query-input":{"@type":"PropertyValueSpecification","valueRequired":true,"valueName":"search_term_string"}}],"inLanguage":"is"},{"@type":"Person","@id":"https:\/\/www.norn.is\/eva\/#\/schema\/person\/1d9742389918a297671033a2b53d3d34","name":"Eva Hauksd\u00f3ttir","image":{"@type":"ImageObject","inLanguage":"is","@id":"https:\/\/secure.gravatar.com\/avatar\/3690cd9ff7436a8a5d80acdc8fcb1046fbb9e002d4b532c85080d1bcbede84ce?s=96&d=mm&r=g","url":"https:\/\/secure.gravatar.com\/avatar\/3690cd9ff7436a8a5d80acdc8fcb1046fbb9e002d4b532c85080d1bcbede84ce?s=96&d=mm&r=g","contentUrl":"https:\/\/secure.gravatar.com\/avatar\/3690cd9ff7436a8a5d80acdc8fcb1046fbb9e002d4b532c85080d1bcbede84ce?s=96&d=mm&r=g","caption":"Eva Hauksd\u00f3ttir"},"url":"https:\/\/www.norn.is\/eva\/author\/evahauks\/"}]}},"_links":{"self":[{"href":"https:\/\/www.norn.is\/eva\/wp-json\/wp\/v2\/posts\/5407","targetHints":{"allow":["GET"]}}],"collection":[{"href":"https:\/\/www.norn.is\/eva\/wp-json\/wp\/v2\/posts"}],"about":[{"href":"https:\/\/www.norn.is\/eva\/wp-json\/wp\/v2\/types\/post"}],"author":[{"embeddable":true,"href":"https:\/\/www.norn.is\/eva\/wp-json\/wp\/v2\/users\/7"}],"replies":[{"embeddable":true,"href":"https:\/\/www.norn.is\/eva\/wp-json\/wp\/v2\/comments?post=5407"}],"version-history":[{"count":1,"href":"https:\/\/www.norn.is\/eva\/wp-json\/wp\/v2\/posts\/5407\/revisions"}],"predecessor-version":[{"id":5409,"href":"https:\/\/www.norn.is\/eva\/wp-json\/wp\/v2\/posts\/5407\/revisions\/5409"}],"wp:featuredmedia":[{"embeddable":true,"href":"https:\/\/www.norn.is\/eva\/wp-json\/wp\/v2\/media\/5408"}],"wp:attachment":[{"href":"https:\/\/www.norn.is\/eva\/wp-json\/wp\/v2\/media?parent=5407"}],"wp:term":[{"taxonomy":"category","embeddable":true,"href":"https:\/\/www.norn.is\/eva\/wp-json\/wp\/v2\/categories?post=5407"},{"taxonomy":"post_tag","embeddable":true,"href":"https:\/\/www.norn.is\/eva\/wp-json\/wp\/v2\/tags?post=5407"}],"curies":[{"name":"wp","href":"https:\/\/api.w.org\/{rel}","templated":true}]}}