{"id":5106,"date":"2012-11-01T11:42:00","date_gmt":"2012-11-01T11:42:00","guid":{"rendered":"http:\/\/www.norn.is\/eva\/?p=5106"},"modified":"2021-06-20T12:01:58","modified_gmt":"2021-06-20T12:01:58","slug":"feitabollufeminisma-i-skolana-um-heilsufarskafla-kynungabokar","status":"publish","type":"post","link":"https:\/\/www.norn.is\/eva\/2012\/11\/01\/feitabollufeminisma-i-skolana-um-heilsufarskafla-kynungabokar\/","title":{"rendered":"Feitabollufem\u00ednisma \u00ed sk\u00f3lana \u2013 um heilsufarskafla Kynungab\u00f3kar"},"content":{"rendered":"\n<p>\u00deessi f\u00e6rsla tilheyrir pistlar\u00f6\u00f0 sem \u00a0fjallar um\u00a0<a href=\"http:\/\/www.norn.is\/eva\/category\/kyn-klam\/kennivald-kvenhyggjunnar\/\" target=\"_blank\" rel=\"noreferrer noopener\">Kennivald kvenhyggjunnar<\/a>. Til \u00feess a\u00f0 draga fram \u00feau sj\u00f3narhorn \u00e1 jafnr\u00e9ttism\u00e1l sem feministar eru a\u00f0 reyna a\u00f0 innlei\u00f0a \u00ed sk\u00f3lakerfi\u00f0, er tilvali\u00f0 a\u00f0 sko\u00f0a\u00a0<a href=\"http:\/\/www.menntamalaraduneyti.is\/media\/MRN-pdf\/kynungabok-vefutgafa.pdf\">Kynungab\u00f3k<\/a>, kennslub\u00f3k fyrir unglinga skrifa\u00f0a \u00e1 forsendum feminisma og m\u00f3tunarhyggju.<\/p>\n\n\n\n<p>\u00cd fyrstu k\u00f6flum Kynungab\u00f3kar vantar sj\u00f3narhorn karla. \u00cd Fj\u00f6lmi\u00f0lakaflanum h\u00f3fst f\u00f3rnarlambsfemnisminn \u00e1 loft og hann heldur fluginu \u00ed heilsufarskaflanum, \u00fear sem vandam\u00e1l karla eru l\u00edtt til umr\u00e6\u00f0u. Verra er \u00fe\u00f3 a\u00f0 \u00ed heilsufarskaflanum er prediku\u00f0 s\u00fa ranghugmynd a\u00f0 holdafar skipti ekki m\u00e1li.<\/p>\n\n\n\n<h2 class=\"wp-block-heading\"><strong>Hin kynbundna heilsufars\u00fevers\u00f6gn<\/strong><\/h2>\n\n\n\n<p>\u00cd heilsufarskaflanum er fyrst kynnt til s\u00f6gunnar \u201ehin kynbundna \u00fevers\u00f6gn \u00ed heilsufari\u201c.<\/p>\n\n\n\n<div class=\"wp-block-image\"><figure class=\"alignleft size-large\"><img loading=\"lazy\" decoding=\"async\" width=\"205\" height=\"246\" src=\"http:\/\/www.norn.is\/eva\/wp-content\/uploads\/sites\/36\/2021\/06\/kynungabok.png\" alt=\"\" class=\"wp-image-5108\"\/><\/figure><\/div>\n\n\n\n<p>Me\u00f0al\u00e6vi kvenna er lengri en karla. Konur leita oftar til l\u00e6knis, f\u00e1 oftar greiningu og fara oftar \u00ed a\u00f0ger\u00f0ir. \u00deetta telja h\u00f6fundar Kynungab\u00f3kar st\u00f3rmerkilega \u00fevers\u00f6gn; konur vir\u00f0ast samkv\u00e6mt notkun sinni \u00e1 heilbrig\u00f0is\u00fej\u00f3nustu veikari en karlar en lifa samt lengur!<\/p>\n\n\n\n<p>F\u00f3lk sem hugar a\u00f0 heilsu sinni og f\u00e6r vi\u00f0eigandi me\u00f0fer\u00f0 lifir lengur en f\u00f3lk sem f\u00e6r ekki vi\u00f0eigandi me\u00f0fer\u00f0 vi\u00f0 sj\u00fakd\u00f3mum, \u00feetta er \u201ehin kynbundna heilsufars\u00fevers\u00f6gn.\u201c Allt ver\u00f0ur n\u00fa kynjafr\u00e6\u00f0inni a\u00f0 v\u00edsindum.<\/p>\n\n\n\n<p>M\u00e9r finnst mun \u00e1hugaver\u00f0ari spurning hversvegna karlmenn drusli s\u00e9r ekki til l\u00e6knis \u00feegar eitthva\u00f0 amar a\u00f0 \u00feeim og hef\u00f0i haldi\u00f0 a\u00f0 \u00fear v\u00e6ri tilefni til a\u00f0 sko\u00f0a kynja\u00edmyndirnar sem feministum eru svo hugleiknar. \u00de\u00e6r eru l\u00edka sannarlega til umfj\u00f6llunar \u00ed \u00feessum kafla sem \u00f6\u00f0rum, en ekki \u00fe\u00f3 \u00ed \u00feessu samhengi; h\u00e9r er ni\u00f0ursta\u00f0an s\u00fa a\u00f0 heilsufar kvenna s\u00e9 verra en karla.<\/p>\n\n\n\n<h2 class=\"wp-block-heading\"><strong>Gjald karlmennskunnar<\/strong><\/h2>\n\n\n\n<p>\u00cd heilsufarskaflanum gerast \u00fe\u00f3 \u00feau undur og st\u00f3rmerki, \u00ed fyrsta sinn \u00ed \u00feessari b\u00f3k, a\u00f0 nefnt er jafnr\u00e9ttismarkmi\u00f0 sem sn\u00fdr fremur a\u00f0 k\u00f6rlum en konum; \u00fea\u00f0 markmi\u00f0 a\u00f0 draga \u00far \u00fe\u00e1ttum sem sker\u00f0a l\u00edfsl\u00edkur karla. \u00deessir \u00fe\u00e6ttir eru samkv\u00e6mt Kynungab\u00f3k kalla\u00f0ir \u201egjald karlmennskunnar\u201c, \u00fear sem kynja\u00edmyndir s\u00e9u st\u00e6rsta ors\u00f6k \u00feeirra.<\/p>\n\n\n\n<p>Um er a\u00f0 r\u00e6\u00f0a aflei\u00f0ingar af \u00e1h\u00e6ttuheg\u00f0un, \u00e1lagssj\u00fakd\u00f3ma tengda vinnu, vinnuslys, f\u00edknsj\u00fakd\u00f3ma og sj\u00e1lfsv\u00edg, jafnvel \u00e1r\u00e1sarheg\u00f0un. \u00c9g l\u00fdsi \u00e1n\u00e6gju minni me\u00f0 a\u00f0 \u00feessir \u00fe\u00e6ttir s\u00e9u nefndir en augl\u00fdsi um lei\u00f0 eftir \u00fev\u00ed hvar og hvernig jafnr\u00e9ttisbar\u00e1ttan hefur brug\u00f0ist vi\u00f0 \u00feessum vandam\u00e1lum \u00e1 \u00cdslandi. \u00dea\u00f0 kemur ekki fram \u00ed Kynungab\u00f3k og \u00e9g hef aldrei nokkrunt\u00edma s\u00e9\u00f0 e\u00f0a heyrt neitt um \u00feetta h\u00e1leita markmi\u00f0 \u00ed tengslum vi\u00f0 jafnr\u00e9ttisbar\u00e1ttu. Slysavarnir \u00e1 vinnust\u00f6\u00f0um hafa veri\u00f0 algerlega \u00f3h\u00e1\u00f0ar jafnr\u00e9ttism\u00e1lum og mi\u00f0a\u00f0 a\u00f0 \u00fev\u00ed a\u00f0 auka \u00f6ryggi \u00f3h\u00e1\u00f0 kynfer\u00f0i og \u00e9g \u00e6tla r\u00e9tt a\u00f0 vona a\u00f0 ekki ver\u00f0i tekin upp \u201ej\u00e1kv\u00e6\u00f0 mismunun\u201c \u00ed \u00feeim efnum.<\/p>\n\n\n\n<p>\u00de\u00f3tt a\u00f0eins s\u00e9 t\u00e6pt \u00e1 kyn\u00edmyndartengdum heilbrig\u00f0isvandam\u00e1lum karla eru algengustu heilbrig\u00f0isvandam\u00e1l pilta ekki til umr\u00e6\u00f0u.&nbsp;Ofvirkni, athyglisbrestur og \u00fdmsir s\u00e9rt\u00e6kir n\u00e1mserfi\u00f0leikar greinast mun oftar hj\u00e1 drengjum en st\u00falkum og valda gjarnan verulegum vanda \u00ed daglega l\u00edfi. Ekki er \u00fe\u00f3 viki\u00f0 a\u00f0 \u00feeim or\u00f0i.<\/p>\n\n\n\n<p><\/p>\n\n\n\n<figure class=\"wp-block-image size-large\"><img loading=\"lazy\" decoding=\"async\" width=\"1024\" height=\"498\" src=\"http:\/\/www.norn.is\/eva\/wp-content\/uploads\/sites\/36\/2021\/06\/curvy-1024x498.png\" alt=\"\" class=\"wp-image-5109\" srcset=\"https:\/\/www.norn.is\/eva\/wp-content\/uploads\/sites\/36\/2021\/06\/curvy-1024x498.png 1024w, https:\/\/www.norn.is\/eva\/wp-content\/uploads\/sites\/36\/2021\/06\/curvy-300x146.png 300w, https:\/\/www.norn.is\/eva\/wp-content\/uploads\/sites\/36\/2021\/06\/curvy-768x374.png 768w, https:\/\/www.norn.is\/eva\/wp-content\/uploads\/sites\/36\/2021\/06\/curvy-1080x525.png 1080w, https:\/\/www.norn.is\/eva\/wp-content\/uploads\/sites\/36\/2021\/06\/curvy.png 1244w\" sizes=\"auto, (max-width: 1024px) 100vw, 1024px\" \/><\/figure>\n\n\n\n<h2 class=\"wp-block-heading\"><strong>Kynheilbrig\u00f0is og ofbeldiskaflinn<\/strong><\/h2>\n\n\n\n<p>Kynungab\u00f3k r\u00e6\u00f0ir einnig kynheilbrig\u00f0i og \u00e1r\u00e1sarheg\u00f0un. \u00c9g er \u00ed megindr\u00e1ttum s\u00e1tt vi\u00f0 \u00fe\u00e1 umfj\u00f6llun en hef \u00fe\u00f3 eina athugasemd vi\u00f0 hvorn \u00fe\u00e1tt.<\/p>\n\n\n\n<p>\u00cd kynheilbrig\u00f0iskaflanum er \u00feessi sta\u00f0h\u00e6fing \u00e1 bls. 30<\/p>\n\n\n\n<blockquote class=\"wp-block-quote is-style-default is-layout-flow wp-block-quote-is-layout-flow\"><p>\u00ddmislegt \u00ed menningu okkar vir\u00f0ist t.d. \u00fdta undir gagnkynhneig\u00f0arrembu \u00fer\u00e1tt fyrir a\u00f0 umbur\u00f0arlyndi gagnvart hommum og lesb\u00edum hafi aukist \u00e1 s\u00ed\u00f0ustu \u00e1rum.<\/p><\/blockquote>\n\n\n\n<p>N\u00fa efast \u00e9g ekkert um a\u00f0 samkynhneig\u00f0ir og transf\u00f3lk ver\u00f0i enn\u00fe\u00e1 fyrir ford\u00f3mum en m\u00e9r finnst \u00feetta \u00fearfnast \u00fatsk\u00fdringar. Hvernig birtist \u201egagnkynhneig\u00f0arremba\u201c og hva\u00f0a \u201e\u00fdmislegt\u201c er \u00fea\u00f0 sem \u00fdtir undir hana? \u00dearna er \u00e1hugaver\u00f0ur punktur sem ekkert er unni\u00f0 \u00far.<\/p>\n\n\n\n<p>\u00cd ofbeldiskaflanum kemur fram a\u00f0 karlmenn fremji flestar l\u00edkams\u00e1r\u00e1sir. \u00deess er hinsvegar ekki geti\u00f0 a\u00f0 \u00fea\u00f0 eru l\u00edka karlmenn sem \u00ed yfirgn\u00e6fandi meirihluta tilvika ver\u00f0a fyrir \u00feeim. Raunin er s\u00fa a\u00f0<a href=\"http:\/\/logreglan.is\/upload\/files\/fornarlomb%281%29.pdf\">&nbsp;karlmenn eru \u00ed meirihluta brota\u00feola<\/a>&nbsp;\u00ed \u00f6llum flokkum afbrota nema kynfer\u00f0isbrotam\u00e1lum.&nbsp;\u00c9g hef\u00f0i haldi\u00f0 a\u00f0 \u00ed jafnr\u00e9ttisumfj\u00f6llun v\u00e6ri vi\u00f0eigandi a\u00f0 taka \u00fea\u00f0 fram, ekki s\u00edst \u00feegar fj\u00f6lmi\u00f0laumfj\u00f6llun vins\u00e6lustu mi\u00f0la um ofbeldi gagnvart konum er meiri en \u00f6ll \u00f6nnur umfj\u00f6llun um heilbrig\u00f0isvandam\u00e1l og gl\u00e6pi samanlagt.<\/p>\n\n\n\n<h2 class=\"wp-block-heading\"><strong>Feitabollufeminismi heldur innrei\u00f0 s\u00edna \u00ed sk\u00f3lakerfi\u00f0<\/strong><\/h2>\n\n\n\n<p>\u00cd heilsufarskaflanum er athygli vakin \u00e1 \u00fev\u00ed a\u00f0 st\u00falkur h\u00e6tti fyrr a\u00f0 stunda \u00ed\u00fer\u00f3ttir en drengir og \u00e1hersla l\u00f6g\u00f0 \u00e1 a\u00f0 hreyfing og g\u00f3\u00f0 heilsa fari saman, ekkert anna\u00f0 en gott um \u00fea\u00f0 a\u00f0 segja.<\/p>\n\n\n\n<p>Umfj\u00f6llun Kynungab\u00f3kar um n\u00e6ringu og holdafar er hinsvegar st\u00f3rkostlega gagnr\u00fdniver\u00f0. Ofeldi er eitt algengasta heilbrig\u00f0isvandam\u00e1l ungs f\u00f3lks \u00e1 \u00cdslandi og, fyrir utan neyslu \u00e1vanabindandi efna,&nbsp;\u00fea\u00f0 sem mest er komi\u00f0 undir l\u00edferni. Offita unglinga er ekki nefnd einu or\u00f0i, a\u00f0eins t\u00e6pt \u00e1 \u00fev\u00ed \u00ed einni setningu a\u00f0 f\u00f3lki yfir kj\u00f6r\u00feyngd hafi fj\u00f6lga\u00f0, k\u00f6rlum \u00fe\u00f3 meira en konum. \u00c1herslan er \u00f6ll \u00e1 \u00e1lagi\u00f0 sem fylgir \u00fev\u00ed a\u00f0 reyna a\u00f0 standast \u00fatlitskr\u00f6fur d\u00e6gurmenningarinnar og \u00e1tr\u00f6skun er kynnt s\u00e9rstaklega sem heilbrig\u00f0isvandam\u00e1l.<\/p>\n\n\n\n<div class=\"wp-block-image\"><figure class=\"alignleft size-large\"><img loading=\"lazy\" decoding=\"async\" width=\"326\" height=\"303\" src=\"http:\/\/www.norn.is\/eva\/wp-content\/uploads\/sites\/36\/2021\/06\/all-sizes.jpg\" alt=\"\" class=\"wp-image-5107\" srcset=\"https:\/\/www.norn.is\/eva\/wp-content\/uploads\/sites\/36\/2021\/06\/all-sizes.jpg 326w, https:\/\/www.norn.is\/eva\/wp-content\/uploads\/sites\/36\/2021\/06\/all-sizes-300x279.jpg 300w\" sizes=\"auto, (max-width: 326px) 100vw, 326px\" \/><\/figure><\/div>\n\n\n\n<p>\u00dea\u00f0 er \u00e1st\u00e6\u00f0a til a\u00f0 r\u00e6\u00f0a \u00fatlitskr\u00f6fur og&nbsp;&nbsp;\u00e1traskanir. \u00datlitskr\u00f6fur eru vafal\u00edti\u00f0 sterkur \u00e1hrifa\u00fe\u00e1ttur \u00ed \u00fer\u00f3un \u00e1traskana og st\u00e6rsti \u00e1h\u00e6ttuh\u00f3purinn er samkv\u00e6mt \u00feessari grein&nbsp;<a href=\"http:\/\/www.mbl.is\/greinasafn\/grein\/421096\/\">\u00ed\u00fer\u00f3ttast\u00falkur&nbsp;<\/a>(svo \u00fea\u00f0 er n\u00fa kannski ekki eing\u00f6ngu kl\u00e1mv\u00e6\u00f0ingunni um a\u00f0 kenna.) Langvinnt lystarstol er ekki t\u00edskufyrirb\u00e6ri heldur ge\u00f0sj\u00fakd\u00f3mur, t\u00ed\u00f0ni \u00feess hefur haldist st\u00f6\u00f0ug \u00ed&nbsp;<a href=\"http:\/\/www.laeknabladid.is\/2006\/02\/nr\/2241\">amk tvo \u00e1ratugi<\/a>&nbsp;og m\u00e1 \u00fev\u00ed \u00e6tla a\u00f0 tilraunir feminista til a\u00f0 breyta hugmyndum unglinga um \u00e6skilegt \u00fatlit hafi s\u00e1ral\u00edtil \u00e1hrif \u00e1 n\u00fdgengi hans.&nbsp;Svar feminista vi\u00f0 \u00fatlitsd\u00fdrkuninni er s\u00fa lygi a\u00f0 offita s\u00e9 ekkert vandam\u00e1l. \u00c9g hef enga tr\u00fa \u00e1 a\u00f0 margir muni gleypa \u00fe\u00e1 kenningu hr\u00e1a, hva\u00f0 \u00fe\u00e1 sta\u00f0h\u00e6finguna um a\u00f0 \u201efegur\u00f0 s\u00e9 til \u00ed \u00f6llum st\u00e6r\u00f0um\u201c. Einu unglingarnir sem munu taka mark \u00e1 \u00fev\u00ed eru \u00feeir sem eru \u00ed \u00e1h\u00e6ttu \u00e1 a\u00f0 koma s\u00e9r upp offitusj\u00fakd\u00f3mum.<\/p>\n\n\n\n<p>Heimildin fyrir \u00fev\u00ed a\u00f0 heilsa s\u00e9 \u00f3h\u00e1\u00f0 holdafari er ekki l\u00e6knisfr\u00e6\u00f0i af neinu tagi, heldur nets\u00ed\u00f0a \u00e1hugaf\u00f3lks um megrunarlausa daginn,&nbsp;<a href=\"http:\/\/likamsvirding.is\/\">likamsvirding.is<\/a>. Blogg&nbsp;<a href=\"http:\/\/blog.pressan.is\/likamsvirding\/\">Sigr\u00fanar Dan\u00edelsd\u00f3ttur<\/a>&nbsp;ber sama heiti,&nbsp;<em>l\u00edkamsvir\u00f0ing<\/em>, og sama netfang er gefi\u00f0 upp \u00e1 b\u00e1\u00f0um s\u00ed\u00f0um. \u00dea\u00f0 liggur \u00fev\u00ed beinast vi\u00f0 a\u00f0 uppl\u00fdsingarnar sem unglingunum er bo\u00f0i\u00f0 upp \u00e1 um tengslaleysi heilbrig\u00f0is og fitu, s\u00e9u fr\u00e1 Sigr\u00fanu komnar.<\/p>\n\n\n\n<p>Sigr\u00fan Dan\u00edelsd\u00f3ttir er g\u00f3\u00f0ur bloggari. H\u00fan hefur vaki\u00f0 athygli \u00e1 \u00fdmsum \u00f6fgum og m\u00fdtum sem tengjast n\u00e6ringu, l\u00edkamsr\u00e6kt og heilbrig\u00f0i. En h\u00fan er ekki s\u00e9rfr\u00e6\u00f0ingur \u00ed n\u00e6ringarfr\u00e6\u00f0i e\u00f0a n\u00e6ringartengdum sj\u00fakd\u00f3mum, heldur s\u00e1lfr\u00e6\u00f0ingur.&nbsp;\u00dea\u00f0 er \u00fat af fyrir sig \u00e1hugavert a\u00f0 f\u00e1 inns\u00fdn s\u00e1lfr\u00e6\u00f0ings \u00ed \u00fatlitsd\u00fdrkunarsamf\u00e9lagi\u00f0 en gallinn er s\u00e1 a\u00f0 Sigr\u00fan byggir s\u00ednar sko\u00f0anir \u00e1 \u00fev\u00ed sem \u00e9g hef kalla\u00f0 <a href=\"http:\/\/www.pistillinn.is\/?p=1907\">feitabollufeminisma<\/a>, \u00fe.e. feminiskri hugmyndafr\u00e6\u00f0i sem afneitar offitu sem heilbrig\u00f0isvandam\u00e1li og sta\u00f0h\u00e6fir a\u00f0 megrun virki ekki.<\/p>\n\n\n\n<p>\u00cd Kynungab\u00f3k eru \u00fea\u00f0&nbsp;<strong>ekki v\u00edsindi, heldur sko\u00f0anir Sigr\u00fanar Dan\u00edelsd\u00f3ttur, sem eru nefndar sem r\u00f6k<\/strong>&nbsp;fyrir \u00fev\u00ed a\u00f0 f\u00f3lki eigi&nbsp;a\u00f0 bor\u00f0a; eins og segir \u00e1 bls. 29:<\/p>\n\n\n\n<blockquote class=\"wp-block-quote is-style-default is-layout-flow wp-block-quote-is-layout-flow\"><p>&nbsp;samkv\u00e6mt innri merkjum hungurs og sa\u00f0ningar, matarlystar og n\u00e6ringar\u00fearfar hvers og eins \u00ed sta\u00f0 \u00feess a\u00f0 fylgja utana\u00f0komandi matarpl\u00f6num, reglum, bo\u00f0um og b\u00f6nnum.<\/p><\/blockquote>\n\n\n\n<p>\u00deetta er \u00ed samr\u00e6mi vi\u00f0 \u00fe\u00e1 kenningu a\u00f0 \u00fea\u00f0 a\u00f0 takast \u00e1 vi\u00f0 of\u00e1t me\u00f0 matarplani, e\u00f0a yfirh\u00f6fu\u00f0 a\u00f0 stj\u00f3rna matar\u00e6\u00f0i s\u00ednu \u00ed \u00feeim tilgangi a\u00f0 grennast, s\u00e9 b\u00e6\u00f0i \u00f3\u00fearft og tilgangslaust. \u00deessari hugmyndafr\u00e6\u00f0i er haldi\u00f0 fram sem sta\u00f0reynd, \u00ed kennslub\u00f3k fyrir krakka sem hafa alist upp \u00ed samf\u00e9lagi \u00fear sem augl\u00fdsingum um skyndif\u00e6\u00f0i og s\u00e6lg\u00e6ti er miskunnarlaust beint a\u00f0 unglingum me\u00f0 \u00f6llum s\u00e1lfr\u00e6\u00f0itrixum sem augl\u00fdsingabransinn kann a\u00f0 nefna. Unglingum sem b\u00faa \u00ed samf\u00e9lagi \u00fear sem &nbsp;<a href=\"http:\/\/www.laeknabladid.is\/tolublod\/2011\/02\/nr\/4100\">20% barna eru of feit<\/a>. Vi\u00f0 erum ekki a\u00f0 tala um einkaframtak einhverrar grasr\u00f3tarhreyfingar, heldur kennslub\u00f3k sem gefin er \u00fat af Menntam\u00e1lar\u00e1\u00f0uneytinu. \u00cd alv\u00f6ru tala\u00f0, finnst ykkur \u00feetta \u00ed lagi?<\/p>\n\n\n<div class=\"vlp-link-container vlp-layout-basic wp-block-visual-link-preview-link\"><a href=\"https:\/\/www.norn.is\/eva\/2012\/10\/28\/fjolmidlakafli-kynungabokar\/\" class=\"vlp-link\" title=\"Fj\u00f6lmi\u00f0lakafli Kynungab\u00f3kar\"><\/a><div class=\"vlp-layout-zone-side\"><div class=\"vlp-block-2 vlp-link-image\"><img loading=\"lazy\" decoding=\"async\" style=\"max-width: 150px;\" width=\"150\" height=\"60\" src=\"https:\/\/www.norn.is\/eva\/wp-content\/uploads\/sites\/36\/2021\/06\/fjolmidlar.png\" class=\"attachment-150x999 size-150x999\" alt=\"\" srcset=\"https:\/\/www.norn.is\/eva\/wp-content\/uploads\/sites\/36\/2021\/06\/fjolmidlar.png 799w, https:\/\/www.norn.is\/eva\/wp-content\/uploads\/sites\/36\/2021\/06\/fjolmidlar-300x119.png 300w, https:\/\/www.norn.is\/eva\/wp-content\/uploads\/sites\/36\/2021\/06\/fjolmidlar-768x305.png 768w\" sizes=\"auto, (max-width: 150px) 100vw, 150px\" \/><\/div><\/div><div class=\"vlp-layout-zone-main\"><div class=\"vlp-block-0 vlp-link-title\">Fj\u00f6lmi\u00f0lakafli Kynungab\u00f3kar<\/div><div class=\"vlp-block-1 vlp-link-summary\">\u00deessi f\u00e6rsla tilheyrir\u00a0pistlar\u00f6\u00f0 sem \u00a0fjallar um kennivald kvenhyggjunnar.\u00a0Til \u00feess a\u00f0 draga fram \u00feau sj\u00f3narhorn \u00e1 jafnr\u00e9ttism\u00e1l sem feministar eru a\u00f0 reyna a\u00f0 innlei\u00f0a \u00ed sk\u00f3lakerfi\u00f0, er tilvali\u00f0 a\u00f0 sko\u00f0a\u00a0Kynungab\u00f3k, kennslub\u00f3k skrifa\u00f0a \u00e1 forsendum feminisma og m\u00f3tunarhyggju. \u00cd \u00feeim k\u00f6flum Kynungab\u00f3kar sem \u00e9g \u00feegar hef fjalla\u00f0 um vantar sj\u00f3narhorn karla. \u00deeir kaflar eru \u00fev\u00ed \u00f3t\u00e6kir til [&hellip;]<\/div><\/div><\/div>","protected":false},"excerpt":{"rendered":"<p>\u00deessi f\u00e6rsla tilheyrir pistlar\u00f6\u00f0 sem \u00a0fjallar um\u00a0Kennivald kvenhyggjunnar. Til \u00feess a\u00f0 draga fram \u00feau sj\u00f3narhorn \u00e1 jafnr\u00e9ttism\u00e1l sem feministar eru a\u00f0 reyna a\u00f0 innlei\u00f0a \u00ed sk\u00f3lakerfi\u00f0, er tilvali\u00f0 a\u00f0 sko\u00f0a\u00a0Kynungab\u00f3k, kennslub\u00f3k fyrir unglinga skrifa\u00f0a \u00e1 forsendum feminisma og m\u00f3tunarhyggju. \u00cd fyrstu k\u00f6flum Kynungab\u00f3kar vantar sj\u00f3narhorn karla. \u00cd Fj\u00f6lmi\u00f0lakaflanum h\u00f3fst f\u00f3rnarlambsfemnisminn \u00e1 loft og hann heldur [&hellip;]<\/p>\n","protected":false},"author":7,"featured_media":5111,"comment_status":"closed","ping_status":"open","sticky":false,"template":"","format":"standard","meta":{"_et_pb_use_builder":"off","_et_pb_old_content":"","_et_gb_content_width":"","footnotes":""},"categories":[897,5],"tags":[],"class_list":["post-5106","post","type-post","status-publish","format-standard","has-post-thumbnail","hentry","category-kennivald-kvenhyggjunnar","category-kyn-klam","et-has-post-format-content","et_post_format-et-post-format-standard"],"yoast_head":"<!-- This site is optimized with the Yoast SEO plugin v27.5 - https:\/\/yoast.com\/product\/yoast-seo-wordpress\/ -->\n<title>Feitabollufem\u00ednisma \u00ed sk\u00f3lana \u2013 um heilsufarskafla Kynungab\u00f3kar - Eva Hauksd\u00f3ttir<\/title>\n<meta name=\"robots\" content=\"index, follow, max-snippet:-1, max-image-preview:large, max-video-preview:-1\" \/>\n<link rel=\"canonical\" href=\"https:\/\/www.norn.is\/eva\/2012\/11\/01\/feitabollufeminisma-i-skolana-um-heilsufarskafla-kynungabokar\/\" \/>\n<meta property=\"og:locale\" content=\"is_IS\" \/>\n<meta property=\"og:type\" content=\"article\" \/>\n<meta property=\"og:title\" content=\"Feitabollufem\u00ednisma \u00ed sk\u00f3lana \u2013 um heilsufarskafla Kynungab\u00f3kar - Eva Hauksd\u00f3ttir\" \/>\n<meta property=\"og:description\" content=\"\u00deessi f\u00e6rsla tilheyrir pistlar\u00f6\u00f0 sem \u00a0fjallar um\u00a0Kennivald kvenhyggjunnar. Til \u00feess a\u00f0 draga fram \u00feau sj\u00f3narhorn \u00e1 jafnr\u00e9ttism\u00e1l sem feministar eru a\u00f0 reyna a\u00f0 innlei\u00f0a \u00ed sk\u00f3lakerfi\u00f0, er tilvali\u00f0 a\u00f0 sko\u00f0a\u00a0Kynungab\u00f3k, kennslub\u00f3k fyrir unglinga skrifa\u00f0a \u00e1 forsendum feminisma og m\u00f3tunarhyggju. \u00cd fyrstu k\u00f6flum Kynungab\u00f3kar vantar sj\u00f3narhorn karla. \u00cd Fj\u00f6lmi\u00f0lakaflanum h\u00f3fst f\u00f3rnarlambsfemnisminn \u00e1 loft og hann heldur [&hellip;]\" \/>\n<meta property=\"og:url\" content=\"https:\/\/www.norn.is\/eva\/2012\/11\/01\/feitabollufeminisma-i-skolana-um-heilsufarskafla-kynungabokar\/\" \/>\n<meta property=\"og:site_name\" content=\"Eva Hauksd\u00f3ttir\" \/>\n<meta property=\"article:published_time\" content=\"2012-11-01T11:42:00+00:00\" \/>\n<meta property=\"article:modified_time\" content=\"2021-06-20T12:01:58+00:00\" \/>\n<meta property=\"og:image\" content=\"https:\/\/www.norn.is\/eva\/wp-content\/uploads\/sites\/36\/2012\/11\/obese-work-out-scaled.jpg\" \/>\n\t<meta property=\"og:image:width\" content=\"2560\" \/>\n\t<meta property=\"og:image:height\" content=\"1706\" \/>\n\t<meta property=\"og:image:type\" content=\"image\/jpeg\" \/>\n<meta name=\"author\" content=\"Eva Hauksd\u00f3ttir\" \/>\n<meta name=\"twitter:card\" content=\"summary_large_image\" \/>\n<meta name=\"twitter:label1\" content=\"Written by\" \/>\n\t<meta name=\"twitter:data1\" content=\"\" \/>\n\t<meta name=\"twitter:label2\" content=\"Est. reading time\" \/>\n\t<meta name=\"twitter:data2\" content=\"7 minutes\" \/>\n<script type=\"application\/ld+json\" class=\"yoast-schema-graph\">{\"@context\":\"https:\\\/\\\/schema.org\",\"@graph\":[{\"@type\":\"Article\",\"@id\":\"https:\\\/\\\/www.norn.is\\\/eva\\\/2012\\\/11\\\/01\\\/feitabollufeminisma-i-skolana-um-heilsufarskafla-kynungabokar\\\/#article\",\"isPartOf\":{\"@id\":\"https:\\\/\\\/www.norn.is\\\/eva\\\/2012\\\/11\\\/01\\\/feitabollufeminisma-i-skolana-um-heilsufarskafla-kynungabokar\\\/\"},\"author\":{\"name\":\"Eva Hauksd\u00f3ttir\",\"@id\":\"https:\\\/\\\/www.norn.is\\\/eva\\\/#\\\/schema\\\/person\\\/1d9742389918a297671033a2b53d3d34\"},\"headline\":\"Feitabollufem\u00ednisma \u00ed sk\u00f3lana \u2013 um heilsufarskafla Kynungab\u00f3kar\",\"datePublished\":\"2012-11-01T11:42:00+00:00\",\"dateModified\":\"2021-06-20T12:01:58+00:00\",\"mainEntityOfPage\":{\"@id\":\"https:\\\/\\\/www.norn.is\\\/eva\\\/2012\\\/11\\\/01\\\/feitabollufeminisma-i-skolana-um-heilsufarskafla-kynungabokar\\\/\"},\"wordCount\":1503,\"image\":{\"@id\":\"https:\\\/\\\/www.norn.is\\\/eva\\\/2012\\\/11\\\/01\\\/feitabollufeminisma-i-skolana-um-heilsufarskafla-kynungabokar\\\/#primaryimage\"},\"thumbnailUrl\":\"https:\\\/\\\/www.norn.is\\\/eva\\\/wp-content\\\/uploads\\\/sites\\\/36\\\/2012\\\/11\\\/obese-work-out-scaled.jpg\",\"articleSection\":[\"Kennivald kvenhyggjunnar\",\"Kyn &amp; kl\u00e1m\"],\"inLanguage\":\"is\"},{\"@type\":\"WebPage\",\"@id\":\"https:\\\/\\\/www.norn.is\\\/eva\\\/2012\\\/11\\\/01\\\/feitabollufeminisma-i-skolana-um-heilsufarskafla-kynungabokar\\\/\",\"url\":\"https:\\\/\\\/www.norn.is\\\/eva\\\/2012\\\/11\\\/01\\\/feitabollufeminisma-i-skolana-um-heilsufarskafla-kynungabokar\\\/\",\"name\":\"Feitabollufem\u00ednisma \u00ed sk\u00f3lana \u2013 um heilsufarskafla Kynungab\u00f3kar - Eva Hauksd\u00f3ttir\",\"isPartOf\":{\"@id\":\"https:\\\/\\\/www.norn.is\\\/eva\\\/#website\"},\"primaryImageOfPage\":{\"@id\":\"https:\\\/\\\/www.norn.is\\\/eva\\\/2012\\\/11\\\/01\\\/feitabollufeminisma-i-skolana-um-heilsufarskafla-kynungabokar\\\/#primaryimage\"},\"image\":{\"@id\":\"https:\\\/\\\/www.norn.is\\\/eva\\\/2012\\\/11\\\/01\\\/feitabollufeminisma-i-skolana-um-heilsufarskafla-kynungabokar\\\/#primaryimage\"},\"thumbnailUrl\":\"https:\\\/\\\/www.norn.is\\\/eva\\\/wp-content\\\/uploads\\\/sites\\\/36\\\/2012\\\/11\\\/obese-work-out-scaled.jpg\",\"datePublished\":\"2012-11-01T11:42:00+00:00\",\"dateModified\":\"2021-06-20T12:01:58+00:00\",\"author\":{\"@id\":\"https:\\\/\\\/www.norn.is\\\/eva\\\/#\\\/schema\\\/person\\\/1d9742389918a297671033a2b53d3d34\"},\"breadcrumb\":{\"@id\":\"https:\\\/\\\/www.norn.is\\\/eva\\\/2012\\\/11\\\/01\\\/feitabollufeminisma-i-skolana-um-heilsufarskafla-kynungabokar\\\/#breadcrumb\"},\"inLanguage\":\"is\",\"potentialAction\":[{\"@type\":\"ReadAction\",\"target\":[\"https:\\\/\\\/www.norn.is\\\/eva\\\/2012\\\/11\\\/01\\\/feitabollufeminisma-i-skolana-um-heilsufarskafla-kynungabokar\\\/\"]}]},{\"@type\":\"ImageObject\",\"inLanguage\":\"is\",\"@id\":\"https:\\\/\\\/www.norn.is\\\/eva\\\/2012\\\/11\\\/01\\\/feitabollufeminisma-i-skolana-um-heilsufarskafla-kynungabokar\\\/#primaryimage\",\"url\":\"https:\\\/\\\/www.norn.is\\\/eva\\\/wp-content\\\/uploads\\\/sites\\\/36\\\/2012\\\/11\\\/obese-work-out-scaled.jpg\",\"contentUrl\":\"https:\\\/\\\/www.norn.is\\\/eva\\\/wp-content\\\/uploads\\\/sites\\\/36\\\/2012\\\/11\\\/obese-work-out-scaled.jpg\",\"width\":2560,\"height\":1706},{\"@type\":\"BreadcrumbList\",\"@id\":\"https:\\\/\\\/www.norn.is\\\/eva\\\/2012\\\/11\\\/01\\\/feitabollufeminisma-i-skolana-um-heilsufarskafla-kynungabokar\\\/#breadcrumb\",\"itemListElement\":[{\"@type\":\"ListItem\",\"position\":1,\"name\":\"Home\",\"item\":\"https:\\\/\\\/www.norn.is\\\/eva\\\/\"},{\"@type\":\"ListItem\",\"position\":2,\"name\":\"Feitabollufem\u00ednisma \u00ed sk\u00f3lana \u2013 um heilsufarskafla Kynungab\u00f3kar\"}]},{\"@type\":\"WebSite\",\"@id\":\"https:\\\/\\\/www.norn.is\\\/eva\\\/#website\",\"url\":\"https:\\\/\\\/www.norn.is\\\/eva\\\/\",\"name\":\"Eva Hauksd\u00f3ttir\",\"description\":\"Evu blogg\",\"potentialAction\":[{\"@type\":\"SearchAction\",\"target\":{\"@type\":\"EntryPoint\",\"urlTemplate\":\"https:\\\/\\\/www.norn.is\\\/eva\\\/?s={search_term_string}\"},\"query-input\":{\"@type\":\"PropertyValueSpecification\",\"valueRequired\":true,\"valueName\":\"search_term_string\"}}],\"inLanguage\":\"is\"},{\"@type\":\"Person\",\"@id\":\"https:\\\/\\\/www.norn.is\\\/eva\\\/#\\\/schema\\\/person\\\/1d9742389918a297671033a2b53d3d34\",\"name\":\"Eva Hauksd\u00f3ttir\",\"image\":{\"@type\":\"ImageObject\",\"inLanguage\":\"is\",\"@id\":\"https:\\\/\\\/secure.gravatar.com\\\/avatar\\\/3690cd9ff7436a8a5d80acdc8fcb1046fbb9e002d4b532c85080d1bcbede84ce?s=96&d=mm&r=g\",\"url\":\"https:\\\/\\\/secure.gravatar.com\\\/avatar\\\/3690cd9ff7436a8a5d80acdc8fcb1046fbb9e002d4b532c85080d1bcbede84ce?s=96&d=mm&r=g\",\"contentUrl\":\"https:\\\/\\\/secure.gravatar.com\\\/avatar\\\/3690cd9ff7436a8a5d80acdc8fcb1046fbb9e002d4b532c85080d1bcbede84ce?s=96&d=mm&r=g\",\"caption\":\"Eva Hauksd\u00f3ttir\"},\"url\":\"https:\\\/\\\/www.norn.is\\\/eva\\\/author\\\/evahauks\\\/\"}]}<\/script>\n<!-- \/ Yoast SEO plugin. -->","yoast_head_json":{"title":"Feitabollufem\u00ednisma \u00ed sk\u00f3lana \u2013 um heilsufarskafla Kynungab\u00f3kar - Eva Hauksd\u00f3ttir","robots":{"index":"index","follow":"follow","max-snippet":"max-snippet:-1","max-image-preview":"max-image-preview:large","max-video-preview":"max-video-preview:-1"},"canonical":"https:\/\/www.norn.is\/eva\/2012\/11\/01\/feitabollufeminisma-i-skolana-um-heilsufarskafla-kynungabokar\/","og_locale":"is_IS","og_type":"article","og_title":"Feitabollufem\u00ednisma \u00ed sk\u00f3lana \u2013 um heilsufarskafla Kynungab\u00f3kar - Eva Hauksd\u00f3ttir","og_description":"\u00deessi f\u00e6rsla tilheyrir pistlar\u00f6\u00f0 sem \u00a0fjallar um\u00a0Kennivald kvenhyggjunnar. Til \u00feess a\u00f0 draga fram \u00feau sj\u00f3narhorn \u00e1 jafnr\u00e9ttism\u00e1l sem feministar eru a\u00f0 reyna a\u00f0 innlei\u00f0a \u00ed sk\u00f3lakerfi\u00f0, er tilvali\u00f0 a\u00f0 sko\u00f0a\u00a0Kynungab\u00f3k, kennslub\u00f3k fyrir unglinga skrifa\u00f0a \u00e1 forsendum feminisma og m\u00f3tunarhyggju. \u00cd fyrstu k\u00f6flum Kynungab\u00f3kar vantar sj\u00f3narhorn karla. \u00cd Fj\u00f6lmi\u00f0lakaflanum h\u00f3fst f\u00f3rnarlambsfemnisminn \u00e1 loft og hann heldur [&hellip;]","og_url":"https:\/\/www.norn.is\/eva\/2012\/11\/01\/feitabollufeminisma-i-skolana-um-heilsufarskafla-kynungabokar\/","og_site_name":"Eva Hauksd\u00f3ttir","article_published_time":"2012-11-01T11:42:00+00:00","article_modified_time":"2021-06-20T12:01:58+00:00","og_image":[{"width":2560,"height":1706,"url":"https:\/\/www.norn.is\/eva\/wp-content\/uploads\/sites\/36\/2012\/11\/obese-work-out-scaled.jpg","type":"image\/jpeg"}],"author":"Eva Hauksd\u00f3ttir","twitter_card":"summary_large_image","twitter_misc":{"Written by":false,"Est. reading time":"7 minutes"},"schema":{"@context":"https:\/\/schema.org","@graph":[{"@type":"Article","@id":"https:\/\/www.norn.is\/eva\/2012\/11\/01\/feitabollufeminisma-i-skolana-um-heilsufarskafla-kynungabokar\/#article","isPartOf":{"@id":"https:\/\/www.norn.is\/eva\/2012\/11\/01\/feitabollufeminisma-i-skolana-um-heilsufarskafla-kynungabokar\/"},"author":{"name":"Eva Hauksd\u00f3ttir","@id":"https:\/\/www.norn.is\/eva\/#\/schema\/person\/1d9742389918a297671033a2b53d3d34"},"headline":"Feitabollufem\u00ednisma \u00ed sk\u00f3lana \u2013 um heilsufarskafla Kynungab\u00f3kar","datePublished":"2012-11-01T11:42:00+00:00","dateModified":"2021-06-20T12:01:58+00:00","mainEntityOfPage":{"@id":"https:\/\/www.norn.is\/eva\/2012\/11\/01\/feitabollufeminisma-i-skolana-um-heilsufarskafla-kynungabokar\/"},"wordCount":1503,"image":{"@id":"https:\/\/www.norn.is\/eva\/2012\/11\/01\/feitabollufeminisma-i-skolana-um-heilsufarskafla-kynungabokar\/#primaryimage"},"thumbnailUrl":"https:\/\/www.norn.is\/eva\/wp-content\/uploads\/sites\/36\/2012\/11\/obese-work-out-scaled.jpg","articleSection":["Kennivald kvenhyggjunnar","Kyn &amp; kl\u00e1m"],"inLanguage":"is"},{"@type":"WebPage","@id":"https:\/\/www.norn.is\/eva\/2012\/11\/01\/feitabollufeminisma-i-skolana-um-heilsufarskafla-kynungabokar\/","url":"https:\/\/www.norn.is\/eva\/2012\/11\/01\/feitabollufeminisma-i-skolana-um-heilsufarskafla-kynungabokar\/","name":"Feitabollufem\u00ednisma \u00ed sk\u00f3lana \u2013 um heilsufarskafla Kynungab\u00f3kar - Eva Hauksd\u00f3ttir","isPartOf":{"@id":"https:\/\/www.norn.is\/eva\/#website"},"primaryImageOfPage":{"@id":"https:\/\/www.norn.is\/eva\/2012\/11\/01\/feitabollufeminisma-i-skolana-um-heilsufarskafla-kynungabokar\/#primaryimage"},"image":{"@id":"https:\/\/www.norn.is\/eva\/2012\/11\/01\/feitabollufeminisma-i-skolana-um-heilsufarskafla-kynungabokar\/#primaryimage"},"thumbnailUrl":"https:\/\/www.norn.is\/eva\/wp-content\/uploads\/sites\/36\/2012\/11\/obese-work-out-scaled.jpg","datePublished":"2012-11-01T11:42:00+00:00","dateModified":"2021-06-20T12:01:58+00:00","author":{"@id":"https:\/\/www.norn.is\/eva\/#\/schema\/person\/1d9742389918a297671033a2b53d3d34"},"breadcrumb":{"@id":"https:\/\/www.norn.is\/eva\/2012\/11\/01\/feitabollufeminisma-i-skolana-um-heilsufarskafla-kynungabokar\/#breadcrumb"},"inLanguage":"is","potentialAction":[{"@type":"ReadAction","target":["https:\/\/www.norn.is\/eva\/2012\/11\/01\/feitabollufeminisma-i-skolana-um-heilsufarskafla-kynungabokar\/"]}]},{"@type":"ImageObject","inLanguage":"is","@id":"https:\/\/www.norn.is\/eva\/2012\/11\/01\/feitabollufeminisma-i-skolana-um-heilsufarskafla-kynungabokar\/#primaryimage","url":"https:\/\/www.norn.is\/eva\/wp-content\/uploads\/sites\/36\/2012\/11\/obese-work-out-scaled.jpg","contentUrl":"https:\/\/www.norn.is\/eva\/wp-content\/uploads\/sites\/36\/2012\/11\/obese-work-out-scaled.jpg","width":2560,"height":1706},{"@type":"BreadcrumbList","@id":"https:\/\/www.norn.is\/eva\/2012\/11\/01\/feitabollufeminisma-i-skolana-um-heilsufarskafla-kynungabokar\/#breadcrumb","itemListElement":[{"@type":"ListItem","position":1,"name":"Home","item":"https:\/\/www.norn.is\/eva\/"},{"@type":"ListItem","position":2,"name":"Feitabollufem\u00ednisma \u00ed sk\u00f3lana \u2013 um heilsufarskafla Kynungab\u00f3kar"}]},{"@type":"WebSite","@id":"https:\/\/www.norn.is\/eva\/#website","url":"https:\/\/www.norn.is\/eva\/","name":"Eva Hauksd\u00f3ttir","description":"Evu blogg","potentialAction":[{"@type":"SearchAction","target":{"@type":"EntryPoint","urlTemplate":"https:\/\/www.norn.is\/eva\/?s={search_term_string}"},"query-input":{"@type":"PropertyValueSpecification","valueRequired":true,"valueName":"search_term_string"}}],"inLanguage":"is"},{"@type":"Person","@id":"https:\/\/www.norn.is\/eva\/#\/schema\/person\/1d9742389918a297671033a2b53d3d34","name":"Eva Hauksd\u00f3ttir","image":{"@type":"ImageObject","inLanguage":"is","@id":"https:\/\/secure.gravatar.com\/avatar\/3690cd9ff7436a8a5d80acdc8fcb1046fbb9e002d4b532c85080d1bcbede84ce?s=96&d=mm&r=g","url":"https:\/\/secure.gravatar.com\/avatar\/3690cd9ff7436a8a5d80acdc8fcb1046fbb9e002d4b532c85080d1bcbede84ce?s=96&d=mm&r=g","contentUrl":"https:\/\/secure.gravatar.com\/avatar\/3690cd9ff7436a8a5d80acdc8fcb1046fbb9e002d4b532c85080d1bcbede84ce?s=96&d=mm&r=g","caption":"Eva Hauksd\u00f3ttir"},"url":"https:\/\/www.norn.is\/eva\/author\/evahauks\/"}]}},"_links":{"self":[{"href":"https:\/\/www.norn.is\/eva\/wp-json\/wp\/v2\/posts\/5106","targetHints":{"allow":["GET"]}}],"collection":[{"href":"https:\/\/www.norn.is\/eva\/wp-json\/wp\/v2\/posts"}],"about":[{"href":"https:\/\/www.norn.is\/eva\/wp-json\/wp\/v2\/types\/post"}],"author":[{"embeddable":true,"href":"https:\/\/www.norn.is\/eva\/wp-json\/wp\/v2\/users\/7"}],"replies":[{"embeddable":true,"href":"https:\/\/www.norn.is\/eva\/wp-json\/wp\/v2\/comments?post=5106"}],"version-history":[{"count":3,"href":"https:\/\/www.norn.is\/eva\/wp-json\/wp\/v2\/posts\/5106\/revisions"}],"predecessor-version":[{"id":5113,"href":"https:\/\/www.norn.is\/eva\/wp-json\/wp\/v2\/posts\/5106\/revisions\/5113"}],"wp:featuredmedia":[{"embeddable":true,"href":"https:\/\/www.norn.is\/eva\/wp-json\/wp\/v2\/media\/5111"}],"wp:attachment":[{"href":"https:\/\/www.norn.is\/eva\/wp-json\/wp\/v2\/media?parent=5106"}],"wp:term":[{"taxonomy":"category","embeddable":true,"href":"https:\/\/www.norn.is\/eva\/wp-json\/wp\/v2\/categories?post=5106"},{"taxonomy":"post_tag","embeddable":true,"href":"https:\/\/www.norn.is\/eva\/wp-json\/wp\/v2\/tags?post=5106"}],"curies":[{"name":"wp","href":"https:\/\/api.w.org\/{rel}","templated":true}]}}