{"id":5039,"date":"2012-12-02T14:14:00","date_gmt":"2012-12-02T14:14:00","guid":{"rendered":"http:\/\/www.norn.is\/eva\/?p=5039"},"modified":"2021-06-17T14:27:56","modified_gmt":"2021-06-17T14:27:56","slug":"finnum-djofulinn-i-jolasongvum","status":"publish","type":"post","link":"https:\/\/www.norn.is\/eva\/2012\/12\/02\/finnum-djofulinn-i-jolasongvum\/","title":{"rendered":"Finnum dj\u00f6fulinn \u00ed j\u00f3las\u00f6ngvum"},"content":{"rendered":"\n<p>Eins og \u00e9g hef fjalla\u00f0 um \u00ed pistlunum sem \u00e9g tengi \u00e1 h\u00e9rna ne\u00f0st, er meginmakmi\u00f0 feminista a\u00f0 koma \u00e1 n\u00fdju kennivaldi, kennivaldi kvenhyggjunnar. \u00cd \u00fev\u00ed skyni vinna kvenhyggjusinnar markvisst a\u00f0 \u00fev\u00ed a\u00f0 yfirtaka alla umr\u00e6\u00f0u og or\u00f0r\u00e6\u00f0u sem snertir kynjam\u00e1l.&nbsp;Einn \u00fe\u00e1tturinn \u00ed \u00feeirri vi\u00f0leitni felst \u00ed endurt\u00falkun b\u00f3kmennta og annarra lista. \u00c9g mun s\u00ed\u00f0ar fjalla um endurt\u00falkanir \u00feekktra sk\u00e1ldsagna en \u00ed tilefni af \u00fev\u00ed a\u00f0 a\u00f0ventan er a\u00f0 hefjast langar mig a\u00f0 benda \u00e1 feminiska dj\u00f6flaleit \u00ed \u00feekktum j\u00f3las\u00f6ngvum.<\/p>\n\n\n\n<h2 class=\"wp-block-heading\"><strong>Leitin a\u00f0 dj\u00f6flinum<\/strong><\/h2>\n\n\n\n<p>\u00cd \u00feessu myndbandi kynnir feministi hugmyndir s\u00ednar um kvenhatur, kl\u00e1m og nau\u00f0gunarmenningu \u00ed vins\u00e6lum j\u00f3lal\u00f6gum. A\u00f0 sj\u00e1lfs\u00f6g\u00f0u finnur h\u00fan fe\u00f0raveldisdj\u00f6fulinn og alla hans \u00e1ra hvar sem h\u00fan leitar.<\/p>\n\n\n\n<figure class=\"wp-block-embed is-type-video is-provider-youtube wp-block-embed-youtube wp-embed-aspect-16-9 wp-has-aspect-ratio\"><div class=\"wp-block-embed__wrapper\">\n<iframe loading=\"lazy\" title=\"Top 5 Creepy Christmas Songs\" width=\"1080\" height=\"608\" src=\"https:\/\/www.youtube.com\/embed\/GpDnr2s9yxQ?start=1&#038;feature=oembed\" frameborder=\"0\" allow=\"accelerometer; autoplay; clipboard-write; encrypted-media; gyroscope; picture-in-picture\" allowfullscreen><\/iframe>\n<\/div><\/figure>\n\n\n\n<h2 class=\"wp-block-heading\"><strong>Konan er alltaf f\u00f3rnarlambi\u00f0<\/strong><\/h2>\n\n\n\n<p>H\u00fan er ekki a\u00f0 gr\u00ednast konan. H\u00fan meinar \u00ed alv\u00f6ru a\u00f0&nbsp;<em>All I Want for Christmas Is You<\/em>&nbsp;skipti um merkingu eftir kyni \u00feess sem syngur. Ef \u00fea\u00f0 er kona eru \u201eskilabo\u00f0in\u201c \u00feau a\u00f0 konur geti ekki veri\u00f0 hamingjusamar \u00e1n karlmanns. Ef flytjandinn er karlma\u00f0ur merkir textinn hinsvegar ekki a\u00f0 karlinn geti ekki veri\u00f0 hamingjusamur \u00e1n konu, heldur hefur hann allt \u00ed einu breyst \u00ed s\u00f6gu eltihrellis sem situr um st\u00falku sem vill ekkert me\u00f0 hann hafa. Finnst ykkur \u00feetta skynsamlegt?<\/p>\n\n\n\n<h2 class=\"wp-block-heading\"><strong>J\u00f3lasveinninn sem t\u00e1knmynd kl\u00e1mv\u00e6\u00f0ingardj\u00f6fulsins<\/strong><\/h2>\n\n\n\n<div class=\"wp-block-image\"><figure class=\"alignleft size-large is-resized\"><img loading=\"lazy\" decoding=\"async\" src=\"http:\/\/www.norn.is\/eva\/wp-content\/uploads\/sites\/36\/2021\/06\/kissing-santa-claus.png\" alt=\"\" class=\"wp-image-5041\" width=\"302\" height=\"291\"\/><\/figure><\/div>\n\n\n\n<p><em>\u00c9g s\u00e1 m\u00f6mmu kyssa j\u00f3lasvein<\/em>&nbsp;er \u00ed rauninni kl\u00e1msaga. \u00deetta er kv\u00e6\u00f0i sem flestir hafa skili\u00f0 sem kr\u00fattlega s\u00f6gu af barni sem ver\u00f0ur vitni a\u00f0 sakleysilegu kelir\u00edi foreldra sinna \u00feegar pabbinn er a\u00f0 m\u00e1ta j\u00f3lasveinsb\u00faninginn. Barni\u00f0 vir\u00f0ist gruna hvernig \u00ed \u00f6llu liggur og gla\u00f0legt lagi\u00f0 gefur ekkert tilefni til \u00feeirrar t\u00falkunar a\u00f0 \u00fearna s\u00e9 \u00e1 fer\u00f0 einhver hryllingur.&nbsp;Feministanum tekst a\u00f0 sj\u00e1 kl\u00e1m \u00fat \u00far \u00feessu. Barni\u00f0 ney\u00f0ist til a\u00f0 horfa upp \u00e1 framhj\u00e1hald m\u00f3\u00f0ur sinnar. Og j\u00fa \u00ed sk\u00e1rsta falli g\u00e6ti j\u00f3lasveinninn veri\u00f0 fa\u00f0ir barnsins en \u00fe\u00e1 er \u00fea\u00f0 samt eitthvert oj, \u00e1n \u00feess a\u00f0 n\u00e1nar s\u00e9 fari\u00f0 \u00fat \u00ed \u00fea\u00f0 \u00ed hverju oji\u00f0 er f\u00f3lgi\u00f0.<\/p>\n\n\n\n<p>\u00c9g er mest hissa \u00e1 \u00fev\u00ed a\u00f0 h\u00fan skuli ekki hafa nota\u00f0 \u00feetta gullna t\u00e6kif\u00e6ri til a\u00f0 t\u00falka textann \u00e1 \u00feann veg a\u00f0 \u00fearna s\u00e9 j\u00f3lasveinninn a\u00f0 stunda mansal. Hann kemur j\u00fa me\u00f0 gjafir og mamman kyssir hann og kitlar hann undir skegginu. Sagan af \u00fev\u00ed \u00feegar hann fer me\u00f0 hana heim \u00e1 Nor\u00f0urp\u00f3linn og leyfir \u00f6llum \u00e1lfunum a\u00f0 sprengja \u00ed\u2019ana er svo bara of hr\u00e6\u00f0ileg til \u00feess a\u00f0 \u00fea\u00f0 s\u00e9 \u00e1 b\u00f6rn leggjandi a\u00f0 heyra hana.<\/p>\n\n\n\n<h2 class=\"wp-block-heading\"><strong>Og enn \u00e1 a\u00f0 neita litlum st\u00falkum um str\u00ed\u00f0sleikf\u00f6ng<\/strong><\/h2>\n\n\n\n<p><em>It\u2019s Beginning to Look a Lot Like Christmas<\/em>&nbsp;fr\u00e1 1951, er einnig algert \u00f3ge\u00f0 \u00fev\u00ed \u00fear eru drengjum gefin hef\u00f0bundin drengjaleikf\u00f6ng en telpum br\u00fa\u00f0ur. Feministinn ann h\u00f6fundi \u00feess ekki einu sinni a\u00f0 vera barn s\u00edns t\u00edma, hva\u00f0 \u00fe\u00e1 a\u00f0 reikna\u00f0 s\u00e9 me\u00f0 a\u00f0 \u00fearna s\u00e9 bara \u00e1kve\u00f0num veruleika l\u00fdst; a\u00f0 \u00f3skir barna s\u00e9u kynbundnar. \u00deetta hlj\u00f3ta a\u00f0 vera \u201eskilabo\u00f0\u201c um a\u00f0 svona eigi \u00feetta a\u00f0 vera. Jeminn hva\u00f0 \u00e9g &nbsp;hef\u00f0i or\u00f0i\u00f0 svekkt ef \u00e9g hef\u00f0i fengi\u00f0 byssu \u00ed j\u00f3lagj\u00f6f \u00feegar \u00e9g var barn \u2013 en \u00fea\u00f0 er n\u00e1tt\u00farulega bara sta\u00f0festing \u00e1 hinu illa fe\u00f0raveldi.<\/p>\n\n\n\n<h2 class=\"wp-block-heading\"><strong>Kvenhatri\u00f0 birtist l\u00edka \u00ed \u00feeirri go\u00f0s\u00f6gn a\u00f0 konur langi \u00ed d\u00fdra hluti<\/strong><\/h2>\n\n\n\n<p>\u201eSanta Baby\u201c er svo enn ein \u00e1r\u00e1sin \u00e1 konur \u00fev\u00ed samkv\u00e6mt textanum hlj\u00f3ta allar konur a\u00f0 vera gullgrafarar. J\u00e1j\u00e1, au\u00f0vita\u00f0 \u00feekkja f\u00e1ar konur \u00fea\u00f0 \u00ed alv\u00f6ru a\u00f0 langa \u00ed l\u00faxusl\u00edf og au\u00f0vita\u00f0 eru engin d\u00e6mi um s\u00f6ngva \u00fear sem karlar g\u00e6la vi\u00f0 hugmyndina um a\u00f0 f\u00e1 au\u00f0\u00e6vi upp \u00ed hendurnar. \u00deetta er alltsaman einn allsherjar sexismi.<\/p>\n\n\n\n<h2 class=\"wp-block-heading\"><strong>Og a\u00f0 lokum nau\u00f0gunarmenningin<\/strong><\/h2>\n\n\n\n<p>\u00dea\u00f0 hro\u00f0alegasta af \u00f6llu er svo nau\u00f0gunarlagi\u00f0\u00a0<em>Baby it\u2019s Cold outside<\/em>. \u00a0M\u00f6rg okkar hafa misskili\u00f0 textann \u00e1 \u00feann veg a\u00f0 \u00fearna s\u00e9 veri\u00f0 a\u00f0 l\u00fdsa tilhugal\u00edfi \u00e1ri\u00f0 1944. A\u00f0 karlma\u00f0ur s\u00e9 a\u00f0 reyna vi\u00f0 st\u00falku sem segist \u00feurfa a\u00f0 fara heim \u00fe\u00f3tt hana dau\u00f0lagi a\u00f0 vera lengur. <a href=\"http:\/\/www.stlyrics.com\/lyrics\/elf\/babyitscoldoutside.htm\" target=\"_blank\" rel=\"noreferrer noopener\">H\u00e9r er textinn<\/a>. \u00a0St\u00falkan er mj\u00f6g upptekin af \u00fev\u00ed hva\u00f0 \u00e6ttingjar hennar og n\u00e1grannar muni hugsa ef h\u00fan kemur ekki heim en \u00fea\u00f0 er ekki a\u00f0 heyra anna\u00f0 en a\u00f0 hana langi a\u00f0 vera lengur. H\u00fan talar um hva\u00f0 \u00feetta hafi veri\u00f0 gott kv\u00f6ld og \u00fea\u00f0 er h\u00fan sj\u00e1lf sem stingur upp \u00e1 \u00fevi hva\u00f0 eftir anna\u00f0 a\u00f0 h\u00fan f\u00e1i s\u00e9r h\u00e1lfan drykk til vi\u00f0b\u00f3tar. H\u00fan talar um a\u00f0 \u00fea\u00f0 s\u00e9 erfitt a\u00f0 hrinda \u00feessum \u00e1l\u00f6gum en \u00ed kve\u00f0skap er algengt a\u00f0 l\u00edkja \u00e1stinni vi\u00f0 \u00e1l\u00f6g e\u00f0a t\u00f6fra. H\u00fan reynir jafnvel a\u00f0 \u00fatsk\u00fdra hrifningu s\u00edna \u00e1 riddaranum me\u00f0 \u00fev\u00ed a\u00f0 drykkurinn s\u00e9 einhverskonar \u00e1starelex\u00edr. Og svo segir h\u00fan\u00a0<em>I ought to say no, no, no, sir \u2013\u00a0At least I\u2019m gonna say that I tried<\/em>. St\u00falkan b\u00fdr vi\u00f0\u00a0si\u00f0pr\u00fd\u00f0iskr\u00f6fur str\u00ed\u00f0s\u00e1ranna,\u00a0\u00fea\u00f0 er eiginlega si\u00f0fer\u00f0isleg skylda hennar a\u00f0 segja nei og h\u00fan \u00e6tlar allavega a\u00f0 segja [fj\u00f6lskyldunni og sj\u00e1lfri s\u00e9r] a\u00f0 h\u00fan hafi reynt a\u00f0 af\u00feakka gistingu.<\/p>\n\n\n\n<p>Miki\u00f0 \u00f3skaplega erum vi\u00f0 n\u00fa heppin a\u00f0 hafa feminista sem geta \u00fatsk\u00fdrt fyrir okkur hver hin raunverulega merking textans er. \u00dearna er semsagt veri\u00f0 a\u00f0 hvetja til stefnum\u00f3tanau\u00f0gana, jafnvel lyfjanau\u00f0gana. Misskilningurinn kemur a\u00f0 hluta til af \u00fev\u00ed a\u00f0 vi\u00f0 b\u00faum vi\u00f0 \u201enau\u00f0gunarmenningu\u201c, \u00fe.e. samf\u00e9lag sem sam\u00feykkir kynfer\u00f0isofbeldi og hvetur til \u00feess. \u00deessvegna va\u00f0a m\u00f6rg okkar enn \u00ed \u00feeirri villu a\u00f0 til s\u00e9 eitthva\u00f0 sem heitir da\u00f0ur, nokkurskonar m\u00f6kunarleikur sem sn\u00faist a\u00f0 hluta um a\u00f0 l\u00e1ta ganga \u00e1 eftir s\u00e9r.<\/p>\n\n\n\n<h2 class=\"wp-block-heading\"><strong>Feminismadj\u00f6fullinn er jafn au\u00f0finnanlegur og fe\u00f0raveldisdj\u00f6fullinn<\/strong><\/h2>\n\n\n\n<p>Feminisk t\u00falkunarfr\u00e6\u00f0i orka \u00e1 mig eins og leit \u00f6fgakristlinga a\u00f0 dj\u00f6flinum \u00ed rokktextum. Me\u00f0 s\u00f6mu a\u00f0fer\u00f0 og feministar og kristnir b\u00f3kstafstr\u00faarmenn beita m\u00e1 svo r\u00f6ksty\u00f0ja a\u00f0 \u00feetta s\u00e9 allt saman eitt st\u00f3rt feminiskt sams\u00e6ri.<\/p>\n\n\n\n<p>\u00deannig m\u00e1 skilja\u00a0<em>All I Want for Christmas<\/em>\u00a0sem kr\u00f6fu feministans um a\u00f0 svokalla\u00f0ir\u00a0<a href=\"https:\/\/www.facebook.com\/notes\/hildur-lilliendahl-vigg%C3%B3sd%C3%B3ttir\/af-lyddum\/181254058928\" target=\"_blank\" rel=\"noreferrer noopener\">\u00f6\u00f0lingar taki vi\u00f0 kvenr\u00e9ttindabar\u00e1ttunni<\/a>, n\u00fa \u00feegar \u00feeir eru ekki lengur uppteknir vi\u00f0 h\u00e1sk\u00f3lan\u00e1m og \u00a0stj\u00f3rnun pungf\u00fdlukl\u00fabba.<\/p>\n\n\n\n<p><em>\u00c9g s\u00e1 m\u00f6mmu kyssa j\u00f3lasvein<\/em>&nbsp;er l\u00fdsandi d\u00e6mi um karlfyrirlitningu \u00fear sem karlinum er l\u00edkt vi\u00f0 j\u00f3lasvein og konan \u00e1 allt frumkv\u00e6\u00f0i a\u00f0 kossum og kitli. Barni\u00f0 gerir s\u00e9r m.a.s. grein fyrir \u00fev\u00ed a\u00f0 pabbi \u00feess myndi hl\u00e6ja a\u00f0 vesalings j\u00f3lasveininum ef hann s\u00e6i hann sv\u00edvirtan af konu.<\/p>\n\n\n\n<p><em>It\u2019s Beginning to Look a Lot Like Christma<\/em>s er s\u00f6mulei\u00f0is d\u00f3lgafeminiskur \u00e1r\u00f3\u00f0ur. Draumurinn er s\u00e1 a\u00f0 drengirnir skj\u00f3ti hver annan, \u00fev\u00ed a\u00f0eins \u00feegar karlkyni\u00f0 er b\u00fai\u00f0 a\u00f0 tort\u00edma sj\u00e1lfu s\u00e9r munu konur h\u00e6tta a\u00f0 vera pass\u00edvar d\u00fakkur, a\u00f0eins \u00fe\u00e1 munu \u00fe\u00e6r tala a\u00f0 eigin ge\u00f0\u00fe\u00f3tta og gagna \u00ed \u00fe\u00e1 \u00e1tt sem \u00fe\u00e6r vilja.<\/p>\n\n\n\n<p><em>Santa Baby<\/em>&nbsp;m\u00e1 skilja sem \u00e1r\u00f3\u00f0ur fyrir kynjakv\u00f3tum og \u00f6\u00f0rum forr\u00e9ttindafeminsma. Feminstinn bi\u00f0lar til \u00f6\u00f0lingins (sem er \u00f3ttalegur j\u00f3laveinn og hleypur \u00e1 eftir \u00f6llum hennar duttlungum) a\u00f0 f\u00e6ra s\u00e9r upp \u00ed hendurnar v\u00f6ld og au\u00f0, me\u00f0 \u00fev\u00ed a\u00f0 fara sj\u00e1lfur \u00ed gegnum reykh\u00e1finn sem er t\u00e1knmynd fyrir legg\u00f6ng m\u00e6\u00f0raveldisins. Karlinn \u00e1 \u00feannig a\u00f0 f\u00e6\u00f0ast inn \u00ed m\u00e6\u00f0raveldi\u00f0 um lei\u00f0 og hann gerir konuna r\u00edka.<\/p>\n\n\n\n<p>Og a\u00f0 lokum&nbsp;<em>Baby it\u2019s Cold Outside.&nbsp;<\/em>Taki\u00f0 eftir l\u00ednunum&nbsp;<em>What\u2019s in this drink? og&nbsp;At least I\u2019m gonna say that I tried.&nbsp;<\/em>Er h\u00fan ekki bara a\u00f0 b\u00faa sig undir a\u00f0 sofa hj\u00e1 honum sj\u00e1lfviljug en saka hann svo um nau\u00f0gun?<\/p>\n\n\n\n<p>Langs\u00f3tt? \u00d3j\u00e1. Svona \u00e1l\u00edka langs\u00f3tt og a\u00f0 Stairway to Heaven s\u00e9 \u00e1star\u00f3\u00f0ur til Satans ef \u00fea\u00f0 er spila\u00f0 aftur \u00e1 bak e\u00f0a a\u00f0\u00a0<em>All I Want for Christmas<\/em>\u00a0feli \u00ed s\u00e9r \u00feann bo\u00f0skap a\u00f0 konur komist ekki af \u00e1n karlmanna.<\/p>\n\n\n<div class=\"vlp-link-container vlp-layout-basic wp-block-visual-link-preview-link\"><a href=\"https:\/\/www.norn.is\/eva\/2012\/10\/18\/kennivald-kvenhyggjunnar\/\" class=\"vlp-link\" title=\"Kennivald kvenhyggjunnar\"><\/a><div class=\"vlp-layout-zone-side\"><div class=\"vlp-block-2 vlp-link-image\"><img loading=\"lazy\" decoding=\"async\" style=\"max-width: 150px;\" width=\"150\" height=\"91\" src=\"https:\/\/www.norn.is\/eva\/wp-content\/uploads\/sites\/36\/2021\/05\/Screenshot-from-2014-08-27-210403.png\" class=\"attachment-150x999 size-150x999\" alt=\"\" srcset=\"https:\/\/www.norn.is\/eva\/wp-content\/uploads\/sites\/36\/2021\/05\/Screenshot-from-2014-08-27-210403.png 558w, https:\/\/www.norn.is\/eva\/wp-content\/uploads\/sites\/36\/2021\/05\/Screenshot-from-2014-08-27-210403-300x182.png 300w, https:\/\/www.norn.is\/eva\/wp-content\/uploads\/sites\/36\/2021\/05\/Screenshot-from-2014-08-27-210403-440x264.png 440w\" sizes=\"auto, (max-width: 150px) 100vw, 150px\" \/><\/div><\/div><div class=\"vlp-layout-zone-main\"><div class=\"vlp-block-0 vlp-link-title\">Kennivald kvenhyggjunnar<\/div><div class=\"vlp-block-1 vlp-link-summary\">\u00c9g lofa\u00f0i pistlar\u00f6\u00f0 um \u00fea\u00f0&nbsp;hvernig \u00e9g viti hva\u00f0 femnistar eru a\u00f0 hugsa&nbsp;og h\u00e9r kemur s\u00e1 fyrsti. \u00c9g fullyr\u00f0i a\u00f0 d\u00f3lgafemnistar \u00e6tla s\u00e9r a\u00f0 festa \u00ed sessi n\u00fdtt kennivald. \u00cd&nbsp;\u00feessum pistli&nbsp;sk\u00fdr\u00f0i \u00e9g hugtaki\u00f0 og tengsl \u00feess vi\u00f0 feminisma n\u00e1nar.&nbsp;\u00cd stuttu m\u00e1li er kennivald b\u00e6\u00f0i&nbsp;formlegt og \u00f3formlegt vald til a\u00f0 leggja \u00fat af grundvallarkenningum sem almenn s\u00e1tt [&hellip;]<\/div><\/div><\/div>\n\n<div class=\"vlp-link-container vlp-layout-basic wp-block-visual-link-preview-link\"><a href=\"https:\/\/www.norn.is\/eva\/2014\/08\/24\/hvernig-thoggun-thjonar-kennivaldinu\/\" class=\"vlp-link\" title=\"Hvernig \u00fe\u00f6ggun \u00fej\u00f3nar kennivaldinu\"><\/a><div class=\"vlp-layout-zone-side\"><div class=\"vlp-block-2 vlp-link-image\"><img loading=\"lazy\" decoding=\"async\" style=\"max-width: 150px;\" width=\"150\" height=\"101\" src=\"https:\/\/www.norn.is\/eva\/wp-content\/uploads\/sites\/36\/2020\/08\/201509_1918_dbghd.jpg\" class=\"attachment-150x999 size-150x999\" alt=\"\" srcset=\"https:\/\/www.norn.is\/eva\/wp-content\/uploads\/sites\/36\/2020\/08\/201509_1918_dbghd.jpg 500w, https:\/\/www.norn.is\/eva\/wp-content\/uploads\/sites\/36\/2020\/08\/201509_1918_dbghd-300x202.jpg 300w\" sizes=\"auto, (max-width: 150px) 100vw, 150px\" \/><\/div><\/div><div class=\"vlp-layout-zone-main\"><div class=\"vlp-block-0 vlp-link-title\">Hvernig \u00fe\u00f6ggun \u00fej\u00f3nar kennivaldinu<\/div><div class=\"vlp-block-1 vlp-link-summary\">\u00der\u00e1tt fyrir gagnr\u00fdni s\u00edna \u00e1 \u00fe\u00f6ggun kvenna, hika kvenhyggjusinnar ekki vi\u00f0 a\u00f0 beita \u00fe\u00f6ggun sj\u00e1lfir \u00feegar \u00fea\u00f0 hentar \u00feeim.&nbsp;Sta\u00f0reyndir sem benda til \u00feess a\u00f0 kenningin um fe\u00f0raveldi\u00f0 gangi ekki upp; t.d. s\u00fa sta\u00f0reynd a\u00f0 tilteki\u00f0 hlutfall kvenna beiti maka s\u00edna og b\u00f6rn ofbeldi eru l\u00edtt til umr\u00e6\u00f0u me\u00f0al kvenhyggjusinna. \u00de\u00e6r ganga \u00fe\u00f3 lengra en svo [&hellip;]<\/div><\/div><\/div>","protected":false},"excerpt":{"rendered":"<p>Eins og \u00e9g hef fjalla\u00f0 um \u00ed pistlunum sem \u00e9g tengi \u00e1 h\u00e9rna ne\u00f0st, er meginmakmi\u00f0 feminista a\u00f0 koma \u00e1 n\u00fdju kennivaldi, kennivaldi kvenhyggjunnar. \u00cd \u00fev\u00ed skyni vinna kvenhyggjusinnar markvisst a\u00f0 \u00fev\u00ed a\u00f0 yfirtaka alla umr\u00e6\u00f0u og or\u00f0r\u00e6\u00f0u sem snertir kynjam\u00e1l.&nbsp;Einn \u00fe\u00e1tturinn \u00ed \u00feeirri vi\u00f0leitni felst \u00ed endurt\u00falkun b\u00f3kmennta og annarra lista. \u00c9g mun s\u00ed\u00f0ar [&hellip;]<\/p>\n","protected":false},"author":7,"featured_media":5042,"comment_status":"closed","ping_status":"open","sticky":false,"template":"","format":"standard","meta":{"_et_pb_use_builder":"off","_et_pb_old_content":"","_et_gb_content_width":"","footnotes":""},"categories":[199,5],"tags":[193,893],"class_list":["post-5039","post","type-post","status-publish","format-standard","has-post-thumbnail","hentry","category-feminasnar","category-kyn-klam","tag-jolalog","tag-jolasongvar","et-has-post-format-content","et_post_format-et-post-format-standard"],"yoast_head":"<!-- This site is optimized with the Yoast SEO plugin v27.5 - https:\/\/yoast.com\/product\/yoast-seo-wordpress\/ -->\n<title>Finnum dj\u00f6fulinn \u00ed j\u00f3las\u00f6ngvum - Eva Hauksd\u00f3ttir<\/title>\n<meta name=\"robots\" content=\"index, follow, max-snippet:-1, max-image-preview:large, max-video-preview:-1\" \/>\n<link rel=\"canonical\" href=\"https:\/\/www.norn.is\/eva\/2012\/12\/02\/finnum-djofulinn-i-jolasongvum\/\" \/>\n<meta property=\"og:locale\" content=\"is_IS\" \/>\n<meta property=\"og:type\" content=\"article\" \/>\n<meta property=\"og:title\" content=\"Finnum dj\u00f6fulinn \u00ed j\u00f3las\u00f6ngvum - Eva Hauksd\u00f3ttir\" \/>\n<meta property=\"og:description\" content=\"Eins og \u00e9g hef fjalla\u00f0 um \u00ed pistlunum sem \u00e9g tengi \u00e1 h\u00e9rna ne\u00f0st, er meginmakmi\u00f0 feminista a\u00f0 koma \u00e1 n\u00fdju kennivaldi, kennivaldi kvenhyggjunnar. \u00cd \u00fev\u00ed skyni vinna kvenhyggjusinnar markvisst a\u00f0 \u00fev\u00ed a\u00f0 yfirtaka alla umr\u00e6\u00f0u og or\u00f0r\u00e6\u00f0u sem snertir kynjam\u00e1l.&nbsp;Einn \u00fe\u00e1tturinn \u00ed \u00feeirri vi\u00f0leitni felst \u00ed endurt\u00falkun b\u00f3kmennta og annarra lista. \u00c9g mun s\u00ed\u00f0ar [&hellip;]\" \/>\n<meta property=\"og:url\" content=\"https:\/\/www.norn.is\/eva\/2012\/12\/02\/finnum-djofulinn-i-jolasongvum\/\" \/>\n<meta property=\"og:site_name\" content=\"Eva Hauksd\u00f3ttir\" \/>\n<meta property=\"article:published_time\" content=\"2012-12-02T14:14:00+00:00\" \/>\n<meta property=\"article:modified_time\" content=\"2021-06-17T14:27:56+00:00\" \/>\n<meta property=\"og:image\" content=\"https:\/\/www.norn.is\/eva\/wp-content\/uploads\/sites\/36\/2021\/06\/maxresdefault.jpg\" \/>\n\t<meta property=\"og:image:width\" content=\"1280\" \/>\n\t<meta property=\"og:image:height\" content=\"720\" \/>\n\t<meta property=\"og:image:type\" content=\"image\/jpeg\" \/>\n<meta name=\"author\" content=\"Eva Hauksd\u00f3ttir\" \/>\n<meta name=\"twitter:card\" content=\"summary_large_image\" \/>\n<meta name=\"twitter:label1\" content=\"Written by\" \/>\n\t<meta name=\"twitter:data1\" content=\"\" \/>\n\t<meta name=\"twitter:label2\" content=\"Est. reading time\" \/>\n\t<meta name=\"twitter:data2\" content=\"7 minutes\" \/>\n<script type=\"application\/ld+json\" class=\"yoast-schema-graph\">{\"@context\":\"https:\\\/\\\/schema.org\",\"@graph\":[{\"@type\":\"Article\",\"@id\":\"https:\\\/\\\/www.norn.is\\\/eva\\\/2012\\\/12\\\/02\\\/finnum-djofulinn-i-jolasongvum\\\/#article\",\"isPartOf\":{\"@id\":\"https:\\\/\\\/www.norn.is\\\/eva\\\/2012\\\/12\\\/02\\\/finnum-djofulinn-i-jolasongvum\\\/\"},\"author\":{\"name\":\"Eva Hauksd\u00f3ttir\",\"@id\":\"https:\\\/\\\/www.norn.is\\\/eva\\\/#\\\/schema\\\/person\\\/1d9742389918a297671033a2b53d3d34\"},\"headline\":\"Finnum dj\u00f6fulinn \u00ed j\u00f3las\u00f6ngvum\",\"datePublished\":\"2012-12-02T14:14:00+00:00\",\"dateModified\":\"2021-06-17T14:27:56+00:00\",\"mainEntityOfPage\":{\"@id\":\"https:\\\/\\\/www.norn.is\\\/eva\\\/2012\\\/12\\\/02\\\/finnum-djofulinn-i-jolasongvum\\\/\"},\"wordCount\":1563,\"image\":{\"@id\":\"https:\\\/\\\/www.norn.is\\\/eva\\\/2012\\\/12\\\/02\\\/finnum-djofulinn-i-jolasongvum\\\/#primaryimage\"},\"thumbnailUrl\":\"https:\\\/\\\/www.norn.is\\\/eva\\\/wp-content\\\/uploads\\\/sites\\\/36\\\/2021\\\/06\\\/maxresdefault.jpg\",\"keywords\":[\"j\u00f3lal\u00f6g\",\"j\u00f3las\u00f6ngvar\"],\"articleSection\":[\"Fem\u00ednasnar\",\"Kyn &amp; kl\u00e1m\"],\"inLanguage\":\"is\"},{\"@type\":\"WebPage\",\"@id\":\"https:\\\/\\\/www.norn.is\\\/eva\\\/2012\\\/12\\\/02\\\/finnum-djofulinn-i-jolasongvum\\\/\",\"url\":\"https:\\\/\\\/www.norn.is\\\/eva\\\/2012\\\/12\\\/02\\\/finnum-djofulinn-i-jolasongvum\\\/\",\"name\":\"Finnum dj\u00f6fulinn \u00ed j\u00f3las\u00f6ngvum - Eva Hauksd\u00f3ttir\",\"isPartOf\":{\"@id\":\"https:\\\/\\\/www.norn.is\\\/eva\\\/#website\"},\"primaryImageOfPage\":{\"@id\":\"https:\\\/\\\/www.norn.is\\\/eva\\\/2012\\\/12\\\/02\\\/finnum-djofulinn-i-jolasongvum\\\/#primaryimage\"},\"image\":{\"@id\":\"https:\\\/\\\/www.norn.is\\\/eva\\\/2012\\\/12\\\/02\\\/finnum-djofulinn-i-jolasongvum\\\/#primaryimage\"},\"thumbnailUrl\":\"https:\\\/\\\/www.norn.is\\\/eva\\\/wp-content\\\/uploads\\\/sites\\\/36\\\/2021\\\/06\\\/maxresdefault.jpg\",\"datePublished\":\"2012-12-02T14:14:00+00:00\",\"dateModified\":\"2021-06-17T14:27:56+00:00\",\"author\":{\"@id\":\"https:\\\/\\\/www.norn.is\\\/eva\\\/#\\\/schema\\\/person\\\/1d9742389918a297671033a2b53d3d34\"},\"breadcrumb\":{\"@id\":\"https:\\\/\\\/www.norn.is\\\/eva\\\/2012\\\/12\\\/02\\\/finnum-djofulinn-i-jolasongvum\\\/#breadcrumb\"},\"inLanguage\":\"is\",\"potentialAction\":[{\"@type\":\"ReadAction\",\"target\":[\"https:\\\/\\\/www.norn.is\\\/eva\\\/2012\\\/12\\\/02\\\/finnum-djofulinn-i-jolasongvum\\\/\"]}]},{\"@type\":\"ImageObject\",\"inLanguage\":\"is\",\"@id\":\"https:\\\/\\\/www.norn.is\\\/eva\\\/2012\\\/12\\\/02\\\/finnum-djofulinn-i-jolasongvum\\\/#primaryimage\",\"url\":\"https:\\\/\\\/www.norn.is\\\/eva\\\/wp-content\\\/uploads\\\/sites\\\/36\\\/2021\\\/06\\\/maxresdefault.jpg\",\"contentUrl\":\"https:\\\/\\\/www.norn.is\\\/eva\\\/wp-content\\\/uploads\\\/sites\\\/36\\\/2021\\\/06\\\/maxresdefault.jpg\",\"width\":1280,\"height\":720},{\"@type\":\"BreadcrumbList\",\"@id\":\"https:\\\/\\\/www.norn.is\\\/eva\\\/2012\\\/12\\\/02\\\/finnum-djofulinn-i-jolasongvum\\\/#breadcrumb\",\"itemListElement\":[{\"@type\":\"ListItem\",\"position\":1,\"name\":\"Home\",\"item\":\"https:\\\/\\\/www.norn.is\\\/eva\\\/\"},{\"@type\":\"ListItem\",\"position\":2,\"name\":\"Finnum dj\u00f6fulinn \u00ed j\u00f3las\u00f6ngvum\"}]},{\"@type\":\"WebSite\",\"@id\":\"https:\\\/\\\/www.norn.is\\\/eva\\\/#website\",\"url\":\"https:\\\/\\\/www.norn.is\\\/eva\\\/\",\"name\":\"Eva Hauksd\u00f3ttir\",\"description\":\"Evu blogg\",\"potentialAction\":[{\"@type\":\"SearchAction\",\"target\":{\"@type\":\"EntryPoint\",\"urlTemplate\":\"https:\\\/\\\/www.norn.is\\\/eva\\\/?s={search_term_string}\"},\"query-input\":{\"@type\":\"PropertyValueSpecification\",\"valueRequired\":true,\"valueName\":\"search_term_string\"}}],\"inLanguage\":\"is\"},{\"@type\":\"Person\",\"@id\":\"https:\\\/\\\/www.norn.is\\\/eva\\\/#\\\/schema\\\/person\\\/1d9742389918a297671033a2b53d3d34\",\"name\":\"Eva Hauksd\u00f3ttir\",\"image\":{\"@type\":\"ImageObject\",\"inLanguage\":\"is\",\"@id\":\"https:\\\/\\\/secure.gravatar.com\\\/avatar\\\/3690cd9ff7436a8a5d80acdc8fcb1046fbb9e002d4b532c85080d1bcbede84ce?s=96&d=mm&r=g\",\"url\":\"https:\\\/\\\/secure.gravatar.com\\\/avatar\\\/3690cd9ff7436a8a5d80acdc8fcb1046fbb9e002d4b532c85080d1bcbede84ce?s=96&d=mm&r=g\",\"contentUrl\":\"https:\\\/\\\/secure.gravatar.com\\\/avatar\\\/3690cd9ff7436a8a5d80acdc8fcb1046fbb9e002d4b532c85080d1bcbede84ce?s=96&d=mm&r=g\",\"caption\":\"Eva Hauksd\u00f3ttir\"},\"url\":\"https:\\\/\\\/www.norn.is\\\/eva\\\/author\\\/evahauks\\\/\"}]}<\/script>\n<!-- \/ Yoast SEO plugin. -->","yoast_head_json":{"title":"Finnum dj\u00f6fulinn \u00ed j\u00f3las\u00f6ngvum - Eva Hauksd\u00f3ttir","robots":{"index":"index","follow":"follow","max-snippet":"max-snippet:-1","max-image-preview":"max-image-preview:large","max-video-preview":"max-video-preview:-1"},"canonical":"https:\/\/www.norn.is\/eva\/2012\/12\/02\/finnum-djofulinn-i-jolasongvum\/","og_locale":"is_IS","og_type":"article","og_title":"Finnum dj\u00f6fulinn \u00ed j\u00f3las\u00f6ngvum - Eva Hauksd\u00f3ttir","og_description":"Eins og \u00e9g hef fjalla\u00f0 um \u00ed pistlunum sem \u00e9g tengi \u00e1 h\u00e9rna ne\u00f0st, er meginmakmi\u00f0 feminista a\u00f0 koma \u00e1 n\u00fdju kennivaldi, kennivaldi kvenhyggjunnar. \u00cd \u00fev\u00ed skyni vinna kvenhyggjusinnar markvisst a\u00f0 \u00fev\u00ed a\u00f0 yfirtaka alla umr\u00e6\u00f0u og or\u00f0r\u00e6\u00f0u sem snertir kynjam\u00e1l.&nbsp;Einn \u00fe\u00e1tturinn \u00ed \u00feeirri vi\u00f0leitni felst \u00ed endurt\u00falkun b\u00f3kmennta og annarra lista. \u00c9g mun s\u00ed\u00f0ar [&hellip;]","og_url":"https:\/\/www.norn.is\/eva\/2012\/12\/02\/finnum-djofulinn-i-jolasongvum\/","og_site_name":"Eva Hauksd\u00f3ttir","article_published_time":"2012-12-02T14:14:00+00:00","article_modified_time":"2021-06-17T14:27:56+00:00","og_image":[{"width":1280,"height":720,"url":"https:\/\/www.norn.is\/eva\/wp-content\/uploads\/sites\/36\/2021\/06\/maxresdefault.jpg","type":"image\/jpeg"}],"author":"Eva Hauksd\u00f3ttir","twitter_card":"summary_large_image","twitter_misc":{"Written by":false,"Est. reading time":"7 minutes"},"schema":{"@context":"https:\/\/schema.org","@graph":[{"@type":"Article","@id":"https:\/\/www.norn.is\/eva\/2012\/12\/02\/finnum-djofulinn-i-jolasongvum\/#article","isPartOf":{"@id":"https:\/\/www.norn.is\/eva\/2012\/12\/02\/finnum-djofulinn-i-jolasongvum\/"},"author":{"name":"Eva Hauksd\u00f3ttir","@id":"https:\/\/www.norn.is\/eva\/#\/schema\/person\/1d9742389918a297671033a2b53d3d34"},"headline":"Finnum dj\u00f6fulinn \u00ed j\u00f3las\u00f6ngvum","datePublished":"2012-12-02T14:14:00+00:00","dateModified":"2021-06-17T14:27:56+00:00","mainEntityOfPage":{"@id":"https:\/\/www.norn.is\/eva\/2012\/12\/02\/finnum-djofulinn-i-jolasongvum\/"},"wordCount":1563,"image":{"@id":"https:\/\/www.norn.is\/eva\/2012\/12\/02\/finnum-djofulinn-i-jolasongvum\/#primaryimage"},"thumbnailUrl":"https:\/\/www.norn.is\/eva\/wp-content\/uploads\/sites\/36\/2021\/06\/maxresdefault.jpg","keywords":["j\u00f3lal\u00f6g","j\u00f3las\u00f6ngvar"],"articleSection":["Fem\u00ednasnar","Kyn &amp; kl\u00e1m"],"inLanguage":"is"},{"@type":"WebPage","@id":"https:\/\/www.norn.is\/eva\/2012\/12\/02\/finnum-djofulinn-i-jolasongvum\/","url":"https:\/\/www.norn.is\/eva\/2012\/12\/02\/finnum-djofulinn-i-jolasongvum\/","name":"Finnum dj\u00f6fulinn \u00ed j\u00f3las\u00f6ngvum - Eva Hauksd\u00f3ttir","isPartOf":{"@id":"https:\/\/www.norn.is\/eva\/#website"},"primaryImageOfPage":{"@id":"https:\/\/www.norn.is\/eva\/2012\/12\/02\/finnum-djofulinn-i-jolasongvum\/#primaryimage"},"image":{"@id":"https:\/\/www.norn.is\/eva\/2012\/12\/02\/finnum-djofulinn-i-jolasongvum\/#primaryimage"},"thumbnailUrl":"https:\/\/www.norn.is\/eva\/wp-content\/uploads\/sites\/36\/2021\/06\/maxresdefault.jpg","datePublished":"2012-12-02T14:14:00+00:00","dateModified":"2021-06-17T14:27:56+00:00","author":{"@id":"https:\/\/www.norn.is\/eva\/#\/schema\/person\/1d9742389918a297671033a2b53d3d34"},"breadcrumb":{"@id":"https:\/\/www.norn.is\/eva\/2012\/12\/02\/finnum-djofulinn-i-jolasongvum\/#breadcrumb"},"inLanguage":"is","potentialAction":[{"@type":"ReadAction","target":["https:\/\/www.norn.is\/eva\/2012\/12\/02\/finnum-djofulinn-i-jolasongvum\/"]}]},{"@type":"ImageObject","inLanguage":"is","@id":"https:\/\/www.norn.is\/eva\/2012\/12\/02\/finnum-djofulinn-i-jolasongvum\/#primaryimage","url":"https:\/\/www.norn.is\/eva\/wp-content\/uploads\/sites\/36\/2021\/06\/maxresdefault.jpg","contentUrl":"https:\/\/www.norn.is\/eva\/wp-content\/uploads\/sites\/36\/2021\/06\/maxresdefault.jpg","width":1280,"height":720},{"@type":"BreadcrumbList","@id":"https:\/\/www.norn.is\/eva\/2012\/12\/02\/finnum-djofulinn-i-jolasongvum\/#breadcrumb","itemListElement":[{"@type":"ListItem","position":1,"name":"Home","item":"https:\/\/www.norn.is\/eva\/"},{"@type":"ListItem","position":2,"name":"Finnum dj\u00f6fulinn \u00ed j\u00f3las\u00f6ngvum"}]},{"@type":"WebSite","@id":"https:\/\/www.norn.is\/eva\/#website","url":"https:\/\/www.norn.is\/eva\/","name":"Eva Hauksd\u00f3ttir","description":"Evu blogg","potentialAction":[{"@type":"SearchAction","target":{"@type":"EntryPoint","urlTemplate":"https:\/\/www.norn.is\/eva\/?s={search_term_string}"},"query-input":{"@type":"PropertyValueSpecification","valueRequired":true,"valueName":"search_term_string"}}],"inLanguage":"is"},{"@type":"Person","@id":"https:\/\/www.norn.is\/eva\/#\/schema\/person\/1d9742389918a297671033a2b53d3d34","name":"Eva Hauksd\u00f3ttir","image":{"@type":"ImageObject","inLanguage":"is","@id":"https:\/\/secure.gravatar.com\/avatar\/3690cd9ff7436a8a5d80acdc8fcb1046fbb9e002d4b532c85080d1bcbede84ce?s=96&d=mm&r=g","url":"https:\/\/secure.gravatar.com\/avatar\/3690cd9ff7436a8a5d80acdc8fcb1046fbb9e002d4b532c85080d1bcbede84ce?s=96&d=mm&r=g","contentUrl":"https:\/\/secure.gravatar.com\/avatar\/3690cd9ff7436a8a5d80acdc8fcb1046fbb9e002d4b532c85080d1bcbede84ce?s=96&d=mm&r=g","caption":"Eva Hauksd\u00f3ttir"},"url":"https:\/\/www.norn.is\/eva\/author\/evahauks\/"}]}},"_links":{"self":[{"href":"https:\/\/www.norn.is\/eva\/wp-json\/wp\/v2\/posts\/5039","targetHints":{"allow":["GET"]}}],"collection":[{"href":"https:\/\/www.norn.is\/eva\/wp-json\/wp\/v2\/posts"}],"about":[{"href":"https:\/\/www.norn.is\/eva\/wp-json\/wp\/v2\/types\/post"}],"author":[{"embeddable":true,"href":"https:\/\/www.norn.is\/eva\/wp-json\/wp\/v2\/users\/7"}],"replies":[{"embeddable":true,"href":"https:\/\/www.norn.is\/eva\/wp-json\/wp\/v2\/comments?post=5039"}],"version-history":[{"count":1,"href":"https:\/\/www.norn.is\/eva\/wp-json\/wp\/v2\/posts\/5039\/revisions"}],"predecessor-version":[{"id":5043,"href":"https:\/\/www.norn.is\/eva\/wp-json\/wp\/v2\/posts\/5039\/revisions\/5043"}],"wp:featuredmedia":[{"embeddable":true,"href":"https:\/\/www.norn.is\/eva\/wp-json\/wp\/v2\/media\/5042"}],"wp:attachment":[{"href":"https:\/\/www.norn.is\/eva\/wp-json\/wp\/v2\/media?parent=5039"}],"wp:term":[{"taxonomy":"category","embeddable":true,"href":"https:\/\/www.norn.is\/eva\/wp-json\/wp\/v2\/categories?post=5039"},{"taxonomy":"post_tag","embeddable":true,"href":"https:\/\/www.norn.is\/eva\/wp-json\/wp\/v2\/tags?post=5039"}],"curies":[{"name":"wp","href":"https:\/\/api.w.org\/{rel}","templated":true}]}}