{"id":492,"date":"2020-05-04T16:17:00","date_gmt":"2020-05-04T16:17:00","guid":{"rendered":"http:\/\/www.norn.is\/eva\/?p=492"},"modified":"2020-08-19T09:15:42","modified_gmt":"2020-08-19T09:15:42","slug":"koronuveikin-er-ekki-vaegur-sjukdomur-a-bord-vid-flensu","status":"publish","type":"post","link":"https:\/\/www.norn.is\/eva\/2020\/05\/04\/koronuveikin-er-ekki-vaegur-sjukdomur-a-bord-vid-flensu\/","title":{"rendered":"K\u00f3r\u00f3nuveikin er ekki \u201ev\u00e6gur sj\u00fakd\u00f3mur \u00e1 bor\u00f0 vi\u00f0 flensu\u201c"},"content":{"rendered":"\n<p>\u00deann 21. apr\u00edl birti Kvennabla\u00f0i\u00f0\u00a0samantekt \u00e1 r\u00f6kum s\u00f3ttvarnar\u00e1\u00f0gjafa\u00a0s\u00e6nskra stj\u00f3rnvalda fyrir \u00fev\u00ed a\u00f0 vi\u00f0br\u00f6g\u00f0 Sv\u00eda vi\u00f0 k\u00f3r\u00f3nufaraldrinum s\u00e9u hin r\u00e9ttu.<\/p>\n\n\n\n<p>\u00c9g hef \u00feegar skrifa\u00f0 tvo pistla \u00fear sem \u00e9g sko\u00f0a r\u00f6k r\u00e1\u00f0gjafans, Johans Giesecke. Fyrst \u00feau a\u00f0 vi\u00f0br\u00f6g\u00f0 annarra r\u00edkja s\u00e9u&nbsp;<a href=\"https:\/\/kvennabladid.is\/2020\/04\/22\/saenska-leidin-er-ekki-byggd-a-sidferdi\/\">ekki v\u00edsindaleg<\/a>, og svo \u00feau a\u00f0 r\u00e9tta lei\u00f0in s\u00e9 s\u00fa a\u00f0&nbsp;<a href=\"https:\/\/kvennabladid.is\/2020\/04\/23\/sviar-forna-oldrudum\/\">vernda \u00e1h\u00e6ttuh\u00f3pa<\/a>. \u00cd dag \u00e6tla \u00e9g a\u00f0 sko\u00f0a eftirfarandi r\u00f6k:<\/p>\n\n\n\n<ul class=\"wp-block-list\"><li>Covid-19 er v\u00e6gur sj\u00fakd\u00f3mur, svipa\u00f0ur flensu, f\u00f3lk var\u00f0 \u00f3ttaslegi\u00f0 vegna \u00feess a\u00f0 sj\u00fakd\u00f3murinn var \u00f3\u00feekktur<\/li><li>Andl\u00e1tst\u00ed\u00f0ni af v\u00f6ldum sj\u00fakd\u00f3msins er um 0.1%<\/li><\/ul>\n\n\n\n<p>\u00deegar Giesecke talar um v\u00e6gan sj\u00fakd\u00f3m \u00e1 hann vi\u00f0 a\u00f0 f\u00e1ir veikist alvarlega. En stenst s\u00fa fullyr\u00f0ing sko\u00f0un? Sta\u00f0reyndin er s\u00fa a\u00f0 \u00fea\u00f0 eru ekki nema 5 m\u00e1nu\u00f0ir fr\u00e1 \u00fev\u00ed a\u00f0 veiran uppg\u00f6tva\u00f0ist. Vi\u00f0 vitum ekki enn\u00fe\u00e1 hversu h\u00e1tt hlutfall \u00feeirra sem veikjast munu b\u00ed\u00f0a af \u00fev\u00ed varanlegt tj\u00f3n. \u00dea\u00f0 sem vi\u00f0 vitum er eftirfarandi:<\/p>\n\n\n\n<ul class=\"wp-block-list\"><li>\u00deegar \u00feetta er skrifa\u00f0 eru 2682 d\u00e1nir \u00far k\u00f3r\u00f3nuveiki \u00ed Sv\u00ed\u00fej\u00f3\u00f0<\/li><li>1900 manns hafa legi\u00f0 \u00e1 gj\u00f6rg\u00e6slu fr\u00e1 upphafi<\/li><li>2125 eru \u00e1 sp\u00edtala og 530 eru \u00e1 gj\u00f6rg\u00e6slu sem stendur \u2013 \u00fea\u00f0 f\u00f3lk getur varla talist me\u00f0 v\u00e6g einkenni<\/li><li>Veiran veldur lungnab\u00f3lgu sem getur veri\u00f0 mj\u00f6g \u00fej\u00e1ningafull<\/li><li>Grunur leikur \u00e1 um a\u00f0 sj\u00fakd\u00f3murinn hafi \u00ed f\u00f6r me\u00f0 s\u00e9r fleiri einkenni en fyrst var tali\u00f0 t.d.&nbsp;<a href=\"https:\/\/www.nytimes.com\/2020\/05\/01\/health\/coronavirus-covid-toe.html?smtyp=cur&amp;smid=tw-nytimes&amp;fbclid=IwAR08vv2Eu7vNx1MnrFYc9S7ZQF4LBo04qoSmQ8Vr1bE4K_Lm2GeeLE70rL4\">kuldab\u00f3lgur og s\u00e1r \u00e1 f\u00f3tum<\/a><\/li><li>Komi\u00f0 er \u00ed lj\u00f3s a\u00f0 allt a\u00f0 40% \u00feeirra sem veikjast f\u00e1&nbsp;<a href=\"https:\/\/www.ruv.is\/frett\/2020\/04\/23\/daemi-um-ad-covid-sjuklingar-fai-blodtappa-i-lungu\">bl\u00f3\u00f0tappa<\/a>&nbsp;sem geta svo aftur valdi\u00f0 ska\u00f0a \u00e1 meltingakerfi, hjarta, \u00e6\u00f0akerfi, lifur, n\u00fdrum, lungum og heila.<\/li><li>Veiran vir\u00f0ist geta valdi\u00f0 sjalg\u00e6fum en&nbsp;<a href=\"https:\/\/kvennabladid.is\/2020\/04\/29\/amerisk-born-veikjast-lika-af-fjolkerfabolgu\/\">banv\u00e6num hli\u00f0arverkunum hj\u00e1 b\u00f6rnum<\/a>.<\/li><li>V\u00edsbendingar eru um a\u00f0 f\u00f3lk kunni a\u00f0&nbsp;<a href=\"https:\/\/hringbraut.frettabladid.is\/frettir-pistlar\/kristjan-var-i-ondunarvel-med-covid-19-thu-varst-ad-deyja-pabbi-their-rett-bjorgudu-ther\/\">veikjast aftur<\/a>&nbsp;eftir a\u00f0 hafa n\u00e1\u00f0 s\u00e9r.<\/li><\/ul>\n\n\n\n<p>\u00dea\u00f0 s\u00e9r \u00fea\u00f0 hver heilvita ma\u00f0ur a\u00f0 \u00feetta er ekki v\u00e6gur sj\u00fakd\u00f3mur \u00e1 pari vi\u00f0 flensu heldur mj\u00f6g alvarlegur sj\u00fakd\u00f3mur sem, enda \u00fe\u00f3tt flestir lifi hann af, hefur \u00ed f\u00f6r me\u00f0 s\u00e9r&nbsp; h\u00e6ttu \u00e1 varanlegu heilsutj\u00f3ni. \u00dea\u00f0 er full \u00e1st\u00e6\u00f0a til a\u00f0 vera \u00f3ttasleginn \u2013 n\u00f3gu \u00f3ttasleginn til a\u00f0 fara varlega.<\/p>\n\n\n\n<p>Hva\u00f0 d\u00e1narhlutfalli\u00f0 var\u00f0ar \u00fe\u00e1 er einfaldlega ekki vita\u00f0 hversu h\u00e1tt \u00fea\u00f0 er. \u00dea\u00f0 sem vi\u00f0 vitum er eftirfarandi:<\/p>\n\n\n\n<ul class=\"wp-block-list\"><li>M\u00f6rg Evr\u00f3pur\u00edki eru \u00ed verulegum vandr\u00e6\u00f0um vegna \u00feess a\u00f0 heilbrig\u00f0iskerfi \u00feeirra r\u00e1\u00f0a illa vi\u00f0 \u00feann mikla fj\u00f6lda f\u00f3lks sem hefur veikst alvarlega<\/li><li>Sum r\u00edki hafa ney\u00f0st til a\u00f0 setja l\u00edk k\u00f3r\u00f3nusj\u00faklinga \u00ed fj\u00f6ldagrafir, ekki a\u00f0eins f\u00e1t\u00e6k og str\u00ed\u00f0shrj\u00e1\u00f0 r\u00edki heldur hafa fj\u00f6ldagrafir einnig veri\u00f0 teknar vegna k\u00f3r\u00f3nuveikinnar \u00ed&nbsp;<a href=\"https:\/\/www.independent.co.uk\/news\/world\/americas\/new-york-coronavirus-cases-burials-bodies-covid-19-hart-island-a9459956.html\">New York.<\/a>&nbsp;Fj\u00f6ldagrafir hafa einnig veri\u00f0 teknar fyrir M\u00fasl\u00edmasamf\u00e9lagi\u00f0 \u00ed&nbsp;<a href=\"https:\/\/www.express.co.uk\/news\/uk\/1269095\/coronavirus-uk-mortuary-mass-grave-uk-latest-covid-19-islam-eternal-grounds\">London<\/a>&nbsp;\u00fear sem tr\u00faarsi\u00f0ir M\u00fasl\u00edma heimila ekki a\u00f0 l\u00edk s\u00e9u geymd.<\/li><\/ul>\n\n\n\n<p>\u00dea\u00f0 er vi\u00f0 \u00fev\u00ed a\u00f0 b\u00faast a\u00f0 \u00fear sem heilbrig\u00f0iskerfi\u00f0 var \u00ed vanda fyrir deyi h\u00e6rra hlutfall en vi\u00f0 kj\u00f6ra\u00f0st\u00e6\u00f0ur. En vi\u00f0 vitum bara heldur ekki hvert hlutfalli\u00f0 er \u00ed r\u00edkjum \u00fear sem heilbrig\u00f0iskerfi\u00f0 er skilvirkt og \u00f6ruggt og r\u00e6\u00f0ur vel vi\u00f0 \u00e1standi\u00f0. Vi\u00f0 vissum \u00fea\u00f0 kannski ef Sv\u00ed\u00fej\u00f3\u00f0 hef\u00f0i veri\u00f0 jafn \u00f6flug \u00ed smitrakningu og F\u00e6reyjar en svo er ekki, skima\u00f0 hefur veri\u00f0 fyrir veirunni hj\u00e1 innan vi\u00f0 120.000 manns e\u00f0a 1,17% \u00fe\u00fd\u00f0isins. \u00c1 \u00cdslandi hafa meira en 50.000 manns veri\u00f0 pr\u00f3fa\u00f0ir e\u00f0a um 13% \u00fej\u00f3\u00f0arinnar.<\/p>\n\n\n\n<p>Blessunarlega bendir margt til \u00feess a\u00f0 ef f\u00f3lk \u00e1 anna\u00f0 bor\u00f0 f\u00e6r fullkomna heilbrig\u00f0is\u00fej\u00f3nustu s\u00e9 d\u00e1narhlutfalli\u00f0 mun l\u00e6gra en \u00fea\u00f0 sem Al\u00fej\u00f3\u00f0aheilbrig\u00f0isstofnunin gaf \u00fat \u00ed byrjun mars en \u00e1 hva\u00f0a g\u00f6gnum er talan 0,1% bygg\u00f0? \u00dea\u00f0 ver\u00f0ur ekki betur s\u00e9\u00f0 en a\u00f0 h\u00fan s\u00e9 algerlega \u00far lausu lofti gripin.<\/p>\n\n\n\n<p>\u00deannig a\u00f0 nei Giesecke, k\u00f3r\u00f3nuveikin er ekki \u201ev\u00e6gur sj\u00fakd\u00f3mur \u00e1 bor\u00f0 vi\u00f0 flensu\u201c, \u00fevert \u00e1 m\u00f3ti er h\u00fan mj\u00f6g sk\u00e6\u00f0ur sj\u00fakd\u00f3mur sem allt heilvita f\u00f3lk \u00e6tti a\u00f0 reyna a\u00f0 for\u00f0ast.<\/p>\n\n\n\n<h3 class=\"wp-block-heading\"><span style=\"color:#dcbb4e\" class=\"has-inline-color\">Fyrri pistlar \u00ed \u00feessari r\u00f6\u00f0:<\/span><\/h3>\n\n\n<div class=\"vlp-link-container vlp-layout-basic wp-block-visual-link-preview-link\"><a href=\"https:\/\/www.norn.is\/eva\/2020\/04\/23\/sviar-forna-oldrudum\/\" class=\"vlp-link\" title=\"Sv\u00edar f\u00f3rna \u00f6ldru\u00f0um\"><\/a><div class=\"vlp-layout-zone-side\"><div class=\"vlp-block-2 vlp-link-image\"><img loading=\"lazy\" decoding=\"async\" style=\"max-width: 150px;\" width=\"150\" height=\"98\" src=\"https:\/\/www.norn.is\/eva\/wp-content\/uploads\/sites\/36\/2020\/05\/oldpersoncanegeneric-688x451-1.jpg\" class=\"attachment-150x999 size-150x999\" alt=\"\" srcset=\"https:\/\/www.norn.is\/eva\/wp-content\/uploads\/sites\/36\/2020\/05\/oldpersoncanegeneric-688x451-1.jpg 688w, https:\/\/www.norn.is\/eva\/wp-content\/uploads\/sites\/36\/2020\/05\/oldpersoncanegeneric-688x451-1-300x197.jpg 300w\" sizes=\"auto, (max-width: 150px) 100vw, 150px\" \/><\/div><\/div><div class=\"vlp-layout-zone-main\"><div class=\"vlp-block-0 vlp-link-title\">Sv\u00edar f\u00f3rna \u00f6ldru\u00f0um<\/div><div class=\"vlp-block-1 vlp-link-summary\">\u00c9g \u00e1 ekki or\u00f0 til a\u00f0 l\u00fdsa vi\u00f0bj\u00f3\u00f0i m\u00ednum \u00e1 \u00feeirri stefnu sem Sv\u00ed\u00fej\u00f3\u00f0 framfylgir vegna k\u00f3r\u00f3nufaraldursins, en ef \u00e9g \u00e6tti a\u00f0 f\u00e1 l\u00e1na\u00f0an or\u00f0afor\u00f0a myndi \u00e9g leita til\u00a0Kristins Hrafnssonar. \u00cd g\u00e6r fjalla\u00f0i \u00e9g um \u00feau r\u00f6k a\u00f0 \u00e1kv\u00f6r\u00f0un um samkomutakmarkanir byggi ekki \u00e1 v\u00edsindum [&hellip;]<\/div><\/div><\/div>\n\n<div class=\"vlp-link-container vlp-layout-basic wp-block-visual-link-preview-link\"><a href=\"https:\/\/www.norn.is\/eva\/2020\/04\/22\/saenska-leidin-er-ekki-byggd-a-sidferdi\/\" class=\"vlp-link\" title=\"S\u00e6nska lei\u00f0in er ekki bygg\u00f0 \u00e1 si\u00f0fer\u00f0i\"><\/a><div class=\"vlp-layout-zone-side\"><div class=\"vlp-block-2 vlp-link-image\"><img loading=\"lazy\" decoding=\"async\" style=\"max-width: 150px;\" width=\"150\" height=\"98\" src=\"https:\/\/www.norn.is\/eva\/wp-content\/uploads\/sites\/36\/2020\/05\/giesecke-688x451-1.png\" class=\"attachment-150x999 size-150x999\" alt=\"\" srcset=\"https:\/\/www.norn.is\/eva\/wp-content\/uploads\/sites\/36\/2020\/05\/giesecke-688x451-1.png 688w, https:\/\/www.norn.is\/eva\/wp-content\/uploads\/sites\/36\/2020\/05\/giesecke-688x451-1-300x197.png 300w\" sizes=\"auto, (max-width: 150px) 100vw, 150px\" \/><\/div><\/div><div class=\"vlp-layout-zone-main\"><div class=\"vlp-block-0 vlp-link-title\">S\u00e6nska lei\u00f0in er ekki bygg\u00f0 \u00e1 si\u00f0fer\u00f0i<\/div><div class=\"vlp-block-1 vlp-link-summary\">Johan Giesecke, r\u00e1\u00f0gjafi s\u00e6nskra stj\u00f3rnvalda um vi\u00f0br\u00f6g\u00f0 vi\u00f0 k\u00f3r\u00f3nuveikinni, telur a\u00f0 r\u00e1\u00f0gj\u00f6f hans hafi veri\u00f0 til fyrirmyndar.\u00a0H\u00e9r er vi\u00f0tal vi\u00f0 hann\u00a0og stutt samantekt \u00e1 helstu r\u00f6ksemdum. Vi\u00f0 \u00fe\u00e6r er margt a\u00f0 athuga. [&hellip;]<\/div><\/div><\/div>","protected":false},"excerpt":{"rendered":"<p>\u00deann 21. apr\u00edl birti Kvennabla\u00f0i\u00f0\u00a0samantekt \u00e1 r\u00f6kum s\u00f3ttvarnar\u00e1\u00f0gjafa\u00a0s\u00e6nskra stj\u00f3rnvalda fyrir \u00fev\u00ed a\u00f0 vi\u00f0br\u00f6g\u00f0 Sv\u00eda vi\u00f0 k\u00f3r\u00f3nufaraldrinum s\u00e9u hin r\u00e9ttu. \u00c9g hef \u00feegar skrifa\u00f0 tvo pistla \u00fear sem \u00e9g sko\u00f0a r\u00f6k r\u00e1\u00f0gjafans, Johans Giesecke. Fyrst \u00feau a\u00f0 vi\u00f0br\u00f6g\u00f0 annarra r\u00edkja s\u00e9u&nbsp;ekki v\u00edsindaleg, og svo \u00feau a\u00f0 r\u00e9tta lei\u00f0in s\u00e9 s\u00fa a\u00f0&nbsp;vernda \u00e1h\u00e6ttuh\u00f3pa. \u00cd dag \u00e6tla \u00e9g [&hellip;]<\/p>\n","protected":false},"author":7,"featured_media":494,"comment_status":"closed","ping_status":"open","sticky":false,"template":"","format":"standard","meta":{"_et_pb_use_builder":"off","_et_pb_old_content":"","_et_gb_content_width":"","footnotes":""},"categories":[133,197],"tags":[130,135,131],"class_list":["post-492","post","type-post","status-publish","format-standard","has-post-thumbnail","hentry","category-heilbrigdis-felagsmal","category-vald-velferd","tag-covid-19","tag-fjoldagrafir","tag-saenska-leidin","et-has-post-format-content","et_post_format-et-post-format-standard"],"yoast_head":"<!-- This site is optimized with the Yoast SEO plugin v27.5 - https:\/\/yoast.com\/product\/yoast-seo-wordpress\/ -->\n<title>K\u00f3r\u00f3nuveikin er ekki \u201ev\u00e6gur sj\u00fakd\u00f3mur \u00e1 bor\u00f0 vi\u00f0 flensu\u201c - Eva Hauksd\u00f3ttir<\/title>\n<meta name=\"robots\" content=\"index, follow, max-snippet:-1, max-image-preview:large, max-video-preview:-1\" \/>\n<link rel=\"canonical\" href=\"https:\/\/www.norn.is\/eva\/2020\/05\/04\/koronuveikin-er-ekki-vaegur-sjukdomur-a-bord-vid-flensu\/\" \/>\n<meta property=\"og:locale\" content=\"is_IS\" \/>\n<meta property=\"og:type\" content=\"article\" \/>\n<meta property=\"og:title\" content=\"K\u00f3r\u00f3nuveikin er ekki \u201ev\u00e6gur sj\u00fakd\u00f3mur \u00e1 bor\u00f0 vi\u00f0 flensu\u201c - Eva Hauksd\u00f3ttir\" \/>\n<meta property=\"og:description\" content=\"\u00deann 21. apr\u00edl birti Kvennabla\u00f0i\u00f0\u00a0samantekt \u00e1 r\u00f6kum s\u00f3ttvarnar\u00e1\u00f0gjafa\u00a0s\u00e6nskra stj\u00f3rnvalda fyrir \u00fev\u00ed a\u00f0 vi\u00f0br\u00f6g\u00f0 Sv\u00eda vi\u00f0 k\u00f3r\u00f3nufaraldrinum s\u00e9u hin r\u00e9ttu. \u00c9g hef \u00feegar skrifa\u00f0 tvo pistla \u00fear sem \u00e9g sko\u00f0a r\u00f6k r\u00e1\u00f0gjafans, Johans Giesecke. Fyrst \u00feau a\u00f0 vi\u00f0br\u00f6g\u00f0 annarra r\u00edkja s\u00e9u&nbsp;ekki v\u00edsindaleg, og svo \u00feau a\u00f0 r\u00e9tta lei\u00f0in s\u00e9 s\u00fa a\u00f0&nbsp;vernda \u00e1h\u00e6ttuh\u00f3pa. \u00cd dag \u00e6tla \u00e9g [&hellip;]\" \/>\n<meta property=\"og:url\" content=\"https:\/\/www.norn.is\/eva\/2020\/05\/04\/koronuveikin-er-ekki-vaegur-sjukdomur-a-bord-vid-flensu\/\" \/>\n<meta property=\"og:site_name\" content=\"Eva Hauksd\u00f3ttir\" \/>\n<meta property=\"article:published_time\" content=\"2020-05-04T16:17:00+00:00\" \/>\n<meta property=\"article:modified_time\" content=\"2020-08-19T09:15:42+00:00\" \/>\n<meta property=\"og:image\" content=\"https:\/\/www.norn.is\/eva\/wp-content\/uploads\/sites\/36\/2020\/05\/mass-grave-1024x576-1-688x451-1.jpg\" \/>\n\t<meta property=\"og:image:width\" content=\"688\" \/>\n\t<meta property=\"og:image:height\" content=\"451\" \/>\n\t<meta property=\"og:image:type\" content=\"image\/jpeg\" \/>\n<meta name=\"author\" content=\"Eva Hauksd\u00f3ttir\" \/>\n<meta name=\"twitter:card\" content=\"summary_large_image\" \/>\n<meta name=\"twitter:label1\" content=\"Written by\" \/>\n\t<meta name=\"twitter:data1\" content=\"\" \/>\n\t<meta name=\"twitter:label2\" content=\"Est. reading time\" \/>\n\t<meta name=\"twitter:data2\" content=\"4 minutes\" \/>\n<script type=\"application\/ld+json\" class=\"yoast-schema-graph\">{\"@context\":\"https:\\\/\\\/schema.org\",\"@graph\":[{\"@type\":\"Article\",\"@id\":\"https:\\\/\\\/www.norn.is\\\/eva\\\/2020\\\/05\\\/04\\\/koronuveikin-er-ekki-vaegur-sjukdomur-a-bord-vid-flensu\\\/#article\",\"isPartOf\":{\"@id\":\"https:\\\/\\\/www.norn.is\\\/eva\\\/2020\\\/05\\\/04\\\/koronuveikin-er-ekki-vaegur-sjukdomur-a-bord-vid-flensu\\\/\"},\"author\":{\"name\":\"Eva Hauksd\u00f3ttir\",\"@id\":\"https:\\\/\\\/www.norn.is\\\/eva\\\/#\\\/schema\\\/person\\\/1d9742389918a297671033a2b53d3d34\"},\"headline\":\"K\u00f3r\u00f3nuveikin er ekki \u201ev\u00e6gur sj\u00fakd\u00f3mur \u00e1 bor\u00f0 vi\u00f0 flensu\u201c\",\"datePublished\":\"2020-05-04T16:17:00+00:00\",\"dateModified\":\"2020-08-19T09:15:42+00:00\",\"mainEntityOfPage\":{\"@id\":\"https:\\\/\\\/www.norn.is\\\/eva\\\/2020\\\/05\\\/04\\\/koronuveikin-er-ekki-vaegur-sjukdomur-a-bord-vid-flensu\\\/\"},\"wordCount\":856,\"image\":{\"@id\":\"https:\\\/\\\/www.norn.is\\\/eva\\\/2020\\\/05\\\/04\\\/koronuveikin-er-ekki-vaegur-sjukdomur-a-bord-vid-flensu\\\/#primaryimage\"},\"thumbnailUrl\":\"https:\\\/\\\/www.norn.is\\\/eva\\\/wp-content\\\/uploads\\\/sites\\\/36\\\/2020\\\/05\\\/mass-grave-1024x576-1-688x451-1.jpg\",\"keywords\":[\"covid-19\",\"fj\u00f6ldagrafir\",\"s\u00e6nska lei\u00f0in\"],\"articleSection\":[\"Heilbrig\u00f0is- &amp; f\u00e9lagsm\u00e1l\",\"Vald &amp; velfer\u00f0\"],\"inLanguage\":\"is\"},{\"@type\":\"WebPage\",\"@id\":\"https:\\\/\\\/www.norn.is\\\/eva\\\/2020\\\/05\\\/04\\\/koronuveikin-er-ekki-vaegur-sjukdomur-a-bord-vid-flensu\\\/\",\"url\":\"https:\\\/\\\/www.norn.is\\\/eva\\\/2020\\\/05\\\/04\\\/koronuveikin-er-ekki-vaegur-sjukdomur-a-bord-vid-flensu\\\/\",\"name\":\"K\u00f3r\u00f3nuveikin er ekki \u201ev\u00e6gur sj\u00fakd\u00f3mur \u00e1 bor\u00f0 vi\u00f0 flensu\u201c - Eva Hauksd\u00f3ttir\",\"isPartOf\":{\"@id\":\"https:\\\/\\\/www.norn.is\\\/eva\\\/#website\"},\"primaryImageOfPage\":{\"@id\":\"https:\\\/\\\/www.norn.is\\\/eva\\\/2020\\\/05\\\/04\\\/koronuveikin-er-ekki-vaegur-sjukdomur-a-bord-vid-flensu\\\/#primaryimage\"},\"image\":{\"@id\":\"https:\\\/\\\/www.norn.is\\\/eva\\\/2020\\\/05\\\/04\\\/koronuveikin-er-ekki-vaegur-sjukdomur-a-bord-vid-flensu\\\/#primaryimage\"},\"thumbnailUrl\":\"https:\\\/\\\/www.norn.is\\\/eva\\\/wp-content\\\/uploads\\\/sites\\\/36\\\/2020\\\/05\\\/mass-grave-1024x576-1-688x451-1.jpg\",\"datePublished\":\"2020-05-04T16:17:00+00:00\",\"dateModified\":\"2020-08-19T09:15:42+00:00\",\"author\":{\"@id\":\"https:\\\/\\\/www.norn.is\\\/eva\\\/#\\\/schema\\\/person\\\/1d9742389918a297671033a2b53d3d34\"},\"breadcrumb\":{\"@id\":\"https:\\\/\\\/www.norn.is\\\/eva\\\/2020\\\/05\\\/04\\\/koronuveikin-er-ekki-vaegur-sjukdomur-a-bord-vid-flensu\\\/#breadcrumb\"},\"inLanguage\":\"is\",\"potentialAction\":[{\"@type\":\"ReadAction\",\"target\":[\"https:\\\/\\\/www.norn.is\\\/eva\\\/2020\\\/05\\\/04\\\/koronuveikin-er-ekki-vaegur-sjukdomur-a-bord-vid-flensu\\\/\"]}]},{\"@type\":\"ImageObject\",\"inLanguage\":\"is\",\"@id\":\"https:\\\/\\\/www.norn.is\\\/eva\\\/2020\\\/05\\\/04\\\/koronuveikin-er-ekki-vaegur-sjukdomur-a-bord-vid-flensu\\\/#primaryimage\",\"url\":\"https:\\\/\\\/www.norn.is\\\/eva\\\/wp-content\\\/uploads\\\/sites\\\/36\\\/2020\\\/05\\\/mass-grave-1024x576-1-688x451-1.jpg\",\"contentUrl\":\"https:\\\/\\\/www.norn.is\\\/eva\\\/wp-content\\\/uploads\\\/sites\\\/36\\\/2020\\\/05\\\/mass-grave-1024x576-1-688x451-1.jpg\",\"width\":688,\"height\":451},{\"@type\":\"BreadcrumbList\",\"@id\":\"https:\\\/\\\/www.norn.is\\\/eva\\\/2020\\\/05\\\/04\\\/koronuveikin-er-ekki-vaegur-sjukdomur-a-bord-vid-flensu\\\/#breadcrumb\",\"itemListElement\":[{\"@type\":\"ListItem\",\"position\":1,\"name\":\"Home\",\"item\":\"https:\\\/\\\/www.norn.is\\\/eva\\\/\"},{\"@type\":\"ListItem\",\"position\":2,\"name\":\"K\u00f3r\u00f3nuveikin er ekki \u201ev\u00e6gur sj\u00fakd\u00f3mur \u00e1 bor\u00f0 vi\u00f0 flensu\u201c\"}]},{\"@type\":\"WebSite\",\"@id\":\"https:\\\/\\\/www.norn.is\\\/eva\\\/#website\",\"url\":\"https:\\\/\\\/www.norn.is\\\/eva\\\/\",\"name\":\"Eva Hauksd\u00f3ttir\",\"description\":\"Evu blogg\",\"potentialAction\":[{\"@type\":\"SearchAction\",\"target\":{\"@type\":\"EntryPoint\",\"urlTemplate\":\"https:\\\/\\\/www.norn.is\\\/eva\\\/?s={search_term_string}\"},\"query-input\":{\"@type\":\"PropertyValueSpecification\",\"valueRequired\":true,\"valueName\":\"search_term_string\"}}],\"inLanguage\":\"is\"},{\"@type\":\"Person\",\"@id\":\"https:\\\/\\\/www.norn.is\\\/eva\\\/#\\\/schema\\\/person\\\/1d9742389918a297671033a2b53d3d34\",\"name\":\"Eva Hauksd\u00f3ttir\",\"image\":{\"@type\":\"ImageObject\",\"inLanguage\":\"is\",\"@id\":\"https:\\\/\\\/secure.gravatar.com\\\/avatar\\\/3690cd9ff7436a8a5d80acdc8fcb1046fbb9e002d4b532c85080d1bcbede84ce?s=96&d=mm&r=g\",\"url\":\"https:\\\/\\\/secure.gravatar.com\\\/avatar\\\/3690cd9ff7436a8a5d80acdc8fcb1046fbb9e002d4b532c85080d1bcbede84ce?s=96&d=mm&r=g\",\"contentUrl\":\"https:\\\/\\\/secure.gravatar.com\\\/avatar\\\/3690cd9ff7436a8a5d80acdc8fcb1046fbb9e002d4b532c85080d1bcbede84ce?s=96&d=mm&r=g\",\"caption\":\"Eva Hauksd\u00f3ttir\"},\"url\":\"https:\\\/\\\/www.norn.is\\\/eva\\\/author\\\/evahauks\\\/\"}]}<\/script>\n<!-- \/ Yoast SEO plugin. -->","yoast_head_json":{"title":"K\u00f3r\u00f3nuveikin er ekki \u201ev\u00e6gur sj\u00fakd\u00f3mur \u00e1 bor\u00f0 vi\u00f0 flensu\u201c - Eva Hauksd\u00f3ttir","robots":{"index":"index","follow":"follow","max-snippet":"max-snippet:-1","max-image-preview":"max-image-preview:large","max-video-preview":"max-video-preview:-1"},"canonical":"https:\/\/www.norn.is\/eva\/2020\/05\/04\/koronuveikin-er-ekki-vaegur-sjukdomur-a-bord-vid-flensu\/","og_locale":"is_IS","og_type":"article","og_title":"K\u00f3r\u00f3nuveikin er ekki \u201ev\u00e6gur sj\u00fakd\u00f3mur \u00e1 bor\u00f0 vi\u00f0 flensu\u201c - Eva Hauksd\u00f3ttir","og_description":"\u00deann 21. apr\u00edl birti Kvennabla\u00f0i\u00f0\u00a0samantekt \u00e1 r\u00f6kum s\u00f3ttvarnar\u00e1\u00f0gjafa\u00a0s\u00e6nskra stj\u00f3rnvalda fyrir \u00fev\u00ed a\u00f0 vi\u00f0br\u00f6g\u00f0 Sv\u00eda vi\u00f0 k\u00f3r\u00f3nufaraldrinum s\u00e9u hin r\u00e9ttu. \u00c9g hef \u00feegar skrifa\u00f0 tvo pistla \u00fear sem \u00e9g sko\u00f0a r\u00f6k r\u00e1\u00f0gjafans, Johans Giesecke. Fyrst \u00feau a\u00f0 vi\u00f0br\u00f6g\u00f0 annarra r\u00edkja s\u00e9u&nbsp;ekki v\u00edsindaleg, og svo \u00feau a\u00f0 r\u00e9tta lei\u00f0in s\u00e9 s\u00fa a\u00f0&nbsp;vernda \u00e1h\u00e6ttuh\u00f3pa. \u00cd dag \u00e6tla \u00e9g [&hellip;]","og_url":"https:\/\/www.norn.is\/eva\/2020\/05\/04\/koronuveikin-er-ekki-vaegur-sjukdomur-a-bord-vid-flensu\/","og_site_name":"Eva Hauksd\u00f3ttir","article_published_time":"2020-05-04T16:17:00+00:00","article_modified_time":"2020-08-19T09:15:42+00:00","og_image":[{"width":688,"height":451,"url":"https:\/\/www.norn.is\/eva\/wp-content\/uploads\/sites\/36\/2020\/05\/mass-grave-1024x576-1-688x451-1.jpg","type":"image\/jpeg"}],"author":"Eva Hauksd\u00f3ttir","twitter_card":"summary_large_image","twitter_misc":{"Written by":false,"Est. reading time":"4 minutes"},"schema":{"@context":"https:\/\/schema.org","@graph":[{"@type":"Article","@id":"https:\/\/www.norn.is\/eva\/2020\/05\/04\/koronuveikin-er-ekki-vaegur-sjukdomur-a-bord-vid-flensu\/#article","isPartOf":{"@id":"https:\/\/www.norn.is\/eva\/2020\/05\/04\/koronuveikin-er-ekki-vaegur-sjukdomur-a-bord-vid-flensu\/"},"author":{"name":"Eva Hauksd\u00f3ttir","@id":"https:\/\/www.norn.is\/eva\/#\/schema\/person\/1d9742389918a297671033a2b53d3d34"},"headline":"K\u00f3r\u00f3nuveikin er ekki \u201ev\u00e6gur sj\u00fakd\u00f3mur \u00e1 bor\u00f0 vi\u00f0 flensu\u201c","datePublished":"2020-05-04T16:17:00+00:00","dateModified":"2020-08-19T09:15:42+00:00","mainEntityOfPage":{"@id":"https:\/\/www.norn.is\/eva\/2020\/05\/04\/koronuveikin-er-ekki-vaegur-sjukdomur-a-bord-vid-flensu\/"},"wordCount":856,"image":{"@id":"https:\/\/www.norn.is\/eva\/2020\/05\/04\/koronuveikin-er-ekki-vaegur-sjukdomur-a-bord-vid-flensu\/#primaryimage"},"thumbnailUrl":"https:\/\/www.norn.is\/eva\/wp-content\/uploads\/sites\/36\/2020\/05\/mass-grave-1024x576-1-688x451-1.jpg","keywords":["covid-19","fj\u00f6ldagrafir","s\u00e6nska lei\u00f0in"],"articleSection":["Heilbrig\u00f0is- &amp; f\u00e9lagsm\u00e1l","Vald &amp; velfer\u00f0"],"inLanguage":"is"},{"@type":"WebPage","@id":"https:\/\/www.norn.is\/eva\/2020\/05\/04\/koronuveikin-er-ekki-vaegur-sjukdomur-a-bord-vid-flensu\/","url":"https:\/\/www.norn.is\/eva\/2020\/05\/04\/koronuveikin-er-ekki-vaegur-sjukdomur-a-bord-vid-flensu\/","name":"K\u00f3r\u00f3nuveikin er ekki \u201ev\u00e6gur sj\u00fakd\u00f3mur \u00e1 bor\u00f0 vi\u00f0 flensu\u201c - Eva Hauksd\u00f3ttir","isPartOf":{"@id":"https:\/\/www.norn.is\/eva\/#website"},"primaryImageOfPage":{"@id":"https:\/\/www.norn.is\/eva\/2020\/05\/04\/koronuveikin-er-ekki-vaegur-sjukdomur-a-bord-vid-flensu\/#primaryimage"},"image":{"@id":"https:\/\/www.norn.is\/eva\/2020\/05\/04\/koronuveikin-er-ekki-vaegur-sjukdomur-a-bord-vid-flensu\/#primaryimage"},"thumbnailUrl":"https:\/\/www.norn.is\/eva\/wp-content\/uploads\/sites\/36\/2020\/05\/mass-grave-1024x576-1-688x451-1.jpg","datePublished":"2020-05-04T16:17:00+00:00","dateModified":"2020-08-19T09:15:42+00:00","author":{"@id":"https:\/\/www.norn.is\/eva\/#\/schema\/person\/1d9742389918a297671033a2b53d3d34"},"breadcrumb":{"@id":"https:\/\/www.norn.is\/eva\/2020\/05\/04\/koronuveikin-er-ekki-vaegur-sjukdomur-a-bord-vid-flensu\/#breadcrumb"},"inLanguage":"is","potentialAction":[{"@type":"ReadAction","target":["https:\/\/www.norn.is\/eva\/2020\/05\/04\/koronuveikin-er-ekki-vaegur-sjukdomur-a-bord-vid-flensu\/"]}]},{"@type":"ImageObject","inLanguage":"is","@id":"https:\/\/www.norn.is\/eva\/2020\/05\/04\/koronuveikin-er-ekki-vaegur-sjukdomur-a-bord-vid-flensu\/#primaryimage","url":"https:\/\/www.norn.is\/eva\/wp-content\/uploads\/sites\/36\/2020\/05\/mass-grave-1024x576-1-688x451-1.jpg","contentUrl":"https:\/\/www.norn.is\/eva\/wp-content\/uploads\/sites\/36\/2020\/05\/mass-grave-1024x576-1-688x451-1.jpg","width":688,"height":451},{"@type":"BreadcrumbList","@id":"https:\/\/www.norn.is\/eva\/2020\/05\/04\/koronuveikin-er-ekki-vaegur-sjukdomur-a-bord-vid-flensu\/#breadcrumb","itemListElement":[{"@type":"ListItem","position":1,"name":"Home","item":"https:\/\/www.norn.is\/eva\/"},{"@type":"ListItem","position":2,"name":"K\u00f3r\u00f3nuveikin er ekki \u201ev\u00e6gur sj\u00fakd\u00f3mur \u00e1 bor\u00f0 vi\u00f0 flensu\u201c"}]},{"@type":"WebSite","@id":"https:\/\/www.norn.is\/eva\/#website","url":"https:\/\/www.norn.is\/eva\/","name":"Eva Hauksd\u00f3ttir","description":"Evu blogg","potentialAction":[{"@type":"SearchAction","target":{"@type":"EntryPoint","urlTemplate":"https:\/\/www.norn.is\/eva\/?s={search_term_string}"},"query-input":{"@type":"PropertyValueSpecification","valueRequired":true,"valueName":"search_term_string"}}],"inLanguage":"is"},{"@type":"Person","@id":"https:\/\/www.norn.is\/eva\/#\/schema\/person\/1d9742389918a297671033a2b53d3d34","name":"Eva Hauksd\u00f3ttir","image":{"@type":"ImageObject","inLanguage":"is","@id":"https:\/\/secure.gravatar.com\/avatar\/3690cd9ff7436a8a5d80acdc8fcb1046fbb9e002d4b532c85080d1bcbede84ce?s=96&d=mm&r=g","url":"https:\/\/secure.gravatar.com\/avatar\/3690cd9ff7436a8a5d80acdc8fcb1046fbb9e002d4b532c85080d1bcbede84ce?s=96&d=mm&r=g","contentUrl":"https:\/\/secure.gravatar.com\/avatar\/3690cd9ff7436a8a5d80acdc8fcb1046fbb9e002d4b532c85080d1bcbede84ce?s=96&d=mm&r=g","caption":"Eva Hauksd\u00f3ttir"},"url":"https:\/\/www.norn.is\/eva\/author\/evahauks\/"}]}},"_links":{"self":[{"href":"https:\/\/www.norn.is\/eva\/wp-json\/wp\/v2\/posts\/492","targetHints":{"allow":["GET"]}}],"collection":[{"href":"https:\/\/www.norn.is\/eva\/wp-json\/wp\/v2\/posts"}],"about":[{"href":"https:\/\/www.norn.is\/eva\/wp-json\/wp\/v2\/types\/post"}],"author":[{"embeddable":true,"href":"https:\/\/www.norn.is\/eva\/wp-json\/wp\/v2\/users\/7"}],"replies":[{"embeddable":true,"href":"https:\/\/www.norn.is\/eva\/wp-json\/wp\/v2\/comments?post=492"}],"version-history":[{"count":3,"href":"https:\/\/www.norn.is\/eva\/wp-json\/wp\/v2\/posts\/492\/revisions"}],"predecessor-version":[{"id":3292,"href":"https:\/\/www.norn.is\/eva\/wp-json\/wp\/v2\/posts\/492\/revisions\/3292"}],"wp:featuredmedia":[{"embeddable":true,"href":"https:\/\/www.norn.is\/eva\/wp-json\/wp\/v2\/media\/494"}],"wp:attachment":[{"href":"https:\/\/www.norn.is\/eva\/wp-json\/wp\/v2\/media?parent=492"}],"wp:term":[{"taxonomy":"category","embeddable":true,"href":"https:\/\/www.norn.is\/eva\/wp-json\/wp\/v2\/categories?post=492"},{"taxonomy":"post_tag","embeddable":true,"href":"https:\/\/www.norn.is\/eva\/wp-json\/wp\/v2\/tags?post=492"}],"curies":[{"name":"wp","href":"https:\/\/api.w.org\/{rel}","templated":true}]}}