{"id":4860,"date":"2021-04-13T09:00:00","date_gmt":"2021-04-13T09:00:00","guid":{"rendered":"http:\/\/www.norn.is\/eva\/?p=4860"},"modified":"2021-12-01T16:45:26","modified_gmt":"2021-12-01T16:45:26","slug":"faranleg-hlaegileg-glaepsamleg","status":"publish","type":"post","link":"https:\/\/www.norn.is\/eva\/2021\/04\/13\/faranleg-hlaegileg-glaepsamleg\/","title":{"rendered":"F\u00e1r\u00e1nleg, hl\u00e6gileg, gl\u00e6psamleg"},"content":{"rendered":"\n<p>S\u00e1 \u00e1g\u00e6ti samf\u00e9lagsr\u00fdnir K\u00e1ri Stef\u00e1nsson sty\u00f0ur n\u00fa hugmyndir um nau\u00f0ungarvistun \u00ed s\u00f3ttvarnarh\u00fasum. Sami K\u00e1rinn og s\u00e1 sem \u00ed j\u00fan\u00ed 2020 vildi <a href=\"https:\/\/www.visir.is\/g\/20201978343d\/ad-bjoda-heiminn-vel-kominn\" target=\"_blank\" rel=\"noreferrer noopener\">bj\u00f3\u00f0a heiminn velkominn<\/a>. \u00c9g er hlynnt str\u00f6ngum s\u00f3ttvarnarr\u00e1\u00f0st\u00f6funum og tel a\u00f0 r\u00e9tt hef\u00f0i veri\u00f0 a\u00f0 hefta komur fer\u00f0amanna til landsins strax \u00ed febr\u00faar 2020. \u00dea\u00f0 gle\u00f0ur mig a\u00f0 K\u00e1ri skuli setja s\u00f3ttvarnir ofar hagsmunum fer\u00f0a\u00fej\u00f3nustunnar.<\/p>\n\n\n\n<p>\u00dea\u00f0 hryggir mig aftur \u00e1 m\u00f3ti a\u00f0 \u00fev\u00edl\u00edkur \u00e1hrifama\u00f0ur skuli telja r\u00e9ttl\u00e6tanlegt a\u00f0 beita nau\u00f0ungarvistun \u00e1 grundvelli regluger\u00f0ar sem skortir lagasto\u00f0. \u00dea\u00f0 er g\u00f3\u00f0 \u00e1st\u00e6\u00f0a fyrir \u00fev\u00ed a\u00f0 sk\u00fdra lagaheimild \u00feurfi fyrir svo \u00ed\u00feyngjandi a\u00f0ger\u00f0um &#8211; a\u00f0 \u00f6\u00f0rum kosti g\u00e6tu r\u00e1\u00f0herrar skert frelsi borgaranna a\u00f0 eigin ge\u00f0\u00fe\u00f3tta. Og n\u00fa m\u00e1 vel vera a\u00f0 Svand\u00eds Svavarsd\u00f3ttir s\u00e9 mikil afbrag\u00f0smanneskja og d\u00e1samlegur r\u00e1\u00f0herra en vi\u00f0 vitum ekkert hverskonar fasistar geta \u00e1tt eftir a\u00f0 verma r\u00e1\u00f0herrast\u00f3la \u00e1 \u00cdslandi. \u00dea\u00f0 yr\u00f0i hr\u00e6\u00f0ilegt ford\u00e6mi ef d\u00f3mst\u00f3lar leg\u00f0u blessun s\u00edna yfir regluger\u00f0ina umdeildu. <br><\/p>\n\n\n\n<h2 class=\"wp-block-heading\">P\u00f3lit\u00edskar sko\u00f0anir K\u00e1ra eru ekki v\u00edsindi<\/h2>\n\n\n\n<p>K\u00e1ri Stef\u00e1nsson er kennivald \u00e1 s\u00ednu svi\u00f0i og \u00feessvegna f\u00e6r hann \u00e1heyrn. \u00dea\u00f0 \u00e1 ekki a\u00f0eins \u00feegar hann talar af \u00feekkingu, heldur n\u00e6r hva\u00f0 eina sem af v\u00f6rum hans hr\u00fdtur athygli fj\u00f6lmi\u00f0la og almennings, l\u00edka p\u00f3lit\u00edskar sko\u00f0anir hans og fullyr\u00f0ingar um m\u00e1l sem ekki snerta s\u00e9rsvi\u00f0 hans.<\/p>\n\n\n\n<p>Framlag K\u00e1ra til smitvarna gegn k\u00f3r\u00f3nuveirunni er \u00f3undeilanlega b\u00e6\u00f0i \u00f3metanlegt og lofsvert. Framlag hans til p\u00f3lit\u00edskrar stefnum\u00f3tunar er aftur \u00e1 m\u00f3ti umdeilanlegt. Hann hefur hva\u00f0 eftir anna\u00f0 tj\u00e1\u00f0 p\u00f3lit\u00edskar sko\u00f0anir s\u00ednar \u00e1 \u00e1hrifum samkomutakmarkana \u00ed s\u00f6mu mund og hann talar um heg\u00f0un veirunnar og a\u00f0fer\u00f0ir til a\u00f0 fylgjast me\u00f0 henni og \u00fe\u00f3tt K\u00e1ra s\u00e9 a\u00f0 sj\u00e1lfs\u00f6g\u00f0u frj\u00e1lst a\u00f0 tj\u00e1 hug sinn \u00fe\u00e1 skiptir m\u00e1li hvort hugmyndir hans eru settar fram sem pers\u00f3nulegar sko\u00f0anir e\u00f0a \u00ed krafti kennivalds hans sem v\u00edsindamanns. <\/p>\n\n\n\n<p>\u00dear sem K\u00e1ri g\u00e6tir \u00feess ekki alltaf sj\u00e1lfur a\u00f0 halda v\u00edsinda\u00feekkingu og p\u00f3lit\u00edskum sko\u00f0unum a\u00f0greindum er mikilv\u00e6gt a\u00f0 almenningur \u00e1tti sig \u00e1 \u00fev\u00ed hven\u00e6r hann talar sem v\u00edsindama\u00f0ur og hven\u00e6r hann er a\u00f0 reka p\u00f3lit\u00edskan \u00e1r\u00f3\u00f0ur. Vi\u00f0 skulum \u00e1tta okkur \u00e1 \u00fev\u00ed a\u00f0 K\u00e1ri er ekki \u00ed hlutverki v\u00edsindamanns \u00feegar um er a\u00f0 r\u00e6\u00f0a greinar e\u00f0a vi\u00f0t\u00f6l sem sn\u00faast ekki um \u00fea\u00f0 hvernig veiran heg\u00f0ar s\u00e9r heldur um a\u00f0ger\u00f0ir stj\u00f3rnvalda. \u00c9g hef ekkert \u00e1 m\u00f3ti p\u00f3it\u00edskum \u00e1r\u00f3\u00f0ri og finnst sj\u00e1lfsagt a\u00f0 valda- og \u00e1hrifaf\u00f3lk l\u00e1ti p\u00f3lit\u00edskar sko\u00f0anir \u00ed lj\u00f3s. \u00dea\u00f0 er aftur \u00e1 m\u00f3ti a\u00f0finnsluvert a\u00f0 reka sl\u00edkan \u00e1r\u00f3\u00f0ur undir merkjum v\u00edsinda.<\/p>\n\n\n\n<h2 class=\"wp-block-heading\">D\u00e6mi um \u00e1r\u00f3\u00f0ur \u00ed bland vi\u00f0 fr\u00e6\u00f0slu<\/h2>\n\n\n\n<p>\u00cd j\u00fan\u00ed 2020 birti K\u00e1ri pistil \u00e1 V\u00edsi me\u00f0 yfirskriftinni: \u201e<a href=\"https:\/\/www.visir.is\/g\/20201978343d\/ad-bjoda-heiminn-vel-kominn\" target=\"_blank\" rel=\"noreferrer noopener\">A\u00f0 bj\u00f3\u00f0a heiminn velkominn<\/a>&#8222;.  \u00cd pistlinum talar K\u00e1ri sem v\u00edsindama\u00f0ur \u00feegar hann r\u00e6\u00f0ir \u00e1rei\u00f0anleika skimana. En hann blandar \u00feessum fr\u00f3\u00f0leik saman vi\u00f0 p\u00f3lit\u00edska afst\u00f6\u00f0u. Fyrirs\u00f6gnin er d\u00e6mi um p\u00f3lit\u00edskan \u00e1r\u00f3\u00f0ur &#8211; h\u00e9r er l\u00e1ti\u00f0 a\u00f0 \u00fev\u00ed liggja a\u00f0 velvild og n\u00e1ungak\u00e6rleikur s\u00e9u hvatinn a\u00f0 baki \u00e1formum um a\u00f0 slaka \u00e1 kr\u00f6fum um s\u00f3ttkv\u00ed. \u00dea\u00f0 er l\u00edka sterkur \u00e1r\u00f3\u00f0urskeimur af r\u00e9ttl\u00e6tingum K\u00e1ra fyrir \u00fev\u00ed a\u00f0 skikka fer\u00f0amenn ekki \u00ed s\u00f3ttkv\u00ed. Hann heldur \u00fev\u00ed m.a. fram a\u00f0 \u00fea\u00f0 s\u00e9<\/p>\n\n\n\n<blockquote class=\"wp-block-quote is-style-default is-layout-flow wp-block-quote-is-layout-flow\"><p>&#8230; nau\u00f0synlegt til \u00feess a\u00f0 geta fengi\u00f0 til landsins s\u00e9rfr\u00e6\u00f0inga til \u00feess a\u00f0 annast vi\u00f0hald og vi\u00f0ger\u00f0ir \u00e1 fl\u00f3knum t\u00e6kjum <\/p><\/blockquote>\n\n\n\n<p>\u00c6, K\u00e1ri, \u00feetta eru ekki r\u00f6k. \u00dea\u00f0 hef\u00f0i a\u00f0 sj\u00e1lfs\u00f6g\u00f0u h\u00e6gt a\u00f0 r\u00e1\u00f0a vi\u00f0 \u00feetta vandam\u00e1l me\u00f0 \u00fev\u00ed a\u00f0 undan\u00feiggja \u00fe\u00e1 s\u00f3ttkv\u00ed sem eiga br\u00fdnt erindi til landsins og skima \u00fe\u00e1 kannski 20 manns \u00e1 dag \u00ed sta\u00f0 2000.<\/p>\n\n\n\n<p>Verri er \u00fe\u00f3 sta\u00f0reyndavilla sem l\u00e6tur vel \u00ed eyrum \u00feeirra sem sj\u00e1 ekki fram \u00far \u00feeim vandam\u00e1lum sem samkomutakmarkanir hafa \u00ed f\u00f6r me\u00f0 s\u00e9r:<\/p>\n\n\n\n<blockquote class=\"wp-block-quote is-style-default is-layout-flow wp-block-quote-is-layout-flow\"><p>\u00dea\u00f0 sem undanfarnar vikur hafa kennt okkur er a\u00f0 vi\u00f0 getum hami\u00f0 \u00fatbrei\u00f0slu \u00e1 SARS-CoV-2 veirunni me\u00f0 \u00fev\u00ed a\u00f0 skima eftir henni v\u00ed\u00f0a og beita einangrunum og s\u00f3ttkv\u00ed.&#8220; <\/p><\/blockquote>\n\n\n\n<p>Haukur \u00deorgeirsson svarar \u00feessu \u00e1g\u00e6tlega \u00ed athugasemd vi\u00f0 greinina:<\/p>\n\n\n\n<blockquote class=\"wp-block-quote is-style-default is-layout-flow wp-block-quote-is-layout-flow\"><p>K\u00e1ri sleppir h\u00e9r a\u00f0 nefna 80 daga ney\u00f0ar\u00e1stand me\u00f0 \u00ed\u00feyngjandi takm\u00f6rkunum \u00e1 daglegt l\u00edf. \u00dea\u00f0 t\u00f3kst einmitt ekki a\u00f0 hemja \u00fatbrei\u00f0sluna me\u00f0 einangrunum og s\u00f3ttkv\u00ed &#8211; \u00feeim r\u00e1\u00f0st\u00f6funum var beitt fr\u00e1 upphafi og \u00fe\u00e6r dug\u00f0u engan veginn til heldur \u00feurfti a\u00f0 auki a\u00f0 gr\u00edpa til samkomubanns og v\u00ed\u00f0t\u00e6kra lokana. \u00c1 hverju grundvalla stj\u00f3rnv\u00f6ld, og K\u00e1ri Stef\u00e1nsson, tr\u00fa s\u00edna \u00e1 a\u00f0 \u00feetta muni ekki reynast nau\u00f0synlegt aftur? <\/p><p><\/p><\/blockquote>\n\n\n\n<p>Ekkert svar f\u00e9kkst vi\u00f0 spurningu Hauks \u00deorgeirssonar en n\u00fa er r\u00e6kilega komi\u00f0 \u00e1 daginn a\u00f0 \u00fe\u00e6r a\u00f0fer\u00f0ir sem K\u00e1ri bo\u00f0a\u00f0i, og studdi stj\u00f3rnv\u00f6ld \u00ed, dug\u00f0u ekki til. Veiran sm\u00fdgur inn, einmitt af \u00fev\u00ed a\u00f0 vi\u00f0 bu\u00f0um heiminn (e\u00f0a \u00f6llu heldur \u00feann hluta hans sem m\u00f6gulegt er a\u00f0 n\u00e1 pening \u00fat \u00far) velkominn.<\/p>\n\n\n\n<h2 class=\"wp-block-heading\">K\u00favending K\u00e1ra<\/h2>\n\n\n\n<p>\u00dea\u00f0 sem raunverulega ger\u00f0ist n\u00fana um p\u00e1skana var \u00fea\u00f0 a\u00f0 stj\u00f3rnv\u00f6ld \u00e6tlu\u00f0u enn eina fer\u00f0ina a\u00f0 \u00fe\u00f3knast fer\u00f0a\u00fej\u00f3nustunni. \u00c1 yfirbor\u00f0inu leit \u00fat fyrir a\u00f0 tilgangurinn v\u00e6ri s\u00e1 a\u00f0 uppr\u00e6ta veiruna en meginmarkmi\u00f0 var a\u00f0 bj\u00f3\u00f0a t\u00farismann velkominn. Hugmyndin me\u00f0 litak\u00f3\u00f0akerfinu var s\u00fa a\u00f0 opna \u00e1 frekari fer\u00f0amannastraum og \u00fe\u00e1 \u00fe\u00f3tti allt \u00ed lagi a\u00f0 l\u00edta fram hj\u00e1 me\u00f0alh\u00f3fsreglu gagnvart \u00feeim sem k\u00e6mu fr\u00e1 &#8222;rau\u00f0um sv\u00e6\u00f0um&#8220;, sem er \u00ed sj\u00e1lfu s\u00e9r l\u00edka brot gegn jafnr\u00e6\u00f0isreglu. <a href=\"https:\/\/www.visir.is\/g\/20212090817d\/aaetlun-stjornvalda-a-milli-thess-ad-vera-faranleg-hlaegileg-og-glaepsam\" target=\"_blank\" rel=\"noreferrer noopener\">Vi\u00f0br\u00f6g\u00f0 K\u00e1ra<\/a> vi\u00f0 \u00feessari hugmynd eru enn eitt d\u00e6mi\u00f0 um tj\u00e1ningu \u00fear sem erfitt er a\u00f0 greina sko\u00f0un hans sem v\u00edsindamanns fr\u00e1 p\u00f3lit\u00edskri afst\u00f6\u00f0u. Hann talar um \u00fea\u00f0 sem harkalega en ekki \u00f3e\u00f0lilega r\u00e1\u00f0st\u00f6fun a\u00f0 <\/p>\n\n\n\n<blockquote class=\"wp-block-quote is-style-default is-layout-flow wp-block-quote-is-layout-flow\"><p>stinga m\u00f6nnum inn \u00ed einhverskonar fangelsi sem a\u00f0 hafa veri\u00f0 sk\u00edr\u00f0 upp \u00e1 n\u00fdtt og k\u00f6llu\u00f0 s\u00f3ttvarnarh\u00fas&#8220; .  <\/p><cite>(m\u00edn. 17:43)<\/cite><\/blockquote>\n\n\n\n<p>\u00cd framhaldinu talar hann um litak\u00f3\u00f0akerfi\u00f0 sem f\u00e1r\u00e1nlegt, hl\u00e6gilegt og gl\u00e6psamlegt. Hann vir\u00f0ist hlynntur h\u00f6r\u00f0um a\u00f0ger\u00f0um en m\u00f3tfallinn broti gegn jafnr\u00e6\u00f0isreglu.<\/p>\n\n\n\n<p>\u00dea\u00f0 var kokhraustur K\u00e1ri sem vildi bj\u00f3\u00f0a heiminn velkominn. N\u00fa l\u00fdsir hann, af s\u00f6mu sannf\u00e6ringu, \u00f3\u00e1n\u00e6gju sinni me\u00f0 d\u00f3m h\u00e9ra\u00f0sd\u00f3ms Reykjav\u00edkur um a\u00f0 nau\u00f0ungarvistun nokkurra einstaklinga (sem ekki l\u00e9k grunur \u00e1 a\u00f0 v\u00e6ru smita\u00f0ir) v\u00e6ri andst\u00e6\u00f0 l\u00f6gum og bryti \u00ed b\u00e1ga vi\u00f0 jafnr\u00e6\u00f0i og me\u00f0alh\u00f3f. Afsta\u00f0a hans til s\u00f3ttvarna hefur gerbreyst en sannf\u00e6ring hans um a\u00f0 hann vilti alla hluti \u00f6\u00f0rum betur hefur ekkert haggast. <\/p>\n\n\n\n<h2 class=\"wp-block-heading\">\u00cd krafti kennivalds<\/h2>\n\n\n\n<p>D\u00f3mur h\u00e9ra\u00f0sd\u00f3ms var fyrirsj\u00e1anlegur og \u00ed samr\u00e6mi vi\u00f0 vi\u00f0urkenndar l\u00f6gsk\u00fdringara\u00f0fer\u00f0ir. K\u00e1ri m\u00e1 vitanlega hafa \u00fe\u00e1 sko\u00f0un a\u00f0 d\u00f3murinn s\u00e9 rangur. Vi\u00f0 sem \u00e1 hann hl\u00fd\u00f0um \u00e6ttum \u00fe\u00f3 a\u00f0 vera me\u00f0vitu\u00f0 um a\u00f0 K\u00e1ri er ekki l\u00f6gfr\u00e6\u00f0ingur heldur s\u00e9rfr\u00e6\u00f0ingur \u00e1 \u00e1kve\u00f0num svi\u00f0um innan l\u00e6knisfr\u00e6\u00f0innar. \u00c9g er hjartanlega \u00feakkl\u00e1t fyrir \u00fea\u00f0 a\u00f0 vi\u00f0 \u00cdslendingar skulum hafa fengi\u00f0 a\u00f0 nj\u00f3ta \u00feeirrar s\u00e9rfr\u00e6\u00f0i\u00feekkingar. \u00c9g er K\u00e1ra og hans fyrirt\u00e6ki \u00feakkl\u00e1t fyrir \u00f3metanlegt framlag til smitvarna. En \u00feegar K\u00e1ri Stef\u00e1nsson tj\u00e1ir sig um l\u00f6g og d\u00f3ma er hann ekki a\u00f0 tala sem s\u00e9rfr\u00e6\u00f0ingur heldur sem hver annar \u00e1hugama\u00f0ur. \u00c1hugama\u00f0ur sem tj\u00e1ir sig \u00ed krafti kennivalds s\u00edns \u00e1 allt \u00f6\u00f0ru svi\u00f0i.<\/p>\n\n\n\n<p>\u00cd <a href=\"https:\/\/www.facebook.com\/karistefansson66\/posts\/10158979233704089\" target=\"_blank\" rel=\"noreferrer noopener\">\u00feessum pistli<\/a> talar K\u00e1ri um a\u00f0 \u00ed l\u00f6gum s\u00e9<\/p>\n\n\n\n<blockquote class=\"wp-block-quote is-style-default is-layout-flow wp-block-quote-is-layout-flow\"><p>ekki kve\u00f0i\u00f0 svo \u00e1 um a\u00f0 s\u00f3ttvarnaryfirv\u00f6ld hafi ekki heimild til \u00feess a\u00f0 skikka f\u00f3lk \u00ed s\u00f3ttkv\u00ed hvar svo sem \u00feau telja nau\u00f0synlegt<\/p><\/blockquote>\n\n\n\n<p>og a\u00f0 \u00fear s\u00e9  <\/p>\n\n\n\n<blockquote class=\"wp-block-quote is-style-default is-layout-flow wp-block-quote-is-layout-flow\"><p>hvergi minnst \u00e1 a\u00f0 s\u00f3ttkv\u00ed eigi a\u00f0 vera e\u00f0a ver\u00f0i a\u00f0 vera heima hj\u00e1 einstaklingnum&#8220;<\/p><\/blockquote>\n\n\n\n<p>K\u00e1ri l\u00edtur h\u00e9r fram hj\u00e1 \u00feeirri meginreglu a\u00f0 stj\u00f3rnv\u00f6ld \u00feurfi lagaheimild til \u00ed\u00feyngjandi a\u00f0ger\u00f0a og megi ekki ganga lengra \u00ed a\u00f0 sker\u00f0a frelsi borgaranna en l\u00f6g leyfa. \u00c1kv\u00e6\u00f0i sem heimila frelsissker\u00f0ingu \u00e1 a\u00f0 t\u00falka \u00fer\u00f6ngt en \u00fevert \u00e1 m\u00f3ti vir\u00f0ist K\u00e1ri ganga \u00fat fr\u00e1 \u00fev\u00ed a\u00f0 stj\u00f3rnv\u00f6ld megi gera allt sem \u00feeim er ekki beinl\u00ednis banna\u00f0.&nbsp; <\/p>\n\n\n\n<p>\u00dea\u00f0 er mikilv\u00e6gt a\u00f0 hlusta \u00e1 v\u00edsindamenn \u00feegar \u00feeir tj\u00e1 sig um v\u00edsindi sem var\u00f0a br\u00fdna hagsmuni almennings. En \u00fea\u00f0 er l\u00edka mikilv\u00e6gt a\u00f0 \u00e1tta sig \u00e1 \u00fev\u00ed hven\u00e6r menn tala sem s\u00e9rfr\u00e6\u00f0ingar og hven\u00e6r \u00feeir eru a\u00f0allega a\u00f0 koma p\u00f3lit\u00edskum sko\u00f0unum s\u00ednum \u00e1 framf\u00e6ri. Sko\u00f0anir K\u00e1ra Stef\u00e1nssonar \u00e1 \u00fev\u00ed hversu h\u00f6r\u00f0um s\u00f3ttvarnarr\u00e1\u00f0st\u00f6funum \u00e6tti a\u00f0 beita eru ekkert heilagri en sko\u00f0anir okkar hinna, sem s\u00e9st kannski best \u00e1 \u00fev\u00ed a\u00f0 K\u00e1ri 2021 er algerlega \u00f3samm\u00e1la K\u00e1ra 2020. <\/p>\n\n\n\n<p>\u00dea\u00f0 skiptir l\u00edka m\u00e1li a\u00f0 vi\u00f0 s\u00e9um me\u00f0vitu\u00f0 um a\u00f0 \u00feeir sem tj\u00e1 sig \u00ed krafti kennivalds fara stundum langt \u00fat fyrir sitt s\u00e9rsvi\u00f0. \u00c9g efast ekki eitt andartak um yfirbur\u00f0ast\u00f6\u00f0u K\u00e1ra Stef\u00e1nssonar til a\u00f0 sp\u00e1 fyrir um heg\u00f0un k\u00f3r\u00f3nuveirunnar og vegna \u00feekkingar sinnar hefur hann vafalaust betri forsendur en me\u00f0alma\u00f0urinn til a\u00f0 meta \u00fea\u00f0 hva\u00f0a a\u00f0ger\u00f0ir eru l\u00edklegar til \u00e1rangurs. En t\u00falkun hans \u00e1 s\u00f3ttvarnarl\u00f6gum sty\u00f0st ekki vi\u00f0 neina s\u00e9r\u00feekkingu og er \u00ed andst\u00f6\u00f0u vi\u00f0 vi\u00f0teknar l\u00f6gsk\u00fdringara\u00f0fer\u00f0ir. Raunar er h\u00fan einhverssta\u00f0ar \u00e1 milli \u00feess a\u00f0 vera f\u00e1r\u00e1nleg og hl\u00e6gileg og ef stj\u00f3rnv\u00f6ld hef\u00f0u lagat\u00falkun K\u00e1ra a\u00f0 lei\u00f0arlj\u00f3si g\u00e6tu aflei\u00f0ingarnar or\u00f0i\u00f0 gl\u00e6psamlegar.  <\/p>\n\n\n<div class=\"vlp-link-container vlp-layout-basic wp-block-visual-link-preview-link\"><a href=\"https:\/\/www.norn.is\/eva\/2021\/04\/02\/og-ari-sidar-thykir-engin-astaeda-til-medalhofs\/\" class=\"vlp-link\" title=\"Og \u00e1ri s\u00ed\u00f0ar \u00feykir engin \u00e1st\u00e6\u00f0a til me\u00f0alh\u00f3fs\"><\/a><div class=\"vlp-layout-zone-side\"><div class=\"vlp-block-2 vlp-link-image\"><img loading=\"lazy\" decoding=\"async\" style=\"max-width: 150px;\" width=\"150\" height=\"84\" src=\"https:\/\/www.norn.is\/eva\/wp-content\/uploads\/sites\/36\/2021\/04\/hotel-door.png\" class=\"attachment-150x999 size-150x999\" alt=\"\" srcset=\"https:\/\/www.norn.is\/eva\/wp-content\/uploads\/sites\/36\/2021\/04\/hotel-door.png 1920w, https:\/\/www.norn.is\/eva\/wp-content\/uploads\/sites\/36\/2021\/04\/hotel-door-300x169.png 300w, https:\/\/www.norn.is\/eva\/wp-content\/uploads\/sites\/36\/2021\/04\/hotel-door-1024x576.png 1024w, https:\/\/www.norn.is\/eva\/wp-content\/uploads\/sites\/36\/2021\/04\/hotel-door-768x432.png 768w, https:\/\/www.norn.is\/eva\/wp-content\/uploads\/sites\/36\/2021\/04\/hotel-door-1536x864.png 1536w, https:\/\/www.norn.is\/eva\/wp-content\/uploads\/sites\/36\/2021\/04\/hotel-door-1080x608.png 1080w\" sizes=\"auto, (max-width: 150px) 100vw, 150px\" \/><\/div><\/div><div class=\"vlp-layout-zone-main\"><div class=\"vlp-block-0 vlp-link-title\">Og \u00e1ri s\u00ed\u00f0ar \u00feykir engin \u00e1st\u00e6\u00f0a til me\u00f0alh\u00f3fs<\/div><div class=\"vlp-block-1 vlp-link-summary\">\u00c1 me\u00f0an svotil ekkert var vita\u00f0 um k\u00f3r\u00f3nuveiruna e\u00f0a \u00fatbrei\u00f0slu hennar, ekkert b\u00f3luefni \u00ed augs\u00fdn og heilbrig\u00f0iskerfi\u00f0 engan veginn undir heimsfaraldur b\u00fai\u00f0, l\u00f6g\u00f0u stj\u00f3rnv\u00f6ld \u00e1herslu \u00e1 a\u00f0 raska sem minnstu og for\u00f0ast \u00ed\u00feyngjandi a\u00f0ger\u00f0ir. \u00de\u00e6r r\u00e1\u00f0stafanir sem gripi\u00f0 var til voru r\u00e9ttl\u00e6ttar me\u00f0 \u00fev\u00ed a\u00f0 \u00fatbrei\u00f0sla veirunnar m\u00e6tti ekki ver\u00f0a svo hr\u00f6\u00f0 a\u00f0 \u00fea\u00f0 yr\u00f0i [&hellip;]<\/div><\/div><\/div>","protected":false},"excerpt":{"rendered":"<p>S\u00e1 \u00e1g\u00e6ti samf\u00e9lagsr\u00fdnir K\u00e1ri Stef\u00e1nsson sty\u00f0ur n\u00fa hugmyndir um nau\u00f0ungarvistun \u00ed s\u00f3ttvarnarh\u00fasum. Sami K\u00e1rinn og s\u00e1 sem \u00ed j\u00fan\u00ed 2020 vildi bj\u00f3\u00f0a heiminn velkominn. \u00c9g er hlynnt str\u00f6ngum s\u00f3ttvarnarr\u00e1\u00f0st\u00f6funum og tel a\u00f0 r\u00e9tt hef\u00f0i veri\u00f0 a\u00f0 hefta komur fer\u00f0amanna til landsins strax \u00ed febr\u00faar 2020. \u00dea\u00f0 gle\u00f0ur mig a\u00f0 K\u00e1ri skuli setja s\u00f3ttvarnir ofar hagsmunum [&hellip;]<\/p>\n","protected":false},"author":7,"featured_media":4867,"comment_status":"closed","ping_status":"open","sticky":false,"template":"","format":"standard","meta":{"_et_pb_use_builder":"off","_et_pb_old_content":"","_et_gb_content_width":"","footnotes":""},"categories":[494,133,197],"tags":[864,882,881],"class_list":["post-4860","post","type-post","status-publish","format-standard","has-post-thumbnail","hentry","category-fjolmidlar","category-heilbrigdis-felagsmal","category-vald-velferd","tag-kari-stefansson","tag-naudungarvistun","tag-sottvarnarhotel","et-has-post-format-content","et_post_format-et-post-format-standard"],"yoast_head":"<!-- This site is optimized with the Yoast SEO plugin v27.5 - https:\/\/yoast.com\/product\/yoast-seo-wordpress\/ -->\n<title>F\u00e1r\u00e1nleg, hl\u00e6gileg, gl\u00e6psamleg - Eva Hauksd\u00f3ttir<\/title>\n<meta name=\"robots\" content=\"index, follow, max-snippet:-1, max-image-preview:large, max-video-preview:-1\" \/>\n<link rel=\"canonical\" href=\"https:\/\/www.norn.is\/eva\/2021\/04\/13\/faranleg-hlaegileg-glaepsamleg\/\" \/>\n<meta property=\"og:locale\" content=\"is_IS\" \/>\n<meta property=\"og:type\" content=\"article\" \/>\n<meta property=\"og:title\" content=\"F\u00e1r\u00e1nleg, hl\u00e6gileg, gl\u00e6psamleg - Eva Hauksd\u00f3ttir\" \/>\n<meta property=\"og:description\" content=\"S\u00e1 \u00e1g\u00e6ti samf\u00e9lagsr\u00fdnir K\u00e1ri Stef\u00e1nsson sty\u00f0ur n\u00fa hugmyndir um nau\u00f0ungarvistun \u00ed s\u00f3ttvarnarh\u00fasum. Sami K\u00e1rinn og s\u00e1 sem \u00ed j\u00fan\u00ed 2020 vildi bj\u00f3\u00f0a heiminn velkominn. \u00c9g er hlynnt str\u00f6ngum s\u00f3ttvarnarr\u00e1\u00f0st\u00f6funum og tel a\u00f0 r\u00e9tt hef\u00f0i veri\u00f0 a\u00f0 hefta komur fer\u00f0amanna til landsins strax \u00ed febr\u00faar 2020. \u00dea\u00f0 gle\u00f0ur mig a\u00f0 K\u00e1ri skuli setja s\u00f3ttvarnir ofar hagsmunum [&hellip;]\" \/>\n<meta property=\"og:url\" content=\"https:\/\/www.norn.is\/eva\/2021\/04\/13\/faranleg-hlaegileg-glaepsamleg\/\" \/>\n<meta property=\"og:site_name\" content=\"Eva Hauksd\u00f3ttir\" \/>\n<meta property=\"article:published_time\" content=\"2021-04-13T09:00:00+00:00\" \/>\n<meta property=\"article:modified_time\" content=\"2021-12-01T16:45:26+00:00\" \/>\n<meta property=\"og:image\" content=\"https:\/\/www.norn.is\/eva\/wp-content\/uploads\/sites\/36\/2021\/04\/coronavirus-banner-scaled.jpg\" \/>\n\t<meta property=\"og:image:width\" content=\"2560\" \/>\n\t<meta property=\"og:image:height\" content=\"1440\" \/>\n\t<meta property=\"og:image:type\" content=\"image\/jpeg\" \/>\n<meta name=\"author\" content=\"Eva Hauksd\u00f3ttir\" \/>\n<meta name=\"twitter:card\" content=\"summary_large_image\" \/>\n<meta name=\"twitter:label1\" content=\"Written by\" \/>\n\t<meta name=\"twitter:data1\" content=\"\" \/>\n\t<meta name=\"twitter:label2\" content=\"Est. reading time\" \/>\n\t<meta name=\"twitter:data2\" content=\"7 minutes\" \/>\n<script type=\"application\/ld+json\" class=\"yoast-schema-graph\">{\"@context\":\"https:\\\/\\\/schema.org\",\"@graph\":[{\"@type\":\"Article\",\"@id\":\"https:\\\/\\\/www.norn.is\\\/eva\\\/2021\\\/04\\\/13\\\/faranleg-hlaegileg-glaepsamleg\\\/#article\",\"isPartOf\":{\"@id\":\"https:\\\/\\\/www.norn.is\\\/eva\\\/2021\\\/04\\\/13\\\/faranleg-hlaegileg-glaepsamleg\\\/\"},\"author\":{\"name\":\"Eva Hauksd\u00f3ttir\",\"@id\":\"https:\\\/\\\/www.norn.is\\\/eva\\\/#\\\/schema\\\/person\\\/1d9742389918a297671033a2b53d3d34\"},\"headline\":\"F\u00e1r\u00e1nleg, hl\u00e6gileg, gl\u00e6psamleg\",\"datePublished\":\"2021-04-13T09:00:00+00:00\",\"dateModified\":\"2021-12-01T16:45:26+00:00\",\"mainEntityOfPage\":{\"@id\":\"https:\\\/\\\/www.norn.is\\\/eva\\\/2021\\\/04\\\/13\\\/faranleg-hlaegileg-glaepsamleg\\\/\"},\"wordCount\":1817,\"image\":{\"@id\":\"https:\\\/\\\/www.norn.is\\\/eva\\\/2021\\\/04\\\/13\\\/faranleg-hlaegileg-glaepsamleg\\\/#primaryimage\"},\"thumbnailUrl\":\"https:\\\/\\\/www.norn.is\\\/eva\\\/wp-content\\\/uploads\\\/sites\\\/36\\\/2021\\\/04\\\/coronavirus-banner-scaled.jpg\",\"keywords\":[\"K\u00e1ri Stef\u00e1nsson\",\"nau\u00f0ungarvistun\",\"s\u00f3ttvarnarh\u00f3tel\"],\"articleSection\":[\"Fj\u00f6lmi\u00f0lar\",\"Heilbrig\u00f0is- &amp; f\u00e9lagsm\u00e1l\",\"Vald &amp; velfer\u00f0\"],\"inLanguage\":\"is\"},{\"@type\":\"WebPage\",\"@id\":\"https:\\\/\\\/www.norn.is\\\/eva\\\/2021\\\/04\\\/13\\\/faranleg-hlaegileg-glaepsamleg\\\/\",\"url\":\"https:\\\/\\\/www.norn.is\\\/eva\\\/2021\\\/04\\\/13\\\/faranleg-hlaegileg-glaepsamleg\\\/\",\"name\":\"F\u00e1r\u00e1nleg, hl\u00e6gileg, gl\u00e6psamleg - Eva Hauksd\u00f3ttir\",\"isPartOf\":{\"@id\":\"https:\\\/\\\/www.norn.is\\\/eva\\\/#website\"},\"primaryImageOfPage\":{\"@id\":\"https:\\\/\\\/www.norn.is\\\/eva\\\/2021\\\/04\\\/13\\\/faranleg-hlaegileg-glaepsamleg\\\/#primaryimage\"},\"image\":{\"@id\":\"https:\\\/\\\/www.norn.is\\\/eva\\\/2021\\\/04\\\/13\\\/faranleg-hlaegileg-glaepsamleg\\\/#primaryimage\"},\"thumbnailUrl\":\"https:\\\/\\\/www.norn.is\\\/eva\\\/wp-content\\\/uploads\\\/sites\\\/36\\\/2021\\\/04\\\/coronavirus-banner-scaled.jpg\",\"datePublished\":\"2021-04-13T09:00:00+00:00\",\"dateModified\":\"2021-12-01T16:45:26+00:00\",\"author\":{\"@id\":\"https:\\\/\\\/www.norn.is\\\/eva\\\/#\\\/schema\\\/person\\\/1d9742389918a297671033a2b53d3d34\"},\"breadcrumb\":{\"@id\":\"https:\\\/\\\/www.norn.is\\\/eva\\\/2021\\\/04\\\/13\\\/faranleg-hlaegileg-glaepsamleg\\\/#breadcrumb\"},\"inLanguage\":\"is\",\"potentialAction\":[{\"@type\":\"ReadAction\",\"target\":[\"https:\\\/\\\/www.norn.is\\\/eva\\\/2021\\\/04\\\/13\\\/faranleg-hlaegileg-glaepsamleg\\\/\"]}]},{\"@type\":\"ImageObject\",\"inLanguage\":\"is\",\"@id\":\"https:\\\/\\\/www.norn.is\\\/eva\\\/2021\\\/04\\\/13\\\/faranleg-hlaegileg-glaepsamleg\\\/#primaryimage\",\"url\":\"https:\\\/\\\/www.norn.is\\\/eva\\\/wp-content\\\/uploads\\\/sites\\\/36\\\/2021\\\/04\\\/coronavirus-banner-scaled.jpg\",\"contentUrl\":\"https:\\\/\\\/www.norn.is\\\/eva\\\/wp-content\\\/uploads\\\/sites\\\/36\\\/2021\\\/04\\\/coronavirus-banner-scaled.jpg\",\"width\":2560,\"height\":1440},{\"@type\":\"BreadcrumbList\",\"@id\":\"https:\\\/\\\/www.norn.is\\\/eva\\\/2021\\\/04\\\/13\\\/faranleg-hlaegileg-glaepsamleg\\\/#breadcrumb\",\"itemListElement\":[{\"@type\":\"ListItem\",\"position\":1,\"name\":\"Home\",\"item\":\"https:\\\/\\\/www.norn.is\\\/eva\\\/\"},{\"@type\":\"ListItem\",\"position\":2,\"name\":\"F\u00e1r\u00e1nleg, hl\u00e6gileg, gl\u00e6psamleg\"}]},{\"@type\":\"WebSite\",\"@id\":\"https:\\\/\\\/www.norn.is\\\/eva\\\/#website\",\"url\":\"https:\\\/\\\/www.norn.is\\\/eva\\\/\",\"name\":\"Eva Hauksd\u00f3ttir\",\"description\":\"Evu blogg\",\"potentialAction\":[{\"@type\":\"SearchAction\",\"target\":{\"@type\":\"EntryPoint\",\"urlTemplate\":\"https:\\\/\\\/www.norn.is\\\/eva\\\/?s={search_term_string}\"},\"query-input\":{\"@type\":\"PropertyValueSpecification\",\"valueRequired\":true,\"valueName\":\"search_term_string\"}}],\"inLanguage\":\"is\"},{\"@type\":\"Person\",\"@id\":\"https:\\\/\\\/www.norn.is\\\/eva\\\/#\\\/schema\\\/person\\\/1d9742389918a297671033a2b53d3d34\",\"name\":\"Eva Hauksd\u00f3ttir\",\"image\":{\"@type\":\"ImageObject\",\"inLanguage\":\"is\",\"@id\":\"https:\\\/\\\/secure.gravatar.com\\\/avatar\\\/3690cd9ff7436a8a5d80acdc8fcb1046fbb9e002d4b532c85080d1bcbede84ce?s=96&d=mm&r=g\",\"url\":\"https:\\\/\\\/secure.gravatar.com\\\/avatar\\\/3690cd9ff7436a8a5d80acdc8fcb1046fbb9e002d4b532c85080d1bcbede84ce?s=96&d=mm&r=g\",\"contentUrl\":\"https:\\\/\\\/secure.gravatar.com\\\/avatar\\\/3690cd9ff7436a8a5d80acdc8fcb1046fbb9e002d4b532c85080d1bcbede84ce?s=96&d=mm&r=g\",\"caption\":\"Eva Hauksd\u00f3ttir\"},\"url\":\"https:\\\/\\\/www.norn.is\\\/eva\\\/author\\\/evahauks\\\/\"}]}<\/script>\n<!-- \/ Yoast SEO plugin. -->","yoast_head_json":{"title":"F\u00e1r\u00e1nleg, hl\u00e6gileg, gl\u00e6psamleg - Eva Hauksd\u00f3ttir","robots":{"index":"index","follow":"follow","max-snippet":"max-snippet:-1","max-image-preview":"max-image-preview:large","max-video-preview":"max-video-preview:-1"},"canonical":"https:\/\/www.norn.is\/eva\/2021\/04\/13\/faranleg-hlaegileg-glaepsamleg\/","og_locale":"is_IS","og_type":"article","og_title":"F\u00e1r\u00e1nleg, hl\u00e6gileg, gl\u00e6psamleg - Eva Hauksd\u00f3ttir","og_description":"S\u00e1 \u00e1g\u00e6ti samf\u00e9lagsr\u00fdnir K\u00e1ri Stef\u00e1nsson sty\u00f0ur n\u00fa hugmyndir um nau\u00f0ungarvistun \u00ed s\u00f3ttvarnarh\u00fasum. Sami K\u00e1rinn og s\u00e1 sem \u00ed j\u00fan\u00ed 2020 vildi bj\u00f3\u00f0a heiminn velkominn. \u00c9g er hlynnt str\u00f6ngum s\u00f3ttvarnarr\u00e1\u00f0st\u00f6funum og tel a\u00f0 r\u00e9tt hef\u00f0i veri\u00f0 a\u00f0 hefta komur fer\u00f0amanna til landsins strax \u00ed febr\u00faar 2020. \u00dea\u00f0 gle\u00f0ur mig a\u00f0 K\u00e1ri skuli setja s\u00f3ttvarnir ofar hagsmunum [&hellip;]","og_url":"https:\/\/www.norn.is\/eva\/2021\/04\/13\/faranleg-hlaegileg-glaepsamleg\/","og_site_name":"Eva Hauksd\u00f3ttir","article_published_time":"2021-04-13T09:00:00+00:00","article_modified_time":"2021-12-01T16:45:26+00:00","og_image":[{"width":2560,"height":1440,"url":"https:\/\/www.norn.is\/eva\/wp-content\/uploads\/sites\/36\/2021\/04\/coronavirus-banner-scaled.jpg","type":"image\/jpeg"}],"author":"Eva Hauksd\u00f3ttir","twitter_card":"summary_large_image","twitter_misc":{"Written by":false,"Est. reading time":"7 minutes"},"schema":{"@context":"https:\/\/schema.org","@graph":[{"@type":"Article","@id":"https:\/\/www.norn.is\/eva\/2021\/04\/13\/faranleg-hlaegileg-glaepsamleg\/#article","isPartOf":{"@id":"https:\/\/www.norn.is\/eva\/2021\/04\/13\/faranleg-hlaegileg-glaepsamleg\/"},"author":{"name":"Eva Hauksd\u00f3ttir","@id":"https:\/\/www.norn.is\/eva\/#\/schema\/person\/1d9742389918a297671033a2b53d3d34"},"headline":"F\u00e1r\u00e1nleg, hl\u00e6gileg, gl\u00e6psamleg","datePublished":"2021-04-13T09:00:00+00:00","dateModified":"2021-12-01T16:45:26+00:00","mainEntityOfPage":{"@id":"https:\/\/www.norn.is\/eva\/2021\/04\/13\/faranleg-hlaegileg-glaepsamleg\/"},"wordCount":1817,"image":{"@id":"https:\/\/www.norn.is\/eva\/2021\/04\/13\/faranleg-hlaegileg-glaepsamleg\/#primaryimage"},"thumbnailUrl":"https:\/\/www.norn.is\/eva\/wp-content\/uploads\/sites\/36\/2021\/04\/coronavirus-banner-scaled.jpg","keywords":["K\u00e1ri Stef\u00e1nsson","nau\u00f0ungarvistun","s\u00f3ttvarnarh\u00f3tel"],"articleSection":["Fj\u00f6lmi\u00f0lar","Heilbrig\u00f0is- &amp; f\u00e9lagsm\u00e1l","Vald &amp; velfer\u00f0"],"inLanguage":"is"},{"@type":"WebPage","@id":"https:\/\/www.norn.is\/eva\/2021\/04\/13\/faranleg-hlaegileg-glaepsamleg\/","url":"https:\/\/www.norn.is\/eva\/2021\/04\/13\/faranleg-hlaegileg-glaepsamleg\/","name":"F\u00e1r\u00e1nleg, hl\u00e6gileg, gl\u00e6psamleg - Eva Hauksd\u00f3ttir","isPartOf":{"@id":"https:\/\/www.norn.is\/eva\/#website"},"primaryImageOfPage":{"@id":"https:\/\/www.norn.is\/eva\/2021\/04\/13\/faranleg-hlaegileg-glaepsamleg\/#primaryimage"},"image":{"@id":"https:\/\/www.norn.is\/eva\/2021\/04\/13\/faranleg-hlaegileg-glaepsamleg\/#primaryimage"},"thumbnailUrl":"https:\/\/www.norn.is\/eva\/wp-content\/uploads\/sites\/36\/2021\/04\/coronavirus-banner-scaled.jpg","datePublished":"2021-04-13T09:00:00+00:00","dateModified":"2021-12-01T16:45:26+00:00","author":{"@id":"https:\/\/www.norn.is\/eva\/#\/schema\/person\/1d9742389918a297671033a2b53d3d34"},"breadcrumb":{"@id":"https:\/\/www.norn.is\/eva\/2021\/04\/13\/faranleg-hlaegileg-glaepsamleg\/#breadcrumb"},"inLanguage":"is","potentialAction":[{"@type":"ReadAction","target":["https:\/\/www.norn.is\/eva\/2021\/04\/13\/faranleg-hlaegileg-glaepsamleg\/"]}]},{"@type":"ImageObject","inLanguage":"is","@id":"https:\/\/www.norn.is\/eva\/2021\/04\/13\/faranleg-hlaegileg-glaepsamleg\/#primaryimage","url":"https:\/\/www.norn.is\/eva\/wp-content\/uploads\/sites\/36\/2021\/04\/coronavirus-banner-scaled.jpg","contentUrl":"https:\/\/www.norn.is\/eva\/wp-content\/uploads\/sites\/36\/2021\/04\/coronavirus-banner-scaled.jpg","width":2560,"height":1440},{"@type":"BreadcrumbList","@id":"https:\/\/www.norn.is\/eva\/2021\/04\/13\/faranleg-hlaegileg-glaepsamleg\/#breadcrumb","itemListElement":[{"@type":"ListItem","position":1,"name":"Home","item":"https:\/\/www.norn.is\/eva\/"},{"@type":"ListItem","position":2,"name":"F\u00e1r\u00e1nleg, hl\u00e6gileg, gl\u00e6psamleg"}]},{"@type":"WebSite","@id":"https:\/\/www.norn.is\/eva\/#website","url":"https:\/\/www.norn.is\/eva\/","name":"Eva Hauksd\u00f3ttir","description":"Evu blogg","potentialAction":[{"@type":"SearchAction","target":{"@type":"EntryPoint","urlTemplate":"https:\/\/www.norn.is\/eva\/?s={search_term_string}"},"query-input":{"@type":"PropertyValueSpecification","valueRequired":true,"valueName":"search_term_string"}}],"inLanguage":"is"},{"@type":"Person","@id":"https:\/\/www.norn.is\/eva\/#\/schema\/person\/1d9742389918a297671033a2b53d3d34","name":"Eva Hauksd\u00f3ttir","image":{"@type":"ImageObject","inLanguage":"is","@id":"https:\/\/secure.gravatar.com\/avatar\/3690cd9ff7436a8a5d80acdc8fcb1046fbb9e002d4b532c85080d1bcbede84ce?s=96&d=mm&r=g","url":"https:\/\/secure.gravatar.com\/avatar\/3690cd9ff7436a8a5d80acdc8fcb1046fbb9e002d4b532c85080d1bcbede84ce?s=96&d=mm&r=g","contentUrl":"https:\/\/secure.gravatar.com\/avatar\/3690cd9ff7436a8a5d80acdc8fcb1046fbb9e002d4b532c85080d1bcbede84ce?s=96&d=mm&r=g","caption":"Eva Hauksd\u00f3ttir"},"url":"https:\/\/www.norn.is\/eva\/author\/evahauks\/"}]}},"_links":{"self":[{"href":"https:\/\/www.norn.is\/eva\/wp-json\/wp\/v2\/posts\/4860","targetHints":{"allow":["GET"]}}],"collection":[{"href":"https:\/\/www.norn.is\/eva\/wp-json\/wp\/v2\/posts"}],"about":[{"href":"https:\/\/www.norn.is\/eva\/wp-json\/wp\/v2\/types\/post"}],"author":[{"embeddable":true,"href":"https:\/\/www.norn.is\/eva\/wp-json\/wp\/v2\/users\/7"}],"replies":[{"embeddable":true,"href":"https:\/\/www.norn.is\/eva\/wp-json\/wp\/v2\/comments?post=4860"}],"version-history":[{"count":9,"href":"https:\/\/www.norn.is\/eva\/wp-json\/wp\/v2\/posts\/4860\/revisions"}],"predecessor-version":[{"id":4874,"href":"https:\/\/www.norn.is\/eva\/wp-json\/wp\/v2\/posts\/4860\/revisions\/4874"}],"wp:featuredmedia":[{"embeddable":true,"href":"https:\/\/www.norn.is\/eva\/wp-json\/wp\/v2\/media\/4867"}],"wp:attachment":[{"href":"https:\/\/www.norn.is\/eva\/wp-json\/wp\/v2\/media?parent=4860"}],"wp:term":[{"taxonomy":"category","embeddable":true,"href":"https:\/\/www.norn.is\/eva\/wp-json\/wp\/v2\/categories?post=4860"},{"taxonomy":"post_tag","embeddable":true,"href":"https:\/\/www.norn.is\/eva\/wp-json\/wp\/v2\/tags?post=4860"}],"curies":[{"name":"wp","href":"https:\/\/api.w.org\/{rel}","templated":true}]}}