{"id":484,"date":"2020-04-23T19:59:36","date_gmt":"2020-04-23T19:59:36","guid":{"rendered":"http:\/\/www.norn.is\/eva\/?p=484"},"modified":"2020-05-30T23:07:09","modified_gmt":"2020-05-30T23:07:09","slug":"sviar-forna-oldrudum","status":"publish","type":"post","link":"https:\/\/www.norn.is\/eva\/2020\/04\/23\/sviar-forna-oldrudum\/","title":{"rendered":"Sv\u00edar f\u00f3rna \u00f6ldru\u00f0um"},"content":{"rendered":"\n<p>\u00deessvegna er s\u00e6nska lei\u00f0in r\u00f6ng &#8211; Giesecke svara\u00f0 2. \u00fe\u00e1ttur<\/p>\n\n\n\n<p>\u00c9g \u00e1 ekki or\u00f0 til a\u00f0 l\u00fdsa vi\u00f0bj\u00f3\u00f0i m\u00ednum \u00e1 \u00feeirri stefnu sem Sv\u00ed\u00fej\u00f3\u00f0 framfylgir vegna k\u00f3r\u00f3nufaraldursins, en ef \u00e9g \u00e6tti a\u00f0 f\u00e1 l\u00e1na\u00f0an or\u00f0afor\u00f0a myndi \u00e9g leita til\u00a0<a href=\"https:\/\/kvennabladid.is\/2020\/04\/22\/adeins-um-stundaraesingsheilkennid-vegna-upplysingaoreidunefndar-thjodaroryggisrads\/\">Kristins Hrafnssonar<\/a>. \u00cd g\u00e6r fjalla\u00f0i \u00e9g um \u00feau r\u00f6k a\u00f0 \u00e1kv\u00f6r\u00f0un um samkomutakmarkanir byggi ekki \u00e1 v\u00edsindum og ni\u00f0ursta\u00f0an er s\u00fa a\u00f0\u00a0s\u00e6nska lei\u00f0in byggi ekki \u00e1 si\u00f0fer\u00f0i.<\/p>\n\n\n<div class=\"vlp-link-container vlp-layout-basic wp-block-visual-link-preview-link\"><a href=\"https:\/\/www.norn.is\/eva\/2020\/04\/22\/saenska-leidin-er-ekki-byggd-a-sidferdi\/\" class=\"vlp-link\" title=\"S\u00e6nska lei\u00f0in er ekki bygg\u00f0 \u00e1 si\u00f0fer\u00f0i\"><\/a><div class=\"vlp-layout-zone-side\"><div class=\"vlp-block-2 vlp-link-image\"><img loading=\"lazy\" decoding=\"async\" style=\"max-width: 150px;\" width=\"150\" height=\"98\" src=\"https:\/\/www.norn.is\/eva\/wp-content\/uploads\/sites\/36\/2020\/05\/giesecke-688x451-1.png\" class=\"attachment-150x999 size-150x999\" alt=\"\" srcset=\"https:\/\/www.norn.is\/eva\/wp-content\/uploads\/sites\/36\/2020\/05\/giesecke-688x451-1.png 688w, https:\/\/www.norn.is\/eva\/wp-content\/uploads\/sites\/36\/2020\/05\/giesecke-688x451-1-300x197.png 300w\" sizes=\"auto, (max-width: 150px) 100vw, 150px\" \/><\/div><\/div><div class=\"vlp-layout-zone-main\"><div class=\"vlp-block-0 vlp-link-title\">S\u00e6nska lei\u00f0in er ekki bygg\u00f0 \u00e1 si\u00f0fer\u00f0i<\/div><div class=\"vlp-block-1 vlp-link-summary\">\u00deessvegna er s\u00e6nska lei\u00f0in r\u00f6ng &#8211; 1. \u00fe\u00e1ttur Johan Giesecke, r\u00e1\u00f0gjafi s\u00e6nskra stj\u00f3rnvalda um vi\u00f0br\u00f6g\u00f0 vi\u00f0 k\u00f3r\u00f3nuveikinni, telur a\u00f0 r\u00e1\u00f0gj\u00f6f hans hafi veri\u00f0 til fyrirmyndar.\u00a0H\u00e9r er vi\u00f0tal vi\u00f0 hann\u00a0og stutt samantekt \u00e1 helstu r\u00f6ksemdum. Vi\u00f0 \u00fe\u00e6r er margt a\u00f0 athuga. Vi\u00f0 skulum sko\u00f0a vi\u00f0tali\u00f0 \u2013 hvern punkt fyrir sig. H\u00e9r er s\u00e1 fyrsti: S\u00fa stefna [&hellip;]<\/div><\/div><\/div>\n\n\n<p>\u00cd dag skulum vi\u00f0 a\u00f0eins sko\u00f0a \u00fea\u00f0 sem Johan Giesecke, r\u00e1\u00f0gjafi s\u00e6nsku r\u00edkissj\u00f3rnarinnar, segir um heppilegar var\u00fa\u00f0arr\u00e1\u00f0stafanir:<\/p>\n\n\n\n<blockquote class=\"wp-block-quote is-style-large is-layout-flow wp-block-quote-is-layout-flow\"><p>R\u00e9tta stefnan er s\u00fa a\u00f0 vernda a\u00f0eins eldri borgara og \u00fe\u00e1 sem eru veikir fyrir.<\/p><\/blockquote>\n\n\n\n<p>\u00dea\u00f0 er \u00e1hugavert a\u00f0 um lei\u00f0 og Giesecke heldur \u00feessu fram, bendir hann \u00e1 a\u00f0 \u00fearna hafi s\u00e6nskum yfirv\u00f6ldum mistekist.<\/p>\n\n\n\n<p>\u00d3j\u00e1, enda er ekki vi\u00f0 \u00fev\u00ed a\u00f0 b\u00faast a\u00f0 h\u00e6gt s\u00e9 a\u00f0 halda veirunni fr\u00e1 eldri borgurum og f\u00f3lki me\u00f0 undirliggjandi sj\u00fakd\u00f3ma \u00feegar smitberar valsa um og\u00a0<a href=\"https:\/\/www.mbl.is\/frettir\/erlent\/2020\/04\/13\/fullkomlega_vanhugsad_fra_a_til_o\/\">starfsf\u00f3lk heilbrig\u00f0isstofnana er ekki k\u00f3r\u00f3nuskimun<\/a>\u00a0\u00fe\u00f3tt r\u00f6kstuddur grunur s\u00e9 um smit. \u00cd byrjun apr\u00edl fr\u00e9ttist \u00fat a\u00f0 veiran hef\u00f0i greinst \u00e1\u00a0<a href=\"https:\/\/www.dr.dk\/nyheder\/udland\/coronavirus-spreder-sig-paa-plejehjem-i-stockholm-250-aeldre-smittet\">\u00feri\u00f0jungi elliheimila \u00ed Sv\u00ed\u00fej\u00f3\u00f0<\/a>\u00a0og meira en 250 \u00edb\u00faar v\u00e6ru smita\u00f0ir. Hver voru vi\u00f0br\u00f6g\u00f0 s\u00e6nskra stj\u00f3rnvalda vi\u00f0 \u00fev\u00ed? Samkomutakmarkanir e\u00f0a a\u00f0rar var\u00fa\u00f0arr\u00e1\u00f0stafanir til a\u00f0 varna \u00fatbrei\u00f0slu?<\/p>\n\n\n\n<figure class=\"wp-block-image size-large\"><img loading=\"lazy\" decoding=\"async\" width=\"1024\" height=\"454\" src=\"http:\/\/www.norn.is\/eva\/wp-content\/uploads\/sites\/36\/2020\/05\/svjo-covid-23-ap-1024x454.png\" alt=\"\" class=\"wp-image-479\" srcset=\"https:\/\/www.norn.is\/eva\/wp-content\/uploads\/sites\/36\/2020\/05\/svjo-covid-23-ap-1024x454.png 1024w, https:\/\/www.norn.is\/eva\/wp-content\/uploads\/sites\/36\/2020\/05\/svjo-covid-23-ap-300x133.png 300w, https:\/\/www.norn.is\/eva\/wp-content\/uploads\/sites\/36\/2020\/05\/svjo-covid-23-ap-768x341.png 768w, https:\/\/www.norn.is\/eva\/wp-content\/uploads\/sites\/36\/2020\/05\/svjo-covid-23-ap-1536x682.png 1536w, https:\/\/www.norn.is\/eva\/wp-content\/uploads\/sites\/36\/2020\/05\/svjo-covid-23-ap-1080x479.png 1080w, https:\/\/www.norn.is\/eva\/wp-content\/uploads\/sites\/36\/2020\/05\/svjo-covid-23-ap.png 1895w\" sizes=\"auto, (max-width: 1024px) 100vw, 1024px\" \/><figcaption>H\u00e9r s\u00e9st aldursdreifing vi\u00f0 andl\u00e1t og gj\u00f6rg\u00e6sluinnl\u00f6gn<\/figcaption><\/figure>\n\n\n\n<p>Neinei, hva\u00f0 sem Giesecke kann a\u00f0 hafa r\u00e1\u00f0lagt Sv\u00edum er stefnan er \u00ed prax\u00eds s\u00fa a\u00f0 \u00fea\u00f0 ver\u00f0i bara a\u00f0 hafa \u00fea\u00f0 \u00fe\u00f3tt eldri borgarar f\u00e1i lungnab\u00f3lgu og deyi unnv\u00f6rpum. \u00der\u00e1tt fyrir \u00feetta h\u00f6rmulega \u00e1stand hefur&nbsp;<a href=\"https:\/\/www.theguardian.com\/world\/2020\/apr\/19\/anger-in-sweden-as-elderly-pay-price-for-coronavirus-strategy\">ekki enn\u00fe\u00e1 veri\u00f0 gripi\u00f0 til sj\u00e1lfs\u00f6g\u00f0ustu var\u00fa\u00f0arr\u00e1\u00f0stafana<\/a>&nbsp;\u00e1 bor\u00f0 vi\u00f0 hl\u00edf\u00f0arb\u00fana\u00f0 og handspritt \u00e1 hj\u00fakrunarheimilum. Ekkert s\u00e9rstakt er gert til a\u00f0 hindra a\u00f0 heilbrig\u00f0isstarfsf\u00f3lk beri smit milli skj\u00f3lst\u00e6\u00f0inga sinna. Hva\u00f0 er \u00fea\u00f0 ef ekki \u00e1setningur um a\u00f0 leyfa veirunni a\u00f0 grassera me\u00f0al eldri borgara?<\/p>\n\n\n\n<p>Enn\u00fe\u00e1 m\u00e1 helst&nbsp;<a href=\"https:\/\/kvennabladid.is\/2020\/04\/03\/stokkholmsheilkennid-hid-nyja\/\">l\u00edkja vi\u00f0br\u00f6g\u00f0um almennings vi\u00f0 Stokkh\u00f3lmsheilkenni\u00f0<\/a>, samkv\u00e6mt fr\u00e9ttum i\u00f0ar mannl\u00edf \u00ed Stokkh\u00f3lmi sem aldrei fyrr. Ma\u00f0ur veltir \u00fev\u00ed fyrir s\u00e9r hvort h\u00e1tt \u00ed 2000 l\u00e1tinna og meira en 1400 gj\u00f6rg\u00e6slusj\u00faklinga eigi enga \u00e6ttingja e\u00f0a vini.<\/p>\n\n\n\n<p>Me\u00f0 fullri vir\u00f0ingu fyrir v\u00edsindum \u00fe\u00e1 \u00e1 framfer\u00f0i s\u00e6nska r\u00edkisins \u00ed \u00feessum m\u00e1lum meira skylt vi\u00f0 str\u00ed\u00f0sgl\u00e6p en verndarstefnu gagnvart \u00f6ldru\u00f0um og veikum. Og ekki er s\u00e1 sk\u00e1rri sem halanum heldur \u2013 \u00ed \u00feessu tilviki er \u00fea\u00f0 almenningur sem tekur fullan \u00fe\u00e1tt \u00ed \u00f3ge\u00f0inu.<\/p>\n","protected":false},"excerpt":{"rendered":"<p>\u00deessvegna er s\u00e6nska lei\u00f0in r\u00f6ng &#8211; Giesecke svara\u00f0 2. \u00fe\u00e1ttur \u00c9g \u00e1 ekki or\u00f0 til a\u00f0 l\u00fdsa vi\u00f0bj\u00f3\u00f0i m\u00ednum \u00e1 \u00feeirri stefnu sem Sv\u00ed\u00fej\u00f3\u00f0 framfylgir vegna k\u00f3r\u00f3nufaraldursins, en ef \u00e9g \u00e6tti a\u00f0 f\u00e1 l\u00e1na\u00f0an or\u00f0afor\u00f0a myndi \u00e9g leita til\u00a0Kristins Hrafnssonar. \u00cd g\u00e6r fjalla\u00f0i \u00e9g um \u00feau r\u00f6k a\u00f0 \u00e1kv\u00f6r\u00f0un um samkomutakmarkanir byggi ekki \u00e1 v\u00edsindum [&hellip;]<\/p>\n","protected":false},"author":7,"featured_media":480,"comment_status":"closed","ping_status":"open","sticky":false,"template":"","format":"standard","meta":{"_et_pb_use_builder":"off","_et_pb_old_content":"","_et_gb_content_width":"","footnotes":""},"categories":[133,197],"tags":[134,131],"class_list":["post-484","post","type-post","status-publish","format-standard","has-post-thumbnail","hentry","category-heilbrigdis-felagsmal","category-vald-velferd","tag-aldradir","tag-saenska-leidin","et-has-post-format-content","et_post_format-et-post-format-standard"],"yoast_head":"<!-- This site is optimized with the Yoast SEO plugin v27.5 - https:\/\/yoast.com\/product\/yoast-seo-wordpress\/ -->\n<title>Sv\u00edar f\u00f3rna \u00f6ldru\u00f0um - Eva Hauksd\u00f3ttir<\/title>\n<meta name=\"robots\" content=\"index, follow, max-snippet:-1, max-image-preview:large, max-video-preview:-1\" \/>\n<link rel=\"canonical\" href=\"https:\/\/www.norn.is\/eva\/2020\/04\/23\/sviar-forna-oldrudum\/\" \/>\n<meta property=\"og:locale\" content=\"is_IS\" \/>\n<meta property=\"og:type\" content=\"article\" \/>\n<meta property=\"og:title\" content=\"Sv\u00edar f\u00f3rna \u00f6ldru\u00f0um - Eva Hauksd\u00f3ttir\" \/>\n<meta property=\"og:description\" content=\"\u00deessvegna er s\u00e6nska lei\u00f0in r\u00f6ng &#8211; Giesecke svara\u00f0 2. \u00fe\u00e1ttur \u00c9g \u00e1 ekki or\u00f0 til a\u00f0 l\u00fdsa vi\u00f0bj\u00f3\u00f0i m\u00ednum \u00e1 \u00feeirri stefnu sem Sv\u00ed\u00fej\u00f3\u00f0 framfylgir vegna k\u00f3r\u00f3nufaraldursins, en ef \u00e9g \u00e6tti a\u00f0 f\u00e1 l\u00e1na\u00f0an or\u00f0afor\u00f0a myndi \u00e9g leita til\u00a0Kristins Hrafnssonar. \u00cd g\u00e6r fjalla\u00f0i \u00e9g um \u00feau r\u00f6k a\u00f0 \u00e1kv\u00f6r\u00f0un um samkomutakmarkanir byggi ekki \u00e1 v\u00edsindum [&hellip;]\" \/>\n<meta property=\"og:url\" content=\"https:\/\/www.norn.is\/eva\/2020\/04\/23\/sviar-forna-oldrudum\/\" \/>\n<meta property=\"og:site_name\" content=\"Eva Hauksd\u00f3ttir\" \/>\n<meta property=\"article:published_time\" content=\"2020-04-23T19:59:36+00:00\" \/>\n<meta property=\"article:modified_time\" content=\"2020-05-30T23:07:09+00:00\" \/>\n<meta property=\"og:image\" content=\"https:\/\/www.norn.is\/eva\/wp-content\/uploads\/sites\/36\/2020\/05\/oldpersoncanegeneric-688x451-1.jpg\" \/>\n\t<meta property=\"og:image:width\" content=\"688\" \/>\n\t<meta property=\"og:image:height\" content=\"451\" \/>\n\t<meta property=\"og:image:type\" content=\"image\/jpeg\" \/>\n<meta name=\"author\" content=\"Eva Hauksd\u00f3ttir\" \/>\n<meta name=\"twitter:card\" content=\"summary_large_image\" \/>\n<meta name=\"twitter:label1\" content=\"Written by\" \/>\n\t<meta name=\"twitter:data1\" content=\"\" \/>\n\t<meta name=\"twitter:label2\" content=\"Est. reading time\" \/>\n\t<meta name=\"twitter:data2\" content=\"3 minutes\" \/>\n<script type=\"application\/ld+json\" class=\"yoast-schema-graph\">{\"@context\":\"https:\\\/\\\/schema.org\",\"@graph\":[{\"@type\":\"Article\",\"@id\":\"https:\\\/\\\/www.norn.is\\\/eva\\\/2020\\\/04\\\/23\\\/sviar-forna-oldrudum\\\/#article\",\"isPartOf\":{\"@id\":\"https:\\\/\\\/www.norn.is\\\/eva\\\/2020\\\/04\\\/23\\\/sviar-forna-oldrudum\\\/\"},\"author\":{\"name\":\"Eva Hauksd\u00f3ttir\",\"@id\":\"https:\\\/\\\/www.norn.is\\\/eva\\\/#\\\/schema\\\/person\\\/1d9742389918a297671033a2b53d3d34\"},\"headline\":\"Sv\u00edar f\u00f3rna \u00f6ldru\u00f0um\",\"datePublished\":\"2020-04-23T19:59:36+00:00\",\"dateModified\":\"2020-05-30T23:07:09+00:00\",\"mainEntityOfPage\":{\"@id\":\"https:\\\/\\\/www.norn.is\\\/eva\\\/2020\\\/04\\\/23\\\/sviar-forna-oldrudum\\\/\"},\"wordCount\":550,\"image\":{\"@id\":\"https:\\\/\\\/www.norn.is\\\/eva\\\/2020\\\/04\\\/23\\\/sviar-forna-oldrudum\\\/#primaryimage\"},\"thumbnailUrl\":\"https:\\\/\\\/www.norn.is\\\/eva\\\/wp-content\\\/uploads\\\/sites\\\/36\\\/2020\\\/05\\\/oldpersoncanegeneric-688x451-1.jpg\",\"keywords\":[\"aldra\u00f0ir\",\"s\u00e6nska lei\u00f0in\"],\"articleSection\":[\"Heilbrig\u00f0is- &amp; f\u00e9lagsm\u00e1l\",\"Vald &amp; velfer\u00f0\"],\"inLanguage\":\"is\"},{\"@type\":\"WebPage\",\"@id\":\"https:\\\/\\\/www.norn.is\\\/eva\\\/2020\\\/04\\\/23\\\/sviar-forna-oldrudum\\\/\",\"url\":\"https:\\\/\\\/www.norn.is\\\/eva\\\/2020\\\/04\\\/23\\\/sviar-forna-oldrudum\\\/\",\"name\":\"Sv\u00edar f\u00f3rna \u00f6ldru\u00f0um - Eva Hauksd\u00f3ttir\",\"isPartOf\":{\"@id\":\"https:\\\/\\\/www.norn.is\\\/eva\\\/#website\"},\"primaryImageOfPage\":{\"@id\":\"https:\\\/\\\/www.norn.is\\\/eva\\\/2020\\\/04\\\/23\\\/sviar-forna-oldrudum\\\/#primaryimage\"},\"image\":{\"@id\":\"https:\\\/\\\/www.norn.is\\\/eva\\\/2020\\\/04\\\/23\\\/sviar-forna-oldrudum\\\/#primaryimage\"},\"thumbnailUrl\":\"https:\\\/\\\/www.norn.is\\\/eva\\\/wp-content\\\/uploads\\\/sites\\\/36\\\/2020\\\/05\\\/oldpersoncanegeneric-688x451-1.jpg\",\"datePublished\":\"2020-04-23T19:59:36+00:00\",\"dateModified\":\"2020-05-30T23:07:09+00:00\",\"author\":{\"@id\":\"https:\\\/\\\/www.norn.is\\\/eva\\\/#\\\/schema\\\/person\\\/1d9742389918a297671033a2b53d3d34\"},\"breadcrumb\":{\"@id\":\"https:\\\/\\\/www.norn.is\\\/eva\\\/2020\\\/04\\\/23\\\/sviar-forna-oldrudum\\\/#breadcrumb\"},\"inLanguage\":\"is\",\"potentialAction\":[{\"@type\":\"ReadAction\",\"target\":[\"https:\\\/\\\/www.norn.is\\\/eva\\\/2020\\\/04\\\/23\\\/sviar-forna-oldrudum\\\/\"]}]},{\"@type\":\"ImageObject\",\"inLanguage\":\"is\",\"@id\":\"https:\\\/\\\/www.norn.is\\\/eva\\\/2020\\\/04\\\/23\\\/sviar-forna-oldrudum\\\/#primaryimage\",\"url\":\"https:\\\/\\\/www.norn.is\\\/eva\\\/wp-content\\\/uploads\\\/sites\\\/36\\\/2020\\\/05\\\/oldpersoncanegeneric-688x451-1.jpg\",\"contentUrl\":\"https:\\\/\\\/www.norn.is\\\/eva\\\/wp-content\\\/uploads\\\/sites\\\/36\\\/2020\\\/05\\\/oldpersoncanegeneric-688x451-1.jpg\",\"width\":688,\"height\":451},{\"@type\":\"BreadcrumbList\",\"@id\":\"https:\\\/\\\/www.norn.is\\\/eva\\\/2020\\\/04\\\/23\\\/sviar-forna-oldrudum\\\/#breadcrumb\",\"itemListElement\":[{\"@type\":\"ListItem\",\"position\":1,\"name\":\"Home\",\"item\":\"https:\\\/\\\/www.norn.is\\\/eva\\\/\"},{\"@type\":\"ListItem\",\"position\":2,\"name\":\"Sv\u00edar f\u00f3rna \u00f6ldru\u00f0um\"}]},{\"@type\":\"WebSite\",\"@id\":\"https:\\\/\\\/www.norn.is\\\/eva\\\/#website\",\"url\":\"https:\\\/\\\/www.norn.is\\\/eva\\\/\",\"name\":\"Eva Hauksd\u00f3ttir\",\"description\":\"Evu blogg\",\"potentialAction\":[{\"@type\":\"SearchAction\",\"target\":{\"@type\":\"EntryPoint\",\"urlTemplate\":\"https:\\\/\\\/www.norn.is\\\/eva\\\/?s={search_term_string}\"},\"query-input\":{\"@type\":\"PropertyValueSpecification\",\"valueRequired\":true,\"valueName\":\"search_term_string\"}}],\"inLanguage\":\"is\"},{\"@type\":\"Person\",\"@id\":\"https:\\\/\\\/www.norn.is\\\/eva\\\/#\\\/schema\\\/person\\\/1d9742389918a297671033a2b53d3d34\",\"name\":\"Eva Hauksd\u00f3ttir\",\"image\":{\"@type\":\"ImageObject\",\"inLanguage\":\"is\",\"@id\":\"https:\\\/\\\/secure.gravatar.com\\\/avatar\\\/3690cd9ff7436a8a5d80acdc8fcb1046fbb9e002d4b532c85080d1bcbede84ce?s=96&d=mm&r=g\",\"url\":\"https:\\\/\\\/secure.gravatar.com\\\/avatar\\\/3690cd9ff7436a8a5d80acdc8fcb1046fbb9e002d4b532c85080d1bcbede84ce?s=96&d=mm&r=g\",\"contentUrl\":\"https:\\\/\\\/secure.gravatar.com\\\/avatar\\\/3690cd9ff7436a8a5d80acdc8fcb1046fbb9e002d4b532c85080d1bcbede84ce?s=96&d=mm&r=g\",\"caption\":\"Eva Hauksd\u00f3ttir\"},\"url\":\"https:\\\/\\\/www.norn.is\\\/eva\\\/author\\\/evahauks\\\/\"}]}<\/script>\n<!-- \/ Yoast SEO plugin. -->","yoast_head_json":{"title":"Sv\u00edar f\u00f3rna \u00f6ldru\u00f0um - Eva Hauksd\u00f3ttir","robots":{"index":"index","follow":"follow","max-snippet":"max-snippet:-1","max-image-preview":"max-image-preview:large","max-video-preview":"max-video-preview:-1"},"canonical":"https:\/\/www.norn.is\/eva\/2020\/04\/23\/sviar-forna-oldrudum\/","og_locale":"is_IS","og_type":"article","og_title":"Sv\u00edar f\u00f3rna \u00f6ldru\u00f0um - Eva Hauksd\u00f3ttir","og_description":"\u00deessvegna er s\u00e6nska lei\u00f0in r\u00f6ng &#8211; Giesecke svara\u00f0 2. \u00fe\u00e1ttur \u00c9g \u00e1 ekki or\u00f0 til a\u00f0 l\u00fdsa vi\u00f0bj\u00f3\u00f0i m\u00ednum \u00e1 \u00feeirri stefnu sem Sv\u00ed\u00fej\u00f3\u00f0 framfylgir vegna k\u00f3r\u00f3nufaraldursins, en ef \u00e9g \u00e6tti a\u00f0 f\u00e1 l\u00e1na\u00f0an or\u00f0afor\u00f0a myndi \u00e9g leita til\u00a0Kristins Hrafnssonar. \u00cd g\u00e6r fjalla\u00f0i \u00e9g um \u00feau r\u00f6k a\u00f0 \u00e1kv\u00f6r\u00f0un um samkomutakmarkanir byggi ekki \u00e1 v\u00edsindum [&hellip;]","og_url":"https:\/\/www.norn.is\/eva\/2020\/04\/23\/sviar-forna-oldrudum\/","og_site_name":"Eva Hauksd\u00f3ttir","article_published_time":"2020-04-23T19:59:36+00:00","article_modified_time":"2020-05-30T23:07:09+00:00","og_image":[{"width":688,"height":451,"url":"https:\/\/www.norn.is\/eva\/wp-content\/uploads\/sites\/36\/2020\/05\/oldpersoncanegeneric-688x451-1.jpg","type":"image\/jpeg"}],"author":"Eva Hauksd\u00f3ttir","twitter_card":"summary_large_image","twitter_misc":{"Written by":false,"Est. reading time":"3 minutes"},"schema":{"@context":"https:\/\/schema.org","@graph":[{"@type":"Article","@id":"https:\/\/www.norn.is\/eva\/2020\/04\/23\/sviar-forna-oldrudum\/#article","isPartOf":{"@id":"https:\/\/www.norn.is\/eva\/2020\/04\/23\/sviar-forna-oldrudum\/"},"author":{"name":"Eva Hauksd\u00f3ttir","@id":"https:\/\/www.norn.is\/eva\/#\/schema\/person\/1d9742389918a297671033a2b53d3d34"},"headline":"Sv\u00edar f\u00f3rna \u00f6ldru\u00f0um","datePublished":"2020-04-23T19:59:36+00:00","dateModified":"2020-05-30T23:07:09+00:00","mainEntityOfPage":{"@id":"https:\/\/www.norn.is\/eva\/2020\/04\/23\/sviar-forna-oldrudum\/"},"wordCount":550,"image":{"@id":"https:\/\/www.norn.is\/eva\/2020\/04\/23\/sviar-forna-oldrudum\/#primaryimage"},"thumbnailUrl":"https:\/\/www.norn.is\/eva\/wp-content\/uploads\/sites\/36\/2020\/05\/oldpersoncanegeneric-688x451-1.jpg","keywords":["aldra\u00f0ir","s\u00e6nska lei\u00f0in"],"articleSection":["Heilbrig\u00f0is- &amp; f\u00e9lagsm\u00e1l","Vald &amp; velfer\u00f0"],"inLanguage":"is"},{"@type":"WebPage","@id":"https:\/\/www.norn.is\/eva\/2020\/04\/23\/sviar-forna-oldrudum\/","url":"https:\/\/www.norn.is\/eva\/2020\/04\/23\/sviar-forna-oldrudum\/","name":"Sv\u00edar f\u00f3rna \u00f6ldru\u00f0um - Eva Hauksd\u00f3ttir","isPartOf":{"@id":"https:\/\/www.norn.is\/eva\/#website"},"primaryImageOfPage":{"@id":"https:\/\/www.norn.is\/eva\/2020\/04\/23\/sviar-forna-oldrudum\/#primaryimage"},"image":{"@id":"https:\/\/www.norn.is\/eva\/2020\/04\/23\/sviar-forna-oldrudum\/#primaryimage"},"thumbnailUrl":"https:\/\/www.norn.is\/eva\/wp-content\/uploads\/sites\/36\/2020\/05\/oldpersoncanegeneric-688x451-1.jpg","datePublished":"2020-04-23T19:59:36+00:00","dateModified":"2020-05-30T23:07:09+00:00","author":{"@id":"https:\/\/www.norn.is\/eva\/#\/schema\/person\/1d9742389918a297671033a2b53d3d34"},"breadcrumb":{"@id":"https:\/\/www.norn.is\/eva\/2020\/04\/23\/sviar-forna-oldrudum\/#breadcrumb"},"inLanguage":"is","potentialAction":[{"@type":"ReadAction","target":["https:\/\/www.norn.is\/eva\/2020\/04\/23\/sviar-forna-oldrudum\/"]}]},{"@type":"ImageObject","inLanguage":"is","@id":"https:\/\/www.norn.is\/eva\/2020\/04\/23\/sviar-forna-oldrudum\/#primaryimage","url":"https:\/\/www.norn.is\/eva\/wp-content\/uploads\/sites\/36\/2020\/05\/oldpersoncanegeneric-688x451-1.jpg","contentUrl":"https:\/\/www.norn.is\/eva\/wp-content\/uploads\/sites\/36\/2020\/05\/oldpersoncanegeneric-688x451-1.jpg","width":688,"height":451},{"@type":"BreadcrumbList","@id":"https:\/\/www.norn.is\/eva\/2020\/04\/23\/sviar-forna-oldrudum\/#breadcrumb","itemListElement":[{"@type":"ListItem","position":1,"name":"Home","item":"https:\/\/www.norn.is\/eva\/"},{"@type":"ListItem","position":2,"name":"Sv\u00edar f\u00f3rna \u00f6ldru\u00f0um"}]},{"@type":"WebSite","@id":"https:\/\/www.norn.is\/eva\/#website","url":"https:\/\/www.norn.is\/eva\/","name":"Eva Hauksd\u00f3ttir","description":"Evu blogg","potentialAction":[{"@type":"SearchAction","target":{"@type":"EntryPoint","urlTemplate":"https:\/\/www.norn.is\/eva\/?s={search_term_string}"},"query-input":{"@type":"PropertyValueSpecification","valueRequired":true,"valueName":"search_term_string"}}],"inLanguage":"is"},{"@type":"Person","@id":"https:\/\/www.norn.is\/eva\/#\/schema\/person\/1d9742389918a297671033a2b53d3d34","name":"Eva Hauksd\u00f3ttir","image":{"@type":"ImageObject","inLanguage":"is","@id":"https:\/\/secure.gravatar.com\/avatar\/3690cd9ff7436a8a5d80acdc8fcb1046fbb9e002d4b532c85080d1bcbede84ce?s=96&d=mm&r=g","url":"https:\/\/secure.gravatar.com\/avatar\/3690cd9ff7436a8a5d80acdc8fcb1046fbb9e002d4b532c85080d1bcbede84ce?s=96&d=mm&r=g","contentUrl":"https:\/\/secure.gravatar.com\/avatar\/3690cd9ff7436a8a5d80acdc8fcb1046fbb9e002d4b532c85080d1bcbede84ce?s=96&d=mm&r=g","caption":"Eva Hauksd\u00f3ttir"},"url":"https:\/\/www.norn.is\/eva\/author\/evahauks\/"}]}},"_links":{"self":[{"href":"https:\/\/www.norn.is\/eva\/wp-json\/wp\/v2\/posts\/484","targetHints":{"allow":["GET"]}}],"collection":[{"href":"https:\/\/www.norn.is\/eva\/wp-json\/wp\/v2\/posts"}],"about":[{"href":"https:\/\/www.norn.is\/eva\/wp-json\/wp\/v2\/types\/post"}],"author":[{"embeddable":true,"href":"https:\/\/www.norn.is\/eva\/wp-json\/wp\/v2\/users\/7"}],"replies":[{"embeddable":true,"href":"https:\/\/www.norn.is\/eva\/wp-json\/wp\/v2\/comments?post=484"}],"version-history":[{"count":3,"href":"https:\/\/www.norn.is\/eva\/wp-json\/wp\/v2\/posts\/484\/revisions"}],"predecessor-version":[{"id":487,"href":"https:\/\/www.norn.is\/eva\/wp-json\/wp\/v2\/posts\/484\/revisions\/487"}],"wp:featuredmedia":[{"embeddable":true,"href":"https:\/\/www.norn.is\/eva\/wp-json\/wp\/v2\/media\/480"}],"wp:attachment":[{"href":"https:\/\/www.norn.is\/eva\/wp-json\/wp\/v2\/media?parent=484"}],"wp:term":[{"taxonomy":"category","embeddable":true,"href":"https:\/\/www.norn.is\/eva\/wp-json\/wp\/v2\/categories?post=484"},{"taxonomy":"post_tag","embeddable":true,"href":"https:\/\/www.norn.is\/eva\/wp-json\/wp\/v2\/tags?post=484"}],"curies":[{"name":"wp","href":"https:\/\/api.w.org\/{rel}","templated":true}]}}