{"id":4750,"date":"2008-04-10T20:46:00","date_gmt":"2008-04-10T20:46:00","guid":{"rendered":"http:\/\/www.norn.is\/eva\/?p=4750"},"modified":"2021-06-23T12:43:11","modified_gmt":"2021-06-23T12:43:11","slug":"thetta-agalega-ord","status":"publish","type":"post","link":"https:\/\/www.norn.is\/eva\/2008\/04\/10\/thetta-agalega-ord\/","title":{"rendered":"\u00deetta agalega or\u00f0"},"content":{"rendered":"\n<p>M\u00f3\u00f0irin var \u00ed \u00f6ngum s\u00ednum. St\u00f6\u00f0ug valdabar\u00e1tta vi\u00f0 fimm \u00e1ra d\u00f3ttur hennar var gj\u00f6rsamlega a\u00f0 fara me\u00f0 ge\u00f0heilsu hennar og f\u00e9lagsl\u00edf til fjandans, a\u00f0 ma\u00f0ur tali n\u00fa ekki um sj\u00e1lfsmynd \u00feess sem b\u00fdr vi\u00f0 \u00f3gnarstj\u00f3rn sm\u00e1barns.<br><em>\u2013 \u00de\u00fa ver\u00f0ur n\u00e1tt\u00farulega a\u00f0 aga barni\u00f0 ef vilt ekki vera \u00f6rugg um a\u00f0 koma \u00fe\u00e9r upp unglingavandam\u00e1li,&nbsp;<\/em>sag\u00f0i \u00e9g og h\u00fan kipra\u00f0ist saman af kv\u00ed\u00f0a, r\u00e9tt eins og \u00e9g hef\u00f0i stungi\u00f0 upp \u00e1 stofufangelsi og barsm\u00ed\u00f0um.<\/p>\n\n\n\n<p>Agi er eitthva\u00f0 svo hr\u00e6\u00f0ilegt or\u00f0. Hr\u00e6\u00f0ilegt og agalegt merkir m.a.s. nokkurnveginn \u00fea\u00f0 sama. Hj\u00e1 m\u00f6rgum vekur or\u00f0i\u00f0 sj\u00e1lft hugrenningartengsl vi\u00f0 verulega \u00f3ge\u00f0fellda hluti eins og refsingar, meinl\u00e6talifna\u00f0 og her\u00fej\u00f3nustu. Stundum er engu l\u00edkara en a\u00f0 vi\u00f0 \u00e1l\u00edtum a\u00f0 agi \u00fatheimti mannvonsku og sj\u00e1lfsagi feli \u00ed s\u00e9r n\u00e1nast ofumannlegan vilja. \u00c9g heyri f\u00f3lk reglulega nota afs\u00f6kunina,&nbsp;<em>\u00e9g hef bara svo l\u00edlinn sj\u00e1lfsaga,<\/em>&nbsp;r\u00e9tt eins og sj\u00e1lfsagi s\u00e9 n\u00e1\u00f0arg\u00e1fa sem a\u00f0eins f\u00e1um er gefin.<\/p>\n\n\n\n<p>\u00dea\u00f0 er mj\u00f6g skiljanlegt a\u00f0 ma\u00f0ur ver\u00f0i neikv\u00e6\u00f0ur gagnvart aga ef hann er neyddur til a\u00f0 taka 200 armbeygjur me\u00f0 snarvitlausan mann yfir s\u00e9r gargandi \u00f3kv\u00e6\u00f0isor\u00f0 en f\u00e6st okkar lenda nokkurnt\u00edma \u00ed \u00feeirri a\u00f0st\u00f6\u00f0u. Or\u00f0i\u00f0 agi merkir ekki skelfileg k\u00fagun sem br\u00fdtur ni\u00f0ur allt sj\u00e1lfst\u00e6\u00f0i og l\u00edfsgle\u00f0i, heldur einfaldlega \u00fea\u00f0 a\u00f0 framfylgja reglum. Sj\u00e1lfsagi er ekkert anna\u00f0 en a\u00f0 framfylgja \u00fev\u00ed sem ma\u00f0ur sj\u00e1lfur hefur \u00e1kve\u00f0i\u00f0; t.d. a\u00f0 gera eitthva\u00f0 sem mann langar ekki s\u00e9rstaklega e\u00f0a sleppa einhverju sem mann langar (oftast ekki einu sinni a\u00f0 sleppa \u00fev\u00ed heldur frekar a\u00f0 fresta \u00fev\u00ed a\u00f0eins e\u00f0a nj\u00f3ta \u00feess \u00ed d\u00e1l\u00edti\u00f0 minna magni) \u00ed \u00feeim tilgangi a\u00f0 f\u00e1 eitthva\u00f0 anna\u00f0 og eftirs\u00f3knarver\u00f0ara. Agi hlj\u00f3mar ekkert svo vo\u00f0alega ef ma\u00f0ur sleppir t\u00f6kum \u00e1 undiroka\u00f0a hermanninum og hugsar frekar um d\u00e6mi eins og a\u00f0 ganga stigann \u00ed sta\u00f0 \u00feess a\u00f0 taka lyftuna, ganga fr\u00e1 ostinum strax eftir notkun e\u00f0a bor\u00f0a bara eina k\u00f6ku en ekki \u00ferj\u00e1r.<\/p>\n\n\n\n<div class=\"wp-block-image\"><figure class=\"alignleft size-large is-resized\"><img loading=\"lazy\" decoding=\"async\" src=\"http:\/\/www.norn.is\/eva\/wp-content\/uploads\/sites\/36\/2021\/04\/brat-child.jpg\" alt=\"\" class=\"wp-image-4753\" width=\"314\" height=\"314\" srcset=\"https:\/\/www.norn.is\/eva\/wp-content\/uploads\/sites\/36\/2021\/04\/brat-child.jpg 500w, https:\/\/www.norn.is\/eva\/wp-content\/uploads\/sites\/36\/2021\/04\/brat-child-300x300.jpg 300w, https:\/\/www.norn.is\/eva\/wp-content\/uploads\/sites\/36\/2021\/04\/brat-child-150x150.jpg 150w, https:\/\/www.norn.is\/eva\/wp-content\/uploads\/sites\/36\/2021\/04\/brat-child-440x440.jpg 440w\" sizes=\"auto, (max-width: 314px) 100vw, 314px\" \/><\/figure><\/div>\n\n\n\n<p>A\u00f0 hafa aga \u00e1 barninu s\u00ednu \u00fe\u00fd\u00f0ir heldur ekki a\u00f0 ma\u00f0ur setji fram stranga regluger\u00f0 sem fylgt er eftir me\u00f0 h\u00f6r\u00f0um refsingum, heldur kannski frekar \u00fea\u00f0 a\u00f0 nenna a\u00f0 standa upp fr\u00e1 sj\u00f3nvarpinu til a\u00f0 taka kexi\u00f0 af barni sem t\u00f3k ekki mark \u00e1 nei-inu og l\u00e1ta barni\u00f0 ekki komast upp me\u00f0 a\u00f0 misbj\u00f3\u00f0a \u00f6\u00f0rum.<\/p>\n\n\n\n<p>Viljastyrkur er ekki dularfullur h\u00e6fileiki sem a\u00f0eins f\u00e1um er gefinn, heldur eiginleiki sem eflist \u00ed hvert sinn sem ma\u00f0ur notar hann. \u00de\u00fa getur v\u00edst sleppt \u00fev\u00ed a\u00f0 kaupa \u00fe\u00e9r drasl sem \u00fe\u00fa hefur ekki efni \u00e1 og \u00fe\u00fa getur v\u00edst teki\u00f0 til heima hj\u00e1 \u00fe\u00e9r, skila\u00f0 skattask\u00fdrslunni og bor\u00f0a\u00f0 so\u00f0in hr\u00edsgrj\u00f3n \u00ed sta\u00f0inn fyrir franskar kart\u00f6flur. \u00de\u00fa&nbsp;<strong>k\u00fdst<\/strong>&nbsp;kannski lifna\u00f0arh\u00e6tti sem gera \u00fe\u00e9r l\u00edfi\u00f0 erfi\u00f0ara til lengdar en \u00fea\u00f0 er ekki af \u00fev\u00ed a\u00f0 n\u00e1tt\u00faran hafi svikist um a\u00f0 \u00fahluta \u00fe\u00e9r e\u00f0lilegum skammti af viljastyrk. \u00de\u00fa getur l\u00edka h\u00e6tt a\u00f0 reykja, loki\u00f0 h\u00e1sk\u00f3lan\u00e1mi og gert n\u00e1nast hva\u00f0 sem er. Ekkert af \u00feessu er nokku\u00f0 skylt \u00fev\u00ed a\u00f0 leggja \u00e1 sig 40 daga f\u00f6stu \u00ed ey\u00f0im\u00f6rkinni e\u00f0a gangast undir h\u00fd\u00f0ingu me\u00f0 \u00fer\u00e6lasvipu.<\/p>\n\n\n\n<p>\u00de\u00fa getur l\u00edka sagt nei vi\u00f0 barni\u00f0 \u00feitt og \u00fea\u00f0 ska\u00f0ar \u00feig ekki neitt a\u00f0 missa af einum sex and the city \u00fe\u00e6tti til a\u00f0 taka kexpakkann af kr\u00f3ganum og standa af \u00fe\u00e9r frekjukasti\u00f0 \u00ed kj\u00f6lfari\u00f0. Barni\u00f0 mun ekki b\u00ed\u00f0a tj\u00f3n \u00e1 s\u00e1lu sinni \u00fe\u00f3tt \u00fea\u00f0 f\u00e1i ekki a\u00f0 stj\u00f3rna heimilinu. \u00de\u00fa g\u00e6tir hinsvegar sta\u00f0i\u00f0 frammi fyrir \u00fev\u00ed a\u00f0 hafa a\u00f0 v\u00edsu aldrei misst af sex and the city en r\u00e1\u00f0a hinsvegar ekki vi\u00f0 a\u00f0 taka vodkafl\u00f6skuna af sama barni \u00feegar \u00fea\u00f0 er or\u00f0i\u00f0 14 \u00e1ra. Hversu agalegt yr\u00f0i \u00fea\u00f0?<\/p>\n","protected":false},"excerpt":{"rendered":"<p>M\u00f3\u00f0irin var \u00ed \u00f6ngum s\u00ednum. St\u00f6\u00f0ug valdabar\u00e1tta vi\u00f0 fimm \u00e1ra d\u00f3ttur hennar var gj\u00f6rsamlega a\u00f0 fara me\u00f0 ge\u00f0heilsu hennar og f\u00e9lagsl\u00edf til fjandans, a\u00f0 ma\u00f0ur tali n\u00fa ekki um sj\u00e1lfsmynd \u00feess sem b\u00fdr vi\u00f0 \u00f3gnarstj\u00f3rn sm\u00e1barns.\u2013 \u00de\u00fa ver\u00f0ur n\u00e1tt\u00farulega a\u00f0 aga barni\u00f0 ef vilt ekki vera \u00f6rugg um a\u00f0 koma \u00fe\u00e9r upp unglingavandam\u00e1li,&nbsp;sag\u00f0i \u00e9g og [&hellip;]<\/p>\n","protected":false},"author":7,"featured_media":4752,"comment_status":"closed","ping_status":"open","sticky":false,"template":"","format":"standard","meta":{"_et_pb_use_builder":"off","_et_pb_old_content":"","_et_gb_content_width":"","footnotes":""},"categories":[447],"tags":[347,861],"class_list":["post-4750","post","type-post","status-publish","format-standard","has-post-thumbnail","hentry","category-foreldrar-born","tag-born","tag-uppeldi","et-has-post-format-content","et_post_format-et-post-format-standard"],"yoast_head":"<!-- This site is optimized with the Yoast SEO plugin v27.5 - https:\/\/yoast.com\/product\/yoast-seo-wordpress\/ -->\n<title>\u00deetta agalega or\u00f0 - Eva Hauksd\u00f3ttir<\/title>\n<meta name=\"robots\" content=\"index, follow, max-snippet:-1, max-image-preview:large, max-video-preview:-1\" \/>\n<link rel=\"canonical\" href=\"https:\/\/www.norn.is\/eva\/2008\/04\/10\/thetta-agalega-ord\/\" \/>\n<meta property=\"og:locale\" content=\"is_IS\" \/>\n<meta property=\"og:type\" content=\"article\" \/>\n<meta property=\"og:title\" content=\"\u00deetta agalega or\u00f0 - Eva Hauksd\u00f3ttir\" \/>\n<meta property=\"og:description\" content=\"M\u00f3\u00f0irin var \u00ed \u00f6ngum s\u00ednum. St\u00f6\u00f0ug valdabar\u00e1tta vi\u00f0 fimm \u00e1ra d\u00f3ttur hennar var gj\u00f6rsamlega a\u00f0 fara me\u00f0 ge\u00f0heilsu hennar og f\u00e9lagsl\u00edf til fjandans, a\u00f0 ma\u00f0ur tali n\u00fa ekki um sj\u00e1lfsmynd \u00feess sem b\u00fdr vi\u00f0 \u00f3gnarstj\u00f3rn sm\u00e1barns.\u2013 \u00de\u00fa ver\u00f0ur n\u00e1tt\u00farulega a\u00f0 aga barni\u00f0 ef vilt ekki vera \u00f6rugg um a\u00f0 koma \u00fe\u00e9r upp unglingavandam\u00e1li,&nbsp;sag\u00f0i \u00e9g og [&hellip;]\" \/>\n<meta property=\"og:url\" content=\"https:\/\/www.norn.is\/eva\/2008\/04\/10\/thetta-agalega-ord\/\" \/>\n<meta property=\"og:site_name\" content=\"Eva Hauksd\u00f3ttir\" \/>\n<meta property=\"article:published_time\" content=\"2008-04-10T20:46:00+00:00\" \/>\n<meta property=\"article:modified_time\" content=\"2021-06-23T12:43:11+00:00\" \/>\n<meta property=\"og:image\" content=\"https:\/\/www.norn.is\/eva\/wp-content\/uploads\/sites\/36\/2008\/04\/Cause.jpg\" \/>\n\t<meta property=\"og:image:width\" content=\"580\" \/>\n\t<meta property=\"og:image:height\" content=\"370\" \/>\n\t<meta property=\"og:image:type\" content=\"image\/jpeg\" \/>\n<meta name=\"author\" content=\"Eva Hauksd\u00f3ttir\" \/>\n<meta name=\"twitter:card\" content=\"summary_large_image\" \/>\n<meta name=\"twitter:label1\" content=\"Written by\" \/>\n\t<meta name=\"twitter:data1\" content=\"\" \/>\n\t<meta name=\"twitter:label2\" content=\"Est. reading time\" \/>\n\t<meta name=\"twitter:data2\" content=\"3 minutes\" \/>\n<script type=\"application\/ld+json\" class=\"yoast-schema-graph\">{\"@context\":\"https:\\\/\\\/schema.org\",\"@graph\":[{\"@type\":\"Article\",\"@id\":\"https:\\\/\\\/www.norn.is\\\/eva\\\/2008\\\/04\\\/10\\\/thetta-agalega-ord\\\/#article\",\"isPartOf\":{\"@id\":\"https:\\\/\\\/www.norn.is\\\/eva\\\/2008\\\/04\\\/10\\\/thetta-agalega-ord\\\/\"},\"author\":{\"name\":\"Eva Hauksd\u00f3ttir\",\"@id\":\"https:\\\/\\\/www.norn.is\\\/eva\\\/#\\\/schema\\\/person\\\/1d9742389918a297671033a2b53d3d34\"},\"headline\":\"\u00deetta agalega or\u00f0\",\"datePublished\":\"2008-04-10T20:46:00+00:00\",\"dateModified\":\"2021-06-23T12:43:11+00:00\",\"mainEntityOfPage\":{\"@id\":\"https:\\\/\\\/www.norn.is\\\/eva\\\/2008\\\/04\\\/10\\\/thetta-agalega-ord\\\/\"},\"wordCount\":693,\"image\":{\"@id\":\"https:\\\/\\\/www.norn.is\\\/eva\\\/2008\\\/04\\\/10\\\/thetta-agalega-ord\\\/#primaryimage\"},\"thumbnailUrl\":\"https:\\\/\\\/www.norn.is\\\/eva\\\/wp-content\\\/uploads\\\/sites\\\/36\\\/2008\\\/04\\\/Cause.jpg\",\"keywords\":[\"b\u00f6rn\",\"uppeldi\"],\"articleSection\":[\"Foreldrar &amp; b\u00f6rn\"],\"inLanguage\":\"is\"},{\"@type\":\"WebPage\",\"@id\":\"https:\\\/\\\/www.norn.is\\\/eva\\\/2008\\\/04\\\/10\\\/thetta-agalega-ord\\\/\",\"url\":\"https:\\\/\\\/www.norn.is\\\/eva\\\/2008\\\/04\\\/10\\\/thetta-agalega-ord\\\/\",\"name\":\"\u00deetta agalega or\u00f0 - Eva Hauksd\u00f3ttir\",\"isPartOf\":{\"@id\":\"https:\\\/\\\/www.norn.is\\\/eva\\\/#website\"},\"primaryImageOfPage\":{\"@id\":\"https:\\\/\\\/www.norn.is\\\/eva\\\/2008\\\/04\\\/10\\\/thetta-agalega-ord\\\/#primaryimage\"},\"image\":{\"@id\":\"https:\\\/\\\/www.norn.is\\\/eva\\\/2008\\\/04\\\/10\\\/thetta-agalega-ord\\\/#primaryimage\"},\"thumbnailUrl\":\"https:\\\/\\\/www.norn.is\\\/eva\\\/wp-content\\\/uploads\\\/sites\\\/36\\\/2008\\\/04\\\/Cause.jpg\",\"datePublished\":\"2008-04-10T20:46:00+00:00\",\"dateModified\":\"2021-06-23T12:43:11+00:00\",\"author\":{\"@id\":\"https:\\\/\\\/www.norn.is\\\/eva\\\/#\\\/schema\\\/person\\\/1d9742389918a297671033a2b53d3d34\"},\"breadcrumb\":{\"@id\":\"https:\\\/\\\/www.norn.is\\\/eva\\\/2008\\\/04\\\/10\\\/thetta-agalega-ord\\\/#breadcrumb\"},\"inLanguage\":\"is\",\"potentialAction\":[{\"@type\":\"ReadAction\",\"target\":[\"https:\\\/\\\/www.norn.is\\\/eva\\\/2008\\\/04\\\/10\\\/thetta-agalega-ord\\\/\"]}]},{\"@type\":\"ImageObject\",\"inLanguage\":\"is\",\"@id\":\"https:\\\/\\\/www.norn.is\\\/eva\\\/2008\\\/04\\\/10\\\/thetta-agalega-ord\\\/#primaryimage\",\"url\":\"https:\\\/\\\/www.norn.is\\\/eva\\\/wp-content\\\/uploads\\\/sites\\\/36\\\/2008\\\/04\\\/Cause.jpg\",\"contentUrl\":\"https:\\\/\\\/www.norn.is\\\/eva\\\/wp-content\\\/uploads\\\/sites\\\/36\\\/2008\\\/04\\\/Cause.jpg\",\"width\":580,\"height\":370},{\"@type\":\"BreadcrumbList\",\"@id\":\"https:\\\/\\\/www.norn.is\\\/eva\\\/2008\\\/04\\\/10\\\/thetta-agalega-ord\\\/#breadcrumb\",\"itemListElement\":[{\"@type\":\"ListItem\",\"position\":1,\"name\":\"Home\",\"item\":\"https:\\\/\\\/www.norn.is\\\/eva\\\/\"},{\"@type\":\"ListItem\",\"position\":2,\"name\":\"\u00deetta agalega or\u00f0\"}]},{\"@type\":\"WebSite\",\"@id\":\"https:\\\/\\\/www.norn.is\\\/eva\\\/#website\",\"url\":\"https:\\\/\\\/www.norn.is\\\/eva\\\/\",\"name\":\"Eva Hauksd\u00f3ttir\",\"description\":\"Evu blogg\",\"potentialAction\":[{\"@type\":\"SearchAction\",\"target\":{\"@type\":\"EntryPoint\",\"urlTemplate\":\"https:\\\/\\\/www.norn.is\\\/eva\\\/?s={search_term_string}\"},\"query-input\":{\"@type\":\"PropertyValueSpecification\",\"valueRequired\":true,\"valueName\":\"search_term_string\"}}],\"inLanguage\":\"is\"},{\"@type\":\"Person\",\"@id\":\"https:\\\/\\\/www.norn.is\\\/eva\\\/#\\\/schema\\\/person\\\/1d9742389918a297671033a2b53d3d34\",\"name\":\"Eva Hauksd\u00f3ttir\",\"image\":{\"@type\":\"ImageObject\",\"inLanguage\":\"is\",\"@id\":\"https:\\\/\\\/secure.gravatar.com\\\/avatar\\\/3690cd9ff7436a8a5d80acdc8fcb1046fbb9e002d4b532c85080d1bcbede84ce?s=96&d=mm&r=g\",\"url\":\"https:\\\/\\\/secure.gravatar.com\\\/avatar\\\/3690cd9ff7436a8a5d80acdc8fcb1046fbb9e002d4b532c85080d1bcbede84ce?s=96&d=mm&r=g\",\"contentUrl\":\"https:\\\/\\\/secure.gravatar.com\\\/avatar\\\/3690cd9ff7436a8a5d80acdc8fcb1046fbb9e002d4b532c85080d1bcbede84ce?s=96&d=mm&r=g\",\"caption\":\"Eva Hauksd\u00f3ttir\"},\"url\":\"https:\\\/\\\/www.norn.is\\\/eva\\\/author\\\/evahauks\\\/\"}]}<\/script>\n<!-- \/ Yoast SEO plugin. -->","yoast_head_json":{"title":"\u00deetta agalega or\u00f0 - Eva Hauksd\u00f3ttir","robots":{"index":"index","follow":"follow","max-snippet":"max-snippet:-1","max-image-preview":"max-image-preview:large","max-video-preview":"max-video-preview:-1"},"canonical":"https:\/\/www.norn.is\/eva\/2008\/04\/10\/thetta-agalega-ord\/","og_locale":"is_IS","og_type":"article","og_title":"\u00deetta agalega or\u00f0 - Eva Hauksd\u00f3ttir","og_description":"M\u00f3\u00f0irin var \u00ed \u00f6ngum s\u00ednum. St\u00f6\u00f0ug valdabar\u00e1tta vi\u00f0 fimm \u00e1ra d\u00f3ttur hennar var gj\u00f6rsamlega a\u00f0 fara me\u00f0 ge\u00f0heilsu hennar og f\u00e9lagsl\u00edf til fjandans, a\u00f0 ma\u00f0ur tali n\u00fa ekki um sj\u00e1lfsmynd \u00feess sem b\u00fdr vi\u00f0 \u00f3gnarstj\u00f3rn sm\u00e1barns.\u2013 \u00de\u00fa ver\u00f0ur n\u00e1tt\u00farulega a\u00f0 aga barni\u00f0 ef vilt ekki vera \u00f6rugg um a\u00f0 koma \u00fe\u00e9r upp unglingavandam\u00e1li,&nbsp;sag\u00f0i \u00e9g og [&hellip;]","og_url":"https:\/\/www.norn.is\/eva\/2008\/04\/10\/thetta-agalega-ord\/","og_site_name":"Eva Hauksd\u00f3ttir","article_published_time":"2008-04-10T20:46:00+00:00","article_modified_time":"2021-06-23T12:43:11+00:00","og_image":[{"width":580,"height":370,"url":"https:\/\/www.norn.is\/eva\/wp-content\/uploads\/sites\/36\/2008\/04\/Cause.jpg","type":"image\/jpeg"}],"author":"Eva Hauksd\u00f3ttir","twitter_card":"summary_large_image","twitter_misc":{"Written by":false,"Est. reading time":"3 minutes"},"schema":{"@context":"https:\/\/schema.org","@graph":[{"@type":"Article","@id":"https:\/\/www.norn.is\/eva\/2008\/04\/10\/thetta-agalega-ord\/#article","isPartOf":{"@id":"https:\/\/www.norn.is\/eva\/2008\/04\/10\/thetta-agalega-ord\/"},"author":{"name":"Eva Hauksd\u00f3ttir","@id":"https:\/\/www.norn.is\/eva\/#\/schema\/person\/1d9742389918a297671033a2b53d3d34"},"headline":"\u00deetta agalega or\u00f0","datePublished":"2008-04-10T20:46:00+00:00","dateModified":"2021-06-23T12:43:11+00:00","mainEntityOfPage":{"@id":"https:\/\/www.norn.is\/eva\/2008\/04\/10\/thetta-agalega-ord\/"},"wordCount":693,"image":{"@id":"https:\/\/www.norn.is\/eva\/2008\/04\/10\/thetta-agalega-ord\/#primaryimage"},"thumbnailUrl":"https:\/\/www.norn.is\/eva\/wp-content\/uploads\/sites\/36\/2008\/04\/Cause.jpg","keywords":["b\u00f6rn","uppeldi"],"articleSection":["Foreldrar &amp; b\u00f6rn"],"inLanguage":"is"},{"@type":"WebPage","@id":"https:\/\/www.norn.is\/eva\/2008\/04\/10\/thetta-agalega-ord\/","url":"https:\/\/www.norn.is\/eva\/2008\/04\/10\/thetta-agalega-ord\/","name":"\u00deetta agalega or\u00f0 - Eva Hauksd\u00f3ttir","isPartOf":{"@id":"https:\/\/www.norn.is\/eva\/#website"},"primaryImageOfPage":{"@id":"https:\/\/www.norn.is\/eva\/2008\/04\/10\/thetta-agalega-ord\/#primaryimage"},"image":{"@id":"https:\/\/www.norn.is\/eva\/2008\/04\/10\/thetta-agalega-ord\/#primaryimage"},"thumbnailUrl":"https:\/\/www.norn.is\/eva\/wp-content\/uploads\/sites\/36\/2008\/04\/Cause.jpg","datePublished":"2008-04-10T20:46:00+00:00","dateModified":"2021-06-23T12:43:11+00:00","author":{"@id":"https:\/\/www.norn.is\/eva\/#\/schema\/person\/1d9742389918a297671033a2b53d3d34"},"breadcrumb":{"@id":"https:\/\/www.norn.is\/eva\/2008\/04\/10\/thetta-agalega-ord\/#breadcrumb"},"inLanguage":"is","potentialAction":[{"@type":"ReadAction","target":["https:\/\/www.norn.is\/eva\/2008\/04\/10\/thetta-agalega-ord\/"]}]},{"@type":"ImageObject","inLanguage":"is","@id":"https:\/\/www.norn.is\/eva\/2008\/04\/10\/thetta-agalega-ord\/#primaryimage","url":"https:\/\/www.norn.is\/eva\/wp-content\/uploads\/sites\/36\/2008\/04\/Cause.jpg","contentUrl":"https:\/\/www.norn.is\/eva\/wp-content\/uploads\/sites\/36\/2008\/04\/Cause.jpg","width":580,"height":370},{"@type":"BreadcrumbList","@id":"https:\/\/www.norn.is\/eva\/2008\/04\/10\/thetta-agalega-ord\/#breadcrumb","itemListElement":[{"@type":"ListItem","position":1,"name":"Home","item":"https:\/\/www.norn.is\/eva\/"},{"@type":"ListItem","position":2,"name":"\u00deetta agalega or\u00f0"}]},{"@type":"WebSite","@id":"https:\/\/www.norn.is\/eva\/#website","url":"https:\/\/www.norn.is\/eva\/","name":"Eva Hauksd\u00f3ttir","description":"Evu blogg","potentialAction":[{"@type":"SearchAction","target":{"@type":"EntryPoint","urlTemplate":"https:\/\/www.norn.is\/eva\/?s={search_term_string}"},"query-input":{"@type":"PropertyValueSpecification","valueRequired":true,"valueName":"search_term_string"}}],"inLanguage":"is"},{"@type":"Person","@id":"https:\/\/www.norn.is\/eva\/#\/schema\/person\/1d9742389918a297671033a2b53d3d34","name":"Eva Hauksd\u00f3ttir","image":{"@type":"ImageObject","inLanguage":"is","@id":"https:\/\/secure.gravatar.com\/avatar\/3690cd9ff7436a8a5d80acdc8fcb1046fbb9e002d4b532c85080d1bcbede84ce?s=96&d=mm&r=g","url":"https:\/\/secure.gravatar.com\/avatar\/3690cd9ff7436a8a5d80acdc8fcb1046fbb9e002d4b532c85080d1bcbede84ce?s=96&d=mm&r=g","contentUrl":"https:\/\/secure.gravatar.com\/avatar\/3690cd9ff7436a8a5d80acdc8fcb1046fbb9e002d4b532c85080d1bcbede84ce?s=96&d=mm&r=g","caption":"Eva Hauksd\u00f3ttir"},"url":"https:\/\/www.norn.is\/eva\/author\/evahauks\/"}]}},"_links":{"self":[{"href":"https:\/\/www.norn.is\/eva\/wp-json\/wp\/v2\/posts\/4750","targetHints":{"allow":["GET"]}}],"collection":[{"href":"https:\/\/www.norn.is\/eva\/wp-json\/wp\/v2\/posts"}],"about":[{"href":"https:\/\/www.norn.is\/eva\/wp-json\/wp\/v2\/types\/post"}],"author":[{"embeddable":true,"href":"https:\/\/www.norn.is\/eva\/wp-json\/wp\/v2\/users\/7"}],"replies":[{"embeddable":true,"href":"https:\/\/www.norn.is\/eva\/wp-json\/wp\/v2\/comments?post=4750"}],"version-history":[{"count":4,"href":"https:\/\/www.norn.is\/eva\/wp-json\/wp\/v2\/posts\/4750\/revisions"}],"predecessor-version":[{"id":4756,"href":"https:\/\/www.norn.is\/eva\/wp-json\/wp\/v2\/posts\/4750\/revisions\/4756"}],"wp:featuredmedia":[{"embeddable":true,"href":"https:\/\/www.norn.is\/eva\/wp-json\/wp\/v2\/media\/4752"}],"wp:attachment":[{"href":"https:\/\/www.norn.is\/eva\/wp-json\/wp\/v2\/media?parent=4750"}],"wp:term":[{"taxonomy":"category","embeddable":true,"href":"https:\/\/www.norn.is\/eva\/wp-json\/wp\/v2\/categories?post=4750"},{"taxonomy":"post_tag","embeddable":true,"href":"https:\/\/www.norn.is\/eva\/wp-json\/wp\/v2\/tags?post=4750"}],"curies":[{"name":"wp","href":"https:\/\/api.w.org\/{rel}","templated":true}]}}