{"id":4679,"date":"2004-09-08T11:39:00","date_gmt":"2004-09-08T11:39:00","guid":{"rendered":"http:\/\/www.norn.is\/eva\/?p=4679"},"modified":"2021-04-04T12:57:01","modified_gmt":"2021-04-04T12:57:01","slug":"thad-sem-bladburdurinn-leiddi-i-ljos","status":"publish","type":"post","link":"https:\/\/www.norn.is\/eva\/2004\/09\/08\/thad-sem-bladburdurinn-leiddi-i-ljos\/","title":{"rendered":"\u00dea\u00f0 sem bla\u00f0bur\u00f0urinn leiddi \u00ed lj\u00f3s"},"content":{"rendered":"\n<p>\u00cd sumar t\u00f3k \u00e9g upp \u00e1 \u00fev\u00ed a\u00f0 n\u00fdta t\u00edmann milli 5 og 7 \u00e1 morgnana til \u00fativeru, me\u00f0 \u00fev\u00ed a\u00f0 bera \u00fat bl\u00f6\u00f0. \u00deessi bla\u00f0bur\u00f0ur leiddi mig a\u00f0 eftirfarandi ni\u00f0urst\u00f6\u00f0um:<\/p>\n\n\n\n<p>-Ve\u00f0urgu\u00f0irnir eru venjulega \u00ed enn\u00fe\u00e1 betra skapi \u00e1\u00f0ur en f\u00f3lk fer \u00e1 f\u00e6tur en eftir a\u00f0 \u00fea\u00f0 er m\u00e6tt \u00ed vinnuna.<\/p>\n\n\n\n<p>-Hj\u00e1 Fr\u00e9ttabla\u00f0inu er liti\u00f0 \u00e1 \u00fea\u00f0 sem s\u00e9rstaka grei\u00f0vikni a\u00f0 \u00fatvega bla\u00f0berum bur\u00f0arpoka e\u00f0a vagna. \u00c9g var b\u00fain a\u00f0 bera \u00fat \u00ed 16 daga (alla dagana, l\u00edka um helgar) og hringja 4 sinnum og \u00edtreka bei\u00f0ni m\u00edna um t\u00f6skur e\u00f0a vagn \u00feegar \u00e9g loksins f\u00e9kk \u00f3skina uppfyllta.<\/p>\n\n\n\n<p>-Umtalsver\u00f0ur fj\u00f6ldi b\u00e6jarb\u00faa er vakinn milli 5 og 7 \u00e1 morgnana \u00feegar hundar n\u00e1grannanna fagna komu bla\u00f0berans me\u00f0 \u00e6rnum h\u00e1va\u00f0a.<\/p>\n\n\n\n<p>-Eldra f\u00f3lk er oft vakna\u00f0 fyrir kl. 6 \u00e1 morgnana.<\/p>\n\n\n\n<p>-Eldra f\u00f3lk sem vaknar fyrir 6 \u00e1 morgnana hefur s\u00e9rstaka \u00e1st \u00e1 bla\u00f0berum og \u00fereytist ekki \u00e1 \u00fev\u00ed a\u00f0 d\u00e1sama dugna\u00f0 \u00feeirra.<\/p>\n\n\n\n<p>-\u00dev\u00ed flottari og d\u00fdrari einb\u00fdlish\u00fas sem f\u00f3lk kaupir, \u00fev\u00ed meiri l\u00edkur eru \u00e1 a\u00f0 \u00fea\u00f0 skreyti tr\u00f6ppur og verandir me\u00f0 fokd\u00fdrum fl\u00edsum, svo vel sl\u00edpu\u00f0um a\u00f0 \u00fe\u00e6r ver\u00f0a mannsk\u00e6\u00f0ar \u00ed bleytu<\/p>\n\n\n\n<p>-\u00d3tr\u00falega margir telja r\u00fdmi\u00f0 undir bla\u00f0al\u00fagunni hentugan sta\u00f0 fyrir gar\u00f0styttur e\u00f0a fyrirfer\u00f0armikil bl\u00f3maker.<\/p>\n\n\n\n<p>-F\u00e1ir sj\u00e1 \u00e1st\u00e6\u00f0u til a\u00f0 merkja h\u00edb\u00fdli s\u00edn en skilja samt ekkert \u00ed \u00fev\u00ed ef bl\u00f6\u00f0in \u00feeirra eru sett \u00ed einhverja a\u00f0ra l\u00fagu \u00ed h\u00fasinu (sem er heldur ekki merkt).<\/p>\n\n\n\n<p>-\u00dea\u00f0 dregur nokku\u00f0 \u00far myndun l\u00e6rapoka a\u00f0 ganga 2 klst. \u00e1 hverjum morgni.<\/p>\n\n\n\n<p>-Fr\u00e9ttabla\u00f0i\u00f0 hefur \u00fea\u00f0 a\u00f0 markmi\u00f0i s\u00ednu a\u00f0 fj\u00f6lga fer\u00f0um almennings \u00ed endurvinnsluna sem allra mest og dreifir \u00feess vegna \u00f3tr\u00falegum fj\u00f6lda augl\u00fdsingabla\u00f0a, snifsa og t\u00edmarita sem lesendur bla\u00f0sins hafa aldrei be\u00f0i\u00f0 um og k\u00e6ra sig sennilega ekkert um a\u00f0 s\u00e9 tro\u00f0i\u00f0 inn um l\u00fagurnar \u00feeirra.<\/p>\n\n\n\n<p>-Mun fleiri bla\u00f0berar en \u00e9g \u00e1tti von \u00e1 eru fullor\u00f0i\u00f0 f\u00f3lk, enda \u00feyngdin \u00e1 \u00f6llum aukabl\u00f6\u00f0unum sem dreift er me\u00f0 Fr\u00e9ttabla\u00f0inu sl\u00edk a\u00f0 \u00fea\u00f0 er beinl\u00ednis \u00f3s\u00e6milegt a\u00f0 r\u00e1\u00f0a b\u00f6rn og unglinga sem bla\u00f0bera. \u00deau f\u00e1u b\u00f6rn sem \u00e9g hitti \u00e1 morgnana voru oftar en ekki \u00ed fylgd foreldra.<\/p>\n\n\n\n<div class=\"wp-block-image\"><figure class=\"alignleft size-large is-resized\"><img loading=\"lazy\" decoding=\"async\" src=\"http:\/\/www.norn.is\/eva\/wp-content\/uploads\/sites\/36\/2021\/04\/Freebies.jpg\" alt=\"\" class=\"wp-image-4680\" width=\"411\" height=\"247\" srcset=\"https:\/\/www.norn.is\/eva\/wp-content\/uploads\/sites\/36\/2021\/04\/Freebies.jpg 460w, https:\/\/www.norn.is\/eva\/wp-content\/uploads\/sites\/36\/2021\/04\/Freebies-300x180.jpg 300w, https:\/\/www.norn.is\/eva\/wp-content\/uploads\/sites\/36\/2021\/04\/Freebies-440x264.jpg 440w\" sizes=\"auto, (max-width: 411px) 100vw, 411px\" \/><\/figure><\/div>\n\n\n\n<p>-Sumar bla\u00f0al\u00fagur l\u00edmast aftur \u00ed rigningu svo \u00fearf sm\u00e1 \u00e1tak til a\u00f0 opna \u00fe\u00e6r.<\/p>\n\n\n\n<p>-P\u00f3stkassar eru sjaldan n\u00f3gu st\u00f3rir til a\u00f0 r\u00fama 2-3 dagbl\u00f6\u00f0, \u00e1samt fj\u00f6lda aukabla\u00f0a og augl\u00fdsingap\u00e9sa.<\/p>\n\n\n\n<p>-Flestir p\u00f3stkassar eru verkf\u00e6ri Satans.<\/p>\n\n\n\n<p>-Sumar bla\u00f0al\u00fagur \u00e1 g\u00f6mlum h\u00fasum eru s\u00e9rstaklega til \u00feess hanna\u00f0ar a\u00f0 bla\u00f0berinn klemmi sig \u00e1 \u00feeim.<\/p>\n\n\n\n<p>-Bla\u00f0al\u00fagur \u00e1 n\u00fdjum h\u00fasum eru oft n\u00f3gu st\u00f3rar til a\u00f0 h\u00e6gt s\u00e9 a\u00f0 tro\u00f0a Fr\u00e9ttabla\u00f0inu, DV og Birtu \u00ed \u00fe\u00e6r \u00f6llum \u00ed einu.<\/p>\n\n\n\n<p>-Ef bla\u00f0berinn f\u00e6r of m\u00f6rg eint\u00f6k af bla\u00f0inu (sem \u00ed m\u00ednu tilviki ger\u00f0ist daglega) \u00fearf hann sj\u00e1lfur a\u00f0 koma aukabl\u00f6\u00f0unum \u00ed endurvinnsluna og grei\u00f0a 500 kr. \u00ed hvert sinn.<\/p>\n\n\n\n<p>-Starfsmenn endurvinnslunnar eru hins vegar svo vinsamlegir a\u00f0 benda \u00e1 a\u00f0 enda \u00fe\u00f3tt papp\u00edrinn s\u00e9 gjaldskyldur, megi losa sig vi\u00f0 hann \u00e1n \u00feess a\u00f0 borga, me\u00f0 \u00fev\u00ed a\u00f0 setja bl\u00f6\u00f0in \u00ed g\u00e1ma \u00fati \u00ed b\u00e6, sem starfsmenn (v\u00e6antanlega \u00e1 fullum launum) t\u00e6ma svo. \u00deetta er n\u00fa aldeilis \u00f6k\u00f3n\u00f3miskt fyrirkomulag.<\/p>\n\n\n\n<p>-\u00c1st\u00e6\u00f0an fyrir \u00fev\u00ed a\u00f0 f\u00f3lk r\u00e6\u00f0ur sig \u00ed bla\u00f0bur\u00f0 er ekki launin, enda er launakerfi\u00f0 n\u00f3gu fl\u00f3ki\u00f0 til \u00feess a\u00f0 engin lei\u00f0 er a\u00f0 gera s\u00e9r \u00ed hugarlund fyrirfram hva\u00f0 miki\u00f0 einn m\u00e1nu\u00f0ur gefur af s\u00e9r.<\/p>\n\n\n\n<p>-\u00c1st\u00e6\u00f0an fyrir \u00fev\u00ed a\u00f0 Fr\u00e9ttabla\u00f0i\u00f0 er alltaf \u00ed bla\u00f0berahall\u00e6ri er annars vegar \u00f3tr\u00falega l\u00e9leg laun fyrir n\u00e6turvinnu sem auk \u00feess hl\u00fdtur a\u00f0 vera erfi\u00f0 yfir veturinn og hins vegar s\u00fa a\u00f0 \u00fear \u00e1 b\u00e6 gera menn engan greinarmun \u00e1 g\u00f3\u00f0ri n\u00fdtingu starfsf\u00f3lks og hreinni og kl\u00e1rri misnotkun. \u00dea\u00f0 vir\u00f0ast engin takm\u00f6rk fyrir \u00fev\u00ed hve m\u00f6rgum og \u00feungum aukabl\u00f6\u00f0um er tro\u00f0i\u00f0 upp \u00e1 bla\u00f0berana og \u00fe\u00f3knunin fyrir \u00feetta auka\u00e1lag er sm\u00e1narleg.<\/p>\n","protected":false},"excerpt":{"rendered":"<p>\u00cd sumar t\u00f3k \u00e9g upp \u00e1 \u00fev\u00ed a\u00f0 n\u00fdta t\u00edmann milli 5 og 7 \u00e1 morgnana til \u00fativeru, me\u00f0 \u00fev\u00ed a\u00f0 bera \u00fat bl\u00f6\u00f0. \u00deessi bla\u00f0bur\u00f0ur leiddi mig a\u00f0 eftirfarandi ni\u00f0urst\u00f6\u00f0um: -Ve\u00f0urgu\u00f0irnir eru venjulega \u00ed enn\u00fe\u00e1 betra skapi \u00e1\u00f0ur en f\u00f3lk fer \u00e1 f\u00e6tur en eftir a\u00f0 \u00fea\u00f0 er m\u00e6tt \u00ed vinnuna. -Hj\u00e1 Fr\u00e9ttabla\u00f0inu er [&hellip;]<\/p>\n","protected":false},"author":7,"featured_media":4681,"comment_status":"closed","ping_status":"open","sticky":false,"template":"","format":"standard","meta":{"_et_pb_use_builder":"off","_et_pb_old_content":"","_et_gb_content_width":"","footnotes":""},"categories":[136,448],"tags":[],"class_list":["post-4679","post","type-post","status-publish","format-standard","has-post-thumbnail","hentry","category-vinnumarkadur-skolamal","category-ymislegt","et-has-post-format-content","et_post_format-et-post-format-standard"],"yoast_head":"<!-- This site is optimized with the Yoast SEO plugin v27.5 - https:\/\/yoast.com\/product\/yoast-seo-wordpress\/ -->\n<title>\u00dea\u00f0 sem bla\u00f0bur\u00f0urinn leiddi \u00ed lj\u00f3s - Eva Hauksd\u00f3ttir<\/title>\n<meta name=\"robots\" content=\"index, follow, max-snippet:-1, max-image-preview:large, max-video-preview:-1\" \/>\n<link rel=\"canonical\" href=\"https:\/\/www.norn.is\/eva\/2004\/09\/08\/thad-sem-bladburdurinn-leiddi-i-ljos\/\" \/>\n<meta property=\"og:locale\" content=\"is_IS\" \/>\n<meta property=\"og:type\" content=\"article\" \/>\n<meta property=\"og:title\" content=\"\u00dea\u00f0 sem bla\u00f0bur\u00f0urinn leiddi \u00ed lj\u00f3s - Eva Hauksd\u00f3ttir\" \/>\n<meta property=\"og:description\" content=\"\u00cd sumar t\u00f3k \u00e9g upp \u00e1 \u00fev\u00ed a\u00f0 n\u00fdta t\u00edmann milli 5 og 7 \u00e1 morgnana til \u00fativeru, me\u00f0 \u00fev\u00ed a\u00f0 bera \u00fat bl\u00f6\u00f0. \u00deessi bla\u00f0bur\u00f0ur leiddi mig a\u00f0 eftirfarandi ni\u00f0urst\u00f6\u00f0um: -Ve\u00f0urgu\u00f0irnir eru venjulega \u00ed enn\u00fe\u00e1 betra skapi \u00e1\u00f0ur en f\u00f3lk fer \u00e1 f\u00e6tur en eftir a\u00f0 \u00fea\u00f0 er m\u00e6tt \u00ed vinnuna. -Hj\u00e1 Fr\u00e9ttabla\u00f0inu er [&hellip;]\" \/>\n<meta property=\"og:url\" content=\"https:\/\/www.norn.is\/eva\/2004\/09\/08\/thad-sem-bladburdurinn-leiddi-i-ljos\/\" \/>\n<meta property=\"og:site_name\" content=\"Eva Hauksd\u00f3ttir\" \/>\n<meta property=\"article:published_time\" content=\"2004-09-08T11:39:00+00:00\" \/>\n<meta property=\"article:modified_time\" content=\"2021-04-04T12:57:01+00:00\" \/>\n<meta property=\"og:image\" content=\"https:\/\/www.norn.is\/eva\/wp-content\/uploads\/sites\/36\/2021\/04\/635483727242525896-27.-Stop-mail-and-newspaper-delivery-scaled.jpg\" \/>\n\t<meta property=\"og:image:width\" content=\"2560\" \/>\n\t<meta property=\"og:image:height\" content=\"1446\" \/>\n\t<meta property=\"og:image:type\" content=\"image\/jpeg\" \/>\n<meta name=\"author\" content=\"Eva Hauksd\u00f3ttir\" \/>\n<meta name=\"twitter:card\" content=\"summary_large_image\" \/>\n<meta name=\"twitter:label1\" content=\"Written by\" \/>\n\t<meta name=\"twitter:data1\" content=\"\" \/>\n\t<meta name=\"twitter:label2\" content=\"Est. reading time\" \/>\n\t<meta name=\"twitter:data2\" content=\"3 minutes\" \/>\n<script type=\"application\/ld+json\" class=\"yoast-schema-graph\">{\"@context\":\"https:\\\/\\\/schema.org\",\"@graph\":[{\"@type\":\"Article\",\"@id\":\"https:\\\/\\\/www.norn.is\\\/eva\\\/2004\\\/09\\\/08\\\/thad-sem-bladburdurinn-leiddi-i-ljos\\\/#article\",\"isPartOf\":{\"@id\":\"https:\\\/\\\/www.norn.is\\\/eva\\\/2004\\\/09\\\/08\\\/thad-sem-bladburdurinn-leiddi-i-ljos\\\/\"},\"author\":{\"name\":\"Eva Hauksd\u00f3ttir\",\"@id\":\"https:\\\/\\\/www.norn.is\\\/eva\\\/#\\\/schema\\\/person\\\/1d9742389918a297671033a2b53d3d34\"},\"headline\":\"\u00dea\u00f0 sem bla\u00f0bur\u00f0urinn leiddi \u00ed lj\u00f3s\",\"datePublished\":\"2004-09-08T11:39:00+00:00\",\"dateModified\":\"2021-04-04T12:57:01+00:00\",\"mainEntityOfPage\":{\"@id\":\"https:\\\/\\\/www.norn.is\\\/eva\\\/2004\\\/09\\\/08\\\/thad-sem-bladburdurinn-leiddi-i-ljos\\\/\"},\"wordCount\":726,\"image\":{\"@id\":\"https:\\\/\\\/www.norn.is\\\/eva\\\/2004\\\/09\\\/08\\\/thad-sem-bladburdurinn-leiddi-i-ljos\\\/#primaryimage\"},\"thumbnailUrl\":\"https:\\\/\\\/www.norn.is\\\/eva\\\/wp-content\\\/uploads\\\/sites\\\/36\\\/2021\\\/04\\\/635483727242525896-27.-Stop-mail-and-newspaper-delivery-scaled.jpg\",\"articleSection\":[\"Vinnumarka\u00f0ur &amp; sk\u00f3lam\u00e1l\",\"\u00ddmislegt\"],\"inLanguage\":\"is\"},{\"@type\":\"WebPage\",\"@id\":\"https:\\\/\\\/www.norn.is\\\/eva\\\/2004\\\/09\\\/08\\\/thad-sem-bladburdurinn-leiddi-i-ljos\\\/\",\"url\":\"https:\\\/\\\/www.norn.is\\\/eva\\\/2004\\\/09\\\/08\\\/thad-sem-bladburdurinn-leiddi-i-ljos\\\/\",\"name\":\"\u00dea\u00f0 sem bla\u00f0bur\u00f0urinn leiddi \u00ed lj\u00f3s - Eva Hauksd\u00f3ttir\",\"isPartOf\":{\"@id\":\"https:\\\/\\\/www.norn.is\\\/eva\\\/#website\"},\"primaryImageOfPage\":{\"@id\":\"https:\\\/\\\/www.norn.is\\\/eva\\\/2004\\\/09\\\/08\\\/thad-sem-bladburdurinn-leiddi-i-ljos\\\/#primaryimage\"},\"image\":{\"@id\":\"https:\\\/\\\/www.norn.is\\\/eva\\\/2004\\\/09\\\/08\\\/thad-sem-bladburdurinn-leiddi-i-ljos\\\/#primaryimage\"},\"thumbnailUrl\":\"https:\\\/\\\/www.norn.is\\\/eva\\\/wp-content\\\/uploads\\\/sites\\\/36\\\/2021\\\/04\\\/635483727242525896-27.-Stop-mail-and-newspaper-delivery-scaled.jpg\",\"datePublished\":\"2004-09-08T11:39:00+00:00\",\"dateModified\":\"2021-04-04T12:57:01+00:00\",\"author\":{\"@id\":\"https:\\\/\\\/www.norn.is\\\/eva\\\/#\\\/schema\\\/person\\\/1d9742389918a297671033a2b53d3d34\"},\"breadcrumb\":{\"@id\":\"https:\\\/\\\/www.norn.is\\\/eva\\\/2004\\\/09\\\/08\\\/thad-sem-bladburdurinn-leiddi-i-ljos\\\/#breadcrumb\"},\"inLanguage\":\"is\",\"potentialAction\":[{\"@type\":\"ReadAction\",\"target\":[\"https:\\\/\\\/www.norn.is\\\/eva\\\/2004\\\/09\\\/08\\\/thad-sem-bladburdurinn-leiddi-i-ljos\\\/\"]}]},{\"@type\":\"ImageObject\",\"inLanguage\":\"is\",\"@id\":\"https:\\\/\\\/www.norn.is\\\/eva\\\/2004\\\/09\\\/08\\\/thad-sem-bladburdurinn-leiddi-i-ljos\\\/#primaryimage\",\"url\":\"https:\\\/\\\/www.norn.is\\\/eva\\\/wp-content\\\/uploads\\\/sites\\\/36\\\/2021\\\/04\\\/635483727242525896-27.-Stop-mail-and-newspaper-delivery-scaled.jpg\",\"contentUrl\":\"https:\\\/\\\/www.norn.is\\\/eva\\\/wp-content\\\/uploads\\\/sites\\\/36\\\/2021\\\/04\\\/635483727242525896-27.-Stop-mail-and-newspaper-delivery-scaled.jpg\",\"width\":2560,\"height\":1446},{\"@type\":\"BreadcrumbList\",\"@id\":\"https:\\\/\\\/www.norn.is\\\/eva\\\/2004\\\/09\\\/08\\\/thad-sem-bladburdurinn-leiddi-i-ljos\\\/#breadcrumb\",\"itemListElement\":[{\"@type\":\"ListItem\",\"position\":1,\"name\":\"Home\",\"item\":\"https:\\\/\\\/www.norn.is\\\/eva\\\/\"},{\"@type\":\"ListItem\",\"position\":2,\"name\":\"\u00dea\u00f0 sem bla\u00f0bur\u00f0urinn leiddi \u00ed lj\u00f3s\"}]},{\"@type\":\"WebSite\",\"@id\":\"https:\\\/\\\/www.norn.is\\\/eva\\\/#website\",\"url\":\"https:\\\/\\\/www.norn.is\\\/eva\\\/\",\"name\":\"Eva Hauksd\u00f3ttir\",\"description\":\"Evu blogg\",\"potentialAction\":[{\"@type\":\"SearchAction\",\"target\":{\"@type\":\"EntryPoint\",\"urlTemplate\":\"https:\\\/\\\/www.norn.is\\\/eva\\\/?s={search_term_string}\"},\"query-input\":{\"@type\":\"PropertyValueSpecification\",\"valueRequired\":true,\"valueName\":\"search_term_string\"}}],\"inLanguage\":\"is\"},{\"@type\":\"Person\",\"@id\":\"https:\\\/\\\/www.norn.is\\\/eva\\\/#\\\/schema\\\/person\\\/1d9742389918a297671033a2b53d3d34\",\"name\":\"Eva Hauksd\u00f3ttir\",\"image\":{\"@type\":\"ImageObject\",\"inLanguage\":\"is\",\"@id\":\"https:\\\/\\\/secure.gravatar.com\\\/avatar\\\/3690cd9ff7436a8a5d80acdc8fcb1046fbb9e002d4b532c85080d1bcbede84ce?s=96&d=mm&r=g\",\"url\":\"https:\\\/\\\/secure.gravatar.com\\\/avatar\\\/3690cd9ff7436a8a5d80acdc8fcb1046fbb9e002d4b532c85080d1bcbede84ce?s=96&d=mm&r=g\",\"contentUrl\":\"https:\\\/\\\/secure.gravatar.com\\\/avatar\\\/3690cd9ff7436a8a5d80acdc8fcb1046fbb9e002d4b532c85080d1bcbede84ce?s=96&d=mm&r=g\",\"caption\":\"Eva Hauksd\u00f3ttir\"},\"url\":\"https:\\\/\\\/www.norn.is\\\/eva\\\/author\\\/evahauks\\\/\"}]}<\/script>\n<!-- \/ Yoast SEO plugin. -->","yoast_head_json":{"title":"\u00dea\u00f0 sem bla\u00f0bur\u00f0urinn leiddi \u00ed lj\u00f3s - Eva Hauksd\u00f3ttir","robots":{"index":"index","follow":"follow","max-snippet":"max-snippet:-1","max-image-preview":"max-image-preview:large","max-video-preview":"max-video-preview:-1"},"canonical":"https:\/\/www.norn.is\/eva\/2004\/09\/08\/thad-sem-bladburdurinn-leiddi-i-ljos\/","og_locale":"is_IS","og_type":"article","og_title":"\u00dea\u00f0 sem bla\u00f0bur\u00f0urinn leiddi \u00ed lj\u00f3s - Eva Hauksd\u00f3ttir","og_description":"\u00cd sumar t\u00f3k \u00e9g upp \u00e1 \u00fev\u00ed a\u00f0 n\u00fdta t\u00edmann milli 5 og 7 \u00e1 morgnana til \u00fativeru, me\u00f0 \u00fev\u00ed a\u00f0 bera \u00fat bl\u00f6\u00f0. \u00deessi bla\u00f0bur\u00f0ur leiddi mig a\u00f0 eftirfarandi ni\u00f0urst\u00f6\u00f0um: -Ve\u00f0urgu\u00f0irnir eru venjulega \u00ed enn\u00fe\u00e1 betra skapi \u00e1\u00f0ur en f\u00f3lk fer \u00e1 f\u00e6tur en eftir a\u00f0 \u00fea\u00f0 er m\u00e6tt \u00ed vinnuna. -Hj\u00e1 Fr\u00e9ttabla\u00f0inu er [&hellip;]","og_url":"https:\/\/www.norn.is\/eva\/2004\/09\/08\/thad-sem-bladburdurinn-leiddi-i-ljos\/","og_site_name":"Eva Hauksd\u00f3ttir","article_published_time":"2004-09-08T11:39:00+00:00","article_modified_time":"2021-04-04T12:57:01+00:00","og_image":[{"width":2560,"height":1446,"url":"https:\/\/www.norn.is\/eva\/wp-content\/uploads\/sites\/36\/2021\/04\/635483727242525896-27.-Stop-mail-and-newspaper-delivery-scaled.jpg","type":"image\/jpeg"}],"author":"Eva Hauksd\u00f3ttir","twitter_card":"summary_large_image","twitter_misc":{"Written by":false,"Est. reading time":"3 minutes"},"schema":{"@context":"https:\/\/schema.org","@graph":[{"@type":"Article","@id":"https:\/\/www.norn.is\/eva\/2004\/09\/08\/thad-sem-bladburdurinn-leiddi-i-ljos\/#article","isPartOf":{"@id":"https:\/\/www.norn.is\/eva\/2004\/09\/08\/thad-sem-bladburdurinn-leiddi-i-ljos\/"},"author":{"name":"Eva Hauksd\u00f3ttir","@id":"https:\/\/www.norn.is\/eva\/#\/schema\/person\/1d9742389918a297671033a2b53d3d34"},"headline":"\u00dea\u00f0 sem bla\u00f0bur\u00f0urinn leiddi \u00ed lj\u00f3s","datePublished":"2004-09-08T11:39:00+00:00","dateModified":"2021-04-04T12:57:01+00:00","mainEntityOfPage":{"@id":"https:\/\/www.norn.is\/eva\/2004\/09\/08\/thad-sem-bladburdurinn-leiddi-i-ljos\/"},"wordCount":726,"image":{"@id":"https:\/\/www.norn.is\/eva\/2004\/09\/08\/thad-sem-bladburdurinn-leiddi-i-ljos\/#primaryimage"},"thumbnailUrl":"https:\/\/www.norn.is\/eva\/wp-content\/uploads\/sites\/36\/2021\/04\/635483727242525896-27.-Stop-mail-and-newspaper-delivery-scaled.jpg","articleSection":["Vinnumarka\u00f0ur &amp; sk\u00f3lam\u00e1l","\u00ddmislegt"],"inLanguage":"is"},{"@type":"WebPage","@id":"https:\/\/www.norn.is\/eva\/2004\/09\/08\/thad-sem-bladburdurinn-leiddi-i-ljos\/","url":"https:\/\/www.norn.is\/eva\/2004\/09\/08\/thad-sem-bladburdurinn-leiddi-i-ljos\/","name":"\u00dea\u00f0 sem bla\u00f0bur\u00f0urinn leiddi \u00ed lj\u00f3s - Eva Hauksd\u00f3ttir","isPartOf":{"@id":"https:\/\/www.norn.is\/eva\/#website"},"primaryImageOfPage":{"@id":"https:\/\/www.norn.is\/eva\/2004\/09\/08\/thad-sem-bladburdurinn-leiddi-i-ljos\/#primaryimage"},"image":{"@id":"https:\/\/www.norn.is\/eva\/2004\/09\/08\/thad-sem-bladburdurinn-leiddi-i-ljos\/#primaryimage"},"thumbnailUrl":"https:\/\/www.norn.is\/eva\/wp-content\/uploads\/sites\/36\/2021\/04\/635483727242525896-27.-Stop-mail-and-newspaper-delivery-scaled.jpg","datePublished":"2004-09-08T11:39:00+00:00","dateModified":"2021-04-04T12:57:01+00:00","author":{"@id":"https:\/\/www.norn.is\/eva\/#\/schema\/person\/1d9742389918a297671033a2b53d3d34"},"breadcrumb":{"@id":"https:\/\/www.norn.is\/eva\/2004\/09\/08\/thad-sem-bladburdurinn-leiddi-i-ljos\/#breadcrumb"},"inLanguage":"is","potentialAction":[{"@type":"ReadAction","target":["https:\/\/www.norn.is\/eva\/2004\/09\/08\/thad-sem-bladburdurinn-leiddi-i-ljos\/"]}]},{"@type":"ImageObject","inLanguage":"is","@id":"https:\/\/www.norn.is\/eva\/2004\/09\/08\/thad-sem-bladburdurinn-leiddi-i-ljos\/#primaryimage","url":"https:\/\/www.norn.is\/eva\/wp-content\/uploads\/sites\/36\/2021\/04\/635483727242525896-27.-Stop-mail-and-newspaper-delivery-scaled.jpg","contentUrl":"https:\/\/www.norn.is\/eva\/wp-content\/uploads\/sites\/36\/2021\/04\/635483727242525896-27.-Stop-mail-and-newspaper-delivery-scaled.jpg","width":2560,"height":1446},{"@type":"BreadcrumbList","@id":"https:\/\/www.norn.is\/eva\/2004\/09\/08\/thad-sem-bladburdurinn-leiddi-i-ljos\/#breadcrumb","itemListElement":[{"@type":"ListItem","position":1,"name":"Home","item":"https:\/\/www.norn.is\/eva\/"},{"@type":"ListItem","position":2,"name":"\u00dea\u00f0 sem bla\u00f0bur\u00f0urinn leiddi \u00ed lj\u00f3s"}]},{"@type":"WebSite","@id":"https:\/\/www.norn.is\/eva\/#website","url":"https:\/\/www.norn.is\/eva\/","name":"Eva Hauksd\u00f3ttir","description":"Evu blogg","potentialAction":[{"@type":"SearchAction","target":{"@type":"EntryPoint","urlTemplate":"https:\/\/www.norn.is\/eva\/?s={search_term_string}"},"query-input":{"@type":"PropertyValueSpecification","valueRequired":true,"valueName":"search_term_string"}}],"inLanguage":"is"},{"@type":"Person","@id":"https:\/\/www.norn.is\/eva\/#\/schema\/person\/1d9742389918a297671033a2b53d3d34","name":"Eva Hauksd\u00f3ttir","image":{"@type":"ImageObject","inLanguage":"is","@id":"https:\/\/secure.gravatar.com\/avatar\/3690cd9ff7436a8a5d80acdc8fcb1046fbb9e002d4b532c85080d1bcbede84ce?s=96&d=mm&r=g","url":"https:\/\/secure.gravatar.com\/avatar\/3690cd9ff7436a8a5d80acdc8fcb1046fbb9e002d4b532c85080d1bcbede84ce?s=96&d=mm&r=g","contentUrl":"https:\/\/secure.gravatar.com\/avatar\/3690cd9ff7436a8a5d80acdc8fcb1046fbb9e002d4b532c85080d1bcbede84ce?s=96&d=mm&r=g","caption":"Eva Hauksd\u00f3ttir"},"url":"https:\/\/www.norn.is\/eva\/author\/evahauks\/"}]}},"_links":{"self":[{"href":"https:\/\/www.norn.is\/eva\/wp-json\/wp\/v2\/posts\/4679","targetHints":{"allow":["GET"]}}],"collection":[{"href":"https:\/\/www.norn.is\/eva\/wp-json\/wp\/v2\/posts"}],"about":[{"href":"https:\/\/www.norn.is\/eva\/wp-json\/wp\/v2\/types\/post"}],"author":[{"embeddable":true,"href":"https:\/\/www.norn.is\/eva\/wp-json\/wp\/v2\/users\/7"}],"replies":[{"embeddable":true,"href":"https:\/\/www.norn.is\/eva\/wp-json\/wp\/v2\/comments?post=4679"}],"version-history":[{"count":1,"href":"https:\/\/www.norn.is\/eva\/wp-json\/wp\/v2\/posts\/4679\/revisions"}],"predecessor-version":[{"id":4682,"href":"https:\/\/www.norn.is\/eva\/wp-json\/wp\/v2\/posts\/4679\/revisions\/4682"}],"wp:featuredmedia":[{"embeddable":true,"href":"https:\/\/www.norn.is\/eva\/wp-json\/wp\/v2\/media\/4681"}],"wp:attachment":[{"href":"https:\/\/www.norn.is\/eva\/wp-json\/wp\/v2\/media?parent=4679"}],"wp:term":[{"taxonomy":"category","embeddable":true,"href":"https:\/\/www.norn.is\/eva\/wp-json\/wp\/v2\/categories?post=4679"},{"taxonomy":"post_tag","embeddable":true,"href":"https:\/\/www.norn.is\/eva\/wp-json\/wp\/v2\/tags?post=4679"}],"curies":[{"name":"wp","href":"https:\/\/api.w.org\/{rel}","templated":true}]}}