{"id":41,"date":"2015-05-18T22:48:00","date_gmt":"2015-05-18T22:48:00","guid":{"rendered":"http:\/\/www.norn.is\/eva\/?p=41"},"modified":"2020-08-29T07:42:44","modified_gmt":"2020-08-29T07:42:44","slug":"hinsegin-fraedsla-fra-fyrsta-bekk-og-uppur","status":"publish","type":"post","link":"https:\/\/www.norn.is\/eva\/2015\/05\/18\/hinsegin-fraedsla-fra-fyrsta-bekk-og-uppur\/","title":{"rendered":"Hinsegin fr\u00e6\u00f0sla fr\u00e1 fyrsta bekk og upp\u00far?"},"content":{"rendered":"\n<p>\u201eHinsegin f\u00f3lk\u201c hefur veri\u00f0 ofs\u00f3tt \u00ed gegnum t\u00ed\u00f0ina og \u00fe\u00f3tt \u00f3tr\u00falega miki\u00f0 hafi unnist s\u00e6tir \u00fea\u00f0 enn ford\u00f3mum. N\u00fa \u00e1 a\u00f0 uppr\u00e6ta \u00fe\u00e1 ford\u00f3ma me\u00f0 \u00fev\u00ed a\u00f0 b\u00faa til s\u00e9rstaka n\u00e1msgrein fyrir grunnsk\u00f3lab\u00f6rn \u2013 hinseginfr\u00e6\u00f0slu. Ekki fr\u00e6\u00f0slufund fyrir unglinga heldur&nbsp;<a href=\"http:\/\/www.visir.is\/hinseginfraedsla-i-hafnarfirdi\/article\/2015150419302\" target=\"_blank\" rel=\"noreferrer noopener\">n\u00e1msefni fyrir b\u00f6rn fr\u00e1 fyrsta bekk og upp \u00far<\/a>.<\/p>\n\n\n\n<p>\u00deessi hugmynd vekur \u00e1leitnar spurningar um hlutverk grunnsk\u00f3lans. Au\u00f0vita\u00f0 er \u00fea\u00f0 skylda okkar sem samf\u00e9lags a\u00f0 vinna gegn ford\u00f3mum og sk\u00f3linn gegnir \u00fear \u00e1kve\u00f0nu hlutverki. \u00c9g er \u00fe\u00f3 hreint ekki viss um a\u00f0 allsherjarlausn \u00e1 \u00f6llum hugsanlegum vandam\u00e1lum felist \u00ed \u00fev\u00ed a\u00f0 \u201efr\u00e6\u00f0a b\u00f6rnin\u201c og \u00fea\u00f0 vekur m\u00e9r d\u00e1l\u00edtinn \u00f3hug a\u00f0 sj\u00e1 hve margir vir\u00f0ast \u00feeirra sko\u00f0unar a\u00f0 foreldrunum s\u00e9 ekki treystandi, heldur eigi sk\u00f3linn a\u00f0 sj\u00e1 um fr\u00e6\u00f0slu, vi\u00f0horfam\u00f3tun og si\u00f0fer\u00f0ilega innr\u00e6tingu. M\u00e9r finnst eitthva\u00f0 st\u00f3rabr\u00f3\u00f0urslegt vi\u00f0 \u00fe\u00e1 hugmynd. Og ef \u00fat \u00ed \u00fea\u00f0 er fari\u00f0 n\u00e1\u00f0u Samt\u00f6kin \u201978 \u00feeim fr\u00e1b\u00e6ra \u00e1rangri sem raun ber vitni, \u00e1n \u00feess a\u00f0 grunnsk\u00f3lar k\u00e6mu \u00fear nokkurssta\u00f0ar n\u00e6rri.<\/p>\n\n\n\n<p>N\u00fa efast \u00e9g ekki um a\u00f0 fr\u00e6\u00f0sla eigi \u00fe\u00e1tt \u00ed \u00fev\u00ed a\u00f0 vinna gegn ford\u00f3mum (\u00fe\u00f3tt \u00fear komi fleira til) og au\u00f0vita\u00f0 eiga grunnsk\u00f3lar a\u00f0 kynna \u00fea\u00f0 sem sj\u00e1lfsagt m\u00e1l a\u00f0 f\u00f3lk nj\u00f3ti allra r\u00e9ttinda \u00f3h\u00e1\u00f0 kynhneig\u00f0, kyngervi o.s.frv. \u00cd umr\u00e6\u00f0um s\u00ed\u00f0ustu daga hefur veri\u00f0 bent \u00e1 a\u00f0 \u00e1herslurnar \u00ed sk\u00f3lakerfinu s\u00e9u \u00fareltar og kannski s\u00e9 kominn t\u00edmi \u00e1 eitthva\u00f0 n\u00fdtt. \u00c9g tek undir \u00fea\u00f0 sj\u00f3narmi\u00f0 a\u00f0 kennsluh\u00e6ttir og n\u00e1msmat \u00fearfnist gagngerrar endursko\u00f0unar.<\/p>\n\n\n\n<p>\u00c9g vil hinsvegar ekki f\u00e6ra uppeldishlutverki\u00f0 fr\u00e1 heimilunum til sk\u00f3lanna og \u00e9g st\u00f3refast um a\u00f0 \u00fea\u00f0 s\u00e9 heppilegt a\u00f0 b\u00faa til heila n\u00e1msgrein \u00ed kringum einn minnihlutah\u00f3p. Jafnframt bendi \u00e9g \u00e1 a\u00f0 sk\u00f3larnir eru&nbsp; bundnir af svokalla\u00f0ri a\u00f0aln\u00e1mskr\u00e1 og samkv\u00e6mt henni eiga l\u00fd\u00f0r\u00e6\u00f0i, mannr\u00e9ttindi, sj\u00e1lfb\u00e6rni o.s.frv. a\u00f0 vera lei\u00f0arlj\u00f3s \u00ed \u00f6llu sk\u00f3lastarfi. Ef \u00fev\u00ed er framfylgt \u00e6tti \u00fea\u00f0 a\u00f0 skila s\u00e9r \u00ed j\u00e1kv\u00e6\u00f0ari vi\u00f0horfum og auknum skilningi \u00e1 m\u00e1lefnum minnihlutah\u00f3pa. (Svo m\u00e1 deila um \u00fea\u00f0 hvort \u00feessi p\u00f3lit\u00edsku stefnumi\u00f0 eiga a\u00f0 vera \u00ed a\u00f0aln\u00e1mskr\u00e1 en \u00fea\u00f0 er \u00f6nnur umr\u00e6\u00f0a.)<\/p>\n\n\n\n<p>Hinsegin f\u00f3lk er ekkert eini minnihlutah\u00f3purinn sem b\u00fdr vi\u00f0 ford\u00f3ma og vitanlega v\u00e6ri \u00e6skilegt a\u00f0 uppr\u00e6ta f\u00e1fr\u00e6\u00f0i og ford\u00f3ma gagnvart \u00f6llum sem fyrir \u00feeim ver\u00f0a.&nbsp; Vilji menn fara \u00fe\u00e1 lei\u00f0 a\u00f0 uppr\u00e6ta ford\u00f3ma gegn hinsegin f\u00f3lki me\u00f0 s\u00e9rstakri n\u00e1msgrein er e\u00f0lilegt a\u00f0 a\u00f0rir minnihlutah\u00f3par f\u00e1i s\u00f6mu \u00fej\u00f3nustu. Og ef vi\u00f0 \u00e1kve\u00f0um a\u00f0 grunnsk\u00f3linn eigi a\u00f0 bera \u00e1byrg\u00f0 \u00e1 vi\u00f0horfam\u00f3tun og innr\u00e6tingu eru allmargar n\u00e1msgreinar sem r\u00e9tt v\u00e6ri a\u00f0 taka upp \u00ed nafni l\u00fd\u00f0r\u00e6\u00f0is, mannr\u00e9ttinda, velfer\u00f0ar, \u00e1byrg\u00f0ar o.s.frv. Kannski er \u00fea\u00f0 bara gott m\u00e1l, enda greinilegt a\u00f0 margir l\u00edta svo \u00e1 a\u00f0 f\u00f3lk s\u00e9 a\u00f0 jafna\u00f0i f\u00edfl sem varla s\u00e9 treystandi fyrir kosningar\u00e9tti, hva\u00f0 \u00fe\u00e1 uppeldi barna. Ef til vill er e\u00f0lilegt a\u00f0 grunnsk\u00f3lar taki upp:<\/p>\n\n\n\n<p>\u00d6ryrkjafr\u00e6\u00f0slu, umhverfisfr\u00e6\u00f0slu, fr\u00e6\u00f0slu um borgaraleg r\u00e9ttindi, l\u00edfsleikni, f\u00e1t\u00e6ktarfr\u00e6\u00f0slu, heimspeki, kynjafr\u00e6\u00f0i, l\u00fd\u00f0r\u00e6\u00f0isfr\u00e6\u00f0slu, v\u00edmuefnafr\u00e6\u00f0slu, fj\u00e1rm\u00e1lal\u00e6si, fj\u00f6lmenningarfr\u00e6\u00f0slu, hinseginfr\u00e6\u00f0slu, eineltisfr\u00e6\u00f0slu, sj\u00e1lfb\u00e6rnifr\u00e6\u00f0slu, kynfr\u00e6\u00f0slu, \u00feunglyndisfr\u00e6\u00f0slu, heimilisofbeldisfr\u00e6\u00f0slu, fl\u00f3ttamannafr\u00e6\u00f0slu, l\u00edkamsvir\u00f0ingarfr\u00e6\u00f0slu, netkl\u00e1msfr\u00e6\u00f0slu og allt anna\u00f0 sem gott v\u00e6ri fyrir b\u00f6rn \u00ed l\u00fd\u00f0r\u00e6\u00f0is\u00fej\u00f3\u00f0f\u00e9lagi a\u00f0 kunna skil \u00e1.<\/p>\n\n\n\n<p>En \u00e1\u00f0ur en vi\u00f0 t\u00f6kum st\u00f3r skref \u00ed \u00fe\u00e1 \u00e1tt v\u00e6ri kannski vert a\u00f0 svara \u00fev\u00ed hva\u00f0a hluta n\u00e1msins vi\u00f0 \u00e6tlum a\u00f0 leggja ni\u00f0ur \u00e1 m\u00f3ti. Eigum vi\u00f0 a\u00f0 f\u00f3rna \u00fej\u00e1lfun \u00ed lesskilningi? St\u00e6r\u00f0fr\u00e6\u00f0i? Erlendum tungum\u00e1lum? Eigum vi\u00f0 a\u00f0 leggja minni \u00e1herslu \u00e1 v\u00edsindal\u00e6si og meiri \u00e1 mannr\u00e9ttindi? Ef vi\u00f0 t\u00f6kum upp mun vi\u00f0ameiri f\u00e9lagsgreinakennslu en n\u00fa er \u00ed bo\u00f0i \u00fearf eitthva\u00f0 anna\u00f0 undan a\u00f0 l\u00e1ta; \u00fea\u00f0 eru nefnilega takm\u00f6rk fyrir \u00fev\u00ed hversu miklu n\u00e1msefni er h\u00e6gt a\u00f0 tro\u00f0a \u00ed b\u00f6rn og unglinga. \u00c9g efast \u00fe\u00f3 um a\u00f0 s\u00e9 mikill \u00e1hugi fyrir \u00fev\u00ed a\u00f0 skera ni\u00f0ur \u00fea\u00f0 n\u00e1msgreinakra\u00f0ak sem b\u00f6rnum er \u00e6tla\u00f0 a\u00f0 tileinka s\u00e9r, \u00fev\u00ed \u00ed hvert sinn sem \u00e9g nefni m\u00f6guleikann \u00e1 \u00fev\u00ed a\u00f0 h\u00e6tta a\u00f0 kenna einhverja n\u00e1msgrein e\u00f0a hluta hennar sem skyldufag, s\u00fapa kennarar og foreldarar hveljur af hneykslun og \u00feykir hverjum sinn fugl s\u00e1 fegursti.<\/p>\n\n\n\n<h3 class=\"wp-block-heading\"><span style=\"color:#dcbb4e\" class=\"has-inline-color\">\u00deessu tengt:<\/span><\/h3>\n\n\n<div class=\"vlp-link-container vlp-layout-basic wp-block-visual-link-preview-link\"><a href=\"https:\/\/www.norn.is\/eva\/2015\/08\/08\/samraemd-vidhorfaprof\/\" class=\"vlp-link\" title=\"Samr\u00e6md vi\u00f0horfapr\u00f3f?\"><\/a><div class=\"vlp-layout-zone-side\"><div class=\"vlp-block-2 vlp-link-image\"><img loading=\"lazy\" decoding=\"async\" style=\"max-width: 150px;\" width=\"150\" height=\"98\" src=\"https:\/\/www.norn.is\/eva\/wp-content\/uploads\/sites\/36\/2015\/08\/wrong-body.jpg\" class=\"attachment-150x999 size-150x999\" alt=\"\" srcset=\"https:\/\/www.norn.is\/eva\/wp-content\/uploads\/sites\/36\/2015\/08\/wrong-body.jpg 688w, https:\/\/www.norn.is\/eva\/wp-content\/uploads\/sites\/36\/2015\/08\/wrong-body-300x197.jpg 300w\" sizes=\"auto, (max-width: 150px) 100vw, 150px\" \/><\/div><\/div><div class=\"vlp-layout-zone-main\"><div class=\"vlp-block-0 vlp-link-title\">Samr\u00e6md vi\u00f0horfapr\u00f3f?<\/div><div class=\"vlp-block-1 vlp-link-summary\">\u00dea\u00f0 er ekki n\u00fd hugmynd a\u00f0 stofnanir r\u00edkisins eigi a\u00f0 m\u00f3ta \u00e1herslur \u00ed si\u00f0fer\u00f0ilegu uppeldi barna. Kirkjan haf\u00f0i til skamms t\u00edma svo til \u00f3heftan a\u00f0gang a\u00f0 sk\u00f3lab\u00f6rnum og grunnsk\u00f3lum var b\u00f3kstaflega \u00e6tla\u00f0 a\u00f0 ala b\u00f6rn upp \u00ed gu\u00f0s\u00f3tta og g\u00f3\u00f0um si\u00f0um. [&hellip;]<\/div><\/div><\/div>","protected":false},"excerpt":{"rendered":"<p>\u201eHinsegin f\u00f3lk\u201c hefur veri\u00f0 ofs\u00f3tt \u00ed gegnum t\u00ed\u00f0ina og \u00fe\u00f3tt \u00f3tr\u00falega miki\u00f0 hafi unnist s\u00e6tir \u00fea\u00f0 enn ford\u00f3mum. N\u00fa \u00e1 a\u00f0 uppr\u00e6ta \u00fe\u00e1 ford\u00f3ma me\u00f0 \u00fev\u00ed a\u00f0 b\u00faa til s\u00e9rstaka n\u00e1msgrein fyrir grunnsk\u00f3lab\u00f6rn \u2013 hinseginfr\u00e6\u00f0slu. Ekki fr\u00e6\u00f0slufund fyrir unglinga heldur&nbsp;n\u00e1msefni fyrir b\u00f6rn fr\u00e1 fyrsta bekk og upp \u00far. \u00deessi hugmynd vekur \u00e1leitnar spurningar um hlutverk [&hellip;]<\/p>\n","protected":false},"author":7,"featured_media":42,"comment_status":"closed","ping_status":"open","sticky":false,"template":"","format":"standard","meta":{"_et_pb_use_builder":"off","_et_pb_old_content":"","_et_gb_content_width":"","footnotes":""},"categories":[5,136],"tags":[6,10,15],"class_list":["post-41","post","type-post","status-publish","format-standard","has-post-thumbnail","hentry","category-kyn-klam","category-vinnumarkadur-skolamal","tag-hinsegin","tag-minnihlutahopar","tag-retttrunadur","et-has-post-format-content","et_post_format-et-post-format-standard"],"yoast_head":"<!-- This site is optimized with the Yoast SEO plugin v27.4 - https:\/\/yoast.com\/product\/yoast-seo-wordpress\/ -->\n<title>Hinsegin fr\u00e6\u00f0sla fr\u00e1 fyrsta bekk og upp\u00far? - Eva Hauksd\u00f3ttir<\/title>\n<meta name=\"robots\" content=\"index, follow, max-snippet:-1, max-image-preview:large, max-video-preview:-1\" \/>\n<link rel=\"canonical\" href=\"https:\/\/www.norn.is\/eva\/2015\/05\/18\/hinsegin-fraedsla-fra-fyrsta-bekk-og-uppur\/\" \/>\n<meta property=\"og:locale\" content=\"is_IS\" \/>\n<meta property=\"og:type\" content=\"article\" \/>\n<meta property=\"og:title\" content=\"Hinsegin fr\u00e6\u00f0sla fr\u00e1 fyrsta bekk og upp\u00far? - Eva Hauksd\u00f3ttir\" \/>\n<meta property=\"og:description\" content=\"\u201eHinsegin f\u00f3lk\u201c hefur veri\u00f0 ofs\u00f3tt \u00ed gegnum t\u00ed\u00f0ina og \u00fe\u00f3tt \u00f3tr\u00falega miki\u00f0 hafi unnist s\u00e6tir \u00fea\u00f0 enn ford\u00f3mum. N\u00fa \u00e1 a\u00f0 uppr\u00e6ta \u00fe\u00e1 ford\u00f3ma me\u00f0 \u00fev\u00ed a\u00f0 b\u00faa til s\u00e9rstaka n\u00e1msgrein fyrir grunnsk\u00f3lab\u00f6rn \u2013 hinseginfr\u00e6\u00f0slu. Ekki fr\u00e6\u00f0slufund fyrir unglinga heldur&nbsp;n\u00e1msefni fyrir b\u00f6rn fr\u00e1 fyrsta bekk og upp \u00far. \u00deessi hugmynd vekur \u00e1leitnar spurningar um hlutverk [&hellip;]\" \/>\n<meta property=\"og:url\" content=\"https:\/\/www.norn.is\/eva\/2015\/05\/18\/hinsegin-fraedsla-fra-fyrsta-bekk-og-uppur\/\" \/>\n<meta property=\"og:site_name\" content=\"Eva Hauksd\u00f3ttir\" \/>\n<meta property=\"article:published_time\" content=\"2015-05-18T22:48:00+00:00\" \/>\n<meta property=\"article:modified_time\" content=\"2020-08-29T07:42:44+00:00\" \/>\n<meta property=\"og:image\" content=\"https:\/\/www.norn.is\/eva\/wp-content\/uploads\/sites\/36\/2020\/05\/b\u00f6rn-lesa.jpg\" \/>\n\t<meta property=\"og:image:width\" content=\"688\" \/>\n\t<meta property=\"og:image:height\" content=\"451\" \/>\n\t<meta property=\"og:image:type\" content=\"image\/jpeg\" \/>\n<meta name=\"author\" content=\"Eva Hauksd\u00f3ttir\" \/>\n<meta name=\"twitter:card\" content=\"summary_large_image\" \/>\n<meta name=\"twitter:label1\" content=\"Written by\" \/>\n\t<meta name=\"twitter:data1\" content=\"\" \/>\n\t<meta name=\"twitter:label2\" content=\"Est. reading time\" \/>\n\t<meta name=\"twitter:data2\" content=\"4 minutes\" \/>\n<script type=\"application\/ld+json\" class=\"yoast-schema-graph\">{\"@context\":\"https:\\\/\\\/schema.org\",\"@graph\":[{\"@type\":\"Article\",\"@id\":\"https:\\\/\\\/www.norn.is\\\/eva\\\/2015\\\/05\\\/18\\\/hinsegin-fraedsla-fra-fyrsta-bekk-og-uppur\\\/#article\",\"isPartOf\":{\"@id\":\"https:\\\/\\\/www.norn.is\\\/eva\\\/2015\\\/05\\\/18\\\/hinsegin-fraedsla-fra-fyrsta-bekk-og-uppur\\\/\"},\"author\":{\"name\":\"Eva Hauksd\u00f3ttir\",\"@id\":\"https:\\\/\\\/www.norn.is\\\/eva\\\/#\\\/schema\\\/person\\\/1d9742389918a297671033a2b53d3d34\"},\"headline\":\"Hinsegin fr\u00e6\u00f0sla fr\u00e1 fyrsta bekk og upp\u00far?\",\"datePublished\":\"2015-05-18T22:48:00+00:00\",\"dateModified\":\"2020-08-29T07:42:44+00:00\",\"mainEntityOfPage\":{\"@id\":\"https:\\\/\\\/www.norn.is\\\/eva\\\/2015\\\/05\\\/18\\\/hinsegin-fraedsla-fra-fyrsta-bekk-og-uppur\\\/\"},\"wordCount\":867,\"image\":{\"@id\":\"https:\\\/\\\/www.norn.is\\\/eva\\\/2015\\\/05\\\/18\\\/hinsegin-fraedsla-fra-fyrsta-bekk-og-uppur\\\/#primaryimage\"},\"thumbnailUrl\":\"https:\\\/\\\/www.norn.is\\\/eva\\\/wp-content\\\/uploads\\\/sites\\\/36\\\/2020\\\/05\\\/b\u00f6rn-lesa.jpg\",\"keywords\":[\"hinsegin\",\"minnihlutah\u00f3par\",\"r\u00e9tttr\u00fana\u00f0ur\"],\"articleSection\":[\"Kyn &amp; kl\u00e1m\",\"Vinnumarka\u00f0ur &amp; sk\u00f3lam\u00e1l\"],\"inLanguage\":\"is\"},{\"@type\":\"WebPage\",\"@id\":\"https:\\\/\\\/www.norn.is\\\/eva\\\/2015\\\/05\\\/18\\\/hinsegin-fraedsla-fra-fyrsta-bekk-og-uppur\\\/\",\"url\":\"https:\\\/\\\/www.norn.is\\\/eva\\\/2015\\\/05\\\/18\\\/hinsegin-fraedsla-fra-fyrsta-bekk-og-uppur\\\/\",\"name\":\"Hinsegin fr\u00e6\u00f0sla fr\u00e1 fyrsta bekk og upp\u00far? - Eva Hauksd\u00f3ttir\",\"isPartOf\":{\"@id\":\"https:\\\/\\\/www.norn.is\\\/eva\\\/#website\"},\"primaryImageOfPage\":{\"@id\":\"https:\\\/\\\/www.norn.is\\\/eva\\\/2015\\\/05\\\/18\\\/hinsegin-fraedsla-fra-fyrsta-bekk-og-uppur\\\/#primaryimage\"},\"image\":{\"@id\":\"https:\\\/\\\/www.norn.is\\\/eva\\\/2015\\\/05\\\/18\\\/hinsegin-fraedsla-fra-fyrsta-bekk-og-uppur\\\/#primaryimage\"},\"thumbnailUrl\":\"https:\\\/\\\/www.norn.is\\\/eva\\\/wp-content\\\/uploads\\\/sites\\\/36\\\/2020\\\/05\\\/b\u00f6rn-lesa.jpg\",\"datePublished\":\"2015-05-18T22:48:00+00:00\",\"dateModified\":\"2020-08-29T07:42:44+00:00\",\"author\":{\"@id\":\"https:\\\/\\\/www.norn.is\\\/eva\\\/#\\\/schema\\\/person\\\/1d9742389918a297671033a2b53d3d34\"},\"breadcrumb\":{\"@id\":\"https:\\\/\\\/www.norn.is\\\/eva\\\/2015\\\/05\\\/18\\\/hinsegin-fraedsla-fra-fyrsta-bekk-og-uppur\\\/#breadcrumb\"},\"inLanguage\":\"is\",\"potentialAction\":[{\"@type\":\"ReadAction\",\"target\":[\"https:\\\/\\\/www.norn.is\\\/eva\\\/2015\\\/05\\\/18\\\/hinsegin-fraedsla-fra-fyrsta-bekk-og-uppur\\\/\"]}]},{\"@type\":\"ImageObject\",\"inLanguage\":\"is\",\"@id\":\"https:\\\/\\\/www.norn.is\\\/eva\\\/2015\\\/05\\\/18\\\/hinsegin-fraedsla-fra-fyrsta-bekk-og-uppur\\\/#primaryimage\",\"url\":\"https:\\\/\\\/www.norn.is\\\/eva\\\/wp-content\\\/uploads\\\/sites\\\/36\\\/2020\\\/05\\\/b\u00f6rn-lesa.jpg\",\"contentUrl\":\"https:\\\/\\\/www.norn.is\\\/eva\\\/wp-content\\\/uploads\\\/sites\\\/36\\\/2020\\\/05\\\/b\u00f6rn-lesa.jpg\",\"width\":688,\"height\":451},{\"@type\":\"BreadcrumbList\",\"@id\":\"https:\\\/\\\/www.norn.is\\\/eva\\\/2015\\\/05\\\/18\\\/hinsegin-fraedsla-fra-fyrsta-bekk-og-uppur\\\/#breadcrumb\",\"itemListElement\":[{\"@type\":\"ListItem\",\"position\":1,\"name\":\"Home\",\"item\":\"https:\\\/\\\/www.norn.is\\\/eva\\\/\"},{\"@type\":\"ListItem\",\"position\":2,\"name\":\"Hinsegin fr\u00e6\u00f0sla fr\u00e1 fyrsta bekk og upp\u00far?\"}]},{\"@type\":\"WebSite\",\"@id\":\"https:\\\/\\\/www.norn.is\\\/eva\\\/#website\",\"url\":\"https:\\\/\\\/www.norn.is\\\/eva\\\/\",\"name\":\"Eva Hauksd\u00f3ttir\",\"description\":\"Evu blogg\",\"potentialAction\":[{\"@type\":\"SearchAction\",\"target\":{\"@type\":\"EntryPoint\",\"urlTemplate\":\"https:\\\/\\\/www.norn.is\\\/eva\\\/?s={search_term_string}\"},\"query-input\":{\"@type\":\"PropertyValueSpecification\",\"valueRequired\":true,\"valueName\":\"search_term_string\"}}],\"inLanguage\":\"is\"},{\"@type\":\"Person\",\"@id\":\"https:\\\/\\\/www.norn.is\\\/eva\\\/#\\\/schema\\\/person\\\/1d9742389918a297671033a2b53d3d34\",\"name\":\"Eva Hauksd\u00f3ttir\",\"image\":{\"@type\":\"ImageObject\",\"inLanguage\":\"is\",\"@id\":\"https:\\\/\\\/secure.gravatar.com\\\/avatar\\\/3690cd9ff7436a8a5d80acdc8fcb1046fbb9e002d4b532c85080d1bcbede84ce?s=96&d=mm&r=g\",\"url\":\"https:\\\/\\\/secure.gravatar.com\\\/avatar\\\/3690cd9ff7436a8a5d80acdc8fcb1046fbb9e002d4b532c85080d1bcbede84ce?s=96&d=mm&r=g\",\"contentUrl\":\"https:\\\/\\\/secure.gravatar.com\\\/avatar\\\/3690cd9ff7436a8a5d80acdc8fcb1046fbb9e002d4b532c85080d1bcbede84ce?s=96&d=mm&r=g\",\"caption\":\"Eva Hauksd\u00f3ttir\"},\"url\":\"https:\\\/\\\/www.norn.is\\\/eva\\\/author\\\/evahauks\\\/\"}]}<\/script>\n<!-- \/ Yoast SEO plugin. -->","yoast_head_json":{"title":"Hinsegin fr\u00e6\u00f0sla fr\u00e1 fyrsta bekk og upp\u00far? - Eva Hauksd\u00f3ttir","robots":{"index":"index","follow":"follow","max-snippet":"max-snippet:-1","max-image-preview":"max-image-preview:large","max-video-preview":"max-video-preview:-1"},"canonical":"https:\/\/www.norn.is\/eva\/2015\/05\/18\/hinsegin-fraedsla-fra-fyrsta-bekk-og-uppur\/","og_locale":"is_IS","og_type":"article","og_title":"Hinsegin fr\u00e6\u00f0sla fr\u00e1 fyrsta bekk og upp\u00far? - Eva Hauksd\u00f3ttir","og_description":"\u201eHinsegin f\u00f3lk\u201c hefur veri\u00f0 ofs\u00f3tt \u00ed gegnum t\u00ed\u00f0ina og \u00fe\u00f3tt \u00f3tr\u00falega miki\u00f0 hafi unnist s\u00e6tir \u00fea\u00f0 enn ford\u00f3mum. N\u00fa \u00e1 a\u00f0 uppr\u00e6ta \u00fe\u00e1 ford\u00f3ma me\u00f0 \u00fev\u00ed a\u00f0 b\u00faa til s\u00e9rstaka n\u00e1msgrein fyrir grunnsk\u00f3lab\u00f6rn \u2013 hinseginfr\u00e6\u00f0slu. Ekki fr\u00e6\u00f0slufund fyrir unglinga heldur&nbsp;n\u00e1msefni fyrir b\u00f6rn fr\u00e1 fyrsta bekk og upp \u00far. \u00deessi hugmynd vekur \u00e1leitnar spurningar um hlutverk [&hellip;]","og_url":"https:\/\/www.norn.is\/eva\/2015\/05\/18\/hinsegin-fraedsla-fra-fyrsta-bekk-og-uppur\/","og_site_name":"Eva Hauksd\u00f3ttir","article_published_time":"2015-05-18T22:48:00+00:00","article_modified_time":"2020-08-29T07:42:44+00:00","og_image":[{"width":688,"height":451,"url":"https:\/\/www.norn.is\/eva\/wp-content\/uploads\/sites\/36\/2020\/05\/b\u00f6rn-lesa.jpg","type":"image\/jpeg"}],"author":"Eva Hauksd\u00f3ttir","twitter_card":"summary_large_image","twitter_misc":{"Written by":false,"Est. reading time":"4 minutes"},"schema":{"@context":"https:\/\/schema.org","@graph":[{"@type":"Article","@id":"https:\/\/www.norn.is\/eva\/2015\/05\/18\/hinsegin-fraedsla-fra-fyrsta-bekk-og-uppur\/#article","isPartOf":{"@id":"https:\/\/www.norn.is\/eva\/2015\/05\/18\/hinsegin-fraedsla-fra-fyrsta-bekk-og-uppur\/"},"author":{"name":"Eva Hauksd\u00f3ttir","@id":"https:\/\/www.norn.is\/eva\/#\/schema\/person\/1d9742389918a297671033a2b53d3d34"},"headline":"Hinsegin fr\u00e6\u00f0sla fr\u00e1 fyrsta bekk og upp\u00far?","datePublished":"2015-05-18T22:48:00+00:00","dateModified":"2020-08-29T07:42:44+00:00","mainEntityOfPage":{"@id":"https:\/\/www.norn.is\/eva\/2015\/05\/18\/hinsegin-fraedsla-fra-fyrsta-bekk-og-uppur\/"},"wordCount":867,"image":{"@id":"https:\/\/www.norn.is\/eva\/2015\/05\/18\/hinsegin-fraedsla-fra-fyrsta-bekk-og-uppur\/#primaryimage"},"thumbnailUrl":"https:\/\/www.norn.is\/eva\/wp-content\/uploads\/sites\/36\/2020\/05\/b\u00f6rn-lesa.jpg","keywords":["hinsegin","minnihlutah\u00f3par","r\u00e9tttr\u00fana\u00f0ur"],"articleSection":["Kyn &amp; kl\u00e1m","Vinnumarka\u00f0ur &amp; sk\u00f3lam\u00e1l"],"inLanguage":"is"},{"@type":"WebPage","@id":"https:\/\/www.norn.is\/eva\/2015\/05\/18\/hinsegin-fraedsla-fra-fyrsta-bekk-og-uppur\/","url":"https:\/\/www.norn.is\/eva\/2015\/05\/18\/hinsegin-fraedsla-fra-fyrsta-bekk-og-uppur\/","name":"Hinsegin fr\u00e6\u00f0sla fr\u00e1 fyrsta bekk og upp\u00far? - Eva Hauksd\u00f3ttir","isPartOf":{"@id":"https:\/\/www.norn.is\/eva\/#website"},"primaryImageOfPage":{"@id":"https:\/\/www.norn.is\/eva\/2015\/05\/18\/hinsegin-fraedsla-fra-fyrsta-bekk-og-uppur\/#primaryimage"},"image":{"@id":"https:\/\/www.norn.is\/eva\/2015\/05\/18\/hinsegin-fraedsla-fra-fyrsta-bekk-og-uppur\/#primaryimage"},"thumbnailUrl":"https:\/\/www.norn.is\/eva\/wp-content\/uploads\/sites\/36\/2020\/05\/b\u00f6rn-lesa.jpg","datePublished":"2015-05-18T22:48:00+00:00","dateModified":"2020-08-29T07:42:44+00:00","author":{"@id":"https:\/\/www.norn.is\/eva\/#\/schema\/person\/1d9742389918a297671033a2b53d3d34"},"breadcrumb":{"@id":"https:\/\/www.norn.is\/eva\/2015\/05\/18\/hinsegin-fraedsla-fra-fyrsta-bekk-og-uppur\/#breadcrumb"},"inLanguage":"is","potentialAction":[{"@type":"ReadAction","target":["https:\/\/www.norn.is\/eva\/2015\/05\/18\/hinsegin-fraedsla-fra-fyrsta-bekk-og-uppur\/"]}]},{"@type":"ImageObject","inLanguage":"is","@id":"https:\/\/www.norn.is\/eva\/2015\/05\/18\/hinsegin-fraedsla-fra-fyrsta-bekk-og-uppur\/#primaryimage","url":"https:\/\/www.norn.is\/eva\/wp-content\/uploads\/sites\/36\/2020\/05\/b\u00f6rn-lesa.jpg","contentUrl":"https:\/\/www.norn.is\/eva\/wp-content\/uploads\/sites\/36\/2020\/05\/b\u00f6rn-lesa.jpg","width":688,"height":451},{"@type":"BreadcrumbList","@id":"https:\/\/www.norn.is\/eva\/2015\/05\/18\/hinsegin-fraedsla-fra-fyrsta-bekk-og-uppur\/#breadcrumb","itemListElement":[{"@type":"ListItem","position":1,"name":"Home","item":"https:\/\/www.norn.is\/eva\/"},{"@type":"ListItem","position":2,"name":"Hinsegin fr\u00e6\u00f0sla fr\u00e1 fyrsta bekk og upp\u00far?"}]},{"@type":"WebSite","@id":"https:\/\/www.norn.is\/eva\/#website","url":"https:\/\/www.norn.is\/eva\/","name":"Eva Hauksd\u00f3ttir","description":"Evu blogg","potentialAction":[{"@type":"SearchAction","target":{"@type":"EntryPoint","urlTemplate":"https:\/\/www.norn.is\/eva\/?s={search_term_string}"},"query-input":{"@type":"PropertyValueSpecification","valueRequired":true,"valueName":"search_term_string"}}],"inLanguage":"is"},{"@type":"Person","@id":"https:\/\/www.norn.is\/eva\/#\/schema\/person\/1d9742389918a297671033a2b53d3d34","name":"Eva Hauksd\u00f3ttir","image":{"@type":"ImageObject","inLanguage":"is","@id":"https:\/\/secure.gravatar.com\/avatar\/3690cd9ff7436a8a5d80acdc8fcb1046fbb9e002d4b532c85080d1bcbede84ce?s=96&d=mm&r=g","url":"https:\/\/secure.gravatar.com\/avatar\/3690cd9ff7436a8a5d80acdc8fcb1046fbb9e002d4b532c85080d1bcbede84ce?s=96&d=mm&r=g","contentUrl":"https:\/\/secure.gravatar.com\/avatar\/3690cd9ff7436a8a5d80acdc8fcb1046fbb9e002d4b532c85080d1bcbede84ce?s=96&d=mm&r=g","caption":"Eva Hauksd\u00f3ttir"},"url":"https:\/\/www.norn.is\/eva\/author\/evahauks\/"}]}},"_links":{"self":[{"href":"https:\/\/www.norn.is\/eva\/wp-json\/wp\/v2\/posts\/41","targetHints":{"allow":["GET"]}}],"collection":[{"href":"https:\/\/www.norn.is\/eva\/wp-json\/wp\/v2\/posts"}],"about":[{"href":"https:\/\/www.norn.is\/eva\/wp-json\/wp\/v2\/types\/post"}],"author":[{"embeddable":true,"href":"https:\/\/www.norn.is\/eva\/wp-json\/wp\/v2\/users\/7"}],"replies":[{"embeddable":true,"href":"https:\/\/www.norn.is\/eva\/wp-json\/wp\/v2\/comments?post=41"}],"version-history":[{"count":3,"href":"https:\/\/www.norn.is\/eva\/wp-json\/wp\/v2\/posts\/41\/revisions"}],"predecessor-version":[{"id":3615,"href":"https:\/\/www.norn.is\/eva\/wp-json\/wp\/v2\/posts\/41\/revisions\/3615"}],"wp:featuredmedia":[{"embeddable":true,"href":"https:\/\/www.norn.is\/eva\/wp-json\/wp\/v2\/media\/42"}],"wp:attachment":[{"href":"https:\/\/www.norn.is\/eva\/wp-json\/wp\/v2\/media?parent=41"}],"wp:term":[{"taxonomy":"category","embeddable":true,"href":"https:\/\/www.norn.is\/eva\/wp-json\/wp\/v2\/categories?post=41"},{"taxonomy":"post_tag","embeddable":true,"href":"https:\/\/www.norn.is\/eva\/wp-json\/wp\/v2\/tags?post=41"}],"curies":[{"name":"wp","href":"https:\/\/api.w.org\/{rel}","templated":true}]}}