{"id":3916,"date":"2020-09-18T09:46:50","date_gmt":"2020-09-18T09:46:50","guid":{"rendered":"http:\/\/www.norn.is\/eva\/?p=3916"},"modified":"2020-09-18T13:15:17","modified_gmt":"2020-09-18T13:15:17","slug":"katrin-jakobsdottir-eda-hermann-jonasson","status":"publish","type":"post","link":"https:\/\/www.norn.is\/eva\/2020\/09\/18\/katrin-jakobsdottir-eda-hermann-jonasson\/","title":{"rendered":"Katr\u00edn Jakobsd\u00f3ttir e\u00f0a Hermann J\u00f3nasson?"},"content":{"rendered":"\n<p>Einu sinni var stj\u00f3rnm\u00e1lalei\u00f0togi sem l\u00e9t \u00feessi or\u00f0 falla \u00e1 Al\u00feingi:<\/p>\n\n\n\n<blockquote class=\"wp-block-quote is-layout-flow wp-block-quote-is-layout-flow\"><p>\u00dea\u00f0 hefur veri\u00f0 sagt h\u00e9r, a\u00f0 \u00e9g hafi s\u00fdnt \u00e1kaflega mikla \u00f3bilgirni me\u00f0 \u00fev\u00ed a\u00f0 leyfa ekki austurr\u00edskum b\u00f6rnum a\u00f0 flytja hinga\u00f0 til landsins. \u00dea\u00f0 m\u00e1 n\u00e1tt\u00farlega alltaf deila um \u00fe\u00e1 hluti. En svo miki\u00f0 er v\u00edst, a\u00f0 samkv. \u00feeim uppl\u00fdsingum, sem vi\u00f0 h\u00f6fum afla\u00f0 okkur, sem um \u00feetta m\u00e1l h\u00f6fum fjalla\u00f0, h\u00f6f\u00f0u \u00cdslendingar leyft fleiri fl\u00f3ttam\u00f6nnum Gy\u00f0inga landsvistarleyfi, ef mi\u00f0a\u00f0 er vi\u00f0 f\u00f3lksfj\u00f6lda, heldur en nokkur \u00f6nnur Evr\u00f3pu\u00fej\u00f3\u00f0. Og \u00fea\u00f0 var sennilega ekki af \u00f6\u00f0rum \u00e1st\u00e6\u00f0um en \u00feeim, hve m\u00f6rgum fl\u00f3ttam\u00f6nnum haf\u00f0i veri\u00f0 leyft a\u00f0 koma hinga\u00f0 til landsins, konum, m\u00e6\u00f0rum og b\u00f6rnum, a\u00f0 \u00feetta leyfi var ekki veitt.<\/p><\/blockquote>\n\n\n\n<p>Nei, ekki Katr\u00edn Jakobsd\u00f3ttir. H\u00fan hef\u00f0i frekar tala\u00f0 um egypsk b\u00f6rn og s\u00fdrlensk. <a rel=\"noreferrer noopener\" href=\"https:\/\/www.althingi.is\/altext\/raeda\/?lthing=64&amp;rnr=3978&amp;fbclid=IwAR3rBmvLU9A3hx4i-tSuk2kGt2B1FUocfaZLi3PWFHqz17-UygGMcTZSwSU\" target=\"_blank\">Tilvitnunin <\/a> h\u00e9r a\u00f0 ofan er \u00far r\u00e6\u00f0u sem Hermann J\u00f3nasson flutti fyrir n\u00e6r 75 \u00e1rum.  Austurr\u00edsku b\u00f6rnin <a rel=\"noreferrer noopener\" href=\"https:\/\/timarit.is\/page\/2736066#page\/n1\/mode\/2up\" target=\"_blank\">sem hann v\u00edsar til<\/a> voru Gy\u00f0ingab\u00f6rn a fl\u00f3tta undan Nazistum.<\/p>\n\n\n\n<p>Margt hefur breyst s\u00ed\u00f0an \u00ed m\u00e1lum fl\u00f3ttaf\u00f3lks. Ekki \u00fe\u00f3 s\u00fa afsta\u00f0a r\u00e1\u00f0amanna a\u00f0 \u00cdslendingar hafi n\u00fa aldeilis gert vel vi\u00f0 fl\u00f3ttaf\u00f3lk og \u00fear sem mann\u00fa\u00f0arkv\u00f3tinn s\u00e9 uppfylltur s\u00e9 \u00f3\u00fearft a\u00f0 f\u00e1rast yfir \u00fev\u00ed \u00fe\u00f3tt nokkur b\u00f6rn s\u00e6ti \u00f3mann\u00fa\u00f0legri me\u00f0fer\u00f0.<\/p>\n\n\n\n<h2 class=\"wp-block-heading\">Mann\u00fa\u00f0 ekki b\u00f6nnu\u00f0 &#8211; bara takm\u00f6rku\u00f0<\/h2>\n\n\n\n<p>N\u00fa eru fj\u00f6gur b\u00f6rn og foreldrar \u00feeirra \u00ed felum fyrir r\u00edkisstj\u00f3rn sem \u00e6tlar a\u00f0 senda \u00feau til Egyptalands. Fa\u00f0irinn tilheyrir tr\u00faar- og stj\u00f3rnm\u00e1lahreyfingu sem er ofs\u00f3tt \u00ed Egyptalandi. Bent hefur veri\u00f0 \u00e1 a\u00f0 samkv\u00e6mt sk\u00fdrslum al\u00fej\u00f3\u00f0astofnana og mannr\u00e9ttindasamtaka er \u00e1stand mannr\u00e9ttinda \u00ed Egyptalandi hrein h\u00f6rmung og miki\u00f0 um a\u00f0 meintir \u00f3vinir stj\u00f3rnvalda s\u00e9u sviptir frelsi s\u00ednu \u00e1n r\u00e9ttl\u00e1trar m\u00e1lsme\u00f0fer\u00f0ar og pynta\u00f0ir. Fj\u00f6lskyldan hefur veri\u00f0 \u00e1 \u00cdslandi \u00ed tv\u00f6 \u00e1r og b\u00f6rnin hafa a\u00f0lagast vel og \u00fer\u00e1bi\u00f0ja um a\u00f0 f\u00e1 a\u00f0 vera \u00e1fram. Bylgja rei\u00f0i og sorgar vegna einar\u00f0rar afst\u00f6\u00f0u r\u00edkisstj\u00f3rnarinnar gengur n\u00fa yfir samf\u00e9lagi\u00f0 og \u00feingma\u00f0ur tilkynnti \u00ed g\u00e6r <a href=\"https:\/\/www.visir.is\/g\/20202013437d\" target=\"_blank\" rel=\"noreferrer noopener\">\u00fars\u00f6gn s\u00edna<\/a> \u00far \u00feeim stj\u00f3rnm\u00e1laflokki sem lei\u00f0ir r\u00edkisstj\u00f3rnina.<\/p>\n\n\n\n<p>\u00cd \u00feessu andr\u00famslofti birtir fors\u00e6tisr\u00e1\u00f0herra pistil \u00e1 Facebook \u00fear sem kjarni skilabo\u00f0anna er einmitt \u00ed anda Hermanns J\u00f3nassonar \u2013 <em>vi\u00f0 h\u00f6fum n\u00fa aldeilis sta\u00f0i\u00f0 okkur \u00ed stykkinu<\/em>. \u00dev\u00ed til stu\u00f0nings vitnar h\u00fan \u00ed t\u00f6lfr\u00e6\u00f0ig\u00f6gn. \u00deau s\u00fdna reyndar ekki a\u00f0 \u00cdsland hafi sta\u00f0i\u00f0 sig betur en \u00f6nnur r\u00edki en \u00fea\u00f0 er \u00f6nnur umr\u00e6\u00f0a. <\/p>\n\n\n\n<figure class=\"wp-block-embed-facebook wp-block-embed is-type-rich is-provider-facebook\"><div class=\"wp-block-embed__wrapper\">\n<div id=\"fb-root\"><\/div><script async=\"1\" defer=\"1\" crossorigin=\"anonymous\" src=\"https:\/\/connect.facebook.net\/is_IS\/sdk.js#xfbml=1&amp;version=v8.0\" nonce=\"p5TUcbLO\"><\/script><div class=\"fb-post\" data-href=\"https:\/\/www.facebook.com\/VGKatrinJakobsdottir\/posts\/10157555924392727\" data-width=\"750\"><blockquote cite=\"https:\/\/www.facebook.com\/VGKatrinJakobsdottir\/posts\/10157555924392727\" class=\"fb-xfbml-parse-ignore\"><p>Fj\u00f6ldi f\u00f3lks \u00e1 fl\u00f3tta \u00e1 heimsv\u00edsu hefur meira en tv\u00f6faldast \u00e1 t\u00edu \u00e1rum og \u00fev\u00ed hefur fylgt miki\u00f0 umr\u00f3t hvarvetna \u00feegar&#8230;<\/p>Posted by <a href=\"https:\/\/www.facebook.com\/VGKatrinJakobsdottir\/\">Katr\u00edn Jakobsd\u00f3ttir<\/a> on&nbsp;<a href=\"https:\/\/www.facebook.com\/VGKatrinJakobsdottir\/posts\/10157555924392727\">Fimmtudagur, 17. september 2020<\/a><\/blockquote><\/div>\n<\/div><\/figure>\n\n\n\n<p>Eftir a\u00f0 hafa nefnt t\u00f6lur sem eiga a\u00f0 s\u00fdna hva\u00f0 vi\u00f0 erum fr\u00e1b\u00e6r klykkir fors\u00e6tisr\u00e1\u00f0herra svo \u00fat me\u00f0 gullv\u00e6gri athugasemd:<\/p>\n\n\n\n<blockquote class=\"wp-block-quote is-layout-flow wp-block-quote-is-layout-flow\"><p>\u00deessi m\u00e1l sn\u00faast au\u00f0vita\u00f0 um f\u00f3lk og \u00fev\u00ed ver\u00f0um vi\u00f0 a\u00f0 g\u00e6ta \u00feess a\u00f0 l\u00e1ta umr\u00e6\u00f0una ekki sn\u00faast um t\u00f6lur \u00e1 bla\u00f0i.<\/p><p><\/p><\/blockquote>\n\n\n\n<h2 class=\"wp-block-heading\"><br>Fors\u00e6tisr\u00e1\u00f0herra reynir a\u00f0 stj\u00f3rna umr\u00e6\u00f0unni<\/h2>\n\n\n\n<p>J\u00e1, \u00fea\u00f0 er n\u00fa einmitt \u00fea\u00f0 \u2013 manneskjum sem \u00feurfa a\u00f0 fela sig fyrir stj\u00f3rnv\u00f6ldum er bara engin huggun \u00ed t\u00f6lfr\u00e6\u00f0i um mann\u00fa\u00f0  r\u00edkisstj\u00f3rnarinnar og a\u00f0 vonum var \u00e1 \u00fea\u00f0 bent \u00ed athugasemdakerfinu. S\u00fa umr\u00e6\u00f0a vir\u00f0ist hafa falli\u00f0 \u00ed gr\u00fdttan jar\u00f0veg hj\u00e1 fors\u00e6tisr\u00e1\u00f0herra \u00fev\u00ed athugasemdir voru fjarl\u00e6g\u00f0ar og loka\u00f0 \u00e1 m\u00f6guleika vi\u00f0komandi til a\u00f0 tj\u00e1 sig frekar. Hugsanlega var \u00e1st\u00e6\u00f0a til a\u00f0 fjarl\u00e6gja eitthva\u00f0 af \u00fev\u00ed sem fram kom, \u00e9g bara veit \u00fea\u00f0 ekki, en \u00e9g veit \u00feess hinsvegar d\u00e6mi a\u00f0 fullkomlega m\u00e1lefnaleg innlegg hafi veri\u00f0 fjarl\u00e6g\u00f0. Ein \u00feeirra athugasemda sem fors\u00e6tisr\u00e1\u00f0herra fjarl\u00e6g\u00f0i \u00e1n vi\u00f0varana og \u00e1n \u00fatsk\u00fdringa var einmitt \u00ed \u00fe\u00e1 veru a\u00f0 undarlegt v\u00e6ri a\u00f0 sj\u00e1 lei\u00f0toga VG feta \u00ed f\u00f3tspor Hermanns J\u00f3nassonar.<\/p>\n\n\n\n<p>Samf\u00e9lagsmi\u00f0lar eru fr\u00e1b\u00e6rt t\u00e6ki til a\u00f0 n\u00e1 til margra, flj\u00f3tt. En \u00feeir eru l\u00edka vettvangur \u00fear sem b\u00faast m\u00e1 vi\u00f0 \u00f3\u00fe\u00e6gilegum samskiptum. Sennilega eru meiri l\u00edkur \u00e1 a\u00f0 rei\u00f0ur borgari tj\u00e1i sig af heift og \u00f3kurteisi bak vi\u00f0 t\u00f6lvuskj\u00e1 en augliti til auglitis vi\u00f0 \u00feann sem hann beinir spj\u00f3tum s\u00ednum a\u00f0. \u00dea\u00f0 getur veri\u00f0 \u00e1st\u00e6\u00f0a til a\u00f0 fjarl\u00e6gja innlegg \u00ed umr\u00e6\u00f0u, t.d. h\u00f3tanir, \u00e6rumei\u00f0ingar e\u00f0a \u00f3heyrilegan d\u00f3naskap. En valda- og \u00e1hrifaf\u00f3lk sem n\u00fdtir s\u00e9r kosti samf\u00e9lagsmi\u00f0la \u00e6tti a\u00f0 s\u00fdna \u00feeim sem taka \u00fe\u00e1tt \u00ed umr\u00e6\u00f0unni og fylgjast me\u00f0 henni \u00fe\u00e1 vir\u00f0ingu a\u00f0 stilla sig um a\u00f0 fela m\u00e1lefnaleg innlegg sem snerta umr\u00e6\u00f0uefni\u00f0 beint. Valdaf\u00f3lk sem notar samf\u00e9lagsmi\u00f0la \u00e6tti a\u00f0 reikna me\u00f0 \u00f3v\u00e6ginni gagnr\u00fdni og l\u00edta \u00e1 \u00fea\u00f0 sem ney\u00f0ar\u00farr\u00e6\u00f0i a\u00f0 fjarl\u00e6gja athugasemdir. \u00dej\u00f3\u00f0arlei\u00f0togi \u00e6tti \u00f6\u00f0rum fremur a\u00f0 s\u00fdna \u00fe\u00e1 st\u00f3rmennsku a\u00f0 l\u00e1ta minnih\u00e1ttar sk\u00e6ting sem vind um eyrun \u00fej\u00f3ta fremur en a\u00f0 fjarl\u00e6gja f\u00e6rslur \u2013 \u00fea\u00f0 er einfaldlega ekki l\u00fd\u00f0r\u00e6\u00f0islegt a\u00f0 loka \u00e1 \u00fe\u00e1 sem or\u00f0a hugsanir s\u00ednar hranalega \u2013 \u00feess heldur \u00e6tti sanngj\u00f6rn gagnr\u00fdni, sett fram me\u00f0 h\u00f3fsamlegu or\u00f0alagi, a\u00f0 f\u00e1 a\u00f0 standa.<\/p>\n\n\n\n<p>\u00cd \u00feessu tilviki nota\u00f0i fors\u00e6tisr\u00e1\u00f0herra samf\u00e9lagsmi\u00f0il til a\u00f0 reyna a\u00f0 lappa upp \u00e1 \u00edmynd s\u00edna og \u00feingflokks s\u00edns. H\u00fan fjarl\u00e6g\u00f0i jafnframt athugasemdir sem koma henni illa. Og hva\u00f0 heitir \u00fea\u00f0 \u00feegar r\u00e1\u00f0amenn handvelja uppl\u00fdsingar, koma s\u00ednum eigin skilabo\u00f0um a\u00f0 en fela gagnr\u00fdni sem skiptir m\u00e1li \u00ed von um a\u00f0 umr\u00e6\u00f0an ver\u00f0i einhli\u00f0a og stj\u00f3rnv\u00f6ldum hli\u00f0holl?<\/p>\n\n\n\n<p>\u00dea\u00f0 heitir \u00e1r\u00f3\u00f0ur.<\/p>\n\n\n\n<h2 class=\"wp-block-heading\">Mannr\u00e9ttindi eru l\u00edka \u00e6tlu\u00f0 f\u00f3lki me\u00f0 &#8222;rangar&#8220; sko\u00f0anir<\/h2>\n\n\n\n<p>Tilraun Katr\u00ednar Jakobsd\u00f3ttur til a\u00f0 stj\u00f3rna umr\u00e6\u00f0unni \u00e1 Facebook er au\u00f0vita\u00f0 ekkert \u00ed l\u00edkingu vi\u00f0 \u00feann p\u00f3lit\u00edska \u00e1r\u00f3\u00f0ur sem \u00fer\u00edfst \u00ed f\u00e1r\u00e6\u00f0isr\u00edkjum. Enda \u00fer\u00edfst einhli\u00f0a \u00e1r\u00f3\u00f0ur ekki \u00fear sem tj\u00e1ningarfrelsi r\u00edkir. L\u00fd\u00f0r\u00e6\u00f0inu er engin h\u00e6tta b\u00fain \u00fe\u00f3tt fors\u00e6tisr\u00e1\u00f0herra fjarl\u00e6gi athugasemdir sem henni falla ekki \u00ed ge\u00f0, s\u00fa umr\u00e6\u00f0a er \u00fe\u00e1 bara f\u00e6r\u00f0 \u00e1 annan vettvang \u00fear sem h\u00fan f\u00e6r meiri athygli. En hugsunin a\u00f0 baki er samt s\u00fa sama og a\u00f0 baki h\u00e6ttulegum \u00e1r\u00f3\u00f0ri \u00fear sem \u00feeir sem v\u00f6ldin hafa velja uppl\u00fdsingar ofan \u00ed alm\u00fagann \u00ed \u00fev\u00ed skyni a\u00f0 skapa s\u00e9r \u00edmynd og brei\u00f0a \u00fat \u00e1kve\u00f0nar hugmyndir.<\/p>\n\n\n\n<p>Vi\u00f0 erum svo hamingjus\u00f6m a\u00f0 b\u00faa vi\u00f0 nokku\u00f0 gott samvisku- og tj\u00e1ningarfrelsi mi\u00f0a\u00f0 vi\u00f0 st\u00e6rstan hluta heimsbygg\u00f0arinnar. \u00cd Egyptalandi er sta\u00f0an \u00f6nnur. \u00dear eiga \u00feeir sem gagnr\u00fdna stj\u00f3rnv\u00f6ld \u00e1 h\u00e6ttu a\u00f0 vera fangelsa\u00f0ir og pynta\u00f0ir. Me\u00f0limir Br\u00e6\u00f0ralags m\u00fasl\u00edma eru \u00fear \u00ed s\u00e9rstakri h\u00e6ttu.<\/p>\n\n\n\n<p>\u00dev\u00ed hefur veri\u00f0 haldi\u00f0 fram a\u00f0 Ibrahim Khedr s\u00e9 st\u00f3rh\u00e6ttulegur ma\u00f0ur og hreyfing hans hry\u00f0juverkasamt\u00f6k. \u00dea\u00f0 er ekki r\u00e9tt, ma\u00f0urinn er ekki gruna\u00f0ur um neina gl\u00e6pi og Br\u00e6\u00f0ralag m\u00fasl\u00edma fellur ekki undir skilgreiningu \u00e1 hry\u00f0juverkasamt\u00f6kum. Fullyr\u00f0ingar egypskra stj\u00f3rnvalda \u00fear um eru a\u00f0 engu hafandi, \u00fea\u00f0 er flestum einr\u00e6\u00f0isstj\u00f3rnum sameiginlegt a\u00f0 kalla andst\u00e6\u00f0inga s\u00edna hry\u00f0juverkamenn. Br\u00e6\u00f0ralag m\u00fasl\u00edma a\u00f0hyllist hugmyndafr\u00e6\u00f0i sem er ekki \u00ed anda l\u00fd\u00f0r\u00e6\u00f0is en \u00fea\u00f0 skiptir bara engu m\u00e1li \u00ed \u00feessu sambandi, Ibrahim Khedr er ekki a\u00f0 s\u00e6kja um st\u00f6\u00f0u H\u00e6star\u00e9ttard\u00f3mara, hann er a\u00f0 bi\u00f0ja um vernd gegn ofs\u00f3knum. Mannr\u00e9ttindi eru ekki \u00e6tlu\u00f0 f\u00f3lki me\u00f0 \u00e6skilegar tr\u00faarsko\u00f0anir heldur \u00f6llum.<\/p>\n\n\n\n<p>L\u00fd\u00f0r\u00e6\u00f0issamf\u00e9lag \u00e1 a\u00f0 takast \u00e1 vi\u00f0 vafasamar sko\u00f0anir me\u00f0 \u00fev\u00ed a\u00f0 r\u00f6kr\u00e6\u00f0a \u00fe\u00e6r, sama hvort \u00fea\u00f0 er \u00fatvarp Saga e\u00f0a einhver annar s\u00e9rtr\u00faars\u00f6fnu\u00f0ur sem heldur \u00feeim \u00e1 lofti. \u00dea\u00f0 sem l\u00fd\u00f0r\u00e6\u00f0issamf\u00e9lag \u00e1 ekki a\u00f0 gera er a\u00f0 reyna a\u00f0 losa sig vi\u00f0 f\u00f3lk me\u00f0 \u201erangar\u201c sko\u00f0anir. \u00dea\u00f0 \u00e1 b\u00e6\u00f0i vi\u00f0 um stefnu stj\u00f3rnvalda gagnvart h\u00e6lisleitendum og r\u00e1\u00f0amenn sem reyna a\u00f0 n\u00e1 til almennings \u00e1 opnu sv\u00e6\u00f0i \u00e1 Facebook.<\/p>\n\n\n\n<h3 class=\"wp-block-heading\"><br><span style=\"color:#dcbb4e\" class=\"has-inline-color\">\u00deessu tengt:<\/span><\/h3>\n\n\n<div class=\"vlp-link-container vlp-layout-basic wp-block-visual-link-preview-link\"><a href=\"https:\/\/www.norn.is\/eva\/2017\/09\/22\/flottakona-hydd-i-iran-nordmenn-abyrgir\/\" class=\"vlp-link\" title=\"Fl\u00f3ttakona h\u00fddd \u00ed \u00cdran \u2013 Nor\u00f0menn \u00e1byrgir\"><\/a><div class=\"vlp-layout-zone-side\"><div class=\"vlp-block-2 vlp-link-image\"><img loading=\"lazy\" decoding=\"async\" style=\"max-width: 150px;\" width=\"150\" height=\"98\" src=\"https:\/\/www.norn.is\/eva\/wp-content\/uploads\/sites\/36\/2017\/09\/Leila-Bayat.jpg\" class=\"attachment-150x999 size-150x999\" alt=\"\" srcset=\"https:\/\/www.norn.is\/eva\/wp-content\/uploads\/sites\/36\/2017\/09\/Leila-Bayat.jpg 460w, https:\/\/www.norn.is\/eva\/wp-content\/uploads\/sites\/36\/2017\/09\/Leila-Bayat-300x196.jpg 300w\" sizes=\"auto, (max-width: 150px) 100vw, 150px\" \/><\/div><\/div><div class=\"vlp-layout-zone-main\"><div class=\"vlp-block-0 vlp-link-title\">Fl\u00f3ttakona h\u00fddd \u00ed \u00cdran \u2013 Nor\u00f0menn \u00e1byrgir<\/div><div class=\"vlp-block-1 vlp-link-summary\">Fyrr \u00ed \u00feessari viku var&nbsp;fl\u00f3ttakona h\u00fddd \u00ed \u00cdran. H\u00fan heitir Leila Bayat og okkur kemur \u00feetta m\u00e1l vi\u00f0, ekki bara vegna \u00feess a\u00f0 \u00f6ll mannr\u00e9ttindabrot koma okkur vi\u00f0, heldur vegna \u00feess a\u00f0 \u00fea\u00f0 vekur spurningar um stefnu \u00cdslendinga \u00ed m\u00e1lefnum h\u00e6lisleitenda. [&hellip;]<\/div><\/div><\/div>\n\n<div class=\"vlp-link-container vlp-layout-basic wp-block-visual-link-preview-link\"><a href=\"https:\/\/www.norn.is\/eva\/?p=2471\" class=\"vlp-link\" title=\"M\u00e1l Haniye Maleki og Mary Iserien\"><\/a><div class=\"vlp-layout-zone-side\"><div class=\"vlp-block-2 vlp-link-image\"><img loading=\"lazy\" decoding=\"async\" style=\"max-width: 150px;\" width=\"150\" height=\"100\" src=\"https:\/\/www.norn.is\/eva\/wp-content\/uploads\/sites\/36\/2020\/07\/Mary-og-Haniye.jpg\" class=\"attachment-150x999 size-150x999\" alt=\"\" srcset=\"https:\/\/www.norn.is\/eva\/wp-content\/uploads\/sites\/36\/2020\/07\/Mary-og-Haniye.jpg 713w, https:\/\/www.norn.is\/eva\/wp-content\/uploads\/sites\/36\/2020\/07\/Mary-og-Haniye-300x200.jpg 300w\" sizes=\"auto, (max-width: 150px) 100vw, 150px\" \/><\/div><\/div><div class=\"vlp-layout-zone-main\"><div class=\"vlp-block-0 vlp-link-title\">M\u00e1l Haniye Maleki og Mary Iserien<\/div><div class=\"vlp-block-1 vlp-link-summary\">\u00dea\u00f0 er meginregla barnar\u00e9ttar a\u00f0 \u00feegar \u00e1kvar\u00f0anir eru teknar \u00ed m\u00e1lum barna skuli \u00fea\u00f0 haft a\u00f0 lei\u00f0arlj\u00f3si hva\u00f0 barninu er fyrir bestu. \u00deessi regla er me\u00f0al annars skr\u00e1\u00f0 \u00ed&nbsp;Barnas\u00e1ttm\u00e1la Sameinu\u00f0u \u00fej\u00f3\u00f0anna&nbsp;en \u00fear segir \u00ed 1. mgr. 3. gr.: \u00dea\u00f0 sem barni er fyrir bestu [&hellip;]<\/div><\/div><\/div>","protected":false},"excerpt":{"rendered":"<p>Einu sinni var stj\u00f3rnm\u00e1lalei\u00f0togi sem l\u00e9t \u00feessi or\u00f0 falla \u00e1 Al\u00feingi: \u00dea\u00f0 hefur veri\u00f0 sagt h\u00e9r, a\u00f0 \u00e9g hafi s\u00fdnt \u00e1kaflega mikla \u00f3bilgirni me\u00f0 \u00fev\u00ed a\u00f0 leyfa ekki austurr\u00edskum b\u00f6rnum a\u00f0 flytja hinga\u00f0 til landsins. \u00dea\u00f0 m\u00e1 n\u00e1tt\u00farlega alltaf deila um \u00fe\u00e1 hluti. En svo miki\u00f0 er v\u00edst, a\u00f0 samkv. \u00feeim uppl\u00fdsingum, sem vi\u00f0 h\u00f6fum [&hellip;]<\/p>\n","protected":false},"author":7,"featured_media":3929,"comment_status":"closed","ping_status":"open","sticky":false,"template":"","format":"standard","meta":{"_et_pb_use_builder":"","_et_pb_old_content":"","_et_gb_content_width":"","footnotes":""},"categories":[201,85,197],"tags":[773,470,73,772,278],"class_list":["post-3916","post","type-post","status-publish","format-standard","has-post-thumbnail","hentry","category-andof-yfirvald","category-mannudarmal","category-vald-velferd","tag-braedralag-muslima","tag-flottaborn","tag-flottafolk","tag-hermann-jonasson","tag-katrin-jakobsdottir","et-has-post-format-content","et_post_format-et-post-format-standard"],"yoast_head":"<!-- This site is optimized with the Yoast SEO plugin v27.5 - https:\/\/yoast.com\/product\/yoast-seo-wordpress\/ -->\n<title>Katr\u00edn Jakobsd\u00f3ttir e\u00f0a Hermann J\u00f3nasson? - Eva Hauksd\u00f3ttir<\/title>\n<meta name=\"robots\" content=\"index, follow, max-snippet:-1, max-image-preview:large, max-video-preview:-1\" \/>\n<link rel=\"canonical\" href=\"https:\/\/www.norn.is\/eva\/2020\/09\/18\/katrin-jakobsdottir-eda-hermann-jonasson\/\" \/>\n<meta property=\"og:locale\" content=\"is_IS\" \/>\n<meta property=\"og:type\" content=\"article\" \/>\n<meta property=\"og:title\" content=\"Katr\u00edn Jakobsd\u00f3ttir e\u00f0a Hermann J\u00f3nasson? - Eva Hauksd\u00f3ttir\" \/>\n<meta property=\"og:description\" content=\"Einu sinni var stj\u00f3rnm\u00e1lalei\u00f0togi sem l\u00e9t \u00feessi or\u00f0 falla \u00e1 Al\u00feingi: \u00dea\u00f0 hefur veri\u00f0 sagt h\u00e9r, a\u00f0 \u00e9g hafi s\u00fdnt \u00e1kaflega mikla \u00f3bilgirni me\u00f0 \u00fev\u00ed a\u00f0 leyfa ekki austurr\u00edskum b\u00f6rnum a\u00f0 flytja hinga\u00f0 til landsins. \u00dea\u00f0 m\u00e1 n\u00e1tt\u00farlega alltaf deila um \u00fe\u00e1 hluti. En svo miki\u00f0 er v\u00edst, a\u00f0 samkv. \u00feeim uppl\u00fdsingum, sem vi\u00f0 h\u00f6fum [&hellip;]\" \/>\n<meta property=\"og:url\" content=\"https:\/\/www.norn.is\/eva\/2020\/09\/18\/katrin-jakobsdottir-eda-hermann-jonasson\/\" \/>\n<meta property=\"og:site_name\" content=\"Eva Hauksd\u00f3ttir\" \/>\n<meta property=\"article:published_time\" content=\"2020-09-18T09:46:50+00:00\" \/>\n<meta property=\"article:modified_time\" content=\"2020-09-18T13:15:17+00:00\" \/>\n<meta property=\"og:image\" content=\"https:\/\/www.norn.is\/eva\/wp-content\/uploads\/sites\/36\/2020\/09\/leidtogar.jpg\" \/>\n\t<meta property=\"og:image:width\" content=\"928\" \/>\n\t<meta property=\"og:image:height\" content=\"576\" \/>\n\t<meta property=\"og:image:type\" content=\"image\/jpeg\" \/>\n<meta name=\"author\" content=\"Eva Hauksd\u00f3ttir\" \/>\n<meta name=\"twitter:card\" content=\"summary_large_image\" \/>\n<meta name=\"twitter:label1\" content=\"Written by\" \/>\n\t<meta name=\"twitter:data1\" content=\"\" \/>\n\t<meta name=\"twitter:label2\" content=\"Est. reading time\" \/>\n\t<meta name=\"twitter:data2\" content=\"8 minutes\" \/>\n<script type=\"application\/ld+json\" class=\"yoast-schema-graph\">{\"@context\":\"https:\\\/\\\/schema.org\",\"@graph\":[{\"@type\":\"Article\",\"@id\":\"https:\\\/\\\/www.norn.is\\\/eva\\\/2020\\\/09\\\/18\\\/katrin-jakobsdottir-eda-hermann-jonasson\\\/#article\",\"isPartOf\":{\"@id\":\"https:\\\/\\\/www.norn.is\\\/eva\\\/2020\\\/09\\\/18\\\/katrin-jakobsdottir-eda-hermann-jonasson\\\/\"},\"author\":{\"name\":\"Eva Hauksd\u00f3ttir\",\"@id\":\"https:\\\/\\\/www.norn.is\\\/eva\\\/#\\\/schema\\\/person\\\/1d9742389918a297671033a2b53d3d34\"},\"headline\":\"Katr\u00edn Jakobsd\u00f3ttir e\u00f0a Hermann J\u00f3nasson?\",\"datePublished\":\"2020-09-18T09:46:50+00:00\",\"dateModified\":\"2020-09-18T13:15:17+00:00\",\"mainEntityOfPage\":{\"@id\":\"https:\\\/\\\/www.norn.is\\\/eva\\\/2020\\\/09\\\/18\\\/katrin-jakobsdottir-eda-hermann-jonasson\\\/\"},\"wordCount\":1521,\"image\":{\"@id\":\"https:\\\/\\\/www.norn.is\\\/eva\\\/2020\\\/09\\\/18\\\/katrin-jakobsdottir-eda-hermann-jonasson\\\/#primaryimage\"},\"thumbnailUrl\":\"https:\\\/\\\/www.norn.is\\\/eva\\\/wp-content\\\/uploads\\\/sites\\\/36\\\/2020\\\/09\\\/leidtogar.jpg\",\"keywords\":[\"Br\u00e6\u00f0ralag m\u00fasl\u00edma\",\"fl\u00f3ttab\u00f6rn\",\"fl\u00f3ttaf\u00f3lk\",\"Hermann J\u00f3nasson\",\"Katr\u00edn Jakobsd\u00f3ttir\"],\"articleSection\":[\"And\u00f3f &amp; yfirvald\",\"Mann\u00fa\u00f0arm\u00e1l\",\"Vald &amp; velfer\u00f0\"],\"inLanguage\":\"is\"},{\"@type\":\"WebPage\",\"@id\":\"https:\\\/\\\/www.norn.is\\\/eva\\\/2020\\\/09\\\/18\\\/katrin-jakobsdottir-eda-hermann-jonasson\\\/\",\"url\":\"https:\\\/\\\/www.norn.is\\\/eva\\\/2020\\\/09\\\/18\\\/katrin-jakobsdottir-eda-hermann-jonasson\\\/\",\"name\":\"Katr\u00edn Jakobsd\u00f3ttir e\u00f0a Hermann J\u00f3nasson? - Eva Hauksd\u00f3ttir\",\"isPartOf\":{\"@id\":\"https:\\\/\\\/www.norn.is\\\/eva\\\/#website\"},\"primaryImageOfPage\":{\"@id\":\"https:\\\/\\\/www.norn.is\\\/eva\\\/2020\\\/09\\\/18\\\/katrin-jakobsdottir-eda-hermann-jonasson\\\/#primaryimage\"},\"image\":{\"@id\":\"https:\\\/\\\/www.norn.is\\\/eva\\\/2020\\\/09\\\/18\\\/katrin-jakobsdottir-eda-hermann-jonasson\\\/#primaryimage\"},\"thumbnailUrl\":\"https:\\\/\\\/www.norn.is\\\/eva\\\/wp-content\\\/uploads\\\/sites\\\/36\\\/2020\\\/09\\\/leidtogar.jpg\",\"datePublished\":\"2020-09-18T09:46:50+00:00\",\"dateModified\":\"2020-09-18T13:15:17+00:00\",\"author\":{\"@id\":\"https:\\\/\\\/www.norn.is\\\/eva\\\/#\\\/schema\\\/person\\\/1d9742389918a297671033a2b53d3d34\"},\"breadcrumb\":{\"@id\":\"https:\\\/\\\/www.norn.is\\\/eva\\\/2020\\\/09\\\/18\\\/katrin-jakobsdottir-eda-hermann-jonasson\\\/#breadcrumb\"},\"inLanguage\":\"is\",\"potentialAction\":[{\"@type\":\"ReadAction\",\"target\":[\"https:\\\/\\\/www.norn.is\\\/eva\\\/2020\\\/09\\\/18\\\/katrin-jakobsdottir-eda-hermann-jonasson\\\/\"]}]},{\"@type\":\"ImageObject\",\"inLanguage\":\"is\",\"@id\":\"https:\\\/\\\/www.norn.is\\\/eva\\\/2020\\\/09\\\/18\\\/katrin-jakobsdottir-eda-hermann-jonasson\\\/#primaryimage\",\"url\":\"https:\\\/\\\/www.norn.is\\\/eva\\\/wp-content\\\/uploads\\\/sites\\\/36\\\/2020\\\/09\\\/leidtogar.jpg\",\"contentUrl\":\"https:\\\/\\\/www.norn.is\\\/eva\\\/wp-content\\\/uploads\\\/sites\\\/36\\\/2020\\\/09\\\/leidtogar.jpg\",\"width\":928,\"height\":576},{\"@type\":\"BreadcrumbList\",\"@id\":\"https:\\\/\\\/www.norn.is\\\/eva\\\/2020\\\/09\\\/18\\\/katrin-jakobsdottir-eda-hermann-jonasson\\\/#breadcrumb\",\"itemListElement\":[{\"@type\":\"ListItem\",\"position\":1,\"name\":\"Home\",\"item\":\"https:\\\/\\\/www.norn.is\\\/eva\\\/\"},{\"@type\":\"ListItem\",\"position\":2,\"name\":\"Katr\u00edn Jakobsd\u00f3ttir e\u00f0a Hermann J\u00f3nasson?\"}]},{\"@type\":\"WebSite\",\"@id\":\"https:\\\/\\\/www.norn.is\\\/eva\\\/#website\",\"url\":\"https:\\\/\\\/www.norn.is\\\/eva\\\/\",\"name\":\"Eva Hauksd\u00f3ttir\",\"description\":\"Evu blogg\",\"potentialAction\":[{\"@type\":\"SearchAction\",\"target\":{\"@type\":\"EntryPoint\",\"urlTemplate\":\"https:\\\/\\\/www.norn.is\\\/eva\\\/?s={search_term_string}\"},\"query-input\":{\"@type\":\"PropertyValueSpecification\",\"valueRequired\":true,\"valueName\":\"search_term_string\"}}],\"inLanguage\":\"is\"},{\"@type\":\"Person\",\"@id\":\"https:\\\/\\\/www.norn.is\\\/eva\\\/#\\\/schema\\\/person\\\/1d9742389918a297671033a2b53d3d34\",\"name\":\"Eva Hauksd\u00f3ttir\",\"image\":{\"@type\":\"ImageObject\",\"inLanguage\":\"is\",\"@id\":\"https:\\\/\\\/secure.gravatar.com\\\/avatar\\\/3690cd9ff7436a8a5d80acdc8fcb1046fbb9e002d4b532c85080d1bcbede84ce?s=96&d=mm&r=g\",\"url\":\"https:\\\/\\\/secure.gravatar.com\\\/avatar\\\/3690cd9ff7436a8a5d80acdc8fcb1046fbb9e002d4b532c85080d1bcbede84ce?s=96&d=mm&r=g\",\"contentUrl\":\"https:\\\/\\\/secure.gravatar.com\\\/avatar\\\/3690cd9ff7436a8a5d80acdc8fcb1046fbb9e002d4b532c85080d1bcbede84ce?s=96&d=mm&r=g\",\"caption\":\"Eva Hauksd\u00f3ttir\"},\"url\":\"https:\\\/\\\/www.norn.is\\\/eva\\\/author\\\/evahauks\\\/\"}]}<\/script>\n<!-- \/ Yoast SEO plugin. -->","yoast_head_json":{"title":"Katr\u00edn Jakobsd\u00f3ttir e\u00f0a Hermann J\u00f3nasson? - Eva Hauksd\u00f3ttir","robots":{"index":"index","follow":"follow","max-snippet":"max-snippet:-1","max-image-preview":"max-image-preview:large","max-video-preview":"max-video-preview:-1"},"canonical":"https:\/\/www.norn.is\/eva\/2020\/09\/18\/katrin-jakobsdottir-eda-hermann-jonasson\/","og_locale":"is_IS","og_type":"article","og_title":"Katr\u00edn Jakobsd\u00f3ttir e\u00f0a Hermann J\u00f3nasson? - Eva Hauksd\u00f3ttir","og_description":"Einu sinni var stj\u00f3rnm\u00e1lalei\u00f0togi sem l\u00e9t \u00feessi or\u00f0 falla \u00e1 Al\u00feingi: \u00dea\u00f0 hefur veri\u00f0 sagt h\u00e9r, a\u00f0 \u00e9g hafi s\u00fdnt \u00e1kaflega mikla \u00f3bilgirni me\u00f0 \u00fev\u00ed a\u00f0 leyfa ekki austurr\u00edskum b\u00f6rnum a\u00f0 flytja hinga\u00f0 til landsins. \u00dea\u00f0 m\u00e1 n\u00e1tt\u00farlega alltaf deila um \u00fe\u00e1 hluti. En svo miki\u00f0 er v\u00edst, a\u00f0 samkv. \u00feeim uppl\u00fdsingum, sem vi\u00f0 h\u00f6fum [&hellip;]","og_url":"https:\/\/www.norn.is\/eva\/2020\/09\/18\/katrin-jakobsdottir-eda-hermann-jonasson\/","og_site_name":"Eva Hauksd\u00f3ttir","article_published_time":"2020-09-18T09:46:50+00:00","article_modified_time":"2020-09-18T13:15:17+00:00","og_image":[{"width":928,"height":576,"url":"https:\/\/www.norn.is\/eva\/wp-content\/uploads\/sites\/36\/2020\/09\/leidtogar.jpg","type":"image\/jpeg"}],"author":"Eva Hauksd\u00f3ttir","twitter_card":"summary_large_image","twitter_misc":{"Written by":false,"Est. reading time":"8 minutes"},"schema":{"@context":"https:\/\/schema.org","@graph":[{"@type":"Article","@id":"https:\/\/www.norn.is\/eva\/2020\/09\/18\/katrin-jakobsdottir-eda-hermann-jonasson\/#article","isPartOf":{"@id":"https:\/\/www.norn.is\/eva\/2020\/09\/18\/katrin-jakobsdottir-eda-hermann-jonasson\/"},"author":{"name":"Eva Hauksd\u00f3ttir","@id":"https:\/\/www.norn.is\/eva\/#\/schema\/person\/1d9742389918a297671033a2b53d3d34"},"headline":"Katr\u00edn Jakobsd\u00f3ttir e\u00f0a Hermann J\u00f3nasson?","datePublished":"2020-09-18T09:46:50+00:00","dateModified":"2020-09-18T13:15:17+00:00","mainEntityOfPage":{"@id":"https:\/\/www.norn.is\/eva\/2020\/09\/18\/katrin-jakobsdottir-eda-hermann-jonasson\/"},"wordCount":1521,"image":{"@id":"https:\/\/www.norn.is\/eva\/2020\/09\/18\/katrin-jakobsdottir-eda-hermann-jonasson\/#primaryimage"},"thumbnailUrl":"https:\/\/www.norn.is\/eva\/wp-content\/uploads\/sites\/36\/2020\/09\/leidtogar.jpg","keywords":["Br\u00e6\u00f0ralag m\u00fasl\u00edma","fl\u00f3ttab\u00f6rn","fl\u00f3ttaf\u00f3lk","Hermann J\u00f3nasson","Katr\u00edn Jakobsd\u00f3ttir"],"articleSection":["And\u00f3f &amp; yfirvald","Mann\u00fa\u00f0arm\u00e1l","Vald &amp; velfer\u00f0"],"inLanguage":"is"},{"@type":"WebPage","@id":"https:\/\/www.norn.is\/eva\/2020\/09\/18\/katrin-jakobsdottir-eda-hermann-jonasson\/","url":"https:\/\/www.norn.is\/eva\/2020\/09\/18\/katrin-jakobsdottir-eda-hermann-jonasson\/","name":"Katr\u00edn Jakobsd\u00f3ttir e\u00f0a Hermann J\u00f3nasson? - Eva Hauksd\u00f3ttir","isPartOf":{"@id":"https:\/\/www.norn.is\/eva\/#website"},"primaryImageOfPage":{"@id":"https:\/\/www.norn.is\/eva\/2020\/09\/18\/katrin-jakobsdottir-eda-hermann-jonasson\/#primaryimage"},"image":{"@id":"https:\/\/www.norn.is\/eva\/2020\/09\/18\/katrin-jakobsdottir-eda-hermann-jonasson\/#primaryimage"},"thumbnailUrl":"https:\/\/www.norn.is\/eva\/wp-content\/uploads\/sites\/36\/2020\/09\/leidtogar.jpg","datePublished":"2020-09-18T09:46:50+00:00","dateModified":"2020-09-18T13:15:17+00:00","author":{"@id":"https:\/\/www.norn.is\/eva\/#\/schema\/person\/1d9742389918a297671033a2b53d3d34"},"breadcrumb":{"@id":"https:\/\/www.norn.is\/eva\/2020\/09\/18\/katrin-jakobsdottir-eda-hermann-jonasson\/#breadcrumb"},"inLanguage":"is","potentialAction":[{"@type":"ReadAction","target":["https:\/\/www.norn.is\/eva\/2020\/09\/18\/katrin-jakobsdottir-eda-hermann-jonasson\/"]}]},{"@type":"ImageObject","inLanguage":"is","@id":"https:\/\/www.norn.is\/eva\/2020\/09\/18\/katrin-jakobsdottir-eda-hermann-jonasson\/#primaryimage","url":"https:\/\/www.norn.is\/eva\/wp-content\/uploads\/sites\/36\/2020\/09\/leidtogar.jpg","contentUrl":"https:\/\/www.norn.is\/eva\/wp-content\/uploads\/sites\/36\/2020\/09\/leidtogar.jpg","width":928,"height":576},{"@type":"BreadcrumbList","@id":"https:\/\/www.norn.is\/eva\/2020\/09\/18\/katrin-jakobsdottir-eda-hermann-jonasson\/#breadcrumb","itemListElement":[{"@type":"ListItem","position":1,"name":"Home","item":"https:\/\/www.norn.is\/eva\/"},{"@type":"ListItem","position":2,"name":"Katr\u00edn Jakobsd\u00f3ttir e\u00f0a Hermann J\u00f3nasson?"}]},{"@type":"WebSite","@id":"https:\/\/www.norn.is\/eva\/#website","url":"https:\/\/www.norn.is\/eva\/","name":"Eva Hauksd\u00f3ttir","description":"Evu blogg","potentialAction":[{"@type":"SearchAction","target":{"@type":"EntryPoint","urlTemplate":"https:\/\/www.norn.is\/eva\/?s={search_term_string}"},"query-input":{"@type":"PropertyValueSpecification","valueRequired":true,"valueName":"search_term_string"}}],"inLanguage":"is"},{"@type":"Person","@id":"https:\/\/www.norn.is\/eva\/#\/schema\/person\/1d9742389918a297671033a2b53d3d34","name":"Eva Hauksd\u00f3ttir","image":{"@type":"ImageObject","inLanguage":"is","@id":"https:\/\/secure.gravatar.com\/avatar\/3690cd9ff7436a8a5d80acdc8fcb1046fbb9e002d4b532c85080d1bcbede84ce?s=96&d=mm&r=g","url":"https:\/\/secure.gravatar.com\/avatar\/3690cd9ff7436a8a5d80acdc8fcb1046fbb9e002d4b532c85080d1bcbede84ce?s=96&d=mm&r=g","contentUrl":"https:\/\/secure.gravatar.com\/avatar\/3690cd9ff7436a8a5d80acdc8fcb1046fbb9e002d4b532c85080d1bcbede84ce?s=96&d=mm&r=g","caption":"Eva Hauksd\u00f3ttir"},"url":"https:\/\/www.norn.is\/eva\/author\/evahauks\/"}]}},"_links":{"self":[{"href":"https:\/\/www.norn.is\/eva\/wp-json\/wp\/v2\/posts\/3916","targetHints":{"allow":["GET"]}}],"collection":[{"href":"https:\/\/www.norn.is\/eva\/wp-json\/wp\/v2\/posts"}],"about":[{"href":"https:\/\/www.norn.is\/eva\/wp-json\/wp\/v2\/types\/post"}],"author":[{"embeddable":true,"href":"https:\/\/www.norn.is\/eva\/wp-json\/wp\/v2\/users\/7"}],"replies":[{"embeddable":true,"href":"https:\/\/www.norn.is\/eva\/wp-json\/wp\/v2\/comments?post=3916"}],"version-history":[{"count":18,"href":"https:\/\/www.norn.is\/eva\/wp-json\/wp\/v2\/posts\/3916\/revisions"}],"predecessor-version":[{"id":3942,"href":"https:\/\/www.norn.is\/eva\/wp-json\/wp\/v2\/posts\/3916\/revisions\/3942"}],"wp:featuredmedia":[{"embeddable":true,"href":"https:\/\/www.norn.is\/eva\/wp-json\/wp\/v2\/media\/3929"}],"wp:attachment":[{"href":"https:\/\/www.norn.is\/eva\/wp-json\/wp\/v2\/media?parent=3916"}],"wp:term":[{"taxonomy":"category","embeddable":true,"href":"https:\/\/www.norn.is\/eva\/wp-json\/wp\/v2\/categories?post=3916"},{"taxonomy":"post_tag","embeddable":true,"href":"https:\/\/www.norn.is\/eva\/wp-json\/wp\/v2\/tags?post=3916"}],"curies":[{"name":"wp","href":"https:\/\/api.w.org\/{rel}","templated":true}]}}