{"id":3816,"date":"2020-09-17T06:58:11","date_gmt":"2020-09-17T06:58:11","guid":{"rendered":"http:\/\/www.norn.is\/eva\/?p=3816"},"modified":"2020-09-17T11:02:31","modified_gmt":"2020-09-17T11:02:31","slug":"fridthjofar","status":"publish","type":"post","link":"https:\/\/www.norn.is\/eva\/2020\/09\/17\/fridthjofar\/","title":{"rendered":"Fri\u00f0\u00fej\u00f3far"},"content":{"rendered":"\n<p>M\u00e1lfarsfasismi er ekki \u00ed t\u00edsku \u00feessa dagana. \u00dea\u00f0 merkir \u00fe\u00f3 ekki a\u00f0 m\u00e1linu s\u00e9 nein h\u00e6tta b\u00fain. \u00c1 okkar t\u00edmum geta allir veri\u00f0 m\u00e1lverndarsinnar \u00fev\u00ed hin n\u00fdja m\u00e1lverndarstefna byggir \u00e1 \u00feeirri hugmynd a\u00f0 ekki s\u00e9 til r\u00e9tt e\u00f0a rangt m\u00e1l, hva\u00f0 \u00fe\u00e1 g\u00f3\u00f0 e\u00f0a vond \u00edslenska. \u00cdslenskan er, samkv\u00e6mt n\u00fd-m\u00e1lverndarstefnunni, einfaldlega \u00fea\u00f0 m\u00e1l sem tala\u00f0 er \u00ed landinu \u00e1 hverjum t\u00edma. \u00cdslenskan er allskonar og engin \u00e1st\u00e6\u00f0a til a\u00f0 setja \u00fat \u00e1 \u00fea\u00f0 \u00fe\u00f3tt m\u00e1lfar einhvers samr\u00e6mist ekki m\u00e1lkennd afturhaldsdurga. M\u00e1lvernd felst \u00f6llu heldur \u00ed \u00fev\u00ed a\u00f0 finna r\u00e9ttl\u00e6tingar \u00e1 \u00fev\u00ed sem m\u00e1lfarsfasistar kalla &#8222;m\u00e1lvillur&#8220; og \u00fatvega f\u00f3lki afsakanir fyrir a\u00f0 vanda ekki m\u00e1lfar sitt. \u00deannig mun f\u00f3lk halda \u00e1fram a\u00f0 tala \u00edslensku \u00ed sta\u00f0 \u00feess a\u00f0 taka upp ensku. Sk\u00edtt me\u00f0 \u00fea\u00f0 \u00fe\u00f3tt \u00edslenskan ver\u00f0i \u00f3\u00feekkjanleg eftir 100 \u00e1r, bara ef ver\u00f0ur enn\u00fe\u00e1 til eitthvert tungum\u00e1l sem hefur n\u00e6ga s\u00e9rst\u00f6\u00f0u til a\u00f0 h\u00e6gt s\u00e9 a\u00f0 kalla \u00fea\u00f0 \u00edslensku.<\/p>\n\n\n\n<p>H\u00e9r getur a\u00f0 l\u00edta m\u00e1ls\u00fdni \u00far <a href=\"https:\/\/www.frettabladid.is\/frettir\/eg-held-ad-vid-komum-ekki-a-morgun-i-skolann\/\" target=\"_blank\" rel=\"noreferrer noopener\">\u00fatbreiddum \u00edslenskum fj\u00f6lmi\u00f0li.<\/a> <\/p>\n\n\n\n<div class=\"wp-block-image\"><figure class=\"aligncenter size-large\"><img loading=\"lazy\" decoding=\"async\" width=\"707\" height=\"91\" src=\"http:\/\/www.norn.is\/eva\/wp-content\/uploads\/sites\/36\/2020\/09\/malsyni-1.png\" alt=\"\" class=\"wp-image-3817\" srcset=\"https:\/\/www.norn.is\/eva\/wp-content\/uploads\/sites\/36\/2020\/09\/malsyni-1.png 707w, https:\/\/www.norn.is\/eva\/wp-content\/uploads\/sites\/36\/2020\/09\/malsyni-1-300x39.png 300w\" sizes=\"auto, (max-width: 707px) 100vw, 707px\" \/><\/figure><\/div>\n\n\n\n<p>Sem m\u00e1lfarsfasisti myndi \u00e9g tala um &#8222;beygingarvillu&#8220;, reikna me\u00f0 a\u00f0 bla\u00f0ama\u00f0urinn hafi ekki \u00e6tla\u00f0 a\u00f0 taka upp n\u00fdja beygingu heldur gert mist\u00f6k og leggja til a\u00f0 mi\u00f0illinn r\u00e1\u00f0i pr\u00f3farkarlesara. Sem n\u00fd-m\u00e1lverndarsinni reikna \u00e9g me\u00f0 a\u00f0 \u00feetta s\u00e9 framlag bla\u00f0amannsins til e\u00f0lilegrar m\u00e1l\u00fer\u00f3unar. \u00de\u00e1 bendi \u00e9g \u00e1 a\u00f0 nokkur n\u00f6fn, t.d. Sigur\u00f0ur og Magn\u00fas, hafa tvennskonar eignarfall. Vinkona m\u00edn er Sigur\u00f0ard\u00f3ttir en albr\u00f3\u00f0ir hennar Sigur\u00f0sson. Af hverju ekki alveg eins Fri\u00f0\u00fej\u00f3far eins og Sigur\u00f0ar e\u00f0a Magn\u00fasar? <\/p>\n\n\n\n<p>Sem m\u00e1lfarsfasisti sting \u00e9g upp \u00e1 \u00fev\u00ed a\u00f0 \u00feeir Fri\u00f0\u00fej\u00f3far sem \u00e1l\u00edta sig konur beygi nafn sitt \u00e1 sama h\u00e1tt og Ingileif, \u00fe.e. Fri\u00f0\u00fej\u00f3f &#8211; Fri\u00f0\u00fej\u00f3f(u) &#8211; Fri\u00f0\u00fej\u00f3f(u) &#8211; Fri\u00f0\u00fej\u00f3far en a\u00f0 bla\u00f0amenn og a\u00f0rir \u00e1hrifavaldar beygi karlkynsafbrig\u00f0i nafnsins me\u00f0 hef\u00f0bundnum h\u00e6tti. Sem n\u00fd-m\u00e1lverndarsinni mun \u00e9g hvetja son minn til a\u00f0 skr\u00e1 nafn sitt Hilmararson.<\/p>\n\n\n\n<h3 class=\"wp-block-heading\"><br><span style=\"color:#dcbb4e\" class=\"has-inline-color\">\u00deessu tengt:<\/span><\/h3>\n\n\n<div class=\"vlp-link-container vlp-layout-basic wp-block-visual-link-preview-link\"><a href=\"https:\/\/www.norn.is\/eva\/2020\/09\/15\/malvernd-i-thagu-felagslegs-jafnrettis\/\" class=\"vlp-link\" title=\"M\u00e1lvernd \u00ed \u00fe\u00e1gu f\u00e9lagslegs jafnr\u00e9ttis\"><\/a><div class=\"vlp-layout-zone-side\"><div class=\"vlp-block-2 vlp-link-image\"><img loading=\"lazy\" decoding=\"async\" style=\"max-width: 150px;\" width=\"150\" height=\"82\" src=\"https:\/\/www.norn.is\/eva\/wp-content\/uploads\/sites\/36\/2020\/09\/SCRABBLE01-810x445-1.jpg\" class=\"attachment-150x999 size-150x999\" alt=\"\" srcset=\"https:\/\/www.norn.is\/eva\/wp-content\/uploads\/sites\/36\/2020\/09\/SCRABBLE01-810x445-1.jpg 810w, https:\/\/www.norn.is\/eva\/wp-content\/uploads\/sites\/36\/2020\/09\/SCRABBLE01-810x445-1-300x165.jpg 300w, https:\/\/www.norn.is\/eva\/wp-content\/uploads\/sites\/36\/2020\/09\/SCRABBLE01-810x445-1-768x422.jpg 768w\" sizes=\"auto, (max-width: 150px) 100vw, 150px\" \/><\/div><\/div><div class=\"vlp-layout-zone-main\"><div class=\"vlp-block-0 vlp-link-title\">M\u00e1lvernd \u00ed \u00fe\u00e1gu f\u00e9lagslegs jafnr\u00e9ttis<\/div><div class=\"vlp-block-1 vlp-link-summary\">Tungum\u00e1l breytast \u00ed t\u00edmans r\u00e1s, \u00fea\u00f0 er sta\u00f0reynd sem ver\u00f0ur ekki umfl\u00fain. Og \u00fea\u00f0 er alveg r\u00e9tt hj\u00e1 honum Eir\u00edki R\u00f6gnvaldssyni a\u00f0 \u00fea\u00f0 \u00fej\u00f3nar engri m\u00e1lverndarstefnu a\u00f0 \u00fej\u00f6snast \u00e1 f\u00f3lki vegna m\u00e1lfars \u00feess. [&hellip;]<\/div><\/div><\/div>","protected":false},"excerpt":{"rendered":"<p>M\u00e1lfarsfasismi er ekki \u00ed t\u00edsku \u00feessa dagana. \u00dea\u00f0 merkir \u00fe\u00f3 ekki a\u00f0 m\u00e1linu s\u00e9 nein h\u00e6tta b\u00fain. \u00c1 okkar t\u00edmum geta allir veri\u00f0 m\u00e1lverndarsinnar \u00fev\u00ed hin n\u00fdja m\u00e1lverndarstefna byggir \u00e1 \u00feeirri hugmynd a\u00f0 ekki s\u00e9 til r\u00e9tt e\u00f0a rangt m\u00e1l, hva\u00f0 \u00fe\u00e1 g\u00f3\u00f0 e\u00f0a vond \u00edslenska. \u00cdslenskan er, samkv\u00e6mt n\u00fd-m\u00e1lverndarstefnunni, einfaldlega \u00fea\u00f0 m\u00e1l sem tala\u00f0 [&hellip;]<\/p>\n","protected":false},"author":7,"featured_media":3898,"comment_status":"closed","ping_status":"open","sticky":false,"template":"","format":"standard","meta":{"_et_pb_use_builder":"","_et_pb_old_content":"","_et_gb_content_width":"","footnotes":""},"categories":[183],"tags":[770,769],"class_list":["post-3816","post","type-post","status-publish","format-standard","has-post-thumbnail","hentry","category-islenskt-mal","tag-malfarsfasismi","tag-ny-malverndarstefna","et-has-post-format-content","et_post_format-et-post-format-standard"],"yoast_head":"<!-- This site is optimized with the Yoast SEO plugin v27.4 - https:\/\/yoast.com\/product\/yoast-seo-wordpress\/ -->\n<title>Fri\u00f0\u00fej\u00f3far - Eva Hauksd\u00f3ttir<\/title>\n<meta name=\"robots\" content=\"index, follow, max-snippet:-1, max-image-preview:large, max-video-preview:-1\" \/>\n<link rel=\"canonical\" href=\"https:\/\/www.norn.is\/eva\/2020\/09\/17\/fridthjofar\/\" \/>\n<meta property=\"og:locale\" content=\"is_IS\" \/>\n<meta property=\"og:type\" content=\"article\" \/>\n<meta property=\"og:title\" content=\"Fri\u00f0\u00fej\u00f3far - Eva Hauksd\u00f3ttir\" \/>\n<meta property=\"og:description\" content=\"M\u00e1lfarsfasismi er ekki \u00ed t\u00edsku \u00feessa dagana. \u00dea\u00f0 merkir \u00fe\u00f3 ekki a\u00f0 m\u00e1linu s\u00e9 nein h\u00e6tta b\u00fain. \u00c1 okkar t\u00edmum geta allir veri\u00f0 m\u00e1lverndarsinnar \u00fev\u00ed hin n\u00fdja m\u00e1lverndarstefna byggir \u00e1 \u00feeirri hugmynd a\u00f0 ekki s\u00e9 til r\u00e9tt e\u00f0a rangt m\u00e1l, hva\u00f0 \u00fe\u00e1 g\u00f3\u00f0 e\u00f0a vond \u00edslenska. \u00cdslenskan er, samkv\u00e6mt n\u00fd-m\u00e1lverndarstefnunni, einfaldlega \u00fea\u00f0 m\u00e1l sem tala\u00f0 [&hellip;]\" \/>\n<meta property=\"og:url\" content=\"https:\/\/www.norn.is\/eva\/2020\/09\/17\/fridthjofar\/\" \/>\n<meta property=\"og:site_name\" content=\"Eva Hauksd\u00f3ttir\" \/>\n<meta property=\"article:published_time\" content=\"2020-09-17T06:58:11+00:00\" \/>\n<meta property=\"article:modified_time\" content=\"2020-09-17T11:02:31+00:00\" \/>\n<meta property=\"og:image\" content=\"https:\/\/www.norn.is\/eva\/wp-content\/uploads\/sites\/36\/2020\/09\/fridth2-1-1024x504.png\" \/>\n\t<meta property=\"og:image:width\" content=\"1024\" \/>\n\t<meta property=\"og:image:height\" content=\"504\" \/>\n\t<meta property=\"og:image:type\" content=\"image\/png\" \/>\n<meta name=\"author\" content=\"Eva Hauksd\u00f3ttir\" \/>\n<meta name=\"twitter:card\" content=\"summary_large_image\" \/>\n<meta name=\"twitter:label1\" content=\"Written by\" \/>\n\t<meta name=\"twitter:data1\" content=\"\" \/>\n\t<meta name=\"twitter:label2\" content=\"Est. reading time\" \/>\n\t<meta name=\"twitter:data2\" content=\"2 minutes\" \/>\n<script type=\"application\/ld+json\" class=\"yoast-schema-graph\">{\"@context\":\"https:\\\/\\\/schema.org\",\"@graph\":[{\"@type\":\"Article\",\"@id\":\"https:\\\/\\\/www.norn.is\\\/eva\\\/2020\\\/09\\\/17\\\/fridthjofar\\\/#article\",\"isPartOf\":{\"@id\":\"https:\\\/\\\/www.norn.is\\\/eva\\\/2020\\\/09\\\/17\\\/fridthjofar\\\/\"},\"author\":{\"name\":\"Eva Hauksd\u00f3ttir\",\"@id\":\"https:\\\/\\\/www.norn.is\\\/eva\\\/#\\\/schema\\\/person\\\/1d9742389918a297671033a2b53d3d34\"},\"headline\":\"Fri\u00f0\u00fej\u00f3far\",\"datePublished\":\"2020-09-17T06:58:11+00:00\",\"dateModified\":\"2020-09-17T11:02:31+00:00\",\"mainEntityOfPage\":{\"@id\":\"https:\\\/\\\/www.norn.is\\\/eva\\\/2020\\\/09\\\/17\\\/fridthjofar\\\/\"},\"wordCount\":425,\"image\":{\"@id\":\"https:\\\/\\\/www.norn.is\\\/eva\\\/2020\\\/09\\\/17\\\/fridthjofar\\\/#primaryimage\"},\"thumbnailUrl\":\"https:\\\/\\\/www.norn.is\\\/eva\\\/wp-content\\\/uploads\\\/sites\\\/36\\\/2020\\\/09\\\/fridth2-1.png\",\"keywords\":[\"m\u00e1lfarsfasismi\",\"n\u00fd-m\u00e1lverndarstefna\"],\"articleSection\":[\"\u00cdslenskt m\u00e1l\"],\"inLanguage\":\"is\"},{\"@type\":\"WebPage\",\"@id\":\"https:\\\/\\\/www.norn.is\\\/eva\\\/2020\\\/09\\\/17\\\/fridthjofar\\\/\",\"url\":\"https:\\\/\\\/www.norn.is\\\/eva\\\/2020\\\/09\\\/17\\\/fridthjofar\\\/\",\"name\":\"Fri\u00f0\u00fej\u00f3far - Eva Hauksd\u00f3ttir\",\"isPartOf\":{\"@id\":\"https:\\\/\\\/www.norn.is\\\/eva\\\/#website\"},\"primaryImageOfPage\":{\"@id\":\"https:\\\/\\\/www.norn.is\\\/eva\\\/2020\\\/09\\\/17\\\/fridthjofar\\\/#primaryimage\"},\"image\":{\"@id\":\"https:\\\/\\\/www.norn.is\\\/eva\\\/2020\\\/09\\\/17\\\/fridthjofar\\\/#primaryimage\"},\"thumbnailUrl\":\"https:\\\/\\\/www.norn.is\\\/eva\\\/wp-content\\\/uploads\\\/sites\\\/36\\\/2020\\\/09\\\/fridth2-1.png\",\"datePublished\":\"2020-09-17T06:58:11+00:00\",\"dateModified\":\"2020-09-17T11:02:31+00:00\",\"author\":{\"@id\":\"https:\\\/\\\/www.norn.is\\\/eva\\\/#\\\/schema\\\/person\\\/1d9742389918a297671033a2b53d3d34\"},\"breadcrumb\":{\"@id\":\"https:\\\/\\\/www.norn.is\\\/eva\\\/2020\\\/09\\\/17\\\/fridthjofar\\\/#breadcrumb\"},\"inLanguage\":\"is\",\"potentialAction\":[{\"@type\":\"ReadAction\",\"target\":[\"https:\\\/\\\/www.norn.is\\\/eva\\\/2020\\\/09\\\/17\\\/fridthjofar\\\/\"]}]},{\"@type\":\"ImageObject\",\"inLanguage\":\"is\",\"@id\":\"https:\\\/\\\/www.norn.is\\\/eva\\\/2020\\\/09\\\/17\\\/fridthjofar\\\/#primaryimage\",\"url\":\"https:\\\/\\\/www.norn.is\\\/eva\\\/wp-content\\\/uploads\\\/sites\\\/36\\\/2020\\\/09\\\/fridth2-1.png\",\"contentUrl\":\"https:\\\/\\\/www.norn.is\\\/eva\\\/wp-content\\\/uploads\\\/sites\\\/36\\\/2020\\\/09\\\/fridth2-1.png\",\"width\":3000,\"height\":1478},{\"@type\":\"BreadcrumbList\",\"@id\":\"https:\\\/\\\/www.norn.is\\\/eva\\\/2020\\\/09\\\/17\\\/fridthjofar\\\/#breadcrumb\",\"itemListElement\":[{\"@type\":\"ListItem\",\"position\":1,\"name\":\"Home\",\"item\":\"https:\\\/\\\/www.norn.is\\\/eva\\\/\"},{\"@type\":\"ListItem\",\"position\":2,\"name\":\"Fri\u00f0\u00fej\u00f3far\"}]},{\"@type\":\"WebSite\",\"@id\":\"https:\\\/\\\/www.norn.is\\\/eva\\\/#website\",\"url\":\"https:\\\/\\\/www.norn.is\\\/eva\\\/\",\"name\":\"Eva Hauksd\u00f3ttir\",\"description\":\"Evu blogg\",\"potentialAction\":[{\"@type\":\"SearchAction\",\"target\":{\"@type\":\"EntryPoint\",\"urlTemplate\":\"https:\\\/\\\/www.norn.is\\\/eva\\\/?s={search_term_string}\"},\"query-input\":{\"@type\":\"PropertyValueSpecification\",\"valueRequired\":true,\"valueName\":\"search_term_string\"}}],\"inLanguage\":\"is\"},{\"@type\":\"Person\",\"@id\":\"https:\\\/\\\/www.norn.is\\\/eva\\\/#\\\/schema\\\/person\\\/1d9742389918a297671033a2b53d3d34\",\"name\":\"Eva Hauksd\u00f3ttir\",\"image\":{\"@type\":\"ImageObject\",\"inLanguage\":\"is\",\"@id\":\"https:\\\/\\\/secure.gravatar.com\\\/avatar\\\/3690cd9ff7436a8a5d80acdc8fcb1046fbb9e002d4b532c85080d1bcbede84ce?s=96&d=mm&r=g\",\"url\":\"https:\\\/\\\/secure.gravatar.com\\\/avatar\\\/3690cd9ff7436a8a5d80acdc8fcb1046fbb9e002d4b532c85080d1bcbede84ce?s=96&d=mm&r=g\",\"contentUrl\":\"https:\\\/\\\/secure.gravatar.com\\\/avatar\\\/3690cd9ff7436a8a5d80acdc8fcb1046fbb9e002d4b532c85080d1bcbede84ce?s=96&d=mm&r=g\",\"caption\":\"Eva Hauksd\u00f3ttir\"},\"url\":\"https:\\\/\\\/www.norn.is\\\/eva\\\/author\\\/evahauks\\\/\"}]}<\/script>\n<!-- \/ Yoast SEO plugin. -->","yoast_head_json":{"title":"Fri\u00f0\u00fej\u00f3far - Eva Hauksd\u00f3ttir","robots":{"index":"index","follow":"follow","max-snippet":"max-snippet:-1","max-image-preview":"max-image-preview:large","max-video-preview":"max-video-preview:-1"},"canonical":"https:\/\/www.norn.is\/eva\/2020\/09\/17\/fridthjofar\/","og_locale":"is_IS","og_type":"article","og_title":"Fri\u00f0\u00fej\u00f3far - Eva Hauksd\u00f3ttir","og_description":"M\u00e1lfarsfasismi er ekki \u00ed t\u00edsku \u00feessa dagana. \u00dea\u00f0 merkir \u00fe\u00f3 ekki a\u00f0 m\u00e1linu s\u00e9 nein h\u00e6tta b\u00fain. \u00c1 okkar t\u00edmum geta allir veri\u00f0 m\u00e1lverndarsinnar \u00fev\u00ed hin n\u00fdja m\u00e1lverndarstefna byggir \u00e1 \u00feeirri hugmynd a\u00f0 ekki s\u00e9 til r\u00e9tt e\u00f0a rangt m\u00e1l, hva\u00f0 \u00fe\u00e1 g\u00f3\u00f0 e\u00f0a vond \u00edslenska. \u00cdslenskan er, samkv\u00e6mt n\u00fd-m\u00e1lverndarstefnunni, einfaldlega \u00fea\u00f0 m\u00e1l sem tala\u00f0 [&hellip;]","og_url":"https:\/\/www.norn.is\/eva\/2020\/09\/17\/fridthjofar\/","og_site_name":"Eva Hauksd\u00f3ttir","article_published_time":"2020-09-17T06:58:11+00:00","article_modified_time":"2020-09-17T11:02:31+00:00","og_image":[{"width":1024,"height":504,"url":"https:\/\/www.norn.is\/eva\/wp-content\/uploads\/sites\/36\/2020\/09\/fridth2-1-1024x504.png","type":"image\/png"}],"author":"Eva Hauksd\u00f3ttir","twitter_card":"summary_large_image","twitter_misc":{"Written by":false,"Est. reading time":"2 minutes"},"schema":{"@context":"https:\/\/schema.org","@graph":[{"@type":"Article","@id":"https:\/\/www.norn.is\/eva\/2020\/09\/17\/fridthjofar\/#article","isPartOf":{"@id":"https:\/\/www.norn.is\/eva\/2020\/09\/17\/fridthjofar\/"},"author":{"name":"Eva Hauksd\u00f3ttir","@id":"https:\/\/www.norn.is\/eva\/#\/schema\/person\/1d9742389918a297671033a2b53d3d34"},"headline":"Fri\u00f0\u00fej\u00f3far","datePublished":"2020-09-17T06:58:11+00:00","dateModified":"2020-09-17T11:02:31+00:00","mainEntityOfPage":{"@id":"https:\/\/www.norn.is\/eva\/2020\/09\/17\/fridthjofar\/"},"wordCount":425,"image":{"@id":"https:\/\/www.norn.is\/eva\/2020\/09\/17\/fridthjofar\/#primaryimage"},"thumbnailUrl":"https:\/\/www.norn.is\/eva\/wp-content\/uploads\/sites\/36\/2020\/09\/fridth2-1.png","keywords":["m\u00e1lfarsfasismi","n\u00fd-m\u00e1lverndarstefna"],"articleSection":["\u00cdslenskt m\u00e1l"],"inLanguage":"is"},{"@type":"WebPage","@id":"https:\/\/www.norn.is\/eva\/2020\/09\/17\/fridthjofar\/","url":"https:\/\/www.norn.is\/eva\/2020\/09\/17\/fridthjofar\/","name":"Fri\u00f0\u00fej\u00f3far - Eva Hauksd\u00f3ttir","isPartOf":{"@id":"https:\/\/www.norn.is\/eva\/#website"},"primaryImageOfPage":{"@id":"https:\/\/www.norn.is\/eva\/2020\/09\/17\/fridthjofar\/#primaryimage"},"image":{"@id":"https:\/\/www.norn.is\/eva\/2020\/09\/17\/fridthjofar\/#primaryimage"},"thumbnailUrl":"https:\/\/www.norn.is\/eva\/wp-content\/uploads\/sites\/36\/2020\/09\/fridth2-1.png","datePublished":"2020-09-17T06:58:11+00:00","dateModified":"2020-09-17T11:02:31+00:00","author":{"@id":"https:\/\/www.norn.is\/eva\/#\/schema\/person\/1d9742389918a297671033a2b53d3d34"},"breadcrumb":{"@id":"https:\/\/www.norn.is\/eva\/2020\/09\/17\/fridthjofar\/#breadcrumb"},"inLanguage":"is","potentialAction":[{"@type":"ReadAction","target":["https:\/\/www.norn.is\/eva\/2020\/09\/17\/fridthjofar\/"]}]},{"@type":"ImageObject","inLanguage":"is","@id":"https:\/\/www.norn.is\/eva\/2020\/09\/17\/fridthjofar\/#primaryimage","url":"https:\/\/www.norn.is\/eva\/wp-content\/uploads\/sites\/36\/2020\/09\/fridth2-1.png","contentUrl":"https:\/\/www.norn.is\/eva\/wp-content\/uploads\/sites\/36\/2020\/09\/fridth2-1.png","width":3000,"height":1478},{"@type":"BreadcrumbList","@id":"https:\/\/www.norn.is\/eva\/2020\/09\/17\/fridthjofar\/#breadcrumb","itemListElement":[{"@type":"ListItem","position":1,"name":"Home","item":"https:\/\/www.norn.is\/eva\/"},{"@type":"ListItem","position":2,"name":"Fri\u00f0\u00fej\u00f3far"}]},{"@type":"WebSite","@id":"https:\/\/www.norn.is\/eva\/#website","url":"https:\/\/www.norn.is\/eva\/","name":"Eva Hauksd\u00f3ttir","description":"Evu blogg","potentialAction":[{"@type":"SearchAction","target":{"@type":"EntryPoint","urlTemplate":"https:\/\/www.norn.is\/eva\/?s={search_term_string}"},"query-input":{"@type":"PropertyValueSpecification","valueRequired":true,"valueName":"search_term_string"}}],"inLanguage":"is"},{"@type":"Person","@id":"https:\/\/www.norn.is\/eva\/#\/schema\/person\/1d9742389918a297671033a2b53d3d34","name":"Eva Hauksd\u00f3ttir","image":{"@type":"ImageObject","inLanguage":"is","@id":"https:\/\/secure.gravatar.com\/avatar\/3690cd9ff7436a8a5d80acdc8fcb1046fbb9e002d4b532c85080d1bcbede84ce?s=96&d=mm&r=g","url":"https:\/\/secure.gravatar.com\/avatar\/3690cd9ff7436a8a5d80acdc8fcb1046fbb9e002d4b532c85080d1bcbede84ce?s=96&d=mm&r=g","contentUrl":"https:\/\/secure.gravatar.com\/avatar\/3690cd9ff7436a8a5d80acdc8fcb1046fbb9e002d4b532c85080d1bcbede84ce?s=96&d=mm&r=g","caption":"Eva Hauksd\u00f3ttir"},"url":"https:\/\/www.norn.is\/eva\/author\/evahauks\/"}]}},"_links":{"self":[{"href":"https:\/\/www.norn.is\/eva\/wp-json\/wp\/v2\/posts\/3816","targetHints":{"allow":["GET"]}}],"collection":[{"href":"https:\/\/www.norn.is\/eva\/wp-json\/wp\/v2\/posts"}],"about":[{"href":"https:\/\/www.norn.is\/eva\/wp-json\/wp\/v2\/types\/post"}],"author":[{"embeddable":true,"href":"https:\/\/www.norn.is\/eva\/wp-json\/wp\/v2\/users\/7"}],"replies":[{"embeddable":true,"href":"https:\/\/www.norn.is\/eva\/wp-json\/wp\/v2\/comments?post=3816"}],"version-history":[{"count":11,"href":"https:\/\/www.norn.is\/eva\/wp-json\/wp\/v2\/posts\/3816\/revisions"}],"predecessor-version":[{"id":3915,"href":"https:\/\/www.norn.is\/eva\/wp-json\/wp\/v2\/posts\/3816\/revisions\/3915"}],"wp:featuredmedia":[{"embeddable":true,"href":"https:\/\/www.norn.is\/eva\/wp-json\/wp\/v2\/media\/3898"}],"wp:attachment":[{"href":"https:\/\/www.norn.is\/eva\/wp-json\/wp\/v2\/media?parent=3816"}],"wp:term":[{"taxonomy":"category","embeddable":true,"href":"https:\/\/www.norn.is\/eva\/wp-json\/wp\/v2\/categories?post=3816"},{"taxonomy":"post_tag","embeddable":true,"href":"https:\/\/www.norn.is\/eva\/wp-json\/wp\/v2\/tags?post=3816"}],"curies":[{"name":"wp","href":"https:\/\/api.w.org\/{rel}","templated":true}]}}