{"id":3625,"date":"2020-08-29T09:15:52","date_gmt":"2020-08-29T09:15:52","guid":{"rendered":"http:\/\/www.norn.is\/eva\/?p=3625"},"modified":"2020-09-16T09:01:11","modified_gmt":"2020-09-16T09:01:11","slug":"mannrettindasamtok-radast-gegn-tjaningarfrelsi","status":"publish","type":"post","link":"https:\/\/www.norn.is\/eva\/2020\/08\/29\/mannrettindasamtok-radast-gegn-tjaningarfrelsi\/","title":{"rendered":"Mannr\u00e9ttindasamt\u00f6k r\u00e1\u00f0ast gegn tj\u00e1ningarfrelsi"},"content":{"rendered":"\n<p>J.K. Rowling hefur \u00e1kve\u00f0i\u00f0 a\u00f0 <a rel=\"noreferrer noopener\" href=\"https:\/\/www.eonline.com\/news\/1183069\/j-k-rowling-returns-award-after-kerry-kennedy-says-shes-disappointed-by-transphobic-remarks\" target=\"_blank\">skila ver\u00f0launum<\/a> sem mannr\u00e9ttindasamt\u00f6k kennd vi\u00f0 Robert F. Kennedy veittu henni desember 2019 fyrir g\u00f3\u00f0ger\u00f0arstarf \u00ed \u00fe\u00e1gu f\u00e1t\u00e6kra og muna\u00f0arlausra barna. \u00c1st\u00e6\u00f0an fyrir \u00feessari \u00e1kv\u00f6r\u00f0un er tilraun formanns samtakanna, Kerry Kennedy, til sko\u00f0anak\u00fagunar.<\/p>\n\n\n\n<p>Forma\u00f0urinn sendi n\u00fdlega fr\u00e1 s\u00e9r, \u00ed nafni samtakanna, <a href=\"https:\/\/rfkhumanrights.org\/news\/a-statement-from-kerry-kennedy-president-of-robert-f-kennedy-human-rights\" target=\"_blank\" rel=\"noreferrer noopener\">yfirl\u00fdsingu<\/a> \u00fear sem h\u00fan atyrti Rowling fyrir sko\u00f0anir hennar \u00e1 m\u00e1lefnum transf\u00f3lks og meintar \u00e1r\u00e1sir \u00e1 transf\u00f3lk. Rowling  segist ekkert hafa \u00e1 m\u00f3ti transf\u00f3lki en a\u00f0 h\u00fan hafi \u00e1hyggjur af \u00fev\u00ed \u00f3heft frelsi til a\u00f0 skilgreina kyn sitt \u00e1n \u00edhlutunar hins opinbera kunni a\u00f0 ver\u00f0a misnota\u00f0 og lei\u00f0a til enn meiri h\u00f6rmunga fyrir b\u00f6rn me\u00f0 kyn\u00e1ttunarvanda. H\u00fan hefur einnig haldi\u00f0 \u00fev\u00ed fram a\u00f0 til s\u00e9u tv\u00f6 l\u00edffr\u00e6\u00f0ileg kyn, karlkyn og kvenkyn og telur \u00f3\u00fearfa n\u00e6rg\u00e6tni vi\u00f0 transf\u00f3lk a\u00f0 for\u00f0ast a\u00f0 nota or\u00f0in karl og kona. Mannr\u00e9ttindasamt\u00f6k Roberts Kennedy geta ekki fellt sig vi\u00f0 a\u00f0 ver\u00f0launahafi \u00e1l\u00edti a\u00f0 kynin s\u00e9u tv\u00f6 enda segir forma\u00f0urinn \u00fea\u00f0 v\u00edsindalega sanna\u00f0 a\u00f0 ekki s\u00e9u til a\u00f0eins tv\u00f6 l\u00edffr\u00e6\u00f0ileg kyn. Reyndar er langt fr\u00e1 \u00fev\u00ed a\u00f0 einhugur r\u00edki um \u00fe\u00e1 sko\u00f0un me\u00f0al v\u00edsindamanna a\u00f0 kynin s\u00e9u ekki tv\u00f6. S\u00fa hugmynd stangast jafnframt \u00e1 vi\u00f0 reynslu yfirgn\u00e6fandi meirihluta f\u00f3lks. Hinga\u00f0 til hafa flestir tali\u00f0 f\u00f3lk sem ekki fellur \u00ed annan flokkinn sjaldg\u00e6f fr\u00e1vik og f\u00e1ir lenda \u00ed vandr\u00e6\u00f0um me\u00f0 a\u00f0 segja til um kyn sitt e\u00f0a telja kynfer\u00f0i sitt \u00ed \u00f3samr\u00e6mi vi\u00f0 kynf\u00e6ri s\u00edn og horm\u00f3nab\u00faskap l\u00edkamans. <\/p>\n\n\n\n<p>\u00c1kv\u00f6r\u00f0un Rowling er h\u00e1r\u00e9tt. \u00dea\u00f0 er svivir\u00f0ilegt a\u00f0 ver\u00f0laun og vi\u00f0urkenningar s\u00e9u notu\u00f0 til \u00feess a\u00f0 b\u00e6la ni\u00f0ur frj\u00e1ls sko\u00f0anaskipti og Rowling er jafn mikill velgj\u00f6r\u00f0ama\u00f0ur barna \u00fe\u00f3tt sko\u00f0anir hennar \u00e1 kynjap\u00f3lit\u00edk fari fyrir brj\u00f3sti\u00f0 \u00e1 Kerry Kennedy. Rowling \u00fearf ekki vi\u00f0urkenningar fr\u00e1 k\u00fagunarsamt\u00f6kum til a\u00f0 vekja athygli \u00e1 \u00feeim m\u00e1lefnum sem h\u00fan sty\u00f0ur og \u00fev\u00ed s\u00ed\u00f0ur sj\u00e1lfri s\u00e9r.<\/p>\n\n\n\n<p>\u00dea\u00f0 er \u00ed meira lagi kaldh\u00e6\u00f0nislegt a\u00f0 mannnr\u00e9ttindasamt\u00f6k skuli sn\u00faast svona gegn tj\u00e1ningarfrelsinu, \u00feeim mannr\u00e9ttindum sem eru mikilv\u00e6gasta undirsta\u00f0a \u00feess l\u00fd\u00f0r\u00e6\u00f0is og \u00feeirrar uppl\u00fdsingar sem gera \u00f6nnur mannr\u00e9ttindi m\u00f6guleg. \u00deeir sem telja  tj\u00e1ningarfrelsi\u00f0 einhvers vir\u00f0i \u00e6ttu framvegis a\u00f0 af\u00feakka vi\u00f0urkenningar fr\u00e1 samt\u00f6kum og stofnunum sem misnota a\u00f0st\u00f6\u00f0u s\u00edna \u00e1 \u00feann  h\u00e1tt sem forma\u00f0ur Robert Kennedy samtakanna hefur n\u00fa gert.  <\/p>\n\n\n\n<p><em>Mynd: Kerry Kennedy afhendir J.K. Rowling ver\u00f0launin \u00feann 12. desember 2019.&nbsp;(Bennett Raglin\/Getty Images)<\/em><\/p>\n\n\n\n<h3 class=\"wp-block-heading\"><span style=\"color:#dcbb4e\" class=\"has-inline-color\">\u00deessu tengt:<\/span><\/h3>\n\n\n<div class=\"vlp-link-container vlp-layout-basic wp-block-visual-link-preview-link\"><a href=\"https:\/\/www.norn.is\/eva\/2020\/06\/11\/j-k-rowling-um-afstodu-sina-til-transfolks-og-tungumals\/\" class=\"vlp-link\" title=\"J.K. Rowling um afst\u00f6\u00f0u s\u00edna til transf\u00f3lks og tungum\u00e1ls\"><\/a><div class=\"vlp-layout-zone-side\"><div class=\"vlp-block-2 vlp-link-image\"><img loading=\"lazy\" decoding=\"async\" style=\"max-width: 150px;\" width=\"150\" height=\"94\" src=\"https:\/\/www.norn.is\/eva\/wp-content\/uploads\/sites\/36\/2020\/06\/\u00cdomha_J.K._Rowling.jpg\" class=\"attachment-150x999 size-150x999\" alt=\"\" srcset=\"https:\/\/www.norn.is\/eva\/wp-content\/uploads\/sites\/36\/2020\/06\/\u00cdomha_J.K._Rowling.jpg 700w, https:\/\/www.norn.is\/eva\/wp-content\/uploads\/sites\/36\/2020\/06\/\u00cdomha_J.K._Rowling-300x188.jpg 300w, https:\/\/www.norn.is\/eva\/wp-content\/uploads\/sites\/36\/2020\/06\/\u00cdomha_J.K._Rowling-400x250.jpg 400w\" sizes=\"auto, (max-width: 150px) 100vw, 150px\" \/><\/div><\/div><div class=\"vlp-layout-zone-main\"><div class=\"vlp-block-0 vlp-link-title\">J.K. Rowling um afst\u00f6\u00f0u s\u00edna til transf\u00f3lks og tungum\u00e1ls<\/div><div class=\"vlp-block-1 vlp-link-summary\">Rith\u00f6fundurinn J.K. Rowling birti \u00ed g\u00e6r grein \u00fear sem h\u00fan sk\u00fdrir afst\u00f6\u00f0u s\u00edna til transf\u00f3lks og \u00feess hvernig tungum\u00e1li\u00f0 er nota\u00f0 \u00ed tengslum vi\u00f0 kyn og kyngervi. [&hellip;]<\/div><\/div><\/div>","protected":false},"excerpt":{"rendered":"<p>J.K. Rowling hefur \u00e1kve\u00f0i\u00f0 a\u00f0 skila ver\u00f0launum sem mannr\u00e9ttindasamt\u00f6k kennd vi\u00f0 Robert F. Kennedy veittu henni desember 2019 fyrir g\u00f3\u00f0ger\u00f0arstarf \u00ed \u00fe\u00e1gu f\u00e1t\u00e6kra og muna\u00f0arlausra barna. \u00c1st\u00e6\u00f0an fyrir \u00feessari \u00e1kv\u00f6r\u00f0un er tilraun formanns samtakanna, Kerry Kennedy, til sko\u00f0anak\u00fagunar. Forma\u00f0urinn sendi n\u00fdlega fr\u00e1 s\u00e9r, \u00ed nafni samtakanna, yfirl\u00fdsingu \u00fear sem h\u00fan atyrti Rowling fyrir sko\u00f0anir hennar [&hellip;]<\/p>\n","protected":false},"author":7,"featured_media":3627,"comment_status":"closed","ping_status":"open","sticky":false,"template":"","format":"standard","meta":{"_et_pb_use_builder":"","_et_pb_old_content":"","_et_gb_content_width":"","footnotes":""},"categories":[495,197],"tags":[734,733,92,7,605],"class_list":["post-3625","post","type-post","status-publish","format-standard","has-post-thumbnail","hentry","category-frettir-frettaskyringar","category-vald-velferd","tag-mannrettindasamtok","tag-rowling","tag-tjaningarfrelsi","tag-transfolk","tag-thoggun","et-has-post-format-content","et_post_format-et-post-format-standard"],"yoast_head":"<!-- This site is optimized with the Yoast SEO plugin v27.5 - https:\/\/yoast.com\/product\/yoast-seo-wordpress\/ -->\n<title>Mannr\u00e9ttindasamt\u00f6k r\u00e1\u00f0ast gegn tj\u00e1ningarfrelsi - Eva Hauksd\u00f3ttir<\/title>\n<meta name=\"robots\" content=\"index, follow, max-snippet:-1, max-image-preview:large, max-video-preview:-1\" \/>\n<link rel=\"canonical\" href=\"https:\/\/www.norn.is\/eva\/2020\/08\/29\/mannrettindasamtok-radast-gegn-tjaningarfrelsi\/\" \/>\n<meta property=\"og:locale\" content=\"is_IS\" \/>\n<meta property=\"og:type\" content=\"article\" \/>\n<meta property=\"og:title\" content=\"Mannr\u00e9ttindasamt\u00f6k r\u00e1\u00f0ast gegn tj\u00e1ningarfrelsi - Eva Hauksd\u00f3ttir\" \/>\n<meta property=\"og:description\" content=\"J.K. Rowling hefur \u00e1kve\u00f0i\u00f0 a\u00f0 skila ver\u00f0launum sem mannr\u00e9ttindasamt\u00f6k kennd vi\u00f0 Robert F. Kennedy veittu henni desember 2019 fyrir g\u00f3\u00f0ger\u00f0arstarf \u00ed \u00fe\u00e1gu f\u00e1t\u00e6kra og muna\u00f0arlausra barna. \u00c1st\u00e6\u00f0an fyrir \u00feessari \u00e1kv\u00f6r\u00f0un er tilraun formanns samtakanna, Kerry Kennedy, til sko\u00f0anak\u00fagunar. Forma\u00f0urinn sendi n\u00fdlega fr\u00e1 s\u00e9r, \u00ed nafni samtakanna, yfirl\u00fdsingu \u00fear sem h\u00fan atyrti Rowling fyrir sko\u00f0anir hennar [&hellip;]\" \/>\n<meta property=\"og:url\" content=\"https:\/\/www.norn.is\/eva\/2020\/08\/29\/mannrettindasamtok-radast-gegn-tjaningarfrelsi\/\" \/>\n<meta property=\"og:site_name\" content=\"Eva Hauksd\u00f3ttir\" \/>\n<meta property=\"article:published_time\" content=\"2020-08-29T09:15:52+00:00\" \/>\n<meta property=\"article:modified_time\" content=\"2020-09-16T09:01:11+00:00\" \/>\n<meta property=\"og:image\" content=\"https:\/\/www.norn.is\/eva\/wp-content\/uploads\/sites\/36\/2020\/08\/1193634422.jpg\" \/>\n\t<meta property=\"og:image:width\" content=\"780\" \/>\n\t<meta property=\"og:image:height\" content=\"439\" \/>\n\t<meta property=\"og:image:type\" content=\"image\/jpeg\" \/>\n<meta name=\"author\" content=\"Eva Hauksd\u00f3ttir\" \/>\n<meta name=\"twitter:card\" content=\"summary_large_image\" \/>\n<meta name=\"twitter:label1\" content=\"Written by\" \/>\n\t<meta name=\"twitter:data1\" content=\"\" \/>\n\t<meta name=\"twitter:label2\" content=\"Est. reading time\" \/>\n\t<meta name=\"twitter:data2\" content=\"3 minutes\" \/>\n<script type=\"application\/ld+json\" class=\"yoast-schema-graph\">{\"@context\":\"https:\\\/\\\/schema.org\",\"@graph\":[{\"@type\":\"Article\",\"@id\":\"https:\\\/\\\/www.norn.is\\\/eva\\\/2020\\\/08\\\/29\\\/mannrettindasamtok-radast-gegn-tjaningarfrelsi\\\/#article\",\"isPartOf\":{\"@id\":\"https:\\\/\\\/www.norn.is\\\/eva\\\/2020\\\/08\\\/29\\\/mannrettindasamtok-radast-gegn-tjaningarfrelsi\\\/\"},\"author\":{\"name\":\"Eva Hauksd\u00f3ttir\",\"@id\":\"https:\\\/\\\/www.norn.is\\\/eva\\\/#\\\/schema\\\/person\\\/1d9742389918a297671033a2b53d3d34\"},\"headline\":\"Mannr\u00e9ttindasamt\u00f6k r\u00e1\u00f0ast gegn tj\u00e1ningarfrelsi\",\"datePublished\":\"2020-08-29T09:15:52+00:00\",\"dateModified\":\"2020-09-16T09:01:11+00:00\",\"mainEntityOfPage\":{\"@id\":\"https:\\\/\\\/www.norn.is\\\/eva\\\/2020\\\/08\\\/29\\\/mannrettindasamtok-radast-gegn-tjaningarfrelsi\\\/\"},\"wordCount\":527,\"image\":{\"@id\":\"https:\\\/\\\/www.norn.is\\\/eva\\\/2020\\\/08\\\/29\\\/mannrettindasamtok-radast-gegn-tjaningarfrelsi\\\/#primaryimage\"},\"thumbnailUrl\":\"https:\\\/\\\/www.norn.is\\\/eva\\\/wp-content\\\/uploads\\\/sites\\\/36\\\/2020\\\/08\\\/1193634422.jpg\",\"keywords\":[\"mannr\u00e9ttindasamt\u00f6k\",\"Rowling\",\"tj\u00e1ningarfrelsi\",\"transf\u00f3lk\",\"\u00fe\u00f6ggun\"],\"articleSection\":[\"Fr\u00e9ttir\",\"Vald &amp; velfer\u00f0\"],\"inLanguage\":\"is\"},{\"@type\":\"WebPage\",\"@id\":\"https:\\\/\\\/www.norn.is\\\/eva\\\/2020\\\/08\\\/29\\\/mannrettindasamtok-radast-gegn-tjaningarfrelsi\\\/\",\"url\":\"https:\\\/\\\/www.norn.is\\\/eva\\\/2020\\\/08\\\/29\\\/mannrettindasamtok-radast-gegn-tjaningarfrelsi\\\/\",\"name\":\"Mannr\u00e9ttindasamt\u00f6k r\u00e1\u00f0ast gegn tj\u00e1ningarfrelsi - Eva Hauksd\u00f3ttir\",\"isPartOf\":{\"@id\":\"https:\\\/\\\/www.norn.is\\\/eva\\\/#website\"},\"primaryImageOfPage\":{\"@id\":\"https:\\\/\\\/www.norn.is\\\/eva\\\/2020\\\/08\\\/29\\\/mannrettindasamtok-radast-gegn-tjaningarfrelsi\\\/#primaryimage\"},\"image\":{\"@id\":\"https:\\\/\\\/www.norn.is\\\/eva\\\/2020\\\/08\\\/29\\\/mannrettindasamtok-radast-gegn-tjaningarfrelsi\\\/#primaryimage\"},\"thumbnailUrl\":\"https:\\\/\\\/www.norn.is\\\/eva\\\/wp-content\\\/uploads\\\/sites\\\/36\\\/2020\\\/08\\\/1193634422.jpg\",\"datePublished\":\"2020-08-29T09:15:52+00:00\",\"dateModified\":\"2020-09-16T09:01:11+00:00\",\"author\":{\"@id\":\"https:\\\/\\\/www.norn.is\\\/eva\\\/#\\\/schema\\\/person\\\/1d9742389918a297671033a2b53d3d34\"},\"breadcrumb\":{\"@id\":\"https:\\\/\\\/www.norn.is\\\/eva\\\/2020\\\/08\\\/29\\\/mannrettindasamtok-radast-gegn-tjaningarfrelsi\\\/#breadcrumb\"},\"inLanguage\":\"is\",\"potentialAction\":[{\"@type\":\"ReadAction\",\"target\":[\"https:\\\/\\\/www.norn.is\\\/eva\\\/2020\\\/08\\\/29\\\/mannrettindasamtok-radast-gegn-tjaningarfrelsi\\\/\"]}]},{\"@type\":\"ImageObject\",\"inLanguage\":\"is\",\"@id\":\"https:\\\/\\\/www.norn.is\\\/eva\\\/2020\\\/08\\\/29\\\/mannrettindasamtok-radast-gegn-tjaningarfrelsi\\\/#primaryimage\",\"url\":\"https:\\\/\\\/www.norn.is\\\/eva\\\/wp-content\\\/uploads\\\/sites\\\/36\\\/2020\\\/08\\\/1193634422.jpg\",\"contentUrl\":\"https:\\\/\\\/www.norn.is\\\/eva\\\/wp-content\\\/uploads\\\/sites\\\/36\\\/2020\\\/08\\\/1193634422.jpg\",\"width\":780,\"height\":439,\"caption\":\"Kerry Kennedy afhendir J.K. Rowling ver\u00f0launin \u00feann 12. desember 2019. (Bennett Raglin\\\/Getty Images)\"},{\"@type\":\"BreadcrumbList\",\"@id\":\"https:\\\/\\\/www.norn.is\\\/eva\\\/2020\\\/08\\\/29\\\/mannrettindasamtok-radast-gegn-tjaningarfrelsi\\\/#breadcrumb\",\"itemListElement\":[{\"@type\":\"ListItem\",\"position\":1,\"name\":\"Home\",\"item\":\"https:\\\/\\\/www.norn.is\\\/eva\\\/\"},{\"@type\":\"ListItem\",\"position\":2,\"name\":\"Mannr\u00e9ttindasamt\u00f6k r\u00e1\u00f0ast gegn tj\u00e1ningarfrelsi\"}]},{\"@type\":\"WebSite\",\"@id\":\"https:\\\/\\\/www.norn.is\\\/eva\\\/#website\",\"url\":\"https:\\\/\\\/www.norn.is\\\/eva\\\/\",\"name\":\"Eva Hauksd\u00f3ttir\",\"description\":\"Evu blogg\",\"potentialAction\":[{\"@type\":\"SearchAction\",\"target\":{\"@type\":\"EntryPoint\",\"urlTemplate\":\"https:\\\/\\\/www.norn.is\\\/eva\\\/?s={search_term_string}\"},\"query-input\":{\"@type\":\"PropertyValueSpecification\",\"valueRequired\":true,\"valueName\":\"search_term_string\"}}],\"inLanguage\":\"is\"},{\"@type\":\"Person\",\"@id\":\"https:\\\/\\\/www.norn.is\\\/eva\\\/#\\\/schema\\\/person\\\/1d9742389918a297671033a2b53d3d34\",\"name\":\"Eva Hauksd\u00f3ttir\",\"image\":{\"@type\":\"ImageObject\",\"inLanguage\":\"is\",\"@id\":\"https:\\\/\\\/secure.gravatar.com\\\/avatar\\\/3690cd9ff7436a8a5d80acdc8fcb1046fbb9e002d4b532c85080d1bcbede84ce?s=96&d=mm&r=g\",\"url\":\"https:\\\/\\\/secure.gravatar.com\\\/avatar\\\/3690cd9ff7436a8a5d80acdc8fcb1046fbb9e002d4b532c85080d1bcbede84ce?s=96&d=mm&r=g\",\"contentUrl\":\"https:\\\/\\\/secure.gravatar.com\\\/avatar\\\/3690cd9ff7436a8a5d80acdc8fcb1046fbb9e002d4b532c85080d1bcbede84ce?s=96&d=mm&r=g\",\"caption\":\"Eva Hauksd\u00f3ttir\"},\"url\":\"https:\\\/\\\/www.norn.is\\\/eva\\\/author\\\/evahauks\\\/\"}]}<\/script>\n<!-- \/ Yoast SEO plugin. -->","yoast_head_json":{"title":"Mannr\u00e9ttindasamt\u00f6k r\u00e1\u00f0ast gegn tj\u00e1ningarfrelsi - Eva Hauksd\u00f3ttir","robots":{"index":"index","follow":"follow","max-snippet":"max-snippet:-1","max-image-preview":"max-image-preview:large","max-video-preview":"max-video-preview:-1"},"canonical":"https:\/\/www.norn.is\/eva\/2020\/08\/29\/mannrettindasamtok-radast-gegn-tjaningarfrelsi\/","og_locale":"is_IS","og_type":"article","og_title":"Mannr\u00e9ttindasamt\u00f6k r\u00e1\u00f0ast gegn tj\u00e1ningarfrelsi - Eva Hauksd\u00f3ttir","og_description":"J.K. Rowling hefur \u00e1kve\u00f0i\u00f0 a\u00f0 skila ver\u00f0launum sem mannr\u00e9ttindasamt\u00f6k kennd vi\u00f0 Robert F. Kennedy veittu henni desember 2019 fyrir g\u00f3\u00f0ger\u00f0arstarf \u00ed \u00fe\u00e1gu f\u00e1t\u00e6kra og muna\u00f0arlausra barna. \u00c1st\u00e6\u00f0an fyrir \u00feessari \u00e1kv\u00f6r\u00f0un er tilraun formanns samtakanna, Kerry Kennedy, til sko\u00f0anak\u00fagunar. Forma\u00f0urinn sendi n\u00fdlega fr\u00e1 s\u00e9r, \u00ed nafni samtakanna, yfirl\u00fdsingu \u00fear sem h\u00fan atyrti Rowling fyrir sko\u00f0anir hennar [&hellip;]","og_url":"https:\/\/www.norn.is\/eva\/2020\/08\/29\/mannrettindasamtok-radast-gegn-tjaningarfrelsi\/","og_site_name":"Eva Hauksd\u00f3ttir","article_published_time":"2020-08-29T09:15:52+00:00","article_modified_time":"2020-09-16T09:01:11+00:00","og_image":[{"width":780,"height":439,"url":"https:\/\/www.norn.is\/eva\/wp-content\/uploads\/sites\/36\/2020\/08\/1193634422.jpg","type":"image\/jpeg"}],"author":"Eva Hauksd\u00f3ttir","twitter_card":"summary_large_image","twitter_misc":{"Written by":false,"Est. reading time":"3 minutes"},"schema":{"@context":"https:\/\/schema.org","@graph":[{"@type":"Article","@id":"https:\/\/www.norn.is\/eva\/2020\/08\/29\/mannrettindasamtok-radast-gegn-tjaningarfrelsi\/#article","isPartOf":{"@id":"https:\/\/www.norn.is\/eva\/2020\/08\/29\/mannrettindasamtok-radast-gegn-tjaningarfrelsi\/"},"author":{"name":"Eva Hauksd\u00f3ttir","@id":"https:\/\/www.norn.is\/eva\/#\/schema\/person\/1d9742389918a297671033a2b53d3d34"},"headline":"Mannr\u00e9ttindasamt\u00f6k r\u00e1\u00f0ast gegn tj\u00e1ningarfrelsi","datePublished":"2020-08-29T09:15:52+00:00","dateModified":"2020-09-16T09:01:11+00:00","mainEntityOfPage":{"@id":"https:\/\/www.norn.is\/eva\/2020\/08\/29\/mannrettindasamtok-radast-gegn-tjaningarfrelsi\/"},"wordCount":527,"image":{"@id":"https:\/\/www.norn.is\/eva\/2020\/08\/29\/mannrettindasamtok-radast-gegn-tjaningarfrelsi\/#primaryimage"},"thumbnailUrl":"https:\/\/www.norn.is\/eva\/wp-content\/uploads\/sites\/36\/2020\/08\/1193634422.jpg","keywords":["mannr\u00e9ttindasamt\u00f6k","Rowling","tj\u00e1ningarfrelsi","transf\u00f3lk","\u00fe\u00f6ggun"],"articleSection":["Fr\u00e9ttir","Vald &amp; velfer\u00f0"],"inLanguage":"is"},{"@type":"WebPage","@id":"https:\/\/www.norn.is\/eva\/2020\/08\/29\/mannrettindasamtok-radast-gegn-tjaningarfrelsi\/","url":"https:\/\/www.norn.is\/eva\/2020\/08\/29\/mannrettindasamtok-radast-gegn-tjaningarfrelsi\/","name":"Mannr\u00e9ttindasamt\u00f6k r\u00e1\u00f0ast gegn tj\u00e1ningarfrelsi - Eva Hauksd\u00f3ttir","isPartOf":{"@id":"https:\/\/www.norn.is\/eva\/#website"},"primaryImageOfPage":{"@id":"https:\/\/www.norn.is\/eva\/2020\/08\/29\/mannrettindasamtok-radast-gegn-tjaningarfrelsi\/#primaryimage"},"image":{"@id":"https:\/\/www.norn.is\/eva\/2020\/08\/29\/mannrettindasamtok-radast-gegn-tjaningarfrelsi\/#primaryimage"},"thumbnailUrl":"https:\/\/www.norn.is\/eva\/wp-content\/uploads\/sites\/36\/2020\/08\/1193634422.jpg","datePublished":"2020-08-29T09:15:52+00:00","dateModified":"2020-09-16T09:01:11+00:00","author":{"@id":"https:\/\/www.norn.is\/eva\/#\/schema\/person\/1d9742389918a297671033a2b53d3d34"},"breadcrumb":{"@id":"https:\/\/www.norn.is\/eva\/2020\/08\/29\/mannrettindasamtok-radast-gegn-tjaningarfrelsi\/#breadcrumb"},"inLanguage":"is","potentialAction":[{"@type":"ReadAction","target":["https:\/\/www.norn.is\/eva\/2020\/08\/29\/mannrettindasamtok-radast-gegn-tjaningarfrelsi\/"]}]},{"@type":"ImageObject","inLanguage":"is","@id":"https:\/\/www.norn.is\/eva\/2020\/08\/29\/mannrettindasamtok-radast-gegn-tjaningarfrelsi\/#primaryimage","url":"https:\/\/www.norn.is\/eva\/wp-content\/uploads\/sites\/36\/2020\/08\/1193634422.jpg","contentUrl":"https:\/\/www.norn.is\/eva\/wp-content\/uploads\/sites\/36\/2020\/08\/1193634422.jpg","width":780,"height":439,"caption":"Kerry Kennedy afhendir J.K. Rowling ver\u00f0launin \u00feann 12. desember 2019. (Bennett Raglin\/Getty Images)"},{"@type":"BreadcrumbList","@id":"https:\/\/www.norn.is\/eva\/2020\/08\/29\/mannrettindasamtok-radast-gegn-tjaningarfrelsi\/#breadcrumb","itemListElement":[{"@type":"ListItem","position":1,"name":"Home","item":"https:\/\/www.norn.is\/eva\/"},{"@type":"ListItem","position":2,"name":"Mannr\u00e9ttindasamt\u00f6k r\u00e1\u00f0ast gegn tj\u00e1ningarfrelsi"}]},{"@type":"WebSite","@id":"https:\/\/www.norn.is\/eva\/#website","url":"https:\/\/www.norn.is\/eva\/","name":"Eva Hauksd\u00f3ttir","description":"Evu blogg","potentialAction":[{"@type":"SearchAction","target":{"@type":"EntryPoint","urlTemplate":"https:\/\/www.norn.is\/eva\/?s={search_term_string}"},"query-input":{"@type":"PropertyValueSpecification","valueRequired":true,"valueName":"search_term_string"}}],"inLanguage":"is"},{"@type":"Person","@id":"https:\/\/www.norn.is\/eva\/#\/schema\/person\/1d9742389918a297671033a2b53d3d34","name":"Eva Hauksd\u00f3ttir","image":{"@type":"ImageObject","inLanguage":"is","@id":"https:\/\/secure.gravatar.com\/avatar\/3690cd9ff7436a8a5d80acdc8fcb1046fbb9e002d4b532c85080d1bcbede84ce?s=96&d=mm&r=g","url":"https:\/\/secure.gravatar.com\/avatar\/3690cd9ff7436a8a5d80acdc8fcb1046fbb9e002d4b532c85080d1bcbede84ce?s=96&d=mm&r=g","contentUrl":"https:\/\/secure.gravatar.com\/avatar\/3690cd9ff7436a8a5d80acdc8fcb1046fbb9e002d4b532c85080d1bcbede84ce?s=96&d=mm&r=g","caption":"Eva Hauksd\u00f3ttir"},"url":"https:\/\/www.norn.is\/eva\/author\/evahauks\/"}]}},"_links":{"self":[{"href":"https:\/\/www.norn.is\/eva\/wp-json\/wp\/v2\/posts\/3625","targetHints":{"allow":["GET"]}}],"collection":[{"href":"https:\/\/www.norn.is\/eva\/wp-json\/wp\/v2\/posts"}],"about":[{"href":"https:\/\/www.norn.is\/eva\/wp-json\/wp\/v2\/types\/post"}],"author":[{"embeddable":true,"href":"https:\/\/www.norn.is\/eva\/wp-json\/wp\/v2\/users\/7"}],"replies":[{"embeddable":true,"href":"https:\/\/www.norn.is\/eva\/wp-json\/wp\/v2\/comments?post=3625"}],"version-history":[{"count":15,"href":"https:\/\/www.norn.is\/eva\/wp-json\/wp\/v2\/posts\/3625\/revisions"}],"predecessor-version":[{"id":3889,"href":"https:\/\/www.norn.is\/eva\/wp-json\/wp\/v2\/posts\/3625\/revisions\/3889"}],"wp:featuredmedia":[{"embeddable":true,"href":"https:\/\/www.norn.is\/eva\/wp-json\/wp\/v2\/media\/3627"}],"wp:attachment":[{"href":"https:\/\/www.norn.is\/eva\/wp-json\/wp\/v2\/media?parent=3625"}],"wp:term":[{"taxonomy":"category","embeddable":true,"href":"https:\/\/www.norn.is\/eva\/wp-json\/wp\/v2\/categories?post=3625"},{"taxonomy":"post_tag","embeddable":true,"href":"https:\/\/www.norn.is\/eva\/wp-json\/wp\/v2\/tags?post=3625"}],"curies":[{"name":"wp","href":"https:\/\/api.w.org\/{rel}","templated":true}]}}