{"id":3521,"date":"2020-08-26T14:23:32","date_gmt":"2020-08-26T14:23:32","guid":{"rendered":"http:\/\/www.norn.is\/eva\/?p=3521"},"modified":"2020-09-15T13:12:43","modified_gmt":"2020-09-15T13:12:43","slug":"for-aslaug-a-berjamo-eda-i-berjamo","status":"publish","type":"post","link":"https:\/\/www.norn.is\/eva\/2020\/08\/26\/for-aslaug-a-berjamo-eda-i-berjamo\/","title":{"rendered":"F\u00f3r \u00c1slaug \u00e1 berjam\u00f3 e\u00f0a \u00ed berjam\u00f3?"},"content":{"rendered":"\n<p>Fer ma\u00f0ur \u00e1 berjam\u00f3 e\u00f0a \u00ed berjam\u00f3?<\/p>\n\n\n\n<blockquote class=\"wp-block-quote is-layout-flow wp-block-quote-is-layout-flow\"><p>Oft var \u00feyrlan \u00fat \u00e1 sj\u00f3<br>upp \u00far h\u00e1ska f\u00f3lki\u00f0 dr\u00f3<br>en afturs\u00e6ti\u00f0 er v\u00edst n\u00f3g<br>ef \u00c1slaug vill \u00e1 berjam\u00f3.<\/p><\/blockquote>\n\n\n\n<figure class=\"wp-block-embed-facebook wp-block-embed is-type-rich is-provider-facebook\"><div class=\"wp-block-embed__wrapper\">\n<div id=\"fb-root\"><\/div><script async=\"1\" defer=\"1\" crossorigin=\"anonymous\" src=\"https:\/\/connect.facebook.net\/is_IS\/sdk.js#xfbml=1&amp;version=v8.0\" nonce=\"lh7HYDEL\"><\/script><div class=\"fb-post\" data-href=\"https:\/\/www.facebook.com\/photo.php?fbid=10158043103768952&amp;set=a.57447313951&amp;type=3&amp;theater\" data-width=\"750\"><blockquote cite=\"https:\/\/www.facebook.com\/photo.php?fbid=10158043103768952&amp;set=a.57447313951&amp;type=3\" class=\"fb-xfbml-parse-ignore\"><p>#n\u00f3ga\u00f0gerahj\u00e1G\u00e6slunni<\/p>Posted by <a href=\"https:\/\/www.facebook.com\/gisli.asgeirsson\">G\u00edsli \u00c1sgeirsson<\/a> on&nbsp;<a href=\"https:\/\/www.facebook.com\/photo.php?fbid=10158043103768952&amp;set=a.57447313951&amp;type=3\">Mi\u00f0vikudagur, 26. \u00e1g\u00fast 2020<\/a><\/blockquote><\/div>\n<\/div><\/figure>\n\n\n\n<p>\u00deessa v\u00edsu s\u00e1 \u00e9g \u00e1 Facebook s\u00ed\u00f0u G\u00edsla \u00c1sgeirssonar \u00ed dag og \u00fea\u00f0 rifja\u00f0i upp fyrir m\u00e9r a\u00f0 \u00feegar \u00e9g var barn kunni \u00e9g kv\u00e6\u00f0i sem heitir &#8222;<a rel=\"noreferrer noopener\" href=\"https:\/\/timarit.is\/page\/5676851#page\/n8\/mode\/2up\" target=\"_blank\">Gunna \u00e1 berjam\u00f3&#8220;<\/a>. \u00dea\u00f0 er frekar vont kv\u00e6\u00f0i en titillinn segir l\u00edklega eitthva\u00f0 um notkun forsetninga.<\/p>\n\n\n\n<p>\u00c9g hef alltaf fari\u00f0 <em>\u00ed berjam\u00f3<\/em> og held a\u00f0 afi og amma hafi l\u00edka tala\u00f0 um a\u00f0 fara \u00ed berjam\u00f3. \u00c9g spur\u00f0i \u00fat \u00ed \u00feetta \u00e1 Facebook og allir sem hafa svara\u00f0 segjast nota &#8222;\u00ed&#8220;. \u00c6tli \u00fea\u00f0 a\u00f0 fara \u00e1 berjam\u00f3 s\u00e9 kynsl\u00f3\u00f0abundi\u00f0, landshlutabundi\u00f0 e\u00f0a bundi\u00f0 vi\u00f0 sk\u00e1ldskap?<\/p>\n\n\n\n<p>\u00c9g hallast helst a\u00f0 \u00fev\u00ed a\u00f0 \u00fea\u00f0 a\u00f0 fara <strong>\u00e1<\/strong> berjam\u00f3 s\u00e9 tengt \u00fev\u00ed a\u00f0 afla nytja \u00fe\u00f3tt \u00feeir hinir s\u00f6mu geti veri\u00f0 &#8222;algerlega \u00fati <strong>\u00ed<\/strong> m\u00f3a&#8220; \u00feegar ekki stendur til a\u00f0 t\u00edna ber. Menn fara \u00e1 rj\u00fapu \u00feegar \u00feeir fara \u00e1 vei\u00f0ar en bj\u00f3\u00f0a \u00ed rj\u00fapu \u00feegar \u00feeir \u00e6tla a\u00f0 elda hana. Flestir tala um a\u00f0 fara \u00e1 vei\u00f0ar og \u00e1 vert\u00ed\u00f0, menn f\u00f3ru t.d. \u00e1 s\u00edld &#8211; \u00ed merkingunni s\u00edldarvert\u00ed\u00f0. S\u00f6mulei\u00f0is f\u00f6rum vi\u00f0 \u00e1 s\u00f6lvafj\u00f6ru og \u00e1\u00f0ur fyrr gengu menn \u00e1 reka og \u00e1 hnotsk\u00f3g.<\/p>\n\n\n\n<p>H\u00e6ttum vi\u00f0 a\u00f0 fara \u00e1 berjam\u00f3 \u00feegar \u00fea\u00f0 h\u00e6tti a\u00f0 skipta m\u00e1li upp \u00e1 afkomu f\u00f3lks og var\u00f0 \u00ed sta\u00f0inn af\u00fereying? E\u00f0a hefur \u00fea\u00f0 alltaf veri\u00f0 minnihluti sem f\u00f3r \u00e1 berjam\u00f3?<\/p>\n\n\n\n<p>\u00dea\u00f0 er annars \u00e1hugavert a\u00f0 h\u00e6gt er a\u00f0 r\u00f3a \u00e1 gr\u00e1sleppu e\u00f0a steinb\u00edt en stangvei\u00f0menn fara hinsvegar \u00ed silung e\u00f0a \u00ed lax. \u00c6tli hugsunin s\u00e9 ekki s\u00fa a\u00f0 menn fari \u00e1 sj\u00f3 \u00e1 b\u00e1ti en standi me\u00f0 st\u00f6ngina \u00ed \u00e1nni?<\/p>\n\n\n\n<p><\/p>\n\n\n\n<h3 class=\"wp-block-heading\"><span style=\"color:#dcbb4e\" class=\"has-inline-color\">\u00deessu tengt:<\/span><\/h3>\n\n\n<div class=\"vlp-link-container vlp-layout-basic wp-block-visual-link-preview-link\"><a href=\"https:\/\/www.norn.is\/eva\/2020\/06\/12\/fridsom-og-fridsamleg\/\" class=\"vlp-link\" title=\"Fri\u00f0s\u00f6m og fri\u00f0samleg\"><\/a><div class=\"vlp-layout-zone-side\"><div class=\"vlp-block-2 vlp-link-image\"><img loading=\"lazy\" decoding=\"async\" style=\"max-width: 150px;\" width=\"150\" height=\"100\" src=\"https:\/\/www.norn.is\/eva\/wp-content\/uploads\/sites\/36\/2020\/06\/coffee-beans-scaled.jpg\" class=\"attachment-150x999 size-150x999\" alt=\"\" srcset=\"https:\/\/www.norn.is\/eva\/wp-content\/uploads\/sites\/36\/2020\/06\/coffee-beans-scaled.jpg 2560w, https:\/\/www.norn.is\/eva\/wp-content\/uploads\/sites\/36\/2020\/06\/coffee-beans-300x199.jpg 300w, https:\/\/www.norn.is\/eva\/wp-content\/uploads\/sites\/36\/2020\/06\/coffee-beans-1024x680.jpg 1024w, https:\/\/www.norn.is\/eva\/wp-content\/uploads\/sites\/36\/2020\/06\/coffee-beans-768x510.jpg 768w, https:\/\/www.norn.is\/eva\/wp-content\/uploads\/sites\/36\/2020\/06\/coffee-beans-1536x1020.jpg 1536w, https:\/\/www.norn.is\/eva\/wp-content\/uploads\/sites\/36\/2020\/06\/coffee-beans-2048x1360.jpg 2048w, https:\/\/www.norn.is\/eva\/wp-content\/uploads\/sites\/36\/2020\/06\/coffee-beans-1080x717.jpg 1080w\" sizes=\"auto, (max-width: 150px) 100vw, 150px\" \/><\/div><\/div><div class=\"vlp-layout-zone-main\"><div class=\"vlp-block-0 vlp-link-title\">Fri\u00f0s\u00f6m og fri\u00f0samleg<\/div><div class=\"vlp-block-1 vlp-link-summary\">\u00deessa dagana heyrist oft tala\u00f0 um fri\u00f0s\u00f6m m\u00f3tm\u00e6li. M\u00f3tm\u00e6li eru ekki fri\u00f0s\u00f6m en \u00feau eru oftast fri\u00f0samleg. \u00deegar m\u00f3tm\u00e6li eru fri\u00f0samleg og fara fri\u00f0samlega fram m\u00e1 \u00e6tla a\u00f0 m\u00f3tm\u00e6lendur s\u00e9u fri\u00f0samnir. \u00c1kvar\u00f0anir eru ekki skynsamar [&#8230;]<\/div><\/div><\/div>\n\n\n<p>&nbsp;<\/p>\n","protected":false},"excerpt":{"rendered":"<p>Fer ma\u00f0ur \u00e1 berjam\u00f3 e\u00f0a \u00ed berjam\u00f3? Oft var \u00feyrlan \u00fat \u00e1 sj\u00f3upp \u00far h\u00e1ska f\u00f3lki\u00f0 dr\u00f3en afturs\u00e6ti\u00f0 er v\u00edst n\u00f3gef \u00c1slaug vill \u00e1 berjam\u00f3. \u00deessa v\u00edsu s\u00e1 \u00e9g \u00e1 Facebook s\u00ed\u00f0u G\u00edsla \u00c1sgeirssonar \u00ed dag og \u00fea\u00f0 rifja\u00f0i upp fyrir m\u00e9r a\u00f0 \u00feegar \u00e9g var barn kunni \u00e9g kv\u00e6\u00f0i sem heitir &#8222;Gunna \u00e1 berjam\u00f3&#8220;. [&hellip;]<\/p>\n","protected":false},"author":7,"featured_media":3524,"comment_status":"closed","ping_status":"open","sticky":false,"template":"","format":"standard","meta":{"_et_pb_use_builder":"","_et_pb_old_content":"","_et_gb_content_width":"","footnotes":""},"categories":[183],"tags":[723,720,721,722],"class_list":["post-3521","post","type-post","status-publish","format-standard","has-post-thumbnail","hentry","category-islenskt-mal","tag-berjamor","tag-forsetingar","tag-nytjar","tag-veidi","et-has-post-format-content","et_post_format-et-post-format-standard"],"yoast_head":"<!-- This site is optimized with the Yoast SEO plugin v27.5 - https:\/\/yoast.com\/product\/yoast-seo-wordpress\/ -->\n<title>F\u00f3r \u00c1slaug \u00e1 berjam\u00f3 e\u00f0a \u00ed berjam\u00f3? - Eva Hauksd\u00f3ttir<\/title>\n<meta name=\"robots\" content=\"index, follow, max-snippet:-1, max-image-preview:large, max-video-preview:-1\" \/>\n<link rel=\"canonical\" href=\"https:\/\/www.norn.is\/eva\/2020\/08\/26\/for-aslaug-a-berjamo-eda-i-berjamo\/\" \/>\n<meta property=\"og:locale\" content=\"is_IS\" \/>\n<meta property=\"og:type\" content=\"article\" \/>\n<meta property=\"og:title\" content=\"F\u00f3r \u00c1slaug \u00e1 berjam\u00f3 e\u00f0a \u00ed berjam\u00f3? - Eva Hauksd\u00f3ttir\" \/>\n<meta property=\"og:description\" content=\"Fer ma\u00f0ur \u00e1 berjam\u00f3 e\u00f0a \u00ed berjam\u00f3? Oft var \u00feyrlan \u00fat \u00e1 sj\u00f3upp \u00far h\u00e1ska f\u00f3lki\u00f0 dr\u00f3en afturs\u00e6ti\u00f0 er v\u00edst n\u00f3gef \u00c1slaug vill \u00e1 berjam\u00f3. \u00deessa v\u00edsu s\u00e1 \u00e9g \u00e1 Facebook s\u00ed\u00f0u G\u00edsla \u00c1sgeirssonar \u00ed dag og \u00fea\u00f0 rifja\u00f0i upp fyrir m\u00e9r a\u00f0 \u00feegar \u00e9g var barn kunni \u00e9g kv\u00e6\u00f0i sem heitir &#8222;Gunna \u00e1 berjam\u00f3&#8220;. [&hellip;]\" \/>\n<meta property=\"og:url\" content=\"https:\/\/www.norn.is\/eva\/2020\/08\/26\/for-aslaug-a-berjamo-eda-i-berjamo\/\" \/>\n<meta property=\"og:site_name\" content=\"Eva Hauksd\u00f3ttir\" \/>\n<meta property=\"article:published_time\" content=\"2020-08-26T14:23:32+00:00\" \/>\n<meta property=\"article:modified_time\" content=\"2020-09-15T13:12:43+00:00\" \/>\n<meta property=\"og:image\" content=\"https:\/\/www.norn.is\/eva\/wp-content\/uploads\/sites\/36\/2020\/08\/when-are-blueberries-ripe.jpg\" \/>\n\t<meta property=\"og:image:width\" content=\"1000\" \/>\n\t<meta property=\"og:image:height\" content=\"667\" \/>\n\t<meta property=\"og:image:type\" content=\"image\/jpeg\" \/>\n<meta name=\"author\" content=\"Eva Hauksd\u00f3ttir\" \/>\n<meta name=\"twitter:card\" content=\"summary_large_image\" \/>\n<meta name=\"twitter:label1\" content=\"Written by\" \/>\n\t<meta name=\"twitter:data1\" content=\"\" \/>\n\t<meta name=\"twitter:label2\" content=\"Est. reading time\" \/>\n\t<meta name=\"twitter:data2\" content=\"2 minutes\" \/>\n<script type=\"application\/ld+json\" class=\"yoast-schema-graph\">{\"@context\":\"https:\\\/\\\/schema.org\",\"@graph\":[{\"@type\":\"Article\",\"@id\":\"https:\\\/\\\/www.norn.is\\\/eva\\\/2020\\\/08\\\/26\\\/for-aslaug-a-berjamo-eda-i-berjamo\\\/#article\",\"isPartOf\":{\"@id\":\"https:\\\/\\\/www.norn.is\\\/eva\\\/2020\\\/08\\\/26\\\/for-aslaug-a-berjamo-eda-i-berjamo\\\/\"},\"author\":{\"name\":\"Eva Hauksd\u00f3ttir\",\"@id\":\"https:\\\/\\\/www.norn.is\\\/eva\\\/#\\\/schema\\\/person\\\/1d9742389918a297671033a2b53d3d34\"},\"headline\":\"F\u00f3r \u00c1slaug \u00e1 berjam\u00f3 e\u00f0a \u00ed berjam\u00f3?\",\"datePublished\":\"2020-08-26T14:23:32+00:00\",\"dateModified\":\"2020-09-15T13:12:43+00:00\",\"mainEntityOfPage\":{\"@id\":\"https:\\\/\\\/www.norn.is\\\/eva\\\/2020\\\/08\\\/26\\\/for-aslaug-a-berjamo-eda-i-berjamo\\\/\"},\"wordCount\":379,\"image\":{\"@id\":\"https:\\\/\\\/www.norn.is\\\/eva\\\/2020\\\/08\\\/26\\\/for-aslaug-a-berjamo-eda-i-berjamo\\\/#primaryimage\"},\"thumbnailUrl\":\"https:\\\/\\\/www.norn.is\\\/eva\\\/wp-content\\\/uploads\\\/sites\\\/36\\\/2020\\\/08\\\/when-are-blueberries-ripe.jpg\",\"keywords\":[\"berjam\u00f3r\",\"forsetingar\",\"nytjar\",\"vei\u00f0i\"],\"articleSection\":[\"\u00cdslenskt m\u00e1l\"],\"inLanguage\":\"is\"},{\"@type\":\"WebPage\",\"@id\":\"https:\\\/\\\/www.norn.is\\\/eva\\\/2020\\\/08\\\/26\\\/for-aslaug-a-berjamo-eda-i-berjamo\\\/\",\"url\":\"https:\\\/\\\/www.norn.is\\\/eva\\\/2020\\\/08\\\/26\\\/for-aslaug-a-berjamo-eda-i-berjamo\\\/\",\"name\":\"F\u00f3r \u00c1slaug \u00e1 berjam\u00f3 e\u00f0a \u00ed berjam\u00f3? - Eva Hauksd\u00f3ttir\",\"isPartOf\":{\"@id\":\"https:\\\/\\\/www.norn.is\\\/eva\\\/#website\"},\"primaryImageOfPage\":{\"@id\":\"https:\\\/\\\/www.norn.is\\\/eva\\\/2020\\\/08\\\/26\\\/for-aslaug-a-berjamo-eda-i-berjamo\\\/#primaryimage\"},\"image\":{\"@id\":\"https:\\\/\\\/www.norn.is\\\/eva\\\/2020\\\/08\\\/26\\\/for-aslaug-a-berjamo-eda-i-berjamo\\\/#primaryimage\"},\"thumbnailUrl\":\"https:\\\/\\\/www.norn.is\\\/eva\\\/wp-content\\\/uploads\\\/sites\\\/36\\\/2020\\\/08\\\/when-are-blueberries-ripe.jpg\",\"datePublished\":\"2020-08-26T14:23:32+00:00\",\"dateModified\":\"2020-09-15T13:12:43+00:00\",\"author\":{\"@id\":\"https:\\\/\\\/www.norn.is\\\/eva\\\/#\\\/schema\\\/person\\\/1d9742389918a297671033a2b53d3d34\"},\"breadcrumb\":{\"@id\":\"https:\\\/\\\/www.norn.is\\\/eva\\\/2020\\\/08\\\/26\\\/for-aslaug-a-berjamo-eda-i-berjamo\\\/#breadcrumb\"},\"inLanguage\":\"is\",\"potentialAction\":[{\"@type\":\"ReadAction\",\"target\":[\"https:\\\/\\\/www.norn.is\\\/eva\\\/2020\\\/08\\\/26\\\/for-aslaug-a-berjamo-eda-i-berjamo\\\/\"]}]},{\"@type\":\"ImageObject\",\"inLanguage\":\"is\",\"@id\":\"https:\\\/\\\/www.norn.is\\\/eva\\\/2020\\\/08\\\/26\\\/for-aslaug-a-berjamo-eda-i-berjamo\\\/#primaryimage\",\"url\":\"https:\\\/\\\/www.norn.is\\\/eva\\\/wp-content\\\/uploads\\\/sites\\\/36\\\/2020\\\/08\\\/when-are-blueberries-ripe.jpg\",\"contentUrl\":\"https:\\\/\\\/www.norn.is\\\/eva\\\/wp-content\\\/uploads\\\/sites\\\/36\\\/2020\\\/08\\\/when-are-blueberries-ripe.jpg\",\"width\":1000,\"height\":667},{\"@type\":\"BreadcrumbList\",\"@id\":\"https:\\\/\\\/www.norn.is\\\/eva\\\/2020\\\/08\\\/26\\\/for-aslaug-a-berjamo-eda-i-berjamo\\\/#breadcrumb\",\"itemListElement\":[{\"@type\":\"ListItem\",\"position\":1,\"name\":\"Home\",\"item\":\"https:\\\/\\\/www.norn.is\\\/eva\\\/\"},{\"@type\":\"ListItem\",\"position\":2,\"name\":\"F\u00f3r \u00c1slaug \u00e1 berjam\u00f3 e\u00f0a \u00ed berjam\u00f3?\"}]},{\"@type\":\"WebSite\",\"@id\":\"https:\\\/\\\/www.norn.is\\\/eva\\\/#website\",\"url\":\"https:\\\/\\\/www.norn.is\\\/eva\\\/\",\"name\":\"Eva Hauksd\u00f3ttir\",\"description\":\"Evu blogg\",\"potentialAction\":[{\"@type\":\"SearchAction\",\"target\":{\"@type\":\"EntryPoint\",\"urlTemplate\":\"https:\\\/\\\/www.norn.is\\\/eva\\\/?s={search_term_string}\"},\"query-input\":{\"@type\":\"PropertyValueSpecification\",\"valueRequired\":true,\"valueName\":\"search_term_string\"}}],\"inLanguage\":\"is\"},{\"@type\":\"Person\",\"@id\":\"https:\\\/\\\/www.norn.is\\\/eva\\\/#\\\/schema\\\/person\\\/1d9742389918a297671033a2b53d3d34\",\"name\":\"Eva Hauksd\u00f3ttir\",\"image\":{\"@type\":\"ImageObject\",\"inLanguage\":\"is\",\"@id\":\"https:\\\/\\\/secure.gravatar.com\\\/avatar\\\/3690cd9ff7436a8a5d80acdc8fcb1046fbb9e002d4b532c85080d1bcbede84ce?s=96&d=mm&r=g\",\"url\":\"https:\\\/\\\/secure.gravatar.com\\\/avatar\\\/3690cd9ff7436a8a5d80acdc8fcb1046fbb9e002d4b532c85080d1bcbede84ce?s=96&d=mm&r=g\",\"contentUrl\":\"https:\\\/\\\/secure.gravatar.com\\\/avatar\\\/3690cd9ff7436a8a5d80acdc8fcb1046fbb9e002d4b532c85080d1bcbede84ce?s=96&d=mm&r=g\",\"caption\":\"Eva Hauksd\u00f3ttir\"},\"url\":\"https:\\\/\\\/www.norn.is\\\/eva\\\/author\\\/evahauks\\\/\"}]}<\/script>\n<!-- \/ Yoast SEO plugin. -->","yoast_head_json":{"title":"F\u00f3r \u00c1slaug \u00e1 berjam\u00f3 e\u00f0a \u00ed berjam\u00f3? - Eva Hauksd\u00f3ttir","robots":{"index":"index","follow":"follow","max-snippet":"max-snippet:-1","max-image-preview":"max-image-preview:large","max-video-preview":"max-video-preview:-1"},"canonical":"https:\/\/www.norn.is\/eva\/2020\/08\/26\/for-aslaug-a-berjamo-eda-i-berjamo\/","og_locale":"is_IS","og_type":"article","og_title":"F\u00f3r \u00c1slaug \u00e1 berjam\u00f3 e\u00f0a \u00ed berjam\u00f3? - Eva Hauksd\u00f3ttir","og_description":"Fer ma\u00f0ur \u00e1 berjam\u00f3 e\u00f0a \u00ed berjam\u00f3? Oft var \u00feyrlan \u00fat \u00e1 sj\u00f3upp \u00far h\u00e1ska f\u00f3lki\u00f0 dr\u00f3en afturs\u00e6ti\u00f0 er v\u00edst n\u00f3gef \u00c1slaug vill \u00e1 berjam\u00f3. \u00deessa v\u00edsu s\u00e1 \u00e9g \u00e1 Facebook s\u00ed\u00f0u G\u00edsla \u00c1sgeirssonar \u00ed dag og \u00fea\u00f0 rifja\u00f0i upp fyrir m\u00e9r a\u00f0 \u00feegar \u00e9g var barn kunni \u00e9g kv\u00e6\u00f0i sem heitir &#8222;Gunna \u00e1 berjam\u00f3&#8220;. [&hellip;]","og_url":"https:\/\/www.norn.is\/eva\/2020\/08\/26\/for-aslaug-a-berjamo-eda-i-berjamo\/","og_site_name":"Eva Hauksd\u00f3ttir","article_published_time":"2020-08-26T14:23:32+00:00","article_modified_time":"2020-09-15T13:12:43+00:00","og_image":[{"width":1000,"height":667,"url":"https:\/\/www.norn.is\/eva\/wp-content\/uploads\/sites\/36\/2020\/08\/when-are-blueberries-ripe.jpg","type":"image\/jpeg"}],"author":"Eva Hauksd\u00f3ttir","twitter_card":"summary_large_image","twitter_misc":{"Written by":false,"Est. reading time":"2 minutes"},"schema":{"@context":"https:\/\/schema.org","@graph":[{"@type":"Article","@id":"https:\/\/www.norn.is\/eva\/2020\/08\/26\/for-aslaug-a-berjamo-eda-i-berjamo\/#article","isPartOf":{"@id":"https:\/\/www.norn.is\/eva\/2020\/08\/26\/for-aslaug-a-berjamo-eda-i-berjamo\/"},"author":{"name":"Eva Hauksd\u00f3ttir","@id":"https:\/\/www.norn.is\/eva\/#\/schema\/person\/1d9742389918a297671033a2b53d3d34"},"headline":"F\u00f3r \u00c1slaug \u00e1 berjam\u00f3 e\u00f0a \u00ed berjam\u00f3?","datePublished":"2020-08-26T14:23:32+00:00","dateModified":"2020-09-15T13:12:43+00:00","mainEntityOfPage":{"@id":"https:\/\/www.norn.is\/eva\/2020\/08\/26\/for-aslaug-a-berjamo-eda-i-berjamo\/"},"wordCount":379,"image":{"@id":"https:\/\/www.norn.is\/eva\/2020\/08\/26\/for-aslaug-a-berjamo-eda-i-berjamo\/#primaryimage"},"thumbnailUrl":"https:\/\/www.norn.is\/eva\/wp-content\/uploads\/sites\/36\/2020\/08\/when-are-blueberries-ripe.jpg","keywords":["berjam\u00f3r","forsetingar","nytjar","vei\u00f0i"],"articleSection":["\u00cdslenskt m\u00e1l"],"inLanguage":"is"},{"@type":"WebPage","@id":"https:\/\/www.norn.is\/eva\/2020\/08\/26\/for-aslaug-a-berjamo-eda-i-berjamo\/","url":"https:\/\/www.norn.is\/eva\/2020\/08\/26\/for-aslaug-a-berjamo-eda-i-berjamo\/","name":"F\u00f3r \u00c1slaug \u00e1 berjam\u00f3 e\u00f0a \u00ed berjam\u00f3? - Eva Hauksd\u00f3ttir","isPartOf":{"@id":"https:\/\/www.norn.is\/eva\/#website"},"primaryImageOfPage":{"@id":"https:\/\/www.norn.is\/eva\/2020\/08\/26\/for-aslaug-a-berjamo-eda-i-berjamo\/#primaryimage"},"image":{"@id":"https:\/\/www.norn.is\/eva\/2020\/08\/26\/for-aslaug-a-berjamo-eda-i-berjamo\/#primaryimage"},"thumbnailUrl":"https:\/\/www.norn.is\/eva\/wp-content\/uploads\/sites\/36\/2020\/08\/when-are-blueberries-ripe.jpg","datePublished":"2020-08-26T14:23:32+00:00","dateModified":"2020-09-15T13:12:43+00:00","author":{"@id":"https:\/\/www.norn.is\/eva\/#\/schema\/person\/1d9742389918a297671033a2b53d3d34"},"breadcrumb":{"@id":"https:\/\/www.norn.is\/eva\/2020\/08\/26\/for-aslaug-a-berjamo-eda-i-berjamo\/#breadcrumb"},"inLanguage":"is","potentialAction":[{"@type":"ReadAction","target":["https:\/\/www.norn.is\/eva\/2020\/08\/26\/for-aslaug-a-berjamo-eda-i-berjamo\/"]}]},{"@type":"ImageObject","inLanguage":"is","@id":"https:\/\/www.norn.is\/eva\/2020\/08\/26\/for-aslaug-a-berjamo-eda-i-berjamo\/#primaryimage","url":"https:\/\/www.norn.is\/eva\/wp-content\/uploads\/sites\/36\/2020\/08\/when-are-blueberries-ripe.jpg","contentUrl":"https:\/\/www.norn.is\/eva\/wp-content\/uploads\/sites\/36\/2020\/08\/when-are-blueberries-ripe.jpg","width":1000,"height":667},{"@type":"BreadcrumbList","@id":"https:\/\/www.norn.is\/eva\/2020\/08\/26\/for-aslaug-a-berjamo-eda-i-berjamo\/#breadcrumb","itemListElement":[{"@type":"ListItem","position":1,"name":"Home","item":"https:\/\/www.norn.is\/eva\/"},{"@type":"ListItem","position":2,"name":"F\u00f3r \u00c1slaug \u00e1 berjam\u00f3 e\u00f0a \u00ed berjam\u00f3?"}]},{"@type":"WebSite","@id":"https:\/\/www.norn.is\/eva\/#website","url":"https:\/\/www.norn.is\/eva\/","name":"Eva Hauksd\u00f3ttir","description":"Evu blogg","potentialAction":[{"@type":"SearchAction","target":{"@type":"EntryPoint","urlTemplate":"https:\/\/www.norn.is\/eva\/?s={search_term_string}"},"query-input":{"@type":"PropertyValueSpecification","valueRequired":true,"valueName":"search_term_string"}}],"inLanguage":"is"},{"@type":"Person","@id":"https:\/\/www.norn.is\/eva\/#\/schema\/person\/1d9742389918a297671033a2b53d3d34","name":"Eva Hauksd\u00f3ttir","image":{"@type":"ImageObject","inLanguage":"is","@id":"https:\/\/secure.gravatar.com\/avatar\/3690cd9ff7436a8a5d80acdc8fcb1046fbb9e002d4b532c85080d1bcbede84ce?s=96&d=mm&r=g","url":"https:\/\/secure.gravatar.com\/avatar\/3690cd9ff7436a8a5d80acdc8fcb1046fbb9e002d4b532c85080d1bcbede84ce?s=96&d=mm&r=g","contentUrl":"https:\/\/secure.gravatar.com\/avatar\/3690cd9ff7436a8a5d80acdc8fcb1046fbb9e002d4b532c85080d1bcbede84ce?s=96&d=mm&r=g","caption":"Eva Hauksd\u00f3ttir"},"url":"https:\/\/www.norn.is\/eva\/author\/evahauks\/"}]}},"_links":{"self":[{"href":"https:\/\/www.norn.is\/eva\/wp-json\/wp\/v2\/posts\/3521","targetHints":{"allow":["GET"]}}],"collection":[{"href":"https:\/\/www.norn.is\/eva\/wp-json\/wp\/v2\/posts"}],"about":[{"href":"https:\/\/www.norn.is\/eva\/wp-json\/wp\/v2\/types\/post"}],"author":[{"embeddable":true,"href":"https:\/\/www.norn.is\/eva\/wp-json\/wp\/v2\/users\/7"}],"replies":[{"embeddable":true,"href":"https:\/\/www.norn.is\/eva\/wp-json\/wp\/v2\/comments?post=3521"}],"version-history":[{"count":19,"href":"https:\/\/www.norn.is\/eva\/wp-json\/wp\/v2\/posts\/3521\/revisions"}],"predecessor-version":[{"id":3848,"href":"https:\/\/www.norn.is\/eva\/wp-json\/wp\/v2\/posts\/3521\/revisions\/3848"}],"wp:featuredmedia":[{"embeddable":true,"href":"https:\/\/www.norn.is\/eva\/wp-json\/wp\/v2\/media\/3524"}],"wp:attachment":[{"href":"https:\/\/www.norn.is\/eva\/wp-json\/wp\/v2\/media?parent=3521"}],"wp:term":[{"taxonomy":"category","embeddable":true,"href":"https:\/\/www.norn.is\/eva\/wp-json\/wp\/v2\/categories?post=3521"},{"taxonomy":"post_tag","embeddable":true,"href":"https:\/\/www.norn.is\/eva\/wp-json\/wp\/v2\/tags?post=3521"}],"curies":[{"name":"wp","href":"https:\/\/api.w.org\/{rel}","templated":true}]}}