{"id":3512,"date":"2008-06-29T03:18:33","date_gmt":"2008-06-29T03:18:33","guid":{"rendered":"http:\/\/www.norn.is\/eva\/?p=3512"},"modified":"2020-08-25T03:23:10","modified_gmt":"2020-08-25T03:23:10","slug":"nyyrdasmidir-allra-landshluta-sameinist","status":"publish","type":"post","link":"https:\/\/www.norn.is\/eva\/2008\/06\/29\/nyyrdasmidir-allra-landshluta-sameinist\/","title":{"rendered":"N\u00fdyr\u00f0asmi\u00f0ir allra landshluta sameinist"},"content":{"rendered":"\n<p>\u00dea\u00f0 vantar \u00edslensk or\u00f0 yfir \u2018bionics\u2019 \u00ed sta\u00f0inn fyrir \u00feessa 5 l\u00edna sk\u00fdringu \u00ed or\u00f0ab\u00f3kinni, sem er aukinheldur svo fl\u00f3kin a\u00f0 m\u00e9r dettur ekki \u00ed hug a\u00f0 l\u00e6ra hana nema eiga kost \u00e1 pr\u00f3fsk\u00edrteini \u00fat \u00e1 \u00fea\u00f0.<\/p>\n\n\n\n<p>Pl\u00ed\u00ed\u00ed\u00eds, \u00fei\u00f0 sem taki\u00f0 a\u00f0 ykkur a\u00f0 finna n\u00fdtt or\u00f0, l\u00e1ti\u00f0 \u00fea\u00f0 r\u00edma \u00e1 m\u00f3ti rassgat. E\u00f0a elska. \u00de\u00e1tturinn g\u00e6ti \u00fe\u00e1 kallast krassgata\u00f0a konan (\u00fea\u00f0 stu\u00f0lar m.a.s.) e\u00f0a belska\u00f0a konan. Sko \u00e9g er m.a.s. komin me\u00f0 or\u00f0in svo n\u00fa \u00feurfi\u00f0 \u00fei\u00f0 n\u00fdyr\u00f0asmi\u00f0ir bara a\u00f0 finna g\u00f3\u00f0 r\u00f6k fyrir \u00feeim.<\/p>\n","protected":false},"excerpt":{"rendered":"<p>\u00dea\u00f0 vantar \u00edslensk or\u00f0 yfir \u2018bionics\u2019 \u00ed sta\u00f0inn fyrir \u00feessa 5 l\u00edna sk\u00fdringu \u00ed or\u00f0ab\u00f3kinni, sem er aukinheldur svo fl\u00f3kin a\u00f0 m\u00e9r dettur ekki \u00ed hug a\u00f0 l\u00e6ra hana nema eiga kost \u00e1 pr\u00f3fsk\u00edrteini \u00fat \u00e1 \u00fea\u00f0. Pl\u00ed\u00ed\u00ed\u00eds, \u00fei\u00f0 sem taki\u00f0 a\u00f0 ykkur a\u00f0 finna n\u00fdtt or\u00f0, l\u00e1ti\u00f0 \u00fea\u00f0 r\u00edma \u00e1 m\u00f3ti rassgat. E\u00f0a elska. [&hellip;]<\/p>\n","protected":false},"author":7,"featured_media":3513,"comment_status":"closed","ping_status":"open","sticky":false,"template":"","format":"standard","meta":{"_et_pb_use_builder":"","_et_pb_old_content":"","_et_gb_content_width":"","footnotes":""},"categories":[183,446],"tags":[714],"class_list":["post-3512","post","type-post","status-publish","format-standard","has-post-thumbnail","hentry","category-islenskt-mal","category-smaelki","tag-rim","et-has-post-format-content","et_post_format-et-post-format-standard"],"yoast_head":"<!-- This site is optimized with the Yoast SEO plugin v27.4 - https:\/\/yoast.com\/product\/yoast-seo-wordpress\/ -->\n<title>N\u00fdyr\u00f0asmi\u00f0ir allra landshluta sameinist - Eva Hauksd\u00f3ttir<\/title>\n<meta name=\"robots\" content=\"index, follow, max-snippet:-1, max-image-preview:large, max-video-preview:-1\" \/>\n<link rel=\"canonical\" href=\"https:\/\/www.norn.is\/eva\/2008\/06\/29\/nyyrdasmidir-allra-landshluta-sameinist\/\" \/>\n<meta property=\"og:locale\" content=\"is_IS\" \/>\n<meta property=\"og:type\" content=\"article\" \/>\n<meta property=\"og:title\" content=\"N\u00fdyr\u00f0asmi\u00f0ir allra landshluta sameinist - Eva Hauksd\u00f3ttir\" \/>\n<meta property=\"og:description\" content=\"\u00dea\u00f0 vantar \u00edslensk or\u00f0 yfir \u2018bionics\u2019 \u00ed sta\u00f0inn fyrir \u00feessa 5 l\u00edna sk\u00fdringu \u00ed or\u00f0ab\u00f3kinni, sem er aukinheldur svo fl\u00f3kin a\u00f0 m\u00e9r dettur ekki \u00ed hug a\u00f0 l\u00e6ra hana nema eiga kost \u00e1 pr\u00f3fsk\u00edrteini \u00fat \u00e1 \u00fea\u00f0. Pl\u00ed\u00ed\u00ed\u00eds, \u00fei\u00f0 sem taki\u00f0 a\u00f0 ykkur a\u00f0 finna n\u00fdtt or\u00f0, l\u00e1ti\u00f0 \u00fea\u00f0 r\u00edma \u00e1 m\u00f3ti rassgat. E\u00f0a elska. [&hellip;]\" \/>\n<meta property=\"og:url\" content=\"https:\/\/www.norn.is\/eva\/2008\/06\/29\/nyyrdasmidir-allra-landshluta-sameinist\/\" \/>\n<meta property=\"og:site_name\" content=\"Eva Hauksd\u00f3ttir\" \/>\n<meta property=\"article:published_time\" content=\"2008-06-29T03:18:33+00:00\" \/>\n<meta property=\"article:modified_time\" content=\"2020-08-25T03:23:10+00:00\" \/>\n<meta property=\"og:image\" content=\"https:\/\/www.norn.is\/eva\/wp-content\/uploads\/sites\/36\/2020\/08\/babysbreath-565db5095f9b5835e49114f5.webp\" \/>\n\t<meta property=\"og:image:width\" content=\"1686\" \/>\n\t<meta property=\"og:image:height\" content=\"1517\" \/>\n\t<meta property=\"og:image:type\" content=\"image\/webp\" \/>\n<meta name=\"author\" content=\"Eva Hauksd\u00f3ttir\" \/>\n<meta name=\"twitter:card\" content=\"summary_large_image\" \/>\n<meta name=\"twitter:label1\" content=\"Written by\" \/>\n\t<meta name=\"twitter:data1\" content=\"\" \/>\n\t<meta name=\"twitter:label2\" content=\"Est. reading time\" \/>\n\t<meta name=\"twitter:data2\" content=\"1 minute\" \/>\n<script type=\"application\/ld+json\" class=\"yoast-schema-graph\">{\"@context\":\"https:\\\/\\\/schema.org\",\"@graph\":[{\"@type\":\"Article\",\"@id\":\"https:\\\/\\\/www.norn.is\\\/eva\\\/2008\\\/06\\\/29\\\/nyyrdasmidir-allra-landshluta-sameinist\\\/#article\",\"isPartOf\":{\"@id\":\"https:\\\/\\\/www.norn.is\\\/eva\\\/2008\\\/06\\\/29\\\/nyyrdasmidir-allra-landshluta-sameinist\\\/\"},\"author\":{\"name\":\"Eva Hauksd\u00f3ttir\",\"@id\":\"https:\\\/\\\/www.norn.is\\\/eva\\\/#\\\/schema\\\/person\\\/1d9742389918a297671033a2b53d3d34\"},\"headline\":\"N\u00fdyr\u00f0asmi\u00f0ir allra landshluta sameinist\",\"datePublished\":\"2008-06-29T03:18:33+00:00\",\"dateModified\":\"2020-08-25T03:23:10+00:00\",\"mainEntityOfPage\":{\"@id\":\"https:\\\/\\\/www.norn.is\\\/eva\\\/2008\\\/06\\\/29\\\/nyyrdasmidir-allra-landshluta-sameinist\\\/\"},\"wordCount\":115,\"image\":{\"@id\":\"https:\\\/\\\/www.norn.is\\\/eva\\\/2008\\\/06\\\/29\\\/nyyrdasmidir-allra-landshluta-sameinist\\\/#primaryimage\"},\"thumbnailUrl\":\"https:\\\/\\\/www.norn.is\\\/eva\\\/wp-content\\\/uploads\\\/sites\\\/36\\\/2020\\\/08\\\/babysbreath-565db5095f9b5835e49114f5.webp\",\"keywords\":[\"r\u00edm\"],\"articleSection\":[\"\u00cdslenskt m\u00e1l\",\"Sm\u00e6lki\"],\"inLanguage\":\"is\"},{\"@type\":\"WebPage\",\"@id\":\"https:\\\/\\\/www.norn.is\\\/eva\\\/2008\\\/06\\\/29\\\/nyyrdasmidir-allra-landshluta-sameinist\\\/\",\"url\":\"https:\\\/\\\/www.norn.is\\\/eva\\\/2008\\\/06\\\/29\\\/nyyrdasmidir-allra-landshluta-sameinist\\\/\",\"name\":\"N\u00fdyr\u00f0asmi\u00f0ir allra landshluta sameinist - Eva Hauksd\u00f3ttir\",\"isPartOf\":{\"@id\":\"https:\\\/\\\/www.norn.is\\\/eva\\\/#website\"},\"primaryImageOfPage\":{\"@id\":\"https:\\\/\\\/www.norn.is\\\/eva\\\/2008\\\/06\\\/29\\\/nyyrdasmidir-allra-landshluta-sameinist\\\/#primaryimage\"},\"image\":{\"@id\":\"https:\\\/\\\/www.norn.is\\\/eva\\\/2008\\\/06\\\/29\\\/nyyrdasmidir-allra-landshluta-sameinist\\\/#primaryimage\"},\"thumbnailUrl\":\"https:\\\/\\\/www.norn.is\\\/eva\\\/wp-content\\\/uploads\\\/sites\\\/36\\\/2020\\\/08\\\/babysbreath-565db5095f9b5835e49114f5.webp\",\"datePublished\":\"2008-06-29T03:18:33+00:00\",\"dateModified\":\"2020-08-25T03:23:10+00:00\",\"author\":{\"@id\":\"https:\\\/\\\/www.norn.is\\\/eva\\\/#\\\/schema\\\/person\\\/1d9742389918a297671033a2b53d3d34\"},\"breadcrumb\":{\"@id\":\"https:\\\/\\\/www.norn.is\\\/eva\\\/2008\\\/06\\\/29\\\/nyyrdasmidir-allra-landshluta-sameinist\\\/#breadcrumb\"},\"inLanguage\":\"is\",\"potentialAction\":[{\"@type\":\"ReadAction\",\"target\":[\"https:\\\/\\\/www.norn.is\\\/eva\\\/2008\\\/06\\\/29\\\/nyyrdasmidir-allra-landshluta-sameinist\\\/\"]}]},{\"@type\":\"ImageObject\",\"inLanguage\":\"is\",\"@id\":\"https:\\\/\\\/www.norn.is\\\/eva\\\/2008\\\/06\\\/29\\\/nyyrdasmidir-allra-landshluta-sameinist\\\/#primaryimage\",\"url\":\"https:\\\/\\\/www.norn.is\\\/eva\\\/wp-content\\\/uploads\\\/sites\\\/36\\\/2020\\\/08\\\/babysbreath-565db5095f9b5835e49114f5.webp\",\"contentUrl\":\"https:\\\/\\\/www.norn.is\\\/eva\\\/wp-content\\\/uploads\\\/sites\\\/36\\\/2020\\\/08\\\/babysbreath-565db5095f9b5835e49114f5.webp\",\"width\":1686,\"height\":1517},{\"@type\":\"BreadcrumbList\",\"@id\":\"https:\\\/\\\/www.norn.is\\\/eva\\\/2008\\\/06\\\/29\\\/nyyrdasmidir-allra-landshluta-sameinist\\\/#breadcrumb\",\"itemListElement\":[{\"@type\":\"ListItem\",\"position\":1,\"name\":\"Home\",\"item\":\"https:\\\/\\\/www.norn.is\\\/eva\\\/\"},{\"@type\":\"ListItem\",\"position\":2,\"name\":\"N\u00fdyr\u00f0asmi\u00f0ir allra landshluta sameinist\"}]},{\"@type\":\"WebSite\",\"@id\":\"https:\\\/\\\/www.norn.is\\\/eva\\\/#website\",\"url\":\"https:\\\/\\\/www.norn.is\\\/eva\\\/\",\"name\":\"Eva Hauksd\u00f3ttir\",\"description\":\"Evu blogg\",\"potentialAction\":[{\"@type\":\"SearchAction\",\"target\":{\"@type\":\"EntryPoint\",\"urlTemplate\":\"https:\\\/\\\/www.norn.is\\\/eva\\\/?s={search_term_string}\"},\"query-input\":{\"@type\":\"PropertyValueSpecification\",\"valueRequired\":true,\"valueName\":\"search_term_string\"}}],\"inLanguage\":\"is\"},{\"@type\":\"Person\",\"@id\":\"https:\\\/\\\/www.norn.is\\\/eva\\\/#\\\/schema\\\/person\\\/1d9742389918a297671033a2b53d3d34\",\"name\":\"Eva Hauksd\u00f3ttir\",\"image\":{\"@type\":\"ImageObject\",\"inLanguage\":\"is\",\"@id\":\"https:\\\/\\\/secure.gravatar.com\\\/avatar\\\/3690cd9ff7436a8a5d80acdc8fcb1046fbb9e002d4b532c85080d1bcbede84ce?s=96&d=mm&r=g\",\"url\":\"https:\\\/\\\/secure.gravatar.com\\\/avatar\\\/3690cd9ff7436a8a5d80acdc8fcb1046fbb9e002d4b532c85080d1bcbede84ce?s=96&d=mm&r=g\",\"contentUrl\":\"https:\\\/\\\/secure.gravatar.com\\\/avatar\\\/3690cd9ff7436a8a5d80acdc8fcb1046fbb9e002d4b532c85080d1bcbede84ce?s=96&d=mm&r=g\",\"caption\":\"Eva Hauksd\u00f3ttir\"},\"url\":\"https:\\\/\\\/www.norn.is\\\/eva\\\/author\\\/evahauks\\\/\"}]}<\/script>\n<!-- \/ Yoast SEO plugin. -->","yoast_head_json":{"title":"N\u00fdyr\u00f0asmi\u00f0ir allra landshluta sameinist - Eva Hauksd\u00f3ttir","robots":{"index":"index","follow":"follow","max-snippet":"max-snippet:-1","max-image-preview":"max-image-preview:large","max-video-preview":"max-video-preview:-1"},"canonical":"https:\/\/www.norn.is\/eva\/2008\/06\/29\/nyyrdasmidir-allra-landshluta-sameinist\/","og_locale":"is_IS","og_type":"article","og_title":"N\u00fdyr\u00f0asmi\u00f0ir allra landshluta sameinist - Eva Hauksd\u00f3ttir","og_description":"\u00dea\u00f0 vantar \u00edslensk or\u00f0 yfir \u2018bionics\u2019 \u00ed sta\u00f0inn fyrir \u00feessa 5 l\u00edna sk\u00fdringu \u00ed or\u00f0ab\u00f3kinni, sem er aukinheldur svo fl\u00f3kin a\u00f0 m\u00e9r dettur ekki \u00ed hug a\u00f0 l\u00e6ra hana nema eiga kost \u00e1 pr\u00f3fsk\u00edrteini \u00fat \u00e1 \u00fea\u00f0. Pl\u00ed\u00ed\u00ed\u00eds, \u00fei\u00f0 sem taki\u00f0 a\u00f0 ykkur a\u00f0 finna n\u00fdtt or\u00f0, l\u00e1ti\u00f0 \u00fea\u00f0 r\u00edma \u00e1 m\u00f3ti rassgat. E\u00f0a elska. [&hellip;]","og_url":"https:\/\/www.norn.is\/eva\/2008\/06\/29\/nyyrdasmidir-allra-landshluta-sameinist\/","og_site_name":"Eva Hauksd\u00f3ttir","article_published_time":"2008-06-29T03:18:33+00:00","article_modified_time":"2020-08-25T03:23:10+00:00","og_image":[{"width":1686,"height":1517,"url":"https:\/\/www.norn.is\/eva\/wp-content\/uploads\/sites\/36\/2020\/08\/babysbreath-565db5095f9b5835e49114f5.webp","type":"image\/webp"}],"author":"Eva Hauksd\u00f3ttir","twitter_card":"summary_large_image","twitter_misc":{"Written by":false,"Est. reading time":"1 minute"},"schema":{"@context":"https:\/\/schema.org","@graph":[{"@type":"Article","@id":"https:\/\/www.norn.is\/eva\/2008\/06\/29\/nyyrdasmidir-allra-landshluta-sameinist\/#article","isPartOf":{"@id":"https:\/\/www.norn.is\/eva\/2008\/06\/29\/nyyrdasmidir-allra-landshluta-sameinist\/"},"author":{"name":"Eva Hauksd\u00f3ttir","@id":"https:\/\/www.norn.is\/eva\/#\/schema\/person\/1d9742389918a297671033a2b53d3d34"},"headline":"N\u00fdyr\u00f0asmi\u00f0ir allra landshluta sameinist","datePublished":"2008-06-29T03:18:33+00:00","dateModified":"2020-08-25T03:23:10+00:00","mainEntityOfPage":{"@id":"https:\/\/www.norn.is\/eva\/2008\/06\/29\/nyyrdasmidir-allra-landshluta-sameinist\/"},"wordCount":115,"image":{"@id":"https:\/\/www.norn.is\/eva\/2008\/06\/29\/nyyrdasmidir-allra-landshluta-sameinist\/#primaryimage"},"thumbnailUrl":"https:\/\/www.norn.is\/eva\/wp-content\/uploads\/sites\/36\/2020\/08\/babysbreath-565db5095f9b5835e49114f5.webp","keywords":["r\u00edm"],"articleSection":["\u00cdslenskt m\u00e1l","Sm\u00e6lki"],"inLanguage":"is"},{"@type":"WebPage","@id":"https:\/\/www.norn.is\/eva\/2008\/06\/29\/nyyrdasmidir-allra-landshluta-sameinist\/","url":"https:\/\/www.norn.is\/eva\/2008\/06\/29\/nyyrdasmidir-allra-landshluta-sameinist\/","name":"N\u00fdyr\u00f0asmi\u00f0ir allra landshluta sameinist - Eva Hauksd\u00f3ttir","isPartOf":{"@id":"https:\/\/www.norn.is\/eva\/#website"},"primaryImageOfPage":{"@id":"https:\/\/www.norn.is\/eva\/2008\/06\/29\/nyyrdasmidir-allra-landshluta-sameinist\/#primaryimage"},"image":{"@id":"https:\/\/www.norn.is\/eva\/2008\/06\/29\/nyyrdasmidir-allra-landshluta-sameinist\/#primaryimage"},"thumbnailUrl":"https:\/\/www.norn.is\/eva\/wp-content\/uploads\/sites\/36\/2020\/08\/babysbreath-565db5095f9b5835e49114f5.webp","datePublished":"2008-06-29T03:18:33+00:00","dateModified":"2020-08-25T03:23:10+00:00","author":{"@id":"https:\/\/www.norn.is\/eva\/#\/schema\/person\/1d9742389918a297671033a2b53d3d34"},"breadcrumb":{"@id":"https:\/\/www.norn.is\/eva\/2008\/06\/29\/nyyrdasmidir-allra-landshluta-sameinist\/#breadcrumb"},"inLanguage":"is","potentialAction":[{"@type":"ReadAction","target":["https:\/\/www.norn.is\/eva\/2008\/06\/29\/nyyrdasmidir-allra-landshluta-sameinist\/"]}]},{"@type":"ImageObject","inLanguage":"is","@id":"https:\/\/www.norn.is\/eva\/2008\/06\/29\/nyyrdasmidir-allra-landshluta-sameinist\/#primaryimage","url":"https:\/\/www.norn.is\/eva\/wp-content\/uploads\/sites\/36\/2020\/08\/babysbreath-565db5095f9b5835e49114f5.webp","contentUrl":"https:\/\/www.norn.is\/eva\/wp-content\/uploads\/sites\/36\/2020\/08\/babysbreath-565db5095f9b5835e49114f5.webp","width":1686,"height":1517},{"@type":"BreadcrumbList","@id":"https:\/\/www.norn.is\/eva\/2008\/06\/29\/nyyrdasmidir-allra-landshluta-sameinist\/#breadcrumb","itemListElement":[{"@type":"ListItem","position":1,"name":"Home","item":"https:\/\/www.norn.is\/eva\/"},{"@type":"ListItem","position":2,"name":"N\u00fdyr\u00f0asmi\u00f0ir allra landshluta sameinist"}]},{"@type":"WebSite","@id":"https:\/\/www.norn.is\/eva\/#website","url":"https:\/\/www.norn.is\/eva\/","name":"Eva Hauksd\u00f3ttir","description":"Evu blogg","potentialAction":[{"@type":"SearchAction","target":{"@type":"EntryPoint","urlTemplate":"https:\/\/www.norn.is\/eva\/?s={search_term_string}"},"query-input":{"@type":"PropertyValueSpecification","valueRequired":true,"valueName":"search_term_string"}}],"inLanguage":"is"},{"@type":"Person","@id":"https:\/\/www.norn.is\/eva\/#\/schema\/person\/1d9742389918a297671033a2b53d3d34","name":"Eva Hauksd\u00f3ttir","image":{"@type":"ImageObject","inLanguage":"is","@id":"https:\/\/secure.gravatar.com\/avatar\/3690cd9ff7436a8a5d80acdc8fcb1046fbb9e002d4b532c85080d1bcbede84ce?s=96&d=mm&r=g","url":"https:\/\/secure.gravatar.com\/avatar\/3690cd9ff7436a8a5d80acdc8fcb1046fbb9e002d4b532c85080d1bcbede84ce?s=96&d=mm&r=g","contentUrl":"https:\/\/secure.gravatar.com\/avatar\/3690cd9ff7436a8a5d80acdc8fcb1046fbb9e002d4b532c85080d1bcbede84ce?s=96&d=mm&r=g","caption":"Eva Hauksd\u00f3ttir"},"url":"https:\/\/www.norn.is\/eva\/author\/evahauks\/"}]}},"_links":{"self":[{"href":"https:\/\/www.norn.is\/eva\/wp-json\/wp\/v2\/posts\/3512","targetHints":{"allow":["GET"]}}],"collection":[{"href":"https:\/\/www.norn.is\/eva\/wp-json\/wp\/v2\/posts"}],"about":[{"href":"https:\/\/www.norn.is\/eva\/wp-json\/wp\/v2\/types\/post"}],"author":[{"embeddable":true,"href":"https:\/\/www.norn.is\/eva\/wp-json\/wp\/v2\/users\/7"}],"replies":[{"embeddable":true,"href":"https:\/\/www.norn.is\/eva\/wp-json\/wp\/v2\/comments?post=3512"}],"version-history":[{"count":1,"href":"https:\/\/www.norn.is\/eva\/wp-json\/wp\/v2\/posts\/3512\/revisions"}],"predecessor-version":[{"id":3514,"href":"https:\/\/www.norn.is\/eva\/wp-json\/wp\/v2\/posts\/3512\/revisions\/3514"}],"wp:featuredmedia":[{"embeddable":true,"href":"https:\/\/www.norn.is\/eva\/wp-json\/wp\/v2\/media\/3513"}],"wp:attachment":[{"href":"https:\/\/www.norn.is\/eva\/wp-json\/wp\/v2\/media?parent=3512"}],"wp:term":[{"taxonomy":"category","embeddable":true,"href":"https:\/\/www.norn.is\/eva\/wp-json\/wp\/v2\/categories?post=3512"},{"taxonomy":"post_tag","embeddable":true,"href":"https:\/\/www.norn.is\/eva\/wp-json\/wp\/v2\/tags?post=3512"}],"curies":[{"name":"wp","href":"https:\/\/api.w.org\/{rel}","templated":true}]}}