{"id":3455,"date":"2008-06-13T06:59:39","date_gmt":"2008-06-13T06:59:39","guid":{"rendered":"http:\/\/www.norn.is\/eva\/?p=3455"},"modified":"2020-08-22T07:27:05","modified_gmt":"2020-08-22T07:27:05","slug":"gullkorn-ur-stora-vegatalmunarmalinu","status":"publish","type":"post","link":"https:\/\/www.norn.is\/eva\/2008\/06\/13\/gullkorn-ur-stora-vegatalmunarmalinu\/","title":{"rendered":"Gullkorn \u00far st\u00f3ra vegat\u00e1lmunarm\u00e1linu"},"content":{"rendered":"\n<p>Lesendum til skemmtunar \u00e6tla \u00e9g n\u00fa loksins a\u00f0 birta nokkur gullkorn \u00far vitnalei\u00f0slum og m\u00e1lflutningi \u00ed st\u00f3ra vegat\u00e1lmunarm\u00e1linu. \u00deess ber a\u00f0 geta a\u00f0 \u00e9g hef ekki uppt\u00f6kur tilt\u00e6kar, svo \u00fe\u00f3tt \u00e9g setji \u00feetta upp sem samt\u00f6l getur vel veri\u00f0 a\u00f0 or\u00f0alag s\u00e9 l\u00edtillega breytt og \u00fea\u00f0 sama \u00e1 vi\u00f0 um atbur\u00f0ar\u00f6\u00f0ina.<\/p>\n\n\n\n<p>\u00dea\u00f0 er mikil synd a\u00f0 geta ekki s\u00fdnt svipbrig\u00f0i og raddbl\u00e6. \u00c9g hef alltaf haldi\u00f0 a\u00f0 Boston Legal \u00fe\u00e6ttirnir s\u00fdndu fremur \u00f3tr\u00faver\u00f0uga mynd af r\u00e9ttarh\u00f6ldum en eftir \u00feessa k\u00f3mid\u00edu er \u00e9g alvarlega a\u00f0 hugsa um a\u00f0 skella m\u00e9r \u00ed l\u00f6gfr\u00e6\u00f0i.<\/p>\n\n\n\n<h2 class=\"wp-block-heading\"><strong>1. &nbsp;gullkorn<\/strong><\/h2>\n\n\n\n<p>Verjandi (Ragnar A\u00f0alsteinsson): G\u00e1tu b\u00edlar komist fram hj\u00e1 hindruninni?<br>Vitni (l\u00f6gregluma\u00f0ur): Nei.<br>Verjandi: N\u00fa hafa a\u00f0rir l\u00f6greglumenn bori\u00f0 a\u00f0 b\u00edlum hafi veri\u00f0 eki\u00f0 fram hj\u00e1. T\u00f3k vitni\u00f0 ekki eftir \u00fev\u00ed a\u00f0 \u00fea\u00f0 v\u00e6ri gert?<br>Vitni: Nei, \u00e9g s\u00e1 \u00fea\u00f0 ekki enda var \u00ed n\u00f3gu \u00f6\u00f0ru a\u00f0 sn\u00faast.<\/p>\n\n\n\n<p>Semsagt: Starfandi l\u00f6gregluma\u00f0ur tekur ekki eftir \u00fev\u00ed sem er a\u00f0 gerast \u00e1 vettvangi, ekki einu sinni st\u00f3rum b\u00edlum sem er eki\u00f0 \u00fat af veginum, af \u00fev\u00ed a\u00f0 hann hefur \u00ed n\u00f3gu a\u00f0 sn\u00faast. \u00dea\u00f0 ber au\u00f0vita\u00f0 a\u00f0 hafa \u00ed huga a\u00f0 \u00e1 sta\u00f0num voru 9 m\u00f3tm\u00e6lendur, \u00fear af 6 fastir undir b\u00edlum, 2 sitjandi inni \u00ed l\u00f6greglub\u00edl og einn uppi \u00ed krana. L\u00edklega hafa ekki veri\u00f0 nema um 10 l\u00f6greglumenn \u00e1 sta\u00f0num (b\u00edlarnir voru farnir fram hj\u00e1 \u00e1\u00f0ur en s\u00e9rsveitin b\u00e6ttist \u00ed h\u00f3pinn), auk \u00f6ryggisvar\u00f0a og vitanlega ekki \u00e1 nokkurn mann leggjandi a\u00f0 hafa auga me\u00f0 umfer\u00f0 framhj\u00e1 hindruninni \u00e1 me\u00f0an m\u00f3tm\u00e6lalega \u00feessa hr\u00e6\u00f0ilega h\u00f3ps st\u00f3\u00f0 yfir enda \u00ed n\u00f3gu a\u00f0 sn\u00faast.<\/p>\n\n\n\n<h2 class=\"wp-block-heading\"><strong>2. gullkorn<\/strong><\/h2>\n\n\n\n<p>Verjandi: \u00d3gnu\u00f0u \u00e1k\u00e6r\u00f0u l\u00f6greglunni e\u00f0a \u00f6\u00f0rum \u00e1 sta\u00f0num?<br>Vitni (l\u00f6greglukona): Nei.<br>Verjandi: L\u00e9tu \u00feeir \u00e1 einhvern h\u00e1tt \u00f3fri\u00f0lega e\u00f0a s\u00fdndu \u00f6grandi framkomu?<br>Vitni: Nei, \u00feau voru alveg r\u00f3leg, s\u00f6g\u00f0u eiginlega ekki neitt.<br>Verjandi: Voru \u00e1k\u00e6r\u00f0u handj\u00e1rna\u00f0ir?<br>Vitni: J\u00e1, e\u00f0a sumir voru bensla\u00f0ir.<br>Verjandi: Af hverju var r\u00f3legt f\u00f3lk sem \u00f6gra\u00f0i engum handj\u00e1rna\u00f0?<br>Vitni: Ja, \u00fea\u00f0 bara &nbsp;\u2026 \u00dea\u00f0 er bara gert. Vi\u00f0 h\u00f6fum r\u00e9tt til \u00feess.<br>Verjandi: Er \u00fea\u00f0 venja l\u00f6greglunnar a\u00f0 handj\u00e1rna f\u00f3lk sem s\u00fdnir engan m\u00f3t\u00fer\u00f3a og er ekki me\u00f0 nein l\u00e6ti?<br>Vitni: Neei. Ekki venjulega.<br>Verjandi: Hva\u00f0a venjur gilda um \u00fea\u00f0 hvort f\u00f3lk sem l\u00f6greglan hefur afskipti af er handj\u00e1rna\u00f0 e\u00f0a ekki?<br>Vitni: \u00c9g get ekki svara\u00f0 \u00feessari spurningu.<\/p>\n\n\n\n<p>Semsagt: Anna\u00f0hvort eru ekki til nein vi\u00f0mi\u00f0 um \u00fea\u00f0 hvernig eigi a\u00f0 fara me\u00f0 handteki\u00f0 f\u00f3lk, og \u00fea\u00f0 er \u00fe\u00e1 algerlega ge\u00f0\u00fe\u00f3tta\u00e1kv\u00f6r\u00f0un l\u00f6greglunnar hverju sinni, e\u00f0a \u00fe\u00e1 a\u00f0 \u00feeir sem sj\u00e1 um a\u00f0 handtaka f\u00f3lk og handj\u00e1rna, vita ekki hverjar reglurnar eru.<\/p>\n\n\n\n<h2 class=\"wp-block-heading\"><strong><br>3. gullkorn<\/strong><\/h2>\n\n\n\n<p>Verjandi: N\u00fa hefur vitni\u00f0 bori\u00f0 a\u00f0 \u00e1k\u00e6r\u00f0u hafi seti\u00f0 sallar\u00f3leg \u00ed b\u00edlnum um nokkra hr\u00ed\u00f0 \u00e1\u00f0ur en var lagt af sta\u00f0. Hva\u00f0 var\u00f0 til \u00feess a\u00f0 \u00e1kve\u00f0i\u00f0 var a\u00f0 handj\u00e1rna f\u00f3lki\u00f0?<br>Vitni (l\u00f6gregluma\u00f0ur): \u00dea\u00f0 er bara g\u00f3\u00f0 regla a\u00f0 handj\u00e1rna f\u00f3lk \u00e1\u00f0ur en er lagt af sta\u00f0. Ma\u00f0ur veit aldrei hva\u00f0 getur gerst. \u00dea\u00f0 hefur komi\u00f0 fyrir a\u00f0 f\u00f3lk sturlist skyndilega.<br>Verjandi: Var eitthva\u00f0 \u00ed fari \u00e1k\u00e6r\u00f0u sem gaf l\u00f6greglunni tilefni til a\u00f0 hafa \u00e1hyggjur af \u00fev\u00ed?<br>Vitni: Nei, ekki beinl\u00ednis, \u00feau voru ekkert a\u00f0 sl\u00e1st en \u00fea\u00f0 \u00fe\u00f3tti bara \u00f6ruggara.<\/p>\n\n\n\n<p>Jamm.<\/p>\n\n\n\n<h2 class=\"wp-block-heading\"><strong>4. gullkorn<\/strong><\/h2>\n\n\n\n<p>Verjandi: Getur vitni\u00f0 gefi\u00f0 einhverjar sk\u00fdringar \u00e1 \u00fev\u00ed hversvegna \u00fe\u00f3tti nau\u00f0synlegt a\u00f0 handj\u00e1rna f\u00f3lki\u00f0?<br>Vitni (l\u00f6gregluma\u00f0ur): Ma\u00f0ur veit n\u00e1tt\u00farulega ekkert hverskonar f\u00f3lk \u00feetta er. \u00dearna var n\u00fa t.d. ma\u00f0ur af erlendu bergi brotinn.<\/p>\n\n\n\n<p>\u00c9g kann ekki vi\u00f0 a\u00f0 birta mynd af \u00feessum hr\u00e6\u00f0ilega \u00fatlendingi \u00e1n leyfis en \u00feeir sem hafa n\u00e6gan \u00e1huga \u00e1 \u00fev\u00ed a\u00f0 sj\u00e1 hillar\u00edusinn \u00ed \u00feessu til a\u00f0 finna sj\u00e1lfir \u00fat hva\u00f0 hann heitir \u00e6ttu endilega a\u00f0 nota google til a\u00f0 sj\u00e1 mynd af honum.<\/p>\n\n\n\n<h2 class=\"wp-block-heading\"><strong>5. gullkorn<\/strong><\/h2>\n\n\n\n<p>Fj\u00f6ldi l\u00f6greglumanna hefur komi\u00f0 fram og l\u00fdst \u00fev\u00ed hva\u00f0 einn m\u00f3tm\u00e6lenda hafi sett sj\u00e1lfan sig og a\u00f0ra \u00ed g\u00edfurlega l\u00edfsh\u00e6ttu me\u00f0 \u00fev\u00ed a\u00f0 klifra upp \u00ed krana. Reyndar \u00e1 \u00e9g n\u00fa d\u00e1l\u00edti\u00f0 erfitt me\u00f0 a\u00f0 \u00e1tta mig \u00e1 \u00feessari l\u00edfsh\u00e6ttu \u00fear sem ma\u00f0urinn var au\u00f0vita\u00f0 me\u00f0 \u00e1g\u00e6tan \u00f6ryggisb\u00fana\u00f0. Hva\u00f0 \u00fe\u00e1 a\u00f0 \u00f6\u00f0rum hafi sta\u00f0i\u00f0 h\u00e6tta af honum, \u00f6nnur en s\u00fa a\u00f0 \u00feurfa a\u00f0 horfast \u00ed augu vi\u00f0 \u00f3\u00fe\u00e6gileg skilabo\u00f0 sem hann hengdi upp \u00ed kranann (en \u00fea\u00f0 var tilgangur hans me\u00f0 klifrinu). Sannleikurinn um \u00e1li\u00f0na\u00f0inn er reyndar \u00f3\u00fe\u00e6gilegur en l\u00edfsh\u00e6ttulegur er hann n\u00fa ekki. Hva\u00f0 um \u00fea\u00f0, n\u00fa kemur fram vitni sem hefur nokkra s\u00e9rst\u00f6\u00f0u me\u00f0al l\u00f6greglumanna.<\/p>\n\n\n\n<p>Verjandi: Kannast vitni\u00f0 vi\u00f0 a\u00f0 kraninn hafi veri\u00f0 hreyf\u00f0ur \u00e1 me\u00f0an \u00e1k\u00e6r\u00f0i var uppi \u00ed honum?<br>Vitni: J\u00e1. Hann var of h\u00e1tt uppi til a\u00f0 h\u00e6gt v\u00e6ri a\u00f0 n\u00e1 tali af honum og \u00feessvegna \u00e1kv\u00e1\u00f0um vi\u00f0 a\u00f0 f\u00e1 stigab\u00edl til a\u00f0 komast a\u00f0 honum. Vi\u00f0 \u00feurftum a\u00f0 hreyfa kranann til \u00feess.<br>Verjandi: Telur vitni\u00f0 a\u00f0 l\u00f6greglan hafi sett \u00e1k\u00e6r\u00f0a \u00ed h\u00e6ttu me\u00f0 \u00fev\u00ed a\u00f0 hreyfa kranann?<br>Vitni: Nei, \u00e9g bar \u00fea\u00f0 undir stj\u00f3rnanda kranans og hann taldi \u00fea\u00f0 ekki \u00e1h\u00e6ttusamt ef v\u00e6ri fari\u00f0 varlega.<\/p>\n\n\n\n<p>Af \u00feessu m\u00e1 r\u00e1\u00f0a: \u00dea\u00f0 er l\u00edfsh\u00e6ttulegt a\u00f0 vera uppi \u00ed krana. Nema hann s\u00e9 \u00e1 hreyfingu. Annars er n\u00fa skemmtilegt a\u00f0 geta \u00feess a\u00f0 kranaklifrarinn er s\u00e1 eini \u00ed m\u00e1linu sem ekki er \u00e1k\u00e6r\u00f0ur fyrir \u00f3hl\u00fd\u00f0ni vi\u00f0 l\u00f6greglu. Enda \u00feurfti engan stigab\u00edl til a\u00f0 n\u00e1 honum ni\u00f0ur. Hann klifra\u00f0i sj\u00e1lfur ni\u00f0ur \u00feegar hann var b\u00fainn a\u00f0 koma bor\u00f0anum fyrir, enda var \u00fea\u00f0 eini tilgangur hans me\u00f0 a\u00f0ger\u00f0inni. Hann var aftur \u00e1 m\u00f3ti \u00e1k\u00e6r\u00f0ur fyrir h\u00fasbrot.<\/p>\n\n\n\n<h2 class=\"wp-block-heading\"><strong>6. gullkorn<\/strong><\/h2>\n\n\n\n<p>Saks\u00f3knari hefur be\u00f0i\u00f0 vitni\u00f0 (l\u00f6greglumann) a\u00f0 l\u00fdsa \u00fev\u00ed sem ger\u00f0ist \u00e1 vettvangi. Hluti af frambur\u00f0i er \u00e1 \u00feessa lei\u00f0:<\/p>\n\n\n\n<p>Eva og Haukur voru \u00fearna \u00ed forsvari og \u00feau f\u00f3ru \u00ed \u00fea\u00f0 a\u00f0 \u00fe\u00fd\u00f0a \u00fea\u00f0 sem vi\u00f0 s\u00f6g\u00f0um fyrir \u00fe\u00e1 sem skildu ekki \u00edslensku. [\u2026] Vi\u00f0 b\u00e1\u00f0um \u00feau a\u00f0 koma \u00feeim fyrirm\u00e6lum til f\u00f3lksins a\u00f0 \u00fea\u00f0 \u00e6tti a\u00f0 fara en \u00feau neitu\u00f0u samstarfi.<\/p>\n\n\n\n<p>Hmmm?<br>Reyndar er \u00fea\u00f0 alveg r\u00e9tt a\u00f0 \u00e9g neita\u00f0i a\u00f0 gefa \u00f6\u00f0ru f\u00f3lki fyrirm\u00e6li enda er \u00e9g engin l\u00f6gga. \u00c9g minnist \u00feess hinsvegar ekki a\u00f0 hafa teki\u00f0 a\u00f0 m\u00e9r t\u00falkunarstarf fyrir l\u00f6gregluna, hva\u00f0 \u00fe\u00e1 a\u00f0 mig renni \u00ed grun hvern fjandann \u00e9g hef \u00e1tt a\u00f0 vera a\u00f0 \u00fe\u00fd\u00f0a, fyrst \u00fea\u00f0 voru ekki fyrirm\u00e6li um a\u00f0 h\u00e6tta a\u00f0ger\u00f0um. Reyndar minnist \u00e9g \u00feess ekki a\u00f0 hafa tala\u00f0 vi\u00f0 neinn \u00fatlending \u00e1 me\u00f0an \u00e1 \u00feessu st\u00f3\u00f0 (enda var \u00e9g handtekin fyrst og haf\u00f0i \u00fev\u00ed ekki mikil t\u00f6k \u00e1 a\u00f0 hafa samskipti vi\u00f0 \u00feau yfirh\u00f6fiu\u00f0) \u00c9g \u00e6tti l\u00edklega a\u00f0 senda l\u00f6greglunni reikning fyrir \u00fej\u00f3nustuna.<\/p>\n\n\n\n<h2 class=\"wp-block-heading\"><strong>7. gullkorn<\/strong><\/h2>\n\n\n\n<p>\u00c1k\u00e6ruvaldi\u00f0 (\u00devagleggur s\u00fdsluma\u00f0ur) rigsar inn \u00ed r\u00e9ttasalinn me\u00f0 heljarmikinn m\u00e1lmh\u00f3lk \u00ed fanginu og leggur fyrir d\u00f3mara sem s\u00f6nnunargagn.<\/p>\n\n\n\n<p>D\u00f3mari (g\u00e1tta\u00f0ur \u00e1 svip): Hvert er s\u00f6nnunargildi \u00feessa gagns? Hva\u00f0 vill \u00e1k\u00e6ruvaldi\u00f0 sanna me\u00f0 \u00feessu?<br>\u00c1k\u00e6ruvaldi\u00f0: \u00c9g legg \u00feetta fram til a\u00f0 s\u00fdna fram \u00e1 hvernig m\u00f3tm\u00e6lendur blekktu l\u00f6gregluna. \u00deau h\u00e9ldust a\u00f0eins \u00ed hendur inni \u00ed h\u00f3lknum en l\u00e9tu l\u00f6gregluna halda a\u00f0 \u00feau hef\u00f0u hlekkja\u00f0 sig saman.<br>D\u00f3mari: \u00dearf vikilega a\u00f0 leggja \u00feetta fram? \u00dea\u00f0 eru til myndir af \u00f6llum hlutum sem voru nota\u00f0ir.<br>\u00c1k\u00e6ruvaldi\u00f0: \u00dea\u00f0 dugar hugsanlega.<br>D\u00f3mari: Hverjir \u00e1k\u00e6r\u00f0u notu\u00f0u \u00feennan h\u00f3lk?<br>\u00c1k\u00e6ruvaldi\u00f0 nefnir tv\u00f6 n\u00f6fn, hvorttveggja n\u00f6fn f\u00f3lks sem ekki var \u00e1 sta\u00f0num.<br>D\u00f3mari: \u00de\u00fa getur ekki lagt \u00feetta fram sem s\u00f6nnunargagn \u00fev\u00ed \u00fea\u00f0 er ekkert \u00feetta f\u00f3lk sem er veri\u00f0 a\u00f0 r\u00e9tta yfir. \u00dea\u00f0 er b\u00fai\u00f0 a\u00f0 d\u00f3mtaka m\u00e1li\u00f0 \u00e1 hendur x og y.<br>\u00c1k\u00e6ruvaldi\u00f0: Tveir \u00feeirra sem eru fyrir r\u00e9tti \u00ed dag notu\u00f0u samb\u00e6rilegan h\u00f3lk.<br>D\u00f3mari: Getur\u00f0u lagt \u00feann h\u00f3lk fram?<br>\u00c1k\u00e6ruvaldi\u00f0: Nei en \u00feetta s\u00fdnir hvernig \u00feau blekkja l\u00f6gregluna.<\/p>\n\n\n\n<p>\u00dea\u00f0 er reyndar alrangt hj\u00e1 \u00devagleggi s\u00fdslumanni a\u00f0 tveir \u00feeirra sem voru fyrir r\u00e9tti hef\u00f0u nota\u00f0 samb\u00e6rilegan h\u00f3lk, en \u00fea\u00f0 skiptir svosem litlu m\u00e1li. \u00deetta var allavega Boston Leagal augnablik, \u00e9g hef\u00f0i alls ekki vilja\u00f0 missa af \u00fev\u00ed.<\/p>\n\n\n\n<h2 class=\"wp-block-heading\"><strong>8. gullkorn<\/strong><\/h2>\n\n\n\n<p>\u00dar m\u00e1lflutningi \u00e1k\u00e6ruvaldsins:<\/p>\n\n\n\n<p><em>\u2026 sem kom fram \u00ed m\u00e1li Evu Hauksd\u00f3ttur, sem segist vera norn en \u00fea\u00f0 er n\u00fa ekki l\u00f6gvernda\u00f0 starfsheiti og athyglisvert a\u00f0 vita hva\u00f0 felst \u00ed \u00fev\u00ed.<\/em><\/p>\n\n\n\n<p>\u00c9g \u00e1tti n\u00fa von \u00e1 \u00fdmsum r\u00f3sum fr\u00e1 \u00devagleggi s\u00fdslumanni. En m\u00e9r datt samt ekki \u00ed hug a\u00f0 hann v\u00e6ri svo r\u00f6k\u00ferota a\u00f0 hann gripi til \u00feess a\u00f0 reyna a\u00f0 nota \u00f3venjulegt starfsheiti til a\u00f0 \u00f3merkja frambur\u00f0 minn. Enn s\u00ed\u00f0ur datt m\u00e9r \u00ed hug a\u00f0 hann v\u00e6ri n\u00f3gu vitlaus til a\u00f0 nota or\u00f0alagi\u00f0 \u2018l\u00f6gvernda\u00f0 starfsheiti\u2019 enda b\u00fai\u00f0 a\u00f0 \u00fatiloka b\u00fdsna marga fr\u00e1 \u00fev\u00ed a\u00f0 teljast markt\u00e6kir fyrir r\u00e9tti ef l\u00f6gvernda\u00f0 starfsheiti er skilyr\u00f0i til \u00feess.<\/p>\n\n\n\n<p>\u00c9g b\u00fdst fastlega vi\u00f0 a\u00f0 \u00devagleggur s\u00fdsluma\u00f0ur komi \u00ed heims\u00f3kn \u00e1 n\u00e6stu d\u00f6gum til a\u00f0 kynna s\u00e9r starfsemi norna. \u00c9g lofa h\u00e9r me\u00f0 a\u00f0 s\u00fdna honum nokku\u00f0 sem honum \u00fe\u00e6tti \u00ed alv\u00f6runni mj\u00f6g athyglisvert.<\/p>\n\n\n\n<h3 class=\"wp-block-heading\"><span style=\"color:#dcbb4e\" class=\"has-inline-color\">\u00deessu tengt:<\/span><\/h3>\n\n\n<div class=\"vlp-link-container vlp-layout-basic wp-block-visual-link-preview-link\"><a href=\"https:\/\/www.norn.is\/eva\/2008\/06\/10\/vegatalmun-si-framhald-a-fimmtudag\/\" class=\"vlp-link\" title=\"Vegat\u00e1lmun SI - Framhald \u00e1 fimmtudag\"><\/a><div class=\"vlp-layout-zone-side\"><div class=\"vlp-block-2 vlp-link-image\"><img loading=\"lazy\" decoding=\"async\" style=\"max-width: 150px;\" width=\"150\" height=\"100\" src=\"https:\/\/www.norn.is\/eva\/wp-content\/uploads\/sites\/36\/2008\/06\/hd-sudurlands.jpg\" class=\"attachment-150x999 size-150x999\" alt=\"\" srcset=\"https:\/\/www.norn.is\/eva\/wp-content\/uploads\/sites\/36\/2008\/06\/hd-sudurlands.jpg 1640w, https:\/\/www.norn.is\/eva\/wp-content\/uploads\/sites\/36\/2008\/06\/hd-sudurlands-300x200.jpg 300w, https:\/\/www.norn.is\/eva\/wp-content\/uploads\/sites\/36\/2008\/06\/hd-sudurlands-1024x682.jpg 1024w, https:\/\/www.norn.is\/eva\/wp-content\/uploads\/sites\/36\/2008\/06\/hd-sudurlands-768x512.jpg 768w, https:\/\/www.norn.is\/eva\/wp-content\/uploads\/sites\/36\/2008\/06\/hd-sudurlands-1536x1024.jpg 1536w, https:\/\/www.norn.is\/eva\/wp-content\/uploads\/sites\/36\/2008\/06\/hd-sudurlands-1080x720.jpg 1080w\" sizes=\"auto, (max-width: 150px) 100vw, 150px\" \/><\/div><\/div><div class=\"vlp-layout-zone-main\"><div class=\"vlp-block-0 vlp-link-title\">Vegat\u00e1lmun SI &#8211; Framhald \u00e1 fimmtudag<\/div><div class=\"vlp-block-1 vlp-link-summary\">A\u00f0alme\u00f0fer\u00f0 \u00ed st\u00f3ra vegat\u00e1lmunarm\u00e1linu heldur \u00e1fram \u00ed H\u00e9ra\u00f0sd\u00f3mi Su\u00f0urlands \u00e1 fimmtudag. S\u00fdslmundur \u00e1 eftir a\u00f0 lei\u00f0a fram eitt vitni, algert lykilvitni a\u00f0 sj\u00e1lfs\u00f6g\u00f0u. Margt bloggvert kom fram \u00ed s\u00ed\u00f0ustu umfer\u00f0 en e\u00f0li m\u00e1lsins samkv\u00e6mt ver\u00f0 \u00e9g a\u00f0 b\u00ed\u00f0a me\u00f0 a\u00f0 birta [&hellip;]<\/div><\/div><\/div>","protected":false},"excerpt":{"rendered":"<p>Lesendum til skemmtunar \u00e6tla \u00e9g n\u00fa loksins a\u00f0 birta nokkur gullkorn \u00far vitnalei\u00f0slum og m\u00e1lflutningi \u00ed st\u00f3ra vegat\u00e1lmunarm\u00e1linu. \u00deess ber a\u00f0 geta a\u00f0 \u00e9g hef ekki uppt\u00f6kur tilt\u00e6kar, svo \u00fe\u00f3tt \u00e9g setji \u00feetta upp sem samt\u00f6l getur vel veri\u00f0 a\u00f0 or\u00f0alag s\u00e9 l\u00edtillega breytt og \u00fea\u00f0 sama \u00e1 vi\u00f0 um atbur\u00f0ar\u00f6\u00f0ina. \u00dea\u00f0 er mikil synd [&hellip;]<\/p>\n","protected":false},"author":7,"featured_media":3460,"comment_status":"closed","ping_status":"open","sticky":false,"template":"","format":"standard","meta":{"_et_pb_use_builder":"","_et_pb_old_content":"","_et_gb_content_width":"","footnotes":""},"categories":[201,197],"tags":[699,508,695],"class_list":["post-3455","post","type-post","status-publish","format-standard","has-post-thumbnail","hentry","category-andof-yfirvald","category-vald-velferd","tag-domsmal","tag-saving-iceland","tag-thvagleggur-syslumadur","et-has-post-format-content","et_post_format-et-post-format-standard"],"yoast_head":"<!-- This site is optimized with the Yoast SEO plugin v27.4 - https:\/\/yoast.com\/product\/yoast-seo-wordpress\/ -->\n<title>Gullkorn \u00far st\u00f3ra vegat\u00e1lmunarm\u00e1linu - Eva Hauksd\u00f3ttir<\/title>\n<meta name=\"robots\" content=\"index, follow, max-snippet:-1, max-image-preview:large, max-video-preview:-1\" \/>\n<link rel=\"canonical\" href=\"https:\/\/www.norn.is\/eva\/2008\/06\/13\/gullkorn-ur-stora-vegatalmunarmalinu\/\" \/>\n<meta property=\"og:locale\" content=\"is_IS\" \/>\n<meta property=\"og:type\" content=\"article\" \/>\n<meta property=\"og:title\" content=\"Gullkorn \u00far st\u00f3ra vegat\u00e1lmunarm\u00e1linu - Eva Hauksd\u00f3ttir\" \/>\n<meta property=\"og:description\" content=\"Lesendum til skemmtunar \u00e6tla \u00e9g n\u00fa loksins a\u00f0 birta nokkur gullkorn \u00far vitnalei\u00f0slum og m\u00e1lflutningi \u00ed st\u00f3ra vegat\u00e1lmunarm\u00e1linu. \u00deess ber a\u00f0 geta a\u00f0 \u00e9g hef ekki uppt\u00f6kur tilt\u00e6kar, svo \u00fe\u00f3tt \u00e9g setji \u00feetta upp sem samt\u00f6l getur vel veri\u00f0 a\u00f0 or\u00f0alag s\u00e9 l\u00edtillega breytt og \u00fea\u00f0 sama \u00e1 vi\u00f0 um atbur\u00f0ar\u00f6\u00f0ina. \u00dea\u00f0 er mikil synd [&hellip;]\" \/>\n<meta property=\"og:url\" content=\"https:\/\/www.norn.is\/eva\/2008\/06\/13\/gullkorn-ur-stora-vegatalmunarmalinu\/\" \/>\n<meta property=\"og:site_name\" content=\"Eva Hauksd\u00f3ttir\" \/>\n<meta property=\"article:published_time\" content=\"2008-06-13T06:59:39+00:00\" \/>\n<meta property=\"article:modified_time\" content=\"2020-08-22T07:27:05+00:00\" \/>\n<meta property=\"og:image\" content=\"https:\/\/www.norn.is\/eva\/wp-content\/uploads\/sites\/36\/2008\/06\/heradsdomur-sl.jpg\" \/>\n\t<meta property=\"og:image:width\" content=\"1640\" \/>\n\t<meta property=\"og:image:height\" content=\"1093\" \/>\n\t<meta property=\"og:image:type\" content=\"image\/jpeg\" \/>\n<meta name=\"author\" content=\"Eva Hauksd\u00f3ttir\" \/>\n<meta name=\"twitter:card\" content=\"summary_large_image\" \/>\n<meta name=\"twitter:label1\" content=\"Written by\" \/>\n\t<meta name=\"twitter:data1\" content=\"\" \/>\n\t<meta name=\"twitter:label2\" content=\"Est. reading time\" \/>\n\t<meta name=\"twitter:data2\" content=\"8 minutes\" \/>\n<script type=\"application\/ld+json\" class=\"yoast-schema-graph\">{\"@context\":\"https:\\\/\\\/schema.org\",\"@graph\":[{\"@type\":\"Article\",\"@id\":\"https:\\\/\\\/www.norn.is\\\/eva\\\/2008\\\/06\\\/13\\\/gullkorn-ur-stora-vegatalmunarmalinu\\\/#article\",\"isPartOf\":{\"@id\":\"https:\\\/\\\/www.norn.is\\\/eva\\\/2008\\\/06\\\/13\\\/gullkorn-ur-stora-vegatalmunarmalinu\\\/\"},\"author\":{\"name\":\"Eva Hauksd\u00f3ttir\",\"@id\":\"https:\\\/\\\/www.norn.is\\\/eva\\\/#\\\/schema\\\/person\\\/1d9742389918a297671033a2b53d3d34\"},\"headline\":\"Gullkorn \u00far st\u00f3ra vegat\u00e1lmunarm\u00e1linu\",\"datePublished\":\"2008-06-13T06:59:39+00:00\",\"dateModified\":\"2020-08-22T07:27:05+00:00\",\"mainEntityOfPage\":{\"@id\":\"https:\\\/\\\/www.norn.is\\\/eva\\\/2008\\\/06\\\/13\\\/gullkorn-ur-stora-vegatalmunarmalinu\\\/\"},\"wordCount\":1693,\"image\":{\"@id\":\"https:\\\/\\\/www.norn.is\\\/eva\\\/2008\\\/06\\\/13\\\/gullkorn-ur-stora-vegatalmunarmalinu\\\/#primaryimage\"},\"thumbnailUrl\":\"https:\\\/\\\/www.norn.is\\\/eva\\\/wp-content\\\/uploads\\\/sites\\\/36\\\/2008\\\/06\\\/heradsdomur-sl.jpg\",\"keywords\":[\"d\u00f3msm\u00e1l\",\"Saving Iceland\",\"\u00devagleggur s\u00fdsluma\u00f0ur\"],\"articleSection\":[\"And\u00f3f &amp; yfirvald\",\"Vald &amp; velfer\u00f0\"],\"inLanguage\":\"is\"},{\"@type\":\"WebPage\",\"@id\":\"https:\\\/\\\/www.norn.is\\\/eva\\\/2008\\\/06\\\/13\\\/gullkorn-ur-stora-vegatalmunarmalinu\\\/\",\"url\":\"https:\\\/\\\/www.norn.is\\\/eva\\\/2008\\\/06\\\/13\\\/gullkorn-ur-stora-vegatalmunarmalinu\\\/\",\"name\":\"Gullkorn \u00far st\u00f3ra vegat\u00e1lmunarm\u00e1linu - Eva Hauksd\u00f3ttir\",\"isPartOf\":{\"@id\":\"https:\\\/\\\/www.norn.is\\\/eva\\\/#website\"},\"primaryImageOfPage\":{\"@id\":\"https:\\\/\\\/www.norn.is\\\/eva\\\/2008\\\/06\\\/13\\\/gullkorn-ur-stora-vegatalmunarmalinu\\\/#primaryimage\"},\"image\":{\"@id\":\"https:\\\/\\\/www.norn.is\\\/eva\\\/2008\\\/06\\\/13\\\/gullkorn-ur-stora-vegatalmunarmalinu\\\/#primaryimage\"},\"thumbnailUrl\":\"https:\\\/\\\/www.norn.is\\\/eva\\\/wp-content\\\/uploads\\\/sites\\\/36\\\/2008\\\/06\\\/heradsdomur-sl.jpg\",\"datePublished\":\"2008-06-13T06:59:39+00:00\",\"dateModified\":\"2020-08-22T07:27:05+00:00\",\"author\":{\"@id\":\"https:\\\/\\\/www.norn.is\\\/eva\\\/#\\\/schema\\\/person\\\/1d9742389918a297671033a2b53d3d34\"},\"breadcrumb\":{\"@id\":\"https:\\\/\\\/www.norn.is\\\/eva\\\/2008\\\/06\\\/13\\\/gullkorn-ur-stora-vegatalmunarmalinu\\\/#breadcrumb\"},\"inLanguage\":\"is\",\"potentialAction\":[{\"@type\":\"ReadAction\",\"target\":[\"https:\\\/\\\/www.norn.is\\\/eva\\\/2008\\\/06\\\/13\\\/gullkorn-ur-stora-vegatalmunarmalinu\\\/\"]}]},{\"@type\":\"ImageObject\",\"inLanguage\":\"is\",\"@id\":\"https:\\\/\\\/www.norn.is\\\/eva\\\/2008\\\/06\\\/13\\\/gullkorn-ur-stora-vegatalmunarmalinu\\\/#primaryimage\",\"url\":\"https:\\\/\\\/www.norn.is\\\/eva\\\/wp-content\\\/uploads\\\/sites\\\/36\\\/2008\\\/06\\\/heradsdomur-sl.jpg\",\"contentUrl\":\"https:\\\/\\\/www.norn.is\\\/eva\\\/wp-content\\\/uploads\\\/sites\\\/36\\\/2008\\\/06\\\/heradsdomur-sl.jpg\",\"width\":1640,\"height\":1093},{\"@type\":\"BreadcrumbList\",\"@id\":\"https:\\\/\\\/www.norn.is\\\/eva\\\/2008\\\/06\\\/13\\\/gullkorn-ur-stora-vegatalmunarmalinu\\\/#breadcrumb\",\"itemListElement\":[{\"@type\":\"ListItem\",\"position\":1,\"name\":\"Home\",\"item\":\"https:\\\/\\\/www.norn.is\\\/eva\\\/\"},{\"@type\":\"ListItem\",\"position\":2,\"name\":\"Gullkorn \u00far st\u00f3ra vegat\u00e1lmunarm\u00e1linu\"}]},{\"@type\":\"WebSite\",\"@id\":\"https:\\\/\\\/www.norn.is\\\/eva\\\/#website\",\"url\":\"https:\\\/\\\/www.norn.is\\\/eva\\\/\",\"name\":\"Eva Hauksd\u00f3ttir\",\"description\":\"Evu blogg\",\"potentialAction\":[{\"@type\":\"SearchAction\",\"target\":{\"@type\":\"EntryPoint\",\"urlTemplate\":\"https:\\\/\\\/www.norn.is\\\/eva\\\/?s={search_term_string}\"},\"query-input\":{\"@type\":\"PropertyValueSpecification\",\"valueRequired\":true,\"valueName\":\"search_term_string\"}}],\"inLanguage\":\"is\"},{\"@type\":\"Person\",\"@id\":\"https:\\\/\\\/www.norn.is\\\/eva\\\/#\\\/schema\\\/person\\\/1d9742389918a297671033a2b53d3d34\",\"name\":\"Eva Hauksd\u00f3ttir\",\"image\":{\"@type\":\"ImageObject\",\"inLanguage\":\"is\",\"@id\":\"https:\\\/\\\/secure.gravatar.com\\\/avatar\\\/3690cd9ff7436a8a5d80acdc8fcb1046fbb9e002d4b532c85080d1bcbede84ce?s=96&d=mm&r=g\",\"url\":\"https:\\\/\\\/secure.gravatar.com\\\/avatar\\\/3690cd9ff7436a8a5d80acdc8fcb1046fbb9e002d4b532c85080d1bcbede84ce?s=96&d=mm&r=g\",\"contentUrl\":\"https:\\\/\\\/secure.gravatar.com\\\/avatar\\\/3690cd9ff7436a8a5d80acdc8fcb1046fbb9e002d4b532c85080d1bcbede84ce?s=96&d=mm&r=g\",\"caption\":\"Eva Hauksd\u00f3ttir\"},\"url\":\"https:\\\/\\\/www.norn.is\\\/eva\\\/author\\\/evahauks\\\/\"}]}<\/script>\n<!-- \/ Yoast SEO plugin. -->","yoast_head_json":{"title":"Gullkorn \u00far st\u00f3ra vegat\u00e1lmunarm\u00e1linu - Eva Hauksd\u00f3ttir","robots":{"index":"index","follow":"follow","max-snippet":"max-snippet:-1","max-image-preview":"max-image-preview:large","max-video-preview":"max-video-preview:-1"},"canonical":"https:\/\/www.norn.is\/eva\/2008\/06\/13\/gullkorn-ur-stora-vegatalmunarmalinu\/","og_locale":"is_IS","og_type":"article","og_title":"Gullkorn \u00far st\u00f3ra vegat\u00e1lmunarm\u00e1linu - Eva Hauksd\u00f3ttir","og_description":"Lesendum til skemmtunar \u00e6tla \u00e9g n\u00fa loksins a\u00f0 birta nokkur gullkorn \u00far vitnalei\u00f0slum og m\u00e1lflutningi \u00ed st\u00f3ra vegat\u00e1lmunarm\u00e1linu. \u00deess ber a\u00f0 geta a\u00f0 \u00e9g hef ekki uppt\u00f6kur tilt\u00e6kar, svo \u00fe\u00f3tt \u00e9g setji \u00feetta upp sem samt\u00f6l getur vel veri\u00f0 a\u00f0 or\u00f0alag s\u00e9 l\u00edtillega breytt og \u00fea\u00f0 sama \u00e1 vi\u00f0 um atbur\u00f0ar\u00f6\u00f0ina. \u00dea\u00f0 er mikil synd [&hellip;]","og_url":"https:\/\/www.norn.is\/eva\/2008\/06\/13\/gullkorn-ur-stora-vegatalmunarmalinu\/","og_site_name":"Eva Hauksd\u00f3ttir","article_published_time":"2008-06-13T06:59:39+00:00","article_modified_time":"2020-08-22T07:27:05+00:00","og_image":[{"width":1640,"height":1093,"url":"https:\/\/www.norn.is\/eva\/wp-content\/uploads\/sites\/36\/2008\/06\/heradsdomur-sl.jpg","type":"image\/jpeg"}],"author":"Eva Hauksd\u00f3ttir","twitter_card":"summary_large_image","twitter_misc":{"Written by":false,"Est. reading time":"8 minutes"},"schema":{"@context":"https:\/\/schema.org","@graph":[{"@type":"Article","@id":"https:\/\/www.norn.is\/eva\/2008\/06\/13\/gullkorn-ur-stora-vegatalmunarmalinu\/#article","isPartOf":{"@id":"https:\/\/www.norn.is\/eva\/2008\/06\/13\/gullkorn-ur-stora-vegatalmunarmalinu\/"},"author":{"name":"Eva Hauksd\u00f3ttir","@id":"https:\/\/www.norn.is\/eva\/#\/schema\/person\/1d9742389918a297671033a2b53d3d34"},"headline":"Gullkorn \u00far st\u00f3ra vegat\u00e1lmunarm\u00e1linu","datePublished":"2008-06-13T06:59:39+00:00","dateModified":"2020-08-22T07:27:05+00:00","mainEntityOfPage":{"@id":"https:\/\/www.norn.is\/eva\/2008\/06\/13\/gullkorn-ur-stora-vegatalmunarmalinu\/"},"wordCount":1693,"image":{"@id":"https:\/\/www.norn.is\/eva\/2008\/06\/13\/gullkorn-ur-stora-vegatalmunarmalinu\/#primaryimage"},"thumbnailUrl":"https:\/\/www.norn.is\/eva\/wp-content\/uploads\/sites\/36\/2008\/06\/heradsdomur-sl.jpg","keywords":["d\u00f3msm\u00e1l","Saving Iceland","\u00devagleggur s\u00fdsluma\u00f0ur"],"articleSection":["And\u00f3f &amp; yfirvald","Vald &amp; velfer\u00f0"],"inLanguage":"is"},{"@type":"WebPage","@id":"https:\/\/www.norn.is\/eva\/2008\/06\/13\/gullkorn-ur-stora-vegatalmunarmalinu\/","url":"https:\/\/www.norn.is\/eva\/2008\/06\/13\/gullkorn-ur-stora-vegatalmunarmalinu\/","name":"Gullkorn \u00far st\u00f3ra vegat\u00e1lmunarm\u00e1linu - Eva Hauksd\u00f3ttir","isPartOf":{"@id":"https:\/\/www.norn.is\/eva\/#website"},"primaryImageOfPage":{"@id":"https:\/\/www.norn.is\/eva\/2008\/06\/13\/gullkorn-ur-stora-vegatalmunarmalinu\/#primaryimage"},"image":{"@id":"https:\/\/www.norn.is\/eva\/2008\/06\/13\/gullkorn-ur-stora-vegatalmunarmalinu\/#primaryimage"},"thumbnailUrl":"https:\/\/www.norn.is\/eva\/wp-content\/uploads\/sites\/36\/2008\/06\/heradsdomur-sl.jpg","datePublished":"2008-06-13T06:59:39+00:00","dateModified":"2020-08-22T07:27:05+00:00","author":{"@id":"https:\/\/www.norn.is\/eva\/#\/schema\/person\/1d9742389918a297671033a2b53d3d34"},"breadcrumb":{"@id":"https:\/\/www.norn.is\/eva\/2008\/06\/13\/gullkorn-ur-stora-vegatalmunarmalinu\/#breadcrumb"},"inLanguage":"is","potentialAction":[{"@type":"ReadAction","target":["https:\/\/www.norn.is\/eva\/2008\/06\/13\/gullkorn-ur-stora-vegatalmunarmalinu\/"]}]},{"@type":"ImageObject","inLanguage":"is","@id":"https:\/\/www.norn.is\/eva\/2008\/06\/13\/gullkorn-ur-stora-vegatalmunarmalinu\/#primaryimage","url":"https:\/\/www.norn.is\/eva\/wp-content\/uploads\/sites\/36\/2008\/06\/heradsdomur-sl.jpg","contentUrl":"https:\/\/www.norn.is\/eva\/wp-content\/uploads\/sites\/36\/2008\/06\/heradsdomur-sl.jpg","width":1640,"height":1093},{"@type":"BreadcrumbList","@id":"https:\/\/www.norn.is\/eva\/2008\/06\/13\/gullkorn-ur-stora-vegatalmunarmalinu\/#breadcrumb","itemListElement":[{"@type":"ListItem","position":1,"name":"Home","item":"https:\/\/www.norn.is\/eva\/"},{"@type":"ListItem","position":2,"name":"Gullkorn \u00far st\u00f3ra vegat\u00e1lmunarm\u00e1linu"}]},{"@type":"WebSite","@id":"https:\/\/www.norn.is\/eva\/#website","url":"https:\/\/www.norn.is\/eva\/","name":"Eva Hauksd\u00f3ttir","description":"Evu blogg","potentialAction":[{"@type":"SearchAction","target":{"@type":"EntryPoint","urlTemplate":"https:\/\/www.norn.is\/eva\/?s={search_term_string}"},"query-input":{"@type":"PropertyValueSpecification","valueRequired":true,"valueName":"search_term_string"}}],"inLanguage":"is"},{"@type":"Person","@id":"https:\/\/www.norn.is\/eva\/#\/schema\/person\/1d9742389918a297671033a2b53d3d34","name":"Eva Hauksd\u00f3ttir","image":{"@type":"ImageObject","inLanguage":"is","@id":"https:\/\/secure.gravatar.com\/avatar\/3690cd9ff7436a8a5d80acdc8fcb1046fbb9e002d4b532c85080d1bcbede84ce?s=96&d=mm&r=g","url":"https:\/\/secure.gravatar.com\/avatar\/3690cd9ff7436a8a5d80acdc8fcb1046fbb9e002d4b532c85080d1bcbede84ce?s=96&d=mm&r=g","contentUrl":"https:\/\/secure.gravatar.com\/avatar\/3690cd9ff7436a8a5d80acdc8fcb1046fbb9e002d4b532c85080d1bcbede84ce?s=96&d=mm&r=g","caption":"Eva Hauksd\u00f3ttir"},"url":"https:\/\/www.norn.is\/eva\/author\/evahauks\/"}]}},"_links":{"self":[{"href":"https:\/\/www.norn.is\/eva\/wp-json\/wp\/v2\/posts\/3455","targetHints":{"allow":["GET"]}}],"collection":[{"href":"https:\/\/www.norn.is\/eva\/wp-json\/wp\/v2\/posts"}],"about":[{"href":"https:\/\/www.norn.is\/eva\/wp-json\/wp\/v2\/types\/post"}],"author":[{"embeddable":true,"href":"https:\/\/www.norn.is\/eva\/wp-json\/wp\/v2\/users\/7"}],"replies":[{"embeddable":true,"href":"https:\/\/www.norn.is\/eva\/wp-json\/wp\/v2\/comments?post=3455"}],"version-history":[{"count":4,"href":"https:\/\/www.norn.is\/eva\/wp-json\/wp\/v2\/posts\/3455\/revisions"}],"predecessor-version":[{"id":3461,"href":"https:\/\/www.norn.is\/eva\/wp-json\/wp\/v2\/posts\/3455\/revisions\/3461"}],"wp:featuredmedia":[{"embeddable":true,"href":"https:\/\/www.norn.is\/eva\/wp-json\/wp\/v2\/media\/3460"}],"wp:attachment":[{"href":"https:\/\/www.norn.is\/eva\/wp-json\/wp\/v2\/media?parent=3455"}],"wp:term":[{"taxonomy":"category","embeddable":true,"href":"https:\/\/www.norn.is\/eva\/wp-json\/wp\/v2\/categories?post=3455"},{"taxonomy":"post_tag","embeddable":true,"href":"https:\/\/www.norn.is\/eva\/wp-json\/wp\/v2\/tags?post=3455"}],"curies":[{"name":"wp","href":"https:\/\/api.w.org\/{rel}","templated":true}]}}