{"id":3443,"date":"2008-06-10T06:35:43","date_gmt":"2008-06-10T06:35:43","guid":{"rendered":"http:\/\/www.norn.is\/eva\/?p=3443"},"modified":"2020-08-22T06:57:44","modified_gmt":"2020-08-22T06:57:44","slug":"vegatalmun-si-framhald-a-fimmtudag","status":"publish","type":"post","link":"https:\/\/www.norn.is\/eva\/2008\/06\/10\/vegatalmun-si-framhald-a-fimmtudag\/","title":{"rendered":"Vegat\u00e1lmun SI &#8211; Framhald \u00e1 fimmtudag"},"content":{"rendered":"\n<p>A\u00f0alme\u00f0fer\u00f0 \u00ed st\u00f3ra vegat\u00e1lmunarm\u00e1linu heldur \u00e1fram \u00ed H\u00e9ra\u00f0sd\u00f3mi Su\u00f0urlands \u00e1 fimmtudag. S\u00fdslmundur \u00e1 eftir a\u00f0 lei\u00f0a fram eitt vitni, algert lykilvitni a\u00f0 sj\u00e1lfs\u00f6g\u00f0u.<\/p>\n\n\n\n<p>Margt bloggvert kom fram \u00ed s\u00ed\u00f0ustu umfer\u00f0 en e\u00f0li m\u00e1lsins samkv\u00e6mt ver\u00f0 \u00e9g a\u00f0 b\u00ed\u00f0a me\u00f0 a\u00f0 birta \u00fe\u00e6r f\u00e6rslur \u00fear til d\u00f3mur er fallinn.<\/p>\n\n\n\n<p>Verjandinn okkar telur v\u00edst a\u00f0 \u00ed engu \u00f6\u00f0ru s\u00fdslumannsumd\u00e6mi \u00e1 landinu hef\u00f0i veri\u00f0 tekin \u00e1kv\u00f6r\u00f0un um a\u00f0 fara me\u00f0 jafn \u00f3merkilegt m\u00e1l fyrir d\u00f3m. N\u00fa vill svo til a\u00f0 \u00e1k\u00e6ruvaldi\u00f0 er sami ma\u00f0ur og var\u00f0 fr\u00e6gur af endemum \u00feegar hann f\u00e9kk \u00fe\u00e1 kreativu hugmynd a\u00f0 l\u00e1ta mikinn li\u00f0ss\u00f6fnu\u00f0 va\u00f0a upp \u00ed klof konu og n\u00e1 \u00far henni \u00fevags\u00fdni me\u00f0 valdi. M\u00e9r finnst \u00fea\u00f0 fremur \u00f3ge\u00f0fellt en \u00fea\u00f0 kemur ekki \u00feessu m\u00e1li vi\u00f0 og \u00fea\u00f0 er au\u00f0vita\u00f0 \u00f3\u00fearfa hysteria a\u00f0 \u00edmynda s\u00e9r a\u00f0 s\u00f3mama\u00f0ur, sem ber \u00fe\u00e1 vir\u00f0ingu fyrir almennum mannr\u00e9ttindum sem d\u00e6min s\u00fdna, s\u00e9 l\u00edklegur til a\u00f0 misnota \u00fe\u00e1 a\u00f0st\u00f6\u00f0u s\u00edna a\u00f0 eiga eitt vitni eftir.<\/p>\n\n\n\n<p>Annars hef \u00e9g alltaf gaman af s\u00e9rst\u00f6ku f\u00f3lki og \u00fea\u00f0 vill svo skemmtilega og sk\u00e1ldlega til a\u00f0 \u00f6ll framganga S\u00fdslmundar \u00ed r\u00e9ttarsalnum er \u00ed nokku\u00f0 g\u00f3\u00f0u samr\u00e6mi vi\u00f0 \u00edmyndina af \u00devagleggi s\u00fdslumanni. Hann t\u00f3k t.d. a\u00f0 s\u00e9r a\u00f0 atyr\u00f0a mig, me\u00f0 gestap\u00f3svip, fyrir \u00fea\u00f0 a\u00f0 einhver annar \u00far h\u00f3pnum hef\u00f0i teki\u00f0 banana me\u00f0 s\u00e9r \u00ed r\u00e9ttarsalinn. Sl\u00edkar ofan\u00edsetningar eru ekki \u00ed verkahring \u00devagleggs s\u00fdslumanns og \u00feetta var s\u00e9rlega p\u00ednlegt \u00fear sem hann gjamma\u00f0i \u00e1 mig \u00ed framhaldi af almennri og vinsamlegri athugasemd D\u00f3mhildar. Eins og lesendur rennir n\u00fa sennilega \u00ed grun urra\u00f0i amma all illilega \u00e1 skrattakollinn \u00e1 m\u00f3ti.<\/p>\n\n\n\n<p>\u00deegar D\u00f3mhildur t\u00f3k \u00fe\u00e1 f\u00e1heyr\u00f0u \u00e1kv\u00f6r\u00f0un a\u00f0 fresta \u00fev\u00ed a\u00f0 lj\u00faka a\u00f0alme\u00f0fer\u00f0 (\u00ed sm\u00e1m\u00e1li \u00fear sem str\u00f6ngustu refsi\u00e1kv\u00e6\u00f0i hlj\u00f3\u00f0a upp \u00e1 sm\u00e1v\u00e6gilegar sektir) var\u00f0 einhverjum a\u00f0 or\u00f0i, a\u00f0 frestun by\u00f0i upp \u00e1 a\u00f0 \u2018lykilvitni\u00f0\u2019 fengi \u00e1bendingar um \u00fea\u00f0 hva\u00f0a tilsv\u00f6r g\u00e6tu \u00fej\u00f3na\u00f0 m\u00e1lsta\u00f0 \u00e1kv\u00e6ruvaldins, \u00fat fr\u00e1 vitnisbur\u00f0i allra annarra vitna \u00ed m\u00e1linu. En, eins og D\u00f3mhildur or\u00f0a\u00f0i \u00fea\u00f0; \u00feetta vitni hefur s\u00f6mu skyldu og a\u00f0rir til a\u00f0 segja satt og r\u00e9tt fr\u00e1 atbur\u00f0um. Jamm, \u00fear me\u00f0 \u00feurfum vi\u00f0 ekki a\u00f0 hafa \u00e1hyggjur af \u00fev\u00ed.<\/p>\n\n\n\n<p>\u00c9g hef svosem ekki misst svefn \u00fat af \u00feessu m\u00e1li. M\u00e9r finnst \u00fe\u00f3 athyglisvert a\u00f0 \u00fea\u00f0 skuli liti\u00f0 n\u00f3gu alvarlegum augum til a\u00f0 a\u00f0alme\u00f0fer\u00f0 s\u00e9 fresta\u00f0 eftir a\u00f0 h\u00fan hefst, \u00fev\u00ed \u00feetta er \u00ed fyrsta sinn \u00e1 46 \u00e1ra starfsferli sem verjandinn okkar lendir \u00ed \u00fev\u00ed. Fimmtudagurinn ver\u00f0ur athyglisver\u00f0ur, hvernig sem allt fer.<\/p>\n\n\n\n<h3 class=\"wp-block-heading\"><span style=\"color:#dcbb4e\" class=\"has-inline-color\">\u00deessu tengt:<\/span><\/h3>\n\n\n<div class=\"vlp-link-container vlp-layout-basic wp-block-visual-link-preview-link\"><a href=\"https:\/\/www.norn.is\/eva\/2008\/05\/19\/rettarholdum-frestad\/\" class=\"vlp-link\" title=\"R\u00e9ttarh\u00f6ldum fresta\u00f0\"><\/a><div class=\"vlp-layout-zone-side\"><div class=\"vlp-block-2 vlp-link-image\"><img loading=\"lazy\" decoding=\"async\" style=\"max-width: 150px;\" width=\"150\" height=\"117\" src=\"https:\/\/www.norn.is\/eva\/wp-content\/uploads\/sites\/36\/2008\/05\/HellisheidiPowerStation01.jpg\" class=\"attachment-150x999 size-150x999\" alt=\"\" srcset=\"https:\/\/www.norn.is\/eva\/wp-content\/uploads\/sites\/36\/2008\/05\/HellisheidiPowerStation01.jpg 2300w, https:\/\/www.norn.is\/eva\/wp-content\/uploads\/sites\/36\/2008\/05\/HellisheidiPowerStation01-300x235.jpg 300w, https:\/\/www.norn.is\/eva\/wp-content\/uploads\/sites\/36\/2008\/05\/HellisheidiPowerStation01-1024x801.jpg 1024w, https:\/\/www.norn.is\/eva\/wp-content\/uploads\/sites\/36\/2008\/05\/HellisheidiPowerStation01-768x601.jpg 768w, https:\/\/www.norn.is\/eva\/wp-content\/uploads\/sites\/36\/2008\/05\/HellisheidiPowerStation01-1536x1202.jpg 1536w, https:\/\/www.norn.is\/eva\/wp-content\/uploads\/sites\/36\/2008\/05\/HellisheidiPowerStation01-2048x1603.jpg 2048w, https:\/\/www.norn.is\/eva\/wp-content\/uploads\/sites\/36\/2008\/05\/HellisheidiPowerStation01-1080x845.jpg 1080w\" sizes=\"auto, (max-width: 150px) 100vw, 150px\" \/><\/div><\/div><div class=\"vlp-layout-zone-main\"><div class=\"vlp-block-0 vlp-link-title\">R\u00e9ttarh\u00f6ldum fresta\u00f0<\/div><div class=\"vlp-block-1 vlp-link-summary\">\u00c1 46 \u00e1ra starfsferli Ragnars A\u00f0alsteinssonar, ger\u00f0ist \u00fea\u00f0 \u00ed fyrsta sinn \u00ed dag, a\u00f0 a\u00f0alme\u00f0fer\u00f0 m\u00e1ls var fresta\u00f0 eftir a\u00f0 h\u00fan h\u00f3fst (eftir a\u00f0 hafa veri\u00f0 fresta\u00f0 tv\u00edvegis \u00e1\u00f0ur) vegna \u00feess a\u00f0 eitt vitna \u00e1k\u00e6ruvaldsins forfalla\u00f0ist.  [&hellip;]<\/div><\/div><\/div>","protected":false},"excerpt":{"rendered":"<p>A\u00f0alme\u00f0fer\u00f0 \u00ed st\u00f3ra vegat\u00e1lmunarm\u00e1linu heldur \u00e1fram \u00ed H\u00e9ra\u00f0sd\u00f3mi Su\u00f0urlands \u00e1 fimmtudag. S\u00fdslmundur \u00e1 eftir a\u00f0 lei\u00f0a fram eitt vitni, algert lykilvitni a\u00f0 sj\u00e1lfs\u00f6g\u00f0u. Margt bloggvert kom fram \u00ed s\u00ed\u00f0ustu umfer\u00f0 en e\u00f0li m\u00e1lsins samkv\u00e6mt ver\u00f0 \u00e9g a\u00f0 b\u00ed\u00f0a me\u00f0 a\u00f0 birta \u00fe\u00e6r f\u00e6rslur \u00fear til d\u00f3mur er fallinn. Verjandinn okkar telur v\u00edst a\u00f0 \u00ed engu [&hellip;]<\/p>\n","protected":false},"author":7,"featured_media":3445,"comment_status":"closed","ping_status":"open","sticky":false,"template":"","format":"standard","meta":{"_et_pb_use_builder":"","_et_pb_old_content":"","_et_gb_content_width":"","footnotes":""},"categories":[201,197],"tags":[699,508,695],"class_list":["post-3443","post","type-post","status-publish","format-standard","has-post-thumbnail","hentry","category-andof-yfirvald","category-vald-velferd","tag-domsmal","tag-saving-iceland","tag-thvagleggur-syslumadur","et-has-post-format-content","et_post_format-et-post-format-standard"],"yoast_head":"<!-- This site is optimized with the Yoast SEO plugin v27.4 - https:\/\/yoast.com\/product\/yoast-seo-wordpress\/ -->\n<title>Vegat\u00e1lmun SI - Framhald \u00e1 fimmtudag - Eva Hauksd\u00f3ttir<\/title>\n<meta name=\"robots\" content=\"index, follow, max-snippet:-1, max-image-preview:large, max-video-preview:-1\" \/>\n<link rel=\"canonical\" href=\"https:\/\/www.norn.is\/eva\/2008\/06\/10\/vegatalmun-si-framhald-a-fimmtudag\/\" \/>\n<meta property=\"og:locale\" content=\"is_IS\" \/>\n<meta property=\"og:type\" content=\"article\" \/>\n<meta property=\"og:title\" content=\"Vegat\u00e1lmun SI - Framhald \u00e1 fimmtudag - Eva Hauksd\u00f3ttir\" \/>\n<meta property=\"og:description\" content=\"A\u00f0alme\u00f0fer\u00f0 \u00ed st\u00f3ra vegat\u00e1lmunarm\u00e1linu heldur \u00e1fram \u00ed H\u00e9ra\u00f0sd\u00f3mi Su\u00f0urlands \u00e1 fimmtudag. S\u00fdslmundur \u00e1 eftir a\u00f0 lei\u00f0a fram eitt vitni, algert lykilvitni a\u00f0 sj\u00e1lfs\u00f6g\u00f0u. Margt bloggvert kom fram \u00ed s\u00ed\u00f0ustu umfer\u00f0 en e\u00f0li m\u00e1lsins samkv\u00e6mt ver\u00f0 \u00e9g a\u00f0 b\u00ed\u00f0a me\u00f0 a\u00f0 birta \u00fe\u00e6r f\u00e6rslur \u00fear til d\u00f3mur er fallinn. Verjandinn okkar telur v\u00edst a\u00f0 \u00ed engu [&hellip;]\" \/>\n<meta property=\"og:url\" content=\"https:\/\/www.norn.is\/eva\/2008\/06\/10\/vegatalmun-si-framhald-a-fimmtudag\/\" \/>\n<meta property=\"og:site_name\" content=\"Eva Hauksd\u00f3ttir\" \/>\n<meta property=\"article:published_time\" content=\"2008-06-10T06:35:43+00:00\" \/>\n<meta property=\"article:modified_time\" content=\"2020-08-22T06:57:44+00:00\" \/>\n<meta property=\"og:image\" content=\"https:\/\/www.norn.is\/eva\/wp-content\/uploads\/sites\/36\/2008\/06\/hd-sudurlands.jpg\" \/>\n\t<meta property=\"og:image:width\" content=\"1640\" \/>\n\t<meta property=\"og:image:height\" content=\"1093\" \/>\n\t<meta property=\"og:image:type\" content=\"image\/jpeg\" \/>\n<meta name=\"author\" content=\"Eva Hauksd\u00f3ttir\" \/>\n<meta name=\"twitter:card\" content=\"summary_large_image\" \/>\n<meta name=\"twitter:label1\" content=\"Written by\" \/>\n\t<meta name=\"twitter:data1\" content=\"\" \/>\n\t<meta name=\"twitter:label2\" content=\"Est. reading time\" \/>\n\t<meta name=\"twitter:data2\" content=\"3 minutes\" \/>\n<script type=\"application\/ld+json\" class=\"yoast-schema-graph\">{\"@context\":\"https:\\\/\\\/schema.org\",\"@graph\":[{\"@type\":\"Article\",\"@id\":\"https:\\\/\\\/www.norn.is\\\/eva\\\/2008\\\/06\\\/10\\\/vegatalmun-si-framhald-a-fimmtudag\\\/#article\",\"isPartOf\":{\"@id\":\"https:\\\/\\\/www.norn.is\\\/eva\\\/2008\\\/06\\\/10\\\/vegatalmun-si-framhald-a-fimmtudag\\\/\"},\"author\":{\"name\":\"Eva Hauksd\u00f3ttir\",\"@id\":\"https:\\\/\\\/www.norn.is\\\/eva\\\/#\\\/schema\\\/person\\\/1d9742389918a297671033a2b53d3d34\"},\"headline\":\"Vegat\u00e1lmun SI &#8211; Framhald \u00e1 fimmtudag\",\"datePublished\":\"2008-06-10T06:35:43+00:00\",\"dateModified\":\"2020-08-22T06:57:44+00:00\",\"mainEntityOfPage\":{\"@id\":\"https:\\\/\\\/www.norn.is\\\/eva\\\/2008\\\/06\\\/10\\\/vegatalmun-si-framhald-a-fimmtudag\\\/\"},\"wordCount\":537,\"image\":{\"@id\":\"https:\\\/\\\/www.norn.is\\\/eva\\\/2008\\\/06\\\/10\\\/vegatalmun-si-framhald-a-fimmtudag\\\/#primaryimage\"},\"thumbnailUrl\":\"https:\\\/\\\/www.norn.is\\\/eva\\\/wp-content\\\/uploads\\\/sites\\\/36\\\/2008\\\/06\\\/hd-sudurlands.jpg\",\"keywords\":[\"d\u00f3msm\u00e1l\",\"Saving Iceland\",\"\u00devagleggur s\u00fdsluma\u00f0ur\"],\"articleSection\":[\"And\u00f3f &amp; yfirvald\",\"Vald &amp; velfer\u00f0\"],\"inLanguage\":\"is\"},{\"@type\":\"WebPage\",\"@id\":\"https:\\\/\\\/www.norn.is\\\/eva\\\/2008\\\/06\\\/10\\\/vegatalmun-si-framhald-a-fimmtudag\\\/\",\"url\":\"https:\\\/\\\/www.norn.is\\\/eva\\\/2008\\\/06\\\/10\\\/vegatalmun-si-framhald-a-fimmtudag\\\/\",\"name\":\"Vegat\u00e1lmun SI - Framhald \u00e1 fimmtudag - Eva Hauksd\u00f3ttir\",\"isPartOf\":{\"@id\":\"https:\\\/\\\/www.norn.is\\\/eva\\\/#website\"},\"primaryImageOfPage\":{\"@id\":\"https:\\\/\\\/www.norn.is\\\/eva\\\/2008\\\/06\\\/10\\\/vegatalmun-si-framhald-a-fimmtudag\\\/#primaryimage\"},\"image\":{\"@id\":\"https:\\\/\\\/www.norn.is\\\/eva\\\/2008\\\/06\\\/10\\\/vegatalmun-si-framhald-a-fimmtudag\\\/#primaryimage\"},\"thumbnailUrl\":\"https:\\\/\\\/www.norn.is\\\/eva\\\/wp-content\\\/uploads\\\/sites\\\/36\\\/2008\\\/06\\\/hd-sudurlands.jpg\",\"datePublished\":\"2008-06-10T06:35:43+00:00\",\"dateModified\":\"2020-08-22T06:57:44+00:00\",\"author\":{\"@id\":\"https:\\\/\\\/www.norn.is\\\/eva\\\/#\\\/schema\\\/person\\\/1d9742389918a297671033a2b53d3d34\"},\"breadcrumb\":{\"@id\":\"https:\\\/\\\/www.norn.is\\\/eva\\\/2008\\\/06\\\/10\\\/vegatalmun-si-framhald-a-fimmtudag\\\/#breadcrumb\"},\"inLanguage\":\"is\",\"potentialAction\":[{\"@type\":\"ReadAction\",\"target\":[\"https:\\\/\\\/www.norn.is\\\/eva\\\/2008\\\/06\\\/10\\\/vegatalmun-si-framhald-a-fimmtudag\\\/\"]}]},{\"@type\":\"ImageObject\",\"inLanguage\":\"is\",\"@id\":\"https:\\\/\\\/www.norn.is\\\/eva\\\/2008\\\/06\\\/10\\\/vegatalmun-si-framhald-a-fimmtudag\\\/#primaryimage\",\"url\":\"https:\\\/\\\/www.norn.is\\\/eva\\\/wp-content\\\/uploads\\\/sites\\\/36\\\/2008\\\/06\\\/hd-sudurlands.jpg\",\"contentUrl\":\"https:\\\/\\\/www.norn.is\\\/eva\\\/wp-content\\\/uploads\\\/sites\\\/36\\\/2008\\\/06\\\/hd-sudurlands.jpg\",\"width\":1640,\"height\":1093},{\"@type\":\"BreadcrumbList\",\"@id\":\"https:\\\/\\\/www.norn.is\\\/eva\\\/2008\\\/06\\\/10\\\/vegatalmun-si-framhald-a-fimmtudag\\\/#breadcrumb\",\"itemListElement\":[{\"@type\":\"ListItem\",\"position\":1,\"name\":\"Home\",\"item\":\"https:\\\/\\\/www.norn.is\\\/eva\\\/\"},{\"@type\":\"ListItem\",\"position\":2,\"name\":\"Vegat\u00e1lmun SI &#8211; Framhald \u00e1 fimmtudag\"}]},{\"@type\":\"WebSite\",\"@id\":\"https:\\\/\\\/www.norn.is\\\/eva\\\/#website\",\"url\":\"https:\\\/\\\/www.norn.is\\\/eva\\\/\",\"name\":\"Eva Hauksd\u00f3ttir\",\"description\":\"Evu blogg\",\"potentialAction\":[{\"@type\":\"SearchAction\",\"target\":{\"@type\":\"EntryPoint\",\"urlTemplate\":\"https:\\\/\\\/www.norn.is\\\/eva\\\/?s={search_term_string}\"},\"query-input\":{\"@type\":\"PropertyValueSpecification\",\"valueRequired\":true,\"valueName\":\"search_term_string\"}}],\"inLanguage\":\"is\"},{\"@type\":\"Person\",\"@id\":\"https:\\\/\\\/www.norn.is\\\/eva\\\/#\\\/schema\\\/person\\\/1d9742389918a297671033a2b53d3d34\",\"name\":\"Eva Hauksd\u00f3ttir\",\"image\":{\"@type\":\"ImageObject\",\"inLanguage\":\"is\",\"@id\":\"https:\\\/\\\/secure.gravatar.com\\\/avatar\\\/3690cd9ff7436a8a5d80acdc8fcb1046fbb9e002d4b532c85080d1bcbede84ce?s=96&d=mm&r=g\",\"url\":\"https:\\\/\\\/secure.gravatar.com\\\/avatar\\\/3690cd9ff7436a8a5d80acdc8fcb1046fbb9e002d4b532c85080d1bcbede84ce?s=96&d=mm&r=g\",\"contentUrl\":\"https:\\\/\\\/secure.gravatar.com\\\/avatar\\\/3690cd9ff7436a8a5d80acdc8fcb1046fbb9e002d4b532c85080d1bcbede84ce?s=96&d=mm&r=g\",\"caption\":\"Eva Hauksd\u00f3ttir\"},\"url\":\"https:\\\/\\\/www.norn.is\\\/eva\\\/author\\\/evahauks\\\/\"}]}<\/script>\n<!-- \/ Yoast SEO plugin. -->","yoast_head_json":{"title":"Vegat\u00e1lmun SI - Framhald \u00e1 fimmtudag - Eva Hauksd\u00f3ttir","robots":{"index":"index","follow":"follow","max-snippet":"max-snippet:-1","max-image-preview":"max-image-preview:large","max-video-preview":"max-video-preview:-1"},"canonical":"https:\/\/www.norn.is\/eva\/2008\/06\/10\/vegatalmun-si-framhald-a-fimmtudag\/","og_locale":"is_IS","og_type":"article","og_title":"Vegat\u00e1lmun SI - Framhald \u00e1 fimmtudag - Eva Hauksd\u00f3ttir","og_description":"A\u00f0alme\u00f0fer\u00f0 \u00ed st\u00f3ra vegat\u00e1lmunarm\u00e1linu heldur \u00e1fram \u00ed H\u00e9ra\u00f0sd\u00f3mi Su\u00f0urlands \u00e1 fimmtudag. S\u00fdslmundur \u00e1 eftir a\u00f0 lei\u00f0a fram eitt vitni, algert lykilvitni a\u00f0 sj\u00e1lfs\u00f6g\u00f0u. Margt bloggvert kom fram \u00ed s\u00ed\u00f0ustu umfer\u00f0 en e\u00f0li m\u00e1lsins samkv\u00e6mt ver\u00f0 \u00e9g a\u00f0 b\u00ed\u00f0a me\u00f0 a\u00f0 birta \u00fe\u00e6r f\u00e6rslur \u00fear til d\u00f3mur er fallinn. Verjandinn okkar telur v\u00edst a\u00f0 \u00ed engu [&hellip;]","og_url":"https:\/\/www.norn.is\/eva\/2008\/06\/10\/vegatalmun-si-framhald-a-fimmtudag\/","og_site_name":"Eva Hauksd\u00f3ttir","article_published_time":"2008-06-10T06:35:43+00:00","article_modified_time":"2020-08-22T06:57:44+00:00","og_image":[{"width":1640,"height":1093,"url":"https:\/\/www.norn.is\/eva\/wp-content\/uploads\/sites\/36\/2008\/06\/hd-sudurlands.jpg","type":"image\/jpeg"}],"author":"Eva Hauksd\u00f3ttir","twitter_card":"summary_large_image","twitter_misc":{"Written by":false,"Est. reading time":"3 minutes"},"schema":{"@context":"https:\/\/schema.org","@graph":[{"@type":"Article","@id":"https:\/\/www.norn.is\/eva\/2008\/06\/10\/vegatalmun-si-framhald-a-fimmtudag\/#article","isPartOf":{"@id":"https:\/\/www.norn.is\/eva\/2008\/06\/10\/vegatalmun-si-framhald-a-fimmtudag\/"},"author":{"name":"Eva Hauksd\u00f3ttir","@id":"https:\/\/www.norn.is\/eva\/#\/schema\/person\/1d9742389918a297671033a2b53d3d34"},"headline":"Vegat\u00e1lmun SI &#8211; Framhald \u00e1 fimmtudag","datePublished":"2008-06-10T06:35:43+00:00","dateModified":"2020-08-22T06:57:44+00:00","mainEntityOfPage":{"@id":"https:\/\/www.norn.is\/eva\/2008\/06\/10\/vegatalmun-si-framhald-a-fimmtudag\/"},"wordCount":537,"image":{"@id":"https:\/\/www.norn.is\/eva\/2008\/06\/10\/vegatalmun-si-framhald-a-fimmtudag\/#primaryimage"},"thumbnailUrl":"https:\/\/www.norn.is\/eva\/wp-content\/uploads\/sites\/36\/2008\/06\/hd-sudurlands.jpg","keywords":["d\u00f3msm\u00e1l","Saving Iceland","\u00devagleggur s\u00fdsluma\u00f0ur"],"articleSection":["And\u00f3f &amp; yfirvald","Vald &amp; velfer\u00f0"],"inLanguage":"is"},{"@type":"WebPage","@id":"https:\/\/www.norn.is\/eva\/2008\/06\/10\/vegatalmun-si-framhald-a-fimmtudag\/","url":"https:\/\/www.norn.is\/eva\/2008\/06\/10\/vegatalmun-si-framhald-a-fimmtudag\/","name":"Vegat\u00e1lmun SI - Framhald \u00e1 fimmtudag - Eva Hauksd\u00f3ttir","isPartOf":{"@id":"https:\/\/www.norn.is\/eva\/#website"},"primaryImageOfPage":{"@id":"https:\/\/www.norn.is\/eva\/2008\/06\/10\/vegatalmun-si-framhald-a-fimmtudag\/#primaryimage"},"image":{"@id":"https:\/\/www.norn.is\/eva\/2008\/06\/10\/vegatalmun-si-framhald-a-fimmtudag\/#primaryimage"},"thumbnailUrl":"https:\/\/www.norn.is\/eva\/wp-content\/uploads\/sites\/36\/2008\/06\/hd-sudurlands.jpg","datePublished":"2008-06-10T06:35:43+00:00","dateModified":"2020-08-22T06:57:44+00:00","author":{"@id":"https:\/\/www.norn.is\/eva\/#\/schema\/person\/1d9742389918a297671033a2b53d3d34"},"breadcrumb":{"@id":"https:\/\/www.norn.is\/eva\/2008\/06\/10\/vegatalmun-si-framhald-a-fimmtudag\/#breadcrumb"},"inLanguage":"is","potentialAction":[{"@type":"ReadAction","target":["https:\/\/www.norn.is\/eva\/2008\/06\/10\/vegatalmun-si-framhald-a-fimmtudag\/"]}]},{"@type":"ImageObject","inLanguage":"is","@id":"https:\/\/www.norn.is\/eva\/2008\/06\/10\/vegatalmun-si-framhald-a-fimmtudag\/#primaryimage","url":"https:\/\/www.norn.is\/eva\/wp-content\/uploads\/sites\/36\/2008\/06\/hd-sudurlands.jpg","contentUrl":"https:\/\/www.norn.is\/eva\/wp-content\/uploads\/sites\/36\/2008\/06\/hd-sudurlands.jpg","width":1640,"height":1093},{"@type":"BreadcrumbList","@id":"https:\/\/www.norn.is\/eva\/2008\/06\/10\/vegatalmun-si-framhald-a-fimmtudag\/#breadcrumb","itemListElement":[{"@type":"ListItem","position":1,"name":"Home","item":"https:\/\/www.norn.is\/eva\/"},{"@type":"ListItem","position":2,"name":"Vegat\u00e1lmun SI &#8211; Framhald \u00e1 fimmtudag"}]},{"@type":"WebSite","@id":"https:\/\/www.norn.is\/eva\/#website","url":"https:\/\/www.norn.is\/eva\/","name":"Eva Hauksd\u00f3ttir","description":"Evu blogg","potentialAction":[{"@type":"SearchAction","target":{"@type":"EntryPoint","urlTemplate":"https:\/\/www.norn.is\/eva\/?s={search_term_string}"},"query-input":{"@type":"PropertyValueSpecification","valueRequired":true,"valueName":"search_term_string"}}],"inLanguage":"is"},{"@type":"Person","@id":"https:\/\/www.norn.is\/eva\/#\/schema\/person\/1d9742389918a297671033a2b53d3d34","name":"Eva Hauksd\u00f3ttir","image":{"@type":"ImageObject","inLanguage":"is","@id":"https:\/\/secure.gravatar.com\/avatar\/3690cd9ff7436a8a5d80acdc8fcb1046fbb9e002d4b532c85080d1bcbede84ce?s=96&d=mm&r=g","url":"https:\/\/secure.gravatar.com\/avatar\/3690cd9ff7436a8a5d80acdc8fcb1046fbb9e002d4b532c85080d1bcbede84ce?s=96&d=mm&r=g","contentUrl":"https:\/\/secure.gravatar.com\/avatar\/3690cd9ff7436a8a5d80acdc8fcb1046fbb9e002d4b532c85080d1bcbede84ce?s=96&d=mm&r=g","caption":"Eva Hauksd\u00f3ttir"},"url":"https:\/\/www.norn.is\/eva\/author\/evahauks\/"}]}},"_links":{"self":[{"href":"https:\/\/www.norn.is\/eva\/wp-json\/wp\/v2\/posts\/3443","targetHints":{"allow":["GET"]}}],"collection":[{"href":"https:\/\/www.norn.is\/eva\/wp-json\/wp\/v2\/posts"}],"about":[{"href":"https:\/\/www.norn.is\/eva\/wp-json\/wp\/v2\/types\/post"}],"author":[{"embeddable":true,"href":"https:\/\/www.norn.is\/eva\/wp-json\/wp\/v2\/users\/7"}],"replies":[{"embeddable":true,"href":"https:\/\/www.norn.is\/eva\/wp-json\/wp\/v2\/comments?post=3443"}],"version-history":[{"count":3,"href":"https:\/\/www.norn.is\/eva\/wp-json\/wp\/v2\/posts\/3443\/revisions"}],"predecessor-version":[{"id":3454,"href":"https:\/\/www.norn.is\/eva\/wp-json\/wp\/v2\/posts\/3443\/revisions\/3454"}],"wp:featuredmedia":[{"embeddable":true,"href":"https:\/\/www.norn.is\/eva\/wp-json\/wp\/v2\/media\/3445"}],"wp:attachment":[{"href":"https:\/\/www.norn.is\/eva\/wp-json\/wp\/v2\/media?parent=3443"}],"wp:term":[{"taxonomy":"category","embeddable":true,"href":"https:\/\/www.norn.is\/eva\/wp-json\/wp\/v2\/categories?post=3443"},{"taxonomy":"post_tag","embeddable":true,"href":"https:\/\/www.norn.is\/eva\/wp-json\/wp\/v2\/tags?post=3443"}],"curies":[{"name":"wp","href":"https:\/\/api.w.org\/{rel}","templated":true}]}}