{"id":3432,"date":"2011-06-30T22:12:20","date_gmt":"2011-06-30T22:12:20","guid":{"rendered":"http:\/\/www.norn.is\/eva\/?p=3432"},"modified":"2020-08-21T22:25:32","modified_gmt":"2020-08-21T22:25:32","slug":"thegar-thvagleggur-syslumadur-gerdist-adalpersona-i-fjolskylduharmleik","status":"publish","type":"post","link":"https:\/\/www.norn.is\/eva\/2011\/06\/30\/thegar-thvagleggur-syslumadur-gerdist-adalpersona-i-fjolskylduharmleik\/","title":{"rendered":"\u00deegar \u00devagleggur s\u00fdsluma\u00f0ur ger\u00f0ist a\u00f0alpers\u00f3na \u00ed fj\u00f6lskylduharmleik"},"content":{"rendered":"\n<p>S\u00f6gurnar af \u00f3venjulegum vinnubr\u00f6g\u00f0um \u00devagleggs s\u00fdslumanns, g\u00e6tu eflaust fyllt heila b\u00f3k. Flestir \u00feekkja s\u00f6guna af \u00fev\u00ed hvernig \u00devagleggur f\u00e9kk vi\u00f0urnefni sitt en \u00e9g hygg a\u00f0 einhverjir hafi gleymt s\u00f6gu Helgu J\u00f3nsd\u00f3ttur og fj\u00f6lskyldu hennar. S\u00fa saga varpar lj\u00f3si \u00e1 frumlegar hugmyndir \u00devagleggs s\u00fdslumanns um refsiv\u00f6rslu\u00e1st\u00e6\u00f0ur.<\/p>\n\n\n\n<p>Helga og fj\u00f6lskylda hennar lentu \u00ed h\u00f6r\u00f0um \u00e1reksti \u00e1 Su\u00f0urlandsvegi vori\u00f0 2007. Ma\u00f0urinn hennar var vi\u00f0 st\u00fdri\u00f0, \u00feau hj\u00f3nin sl\u00f6su\u00f0ust en a\u00f0rir sluppu \u00f3meiddir. \u00deegar \u00feau voru um \u00fea\u00f0 bil a\u00f0 jafna sig eftir erfi\u00f0leikana \u00ed kj\u00f6lfar slyssins, barst manninum k\u00e6ra fr\u00e1 \u00devagleggi s\u00fdslumanni. Hann var sums\u00e9 \u00e1k\u00e6r\u00f0ur fyrir a\u00f0 valda konu sinni tj\u00f3ni af g\u00e1leysi.<\/p>\n\n\n\n<p>Helga skrifa\u00f0i \u00devagleggi, \u00fatsk\u00fdr\u00f0i fyrir honum a\u00f0 \u00fea\u00f0 v\u00e6ri hvorki vilji hennar n\u00e9 \u00fej\u00f3na\u00f0i \u00fea\u00f0 hennar hagsmunum ef m\u00e1li\u00f0 f\u00e6ri fyrir d\u00f3msst\u00f3la og ba\u00f0 hann \u00ed einl\u00e6gni um a\u00f0 falla fr\u00e1 k\u00e6ru. H\u00fan haf\u00f0i m.a.s. g\u00f3\u00f0 l\u00e6knisfr\u00e6\u00f0ileg r\u00f6k fyrir \u00fev\u00ed a\u00f0 saks\u00f3kn v\u00e6ri l\u00edkleg til a\u00f0 valda henni enn meiri \u00fej\u00e1ningum.<\/p>\n\n\n\n<p>Enda \u00fe\u00f3tt \u00ed l\u00f6gum s\u00e9 heimild til a\u00f0 falla fr\u00e1 saks\u00f3kn \u00ed sl\u00edkum m\u00e1lum ef broti\u00f0 hafi valdi\u00f0 \u00e1k\u00e6r\u00f0a \u00fej\u00e1ningum og \u00fea\u00f0 \u00feyki ekki br\u00fdnt af almennum refsiv\u00f6rslu\u00e1st\u00e6\u00f0um var\u00f0 \u00devagleggur ekki vi\u00f0 \u00feessari bei\u00f0ni.<\/p>\n\n\n\n<p>\u00dea\u00f0 mun einsd\u00e6mi \u00ed m\u00e1lum af \u00feessu tagi a\u00f0 ma\u00f0ur s\u00e9 dreginn fyrir d\u00f3m \u00feegar tj\u00f3n\u00feoli er honum n\u00e1kominn og \u00f3skar ekki eftir saks\u00f3kn. \u00dea\u00f0 hl\u00fdtur \u00fev\u00ed a\u00f0 vera af almennum refsiv\u00f6rslu\u00e1st\u00e6\u00f0um sem ma\u00f0urinn var \u00e1k\u00e6r\u00f0ur. \u00devagleggur s\u00fdsluma\u00f0ur l\u00edtur ekki \u00e1 kynfer\u00f0isofbeldi gagnvart barni (sem aukinheldur er stutt me\u00f0 s\u00f6nnunarg\u00f6gnum sem annars er sjalg\u00e6ft \u00ed \u00feessh\u00e1ttar m\u00e1lum) sem g\u00f3\u00f0ar refsiv\u00f6rslu\u00e1st\u00e6\u00f0ur. \u00deegar um v\u00edtavert g\u00e1leysi \u00ed umfer\u00f0inni (sem \u00e9g er ekki a\u00f0 r\u00e9ttl\u00e6ta) er a\u00f0 r\u00e6\u00f0a, s\u00e9r hann hinsvegar enga \u00e1st\u00e6\u00f0u til a\u00f0 beita \u00feeim mann\u00fa\u00f0ar\u00e1kv\u00e6\u00f0um sem hef\u00f0 er fyrir allssta\u00f0ar annarssta\u00f0ar \u00e1 landinu.<\/p>\n\n\n\n<p>L\u00edklega hefur \u00devagleggur s\u00fdsluma\u00f0ur ekki veri\u00f0 b\u00fainn a\u00f0 taka upp verndarstefnu s\u00edna gagnvart brota\u00feolum \u00feegar \u00feessir atbur\u00f0ir \u00e1ttu s\u00e9r sta\u00f0. En batnandi manni er best a\u00f0 lifa, \u00devagleggur s\u00fdsluma\u00f0ur hefur l\u00edklega l\u00e6rt s\u00edna lex\u00edu eftir fj\u00f6lskylduharmleik Helgu J\u00f3nsd\u00f3ttur og \u00e1kve\u00f0i\u00f0 a\u00f0 vernda brota\u00feola framvegis gagnvart meira tj\u00f3ni, me\u00f0 \u00fev\u00ed a\u00f0 sleppa \u00fev\u00ed a\u00f0 leggja fram k\u00e6ru.<\/p>\n\n\n\n<p>\u00c9g hvet lesendur til a\u00f0 lesa aftur s\u00f6gu Helgu J\u00f3nsd\u00f3ttur, greinin heitir \u2018<a href=\"https:\/\/timarit.is\/page\/3998105#page\/n23\/mode\/2up\">Hven\u00e6r eiga stj\u00f3rnv\u00f6ld a\u00f0 str\u00e1 salti \u00ed s\u00e1rin<\/a>\u2019 og birtist \u00ed Fr\u00e9ttabla\u00f0inu \u00feann 2. ma\u00ed 2008.<\/p>\n\n\n\n<h3 class=\"wp-block-heading\"><span style=\"color:#dcbb4e\" class=\"has-inline-color\">\u00deessu tengt:<\/span><\/h3>\n\n\n<div class=\"vlp-link-container vlp-layout-basic wp-block-visual-link-preview-link\"><a href=\"https:\/\/www.norn.is\/eva\/2011\/06\/30\/af-nystarlegum-loggaesluadferdum-thvagleggs-syslumanns\/\" class=\"vlp-link\" title=\"Af n\u00fdst\u00e1rlegum l\u00f6gg\u00e6slua\u00f0fer\u00f0um \u00devagleggs s\u00fdslumanns\"><\/a><div class=\"vlp-layout-zone-side\"><div class=\"vlp-block-2 vlp-link-image\"><img loading=\"lazy\" decoding=\"async\" style=\"max-width: 150px;\" width=\"150\" height=\"119\" src=\"https:\/\/www.norn.is\/eva\/wp-content\/uploads\/sites\/36\/2020\/08\/olafur_helgi_Kjartansson_415417285-e1598047746324.jpg\" class=\"attachment-150x999 size-150x999\" alt=\"\" srcset=\"https:\/\/www.norn.is\/eva\/wp-content\/uploads\/sites\/36\/2020\/08\/olafur_helgi_Kjartansson_415417285-e1598047746324.jpg 404w, https:\/\/www.norn.is\/eva\/wp-content\/uploads\/sites\/36\/2020\/08\/olafur_helgi_Kjartansson_415417285-e1598047746324-300x238.jpg 300w, https:\/\/www.norn.is\/eva\/wp-content\/uploads\/sites\/36\/2020\/08\/olafur_helgi_Kjartansson_415417285-e1598047746324-400x321.jpg 400w\" sizes=\"auto, (max-width: 150px) 100vw, 150px\" \/><\/div><\/div><div class=\"vlp-layout-zone-main\"><div class=\"vlp-block-0 vlp-link-title\">Af n\u00fdst\u00e1rlegum l\u00f6gg\u00e6slua\u00f0fer\u00f0um \u00devagleggs s\u00fdslumanns<\/div><div class=\"vlp-block-1 vlp-link-summary\">\u00devagleggur s\u00fdsluma\u00f0ur er frumlegur ma\u00f0ur. Ma\u00f0ur sem hugsar \u00fat fyrir kassann og beitir \u00e1\u00f0ur \u00f3\u00feekktum a\u00f0fer\u00f0um \u00ed bar\u00e1ttunni gegn gl\u00e6pum. \u00deolendur kynfer\u00f0isbrota hafa n\u00fa eignast n\u00fdjan og \u00f6flugan m\u00e1lsvara \u00ed \u00feessum \u00f3venjulega fulltr\u00faa r\u00e9ttl\u00e6tisins og gle\u00f0ur \u00fea\u00f0 mig \u00f3segjanlega. [&hellip;]<\/div><\/div><\/div>","protected":false},"excerpt":{"rendered":"<p>S\u00f6gurnar af \u00f3venjulegum vinnubr\u00f6g\u00f0um \u00devagleggs s\u00fdslumanns, g\u00e6tu eflaust fyllt heila b\u00f3k. Flestir \u00feekkja s\u00f6guna af \u00fev\u00ed hvernig \u00devagleggur f\u00e9kk vi\u00f0urnefni sitt en \u00e9g hygg a\u00f0 einhverjir hafi gleymt s\u00f6gu Helgu J\u00f3nsd\u00f3ttur og fj\u00f6lskyldu hennar. S\u00fa saga varpar lj\u00f3si \u00e1 frumlegar hugmyndir \u00devagleggs s\u00fdslumanns um refsiv\u00f6rslu\u00e1st\u00e6\u00f0ur. Helga og fj\u00f6lskylda hennar lentu \u00ed h\u00f6r\u00f0um \u00e1reksti \u00e1 Su\u00f0urlandsvegi [&hellip;]<\/p>\n","protected":false},"author":7,"featured_media":3434,"comment_status":"closed","ping_status":"open","sticky":false,"template":"","format":"standard","meta":{"_et_pb_use_builder":"","_et_pb_old_content":"","_et_gb_content_width":"","footnotes":""},"categories":[201],"tags":[697,696,695],"class_list":["post-3432","post","type-post","status-publish","format-standard","has-post-thumbnail","hentry","category-andof-yfirvald","tag-refsivorslukerfid","tag-slys","tag-thvagleggur-syslumadur","et-has-post-format-content","et_post_format-et-post-format-standard"],"yoast_head":"<!-- This site is optimized with the Yoast SEO plugin v27.4 - https:\/\/yoast.com\/product\/yoast-seo-wordpress\/ -->\n<title>\u00deegar \u00devagleggur s\u00fdsluma\u00f0ur ger\u00f0ist a\u00f0alpers\u00f3na \u00ed fj\u00f6lskylduharmleik - Eva Hauksd\u00f3ttir<\/title>\n<meta name=\"robots\" content=\"index, follow, max-snippet:-1, max-image-preview:large, max-video-preview:-1\" \/>\n<link rel=\"canonical\" href=\"https:\/\/www.norn.is\/eva\/2011\/06\/30\/thegar-thvagleggur-syslumadur-gerdist-adalpersona-i-fjolskylduharmleik\/\" \/>\n<meta property=\"og:locale\" content=\"is_IS\" \/>\n<meta property=\"og:type\" content=\"article\" \/>\n<meta property=\"og:title\" content=\"\u00deegar \u00devagleggur s\u00fdsluma\u00f0ur ger\u00f0ist a\u00f0alpers\u00f3na \u00ed fj\u00f6lskylduharmleik - Eva Hauksd\u00f3ttir\" \/>\n<meta property=\"og:description\" content=\"S\u00f6gurnar af \u00f3venjulegum vinnubr\u00f6g\u00f0um \u00devagleggs s\u00fdslumanns, g\u00e6tu eflaust fyllt heila b\u00f3k. Flestir \u00feekkja s\u00f6guna af \u00fev\u00ed hvernig \u00devagleggur f\u00e9kk vi\u00f0urnefni sitt en \u00e9g hygg a\u00f0 einhverjir hafi gleymt s\u00f6gu Helgu J\u00f3nsd\u00f3ttur og fj\u00f6lskyldu hennar. S\u00fa saga varpar lj\u00f3si \u00e1 frumlegar hugmyndir \u00devagleggs s\u00fdslumanns um refsiv\u00f6rslu\u00e1st\u00e6\u00f0ur. Helga og fj\u00f6lskylda hennar lentu \u00ed h\u00f6r\u00f0um \u00e1reksti \u00e1 Su\u00f0urlandsvegi [&hellip;]\" \/>\n<meta property=\"og:url\" content=\"https:\/\/www.norn.is\/eva\/2011\/06\/30\/thegar-thvagleggur-syslumadur-gerdist-adalpersona-i-fjolskylduharmleik\/\" \/>\n<meta property=\"og:site_name\" content=\"Eva Hauksd\u00f3ttir\" \/>\n<meta property=\"article:published_time\" content=\"2011-06-30T22:12:20+00:00\" \/>\n<meta property=\"article:modified_time\" content=\"2020-08-21T22:25:32+00:00\" \/>\n<meta property=\"og:image\" content=\"https:\/\/www.norn.is\/eva\/wp-content\/uploads\/sites\/36\/2011\/06\/car-crash.jpg\" \/>\n\t<meta property=\"og:image:width\" content=\"1920\" \/>\n\t<meta property=\"og:image:height\" content=\"1275\" \/>\n\t<meta property=\"og:image:type\" content=\"image\/jpeg\" \/>\n<meta name=\"author\" content=\"Eva Hauksd\u00f3ttir\" \/>\n<meta name=\"twitter:card\" content=\"summary_large_image\" \/>\n<meta name=\"twitter:label1\" content=\"Written by\" \/>\n\t<meta name=\"twitter:data1\" content=\"\" \/>\n\t<meta name=\"twitter:label2\" content=\"Est. reading time\" \/>\n\t<meta name=\"twitter:data2\" content=\"3 minutes\" \/>\n<script type=\"application\/ld+json\" class=\"yoast-schema-graph\">{\"@context\":\"https:\\\/\\\/schema.org\",\"@graph\":[{\"@type\":\"Article\",\"@id\":\"https:\\\/\\\/www.norn.is\\\/eva\\\/2011\\\/06\\\/30\\\/thegar-thvagleggur-syslumadur-gerdist-adalpersona-i-fjolskylduharmleik\\\/#article\",\"isPartOf\":{\"@id\":\"https:\\\/\\\/www.norn.is\\\/eva\\\/2011\\\/06\\\/30\\\/thegar-thvagleggur-syslumadur-gerdist-adalpersona-i-fjolskylduharmleik\\\/\"},\"author\":{\"name\":\"Eva Hauksd\u00f3ttir\",\"@id\":\"https:\\\/\\\/www.norn.is\\\/eva\\\/#\\\/schema\\\/person\\\/1d9742389918a297671033a2b53d3d34\"},\"headline\":\"\u00deegar \u00devagleggur s\u00fdsluma\u00f0ur ger\u00f0ist a\u00f0alpers\u00f3na \u00ed fj\u00f6lskylduharmleik\",\"datePublished\":\"2011-06-30T22:12:20+00:00\",\"dateModified\":\"2020-08-21T22:25:32+00:00\",\"mainEntityOfPage\":{\"@id\":\"https:\\\/\\\/www.norn.is\\\/eva\\\/2011\\\/06\\\/30\\\/thegar-thvagleggur-syslumadur-gerdist-adalpersona-i-fjolskylduharmleik\\\/\"},\"wordCount\":567,\"image\":{\"@id\":\"https:\\\/\\\/www.norn.is\\\/eva\\\/2011\\\/06\\\/30\\\/thegar-thvagleggur-syslumadur-gerdist-adalpersona-i-fjolskylduharmleik\\\/#primaryimage\"},\"thumbnailUrl\":\"https:\\\/\\\/www.norn.is\\\/eva\\\/wp-content\\\/uploads\\\/sites\\\/36\\\/2011\\\/06\\\/car-crash.jpg\",\"keywords\":[\"refsiv\u00f6rslukerfi\u00f0\",\"slys\",\"\u00devagleggur s\u00fdsluma\u00f0ur\"],\"articleSection\":[\"And\u00f3f &amp; yfirvald\"],\"inLanguage\":\"is\"},{\"@type\":\"WebPage\",\"@id\":\"https:\\\/\\\/www.norn.is\\\/eva\\\/2011\\\/06\\\/30\\\/thegar-thvagleggur-syslumadur-gerdist-adalpersona-i-fjolskylduharmleik\\\/\",\"url\":\"https:\\\/\\\/www.norn.is\\\/eva\\\/2011\\\/06\\\/30\\\/thegar-thvagleggur-syslumadur-gerdist-adalpersona-i-fjolskylduharmleik\\\/\",\"name\":\"\u00deegar \u00devagleggur s\u00fdsluma\u00f0ur ger\u00f0ist a\u00f0alpers\u00f3na \u00ed fj\u00f6lskylduharmleik - Eva Hauksd\u00f3ttir\",\"isPartOf\":{\"@id\":\"https:\\\/\\\/www.norn.is\\\/eva\\\/#website\"},\"primaryImageOfPage\":{\"@id\":\"https:\\\/\\\/www.norn.is\\\/eva\\\/2011\\\/06\\\/30\\\/thegar-thvagleggur-syslumadur-gerdist-adalpersona-i-fjolskylduharmleik\\\/#primaryimage\"},\"image\":{\"@id\":\"https:\\\/\\\/www.norn.is\\\/eva\\\/2011\\\/06\\\/30\\\/thegar-thvagleggur-syslumadur-gerdist-adalpersona-i-fjolskylduharmleik\\\/#primaryimage\"},\"thumbnailUrl\":\"https:\\\/\\\/www.norn.is\\\/eva\\\/wp-content\\\/uploads\\\/sites\\\/36\\\/2011\\\/06\\\/car-crash.jpg\",\"datePublished\":\"2011-06-30T22:12:20+00:00\",\"dateModified\":\"2020-08-21T22:25:32+00:00\",\"author\":{\"@id\":\"https:\\\/\\\/www.norn.is\\\/eva\\\/#\\\/schema\\\/person\\\/1d9742389918a297671033a2b53d3d34\"},\"breadcrumb\":{\"@id\":\"https:\\\/\\\/www.norn.is\\\/eva\\\/2011\\\/06\\\/30\\\/thegar-thvagleggur-syslumadur-gerdist-adalpersona-i-fjolskylduharmleik\\\/#breadcrumb\"},\"inLanguage\":\"is\",\"potentialAction\":[{\"@type\":\"ReadAction\",\"target\":[\"https:\\\/\\\/www.norn.is\\\/eva\\\/2011\\\/06\\\/30\\\/thegar-thvagleggur-syslumadur-gerdist-adalpersona-i-fjolskylduharmleik\\\/\"]}]},{\"@type\":\"ImageObject\",\"inLanguage\":\"is\",\"@id\":\"https:\\\/\\\/www.norn.is\\\/eva\\\/2011\\\/06\\\/30\\\/thegar-thvagleggur-syslumadur-gerdist-adalpersona-i-fjolskylduharmleik\\\/#primaryimage\",\"url\":\"https:\\\/\\\/www.norn.is\\\/eva\\\/wp-content\\\/uploads\\\/sites\\\/36\\\/2011\\\/06\\\/car-crash.jpg\",\"contentUrl\":\"https:\\\/\\\/www.norn.is\\\/eva\\\/wp-content\\\/uploads\\\/sites\\\/36\\\/2011\\\/06\\\/car-crash.jpg\",\"width\":1920,\"height\":1275},{\"@type\":\"BreadcrumbList\",\"@id\":\"https:\\\/\\\/www.norn.is\\\/eva\\\/2011\\\/06\\\/30\\\/thegar-thvagleggur-syslumadur-gerdist-adalpersona-i-fjolskylduharmleik\\\/#breadcrumb\",\"itemListElement\":[{\"@type\":\"ListItem\",\"position\":1,\"name\":\"Home\",\"item\":\"https:\\\/\\\/www.norn.is\\\/eva\\\/\"},{\"@type\":\"ListItem\",\"position\":2,\"name\":\"\u00deegar \u00devagleggur s\u00fdsluma\u00f0ur ger\u00f0ist a\u00f0alpers\u00f3na \u00ed fj\u00f6lskylduharmleik\"}]},{\"@type\":\"WebSite\",\"@id\":\"https:\\\/\\\/www.norn.is\\\/eva\\\/#website\",\"url\":\"https:\\\/\\\/www.norn.is\\\/eva\\\/\",\"name\":\"Eva Hauksd\u00f3ttir\",\"description\":\"Evu blogg\",\"potentialAction\":[{\"@type\":\"SearchAction\",\"target\":{\"@type\":\"EntryPoint\",\"urlTemplate\":\"https:\\\/\\\/www.norn.is\\\/eva\\\/?s={search_term_string}\"},\"query-input\":{\"@type\":\"PropertyValueSpecification\",\"valueRequired\":true,\"valueName\":\"search_term_string\"}}],\"inLanguage\":\"is\"},{\"@type\":\"Person\",\"@id\":\"https:\\\/\\\/www.norn.is\\\/eva\\\/#\\\/schema\\\/person\\\/1d9742389918a297671033a2b53d3d34\",\"name\":\"Eva Hauksd\u00f3ttir\",\"image\":{\"@type\":\"ImageObject\",\"inLanguage\":\"is\",\"@id\":\"https:\\\/\\\/secure.gravatar.com\\\/avatar\\\/3690cd9ff7436a8a5d80acdc8fcb1046fbb9e002d4b532c85080d1bcbede84ce?s=96&d=mm&r=g\",\"url\":\"https:\\\/\\\/secure.gravatar.com\\\/avatar\\\/3690cd9ff7436a8a5d80acdc8fcb1046fbb9e002d4b532c85080d1bcbede84ce?s=96&d=mm&r=g\",\"contentUrl\":\"https:\\\/\\\/secure.gravatar.com\\\/avatar\\\/3690cd9ff7436a8a5d80acdc8fcb1046fbb9e002d4b532c85080d1bcbede84ce?s=96&d=mm&r=g\",\"caption\":\"Eva Hauksd\u00f3ttir\"},\"url\":\"https:\\\/\\\/www.norn.is\\\/eva\\\/author\\\/evahauks\\\/\"}]}<\/script>\n<!-- \/ Yoast SEO plugin. -->","yoast_head_json":{"title":"\u00deegar \u00devagleggur s\u00fdsluma\u00f0ur ger\u00f0ist a\u00f0alpers\u00f3na \u00ed fj\u00f6lskylduharmleik - Eva Hauksd\u00f3ttir","robots":{"index":"index","follow":"follow","max-snippet":"max-snippet:-1","max-image-preview":"max-image-preview:large","max-video-preview":"max-video-preview:-1"},"canonical":"https:\/\/www.norn.is\/eva\/2011\/06\/30\/thegar-thvagleggur-syslumadur-gerdist-adalpersona-i-fjolskylduharmleik\/","og_locale":"is_IS","og_type":"article","og_title":"\u00deegar \u00devagleggur s\u00fdsluma\u00f0ur ger\u00f0ist a\u00f0alpers\u00f3na \u00ed fj\u00f6lskylduharmleik - Eva Hauksd\u00f3ttir","og_description":"S\u00f6gurnar af \u00f3venjulegum vinnubr\u00f6g\u00f0um \u00devagleggs s\u00fdslumanns, g\u00e6tu eflaust fyllt heila b\u00f3k. Flestir \u00feekkja s\u00f6guna af \u00fev\u00ed hvernig \u00devagleggur f\u00e9kk vi\u00f0urnefni sitt en \u00e9g hygg a\u00f0 einhverjir hafi gleymt s\u00f6gu Helgu J\u00f3nsd\u00f3ttur og fj\u00f6lskyldu hennar. S\u00fa saga varpar lj\u00f3si \u00e1 frumlegar hugmyndir \u00devagleggs s\u00fdslumanns um refsiv\u00f6rslu\u00e1st\u00e6\u00f0ur. Helga og fj\u00f6lskylda hennar lentu \u00ed h\u00f6r\u00f0um \u00e1reksti \u00e1 Su\u00f0urlandsvegi [&hellip;]","og_url":"https:\/\/www.norn.is\/eva\/2011\/06\/30\/thegar-thvagleggur-syslumadur-gerdist-adalpersona-i-fjolskylduharmleik\/","og_site_name":"Eva Hauksd\u00f3ttir","article_published_time":"2011-06-30T22:12:20+00:00","article_modified_time":"2020-08-21T22:25:32+00:00","og_image":[{"width":1920,"height":1275,"url":"https:\/\/www.norn.is\/eva\/wp-content\/uploads\/sites\/36\/2011\/06\/car-crash.jpg","type":"image\/jpeg"}],"author":"Eva Hauksd\u00f3ttir","twitter_card":"summary_large_image","twitter_misc":{"Written by":false,"Est. reading time":"3 minutes"},"schema":{"@context":"https:\/\/schema.org","@graph":[{"@type":"Article","@id":"https:\/\/www.norn.is\/eva\/2011\/06\/30\/thegar-thvagleggur-syslumadur-gerdist-adalpersona-i-fjolskylduharmleik\/#article","isPartOf":{"@id":"https:\/\/www.norn.is\/eva\/2011\/06\/30\/thegar-thvagleggur-syslumadur-gerdist-adalpersona-i-fjolskylduharmleik\/"},"author":{"name":"Eva Hauksd\u00f3ttir","@id":"https:\/\/www.norn.is\/eva\/#\/schema\/person\/1d9742389918a297671033a2b53d3d34"},"headline":"\u00deegar \u00devagleggur s\u00fdsluma\u00f0ur ger\u00f0ist a\u00f0alpers\u00f3na \u00ed fj\u00f6lskylduharmleik","datePublished":"2011-06-30T22:12:20+00:00","dateModified":"2020-08-21T22:25:32+00:00","mainEntityOfPage":{"@id":"https:\/\/www.norn.is\/eva\/2011\/06\/30\/thegar-thvagleggur-syslumadur-gerdist-adalpersona-i-fjolskylduharmleik\/"},"wordCount":567,"image":{"@id":"https:\/\/www.norn.is\/eva\/2011\/06\/30\/thegar-thvagleggur-syslumadur-gerdist-adalpersona-i-fjolskylduharmleik\/#primaryimage"},"thumbnailUrl":"https:\/\/www.norn.is\/eva\/wp-content\/uploads\/sites\/36\/2011\/06\/car-crash.jpg","keywords":["refsiv\u00f6rslukerfi\u00f0","slys","\u00devagleggur s\u00fdsluma\u00f0ur"],"articleSection":["And\u00f3f &amp; yfirvald"],"inLanguage":"is"},{"@type":"WebPage","@id":"https:\/\/www.norn.is\/eva\/2011\/06\/30\/thegar-thvagleggur-syslumadur-gerdist-adalpersona-i-fjolskylduharmleik\/","url":"https:\/\/www.norn.is\/eva\/2011\/06\/30\/thegar-thvagleggur-syslumadur-gerdist-adalpersona-i-fjolskylduharmleik\/","name":"\u00deegar \u00devagleggur s\u00fdsluma\u00f0ur ger\u00f0ist a\u00f0alpers\u00f3na \u00ed fj\u00f6lskylduharmleik - Eva Hauksd\u00f3ttir","isPartOf":{"@id":"https:\/\/www.norn.is\/eva\/#website"},"primaryImageOfPage":{"@id":"https:\/\/www.norn.is\/eva\/2011\/06\/30\/thegar-thvagleggur-syslumadur-gerdist-adalpersona-i-fjolskylduharmleik\/#primaryimage"},"image":{"@id":"https:\/\/www.norn.is\/eva\/2011\/06\/30\/thegar-thvagleggur-syslumadur-gerdist-adalpersona-i-fjolskylduharmleik\/#primaryimage"},"thumbnailUrl":"https:\/\/www.norn.is\/eva\/wp-content\/uploads\/sites\/36\/2011\/06\/car-crash.jpg","datePublished":"2011-06-30T22:12:20+00:00","dateModified":"2020-08-21T22:25:32+00:00","author":{"@id":"https:\/\/www.norn.is\/eva\/#\/schema\/person\/1d9742389918a297671033a2b53d3d34"},"breadcrumb":{"@id":"https:\/\/www.norn.is\/eva\/2011\/06\/30\/thegar-thvagleggur-syslumadur-gerdist-adalpersona-i-fjolskylduharmleik\/#breadcrumb"},"inLanguage":"is","potentialAction":[{"@type":"ReadAction","target":["https:\/\/www.norn.is\/eva\/2011\/06\/30\/thegar-thvagleggur-syslumadur-gerdist-adalpersona-i-fjolskylduharmleik\/"]}]},{"@type":"ImageObject","inLanguage":"is","@id":"https:\/\/www.norn.is\/eva\/2011\/06\/30\/thegar-thvagleggur-syslumadur-gerdist-adalpersona-i-fjolskylduharmleik\/#primaryimage","url":"https:\/\/www.norn.is\/eva\/wp-content\/uploads\/sites\/36\/2011\/06\/car-crash.jpg","contentUrl":"https:\/\/www.norn.is\/eva\/wp-content\/uploads\/sites\/36\/2011\/06\/car-crash.jpg","width":1920,"height":1275},{"@type":"BreadcrumbList","@id":"https:\/\/www.norn.is\/eva\/2011\/06\/30\/thegar-thvagleggur-syslumadur-gerdist-adalpersona-i-fjolskylduharmleik\/#breadcrumb","itemListElement":[{"@type":"ListItem","position":1,"name":"Home","item":"https:\/\/www.norn.is\/eva\/"},{"@type":"ListItem","position":2,"name":"\u00deegar \u00devagleggur s\u00fdsluma\u00f0ur ger\u00f0ist a\u00f0alpers\u00f3na \u00ed fj\u00f6lskylduharmleik"}]},{"@type":"WebSite","@id":"https:\/\/www.norn.is\/eva\/#website","url":"https:\/\/www.norn.is\/eva\/","name":"Eva Hauksd\u00f3ttir","description":"Evu blogg","potentialAction":[{"@type":"SearchAction","target":{"@type":"EntryPoint","urlTemplate":"https:\/\/www.norn.is\/eva\/?s={search_term_string}"},"query-input":{"@type":"PropertyValueSpecification","valueRequired":true,"valueName":"search_term_string"}}],"inLanguage":"is"},{"@type":"Person","@id":"https:\/\/www.norn.is\/eva\/#\/schema\/person\/1d9742389918a297671033a2b53d3d34","name":"Eva Hauksd\u00f3ttir","image":{"@type":"ImageObject","inLanguage":"is","@id":"https:\/\/secure.gravatar.com\/avatar\/3690cd9ff7436a8a5d80acdc8fcb1046fbb9e002d4b532c85080d1bcbede84ce?s=96&d=mm&r=g","url":"https:\/\/secure.gravatar.com\/avatar\/3690cd9ff7436a8a5d80acdc8fcb1046fbb9e002d4b532c85080d1bcbede84ce?s=96&d=mm&r=g","contentUrl":"https:\/\/secure.gravatar.com\/avatar\/3690cd9ff7436a8a5d80acdc8fcb1046fbb9e002d4b532c85080d1bcbede84ce?s=96&d=mm&r=g","caption":"Eva Hauksd\u00f3ttir"},"url":"https:\/\/www.norn.is\/eva\/author\/evahauks\/"}]}},"_links":{"self":[{"href":"https:\/\/www.norn.is\/eva\/wp-json\/wp\/v2\/posts\/3432","targetHints":{"allow":["GET"]}}],"collection":[{"href":"https:\/\/www.norn.is\/eva\/wp-json\/wp\/v2\/posts"}],"about":[{"href":"https:\/\/www.norn.is\/eva\/wp-json\/wp\/v2\/types\/post"}],"author":[{"embeddable":true,"href":"https:\/\/www.norn.is\/eva\/wp-json\/wp\/v2\/users\/7"}],"replies":[{"embeddable":true,"href":"https:\/\/www.norn.is\/eva\/wp-json\/wp\/v2\/comments?post=3432"}],"version-history":[{"count":3,"href":"https:\/\/www.norn.is\/eva\/wp-json\/wp\/v2\/posts\/3432\/revisions"}],"predecessor-version":[{"id":3436,"href":"https:\/\/www.norn.is\/eva\/wp-json\/wp\/v2\/posts\/3432\/revisions\/3436"}],"wp:featuredmedia":[{"embeddable":true,"href":"https:\/\/www.norn.is\/eva\/wp-json\/wp\/v2\/media\/3434"}],"wp:attachment":[{"href":"https:\/\/www.norn.is\/eva\/wp-json\/wp\/v2\/media?parent=3432"}],"wp:term":[{"taxonomy":"category","embeddable":true,"href":"https:\/\/www.norn.is\/eva\/wp-json\/wp\/v2\/categories?post=3432"},{"taxonomy":"post_tag","embeddable":true,"href":"https:\/\/www.norn.is\/eva\/wp-json\/wp\/v2\/tags?post=3432"}],"curies":[{"name":"wp","href":"https:\/\/api.w.org\/{rel}","templated":true}]}}