{"id":3304,"date":"2013-11-01T10:01:45","date_gmt":"2013-11-01T10:01:45","guid":{"rendered":"http:\/\/www.norn.is\/eva\/?p=3304"},"modified":"2021-07-11T14:52:59","modified_gmt":"2021-07-11T14:52:59","slug":"feminasnar-og-kynjamismunun-sidmenntar","status":"publish","type":"post","link":"https:\/\/www.norn.is\/eva\/2013\/11\/01\/feminasnar-og-kynjamismunun-sidmenntar\/","title":{"rendered":"Fem\u00cdnasnar og kynjamismunun Si\u00f0menntar"},"content":{"rendered":"\n<figure class=\"wp-block-image size-large\"><img loading=\"lazy\" decoding=\"async\" width=\"692\" height=\"331\" src=\"http:\/\/www.norn.is\/eva\/wp-content\/uploads\/sites\/36\/2020\/08\/Screenshot-from-2014-08-26-154132.png\" alt=\"\" class=\"wp-image-3305\" srcset=\"https:\/\/www.norn.is\/eva\/wp-content\/uploads\/sites\/36\/2020\/08\/Screenshot-from-2014-08-26-154132.png 692w, https:\/\/www.norn.is\/eva\/wp-content\/uploads\/sites\/36\/2020\/08\/Screenshot-from-2014-08-26-154132-300x143.png 300w\" sizes=\"auto, (max-width: 692px) 100vw, 692px\" \/><\/figure>\n\n\n\n<blockquote class=\"wp-block-quote is-layout-flow wp-block-quote-is-layout-flow\"><p>\u00deetta me\u00f0 kynjakv\u00f3ta ver\u00f0launahafa Si\u00f0menntar er a\u00f0 ver\u00f0a undalegasta umr\u00e6\u00f0a sem \u00e9g hef lengi s\u00e9\u00f0. Sem stofnf\u00e9lagi Si\u00f0menntar, stj\u00f3rnarma\u00f6ur \u00ed sj\u00f6 \u00e1r og eini n\u00falifandi hei\u00f0ursf\u00e9lagi f\u00e9lagsins, er \u00e9g fur\u00f0u lostinn. F\u00e9lagi\u00f0 hefur veitt 16 vi\u00f0urkenningar,&nbsp;\u00fear af sex til f\u00e9lagasamtaka og konur hafa yfirleitt veitt \u00feeim vi\u00f0urkenningum vi\u00f0t\u00f6ku. Af r\u00famum 23 starfs\u00e1rum f\u00e9lagisns hafa konur veri\u00f0 formenn \u00ed r\u00fam 20 \u00e1r. Meirihluti r\u00e6\u00f0umanna vi\u00f0 borgaralegar fermingar hafa veri\u00f0 konur og \u00e9g tel \u00fea\u00f0 vera meiri hei\u00f0ur en vi\u00f0urkenningarnar. \u00c9g tek fram a\u00f0 \u00e9g hef aldrei komi\u00f0 a\u00f0 vali vi\u00f0 hei\u00f0ursvi\u00f0urkenningar en hitt veit \u00e9g a\u00f0 jafnr\u00e9tti kynjanna er svo n\u00e1tengt allri hugmyndafr\u00e6\u00f0i f\u00e9lagsins a\u00f0 kynjakv\u00f3ti er f\u00e9laginu mj\u00f6g framandi.<\/p><\/blockquote>\n\n\n\n<p>\u00deessi or\u00f0 l\u00e9t G\u00edsli Gunnarsson falla \u00e1 facebook eftir miklar umr\u00e6\u00f0ur um&nbsp;<a href=\"http:\/\/www.pressan.is\/Frettir\/Lesafrett\/feministar-gagnryna-sidmennt-eg-aetla-ekki-ad-bidjast-afsokunar-en-mer-finnst-thessi-gagnryni-eiga-rett-a-ser\">meinta kynjamismunun Si\u00f0menntar<\/a>. \u00cd sama streng tekur Valgar\u00f0ur Gu\u00f0j\u00f3nsson \u00ed umr\u00e6\u00f0um um&nbsp;<a href=\"http:\/\/valgardur.wordpress.com\/2013\/10\/31\/tolfti-karlinn-faer-verdlaun\/\">\u00feennan pistil<\/a>. Kristinn Theod\u00f3rsson, varama\u00f0ur \u00ed stj\u00f3rn Si\u00f0menntar hefur bent \u00e1 a\u00f0 \u00e1st\u00e6\u00f0an fyrir \u00fev\u00ed a\u00f0 9 karlar komu a\u00f0 vali ver\u00f0launahafa en a\u00f0eins 3 konur s\u00e9 einfaldlega s\u00fa a\u00f0 f\u00e6rri konur hafi gefi\u00f0 kost \u00e1 s\u00e9r til stj\u00f3rnarsetu.<\/p>\n\n\n\n<h2 class=\"wp-block-heading\"><strong>G\u00f6mul umr\u00e6\u00f0a um karlrembu Kiljunnar<\/strong><\/h2>\n\n\n\n<p>\u00cd mars 2011 logu\u00f0u netheimar af heilagri rei\u00f0i feminista vegna kynjahalla Kiljunnar. Egill Helgason var ekki a\u00f0eins saka\u00f0ur um karlrembu heldur einnig um brot gegn jafnr\u00e9ttisl\u00f6gum. \u00c9g spur\u00f0i \u00edtreka\u00f0 hva\u00f0a konur hef\u00f0u veri\u00f0 sni\u00f0gengnar. Spur\u00f0i \u00e1 m\u00f6rgum \u00fer\u00e1\u00f0um \u00e1 facebook og \u201etagga\u00f0i\u201c marga sem h\u00f6f\u00f0u l\u00fdst hneykslun sinni. Einu sv\u00f6rin sem \u00e9g f\u00e9kk voru \u201ebarnab\u00f3kah\u00f6fundar\u201c og \u201eGu\u00f0r\u00fan fr\u00e1 Lundi\u201c.<\/p>\n\n\n\n<p>\u00c9g skrifa\u00f0i&nbsp;<a href=\"http:\/\/www.norn.is\/kyndillinn\/gamall-pistill-um-karlrembu-egils-helgasonar\/\">pistil<\/a>&nbsp;og benti \u00e1 a\u00f0 \u00feessi sv\u00f6r b\u00e6ru n\u00fa ekki beinl\u00ednis vott um a\u00f0 Egill v\u00e6ri bl\u00f3\u00f0sekur. \u00cd umr\u00e6\u00f0um \u00ed kj\u00f6lfari\u00f0 nefndi einhver kvenrith\u00f6fund sem \u00e6tti erindi \u00ed \u00fe\u00e1ttinn en s\u00fa kona haf\u00f0i \u00fe\u00e1 ekki gefi\u00f0 \u00fat b\u00f3k \u00ed 5 \u00e1r. Annar taldi a\u00f0 \u00de\u00f3rd\u00eds G\u00edslad\u00f3ttir, sem var reyndar bo\u00f0in \u00ed \u00fe\u00e1ttinn, hef\u00f0i ver\u00f0skulda\u00f0 meiri athygli. Ingunn Sn\u00e6dal var eina konan sem \u00e9g s\u00e1 nefnda \u00ed \u00feessari umr\u00e6\u00f0u sem me\u00f0 nokkurri sanngirni er h\u00e6gt a\u00f0 segja a\u00f0 hafi veri\u00f0 sni\u00f0gengin. Sennilega m\u00e6tti nefna einn karl e\u00f0a tvo sem hef\u00f0u geta\u00f0 \u00feegi\u00f0 meiri athygli fyrir ritverk s\u00edn.<\/p>\n\n\n\n<h2 class=\"wp-block-heading\"><strong>Engar upp\u00e1stungur fr\u00e1 femn\u00ednistum<\/strong><\/h2>\n\n\n\n<p>N\u00fa er meint kynjamismunun Si\u00f0menntar gagnr\u00fdnd.&nbsp;\u00c9g get nefnt konur sem hafa unni\u00f0 gott starf \u00ed \u00fe\u00e1gu mannr\u00e9ttinda og mann\u00fa\u00f0ar en man enga sem \u00e9g tel auglj\u00f3slega ver\u00f0ugri en J\u00f3n Gnarr. H\u00fan kann au\u00f0vita\u00f0 a\u00f0 vera til \u00fe\u00f3tt \u00e9g viti ekki af henni og \u00ed g\u00e6r margspur\u00f0i \u00e9g um \u00fea\u00f0 \u00e1 facebook hva\u00f0a konur v\u00e6ru ver\u00f0ugri \u00feessarar vi\u00f0urkenningar en J\u00f3n Gnarr. F\u00e1tt var\u00f0 um sv\u00f6r. Hildur Lilliendahl gat t.d. ekki nefnt eina einustu. A\u00f0 lokum nefndi kona&nbsp;<a href=\"http:\/\/www.womeniniceland.is\/\">samt\u00f6k kvenna af erlendum uppruna<\/a>, sem samt\u00f6k sem vert v\u00e6ri a\u00f0 sko\u00f0a (ekki sem a\u00f0ila sem greinilega b\u00e6ri af J\u00f3ni Gnarr) og karlma\u00f0ur benti \u00e1 a\u00f0 Helga Sif Fri\u00f0j\u00f3nsd\u00f3ttir (faglegur verkefnastj\u00f3ri&nbsp;<a href=\"http:\/\/www.raudikrossinn.is\/page\/rki_reykjavikurdeild_fruragnheidur\">fr\u00far Ragnhei\u00f0ar<\/a>, sem er ska\u00f0aminnkunarverkefni \u00e1 vegum Rau\u00f0a Krossins) \u00e6tti skilinn hei\u00f0ur fyrir st\u00f6rf s\u00edn \u00ed \u00fe\u00e1gu \u00fatigangsf\u00f3lks.<\/p>\n\n\n\n<p>Ef f\u00e1ar till\u00f6gur koma fram og jafnvel yfirl\u00fdstir fem\u00ednistar eiga \u00ed mestu vandr\u00e6\u00f0um me\u00f0 a\u00f0 nefna eina einustu konu sem \u00feeir telja ver\u00f0uga h\u00famanistaver\u00f0launa, getur \u00fe\u00e1 kannski veri\u00f0 a\u00f0 \u00fea\u00f0 s\u00e9 eitthva\u00f0 anna\u00f0 en \u00fej\u00f3nkun vi\u00f0 fe\u00f0raveldi\u00f0 sem sk\u00fdrir kynjahallann \u00ed ver\u00f0launaveitingum Si\u00f0menntar? Getur t.d. veri\u00f0 a\u00f0 karlar s\u00e9u almennt meira \u00e1berandi \u00ed mannr\u00e9ttindabar\u00e1ttu eins og \u00e1 svo m\u00f6rgum \u00f6\u00f0rum svi\u00f0um og menn s\u00e9u l\u00edtt me\u00f0vita\u00f0ir um afrek kvenna \u00e1 \u00feeim vettvangi?<\/p>\n\n\n\n<h2 class=\"wp-block-heading\"><strong>J\u00f3n Gnarr og Birgitta J\u00f3nsd\u00f3ttir<\/strong><\/h2>\n\n\n\n<p>M\u00e9r finnst Si\u00f0mennt vel s\u00e6md af \u00fev\u00ed a\u00f0 hafa veitt J\u00f3ni Gnarr h\u00famanistaver\u00f0laun. Af \u00f6llum hans upp\u00e1t\u00e6kjum finnst m\u00e9r vega \u00feyngst s\u00e1 gj\u00f6rningur hans a\u00f0 m\u00f3tm\u00e6la me\u00f0fer\u00f0inni \u00e1&nbsp;Liu Xiaobo \u00feegar sendinefnd \u00e1 vegum k\u00ednverskra stj\u00f3rnvalda kom til \u00cdslands. \u00c9g man ekki til \u00feess a\u00f0 \u00edslenskur stj\u00f3rnm\u00e1lama\u00f0ur hafi \u00e1\u00f0ur teki\u00f0 fulltr\u00faa erlends r\u00edkis til b\u00e6na augliti til auglitis og \u00fe\u00f3tt ekki v\u00e6ri anna\u00f0 \u00e6tti hann skili\u00f0 a\u00f0 f\u00e1 vi\u00f0urkenningu fyrir \u00fea\u00f0.&nbsp;\u00dea\u00f0 er erfitt a\u00f0 velja \u00e1 milli tveggja h\u00e6fra en \u00f3l\u00edkra og \u00e9g veit ekki um neina konu sem er auglj\u00f3slega ver\u00f0ugri \u00feessarar vi\u00f0urkenningar en J\u00f3n Gnarr, en annar stj\u00f3rnm\u00e1lama\u00f0ur sem \u00e1 sannarlega skili\u00f0 a\u00f0 f\u00e1 h\u00famanistaver\u00f0laun er Birgitta J\u00f3nsd\u00f3ttir.<\/p>\n\n\n\n<p>Birgitta er a\u00f0 m\u00ednu mati \u00e1hugaver\u00f0asti stj\u00f3rnm\u00e1lama\u00f0ur sinnar kynsl\u00f3\u00f0ar. H\u00fan \u00e1 \u00fea\u00f0 sameiginlegt me\u00f0 J\u00f3ni Gnarr a\u00f0 hafa n\u00fdtt p\u00f3lit\u00edska st\u00f6\u00f0u s\u00edna \u00ed \u00fe\u00e1gu mannr\u00e9ttinda \u00fe\u00f3tt h\u00fan hafi beitt \u00f6\u00f0rum a\u00f0fer\u00f0um.&nbsp;J\u00f3n Gnarr er meira \u00e1berandi en nokkur annar mannr\u00e9ttindafr\u00f6mu\u00f0ur og hann n\u00fdtur vins\u00e6lda me\u00f0al g\u00edfurlega st\u00f3rra og \u00f3l\u00edkra h\u00f3pa. Kannski haf\u00f0i \u00fea\u00f0 \u00e1hrif \u00e1 val Si\u00f0menntar. \u00c9g er \u00fe\u00f3 ekki viss um a\u00f0 langt\u00edma\u00e1hrif Birgittu s\u00e9u neitt minni en \u00e1hrif J\u00f3ns. Birgitta h\u00f3f auk \u00feess s\u00edna mannr\u00e9ttindabar\u00e1ttu l\u00f6ngu \u00e1\u00f0ur en h\u00fan komst til p\u00f3lit\u00edskra \u00e1hrifa. Enginn getur saka\u00f0 Birgittu um a\u00f0 nota mannr\u00e9ttindam\u00e1l til \u00feess a\u00f0 koma sj\u00e1lfri s\u00e9r \u00e1 framf\u00e6ri e\u00f0a til \u00feess a\u00f0 s\u00fdna af s\u00e9r einhver sni\u00f0ugheit (en J\u00f3n hefur oft or\u00f0i\u00f0 fyrir \u00fev\u00ed og finnst m\u00e9r \u00fea\u00f0 \u00f3makleg umr\u00e6\u00f0a.) H\u00fan hefur s\u00fdnt \u00f3tr\u00falega \u00ferautseigju \u00ed s\u00ednum aktivisma, oft sta\u00f0i\u00f0 ein og unni\u00f0 heilmiki\u00f0 starf sem hvergi er s\u00fdnilegt \u00e1 opinberum vettvangi.<\/p>\n\n\n\n<h2 class=\"wp-block-heading\"><strong>Fleiri till\u00f6gur<\/strong><\/h2>\n\n\n\n<p>Ef einhvern langar a\u00f0 ver\u00f0launa konur fyrir framlag til mannr\u00e9ttinda og mann\u00fa\u00f0arm\u00e1la eru h\u00e9r nokkrar till\u00f6gur til vi\u00f0b\u00f3tar:<\/p>\n\n\n\n<p>Erla Bollad\u00f3ttir fyrir starf sitt \u00ed \u00fe\u00e1gu innflytjenda og fl\u00f3ttamanna.<br>Freyja Haraldsd\u00f3ttir fyrir bar\u00e1ttu s\u00edna fyrir r\u00e9ttindum fatla\u00f0ra.<br>Helga Bj\u00f6rk Magn\u00fasar- og Gr\u00e9tud\u00f3ttir fyrir aktivisma \u00ed \u00fe\u00e1gu \u00f6rykja og atvinnulausra.<br>Helga&nbsp;Sif Fri\u00f0j\u00f3nsd\u00f3ttir fyrir mann\u00fa\u00f0arst\u00f6rf \u00ed \u00fe\u00e1gu f\u00edkla og \u00fatigangsf\u00f3lks.<br>Katr\u00edn Oddsd\u00f3ttir fyrir a\u00f0 tala m\u00e1li fl\u00f3ttamanna og a\u00f0sto\u00f0a \u00fe\u00e1 langt umfram \u00fea\u00f0 sem henni ber sem l\u00f6gmanni.<br>Sigr\u00ed\u00f0ur V\u00ed\u00f0is J\u00f3nsd\u00f3ttir fyrir al\u00fej\u00f3\u00f0leg mann\u00fa\u00f0arst\u00f6rf og ekki s\u00edst fyrir b\u00f3k s\u00edna \u201eR\u00edkisfang ekkert\u201c.<\/p>\n\n\n\n<p>\u00c9g er viss um a\u00f0 margar konur til vi\u00f0b\u00f3tar koma til greina \u00fe\u00f3tt \u00fe\u00e6r hafi ekki veri\u00f0 miki\u00f0 \u00ed svi\u00f0slj\u00f3sinu og eflaust gleymi \u00e9g einhverri. Gaman v\u00e6ri ef lesendur vildu b\u00e6ta vi\u00f0 listann.<\/p>\n\n\n\n<h2 class=\"wp-block-heading\"><strong>Reyndar hafa mun fleiri konur en karlar fengi\u00f0 mannr\u00e9ttindavi\u00f0urkenningar \u2026<\/strong><\/h2>\n\n\n\n<p>Fem\u00ednistar gagnr\u00fdna val Si\u00f0menntar \u00e1 h\u00famanista \u00e1rsins. Au\u00f0vita\u00f0 v\u00e6ri fem\u00ednistasamt\u00f6kum \u00ed l\u00f3fa lagi\u00f0 a\u00f0 b\u00e6ta \u00far og veita konum vi\u00f0urkenningar. En \u00e6j\u00e1, alveg r\u00e9tt, \u00fea\u00f0 er einmitt \u00fea\u00f0 sem \u00feau gera.\u00a0St\u00edgam\u00f3t hafa t.d. veitt\u00a0<a href=\"http:\/\/www.humanrights.is\/servefir\/16dagar\/frettir\/nr\/3084\">m\u00f6rgum konum<\/a>\u00a0<a href=\"http:\/\/www.bhs.is\/skolinn\/frettir\/nr\/1936\">vi\u00f0urkenningar<\/a>. \u00a0A\u00f0allega fem\u00ednistum og ekki veit \u00e9g til \u00feess a\u00f0 fem\u00ednistasamt\u00f6k hafi ver\u00f0launa\u00f0 karla. \u00dea\u00f0 kann \u00fe\u00f3 a\u00f0 vera, \u00e1bendingar um \u00fea\u00f0 eru vel \u00feegnar.<\/p>\n\n\n\n<p>En \u00fea\u00f0 er ekki n\u00f3g a\u00f0 konur f\u00e1i vi\u00f0urkenningar fr\u00e1 einhverjum fem\u00ednistasamt\u00f6kum, isspiss og abbababb. \u00deeir sem a\u00f0hyllast jafnr\u00e9tti vita nefnilega vel a\u00f0 \u00fea\u00f0 er ekkert s\u00e9rstaklega vari\u00f0 \u00ed ver\u00f0laun sem veitt eru \u00e1 grundvelli kynfer\u00f0is. \u00a0En \u00fea\u00f0 munu fem\u00ednasnar aldrei vi\u00f0urkenna.<\/p>\n","protected":false},"excerpt":{"rendered":"<p>\u00deetta me\u00f0 kynjakv\u00f3ta ver\u00f0launahafa Si\u00f0menntar er a\u00f0 ver\u00f0a undalegasta umr\u00e6\u00f0a sem \u00e9g hef lengi s\u00e9\u00f0. Sem stofnf\u00e9lagi Si\u00f0menntar, stj\u00f3rnarma\u00f6ur \u00ed sj\u00f6 \u00e1r og eini n\u00falifandi hei\u00f0ursf\u00e9lagi f\u00e9lagsins, er \u00e9g fur\u00f0u lostinn. F\u00e9lagi\u00f0 hefur veitt 16 vi\u00f0urkenningar,&nbsp;\u00fear af sex til f\u00e9lagasamtaka og konur hafa yfirleitt veitt \u00feeim vi\u00f0urkenningum vi\u00f0t\u00f6ku. Af r\u00famum 23 starfs\u00e1rum f\u00e9lagisns hafa konur [&hellip;]<\/p>\n","protected":false},"author":7,"featured_media":3306,"comment_status":"closed","ping_status":"open","sticky":false,"template":"","format":"standard","meta":{"_et_pb_use_builder":"","_et_pb_old_content":"","_et_gb_content_width":"","footnotes":""},"categories":[199,5,1050],"tags":[655,389,657,656],"class_list":["post-3304","post","type-post","status-publish","format-standard","has-post-thumbnail","hentry","category-feminasnar","category-kyn-klam","category-kynjamismunun","tag-kynjahlutfall","tag-kynjakvotar","tag-mannrettindaverdlaun","tag-sidmennt","et-has-post-format-content","et_post_format-et-post-format-standard"],"yoast_head":"<!-- This site is optimized with the Yoast SEO plugin v27.5 - https:\/\/yoast.com\/product\/yoast-seo-wordpress\/ -->\n<title>Fem\u00cdnasnar og kynjamismunun Si\u00f0menntar - Eva Hauksd\u00f3ttir<\/title>\n<meta name=\"robots\" content=\"index, follow, max-snippet:-1, max-image-preview:large, max-video-preview:-1\" \/>\n<link rel=\"canonical\" href=\"https:\/\/www.norn.is\/eva\/2013\/11\/01\/feminasnar-og-kynjamismunun-sidmenntar\/\" \/>\n<meta property=\"og:locale\" content=\"is_IS\" \/>\n<meta property=\"og:type\" content=\"article\" \/>\n<meta property=\"og:title\" content=\"Fem\u00cdnasnar og kynjamismunun Si\u00f0menntar - Eva Hauksd\u00f3ttir\" \/>\n<meta property=\"og:description\" content=\"\u00deetta me\u00f0 kynjakv\u00f3ta ver\u00f0launahafa Si\u00f0menntar er a\u00f0 ver\u00f0a undalegasta umr\u00e6\u00f0a sem \u00e9g hef lengi s\u00e9\u00f0. Sem stofnf\u00e9lagi Si\u00f0menntar, stj\u00f3rnarma\u00f6ur \u00ed sj\u00f6 \u00e1r og eini n\u00falifandi hei\u00f0ursf\u00e9lagi f\u00e9lagsins, er \u00e9g fur\u00f0u lostinn. F\u00e9lagi\u00f0 hefur veitt 16 vi\u00f0urkenningar,&nbsp;\u00fear af sex til f\u00e9lagasamtaka og konur hafa yfirleitt veitt \u00feeim vi\u00f0urkenningum vi\u00f0t\u00f6ku. Af r\u00famum 23 starfs\u00e1rum f\u00e9lagisns hafa konur [&hellip;]\" \/>\n<meta property=\"og:url\" content=\"https:\/\/www.norn.is\/eva\/2013\/11\/01\/feminasnar-og-kynjamismunun-sidmenntar\/\" \/>\n<meta property=\"og:site_name\" content=\"Eva Hauksd\u00f3ttir\" \/>\n<meta property=\"article:published_time\" content=\"2013-11-01T10:01:45+00:00\" \/>\n<meta property=\"article:modified_time\" content=\"2021-07-11T14:52:59+00:00\" \/>\n<meta property=\"og:image\" content=\"https:\/\/www.norn.is\/eva\/wp-content\/uploads\/sites\/36\/2020\/08\/Sidmennt_merki_300dpi-1-scaled.jpg\" \/>\n\t<meta property=\"og:image:width\" content=\"2560\" \/>\n\t<meta property=\"og:image:height\" content=\"1810\" \/>\n\t<meta property=\"og:image:type\" content=\"image\/jpeg\" \/>\n<meta name=\"author\" content=\"Eva Hauksd\u00f3ttir\" \/>\n<meta name=\"twitter:card\" content=\"summary_large_image\" \/>\n<meta name=\"twitter:label1\" content=\"Written by\" \/>\n\t<meta name=\"twitter:data1\" content=\"\" \/>\n\t<meta name=\"twitter:label2\" content=\"Est. reading time\" \/>\n\t<meta name=\"twitter:data2\" content=\"7 minutes\" \/>\n<script type=\"application\/ld+json\" class=\"yoast-schema-graph\">{\"@context\":\"https:\\\/\\\/schema.org\",\"@graph\":[{\"@type\":\"Article\",\"@id\":\"https:\\\/\\\/www.norn.is\\\/eva\\\/2013\\\/11\\\/01\\\/feminasnar-og-kynjamismunun-sidmenntar\\\/#article\",\"isPartOf\":{\"@id\":\"https:\\\/\\\/www.norn.is\\\/eva\\\/2013\\\/11\\\/01\\\/feminasnar-og-kynjamismunun-sidmenntar\\\/\"},\"author\":{\"name\":\"Eva Hauksd\u00f3ttir\",\"@id\":\"https:\\\/\\\/www.norn.is\\\/eva\\\/#\\\/schema\\\/person\\\/1d9742389918a297671033a2b53d3d34\"},\"headline\":\"Fem\u00cdnasnar og kynjamismunun Si\u00f0menntar\",\"datePublished\":\"2013-11-01T10:01:45+00:00\",\"dateModified\":\"2021-07-11T14:52:59+00:00\",\"mainEntityOfPage\":{\"@id\":\"https:\\\/\\\/www.norn.is\\\/eva\\\/2013\\\/11\\\/01\\\/feminasnar-og-kynjamismunun-sidmenntar\\\/\"},\"wordCount\":1353,\"image\":{\"@id\":\"https:\\\/\\\/www.norn.is\\\/eva\\\/2013\\\/11\\\/01\\\/feminasnar-og-kynjamismunun-sidmenntar\\\/#primaryimage\"},\"thumbnailUrl\":\"https:\\\/\\\/www.norn.is\\\/eva\\\/wp-content\\\/uploads\\\/sites\\\/36\\\/2020\\\/08\\\/Sidmennt_merki_300dpi-1-scaled.jpg\",\"keywords\":[\"kynjahlutfall\",\"kynjakv\u00f3tar\",\"mannr\u00e9ttindaver\u00f0laun\",\"Si\u00f0mennt\"],\"articleSection\":[\"Fem\u00ednasnar\",\"Kyn &amp; kl\u00e1m\",\"Kynjamismunun\"],\"inLanguage\":\"is\"},{\"@type\":\"WebPage\",\"@id\":\"https:\\\/\\\/www.norn.is\\\/eva\\\/2013\\\/11\\\/01\\\/feminasnar-og-kynjamismunun-sidmenntar\\\/\",\"url\":\"https:\\\/\\\/www.norn.is\\\/eva\\\/2013\\\/11\\\/01\\\/feminasnar-og-kynjamismunun-sidmenntar\\\/\",\"name\":\"Fem\u00cdnasnar og kynjamismunun Si\u00f0menntar - Eva Hauksd\u00f3ttir\",\"isPartOf\":{\"@id\":\"https:\\\/\\\/www.norn.is\\\/eva\\\/#website\"},\"primaryImageOfPage\":{\"@id\":\"https:\\\/\\\/www.norn.is\\\/eva\\\/2013\\\/11\\\/01\\\/feminasnar-og-kynjamismunun-sidmenntar\\\/#primaryimage\"},\"image\":{\"@id\":\"https:\\\/\\\/www.norn.is\\\/eva\\\/2013\\\/11\\\/01\\\/feminasnar-og-kynjamismunun-sidmenntar\\\/#primaryimage\"},\"thumbnailUrl\":\"https:\\\/\\\/www.norn.is\\\/eva\\\/wp-content\\\/uploads\\\/sites\\\/36\\\/2020\\\/08\\\/Sidmennt_merki_300dpi-1-scaled.jpg\",\"datePublished\":\"2013-11-01T10:01:45+00:00\",\"dateModified\":\"2021-07-11T14:52:59+00:00\",\"author\":{\"@id\":\"https:\\\/\\\/www.norn.is\\\/eva\\\/#\\\/schema\\\/person\\\/1d9742389918a297671033a2b53d3d34\"},\"breadcrumb\":{\"@id\":\"https:\\\/\\\/www.norn.is\\\/eva\\\/2013\\\/11\\\/01\\\/feminasnar-og-kynjamismunun-sidmenntar\\\/#breadcrumb\"},\"inLanguage\":\"is\",\"potentialAction\":[{\"@type\":\"ReadAction\",\"target\":[\"https:\\\/\\\/www.norn.is\\\/eva\\\/2013\\\/11\\\/01\\\/feminasnar-og-kynjamismunun-sidmenntar\\\/\"]}]},{\"@type\":\"ImageObject\",\"inLanguage\":\"is\",\"@id\":\"https:\\\/\\\/www.norn.is\\\/eva\\\/2013\\\/11\\\/01\\\/feminasnar-og-kynjamismunun-sidmenntar\\\/#primaryimage\",\"url\":\"https:\\\/\\\/www.norn.is\\\/eva\\\/wp-content\\\/uploads\\\/sites\\\/36\\\/2020\\\/08\\\/Sidmennt_merki_300dpi-1-scaled.jpg\",\"contentUrl\":\"https:\\\/\\\/www.norn.is\\\/eva\\\/wp-content\\\/uploads\\\/sites\\\/36\\\/2020\\\/08\\\/Sidmennt_merki_300dpi-1-scaled.jpg\",\"width\":2560,\"height\":1810},{\"@type\":\"BreadcrumbList\",\"@id\":\"https:\\\/\\\/www.norn.is\\\/eva\\\/2013\\\/11\\\/01\\\/feminasnar-og-kynjamismunun-sidmenntar\\\/#breadcrumb\",\"itemListElement\":[{\"@type\":\"ListItem\",\"position\":1,\"name\":\"Home\",\"item\":\"https:\\\/\\\/www.norn.is\\\/eva\\\/\"},{\"@type\":\"ListItem\",\"position\":2,\"name\":\"Fem\u00cdnasnar og kynjamismunun Si\u00f0menntar\"}]},{\"@type\":\"WebSite\",\"@id\":\"https:\\\/\\\/www.norn.is\\\/eva\\\/#website\",\"url\":\"https:\\\/\\\/www.norn.is\\\/eva\\\/\",\"name\":\"Eva Hauksd\u00f3ttir\",\"description\":\"Evu blogg\",\"potentialAction\":[{\"@type\":\"SearchAction\",\"target\":{\"@type\":\"EntryPoint\",\"urlTemplate\":\"https:\\\/\\\/www.norn.is\\\/eva\\\/?s={search_term_string}\"},\"query-input\":{\"@type\":\"PropertyValueSpecification\",\"valueRequired\":true,\"valueName\":\"search_term_string\"}}],\"inLanguage\":\"is\"},{\"@type\":\"Person\",\"@id\":\"https:\\\/\\\/www.norn.is\\\/eva\\\/#\\\/schema\\\/person\\\/1d9742389918a297671033a2b53d3d34\",\"name\":\"Eva Hauksd\u00f3ttir\",\"image\":{\"@type\":\"ImageObject\",\"inLanguage\":\"is\",\"@id\":\"https:\\\/\\\/secure.gravatar.com\\\/avatar\\\/3690cd9ff7436a8a5d80acdc8fcb1046fbb9e002d4b532c85080d1bcbede84ce?s=96&d=mm&r=g\",\"url\":\"https:\\\/\\\/secure.gravatar.com\\\/avatar\\\/3690cd9ff7436a8a5d80acdc8fcb1046fbb9e002d4b532c85080d1bcbede84ce?s=96&d=mm&r=g\",\"contentUrl\":\"https:\\\/\\\/secure.gravatar.com\\\/avatar\\\/3690cd9ff7436a8a5d80acdc8fcb1046fbb9e002d4b532c85080d1bcbede84ce?s=96&d=mm&r=g\",\"caption\":\"Eva Hauksd\u00f3ttir\"},\"url\":\"https:\\\/\\\/www.norn.is\\\/eva\\\/author\\\/evahauks\\\/\"}]}<\/script>\n<!-- \/ Yoast SEO plugin. -->","yoast_head_json":{"title":"Fem\u00cdnasnar og kynjamismunun Si\u00f0menntar - Eva Hauksd\u00f3ttir","robots":{"index":"index","follow":"follow","max-snippet":"max-snippet:-1","max-image-preview":"max-image-preview:large","max-video-preview":"max-video-preview:-1"},"canonical":"https:\/\/www.norn.is\/eva\/2013\/11\/01\/feminasnar-og-kynjamismunun-sidmenntar\/","og_locale":"is_IS","og_type":"article","og_title":"Fem\u00cdnasnar og kynjamismunun Si\u00f0menntar - Eva Hauksd\u00f3ttir","og_description":"\u00deetta me\u00f0 kynjakv\u00f3ta ver\u00f0launahafa Si\u00f0menntar er a\u00f0 ver\u00f0a undalegasta umr\u00e6\u00f0a sem \u00e9g hef lengi s\u00e9\u00f0. Sem stofnf\u00e9lagi Si\u00f0menntar, stj\u00f3rnarma\u00f6ur \u00ed sj\u00f6 \u00e1r og eini n\u00falifandi hei\u00f0ursf\u00e9lagi f\u00e9lagsins, er \u00e9g fur\u00f0u lostinn. F\u00e9lagi\u00f0 hefur veitt 16 vi\u00f0urkenningar,&nbsp;\u00fear af sex til f\u00e9lagasamtaka og konur hafa yfirleitt veitt \u00feeim vi\u00f0urkenningum vi\u00f0t\u00f6ku. Af r\u00famum 23 starfs\u00e1rum f\u00e9lagisns hafa konur [&hellip;]","og_url":"https:\/\/www.norn.is\/eva\/2013\/11\/01\/feminasnar-og-kynjamismunun-sidmenntar\/","og_site_name":"Eva Hauksd\u00f3ttir","article_published_time":"2013-11-01T10:01:45+00:00","article_modified_time":"2021-07-11T14:52:59+00:00","og_image":[{"width":2560,"height":1810,"url":"https:\/\/www.norn.is\/eva\/wp-content\/uploads\/sites\/36\/2020\/08\/Sidmennt_merki_300dpi-1-scaled.jpg","type":"image\/jpeg"}],"author":"Eva Hauksd\u00f3ttir","twitter_card":"summary_large_image","twitter_misc":{"Written by":false,"Est. reading time":"7 minutes"},"schema":{"@context":"https:\/\/schema.org","@graph":[{"@type":"Article","@id":"https:\/\/www.norn.is\/eva\/2013\/11\/01\/feminasnar-og-kynjamismunun-sidmenntar\/#article","isPartOf":{"@id":"https:\/\/www.norn.is\/eva\/2013\/11\/01\/feminasnar-og-kynjamismunun-sidmenntar\/"},"author":{"name":"Eva Hauksd\u00f3ttir","@id":"https:\/\/www.norn.is\/eva\/#\/schema\/person\/1d9742389918a297671033a2b53d3d34"},"headline":"Fem\u00cdnasnar og kynjamismunun Si\u00f0menntar","datePublished":"2013-11-01T10:01:45+00:00","dateModified":"2021-07-11T14:52:59+00:00","mainEntityOfPage":{"@id":"https:\/\/www.norn.is\/eva\/2013\/11\/01\/feminasnar-og-kynjamismunun-sidmenntar\/"},"wordCount":1353,"image":{"@id":"https:\/\/www.norn.is\/eva\/2013\/11\/01\/feminasnar-og-kynjamismunun-sidmenntar\/#primaryimage"},"thumbnailUrl":"https:\/\/www.norn.is\/eva\/wp-content\/uploads\/sites\/36\/2020\/08\/Sidmennt_merki_300dpi-1-scaled.jpg","keywords":["kynjahlutfall","kynjakv\u00f3tar","mannr\u00e9ttindaver\u00f0laun","Si\u00f0mennt"],"articleSection":["Fem\u00ednasnar","Kyn &amp; kl\u00e1m","Kynjamismunun"],"inLanguage":"is"},{"@type":"WebPage","@id":"https:\/\/www.norn.is\/eva\/2013\/11\/01\/feminasnar-og-kynjamismunun-sidmenntar\/","url":"https:\/\/www.norn.is\/eva\/2013\/11\/01\/feminasnar-og-kynjamismunun-sidmenntar\/","name":"Fem\u00cdnasnar og kynjamismunun Si\u00f0menntar - Eva Hauksd\u00f3ttir","isPartOf":{"@id":"https:\/\/www.norn.is\/eva\/#website"},"primaryImageOfPage":{"@id":"https:\/\/www.norn.is\/eva\/2013\/11\/01\/feminasnar-og-kynjamismunun-sidmenntar\/#primaryimage"},"image":{"@id":"https:\/\/www.norn.is\/eva\/2013\/11\/01\/feminasnar-og-kynjamismunun-sidmenntar\/#primaryimage"},"thumbnailUrl":"https:\/\/www.norn.is\/eva\/wp-content\/uploads\/sites\/36\/2020\/08\/Sidmennt_merki_300dpi-1-scaled.jpg","datePublished":"2013-11-01T10:01:45+00:00","dateModified":"2021-07-11T14:52:59+00:00","author":{"@id":"https:\/\/www.norn.is\/eva\/#\/schema\/person\/1d9742389918a297671033a2b53d3d34"},"breadcrumb":{"@id":"https:\/\/www.norn.is\/eva\/2013\/11\/01\/feminasnar-og-kynjamismunun-sidmenntar\/#breadcrumb"},"inLanguage":"is","potentialAction":[{"@type":"ReadAction","target":["https:\/\/www.norn.is\/eva\/2013\/11\/01\/feminasnar-og-kynjamismunun-sidmenntar\/"]}]},{"@type":"ImageObject","inLanguage":"is","@id":"https:\/\/www.norn.is\/eva\/2013\/11\/01\/feminasnar-og-kynjamismunun-sidmenntar\/#primaryimage","url":"https:\/\/www.norn.is\/eva\/wp-content\/uploads\/sites\/36\/2020\/08\/Sidmennt_merki_300dpi-1-scaled.jpg","contentUrl":"https:\/\/www.norn.is\/eva\/wp-content\/uploads\/sites\/36\/2020\/08\/Sidmennt_merki_300dpi-1-scaled.jpg","width":2560,"height":1810},{"@type":"BreadcrumbList","@id":"https:\/\/www.norn.is\/eva\/2013\/11\/01\/feminasnar-og-kynjamismunun-sidmenntar\/#breadcrumb","itemListElement":[{"@type":"ListItem","position":1,"name":"Home","item":"https:\/\/www.norn.is\/eva\/"},{"@type":"ListItem","position":2,"name":"Fem\u00cdnasnar og kynjamismunun Si\u00f0menntar"}]},{"@type":"WebSite","@id":"https:\/\/www.norn.is\/eva\/#website","url":"https:\/\/www.norn.is\/eva\/","name":"Eva Hauksd\u00f3ttir","description":"Evu blogg","potentialAction":[{"@type":"SearchAction","target":{"@type":"EntryPoint","urlTemplate":"https:\/\/www.norn.is\/eva\/?s={search_term_string}"},"query-input":{"@type":"PropertyValueSpecification","valueRequired":true,"valueName":"search_term_string"}}],"inLanguage":"is"},{"@type":"Person","@id":"https:\/\/www.norn.is\/eva\/#\/schema\/person\/1d9742389918a297671033a2b53d3d34","name":"Eva Hauksd\u00f3ttir","image":{"@type":"ImageObject","inLanguage":"is","@id":"https:\/\/secure.gravatar.com\/avatar\/3690cd9ff7436a8a5d80acdc8fcb1046fbb9e002d4b532c85080d1bcbede84ce?s=96&d=mm&r=g","url":"https:\/\/secure.gravatar.com\/avatar\/3690cd9ff7436a8a5d80acdc8fcb1046fbb9e002d4b532c85080d1bcbede84ce?s=96&d=mm&r=g","contentUrl":"https:\/\/secure.gravatar.com\/avatar\/3690cd9ff7436a8a5d80acdc8fcb1046fbb9e002d4b532c85080d1bcbede84ce?s=96&d=mm&r=g","caption":"Eva Hauksd\u00f3ttir"},"url":"https:\/\/www.norn.is\/eva\/author\/evahauks\/"}]}},"_links":{"self":[{"href":"https:\/\/www.norn.is\/eva\/wp-json\/wp\/v2\/posts\/3304","targetHints":{"allow":["GET"]}}],"collection":[{"href":"https:\/\/www.norn.is\/eva\/wp-json\/wp\/v2\/posts"}],"about":[{"href":"https:\/\/www.norn.is\/eva\/wp-json\/wp\/v2\/types\/post"}],"author":[{"embeddable":true,"href":"https:\/\/www.norn.is\/eva\/wp-json\/wp\/v2\/users\/7"}],"replies":[{"embeddable":true,"href":"https:\/\/www.norn.is\/eva\/wp-json\/wp\/v2\/comments?post=3304"}],"version-history":[{"count":4,"href":"https:\/\/www.norn.is\/eva\/wp-json\/wp\/v2\/posts\/3304\/revisions"}],"predecessor-version":[{"id":3310,"href":"https:\/\/www.norn.is\/eva\/wp-json\/wp\/v2\/posts\/3304\/revisions\/3310"}],"wp:featuredmedia":[{"embeddable":true,"href":"https:\/\/www.norn.is\/eva\/wp-json\/wp\/v2\/media\/3306"}],"wp:attachment":[{"href":"https:\/\/www.norn.is\/eva\/wp-json\/wp\/v2\/media?parent=3304"}],"wp:term":[{"taxonomy":"category","embeddable":true,"href":"https:\/\/www.norn.is\/eva\/wp-json\/wp\/v2\/categories?post=3304"},{"taxonomy":"post_tag","embeddable":true,"href":"https:\/\/www.norn.is\/eva\/wp-json\/wp\/v2\/tags?post=3304"}],"curies":[{"name":"wp","href":"https:\/\/api.w.org\/{rel}","templated":true}]}}