{"id":3293,"date":"2020-04-21T09:18:23","date_gmt":"2020-04-21T09:18:23","guid":{"rendered":"http:\/\/www.norn.is\/eva\/?p=3293"},"modified":"2020-08-19T09:24:13","modified_gmt":"2020-08-19T09:24:13","slug":"thessvegna-er-saenska-leidin-rett","status":"publish","type":"post","link":"https:\/\/www.norn.is\/eva\/2020\/04\/21\/thessvegna-er-saenska-leidin-rett\/","title":{"rendered":"\u00deessvegna er s\u00e6nska lei\u00f0in r\u00e9tt"},"content":{"rendered":"\n<p>Eftirfarandi samantekt&nbsp;<a href=\"https:\/\/unherd.com\/thepost\/coming-up-epidemiologist-prof-johan-giesecke-shares-lessons-from-sweden\/\">birtist h\u00e9r<\/a><\/p>\n\n\n\n<p><a href=\"https:\/\/www.who.int\/emergencies\/diseases\/strategic-and-technical-advisory-group-for-infectious-hazards\/members\/biographies\/en\/index2.html\">Johan Giesecke<\/a>&nbsp;er einn af fremstu faraldursfr\u00e6\u00f0ingum veraldar. Hann er r\u00e1\u00f0gjafi s\u00e6nsku r\u00edkisstj\u00f3rnarinnar var\u00f0andi k\u00f3r\u00f3nufaraldurinn og \u00e1byrgur fyrir r\u00e1\u00f0ningu Anders Tegnell sem fer me\u00f0 me\u00f0 yfirstj\u00f3rn s\u00f3ttvarna \u00ed Sv\u00ed\u00fej\u00f3\u00f0. Hann er jafnframt yfir Evr\u00f3pumi\u00f0st\u00f6\u00f0 s\u00f3ttvarna og r\u00e1\u00f0gjafi framkv\u00e6mdarstj\u00f3ra Al\u00fej\u00f3\u00f0aheilbrig\u00f0ism\u00e1lastofnunarinnar.https:\/\/www.youtube.com\/embed\/bfN2JWifLCY?feature=oembed<\/p>\n\n\n\n<p>\u00cd vi\u00f0tali vi\u00f0 netmi\u00f0ilinn&nbsp;<a href=\"https:\/\/unherd.com\/about-unherd\/\">UnHerd<\/a>, sem beitir s\u00e9r gegn hjar\u00f0hugusn, f\u00e6rir Giesecke eftirfarandi r\u00f6k fyrir \u00e1g\u00e6ti s\u00e6nsku lei\u00f0arinnarinnar \u00ed vi\u00f0br\u00f6g\u00f0um vi\u00f0 k\u00f3r\u00f3nuveikinni:<\/p>\n\n\n\n<ul class=\"wp-block-list\"><li>S\u00fa stefna Bretlands og fleiri Evr\u00f3pur\u00edkja a\u00f0 beita lokunum og samkomutakm\u00f6rkunum er ekki bygg\u00f0 \u00e1 v\u00edsindum<\/li><li>R\u00e9tta stefnan er s\u00fa a\u00f0 vernda a\u00f0eins eldri borgara og \u00fe\u00e1 sem eru veikir fyrir<\/li><li>S\u00fa stefna mun \u00e1 endanum lei\u00f0a til hjar\u00f0\u00f3n\u00e6mis, \u00fe\u00f3tt \u00fea\u00f0 s\u00e9 ekki markmi\u00f0 heldur aflei\u00f0ing<\/li><li>Upphafleg stefna sem Bretar t\u00f3ku, \u00e1\u00f0ur en \u00feeir t\u00f3ku u-beygju \u00ed m\u00e1linu, var betri<\/li><li><a href=\"https:\/\/www.imperial.ac.uk\/news\/196234\/covid-19-imperial-researchers-model-likely-impact\/\">Grein Imperial College<\/a>&nbsp;var ekki s\u00e9rlega g\u00f3\u00f0 og hann hefur aldrei s\u00e9\u00f0 \u00f3birta grein hafa svo mikil p\u00f3lit\u00edsk \u00e1hrif<\/li><li>Allt of mikillar svarts\u00fdni g\u00e6tir \u00ed greininni<\/li><li>\u00d6ll sl\u00edk m\u00f3del eru vafasamur grundv\u00f6llum fyrir opinberri stefnum\u00f3tun<\/li><li>\u00c1st\u00e6\u00f0an fyrir \u00fev\u00ed a\u00f0 k\u00farfan flest \u00fat er s\u00fa a\u00f0 \u00feeir vi\u00f0kv\u00e6mustu deyja fyrst, ekkert s\u00ed\u00f0ur en var\u00fa\u00f0arr\u00e1\u00f0stafanir stj\u00f3rnvalda<\/li><li>Ni\u00f0ursta\u00f0an ver\u00f0ur \u00e1 endanum svipu\u00f0 \u00ed \u00f6llum l\u00f6ndum<\/li><li>Covid-19 er mildur sj\u00fakd\u00f3mur, svipa\u00f0ur flensu, f\u00f3lk var\u00f0 \u00f3ttaslegi\u00f0 vegna \u00feess a\u00f0 sj\u00fakd\u00f3murinn var \u00f3\u00feekktur<\/li><li>Andl\u00e1tst\u00ed\u00f0ni af v\u00f6ldum sj\u00fakd\u00f3msins er um 0.1%<\/li><li>\u00deegar ver\u00f0ur h\u00e6gt a\u00f0 gera m\u00f3tefnam\u00e6lingar \u00e1 st\u00f3rum skala mun koma \u00ed lj\u00f3s a\u00f0 minnsta kosti 50% \u00fe\u00fd\u00f0isins, b\u00e6\u00f0i \u00ed Bretlandi og Sv\u00ed\u00fej\u00f3\u00f0 hafa \u00feegar smitast.<\/li><\/ul>\n","protected":false},"excerpt":{"rendered":"<p>Eftirfarandi samantekt&nbsp;birtist h\u00e9r Johan Giesecke&nbsp;er einn af fremstu faraldursfr\u00e6\u00f0ingum veraldar. Hann er r\u00e1\u00f0gjafi s\u00e6nsku r\u00edkisstj\u00f3rnarinnar var\u00f0andi k\u00f3r\u00f3nufaraldurinn og \u00e1byrgur fyrir r\u00e1\u00f0ningu Anders Tegnell sem fer me\u00f0 me\u00f0 yfirstj\u00f3rn s\u00f3ttvarna \u00ed Sv\u00ed\u00fej\u00f3\u00f0. Hann er jafnframt yfir Evr\u00f3pumi\u00f0st\u00f6\u00f0 s\u00f3ttvarna og r\u00e1\u00f0gjafi framkv\u00e6mdarstj\u00f3ra Al\u00fej\u00f3\u00f0aheilbrig\u00f0ism\u00e1lastofnunarinnar.https:\/\/www.youtube.com\/embed\/bfN2JWifLCY?feature=oembed \u00cd vi\u00f0tali vi\u00f0 netmi\u00f0ilinn&nbsp;UnHerd, sem beitir s\u00e9r gegn hjar\u00f0hugusn, f\u00e6rir Giesecke eftirfarandi r\u00f6k fyrir [&hellip;]<\/p>\n","protected":false},"author":7,"featured_media":3295,"comment_status":"closed","ping_status":"open","sticky":false,"template":"","format":"standard","meta":{"_et_pb_use_builder":"","_et_pb_old_content":"","_et_gb_content_width":"","footnotes":""},"categories":[133],"tags":[130,652,131],"class_list":["post-3293","post","type-post","status-publish","format-standard","has-post-thumbnail","hentry","category-heilbrigdis-felagsmal","tag-covid-19","tag-giesecke","tag-saenska-leidin","et-has-post-format-content","et_post_format-et-post-format-standard"],"yoast_head":"<!-- This site is optimized with the Yoast SEO plugin v27.5 - https:\/\/yoast.com\/product\/yoast-seo-wordpress\/ -->\n<title>\u00deessvegna er s\u00e6nska lei\u00f0in r\u00e9tt - Eva Hauksd\u00f3ttir<\/title>\n<meta name=\"robots\" content=\"index, follow, max-snippet:-1, max-image-preview:large, max-video-preview:-1\" \/>\n<link rel=\"canonical\" href=\"https:\/\/www.norn.is\/eva\/2020\/04\/21\/thessvegna-er-saenska-leidin-rett\/\" \/>\n<meta property=\"og:locale\" content=\"is_IS\" \/>\n<meta property=\"og:type\" content=\"article\" \/>\n<meta property=\"og:title\" content=\"\u00deessvegna er s\u00e6nska lei\u00f0in r\u00e9tt - Eva Hauksd\u00f3ttir\" \/>\n<meta property=\"og:description\" content=\"Eftirfarandi samantekt&nbsp;birtist h\u00e9r Johan Giesecke&nbsp;er einn af fremstu faraldursfr\u00e6\u00f0ingum veraldar. Hann er r\u00e1\u00f0gjafi s\u00e6nsku r\u00edkisstj\u00f3rnarinnar var\u00f0andi k\u00f3r\u00f3nufaraldurinn og \u00e1byrgur fyrir r\u00e1\u00f0ningu Anders Tegnell sem fer me\u00f0 me\u00f0 yfirstj\u00f3rn s\u00f3ttvarna \u00ed Sv\u00ed\u00fej\u00f3\u00f0. Hann er jafnframt yfir Evr\u00f3pumi\u00f0st\u00f6\u00f0 s\u00f3ttvarna og r\u00e1\u00f0gjafi framkv\u00e6mdarstj\u00f3ra Al\u00fej\u00f3\u00f0aheilbrig\u00f0ism\u00e1lastofnunarinnar.https:\/\/www.youtube.com\/embed\/bfN2JWifLCY?feature=oembed \u00cd vi\u00f0tali vi\u00f0 netmi\u00f0ilinn&nbsp;UnHerd, sem beitir s\u00e9r gegn hjar\u00f0hugusn, f\u00e6rir Giesecke eftirfarandi r\u00f6k fyrir [&hellip;]\" \/>\n<meta property=\"og:url\" content=\"https:\/\/www.norn.is\/eva\/2020\/04\/21\/thessvegna-er-saenska-leidin-rett\/\" \/>\n<meta property=\"og:site_name\" content=\"Eva Hauksd\u00f3ttir\" \/>\n<meta property=\"article:published_time\" content=\"2020-04-21T09:18:23+00:00\" \/>\n<meta property=\"article:modified_time\" content=\"2020-08-19T09:24:13+00:00\" \/>\n<meta property=\"og:image\" content=\"https:\/\/www.norn.is\/eva\/wp-content\/uploads\/sites\/36\/2020\/04\/giesecke-688x451-1.jpg\" \/>\n\t<meta property=\"og:image:width\" content=\"688\" \/>\n\t<meta property=\"og:image:height\" content=\"451\" \/>\n\t<meta property=\"og:image:type\" content=\"image\/jpeg\" \/>\n<meta name=\"author\" content=\"Eva Hauksd\u00f3ttir\" \/>\n<meta name=\"twitter:card\" content=\"summary_large_image\" \/>\n<meta name=\"twitter:label1\" content=\"Written by\" \/>\n\t<meta name=\"twitter:data1\" content=\"\" \/>\n\t<meta name=\"twitter:label2\" content=\"Est. reading time\" \/>\n\t<meta name=\"twitter:data2\" content=\"2 minutes\" \/>\n<script type=\"application\/ld+json\" class=\"yoast-schema-graph\">{\"@context\":\"https:\\\/\\\/schema.org\",\"@graph\":[{\"@type\":\"Article\",\"@id\":\"https:\\\/\\\/www.norn.is\\\/eva\\\/2020\\\/04\\\/21\\\/thessvegna-er-saenska-leidin-rett\\\/#article\",\"isPartOf\":{\"@id\":\"https:\\\/\\\/www.norn.is\\\/eva\\\/2020\\\/04\\\/21\\\/thessvegna-er-saenska-leidin-rett\\\/\"},\"author\":{\"name\":\"Eva Hauksd\u00f3ttir\",\"@id\":\"https:\\\/\\\/www.norn.is\\\/eva\\\/#\\\/schema\\\/person\\\/1d9742389918a297671033a2b53d3d34\"},\"headline\":\"\u00deessvegna er s\u00e6nska lei\u00f0in r\u00e9tt\",\"datePublished\":\"2020-04-21T09:18:23+00:00\",\"dateModified\":\"2020-08-19T09:24:13+00:00\",\"mainEntityOfPage\":{\"@id\":\"https:\\\/\\\/www.norn.is\\\/eva\\\/2020\\\/04\\\/21\\\/thessvegna-er-saenska-leidin-rett\\\/\"},\"wordCount\":331,\"image\":{\"@id\":\"https:\\\/\\\/www.norn.is\\\/eva\\\/2020\\\/04\\\/21\\\/thessvegna-er-saenska-leidin-rett\\\/#primaryimage\"},\"thumbnailUrl\":\"https:\\\/\\\/www.norn.is\\\/eva\\\/wp-content\\\/uploads\\\/sites\\\/36\\\/2020\\\/04\\\/giesecke-688x451-1.jpg\",\"keywords\":[\"covid-19\",\"Giesecke\",\"s\u00e6nska lei\u00f0in\"],\"articleSection\":[\"Heilbrig\u00f0is- &amp; f\u00e9lagsm\u00e1l\"],\"inLanguage\":\"is\"},{\"@type\":\"WebPage\",\"@id\":\"https:\\\/\\\/www.norn.is\\\/eva\\\/2020\\\/04\\\/21\\\/thessvegna-er-saenska-leidin-rett\\\/\",\"url\":\"https:\\\/\\\/www.norn.is\\\/eva\\\/2020\\\/04\\\/21\\\/thessvegna-er-saenska-leidin-rett\\\/\",\"name\":\"\u00deessvegna er s\u00e6nska lei\u00f0in r\u00e9tt - Eva Hauksd\u00f3ttir\",\"isPartOf\":{\"@id\":\"https:\\\/\\\/www.norn.is\\\/eva\\\/#website\"},\"primaryImageOfPage\":{\"@id\":\"https:\\\/\\\/www.norn.is\\\/eva\\\/2020\\\/04\\\/21\\\/thessvegna-er-saenska-leidin-rett\\\/#primaryimage\"},\"image\":{\"@id\":\"https:\\\/\\\/www.norn.is\\\/eva\\\/2020\\\/04\\\/21\\\/thessvegna-er-saenska-leidin-rett\\\/#primaryimage\"},\"thumbnailUrl\":\"https:\\\/\\\/www.norn.is\\\/eva\\\/wp-content\\\/uploads\\\/sites\\\/36\\\/2020\\\/04\\\/giesecke-688x451-1.jpg\",\"datePublished\":\"2020-04-21T09:18:23+00:00\",\"dateModified\":\"2020-08-19T09:24:13+00:00\",\"author\":{\"@id\":\"https:\\\/\\\/www.norn.is\\\/eva\\\/#\\\/schema\\\/person\\\/1d9742389918a297671033a2b53d3d34\"},\"breadcrumb\":{\"@id\":\"https:\\\/\\\/www.norn.is\\\/eva\\\/2020\\\/04\\\/21\\\/thessvegna-er-saenska-leidin-rett\\\/#breadcrumb\"},\"inLanguage\":\"is\",\"potentialAction\":[{\"@type\":\"ReadAction\",\"target\":[\"https:\\\/\\\/www.norn.is\\\/eva\\\/2020\\\/04\\\/21\\\/thessvegna-er-saenska-leidin-rett\\\/\"]}]},{\"@type\":\"ImageObject\",\"inLanguage\":\"is\",\"@id\":\"https:\\\/\\\/www.norn.is\\\/eva\\\/2020\\\/04\\\/21\\\/thessvegna-er-saenska-leidin-rett\\\/#primaryimage\",\"url\":\"https:\\\/\\\/www.norn.is\\\/eva\\\/wp-content\\\/uploads\\\/sites\\\/36\\\/2020\\\/04\\\/giesecke-688x451-1.jpg\",\"contentUrl\":\"https:\\\/\\\/www.norn.is\\\/eva\\\/wp-content\\\/uploads\\\/sites\\\/36\\\/2020\\\/04\\\/giesecke-688x451-1.jpg\",\"width\":688,\"height\":451},{\"@type\":\"BreadcrumbList\",\"@id\":\"https:\\\/\\\/www.norn.is\\\/eva\\\/2020\\\/04\\\/21\\\/thessvegna-er-saenska-leidin-rett\\\/#breadcrumb\",\"itemListElement\":[{\"@type\":\"ListItem\",\"position\":1,\"name\":\"Home\",\"item\":\"https:\\\/\\\/www.norn.is\\\/eva\\\/\"},{\"@type\":\"ListItem\",\"position\":2,\"name\":\"\u00deessvegna er s\u00e6nska lei\u00f0in r\u00e9tt\"}]},{\"@type\":\"WebSite\",\"@id\":\"https:\\\/\\\/www.norn.is\\\/eva\\\/#website\",\"url\":\"https:\\\/\\\/www.norn.is\\\/eva\\\/\",\"name\":\"Eva Hauksd\u00f3ttir\",\"description\":\"Evu blogg\",\"potentialAction\":[{\"@type\":\"SearchAction\",\"target\":{\"@type\":\"EntryPoint\",\"urlTemplate\":\"https:\\\/\\\/www.norn.is\\\/eva\\\/?s={search_term_string}\"},\"query-input\":{\"@type\":\"PropertyValueSpecification\",\"valueRequired\":true,\"valueName\":\"search_term_string\"}}],\"inLanguage\":\"is\"},{\"@type\":\"Person\",\"@id\":\"https:\\\/\\\/www.norn.is\\\/eva\\\/#\\\/schema\\\/person\\\/1d9742389918a297671033a2b53d3d34\",\"name\":\"Eva Hauksd\u00f3ttir\",\"image\":{\"@type\":\"ImageObject\",\"inLanguage\":\"is\",\"@id\":\"https:\\\/\\\/secure.gravatar.com\\\/avatar\\\/3690cd9ff7436a8a5d80acdc8fcb1046fbb9e002d4b532c85080d1bcbede84ce?s=96&d=mm&r=g\",\"url\":\"https:\\\/\\\/secure.gravatar.com\\\/avatar\\\/3690cd9ff7436a8a5d80acdc8fcb1046fbb9e002d4b532c85080d1bcbede84ce?s=96&d=mm&r=g\",\"contentUrl\":\"https:\\\/\\\/secure.gravatar.com\\\/avatar\\\/3690cd9ff7436a8a5d80acdc8fcb1046fbb9e002d4b532c85080d1bcbede84ce?s=96&d=mm&r=g\",\"caption\":\"Eva Hauksd\u00f3ttir\"},\"url\":\"https:\\\/\\\/www.norn.is\\\/eva\\\/author\\\/evahauks\\\/\"}]}<\/script>\n<!-- \/ Yoast SEO plugin. -->","yoast_head_json":{"title":"\u00deessvegna er s\u00e6nska lei\u00f0in r\u00e9tt - Eva Hauksd\u00f3ttir","robots":{"index":"index","follow":"follow","max-snippet":"max-snippet:-1","max-image-preview":"max-image-preview:large","max-video-preview":"max-video-preview:-1"},"canonical":"https:\/\/www.norn.is\/eva\/2020\/04\/21\/thessvegna-er-saenska-leidin-rett\/","og_locale":"is_IS","og_type":"article","og_title":"\u00deessvegna er s\u00e6nska lei\u00f0in r\u00e9tt - Eva Hauksd\u00f3ttir","og_description":"Eftirfarandi samantekt&nbsp;birtist h\u00e9r Johan Giesecke&nbsp;er einn af fremstu faraldursfr\u00e6\u00f0ingum veraldar. Hann er r\u00e1\u00f0gjafi s\u00e6nsku r\u00edkisstj\u00f3rnarinnar var\u00f0andi k\u00f3r\u00f3nufaraldurinn og \u00e1byrgur fyrir r\u00e1\u00f0ningu Anders Tegnell sem fer me\u00f0 me\u00f0 yfirstj\u00f3rn s\u00f3ttvarna \u00ed Sv\u00ed\u00fej\u00f3\u00f0. Hann er jafnframt yfir Evr\u00f3pumi\u00f0st\u00f6\u00f0 s\u00f3ttvarna og r\u00e1\u00f0gjafi framkv\u00e6mdarstj\u00f3ra Al\u00fej\u00f3\u00f0aheilbrig\u00f0ism\u00e1lastofnunarinnar.https:\/\/www.youtube.com\/embed\/bfN2JWifLCY?feature=oembed \u00cd vi\u00f0tali vi\u00f0 netmi\u00f0ilinn&nbsp;UnHerd, sem beitir s\u00e9r gegn hjar\u00f0hugusn, f\u00e6rir Giesecke eftirfarandi r\u00f6k fyrir [&hellip;]","og_url":"https:\/\/www.norn.is\/eva\/2020\/04\/21\/thessvegna-er-saenska-leidin-rett\/","og_site_name":"Eva Hauksd\u00f3ttir","article_published_time":"2020-04-21T09:18:23+00:00","article_modified_time":"2020-08-19T09:24:13+00:00","og_image":[{"width":688,"height":451,"url":"https:\/\/www.norn.is\/eva\/wp-content\/uploads\/sites\/36\/2020\/04\/giesecke-688x451-1.jpg","type":"image\/jpeg"}],"author":"Eva Hauksd\u00f3ttir","twitter_card":"summary_large_image","twitter_misc":{"Written by":false,"Est. reading time":"2 minutes"},"schema":{"@context":"https:\/\/schema.org","@graph":[{"@type":"Article","@id":"https:\/\/www.norn.is\/eva\/2020\/04\/21\/thessvegna-er-saenska-leidin-rett\/#article","isPartOf":{"@id":"https:\/\/www.norn.is\/eva\/2020\/04\/21\/thessvegna-er-saenska-leidin-rett\/"},"author":{"name":"Eva Hauksd\u00f3ttir","@id":"https:\/\/www.norn.is\/eva\/#\/schema\/person\/1d9742389918a297671033a2b53d3d34"},"headline":"\u00deessvegna er s\u00e6nska lei\u00f0in r\u00e9tt","datePublished":"2020-04-21T09:18:23+00:00","dateModified":"2020-08-19T09:24:13+00:00","mainEntityOfPage":{"@id":"https:\/\/www.norn.is\/eva\/2020\/04\/21\/thessvegna-er-saenska-leidin-rett\/"},"wordCount":331,"image":{"@id":"https:\/\/www.norn.is\/eva\/2020\/04\/21\/thessvegna-er-saenska-leidin-rett\/#primaryimage"},"thumbnailUrl":"https:\/\/www.norn.is\/eva\/wp-content\/uploads\/sites\/36\/2020\/04\/giesecke-688x451-1.jpg","keywords":["covid-19","Giesecke","s\u00e6nska lei\u00f0in"],"articleSection":["Heilbrig\u00f0is- &amp; f\u00e9lagsm\u00e1l"],"inLanguage":"is"},{"@type":"WebPage","@id":"https:\/\/www.norn.is\/eva\/2020\/04\/21\/thessvegna-er-saenska-leidin-rett\/","url":"https:\/\/www.norn.is\/eva\/2020\/04\/21\/thessvegna-er-saenska-leidin-rett\/","name":"\u00deessvegna er s\u00e6nska lei\u00f0in r\u00e9tt - Eva Hauksd\u00f3ttir","isPartOf":{"@id":"https:\/\/www.norn.is\/eva\/#website"},"primaryImageOfPage":{"@id":"https:\/\/www.norn.is\/eva\/2020\/04\/21\/thessvegna-er-saenska-leidin-rett\/#primaryimage"},"image":{"@id":"https:\/\/www.norn.is\/eva\/2020\/04\/21\/thessvegna-er-saenska-leidin-rett\/#primaryimage"},"thumbnailUrl":"https:\/\/www.norn.is\/eva\/wp-content\/uploads\/sites\/36\/2020\/04\/giesecke-688x451-1.jpg","datePublished":"2020-04-21T09:18:23+00:00","dateModified":"2020-08-19T09:24:13+00:00","author":{"@id":"https:\/\/www.norn.is\/eva\/#\/schema\/person\/1d9742389918a297671033a2b53d3d34"},"breadcrumb":{"@id":"https:\/\/www.norn.is\/eva\/2020\/04\/21\/thessvegna-er-saenska-leidin-rett\/#breadcrumb"},"inLanguage":"is","potentialAction":[{"@type":"ReadAction","target":["https:\/\/www.norn.is\/eva\/2020\/04\/21\/thessvegna-er-saenska-leidin-rett\/"]}]},{"@type":"ImageObject","inLanguage":"is","@id":"https:\/\/www.norn.is\/eva\/2020\/04\/21\/thessvegna-er-saenska-leidin-rett\/#primaryimage","url":"https:\/\/www.norn.is\/eva\/wp-content\/uploads\/sites\/36\/2020\/04\/giesecke-688x451-1.jpg","contentUrl":"https:\/\/www.norn.is\/eva\/wp-content\/uploads\/sites\/36\/2020\/04\/giesecke-688x451-1.jpg","width":688,"height":451},{"@type":"BreadcrumbList","@id":"https:\/\/www.norn.is\/eva\/2020\/04\/21\/thessvegna-er-saenska-leidin-rett\/#breadcrumb","itemListElement":[{"@type":"ListItem","position":1,"name":"Home","item":"https:\/\/www.norn.is\/eva\/"},{"@type":"ListItem","position":2,"name":"\u00deessvegna er s\u00e6nska lei\u00f0in r\u00e9tt"}]},{"@type":"WebSite","@id":"https:\/\/www.norn.is\/eva\/#website","url":"https:\/\/www.norn.is\/eva\/","name":"Eva Hauksd\u00f3ttir","description":"Evu blogg","potentialAction":[{"@type":"SearchAction","target":{"@type":"EntryPoint","urlTemplate":"https:\/\/www.norn.is\/eva\/?s={search_term_string}"},"query-input":{"@type":"PropertyValueSpecification","valueRequired":true,"valueName":"search_term_string"}}],"inLanguage":"is"},{"@type":"Person","@id":"https:\/\/www.norn.is\/eva\/#\/schema\/person\/1d9742389918a297671033a2b53d3d34","name":"Eva Hauksd\u00f3ttir","image":{"@type":"ImageObject","inLanguage":"is","@id":"https:\/\/secure.gravatar.com\/avatar\/3690cd9ff7436a8a5d80acdc8fcb1046fbb9e002d4b532c85080d1bcbede84ce?s=96&d=mm&r=g","url":"https:\/\/secure.gravatar.com\/avatar\/3690cd9ff7436a8a5d80acdc8fcb1046fbb9e002d4b532c85080d1bcbede84ce?s=96&d=mm&r=g","contentUrl":"https:\/\/secure.gravatar.com\/avatar\/3690cd9ff7436a8a5d80acdc8fcb1046fbb9e002d4b532c85080d1bcbede84ce?s=96&d=mm&r=g","caption":"Eva Hauksd\u00f3ttir"},"url":"https:\/\/www.norn.is\/eva\/author\/evahauks\/"}]}},"_links":{"self":[{"href":"https:\/\/www.norn.is\/eva\/wp-json\/wp\/v2\/posts\/3293","targetHints":{"allow":["GET"]}}],"collection":[{"href":"https:\/\/www.norn.is\/eva\/wp-json\/wp\/v2\/posts"}],"about":[{"href":"https:\/\/www.norn.is\/eva\/wp-json\/wp\/v2\/types\/post"}],"author":[{"embeddable":true,"href":"https:\/\/www.norn.is\/eva\/wp-json\/wp\/v2\/users\/7"}],"replies":[{"embeddable":true,"href":"https:\/\/www.norn.is\/eva\/wp-json\/wp\/v2\/comments?post=3293"}],"version-history":[{"count":1,"href":"https:\/\/www.norn.is\/eva\/wp-json\/wp\/v2\/posts\/3293\/revisions"}],"predecessor-version":[{"id":3294,"href":"https:\/\/www.norn.is\/eva\/wp-json\/wp\/v2\/posts\/3293\/revisions\/3294"}],"wp:featuredmedia":[{"embeddable":true,"href":"https:\/\/www.norn.is\/eva\/wp-json\/wp\/v2\/media\/3295"}],"wp:attachment":[{"href":"https:\/\/www.norn.is\/eva\/wp-json\/wp\/v2\/media?parent=3293"}],"wp:term":[{"taxonomy":"category","embeddable":true,"href":"https:\/\/www.norn.is\/eva\/wp-json\/wp\/v2\/categories?post=3293"},{"taxonomy":"post_tag","embeddable":true,"href":"https:\/\/www.norn.is\/eva\/wp-json\/wp\/v2\/tags?post=3293"}],"curies":[{"name":"wp","href":"https:\/\/api.w.org\/{rel}","templated":true}]}}