{"id":3047,"date":"2010-12-17T11:20:16","date_gmt":"2010-12-17T11:20:16","guid":{"rendered":"http:\/\/www.norn.is\/eva\/?p=3047"},"modified":"2021-03-28T06:57:42","modified_gmt":"2021-03-28T06:57:42","slug":"hvenaer-a-radherra-ad-beita-valdi-sinu","status":"publish","type":"post","link":"https:\/\/www.norn.is\/eva\/2010\/12\/17\/hvenaer-a-radherra-ad-beita-valdi-sinu\/","title":{"rendered":"Hven\u00e6r \u00e1 r\u00e1\u00f0herra a\u00f0 beita valdi s\u00ednu?"},"content":{"rendered":"\n<p>Hven\u00e6r er r\u00e9tti t\u00edminn til a\u00f0 taka \u00e1kv\u00f6r\u00f0un? R\u00e9tti t\u00edminn til a\u00f0 hefja n\u00e1m. Kaupa \u00edb\u00fa\u00f0. Fara \u00ed sj\u00e1lfbo\u00f0astarf \u00e1 jar\u00f0skj\u00e1lftasv\u00e6\u00f0i. Stofna fyrirt\u00e6ki. S\u00e6kja um n\u00fdtt starf. Eignast barn. Flytja til K\u00edna. Bj\u00f3\u00f0a sig fram til forsetaemb\u00e6ttis.<\/p>\n\n\n\n<p>\u00cd flestum tilvikum er r\u00e9tti t\u00edminn \u00feegar ma\u00f0ur sj\u00e1lfur er tilb\u00fainn til \u00feess og hefur efni \u00e1 \u00fev\u00ed. \u00cd flestum tilvikum en ekki alltaf. Ekki t.d. \u00feegar ma\u00f0ur \u00e1 yfir h\u00f6f\u00f0i s\u00e9r allt a\u00f0 l\u00edfst\u00ed\u00f0ar fangelsi. \u00deegar ma\u00f0ur er fyrir r\u00e9tti, \u00e1k\u00e6r\u00f0ur um alvarlegan gl\u00e6p, er l\u00edf hans a\u00f0 m\u00f6rgu leyti \u00ed bi\u00f0st\u00f6\u00f0u. \u00dea\u00f0 er ekki r\u00e1\u00f0legt a\u00f0 taka st\u00f3rar og afdrifar\u00edkar \u00e1kvar\u00f0anir \u00e1 me\u00f0an ma\u00f0ur er saka\u00f0ur um gl\u00e6p sem var\u00f0ar \u00feungri refsingu og stundum er \u00fea\u00f0 hreinlega ekki h\u00e6gt.<\/p>\n\n\n\n<h2 class=\"wp-block-heading\"><strong>Valdar\u00e1nstilraun?<\/strong><\/h2>\n\n\n\n<p>\u00c1 n\u00e6stu d\u00f6gum ver\u00f0ur mannr\u00e9ttindar\u00e1\u00f0herra \u00cdslands afhent \u00e1skorun um a\u00f0 st\u00f6\u00f0va m\u00e1ls\u00f3kn \u00ed m\u00e1li n\u00edmenninganna sem eru \u00e1k\u00e6r\u00f0ir fyrir valdar\u00e1nstilraun. Valdar\u00e1nstilraun j\u00e1, ekkert minna en \u00fea\u00f0, \u00fe\u00f3tt hverjum manni megi lj\u00f3st vera a\u00f0 s\u00e1 var alls ekki tilgangur \u00feess valdlausa og sundurleita h\u00f3ps sem m\u00f3tm\u00e6lti vinnubr\u00f6g\u00f0um Al\u00feingis \u00feann 8. desember 2008. R\u00edkisstj\u00f3rnin var a\u00f0 v\u00edsu hrakin fr\u00e1 v\u00f6ldum nokkrum vikum s\u00ed\u00f0ar, en ekki af \u00feeim n\u00edu manneskjum sem eru fyrir r\u00e9tti, heldur m\u00f6rgum \u00fe\u00fasundum karla og kvenna. R\u00fa\u00f0ur voru brotnar, eggjum kasta\u00f0 \u00ed r\u00e1\u00f0herrab\u00edla, b\u00e1lkestir logu\u00f0u \u00e1 g\u00f6tum, \u00feingmenn fl\u00fa\u00f0u \u00fat bakdyramegin \u00ed l\u00f6greglufylgd og hafi einhver hr\u00f3pa\u00f0 \u2018drulli\u00f0 ykkur \u00fat\u2019 \u00fe\u00e1 heyr\u00f0ist ekki \u00ed honum fyrir \u00fe\u00fasundum radda sem hr\u00f3pu\u00f0u \u2018vanh\u00e6f r\u00edkisstj\u00f3rn!\u2019 klukkustundum saman. Enginn hefur \u00fe\u00f3 veri\u00f0 \u00e1k\u00e6r\u00f0ur fyrir \u00fe\u00e6r a\u00f0ger\u00f0ir.<\/p>\n\n\n\n<h2 class=\"wp-block-heading\"><strong>Heimild til a\u00f0 st\u00f6\u00f0va m\u00e1ls\u00f3kn<\/strong><\/h2>\n\n\n\n<p>\u00ddmsir hafa dregi\u00f0 \u00ed efa a\u00f0 \u00fea\u00f0 s\u00e9 \u00e6skilegt a\u00f0 r\u00e1\u00f0herra hlutist til um d\u00f3msm\u00e1l og \u00e9g get teki\u00f0 undir a\u00f0 \u00fea\u00f0 \u00e6tti a\u00f0eins a\u00f0 gerast \u00ed undantekningartilvikum. Sl\u00edk m\u00e1l geta \u00fe\u00f3 komi\u00f0 upp og \u00fea\u00f0 er einmitt \u00feessvegna sem stj\u00f3rnarskr\u00e1 l\u00fd\u00f0veldisins heimilar st\u00f6\u00f0vun m\u00e1ls\u00f3knar ef r\u00edk \u00e1st\u00e6\u00f0a er til. \u00cd m\u00e1li n\u00edmenninganna er auglj\u00f3st a\u00f0 \u00e1k\u00e6ruvaldinu hefur veri\u00f0 misbeitt, \u00fear sem \u00f3vopna\u00f0 f\u00f3lk er \u00e1k\u00e6rt er fyrir gl\u00e6p sem enginn heilvita ma\u00f0ur tr\u00fair a\u00f0 hafi sta\u00f0i\u00f0 til a\u00f0 fremja, einmitt \u00e1g\u00e6tt d\u00e6mi um m\u00e1l \u00fear sem r\u00edk \u00e1st\u00e6\u00f0a er til a\u00f0 r\u00e1\u00f0herra beiti s\u00e9r.<\/p>\n\n\n\n<p>S\u00fa sko\u00f0un hefur einnig heyrst a\u00f0 n\u00edmenningam\u00e1li\u00f0 eigi a\u00f0 hafa sinn gang \u00ed d\u00f3mskerfinu. \u00dea\u00f0 s\u00e9 svo auglj\u00f3slega \u00fat \u00ed h\u00f6tt a\u00f0 saka f\u00f3lki\u00f0 um a\u00f0 stofna sj\u00e1lfr\u00e6\u00f0i \u00feingsins \u00ed h\u00e6ttu a\u00f0 s\u00fdknud\u00f3mur s\u00e9 n\u00e1nast sj\u00e1lfgefinn og betra a\u00f0 hann ver\u00f0i felldur en a\u00f0 m\u00e1linu ver\u00f0i v\u00edsa\u00f0 fr\u00e1. N\u00fa ef svo \u00f3l\u00edklega f\u00e6ri a\u00f0 \u00feau yr\u00f0u sakfelld, \u00fe\u00e1 s\u00e9 r\u00e9tt og e\u00f0lilegt a\u00f0 v\u00edsa m\u00e1linu til mannr\u00e9ttindad\u00f3mst\u00f3la.<\/p>\n\n\n\n<h2 class=\"wp-block-heading\"><strong>Ekki n\u00f3g a\u00f0 d\u00f3msni\u00f0ursta\u00f0a s\u00e9 \u00e1hugaver\u00f0<\/strong><\/h2>\n\n\n\n<p>\u00dea\u00f0 yr\u00f0i vissulega \u00e1hugavert a\u00f0 sj\u00e1 d\u00f3msni\u00f0urst\u00f6\u00f0ur \u00far \u00feessu m\u00e1li. \u00c9g efast hinsvegar um a\u00f0 \u00feeir sem vilja l\u00e1ta \u00feetta m\u00e1l fara \u00ed gegnum tv\u00f6 og jafnvel \u00ferj\u00fa d\u00f3msstig, geri s\u00e9r grein fyrir \u00fev\u00ed hverskonar \u00e1hrif \u00fea\u00f0 hefur \u00e1 l\u00edf f\u00f3lks a\u00f0 vera \u00e1saka\u00f0 um alvarlega gl\u00e6pi og m\u00e9r finnst \u00feetta f\u00e1r\u00e1nlega m\u00e1l ekki svo \u00e1hugavert a\u00f0 r\u00e9ttl\u00e6tanlegt s\u00e9 a\u00f0 halda n\u00edu manns og fj\u00f6lskyldum \u00feeirra \u00ed f\u00e9lagslegri g\u00edslingu vegna \u00feess.<\/p>\n\n\n\n<p>M\u00e1laferli taka oft langan t\u00edma og \u00fea\u00f0 er ekkert l\u00f6gm\u00e1l a\u00f0 r\u00e9ttl\u00e6ti\u00f0 sigri. \u00de\u00f3tt flestir telji s\u00fdknud\u00f3m e\u00f0lilegastan, skulum vi\u00f0 ekki gleyma \u00fev\u00ed a\u00f0 r\u00e9ttarmor\u00f0 hafa veri\u00f0 framin \u00e1 \u00cdslandi. \u00dea\u00f0 \u00feekktasta er 16 \u00e1ra fangelsisd\u00f3mur yfir m\u00f6nnum sem sakfelldir voru fyrir mor\u00f0i\u00f0 \u00e1 Geirfinni Einarssyni, sem enn \u00ed dag er ekki einu sinni fullv\u00edst a\u00f0 s\u00e9 l\u00e1tinn. \u00de\u00f3tt \u00feessi m\u00e1l s\u00e9u \u00f3l\u00edk, sannar Geirfinnsm\u00e1li\u00f0 a\u00f0 \u00e1 \u00cdslandi getur \u00fea\u00f0 gerst a\u00f0 f\u00f3lk s\u00e9 d\u00e6mt til refsingar af p\u00f3lit\u00edskum \u00e1st\u00e6\u00f0um, fremur en \u00e1 grundvelli sannana. \u00dea\u00f0 var \u00fe\u00e1verandi d\u00f3msm\u00e1lar\u00e1\u00f0herra sem kraf\u00f0ist \u00feess a\u00f0 einhver yr\u00f0i sakfelldur vegna Geirfinnsm\u00e1lsins. \u00cd dag er \u00fea\u00f0 \u00c1sta Ragnhei\u00f0ur J\u00f3hannesd\u00f3ttir sem hefur \u00e1kve\u00f0i\u00f0 a\u00f0 einhver, bara einhver, skuli s\u00f3ttur til saka fyrir uppreisnina sem \u00e1tti s\u00e9r sta\u00f0 \u00e1 \u00cdslandi \u00ed kj\u00f6lfar efnahagshrunins. Miki\u00f0 er vald stj\u00f3rnm\u00e1lamanna og hugsanlega g\u00e6ti fari\u00f0 svo a\u00f0 n\u00edmenningarnir neyddust til a\u00f0 leita r\u00e9ttar s\u00edns fyrir al\u00fej\u00f3\u00f0ad\u00f3mst\u00f3lum. \u00dea\u00f0 g\u00e6ti teki\u00f0 nokkur \u00e1r til vi\u00f0b\u00f3tar.<\/p>\n\n\n\n<h2 class=\"wp-block-heading\"><strong>\u00c1k\u00e6ra \u00e1n fulln\u00e6gjandi \u00e1st\u00e6\u00f0u br\u00fdtur \u00ed b\u00e1ga vi\u00f0 mann\u00fa\u00f0arsj\u00f3narmi\u00f0<\/strong><\/h2>\n\n\n\n<p>29. grein stj\u00f3rnarskr\u00e1rinnar, s\u00fa sem heimilar st\u00f6\u00f0vun m\u00e1ls\u00f3knar, var ekki sett inn \u00ed hana \u00ed hugsunarleysi. \u00deessi grein er til, vegna \u00feess a\u00f0 \u00e1k\u00e6ruvaldi\u00f0 getur fari\u00f0 offari og \u00fea\u00f0 er \u00f3l\u00ed\u00f0andi \u00ed r\u00e9ttarr\u00edki a\u00f0 f\u00f3lk \u00feurfi a\u00f0 svara fyrir afbrot sem auglj\u00f3st er a\u00f0 ekki var frami\u00f0. N\u00edu manneskjur standa n\u00fa \u00ed \u00feeim sporum a\u00f0 vera saka\u00f0ar um gl\u00e6p sem l\u00f6ggjafinn l\u00edtur jafn alvarlegum augum og mor\u00f0. \u00c1hrifin \u00e1 l\u00edf \u00feessa f\u00f3lks felast ekki fyrst og fremst \u00ed \u00fev\u00ed a\u00f0 \u00feau \u00feurfi af og til a\u00f0 taka s\u00e9r fr\u00ed fr\u00e1 vinnu til a\u00f0 m\u00e6ta fyrir r\u00e9tti, heldur merkir \u00feetta a\u00f0 \u00e1 me\u00f0an m\u00e1li\u00f0 velkist \u00ed d\u00f3mskerfinu er \u00feeim og fj\u00f6lskyldum \u00feeirra haldi\u00f0 \u00ed bi\u00f0st\u00f6\u00f0u sem ekki s\u00e9r fyrir endann \u00e1. \u00deau eru \u00ed raun svipt t\u00e6kif\u00e6rum til a\u00f0 taka nokkra afdrifar\u00edka \u00e1kv\u00f6r\u00f0un.<\/p>\n\n\n\n<p>A\u00f0 \u00e1k\u00e6ra f\u00f3lk fyrir gl\u00e6p sem ekki var framinn, br\u00fdtur \u00ed b\u00e1ga vi\u00f0 allar almennar hugmyndir um mann\u00fa\u00f0 og r\u00e9ttl\u00e6ti. \u00dea\u00f0 er \u00feessvegna sem mannr\u00e9ttindar\u00e1\u00f0herra \u00e1 a\u00f0 taka \u00ed taumana. \u00c9g vona a\u00f0 s\u00e1 \u00e1g\u00e6ti ma\u00f0ur \u00d6gmundur J\u00f3nasson, sem sj\u00e1lfur hefur l\u00fdst \u00fev\u00ed yfir a\u00f0 hann taki afst\u00f6\u00f0u me\u00f0 \u00feeim sem \u00f3r\u00e9tti eru beittir, ver\u00f0i vi\u00f0 \u00feeirri \u00e1skorun. Jafnframt hvet \u00e9g \u00fe\u00e1 sem enn hafa ekki skrifa\u00f0 undir \u00e1skorunina til a\u00f0 gera \u00fea\u00f0 hi\u00f0 snarasta.<\/p>\n\n\n\n<p>Sl\u00f3\u00f0in er:&nbsp;<a href=\"https:\/\/www.ipetitions.com\/petition\/nimenningamalid\/\">https:\/\/www.ipetitions.com\/petition\/nimenningamalid\/<\/a><\/p>\n","protected":false},"excerpt":{"rendered":"<p>Hven\u00e6r er r\u00e9tti t\u00edminn til a\u00f0 taka \u00e1kv\u00f6r\u00f0un? R\u00e9tti t\u00edminn til a\u00f0 hefja n\u00e1m. Kaupa \u00edb\u00fa\u00f0. Fara \u00ed sj\u00e1lfbo\u00f0astarf \u00e1 jar\u00f0skj\u00e1lftasv\u00e6\u00f0i. Stofna fyrirt\u00e6ki. S\u00e6kja um n\u00fdtt starf. Eignast barn. Flytja til K\u00edna. Bj\u00f3\u00f0a sig fram til forsetaemb\u00e6ttis. \u00cd flestum tilvikum er r\u00e9tti t\u00edminn \u00feegar ma\u00f0ur sj\u00e1lfur er tilb\u00fainn til \u00feess og hefur efni \u00e1 \u00fev\u00ed. [&hellip;]<\/p>\n","protected":false},"author":7,"featured_media":3048,"comment_status":"closed","ping_status":"open","sticky":false,"template":"","format":"standard","meta":{"_et_pb_use_builder":"","_et_pb_old_content":"","_et_gb_content_width":"","footnotes":""},"categories":[201,197],"tags":[515,590,589],"class_list":["post-3047","post","type-post","status-publish","format-standard","has-post-thumbnail","hentry","category-andof-yfirvald","category-vald-velferd","tag-nimenningamalid","tag-radherravald","tag-valdaran","et-has-post-format-content","et_post_format-et-post-format-standard"],"yoast_head":"<!-- This site is optimized with the Yoast SEO plugin v27.5 - https:\/\/yoast.com\/product\/yoast-seo-wordpress\/ -->\n<title>Hven\u00e6r \u00e1 r\u00e1\u00f0herra a\u00f0 beita valdi s\u00ednu? - Eva Hauksd\u00f3ttir<\/title>\n<meta name=\"robots\" content=\"index, follow, max-snippet:-1, max-image-preview:large, max-video-preview:-1\" \/>\n<link rel=\"canonical\" href=\"https:\/\/www.norn.is\/eva\/2010\/12\/17\/hvenaer-a-radherra-ad-beita-valdi-sinu\/\" \/>\n<meta property=\"og:locale\" content=\"is_IS\" \/>\n<meta property=\"og:type\" content=\"article\" \/>\n<meta property=\"og:title\" content=\"Hven\u00e6r \u00e1 r\u00e1\u00f0herra a\u00f0 beita valdi s\u00ednu? - Eva Hauksd\u00f3ttir\" \/>\n<meta property=\"og:description\" content=\"Hven\u00e6r er r\u00e9tti t\u00edminn til a\u00f0 taka \u00e1kv\u00f6r\u00f0un? R\u00e9tti t\u00edminn til a\u00f0 hefja n\u00e1m. Kaupa \u00edb\u00fa\u00f0. Fara \u00ed sj\u00e1lfbo\u00f0astarf \u00e1 jar\u00f0skj\u00e1lftasv\u00e6\u00f0i. Stofna fyrirt\u00e6ki. S\u00e6kja um n\u00fdtt starf. Eignast barn. Flytja til K\u00edna. Bj\u00f3\u00f0a sig fram til forsetaemb\u00e6ttis. \u00cd flestum tilvikum er r\u00e9tti t\u00edminn \u00feegar ma\u00f0ur sj\u00e1lfur er tilb\u00fainn til \u00feess og hefur efni \u00e1 \u00fev\u00ed. [&hellip;]\" \/>\n<meta property=\"og:url\" content=\"https:\/\/www.norn.is\/eva\/2010\/12\/17\/hvenaer-a-radherra-ad-beita-valdi-sinu\/\" \/>\n<meta property=\"og:site_name\" content=\"Eva Hauksd\u00f3ttir\" \/>\n<meta property=\"article:published_time\" content=\"2010-12-17T11:20:16+00:00\" \/>\n<meta property=\"article:modified_time\" content=\"2021-03-28T06:57:42+00:00\" \/>\n<meta property=\"og:image\" content=\"https:\/\/www.norn.is\/eva\/wp-content\/uploads\/sites\/36\/2020\/08\/niumenningarnir-768x686-1.jpg\" \/>\n\t<meta property=\"og:image:width\" content=\"768\" \/>\n\t<meta property=\"og:image:height\" content=\"686\" \/>\n\t<meta property=\"og:image:type\" content=\"image\/jpeg\" \/>\n<meta name=\"author\" content=\"Eva Hauksd\u00f3ttir\" \/>\n<meta name=\"twitter:card\" content=\"summary_large_image\" \/>\n<meta name=\"twitter:label1\" content=\"Written by\" \/>\n\t<meta name=\"twitter:data1\" content=\"\" \/>\n\t<meta name=\"twitter:label2\" content=\"Est. reading time\" \/>\n\t<meta name=\"twitter:data2\" content=\"6 minutes\" \/>\n<script type=\"application\/ld+json\" class=\"yoast-schema-graph\">{\"@context\":\"https:\\\/\\\/schema.org\",\"@graph\":[{\"@type\":\"Article\",\"@id\":\"https:\\\/\\\/www.norn.is\\\/eva\\\/2010\\\/12\\\/17\\\/hvenaer-a-radherra-ad-beita-valdi-sinu\\\/#article\",\"isPartOf\":{\"@id\":\"https:\\\/\\\/www.norn.is\\\/eva\\\/2010\\\/12\\\/17\\\/hvenaer-a-radherra-ad-beita-valdi-sinu\\\/\"},\"author\":{\"name\":\"Eva Hauksd\u00f3ttir\",\"@id\":\"https:\\\/\\\/www.norn.is\\\/eva\\\/#\\\/schema\\\/person\\\/1d9742389918a297671033a2b53d3d34\"},\"headline\":\"Hven\u00e6r \u00e1 r\u00e1\u00f0herra a\u00f0 beita valdi s\u00ednu?\",\"datePublished\":\"2010-12-17T11:20:16+00:00\",\"dateModified\":\"2021-03-28T06:57:42+00:00\",\"mainEntityOfPage\":{\"@id\":\"https:\\\/\\\/www.norn.is\\\/eva\\\/2010\\\/12\\\/17\\\/hvenaer-a-radherra-ad-beita-valdi-sinu\\\/\"},\"wordCount\":1112,\"image\":{\"@id\":\"https:\\\/\\\/www.norn.is\\\/eva\\\/2010\\\/12\\\/17\\\/hvenaer-a-radherra-ad-beita-valdi-sinu\\\/#primaryimage\"},\"thumbnailUrl\":\"https:\\\/\\\/www.norn.is\\\/eva\\\/wp-content\\\/uploads\\\/sites\\\/36\\\/2020\\\/08\\\/niumenningarnir-768x686-1.jpg\",\"keywords\":[\"n\u00edmenningam\u00e1li\u00f0\",\"r\u00e1\u00f0herravald\",\"valdar\u00e1n\"],\"articleSection\":[\"And\u00f3f &amp; yfirvald\",\"Vald &amp; velfer\u00f0\"],\"inLanguage\":\"is\"},{\"@type\":\"WebPage\",\"@id\":\"https:\\\/\\\/www.norn.is\\\/eva\\\/2010\\\/12\\\/17\\\/hvenaer-a-radherra-ad-beita-valdi-sinu\\\/\",\"url\":\"https:\\\/\\\/www.norn.is\\\/eva\\\/2010\\\/12\\\/17\\\/hvenaer-a-radherra-ad-beita-valdi-sinu\\\/\",\"name\":\"Hven\u00e6r \u00e1 r\u00e1\u00f0herra a\u00f0 beita valdi s\u00ednu? - Eva Hauksd\u00f3ttir\",\"isPartOf\":{\"@id\":\"https:\\\/\\\/www.norn.is\\\/eva\\\/#website\"},\"primaryImageOfPage\":{\"@id\":\"https:\\\/\\\/www.norn.is\\\/eva\\\/2010\\\/12\\\/17\\\/hvenaer-a-radherra-ad-beita-valdi-sinu\\\/#primaryimage\"},\"image\":{\"@id\":\"https:\\\/\\\/www.norn.is\\\/eva\\\/2010\\\/12\\\/17\\\/hvenaer-a-radherra-ad-beita-valdi-sinu\\\/#primaryimage\"},\"thumbnailUrl\":\"https:\\\/\\\/www.norn.is\\\/eva\\\/wp-content\\\/uploads\\\/sites\\\/36\\\/2020\\\/08\\\/niumenningarnir-768x686-1.jpg\",\"datePublished\":\"2010-12-17T11:20:16+00:00\",\"dateModified\":\"2021-03-28T06:57:42+00:00\",\"author\":{\"@id\":\"https:\\\/\\\/www.norn.is\\\/eva\\\/#\\\/schema\\\/person\\\/1d9742389918a297671033a2b53d3d34\"},\"breadcrumb\":{\"@id\":\"https:\\\/\\\/www.norn.is\\\/eva\\\/2010\\\/12\\\/17\\\/hvenaer-a-radherra-ad-beita-valdi-sinu\\\/#breadcrumb\"},\"inLanguage\":\"is\",\"potentialAction\":[{\"@type\":\"ReadAction\",\"target\":[\"https:\\\/\\\/www.norn.is\\\/eva\\\/2010\\\/12\\\/17\\\/hvenaer-a-radherra-ad-beita-valdi-sinu\\\/\"]}]},{\"@type\":\"ImageObject\",\"inLanguage\":\"is\",\"@id\":\"https:\\\/\\\/www.norn.is\\\/eva\\\/2010\\\/12\\\/17\\\/hvenaer-a-radherra-ad-beita-valdi-sinu\\\/#primaryimage\",\"url\":\"https:\\\/\\\/www.norn.is\\\/eva\\\/wp-content\\\/uploads\\\/sites\\\/36\\\/2020\\\/08\\\/niumenningarnir-768x686-1.jpg\",\"contentUrl\":\"https:\\\/\\\/www.norn.is\\\/eva\\\/wp-content\\\/uploads\\\/sites\\\/36\\\/2020\\\/08\\\/niumenningarnir-768x686-1.jpg\",\"width\":768,\"height\":686},{\"@type\":\"BreadcrumbList\",\"@id\":\"https:\\\/\\\/www.norn.is\\\/eva\\\/2010\\\/12\\\/17\\\/hvenaer-a-radherra-ad-beita-valdi-sinu\\\/#breadcrumb\",\"itemListElement\":[{\"@type\":\"ListItem\",\"position\":1,\"name\":\"Home\",\"item\":\"https:\\\/\\\/www.norn.is\\\/eva\\\/\"},{\"@type\":\"ListItem\",\"position\":2,\"name\":\"Hven\u00e6r \u00e1 r\u00e1\u00f0herra a\u00f0 beita valdi s\u00ednu?\"}]},{\"@type\":\"WebSite\",\"@id\":\"https:\\\/\\\/www.norn.is\\\/eva\\\/#website\",\"url\":\"https:\\\/\\\/www.norn.is\\\/eva\\\/\",\"name\":\"Eva Hauksd\u00f3ttir\",\"description\":\"Evu blogg\",\"potentialAction\":[{\"@type\":\"SearchAction\",\"target\":{\"@type\":\"EntryPoint\",\"urlTemplate\":\"https:\\\/\\\/www.norn.is\\\/eva\\\/?s={search_term_string}\"},\"query-input\":{\"@type\":\"PropertyValueSpecification\",\"valueRequired\":true,\"valueName\":\"search_term_string\"}}],\"inLanguage\":\"is\"},{\"@type\":\"Person\",\"@id\":\"https:\\\/\\\/www.norn.is\\\/eva\\\/#\\\/schema\\\/person\\\/1d9742389918a297671033a2b53d3d34\",\"name\":\"Eva Hauksd\u00f3ttir\",\"image\":{\"@type\":\"ImageObject\",\"inLanguage\":\"is\",\"@id\":\"https:\\\/\\\/secure.gravatar.com\\\/avatar\\\/3690cd9ff7436a8a5d80acdc8fcb1046fbb9e002d4b532c85080d1bcbede84ce?s=96&d=mm&r=g\",\"url\":\"https:\\\/\\\/secure.gravatar.com\\\/avatar\\\/3690cd9ff7436a8a5d80acdc8fcb1046fbb9e002d4b532c85080d1bcbede84ce?s=96&d=mm&r=g\",\"contentUrl\":\"https:\\\/\\\/secure.gravatar.com\\\/avatar\\\/3690cd9ff7436a8a5d80acdc8fcb1046fbb9e002d4b532c85080d1bcbede84ce?s=96&d=mm&r=g\",\"caption\":\"Eva Hauksd\u00f3ttir\"},\"url\":\"https:\\\/\\\/www.norn.is\\\/eva\\\/author\\\/evahauks\\\/\"}]}<\/script>\n<!-- \/ Yoast SEO plugin. -->","yoast_head_json":{"title":"Hven\u00e6r \u00e1 r\u00e1\u00f0herra a\u00f0 beita valdi s\u00ednu? - Eva Hauksd\u00f3ttir","robots":{"index":"index","follow":"follow","max-snippet":"max-snippet:-1","max-image-preview":"max-image-preview:large","max-video-preview":"max-video-preview:-1"},"canonical":"https:\/\/www.norn.is\/eva\/2010\/12\/17\/hvenaer-a-radherra-ad-beita-valdi-sinu\/","og_locale":"is_IS","og_type":"article","og_title":"Hven\u00e6r \u00e1 r\u00e1\u00f0herra a\u00f0 beita valdi s\u00ednu? - Eva Hauksd\u00f3ttir","og_description":"Hven\u00e6r er r\u00e9tti t\u00edminn til a\u00f0 taka \u00e1kv\u00f6r\u00f0un? R\u00e9tti t\u00edminn til a\u00f0 hefja n\u00e1m. Kaupa \u00edb\u00fa\u00f0. Fara \u00ed sj\u00e1lfbo\u00f0astarf \u00e1 jar\u00f0skj\u00e1lftasv\u00e6\u00f0i. Stofna fyrirt\u00e6ki. S\u00e6kja um n\u00fdtt starf. Eignast barn. Flytja til K\u00edna. Bj\u00f3\u00f0a sig fram til forsetaemb\u00e6ttis. \u00cd flestum tilvikum er r\u00e9tti t\u00edminn \u00feegar ma\u00f0ur sj\u00e1lfur er tilb\u00fainn til \u00feess og hefur efni \u00e1 \u00fev\u00ed. [&hellip;]","og_url":"https:\/\/www.norn.is\/eva\/2010\/12\/17\/hvenaer-a-radherra-ad-beita-valdi-sinu\/","og_site_name":"Eva Hauksd\u00f3ttir","article_published_time":"2010-12-17T11:20:16+00:00","article_modified_time":"2021-03-28T06:57:42+00:00","og_image":[{"width":768,"height":686,"url":"https:\/\/www.norn.is\/eva\/wp-content\/uploads\/sites\/36\/2020\/08\/niumenningarnir-768x686-1.jpg","type":"image\/jpeg"}],"author":"Eva Hauksd\u00f3ttir","twitter_card":"summary_large_image","twitter_misc":{"Written by":false,"Est. reading time":"6 minutes"},"schema":{"@context":"https:\/\/schema.org","@graph":[{"@type":"Article","@id":"https:\/\/www.norn.is\/eva\/2010\/12\/17\/hvenaer-a-radherra-ad-beita-valdi-sinu\/#article","isPartOf":{"@id":"https:\/\/www.norn.is\/eva\/2010\/12\/17\/hvenaer-a-radherra-ad-beita-valdi-sinu\/"},"author":{"name":"Eva Hauksd\u00f3ttir","@id":"https:\/\/www.norn.is\/eva\/#\/schema\/person\/1d9742389918a297671033a2b53d3d34"},"headline":"Hven\u00e6r \u00e1 r\u00e1\u00f0herra a\u00f0 beita valdi s\u00ednu?","datePublished":"2010-12-17T11:20:16+00:00","dateModified":"2021-03-28T06:57:42+00:00","mainEntityOfPage":{"@id":"https:\/\/www.norn.is\/eva\/2010\/12\/17\/hvenaer-a-radherra-ad-beita-valdi-sinu\/"},"wordCount":1112,"image":{"@id":"https:\/\/www.norn.is\/eva\/2010\/12\/17\/hvenaer-a-radherra-ad-beita-valdi-sinu\/#primaryimage"},"thumbnailUrl":"https:\/\/www.norn.is\/eva\/wp-content\/uploads\/sites\/36\/2020\/08\/niumenningarnir-768x686-1.jpg","keywords":["n\u00edmenningam\u00e1li\u00f0","r\u00e1\u00f0herravald","valdar\u00e1n"],"articleSection":["And\u00f3f &amp; yfirvald","Vald &amp; velfer\u00f0"],"inLanguage":"is"},{"@type":"WebPage","@id":"https:\/\/www.norn.is\/eva\/2010\/12\/17\/hvenaer-a-radherra-ad-beita-valdi-sinu\/","url":"https:\/\/www.norn.is\/eva\/2010\/12\/17\/hvenaer-a-radherra-ad-beita-valdi-sinu\/","name":"Hven\u00e6r \u00e1 r\u00e1\u00f0herra a\u00f0 beita valdi s\u00ednu? - Eva Hauksd\u00f3ttir","isPartOf":{"@id":"https:\/\/www.norn.is\/eva\/#website"},"primaryImageOfPage":{"@id":"https:\/\/www.norn.is\/eva\/2010\/12\/17\/hvenaer-a-radherra-ad-beita-valdi-sinu\/#primaryimage"},"image":{"@id":"https:\/\/www.norn.is\/eva\/2010\/12\/17\/hvenaer-a-radherra-ad-beita-valdi-sinu\/#primaryimage"},"thumbnailUrl":"https:\/\/www.norn.is\/eva\/wp-content\/uploads\/sites\/36\/2020\/08\/niumenningarnir-768x686-1.jpg","datePublished":"2010-12-17T11:20:16+00:00","dateModified":"2021-03-28T06:57:42+00:00","author":{"@id":"https:\/\/www.norn.is\/eva\/#\/schema\/person\/1d9742389918a297671033a2b53d3d34"},"breadcrumb":{"@id":"https:\/\/www.norn.is\/eva\/2010\/12\/17\/hvenaer-a-radherra-ad-beita-valdi-sinu\/#breadcrumb"},"inLanguage":"is","potentialAction":[{"@type":"ReadAction","target":["https:\/\/www.norn.is\/eva\/2010\/12\/17\/hvenaer-a-radherra-ad-beita-valdi-sinu\/"]}]},{"@type":"ImageObject","inLanguage":"is","@id":"https:\/\/www.norn.is\/eva\/2010\/12\/17\/hvenaer-a-radherra-ad-beita-valdi-sinu\/#primaryimage","url":"https:\/\/www.norn.is\/eva\/wp-content\/uploads\/sites\/36\/2020\/08\/niumenningarnir-768x686-1.jpg","contentUrl":"https:\/\/www.norn.is\/eva\/wp-content\/uploads\/sites\/36\/2020\/08\/niumenningarnir-768x686-1.jpg","width":768,"height":686},{"@type":"BreadcrumbList","@id":"https:\/\/www.norn.is\/eva\/2010\/12\/17\/hvenaer-a-radherra-ad-beita-valdi-sinu\/#breadcrumb","itemListElement":[{"@type":"ListItem","position":1,"name":"Home","item":"https:\/\/www.norn.is\/eva\/"},{"@type":"ListItem","position":2,"name":"Hven\u00e6r \u00e1 r\u00e1\u00f0herra a\u00f0 beita valdi s\u00ednu?"}]},{"@type":"WebSite","@id":"https:\/\/www.norn.is\/eva\/#website","url":"https:\/\/www.norn.is\/eva\/","name":"Eva Hauksd\u00f3ttir","description":"Evu blogg","potentialAction":[{"@type":"SearchAction","target":{"@type":"EntryPoint","urlTemplate":"https:\/\/www.norn.is\/eva\/?s={search_term_string}"},"query-input":{"@type":"PropertyValueSpecification","valueRequired":true,"valueName":"search_term_string"}}],"inLanguage":"is"},{"@type":"Person","@id":"https:\/\/www.norn.is\/eva\/#\/schema\/person\/1d9742389918a297671033a2b53d3d34","name":"Eva Hauksd\u00f3ttir","image":{"@type":"ImageObject","inLanguage":"is","@id":"https:\/\/secure.gravatar.com\/avatar\/3690cd9ff7436a8a5d80acdc8fcb1046fbb9e002d4b532c85080d1bcbede84ce?s=96&d=mm&r=g","url":"https:\/\/secure.gravatar.com\/avatar\/3690cd9ff7436a8a5d80acdc8fcb1046fbb9e002d4b532c85080d1bcbede84ce?s=96&d=mm&r=g","contentUrl":"https:\/\/secure.gravatar.com\/avatar\/3690cd9ff7436a8a5d80acdc8fcb1046fbb9e002d4b532c85080d1bcbede84ce?s=96&d=mm&r=g","caption":"Eva Hauksd\u00f3ttir"},"url":"https:\/\/www.norn.is\/eva\/author\/evahauks\/"}]}},"_links":{"self":[{"href":"https:\/\/www.norn.is\/eva\/wp-json\/wp\/v2\/posts\/3047","targetHints":{"allow":["GET"]}}],"collection":[{"href":"https:\/\/www.norn.is\/eva\/wp-json\/wp\/v2\/posts"}],"about":[{"href":"https:\/\/www.norn.is\/eva\/wp-json\/wp\/v2\/types\/post"}],"author":[{"embeddable":true,"href":"https:\/\/www.norn.is\/eva\/wp-json\/wp\/v2\/users\/7"}],"replies":[{"embeddable":true,"href":"https:\/\/www.norn.is\/eva\/wp-json\/wp\/v2\/comments?post=3047"}],"version-history":[{"count":2,"href":"https:\/\/www.norn.is\/eva\/wp-json\/wp\/v2\/posts\/3047\/revisions"}],"predecessor-version":[{"id":3050,"href":"https:\/\/www.norn.is\/eva\/wp-json\/wp\/v2\/posts\/3047\/revisions\/3050"}],"wp:featuredmedia":[{"embeddable":true,"href":"https:\/\/www.norn.is\/eva\/wp-json\/wp\/v2\/media\/3048"}],"wp:attachment":[{"href":"https:\/\/www.norn.is\/eva\/wp-json\/wp\/v2\/media?parent=3047"}],"wp:term":[{"taxonomy":"category","embeddable":true,"href":"https:\/\/www.norn.is\/eva\/wp-json\/wp\/v2\/categories?post=3047"},{"taxonomy":"post_tag","embeddable":true,"href":"https:\/\/www.norn.is\/eva\/wp-json\/wp\/v2\/tags?post=3047"}],"curies":[{"name":"wp","href":"https:\/\/api.w.org\/{rel}","templated":true}]}}